{"id":208100,"date":"2015-08-05T22:06:54","date_gmt":"2015-08-05T21:06:54","guid":{"rendered":"http:\/\/www.pressenza.com\/?p=208100"},"modified":"2015-08-06T00:58:11","modified_gmt":"2015-08-05T23:58:11","slug":"discrimination-les-handicapes-sans-voie-ni-voix-au-cameroun","status":"publish","type":"post","link":"https:\/\/www.pressenza.com\/fr\/2015\/08\/discrimination-les-handicapes-sans-voie-ni-voix-au-cameroun\/","title":{"rendered":"Discrimination\u00a0: Les handicap\u00e9s sans voie ni voix au Cameroun"},"content":{"rendered":"<p>On ne le dira jamais assez, les personnes atteintes d\u2019un handicap moteur ou d\u2019une d\u00e9ficience physique ont des possibilit\u00e9s limit\u00e9es pour se d\u00e9placer, ex\u00e9cuter des t\u00e2ches manuelles ou participer \u00e0 certaines activit\u00e9s. Ces alt\u00e9rations affectent profond\u00e9ment leur capacit\u00e9 \u00e0 acc\u00e9der aux locaux\u00a0des \u00e9difices publics, \u00e0 monter dans un bus de transport ou encore \u00e0 circuler sur la route. \u00a0La loi camerounaise du 21 juillet 1983, relative \u00e0 la protection des personnes handicap\u00e9es, propose une d\u00e9finition de la personne handicap\u00e9e comme \u00e9tant \u00abtoute personne frapp\u00e9e d\u2019une d\u00e9ficience physique ou mentale, cong\u00e9nitale ou accidentelle et qui \u00e9prouve des difficult\u00e9s \u00e0 s\u2019acquitter des fonctions normales, r\u00e9serv\u00e9es aux personnes valides \u00bb. D\u2019apr\u00e8s les Nations Unies environ 10 pour cent de la population mondiale, soit 650 millions de personnes, vivent avec un handicap. Ils constituent la plus large minorit\u00e9 au monde.<\/p>\n<p>Il ne fait aucun doute que les probl\u00e9matiques du handicap doivent \u00eatre prises en compte par la soci\u00e9t\u00e9, et que la personne handicap\u00e9e doit y trouver sa place comme tout autre citoyen. La d\u00e9claration universelle\u00a0 des droits de l\u2019homme a le m\u00e9rite d\u2019avoir impuls\u00e9 une dynamique de consid\u00e9ration de la valeur humaine \u00e0 savoir que \u00ab tous les \u00eatres humains naissent libres et \u00e9gaux en dignit\u00e9 et en droits. Ils sont dou\u00e9s de raison et de conscience et doivent agir les uns envers les autres dans un esprit de fraternit\u00e9\u00a0\u00bb. Mais pour satisfaire cette ambition d\u2019\u00e9galit\u00e9 de tous, en droit et en chances, il est important pour la soci\u00e9t\u00e9 de changer le regard qu\u2019elle porte sur les personnes souffrant d\u2019un quelconque handicap.<\/p>\n<p>L\u2019absence d&rsquo;\u00e9difices, de routes, de bus de transport accessibles aux handicap\u00e9s moteurs t\u00e9moigne de ce que la souffrance de ces personnes n\u2019atteint pas toujours le c\u0153ur des ceux en\u00a0charge d\u2019impulser le d\u00e9veloppement de donner la joie de vivre aux populations. S&rsquo;il semble aujourd\u2019hui utopique d\u2019imaginer que tous les\u00a0logements construits soient accessibles \u00e0 toute forme de handicap, on peut par contre esp\u00e9rer\u00a0que les am\u00e9nagements permettant l\u2019acc\u00e8s aux personnes \u00e0 mobilit\u00e9 r\u00e9duite soient syst\u00e9matiquement pr\u00e9vus.<\/p>\n<p>L\u2019association <em>Vaincre le Handicap<\/em> reconna\u00eet que, comme les personnes valides, les personnes handicap\u00e9es qui sont des citoyens camerounais disposent des droits \u00e9gaux pr\u00e9vus dans la constitution du pays. Il s\u2019agit du droit de vote et du droit de participer aux affaires politiques. On oublie souvent que\u00a0les dispositions pratiques ne sont pas toujours prises pour permettre \u00e0 la personne handicap\u00e9e d&rsquo;exercer ses droits.\u00a0C\u2019est le cas pendant les \u00e9lections o\u00f9 les bureaux de vote ne sont pas toujours adapt\u00e9s au vote des personnes aveugles. Pourtant, environ deux millions d\u2019habitants, soit une personne sur dix, souffrent d\u2019un handicap au Cameroun. La plupart d\u2019entre eux b\u00e9n\u00e9ficient d\u2019une scolarisation \u00a0ad\u00e9quate. L\u2019\u00e9cole sp\u00e9cialis\u00e9e pour enfants d\u00e9ficients auditifs (ESADA) cr\u00e9\u00e9e en 1972 \u00e0 Yaound\u00e9 accueille les enfants d\u00e8s la maternelle et comporte un cycle primaire complet jusqu\u2019en 6\u00e8me, ainsi qu\u2019une section artisanale.<\/p>\n<p>Si l&rsquo;acc\u00e8s des handicap\u00e9s \u00e0 l&rsquo;\u00e9ducation est donc bien une r\u00e9alit\u00e9 au Cameroun, le chemin \u00e0 parcourir pour permettre\u00a0leur int\u00e9gration dans la soci\u00e9t\u00e9 est loin d&rsquo;\u00eatre termin\u00e9. Faciliter leur mobilit\u00e9\u00a0et leur permettre d&rsquo;exercer leurs droits civiques sont sans aucun doute des objectifs prioritaires.<\/p>\n<p>&nbsp;<\/p>\n<p>&nbsp;<\/p>\n<p>&nbsp;<\/p>\n","protected":false},"excerpt":{"rendered":"<p>On ne le dira jamais assez, les personnes atteintes d\u2019un handicap moteur ou d\u2019une d\u00e9ficience physique ont des possibilit\u00e9s limit\u00e9es pour se d\u00e9placer, ex\u00e9cuter des t\u00e2ches manuelles ou participer \u00e0 certaines activit\u00e9s. Ces alt\u00e9rations affectent profond\u00e9ment leur capacit\u00e9 \u00e0 acc\u00e9der&hellip;<\/p>\n","protected":false},"author":248,"featured_media":208101,"comment_status":"closed","ping_status":"open","sticky":false,"template":"","format":"standard","meta":{"footnotes":""},"categories":[83,11386,1247,1245],"tags":[2612,296,18977],"class_list":["post-208100","post","type-post","status-publish","format-standard","has-post-thumbnail","hentry","category-africa-fr","category-contenu-original","category-diversite","category-sante-sujet","tag-cameroun","tag-discrimination","tag-handicapes"],"yoast_head":"<!-- This site is optimized with the Yoast SEO plugin v27.1.1 - https:\/\/yoast.com\/product\/yoast-seo-wordpress\/ -->\n<title>Discrimination\u00a0: Les handicap\u00e9s sans voie ni voix au Cameroun<\/title>\n<meta name=\"description\" content=\"On ne le dira jamais assez, les personnes atteintes d\u2019un handicap moteur ou d\u2019une d\u00e9ficience physique ont des possibilit\u00e9s limit\u00e9es pour se d\u00e9placer,\" \/>\n<meta name=\"robots\" content=\"index, follow, max-snippet:-1, max-image-preview:large, max-video-preview:-1\" \/>\n<link rel=\"canonical\" href=\"https:\/\/www.pressenza.com\/fr\/2015\/08\/discrimination-les-handicapes-sans-voie-ni-voix-au-cameroun\/\" \/>\n<meta property=\"og:locale\" content=\"fr_FR\" \/>\n<meta property=\"og:type\" content=\"article\" \/>\n<meta property=\"og:title\" content=\"Discrimination\u00a0: Les handicap\u00e9s sans voie ni voix au Cameroun\" \/>\n<meta property=\"og:description\" content=\"On ne le dira jamais assez, les personnes atteintes d\u2019un handicap moteur ou d\u2019une d\u00e9ficience physique ont des possibilit\u00e9s limit\u00e9es pour se d\u00e9placer,\" \/>\n<meta property=\"og:url\" content=\"https:\/\/www.pressenza.com\/fr\/2015\/08\/discrimination-les-handicapes-sans-voie-ni-voix-au-cameroun\/\" \/>\n<meta property=\"og:site_name\" content=\"Pressenza\" \/>\n<meta property=\"article:publisher\" content=\"https:\/\/www.facebook.com\/PressenzaItalia\" \/>\n<meta property=\"article:published_time\" content=\"2015-08-05T21:06:54+00:00\" \/>\n<meta property=\"article:modified_time\" content=\"2015-08-05T23:58:11+00:00\" \/>\n<meta property=\"og:image\" content=\"https:\/\/www.pressenza.com\/wp-content\/uploads\/2015\/08\/Discrimination-Les-handicap--s-sans-voie-ni-voix-au-Cameroun.jpg\" \/>\n\t<meta property=\"og:image:width\" content=\"960\" \/>\n\t<meta property=\"og:image:height\" content=\"720\" \/>\n\t<meta property=\"og:image:type\" content=\"image\/jpeg\" \/>\n<meta name=\"author\" content=\"Fran\u00e7ois Tekam\" \/>\n<meta name=\"twitter:card\" content=\"summary_large_image\" \/>\n<meta name=\"twitter:creator\" content=\"@PressenzaIPA\" \/>\n<meta name=\"twitter:site\" content=\"@PressenzaIPA\" \/>\n<meta name=\"twitter:label1\" content=\"\u00c9crit par\" \/>\n\t<meta name=\"twitter:data1\" content=\"Fran\u00e7ois Tekam\" \/>\n\t<meta name=\"twitter:label2\" content=\"Dur\u00e9e de lecture estim\u00e9e\" \/>\n\t<meta name=\"twitter:data2\" content=\"3 minutes\" \/>\n<script type=\"application\/ld+json\" class=\"yoast-schema-graph\">{\"@context\":\"https:\/\/schema.org\",\"@graph\":[{\"@type\":\"Article\",\"@id\":\"https:\/\/www.pressenza.com\/fr\/2015\/08\/discrimination-les-handicapes-sans-voie-ni-voix-au-cameroun\/#article\",\"isPartOf\":{\"@id\":\"https:\/\/www.pressenza.com\/fr\/2015\/08\/discrimination-les-handicapes-sans-voie-ni-voix-au-cameroun\/\"},\"author\":{\"name\":\"Fran\u00e7ois Tekam\",\"@id\":\"https:\/\/www.pressenza.com\/fr\/#\/schema\/person\/9ae9dbeeba564284657be26a9456fbf8\"},\"headline\":\"Discrimination\u00a0: Les handicap\u00e9s sans voie ni voix au Cameroun\",\"datePublished\":\"2015-08-05T21:06:54+00:00\",\"dateModified\":\"2015-08-05T23:58:11+00:00\",\"mainEntityOfPage\":{\"@id\":\"https:\/\/www.pressenza.com\/fr\/2015\/08\/discrimination-les-handicapes-sans-voie-ni-voix-au-cameroun\/\"},\"wordCount\":599,\"publisher\":{\"@id\":\"https:\/\/www.pressenza.com\/fr\/#organization\"},\"image\":{\"@id\":\"https:\/\/www.pressenza.com\/fr\/2015\/08\/discrimination-les-handicapes-sans-voie-ni-voix-au-cameroun\/#primaryimage\"},\"thumbnailUrl\":\"https:\/\/www.pressenza.com\/wp-content\/uploads\/2015\/08\/Discrimination-Les-handicap--s-sans-voie-ni-voix-au-Cameroun.jpg\",\"keywords\":[\"Cameroun\",\"discrimination\",\"handicap\u00e9s\"],\"articleSection\":[\"Afrique\",\"Contenu Original\",\"Diversit\u00e9\",\"Sant\u00e9\"],\"inLanguage\":\"fr-FR\"},{\"@type\":\"WebPage\",\"@id\":\"https:\/\/www.pressenza.com\/fr\/2015\/08\/discrimination-les-handicapes-sans-voie-ni-voix-au-cameroun\/\",\"url\":\"https:\/\/www.pressenza.com\/fr\/2015\/08\/discrimination-les-handicapes-sans-voie-ni-voix-au-cameroun\/\",\"name\":\"Discrimination\u00a0: Les handicap\u00e9s sans voie ni voix au Cameroun\",\"isPartOf\":{\"@id\":\"https:\/\/www.pressenza.com\/fr\/#website\"},\"primaryImageOfPage\":{\"@id\":\"https:\/\/www.pressenza.com\/fr\/2015\/08\/discrimination-les-handicapes-sans-voie-ni-voix-au-cameroun\/#primaryimage\"},\"image\":{\"@id\":\"https:\/\/www.pressenza.com\/fr\/2015\/08\/discrimination-les-handicapes-sans-voie-ni-voix-au-cameroun\/#primaryimage\"},\"thumbnailUrl\":\"https:\/\/www.pressenza.com\/wp-content\/uploads\/2015\/08\/Discrimination-Les-handicap--s-sans-voie-ni-voix-au-Cameroun.jpg\",\"datePublished\":\"2015-08-05T21:06:54+00:00\",\"dateModified\":\"2015-08-05T23:58:11+00:00\",\"description\":\"On ne le dira jamais assez, les personnes atteintes d\u2019un handicap moteur ou d\u2019une d\u00e9ficience physique ont des possibilit\u00e9s limit\u00e9es pour se d\u00e9placer,\",\"breadcrumb\":{\"@id\":\"https:\/\/www.pressenza.com\/fr\/2015\/08\/discrimination-les-handicapes-sans-voie-ni-voix-au-cameroun\/#breadcrumb\"},\"inLanguage\":\"fr-FR\",\"potentialAction\":[{\"@type\":\"ReadAction\",\"target\":[\"https:\/\/www.pressenza.com\/fr\/2015\/08\/discrimination-les-handicapes-sans-voie-ni-voix-au-cameroun\/\"]}]},{\"@type\":\"ImageObject\",\"inLanguage\":\"fr-FR\",\"@id\":\"https:\/\/www.pressenza.com\/fr\/2015\/08\/discrimination-les-handicapes-sans-voie-ni-voix-au-cameroun\/#primaryimage\",\"url\":\"https:\/\/www.pressenza.com\/wp-content\/uploads\/2015\/08\/Discrimination-Les-handicap--s-sans-voie-ni-voix-au-Cameroun.jpg\",\"contentUrl\":\"https:\/\/www.pressenza.com\/wp-content\/uploads\/2015\/08\/Discrimination-Les-handicap--s-sans-voie-ni-voix-au-Cameroun.jpg\",\"width\":960,\"height\":720},{\"@type\":\"BreadcrumbList\",\"@id\":\"https:\/\/www.pressenza.com\/fr\/2015\/08\/discrimination-les-handicapes-sans-voie-ni-voix-au-cameroun\/#breadcrumb\",\"itemListElement\":[{\"@type\":\"ListItem\",\"position\":1,\"name\":\"Accueil\",\"item\":\"https:\/\/www.pressenza.com\/fr\/\"},{\"@type\":\"ListItem\",\"position\":2,\"name\":\"Discrimination\u00a0: Les handicap\u00e9s sans voie ni voix au Cameroun\"}]},{\"@type\":\"WebSite\",\"@id\":\"https:\/\/www.pressenza.com\/fr\/#website\",\"url\":\"https:\/\/www.pressenza.com\/fr\/\",\"name\":\"Pressenza\",\"description\":\"International Press Agency\",\"publisher\":{\"@id\":\"https:\/\/www.pressenza.com\/fr\/#organization\"},\"potentialAction\":[{\"@type\":\"SearchAction\",\"target\":{\"@type\":\"EntryPoint\",\"urlTemplate\":\"https:\/\/www.pressenza.com\/fr\/?s={search_term_string}\"},\"query-input\":{\"@type\":\"PropertyValueSpecification\",\"valueRequired\":true,\"valueName\":\"search_term_string\"}}],\"inLanguage\":\"fr-FR\"},{\"@type\":\"Organization\",\"@id\":\"https:\/\/www.pressenza.com\/fr\/#organization\",\"name\":\"Pressenza\",\"url\":\"https:\/\/www.pressenza.com\/fr\/\",\"logo\":{\"@type\":\"ImageObject\",\"inLanguage\":\"fr-FR\",\"@id\":\"https:\/\/www.pressenza.com\/fr\/#\/schema\/logo\/image\/\",\"url\":\"https:\/\/www.pressenza.com\/wp-content\/uploads\/2022\/10\/pressenza_logo_200x200.jpg\",\"contentUrl\":\"https:\/\/www.pressenza.com\/wp-content\/uploads\/2022\/10\/pressenza_logo_200x200.jpg\",\"width\":200,\"height\":200,\"caption\":\"Pressenza\"},\"image\":{\"@id\":\"https:\/\/www.pressenza.com\/fr\/#\/schema\/logo\/image\/\"},\"sameAs\":[\"https:\/\/www.facebook.com\/PressenzaItalia\",\"https:\/\/x.com\/PressenzaIPA\"]},{\"@type\":\"Person\",\"@id\":\"https:\/\/www.pressenza.com\/fr\/#\/schema\/person\/9ae9dbeeba564284657be26a9456fbf8\",\"name\":\"Fran\u00e7ois Tekam\",\"description\":\"Fran\u00e7ois Tekam, n\u00e9 le 18 juin 1971 dans la r\u00e9gion de l\u2019ouest Cameroun, a fait des \u00e9tudes de droit priv\u00e9, droit international de l\u2019environnement. Il a travaill\u00e9 pour plusieurs m\u00e9dias imprim\u00e9s et vit actuellement \u00e0 Yaound\u00e9. Fran\u00e7ois Tekam, born June 18th, 1971, in the west of Cameroon, studied civil law and international environmental law. He has worked for several print media and currently lives in Yaounde.\",\"url\":\"https:\/\/www.pressenza.com\/fr\/author\/francois-tekam\/\"}]}<\/script>\n<!-- \/ Yoast SEO plugin. -->","yoast_head_json":{"title":"Discrimination\u00a0: Les handicap\u00e9s sans voie ni voix au Cameroun","description":"On ne le dira jamais assez, les personnes atteintes d\u2019un handicap moteur ou d\u2019une d\u00e9ficience physique ont des possibilit\u00e9s limit\u00e9es pour se d\u00e9placer,","robots":{"index":"index","follow":"follow","max-snippet":"max-snippet:-1","max-image-preview":"max-image-preview:large","max-video-preview":"max-video-preview:-1"},"canonical":"https:\/\/www.pressenza.com\/fr\/2015\/08\/discrimination-les-handicapes-sans-voie-ni-voix-au-cameroun\/","og_locale":"fr_FR","og_type":"article","og_title":"Discrimination\u00a0: Les handicap\u00e9s sans voie ni voix au Cameroun","og_description":"On ne le dira jamais assez, les personnes atteintes d\u2019un handicap moteur ou d\u2019une d\u00e9ficience physique ont des possibilit\u00e9s limit\u00e9es pour se d\u00e9placer,","og_url":"https:\/\/www.pressenza.com\/fr\/2015\/08\/discrimination-les-handicapes-sans-voie-ni-voix-au-cameroun\/","og_site_name":"Pressenza","article_publisher":"https:\/\/www.facebook.com\/PressenzaItalia","article_published_time":"2015-08-05T21:06:54+00:00","article_modified_time":"2015-08-05T23:58:11+00:00","og_image":[{"width":960,"height":720,"url":"https:\/\/www.pressenza.com\/wp-content\/uploads\/2015\/08\/Discrimination-Les-handicap--s-sans-voie-ni-voix-au-Cameroun.jpg","type":"image\/jpeg"}],"author":"Fran\u00e7ois Tekam","twitter_card":"summary_large_image","twitter_creator":"@PressenzaIPA","twitter_site":"@PressenzaIPA","twitter_misc":{"\u00c9crit par":"Fran\u00e7ois Tekam","Dur\u00e9e de lecture estim\u00e9e":"3 minutes"},"schema":{"@context":"https:\/\/schema.org","@graph":[{"@type":"Article","@id":"https:\/\/www.pressenza.com\/fr\/2015\/08\/discrimination-les-handicapes-sans-voie-ni-voix-au-cameroun\/#article","isPartOf":{"@id":"https:\/\/www.pressenza.com\/fr\/2015\/08\/discrimination-les-handicapes-sans-voie-ni-voix-au-cameroun\/"},"author":{"name":"Fran\u00e7ois Tekam","@id":"https:\/\/www.pressenza.com\/fr\/#\/schema\/person\/9ae9dbeeba564284657be26a9456fbf8"},"headline":"Discrimination\u00a0: Les handicap\u00e9s sans voie ni voix au Cameroun","datePublished":"2015-08-05T21:06:54+00:00","dateModified":"2015-08-05T23:58:11+00:00","mainEntityOfPage":{"@id":"https:\/\/www.pressenza.com\/fr\/2015\/08\/discrimination-les-handicapes-sans-voie-ni-voix-au-cameroun\/"},"wordCount":599,"publisher":{"@id":"https:\/\/www.pressenza.com\/fr\/#organization"},"image":{"@id":"https:\/\/www.pressenza.com\/fr\/2015\/08\/discrimination-les-handicapes-sans-voie-ni-voix-au-cameroun\/#primaryimage"},"thumbnailUrl":"https:\/\/www.pressenza.com\/wp-content\/uploads\/2015\/08\/Discrimination-Les-handicap--s-sans-voie-ni-voix-au-Cameroun.jpg","keywords":["Cameroun","discrimination","handicap\u00e9s"],"articleSection":["Afrique","Contenu Original","Diversit\u00e9","Sant\u00e9"],"inLanguage":"fr-FR"},{"@type":"WebPage","@id":"https:\/\/www.pressenza.com\/fr\/2015\/08\/discrimination-les-handicapes-sans-voie-ni-voix-au-cameroun\/","url":"https:\/\/www.pressenza.com\/fr\/2015\/08\/discrimination-les-handicapes-sans-voie-ni-voix-au-cameroun\/","name":"Discrimination\u00a0: Les handicap\u00e9s sans voie ni voix au Cameroun","isPartOf":{"@id":"https:\/\/www.pressenza.com\/fr\/#website"},"primaryImageOfPage":{"@id":"https:\/\/www.pressenza.com\/fr\/2015\/08\/discrimination-les-handicapes-sans-voie-ni-voix-au-cameroun\/#primaryimage"},"image":{"@id":"https:\/\/www.pressenza.com\/fr\/2015\/08\/discrimination-les-handicapes-sans-voie-ni-voix-au-cameroun\/#primaryimage"},"thumbnailUrl":"https:\/\/www.pressenza.com\/wp-content\/uploads\/2015\/08\/Discrimination-Les-handicap--s-sans-voie-ni-voix-au-Cameroun.jpg","datePublished":"2015-08-05T21:06:54+00:00","dateModified":"2015-08-05T23:58:11+00:00","description":"On ne le dira jamais assez, les personnes atteintes d\u2019un handicap moteur ou d\u2019une d\u00e9ficience physique ont des possibilit\u00e9s limit\u00e9es pour se d\u00e9placer,","breadcrumb":{"@id":"https:\/\/www.pressenza.com\/fr\/2015\/08\/discrimination-les-handicapes-sans-voie-ni-voix-au-cameroun\/#breadcrumb"},"inLanguage":"fr-FR","potentialAction":[{"@type":"ReadAction","target":["https:\/\/www.pressenza.com\/fr\/2015\/08\/discrimination-les-handicapes-sans-voie-ni-voix-au-cameroun\/"]}]},{"@type":"ImageObject","inLanguage":"fr-FR","@id":"https:\/\/www.pressenza.com\/fr\/2015\/08\/discrimination-les-handicapes-sans-voie-ni-voix-au-cameroun\/#primaryimage","url":"https:\/\/www.pressenza.com\/wp-content\/uploads\/2015\/08\/Discrimination-Les-handicap--s-sans-voie-ni-voix-au-Cameroun.jpg","contentUrl":"https:\/\/www.pressenza.com\/wp-content\/uploads\/2015\/08\/Discrimination-Les-handicap--s-sans-voie-ni-voix-au-Cameroun.jpg","width":960,"height":720},{"@type":"BreadcrumbList","@id":"https:\/\/www.pressenza.com\/fr\/2015\/08\/discrimination-les-handicapes-sans-voie-ni-voix-au-cameroun\/#breadcrumb","itemListElement":[{"@type":"ListItem","position":1,"name":"Accueil","item":"https:\/\/www.pressenza.com\/fr\/"},{"@type":"ListItem","position":2,"name":"Discrimination\u00a0: Les handicap\u00e9s sans voie ni voix au Cameroun"}]},{"@type":"WebSite","@id":"https:\/\/www.pressenza.com\/fr\/#website","url":"https:\/\/www.pressenza.com\/fr\/","name":"Pressenza","description":"International Press Agency","publisher":{"@id":"https:\/\/www.pressenza.com\/fr\/#organization"},"potentialAction":[{"@type":"SearchAction","target":{"@type":"EntryPoint","urlTemplate":"https:\/\/www.pressenza.com\/fr\/?s={search_term_string}"},"query-input":{"@type":"PropertyValueSpecification","valueRequired":true,"valueName":"search_term_string"}}],"inLanguage":"fr-FR"},{"@type":"Organization","@id":"https:\/\/www.pressenza.com\/fr\/#organization","name":"Pressenza","url":"https:\/\/www.pressenza.com\/fr\/","logo":{"@type":"ImageObject","inLanguage":"fr-FR","@id":"https:\/\/www.pressenza.com\/fr\/#\/schema\/logo\/image\/","url":"https:\/\/www.pressenza.com\/wp-content\/uploads\/2022\/10\/pressenza_logo_200x200.jpg","contentUrl":"https:\/\/www.pressenza.com\/wp-content\/uploads\/2022\/10\/pressenza_logo_200x200.jpg","width":200,"height":200,"caption":"Pressenza"},"image":{"@id":"https:\/\/www.pressenza.com\/fr\/#\/schema\/logo\/image\/"},"sameAs":["https:\/\/www.facebook.com\/PressenzaItalia","https:\/\/x.com\/PressenzaIPA"]},{"@type":"Person","@id":"https:\/\/www.pressenza.com\/fr\/#\/schema\/person\/9ae9dbeeba564284657be26a9456fbf8","name":"Fran\u00e7ois Tekam","description":"Fran\u00e7ois Tekam, n\u00e9 le 18 juin 1971 dans la r\u00e9gion de l\u2019ouest Cameroun, a fait des \u00e9tudes de droit priv\u00e9, droit international de l\u2019environnement. Il a travaill\u00e9 pour plusieurs m\u00e9dias imprim\u00e9s et vit actuellement \u00e0 Yaound\u00e9. Fran\u00e7ois Tekam, born June 18th, 1971, in the west of Cameroon, studied civil law and international environmental law. He has worked for several print media and currently lives in Yaounde.","url":"https:\/\/www.pressenza.com\/fr\/author\/francois-tekam\/"}]}},"place":"","original_article_url":"","_links":{"self":[{"href":"https:\/\/www.pressenza.com\/fr\/wp-json\/wp\/v2\/posts\/208100","targetHints":{"allow":["GET"]}}],"collection":[{"href":"https:\/\/www.pressenza.com\/fr\/wp-json\/wp\/v2\/posts"}],"about":[{"href":"https:\/\/www.pressenza.com\/fr\/wp-json\/wp\/v2\/types\/post"}],"author":[{"embeddable":true,"href":"https:\/\/www.pressenza.com\/fr\/wp-json\/wp\/v2\/users\/248"}],"replies":[{"embeddable":true,"href":"https:\/\/www.pressenza.com\/fr\/wp-json\/wp\/v2\/comments?post=208100"}],"version-history":[{"count":0,"href":"https:\/\/www.pressenza.com\/fr\/wp-json\/wp\/v2\/posts\/208100\/revisions"}],"wp:featuredmedia":[{"embeddable":true,"href":"https:\/\/www.pressenza.com\/fr\/wp-json\/wp\/v2\/media\/208101"}],"wp:attachment":[{"href":"https:\/\/www.pressenza.com\/fr\/wp-json\/wp\/v2\/media?parent=208100"}],"wp:term":[{"taxonomy":"category","embeddable":true,"href":"https:\/\/www.pressenza.com\/fr\/wp-json\/wp\/v2\/categories?post=208100"},{"taxonomy":"post_tag","embeddable":true,"href":"https:\/\/www.pressenza.com\/fr\/wp-json\/wp\/v2\/tags?post=208100"}],"curies":[{"name":"wp","href":"https:\/\/api.w.org\/{rel}","templated":true}]}}