{"id":205882,"date":"2015-07-27T23:07:15","date_gmt":"2015-07-27T22:07:15","guid":{"rendered":"http:\/\/www.pressenza.com\/?p=205882"},"modified":"2015-07-27T23:34:10","modified_gmt":"2015-07-27T22:34:10","slug":"le-futur-du-developpement-passera-t-il-par-les-territoires","status":"publish","type":"post","link":"https:\/\/www.pressenza.com\/fr\/2015\/07\/le-futur-du-developpement-passera-t-il-par-les-territoires\/","title":{"rendered":"Le futur du d\u00e9veloppement passera-t-il par les territoires\u00a0?"},"content":{"rendered":"<p>Alors que nous vivons dans un monde de plus en plus globalis\u00e9, l\u2019approche territoriale du d\u00e9veloppement rev\u00eat un int\u00e9r\u00eat de plus en plus important. Bien que cette approche soit encore en pleine construction et n\u2019ait pas encore r\u00e9ellement une v\u00e9ritable place dans le discours sur le d\u00e9veloppement, son \u00e9mergence est bien r\u00e9elle.<\/p>\n<p>Cette notion de d\u00e9veloppement territorial est bien souvent m\u00e9connue, m\u00eame pour la plupart des acteurs du d\u00e9veloppement. En effet, certains pensent que les processus de d\u00e9centralisation en cours dans de nombreux pays dans le monde, donnant aux \u00e9lus locaux une plus grande autonomie d\u2019action, permettent aux acteurs du territoire de g\u00e9rer l\u2019\u00e9conomie et le d\u00e9veloppement local\u2026 donc de faire du d\u00e9veloppement territorial. Cette vision simpliste est malheureusement bien trop r\u00e9pandue.<\/p>\n<p>Qu\u2019entend-on alors par \u00ab\u00a0approche territoriale du d\u00e9veloppement\u00a0\u00bb, ou \u00ab\u00a0d\u00e9veloppement territorial\u00a0\u00bb\u00a0? Une simple d\u00e9finition n\u2019existe pas, bien entendu, c\u2019est l\u2019ensemble de mesures, d\u2019actions, de politiques, de coop\u00e9ration entre diff\u00e9rents acteurs d\u2019un m\u00eame territoire qui permet de cr\u00e9er ce qu\u2019on peut appeler une dynamique de d\u00e9veloppement territorial. Pour l\u2019entendre, il semble important de revenir sur la notion m\u00eame de territoire. D\u2019apr\u00e8s l\u2019\u00e9conomiste sp\u00e9cialis\u00e9 dans l\u2019\u00e9conomie et le d\u00e9veloppement territorial Bernard Pecqueur, un territoire est vu comme un concours d\u2019acteurs avec un r\u00e9f\u00e9rent g\u00e9ographique qui identifient et tentent de r\u00e9soudre des probl\u00e8mes ressentis comme communs. On voit alors que la simple d\u00e9centralisation n\u2019est qu\u2019un outil favorisant le d\u00e9veloppement territorial.<\/p>\n<p>Mais quel int\u00e9r\u00eat le d\u00e9veloppement territorial peut-il avoir\u00a0? Dans un monde de plus en plus globalis\u00e9, la notion de d\u00e9veloppement, lors de ces derni\u00e8res d\u00e9cennies, est entr\u00e9e dans une logique n\u00e9olib\u00e9rale o\u00f9 toute alternative semble impossible, ou du moins est rendue impossible, l\u2019exemple r\u00e9cent de la Gr\u00e8ce nous montre bien que si l\u2019on propose une alternative au mod\u00e8le dominant, tout est mis en place pour l\u2019an\u00e9antir. L\u2019approche territoriale du d\u00e9veloppement permet d\u2019avoir une autre vision de celui-ci, de sortir de cette logique n\u00e9olib\u00e9rale pour retrouver une certaine forme de \u00ab\u00a0d\u00e9pendance\u00a0\u00bb locale, ou du moins, de pouvoir faire face localement aux probl\u00e8mes de la mondialisation, il y a une volont\u00e9 de retrouver une certaine proximit\u00e9 territoriale, o\u00f9 les liens et les \u00e9changes, sociaux et \u00e9conomiques, entre diff\u00e9rents acteurs d\u2019un territoire vont s\u2019approfondir, s\u2019intensifier pour devenir durables et assurer une certaine stabilit\u00e9 du territoire face \u00e0 un monde globalis\u00e9. Il ne s\u2019agit pas d\u2019un renfermement sur soi, du territoire sur le monde, mais de faire vivre son territoire et de le prot\u00e9ger des effets n\u00e9fastes de la globalisation, de privil\u00e9gier quand on le peut les circuits courts, l\u2019\u00e9conomie sociale et solidaire, l\u2019\u00e9conomie circulaire, les producteurs locaux et commer\u00e7ants de proximit\u00e9, de favoriser les liens inter-entreprises pour cr\u00e9er une compl\u00e9mentarit\u00e9 entre elles, des Syst\u00e8mes Productifs Locaux etc. L\u00e0 o\u00f9 une alternative \u00e0 l\u2019\u00e9chelle nationale semble tr\u00e8s r\u00e9duite, le territoire doit \u00eatre vu comme une opportunit\u00e9 pour repenser la conception du d\u00e9veloppement. Le d\u00e9veloppement territorial ne peut pas \u00eatre une solution miracle \u00e0 tous les probl\u00e8mes, certes, mais cette approche doit \u00eatre approfondie. Les territoires devront avoir un r\u00f4le important \u00e0 jouer dans le futur pour permettre de repenser la notion de d\u00e9veloppement.<\/p>\n","protected":false},"excerpt":{"rendered":"<p>Alors que nous vivons dans un monde de plus en plus globalis\u00e9, l\u2019approche territoriale du d\u00e9veloppement rev\u00eat un int\u00e9r\u00eat de plus en plus important. Bien que cette approche soit encore en pleine construction et n\u2019ait pas encore r\u00e9ellement une v\u00e9ritable&hellip;<\/p>\n","protected":false},"author":1206,"featured_media":205884,"comment_status":"closed","ping_status":"open","sticky":false,"template":"","format":"standard","meta":{"footnotes":""},"categories":[11386,100,163],"tags":[2682,18801,18800],"class_list":["post-205882","post","type-post","status-publish","format-standard","has-post-thumbnail","hentry","category-contenu-original","category-economie","category-opinion-fr","tag-developpement","tag-developpement-territorial","tag-territoire"],"yoast_head":"<!-- This site is optimized with the Yoast SEO plugin v27.1.1 - https:\/\/yoast.com\/product\/yoast-seo-wordpress\/ -->\n<title>Le futur du d\u00e9veloppement passera-t-il par les territoires\u00a0?<\/title>\n<meta name=\"description\" content=\"Alors que nous vivons dans un monde de plus en plus globalis\u00e9, l\u2019approche territoriale du d\u00e9veloppement rev\u00eat un int\u00e9r\u00eat de plus en plus important. Bien\" \/>\n<meta name=\"robots\" content=\"index, follow, max-snippet:-1, max-image-preview:large, max-video-preview:-1\" \/>\n<link rel=\"canonical\" href=\"https:\/\/www.pressenza.com\/fr\/2015\/07\/le-futur-du-developpement-passera-t-il-par-les-territoires\/\" \/>\n<meta property=\"og:locale\" content=\"fr_FR\" \/>\n<meta property=\"og:type\" content=\"article\" \/>\n<meta property=\"og:title\" content=\"Le futur du d\u00e9veloppement passera-t-il par les territoires\u00a0?\" \/>\n<meta property=\"og:description\" content=\"Alors que nous vivons dans un monde de plus en plus globalis\u00e9, l\u2019approche territoriale du d\u00e9veloppement rev\u00eat un int\u00e9r\u00eat de plus en plus important. Bien\" \/>\n<meta property=\"og:url\" content=\"https:\/\/www.pressenza.com\/fr\/2015\/07\/le-futur-du-developpement-passera-t-il-par-les-territoires\/\" \/>\n<meta property=\"og:site_name\" content=\"Pressenza\" \/>\n<meta property=\"article:publisher\" content=\"https:\/\/www.facebook.com\/PressenzaItalia\" \/>\n<meta property=\"article:published_time\" content=\"2015-07-27T22:07:15+00:00\" \/>\n<meta property=\"article:modified_time\" content=\"2015-07-27T22:34:10+00:00\" \/>\n<meta property=\"og:image\" content=\"https:\/\/www.pressenza.com\/wp-content\/uploads\/2015\/07\/Le-futur-du-d--veloppement-passera-t-il-par-les-territoires.jpg\" \/>\n\t<meta property=\"og:image:width\" content=\"750\" \/>\n\t<meta property=\"og:image:height\" content=\"415\" \/>\n\t<meta property=\"og:image:type\" content=\"image\/jpeg\" \/>\n<meta name=\"author\" content=\"Nicolas Bard Gonzalez\" \/>\n<meta name=\"twitter:card\" content=\"summary_large_image\" \/>\n<meta name=\"twitter:creator\" content=\"@PressenzaIPA\" \/>\n<meta name=\"twitter:site\" content=\"@PressenzaIPA\" \/>\n<meta name=\"twitter:label1\" content=\"\u00c9crit par\" \/>\n\t<meta name=\"twitter:data1\" content=\"Nicolas Bard Gonzalez\" \/>\n\t<meta name=\"twitter:label2\" content=\"Dur\u00e9e de lecture estim\u00e9e\" \/>\n\t<meta name=\"twitter:data2\" content=\"3 minutes\" \/>\n<script type=\"application\/ld+json\" class=\"yoast-schema-graph\">{\"@context\":\"https:\/\/schema.org\",\"@graph\":[{\"@type\":\"Article\",\"@id\":\"https:\/\/www.pressenza.com\/fr\/2015\/07\/le-futur-du-developpement-passera-t-il-par-les-territoires\/#article\",\"isPartOf\":{\"@id\":\"https:\/\/www.pressenza.com\/fr\/2015\/07\/le-futur-du-developpement-passera-t-il-par-les-territoires\/\"},\"author\":{\"name\":\"Nicolas Bard Gonzalez\",\"@id\":\"https:\/\/www.pressenza.com\/fr\/#\/schema\/person\/4c8389967a5667cf8884e829460af5dc\"},\"headline\":\"Le futur du d\u00e9veloppement passera-t-il par les territoires\u00a0?\",\"datePublished\":\"2015-07-27T22:07:15+00:00\",\"dateModified\":\"2015-07-27T22:34:10+00:00\",\"mainEntityOfPage\":{\"@id\":\"https:\/\/www.pressenza.com\/fr\/2015\/07\/le-futur-du-developpement-passera-t-il-par-les-territoires\/\"},\"wordCount\":612,\"publisher\":{\"@id\":\"https:\/\/www.pressenza.com\/fr\/#organization\"},\"image\":{\"@id\":\"https:\/\/www.pressenza.com\/fr\/2015\/07\/le-futur-du-developpement-passera-t-il-par-les-territoires\/#primaryimage\"},\"thumbnailUrl\":\"https:\/\/www.pressenza.com\/wp-content\/uploads\/2015\/07\/Le-futur-du-d--veloppement-passera-t-il-par-les-territoires.jpg\",\"keywords\":[\"d\u00e9veloppement\",\"d\u00e9veloppement territorial\",\"territoire\"],\"articleSection\":[\"Contenu Original\",\"Economie\",\"Opinion\"],\"inLanguage\":\"fr-FR\"},{\"@type\":\"WebPage\",\"@id\":\"https:\/\/www.pressenza.com\/fr\/2015\/07\/le-futur-du-developpement-passera-t-il-par-les-territoires\/\",\"url\":\"https:\/\/www.pressenza.com\/fr\/2015\/07\/le-futur-du-developpement-passera-t-il-par-les-territoires\/\",\"name\":\"Le futur du d\u00e9veloppement passera-t-il par les territoires\u00a0?\",\"isPartOf\":{\"@id\":\"https:\/\/www.pressenza.com\/fr\/#website\"},\"primaryImageOfPage\":{\"@id\":\"https:\/\/www.pressenza.com\/fr\/2015\/07\/le-futur-du-developpement-passera-t-il-par-les-territoires\/#primaryimage\"},\"image\":{\"@id\":\"https:\/\/www.pressenza.com\/fr\/2015\/07\/le-futur-du-developpement-passera-t-il-par-les-territoires\/#primaryimage\"},\"thumbnailUrl\":\"https:\/\/www.pressenza.com\/wp-content\/uploads\/2015\/07\/Le-futur-du-d--veloppement-passera-t-il-par-les-territoires.jpg\",\"datePublished\":\"2015-07-27T22:07:15+00:00\",\"dateModified\":\"2015-07-27T22:34:10+00:00\",\"description\":\"Alors que nous vivons dans un monde de plus en plus globalis\u00e9, l\u2019approche territoriale du d\u00e9veloppement rev\u00eat un int\u00e9r\u00eat de plus en plus important. Bien\",\"breadcrumb\":{\"@id\":\"https:\/\/www.pressenza.com\/fr\/2015\/07\/le-futur-du-developpement-passera-t-il-par-les-territoires\/#breadcrumb\"},\"inLanguage\":\"fr-FR\",\"potentialAction\":[{\"@type\":\"ReadAction\",\"target\":[\"https:\/\/www.pressenza.com\/fr\/2015\/07\/le-futur-du-developpement-passera-t-il-par-les-territoires\/\"]}]},{\"@type\":\"ImageObject\",\"inLanguage\":\"fr-FR\",\"@id\":\"https:\/\/www.pressenza.com\/fr\/2015\/07\/le-futur-du-developpement-passera-t-il-par-les-territoires\/#primaryimage\",\"url\":\"https:\/\/www.pressenza.com\/wp-content\/uploads\/2015\/07\/Le-futur-du-d--veloppement-passera-t-il-par-les-territoires.jpg\",\"contentUrl\":\"https:\/\/www.pressenza.com\/wp-content\/uploads\/2015\/07\/Le-futur-du-d--veloppement-passera-t-il-par-les-territoires.jpg\",\"width\":750,\"height\":415},{\"@type\":\"BreadcrumbList\",\"@id\":\"https:\/\/www.pressenza.com\/fr\/2015\/07\/le-futur-du-developpement-passera-t-il-par-les-territoires\/#breadcrumb\",\"itemListElement\":[{\"@type\":\"ListItem\",\"position\":1,\"name\":\"Accueil\",\"item\":\"https:\/\/www.pressenza.com\/fr\/\"},{\"@type\":\"ListItem\",\"position\":2,\"name\":\"Le futur du d\u00e9veloppement passera-t-il par les territoires\u00a0?\"}]},{\"@type\":\"WebSite\",\"@id\":\"https:\/\/www.pressenza.com\/fr\/#website\",\"url\":\"https:\/\/www.pressenza.com\/fr\/\",\"name\":\"Pressenza\",\"description\":\"International Press Agency\",\"publisher\":{\"@id\":\"https:\/\/www.pressenza.com\/fr\/#organization\"},\"potentialAction\":[{\"@type\":\"SearchAction\",\"target\":{\"@type\":\"EntryPoint\",\"urlTemplate\":\"https:\/\/www.pressenza.com\/fr\/?s={search_term_string}\"},\"query-input\":{\"@type\":\"PropertyValueSpecification\",\"valueRequired\":true,\"valueName\":\"search_term_string\"}}],\"inLanguage\":\"fr-FR\"},{\"@type\":\"Organization\",\"@id\":\"https:\/\/www.pressenza.com\/fr\/#organization\",\"name\":\"Pressenza\",\"url\":\"https:\/\/www.pressenza.com\/fr\/\",\"logo\":{\"@type\":\"ImageObject\",\"inLanguage\":\"fr-FR\",\"@id\":\"https:\/\/www.pressenza.com\/fr\/#\/schema\/logo\/image\/\",\"url\":\"https:\/\/www.pressenza.com\/wp-content\/uploads\/2022\/10\/pressenza_logo_200x200.jpg\",\"contentUrl\":\"https:\/\/www.pressenza.com\/wp-content\/uploads\/2022\/10\/pressenza_logo_200x200.jpg\",\"width\":200,\"height\":200,\"caption\":\"Pressenza\"},\"image\":{\"@id\":\"https:\/\/www.pressenza.com\/fr\/#\/schema\/logo\/image\/\"},\"sameAs\":[\"https:\/\/www.facebook.com\/PressenzaItalia\",\"https:\/\/x.com\/PressenzaIPA\"]},{\"@type\":\"Person\",\"@id\":\"https:\/\/www.pressenza.com\/fr\/#\/schema\/person\/4c8389967a5667cf8884e829460af5dc\",\"name\":\"Nicolas Bard Gonzalez\",\"url\":\"https:\/\/www.pressenza.com\/fr\/author\/nicolas-bard-gonzalez\/\"}]}<\/script>\n<!-- \/ Yoast SEO plugin. -->","yoast_head_json":{"title":"Le futur du d\u00e9veloppement passera-t-il par les territoires\u00a0?","description":"Alors que nous vivons dans un monde de plus en plus globalis\u00e9, l\u2019approche territoriale du d\u00e9veloppement rev\u00eat un int\u00e9r\u00eat de plus en plus important. Bien","robots":{"index":"index","follow":"follow","max-snippet":"max-snippet:-1","max-image-preview":"max-image-preview:large","max-video-preview":"max-video-preview:-1"},"canonical":"https:\/\/www.pressenza.com\/fr\/2015\/07\/le-futur-du-developpement-passera-t-il-par-les-territoires\/","og_locale":"fr_FR","og_type":"article","og_title":"Le futur du d\u00e9veloppement passera-t-il par les territoires\u00a0?","og_description":"Alors que nous vivons dans un monde de plus en plus globalis\u00e9, l\u2019approche territoriale du d\u00e9veloppement rev\u00eat un int\u00e9r\u00eat de plus en plus important. Bien","og_url":"https:\/\/www.pressenza.com\/fr\/2015\/07\/le-futur-du-developpement-passera-t-il-par-les-territoires\/","og_site_name":"Pressenza","article_publisher":"https:\/\/www.facebook.com\/PressenzaItalia","article_published_time":"2015-07-27T22:07:15+00:00","article_modified_time":"2015-07-27T22:34:10+00:00","og_image":[{"width":750,"height":415,"url":"https:\/\/www.pressenza.com\/wp-content\/uploads\/2015\/07\/Le-futur-du-d--veloppement-passera-t-il-par-les-territoires.jpg","type":"image\/jpeg"}],"author":"Nicolas Bard Gonzalez","twitter_card":"summary_large_image","twitter_creator":"@PressenzaIPA","twitter_site":"@PressenzaIPA","twitter_misc":{"\u00c9crit par":"Nicolas Bard Gonzalez","Dur\u00e9e de lecture estim\u00e9e":"3 minutes"},"schema":{"@context":"https:\/\/schema.org","@graph":[{"@type":"Article","@id":"https:\/\/www.pressenza.com\/fr\/2015\/07\/le-futur-du-developpement-passera-t-il-par-les-territoires\/#article","isPartOf":{"@id":"https:\/\/www.pressenza.com\/fr\/2015\/07\/le-futur-du-developpement-passera-t-il-par-les-territoires\/"},"author":{"name":"Nicolas Bard Gonzalez","@id":"https:\/\/www.pressenza.com\/fr\/#\/schema\/person\/4c8389967a5667cf8884e829460af5dc"},"headline":"Le futur du d\u00e9veloppement passera-t-il par les territoires\u00a0?","datePublished":"2015-07-27T22:07:15+00:00","dateModified":"2015-07-27T22:34:10+00:00","mainEntityOfPage":{"@id":"https:\/\/www.pressenza.com\/fr\/2015\/07\/le-futur-du-developpement-passera-t-il-par-les-territoires\/"},"wordCount":612,"publisher":{"@id":"https:\/\/www.pressenza.com\/fr\/#organization"},"image":{"@id":"https:\/\/www.pressenza.com\/fr\/2015\/07\/le-futur-du-developpement-passera-t-il-par-les-territoires\/#primaryimage"},"thumbnailUrl":"https:\/\/www.pressenza.com\/wp-content\/uploads\/2015\/07\/Le-futur-du-d--veloppement-passera-t-il-par-les-territoires.jpg","keywords":["d\u00e9veloppement","d\u00e9veloppement territorial","territoire"],"articleSection":["Contenu Original","Economie","Opinion"],"inLanguage":"fr-FR"},{"@type":"WebPage","@id":"https:\/\/www.pressenza.com\/fr\/2015\/07\/le-futur-du-developpement-passera-t-il-par-les-territoires\/","url":"https:\/\/www.pressenza.com\/fr\/2015\/07\/le-futur-du-developpement-passera-t-il-par-les-territoires\/","name":"Le futur du d\u00e9veloppement passera-t-il par les territoires\u00a0?","isPartOf":{"@id":"https:\/\/www.pressenza.com\/fr\/#website"},"primaryImageOfPage":{"@id":"https:\/\/www.pressenza.com\/fr\/2015\/07\/le-futur-du-developpement-passera-t-il-par-les-territoires\/#primaryimage"},"image":{"@id":"https:\/\/www.pressenza.com\/fr\/2015\/07\/le-futur-du-developpement-passera-t-il-par-les-territoires\/#primaryimage"},"thumbnailUrl":"https:\/\/www.pressenza.com\/wp-content\/uploads\/2015\/07\/Le-futur-du-d--veloppement-passera-t-il-par-les-territoires.jpg","datePublished":"2015-07-27T22:07:15+00:00","dateModified":"2015-07-27T22:34:10+00:00","description":"Alors que nous vivons dans un monde de plus en plus globalis\u00e9, l\u2019approche territoriale du d\u00e9veloppement rev\u00eat un int\u00e9r\u00eat de plus en plus important. Bien","breadcrumb":{"@id":"https:\/\/www.pressenza.com\/fr\/2015\/07\/le-futur-du-developpement-passera-t-il-par-les-territoires\/#breadcrumb"},"inLanguage":"fr-FR","potentialAction":[{"@type":"ReadAction","target":["https:\/\/www.pressenza.com\/fr\/2015\/07\/le-futur-du-developpement-passera-t-il-par-les-territoires\/"]}]},{"@type":"ImageObject","inLanguage":"fr-FR","@id":"https:\/\/www.pressenza.com\/fr\/2015\/07\/le-futur-du-developpement-passera-t-il-par-les-territoires\/#primaryimage","url":"https:\/\/www.pressenza.com\/wp-content\/uploads\/2015\/07\/Le-futur-du-d--veloppement-passera-t-il-par-les-territoires.jpg","contentUrl":"https:\/\/www.pressenza.com\/wp-content\/uploads\/2015\/07\/Le-futur-du-d--veloppement-passera-t-il-par-les-territoires.jpg","width":750,"height":415},{"@type":"BreadcrumbList","@id":"https:\/\/www.pressenza.com\/fr\/2015\/07\/le-futur-du-developpement-passera-t-il-par-les-territoires\/#breadcrumb","itemListElement":[{"@type":"ListItem","position":1,"name":"Accueil","item":"https:\/\/www.pressenza.com\/fr\/"},{"@type":"ListItem","position":2,"name":"Le futur du d\u00e9veloppement passera-t-il par les territoires\u00a0?"}]},{"@type":"WebSite","@id":"https:\/\/www.pressenza.com\/fr\/#website","url":"https:\/\/www.pressenza.com\/fr\/","name":"Pressenza","description":"International Press Agency","publisher":{"@id":"https:\/\/www.pressenza.com\/fr\/#organization"},"potentialAction":[{"@type":"SearchAction","target":{"@type":"EntryPoint","urlTemplate":"https:\/\/www.pressenza.com\/fr\/?s={search_term_string}"},"query-input":{"@type":"PropertyValueSpecification","valueRequired":true,"valueName":"search_term_string"}}],"inLanguage":"fr-FR"},{"@type":"Organization","@id":"https:\/\/www.pressenza.com\/fr\/#organization","name":"Pressenza","url":"https:\/\/www.pressenza.com\/fr\/","logo":{"@type":"ImageObject","inLanguage":"fr-FR","@id":"https:\/\/www.pressenza.com\/fr\/#\/schema\/logo\/image\/","url":"https:\/\/www.pressenza.com\/wp-content\/uploads\/2022\/10\/pressenza_logo_200x200.jpg","contentUrl":"https:\/\/www.pressenza.com\/wp-content\/uploads\/2022\/10\/pressenza_logo_200x200.jpg","width":200,"height":200,"caption":"Pressenza"},"image":{"@id":"https:\/\/www.pressenza.com\/fr\/#\/schema\/logo\/image\/"},"sameAs":["https:\/\/www.facebook.com\/PressenzaItalia","https:\/\/x.com\/PressenzaIPA"]},{"@type":"Person","@id":"https:\/\/www.pressenza.com\/fr\/#\/schema\/person\/4c8389967a5667cf8884e829460af5dc","name":"Nicolas Bard Gonzalez","url":"https:\/\/www.pressenza.com\/fr\/author\/nicolas-bard-gonzalez\/"}]}},"place":"","original_article_url":"","_links":{"self":[{"href":"https:\/\/www.pressenza.com\/fr\/wp-json\/wp\/v2\/posts\/205882","targetHints":{"allow":["GET"]}}],"collection":[{"href":"https:\/\/www.pressenza.com\/fr\/wp-json\/wp\/v2\/posts"}],"about":[{"href":"https:\/\/www.pressenza.com\/fr\/wp-json\/wp\/v2\/types\/post"}],"author":[{"embeddable":true,"href":"https:\/\/www.pressenza.com\/fr\/wp-json\/wp\/v2\/users\/1206"}],"replies":[{"embeddable":true,"href":"https:\/\/www.pressenza.com\/fr\/wp-json\/wp\/v2\/comments?post=205882"}],"version-history":[{"count":0,"href":"https:\/\/www.pressenza.com\/fr\/wp-json\/wp\/v2\/posts\/205882\/revisions"}],"wp:featuredmedia":[{"embeddable":true,"href":"https:\/\/www.pressenza.com\/fr\/wp-json\/wp\/v2\/media\/205884"}],"wp:attachment":[{"href":"https:\/\/www.pressenza.com\/fr\/wp-json\/wp\/v2\/media?parent=205882"}],"wp:term":[{"taxonomy":"category","embeddable":true,"href":"https:\/\/www.pressenza.com\/fr\/wp-json\/wp\/v2\/categories?post=205882"},{"taxonomy":"post_tag","embeddable":true,"href":"https:\/\/www.pressenza.com\/fr\/wp-json\/wp\/v2\/tags?post=205882"}],"curies":[{"name":"wp","href":"https:\/\/api.w.org\/{rel}","templated":true}]}}