{"id":202546,"date":"2015-07-15T21:58:08","date_gmt":"2015-07-15T20:58:08","guid":{"rendered":"http:\/\/www.pressenza.com\/?p=202546"},"modified":"2015-07-15T21:58:08","modified_gmt":"2015-07-15T20:58:08","slug":"lettre-a-une-croissance-que-nous-nattendons-plus","status":"publish","type":"post","link":"https:\/\/www.pressenza.com\/fr\/2015\/07\/lettre-a-une-croissance-que-nous-nattendons-plus\/","title":{"rendered":"Lettre \u00e0 une croissance que nous n\u2019attendons plus"},"content":{"rendered":"<p><strong>Par Manon Dervin (*)<\/strong><\/p>\n<p class=\"spip\">\u00d4 tr\u00e8s ch\u00e8re Croissance. Ma bien-aim\u00e9e. Ton retour s\u2019est fait attendre. Ton dogme fond\u00e9 sur la valeur centrale du \u00a0\u00ab travail \u00bb conditionne encore aujourd\u2019hui toute la vitalit\u00e9 du syst\u00e8me \u00e9conomique. Tu fabriques l\u2019Emploi et en tires ta force. Les m\u00e9dias, les politiques et tous les travailleurs retiennent leur souffle. Te chercher a plong\u00e9 le monde occidental dans une torpeur sans pr\u00e9c\u00e9dent. Une gueule de bois post-crise financi\u00e8re de 2008 soign\u00e9e \u00e0 coups de j\u00e9roboams de mesures \u00e9conomiques afin de te faire revenir.<\/p>\n<p>Mais aujourd\u2019hui je ne t\u2019attends plus, Croissance. L\u2019\u00e2ge d\u2019or des \u00ab trente glorieuses \u00bb est termin\u00e9, le r\u00e9veil est difficile et la situation pas si facile que \u00e7a \u00e0 accepter. Je pensais te conna\u00eetre. Qui es-tu vraiment, Croissance\u00a0? Je te prie de m\u2019excuser pour les mots qui vont suivre. Il me fallait te conter mes d\u00e9sillusions.<\/p>\n<p class=\"spip\">En r\u00e9alit\u00e9, tu es un indice math\u00e9matique. Tu es l\u2019augmentation continuelle de la production de biens de services et d\u2019\u00e9changes dans une \u00e9conomie. Tu es une somme de valeurs ajout\u00e9es. Mais tu n\u2019as pas tenu compte de mes remarques sur la qualit\u00e9 de tes productions. Tu continues \u00e0 la fois de construire\/d\u00e9truire des \u00e9coles et de faire travailler des enfants dans les usines, de mani\u00e8re arbitraire en fonction des pays.<\/p>\n<p class=\"spip\">En r\u00e9alit\u00e9, tu es tout un imaginaire. Pour les n\u00e9olib\u00e9raux, tu incarnes le progr\u00e8s, la modernit\u00e9, le positif. Une plante qui cro\u00eet, un enfant qui grandit. Pour beaucoup, tu es la solution au plein-emploi. Tu nous as \u00e9t\u00e9 impos\u00e9e comme la condition du bien-\u00eatre des populations, mais tu n\u2019apportes le bonheur qu\u2019\u00e0 1\u00a0% de la population mondiale, c\u2019est-\u00e0-dire si peu d\u2019entre nous.<\/p>\n<p class=\"spip\">En r\u00e9alit\u00e9, tu fais partie int\u00e9grante d\u2019un syst\u00e8me productiviste. Au meilleur de ta forme, tu as fait cro\u00eetre le PIB de plusieurs pour-cent. Tu te fondes depuis toujours sur le faux techno-scientisme, l\u2019esprit de concurrence, le devoir de comp\u00e9titivit\u00e9, le travail comme valeur centrale et fondatrice. Mais j\u2019ai d\u00e9couvert que tes moteurs sont la dette, l\u2019obsolescence programm\u00e9e et la publicit\u00e9. Je suis au regret de te dire que tu n\u2019as fait qu\u2019accro\u00eetre les in\u00e9galit\u00e9s. En somme, tu es une illusion. Tu \u00e9tais pour moi et pour nombre d\u2019entre nous la promesse du bonheur, une croyance, une pens\u00e9e magique. J\u2019ai jur\u00e9 sur ton nom, et j\u2019ai fait l\u2019erreur de l\u2019amalgame entre l\u2019indice, l\u2019imaginaire et le syst\u00e8me.<\/p>\n<p class=\"spip\"><strong class=\"spip\">des \u00a0<strong>\u00ab<\/strong> utopistes \u00a0\u00bb de transition<\/strong><\/p>\n<p class=\"spip\">Je voudrais te dire, Croissance, que j\u2019aspire d\u00e9sormais \u00e0 la vision coh\u00e9rente d\u2019une soci\u00e9t\u00e9 non violente, sans exploitation de l\u2019homme par l\u2019homme, respectueuse de son environnement, sans ob\u00e9issance aveugle \u00e0 la croyance \u00e9conomique, une soci\u00e9t\u00e9 de partage qui pr\u00f4ne l\u2019\u00e9conomie participative.<\/p>\n<p class=\"spip\">En l\u2019occurrence, ma ch\u00e8re Croissance, je ne peux plus supporter que la qu\u00eate perp\u00e9tuelle de ton \u00e9panouissement nuise \u00e0 mon bien-\u00eatre et \u00e0 celui de ceux qui m\u2019entourent. Il n\u2019y a qu\u2019\u00e0 remarquer le taux de pauvret\u00e9 record de ta plus fid\u00e8le disciple, l\u2019Allemagne. Il suffit de constater que les chiffres du ch\u00f4mage atteignent de jour en jour des taux record. Personne ne viendra contredire le fait qu\u2019une transition trop radicale ne serait pas efficiente. Il s\u2019agit de maintenir l\u2019argent comme moyen d\u2019\u00e9change, de commerce et d\u2019acc\u00e8s \u00e0 un minimum vital n\u00e9cessaire. Pour autant, faut-il n\u00e9cessairement occuper un emploi pour avoir le droit de (sur) vivre\u00a0? Eh bien non, Croissance. Et je voudrais te le prouver. Je souhaiterais te proposer des \u00a0\u00ab uto-pistes \u00bb de transition vers des soci\u00e9t\u00e9s soutenables et souhaitables, en red\u00e9finissant la notion d\u2019emploi et sa valeur au sein m\u00eame de la soci\u00e9t\u00e9.<\/p>\n<p class=\"spip\">J\u2019ai suivi les r\u00e8gles du jeu, je pers\u00e9v\u00e8re un peu plus chaque jour au c\u0153ur du syst\u00e8me pour me faire ma place. J\u2019ose esp\u00e9rer que tu me seras reconnaissante un jour d\u2019avoir su accepter si longtemps tes conditions malgr\u00e9 nos d\u00e9saccords. Je ne t\u2019\u00e9cris pas dans l\u2019espoir d\u2019arranger notre situation en c\u00e9dant \u00e0 tes requ\u00eates, mais pour rompre avec toi et tes belles promesses. Je t\u2019\u00e9cris pour tous ceux pour qui travailler rime avec n\u00e9cessit\u00e9. Je t\u2019\u00e9cris pour tous ceux qui ont cru \u00e0 l\u2019adage \u00a0\u00ab tout travail m\u00e9rite salaire \u00a0\u00bb sans savoir que pour nombre d\u2019entre eux le salaire ne serait pas proportionnel au m\u00e9rite. Je t\u2019\u00e9cris au nom de tous ceux que tu as r\u00e9duits \u00e0 la survie \u00e0 coups de th\u00e9ories \u00e9conomiques, pour ceux que tu as encha\u00een\u00e9s et parfois m\u00eame rendus amoureux de leur propre servitude. Je t\u2019\u00e9cris au nom de tous les exclus de ta bienveillance et de ta g\u00e9n\u00e9rosit\u00e9. Au nom de tous ceux qui courent apr\u00e8s le \u00a0\u00ab plus \u00bb dans l\u2019espoir d\u2019atteindre le\u00a0\u00ab mieux \u00bb.<\/p>\n<p class=\"spip\">Je refuse \u00e0 pr\u00e9sent ce besoin vital d\u2019amasser de l\u2019argent qui caract\u00e9rise la soci\u00e9t\u00e9 que tu as engendr\u00e9e. Je refuse d\u2019accepter que le travail, cette valeur d\u2019int\u00e9gration sociale qui a forg\u00e9 ta r\u00e9putation, devienne aujourd\u2019hui un facteur d\u2019exclusion pour des millions d\u2019entre nous. Croissance, je ne m\u2019attends plus \u00e0 ce que tu reviennes. Plut\u00f4t que de pers\u00e9v\u00e9rer dans des sch\u00e9mas d\u00e9pass\u00e9s, plut\u00f4t que d\u2019user encore et toujours de rustines \u00e9conomiques, j\u2019ai d\u00e9cid\u00e9 d\u2019\u00f4ter mes \u0153ill\u00e8res.<\/p>\n<p class=\"spip\">Est-il normal de conditionner la survie \u00e0 un emploi\u00a0? Est-il d\u00e9cent de faire du travail une condition indivisible du droit \u00e0 la vie\u00a0? Il est de notre responsabilit\u00e9 de tirer la sonnette d\u2019alarme et de r\u00e9clamer un monde qui \u0153uvre pour le mieux et non pour le plus. Il est de notre devoir de refuser tes avances, Croissance, toi qui prends des vies et les ressources limit\u00e9es de notre plan\u00e8te pour asseoir ta p\u00e9rennit\u00e9. Il est de notre devoir de refuser tes r\u00e9f\u00e9rentiels et tes paradigmes qui n\u2019ont aucun sens. Il est de notre devoir de red\u00e9finir la notion d\u2019emploi. Il est temps de d\u00e9coloniser les imaginaires.<\/p>\n<p class=\"spip\">Quand certains de tes grands patrons gagnent au bas mot 508 fois le smic, quand on d\u00e9pense chaque jour 2 milliards de dollars \u00e0 des fins militaires \u00e0 travers le monde\u00a0; quand tes actionnaires deviennent rentiers par la sp\u00e9culation sur les produits alimentaires de base en affamant les enfants\u00a0; quand en France, en 2014, 60\u00a0% des b\u00e9n\u00e9fices des entreprises ont \u00e9t\u00e9 accapar\u00e9s par les actionnaires en appauvrissant plus encore les travailleurs, est-il ind\u00e9cent de r\u00e9clamer pour chacun de quoi se nourrir, de quoi se loger, et l\u2019acc\u00e8s gratuit \u00e0 des services publics\u00a0?<\/p>\n<p class=\"spip\"><strong class=\"spip\">un revenu universel accord\u00e9 \u00e0 chacun<\/strong><\/p>\n<p class=\"spip\">Je souhaite l\u2019instauration d\u2019un revenu universel accord\u00e9 \u00e0 chacun, sans condition d\u2019emploi, de la naissance \u00e0 la mort, afin de garantir \u00e0 tous un minimum vital et une vie d\u00e9cente. Il ne s\u2019agit pas uniquement d\u2019un revenu d\u2019existence, mais bien d\u2019un moyen de d\u00e9centraliser la valeur travail afin d\u2019amener un outil de transition progressive. Il s\u2019agit d\u2019instaurer un outil \u00e9conomique et social capable de nous faire sortir de l\u2019impasse vers laquelle nous entra\u00eene toujours plus vite cette soci\u00e9t\u00e9 aux m\u00e9canismes de s\u00e9duction et de contraintes. Il s\u2019agit de questionner le sens de nos consommations et donc de nos productions en participant \u00e0 la cr\u00e9ation de gratuit\u00e9s d\u2019usage et de tirage ainsi qu\u2019\u00e0 une r\u00e9appropriation de la cr\u00e9ation mon\u00e9taire en dehors des logiques de march\u00e9. Moins de besoins, moins de travail et plus de temps pour aimer et vivre.<\/p>\n<p class=\"spip\">Je r\u00e9clame ainsi la cr\u00e9ation d\u2019une\u00a0\u00ab dotation inconditionnelle d\u2019autonomie \u00bb, coupl\u00e9e \u00e0 un revenu maximum acceptable. Cet outil s\u2019articulerait autour de trois piliers. Un droit d\u2019usage donnant acc\u00e8s \u00e0 chacun \u00e0 un logement, au transport, \u00e0 une parcelle de terre. Un droit de tirage autorisant l\u2019utilisation pr\u00e9d\u00e9finie d\u2019une certaine quantit\u00e9 de ressources telles que l\u2019eau ou l\u2019\u00e9lectricit\u00e9. Enfin, des versements en monnaie locale fondante qui permettraient l\u2019achat de produit locaux et soutenables, promouvant ainsi une relocalisation ouverte et une \u00e9conomie sociale et solidaire. Ces propositions se fondent sur la gratuit\u00e9 des besoins de base coupl\u00e9e \u00e0 une forte progressivit\u00e9 des prix pour la consommation suppl\u00e9mentaire. Le red\u00e9veloppement des services publics et la cr\u00e9ation de monnaies locales compl\u00e9mentaires, alli\u00e9es \u00e0 un revenu maximum autoris\u00e9, constitueraient un outil pour refuser le travail ali\u00e9nant et red\u00e9finir nos besoins, nos usages et les conditions pour les assouvir.<\/p>\n<p class=\"spip\">Je souhaite que, demain, bonheur rime avec temps libre. Je souhaite que, demain, travail rime avec \u00e9panouissement et non pas avec contrainte. Je souhaite que demain soit l\u2019av\u00e8nement d\u2019un monde qualitatif et non quantitatif. Je souhaite que demain voie la r\u00e9appropriation de la d\u00e9mocratie \u00e0 travers une soci\u00e9t\u00e9 autonome, garantissant la s\u00e9r\u00e9nit\u00e9. Je souhaite que demain soit un autre rapport \u00e0 l\u2019autre et au temps, un \u00a0\u00ab travailler moins pour vivre mieux \u00bb, pour un meilleur vivre-ensemble. Il est temps de mettre le travail au service de l\u2019homme et non de l\u2019\u00e9conomie. Il est temps de nous affranchir de la centralit\u00e9 de cette valeur travail qui nous d\u00e9shumanise et fait de nous de simples agents \u00e9conomiques. Il est temps de faire du travail en tant qu\u2019activit\u00e9, un outil de repolitisation de la soci\u00e9t\u00e9, incitant le citoyen \u00e0 s\u2019approprier d\u00e9mocratiquement et de mani\u00e8re participative son contenu\u00a0: qu\u2019est-ce qu\u2019une vie d\u00e9cente\u00a0? Qu\u2019est-ce que la sobri\u00e9t\u00e9\u00a0? Qu\u2019est-ce que le bon usage et le m\u00e9susage d\u2019une m\u00eame ressource\u00a0? Comment organiser la soci\u00e9t\u00e9 pour permettre \u00e0 toutes et \u00e0 tous de vivre dignement\u00a0? Comment se r\u00e9partir les t\u00e2ches difficiles\u00a0? Nous nous devons de r\u00e9pondre \u00e0 ces questions collectivement. Apr\u00e8s avoir fait du \u00a0\u00ab travail \u00bb un pivot central, pourquoi refuser d\u2019en faire le tremplin vers la d\u00e9finition d\u2019une nouvelle soci\u00e9t\u00e9\u00a0?<\/p>\n<p class=\"spip\">Ch\u00e8re Croissance, je suis au regret de te prier d\u2019accepter ces mots comme une lettre de rupture. Aujourd\u2019hui je reprends ma libert\u00e9 par la conscience. Aujourd\u2019hui je n\u2019ai plus peur ni du lendemain ni des autres. Je te remercie pour ce bout de chemin partag\u00e9, mais il est inutile de poursuivre notre relation. Nous n\u2019avons plus la m\u00eame vision de ce qu\u2019est la vie.<\/p>\n<p class=\"spip\">Texte int\u00e9gral ici : <a href=\"http:\/\/aid97400.lautre.net\/IMG\/pdf\/LettreAlaCroissance_MD.pdf\">clic<\/a><\/p>\n<p class=\"spip\">(*) Manon Dervin est \u00e9<span class=\"signature_article\"><span class=\"auteur txt2_120\">tudiante \u00e0 Science Po Rennes<\/span><\/span>, sa lettre a \u00e9t\u00e9 choisie par le Cercle des \u00e9conomistes dans le cadre du concours \u00a0\u00ab Imaginez votre travail demain \u2013 La parole aux \u00e9tudiants \u00bb , organis\u00e9 \u00e0 l\u2019occasion des Rencontres \u00e9conomiques d\u2019Aix-en-Provence. Ce texte s\u2019inspire d\u2019 \u00ab\u00a0<a href=\"http:\/\/www.projet-decroissance.net\/\" target=\"_blank\">Un Projet de D\u00e9croissance<\/a>\u00a0\u00bb.<\/p>\n","protected":false},"excerpt":{"rendered":"<p>Par Manon Dervin (*) \u00d4 tr\u00e8s ch\u00e8re Croissance. Ma bien-aim\u00e9e. Ton retour s\u2019est fait attendre. Ton dogme fond\u00e9 sur la valeur centrale du \u00a0\u00ab travail \u00bb conditionne encore aujourd\u2019hui toute la vitalit\u00e9 du syst\u00e8me \u00e9conomique. Tu fabriques l\u2019Emploi et en&hellip;<\/p>\n","protected":false},"author":926,"featured_media":202942,"comment_status":"closed","ping_status":"open","sticky":false,"template":"","format":"standard","meta":{"footnotes":""},"categories":[11386,100,163],"tags":[11209,18554,5343],"class_list":["post-202546","post","type-post","status-publish","format-standard","has-post-thumbnail","hentry","category-contenu-original","category-economie","category-opinion-fr","tag-croissance","tag-dotation-inconditionnelle-dautonomie","tag-revenu-universel"],"yoast_head":"<!-- This site is optimized with the Yoast SEO plugin v27.1.1 - https:\/\/yoast.com\/product\/yoast-seo-wordpress\/ -->\n<title>Lettre \u00e0 une croissance que nous n\u2019attendons plus<\/title>\n<meta name=\"description\" content=\"Par Manon Dervin (*) \u00d4 tr\u00e8s ch\u00e8re Croissance. Ma bien-aim\u00e9e. Ton retour s\u2019est fait attendre. Ton dogme fond\u00e9 sur la valeur centrale du \u00a0\u00ab travail \u00bb\" \/>\n<meta name=\"robots\" content=\"index, follow, max-snippet:-1, max-image-preview:large, max-video-preview:-1\" \/>\n<link rel=\"canonical\" href=\"https:\/\/www.pressenza.com\/fr\/2015\/07\/lettre-a-une-croissance-que-nous-nattendons-plus\/\" \/>\n<meta property=\"og:locale\" content=\"fr_FR\" \/>\n<meta property=\"og:type\" content=\"article\" \/>\n<meta property=\"og:title\" content=\"Lettre \u00e0 une croissance que nous n\u2019attendons plus\" \/>\n<meta property=\"og:description\" content=\"Par Manon Dervin (*) \u00d4 tr\u00e8s ch\u00e8re Croissance. Ma bien-aim\u00e9e. Ton retour s\u2019est fait attendre. Ton dogme fond\u00e9 sur la valeur centrale du \u00a0\u00ab travail \u00bb\" \/>\n<meta property=\"og:url\" content=\"https:\/\/www.pressenza.com\/fr\/2015\/07\/lettre-a-une-croissance-que-nous-nattendons-plus\/\" \/>\n<meta property=\"og:site_name\" content=\"Pressenza\" \/>\n<meta property=\"article:publisher\" content=\"https:\/\/www.facebook.com\/PressenzaItalia\" \/>\n<meta property=\"article:published_time\" content=\"2015-07-15T20:58:08+00:00\" \/>\n<meta property=\"og:image\" content=\"https:\/\/www.pressenza.com\/wp-content\/uploads\/2015\/07\/Lettre----une-croissance-que-nous-n---attendons-Chat-projet-decroissance.jpeg\" \/>\n\t<meta property=\"og:image:width\" content=\"960\" \/>\n\t<meta property=\"og:image:height\" content=\"720\" \/>\n\t<meta property=\"og:image:type\" content=\"image\/jpeg\" \/>\n<meta name=\"author\" content=\"R\u00e9daction France\" \/>\n<meta name=\"twitter:card\" content=\"summary_large_image\" \/>\n<meta name=\"twitter:creator\" content=\"@PressenzaIPA\" \/>\n<meta name=\"twitter:site\" content=\"@PressenzaIPA\" \/>\n<meta name=\"twitter:label1\" content=\"\u00c9crit par\" \/>\n\t<meta name=\"twitter:data1\" content=\"R\u00e9daction France\" \/>\n\t<meta name=\"twitter:label2\" content=\"Dur\u00e9e de lecture estim\u00e9e\" \/>\n\t<meta name=\"twitter:data2\" content=\"9 minutes\" \/>\n<script type=\"application\/ld+json\" class=\"yoast-schema-graph\">{\"@context\":\"https:\/\/schema.org\",\"@graph\":[{\"@type\":\"Article\",\"@id\":\"https:\/\/www.pressenza.com\/fr\/2015\/07\/lettre-a-une-croissance-que-nous-nattendons-plus\/#article\",\"isPartOf\":{\"@id\":\"https:\/\/www.pressenza.com\/fr\/2015\/07\/lettre-a-une-croissance-que-nous-nattendons-plus\/\"},\"author\":{\"name\":\"R\u00e9daction France\",\"@id\":\"https:\/\/www.pressenza.com\/fr\/#\/schema\/person\/3c9fe6670cc2cffbd37562f87b98e869\"},\"headline\":\"Lettre \u00e0 une croissance que nous n\u2019attendons plus\",\"datePublished\":\"2015-07-15T20:58:08+00:00\",\"mainEntityOfPage\":{\"@id\":\"https:\/\/www.pressenza.com\/fr\/2015\/07\/lettre-a-une-croissance-que-nous-nattendons-plus\/\"},\"wordCount\":1867,\"publisher\":{\"@id\":\"https:\/\/www.pressenza.com\/fr\/#organization\"},\"image\":{\"@id\":\"https:\/\/www.pressenza.com\/fr\/2015\/07\/lettre-a-une-croissance-que-nous-nattendons-plus\/#primaryimage\"},\"thumbnailUrl\":\"https:\/\/www.pressenza.com\/wp-content\/uploads\/2015\/07\/Lettre----une-croissance-que-nous-n---attendons-Chat-projet-decroissance.jpeg\",\"keywords\":[\"croissance\",\"dotation inconditionnelle d\u2019autonomie\",\"Revenu Universel\"],\"articleSection\":[\"Contenu Original\",\"Economie\",\"Opinion\"],\"inLanguage\":\"fr-FR\"},{\"@type\":\"WebPage\",\"@id\":\"https:\/\/www.pressenza.com\/fr\/2015\/07\/lettre-a-une-croissance-que-nous-nattendons-plus\/\",\"url\":\"https:\/\/www.pressenza.com\/fr\/2015\/07\/lettre-a-une-croissance-que-nous-nattendons-plus\/\",\"name\":\"Lettre \u00e0 une croissance que nous n\u2019attendons plus\",\"isPartOf\":{\"@id\":\"https:\/\/www.pressenza.com\/fr\/#website\"},\"primaryImageOfPage\":{\"@id\":\"https:\/\/www.pressenza.com\/fr\/2015\/07\/lettre-a-une-croissance-que-nous-nattendons-plus\/#primaryimage\"},\"image\":{\"@id\":\"https:\/\/www.pressenza.com\/fr\/2015\/07\/lettre-a-une-croissance-que-nous-nattendons-plus\/#primaryimage\"},\"thumbnailUrl\":\"https:\/\/www.pressenza.com\/wp-content\/uploads\/2015\/07\/Lettre----une-croissance-que-nous-n---attendons-Chat-projet-decroissance.jpeg\",\"datePublished\":\"2015-07-15T20:58:08+00:00\",\"description\":\"Par Manon Dervin (*) \u00d4 tr\u00e8s ch\u00e8re Croissance. Ma bien-aim\u00e9e. Ton retour s\u2019est fait attendre. Ton dogme fond\u00e9 sur la valeur centrale du \u00a0\u00ab travail \u00bb\",\"breadcrumb\":{\"@id\":\"https:\/\/www.pressenza.com\/fr\/2015\/07\/lettre-a-une-croissance-que-nous-nattendons-plus\/#breadcrumb\"},\"inLanguage\":\"fr-FR\",\"potentialAction\":[{\"@type\":\"ReadAction\",\"target\":[\"https:\/\/www.pressenza.com\/fr\/2015\/07\/lettre-a-une-croissance-que-nous-nattendons-plus\/\"]}]},{\"@type\":\"ImageObject\",\"inLanguage\":\"fr-FR\",\"@id\":\"https:\/\/www.pressenza.com\/fr\/2015\/07\/lettre-a-une-croissance-que-nous-nattendons-plus\/#primaryimage\",\"url\":\"https:\/\/www.pressenza.com\/wp-content\/uploads\/2015\/07\/Lettre----une-croissance-que-nous-n---attendons-Chat-projet-decroissance.jpeg\",\"contentUrl\":\"https:\/\/www.pressenza.com\/wp-content\/uploads\/2015\/07\/Lettre----une-croissance-que-nous-n---attendons-Chat-projet-decroissance.jpeg\",\"width\":960,\"height\":720},{\"@type\":\"BreadcrumbList\",\"@id\":\"https:\/\/www.pressenza.com\/fr\/2015\/07\/lettre-a-une-croissance-que-nous-nattendons-plus\/#breadcrumb\",\"itemListElement\":[{\"@type\":\"ListItem\",\"position\":1,\"name\":\"Accueil\",\"item\":\"https:\/\/www.pressenza.com\/fr\/\"},{\"@type\":\"ListItem\",\"position\":2,\"name\":\"Lettre \u00e0 une croissance que nous n\u2019attendons plus\"}]},{\"@type\":\"WebSite\",\"@id\":\"https:\/\/www.pressenza.com\/fr\/#website\",\"url\":\"https:\/\/www.pressenza.com\/fr\/\",\"name\":\"Pressenza\",\"description\":\"International Press Agency\",\"publisher\":{\"@id\":\"https:\/\/www.pressenza.com\/fr\/#organization\"},\"potentialAction\":[{\"@type\":\"SearchAction\",\"target\":{\"@type\":\"EntryPoint\",\"urlTemplate\":\"https:\/\/www.pressenza.com\/fr\/?s={search_term_string}\"},\"query-input\":{\"@type\":\"PropertyValueSpecification\",\"valueRequired\":true,\"valueName\":\"search_term_string\"}}],\"inLanguage\":\"fr-FR\"},{\"@type\":\"Organization\",\"@id\":\"https:\/\/www.pressenza.com\/fr\/#organization\",\"name\":\"Pressenza\",\"url\":\"https:\/\/www.pressenza.com\/fr\/\",\"logo\":{\"@type\":\"ImageObject\",\"inLanguage\":\"fr-FR\",\"@id\":\"https:\/\/www.pressenza.com\/fr\/#\/schema\/logo\/image\/\",\"url\":\"https:\/\/www.pressenza.com\/wp-content\/uploads\/2022\/10\/pressenza_logo_200x200.jpg\",\"contentUrl\":\"https:\/\/www.pressenza.com\/wp-content\/uploads\/2022\/10\/pressenza_logo_200x200.jpg\",\"width\":200,\"height\":200,\"caption\":\"Pressenza\"},\"image\":{\"@id\":\"https:\/\/www.pressenza.com\/fr\/#\/schema\/logo\/image\/\"},\"sameAs\":[\"https:\/\/www.facebook.com\/PressenzaItalia\",\"https:\/\/x.com\/PressenzaIPA\"]},{\"@type\":\"Person\",\"@id\":\"https:\/\/www.pressenza.com\/fr\/#\/schema\/person\/3c9fe6670cc2cffbd37562f87b98e869\",\"name\":\"R\u00e9daction France\",\"description\":\"News published by the Pressenza bureau in France\",\"sameAs\":[\"http:\/\/www.pressenza.com\/fr\"],\"url\":\"https:\/\/www.pressenza.com\/fr\/author\/redactionfrance\/\"}]}<\/script>\n<!-- \/ Yoast SEO plugin. -->","yoast_head_json":{"title":"Lettre \u00e0 une croissance que nous n\u2019attendons plus","description":"Par Manon Dervin (*) \u00d4 tr\u00e8s ch\u00e8re Croissance. Ma bien-aim\u00e9e. Ton retour s\u2019est fait attendre. Ton dogme fond\u00e9 sur la valeur centrale du \u00a0\u00ab travail \u00bb","robots":{"index":"index","follow":"follow","max-snippet":"max-snippet:-1","max-image-preview":"max-image-preview:large","max-video-preview":"max-video-preview:-1"},"canonical":"https:\/\/www.pressenza.com\/fr\/2015\/07\/lettre-a-une-croissance-que-nous-nattendons-plus\/","og_locale":"fr_FR","og_type":"article","og_title":"Lettre \u00e0 une croissance que nous n\u2019attendons plus","og_description":"Par Manon Dervin (*) \u00d4 tr\u00e8s ch\u00e8re Croissance. Ma bien-aim\u00e9e. Ton retour s\u2019est fait attendre. Ton dogme fond\u00e9 sur la valeur centrale du \u00a0\u00ab travail \u00bb","og_url":"https:\/\/www.pressenza.com\/fr\/2015\/07\/lettre-a-une-croissance-que-nous-nattendons-plus\/","og_site_name":"Pressenza","article_publisher":"https:\/\/www.facebook.com\/PressenzaItalia","article_published_time":"2015-07-15T20:58:08+00:00","og_image":[{"width":960,"height":720,"url":"https:\/\/www.pressenza.com\/wp-content\/uploads\/2015\/07\/Lettre----une-croissance-que-nous-n---attendons-Chat-projet-decroissance.jpeg","type":"image\/jpeg"}],"author":"R\u00e9daction France","twitter_card":"summary_large_image","twitter_creator":"@PressenzaIPA","twitter_site":"@PressenzaIPA","twitter_misc":{"\u00c9crit par":"R\u00e9daction France","Dur\u00e9e de lecture estim\u00e9e":"9 minutes"},"schema":{"@context":"https:\/\/schema.org","@graph":[{"@type":"Article","@id":"https:\/\/www.pressenza.com\/fr\/2015\/07\/lettre-a-une-croissance-que-nous-nattendons-plus\/#article","isPartOf":{"@id":"https:\/\/www.pressenza.com\/fr\/2015\/07\/lettre-a-une-croissance-que-nous-nattendons-plus\/"},"author":{"name":"R\u00e9daction France","@id":"https:\/\/www.pressenza.com\/fr\/#\/schema\/person\/3c9fe6670cc2cffbd37562f87b98e869"},"headline":"Lettre \u00e0 une croissance que nous n\u2019attendons plus","datePublished":"2015-07-15T20:58:08+00:00","mainEntityOfPage":{"@id":"https:\/\/www.pressenza.com\/fr\/2015\/07\/lettre-a-une-croissance-que-nous-nattendons-plus\/"},"wordCount":1867,"publisher":{"@id":"https:\/\/www.pressenza.com\/fr\/#organization"},"image":{"@id":"https:\/\/www.pressenza.com\/fr\/2015\/07\/lettre-a-une-croissance-que-nous-nattendons-plus\/#primaryimage"},"thumbnailUrl":"https:\/\/www.pressenza.com\/wp-content\/uploads\/2015\/07\/Lettre----une-croissance-que-nous-n---attendons-Chat-projet-decroissance.jpeg","keywords":["croissance","dotation inconditionnelle d\u2019autonomie","Revenu Universel"],"articleSection":["Contenu Original","Economie","Opinion"],"inLanguage":"fr-FR"},{"@type":"WebPage","@id":"https:\/\/www.pressenza.com\/fr\/2015\/07\/lettre-a-une-croissance-que-nous-nattendons-plus\/","url":"https:\/\/www.pressenza.com\/fr\/2015\/07\/lettre-a-une-croissance-que-nous-nattendons-plus\/","name":"Lettre \u00e0 une croissance que nous n\u2019attendons plus","isPartOf":{"@id":"https:\/\/www.pressenza.com\/fr\/#website"},"primaryImageOfPage":{"@id":"https:\/\/www.pressenza.com\/fr\/2015\/07\/lettre-a-une-croissance-que-nous-nattendons-plus\/#primaryimage"},"image":{"@id":"https:\/\/www.pressenza.com\/fr\/2015\/07\/lettre-a-une-croissance-que-nous-nattendons-plus\/#primaryimage"},"thumbnailUrl":"https:\/\/www.pressenza.com\/wp-content\/uploads\/2015\/07\/Lettre----une-croissance-que-nous-n---attendons-Chat-projet-decroissance.jpeg","datePublished":"2015-07-15T20:58:08+00:00","description":"Par Manon Dervin (*) \u00d4 tr\u00e8s ch\u00e8re Croissance. Ma bien-aim\u00e9e. Ton retour s\u2019est fait attendre. Ton dogme fond\u00e9 sur la valeur centrale du \u00a0\u00ab travail \u00bb","breadcrumb":{"@id":"https:\/\/www.pressenza.com\/fr\/2015\/07\/lettre-a-une-croissance-que-nous-nattendons-plus\/#breadcrumb"},"inLanguage":"fr-FR","potentialAction":[{"@type":"ReadAction","target":["https:\/\/www.pressenza.com\/fr\/2015\/07\/lettre-a-une-croissance-que-nous-nattendons-plus\/"]}]},{"@type":"ImageObject","inLanguage":"fr-FR","@id":"https:\/\/www.pressenza.com\/fr\/2015\/07\/lettre-a-une-croissance-que-nous-nattendons-plus\/#primaryimage","url":"https:\/\/www.pressenza.com\/wp-content\/uploads\/2015\/07\/Lettre----une-croissance-que-nous-n---attendons-Chat-projet-decroissance.jpeg","contentUrl":"https:\/\/www.pressenza.com\/wp-content\/uploads\/2015\/07\/Lettre----une-croissance-que-nous-n---attendons-Chat-projet-decroissance.jpeg","width":960,"height":720},{"@type":"BreadcrumbList","@id":"https:\/\/www.pressenza.com\/fr\/2015\/07\/lettre-a-une-croissance-que-nous-nattendons-plus\/#breadcrumb","itemListElement":[{"@type":"ListItem","position":1,"name":"Accueil","item":"https:\/\/www.pressenza.com\/fr\/"},{"@type":"ListItem","position":2,"name":"Lettre \u00e0 une croissance que nous n\u2019attendons plus"}]},{"@type":"WebSite","@id":"https:\/\/www.pressenza.com\/fr\/#website","url":"https:\/\/www.pressenza.com\/fr\/","name":"Pressenza","description":"International Press Agency","publisher":{"@id":"https:\/\/www.pressenza.com\/fr\/#organization"},"potentialAction":[{"@type":"SearchAction","target":{"@type":"EntryPoint","urlTemplate":"https:\/\/www.pressenza.com\/fr\/?s={search_term_string}"},"query-input":{"@type":"PropertyValueSpecification","valueRequired":true,"valueName":"search_term_string"}}],"inLanguage":"fr-FR"},{"@type":"Organization","@id":"https:\/\/www.pressenza.com\/fr\/#organization","name":"Pressenza","url":"https:\/\/www.pressenza.com\/fr\/","logo":{"@type":"ImageObject","inLanguage":"fr-FR","@id":"https:\/\/www.pressenza.com\/fr\/#\/schema\/logo\/image\/","url":"https:\/\/www.pressenza.com\/wp-content\/uploads\/2022\/10\/pressenza_logo_200x200.jpg","contentUrl":"https:\/\/www.pressenza.com\/wp-content\/uploads\/2022\/10\/pressenza_logo_200x200.jpg","width":200,"height":200,"caption":"Pressenza"},"image":{"@id":"https:\/\/www.pressenza.com\/fr\/#\/schema\/logo\/image\/"},"sameAs":["https:\/\/www.facebook.com\/PressenzaItalia","https:\/\/x.com\/PressenzaIPA"]},{"@type":"Person","@id":"https:\/\/www.pressenza.com\/fr\/#\/schema\/person\/3c9fe6670cc2cffbd37562f87b98e869","name":"R\u00e9daction France","description":"News published by the Pressenza bureau in France","sameAs":["http:\/\/www.pressenza.com\/fr"],"url":"https:\/\/www.pressenza.com\/fr\/author\/redactionfrance\/"}]}},"place":"","original_article_url":"http:\/\/www.projet-decroissance.net\/?p=2059#more-2059","_links":{"self":[{"href":"https:\/\/www.pressenza.com\/fr\/wp-json\/wp\/v2\/posts\/202546","targetHints":{"allow":["GET"]}}],"collection":[{"href":"https:\/\/www.pressenza.com\/fr\/wp-json\/wp\/v2\/posts"}],"about":[{"href":"https:\/\/www.pressenza.com\/fr\/wp-json\/wp\/v2\/types\/post"}],"author":[{"embeddable":true,"href":"https:\/\/www.pressenza.com\/fr\/wp-json\/wp\/v2\/users\/926"}],"replies":[{"embeddable":true,"href":"https:\/\/www.pressenza.com\/fr\/wp-json\/wp\/v2\/comments?post=202546"}],"version-history":[{"count":0,"href":"https:\/\/www.pressenza.com\/fr\/wp-json\/wp\/v2\/posts\/202546\/revisions"}],"wp:featuredmedia":[{"embeddable":true,"href":"https:\/\/www.pressenza.com\/fr\/wp-json\/wp\/v2\/media\/202942"}],"wp:attachment":[{"href":"https:\/\/www.pressenza.com\/fr\/wp-json\/wp\/v2\/media?parent=202546"}],"wp:term":[{"taxonomy":"category","embeddable":true,"href":"https:\/\/www.pressenza.com\/fr\/wp-json\/wp\/v2\/categories?post=202546"},{"taxonomy":"post_tag","embeddable":true,"href":"https:\/\/www.pressenza.com\/fr\/wp-json\/wp\/v2\/tags?post=202546"}],"curies":[{"name":"wp","href":"https:\/\/api.w.org\/{rel}","templated":true}]}}