{"id":2023,"date":"2009-11-02T00:00:00","date_gmt":"2009-11-02T00:00:00","guid":{"rendered":""},"modified":"2009-11-02T05:33:24","modified_gmt":"2009-11-02T05:33:24","slug":"lxathlete-dominicainx-marcos-diazx-nagera-contre-la-pauvrete-de-continent-a-continentx","status":"publish","type":"post","link":"https:\/\/www.pressenza.com\/fr\/2009\/11\/lxathlete-dominicainx-marcos-diazx-nagera-contre-la-pauvrete-de-continent-a-continentx\/","title":{"rendered":"L\u2019athl\u00e8te dominicain, Marcos Diaz, nagera contre la pauvret\u00e9 de continent \u00e0 continent."},"content":{"rendered":"<p>\u00ab Nous allons certainement nager dans des endroits o\u00f9 le danger ne sera pas pr\u00e9sent seulement dans l\u2019eau mais le message avec lequel nous entrerons dans ces pays ne se heurtera pas \u00e0 des id\u00e9aux politiques ou religieux \u00bb.<\/p>\n<p>Dans un premier temps, le nageur ira de l\u2019Oc\u00e9anie vers l\u2019Asie, en effectuant la travers\u00e9e de la Papouasie Nouvelle Guin\u00e9e vers l\u2019Indon\u00e9sie. Ensuite, il ralliera l\u2019Afrique par l\u2019Asie en nageant des c\u00f4tes du Yemen jusqu\u2019aux plages de Djibouti.<\/p>\n<p>La troisi\u00e8me \u00e9tape couvrira la distance entre le Maroc et l\u2019Espagne et enfin, l\u2019Eurasie aux Am\u00e9riques \u00e0 travers la Russie jusqu\u2019\u00e0 l\u2019Alaska. <\/p>\n<p>Traduction : Bruno Belbenoit<\/p>\n","protected":false},"excerpt":{"rendered":"<p>Entre mai et ao\u00fbt 2010, le sportif dominicain Marcos Diaz, connu comme nageur de longue distance, nagera entre les diff\u00e9rents continents en promouvant une campagne de prise de conscience contre la pauvret\u00e9 dans le monde, campagne soutenue par les Nations Unies. \u00c0 l\u2019ONU, il s\u2019est exprim\u00e9 sur les d\u00e9fis de cette initiative.<\/p>\n","protected":false},"author":137,"featured_media":0,"comment_status":"closed","ping_status":"open","sticky":false,"template":"","format":"standard","meta":{"footnotes":""},"categories":[88,94],"tags":[],"class_list":["post-2023","post","type-post","status-publish","format-standard","hentry","category-amerique-centrale","category-culture-fr"],"yoast_head":"<!-- This site is optimized with the Yoast SEO plugin v27.1.1 - https:\/\/yoast.com\/product\/yoast-seo-wordpress\/ -->\n<title>L\u2019athl\u00e8te dominicain, Marcos Diaz, nagera contre la pauvret\u00e9 de continent \u00e0 continent.<\/title>\n<meta name=\"description\" content=\"Entre mai et ao\u00fbt 2010, le sportif dominicain Marcos Diaz, connu comme nageur de longue distance, nagera entre les diff\u00e9rents continents en promouvant une campagne de prise de conscience contre la pauvret\u00e9 dans le monde, campagne soutenue par les Nations Unies. \u00c0 l\u2019ONU, il s\u2019est exprim\u00e9 sur les d\u00e9fis de cette initiative.\" \/>\n<meta name=\"robots\" content=\"index, follow, max-snippet:-1, max-image-preview:large, max-video-preview:-1\" \/>\n<link rel=\"canonical\" href=\"https:\/\/www.pressenza.com\/fr\/2009\/11\/lxathlete-dominicainx-marcos-diazx-nagera-contre-la-pauvrete-de-continent-a-continentx\/\" \/>\n<meta property=\"og:locale\" content=\"fr_FR\" \/>\n<meta property=\"og:type\" content=\"article\" \/>\n<meta property=\"og:title\" content=\"L\u2019athl\u00e8te dominicain, Marcos Diaz, nagera contre la pauvret\u00e9 de continent \u00e0 continent.\" \/>\n<meta property=\"og:description\" content=\"Entre mai et ao\u00fbt 2010, le sportif dominicain Marcos Diaz, connu comme nageur de longue distance, nagera entre les diff\u00e9rents continents en promouvant une campagne de prise de conscience contre la pauvret\u00e9 dans le monde, campagne soutenue par les Nations Unies. \u00c0 l\u2019ONU, il s\u2019est exprim\u00e9 sur les d\u00e9fis de cette initiative.\" \/>\n<meta property=\"og:url\" content=\"https:\/\/www.pressenza.com\/fr\/2009\/11\/lxathlete-dominicainx-marcos-diazx-nagera-contre-la-pauvrete-de-continent-a-continentx\/\" \/>\n<meta property=\"og:site_name\" content=\"Pressenza\" \/>\n<meta property=\"article:publisher\" content=\"https:\/\/www.facebook.com\/PressenzaItalia\" \/>\n<meta property=\"article:published_time\" content=\"2009-11-02T00:00:00+00:00\" \/>\n<meta property=\"article:modified_time\" content=\"2009-11-02T05:33:24+00:00\" \/>\n<meta name=\"author\" content=\"espacinsular.org\" \/>\n<meta name=\"twitter:card\" content=\"summary_large_image\" \/>\n<meta name=\"twitter:creator\" content=\"@PressenzaIPA\" \/>\n<meta name=\"twitter:site\" content=\"@PressenzaIPA\" \/>\n<meta name=\"twitter:label1\" content=\"\u00c9crit par\" \/>\n\t<meta name=\"twitter:data1\" content=\"espacinsular.org\" \/>\n\t<meta name=\"twitter:label2\" content=\"Dur\u00e9e de lecture estim\u00e9e\" \/>\n\t<meta name=\"twitter:data2\" content=\"1 minute\" \/>\n<script type=\"application\/ld+json\" class=\"yoast-schema-graph\">{\"@context\":\"https:\/\/schema.org\",\"@graph\":[{\"@type\":\"Article\",\"@id\":\"https:\/\/www.pressenza.com\/fr\/2009\/11\/lxathlete-dominicainx-marcos-diazx-nagera-contre-la-pauvrete-de-continent-a-continentx\/#article\",\"isPartOf\":{\"@id\":\"https:\/\/www.pressenza.com\/fr\/2009\/11\/lxathlete-dominicainx-marcos-diazx-nagera-contre-la-pauvrete-de-continent-a-continentx\/\"},\"author\":{\"name\":\"espacinsular.org\",\"@id\":\"https:\/\/www.pressenza.com\/fr\/#\/schema\/person\/6262af600353bc3b491144a33f2b6645\"},\"headline\":\"L\u2019athl\u00e8te dominicain, Marcos Diaz, nagera contre la pauvret\u00e9 de continent \u00e0 continent.\",\"datePublished\":\"2009-11-02T00:00:00+00:00\",\"dateModified\":\"2009-11-02T05:33:24+00:00\",\"mainEntityOfPage\":{\"@id\":\"https:\/\/www.pressenza.com\/fr\/2009\/11\/lxathlete-dominicainx-marcos-diazx-nagera-contre-la-pauvrete-de-continent-a-continentx\/\"},\"wordCount\":130,\"publisher\":{\"@id\":\"https:\/\/www.pressenza.com\/fr\/#organization\"},\"articleSection\":[\"Am\u00e9rique centrale\",\"Culture et M\u00e9dias\"],\"inLanguage\":\"fr-FR\"},{\"@type\":\"WebPage\",\"@id\":\"https:\/\/www.pressenza.com\/fr\/2009\/11\/lxathlete-dominicainx-marcos-diazx-nagera-contre-la-pauvrete-de-continent-a-continentx\/\",\"url\":\"https:\/\/www.pressenza.com\/fr\/2009\/11\/lxathlete-dominicainx-marcos-diazx-nagera-contre-la-pauvrete-de-continent-a-continentx\/\",\"name\":\"L\u2019athl\u00e8te dominicain, Marcos Diaz, nagera contre la pauvret\u00e9 de continent \u00e0 continent.\",\"isPartOf\":{\"@id\":\"https:\/\/www.pressenza.com\/fr\/#website\"},\"datePublished\":\"2009-11-02T00:00:00+00:00\",\"dateModified\":\"2009-11-02T05:33:24+00:00\",\"description\":\"Entre mai et ao\u00fbt 2010, le sportif dominicain Marcos Diaz, connu comme nageur de longue distance, nagera entre les diff\u00e9rents continents en promouvant une campagne de prise de conscience contre la pauvret\u00e9 dans le monde, campagne soutenue par les Nations Unies. \u00c0 l\u2019ONU, il s\u2019est exprim\u00e9 sur les d\u00e9fis de cette initiative.\",\"breadcrumb\":{\"@id\":\"https:\/\/www.pressenza.com\/fr\/2009\/11\/lxathlete-dominicainx-marcos-diazx-nagera-contre-la-pauvrete-de-continent-a-continentx\/#breadcrumb\"},\"inLanguage\":\"fr-FR\",\"potentialAction\":[{\"@type\":\"ReadAction\",\"target\":[\"https:\/\/www.pressenza.com\/fr\/2009\/11\/lxathlete-dominicainx-marcos-diazx-nagera-contre-la-pauvrete-de-continent-a-continentx\/\"]}]},{\"@type\":\"BreadcrumbList\",\"@id\":\"https:\/\/www.pressenza.com\/fr\/2009\/11\/lxathlete-dominicainx-marcos-diazx-nagera-contre-la-pauvrete-de-continent-a-continentx\/#breadcrumb\",\"itemListElement\":[{\"@type\":\"ListItem\",\"position\":1,\"name\":\"Accueil\",\"item\":\"https:\/\/www.pressenza.com\/fr\/\"},{\"@type\":\"ListItem\",\"position\":2,\"name\":\"L\u2019athl\u00e8te dominicain, Marcos Diaz, nagera contre la pauvret\u00e9 de continent \u00e0 continent.\"}]},{\"@type\":\"WebSite\",\"@id\":\"https:\/\/www.pressenza.com\/fr\/#website\",\"url\":\"https:\/\/www.pressenza.com\/fr\/\",\"name\":\"Pressenza\",\"description\":\"International Press Agency\",\"publisher\":{\"@id\":\"https:\/\/www.pressenza.com\/fr\/#organization\"},\"potentialAction\":[{\"@type\":\"SearchAction\",\"target\":{\"@type\":\"EntryPoint\",\"urlTemplate\":\"https:\/\/www.pressenza.com\/fr\/?s={search_term_string}\"},\"query-input\":{\"@type\":\"PropertyValueSpecification\",\"valueRequired\":true,\"valueName\":\"search_term_string\"}}],\"inLanguage\":\"fr-FR\"},{\"@type\":\"Organization\",\"@id\":\"https:\/\/www.pressenza.com\/fr\/#organization\",\"name\":\"Pressenza\",\"url\":\"https:\/\/www.pressenza.com\/fr\/\",\"logo\":{\"@type\":\"ImageObject\",\"inLanguage\":\"fr-FR\",\"@id\":\"https:\/\/www.pressenza.com\/fr\/#\/schema\/logo\/image\/\",\"url\":\"https:\/\/www.pressenza.com\/wp-content\/uploads\/2022\/10\/pressenza_logo_200x200.jpg\",\"contentUrl\":\"https:\/\/www.pressenza.com\/wp-content\/uploads\/2022\/10\/pressenza_logo_200x200.jpg\",\"width\":200,\"height\":200,\"caption\":\"Pressenza\"},\"image\":{\"@id\":\"https:\/\/www.pressenza.com\/fr\/#\/schema\/logo\/image\/\"},\"sameAs\":[\"https:\/\/www.facebook.com\/PressenzaItalia\",\"https:\/\/x.com\/PressenzaIPA\"]},{\"@type\":\"Person\",\"@id\":\"https:\/\/www.pressenza.com\/fr\/#\/schema\/person\/6262af600353bc3b491144a33f2b6645\",\"name\":\"espacinsular.org\",\"description\":\"Espacio de Comunicaci\u00f3n Insular is a communications institution committed to the promotion and strengthening of relations between the peoples of the Dominican Republic and Haiti\",\"url\":\"https:\/\/www.pressenza.com\/fr\/author\/espacinsular\/\"}]}<\/script>\n<!-- \/ Yoast SEO plugin. -->","yoast_head_json":{"title":"L\u2019athl\u00e8te dominicain, Marcos Diaz, nagera contre la pauvret\u00e9 de continent \u00e0 continent.","description":"Entre mai et ao\u00fbt 2010, le sportif dominicain Marcos Diaz, connu comme nageur de longue distance, nagera entre les diff\u00e9rents continents en promouvant une campagne de prise de conscience contre la pauvret\u00e9 dans le monde, campagne soutenue par les Nations Unies. \u00c0 l\u2019ONU, il s\u2019est exprim\u00e9 sur les d\u00e9fis de cette initiative.","robots":{"index":"index","follow":"follow","max-snippet":"max-snippet:-1","max-image-preview":"max-image-preview:large","max-video-preview":"max-video-preview:-1"},"canonical":"https:\/\/www.pressenza.com\/fr\/2009\/11\/lxathlete-dominicainx-marcos-diazx-nagera-contre-la-pauvrete-de-continent-a-continentx\/","og_locale":"fr_FR","og_type":"article","og_title":"L\u2019athl\u00e8te dominicain, Marcos Diaz, nagera contre la pauvret\u00e9 de continent \u00e0 continent.","og_description":"Entre mai et ao\u00fbt 2010, le sportif dominicain Marcos Diaz, connu comme nageur de longue distance, nagera entre les diff\u00e9rents continents en promouvant une campagne de prise de conscience contre la pauvret\u00e9 dans le monde, campagne soutenue par les Nations Unies. \u00c0 l\u2019ONU, il s\u2019est exprim\u00e9 sur les d\u00e9fis de cette initiative.","og_url":"https:\/\/www.pressenza.com\/fr\/2009\/11\/lxathlete-dominicainx-marcos-diazx-nagera-contre-la-pauvrete-de-continent-a-continentx\/","og_site_name":"Pressenza","article_publisher":"https:\/\/www.facebook.com\/PressenzaItalia","article_published_time":"2009-11-02T00:00:00+00:00","article_modified_time":"2009-11-02T05:33:24+00:00","author":"espacinsular.org","twitter_card":"summary_large_image","twitter_creator":"@PressenzaIPA","twitter_site":"@PressenzaIPA","twitter_misc":{"\u00c9crit par":"espacinsular.org","Dur\u00e9e de lecture estim\u00e9e":"1 minute"},"schema":{"@context":"https:\/\/schema.org","@graph":[{"@type":"Article","@id":"https:\/\/www.pressenza.com\/fr\/2009\/11\/lxathlete-dominicainx-marcos-diazx-nagera-contre-la-pauvrete-de-continent-a-continentx\/#article","isPartOf":{"@id":"https:\/\/www.pressenza.com\/fr\/2009\/11\/lxathlete-dominicainx-marcos-diazx-nagera-contre-la-pauvrete-de-continent-a-continentx\/"},"author":{"name":"espacinsular.org","@id":"https:\/\/www.pressenza.com\/fr\/#\/schema\/person\/6262af600353bc3b491144a33f2b6645"},"headline":"L\u2019athl\u00e8te dominicain, Marcos Diaz, nagera contre la pauvret\u00e9 de continent \u00e0 continent.","datePublished":"2009-11-02T00:00:00+00:00","dateModified":"2009-11-02T05:33:24+00:00","mainEntityOfPage":{"@id":"https:\/\/www.pressenza.com\/fr\/2009\/11\/lxathlete-dominicainx-marcos-diazx-nagera-contre-la-pauvrete-de-continent-a-continentx\/"},"wordCount":130,"publisher":{"@id":"https:\/\/www.pressenza.com\/fr\/#organization"},"articleSection":["Am\u00e9rique centrale","Culture et M\u00e9dias"],"inLanguage":"fr-FR"},{"@type":"WebPage","@id":"https:\/\/www.pressenza.com\/fr\/2009\/11\/lxathlete-dominicainx-marcos-diazx-nagera-contre-la-pauvrete-de-continent-a-continentx\/","url":"https:\/\/www.pressenza.com\/fr\/2009\/11\/lxathlete-dominicainx-marcos-diazx-nagera-contre-la-pauvrete-de-continent-a-continentx\/","name":"L\u2019athl\u00e8te dominicain, Marcos Diaz, nagera contre la pauvret\u00e9 de continent \u00e0 continent.","isPartOf":{"@id":"https:\/\/www.pressenza.com\/fr\/#website"},"datePublished":"2009-11-02T00:00:00+00:00","dateModified":"2009-11-02T05:33:24+00:00","description":"Entre mai et ao\u00fbt 2010, le sportif dominicain Marcos Diaz, connu comme nageur de longue distance, nagera entre les diff\u00e9rents continents en promouvant une campagne de prise de conscience contre la pauvret\u00e9 dans le monde, campagne soutenue par les Nations Unies. \u00c0 l\u2019ONU, il s\u2019est exprim\u00e9 sur les d\u00e9fis de cette initiative.","breadcrumb":{"@id":"https:\/\/www.pressenza.com\/fr\/2009\/11\/lxathlete-dominicainx-marcos-diazx-nagera-contre-la-pauvrete-de-continent-a-continentx\/#breadcrumb"},"inLanguage":"fr-FR","potentialAction":[{"@type":"ReadAction","target":["https:\/\/www.pressenza.com\/fr\/2009\/11\/lxathlete-dominicainx-marcos-diazx-nagera-contre-la-pauvrete-de-continent-a-continentx\/"]}]},{"@type":"BreadcrumbList","@id":"https:\/\/www.pressenza.com\/fr\/2009\/11\/lxathlete-dominicainx-marcos-diazx-nagera-contre-la-pauvrete-de-continent-a-continentx\/#breadcrumb","itemListElement":[{"@type":"ListItem","position":1,"name":"Accueil","item":"https:\/\/www.pressenza.com\/fr\/"},{"@type":"ListItem","position":2,"name":"L\u2019athl\u00e8te dominicain, Marcos Diaz, nagera contre la pauvret\u00e9 de continent \u00e0 continent."}]},{"@type":"WebSite","@id":"https:\/\/www.pressenza.com\/fr\/#website","url":"https:\/\/www.pressenza.com\/fr\/","name":"Pressenza","description":"International Press Agency","publisher":{"@id":"https:\/\/www.pressenza.com\/fr\/#organization"},"potentialAction":[{"@type":"SearchAction","target":{"@type":"EntryPoint","urlTemplate":"https:\/\/www.pressenza.com\/fr\/?s={search_term_string}"},"query-input":{"@type":"PropertyValueSpecification","valueRequired":true,"valueName":"search_term_string"}}],"inLanguage":"fr-FR"},{"@type":"Organization","@id":"https:\/\/www.pressenza.com\/fr\/#organization","name":"Pressenza","url":"https:\/\/www.pressenza.com\/fr\/","logo":{"@type":"ImageObject","inLanguage":"fr-FR","@id":"https:\/\/www.pressenza.com\/fr\/#\/schema\/logo\/image\/","url":"https:\/\/www.pressenza.com\/wp-content\/uploads\/2022\/10\/pressenza_logo_200x200.jpg","contentUrl":"https:\/\/www.pressenza.com\/wp-content\/uploads\/2022\/10\/pressenza_logo_200x200.jpg","width":200,"height":200,"caption":"Pressenza"},"image":{"@id":"https:\/\/www.pressenza.com\/fr\/#\/schema\/logo\/image\/"},"sameAs":["https:\/\/www.facebook.com\/PressenzaItalia","https:\/\/x.com\/PressenzaIPA"]},{"@type":"Person","@id":"https:\/\/www.pressenza.com\/fr\/#\/schema\/person\/6262af600353bc3b491144a33f2b6645","name":"espacinsular.org","description":"Espacio de Comunicaci\u00f3n Insular is a communications institution committed to the promotion and strengthening of relations between the peoples of the Dominican Republic and Haiti","url":"https:\/\/www.pressenza.com\/fr\/author\/espacinsular\/"}]}},"place":"Saint Domingue","original_article_url":"","_links":{"self":[{"href":"https:\/\/www.pressenza.com\/fr\/wp-json\/wp\/v2\/posts\/2023","targetHints":{"allow":["GET"]}}],"collection":[{"href":"https:\/\/www.pressenza.com\/fr\/wp-json\/wp\/v2\/posts"}],"about":[{"href":"https:\/\/www.pressenza.com\/fr\/wp-json\/wp\/v2\/types\/post"}],"author":[{"embeddable":true,"href":"https:\/\/www.pressenza.com\/fr\/wp-json\/wp\/v2\/users\/137"}],"replies":[{"embeddable":true,"href":"https:\/\/www.pressenza.com\/fr\/wp-json\/wp\/v2\/comments?post=2023"}],"version-history":[{"count":0,"href":"https:\/\/www.pressenza.com\/fr\/wp-json\/wp\/v2\/posts\/2023\/revisions"}],"wp:attachment":[{"href":"https:\/\/www.pressenza.com\/fr\/wp-json\/wp\/v2\/media?parent=2023"}],"wp:term":[{"taxonomy":"category","embeddable":true,"href":"https:\/\/www.pressenza.com\/fr\/wp-json\/wp\/v2\/categories?post=2023"},{"taxonomy":"post_tag","embeddable":true,"href":"https:\/\/www.pressenza.com\/fr\/wp-json\/wp\/v2\/tags?post=2023"}],"curies":[{"name":"wp","href":"https:\/\/api.w.org\/{rel}","templated":true}]}}