{"id":200334,"date":"2015-07-07T10:56:40","date_gmt":"2015-07-07T09:56:40","guid":{"rendered":"http:\/\/www.pressenza.com\/?p=200334"},"modified":"2015-07-08T02:41:26","modified_gmt":"2015-07-08T01:41:26","slug":"energie-solaire-mais-pourquoi-edf-et-letat-laissent-ils-tomber-une-invention-prometteuse","status":"publish","type":"post","link":"https:\/\/www.pressenza.com\/fr\/2015\/07\/energie-solaire-mais-pourquoi-edf-et-letat-laissent-ils-tomber-une-invention-prometteuse\/","title":{"rendered":"Energie solaire : mais pourquoi EDF et l\u2019Etat laissent-ils tomber une invention prometteuse ?"},"content":{"rendered":"<p>C\u2019est une innovation prometteuse\u00a0: \u00e9quiper les fen\u00eatres des b\u00e2timents d\u2019un filtre photovolta\u00efque aux allures de vitres fum\u00e9es, qui permet de produire de l\u2019\u00e9lectricit\u00e9. De quoi rendre les b\u00e2timents plus autonomes et favoriser l\u2019essor des \u00e9nergies renouvelables. Probl\u00e8me\u00a0: EDF a d\u00e9cid\u00e9 de cesser l\u2019activit\u00e9 de sa filiale, Nexcis, qui a mis au point le proc\u00e9d\u00e9. Abasourdis par la d\u00e9cision, les salari\u00e9s, menac\u00e9s par un plan social, proposent de reprendre l\u2019entreprise, avec le soutien de syndicats. Mais dans l\u2019indiff\u00e9rence, pour l\u2019instant, du gouvernement.<\/p>\n<div class=\"main\">\n<div class=\"crayon article-texte-5016 texte surlignable\">\n<p>L\u2019\u00e9t\u00e9 s\u2019annonce long et angoissant pour les 77 salari\u00e9s de Nexcis, une filiale d\u2019EDF sp\u00e9cialis\u00e9e dans la recherche en \u00e9nergie photovolta\u00efque, implant\u00e9e pr\u00e8s d\u2019Aix-en-Provence. Ils sont menac\u00e9s de licenciements apr\u00e8s qu\u2019EDF a annonc\u00e9 la liquidation de la soci\u00e9t\u00e9. Une annonce d\u2019autant plus surprenante que les ing\u00e9nieurs et techniciens de <a class=\"spip_out\" href=\"http:\/\/www.nexcis.fr\/fr\/\" rel=\"external\">Nexcis<\/a> ont mis au point un proc\u00e9d\u00e9 digne d\u2019int\u00e9r\u00eat\u00a0: de minces panneaux photovolta\u00efques int\u00e9gr\u00e9s dans le double vitrage des b\u00e2timents, maisons comme immeubles. Ces fen\u00eatres appel\u00e9es BIPV (pour \u00ab\u00a0Building integrated photovolta\u00efc\u00a0\u00bb) permettent \u00e0 la fois de moduler la luminosit\u00e9 et de produire l\u2019\u00e9lectricit\u00e9.<\/p>\n<p><i>\u00ab\u00a0Des ouvrages avec des vitres orient\u00e9es \u00e0 l\u2019est, \u00e0 l\u2019ouest et au sud pourraient \u00eatre autosuffisants en \u00e9nergie le jour\u00a0\u00bb<\/i>, assure Bertrand Bertrand, responsable design et fiabilit\u00e9 de la filiale. <i>\u00ab\u00a0Nexcis a d\u00e9velopp\u00e9 une technologie tr\u00e8s prometteuse avec des rendements tr\u00e8s satisfaisants\u00a0\u00bb<\/i>, confirme un observateur ext\u00e9rieur, Jean-Louis Bal, pr\u00e9sident du Syndicat des \u00e9nergies renouvelables (<a class=\"spip_out\" href=\"http:\/\/www.enr.fr\/\" rel=\"external\">ENR<\/a>). La technologie BIPV a \u00e9t\u00e9 finalis\u00e9e en novembre 2014. Pour ses recherches, Nexcis, lanc\u00e9e conjointement en 2009 par EDF et l\u2019Institut de recherche et d\u00e9veloppement pour l\u2019\u00e9nergie photovolta\u00efque (Irdep)<span class=\"spip_note_ref\">\u00a0[<a id=\"nh1\" class=\"spip_note\" title=\"L\u2019Irdep est un institut de recherche mixte entre EDF, CNRS et Chimie\u00a0(...)\" href=\"http:\/\/www.bastamag.net\/Energie-solaire-mais-pourquoi-EDF-et-l-Etat-laissent-ils-tomber-une-invention#nb1\" rel=\"footnote\">1<\/a>]<\/span> a b\u00e9n\u00e9fici\u00e9 d\u2019un investissement de 75 millions d\u2019euros, dont un tiers d\u2019aides publiques. 17 brevets ont \u00e9t\u00e9 d\u00e9pos\u00e9s. L\u2019invention n\u2019attend plus qu\u2019\u00e0 \u00eatre commercialis\u00e9e, avec la perspective d\u2019am\u00e9liorer la sobri\u00e9t\u00e9 et l\u2019autonomie \u00e9nerg\u00e9tique des b\u00e2timents qui en seront \u00e9quip\u00e9s.<\/p>\n<h3 class=\"spip\">\u00ab\u00a0Quand EDF nous a annonc\u00e9 la fin, nous n\u2019avions rien vu venir\u00a0\u00bb<\/h3>\n<p>La direction d\u2019EDF en a d\u00e9cid\u00e9 autrement, en annon\u00e7ant en f\u00e9vrier dernier la cessation d\u2019activit\u00e9s de la filiale et un \u00ab\u00a0plan de sauvegarde de l\u2019emploi\u00a0\u00bb. Les salari\u00e9s en ont \u00e9t\u00e9 les premiers surpris. <i>\u00ab\u00a0Nous \u00e9tions tranquillement en train de travailler \u00e0 ces recherches. Pas d\u2019ouvriers, pas de culture syndicale, et quand EDF nous a annonc\u00e9 la fin, nous n\u2019avions rien vu venir\u00a0\u00bb<\/i>, confie Stephan Dainotti, repr\u00e9sentant du personnel qui s\u2019est depuis syndiqu\u00e9 \u00e0 la CGT quand il s\u2019est aper\u00e7u que <i>\u00ab\u00a0la CFDT signait tout, tout de suite\u00a0\u00bb<\/i>.<\/p>\n<p>Pourquoi risquer de ruiner ainsi six ann\u00e9es de fructueuses innovations\u00a0? Le myst\u00e8re demeure. <i>\u00ab\u00a0Jean-Bernard L\u00e9vy<\/i> [le nouveau PDG d\u2019EDF] est arriv\u00e9 en octobre dernier. Il est l\u00e0 pour rendre EDF le plus rentable possible. Nexcis \u00e9tant un centre de recherche avec un co\u00fbt, il coupe la branche\u00a0\u00bb, avance le repr\u00e9sentant syndical. D\u2019autant que l\u2019invention, si elle est mise en \u0153uvre \u00e0 grande \u00e9chelle, pourrait contribuer \u00e0 r\u00e9duire la consommation d\u2019\u00e9lectricit\u00e9 produite par EDF et, \u00e0 terme, entraver ses b\u00e9n\u00e9fices. On sait le peu de cas que l\u2019\u00e9lectricien r\u00e9serve, pour l\u2019instant, au d\u00e9veloppement des \u00e9nergies renouvelables\u00a0: elles ne p\u00e8sent que 0,1% de sa production d\u2019\u00e9lectricit\u00e9 en France (hors barrages qui p\u00e8sent 9,8%, le nucl\u00e9aire repr\u00e9sentant 88%, voir notre document sur le sujet). Ce qui n\u2019a pas emp\u00each\u00e9 l\u2019entreprise publique d&rsquo;\u00eatre choisie par le gouvernement comme sponsor de la conf\u00e9rence sur le climat, fin 2015 \u00e0 Paris.<\/p>\n<h3 class=\"spip\">\u00ab\u00a0P\u00e9pite technologique\u00a0\u00bb<\/h3>\n<p>Pour Stephan Dainotti, les actionnaires de Nexcis, au premier rang desquels EDF,<i>\u00ab\u00a0se sont dit qu\u2019il y avait quelque chose \u00e0 tirer de ces recherches, qu\u2019il fallait juste mettre les brevets au chaud pour les r\u00e9cup\u00e9rer plus tard\u00a0\u00bb<\/i><span class=\"spip_note_ref\">\u00a0[<a id=\"nh2\" class=\"spip_note\" title=\"EDF d\u00e9tient 65 % (via EDF Energies nouvelles et sa holding Edev) de Nexcis ;\u00a0(...)\" href=\"http:\/\/www.bastamag.net\/Energie-solaire-mais-pourquoi-EDF-et-l-Etat-laissent-ils-tomber-une-invention#nb2\" rel=\"footnote\">2<\/a>]<\/span>. Et les revendre \u00e0 bon prix, sans s\u2019embarrasser de 77 salari\u00e9s. Cette hypoth\u00e8se s\u2019appuie sur le sort r\u00e9serv\u00e9 par EDF au rapport demand\u00e9 \u00e0 la banque Rothschild. Entre mai et novembre 2014, la banque est mandat\u00e9e par EDF pour trouver de nouveaux investisseurs potentiels \u00e0 Nexcis. Selon, Stephan Dainotti, si la banque n\u2019a pas identifi\u00e9 de nouveaux partenaires, elle a conseill\u00e9 \u00e0 EDF de pr\u00e9server sa filiale. <i>\u00ab\u00a0Au regard des premiers r\u00e9sultats sur le BIPV tomb\u00e9s mi-novembre, la banque a malgr\u00e9 tout d\u00e9fendu le sc\u00e9nario d\u2019une poursuite de l\u2019activit\u00e9 de Nexcis sur deux ou trois ans pour tenter d\u2019exploiter au mieux cette p\u00e9pite technologique\u00a0\u00bb<\/i>, commente le syndicaliste.<\/p>\n<p>EDF en a d\u00e9cid\u00e9 autrement, peut-\u00eatre aussi \u00e0 cause de la rude concurrence sur le march\u00e9 du photovolta\u00efque, d\u00e9stabilis\u00e9 par l\u2019arriv\u00e9e d\u2019entreprises chinoises. Egalement \u00e0 cause des al\u00e9as du soutien public \u00e0 la fili\u00e8re. <i>\u00ab\u00a0Je n\u2019ai pas suffisamment d\u2019\u00e9l\u00e9ments pour analyser les raisons du l\u00e2chage de Nexcis par EDF<\/i>, pr\u00e9vient le pr\u00e9sident du Syndicat des \u00e9nergies renouvelables, Jean-Louis Bal. <i>Mais je peux dire que l\u2019\u00e9tat actuel du d\u00e9veloppement de la fili\u00e8re photovolta\u00efque en France, tr\u00e8s d\u00e9pendante d\u2019appels d\u2019offres toujours repouss\u00e9s, ne favorise pas l\u2019investissement industriel. L\u2019extr\u00eame irr\u00e9gularit\u00e9 du march\u00e9 cr\u00e9e une situation difficile, y compris pour des entreprises fran\u00e7aises telles que Photowatt<\/i> [reprise en 2012 par EDF]<i>, Voltec Solar ou Fonroche.\u00a0\u00bb<\/i><\/p>\n<h3 class=\"spip\">Projet de reprise par des salari\u00e9s<\/h3>\n<p>En avril, treize chercheurs du CNRS, sp\u00e9cialis\u00e9s dans le photovolta\u00efque, appelaient \u00e0<i>\u00ab\u00a0sortir Nexcis de la vall\u00e9e de la mort\u00a0\u00bb<\/i> et \u00e0 <i>\u00ab\u00a0explorer, avant qu\u2019il ne soit trop tard, toutes les solutions susceptibles de pr\u00e9server les acquis uniques port\u00e9s par Nexcis dans le domaine du photovolta\u00efque en France\u00a0\u00bb<\/i>. (<a class=\"spip_out\" href=\"http:\/\/blogs.mediapart.fr\/edition\/les-invites-de-mediapart\/article\/130415\/sortir-nexcis-de-la-vallee-de-la-mort\" rel=\"external\">\u00e0 lire sur Mediapart<\/a>). Contact\u00e9e, la direction d\u2019EDF n\u2019a pas souhait\u00e9 commenter sa d\u00e9cision. Le nouveau directeur g\u00e9n\u00e9ral de Nexcis, Michel Rubino, nomm\u00e9 en avril \u00e0 la place de son pr\u00e9d\u00e9cesseur, en cong\u00e9 maladie depuis le mois de mars, attend, lui, que des repreneurs se manifestent.<\/p>\n<p>Car l\u2019histoire de Nexcis et de son proc\u00e9d\u00e9 n\u2019est pas termin\u00e9e. Trois dossiers de reprise devraient \u00eatre d\u00e9pos\u00e9s d\u2019ici le 15 juillet, dont un port\u00e9 par des salari\u00e9s. Une quarantaine d\u2019entre eux se sont associ\u00e9s \u00e0 une <i>start-up<\/i> de sept personnes, cr\u00e9\u00e9e en 2011 et install\u00e9e \u00e0 Gardanne, <a class=\"spip_out\" href=\"http:\/\/crosslux.eu\/\" rel=\"external\">Crosslux<\/a>. La TPE a d\u00e9velopp\u00e9 une technique qui ajoute de la valeur esth\u00e9tique au vitrage en lui conf\u00e9rant un aspect vitre fum\u00e9e. Utilisant la technologie CIGS (pour \u00ab\u00a0cuivre indium gallium et s\u00e9l\u00e9nium\u00a0\u00bb) d\u2019\u00e9laboration de cellules photovolta\u00efques en couche mince, ce proc\u00e9d\u00e9 est consid\u00e9r\u00e9 comme performant d\u2019un point de vue \u00e9conomique et \u00e9nerg\u00e9tique par la plupart des acteurs du secteur. <i>\u00ab\u00a0Nexcis a un produit mais pas de march\u00e9. Crosslux a un march\u00e9 mais pas encore de produit\u00a0\u00bb<\/i>, r\u00e9sume Pierre Yves Thoulon, directeur technique de la petite entreprise, pour expliquer leur projet de \u00ab\u00a0mariage\u00a0\u00bb. Deux entreprises du b\u00e2timent, Bouygues Construction et TCE Solar, une entreprise de BTP sp\u00e9cialis\u00e9e dans les b\u00e2timents \u00e0 \u00ab\u00a0\u00e9nergie positive\u00a0\u00bb, seraient int\u00e9ress\u00e9es. A terme, la nouvelle activit\u00e9 pourrait cr\u00e9er 150 \u00e0 200 emplois.<\/p>\n<h3 class=\"spip\">Le gouvernement aux abonn\u00e9s absents<\/h3>\n<p>Des soutiens politiques commencent \u00e0 se manifester. Des \u00e9lus locaux du Front de gauche, l\u2019eurod\u00e9put\u00e9e \u00e9cologiste Mich\u00e8le Rivasi, ou la maire d\u2019Aix-en-Provence, Maryse Joissains (UMP), sont intervenues (une <a class=\"spip_out\" href=\"https:\/\/secure.avaaz.org\/fr\/petition\/Maintien_de_lemploi_dans_les_Bouches_du_Rhone_NON_A_LA_FERMETURE_DE_NEXCIS_FILIALE_DEDF\/?wzRFpjb\" rel=\"external\">p\u00e9tition de soutien<\/a> a \u00e9t\u00e9 lanc\u00e9e mi-avril). Mais le soutien de l\u2019Etat, propri\u00e9taire \u00e0 84% d\u2019EDF, se fait attendre. <i>\u00ab\u00a0Dans cette affaire, il ne joue pas son r\u00f4le et cet abandon nous d\u00e9sole<\/i>, commente Laurent Langlard, porte-parole de la F\u00e9d\u00e9ration mines et \u00e9nergies de la CGT, qui d\u00e9fend <i>la mise en place de vraies fili\u00e8res industrielles sur les \u00e9nergies renouvelables.\u00a0\u00bb<\/i><\/p>\n<p>Les salari\u00e9s de Nexcis ont \u00e9t\u00e9 re\u00e7us fin mars par Elisabeth Borne, alors directrice de cabinet de S\u00e9gol\u00e8ne Royal<span class=\"spip_note_ref\">\u00a0[<a id=\"nh3\" class=\"spip_note\" title=\"Elle a depuis \u00e9t\u00e9 nomm\u00e9e \u00e0 la t\u00eate de la RATP.\" href=\"http:\/\/www.bastamag.net\/Energie-solaire-mais-pourquoi-EDF-et-l-Etat-laissent-ils-tomber-une-invention#nb3\" rel=\"footnote\">3<\/a>]<\/span>\u00a0: <i>\u00ab\u00a0Ils nous ont \u00e9cout\u00e9s, nous ont dit qu\u2019ils nous comprenaient, mais on attend toujours leur retour\u00a0\u00bb<\/i>, relate, d\u00e9pit\u00e9, un salari\u00e9 de Nexcis. <i>\u00ab\u00a0On soutient leur projet de reprise \u00e0 200%, d\u2019autant que potentiellement il devrait cr\u00e9er de l\u2019emploi. Alors que l\u2019Etat parle beaucoup de transition \u00e9nerg\u00e9tique, ce choix de l\u00e2cher Nexcis le renvoie \u00e0 ses propres contradictions\u00a0!\u00a0\u00bb<\/i>, s\u2019agace Gilbert Benhamou, de la CGT des Bouches-du- Rh\u00f4ne. Le silence va-t-il se rompre\u00a0? <i>\u00ab\u00a0On attend la loi sur la transition \u00e9nerg\u00e9tique cens\u00e9e donner plus de visibilit\u00e9 aux \u00e9nergies renouvelables et notamment au photovolta\u00efque<\/i>, souligne Jean-Louis Bal.<i>Le gouvernement sera contraint d\u2019y allouer des moyens, fili\u00e8re par fili\u00e8re. On verra alors quelle est la r\u00e9elle volont\u00e9 de l\u2019Etat. En attendant, la fermeture de Nexcis par EDF est bien r\u00e9v\u00e9latrice d\u2019une contradiction majeure de l\u2019Etat.\u00a0\u00bb<\/i> Une de plus en mati\u00e8re de cr\u00e9ations d\u2019emplois associ\u00e9e \u00e0 l\u2019enjeu de la transition \u00e9nerg\u00e9tique.<\/p>\n<p>Emmanuel Riond\u00e9<\/p>\n<p>Photo\u00a0: CC Sandia Labs<\/p>\n<\/div>\n<\/div>\n<footer>\n<div class=\"notes\">\n<h2>Notes<\/h2>\n<div id=\"nb1\">\n<p><span class=\"spip_note_ref\">[<a class=\"spip_note\" title=\"Notes 1\" href=\"http:\/\/www.bastamag.net\/Energie-solaire-mais-pourquoi-EDF-et-l-Etat-laissent-ils-tomber-une-invention#nh1\" rev=\"footnote\">1<\/a>]\u00a0<\/span>L\u2019Irdep est un institut de recherche mixte entre EDF, CNRS et Chimie ParisTech (Ecole Nationale Sup\u00e9rieure de Chimie de Paris).<\/p>\n<\/div>\n<div id=\"nb2\">\n<p><span class=\"spip_note_ref\">[<a class=\"spip_note\" title=\"Notes 2\" href=\"http:\/\/www.bastamag.net\/Energie-solaire-mais-pourquoi-EDF-et-l-Etat-laissent-ils-tomber-une-invention#nh2\" rev=\"footnote\">2<\/a>]\u00a0<\/span>EDF d\u00e9tient 65\u00a0% (via EDF Energies nouvelles et sa holding Edev) de Nexcis\u00a0; la soci\u00e9t\u00e9 d\u2019investissement EREN 33\u00a0%, le fondateur de Nexcis, Olivier Kerrec, 1,9\u00a0% et IBM les 0,1% restant.<\/p>\n<\/div>\n<div id=\"nb3\">\n<p><span class=\"spip_note_ref\">[<a class=\"spip_note\" title=\"Notes 3\" href=\"http:\/\/www.bastamag.net\/Energie-solaire-mais-pourquoi-EDF-et-l-Etat-laissent-ils-tomber-une-invention#nh3\" rev=\"footnote\">3<\/a>]\u00a0<\/span>Elle a depuis \u00e9t\u00e9 nomm\u00e9e \u00e0 la t\u00eate de la RATP.<\/p>\n<\/div>\n<\/div>\n<\/footer>\n","protected":false},"excerpt":{"rendered":"<p>C\u2019est une innovation prometteuse\u00a0: \u00e9quiper les fen\u00eatres des b\u00e2timents d\u2019un filtre photovolta\u00efque aux allures de vitres fum\u00e9es, qui permet de produire de l\u2019\u00e9lectricit\u00e9. De quoi rendre les b\u00e2timents plus autonomes et favoriser l\u2019essor des \u00e9nergies renouvelables. Probl\u00e8me\u00a0: EDF a d\u00e9cid\u00e9&hellip;<\/p>\n","protected":false},"author":1043,"featured_media":200336,"comment_status":"closed","ping_status":"open","sticky":false,"template":"","format":"standard","meta":{"footnotes":""},"categories":[97,100,85,163],"tags":[7376,3125,15819,4681],"class_list":["post-200334","post","type-post","status-publish","format-standard","has-post-thumbnail","hentry","category-environnement-et-ecologie","category-economie","category-europe-fr","category-opinion-fr","tag-climat","tag-emplois","tag-energies-renouvelables","tag-syndicalisme"],"yoast_head":"<!-- This site is optimized with the Yoast SEO plugin v27.1.1 - https:\/\/yoast.com\/product\/yoast-seo-wordpress\/ -->\n<title>Energie solaire : mais pourquoi EDF et l\u2019Etat laissent-ils tomber une invention prometteuse ?<\/title>\n<meta name=\"description\" content=\"C\u2019est une innovation prometteuse\u00a0: \u00e9quiper les fen\u00eatres des b\u00e2timents d\u2019un filtre photovolta\u00efque aux allures de vitres fum\u00e9es, qui permet de produire de\" \/>\n<meta name=\"robots\" content=\"index, follow, max-snippet:-1, max-image-preview:large, max-video-preview:-1\" \/>\n<link rel=\"canonical\" href=\"https:\/\/www.pressenza.com\/fr\/2015\/07\/energie-solaire-mais-pourquoi-edf-et-letat-laissent-ils-tomber-une-invention-prometteuse\/\" \/>\n<meta property=\"og:locale\" content=\"fr_FR\" \/>\n<meta property=\"og:type\" content=\"article\" \/>\n<meta property=\"og:title\" content=\"Energie solaire : mais pourquoi EDF et l\u2019Etat laissent-ils tomber une invention prometteuse ?\" \/>\n<meta property=\"og:description\" content=\"C\u2019est une innovation prometteuse\u00a0: \u00e9quiper les fen\u00eatres des b\u00e2timents d\u2019un filtre photovolta\u00efque aux allures de vitres fum\u00e9es, qui permet de produire de\" \/>\n<meta property=\"og:url\" content=\"https:\/\/www.pressenza.com\/fr\/2015\/07\/energie-solaire-mais-pourquoi-edf-et-letat-laissent-ils-tomber-une-invention-prometteuse\/\" \/>\n<meta property=\"og:site_name\" content=\"Pressenza\" \/>\n<meta property=\"article:publisher\" content=\"https:\/\/www.facebook.com\/PressenzaItalia\" \/>\n<meta property=\"article:author\" content=\"https:\/\/www.facebook.com\/pages\/Basta-Site-dinformation-sur-les-luttes-environnementales-et-sociales\/262286559891\" \/>\n<meta property=\"article:published_time\" content=\"2015-07-07T09:56:40+00:00\" \/>\n<meta property=\"article:modified_time\" content=\"2015-07-08T01:41:26+00:00\" \/>\n<meta property=\"og:image\" content=\"https:\/\/www.pressenza.com\/wp-content\/uploads\/2015\/07\/arton5016-50adc.jpg\" \/>\n\t<meta property=\"og:image:width\" content=\"540\" \/>\n\t<meta property=\"og:image:height\" content=\"358\" \/>\n\t<meta property=\"og:image:type\" content=\"image\/jpeg\" \/>\n<meta name=\"author\" content=\"Bastamag\" \/>\n<meta name=\"twitter:card\" content=\"summary_large_image\" \/>\n<meta name=\"twitter:creator\" content=\"@bastamag\" \/>\n<meta name=\"twitter:site\" content=\"@PressenzaIPA\" \/>\n<meta name=\"twitter:label1\" content=\"\u00c9crit par\" \/>\n\t<meta name=\"twitter:data1\" content=\"Bastamag\" \/>\n\t<meta name=\"twitter:label2\" content=\"Dur\u00e9e de lecture estim\u00e9e\" \/>\n\t<meta name=\"twitter:data2\" content=\"8 minutes\" \/>\n<script type=\"application\/ld+json\" class=\"yoast-schema-graph\">{\"@context\":\"https:\/\/schema.org\",\"@graph\":[{\"@type\":\"Article\",\"@id\":\"https:\/\/www.pressenza.com\/fr\/2015\/07\/energie-solaire-mais-pourquoi-edf-et-letat-laissent-ils-tomber-une-invention-prometteuse\/#article\",\"isPartOf\":{\"@id\":\"https:\/\/www.pressenza.com\/fr\/2015\/07\/energie-solaire-mais-pourquoi-edf-et-letat-laissent-ils-tomber-une-invention-prometteuse\/\"},\"author\":{\"name\":\"Bastamag\",\"@id\":\"https:\/\/www.pressenza.com\/fr\/#\/schema\/person\/017dfcd67def6ac675c187e710c4e749\"},\"headline\":\"Energie solaire : mais pourquoi EDF et l\u2019Etat laissent-ils tomber une invention prometteuse ?\",\"datePublished\":\"2015-07-07T09:56:40+00:00\",\"dateModified\":\"2015-07-08T01:41:26+00:00\",\"mainEntityOfPage\":{\"@id\":\"https:\/\/www.pressenza.com\/fr\/2015\/07\/energie-solaire-mais-pourquoi-edf-et-letat-laissent-ils-tomber-une-invention-prometteuse\/\"},\"wordCount\":1634,\"publisher\":{\"@id\":\"https:\/\/www.pressenza.com\/fr\/#organization\"},\"image\":{\"@id\":\"https:\/\/www.pressenza.com\/fr\/2015\/07\/energie-solaire-mais-pourquoi-edf-et-letat-laissent-ils-tomber-une-invention-prometteuse\/#primaryimage\"},\"thumbnailUrl\":\"https:\/\/www.pressenza.com\/wp-content\/uploads\/2015\/07\/arton5016-50adc.jpg\",\"keywords\":[\"climat\",\"emplois\",\"\u00e9nergies renouvelables\",\"syndicalisme\"],\"articleSection\":[\"Ecologie et Environnement\",\"Economie\",\"Europe\",\"Opinion\"],\"inLanguage\":\"fr-FR\"},{\"@type\":\"WebPage\",\"@id\":\"https:\/\/www.pressenza.com\/fr\/2015\/07\/energie-solaire-mais-pourquoi-edf-et-letat-laissent-ils-tomber-une-invention-prometteuse\/\",\"url\":\"https:\/\/www.pressenza.com\/fr\/2015\/07\/energie-solaire-mais-pourquoi-edf-et-letat-laissent-ils-tomber-une-invention-prometteuse\/\",\"name\":\"Energie solaire : mais pourquoi EDF et l\u2019Etat laissent-ils tomber une invention prometteuse ?\",\"isPartOf\":{\"@id\":\"https:\/\/www.pressenza.com\/fr\/#website\"},\"primaryImageOfPage\":{\"@id\":\"https:\/\/www.pressenza.com\/fr\/2015\/07\/energie-solaire-mais-pourquoi-edf-et-letat-laissent-ils-tomber-une-invention-prometteuse\/#primaryimage\"},\"image\":{\"@id\":\"https:\/\/www.pressenza.com\/fr\/2015\/07\/energie-solaire-mais-pourquoi-edf-et-letat-laissent-ils-tomber-une-invention-prometteuse\/#primaryimage\"},\"thumbnailUrl\":\"https:\/\/www.pressenza.com\/wp-content\/uploads\/2015\/07\/arton5016-50adc.jpg\",\"datePublished\":\"2015-07-07T09:56:40+00:00\",\"dateModified\":\"2015-07-08T01:41:26+00:00\",\"description\":\"C\u2019est une innovation prometteuse\u00a0: \u00e9quiper les fen\u00eatres des b\u00e2timents d\u2019un filtre photovolta\u00efque aux allures de vitres fum\u00e9es, qui permet de produire de\",\"breadcrumb\":{\"@id\":\"https:\/\/www.pressenza.com\/fr\/2015\/07\/energie-solaire-mais-pourquoi-edf-et-letat-laissent-ils-tomber-une-invention-prometteuse\/#breadcrumb\"},\"inLanguage\":\"fr-FR\",\"potentialAction\":[{\"@type\":\"ReadAction\",\"target\":[\"https:\/\/www.pressenza.com\/fr\/2015\/07\/energie-solaire-mais-pourquoi-edf-et-letat-laissent-ils-tomber-une-invention-prometteuse\/\"]}]},{\"@type\":\"ImageObject\",\"inLanguage\":\"fr-FR\",\"@id\":\"https:\/\/www.pressenza.com\/fr\/2015\/07\/energie-solaire-mais-pourquoi-edf-et-letat-laissent-ils-tomber-une-invention-prometteuse\/#primaryimage\",\"url\":\"https:\/\/www.pressenza.com\/wp-content\/uploads\/2015\/07\/arton5016-50adc.jpg\",\"contentUrl\":\"https:\/\/www.pressenza.com\/wp-content\/uploads\/2015\/07\/arton5016-50adc.jpg\",\"width\":540,\"height\":358},{\"@type\":\"BreadcrumbList\",\"@id\":\"https:\/\/www.pressenza.com\/fr\/2015\/07\/energie-solaire-mais-pourquoi-edf-et-letat-laissent-ils-tomber-une-invention-prometteuse\/#breadcrumb\",\"itemListElement\":[{\"@type\":\"ListItem\",\"position\":1,\"name\":\"Accueil\",\"item\":\"https:\/\/www.pressenza.com\/fr\/\"},{\"@type\":\"ListItem\",\"position\":2,\"name\":\"Energie solaire : mais pourquoi EDF et l\u2019Etat laissent-ils tomber une invention prometteuse ?\"}]},{\"@type\":\"WebSite\",\"@id\":\"https:\/\/www.pressenza.com\/fr\/#website\",\"url\":\"https:\/\/www.pressenza.com\/fr\/\",\"name\":\"Pressenza\",\"description\":\"International Press Agency\",\"publisher\":{\"@id\":\"https:\/\/www.pressenza.com\/fr\/#organization\"},\"potentialAction\":[{\"@type\":\"SearchAction\",\"target\":{\"@type\":\"EntryPoint\",\"urlTemplate\":\"https:\/\/www.pressenza.com\/fr\/?s={search_term_string}\"},\"query-input\":{\"@type\":\"PropertyValueSpecification\",\"valueRequired\":true,\"valueName\":\"search_term_string\"}}],\"inLanguage\":\"fr-FR\"},{\"@type\":\"Organization\",\"@id\":\"https:\/\/www.pressenza.com\/fr\/#organization\",\"name\":\"Pressenza\",\"url\":\"https:\/\/www.pressenza.com\/fr\/\",\"logo\":{\"@type\":\"ImageObject\",\"inLanguage\":\"fr-FR\",\"@id\":\"https:\/\/www.pressenza.com\/fr\/#\/schema\/logo\/image\/\",\"url\":\"https:\/\/www.pressenza.com\/wp-content\/uploads\/2022\/10\/pressenza_logo_200x200.jpg\",\"contentUrl\":\"https:\/\/www.pressenza.com\/wp-content\/uploads\/2022\/10\/pressenza_logo_200x200.jpg\",\"width\":200,\"height\":200,\"caption\":\"Pressenza\"},\"image\":{\"@id\":\"https:\/\/www.pressenza.com\/fr\/#\/schema\/logo\/image\/\"},\"sameAs\":[\"https:\/\/www.facebook.com\/PressenzaItalia\",\"https:\/\/x.com\/PressenzaIPA\"]},{\"@type\":\"Person\",\"@id\":\"https:\/\/www.pressenza.com\/fr\/#\/schema\/person\/017dfcd67def6ac675c187e710c4e749\",\"name\":\"Bastamag\",\"description\":\"Basta ! est un site d\u2019information ind\u00e9pendant sur l\u2019actualit\u00e9 sociale et environnementale. Constitu\u00e9 d\u2019une \u00e9quipe de journalistes et de militants associatifs, Basta ! contribue \u00e0 donner une visibilit\u00e9 aux enjeux \u00e9cologiques, aux actions citoyennes, aux revendications sociales, aux mouvements de solidarit\u00e9 et aux alternatives mises en \u0153uvre. www.basta.media\",\"sameAs\":[\"http:\/\/www.bastamag.net\",\"https:\/\/www.facebook.com\/pages\/Basta-Site-dinformation-sur-les-luttes-environnementales-et-sociales\/262286559891\",\"https:\/\/x.com\/bastamag\"],\"url\":\"https:\/\/www.pressenza.com\/fr\/author\/bastamag\/\"}]}<\/script>\n<!-- \/ Yoast SEO plugin. -->","yoast_head_json":{"title":"Energie solaire : mais pourquoi EDF et l\u2019Etat laissent-ils tomber une invention prometteuse ?","description":"C\u2019est une innovation prometteuse\u00a0: \u00e9quiper les fen\u00eatres des b\u00e2timents d\u2019un filtre photovolta\u00efque aux allures de vitres fum\u00e9es, qui permet de produire de","robots":{"index":"index","follow":"follow","max-snippet":"max-snippet:-1","max-image-preview":"max-image-preview:large","max-video-preview":"max-video-preview:-1"},"canonical":"https:\/\/www.pressenza.com\/fr\/2015\/07\/energie-solaire-mais-pourquoi-edf-et-letat-laissent-ils-tomber-une-invention-prometteuse\/","og_locale":"fr_FR","og_type":"article","og_title":"Energie solaire : mais pourquoi EDF et l\u2019Etat laissent-ils tomber une invention prometteuse ?","og_description":"C\u2019est une innovation prometteuse\u00a0: \u00e9quiper les fen\u00eatres des b\u00e2timents d\u2019un filtre photovolta\u00efque aux allures de vitres fum\u00e9es, qui permet de produire de","og_url":"https:\/\/www.pressenza.com\/fr\/2015\/07\/energie-solaire-mais-pourquoi-edf-et-letat-laissent-ils-tomber-une-invention-prometteuse\/","og_site_name":"Pressenza","article_publisher":"https:\/\/www.facebook.com\/PressenzaItalia","article_author":"https:\/\/www.facebook.com\/pages\/Basta-Site-dinformation-sur-les-luttes-environnementales-et-sociales\/262286559891","article_published_time":"2015-07-07T09:56:40+00:00","article_modified_time":"2015-07-08T01:41:26+00:00","og_image":[{"width":540,"height":358,"url":"https:\/\/www.pressenza.com\/wp-content\/uploads\/2015\/07\/arton5016-50adc.jpg","type":"image\/jpeg"}],"author":"Bastamag","twitter_card":"summary_large_image","twitter_creator":"@bastamag","twitter_site":"@PressenzaIPA","twitter_misc":{"\u00c9crit par":"Bastamag","Dur\u00e9e de lecture estim\u00e9e":"8 minutes"},"schema":{"@context":"https:\/\/schema.org","@graph":[{"@type":"Article","@id":"https:\/\/www.pressenza.com\/fr\/2015\/07\/energie-solaire-mais-pourquoi-edf-et-letat-laissent-ils-tomber-une-invention-prometteuse\/#article","isPartOf":{"@id":"https:\/\/www.pressenza.com\/fr\/2015\/07\/energie-solaire-mais-pourquoi-edf-et-letat-laissent-ils-tomber-une-invention-prometteuse\/"},"author":{"name":"Bastamag","@id":"https:\/\/www.pressenza.com\/fr\/#\/schema\/person\/017dfcd67def6ac675c187e710c4e749"},"headline":"Energie solaire : mais pourquoi EDF et l\u2019Etat laissent-ils tomber une invention prometteuse ?","datePublished":"2015-07-07T09:56:40+00:00","dateModified":"2015-07-08T01:41:26+00:00","mainEntityOfPage":{"@id":"https:\/\/www.pressenza.com\/fr\/2015\/07\/energie-solaire-mais-pourquoi-edf-et-letat-laissent-ils-tomber-une-invention-prometteuse\/"},"wordCount":1634,"publisher":{"@id":"https:\/\/www.pressenza.com\/fr\/#organization"},"image":{"@id":"https:\/\/www.pressenza.com\/fr\/2015\/07\/energie-solaire-mais-pourquoi-edf-et-letat-laissent-ils-tomber-une-invention-prometteuse\/#primaryimage"},"thumbnailUrl":"https:\/\/www.pressenza.com\/wp-content\/uploads\/2015\/07\/arton5016-50adc.jpg","keywords":["climat","emplois","\u00e9nergies renouvelables","syndicalisme"],"articleSection":["Ecologie et Environnement","Economie","Europe","Opinion"],"inLanguage":"fr-FR"},{"@type":"WebPage","@id":"https:\/\/www.pressenza.com\/fr\/2015\/07\/energie-solaire-mais-pourquoi-edf-et-letat-laissent-ils-tomber-une-invention-prometteuse\/","url":"https:\/\/www.pressenza.com\/fr\/2015\/07\/energie-solaire-mais-pourquoi-edf-et-letat-laissent-ils-tomber-une-invention-prometteuse\/","name":"Energie solaire : mais pourquoi EDF et l\u2019Etat laissent-ils tomber une invention prometteuse ?","isPartOf":{"@id":"https:\/\/www.pressenza.com\/fr\/#website"},"primaryImageOfPage":{"@id":"https:\/\/www.pressenza.com\/fr\/2015\/07\/energie-solaire-mais-pourquoi-edf-et-letat-laissent-ils-tomber-une-invention-prometteuse\/#primaryimage"},"image":{"@id":"https:\/\/www.pressenza.com\/fr\/2015\/07\/energie-solaire-mais-pourquoi-edf-et-letat-laissent-ils-tomber-une-invention-prometteuse\/#primaryimage"},"thumbnailUrl":"https:\/\/www.pressenza.com\/wp-content\/uploads\/2015\/07\/arton5016-50adc.jpg","datePublished":"2015-07-07T09:56:40+00:00","dateModified":"2015-07-08T01:41:26+00:00","description":"C\u2019est une innovation prometteuse\u00a0: \u00e9quiper les fen\u00eatres des b\u00e2timents d\u2019un filtre photovolta\u00efque aux allures de vitres fum\u00e9es, qui permet de produire de","breadcrumb":{"@id":"https:\/\/www.pressenza.com\/fr\/2015\/07\/energie-solaire-mais-pourquoi-edf-et-letat-laissent-ils-tomber-une-invention-prometteuse\/#breadcrumb"},"inLanguage":"fr-FR","potentialAction":[{"@type":"ReadAction","target":["https:\/\/www.pressenza.com\/fr\/2015\/07\/energie-solaire-mais-pourquoi-edf-et-letat-laissent-ils-tomber-une-invention-prometteuse\/"]}]},{"@type":"ImageObject","inLanguage":"fr-FR","@id":"https:\/\/www.pressenza.com\/fr\/2015\/07\/energie-solaire-mais-pourquoi-edf-et-letat-laissent-ils-tomber-une-invention-prometteuse\/#primaryimage","url":"https:\/\/www.pressenza.com\/wp-content\/uploads\/2015\/07\/arton5016-50adc.jpg","contentUrl":"https:\/\/www.pressenza.com\/wp-content\/uploads\/2015\/07\/arton5016-50adc.jpg","width":540,"height":358},{"@type":"BreadcrumbList","@id":"https:\/\/www.pressenza.com\/fr\/2015\/07\/energie-solaire-mais-pourquoi-edf-et-letat-laissent-ils-tomber-une-invention-prometteuse\/#breadcrumb","itemListElement":[{"@type":"ListItem","position":1,"name":"Accueil","item":"https:\/\/www.pressenza.com\/fr\/"},{"@type":"ListItem","position":2,"name":"Energie solaire : mais pourquoi EDF et l\u2019Etat laissent-ils tomber une invention prometteuse ?"}]},{"@type":"WebSite","@id":"https:\/\/www.pressenza.com\/fr\/#website","url":"https:\/\/www.pressenza.com\/fr\/","name":"Pressenza","description":"International Press Agency","publisher":{"@id":"https:\/\/www.pressenza.com\/fr\/#organization"},"potentialAction":[{"@type":"SearchAction","target":{"@type":"EntryPoint","urlTemplate":"https:\/\/www.pressenza.com\/fr\/?s={search_term_string}"},"query-input":{"@type":"PropertyValueSpecification","valueRequired":true,"valueName":"search_term_string"}}],"inLanguage":"fr-FR"},{"@type":"Organization","@id":"https:\/\/www.pressenza.com\/fr\/#organization","name":"Pressenza","url":"https:\/\/www.pressenza.com\/fr\/","logo":{"@type":"ImageObject","inLanguage":"fr-FR","@id":"https:\/\/www.pressenza.com\/fr\/#\/schema\/logo\/image\/","url":"https:\/\/www.pressenza.com\/wp-content\/uploads\/2022\/10\/pressenza_logo_200x200.jpg","contentUrl":"https:\/\/www.pressenza.com\/wp-content\/uploads\/2022\/10\/pressenza_logo_200x200.jpg","width":200,"height":200,"caption":"Pressenza"},"image":{"@id":"https:\/\/www.pressenza.com\/fr\/#\/schema\/logo\/image\/"},"sameAs":["https:\/\/www.facebook.com\/PressenzaItalia","https:\/\/x.com\/PressenzaIPA"]},{"@type":"Person","@id":"https:\/\/www.pressenza.com\/fr\/#\/schema\/person\/017dfcd67def6ac675c187e710c4e749","name":"Bastamag","description":"Basta ! est un site d\u2019information ind\u00e9pendant sur l\u2019actualit\u00e9 sociale et environnementale. Constitu\u00e9 d\u2019une \u00e9quipe de journalistes et de militants associatifs, Basta ! contribue \u00e0 donner une visibilit\u00e9 aux enjeux \u00e9cologiques, aux actions citoyennes, aux revendications sociales, aux mouvements de solidarit\u00e9 et aux alternatives mises en \u0153uvre. www.basta.media","sameAs":["http:\/\/www.bastamag.net","https:\/\/www.facebook.com\/pages\/Basta-Site-dinformation-sur-les-luttes-environnementales-et-sociales\/262286559891","https:\/\/x.com\/bastamag"],"url":"https:\/\/www.pressenza.com\/fr\/author\/bastamag\/"}]}},"place":"","original_article_url":"http:\/\/www.bastamag.net\/Energie-solaire-mais-pourquoi-EDF-et-l-Etat-laissent-ils-tomber-une-invention","_links":{"self":[{"href":"https:\/\/www.pressenza.com\/fr\/wp-json\/wp\/v2\/posts\/200334","targetHints":{"allow":["GET"]}}],"collection":[{"href":"https:\/\/www.pressenza.com\/fr\/wp-json\/wp\/v2\/posts"}],"about":[{"href":"https:\/\/www.pressenza.com\/fr\/wp-json\/wp\/v2\/types\/post"}],"author":[{"embeddable":true,"href":"https:\/\/www.pressenza.com\/fr\/wp-json\/wp\/v2\/users\/1043"}],"replies":[{"embeddable":true,"href":"https:\/\/www.pressenza.com\/fr\/wp-json\/wp\/v2\/comments?post=200334"}],"version-history":[{"count":0,"href":"https:\/\/www.pressenza.com\/fr\/wp-json\/wp\/v2\/posts\/200334\/revisions"}],"wp:featuredmedia":[{"embeddable":true,"href":"https:\/\/www.pressenza.com\/fr\/wp-json\/wp\/v2\/media\/200336"}],"wp:attachment":[{"href":"https:\/\/www.pressenza.com\/fr\/wp-json\/wp\/v2\/media?parent=200334"}],"wp:term":[{"taxonomy":"category","embeddable":true,"href":"https:\/\/www.pressenza.com\/fr\/wp-json\/wp\/v2\/categories?post=200334"},{"taxonomy":"post_tag","embeddable":true,"href":"https:\/\/www.pressenza.com\/fr\/wp-json\/wp\/v2\/tags?post=200334"}],"curies":[{"name":"wp","href":"https:\/\/api.w.org\/{rel}","templated":true}]}}