{"id":198674,"date":"2015-07-02T11:35:02","date_gmt":"2015-07-02T10:35:02","guid":{"rendered":"http:\/\/www.pressenza.com\/?p=198674"},"modified":"2015-07-03T05:05:50","modified_gmt":"2015-07-03T04:05:50","slug":"semaine-daction-et-appel-non-a-lultimatum-des-creanciers-oui-a-la-democratie","status":"publish","type":"post","link":"https:\/\/www.pressenza.com\/fr\/2015\/07\/semaine-daction-et-appel-non-a-lultimatum-des-creanciers-oui-a-la-democratie\/","title":{"rendered":"Semaine d\u2019action et appel : NON \u00e0 l\u2019ultimatum des cr\u00e9anciers, oui \u00e0 la d\u00e9mocratie !"},"content":{"rendered":"<div class=\"crayon article-chapo-4016 chapo surlignable\">\n<p>Dans la soir\u00e9e du 26\u00a0juin, Alexis Tsipras a annonc\u00e9 son intention d\u2019organiser un r\u00e9f\u00e9rendum sur le plan d\u2019aust\u00e9rit\u00e9 impos\u00e9 par les cr\u00e9anciers de la Gr\u00e8ce. Depuis, les pressions politiques et m\u00e9diatiques se multiplient contre ce recours d\u00e9mocratique.<\/p>\n<p>Face \u00e0 ces intimidations inacceptables, nous disons \u00ab<small class=\"fine\">\u00a0<\/small>NON \u00e0 l\u2019ultimatum des cr\u00e9anciers, oui \u00e0 la d\u00e9mocratie<small class=\"fine\">\u00a0<\/small>!<small class=\"fine\">\u00a0<\/small>\u00bb<\/p>\n<p>Dans la continuit\u00e9 de la semaine d\u2019action europ\u00e9enne en soutien avec la Gr\u00e8ce, nous appelons, d\u2019ici au 5\u00a0juillet, \u00e0 \u00ab<small class=\"fine\">\u00a0<\/small>voter<small class=\"fine\">\u00a0<\/small>\u00bb symboliquement contre l\u2019ultimatum des cr\u00e9anciers, en signant et en faisant signer l\u2019appel ci-dessous, et en organisant partout en France des votations citoyennes symboliques et rassemblements ou manifestations.<\/p>\n<p>Faire une bureau de vote est facile\u00a0: une table, une urne et des tracts en guise de bulletins de vote. C\u2019est l\u2019occasion de discuter et d\u2019inviter la population \u00e0 voter, de mani\u00e8re symbolique, contre l\u2019aust\u00e9rit\u00e9 et pour la d\u00e9mocratie en Europe<small class=\"fine\">\u00a0<\/small>!<\/p>\n<p><strong>\u00c0 Paris, une grande manifestation est pr\u00e9vue jeudi 2\u00a0juillet 18 h 30 au d\u00e9part de la place de la Bastille. Soyons nombreux<small class=\"fine\">\u00a0<\/small>!<\/strong><\/p>\n<\/div>\n<div class=\"text\">\n<div class=\"log\"><img loading=\"lazy\" decoding=\"async\" class=\"\" src=\"https:\/\/france.attac.org\/local\/cache-vignettes\/L1000xH531\/arton4016-ff6a7-7ca58.jpg\" alt=\"\" width=\"1000\" height=\"531\" \/><\/div>\n<div class=\"crayon article-texte-4016 texte surlignable\">\n<p><strong>Non \u00e0 l\u2019aust\u00e9rit\u00e9<small class=\"fine\">\u00a0<\/small>! Oui \u00e0 la d\u00e9mocratie<small class=\"fine\">\u00a0<\/small>!<\/strong><\/p>\n<p>L\u2019Europe est \u00e0 la crois\u00e9e des chemins. La Tro\u00efka ne cherche pas seulement \u00e0 d\u00e9truire la Gr\u00e8ce, elle s\u2019en prend \u00e0 nous tou.te.s. Il est grand temps de nous dresser contre le chantage des \u00e9lites europ\u00e9ennes.<\/p>\n<p>Dimanche prochain, le peuple grec a la possibilit\u00e9 de refuser l\u2019aust\u00e9rit\u00e9, et de choisir la voie de la dignit\u00e9, dans l\u2019espoir d\u2019une autre Europe. En ce moment historique, chacun de nous doit prendre position.<\/p>\n<p>Pour nous\u00a0: C\u2019est NON \u00e0 l\u2019aust\u00e9rit\u00e9, \u00e0 la r\u00e9duction des pensions de retraites et \u00e0 l\u2019augmentation de la TVA, C\u2019est NON \u00e0 la pauvret\u00e9 et aux privil\u00e8ges C\u2019est NON au chantage et au d\u00e9mant\u00e8lement des droits sociaux<\/p>\n<p>C\u2019est NON \u00e0 la peur et \u00e0 la destruction de la d\u00e9mocratie.<\/p>\n<p>Pour nous, c\u2019est OUI \u00e0 la dignit\u00e9, \u00e0 la souverainet\u00e9, \u00e0 la d\u00e9mocratie, et \u00e0 la solidarit\u00e9 avec les citoyen.ne.s grecs.<\/p>\n<p>Il ne s\u2019agit pas d\u2019une histoire entre la Gr\u00e8ce et l\u2019Europe, mais de deux visions de l\u2019Europe\u00a0: la n\u00f4tre, celle de la d\u00e9mocratie et de la solidarit\u00e9, une Europe des peuples , sans fronti\u00e8res. Et la leur\u00a0: celle du refus de la justice sociale et climatique, qui pi\u00e9tine la d\u00e9mocratie, qui s\u2019attaque \u00e0 la protection des plus vuln\u00e9rables, et s\u2019oppose \u00e0 la taxation des riches.<\/p>\n<p>Basta, Y\u2019en a marre<small class=\"fine\">\u00a0<\/small>! Une autre Europe est possible<small class=\"fine\">\u00a0<\/small>!<\/p>\n<p>Photo\u00a0: <a class=\"spip_out\" href=\"https:\/\/www.flickr.com\/photos\/26288540@N03\/16355521939\/\" rel=\"external\">Sheila<\/a>, licence <a class=\"spip_out\" href=\"https:\/\/creativecommons.org\/licenses\/by-nc\/2.0\/\" rel=\"external\">Creative Commons BY-NC 2.0<\/a>.<\/p>\n<\/div>\n<\/div>\n","protected":false},"excerpt":{"rendered":"<p>Dans la soir\u00e9e du 26\u00a0juin, Alexis Tsipras a annonc\u00e9 son intention d\u2019organiser un r\u00e9f\u00e9rendum sur le plan d\u2019aust\u00e9rit\u00e9 impos\u00e9 par les cr\u00e9anciers de la Gr\u00e8ce. Depuis, les pressions politiques et m\u00e9diatiques se multiplient contre ce recours d\u00e9mocratique. Face \u00e0 ces&hellip;<\/p>\n","protected":false},"author":1021,"featured_media":198678,"comment_status":"closed","ping_status":"open","sticky":false,"template":"","format":"standard","meta":{"footnotes":""},"categories":[100,85,93,95],"tags":[2924,262,3929,434,307],"class_list":["post-198674","post","type-post","status-publish","format-standard","has-post-thumbnail","hentry","category-economie","category-europe-fr","category-politique","category-affaires-etrangeres","tag-commission-europeenne","tag-democratie","tag-euro-fr","tag-grece","tag-manifestation"],"yoast_head":"<!-- This site is optimized with the Yoast SEO plugin v27.1.1 - https:\/\/yoast.com\/product\/yoast-seo-wordpress\/ -->\n<title>Semaine d\u2019action et appel : NON \u00e0 l\u2019ultimatum des cr\u00e9anciers, oui \u00e0 la d\u00e9mocratie !<\/title>\n<meta name=\"description\" content=\"Dans la soir\u00e9e du 26\u00a0juin, Alexis Tsipras a annonc\u00e9 son intention d\u2019organiser un r\u00e9f\u00e9rendum sur le plan d\u2019aust\u00e9rit\u00e9 impos\u00e9 par les cr\u00e9anciers de la Gr\u00e8ce.\" \/>\n<meta name=\"robots\" content=\"index, follow, max-snippet:-1, max-image-preview:large, max-video-preview:-1\" \/>\n<link rel=\"canonical\" href=\"https:\/\/www.pressenza.com\/fr\/2015\/07\/semaine-daction-et-appel-non-a-lultimatum-des-creanciers-oui-a-la-democratie\/\" \/>\n<meta property=\"og:locale\" content=\"fr_FR\" \/>\n<meta property=\"og:type\" content=\"article\" \/>\n<meta property=\"og:title\" content=\"Semaine d\u2019action et appel : NON \u00e0 l\u2019ultimatum des cr\u00e9anciers, oui \u00e0 la d\u00e9mocratie !\" \/>\n<meta property=\"og:description\" content=\"Dans la soir\u00e9e du 26\u00a0juin, Alexis Tsipras a annonc\u00e9 son intention d\u2019organiser un r\u00e9f\u00e9rendum sur le plan d\u2019aust\u00e9rit\u00e9 impos\u00e9 par les cr\u00e9anciers de la Gr\u00e8ce.\" \/>\n<meta property=\"og:url\" content=\"https:\/\/www.pressenza.com\/fr\/2015\/07\/semaine-daction-et-appel-non-a-lultimatum-des-creanciers-oui-a-la-democratie\/\" \/>\n<meta property=\"og:site_name\" content=\"Pressenza\" \/>\n<meta property=\"article:publisher\" content=\"https:\/\/www.facebook.com\/PressenzaItalia\" \/>\n<meta property=\"article:author\" content=\"http:\/\/www.facebook.com\/pages\/Attac-France-Officiel\/129474087122948\" \/>\n<meta property=\"article:published_time\" content=\"2015-07-02T10:35:02+00:00\" \/>\n<meta property=\"article:modified_time\" content=\"2015-07-03T04:05:50+00:00\" \/>\n<meta property=\"og:image\" content=\"https:\/\/www.pressenza.com\/wp-content\/uploads\/2015\/07\/IMG-20150701-WA0000.jpg\" \/>\n\t<meta property=\"og:image:width\" content=\"983\" \/>\n\t<meta property=\"og:image:height\" content=\"658\" \/>\n\t<meta property=\"og:image:type\" content=\"image\/jpeg\" \/>\n<meta name=\"author\" content=\"Attac France\" \/>\n<meta name=\"twitter:card\" content=\"summary_large_image\" \/>\n<meta name=\"twitter:creator\" content=\"@attac_fr\" \/>\n<meta name=\"twitter:site\" content=\"@PressenzaIPA\" \/>\n<meta name=\"twitter:label1\" content=\"\u00c9crit par\" \/>\n\t<meta name=\"twitter:data1\" content=\"Attac France\" \/>\n\t<meta name=\"twitter:label2\" content=\"Dur\u00e9e de lecture estim\u00e9e\" \/>\n\t<meta name=\"twitter:data2\" content=\"2 minutes\" \/>\n<script type=\"application\/ld+json\" class=\"yoast-schema-graph\">{\"@context\":\"https:\/\/schema.org\",\"@graph\":[{\"@type\":\"Article\",\"@id\":\"https:\/\/www.pressenza.com\/fr\/2015\/07\/semaine-daction-et-appel-non-a-lultimatum-des-creanciers-oui-a-la-democratie\/#article\",\"isPartOf\":{\"@id\":\"https:\/\/www.pressenza.com\/fr\/2015\/07\/semaine-daction-et-appel-non-a-lultimatum-des-creanciers-oui-a-la-democratie\/\"},\"author\":{\"name\":\"Attac France\",\"@id\":\"https:\/\/www.pressenza.com\/fr\/#\/schema\/person\/5d6f51886fa0ab1cde7b3d2a06070460\"},\"headline\":\"Semaine d\u2019action et appel : NON \u00e0 l\u2019ultimatum des cr\u00e9anciers, oui \u00e0 la d\u00e9mocratie !\",\"datePublished\":\"2015-07-02T10:35:02+00:00\",\"dateModified\":\"2015-07-03T04:05:50+00:00\",\"mainEntityOfPage\":{\"@id\":\"https:\/\/www.pressenza.com\/fr\/2015\/07\/semaine-daction-et-appel-non-a-lultimatum-des-creanciers-oui-a-la-democratie\/\"},\"wordCount\":454,\"publisher\":{\"@id\":\"https:\/\/www.pressenza.com\/fr\/#organization\"},\"image\":{\"@id\":\"https:\/\/www.pressenza.com\/fr\/2015\/07\/semaine-daction-et-appel-non-a-lultimatum-des-creanciers-oui-a-la-democratie\/#primaryimage\"},\"thumbnailUrl\":\"https:\/\/www.pressenza.com\/wp-content\/uploads\/2015\/07\/IMG-20150701-WA0000.jpg\",\"keywords\":[\"Commission Europ\u00e9enne\",\"D\u00e9mocratie\",\"Euro\",\"Gr\u00e8ce\",\"manifestation\"],\"articleSection\":[\"Economie\",\"Europe\",\"Politique\",\"Relations internationales\"],\"inLanguage\":\"fr-FR\"},{\"@type\":\"WebPage\",\"@id\":\"https:\/\/www.pressenza.com\/fr\/2015\/07\/semaine-daction-et-appel-non-a-lultimatum-des-creanciers-oui-a-la-democratie\/\",\"url\":\"https:\/\/www.pressenza.com\/fr\/2015\/07\/semaine-daction-et-appel-non-a-lultimatum-des-creanciers-oui-a-la-democratie\/\",\"name\":\"Semaine d\u2019action et appel : NON \u00e0 l\u2019ultimatum des cr\u00e9anciers, oui \u00e0 la d\u00e9mocratie !\",\"isPartOf\":{\"@id\":\"https:\/\/www.pressenza.com\/fr\/#website\"},\"primaryImageOfPage\":{\"@id\":\"https:\/\/www.pressenza.com\/fr\/2015\/07\/semaine-daction-et-appel-non-a-lultimatum-des-creanciers-oui-a-la-democratie\/#primaryimage\"},\"image\":{\"@id\":\"https:\/\/www.pressenza.com\/fr\/2015\/07\/semaine-daction-et-appel-non-a-lultimatum-des-creanciers-oui-a-la-democratie\/#primaryimage\"},\"thumbnailUrl\":\"https:\/\/www.pressenza.com\/wp-content\/uploads\/2015\/07\/IMG-20150701-WA0000.jpg\",\"datePublished\":\"2015-07-02T10:35:02+00:00\",\"dateModified\":\"2015-07-03T04:05:50+00:00\",\"description\":\"Dans la soir\u00e9e du 26\u00a0juin, Alexis Tsipras a annonc\u00e9 son intention d\u2019organiser un r\u00e9f\u00e9rendum sur le plan d\u2019aust\u00e9rit\u00e9 impos\u00e9 par les cr\u00e9anciers de la Gr\u00e8ce.\",\"breadcrumb\":{\"@id\":\"https:\/\/www.pressenza.com\/fr\/2015\/07\/semaine-daction-et-appel-non-a-lultimatum-des-creanciers-oui-a-la-democratie\/#breadcrumb\"},\"inLanguage\":\"fr-FR\",\"potentialAction\":[{\"@type\":\"ReadAction\",\"target\":[\"https:\/\/www.pressenza.com\/fr\/2015\/07\/semaine-daction-et-appel-non-a-lultimatum-des-creanciers-oui-a-la-democratie\/\"]}]},{\"@type\":\"ImageObject\",\"inLanguage\":\"fr-FR\",\"@id\":\"https:\/\/www.pressenza.com\/fr\/2015\/07\/semaine-daction-et-appel-non-a-lultimatum-des-creanciers-oui-a-la-democratie\/#primaryimage\",\"url\":\"https:\/\/www.pressenza.com\/wp-content\/uploads\/2015\/07\/IMG-20150701-WA0000.jpg\",\"contentUrl\":\"https:\/\/www.pressenza.com\/wp-content\/uploads\/2015\/07\/IMG-20150701-WA0000.jpg\",\"width\":983,\"height\":658},{\"@type\":\"BreadcrumbList\",\"@id\":\"https:\/\/www.pressenza.com\/fr\/2015\/07\/semaine-daction-et-appel-non-a-lultimatum-des-creanciers-oui-a-la-democratie\/#breadcrumb\",\"itemListElement\":[{\"@type\":\"ListItem\",\"position\":1,\"name\":\"Accueil\",\"item\":\"https:\/\/www.pressenza.com\/fr\/\"},{\"@type\":\"ListItem\",\"position\":2,\"name\":\"Semaine d\u2019action et appel : NON \u00e0 l\u2019ultimatum des cr\u00e9anciers, oui \u00e0 la d\u00e9mocratie !\"}]},{\"@type\":\"WebSite\",\"@id\":\"https:\/\/www.pressenza.com\/fr\/#website\",\"url\":\"https:\/\/www.pressenza.com\/fr\/\",\"name\":\"Pressenza\",\"description\":\"International Press Agency\",\"publisher\":{\"@id\":\"https:\/\/www.pressenza.com\/fr\/#organization\"},\"potentialAction\":[{\"@type\":\"SearchAction\",\"target\":{\"@type\":\"EntryPoint\",\"urlTemplate\":\"https:\/\/www.pressenza.com\/fr\/?s={search_term_string}\"},\"query-input\":{\"@type\":\"PropertyValueSpecification\",\"valueRequired\":true,\"valueName\":\"search_term_string\"}}],\"inLanguage\":\"fr-FR\"},{\"@type\":\"Organization\",\"@id\":\"https:\/\/www.pressenza.com\/fr\/#organization\",\"name\":\"Pressenza\",\"url\":\"https:\/\/www.pressenza.com\/fr\/\",\"logo\":{\"@type\":\"ImageObject\",\"inLanguage\":\"fr-FR\",\"@id\":\"https:\/\/www.pressenza.com\/fr\/#\/schema\/logo\/image\/\",\"url\":\"https:\/\/www.pressenza.com\/wp-content\/uploads\/2022\/10\/pressenza_logo_200x200.jpg\",\"contentUrl\":\"https:\/\/www.pressenza.com\/wp-content\/uploads\/2022\/10\/pressenza_logo_200x200.jpg\",\"width\":200,\"height\":200,\"caption\":\"Pressenza\"},\"image\":{\"@id\":\"https:\/\/www.pressenza.com\/fr\/#\/schema\/logo\/image\/\"},\"sameAs\":[\"https:\/\/www.facebook.com\/PressenzaItalia\",\"https:\/\/x.com\/PressenzaIPA\"]},{\"@type\":\"Person\",\"@id\":\"https:\/\/www.pressenza.com\/fr\/#\/schema\/person\/5d6f51886fa0ab1cde7b3d2a06070460\",\"name\":\"Attac France\",\"description\":\"Fond\u00e9e en 1998, suite \u00e0 la r\u00e9daction d'un \u00e9ditorial du Monde diplomatique : \u00ab D\u00e9sarmer les march\u00e9s \u00bb (d\u00e9cembre 1997), Attac (Association pour la taxation des transactions financi\u00e8res et pour l\u2019action citoyenne) promeut et m\u00e8ne des actions de tous ordres en vue de la reconqu\u00eate, par les citoyens, du pouvoir que la sph\u00e8re financi\u00e8re exerce sur tous les aspects de la vie politique, \u00e9conomique, sociale et culturelle dans l\u2019ensemble du monde.\",\"sameAs\":[\"http:\/\/www.france.attac.org\",\"http:\/\/www.facebook.com\/pages\/Attac-France-Officiel\/129474087122948\",\"https:\/\/x.com\/attac_fr\"],\"url\":\"https:\/\/www.pressenza.com\/fr\/author\/attac-france\/\"}]}<\/script>\n<!-- \/ Yoast SEO plugin. -->","yoast_head_json":{"title":"Semaine d\u2019action et appel : NON \u00e0 l\u2019ultimatum des cr\u00e9anciers, oui \u00e0 la d\u00e9mocratie !","description":"Dans la soir\u00e9e du 26\u00a0juin, Alexis Tsipras a annonc\u00e9 son intention d\u2019organiser un r\u00e9f\u00e9rendum sur le plan d\u2019aust\u00e9rit\u00e9 impos\u00e9 par les cr\u00e9anciers de la Gr\u00e8ce.","robots":{"index":"index","follow":"follow","max-snippet":"max-snippet:-1","max-image-preview":"max-image-preview:large","max-video-preview":"max-video-preview:-1"},"canonical":"https:\/\/www.pressenza.com\/fr\/2015\/07\/semaine-daction-et-appel-non-a-lultimatum-des-creanciers-oui-a-la-democratie\/","og_locale":"fr_FR","og_type":"article","og_title":"Semaine d\u2019action et appel : NON \u00e0 l\u2019ultimatum des cr\u00e9anciers, oui \u00e0 la d\u00e9mocratie !","og_description":"Dans la soir\u00e9e du 26\u00a0juin, Alexis Tsipras a annonc\u00e9 son intention d\u2019organiser un r\u00e9f\u00e9rendum sur le plan d\u2019aust\u00e9rit\u00e9 impos\u00e9 par les cr\u00e9anciers de la Gr\u00e8ce.","og_url":"https:\/\/www.pressenza.com\/fr\/2015\/07\/semaine-daction-et-appel-non-a-lultimatum-des-creanciers-oui-a-la-democratie\/","og_site_name":"Pressenza","article_publisher":"https:\/\/www.facebook.com\/PressenzaItalia","article_author":"http:\/\/www.facebook.com\/pages\/Attac-France-Officiel\/129474087122948","article_published_time":"2015-07-02T10:35:02+00:00","article_modified_time":"2015-07-03T04:05:50+00:00","og_image":[{"width":983,"height":658,"url":"https:\/\/www.pressenza.com\/wp-content\/uploads\/2015\/07\/IMG-20150701-WA0000.jpg","type":"image\/jpeg"}],"author":"Attac France","twitter_card":"summary_large_image","twitter_creator":"@attac_fr","twitter_site":"@PressenzaIPA","twitter_misc":{"\u00c9crit par":"Attac France","Dur\u00e9e de lecture estim\u00e9e":"2 minutes"},"schema":{"@context":"https:\/\/schema.org","@graph":[{"@type":"Article","@id":"https:\/\/www.pressenza.com\/fr\/2015\/07\/semaine-daction-et-appel-non-a-lultimatum-des-creanciers-oui-a-la-democratie\/#article","isPartOf":{"@id":"https:\/\/www.pressenza.com\/fr\/2015\/07\/semaine-daction-et-appel-non-a-lultimatum-des-creanciers-oui-a-la-democratie\/"},"author":{"name":"Attac France","@id":"https:\/\/www.pressenza.com\/fr\/#\/schema\/person\/5d6f51886fa0ab1cde7b3d2a06070460"},"headline":"Semaine d\u2019action et appel : NON \u00e0 l\u2019ultimatum des cr\u00e9anciers, oui \u00e0 la d\u00e9mocratie !","datePublished":"2015-07-02T10:35:02+00:00","dateModified":"2015-07-03T04:05:50+00:00","mainEntityOfPage":{"@id":"https:\/\/www.pressenza.com\/fr\/2015\/07\/semaine-daction-et-appel-non-a-lultimatum-des-creanciers-oui-a-la-democratie\/"},"wordCount":454,"publisher":{"@id":"https:\/\/www.pressenza.com\/fr\/#organization"},"image":{"@id":"https:\/\/www.pressenza.com\/fr\/2015\/07\/semaine-daction-et-appel-non-a-lultimatum-des-creanciers-oui-a-la-democratie\/#primaryimage"},"thumbnailUrl":"https:\/\/www.pressenza.com\/wp-content\/uploads\/2015\/07\/IMG-20150701-WA0000.jpg","keywords":["Commission Europ\u00e9enne","D\u00e9mocratie","Euro","Gr\u00e8ce","manifestation"],"articleSection":["Economie","Europe","Politique","Relations internationales"],"inLanguage":"fr-FR"},{"@type":"WebPage","@id":"https:\/\/www.pressenza.com\/fr\/2015\/07\/semaine-daction-et-appel-non-a-lultimatum-des-creanciers-oui-a-la-democratie\/","url":"https:\/\/www.pressenza.com\/fr\/2015\/07\/semaine-daction-et-appel-non-a-lultimatum-des-creanciers-oui-a-la-democratie\/","name":"Semaine d\u2019action et appel : NON \u00e0 l\u2019ultimatum des cr\u00e9anciers, oui \u00e0 la d\u00e9mocratie !","isPartOf":{"@id":"https:\/\/www.pressenza.com\/fr\/#website"},"primaryImageOfPage":{"@id":"https:\/\/www.pressenza.com\/fr\/2015\/07\/semaine-daction-et-appel-non-a-lultimatum-des-creanciers-oui-a-la-democratie\/#primaryimage"},"image":{"@id":"https:\/\/www.pressenza.com\/fr\/2015\/07\/semaine-daction-et-appel-non-a-lultimatum-des-creanciers-oui-a-la-democratie\/#primaryimage"},"thumbnailUrl":"https:\/\/www.pressenza.com\/wp-content\/uploads\/2015\/07\/IMG-20150701-WA0000.jpg","datePublished":"2015-07-02T10:35:02+00:00","dateModified":"2015-07-03T04:05:50+00:00","description":"Dans la soir\u00e9e du 26\u00a0juin, Alexis Tsipras a annonc\u00e9 son intention d\u2019organiser un r\u00e9f\u00e9rendum sur le plan d\u2019aust\u00e9rit\u00e9 impos\u00e9 par les cr\u00e9anciers de la Gr\u00e8ce.","breadcrumb":{"@id":"https:\/\/www.pressenza.com\/fr\/2015\/07\/semaine-daction-et-appel-non-a-lultimatum-des-creanciers-oui-a-la-democratie\/#breadcrumb"},"inLanguage":"fr-FR","potentialAction":[{"@type":"ReadAction","target":["https:\/\/www.pressenza.com\/fr\/2015\/07\/semaine-daction-et-appel-non-a-lultimatum-des-creanciers-oui-a-la-democratie\/"]}]},{"@type":"ImageObject","inLanguage":"fr-FR","@id":"https:\/\/www.pressenza.com\/fr\/2015\/07\/semaine-daction-et-appel-non-a-lultimatum-des-creanciers-oui-a-la-democratie\/#primaryimage","url":"https:\/\/www.pressenza.com\/wp-content\/uploads\/2015\/07\/IMG-20150701-WA0000.jpg","contentUrl":"https:\/\/www.pressenza.com\/wp-content\/uploads\/2015\/07\/IMG-20150701-WA0000.jpg","width":983,"height":658},{"@type":"BreadcrumbList","@id":"https:\/\/www.pressenza.com\/fr\/2015\/07\/semaine-daction-et-appel-non-a-lultimatum-des-creanciers-oui-a-la-democratie\/#breadcrumb","itemListElement":[{"@type":"ListItem","position":1,"name":"Accueil","item":"https:\/\/www.pressenza.com\/fr\/"},{"@type":"ListItem","position":2,"name":"Semaine d\u2019action et appel : NON \u00e0 l\u2019ultimatum des cr\u00e9anciers, oui \u00e0 la d\u00e9mocratie !"}]},{"@type":"WebSite","@id":"https:\/\/www.pressenza.com\/fr\/#website","url":"https:\/\/www.pressenza.com\/fr\/","name":"Pressenza","description":"International Press Agency","publisher":{"@id":"https:\/\/www.pressenza.com\/fr\/#organization"},"potentialAction":[{"@type":"SearchAction","target":{"@type":"EntryPoint","urlTemplate":"https:\/\/www.pressenza.com\/fr\/?s={search_term_string}"},"query-input":{"@type":"PropertyValueSpecification","valueRequired":true,"valueName":"search_term_string"}}],"inLanguage":"fr-FR"},{"@type":"Organization","@id":"https:\/\/www.pressenza.com\/fr\/#organization","name":"Pressenza","url":"https:\/\/www.pressenza.com\/fr\/","logo":{"@type":"ImageObject","inLanguage":"fr-FR","@id":"https:\/\/www.pressenza.com\/fr\/#\/schema\/logo\/image\/","url":"https:\/\/www.pressenza.com\/wp-content\/uploads\/2022\/10\/pressenza_logo_200x200.jpg","contentUrl":"https:\/\/www.pressenza.com\/wp-content\/uploads\/2022\/10\/pressenza_logo_200x200.jpg","width":200,"height":200,"caption":"Pressenza"},"image":{"@id":"https:\/\/www.pressenza.com\/fr\/#\/schema\/logo\/image\/"},"sameAs":["https:\/\/www.facebook.com\/PressenzaItalia","https:\/\/x.com\/PressenzaIPA"]},{"@type":"Person","@id":"https:\/\/www.pressenza.com\/fr\/#\/schema\/person\/5d6f51886fa0ab1cde7b3d2a06070460","name":"Attac France","description":"Fond\u00e9e en 1998, suite \u00e0 la r\u00e9daction d'un \u00e9ditorial du Monde diplomatique : \u00ab D\u00e9sarmer les march\u00e9s \u00bb (d\u00e9cembre 1997), Attac (Association pour la taxation des transactions financi\u00e8res et pour l\u2019action citoyenne) promeut et m\u00e8ne des actions de tous ordres en vue de la reconqu\u00eate, par les citoyens, du pouvoir que la sph\u00e8re financi\u00e8re exerce sur tous les aspects de la vie politique, \u00e9conomique, sociale et culturelle dans l\u2019ensemble du monde.","sameAs":["http:\/\/www.france.attac.org","http:\/\/www.facebook.com\/pages\/Attac-France-Officiel\/129474087122948","https:\/\/x.com\/attac_fr"],"url":"https:\/\/www.pressenza.com\/fr\/author\/attac-france\/"}]}},"place":"","original_article_url":"https:\/\/france.attac.org\/se-mobiliser\/avec-les-grecs-contre-l-austerite-pour-la-democratie\/article\/semaine-d-action-non-a-l-ultimatum-des-creanciers-oui-a-la-democratie","_links":{"self":[{"href":"https:\/\/www.pressenza.com\/fr\/wp-json\/wp\/v2\/posts\/198674","targetHints":{"allow":["GET"]}}],"collection":[{"href":"https:\/\/www.pressenza.com\/fr\/wp-json\/wp\/v2\/posts"}],"about":[{"href":"https:\/\/www.pressenza.com\/fr\/wp-json\/wp\/v2\/types\/post"}],"author":[{"embeddable":true,"href":"https:\/\/www.pressenza.com\/fr\/wp-json\/wp\/v2\/users\/1021"}],"replies":[{"embeddable":true,"href":"https:\/\/www.pressenza.com\/fr\/wp-json\/wp\/v2\/comments?post=198674"}],"version-history":[{"count":0,"href":"https:\/\/www.pressenza.com\/fr\/wp-json\/wp\/v2\/posts\/198674\/revisions"}],"wp:featuredmedia":[{"embeddable":true,"href":"https:\/\/www.pressenza.com\/fr\/wp-json\/wp\/v2\/media\/198678"}],"wp:attachment":[{"href":"https:\/\/www.pressenza.com\/fr\/wp-json\/wp\/v2\/media?parent=198674"}],"wp:term":[{"taxonomy":"category","embeddable":true,"href":"https:\/\/www.pressenza.com\/fr\/wp-json\/wp\/v2\/categories?post=198674"},{"taxonomy":"post_tag","embeddable":true,"href":"https:\/\/www.pressenza.com\/fr\/wp-json\/wp\/v2\/tags?post=198674"}],"curies":[{"name":"wp","href":"https:\/\/api.w.org\/{rel}","templated":true}]}}