{"id":185599,"date":"2015-05-17T14:02:11","date_gmt":"2015-05-17T13:02:11","guid":{"rendered":"http:\/\/www.pressenza.com\/?p=185599"},"modified":"2015-05-18T02:31:51","modified_gmt":"2015-05-18T01:31:51","slug":"journee-mondiale-de-lutte-contre-lhomophobie-le-combat-continue","status":"publish","type":"post","link":"https:\/\/www.pressenza.com\/fr\/2015\/05\/journee-mondiale-de-lutte-contre-lhomophobie-le-combat-continue\/","title":{"rendered":"Journ\u00e9e mondiale de lutte contre l&rsquo;homophobie : \u00ab le combat continue \u00bb"},"content":{"rendered":"<div class=\"ep_elementtext\">\n<p><em>Le 17 mai, c&rsquo;est la Journ\u00e9e mondiale de lutte contre l&rsquo;homophobie. Des actions sont men\u00e9es partout dans le monde pour mettre en lumi\u00e8re l&rsquo;importance de la non-discrimination envers la communaut\u00e9 LGBT (lesbiennes, gays, bisexuels et transgenres). Cette ann\u00e9e marque aussi le 25\u00e8me anniversaire de la d\u00e9cision de l&rsquo;Organisation mondiale de la Sant\u00e9 de supprimer l&rsquo;homosexualit\u00e9 de la liste des troubles psychiques. \u00c0 cette occasion, les d\u00e9put\u00e9s europ\u00e9ens ont \u00e9voqu\u00e9 le sujet avec des experts le 12 mai.<\/em><\/p>\n<p><strong>Ulrike Lunacek<\/strong>, Vice-Pr\u00e9sidente du Parlement europ\u00e9en et Pr\u00e9sidente de l&rsquo;Intergroupe sur les droits LGBT, a d\u00e9clar\u00e9 au cours de cette discussion que \u00ab la discrimination fond\u00e9e sur l&rsquo;orientation sexuelle est ill\u00e9gale et interdite dans l&rsquo;Union europ\u00e9enne. Le Parlement europ\u00e9en conjointement avec la soci\u00e9t\u00e9 civile a exerc\u00e9 une grande influence sur cette question. \u00bb<\/p>\n<p><strong>Dimitrios Papadimoulis<\/strong>, Vice-Pr\u00e9sident du Parlement europ\u00e9en et Pr\u00e9sident du Groupe de Haut-Niveau sur l&rsquo;\u00e9galit\u00e9 des genres et la diversit\u00e9, estime que \u00ab le combat pour l&rsquo;\u00e9galit\u00e9 continue au quotidien. La soci\u00e9t\u00e9 toute enti\u00e8re a besoin de participer activement \u00e0 la r\u00e9duction des pr\u00e9jug\u00e9s, car il s&rsquo;agit d&rsquo;un aspect qui nous concerne tous. \u00bb<\/p>\n<p>Si des lois interdisent la discrimination fond\u00e9e sur l&rsquo;orientation sexuelle en Europe, beaucoup de progr\u00e8s restent encore \u00e0 faire. D&rsquo;apr\u00e8s la plus grande enqu\u00eate jamais men\u00e9e aupr\u00e8s de la communaut\u00e9 LGBT en 2013, 47 % des personnes interrog\u00e9es se disent avoir \u00e9t\u00e9 personnellement victimes de discrimination ou de harc\u00e8lement en raison de leur orientation sexuelle.<\/p>\n<p><a href=\"http:\/\/www.pressenza.com\/wp-content\/uploads\/2015\/05\/LGBT-discrimination-EP_original_fra.jpg\"><img loading=\"lazy\" decoding=\"async\" class=\"alignnone size-full wp-image-185600\" src=\"http:\/\/www.pressenza.com\/wp-content\/uploads\/2015\/05\/LGBT-discrimination-EP_original_fra.jpg\" alt=\"LGBT discrimination EP_original_fra\" width=\"650\" height=\"2184\" srcset=\"https:\/\/www.pressenza.com\/wp-content\/uploads\/2015\/05\/LGBT-discrimination-EP_original_fra.jpg 650w, https:\/\/www.pressenza.com\/wp-content\/uploads\/2015\/05\/LGBT-discrimination-EP_original_fra-89x300.jpg 89w, https:\/\/www.pressenza.com\/wp-content\/uploads\/2015\/05\/LGBT-discrimination-EP_original_fra-305x1024.jpg 305w\" sizes=\"auto, (max-width: 650px) 100vw, 650px\" \/><\/a><\/p>\n<\/div>\n","protected":false},"excerpt":{"rendered":"<p>Le 17 mai, c&rsquo;est la Journ\u00e9e mondiale de lutte contre l&rsquo;homophobie. Des actions sont men\u00e9es partout dans le monde pour mettre en lumi\u00e8re l&rsquo;importance de la non-discrimination envers la communaut\u00e9 LGBT (lesbiennes, gays, bisexuels et transgenres). Cette ann\u00e9e marque aussi&hellip;<\/p>\n","protected":false},"author":1014,"featured_media":185585,"comment_status":"closed","ping_status":"open","sticky":false,"template":"","format":"standard","meta":{"footnotes":""},"categories":[1247,85],"tags":[17558,285,17559],"class_list":["post-185599","post","type-post","status-publish","format-standard","has-post-thumbnail","hentry","category-diversite","category-europe-fr","tag-journee-mondiale-contre-lhomophobie","tag-lgbt","tag-parlement-europeen"],"yoast_head":"<!-- This site is optimized with the Yoast SEO plugin v27.1.1 - https:\/\/yoast.com\/product\/yoast-seo-wordpress\/ -->\n<title>Journ\u00e9e mondiale de lutte contre l&#039;homophobie : \u00ab le combat continue \u00bb<\/title>\n<meta name=\"description\" content=\"Le 17 mai, c&#039;est la Journ\u00e9e mondiale de lutte contre l&#039;homophobie. Des actions sont men\u00e9es partout dans le monde pour mettre en lumi\u00e8re l&#039;importance de la\" \/>\n<meta name=\"robots\" content=\"index, follow, max-snippet:-1, max-image-preview:large, max-video-preview:-1\" \/>\n<link rel=\"canonical\" href=\"https:\/\/www.pressenza.com\/fr\/2015\/05\/journee-mondiale-de-lutte-contre-lhomophobie-le-combat-continue\/\" \/>\n<meta property=\"og:locale\" content=\"fr_FR\" \/>\n<meta property=\"og:type\" content=\"article\" \/>\n<meta property=\"og:title\" content=\"Journ\u00e9e mondiale de lutte contre l&#039;homophobie : \u00ab le combat continue \u00bb\" \/>\n<meta property=\"og:description\" content=\"Le 17 mai, c&#039;est la Journ\u00e9e mondiale de lutte contre l&#039;homophobie. Des actions sont men\u00e9es partout dans le monde pour mettre en lumi\u00e8re l&#039;importance de la\" \/>\n<meta property=\"og:url\" content=\"https:\/\/www.pressenza.com\/fr\/2015\/05\/journee-mondiale-de-lutte-contre-lhomophobie-le-combat-continue\/\" \/>\n<meta property=\"og:site_name\" content=\"Pressenza\" \/>\n<meta property=\"article:publisher\" content=\"https:\/\/www.facebook.com\/PressenzaItalia\" \/>\n<meta property=\"article:author\" content=\"https:\/\/www.facebook.com\/PressenzaEnglish\/\" \/>\n<meta property=\"article:published_time\" content=\"2015-05-17T13:02:11+00:00\" \/>\n<meta property=\"article:modified_time\" content=\"2015-05-18T01:31:51+00:00\" \/>\n<meta property=\"og:image\" content=\"https:\/\/www.pressenza.com\/wp-content\/uploads\/2015\/05\/Rainbow_flag_breeze.jpg\" \/>\n\t<meta property=\"og:image:width\" content=\"1280\" \/>\n\t<meta property=\"og:image:height\" content=\"853\" \/>\n\t<meta property=\"og:image:type\" content=\"image\/jpeg\" \/>\n<meta name=\"author\" content=\"Pressenza Budapest\" \/>\n<meta name=\"twitter:card\" content=\"summary_large_image\" \/>\n<meta name=\"twitter:creator\" content=\"@PressenzaIPA\" \/>\n<meta name=\"twitter:site\" content=\"@PressenzaIPA\" \/>\n<meta name=\"twitter:label1\" content=\"\u00c9crit par\" \/>\n\t<meta name=\"twitter:data1\" content=\"Pressenza Budapest\" \/>\n\t<meta name=\"twitter:label2\" content=\"Dur\u00e9e de lecture estim\u00e9e\" \/>\n\t<meta name=\"twitter:data2\" content=\"1 minute\" \/>\n<script type=\"application\/ld+json\" class=\"yoast-schema-graph\">{\"@context\":\"https:\/\/schema.org\",\"@graph\":[{\"@type\":\"Article\",\"@id\":\"https:\/\/www.pressenza.com\/fr\/2015\/05\/journee-mondiale-de-lutte-contre-lhomophobie-le-combat-continue\/#article\",\"isPartOf\":{\"@id\":\"https:\/\/www.pressenza.com\/fr\/2015\/05\/journee-mondiale-de-lutte-contre-lhomophobie-le-combat-continue\/\"},\"author\":{\"name\":\"Pressenza Budapest\",\"@id\":\"https:\/\/www.pressenza.com\/fr\/#\/schema\/person\/bce749c92532068a7a2de4f8a4a182e0\"},\"headline\":\"Journ\u00e9e mondiale de lutte contre l&rsquo;homophobie : \u00ab le combat continue \u00bb\",\"datePublished\":\"2015-05-17T13:02:11+00:00\",\"dateModified\":\"2015-05-18T01:31:51+00:00\",\"mainEntityOfPage\":{\"@id\":\"https:\/\/www.pressenza.com\/fr\/2015\/05\/journee-mondiale-de-lutte-contre-lhomophobie-le-combat-continue\/\"},\"wordCount\":284,\"publisher\":{\"@id\":\"https:\/\/www.pressenza.com\/fr\/#organization\"},\"image\":{\"@id\":\"https:\/\/www.pressenza.com\/fr\/2015\/05\/journee-mondiale-de-lutte-contre-lhomophobie-le-combat-continue\/#primaryimage\"},\"thumbnailUrl\":\"https:\/\/www.pressenza.com\/wp-content\/uploads\/2015\/05\/Rainbow_flag_breeze.jpg\",\"keywords\":[\"Journ\u00e9e mondiale contre l'homophobie\",\"LGBT\",\"Parlement europ\u00e9en\"],\"articleSection\":[\"Diversit\u00e9\",\"Europe\"],\"inLanguage\":\"fr-FR\"},{\"@type\":\"WebPage\",\"@id\":\"https:\/\/www.pressenza.com\/fr\/2015\/05\/journee-mondiale-de-lutte-contre-lhomophobie-le-combat-continue\/\",\"url\":\"https:\/\/www.pressenza.com\/fr\/2015\/05\/journee-mondiale-de-lutte-contre-lhomophobie-le-combat-continue\/\",\"name\":\"Journ\u00e9e mondiale de lutte contre l'homophobie : \u00ab le combat continue \u00bb\",\"isPartOf\":{\"@id\":\"https:\/\/www.pressenza.com\/fr\/#website\"},\"primaryImageOfPage\":{\"@id\":\"https:\/\/www.pressenza.com\/fr\/2015\/05\/journee-mondiale-de-lutte-contre-lhomophobie-le-combat-continue\/#primaryimage\"},\"image\":{\"@id\":\"https:\/\/www.pressenza.com\/fr\/2015\/05\/journee-mondiale-de-lutte-contre-lhomophobie-le-combat-continue\/#primaryimage\"},\"thumbnailUrl\":\"https:\/\/www.pressenza.com\/wp-content\/uploads\/2015\/05\/Rainbow_flag_breeze.jpg\",\"datePublished\":\"2015-05-17T13:02:11+00:00\",\"dateModified\":\"2015-05-18T01:31:51+00:00\",\"description\":\"Le 17 mai, c'est la Journ\u00e9e mondiale de lutte contre l'homophobie. Des actions sont men\u00e9es partout dans le monde pour mettre en lumi\u00e8re l'importance de la\",\"breadcrumb\":{\"@id\":\"https:\/\/www.pressenza.com\/fr\/2015\/05\/journee-mondiale-de-lutte-contre-lhomophobie-le-combat-continue\/#breadcrumb\"},\"inLanguage\":\"fr-FR\",\"potentialAction\":[{\"@type\":\"ReadAction\",\"target\":[\"https:\/\/www.pressenza.com\/fr\/2015\/05\/journee-mondiale-de-lutte-contre-lhomophobie-le-combat-continue\/\"]}]},{\"@type\":\"ImageObject\",\"inLanguage\":\"fr-FR\",\"@id\":\"https:\/\/www.pressenza.com\/fr\/2015\/05\/journee-mondiale-de-lutte-contre-lhomophobie-le-combat-continue\/#primaryimage\",\"url\":\"https:\/\/www.pressenza.com\/wp-content\/uploads\/2015\/05\/Rainbow_flag_breeze.jpg\",\"contentUrl\":\"https:\/\/www.pressenza.com\/wp-content\/uploads\/2015\/05\/Rainbow_flag_breeze.jpg\",\"width\":1280,\"height\":853},{\"@type\":\"BreadcrumbList\",\"@id\":\"https:\/\/www.pressenza.com\/fr\/2015\/05\/journee-mondiale-de-lutte-contre-lhomophobie-le-combat-continue\/#breadcrumb\",\"itemListElement\":[{\"@type\":\"ListItem\",\"position\":1,\"name\":\"Accueil\",\"item\":\"https:\/\/www.pressenza.com\/fr\/\"},{\"@type\":\"ListItem\",\"position\":2,\"name\":\"Journ\u00e9e mondiale de lutte contre l&rsquo;homophobie : \u00ab le combat continue \u00bb\"}]},{\"@type\":\"WebSite\",\"@id\":\"https:\/\/www.pressenza.com\/fr\/#website\",\"url\":\"https:\/\/www.pressenza.com\/fr\/\",\"name\":\"Pressenza\",\"description\":\"International Press Agency\",\"publisher\":{\"@id\":\"https:\/\/www.pressenza.com\/fr\/#organization\"},\"potentialAction\":[{\"@type\":\"SearchAction\",\"target\":{\"@type\":\"EntryPoint\",\"urlTemplate\":\"https:\/\/www.pressenza.com\/fr\/?s={search_term_string}\"},\"query-input\":{\"@type\":\"PropertyValueSpecification\",\"valueRequired\":true,\"valueName\":\"search_term_string\"}}],\"inLanguage\":\"fr-FR\"},{\"@type\":\"Organization\",\"@id\":\"https:\/\/www.pressenza.com\/fr\/#organization\",\"name\":\"Pressenza\",\"url\":\"https:\/\/www.pressenza.com\/fr\/\",\"logo\":{\"@type\":\"ImageObject\",\"inLanguage\":\"fr-FR\",\"@id\":\"https:\/\/www.pressenza.com\/fr\/#\/schema\/logo\/image\/\",\"url\":\"https:\/\/www.pressenza.com\/wp-content\/uploads\/2022\/10\/pressenza_logo_200x200.jpg\",\"contentUrl\":\"https:\/\/www.pressenza.com\/wp-content\/uploads\/2022\/10\/pressenza_logo_200x200.jpg\",\"width\":200,\"height\":200,\"caption\":\"Pressenza\"},\"image\":{\"@id\":\"https:\/\/www.pressenza.com\/fr\/#\/schema\/logo\/image\/\"},\"sameAs\":[\"https:\/\/www.facebook.com\/PressenzaItalia\",\"https:\/\/x.com\/PressenzaIPA\"]},{\"@type\":\"Person\",\"@id\":\"https:\/\/www.pressenza.com\/fr\/#\/schema\/person\/bce749c92532068a7a2de4f8a4a182e0\",\"name\":\"Pressenza Budapest\",\"description\":\"News published by the Pressenza Bureau in Budapest, Hungary\",\"sameAs\":[\"https:\/\/www.facebook.com\/PressenzaEnglish\/\",\"https:\/\/x.com\/PressenzaIPA\"],\"url\":\"https:\/\/www.pressenza.com\/fr\/author\/pressenza-budapest\/\"}]}<\/script>\n<!-- \/ Yoast SEO plugin. -->","yoast_head_json":{"title":"Journ\u00e9e mondiale de lutte contre l'homophobie : \u00ab le combat continue \u00bb","description":"Le 17 mai, c'est la Journ\u00e9e mondiale de lutte contre l'homophobie. Des actions sont men\u00e9es partout dans le monde pour mettre en lumi\u00e8re l'importance de la","robots":{"index":"index","follow":"follow","max-snippet":"max-snippet:-1","max-image-preview":"max-image-preview:large","max-video-preview":"max-video-preview:-1"},"canonical":"https:\/\/www.pressenza.com\/fr\/2015\/05\/journee-mondiale-de-lutte-contre-lhomophobie-le-combat-continue\/","og_locale":"fr_FR","og_type":"article","og_title":"Journ\u00e9e mondiale de lutte contre l'homophobie : \u00ab le combat continue \u00bb","og_description":"Le 17 mai, c'est la Journ\u00e9e mondiale de lutte contre l'homophobie. Des actions sont men\u00e9es partout dans le monde pour mettre en lumi\u00e8re l'importance de la","og_url":"https:\/\/www.pressenza.com\/fr\/2015\/05\/journee-mondiale-de-lutte-contre-lhomophobie-le-combat-continue\/","og_site_name":"Pressenza","article_publisher":"https:\/\/www.facebook.com\/PressenzaItalia","article_author":"https:\/\/www.facebook.com\/PressenzaEnglish\/","article_published_time":"2015-05-17T13:02:11+00:00","article_modified_time":"2015-05-18T01:31:51+00:00","og_image":[{"width":1280,"height":853,"url":"https:\/\/www.pressenza.com\/wp-content\/uploads\/2015\/05\/Rainbow_flag_breeze.jpg","type":"image\/jpeg"}],"author":"Pressenza Budapest","twitter_card":"summary_large_image","twitter_creator":"@PressenzaIPA","twitter_site":"@PressenzaIPA","twitter_misc":{"\u00c9crit par":"Pressenza Budapest","Dur\u00e9e de lecture estim\u00e9e":"1 minute"},"schema":{"@context":"https:\/\/schema.org","@graph":[{"@type":"Article","@id":"https:\/\/www.pressenza.com\/fr\/2015\/05\/journee-mondiale-de-lutte-contre-lhomophobie-le-combat-continue\/#article","isPartOf":{"@id":"https:\/\/www.pressenza.com\/fr\/2015\/05\/journee-mondiale-de-lutte-contre-lhomophobie-le-combat-continue\/"},"author":{"name":"Pressenza Budapest","@id":"https:\/\/www.pressenza.com\/fr\/#\/schema\/person\/bce749c92532068a7a2de4f8a4a182e0"},"headline":"Journ\u00e9e mondiale de lutte contre l&rsquo;homophobie : \u00ab le combat continue \u00bb","datePublished":"2015-05-17T13:02:11+00:00","dateModified":"2015-05-18T01:31:51+00:00","mainEntityOfPage":{"@id":"https:\/\/www.pressenza.com\/fr\/2015\/05\/journee-mondiale-de-lutte-contre-lhomophobie-le-combat-continue\/"},"wordCount":284,"publisher":{"@id":"https:\/\/www.pressenza.com\/fr\/#organization"},"image":{"@id":"https:\/\/www.pressenza.com\/fr\/2015\/05\/journee-mondiale-de-lutte-contre-lhomophobie-le-combat-continue\/#primaryimage"},"thumbnailUrl":"https:\/\/www.pressenza.com\/wp-content\/uploads\/2015\/05\/Rainbow_flag_breeze.jpg","keywords":["Journ\u00e9e mondiale contre l'homophobie","LGBT","Parlement europ\u00e9en"],"articleSection":["Diversit\u00e9","Europe"],"inLanguage":"fr-FR"},{"@type":"WebPage","@id":"https:\/\/www.pressenza.com\/fr\/2015\/05\/journee-mondiale-de-lutte-contre-lhomophobie-le-combat-continue\/","url":"https:\/\/www.pressenza.com\/fr\/2015\/05\/journee-mondiale-de-lutte-contre-lhomophobie-le-combat-continue\/","name":"Journ\u00e9e mondiale de lutte contre l'homophobie : \u00ab le combat continue \u00bb","isPartOf":{"@id":"https:\/\/www.pressenza.com\/fr\/#website"},"primaryImageOfPage":{"@id":"https:\/\/www.pressenza.com\/fr\/2015\/05\/journee-mondiale-de-lutte-contre-lhomophobie-le-combat-continue\/#primaryimage"},"image":{"@id":"https:\/\/www.pressenza.com\/fr\/2015\/05\/journee-mondiale-de-lutte-contre-lhomophobie-le-combat-continue\/#primaryimage"},"thumbnailUrl":"https:\/\/www.pressenza.com\/wp-content\/uploads\/2015\/05\/Rainbow_flag_breeze.jpg","datePublished":"2015-05-17T13:02:11+00:00","dateModified":"2015-05-18T01:31:51+00:00","description":"Le 17 mai, c'est la Journ\u00e9e mondiale de lutte contre l'homophobie. Des actions sont men\u00e9es partout dans le monde pour mettre en lumi\u00e8re l'importance de la","breadcrumb":{"@id":"https:\/\/www.pressenza.com\/fr\/2015\/05\/journee-mondiale-de-lutte-contre-lhomophobie-le-combat-continue\/#breadcrumb"},"inLanguage":"fr-FR","potentialAction":[{"@type":"ReadAction","target":["https:\/\/www.pressenza.com\/fr\/2015\/05\/journee-mondiale-de-lutte-contre-lhomophobie-le-combat-continue\/"]}]},{"@type":"ImageObject","inLanguage":"fr-FR","@id":"https:\/\/www.pressenza.com\/fr\/2015\/05\/journee-mondiale-de-lutte-contre-lhomophobie-le-combat-continue\/#primaryimage","url":"https:\/\/www.pressenza.com\/wp-content\/uploads\/2015\/05\/Rainbow_flag_breeze.jpg","contentUrl":"https:\/\/www.pressenza.com\/wp-content\/uploads\/2015\/05\/Rainbow_flag_breeze.jpg","width":1280,"height":853},{"@type":"BreadcrumbList","@id":"https:\/\/www.pressenza.com\/fr\/2015\/05\/journee-mondiale-de-lutte-contre-lhomophobie-le-combat-continue\/#breadcrumb","itemListElement":[{"@type":"ListItem","position":1,"name":"Accueil","item":"https:\/\/www.pressenza.com\/fr\/"},{"@type":"ListItem","position":2,"name":"Journ\u00e9e mondiale de lutte contre l&rsquo;homophobie : \u00ab le combat continue \u00bb"}]},{"@type":"WebSite","@id":"https:\/\/www.pressenza.com\/fr\/#website","url":"https:\/\/www.pressenza.com\/fr\/","name":"Pressenza","description":"International Press Agency","publisher":{"@id":"https:\/\/www.pressenza.com\/fr\/#organization"},"potentialAction":[{"@type":"SearchAction","target":{"@type":"EntryPoint","urlTemplate":"https:\/\/www.pressenza.com\/fr\/?s={search_term_string}"},"query-input":{"@type":"PropertyValueSpecification","valueRequired":true,"valueName":"search_term_string"}}],"inLanguage":"fr-FR"},{"@type":"Organization","@id":"https:\/\/www.pressenza.com\/fr\/#organization","name":"Pressenza","url":"https:\/\/www.pressenza.com\/fr\/","logo":{"@type":"ImageObject","inLanguage":"fr-FR","@id":"https:\/\/www.pressenza.com\/fr\/#\/schema\/logo\/image\/","url":"https:\/\/www.pressenza.com\/wp-content\/uploads\/2022\/10\/pressenza_logo_200x200.jpg","contentUrl":"https:\/\/www.pressenza.com\/wp-content\/uploads\/2022\/10\/pressenza_logo_200x200.jpg","width":200,"height":200,"caption":"Pressenza"},"image":{"@id":"https:\/\/www.pressenza.com\/fr\/#\/schema\/logo\/image\/"},"sameAs":["https:\/\/www.facebook.com\/PressenzaItalia","https:\/\/x.com\/PressenzaIPA"]},{"@type":"Person","@id":"https:\/\/www.pressenza.com\/fr\/#\/schema\/person\/bce749c92532068a7a2de4f8a4a182e0","name":"Pressenza Budapest","description":"News published by the Pressenza Bureau in Budapest, Hungary","sameAs":["https:\/\/www.facebook.com\/PressenzaEnglish\/","https:\/\/x.com\/PressenzaIPA"],"url":"https:\/\/www.pressenza.com\/fr\/author\/pressenza-budapest\/"}]}},"place":"","original_article_url":"http:\/\/www.europarl.europa.eu\/news\/fr\/news-room\/content\/20150511STO54582\/html\/Journ%C3%A9e-mondiale-de-lutte-contre-l%27homophobie-%C2%AB-le-combat-continue-%C2%BB","_links":{"self":[{"href":"https:\/\/www.pressenza.com\/fr\/wp-json\/wp\/v2\/posts\/185599","targetHints":{"allow":["GET"]}}],"collection":[{"href":"https:\/\/www.pressenza.com\/fr\/wp-json\/wp\/v2\/posts"}],"about":[{"href":"https:\/\/www.pressenza.com\/fr\/wp-json\/wp\/v2\/types\/post"}],"author":[{"embeddable":true,"href":"https:\/\/www.pressenza.com\/fr\/wp-json\/wp\/v2\/users\/1014"}],"replies":[{"embeddable":true,"href":"https:\/\/www.pressenza.com\/fr\/wp-json\/wp\/v2\/comments?post=185599"}],"version-history":[{"count":0,"href":"https:\/\/www.pressenza.com\/fr\/wp-json\/wp\/v2\/posts\/185599\/revisions"}],"wp:featuredmedia":[{"embeddable":true,"href":"https:\/\/www.pressenza.com\/fr\/wp-json\/wp\/v2\/media\/185585"}],"wp:attachment":[{"href":"https:\/\/www.pressenza.com\/fr\/wp-json\/wp\/v2\/media?parent=185599"}],"wp:term":[{"taxonomy":"category","embeddable":true,"href":"https:\/\/www.pressenza.com\/fr\/wp-json\/wp\/v2\/categories?post=185599"},{"taxonomy":"post_tag","embeddable":true,"href":"https:\/\/www.pressenza.com\/fr\/wp-json\/wp\/v2\/tags?post=185599"}],"curies":[{"name":"wp","href":"https:\/\/api.w.org\/{rel}","templated":true}]}}