{"id":185074,"date":"2015-05-14T17:59:39","date_gmt":"2015-05-14T16:59:39","guid":{"rendered":"http:\/\/www.pressenza.com\/?p=185074"},"modified":"2015-05-18T02:54:43","modified_gmt":"2015-05-18T01:54:43","slug":"en-irlande-aussi-le-reveil-de-la-gauche-anti-austerite-fait-trembler-le-pouvoir-en-place","status":"publish","type":"post","link":"https:\/\/www.pressenza.com\/fr\/2015\/05\/en-irlande-aussi-le-reveil-de-la-gauche-anti-austerite-fait-trembler-le-pouvoir-en-place\/","title":{"rendered":"En Irlande aussi, le r\u00e9veil de la gauche anti-aust\u00e9rit\u00e9 fait trembler le pouvoir en place"},"content":{"rendered":"<p><em>Le parti de gauche anti-aust\u00e9rit\u00e9 Sinn F\u00e9in est devenu incontournable depuis les \u00e9lections europ\u00e9ennes. En parall\u00e8le, un nouveau mouvement social, Right2Water, issu des luttes contre la taxation de l\u2019eau et la privatisation d\u00e9guis\u00e9e de ce bien commun, mobilise massivement. Et formule d\u00e9sormais des propositions pour am\u00e9liorer le syst\u00e8me de sant\u00e9 et d\u2019\u00e9ducation, pour diminuer le pouvoir de la finance et relancer de v\u00e9ritables politiques \u00e9conomiques d\u2019int\u00e9r\u00eat g\u00e9n\u00e9ral. Apr\u00e8s la Gr\u00e8ce avec Syriza et l\u2019Espagne avec Podemos, l\u2019Irlande sera-t-elle le 3\u00e8me pays d\u2019Europe o\u00f9 une gauche de transformation et anti-aust\u00e9rit\u00e9 est en mesure d\u2019acc\u00e9der au pouvoir\u00a0?<\/em><\/p>\n<p>Depuis la crise financi\u00e8re et immobili\u00e8re de 2008, le gouvernement irlandais a appliqu\u00e9 tous les rem\u00e8des pr\u00e9conis\u00e9s par ses nouveaux cr\u00e9anciers. Si officiellement la cure fonctionne, la r\u00e9alit\u00e9 s\u2019av\u00e8re moins r\u00e9jouissante. Le taux de ch\u00f4mage a \u00e9t\u00e9 ramen\u00e9 \u00e0 10\u00a0%, mais c\u2019est sans prendre en compte l\u2019\u00e9migration massive des jeunes vers des pays comme l\u2019Australie\u00a0: depuis la crise, pr\u00e8s d\u2019un Irlandais sur dix a \u00e9migr\u00e9. La croissance a repris pour atteindre 7,7\u00a0% en 2014, mais cette richesse a \u00e9t\u00e9 essentiellement g\u00e9n\u00e9r\u00e9e par des grandes entreprises comme Microsoft ou Amazon, accueillies dans de tr\u00e8s g\u00e9n\u00e9reuses conditions fiscales sur le territoire.<\/p>\n<p>La population, de son c\u00f4t\u00e9, subit de plein fouet le d\u00e9mant\u00e8lement de ses services publics et les expulsions immobili\u00e8res. Le prix des logements \u00e0 Dublin n\u2019a jamais \u00e9t\u00e9 aussi \u00e9lev\u00e9, et le spectre de l\u2019\u00e9clatement d\u2019une bulle immobili\u00e8re plane de nouveau. Une <a class=\"spip_out\" href=\"http:\/\/www.cso.ie\/en\/releasesandpublications\/er\/silc\/surveyonincomeandlivingconditions2013\/#.VVIOGIXMGUc\" rel=\"external\">\u00e9tude du bureau central des statistiques<\/a> montre que pr\u00e8s d\u2019un quart de la population \u00e9tait soit en situation, soit en risque de pauvret\u00e9 en 2013, et que 30,5\u00a0% des Irlandais vivaient en situation de pr\u00e9carit\u00e9. Jusqu\u2019\u00e0 r\u00e9cemment, le gouvernement, compos\u00e9 des lib\u00e9raux du Fine Gael et du Parti Travailliste, n\u2019a rencontr\u00e9 que peu de r\u00e9sistance. Mais il semblerait, au vu des \u00e9v\u00e9nements de ces derniers mois, qu\u2019\u00eatre le bon \u00e9l\u00e8ve de la Tro\u00efka ait un prix.<\/p>\n<h3 class=\"spip\">Tout commence par une histoire d\u2019eau<\/h3>\n<p>Au d\u00e9but de l\u2019ann\u00e9e 2014, le gouvernement annonce la cr\u00e9ation d\u2019Irish Water, une entreprise pr\u00e9sent\u00e9e comme une filiale de Bord Gais, l\u2019organisme public de gestion du r\u00e9seau d\u2019eau potable. Irish Water commence l\u2019installation de nouveaux compteurs \u00e0 travers le pays, expliquant au passage que les usagers devront d\u00e9sormais payer individuellement leur consommation. Jusqu\u2019\u00e0 pr\u00e9sent, les Irlandais finan\u00e7aient l\u2019entretien du r\u00e9seau et la consommation par le biais de l\u2019imp\u00f4t progressif sur le revenu, et nombreux sont ceux qui consid\u00e8rent ce nouveau syst\u00e8me comme une double taxation injuste. L\u2019arriv\u00e9e d\u2019Irish Water, prestataire qui n\u2019h\u00e9sitera pas \u00e0 couper l\u2019eau aux mauvais payeurs, laisse subodorer une privatisation.<\/p>\n<p>Des collectifs citoyens ne tardent pas \u00e0 se former via les r\u00e9seaux sociaux pour emp\u00eacher l\u2019installation des compteurs ou saboter les appareils d\u00e9j\u00e0 install\u00e9s. Des incidents \u00e9clatent entre de petits groupes de manifestants et la police un peu partout sur l\u2019\u00eele. A Trim, un homme est arr\u00eat\u00e9 pour avoir emp\u00each\u00e9 l\u2019acc\u00e8s des techniciens \u00e0 sa propri\u00e9t\u00e9. L\u2019\u00e9v\u00e9nement ne dissuade pas pour autant les manifestants, qui se font de plus en plus nombreux au cours de l\u2019\u00e9t\u00e9, alors qu\u2019en face rien n\u2019est fait pour apaiser la situation. Le Vice-Premier Ministre Eamon Gilmore feint l\u2019\u00e9tonnement\u00a0:<i>\u00ab\u00a0Ces compteurs permettront pourtant aux m\u00e9nages de r\u00e9duire leurs d\u00e9penses\u00a0\u00bb<\/i>.<\/p>\n<p>Entre temps, les partis du gouvernement re\u00e7oivent un d\u00e9saveu des \u00e9lecteurs lors du scrutin europ\u00e9en de mai 2014. Le parti travailliste, notamment, chute de 13,9\u00a0% \u00e0 5,3\u00a0%, alors que le parti de gauche Sinn F\u00e9in remporte 19,5\u00a0% des suffrages, soit pr\u00e8s du double de son score habituel.<\/p>\n<h3 class=\"spip\">Boycott des factures d\u2019eau<\/h3>\n<p>A l\u2019automne, le mouvement s\u2019organise autour de l\u2019\u00e9tiquette Right2Water (R2W, \u00ab\u00a0droit \u00e0 l\u2019eau\u00a0\u00bb), une large union rassemblant des partis de gauche radicale, des figures du mouvement issues de la soci\u00e9t\u00e9 civile et cinq syndicats jusque-l\u00e0 minoritaires dans le pays. Le Sinn F\u00e9in, bien qu\u2019identifi\u00e9 d\u00e9sormais comme le parti anti-aust\u00e9rit\u00e9 incontournable en Irlande, reste \u00e0 l\u2019\u00e9cart de ce rassemblement. Il faut dire que certaines composantes de R2W n\u2019h\u00e9sitent pas \u00e0 appeler au boycott des nouvelles factures. Encore encombr\u00e9 par son histoire li\u00e9e \u00e0 l\u2019IRA (Arm\u00e9 r\u00e9publicaine irlandaise), le Sinn F\u00e9in ne peut pas se permettre de prendre part \u00e0 un mouvement qui pr\u00f4ne des pratiques un tant soit peu ill\u00e9gales. Le parti a n\u00e9anmoins fait savoir que s\u2019il \u00e9tait \u00e9lu \u00e0 la t\u00eate du pays, sa premi\u00e8re d\u00e9cision politique serait de mettre fin au syst\u00e8me Irish Water.<\/p>\n<p>R2W se charge d\u2019organiser une <i>\u00ab\u00a0premi\u00e8re journ\u00e9e d\u2019action\u00a0\u00bb<\/i> le 11 octobre. L\u2019ampleur de l\u2019\u00e9v\u00e9nement d\u00e9passe les pr\u00e9visions les plus optimistes. 10\u00a0000 personnes sont attendues, au moins huit fois plus de manifestants r\u00e9pondent \u00e0 l\u2019appel. Le m\u00eame jour, le premier d\u00e9put\u00e9 de l\u2019Anti-Austerity Alliance, un parti d\u2019inspiration trotskiste affili\u00e9 \u00e0 R2W, Paul Murphy, est \u00e9lu lors des \u00e9lections partielles du Sud-Ouest de Dublin. <i>\u00ab\u00a0Ce que nous avons vu aujourd\u2019hui<\/i>, d\u00e9clare-t-il apr\u00e8s l\u2019annonce des r\u00e9sultats, <i>est une v\u00e9ritable r\u00e9volte.\u00a0\u00bb<\/i> Il est vrai qu\u2019il n\u2019est pas dans l\u2019habitude des Irlandais de prendre la rue. Et surtout pas aussi massivement.<\/p>\n<h3 class=\"spip\">Dans les pas de Podemos\u00a0?<\/h3>\n<p>A l\u2019issue de la marche, le gouvernement conc\u00e8de une aide de 100 \u20ac par an \u00e0 une grande partie des m\u00e9nages, mais l\u2019annonce a peu d\u2019effet sur l\u2019humeur g\u00e9n\u00e9rale. L\u2019id\u00e9e d\u2019un boycott de masse fait son chemin dans les esprits. Lors de la <i>\u00ab\u00a0seconde journ\u00e9e d\u2019action\u00a0\u00bb<\/i> organis\u00e9e le 1er novembre par R2W, le nombre de manifestants est estim\u00e9 \u00e0 100\u00a0000. La classe politique irlandaise comprend progressivement qu\u2019\u00e0 l\u2019approche des prochaines \u00e9lections l\u00e9gislatives, pr\u00e9vues avant le 6 avril 2016, le dossier Irish Water sera au centre de l\u2019agenda politique. Mais ce qui a commenc\u00e9 comme une histoire d\u2019eau s\u2019\u00e9largit vers un mouvement plus large contre les mesures d\u2019aust\u00e9rit\u00e9.<\/p>\n<p>Rory Hearne, professeur d\u2019universit\u00e9 \u00e0 Maynooth, a r\u00e9alis\u00e9 <a class=\"spip_out\" href=\"http:\/\/www.irishexaminer.com\/viewpoints\/analysis\/temperature-is-set-to-rise-in-anti-water-charge-campaign-325064.html\" rel=\"external\">une \u00e9tude d\u2019opinion<\/a> dans les rangs des militants de Right2Water. Pour lui, <i>\u00ab\u00a0le peuple \u00e9tait \u00e0 bout. La r\u00e9forme de l\u2019eau a \u00e9t\u00e9 la mesure de trop, surtout de la part d\u2019un gouvernement qui avait promis, en 2011, de ne pas mener une politique d\u2019aust\u00e9rit\u00e9.\u00a0\u00bb<\/i> Le mouvement qui secoue l\u2019Irlande est aujourd\u2019hui en pleine mutation\u00a0: <i>\u00ab\u00a0On assiste \u00e0 une politisation, \u00e0 un positionnement tr\u00e8s clair contre la corruption, contre une dette per\u00e7ue comme injuste, contre la fa\u00e7on dont les in\u00e9galit\u00e9s se creusent&#8230; On le voit avec la mont\u00e9e du Sinn F\u00e9in et des pratiques politiques non traditionnelles. R2W est en train de devenir un mouvement citoyen solide qui rappelle des initiatives comme Podemos.\u00a0\u00bb<\/i> Avec, dans le r\u00f4le de Pablo Iglesias, une figure comme Brendan Ogle, un syndicaliste reconnu pour sa fermet\u00e9 ayant r\u00e9cemment quitt\u00e9 ses fonctions pour s\u2019impliquer davantage dans le mouvement.<\/p>\n<h3 class=\"spip\">Du mouvement social au jeu politique<\/h3>\n<p>On d\u00e9couvre dans l\u2019\u00e9tude de Rory Hearne qu\u2019un tiers des personnes interrog\u00e9es se d\u00e9clarent pr\u00eates \u00e0 voter pour l\u2019Anti-Austerity Alliance, contre un quart vers le Sinn F\u00e9in. Surtout, 79\u00a0% des sond\u00e9s donneraient leur voix en priorit\u00e9 \u00e0 un candidat soutenu par R2W. <i>\u00ab\u00a0Right2Water est parvenu \u00e0 s\u2019implanter solidement dans de nombreuses communaut\u00e9s, \u00e0 tel point que le mouvement envisage d\u2019entrer dans le jeu politique pour les prochaines \u00e9lections.\u00a0\u00bb<\/i><\/p>\n<p>Le mouvement en prend en tout cas le chemin. Le 1er mai dernier, R2W a organis\u00e9 une <i>\u00ab\u00a0Plate-forme pour le renouveau\u00a0\u00bb<\/i> rassemblant \u00e0 part \u00e9gale les acteurs politiques, syndicaux et ind\u00e9pendants pour mettre sur pied une d\u00e9claration de principe pour un gouvernement progressiste. En plus d\u2019une proposition de refonte de la gestion de l\u2019eau, on trouve <a class=\"spip_out\" href=\"http:\/\/www.mandate.ie\/Documents\/111930_12796_R2W-Unions_Policies_A5.pdf\" rel=\"external\">dans ce texte<\/a> des pistes pour am\u00e9liorer le syst\u00e8me de sant\u00e9 et d\u2019\u00e9ducation, diminuer le pouvoir de la finance sur l\u2019\u00e9conomie du pays, redonner sa place \u00e0 l\u2019emploi\u2026 Avec, en derni\u00e8re page, un appel \u00e0 propositions adress\u00e9 \u00e0 tous les Irlandais en vue du prochain rassemblement de R2W fix\u00e9 le 13 juin prochain.<\/p>\n<p>En attendant, pour Brendan Ogle, l\u2019heure est au d\u00e9bat et \u00e0 la r\u00e9flexion\u00a0: <i>\u00ab\u00a0On lance des partis, on lance des marques, on lance des personnalit\u00e9s, on lance des noms puis ces gens s\u2019assoient et se grattent la t\u00eate pour essayer de savoir ce qu\u2019ils revendiquent. Ce que nous allons faire, c\u2019est essayer d\u2019inverser \u00e7a. (\u2026) Ca nous para\u00eet tr\u00e8s logique. Commencer par des id\u00e9es dans les secteurs qui affectent la vie des gens, voir si on peut en tirer une d\u00e9claration de principes, voir s\u2019il y a un app\u00e9tit du public pour \u00e7a. Et s\u2019il y a lieu, en tirer une nouvelle alliance de candidats et de personnalit\u00e9s.\u00a0\u00bb<\/i> Bref, le contenu politique avant le marketing m\u00e9diatique.<\/p>\n<p>Nicolas Salvi<\/p>\n<p>Photo\u00a0: manifestation de R2W le 1er novembre 2014 \/ CC William Murphy<\/p>\n<p>&nbsp;<\/p>\n","protected":false},"excerpt":{"rendered":"<p>Le parti de gauche anti-aust\u00e9rit\u00e9 Sinn F\u00e9in est devenu incontournable depuis les \u00e9lections europ\u00e9ennes. En parall\u00e8le, un nouveau mouvement social, Right2Water, issu des luttes contre la taxation de l\u2019eau et la privatisation d\u00e9guis\u00e9e de ce bien commun, mobilise massivement. Et&hellip;<\/p>\n","protected":false},"author":1043,"featured_media":185078,"comment_status":"closed","ping_status":"open","sticky":false,"template":"","format":"standard","meta":{"footnotes":""},"categories":[97,85,40,163,93],"tags":[17516,17518,8555,17517],"class_list":["post-185074","post","type-post","status-publish","format-standard","has-post-thumbnail","hentry","category-environnement-et-ecologie","category-europe-fr","category-international-fr","category-opinion-fr","category-politique","tag-dirish-water","tag-acces-a-leau-indignes-de-tous-les-pays","tag-luttes-sociales","tag-mouvement-citoyen"],"yoast_head":"<!-- This site is optimized with the Yoast SEO plugin v27.1.1 - https:\/\/yoast.com\/product\/yoast-seo-wordpress\/ -->\n<title>En Irlande aussi, le r\u00e9veil de la gauche anti-aust\u00e9rit\u00e9 fait trembler le pouvoir en place<\/title>\n<meta name=\"description\" content=\"Le parti de gauche anti-aust\u00e9rit\u00e9 Sinn F\u00e9in est devenu incontournable depuis les \u00e9lections europ\u00e9ennes. En parall\u00e8le, un nouveau mouvement social,\" \/>\n<meta name=\"robots\" content=\"index, follow, max-snippet:-1, max-image-preview:large, max-video-preview:-1\" \/>\n<link rel=\"canonical\" href=\"https:\/\/www.pressenza.com\/fr\/2015\/05\/en-irlande-aussi-le-reveil-de-la-gauche-anti-austerite-fait-trembler-le-pouvoir-en-place\/\" \/>\n<meta property=\"og:locale\" content=\"fr_FR\" \/>\n<meta property=\"og:type\" content=\"article\" \/>\n<meta property=\"og:title\" content=\"En Irlande aussi, le r\u00e9veil de la gauche anti-aust\u00e9rit\u00e9 fait trembler le pouvoir en place\" \/>\n<meta property=\"og:description\" content=\"Le parti de gauche anti-aust\u00e9rit\u00e9 Sinn F\u00e9in est devenu incontournable depuis les \u00e9lections europ\u00e9ennes. En parall\u00e8le, un nouveau mouvement social,\" \/>\n<meta property=\"og:url\" content=\"https:\/\/www.pressenza.com\/fr\/2015\/05\/en-irlande-aussi-le-reveil-de-la-gauche-anti-austerite-fait-trembler-le-pouvoir-en-place\/\" \/>\n<meta property=\"og:site_name\" content=\"Pressenza\" \/>\n<meta property=\"article:publisher\" content=\"https:\/\/www.facebook.com\/PressenzaItalia\" \/>\n<meta property=\"article:author\" content=\"https:\/\/www.facebook.com\/pages\/Basta-Site-dinformation-sur-les-luttes-environnementales-et-sociales\/262286559891\" \/>\n<meta property=\"article:published_time\" content=\"2015-05-14T16:59:39+00:00\" \/>\n<meta property=\"article:modified_time\" content=\"2015-05-18T01:54:43+00:00\" \/>\n<meta property=\"og:image\" content=\"https:\/\/www.pressenza.com\/wp-content\/uploads\/2015\/05\/arton4867-8eaef.jpg\" \/>\n\t<meta property=\"og:image:width\" content=\"540\" \/>\n\t<meta property=\"og:image:height\" content=\"267\" \/>\n\t<meta property=\"og:image:type\" content=\"image\/jpeg\" \/>\n<meta name=\"author\" content=\"Bastamag\" \/>\n<meta name=\"twitter:card\" content=\"summary_large_image\" \/>\n<meta name=\"twitter:creator\" content=\"@bastamag\" \/>\n<meta name=\"twitter:site\" content=\"@PressenzaIPA\" \/>\n<meta name=\"twitter:label1\" content=\"\u00c9crit par\" \/>\n\t<meta name=\"twitter:data1\" content=\"Bastamag\" \/>\n\t<meta name=\"twitter:label2\" content=\"Dur\u00e9e de lecture estim\u00e9e\" \/>\n\t<meta name=\"twitter:data2\" content=\"8 minutes\" \/>\n<script type=\"application\/ld+json\" class=\"yoast-schema-graph\">{\"@context\":\"https:\/\/schema.org\",\"@graph\":[{\"@type\":\"Article\",\"@id\":\"https:\/\/www.pressenza.com\/fr\/2015\/05\/en-irlande-aussi-le-reveil-de-la-gauche-anti-austerite-fait-trembler-le-pouvoir-en-place\/#article\",\"isPartOf\":{\"@id\":\"https:\/\/www.pressenza.com\/fr\/2015\/05\/en-irlande-aussi-le-reveil-de-la-gauche-anti-austerite-fait-trembler-le-pouvoir-en-place\/\"},\"author\":{\"name\":\"Bastamag\",\"@id\":\"https:\/\/www.pressenza.com\/fr\/#\/schema\/person\/017dfcd67def6ac675c187e710c4e749\"},\"headline\":\"En Irlande aussi, le r\u00e9veil de la gauche anti-aust\u00e9rit\u00e9 fait trembler le pouvoir en place\",\"datePublished\":\"2015-05-14T16:59:39+00:00\",\"dateModified\":\"2015-05-18T01:54:43+00:00\",\"mainEntityOfPage\":{\"@id\":\"https:\/\/www.pressenza.com\/fr\/2015\/05\/en-irlande-aussi-le-reveil-de-la-gauche-anti-austerite-fait-trembler-le-pouvoir-en-place\/\"},\"wordCount\":1610,\"publisher\":{\"@id\":\"https:\/\/www.pressenza.com\/fr\/#organization\"},\"image\":{\"@id\":\"https:\/\/www.pressenza.com\/fr\/2015\/05\/en-irlande-aussi-le-reveil-de-la-gauche-anti-austerite-fait-trembler-le-pouvoir-en-place\/#primaryimage\"},\"thumbnailUrl\":\"https:\/\/www.pressenza.com\/wp-content\/uploads\/2015\/05\/arton4867-8eaef.jpg\",\"keywords\":[\"d\u2019Irish Water\",\"Indign\u00e9s de tous les pays\",\"Luttes sociales\",\"mouvement citoyen\"],\"articleSection\":[\"Ecologie et Environnement\",\"Europe\",\"International\",\"Opinion\",\"Politique\"],\"inLanguage\":\"fr-FR\"},{\"@type\":\"WebPage\",\"@id\":\"https:\/\/www.pressenza.com\/fr\/2015\/05\/en-irlande-aussi-le-reveil-de-la-gauche-anti-austerite-fait-trembler-le-pouvoir-en-place\/\",\"url\":\"https:\/\/www.pressenza.com\/fr\/2015\/05\/en-irlande-aussi-le-reveil-de-la-gauche-anti-austerite-fait-trembler-le-pouvoir-en-place\/\",\"name\":\"En Irlande aussi, le r\u00e9veil de la gauche anti-aust\u00e9rit\u00e9 fait trembler le pouvoir en place\",\"isPartOf\":{\"@id\":\"https:\/\/www.pressenza.com\/fr\/#website\"},\"primaryImageOfPage\":{\"@id\":\"https:\/\/www.pressenza.com\/fr\/2015\/05\/en-irlande-aussi-le-reveil-de-la-gauche-anti-austerite-fait-trembler-le-pouvoir-en-place\/#primaryimage\"},\"image\":{\"@id\":\"https:\/\/www.pressenza.com\/fr\/2015\/05\/en-irlande-aussi-le-reveil-de-la-gauche-anti-austerite-fait-trembler-le-pouvoir-en-place\/#primaryimage\"},\"thumbnailUrl\":\"https:\/\/www.pressenza.com\/wp-content\/uploads\/2015\/05\/arton4867-8eaef.jpg\",\"datePublished\":\"2015-05-14T16:59:39+00:00\",\"dateModified\":\"2015-05-18T01:54:43+00:00\",\"description\":\"Le parti de gauche anti-aust\u00e9rit\u00e9 Sinn F\u00e9in est devenu incontournable depuis les \u00e9lections europ\u00e9ennes. En parall\u00e8le, un nouveau mouvement social,\",\"breadcrumb\":{\"@id\":\"https:\/\/www.pressenza.com\/fr\/2015\/05\/en-irlande-aussi-le-reveil-de-la-gauche-anti-austerite-fait-trembler-le-pouvoir-en-place\/#breadcrumb\"},\"inLanguage\":\"fr-FR\",\"potentialAction\":[{\"@type\":\"ReadAction\",\"target\":[\"https:\/\/www.pressenza.com\/fr\/2015\/05\/en-irlande-aussi-le-reveil-de-la-gauche-anti-austerite-fait-trembler-le-pouvoir-en-place\/\"]}]},{\"@type\":\"ImageObject\",\"inLanguage\":\"fr-FR\",\"@id\":\"https:\/\/www.pressenza.com\/fr\/2015\/05\/en-irlande-aussi-le-reveil-de-la-gauche-anti-austerite-fait-trembler-le-pouvoir-en-place\/#primaryimage\",\"url\":\"https:\/\/www.pressenza.com\/wp-content\/uploads\/2015\/05\/arton4867-8eaef.jpg\",\"contentUrl\":\"https:\/\/www.pressenza.com\/wp-content\/uploads\/2015\/05\/arton4867-8eaef.jpg\",\"width\":540,\"height\":267},{\"@type\":\"BreadcrumbList\",\"@id\":\"https:\/\/www.pressenza.com\/fr\/2015\/05\/en-irlande-aussi-le-reveil-de-la-gauche-anti-austerite-fait-trembler-le-pouvoir-en-place\/#breadcrumb\",\"itemListElement\":[{\"@type\":\"ListItem\",\"position\":1,\"name\":\"Accueil\",\"item\":\"https:\/\/www.pressenza.com\/fr\/\"},{\"@type\":\"ListItem\",\"position\":2,\"name\":\"En Irlande aussi, le r\u00e9veil de la gauche anti-aust\u00e9rit\u00e9 fait trembler le pouvoir en place\"}]},{\"@type\":\"WebSite\",\"@id\":\"https:\/\/www.pressenza.com\/fr\/#website\",\"url\":\"https:\/\/www.pressenza.com\/fr\/\",\"name\":\"Pressenza\",\"description\":\"International Press Agency\",\"publisher\":{\"@id\":\"https:\/\/www.pressenza.com\/fr\/#organization\"},\"potentialAction\":[{\"@type\":\"SearchAction\",\"target\":{\"@type\":\"EntryPoint\",\"urlTemplate\":\"https:\/\/www.pressenza.com\/fr\/?s={search_term_string}\"},\"query-input\":{\"@type\":\"PropertyValueSpecification\",\"valueRequired\":true,\"valueName\":\"search_term_string\"}}],\"inLanguage\":\"fr-FR\"},{\"@type\":\"Organization\",\"@id\":\"https:\/\/www.pressenza.com\/fr\/#organization\",\"name\":\"Pressenza\",\"url\":\"https:\/\/www.pressenza.com\/fr\/\",\"logo\":{\"@type\":\"ImageObject\",\"inLanguage\":\"fr-FR\",\"@id\":\"https:\/\/www.pressenza.com\/fr\/#\/schema\/logo\/image\/\",\"url\":\"https:\/\/www.pressenza.com\/wp-content\/uploads\/2022\/10\/pressenza_logo_200x200.jpg\",\"contentUrl\":\"https:\/\/www.pressenza.com\/wp-content\/uploads\/2022\/10\/pressenza_logo_200x200.jpg\",\"width\":200,\"height\":200,\"caption\":\"Pressenza\"},\"image\":{\"@id\":\"https:\/\/www.pressenza.com\/fr\/#\/schema\/logo\/image\/\"},\"sameAs\":[\"https:\/\/www.facebook.com\/PressenzaItalia\",\"https:\/\/x.com\/PressenzaIPA\"]},{\"@type\":\"Person\",\"@id\":\"https:\/\/www.pressenza.com\/fr\/#\/schema\/person\/017dfcd67def6ac675c187e710c4e749\",\"name\":\"Bastamag\",\"description\":\"Basta ! est un site d\u2019information ind\u00e9pendant sur l\u2019actualit\u00e9 sociale et environnementale. Constitu\u00e9 d\u2019une \u00e9quipe de journalistes et de militants associatifs, Basta ! contribue \u00e0 donner une visibilit\u00e9 aux enjeux \u00e9cologiques, aux actions citoyennes, aux revendications sociales, aux mouvements de solidarit\u00e9 et aux alternatives mises en \u0153uvre. www.basta.media\",\"sameAs\":[\"http:\/\/www.bastamag.net\",\"https:\/\/www.facebook.com\/pages\/Basta-Site-dinformation-sur-les-luttes-environnementales-et-sociales\/262286559891\",\"https:\/\/x.com\/bastamag\"],\"url\":\"https:\/\/www.pressenza.com\/fr\/author\/bastamag\/\"}]}<\/script>\n<!-- \/ Yoast SEO plugin. -->","yoast_head_json":{"title":"En Irlande aussi, le r\u00e9veil de la gauche anti-aust\u00e9rit\u00e9 fait trembler le pouvoir en place","description":"Le parti de gauche anti-aust\u00e9rit\u00e9 Sinn F\u00e9in est devenu incontournable depuis les \u00e9lections europ\u00e9ennes. En parall\u00e8le, un nouveau mouvement social,","robots":{"index":"index","follow":"follow","max-snippet":"max-snippet:-1","max-image-preview":"max-image-preview:large","max-video-preview":"max-video-preview:-1"},"canonical":"https:\/\/www.pressenza.com\/fr\/2015\/05\/en-irlande-aussi-le-reveil-de-la-gauche-anti-austerite-fait-trembler-le-pouvoir-en-place\/","og_locale":"fr_FR","og_type":"article","og_title":"En Irlande aussi, le r\u00e9veil de la gauche anti-aust\u00e9rit\u00e9 fait trembler le pouvoir en place","og_description":"Le parti de gauche anti-aust\u00e9rit\u00e9 Sinn F\u00e9in est devenu incontournable depuis les \u00e9lections europ\u00e9ennes. En parall\u00e8le, un nouveau mouvement social,","og_url":"https:\/\/www.pressenza.com\/fr\/2015\/05\/en-irlande-aussi-le-reveil-de-la-gauche-anti-austerite-fait-trembler-le-pouvoir-en-place\/","og_site_name":"Pressenza","article_publisher":"https:\/\/www.facebook.com\/PressenzaItalia","article_author":"https:\/\/www.facebook.com\/pages\/Basta-Site-dinformation-sur-les-luttes-environnementales-et-sociales\/262286559891","article_published_time":"2015-05-14T16:59:39+00:00","article_modified_time":"2015-05-18T01:54:43+00:00","og_image":[{"width":540,"height":267,"url":"https:\/\/www.pressenza.com\/wp-content\/uploads\/2015\/05\/arton4867-8eaef.jpg","type":"image\/jpeg"}],"author":"Bastamag","twitter_card":"summary_large_image","twitter_creator":"@bastamag","twitter_site":"@PressenzaIPA","twitter_misc":{"\u00c9crit par":"Bastamag","Dur\u00e9e de lecture estim\u00e9e":"8 minutes"},"schema":{"@context":"https:\/\/schema.org","@graph":[{"@type":"Article","@id":"https:\/\/www.pressenza.com\/fr\/2015\/05\/en-irlande-aussi-le-reveil-de-la-gauche-anti-austerite-fait-trembler-le-pouvoir-en-place\/#article","isPartOf":{"@id":"https:\/\/www.pressenza.com\/fr\/2015\/05\/en-irlande-aussi-le-reveil-de-la-gauche-anti-austerite-fait-trembler-le-pouvoir-en-place\/"},"author":{"name":"Bastamag","@id":"https:\/\/www.pressenza.com\/fr\/#\/schema\/person\/017dfcd67def6ac675c187e710c4e749"},"headline":"En Irlande aussi, le r\u00e9veil de la gauche anti-aust\u00e9rit\u00e9 fait trembler le pouvoir en place","datePublished":"2015-05-14T16:59:39+00:00","dateModified":"2015-05-18T01:54:43+00:00","mainEntityOfPage":{"@id":"https:\/\/www.pressenza.com\/fr\/2015\/05\/en-irlande-aussi-le-reveil-de-la-gauche-anti-austerite-fait-trembler-le-pouvoir-en-place\/"},"wordCount":1610,"publisher":{"@id":"https:\/\/www.pressenza.com\/fr\/#organization"},"image":{"@id":"https:\/\/www.pressenza.com\/fr\/2015\/05\/en-irlande-aussi-le-reveil-de-la-gauche-anti-austerite-fait-trembler-le-pouvoir-en-place\/#primaryimage"},"thumbnailUrl":"https:\/\/www.pressenza.com\/wp-content\/uploads\/2015\/05\/arton4867-8eaef.jpg","keywords":["d\u2019Irish Water","Indign\u00e9s de tous les pays","Luttes sociales","mouvement citoyen"],"articleSection":["Ecologie et Environnement","Europe","International","Opinion","Politique"],"inLanguage":"fr-FR"},{"@type":"WebPage","@id":"https:\/\/www.pressenza.com\/fr\/2015\/05\/en-irlande-aussi-le-reveil-de-la-gauche-anti-austerite-fait-trembler-le-pouvoir-en-place\/","url":"https:\/\/www.pressenza.com\/fr\/2015\/05\/en-irlande-aussi-le-reveil-de-la-gauche-anti-austerite-fait-trembler-le-pouvoir-en-place\/","name":"En Irlande aussi, le r\u00e9veil de la gauche anti-aust\u00e9rit\u00e9 fait trembler le pouvoir en place","isPartOf":{"@id":"https:\/\/www.pressenza.com\/fr\/#website"},"primaryImageOfPage":{"@id":"https:\/\/www.pressenza.com\/fr\/2015\/05\/en-irlande-aussi-le-reveil-de-la-gauche-anti-austerite-fait-trembler-le-pouvoir-en-place\/#primaryimage"},"image":{"@id":"https:\/\/www.pressenza.com\/fr\/2015\/05\/en-irlande-aussi-le-reveil-de-la-gauche-anti-austerite-fait-trembler-le-pouvoir-en-place\/#primaryimage"},"thumbnailUrl":"https:\/\/www.pressenza.com\/wp-content\/uploads\/2015\/05\/arton4867-8eaef.jpg","datePublished":"2015-05-14T16:59:39+00:00","dateModified":"2015-05-18T01:54:43+00:00","description":"Le parti de gauche anti-aust\u00e9rit\u00e9 Sinn F\u00e9in est devenu incontournable depuis les \u00e9lections europ\u00e9ennes. En parall\u00e8le, un nouveau mouvement social,","breadcrumb":{"@id":"https:\/\/www.pressenza.com\/fr\/2015\/05\/en-irlande-aussi-le-reveil-de-la-gauche-anti-austerite-fait-trembler-le-pouvoir-en-place\/#breadcrumb"},"inLanguage":"fr-FR","potentialAction":[{"@type":"ReadAction","target":["https:\/\/www.pressenza.com\/fr\/2015\/05\/en-irlande-aussi-le-reveil-de-la-gauche-anti-austerite-fait-trembler-le-pouvoir-en-place\/"]}]},{"@type":"ImageObject","inLanguage":"fr-FR","@id":"https:\/\/www.pressenza.com\/fr\/2015\/05\/en-irlande-aussi-le-reveil-de-la-gauche-anti-austerite-fait-trembler-le-pouvoir-en-place\/#primaryimage","url":"https:\/\/www.pressenza.com\/wp-content\/uploads\/2015\/05\/arton4867-8eaef.jpg","contentUrl":"https:\/\/www.pressenza.com\/wp-content\/uploads\/2015\/05\/arton4867-8eaef.jpg","width":540,"height":267},{"@type":"BreadcrumbList","@id":"https:\/\/www.pressenza.com\/fr\/2015\/05\/en-irlande-aussi-le-reveil-de-la-gauche-anti-austerite-fait-trembler-le-pouvoir-en-place\/#breadcrumb","itemListElement":[{"@type":"ListItem","position":1,"name":"Accueil","item":"https:\/\/www.pressenza.com\/fr\/"},{"@type":"ListItem","position":2,"name":"En Irlande aussi, le r\u00e9veil de la gauche anti-aust\u00e9rit\u00e9 fait trembler le pouvoir en place"}]},{"@type":"WebSite","@id":"https:\/\/www.pressenza.com\/fr\/#website","url":"https:\/\/www.pressenza.com\/fr\/","name":"Pressenza","description":"International Press Agency","publisher":{"@id":"https:\/\/www.pressenza.com\/fr\/#organization"},"potentialAction":[{"@type":"SearchAction","target":{"@type":"EntryPoint","urlTemplate":"https:\/\/www.pressenza.com\/fr\/?s={search_term_string}"},"query-input":{"@type":"PropertyValueSpecification","valueRequired":true,"valueName":"search_term_string"}}],"inLanguage":"fr-FR"},{"@type":"Organization","@id":"https:\/\/www.pressenza.com\/fr\/#organization","name":"Pressenza","url":"https:\/\/www.pressenza.com\/fr\/","logo":{"@type":"ImageObject","inLanguage":"fr-FR","@id":"https:\/\/www.pressenza.com\/fr\/#\/schema\/logo\/image\/","url":"https:\/\/www.pressenza.com\/wp-content\/uploads\/2022\/10\/pressenza_logo_200x200.jpg","contentUrl":"https:\/\/www.pressenza.com\/wp-content\/uploads\/2022\/10\/pressenza_logo_200x200.jpg","width":200,"height":200,"caption":"Pressenza"},"image":{"@id":"https:\/\/www.pressenza.com\/fr\/#\/schema\/logo\/image\/"},"sameAs":["https:\/\/www.facebook.com\/PressenzaItalia","https:\/\/x.com\/PressenzaIPA"]},{"@type":"Person","@id":"https:\/\/www.pressenza.com\/fr\/#\/schema\/person\/017dfcd67def6ac675c187e710c4e749","name":"Bastamag","description":"Basta ! est un site d\u2019information ind\u00e9pendant sur l\u2019actualit\u00e9 sociale et environnementale. Constitu\u00e9 d\u2019une \u00e9quipe de journalistes et de militants associatifs, Basta ! contribue \u00e0 donner une visibilit\u00e9 aux enjeux \u00e9cologiques, aux actions citoyennes, aux revendications sociales, aux mouvements de solidarit\u00e9 et aux alternatives mises en \u0153uvre. www.basta.media","sameAs":["http:\/\/www.bastamag.net","https:\/\/www.facebook.com\/pages\/Basta-Site-dinformation-sur-les-luttes-environnementales-et-sociales\/262286559891","https:\/\/x.com\/bastamag"],"url":"https:\/\/www.pressenza.com\/fr\/author\/bastamag\/"}]}},"place":"","original_article_url":"http:\/\/www.bastamag.net\/De-l-acces-a-l-eau-a-la-lutte-contre-l-austerite-Right2Water-fait-son-chemin-en","_links":{"self":[{"href":"https:\/\/www.pressenza.com\/fr\/wp-json\/wp\/v2\/posts\/185074","targetHints":{"allow":["GET"]}}],"collection":[{"href":"https:\/\/www.pressenza.com\/fr\/wp-json\/wp\/v2\/posts"}],"about":[{"href":"https:\/\/www.pressenza.com\/fr\/wp-json\/wp\/v2\/types\/post"}],"author":[{"embeddable":true,"href":"https:\/\/www.pressenza.com\/fr\/wp-json\/wp\/v2\/users\/1043"}],"replies":[{"embeddable":true,"href":"https:\/\/www.pressenza.com\/fr\/wp-json\/wp\/v2\/comments?post=185074"}],"version-history":[{"count":0,"href":"https:\/\/www.pressenza.com\/fr\/wp-json\/wp\/v2\/posts\/185074\/revisions"}],"wp:featuredmedia":[{"embeddable":true,"href":"https:\/\/www.pressenza.com\/fr\/wp-json\/wp\/v2\/media\/185078"}],"wp:attachment":[{"href":"https:\/\/www.pressenza.com\/fr\/wp-json\/wp\/v2\/media?parent=185074"}],"wp:term":[{"taxonomy":"category","embeddable":true,"href":"https:\/\/www.pressenza.com\/fr\/wp-json\/wp\/v2\/categories?post=185074"},{"taxonomy":"post_tag","embeddable":true,"href":"https:\/\/www.pressenza.com\/fr\/wp-json\/wp\/v2\/tags?post=185074"}],"curies":[{"name":"wp","href":"https:\/\/api.w.org\/{rel}","templated":true}]}}