{"id":1843057,"date":"2024-05-06T19:00:01","date_gmt":"2024-05-06T18:00:01","guid":{"rendered":"https:\/\/www.pressenza.com\/?p=1843057"},"modified":"2024-05-07T00:15:20","modified_gmt":"2024-05-06T23:15:20","slug":"le-mouvement-doccupation-des-jeunes-peut-il-eveiller-une-sensibilite-globale-qui-rejette-les-guerres-projetees-dans-le-futur","status":"publish","type":"post","link":"https:\/\/www.pressenza.com\/fr\/2024\/05\/le-mouvement-doccupation-des-jeunes-peut-il-eveiller-une-sensibilite-globale-qui-rejette-les-guerres-projetees-dans-le-futur\/","title":{"rendered":"Le mouvement d&rsquo;occupation des jeunes peut-il \u00e9veiller une sensibilit\u00e9 globale qui rejette les guerres projet\u00e9es dans le futur?"},"content":{"rendered":"<blockquote><p><i><span style=\"font-weight: 400;\">Je vois des opprim\u00e9s partout (&#8230;) et je veux les d\u00e9livrer de l\u2019oppression. Ce sont ces opprim\u00e9s-l\u00e0 qui me touchent et c\u2019est de leur oppression que je me sens complice. C\u2019est leur libert\u00e9 enfin qui reconna\u00eetra la mienne\u00a0\u00bb. (Jean-Paul Sartre, Cahiers pour une morale, Paris, Gallimard, 1983, p. 89)<\/span><\/i><span style=\"font-weight: 400;\">\u00a0\u00a0\u00a0<\/span><\/p><\/blockquote>\n<p><span style=\"font-weight: 400;\">Partout \u00e0 travers le monde, des \u00e9tudiantes et \u00e9tudiants se mobilisent et organisent des campements sur les campus universitaires de leurs cit\u00e9s. Ils exigent le d\u00e9sengagement des universit\u00e9s avec Isra\u00ebl et un cessez-le-feu imm\u00e9diat \u00e0 Gaza. Les images de tous ces jeunes qui d\u00e9ferlent sur les r\u00e9seaux sociaux nous am\u00e8nent \u00e0 consid\u00e9rer s\u00e9rieusement la capacit\u00e9 collective de cette g\u00e9n\u00e9ration d\u2019\u00e9veiller une conscience globale face \u00e0 la souffrance du peuple Palestinien.\u00a0<\/span><\/p>\n<p><span style=\"font-weight: 400;\">Mais, il me semble que ce qui agit \u00e0 la racine de ces images des jeunes, c\u2019est cette dialectique de la libert\u00e9 face au d\u00e9terminisme impos\u00e9 par un syst\u00e8me bas\u00e9 sur l\u2019argent et la violence. C\u2019est la recherche d\u2019engagement social et cette qu\u00eate de lib\u00e9ration de la souffrance humaine face aux processus m\u00e9caniques d\u2019un syst\u00e8me qui manipule et d\u00e9shumanise l\u2019\u00eatre humain et les peuples avec une polarisation sociale, politique et religieuse et \u00e0 travers la violence et les guerres. La r\u00e9sistance des jeunes met en avant la question de l\u2019anti-discrimination face \u00e0 la discrimination ; la question de la libert\u00e9 face \u00e0 l\u2019oppression ; la question du sens de la vie face \u00e0 la r\u00e9signation et \u00e0 la complicit\u00e9 avec un syst\u00e8me corrompu.\u00a0<\/span><\/p>\n<p><span style=\"font-weight: 400;\">Certes, cette nouvelle g\u00e9n\u00e9ration est influenc\u00e9e par un discours qui m\u00e9lange le rejet de l\u2019Occident et par cette forme de complaisance pour l\u2019islamisme. Mais, si on observe de plus pr\u00e8s, on comprend que les jeunes vivent une quasi <\/span><i><span style=\"font-weight: 400;\">r\u00e9pulsion psychologique<\/span><\/i><span style=\"font-weight: 400;\"> face \u00e0 l\u2019Occident qui l\u2019appuie constamment la violence et les guerres pour g\u00e9rer les conflits.\u00a0<\/span><\/p>\n<p><span style=\"font-weight: 400;\">L\u2019auteur du livre <\/span><i><span style=\"font-weight: 400;\">La g\u00e9n\u00e9ration anxieuse<\/span><\/i><span style=\"font-weight: 400;\">, Jonathan Haidt, professeur de psychologie sociale de l\u2019universit\u00e9 de New York explique comment le paysage humain dans lequel ont grandi les nouvelles g\u00e9n\u00e9rations a provoqu\u00e9 une \u00e9pid\u00e9mie de maladie mentale. Il souligne que les nouvelles g\u00e9n\u00e9rations vivent une forme d\u2019angoisse et sugg\u00e8re qu\u2019ils souffrent d\u2019un syst\u00e8me immunitaire psychologique faible. Selon le chercheur,\u00a0 la capacit\u00e9 d\u2019un jeune d\u2019aujourd\u2019hui \u00e0 g\u00e9rer, \u00e0 traiter et surmonter les frustrations et les injustices qu\u2019il per\u00e7oit \u00e0 travers le monde \u00e0 grandement diminu\u00e9 en comparaison aux g\u00e9n\u00e9rations pr\u00e9c\u00e9dentes.\u00a0<\/span><\/p>\n<p><span style=\"font-weight: 400;\">Par ailleurs, le chercheur n\u2019aborde pas le th\u00e8me de la sensibilit\u00e9 qui diff\u00e8re d\u2019une g\u00e9n\u00e9ration \u00e0 l\u2019autre. En fait, peut-\u00eatre que ce sont les g\u00e9n\u00e9rations pr\u00e9c\u00e9dentes pr\u00e9sentement au pouvoir qui souffrent d\u2019une forme d\u2019absence de sensibilit\u00e9 face \u00e0 l\u2019angoisse des jeunes qui s\u2019interrogent sur le futur de la plan\u00e8te et sur la destin\u00e9e du peuple Palestinien.\u00a0 Peut-\u00eatre que les g\u00e9n\u00e9rations au pouvoir croient qu\u2019elles sont un exemple inspirateur \u00e0 suivre alors qu\u2019elles appuient et financent des guerres sanglantes ou des centaines de femmes et d\u2019enfants sont assassin\u00e9es quotidiennement \u00e0 travers le monde simplement par vengeance. Peut-\u00eatre que ces g\u00e9n\u00e9rations croient qu\u2019elles sont un exemple alors qu\u2019elles contribuent \u00e0 la catastrophe climatique en appuyant l\u2019exploitation p\u00e9troli\u00e8re et gazi\u00e8re.\u00a0 Les jeunes n\u00e9es \u00e0 l\u2019\u00e8re de la globalisation des communications ont d\u00e9velopp\u00e9 et un paysage de formation* qui comprend tous les \u00e9l\u00e9ments d\u2019une crise de plus en plus monstrueuse:\u00a0 g\u00e9nocide Palestinien, catastrophes climatiques, augmentation de la violence et du d\u00e9sespoir, attentats terroristes, guerres (Soudan, Ukraine, Y\u00e9men, Irak, Syrie, Afghanistan, ect) famines,\u00a0 pauvret\u00e9, pand\u00e9mies et l\u2019abandon psychologique de plusieurs populations \u00e0 travers le monde. En fait, les jeunes ont d\u00e9velopp\u00e9 une sensibilit\u00e9 globale et plan\u00e9taire.<\/span><\/p>\n<p><span style=\"font-weight: 400;\">Ainsi au-del\u00e0 du conflit \u00e0 Gaza, les nouvelles g\u00e9n\u00e9rations ont la possibilit\u00e9 de d\u00e9montrer que leur sensibilit\u00e9 correspond \u00e0 une nouvelle fa\u00e7on de s\u2019engager dans le monde afin de vaincre les injustices et lib\u00e9rer les peuples de l\u2019oppression. C\u2019est une sensibilit\u00e9 tourn\u00e9e vers un monde global, vers la compr\u00e9hension de la souffrance de l\u2019autre, vers la protection de la plan\u00e8te et de la nature. <\/span><\/p>\n<p><span style=\"font-weight: 400;\">Par ailleurs, les jeunes devront rapidement saisir qu\u2019ils sont en quelque sorte la m\u00e9moire du futur et toutes les actions qu\u2019ils vont entreprendre au cours des prochains jours vont marquer le temps social et la possibilit\u00e9 de changer la direction des choses.\u00a0 Les jeunes ont la possibilit\u00e9 de rejeter les futures guerres que leur pr\u00e9parent pr\u00e9sentement les g\u00e9n\u00e9rations au pouvoir, qui \u00e0 travers les pouvoir \u00e9conomique et politique d\u00e9veloppent des appareils et des armes de plus en plus sophistiqu\u00e9s.\u00a0 Les jeunes peuvent choisir les conditions futures dans lesquelles ils veulent vivre et c\u2019est pr\u00e9cis\u00e9ment cette libert\u00e9 qui leur permet de refuser que d\u2019autres d\u00e9cident \u00e0 leur place.<\/span><\/p>\n<p><span style=\"font-weight: 400;\">Je crois que l\u2019alternative qui se pr\u00e9sente devant eux, en tant que direction, est de d\u00e9passer cette situation de violence g\u00e9n\u00e9ralis\u00e9e en refusant d\u2019adh\u00e9rer et de c\u00e9der \u00e0 toutes visions futures et folie meurtri\u00e8re de m\u2019importe quels gouvernements et groupes violents qui divisent et fragmentent actuellement le monde.\u00a0\u00a0<\/span><\/p>\n<blockquote><p><span style=\"font-weight: 400;\">Ceux qui ont r\u00e9duit l\u2019humanit\u00e9 des autres ont de ce fait provoqu\u00e9 de nouvelles douleurs et souffrance, (&#8230;) cette lutte se fait maintenant entre ceux qui veulent \u201cnaturaliser\u201d les autres, la soci\u00e9t\u00e9 et l\u2019histoire, ainsi les opprim\u00e9s ont besoin de s\u2019humaniser en humanisant le monde. Cette lutte ne se fait entre des forces m\u00e9caniques, ce n\u2019est pas un r\u00e9flexe naturel c\u2019est une lutte entre des intentions humaines. Et c\u2019est pr\u00e9cis\u00e9ment ce qui qui permet de parler d\u2019oppression et d\u2019opprim\u00e9s, de justes et d\u2019injustes, de h\u00e9ros et de l\u00e2ches. C\u2019est la seule chose qui donne un sens \u00e0 la pratique de la solidarit\u00e9 sociale et \u00e0 l\u2019engagement pour lib\u00e9rer les discrimin\u00e9s. (Silo, Lettres \u00e0 mes amies, p.55, 2004)\u00a0<\/span><\/p><\/blockquote>\n<p><span style=\"font-weight: 400;\">*<em> paysage de formation : <\/em><\/span><em><span style=\"font-weight: 400;\">l\u2019ensemble des enregistrements qui forme le substrat biographique sur lequel vont se s\u00e9dimenter les habitudes et les traits essentiels de la personnalit\u00e9. La formation de ce paysage commence d\u00e8s la naissance. Les enregistrements structur\u00e9s fondamentaux impliquent non seulement un syst\u00e8me de souvenirs mais aussi des tons affectifs. (Silo, Notes de Psychologie, p.100)<\/span><\/em><\/p>\n<p><span style=\"font-weight: 400;\">\u00a0<\/span><\/p>\n","protected":false},"excerpt":{"rendered":"<p>Je vois des opprim\u00e9s partout (&#8230;) et je veux les d\u00e9livrer de l\u2019oppression. Ce sont ces opprim\u00e9s-l\u00e0 qui me touchent et c\u2019est de leur oppression que je me sens complice. C\u2019est leur libert\u00e9 enfin qui reconna\u00eetra la mienne\u00a0\u00bb. (Jean-Paul Sartre,&hellip;<\/p>\n","protected":false},"author":63,"featured_media":1843063,"comment_status":"closed","ping_status":"closed","sticky":false,"template":"","format":"standard","meta":{"footnotes":""},"categories":[11386,46977,1250],"tags":[18974,1508,767,1775,46745],"class_list":["post-1843057","post","type-post","status-publish","format-standard","has-post-thumbnail","hentry","category-contenu-original","category-jeunes","category-paix-desarmement","tag-futur","tag-gaza-fr","tag-jeunes","tag-resistance","tag-universites"],"yoast_head":"<!-- This site is optimized with the Yoast SEO plugin v27.1.1 - https:\/\/yoast.com\/product\/yoast-seo-wordpress\/ -->\n<title>Le mouvement d&#039;occupation des jeunes peut-il \u00e9veiller une sensibilit\u00e9 globale qui rejette les guerres projet\u00e9es dans le futur?<\/title>\n<meta name=\"description\" content=\"Je vois des opprim\u00e9s partout (...) et je veux les d\u00e9livrer de l\u2019oppression. Ce sont ces opprim\u00e9s-l\u00e0 qui me touchent et c\u2019est de leur oppression que je me\" \/>\n<meta name=\"robots\" content=\"index, follow, max-snippet:-1, max-image-preview:large, max-video-preview:-1\" \/>\n<link rel=\"canonical\" href=\"https:\/\/www.pressenza.com\/fr\/2024\/05\/le-mouvement-doccupation-des-jeunes-peut-il-eveiller-une-sensibilite-globale-qui-rejette-les-guerres-projetees-dans-le-futur\/\" \/>\n<meta property=\"og:locale\" content=\"fr_FR\" \/>\n<meta property=\"og:type\" content=\"article\" \/>\n<meta property=\"og:title\" content=\"Le mouvement d&#039;occupation des jeunes peut-il \u00e9veiller une sensibilit\u00e9 globale qui rejette les guerres projet\u00e9es dans le futur?\" \/>\n<meta property=\"og:description\" content=\"Je vois des opprim\u00e9s partout (...) et je veux les d\u00e9livrer de l\u2019oppression. Ce sont ces opprim\u00e9s-l\u00e0 qui me touchent et c\u2019est de leur oppression que je me\" \/>\n<meta property=\"og:url\" content=\"https:\/\/www.pressenza.com\/fr\/2024\/05\/le-mouvement-doccupation-des-jeunes-peut-il-eveiller-une-sensibilite-globale-qui-rejette-les-guerres-projetees-dans-le-futur\/\" \/>\n<meta property=\"og:site_name\" content=\"Pressenza\" \/>\n<meta property=\"article:publisher\" content=\"https:\/\/www.facebook.com\/PressenzaItalia\" \/>\n<meta property=\"article:published_time\" content=\"2024-05-06T18:00:01+00:00\" \/>\n<meta property=\"article:modified_time\" content=\"2024-05-06T23:15:20+00:00\" \/>\n<meta property=\"og:image\" content=\"https:\/\/www.pressenza.com\/wp-content\/uploads\/2024\/05\/palesti3.png\" \/>\n\t<meta property=\"og:image:width\" content=\"718\" \/>\n\t<meta property=\"og:image:height\" content=\"516\" \/>\n\t<meta property=\"og:image:type\" content=\"image\/png\" \/>\n<meta name=\"author\" content=\"Anne Farrell\" \/>\n<meta name=\"twitter:card\" content=\"summary_large_image\" \/>\n<meta name=\"twitter:creator\" content=\"@PressenzaIPA\" \/>\n<meta name=\"twitter:site\" content=\"@PressenzaIPA\" \/>\n<meta name=\"twitter:label1\" content=\"\u00c9crit par\" \/>\n\t<meta name=\"twitter:data1\" content=\"Anne Farrell\" \/>\n\t<meta name=\"twitter:label2\" content=\"Dur\u00e9e de lecture estim\u00e9e\" \/>\n\t<meta name=\"twitter:data2\" content=\"5 minutes\" \/>\n<script type=\"application\/ld+json\" class=\"yoast-schema-graph\">{\"@context\":\"https:\/\/schema.org\",\"@graph\":[{\"@type\":\"Article\",\"@id\":\"https:\/\/www.pressenza.com\/fr\/2024\/05\/le-mouvement-doccupation-des-jeunes-peut-il-eveiller-une-sensibilite-globale-qui-rejette-les-guerres-projetees-dans-le-futur\/#article\",\"isPartOf\":{\"@id\":\"https:\/\/www.pressenza.com\/fr\/2024\/05\/le-mouvement-doccupation-des-jeunes-peut-il-eveiller-une-sensibilite-globale-qui-rejette-les-guerres-projetees-dans-le-futur\/\"},\"author\":{\"name\":\"Anne Farrell\",\"@id\":\"https:\/\/www.pressenza.com\/fr\/#\/schema\/person\/06fe29d0640b1b3c6e87b05e162391e0\"},\"headline\":\"Le mouvement d&rsquo;occupation des jeunes peut-il \u00e9veiller une sensibilit\u00e9 globale qui rejette les guerres projet\u00e9es dans le futur?\",\"datePublished\":\"2024-05-06T18:00:01+00:00\",\"dateModified\":\"2024-05-06T23:15:20+00:00\",\"mainEntityOfPage\":{\"@id\":\"https:\/\/www.pressenza.com\/fr\/2024\/05\/le-mouvement-doccupation-des-jeunes-peut-il-eveiller-une-sensibilite-globale-qui-rejette-les-guerres-projetees-dans-le-futur\/\"},\"wordCount\":1135,\"publisher\":{\"@id\":\"https:\/\/www.pressenza.com\/fr\/#organization\"},\"image\":{\"@id\":\"https:\/\/www.pressenza.com\/fr\/2024\/05\/le-mouvement-doccupation-des-jeunes-peut-il-eveiller-une-sensibilite-globale-qui-rejette-les-guerres-projetees-dans-le-futur\/#primaryimage\"},\"thumbnailUrl\":\"https:\/\/www.pressenza.com\/wp-content\/uploads\/2024\/05\/palesti3.png\",\"keywords\":[\"futur\",\"Gaza\",\"jeunes\",\"r\u00e9sistance\",\"Universit\u00e9s\"],\"articleSection\":[\"Contenu Original\",\"Jeunes\",\"Paix et D\u00e9sarmement\"],\"inLanguage\":\"fr-FR\"},{\"@type\":\"WebPage\",\"@id\":\"https:\/\/www.pressenza.com\/fr\/2024\/05\/le-mouvement-doccupation-des-jeunes-peut-il-eveiller-une-sensibilite-globale-qui-rejette-les-guerres-projetees-dans-le-futur\/\",\"url\":\"https:\/\/www.pressenza.com\/fr\/2024\/05\/le-mouvement-doccupation-des-jeunes-peut-il-eveiller-une-sensibilite-globale-qui-rejette-les-guerres-projetees-dans-le-futur\/\",\"name\":\"Le mouvement d'occupation des jeunes peut-il \u00e9veiller une sensibilit\u00e9 globale qui rejette les guerres projet\u00e9es dans le futur?\",\"isPartOf\":{\"@id\":\"https:\/\/www.pressenza.com\/fr\/#website\"},\"primaryImageOfPage\":{\"@id\":\"https:\/\/www.pressenza.com\/fr\/2024\/05\/le-mouvement-doccupation-des-jeunes-peut-il-eveiller-une-sensibilite-globale-qui-rejette-les-guerres-projetees-dans-le-futur\/#primaryimage\"},\"image\":{\"@id\":\"https:\/\/www.pressenza.com\/fr\/2024\/05\/le-mouvement-doccupation-des-jeunes-peut-il-eveiller-une-sensibilite-globale-qui-rejette-les-guerres-projetees-dans-le-futur\/#primaryimage\"},\"thumbnailUrl\":\"https:\/\/www.pressenza.com\/wp-content\/uploads\/2024\/05\/palesti3.png\",\"datePublished\":\"2024-05-06T18:00:01+00:00\",\"dateModified\":\"2024-05-06T23:15:20+00:00\",\"description\":\"Je vois des opprim\u00e9s partout (...) et je veux les d\u00e9livrer de l\u2019oppression. Ce sont ces opprim\u00e9s-l\u00e0 qui me touchent et c\u2019est de leur oppression que je me\",\"breadcrumb\":{\"@id\":\"https:\/\/www.pressenza.com\/fr\/2024\/05\/le-mouvement-doccupation-des-jeunes-peut-il-eveiller-une-sensibilite-globale-qui-rejette-les-guerres-projetees-dans-le-futur\/#breadcrumb\"},\"inLanguage\":\"fr-FR\",\"potentialAction\":[{\"@type\":\"ReadAction\",\"target\":[\"https:\/\/www.pressenza.com\/fr\/2024\/05\/le-mouvement-doccupation-des-jeunes-peut-il-eveiller-une-sensibilite-globale-qui-rejette-les-guerres-projetees-dans-le-futur\/\"]}]},{\"@type\":\"ImageObject\",\"inLanguage\":\"fr-FR\",\"@id\":\"https:\/\/www.pressenza.com\/fr\/2024\/05\/le-mouvement-doccupation-des-jeunes-peut-il-eveiller-une-sensibilite-globale-qui-rejette-les-guerres-projetees-dans-le-futur\/#primaryimage\",\"url\":\"https:\/\/www.pressenza.com\/wp-content\/uploads\/2024\/05\/palesti3.png\",\"contentUrl\":\"https:\/\/www.pressenza.com\/wp-content\/uploads\/2024\/05\/palesti3.png\",\"width\":718,\"height\":516},{\"@type\":\"BreadcrumbList\",\"@id\":\"https:\/\/www.pressenza.com\/fr\/2024\/05\/le-mouvement-doccupation-des-jeunes-peut-il-eveiller-une-sensibilite-globale-qui-rejette-les-guerres-projetees-dans-le-futur\/#breadcrumb\",\"itemListElement\":[{\"@type\":\"ListItem\",\"position\":1,\"name\":\"Accueil\",\"item\":\"https:\/\/www.pressenza.com\/fr\/\"},{\"@type\":\"ListItem\",\"position\":2,\"name\":\"Le mouvement d&rsquo;occupation des jeunes peut-il \u00e9veiller une sensibilit\u00e9 globale qui rejette les guerres projet\u00e9es dans le futur?\"}]},{\"@type\":\"WebSite\",\"@id\":\"https:\/\/www.pressenza.com\/fr\/#website\",\"url\":\"https:\/\/www.pressenza.com\/fr\/\",\"name\":\"Pressenza\",\"description\":\"International Press Agency\",\"publisher\":{\"@id\":\"https:\/\/www.pressenza.com\/fr\/#organization\"},\"potentialAction\":[{\"@type\":\"SearchAction\",\"target\":{\"@type\":\"EntryPoint\",\"urlTemplate\":\"https:\/\/www.pressenza.com\/fr\/?s={search_term_string}\"},\"query-input\":{\"@type\":\"PropertyValueSpecification\",\"valueRequired\":true,\"valueName\":\"search_term_string\"}}],\"inLanguage\":\"fr-FR\"},{\"@type\":\"Organization\",\"@id\":\"https:\/\/www.pressenza.com\/fr\/#organization\",\"name\":\"Pressenza\",\"url\":\"https:\/\/www.pressenza.com\/fr\/\",\"logo\":{\"@type\":\"ImageObject\",\"inLanguage\":\"fr-FR\",\"@id\":\"https:\/\/www.pressenza.com\/fr\/#\/schema\/logo\/image\/\",\"url\":\"https:\/\/www.pressenza.com\/wp-content\/uploads\/2022\/10\/pressenza_logo_200x200.jpg\",\"contentUrl\":\"https:\/\/www.pressenza.com\/wp-content\/uploads\/2022\/10\/pressenza_logo_200x200.jpg\",\"width\":200,\"height\":200,\"caption\":\"Pressenza\"},\"image\":{\"@id\":\"https:\/\/www.pressenza.com\/fr\/#\/schema\/logo\/image\/\"},\"sameAs\":[\"https:\/\/www.facebook.com\/PressenzaItalia\",\"https:\/\/x.com\/PressenzaIPA\"]},{\"@type\":\"Person\",\"@id\":\"https:\/\/www.pressenza.com\/fr\/#\/schema\/person\/06fe29d0640b1b3c6e87b05e162391e0\",\"name\":\"Anne Farrell\",\"description\":\"Anne Farrell is the author of the books: A meaning of Life that defied the unbearable fate in mass extinction, A tribute to reconciliation and its missing image in the Western World\",\"url\":\"https:\/\/www.pressenza.com\/fr\/author\/anne-farrell\/\"}]}<\/script>\n<!-- \/ Yoast SEO plugin. -->","yoast_head_json":{"title":"Le mouvement d'occupation des jeunes peut-il \u00e9veiller une sensibilit\u00e9 globale qui rejette les guerres projet\u00e9es dans le futur?","description":"Je vois des opprim\u00e9s partout (...) et je veux les d\u00e9livrer de l\u2019oppression. Ce sont ces opprim\u00e9s-l\u00e0 qui me touchent et c\u2019est de leur oppression que je me","robots":{"index":"index","follow":"follow","max-snippet":"max-snippet:-1","max-image-preview":"max-image-preview:large","max-video-preview":"max-video-preview:-1"},"canonical":"https:\/\/www.pressenza.com\/fr\/2024\/05\/le-mouvement-doccupation-des-jeunes-peut-il-eveiller-une-sensibilite-globale-qui-rejette-les-guerres-projetees-dans-le-futur\/","og_locale":"fr_FR","og_type":"article","og_title":"Le mouvement d'occupation des jeunes peut-il \u00e9veiller une sensibilit\u00e9 globale qui rejette les guerres projet\u00e9es dans le futur?","og_description":"Je vois des opprim\u00e9s partout (...) et je veux les d\u00e9livrer de l\u2019oppression. Ce sont ces opprim\u00e9s-l\u00e0 qui me touchent et c\u2019est de leur oppression que je me","og_url":"https:\/\/www.pressenza.com\/fr\/2024\/05\/le-mouvement-doccupation-des-jeunes-peut-il-eveiller-une-sensibilite-globale-qui-rejette-les-guerres-projetees-dans-le-futur\/","og_site_name":"Pressenza","article_publisher":"https:\/\/www.facebook.com\/PressenzaItalia","article_published_time":"2024-05-06T18:00:01+00:00","article_modified_time":"2024-05-06T23:15:20+00:00","og_image":[{"width":718,"height":516,"url":"https:\/\/www.pressenza.com\/wp-content\/uploads\/2024\/05\/palesti3.png","type":"image\/png"}],"author":"Anne Farrell","twitter_card":"summary_large_image","twitter_creator":"@PressenzaIPA","twitter_site":"@PressenzaIPA","twitter_misc":{"\u00c9crit par":"Anne Farrell","Dur\u00e9e de lecture estim\u00e9e":"5 minutes"},"schema":{"@context":"https:\/\/schema.org","@graph":[{"@type":"Article","@id":"https:\/\/www.pressenza.com\/fr\/2024\/05\/le-mouvement-doccupation-des-jeunes-peut-il-eveiller-une-sensibilite-globale-qui-rejette-les-guerres-projetees-dans-le-futur\/#article","isPartOf":{"@id":"https:\/\/www.pressenza.com\/fr\/2024\/05\/le-mouvement-doccupation-des-jeunes-peut-il-eveiller-une-sensibilite-globale-qui-rejette-les-guerres-projetees-dans-le-futur\/"},"author":{"name":"Anne Farrell","@id":"https:\/\/www.pressenza.com\/fr\/#\/schema\/person\/06fe29d0640b1b3c6e87b05e162391e0"},"headline":"Le mouvement d&rsquo;occupation des jeunes peut-il \u00e9veiller une sensibilit\u00e9 globale qui rejette les guerres projet\u00e9es dans le futur?","datePublished":"2024-05-06T18:00:01+00:00","dateModified":"2024-05-06T23:15:20+00:00","mainEntityOfPage":{"@id":"https:\/\/www.pressenza.com\/fr\/2024\/05\/le-mouvement-doccupation-des-jeunes-peut-il-eveiller-une-sensibilite-globale-qui-rejette-les-guerres-projetees-dans-le-futur\/"},"wordCount":1135,"publisher":{"@id":"https:\/\/www.pressenza.com\/fr\/#organization"},"image":{"@id":"https:\/\/www.pressenza.com\/fr\/2024\/05\/le-mouvement-doccupation-des-jeunes-peut-il-eveiller-une-sensibilite-globale-qui-rejette-les-guerres-projetees-dans-le-futur\/#primaryimage"},"thumbnailUrl":"https:\/\/www.pressenza.com\/wp-content\/uploads\/2024\/05\/palesti3.png","keywords":["futur","Gaza","jeunes","r\u00e9sistance","Universit\u00e9s"],"articleSection":["Contenu Original","Jeunes","Paix et D\u00e9sarmement"],"inLanguage":"fr-FR"},{"@type":"WebPage","@id":"https:\/\/www.pressenza.com\/fr\/2024\/05\/le-mouvement-doccupation-des-jeunes-peut-il-eveiller-une-sensibilite-globale-qui-rejette-les-guerres-projetees-dans-le-futur\/","url":"https:\/\/www.pressenza.com\/fr\/2024\/05\/le-mouvement-doccupation-des-jeunes-peut-il-eveiller-une-sensibilite-globale-qui-rejette-les-guerres-projetees-dans-le-futur\/","name":"Le mouvement d'occupation des jeunes peut-il \u00e9veiller une sensibilit\u00e9 globale qui rejette les guerres projet\u00e9es dans le futur?","isPartOf":{"@id":"https:\/\/www.pressenza.com\/fr\/#website"},"primaryImageOfPage":{"@id":"https:\/\/www.pressenza.com\/fr\/2024\/05\/le-mouvement-doccupation-des-jeunes-peut-il-eveiller-une-sensibilite-globale-qui-rejette-les-guerres-projetees-dans-le-futur\/#primaryimage"},"image":{"@id":"https:\/\/www.pressenza.com\/fr\/2024\/05\/le-mouvement-doccupation-des-jeunes-peut-il-eveiller-une-sensibilite-globale-qui-rejette-les-guerres-projetees-dans-le-futur\/#primaryimage"},"thumbnailUrl":"https:\/\/www.pressenza.com\/wp-content\/uploads\/2024\/05\/palesti3.png","datePublished":"2024-05-06T18:00:01+00:00","dateModified":"2024-05-06T23:15:20+00:00","description":"Je vois des opprim\u00e9s partout (...) et je veux les d\u00e9livrer de l\u2019oppression. Ce sont ces opprim\u00e9s-l\u00e0 qui me touchent et c\u2019est de leur oppression que je me","breadcrumb":{"@id":"https:\/\/www.pressenza.com\/fr\/2024\/05\/le-mouvement-doccupation-des-jeunes-peut-il-eveiller-une-sensibilite-globale-qui-rejette-les-guerres-projetees-dans-le-futur\/#breadcrumb"},"inLanguage":"fr-FR","potentialAction":[{"@type":"ReadAction","target":["https:\/\/www.pressenza.com\/fr\/2024\/05\/le-mouvement-doccupation-des-jeunes-peut-il-eveiller-une-sensibilite-globale-qui-rejette-les-guerres-projetees-dans-le-futur\/"]}]},{"@type":"ImageObject","inLanguage":"fr-FR","@id":"https:\/\/www.pressenza.com\/fr\/2024\/05\/le-mouvement-doccupation-des-jeunes-peut-il-eveiller-une-sensibilite-globale-qui-rejette-les-guerres-projetees-dans-le-futur\/#primaryimage","url":"https:\/\/www.pressenza.com\/wp-content\/uploads\/2024\/05\/palesti3.png","contentUrl":"https:\/\/www.pressenza.com\/wp-content\/uploads\/2024\/05\/palesti3.png","width":718,"height":516},{"@type":"BreadcrumbList","@id":"https:\/\/www.pressenza.com\/fr\/2024\/05\/le-mouvement-doccupation-des-jeunes-peut-il-eveiller-une-sensibilite-globale-qui-rejette-les-guerres-projetees-dans-le-futur\/#breadcrumb","itemListElement":[{"@type":"ListItem","position":1,"name":"Accueil","item":"https:\/\/www.pressenza.com\/fr\/"},{"@type":"ListItem","position":2,"name":"Le mouvement d&rsquo;occupation des jeunes peut-il \u00e9veiller une sensibilit\u00e9 globale qui rejette les guerres projet\u00e9es dans le futur?"}]},{"@type":"WebSite","@id":"https:\/\/www.pressenza.com\/fr\/#website","url":"https:\/\/www.pressenza.com\/fr\/","name":"Pressenza","description":"International Press Agency","publisher":{"@id":"https:\/\/www.pressenza.com\/fr\/#organization"},"potentialAction":[{"@type":"SearchAction","target":{"@type":"EntryPoint","urlTemplate":"https:\/\/www.pressenza.com\/fr\/?s={search_term_string}"},"query-input":{"@type":"PropertyValueSpecification","valueRequired":true,"valueName":"search_term_string"}}],"inLanguage":"fr-FR"},{"@type":"Organization","@id":"https:\/\/www.pressenza.com\/fr\/#organization","name":"Pressenza","url":"https:\/\/www.pressenza.com\/fr\/","logo":{"@type":"ImageObject","inLanguage":"fr-FR","@id":"https:\/\/www.pressenza.com\/fr\/#\/schema\/logo\/image\/","url":"https:\/\/www.pressenza.com\/wp-content\/uploads\/2022\/10\/pressenza_logo_200x200.jpg","contentUrl":"https:\/\/www.pressenza.com\/wp-content\/uploads\/2022\/10\/pressenza_logo_200x200.jpg","width":200,"height":200,"caption":"Pressenza"},"image":{"@id":"https:\/\/www.pressenza.com\/fr\/#\/schema\/logo\/image\/"},"sameAs":["https:\/\/www.facebook.com\/PressenzaItalia","https:\/\/x.com\/PressenzaIPA"]},{"@type":"Person","@id":"https:\/\/www.pressenza.com\/fr\/#\/schema\/person\/06fe29d0640b1b3c6e87b05e162391e0","name":"Anne Farrell","description":"Anne Farrell is the author of the books: A meaning of Life that defied the unbearable fate in mass extinction, A tribute to reconciliation and its missing image in the Western World","url":"https:\/\/www.pressenza.com\/fr\/author\/anne-farrell\/"}]}},"place":"","original_article_url":"","_links":{"self":[{"href":"https:\/\/www.pressenza.com\/fr\/wp-json\/wp\/v2\/posts\/1843057","targetHints":{"allow":["GET"]}}],"collection":[{"href":"https:\/\/www.pressenza.com\/fr\/wp-json\/wp\/v2\/posts"}],"about":[{"href":"https:\/\/www.pressenza.com\/fr\/wp-json\/wp\/v2\/types\/post"}],"author":[{"embeddable":true,"href":"https:\/\/www.pressenza.com\/fr\/wp-json\/wp\/v2\/users\/63"}],"replies":[{"embeddable":true,"href":"https:\/\/www.pressenza.com\/fr\/wp-json\/wp\/v2\/comments?post=1843057"}],"version-history":[{"count":0,"href":"https:\/\/www.pressenza.com\/fr\/wp-json\/wp\/v2\/posts\/1843057\/revisions"}],"wp:featuredmedia":[{"embeddable":true,"href":"https:\/\/www.pressenza.com\/fr\/wp-json\/wp\/v2\/media\/1843063"}],"wp:attachment":[{"href":"https:\/\/www.pressenza.com\/fr\/wp-json\/wp\/v2\/media?parent=1843057"}],"wp:term":[{"taxonomy":"category","embeddable":true,"href":"https:\/\/www.pressenza.com\/fr\/wp-json\/wp\/v2\/categories?post=1843057"},{"taxonomy":"post_tag","embeddable":true,"href":"https:\/\/www.pressenza.com\/fr\/wp-json\/wp\/v2\/tags?post=1843057"}],"curies":[{"name":"wp","href":"https:\/\/api.w.org\/{rel}","templated":true}]}}