{"id":183778,"date":"2015-05-09T13:57:59","date_gmt":"2015-05-09T12:57:59","guid":{"rendered":"http:\/\/www.pressenza.com\/?p=183778"},"modified":"2015-05-09T13:57:59","modified_gmt":"2015-05-09T12:57:59","slug":"au-honduras-le-pays-des-coups-detat-quotidiens","status":"publish","type":"post","link":"https:\/\/www.pressenza.com\/fr\/2015\/05\/au-honduras-le-pays-des-coups-detat-quotidiens\/","title":{"rendered":"Au Honduras, le pays des coups d\u2019Etat quotidiens"},"content":{"rendered":"<p><strong><em>\u00a0Etes-vous d\u2019accord pour que, lors des \u00e9lections g\u00e9n\u00e9rales de novembre 2009, soit install\u00e9e une quatri\u00e8me urne pour d\u00e9cider de la convocation d\u2019une Assembl\u00e9e nationale constituante destin\u00e9e \u00e0 \u00e9laborer une nouvelle Constitution politique\u00a0?\u00a0\u00bb<\/em> Telle est la question que, fort d\u00e9mocratiquement, le pr\u00e9sident de centre-gauche Manuel Zelaya entendait poser au peuple hondurien en organisant une consultation populaire \u00ab\u00a0sans caract\u00e8re contraignant\u00a0\u00bb le 30 juin 2009 et qui lui a valu, ce fameux jour, d\u2019\u00eatre bout\u00e9 <em>manu militari<\/em> hors du pays par un coup d\u2019Etat. Comme l\u2019expliquera, entre autres, avec brio, le quotidien d\u2019 \u00ab\u00a0information\u00a0\u00bb <em>Lib\u00e9ration, <\/em><em>\u00ab\u00a0il a \u00e9t\u00e9 renvers\u00e9 par l\u2019arm\u00e9e et les principaux corps constitu\u00e9s du pays pour avoir tent\u00e9 d\u2019organiser un r\u00e9f\u00e9rendum lui permettant de briguer un second mandat pr\u00e9sidentiel, d\u00e9marche d\u00e9clar\u00e9e ill\u00e9gale par la Cour supr\u00eame\u00a0\u00bb.<\/em><\/strong><\/p>\n<p>A l\u2019origine de cette interpr\u00e9tation mensong\u00e8re reprise sans aucune nuance, les putschistes honduriens n\u2019ont alors de cesse de signaler l\u2019une des particularit\u00e9s de la Constitution en vigueur\u00a0: la pr\u00e9sence dans son texte de plusieurs articles \u2013 les <em>art\u00edculos p\u00e9tr\u00e9os <\/em>(litt\u00e9ralement\u00a0: \u00ab\u00a0de pierre\u00a0\u00bb, \u00ab\u00a0grav\u00e9s dans le marbre\u00a0\u00bb) \u2013 qu\u2019elle \u00ab\u00a0interdit\u00a0\u00bb de r\u00e9former de quelque mani\u00e8re que ce soit et dont l\u2019un traite de la non r\u00e9\u00e9lection du chef de l\u2019Etat. De fait, \u00e9labor\u00e9 en 1982 dans un Honduras sous domination militaire, l\u2019article 239 dit ceci\u00a0: <em>\u00ab\u00a0Le citoyen qui a occup\u00e9 la t\u00eate du pouvoir ex\u00e9cutif ne pourra \u00eatre <\/em>[\u00e0 nouveau]<em> pr\u00e9sident ou vice-pr\u00e9sident de la R\u00e9publique. Celui qui viole cette disposition ou<\/em>propose sa r\u00e9forme[c\u2019est nous qui soulignons]<em>, comme ceux qui l\u2019appuient directement ou indirectement, seront imm\u00e9diatement relev\u00e9s de leurs fonctions respectives et se verront interdire pour dix (10) ans l\u2019exercice de toute fonction publique<\/em>.\u00a0<em>\u00a0\u00bb<\/em> L\u2019article 42 \u00a7 5 pr\u00e9cise que la qualit\u00e9 de citoyen est retir\u00e9e \u00e0 qui <em>\u00ab\u00a0incite, promeut ou appuie la continuit\u00e9 ou la r\u00e9\u00e9lection du pr\u00e9sident de la R\u00e9publique\u00a0\u00bb,<\/em> tandis que l\u2019article 330 du Code p\u00e9nal sanctionne de six \u00e0 dix ans de prison <em>\u00ab\u00a0qui, ayant exerc\u00e9 la pr\u00e9sidence de la R\u00e9publique, promouvra ou ex\u00e9cutera des actes violant l\u2019article constitutionnel qui lui interdit d\u2019exercer \u00e0 nouveau la pr\u00e9sidence de la R\u00e9publique<\/em> (\u2026)\u00a0<em>\u00a0\u00bb<\/em> ainsi que ceux qui l\u2019appuieraient.<\/p>\n<p>Telle est donc alors la le\u00e7on \u00e0 tirer de la fable\u00a0: en envisageant l\u2019\u00e9laboration d\u2019une nouvelle Constitution, Zelaya entendrait se maintenir au pouvoir en briguant au forceps un deuxi\u00e8me mandat \u2013 non autoris\u00e9 \u2013 lors du scrutin pr\u00e9sidentiel du mois de novembre suivant. Th\u00e8se \u00e9videmment absurde chronologiquement\u00a0: la consultation sur la possible convocation d\u2019une Constituante se d\u00e9roulant le m\u00eame jour que l\u2019\u00e9lection pr\u00e9sidentielle, M.\u00a0Zelaya n\u2019aurait pu participer \u00e0 cette derni\u00e8re. L\u2019\u00e9laboration d\u2019une nouvelle Constitution \u00e0 travers la participation populaire a de bien plus vastes desseins que la seule remise en cause du principe de la non r\u00e9\u00e9lection. Il n\u2019emp\u00eache. C\u2019est au nom de ces fameux <em>art\u00edculos p\u00e9tr\u00e9os <\/em>\u00ab\u00a0sanctuaris\u00e9s\u00a0\u00bb jusqu\u2019\u00e0 la fin des temps \u2013 une curieuse camisole de force impos\u00e9e au peuple, auquel, en principe, appartient la <em>\u00ab\u00a0<\/em>\u00a0<em>souverainet\u00e9 dont \u00e9manent tous les pouvoirs de l\u2019Etat\u00a0\u00bb<\/em> \u2013 que l\u2019oligarchie, le Tribunal \u00e9lectoral, une partie du Congr\u00e8s et la Cour supr\u00eame de justice, interdisent la tenue de la consultation \u00ab\u00a0ill\u00e9gale\u00a0\u00bb, puis, avec l\u2019assistance des militaires, renversent purement et simplement le pr\u00e9sident.<\/p>\n<p>Gr\u00e2ce aux man\u0153uvres du D\u00e9partement d\u2019Etat am\u00e9ricain \u2013 en la personne d\u2019Hillary Clinton \u2013, le gouvernement \u00ab\u00a0de facto\u00a0\u00bb pourra se maintenir au pouvoir le temps n\u00e9cessaire pour organiser une premi\u00e8re \u00e9lection \u00ab\u00a0sous contr\u00f4le\u00a0\u00bb (et boycott\u00e9e par les tenants de la d\u00e9mocratie) qui portera au pouvoir le n\u00e9olib\u00e9ral Porfirio Lobo (Parti national) le 29 novembre 2009. Le 24 novembre 2013, entach\u00e9 par de tr\u00e8s s\u00e9rieuses suspicions de fraude\u00a0[<a id=\"nh1\" class=\"spip_note\" title=\"Lire, entre autres, sur  notre site, \u00ab La farce d\u00e9mocratique continue au\u00a0(...)\" href=\"http:\/\/www.medelu.org\/Au-Honduras-le-pays-des-coups-d#nb1\" rel=\"footnote\">1<\/a>], un deuxi\u00e8me scrutin pr\u00e9sidentiel a permis \u00e0 Juan Orlando Hern\u00e1ndez (\u00e9galement du Parti national) de lui succ\u00e9der.<\/p>\n<p>On passera rapidement sur la r\u00e9pression du mouvement populaire et le d\u00e9sastre social \u2013 narcotrafic, corruption, ins\u00e9curit\u00e9, limitation des droits individuels, militarisation \u2013 qui, au fil des \u00e9v\u00e9nements \u00ab\u00a0post <em>golpe<\/em>\u00a0\u00bb, ont transform\u00e9 le Honduras en un Etat litt\u00e9ralement failli. Pr\u00e9cisons simplement que, le 8 avril 2010, une nouvelle base militaire am\u00e9ricaine a \u00e9t\u00e9 inaugur\u00e9e dans la r\u00e9gion c\u00f4ti\u00e8re et inhospitali\u00e8re de la Mosquitia et que deux cent cinquante <em>marines<\/em> vont prochainement renforcer les cinq cents militaires toujours pr\u00e9sents dans l\u2019imposante base de Palmerola, cr\u00e9\u00e9e sous Ronald Reagan pour appuyer les contre-r\u00e9volutionnaires nicaraguayens. Il serait donc dommage que d\u2019aussi brillants r\u00e9sultats puissent \u00eatre remis en question\u2026<\/p>\n<p>Oubli\u00e9s l\u2019interdiction pour dix ans de l\u2019exercice de toute fonction publique et les six \u00e0 dix ans de prison pour quiconque envisagerait ou appuierait une possible r\u00e9\u00e9lection du chef de l\u2019Etat\u00a0: le 23 avril 2015, apr\u00e8s un recours de l\u2019ex-pr\u00e9sident Rafael Leonardo Callejas (1990-1994) et de seize d\u00e9put\u00e9s du Parti national sur \u00ab\u00a0<em>l\u2019inapplicabilit\u00e9\u00a0<\/em>\u00a0\u00bb des articles 42 \u00a7 5 et 239 de la Constitution, ainsi que de l\u2019article 330 du Code p\u00e9nal, la Cour supr\u00eame de justice, de fa\u00e7on aussi arbitraire qu\u2019ill\u00e9gale, a ray\u00e9 ceux-ci d\u2019un trait de plume \u2013 alors que, constitutionnellement, seuls un r\u00e9f\u00e9rendum populaire ou une Assembl\u00e9e constituante auraient pu les r\u00e9former. Depuis Miami \u2013 tout un symbole \u2013 o\u00f9 il se trouvait en visite pour rencontrer des entrepreneurs am\u00e9ricains, le pr\u00e9sident Juan Orlando Hern\u00e1ndez a justifi\u00e9 cette usurpation de pouvoir en expliquant\u00a0: <em>\u00ab\u00a0La r\u00e9\u00e9lection est devenue la r\u00e8gle g\u00e9n\u00e9rale dans de nombreux pays du monde et son interdiction l\u2019exception\u00a0[<a id=\"nh2\" class=\"spip_note\" title=\"El  Libertador, Tegucigalpa, 25 avril 2015.\" href=\"http:\/\/www.medelu.org\/Au-Honduras-le-pays-des-coups-d#nb2\" rel=\"footnote\">2<\/a>].\u00a0\u00bb<\/em> Nul ne doute de son intention de profiter de la nouvelle donne pour se maintenir au pouvoir et perp\u00e9tuer sa politique antisociale. Comme l\u2019a d\u00e9clar\u00e9 le dirigeant syndical Carlos H. Reyes, <em>\u00ab\u00a0dans le but d\u2019imposer sa volont\u00e9, la classe dominante utilise tous les ressorts du pouvoir pour cr\u00e9er, d\u00e9cr\u00e9ter, interpr\u00e9ter, r\u00e9former et abroger les lois \u00e0 n\u2019importe quel niveau\u00a0; c\u2019est ce qu\u2019elle a toujours fait\u00a0: elle l\u2019a fait quand elle a cr\u00e9\u00e9 les Constitutions, quand elle les a interpr\u00e9t\u00e9es pour donner organiser\u00a0des coups d\u2019Etat, y compris celui de 2009, et elle le fait aujourd\u2019hui quand elle abroge plusieurs articles<\/em>p\u00e9treos\u00a0[<a id=\"nh3\" class=\"spip_note\" title=\"El Heraldo, Tegucigalpa, 26 avril 2015.\" href=\"http:\/\/www.medelu.org\/Au-Honduras-le-pays-des-coups-d#nb3\" rel=\"footnote\">3<\/a>]\u00a0<em>\u00a0\u00bb.<\/em><\/p>\n<p>Qu\u2019en pense la \u00ab\u00a0communaut\u00e9 internationale\u00a0\u00bb (disons\u2026 les Etats-Unis et l\u2019Union europ\u00e9enne\u00a0!), si prompte \u00e0 clouer les gouvernements progressistes au pilori\u00a0? On n\u2019ose imaginer qu\u2019elle a d\u00e9j\u00e0 oubli\u00e9 le pr\u00e9texte fallacieux qui a justifi\u00e9 le renversement de Manuel Zelaya.<\/p>\n<p>&nbsp;<\/p>\n<p>Maurice Lemoine\u00a0: auteur de <em><a href=\"http:\/\/www.medelu.org\/Enfants-caches-du-general-Pinochet\">Les enfants cach\u00e9s du g\u00e9n\u00e9ral Pinochet. Pr\u00e9cis de coups d\u2019Etat modernes et autres tentatives de d\u00e9stabilisation<\/a>, <\/em>Don Quichotte, Paris, 2015.<\/p>\n<p>Illustration\u00a0: Manuel Zelaya et Juan Orlando Hernandez (source\u00a0:<em> <a href=\"http:\/\/www.elheraldo.hn\/csp\/mediapool\/sites\/ElHeraldo\/Pais\/story.csp?cid=575497&amp;sid=299&amp;fid=214\">El Heraldo<\/a>)<\/em><\/p>\n","protected":false},"excerpt":{"rendered":"<p>\u00a0Etes-vous d\u2019accord pour que, lors des \u00e9lections g\u00e9n\u00e9rales de novembre 2009, soit install\u00e9e une quatri\u00e8me urne pour d\u00e9cider de la convocation d\u2019une Assembl\u00e9e nationale constituante destin\u00e9e \u00e0 \u00e9laborer une nouvelle Constitution politique\u00a0?\u00a0\u00bb Telle est la question que, fort d\u00e9mocratiquement, le&hellip;<\/p>\n","protected":false},"author":1133,"featured_media":183780,"comment_status":"closed","ping_status":"open","sticky":false,"template":"","format":"standard","meta":{"footnotes":""},"categories":[88,163,93],"tags":[246,1041,17416],"class_list":["post-183778","post","type-post","status-publish","format-standard","has-post-thumbnail","hentry","category-amerique-centrale","category-opinion-fr","category-politique","tag-coup-detat","tag-honduras","tag-putschistes-honduriens"],"yoast_head":"<!-- This site is optimized with the Yoast SEO plugin v27.1.1 - https:\/\/yoast.com\/product\/yoast-seo-wordpress\/ -->\n<title>Au Honduras, le pays des coups d\u2019Etat quotidiens<\/title>\n<meta name=\"description\" content=\"\u00a0Etes-vous d\u2019accord pour que, lors des \u00e9lections g\u00e9n\u00e9rales de novembre 2009, soit install\u00e9e une quatri\u00e8me urne pour d\u00e9cider de la convocation d\u2019une\" \/>\n<meta name=\"robots\" content=\"index, follow, max-snippet:-1, max-image-preview:large, max-video-preview:-1\" \/>\n<link rel=\"canonical\" href=\"https:\/\/www.pressenza.com\/fr\/2015\/05\/au-honduras-le-pays-des-coups-detat-quotidiens\/\" \/>\n<meta property=\"og:locale\" content=\"fr_FR\" \/>\n<meta property=\"og:type\" content=\"article\" \/>\n<meta property=\"og:title\" content=\"Au Honduras, le pays des coups d\u2019Etat quotidiens\" \/>\n<meta property=\"og:description\" content=\"\u00a0Etes-vous d\u2019accord pour que, lors des \u00e9lections g\u00e9n\u00e9rales de novembre 2009, soit install\u00e9e une quatri\u00e8me urne pour d\u00e9cider de la convocation d\u2019une\" \/>\n<meta property=\"og:url\" content=\"https:\/\/www.pressenza.com\/fr\/2015\/05\/au-honduras-le-pays-des-coups-detat-quotidiens\/\" \/>\n<meta property=\"og:site_name\" content=\"Pressenza\" \/>\n<meta property=\"article:publisher\" content=\"https:\/\/www.facebook.com\/PressenzaItalia\" \/>\n<meta property=\"article:author\" content=\"https:\/\/www.facebook.com\/pages\/Mmoire-des-luttes\/178755582166132\" \/>\n<meta property=\"article:published_time\" content=\"2015-05-09T12:57:59+00:00\" \/>\n<meta property=\"og:image\" content=\"https:\/\/www.pressenza.com\/wp-content\/uploads\/2015\/05\/arton2037-76e29.jpg\" \/>\n\t<meta property=\"og:image:width\" content=\"552\" \/>\n\t<meta property=\"og:image:height\" content=\"330\" \/>\n\t<meta property=\"og:image:type\" content=\"image\/jpeg\" \/>\n<meta name=\"author\" content=\"Memoire des luttes\" \/>\n<meta name=\"twitter:card\" content=\"summary_large_image\" \/>\n<meta name=\"twitter:creator\" content=\"@memoireluttes\" \/>\n<meta name=\"twitter:site\" content=\"@PressenzaIPA\" \/>\n<meta name=\"twitter:label1\" content=\"\u00c9crit par\" \/>\n\t<meta name=\"twitter:data1\" content=\"Memoire des luttes\" \/>\n\t<meta name=\"twitter:label2\" content=\"Dur\u00e9e de lecture estim\u00e9e\" \/>\n\t<meta name=\"twitter:data2\" content=\"6 minutes\" \/>\n<script type=\"application\/ld+json\" class=\"yoast-schema-graph\">{\"@context\":\"https:\/\/schema.org\",\"@graph\":[{\"@type\":\"Article\",\"@id\":\"https:\/\/www.pressenza.com\/fr\/2015\/05\/au-honduras-le-pays-des-coups-detat-quotidiens\/#article\",\"isPartOf\":{\"@id\":\"https:\/\/www.pressenza.com\/fr\/2015\/05\/au-honduras-le-pays-des-coups-detat-quotidiens\/\"},\"author\":{\"name\":\"Memoire des luttes\",\"@id\":\"https:\/\/www.pressenza.com\/fr\/#\/schema\/person\/3a03c7500018fdf920bd07dbf6defe0f\"},\"headline\":\"Au Honduras, le pays des coups d\u2019Etat quotidiens\",\"datePublished\":\"2015-05-09T12:57:59+00:00\",\"mainEntityOfPage\":{\"@id\":\"https:\/\/www.pressenza.com\/fr\/2015\/05\/au-honduras-le-pays-des-coups-detat-quotidiens\/\"},\"wordCount\":1191,\"publisher\":{\"@id\":\"https:\/\/www.pressenza.com\/fr\/#organization\"},\"image\":{\"@id\":\"https:\/\/www.pressenza.com\/fr\/2015\/05\/au-honduras-le-pays-des-coups-detat-quotidiens\/#primaryimage\"},\"thumbnailUrl\":\"https:\/\/www.pressenza.com\/wp-content\/uploads\/2015\/05\/arton2037-76e29.jpg\",\"keywords\":[\"coup d'\u00e9tat\",\"Honduras\",\"putschistes honduriens\"],\"articleSection\":[\"Am\u00e9rique centrale\",\"Opinion\",\"Politique\"],\"inLanguage\":\"fr-FR\"},{\"@type\":\"WebPage\",\"@id\":\"https:\/\/www.pressenza.com\/fr\/2015\/05\/au-honduras-le-pays-des-coups-detat-quotidiens\/\",\"url\":\"https:\/\/www.pressenza.com\/fr\/2015\/05\/au-honduras-le-pays-des-coups-detat-quotidiens\/\",\"name\":\"Au Honduras, le pays des coups d\u2019Etat quotidiens\",\"isPartOf\":{\"@id\":\"https:\/\/www.pressenza.com\/fr\/#website\"},\"primaryImageOfPage\":{\"@id\":\"https:\/\/www.pressenza.com\/fr\/2015\/05\/au-honduras-le-pays-des-coups-detat-quotidiens\/#primaryimage\"},\"image\":{\"@id\":\"https:\/\/www.pressenza.com\/fr\/2015\/05\/au-honduras-le-pays-des-coups-detat-quotidiens\/#primaryimage\"},\"thumbnailUrl\":\"https:\/\/www.pressenza.com\/wp-content\/uploads\/2015\/05\/arton2037-76e29.jpg\",\"datePublished\":\"2015-05-09T12:57:59+00:00\",\"description\":\"\u00a0Etes-vous d\u2019accord pour que, lors des \u00e9lections g\u00e9n\u00e9rales de novembre 2009, soit install\u00e9e une quatri\u00e8me urne pour d\u00e9cider de la convocation d\u2019une\",\"breadcrumb\":{\"@id\":\"https:\/\/www.pressenza.com\/fr\/2015\/05\/au-honduras-le-pays-des-coups-detat-quotidiens\/#breadcrumb\"},\"inLanguage\":\"fr-FR\",\"potentialAction\":[{\"@type\":\"ReadAction\",\"target\":[\"https:\/\/www.pressenza.com\/fr\/2015\/05\/au-honduras-le-pays-des-coups-detat-quotidiens\/\"]}]},{\"@type\":\"ImageObject\",\"inLanguage\":\"fr-FR\",\"@id\":\"https:\/\/www.pressenza.com\/fr\/2015\/05\/au-honduras-le-pays-des-coups-detat-quotidiens\/#primaryimage\",\"url\":\"https:\/\/www.pressenza.com\/wp-content\/uploads\/2015\/05\/arton2037-76e29.jpg\",\"contentUrl\":\"https:\/\/www.pressenza.com\/wp-content\/uploads\/2015\/05\/arton2037-76e29.jpg\",\"width\":552,\"height\":330},{\"@type\":\"BreadcrumbList\",\"@id\":\"https:\/\/www.pressenza.com\/fr\/2015\/05\/au-honduras-le-pays-des-coups-detat-quotidiens\/#breadcrumb\",\"itemListElement\":[{\"@type\":\"ListItem\",\"position\":1,\"name\":\"Accueil\",\"item\":\"https:\/\/www.pressenza.com\/fr\/\"},{\"@type\":\"ListItem\",\"position\":2,\"name\":\"Au Honduras, le pays des coups d\u2019Etat quotidiens\"}]},{\"@type\":\"WebSite\",\"@id\":\"https:\/\/www.pressenza.com\/fr\/#website\",\"url\":\"https:\/\/www.pressenza.com\/fr\/\",\"name\":\"Pressenza\",\"description\":\"International Press Agency\",\"publisher\":{\"@id\":\"https:\/\/www.pressenza.com\/fr\/#organization\"},\"potentialAction\":[{\"@type\":\"SearchAction\",\"target\":{\"@type\":\"EntryPoint\",\"urlTemplate\":\"https:\/\/www.pressenza.com\/fr\/?s={search_term_string}\"},\"query-input\":{\"@type\":\"PropertyValueSpecification\",\"valueRequired\":true,\"valueName\":\"search_term_string\"}}],\"inLanguage\":\"fr-FR\"},{\"@type\":\"Organization\",\"@id\":\"https:\/\/www.pressenza.com\/fr\/#organization\",\"name\":\"Pressenza\",\"url\":\"https:\/\/www.pressenza.com\/fr\/\",\"logo\":{\"@type\":\"ImageObject\",\"inLanguage\":\"fr-FR\",\"@id\":\"https:\/\/www.pressenza.com\/fr\/#\/schema\/logo\/image\/\",\"url\":\"https:\/\/www.pressenza.com\/wp-content\/uploads\/2022\/10\/pressenza_logo_200x200.jpg\",\"contentUrl\":\"https:\/\/www.pressenza.com\/wp-content\/uploads\/2022\/10\/pressenza_logo_200x200.jpg\",\"width\":200,\"height\":200,\"caption\":\"Pressenza\"},\"image\":{\"@id\":\"https:\/\/www.pressenza.com\/fr\/#\/schema\/logo\/image\/\"},\"sameAs\":[\"https:\/\/www.facebook.com\/PressenzaItalia\",\"https:\/\/x.com\/PressenzaIPA\"]},{\"@type\":\"Person\",\"@id\":\"https:\/\/www.pressenza.com\/fr\/#\/schema\/person\/3a03c7500018fdf920bd07dbf6defe0f\",\"name\":\"Memoire des luttes\",\"description\":\"\\\"Pour nos combats de demain, pour un monde plus libre, plus juste, plus \u00e9galitaire, plus fraternel et solidaire, nous devons maintenir vivante la m\u00e9moire de nos luttes\\\". Gunter Holzmann www.medelu.org\",\"sameAs\":[\"https:\/\/www.facebook.com\/pages\/Mmoire-des-luttes\/178755582166132\",\"https:\/\/x.com\/@memoireluttes\"],\"url\":\"https:\/\/www.pressenza.com\/fr\/author\/memoire-des-luttes\/\"}]}<\/script>\n<!-- \/ Yoast SEO plugin. -->","yoast_head_json":{"title":"Au Honduras, le pays des coups d\u2019Etat quotidiens","description":"\u00a0Etes-vous d\u2019accord pour que, lors des \u00e9lections g\u00e9n\u00e9rales de novembre 2009, soit install\u00e9e une quatri\u00e8me urne pour d\u00e9cider de la convocation d\u2019une","robots":{"index":"index","follow":"follow","max-snippet":"max-snippet:-1","max-image-preview":"max-image-preview:large","max-video-preview":"max-video-preview:-1"},"canonical":"https:\/\/www.pressenza.com\/fr\/2015\/05\/au-honduras-le-pays-des-coups-detat-quotidiens\/","og_locale":"fr_FR","og_type":"article","og_title":"Au Honduras, le pays des coups d\u2019Etat quotidiens","og_description":"\u00a0Etes-vous d\u2019accord pour que, lors des \u00e9lections g\u00e9n\u00e9rales de novembre 2009, soit install\u00e9e une quatri\u00e8me urne pour d\u00e9cider de la convocation d\u2019une","og_url":"https:\/\/www.pressenza.com\/fr\/2015\/05\/au-honduras-le-pays-des-coups-detat-quotidiens\/","og_site_name":"Pressenza","article_publisher":"https:\/\/www.facebook.com\/PressenzaItalia","article_author":"https:\/\/www.facebook.com\/pages\/Mmoire-des-luttes\/178755582166132","article_published_time":"2015-05-09T12:57:59+00:00","og_image":[{"width":552,"height":330,"url":"https:\/\/www.pressenza.com\/wp-content\/uploads\/2015\/05\/arton2037-76e29.jpg","type":"image\/jpeg"}],"author":"Memoire des luttes","twitter_card":"summary_large_image","twitter_creator":"@memoireluttes","twitter_site":"@PressenzaIPA","twitter_misc":{"\u00c9crit par":"Memoire des luttes","Dur\u00e9e de lecture estim\u00e9e":"6 minutes"},"schema":{"@context":"https:\/\/schema.org","@graph":[{"@type":"Article","@id":"https:\/\/www.pressenza.com\/fr\/2015\/05\/au-honduras-le-pays-des-coups-detat-quotidiens\/#article","isPartOf":{"@id":"https:\/\/www.pressenza.com\/fr\/2015\/05\/au-honduras-le-pays-des-coups-detat-quotidiens\/"},"author":{"name":"Memoire des luttes","@id":"https:\/\/www.pressenza.com\/fr\/#\/schema\/person\/3a03c7500018fdf920bd07dbf6defe0f"},"headline":"Au Honduras, le pays des coups d\u2019Etat quotidiens","datePublished":"2015-05-09T12:57:59+00:00","mainEntityOfPage":{"@id":"https:\/\/www.pressenza.com\/fr\/2015\/05\/au-honduras-le-pays-des-coups-detat-quotidiens\/"},"wordCount":1191,"publisher":{"@id":"https:\/\/www.pressenza.com\/fr\/#organization"},"image":{"@id":"https:\/\/www.pressenza.com\/fr\/2015\/05\/au-honduras-le-pays-des-coups-detat-quotidiens\/#primaryimage"},"thumbnailUrl":"https:\/\/www.pressenza.com\/wp-content\/uploads\/2015\/05\/arton2037-76e29.jpg","keywords":["coup d'\u00e9tat","Honduras","putschistes honduriens"],"articleSection":["Am\u00e9rique centrale","Opinion","Politique"],"inLanguage":"fr-FR"},{"@type":"WebPage","@id":"https:\/\/www.pressenza.com\/fr\/2015\/05\/au-honduras-le-pays-des-coups-detat-quotidiens\/","url":"https:\/\/www.pressenza.com\/fr\/2015\/05\/au-honduras-le-pays-des-coups-detat-quotidiens\/","name":"Au Honduras, le pays des coups d\u2019Etat quotidiens","isPartOf":{"@id":"https:\/\/www.pressenza.com\/fr\/#website"},"primaryImageOfPage":{"@id":"https:\/\/www.pressenza.com\/fr\/2015\/05\/au-honduras-le-pays-des-coups-detat-quotidiens\/#primaryimage"},"image":{"@id":"https:\/\/www.pressenza.com\/fr\/2015\/05\/au-honduras-le-pays-des-coups-detat-quotidiens\/#primaryimage"},"thumbnailUrl":"https:\/\/www.pressenza.com\/wp-content\/uploads\/2015\/05\/arton2037-76e29.jpg","datePublished":"2015-05-09T12:57:59+00:00","description":"\u00a0Etes-vous d\u2019accord pour que, lors des \u00e9lections g\u00e9n\u00e9rales de novembre 2009, soit install\u00e9e une quatri\u00e8me urne pour d\u00e9cider de la convocation d\u2019une","breadcrumb":{"@id":"https:\/\/www.pressenza.com\/fr\/2015\/05\/au-honduras-le-pays-des-coups-detat-quotidiens\/#breadcrumb"},"inLanguage":"fr-FR","potentialAction":[{"@type":"ReadAction","target":["https:\/\/www.pressenza.com\/fr\/2015\/05\/au-honduras-le-pays-des-coups-detat-quotidiens\/"]}]},{"@type":"ImageObject","inLanguage":"fr-FR","@id":"https:\/\/www.pressenza.com\/fr\/2015\/05\/au-honduras-le-pays-des-coups-detat-quotidiens\/#primaryimage","url":"https:\/\/www.pressenza.com\/wp-content\/uploads\/2015\/05\/arton2037-76e29.jpg","contentUrl":"https:\/\/www.pressenza.com\/wp-content\/uploads\/2015\/05\/arton2037-76e29.jpg","width":552,"height":330},{"@type":"BreadcrumbList","@id":"https:\/\/www.pressenza.com\/fr\/2015\/05\/au-honduras-le-pays-des-coups-detat-quotidiens\/#breadcrumb","itemListElement":[{"@type":"ListItem","position":1,"name":"Accueil","item":"https:\/\/www.pressenza.com\/fr\/"},{"@type":"ListItem","position":2,"name":"Au Honduras, le pays des coups d\u2019Etat quotidiens"}]},{"@type":"WebSite","@id":"https:\/\/www.pressenza.com\/fr\/#website","url":"https:\/\/www.pressenza.com\/fr\/","name":"Pressenza","description":"International Press Agency","publisher":{"@id":"https:\/\/www.pressenza.com\/fr\/#organization"},"potentialAction":[{"@type":"SearchAction","target":{"@type":"EntryPoint","urlTemplate":"https:\/\/www.pressenza.com\/fr\/?s={search_term_string}"},"query-input":{"@type":"PropertyValueSpecification","valueRequired":true,"valueName":"search_term_string"}}],"inLanguage":"fr-FR"},{"@type":"Organization","@id":"https:\/\/www.pressenza.com\/fr\/#organization","name":"Pressenza","url":"https:\/\/www.pressenza.com\/fr\/","logo":{"@type":"ImageObject","inLanguage":"fr-FR","@id":"https:\/\/www.pressenza.com\/fr\/#\/schema\/logo\/image\/","url":"https:\/\/www.pressenza.com\/wp-content\/uploads\/2022\/10\/pressenza_logo_200x200.jpg","contentUrl":"https:\/\/www.pressenza.com\/wp-content\/uploads\/2022\/10\/pressenza_logo_200x200.jpg","width":200,"height":200,"caption":"Pressenza"},"image":{"@id":"https:\/\/www.pressenza.com\/fr\/#\/schema\/logo\/image\/"},"sameAs":["https:\/\/www.facebook.com\/PressenzaItalia","https:\/\/x.com\/PressenzaIPA"]},{"@type":"Person","@id":"https:\/\/www.pressenza.com\/fr\/#\/schema\/person\/3a03c7500018fdf920bd07dbf6defe0f","name":"Memoire des luttes","description":"\"Pour nos combats de demain, pour un monde plus libre, plus juste, plus \u00e9galitaire, plus fraternel et solidaire, nous devons maintenir vivante la m\u00e9moire de nos luttes\". Gunter Holzmann www.medelu.org","sameAs":["https:\/\/www.facebook.com\/pages\/Mmoire-des-luttes\/178755582166132","https:\/\/x.com\/@memoireluttes"],"url":"https:\/\/www.pressenza.com\/fr\/author\/memoire-des-luttes\/"}]}},"place":"","original_article_url":"http:\/\/www.medelu.org\/Au-Honduras-le-pays-des-coups-d","_links":{"self":[{"href":"https:\/\/www.pressenza.com\/fr\/wp-json\/wp\/v2\/posts\/183778","targetHints":{"allow":["GET"]}}],"collection":[{"href":"https:\/\/www.pressenza.com\/fr\/wp-json\/wp\/v2\/posts"}],"about":[{"href":"https:\/\/www.pressenza.com\/fr\/wp-json\/wp\/v2\/types\/post"}],"author":[{"embeddable":true,"href":"https:\/\/www.pressenza.com\/fr\/wp-json\/wp\/v2\/users\/1133"}],"replies":[{"embeddable":true,"href":"https:\/\/www.pressenza.com\/fr\/wp-json\/wp\/v2\/comments?post=183778"}],"version-history":[{"count":0,"href":"https:\/\/www.pressenza.com\/fr\/wp-json\/wp\/v2\/posts\/183778\/revisions"}],"wp:featuredmedia":[{"embeddable":true,"href":"https:\/\/www.pressenza.com\/fr\/wp-json\/wp\/v2\/media\/183780"}],"wp:attachment":[{"href":"https:\/\/www.pressenza.com\/fr\/wp-json\/wp\/v2\/media?parent=183778"}],"wp:term":[{"taxonomy":"category","embeddable":true,"href":"https:\/\/www.pressenza.com\/fr\/wp-json\/wp\/v2\/categories?post=183778"},{"taxonomy":"post_tag","embeddable":true,"href":"https:\/\/www.pressenza.com\/fr\/wp-json\/wp\/v2\/tags?post=183778"}],"curies":[{"name":"wp","href":"https:\/\/api.w.org\/{rel}","templated":true}]}}