{"id":1830406,"date":"2024-03-06T22:51:16","date_gmt":"2024-03-06T22:51:16","guid":{"rendered":"https:\/\/www.pressenza.com\/?p=1830406"},"modified":"2024-03-06T22:51:16","modified_gmt":"2024-03-06T22:51:16","slug":"journee-mondiale-de-protestation-appelle-a-la-fin-du-genocide-a-gaza","status":"publish","type":"post","link":"https:\/\/www.pressenza.com\/fr\/2024\/03\/journee-mondiale-de-protestation-appelle-a-la-fin-du-genocide-a-gaza\/","title":{"rendered":"Journ\u00e9e mondiale de protestation appelle \u00e0 la fin du g\u00e9nocide \u00e0 Gaza"},"content":{"rendered":"<p>Des centaines de milliers de personnes ont manifest\u00e9 les 2 et 3 mars 2024 aux \u00c9tats-Unis et dans le monde entier pour exiger la fin du g\u00e9nocide palestinien.<\/p>\n<p>Comme l&rsquo;a not\u00e9 <i>Answer Coalition<\/i>, \u00ab\u00a0la forte participation a clairement indiqu\u00e9 \u00e0 Joe Biden que les \u00e9tasuniennes et l&rsquo;humanit\u00e9 tout enti\u00e8re rejettent les politiques g\u00e9nocidaires de son administration\u00a0\u00bb.<\/p>\n<div id=\"attachment_1829567\" class=\"wp-caption aligncenter\"><img loading=\"lazy\" decoding=\"async\" aria-describedby=\"caption-attachment-1829567\" class=\"wp-image-1829567 size-full\" src=\"https:\/\/www.pressenza.com\/wp-content\/uploads\/2024\/03\/nyc-answer-coalition.jpg\" alt=\"\" width=\"1920\" height=\"1280\" srcset=\"https:\/\/www.pressenza.com\/wp-content\/uploads\/2024\/03\/nyc-answer-coalition.jpg 1920w, https:\/\/www.pressenza.com\/wp-content\/uploads\/2024\/03\/nyc-answer-coalition-300x200.jpg 300w, https:\/\/www.pressenza.com\/wp-content\/uploads\/2024\/03\/nyc-answer-coalition-820x547.jpg 820w\" sizes=\"auto, (max-width: 1920px) 100vw, 1920px\" \/><p id=\"caption-attachment-1829567\" class=\"wp-caption-text\">(Photo: Answer Coalition)<\/p><\/div>\n<p>La journ\u00e9e mondiale de protestation \u00ab\u00a0<i>Hands off Rafah<\/i>\u00a0\u00bb [Ne touchez pas \u00e0 Rafah] intervient \u00e0 un moment de danger extr\u00eame, alors que l&rsquo;arm\u00e9e isra\u00e9lienne menace de lancer une phase encore plus meurtri\u00e8re de son offensive, avec une possible invasion terrestre le 10 mars.<\/p>\n<p>La ville du sud de Gaza est surpeupl\u00e9e en raison de l&rsquo;afflux de r\u00e9fugi\u00e9s chass\u00e9s par les bombardements, et la crise humanitaire s&rsquo;aggrave en raison du blocus sur les denr\u00e9es alimentaires et les m\u00e9dicaments impos\u00e9 par Isra\u00ebl.<\/p>\n<p>La participation impressionnante des manifestants \u00e0 travers les \u00c9tats-Unis t\u00e9moigne de la nature persistante du mouvement de masse exprimant sa solidarit\u00e9 avec la Palestine qui a \u00e9merg\u00e9 depuis octobre 2023, a d\u00e9clar\u00e9 la coalition nord-am\u00e9ricaine d&rsquo;organisations progressistes.<\/p>\n<p>50 000 personnes ont d\u00e9fil\u00e9 \u00e0 New York, 15 000 \u00e0 San Francisco et plusieurs milliers d&rsquo;autres ont particip\u00e9 \u00e0 des actions de masse \u00e0 Washington DC, Los Angeles, Seattle et bien d&rsquo;autres endroits. L&rsquo;action de Washington DC s&rsquo;est d\u00e9roul\u00e9e au m\u00eame endroit &#8211; l&rsquo;ambassade d&rsquo;Isra\u00ebl &#8211; o\u00f9 Aaron Bushnell a h\u00e9ro\u00efquement men\u00e9 une manifestation d&rsquo;auto-immolation. Au total, plus de 120 villes ont r\u00e9pondu \u00e0 l&rsquo;appel \u00e0 l&rsquo;action du mouvement <i>Shut It Down for Palestine.<\/i><\/p>\n<div id=\"attachment_1829565\" class=\"wp-caption aligncenter\"><img loading=\"lazy\" decoding=\"async\" aria-describedby=\"caption-attachment-1829565\" class=\"size-full wp-image-1829565\" src=\"https:\/\/www.pressenza.com\/wp-content\/uploads\/2024\/03\/havana_answer.jpg\" alt=\"\" width=\"1920\" height=\"1276\" srcset=\"https:\/\/www.pressenza.com\/wp-content\/uploads\/2024\/03\/havana_answer.jpg 1920w, https:\/\/www.pressenza.com\/wp-content\/uploads\/2024\/03\/havana_answer-300x199.jpg 300w, https:\/\/www.pressenza.com\/wp-content\/uploads\/2024\/03\/havana_answer-820x545.jpg 820w\" sizes=\"auto, (max-width: 1920px) 100vw, 1920px\" \/><p id=\"caption-attachment-1829565\" class=\"wp-caption-text\">(Photo: Answer Coalition)<\/p><\/div>\n<p>L&rsquo;action ne s&rsquo;est pas limit\u00e9e aux \u00c9tats-Unis, mais a pris une dimension mondiale. Des actions ont eu lieu au Japon, en Malaisie, \u00e0 Cuba, au Venezuela, en Tunisie et dans bien d&rsquo;autres pays.<\/p>\n<p>Entre-temps, les contacts se poursuivent dans une lutte contre la montre pour parvenir \u00e0 une tr\u00eave avant le Ramadan, le mois sacr\u00e9 des musulmans, qui commence le mois prochain.<\/p>\n<p>Ce lundi 4 mars 2024, l&rsquo;Assembl\u00e9e g\u00e9n\u00e9rale des Nations unies a cherch\u00e9 un consensus parmi les \u00c9tats membres pour exiger un cessez-le-feu \u00e0 Gaza, apr\u00e8s que les \u00c9tats-Unis ont oppos\u00e9 leur veto \u00e0 une r\u00e9solution du Conseil de s\u00e9curit\u00e9 \u00e0 plusieurs reprises.<\/p>\n<p>Il est temps de mettre fin \u00e0 cette folie. C&rsquo;est le souhait de la majorit\u00e9 des peuples et des gouvernements du monde.<\/p>\n<p>&nbsp;<\/p>\n<p><em>Traduction de l&rsquo;espagnol, Evelyn Tischer<\/em><\/p>\n","protected":false},"excerpt":{"rendered":"<p>Des centaines de milliers de personnes ont manifest\u00e9 les 2 et 3 mars 2024 aux \u00c9tats-Unis et dans le monde entier pour exiger la fin du g\u00e9nocide palestinien. Comme l&rsquo;a not\u00e9 Answer Coalition, \u00ab\u00a0la forte participation a clairement indiqu\u00e9 \u00e0&hellip;<\/p>\n","protected":false},"author":19,"featured_media":1830410,"comment_status":"closed","ping_status":"closed","sticky":false,"template":"","format":"standard","meta":{"footnotes":""},"categories":[11386,1250],"tags":[72802,117586,1508,120696,604,1113,120009],"class_list":["post-1830406","post","type-post","status-publish","format-standard","has-post-thumbnail","hentry","category-contenu-original","category-paix-desarmement","tag-cessez-le-feu","tag-conflit-israel-palestine","tag-gaza-fr","tag-hands-off-rafah-fr","tag-manifestations","tag-palestine-fr","tag-rafah-fr"],"yoast_head":"<!-- This site is optimized with the Yoast SEO plugin v27.1.1 - https:\/\/yoast.com\/product\/yoast-seo-wordpress\/ -->\n<title>Journ\u00e9e mondiale de protestation appelle \u00e0 la fin du g\u00e9nocide \u00e0 Gaza<\/title>\n<meta name=\"description\" content=\"Des centaines de milliers de personnes ont manifest\u00e9 les 2 et 3 mars 2024 aux \u00c9tats-Unis et dans le monde entier pour exiger la fin du g\u00e9nocide\" \/>\n<meta name=\"robots\" content=\"index, follow, max-snippet:-1, max-image-preview:large, max-video-preview:-1\" \/>\n<link rel=\"canonical\" href=\"https:\/\/www.pressenza.com\/fr\/2024\/03\/journee-mondiale-de-protestation-appelle-a-la-fin-du-genocide-a-gaza\/\" \/>\n<meta property=\"og:locale\" content=\"fr_FR\" \/>\n<meta property=\"og:type\" content=\"article\" \/>\n<meta property=\"og:title\" content=\"Journ\u00e9e mondiale de protestation appelle \u00e0 la fin du g\u00e9nocide \u00e0 Gaza\" \/>\n<meta property=\"og:description\" content=\"Des centaines de milliers de personnes ont manifest\u00e9 les 2 et 3 mars 2024 aux \u00c9tats-Unis et dans le monde entier pour exiger la fin du g\u00e9nocide\" \/>\n<meta property=\"og:url\" content=\"https:\/\/www.pressenza.com\/fr\/2024\/03\/journee-mondiale-de-protestation-appelle-a-la-fin-du-genocide-a-gaza\/\" \/>\n<meta property=\"og:site_name\" content=\"Pressenza\" \/>\n<meta property=\"article:publisher\" content=\"https:\/\/www.facebook.com\/PressenzaItalia\" \/>\n<meta property=\"article:author\" content=\"https:\/\/www.facebook.com\/pressenza\" \/>\n<meta property=\"article:published_time\" content=\"2024-03-06T22:51:16+00:00\" \/>\n<meta property=\"og:image\" content=\"https:\/\/www.pressenza.com\/wp-content\/uploads\/2024\/03\/dc_answer.jpg\" \/>\n\t<meta property=\"og:image:width\" content=\"1920\" \/>\n\t<meta property=\"og:image:height\" content=\"820\" \/>\n\t<meta property=\"og:image:type\" content=\"image\/jpeg\" \/>\n<meta name=\"author\" content=\"Pressenza IPA\" \/>\n<meta name=\"twitter:card\" content=\"summary_large_image\" \/>\n<meta name=\"twitter:creator\" content=\"@PressenzaIPA\" \/>\n<meta name=\"twitter:site\" content=\"@PressenzaIPA\" \/>\n<meta name=\"twitter:label1\" content=\"\u00c9crit par\" \/>\n\t<meta name=\"twitter:data1\" content=\"Pressenza IPA\" \/>\n\t<meta name=\"twitter:label2\" content=\"Dur\u00e9e de lecture estim\u00e9e\" \/>\n\t<meta name=\"twitter:data2\" content=\"3 minutes\" \/>\n<script type=\"application\/ld+json\" class=\"yoast-schema-graph\">{\"@context\":\"https:\/\/schema.org\",\"@graph\":[{\"@type\":\"Article\",\"@id\":\"https:\/\/www.pressenza.com\/fr\/2024\/03\/journee-mondiale-de-protestation-appelle-a-la-fin-du-genocide-a-gaza\/#article\",\"isPartOf\":{\"@id\":\"https:\/\/www.pressenza.com\/fr\/2024\/03\/journee-mondiale-de-protestation-appelle-a-la-fin-du-genocide-a-gaza\/\"},\"author\":{\"name\":\"Pressenza IPA\",\"@id\":\"https:\/\/www.pressenza.com\/fr\/#\/schema\/person\/010e5d02bcf40965427a1289a4cc8d75\"},\"headline\":\"Journ\u00e9e mondiale de protestation appelle \u00e0 la fin du g\u00e9nocide \u00e0 Gaza\",\"datePublished\":\"2024-03-06T22:51:16+00:00\",\"mainEntityOfPage\":{\"@id\":\"https:\/\/www.pressenza.com\/fr\/2024\/03\/journee-mondiale-de-protestation-appelle-a-la-fin-du-genocide-a-gaza\/\"},\"wordCount\":439,\"publisher\":{\"@id\":\"https:\/\/www.pressenza.com\/fr\/#organization\"},\"image\":{\"@id\":\"https:\/\/www.pressenza.com\/fr\/2024\/03\/journee-mondiale-de-protestation-appelle-a-la-fin-du-genocide-a-gaza\/#primaryimage\"},\"thumbnailUrl\":\"https:\/\/www.pressenza.com\/wp-content\/uploads\/2024\/03\/dc_answer.jpg\",\"keywords\":[\"cessez-le-feu\",\"Conflit Isra\u00ebl Palestine\",\"Gaza\",\"Hands Off Rafah\",\"Manifestations\",\"Palestine\",\"Rafah\"],\"articleSection\":[\"Contenu Original\",\"Paix et D\u00e9sarmement\"],\"inLanguage\":\"fr-FR\"},{\"@type\":\"WebPage\",\"@id\":\"https:\/\/www.pressenza.com\/fr\/2024\/03\/journee-mondiale-de-protestation-appelle-a-la-fin-du-genocide-a-gaza\/\",\"url\":\"https:\/\/www.pressenza.com\/fr\/2024\/03\/journee-mondiale-de-protestation-appelle-a-la-fin-du-genocide-a-gaza\/\",\"name\":\"Journ\u00e9e mondiale de protestation appelle \u00e0 la fin du g\u00e9nocide \u00e0 Gaza\",\"isPartOf\":{\"@id\":\"https:\/\/www.pressenza.com\/fr\/#website\"},\"primaryImageOfPage\":{\"@id\":\"https:\/\/www.pressenza.com\/fr\/2024\/03\/journee-mondiale-de-protestation-appelle-a-la-fin-du-genocide-a-gaza\/#primaryimage\"},\"image\":{\"@id\":\"https:\/\/www.pressenza.com\/fr\/2024\/03\/journee-mondiale-de-protestation-appelle-a-la-fin-du-genocide-a-gaza\/#primaryimage\"},\"thumbnailUrl\":\"https:\/\/www.pressenza.com\/wp-content\/uploads\/2024\/03\/dc_answer.jpg\",\"datePublished\":\"2024-03-06T22:51:16+00:00\",\"description\":\"Des centaines de milliers de personnes ont manifest\u00e9 les 2 et 3 mars 2024 aux \u00c9tats-Unis et dans le monde entier pour exiger la fin du g\u00e9nocide\",\"breadcrumb\":{\"@id\":\"https:\/\/www.pressenza.com\/fr\/2024\/03\/journee-mondiale-de-protestation-appelle-a-la-fin-du-genocide-a-gaza\/#breadcrumb\"},\"inLanguage\":\"fr-FR\",\"potentialAction\":[{\"@type\":\"ReadAction\",\"target\":[\"https:\/\/www.pressenza.com\/fr\/2024\/03\/journee-mondiale-de-protestation-appelle-a-la-fin-du-genocide-a-gaza\/\"]}]},{\"@type\":\"ImageObject\",\"inLanguage\":\"fr-FR\",\"@id\":\"https:\/\/www.pressenza.com\/fr\/2024\/03\/journee-mondiale-de-protestation-appelle-a-la-fin-du-genocide-a-gaza\/#primaryimage\",\"url\":\"https:\/\/www.pressenza.com\/wp-content\/uploads\/2024\/03\/dc_answer.jpg\",\"contentUrl\":\"https:\/\/www.pressenza.com\/wp-content\/uploads\/2024\/03\/dc_answer.jpg\",\"width\":1920,\"height\":820},{\"@type\":\"BreadcrumbList\",\"@id\":\"https:\/\/www.pressenza.com\/fr\/2024\/03\/journee-mondiale-de-protestation-appelle-a-la-fin-du-genocide-a-gaza\/#breadcrumb\",\"itemListElement\":[{\"@type\":\"ListItem\",\"position\":1,\"name\":\"Accueil\",\"item\":\"https:\/\/www.pressenza.com\/fr\/\"},{\"@type\":\"ListItem\",\"position\":2,\"name\":\"Journ\u00e9e mondiale de protestation appelle \u00e0 la fin du g\u00e9nocide \u00e0 Gaza\"}]},{\"@type\":\"WebSite\",\"@id\":\"https:\/\/www.pressenza.com\/fr\/#website\",\"url\":\"https:\/\/www.pressenza.com\/fr\/\",\"name\":\"Pressenza\",\"description\":\"International Press Agency\",\"publisher\":{\"@id\":\"https:\/\/www.pressenza.com\/fr\/#organization\"},\"potentialAction\":[{\"@type\":\"SearchAction\",\"target\":{\"@type\":\"EntryPoint\",\"urlTemplate\":\"https:\/\/www.pressenza.com\/fr\/?s={search_term_string}\"},\"query-input\":{\"@type\":\"PropertyValueSpecification\",\"valueRequired\":true,\"valueName\":\"search_term_string\"}}],\"inLanguage\":\"fr-FR\"},{\"@type\":\"Organization\",\"@id\":\"https:\/\/www.pressenza.com\/fr\/#organization\",\"name\":\"Pressenza\",\"url\":\"https:\/\/www.pressenza.com\/fr\/\",\"logo\":{\"@type\":\"ImageObject\",\"inLanguage\":\"fr-FR\",\"@id\":\"https:\/\/www.pressenza.com\/fr\/#\/schema\/logo\/image\/\",\"url\":\"https:\/\/www.pressenza.com\/wp-content\/uploads\/2022\/10\/pressenza_logo_200x200.jpg\",\"contentUrl\":\"https:\/\/www.pressenza.com\/wp-content\/uploads\/2022\/10\/pressenza_logo_200x200.jpg\",\"width\":200,\"height\":200,\"caption\":\"Pressenza\"},\"image\":{\"@id\":\"https:\/\/www.pressenza.com\/fr\/#\/schema\/logo\/image\/\"},\"sameAs\":[\"https:\/\/www.facebook.com\/PressenzaItalia\",\"https:\/\/x.com\/PressenzaIPA\"]},{\"@type\":\"Person\",\"@id\":\"https:\/\/www.pressenza.com\/fr\/#\/schema\/person\/010e5d02bcf40965427a1289a4cc8d75\",\"name\":\"Pressenza IPA\",\"description\":\"News from Pressenza IPA correspondents\",\"sameAs\":[\"https:\/\/www.facebook.com\/pressenza\",\"https:\/\/x.com\/PressenzaIPA\"],\"url\":\"https:\/\/www.pressenza.com\/fr\/author\/pressenza-ipa\/\"}]}<\/script>\n<!-- \/ Yoast SEO plugin. -->","yoast_head_json":{"title":"Journ\u00e9e mondiale de protestation appelle \u00e0 la fin du g\u00e9nocide \u00e0 Gaza","description":"Des centaines de milliers de personnes ont manifest\u00e9 les 2 et 3 mars 2024 aux \u00c9tats-Unis et dans le monde entier pour exiger la fin du g\u00e9nocide","robots":{"index":"index","follow":"follow","max-snippet":"max-snippet:-1","max-image-preview":"max-image-preview:large","max-video-preview":"max-video-preview:-1"},"canonical":"https:\/\/www.pressenza.com\/fr\/2024\/03\/journee-mondiale-de-protestation-appelle-a-la-fin-du-genocide-a-gaza\/","og_locale":"fr_FR","og_type":"article","og_title":"Journ\u00e9e mondiale de protestation appelle \u00e0 la fin du g\u00e9nocide \u00e0 Gaza","og_description":"Des centaines de milliers de personnes ont manifest\u00e9 les 2 et 3 mars 2024 aux \u00c9tats-Unis et dans le monde entier pour exiger la fin du g\u00e9nocide","og_url":"https:\/\/www.pressenza.com\/fr\/2024\/03\/journee-mondiale-de-protestation-appelle-a-la-fin-du-genocide-a-gaza\/","og_site_name":"Pressenza","article_publisher":"https:\/\/www.facebook.com\/PressenzaItalia","article_author":"https:\/\/www.facebook.com\/pressenza","article_published_time":"2024-03-06T22:51:16+00:00","og_image":[{"width":1920,"height":820,"url":"https:\/\/www.pressenza.com\/wp-content\/uploads\/2024\/03\/dc_answer.jpg","type":"image\/jpeg"}],"author":"Pressenza IPA","twitter_card":"summary_large_image","twitter_creator":"@PressenzaIPA","twitter_site":"@PressenzaIPA","twitter_misc":{"\u00c9crit par":"Pressenza IPA","Dur\u00e9e de lecture estim\u00e9e":"3 minutes"},"schema":{"@context":"https:\/\/schema.org","@graph":[{"@type":"Article","@id":"https:\/\/www.pressenza.com\/fr\/2024\/03\/journee-mondiale-de-protestation-appelle-a-la-fin-du-genocide-a-gaza\/#article","isPartOf":{"@id":"https:\/\/www.pressenza.com\/fr\/2024\/03\/journee-mondiale-de-protestation-appelle-a-la-fin-du-genocide-a-gaza\/"},"author":{"name":"Pressenza IPA","@id":"https:\/\/www.pressenza.com\/fr\/#\/schema\/person\/010e5d02bcf40965427a1289a4cc8d75"},"headline":"Journ\u00e9e mondiale de protestation appelle \u00e0 la fin du g\u00e9nocide \u00e0 Gaza","datePublished":"2024-03-06T22:51:16+00:00","mainEntityOfPage":{"@id":"https:\/\/www.pressenza.com\/fr\/2024\/03\/journee-mondiale-de-protestation-appelle-a-la-fin-du-genocide-a-gaza\/"},"wordCount":439,"publisher":{"@id":"https:\/\/www.pressenza.com\/fr\/#organization"},"image":{"@id":"https:\/\/www.pressenza.com\/fr\/2024\/03\/journee-mondiale-de-protestation-appelle-a-la-fin-du-genocide-a-gaza\/#primaryimage"},"thumbnailUrl":"https:\/\/www.pressenza.com\/wp-content\/uploads\/2024\/03\/dc_answer.jpg","keywords":["cessez-le-feu","Conflit Isra\u00ebl Palestine","Gaza","Hands Off Rafah","Manifestations","Palestine","Rafah"],"articleSection":["Contenu Original","Paix et D\u00e9sarmement"],"inLanguage":"fr-FR"},{"@type":"WebPage","@id":"https:\/\/www.pressenza.com\/fr\/2024\/03\/journee-mondiale-de-protestation-appelle-a-la-fin-du-genocide-a-gaza\/","url":"https:\/\/www.pressenza.com\/fr\/2024\/03\/journee-mondiale-de-protestation-appelle-a-la-fin-du-genocide-a-gaza\/","name":"Journ\u00e9e mondiale de protestation appelle \u00e0 la fin du g\u00e9nocide \u00e0 Gaza","isPartOf":{"@id":"https:\/\/www.pressenza.com\/fr\/#website"},"primaryImageOfPage":{"@id":"https:\/\/www.pressenza.com\/fr\/2024\/03\/journee-mondiale-de-protestation-appelle-a-la-fin-du-genocide-a-gaza\/#primaryimage"},"image":{"@id":"https:\/\/www.pressenza.com\/fr\/2024\/03\/journee-mondiale-de-protestation-appelle-a-la-fin-du-genocide-a-gaza\/#primaryimage"},"thumbnailUrl":"https:\/\/www.pressenza.com\/wp-content\/uploads\/2024\/03\/dc_answer.jpg","datePublished":"2024-03-06T22:51:16+00:00","description":"Des centaines de milliers de personnes ont manifest\u00e9 les 2 et 3 mars 2024 aux \u00c9tats-Unis et dans le monde entier pour exiger la fin du g\u00e9nocide","breadcrumb":{"@id":"https:\/\/www.pressenza.com\/fr\/2024\/03\/journee-mondiale-de-protestation-appelle-a-la-fin-du-genocide-a-gaza\/#breadcrumb"},"inLanguage":"fr-FR","potentialAction":[{"@type":"ReadAction","target":["https:\/\/www.pressenza.com\/fr\/2024\/03\/journee-mondiale-de-protestation-appelle-a-la-fin-du-genocide-a-gaza\/"]}]},{"@type":"ImageObject","inLanguage":"fr-FR","@id":"https:\/\/www.pressenza.com\/fr\/2024\/03\/journee-mondiale-de-protestation-appelle-a-la-fin-du-genocide-a-gaza\/#primaryimage","url":"https:\/\/www.pressenza.com\/wp-content\/uploads\/2024\/03\/dc_answer.jpg","contentUrl":"https:\/\/www.pressenza.com\/wp-content\/uploads\/2024\/03\/dc_answer.jpg","width":1920,"height":820},{"@type":"BreadcrumbList","@id":"https:\/\/www.pressenza.com\/fr\/2024\/03\/journee-mondiale-de-protestation-appelle-a-la-fin-du-genocide-a-gaza\/#breadcrumb","itemListElement":[{"@type":"ListItem","position":1,"name":"Accueil","item":"https:\/\/www.pressenza.com\/fr\/"},{"@type":"ListItem","position":2,"name":"Journ\u00e9e mondiale de protestation appelle \u00e0 la fin du g\u00e9nocide \u00e0 Gaza"}]},{"@type":"WebSite","@id":"https:\/\/www.pressenza.com\/fr\/#website","url":"https:\/\/www.pressenza.com\/fr\/","name":"Pressenza","description":"International Press Agency","publisher":{"@id":"https:\/\/www.pressenza.com\/fr\/#organization"},"potentialAction":[{"@type":"SearchAction","target":{"@type":"EntryPoint","urlTemplate":"https:\/\/www.pressenza.com\/fr\/?s={search_term_string}"},"query-input":{"@type":"PropertyValueSpecification","valueRequired":true,"valueName":"search_term_string"}}],"inLanguage":"fr-FR"},{"@type":"Organization","@id":"https:\/\/www.pressenza.com\/fr\/#organization","name":"Pressenza","url":"https:\/\/www.pressenza.com\/fr\/","logo":{"@type":"ImageObject","inLanguage":"fr-FR","@id":"https:\/\/www.pressenza.com\/fr\/#\/schema\/logo\/image\/","url":"https:\/\/www.pressenza.com\/wp-content\/uploads\/2022\/10\/pressenza_logo_200x200.jpg","contentUrl":"https:\/\/www.pressenza.com\/wp-content\/uploads\/2022\/10\/pressenza_logo_200x200.jpg","width":200,"height":200,"caption":"Pressenza"},"image":{"@id":"https:\/\/www.pressenza.com\/fr\/#\/schema\/logo\/image\/"},"sameAs":["https:\/\/www.facebook.com\/PressenzaItalia","https:\/\/x.com\/PressenzaIPA"]},{"@type":"Person","@id":"https:\/\/www.pressenza.com\/fr\/#\/schema\/person\/010e5d02bcf40965427a1289a4cc8d75","name":"Pressenza IPA","description":"News from Pressenza IPA correspondents","sameAs":["https:\/\/www.facebook.com\/pressenza","https:\/\/x.com\/PressenzaIPA"],"url":"https:\/\/www.pressenza.com\/fr\/author\/pressenza-ipa\/"}]}},"place":"","original_article_url":"","_links":{"self":[{"href":"https:\/\/www.pressenza.com\/fr\/wp-json\/wp\/v2\/posts\/1830406","targetHints":{"allow":["GET"]}}],"collection":[{"href":"https:\/\/www.pressenza.com\/fr\/wp-json\/wp\/v2\/posts"}],"about":[{"href":"https:\/\/www.pressenza.com\/fr\/wp-json\/wp\/v2\/types\/post"}],"author":[{"embeddable":true,"href":"https:\/\/www.pressenza.com\/fr\/wp-json\/wp\/v2\/users\/19"}],"replies":[{"embeddable":true,"href":"https:\/\/www.pressenza.com\/fr\/wp-json\/wp\/v2\/comments?post=1830406"}],"version-history":[{"count":0,"href":"https:\/\/www.pressenza.com\/fr\/wp-json\/wp\/v2\/posts\/1830406\/revisions"}],"wp:featuredmedia":[{"embeddable":true,"href":"https:\/\/www.pressenza.com\/fr\/wp-json\/wp\/v2\/media\/1830410"}],"wp:attachment":[{"href":"https:\/\/www.pressenza.com\/fr\/wp-json\/wp\/v2\/media?parent=1830406"}],"wp:term":[{"taxonomy":"category","embeddable":true,"href":"https:\/\/www.pressenza.com\/fr\/wp-json\/wp\/v2\/categories?post=1830406"},{"taxonomy":"post_tag","embeddable":true,"href":"https:\/\/www.pressenza.com\/fr\/wp-json\/wp\/v2\/tags?post=1830406"}],"curies":[{"name":"wp","href":"https:\/\/api.w.org\/{rel}","templated":true}]}}