{"id":1830059,"date":"2024-03-09T22:00:59","date_gmt":"2024-03-09T22:00:59","guid":{"rendered":"https:\/\/www.pressenza.com\/?p=1830059"},"modified":"2024-03-07T08:18:40","modified_gmt":"2024-03-07T08:18:40","slug":"bruxelles-limmense-festival-pour-visibiliser-les-invisibles","status":"publish","type":"post","link":"https:\/\/www.pressenza.com\/fr\/2024\/03\/bruxelles-limmense-festival-pour-visibiliser-les-invisibles\/","title":{"rendered":"Bruxelles : l&rsquo;IMMENSE Festival pour Visibiliser les Invisibles"},"content":{"rendered":"<p><em>Du 1er au 31 mars 2024, se tient la premi\u00e8re \u00e9dition de \u00ab l\u2019Immense Festival \u00bb (Immense = Individu dans une Merde Mat\u00e9rielle Enorme mais Non Sans Exigence). Le festival, avec plus de 80 \u00e9v\u00e9nements, se d\u00e9roule en r\u00e9gion bruxelloise. Des conf\u00e9rences, des ateliers, des expositions, des spectacles, des \u00e9v\u00e9nements litt\u00e9raires, des s\u00e9ances cin\u00e9matographiques auront lieu dans toute la capitale\u2026 Les \u00e9v\u00e9nements sont presque tous gratuits et une r\u00e9colte de crowdfunding est en cours.<\/em> <a href=\"https:\/\/growfunding.be\/fr\/projects\/immensefestival?fbclid=PAAaY2nd2pP5maNN1noYphMLyPwI1AM1EcKH9kFcKy9fcmLYdxU-CI5mET3Ow\">https:\/\/growfunding.be\/fr\/projects\/immensefestival?fbclid=PAAaY2nd2pP5maNN1noYphMLyPwI1AM1EcKH9kFcKy9fcmLYdxU-CI5mET3Ow<\/a><\/p>\n<p>L\u2019occasion de rencontrer le monde militant des \u00ab sans chez-soi \u00bb, ce qui offre une autre perspective par rapport aux \u201csans-abri.\u201d Le terme \u201csans chez-soi\u201d encapsule la notion de perdre son chez-soi et de domicile fixe et\u00a0 ne veut pas souligner\u00a0 l\u2019absence d\u2019un simple abri. Il ne veut pas mettre l\u2019accent sur le manque d\u2019un toit, mais souligne la perte d\u2019un chez-soi, qui \u00e9voque un sentiment de protection et de stabilit\u00e9. Il est important d\u2019utiliser ce terme, car il encourage une compr\u00e9hension et une empathie des personnes vivant de cette situation, des milliers \u00e0 Bruxelles &#8211; invisibles pour beaucoup de personnes &#8211; nombre qui a augment\u00e9 de 20% en 2023.<\/p>\n<p>Depuis 5 ans, des citoyen.ne.s sans chez-soi, sans-papiers, pr\u00e9caris\u00e9.e.s ont d\u00e9cid\u00e9 de cr\u00e9er un Syndicat, le Syndicat des Immenses.<\/p>\n<p>Ce 2 mars, le lancement du Festival avait lieu sur la place centrale face \u00e0 La Bourse.\u00a0 Un podium, des spectacles pendant trois heures.\u00a0 Les \u00ab Fourmis \u00bb, percussionnistes toniques, suivis de la chorale des femmes sans-papiers, puis la chorale des chanteur.se.s engag\u00e9.e.s de la Monnaie\u2026 Une ambiance festive, des paroles fortes, destin\u00e9es \u00e0 interpeller le et la citoyen.ne \u00ab escap\u00e9.e \u00bb (comprenez, celui qui s\u2019en sort, dans ce syst\u00e8me d\u2019exclusion).<\/p>\n<p>&nbsp;<\/p>\n<p><img loading=\"lazy\" decoding=\"async\" class=\"alignnone size-medium wp-image-1830061\" src=\"https:\/\/www.pressenza.com\/wp-content\/uploads\/2024\/03\/Bourse-300x225.jpg\" alt=\"\" width=\"300\" height=\"225\" srcset=\"https:\/\/www.pressenza.com\/wp-content\/uploads\/2024\/03\/Bourse-300x225.jpg 300w, https:\/\/www.pressenza.com\/wp-content\/uploads\/2024\/03\/Bourse-820x615.jpg 820w, https:\/\/www.pressenza.com\/wp-content\/uploads\/2024\/03\/Bourse.jpg 1280w\" sizes=\"auto, (max-width: 300px) 100vw, 300px\" \/> <img loading=\"lazy\" decoding=\"async\" class=\"alignnone size-medium wp-image-1830062\" src=\"https:\/\/www.pressenza.com\/wp-content\/uploads\/2024\/03\/Expo-300x225.jpg\" alt=\"\" width=\"300\" height=\"225\" srcset=\"https:\/\/www.pressenza.com\/wp-content\/uploads\/2024\/03\/Expo-300x225.jpg 300w, https:\/\/www.pressenza.com\/wp-content\/uploads\/2024\/03\/Expo-820x615.jpg 820w, https:\/\/www.pressenza.com\/wp-content\/uploads\/2024\/03\/Expo.jpg 1280w\" sizes=\"auto, (max-width: 300px) 100vw, 300px\" \/> <img loading=\"lazy\" decoding=\"async\" class=\"alignnone size-medium wp-image-1830063\" src=\"https:\/\/www.pressenza.com\/wp-content\/uploads\/2024\/03\/Expo1-300x225.jpg\" alt=\"\" width=\"300\" height=\"225\" srcset=\"https:\/\/www.pressenza.com\/wp-content\/uploads\/2024\/03\/Expo1-300x225.jpg 300w, https:\/\/www.pressenza.com\/wp-content\/uploads\/2024\/03\/Expo1-820x615.jpg 820w, https:\/\/www.pressenza.com\/wp-content\/uploads\/2024\/03\/Expo1.jpg 1280w\" sizes=\"auto, (max-width: 300px) 100vw, 300px\" \/> <img loading=\"lazy\" decoding=\"async\" class=\"alignnone size-medium wp-image-1830064\" src=\"https:\/\/www.pressenza.com\/wp-content\/uploads\/2024\/03\/Festival-musique-300x225.jpg\" alt=\"\" width=\"300\" height=\"225\" srcset=\"https:\/\/www.pressenza.com\/wp-content\/uploads\/2024\/03\/Festival-musique-300x225.jpg 300w, https:\/\/www.pressenza.com\/wp-content\/uploads\/2024\/03\/Festival-musique-820x615.jpg 820w, https:\/\/www.pressenza.com\/wp-content\/uploads\/2024\/03\/Festival-musique.jpg 1280w\" sizes=\"auto, (max-width: 300px) 100vw, 300px\" \/> <img loading=\"lazy\" decoding=\"async\" class=\"alignnone size-medium wp-image-1830066\" src=\"https:\/\/www.pressenza.com\/wp-content\/uploads\/2024\/03\/20240302_155501-300x225.jpg\" alt=\"\" width=\"300\" height=\"225\" srcset=\"https:\/\/www.pressenza.com\/wp-content\/uploads\/2024\/03\/20240302_155501-300x225.jpg 300w, https:\/\/www.pressenza.com\/wp-content\/uploads\/2024\/03\/20240302_155501-820x615.jpg 820w, https:\/\/www.pressenza.com\/wp-content\/uploads\/2024\/03\/20240302_155501.jpg 1920w\" sizes=\"auto, (max-width: 300px) 100vw, 300px\" \/><img loading=\"lazy\" decoding=\"async\" class=\"alignnone size-medium wp-image-1830493\" src=\"https:\/\/www.pressenza.com\/wp-content\/uploads\/2024\/03\/Angelica-et-Tatiana-285x300.jpg\" alt=\"\" width=\"285\" height=\"300\" srcset=\"https:\/\/www.pressenza.com\/wp-content\/uploads\/2024\/03\/Angelica-et-Tatiana-285x300.jpg 285w, https:\/\/www.pressenza.com\/wp-content\/uploads\/2024\/03\/Angelica-et-Tatiana-820x863.jpg 820w, https:\/\/www.pressenza.com\/wp-content\/uploads\/2024\/03\/Angelica-et-Tatiana.jpg 1019w\" sizes=\"auto, (max-width: 285px) 100vw, 285px\" \/><\/p>\n<p><strong>Nous avons rencontr\u00e9 Karim, Julie, Daniel, Samira, Abdelkader.<\/strong><\/p>\n<p><strong>Karim<\/strong> fait partie des organisateurs.\u00a0 Chaleureux, communicatif, il prend le temps d\u2019expliquer le sens du festival, de remercier la quantit\u00e9 de personnes et d\u2019associations qui ont r\u00e9pondu pr\u00e9sents. \u00ab Nous n\u2019avions pas de budget, tous sont venus gratuitement, en force ! De plus en plus de gens sont concern\u00e9s par la paup\u00e9risation, pour diff\u00e9rents motifs.\u00a0 Seule la solidarit\u00e9 va apporter une r\u00e9ponse humaine.\u00a0 Il faut s\u2019organiser, sensibiliser, et profiter de ce moment des \u00e9lections pour interpeller nos politiques. \u00bb<\/p>\n<p><strong>Julie<\/strong> est chanteuse et musicienne.\u00a0 C\u2019est elle qui anime la chorale des femmes Sans-Papier. \u00ab En tant que musicienne, c\u2019est ma mani\u00e8re de m\u2019engager pour d\u00e9noncer cette hypocrisie et collaborer au changement. \u00bb<\/p>\n<p><strong>Daniel<\/strong> fait partie du Syndicat des Immenses.\u00a0 N\u00e9e il y a un peu plus de 5 ans, cette initiative est devenue un v\u00e9ritable mouvement.\u00a0 Un \u00ab Syndicat \u00bb pour agir aupr\u00e8s des politiques, rendre visible les \u00ab invisibles \u00bb de notre soci\u00e9t\u00e9. Il nous explique le sens des deux \u00e9normes banderoles plac\u00e9es sur les colonnes de la bourse \u00ab N\u00e9croPolitique \u00bb ; elles d\u00e9noncent les mesures mortuaires prises par les politiques, \u00e0 l\u2019encontre des personnes vuln\u00e9rables. Les personnes vuln\u00e9rables, c\u2019est-\u00e0-dire les sans abris, les sans-papiers mais aussi les personnes \u00e2g\u00e9es (parfois d\u00e9munies, vol\u00e9es, abandonn\u00e9es), les personnes handicap\u00e9es et souffrant de maladie mentale, paup\u00e9ris\u00e9es. \u00a0 \u00ab La situation est de plus en plus d\u00e9plorable \u00bb explique-t-il, \u00e9mu \u00ab\u00a0 regardez par exemple la digitalisation : il faut arr\u00eater cela !! Il faut \u00e9viter la d\u00e9shumanisation qui s\u2019installe petit \u00e0 petit.\u00a0 L\u2019Intelligence Artificielle au service de la N\u00e9croPolitique est dangereuse. On ne vous tue pas, non, on vous rend la vie difficile \u00bb.<\/p>\n<p><strong>Samira<\/strong> est d\u2019origine marocaine, de nationalit\u00e9 belge.\u00a0 Il y a 20 ans, son jeune fr\u00e8re est venu en Belgique pour \u00e9tudier.\u00a0 Sorti premier de sa promotion en m\u00e9canique, il a poursuivi brillamment ses \u00e9tudes en gestion d\u2019entreprise.\u00a0 N\u2019ayant plus de famille au Maroc, il a souhait\u00e9 rester aupr\u00e8s de sa s\u0153ur en Belgique.\u00a0 Cela fait maintenant 15 ans qu\u2019il essuie des refus de r\u00e9gularisation.\u00a0 Samira le d\u00e9crit comme courageux, travailleur, intelligent, n\u2019a jamais pos\u00e9 de probl\u00e8me \u2026 il l\u2019aide comme il le peut mais s\u2019engouffre petit \u00e0 petit dans la d\u00e9pression.\u00a0 Et elle ne voit pas comment l\u2019aider.<\/p>\n<p><em><strong>Les priorit\u00e9s ?\u00a0<\/strong><\/em> Tous sont d\u2019accord sur la n\u00e9cessaire r\u00e9gularisation imm\u00e9diates des quantit\u00e9s de sans-papiers qui vivent ainsi, depuis des ann\u00e9es, la peur au ventre, exploit\u00e9.e.s dans une ville qui a besoin de main d\u2019oeuvre mais ne veut pas la l\u00e9galiser. Le travail en noir est n\u00e9cessaire, l\u2019esclavage existe. Avec la mont\u00e9e de l\u2019extr\u00eame droite, les politiques se durcissent et cela ne semble pas vouloir changer.<\/p>\n<p>La Finlande a investi dans l\u2019accompagnement des personnes exclues du syst\u00e8me ; les solutions ont \u00e9t\u00e9 trouv\u00e9es.\u00a0 En Angleterre, les sans-papiers ont le droit l\u00e9gal de travailler\u2026 en Belgique aussi, des r\u00e9ponses humaines peuvent \u00eatre trouv\u00e9es\u00a0 Comme le pr\u00e9cise Karim, \u00ab c\u2019est une question de choix de soci\u00e9t\u00e9 ; \u00e0 nous de savoir ce que l\u2019on veut ! \u00bb\u00a0 Inch Allah, nous lance Samira, avec tristesse dans la voix, retournant dans la foule anonyme des passants de la Bourse.<\/p>\n<p><strong>Abdelkader<\/strong> accueille les visiteurs au sein de la Bourse, dans un espace r\u00e9serv\u00e9 \u00e0 une exposition tr\u00e8s originale. Des mots sont invent\u00e9s et investis de sens ; les trois piliers de la\u00a0 \u00ab N\u00e9cro-Politique \u00bb : le Hi\u00e9rarchisme : toutes les vies n\u2019ont pas la m\u00eame valeur ;<\/p>\n<p><em>Le D\u00e9suniversalisme<\/em> : Deux poids, deux mesures<\/p>\n<p><em>L\u2019Allomorphisme<\/em> : Des escap\u00e9s cr\u00e9ent des dispositifs pour Immenses, sans envisager d\u2019y recourir eux-m\u00eames. Nous pouvons y retrouver toute sorte de cr\u00e9ation, par exemple un mur de poup\u00e9es intitul\u00e9\u00a0 \u201c<em>des poup\u00e9es en lutte sont avec les immenses<\/em>\u201d ou le livre \u201c<em>Politique &amp; Immensit\u00e9<\/em>\u201d \u00e9crit par Le Syndicat Des Immenses &amp; Alii Dursel Laurent<\/p>\n<p>(<a href=\"https:\/\/www.librairie-grangier.com\/livre\/21699632-politique-immensite-par-le-syndicat-des-imme--dursel-laurent-maelstrom\">https:\/\/www.librairie-grangier.com\/livre\/21699632-politique-immensite-par-le-syndicat-des-imme&#8211;dursel-laurent-maelstrom<\/a>). D\u2019autres mots invent\u00e9s et imprim\u00e9s en s\u00e9rigraphie apportent une touche d\u2019humour et d\u2019esth\u00e9tique dans cette exposition qui ne laisse pas indiff\u00e9rent.<\/p>\n<p>En effet, les histoires des un.e.s et des autres, cela pourrait \u00eatre un jour, la mienne, la tienne.<\/p>\n<p><strong>Contact<\/strong> : Le Syndicat des immenses. www.sindicatdesimmenses.be<\/p>\n<p>Abdelkader Alem : 0465 62 87 81, membre du Syndicat des Immenses<\/p>\n<p>FB\u00a0 ; syndicatdesimmenses@gmail.com<\/p>\n","protected":false},"excerpt":{"rendered":"<p>Du 1er au 31 mars 2024, se tient la premi\u00e8re \u00e9dition de \u00ab l\u2019Immense Festival \u00bb (Immense = Individu dans une Merde Mat\u00e9rielle Enorme mais Non Sans Exigence). Le festival, avec plus de 80 \u00e9v\u00e9nements, se d\u00e9roule en r\u00e9gion bruxelloise.&hellip;<\/p>\n","protected":false},"author":807,"featured_media":1830060,"comment_status":"closed","ping_status":"closed","sticky":false,"template":"","format":"standard","meta":{"footnotes":""},"categories":[11386,98,85,1245],"tags":[120661,120664,120663,120662],"class_list":["post-1830059","post","type-post","status-publish","format-standard","has-post-thumbnail","hentry","category-contenu-original","category-droits-de-lhomme","category-europe-fr","category-sante-sujet","tag-immense-festival","tag-necro-politique","tag-sans-chez-soirisme","tag-syndicat-des-immenses"],"yoast_head":"<!-- This site is optimized with the Yoast SEO plugin v27.1.1 - https:\/\/yoast.com\/product\/yoast-seo-wordpress\/ -->\n<title>Bruxelles : l&#039;IMMENSE Festival pour Visibiliser les Invisibles<\/title>\n<meta name=\"description\" content=\"Du 1er au 31 mars 2024, se tient la premi\u00e8re \u00e9dition de \u00ab l\u2019Immense Festival \u00bb (Immense = Individu dans une Merde Mat\u00e9rielle Enorme mais Non Sans\" \/>\n<meta name=\"robots\" content=\"index, follow, max-snippet:-1, max-image-preview:large, max-video-preview:-1\" \/>\n<link rel=\"canonical\" href=\"https:\/\/www.pressenza.com\/fr\/2024\/03\/bruxelles-limmense-festival-pour-visibiliser-les-invisibles\/\" \/>\n<meta property=\"og:locale\" content=\"fr_FR\" \/>\n<meta property=\"og:type\" content=\"article\" \/>\n<meta property=\"og:title\" content=\"Bruxelles : l&#039;IMMENSE Festival pour Visibiliser les Invisibles\" \/>\n<meta property=\"og:description\" content=\"Du 1er au 31 mars 2024, se tient la premi\u00e8re \u00e9dition de \u00ab l\u2019Immense Festival \u00bb (Immense = Individu dans une Merde Mat\u00e9rielle Enorme mais Non Sans\" \/>\n<meta property=\"og:url\" content=\"https:\/\/www.pressenza.com\/fr\/2024\/03\/bruxelles-limmense-festival-pour-visibiliser-les-invisibles\/\" \/>\n<meta property=\"og:site_name\" content=\"Pressenza\" \/>\n<meta property=\"article:publisher\" content=\"https:\/\/www.facebook.com\/PressenzaItalia\" \/>\n<meta property=\"article:published_time\" content=\"2024-03-09T22:00:59+00:00\" \/>\n<meta property=\"og:image\" content=\"https:\/\/www.pressenza.com\/wp-content\/uploads\/2024\/03\/Immense-Festival.jpg\" \/>\n\t<meta property=\"og:image:width\" content=\"650\" \/>\n\t<meta property=\"og:image:height\" content=\"689\" \/>\n\t<meta property=\"og:image:type\" content=\"image\/jpeg\" \/>\n<meta name=\"author\" content=\"R\u00e9daction Belgique\" \/>\n<meta name=\"twitter:card\" content=\"summary_large_image\" \/>\n<meta name=\"twitter:creator\" content=\"@PressenzaIPA\" \/>\n<meta name=\"twitter:site\" content=\"@PressenzaIPA\" \/>\n<meta name=\"twitter:label1\" content=\"\u00c9crit par\" \/>\n\t<meta name=\"twitter:data1\" content=\"R\u00e9daction Belgique\" \/>\n\t<meta name=\"twitter:label2\" content=\"Dur\u00e9e de lecture estim\u00e9e\" \/>\n\t<meta name=\"twitter:data2\" content=\"6 minutes\" \/>\n<script type=\"application\/ld+json\" class=\"yoast-schema-graph\">{\"@context\":\"https:\/\/schema.org\",\"@graph\":[{\"@type\":\"Article\",\"@id\":\"https:\/\/www.pressenza.com\/fr\/2024\/03\/bruxelles-limmense-festival-pour-visibiliser-les-invisibles\/#article\",\"isPartOf\":{\"@id\":\"https:\/\/www.pressenza.com\/fr\/2024\/03\/bruxelles-limmense-festival-pour-visibiliser-les-invisibles\/\"},\"author\":{\"name\":\"R\u00e9daction Belgique\",\"@id\":\"https:\/\/www.pressenza.com\/fr\/#\/schema\/person\/86412bf1f68934d02d03035e031f781f\"},\"headline\":\"Bruxelles : l&rsquo;IMMENSE Festival pour Visibiliser les Invisibles\",\"datePublished\":\"2024-03-09T22:00:59+00:00\",\"mainEntityOfPage\":{\"@id\":\"https:\/\/www.pressenza.com\/fr\/2024\/03\/bruxelles-limmense-festival-pour-visibiliser-les-invisibles\/\"},\"wordCount\":1081,\"publisher\":{\"@id\":\"https:\/\/www.pressenza.com\/fr\/#organization\"},\"image\":{\"@id\":\"https:\/\/www.pressenza.com\/fr\/2024\/03\/bruxelles-limmense-festival-pour-visibiliser-les-invisibles\/#primaryimage\"},\"thumbnailUrl\":\"https:\/\/www.pressenza.com\/wp-content\/uploads\/2024\/03\/Immense-Festival.jpg\",\"keywords\":[\"Immense Festival\",\"n\u00e9cro-politique\",\"sans-chez-soirisme\",\"syndicat des Immenses\"],\"articleSection\":[\"Contenu Original\",\"Droits humains\",\"Europe\",\"Sant\u00e9\"],\"inLanguage\":\"fr-FR\"},{\"@type\":\"WebPage\",\"@id\":\"https:\/\/www.pressenza.com\/fr\/2024\/03\/bruxelles-limmense-festival-pour-visibiliser-les-invisibles\/\",\"url\":\"https:\/\/www.pressenza.com\/fr\/2024\/03\/bruxelles-limmense-festival-pour-visibiliser-les-invisibles\/\",\"name\":\"Bruxelles : l'IMMENSE Festival pour Visibiliser les Invisibles\",\"isPartOf\":{\"@id\":\"https:\/\/www.pressenza.com\/fr\/#website\"},\"primaryImageOfPage\":{\"@id\":\"https:\/\/www.pressenza.com\/fr\/2024\/03\/bruxelles-limmense-festival-pour-visibiliser-les-invisibles\/#primaryimage\"},\"image\":{\"@id\":\"https:\/\/www.pressenza.com\/fr\/2024\/03\/bruxelles-limmense-festival-pour-visibiliser-les-invisibles\/#primaryimage\"},\"thumbnailUrl\":\"https:\/\/www.pressenza.com\/wp-content\/uploads\/2024\/03\/Immense-Festival.jpg\",\"datePublished\":\"2024-03-09T22:00:59+00:00\",\"description\":\"Du 1er au 31 mars 2024, se tient la premi\u00e8re \u00e9dition de \u00ab l\u2019Immense Festival \u00bb (Immense = Individu dans une Merde Mat\u00e9rielle Enorme mais Non Sans\",\"breadcrumb\":{\"@id\":\"https:\/\/www.pressenza.com\/fr\/2024\/03\/bruxelles-limmense-festival-pour-visibiliser-les-invisibles\/#breadcrumb\"},\"inLanguage\":\"fr-FR\",\"potentialAction\":[{\"@type\":\"ReadAction\",\"target\":[\"https:\/\/www.pressenza.com\/fr\/2024\/03\/bruxelles-limmense-festival-pour-visibiliser-les-invisibles\/\"]}]},{\"@type\":\"ImageObject\",\"inLanguage\":\"fr-FR\",\"@id\":\"https:\/\/www.pressenza.com\/fr\/2024\/03\/bruxelles-limmense-festival-pour-visibiliser-les-invisibles\/#primaryimage\",\"url\":\"https:\/\/www.pressenza.com\/wp-content\/uploads\/2024\/03\/Immense-Festival.jpg\",\"contentUrl\":\"https:\/\/www.pressenza.com\/wp-content\/uploads\/2024\/03\/Immense-Festival.jpg\",\"width\":650,\"height\":689},{\"@type\":\"BreadcrumbList\",\"@id\":\"https:\/\/www.pressenza.com\/fr\/2024\/03\/bruxelles-limmense-festival-pour-visibiliser-les-invisibles\/#breadcrumb\",\"itemListElement\":[{\"@type\":\"ListItem\",\"position\":1,\"name\":\"Accueil\",\"item\":\"https:\/\/www.pressenza.com\/fr\/\"},{\"@type\":\"ListItem\",\"position\":2,\"name\":\"Bruxelles : l&rsquo;IMMENSE Festival pour Visibiliser les Invisibles\"}]},{\"@type\":\"WebSite\",\"@id\":\"https:\/\/www.pressenza.com\/fr\/#website\",\"url\":\"https:\/\/www.pressenza.com\/fr\/\",\"name\":\"Pressenza\",\"description\":\"International Press Agency\",\"publisher\":{\"@id\":\"https:\/\/www.pressenza.com\/fr\/#organization\"},\"potentialAction\":[{\"@type\":\"SearchAction\",\"target\":{\"@type\":\"EntryPoint\",\"urlTemplate\":\"https:\/\/www.pressenza.com\/fr\/?s={search_term_string}\"},\"query-input\":{\"@type\":\"PropertyValueSpecification\",\"valueRequired\":true,\"valueName\":\"search_term_string\"}}],\"inLanguage\":\"fr-FR\"},{\"@type\":\"Organization\",\"@id\":\"https:\/\/www.pressenza.com\/fr\/#organization\",\"name\":\"Pressenza\",\"url\":\"https:\/\/www.pressenza.com\/fr\/\",\"logo\":{\"@type\":\"ImageObject\",\"inLanguage\":\"fr-FR\",\"@id\":\"https:\/\/www.pressenza.com\/fr\/#\/schema\/logo\/image\/\",\"url\":\"https:\/\/www.pressenza.com\/wp-content\/uploads\/2022\/10\/pressenza_logo_200x200.jpg\",\"contentUrl\":\"https:\/\/www.pressenza.com\/wp-content\/uploads\/2022\/10\/pressenza_logo_200x200.jpg\",\"width\":200,\"height\":200,\"caption\":\"Pressenza\"},\"image\":{\"@id\":\"https:\/\/www.pressenza.com\/fr\/#\/schema\/logo\/image\/\"},\"sameAs\":[\"https:\/\/www.facebook.com\/PressenzaItalia\",\"https:\/\/x.com\/PressenzaIPA\"]},{\"@type\":\"Person\",\"@id\":\"https:\/\/www.pressenza.com\/fr\/#\/schema\/person\/86412bf1f68934d02d03035e031f781f\",\"name\":\"R\u00e9daction Belgique\",\"description\":\"News published by the Pressenza bureau in Belgium\",\"url\":\"https:\/\/www.pressenza.com\/fr\/author\/redaction-belgique\/\"}]}<\/script>\n<!-- \/ Yoast SEO plugin. -->","yoast_head_json":{"title":"Bruxelles : l'IMMENSE Festival pour Visibiliser les Invisibles","description":"Du 1er au 31 mars 2024, se tient la premi\u00e8re \u00e9dition de \u00ab l\u2019Immense Festival \u00bb (Immense = Individu dans une Merde Mat\u00e9rielle Enorme mais Non Sans","robots":{"index":"index","follow":"follow","max-snippet":"max-snippet:-1","max-image-preview":"max-image-preview:large","max-video-preview":"max-video-preview:-1"},"canonical":"https:\/\/www.pressenza.com\/fr\/2024\/03\/bruxelles-limmense-festival-pour-visibiliser-les-invisibles\/","og_locale":"fr_FR","og_type":"article","og_title":"Bruxelles : l'IMMENSE Festival pour Visibiliser les Invisibles","og_description":"Du 1er au 31 mars 2024, se tient la premi\u00e8re \u00e9dition de \u00ab l\u2019Immense Festival \u00bb (Immense = Individu dans une Merde Mat\u00e9rielle Enorme mais Non Sans","og_url":"https:\/\/www.pressenza.com\/fr\/2024\/03\/bruxelles-limmense-festival-pour-visibiliser-les-invisibles\/","og_site_name":"Pressenza","article_publisher":"https:\/\/www.facebook.com\/PressenzaItalia","article_published_time":"2024-03-09T22:00:59+00:00","og_image":[{"width":650,"height":689,"url":"https:\/\/www.pressenza.com\/wp-content\/uploads\/2024\/03\/Immense-Festival.jpg","type":"image\/jpeg"}],"author":"R\u00e9daction Belgique","twitter_card":"summary_large_image","twitter_creator":"@PressenzaIPA","twitter_site":"@PressenzaIPA","twitter_misc":{"\u00c9crit par":"R\u00e9daction Belgique","Dur\u00e9e de lecture estim\u00e9e":"6 minutes"},"schema":{"@context":"https:\/\/schema.org","@graph":[{"@type":"Article","@id":"https:\/\/www.pressenza.com\/fr\/2024\/03\/bruxelles-limmense-festival-pour-visibiliser-les-invisibles\/#article","isPartOf":{"@id":"https:\/\/www.pressenza.com\/fr\/2024\/03\/bruxelles-limmense-festival-pour-visibiliser-les-invisibles\/"},"author":{"name":"R\u00e9daction Belgique","@id":"https:\/\/www.pressenza.com\/fr\/#\/schema\/person\/86412bf1f68934d02d03035e031f781f"},"headline":"Bruxelles : l&rsquo;IMMENSE Festival pour Visibiliser les Invisibles","datePublished":"2024-03-09T22:00:59+00:00","mainEntityOfPage":{"@id":"https:\/\/www.pressenza.com\/fr\/2024\/03\/bruxelles-limmense-festival-pour-visibiliser-les-invisibles\/"},"wordCount":1081,"publisher":{"@id":"https:\/\/www.pressenza.com\/fr\/#organization"},"image":{"@id":"https:\/\/www.pressenza.com\/fr\/2024\/03\/bruxelles-limmense-festival-pour-visibiliser-les-invisibles\/#primaryimage"},"thumbnailUrl":"https:\/\/www.pressenza.com\/wp-content\/uploads\/2024\/03\/Immense-Festival.jpg","keywords":["Immense Festival","n\u00e9cro-politique","sans-chez-soirisme","syndicat des Immenses"],"articleSection":["Contenu Original","Droits humains","Europe","Sant\u00e9"],"inLanguage":"fr-FR"},{"@type":"WebPage","@id":"https:\/\/www.pressenza.com\/fr\/2024\/03\/bruxelles-limmense-festival-pour-visibiliser-les-invisibles\/","url":"https:\/\/www.pressenza.com\/fr\/2024\/03\/bruxelles-limmense-festival-pour-visibiliser-les-invisibles\/","name":"Bruxelles : l'IMMENSE Festival pour Visibiliser les Invisibles","isPartOf":{"@id":"https:\/\/www.pressenza.com\/fr\/#website"},"primaryImageOfPage":{"@id":"https:\/\/www.pressenza.com\/fr\/2024\/03\/bruxelles-limmense-festival-pour-visibiliser-les-invisibles\/#primaryimage"},"image":{"@id":"https:\/\/www.pressenza.com\/fr\/2024\/03\/bruxelles-limmense-festival-pour-visibiliser-les-invisibles\/#primaryimage"},"thumbnailUrl":"https:\/\/www.pressenza.com\/wp-content\/uploads\/2024\/03\/Immense-Festival.jpg","datePublished":"2024-03-09T22:00:59+00:00","description":"Du 1er au 31 mars 2024, se tient la premi\u00e8re \u00e9dition de \u00ab l\u2019Immense Festival \u00bb (Immense = Individu dans une Merde Mat\u00e9rielle Enorme mais Non Sans","breadcrumb":{"@id":"https:\/\/www.pressenza.com\/fr\/2024\/03\/bruxelles-limmense-festival-pour-visibiliser-les-invisibles\/#breadcrumb"},"inLanguage":"fr-FR","potentialAction":[{"@type":"ReadAction","target":["https:\/\/www.pressenza.com\/fr\/2024\/03\/bruxelles-limmense-festival-pour-visibiliser-les-invisibles\/"]}]},{"@type":"ImageObject","inLanguage":"fr-FR","@id":"https:\/\/www.pressenza.com\/fr\/2024\/03\/bruxelles-limmense-festival-pour-visibiliser-les-invisibles\/#primaryimage","url":"https:\/\/www.pressenza.com\/wp-content\/uploads\/2024\/03\/Immense-Festival.jpg","contentUrl":"https:\/\/www.pressenza.com\/wp-content\/uploads\/2024\/03\/Immense-Festival.jpg","width":650,"height":689},{"@type":"BreadcrumbList","@id":"https:\/\/www.pressenza.com\/fr\/2024\/03\/bruxelles-limmense-festival-pour-visibiliser-les-invisibles\/#breadcrumb","itemListElement":[{"@type":"ListItem","position":1,"name":"Accueil","item":"https:\/\/www.pressenza.com\/fr\/"},{"@type":"ListItem","position":2,"name":"Bruxelles : l&rsquo;IMMENSE Festival pour Visibiliser les Invisibles"}]},{"@type":"WebSite","@id":"https:\/\/www.pressenza.com\/fr\/#website","url":"https:\/\/www.pressenza.com\/fr\/","name":"Pressenza","description":"International Press Agency","publisher":{"@id":"https:\/\/www.pressenza.com\/fr\/#organization"},"potentialAction":[{"@type":"SearchAction","target":{"@type":"EntryPoint","urlTemplate":"https:\/\/www.pressenza.com\/fr\/?s={search_term_string}"},"query-input":{"@type":"PropertyValueSpecification","valueRequired":true,"valueName":"search_term_string"}}],"inLanguage":"fr-FR"},{"@type":"Organization","@id":"https:\/\/www.pressenza.com\/fr\/#organization","name":"Pressenza","url":"https:\/\/www.pressenza.com\/fr\/","logo":{"@type":"ImageObject","inLanguage":"fr-FR","@id":"https:\/\/www.pressenza.com\/fr\/#\/schema\/logo\/image\/","url":"https:\/\/www.pressenza.com\/wp-content\/uploads\/2022\/10\/pressenza_logo_200x200.jpg","contentUrl":"https:\/\/www.pressenza.com\/wp-content\/uploads\/2022\/10\/pressenza_logo_200x200.jpg","width":200,"height":200,"caption":"Pressenza"},"image":{"@id":"https:\/\/www.pressenza.com\/fr\/#\/schema\/logo\/image\/"},"sameAs":["https:\/\/www.facebook.com\/PressenzaItalia","https:\/\/x.com\/PressenzaIPA"]},{"@type":"Person","@id":"https:\/\/www.pressenza.com\/fr\/#\/schema\/person\/86412bf1f68934d02d03035e031f781f","name":"R\u00e9daction Belgique","description":"News published by the Pressenza bureau in Belgium","url":"https:\/\/www.pressenza.com\/fr\/author\/redaction-belgique\/"}]}},"place":"Bruxelles, Belgique","original_article_url":"","_links":{"self":[{"href":"https:\/\/www.pressenza.com\/fr\/wp-json\/wp\/v2\/posts\/1830059","targetHints":{"allow":["GET"]}}],"collection":[{"href":"https:\/\/www.pressenza.com\/fr\/wp-json\/wp\/v2\/posts"}],"about":[{"href":"https:\/\/www.pressenza.com\/fr\/wp-json\/wp\/v2\/types\/post"}],"author":[{"embeddable":true,"href":"https:\/\/www.pressenza.com\/fr\/wp-json\/wp\/v2\/users\/807"}],"replies":[{"embeddable":true,"href":"https:\/\/www.pressenza.com\/fr\/wp-json\/wp\/v2\/comments?post=1830059"}],"version-history":[{"count":0,"href":"https:\/\/www.pressenza.com\/fr\/wp-json\/wp\/v2\/posts\/1830059\/revisions"}],"wp:featuredmedia":[{"embeddable":true,"href":"https:\/\/www.pressenza.com\/fr\/wp-json\/wp\/v2\/media\/1830060"}],"wp:attachment":[{"href":"https:\/\/www.pressenza.com\/fr\/wp-json\/wp\/v2\/media?parent=1830059"}],"wp:term":[{"taxonomy":"category","embeddable":true,"href":"https:\/\/www.pressenza.com\/fr\/wp-json\/wp\/v2\/categories?post=1830059"},{"taxonomy":"post_tag","embeddable":true,"href":"https:\/\/www.pressenza.com\/fr\/wp-json\/wp\/v2\/tags?post=1830059"}],"curies":[{"name":"wp","href":"https:\/\/api.w.org\/{rel}","templated":true}]}}