{"id":1827246,"date":"2024-02-23T02:09:56","date_gmt":"2024-02-23T02:09:56","guid":{"rendered":"https:\/\/www.pressenza.com\/?p=1827246"},"modified":"2024-02-23T02:09:56","modified_gmt":"2024-02-23T02:09:56","slug":"des-sympathisants-se-rassemblent-devant-le-consulat-du-royaume-uni-a-new-york-pendant-le-debut-de-laudience-de-julian-assange","status":"publish","type":"post","link":"https:\/\/www.pressenza.com\/fr\/2024\/02\/des-sympathisants-se-rassemblent-devant-le-consulat-du-royaume-uni-a-new-york-pendant-le-debut-de-laudience-de-julian-assange\/","title":{"rendered":"Des sympathisants se rassemblent devant le consulat du Royaume-Uni \u00e0 New York pendant le d\u00e9but de l&rsquo;audience de Julian Assange"},"content":{"rendered":"<p>Ce mardi 20 f\u00e9vrier, par des temp\u00e9ratures glaciales, des partisans passionn\u00e9s du journaliste Julian Assange se sont rassembl\u00e9s devant le consulat du Royaume-Uni \u00e0 New York. Organis\u00e9 par divers groupes, dont<em> NYC Free Assange, Assange Defense et CODEPINK, <\/em>le rassemblement visait \u00e0 attirer l&rsquo;attention sur la bataille juridique aux enjeux \u00e9lev\u00e9s de Julian Assange qui se d\u00e9roule de l&rsquo;autre c\u00f4t\u00e9 de l&rsquo;Atlantique.<\/p>\n<p>Photos &#8211; David Andersson<br \/>\n<img loading=\"lazy\" decoding=\"async\" class=\"aligncenter size-large wp-image-1826693\" src=\"https:\/\/www.pressenza.com\/wp-content\/uploads\/2024\/02\/20240220_124613-820x411.jpg\" alt=\"\" width=\"820\" height=\"411\" srcset=\"https:\/\/www.pressenza.com\/wp-content\/uploads\/2024\/02\/20240220_124613-820x411.jpg 820w, https:\/\/www.pressenza.com\/wp-content\/uploads\/2024\/02\/20240220_124613-300x150.jpg 300w, https:\/\/www.pressenza.com\/wp-content\/uploads\/2024\/02\/20240220_124613.jpg 1920w\" sizes=\"auto, (max-width: 820px) 100vw, 820px\" \/><\/p>\n<p>Le rassemblement, pr\u00e9vu pour midi au consulat du Royaume-Uni situ\u00e9 au 885 de la deuxi\u00e8me avenue, \u00e0 l\u2019intersection avec la 47e rue, a vu une foule vari\u00e9e braver le froid pour montrer sa solidarit\u00e9 avec M. Assange. Des banderoles ont \u00e9t\u00e9 brandies, des chants ont retenti et des discours passionn\u00e9s ont r\u00e9sonn\u00e9 dans les rues de Manhattan, les manifestants r\u00e9clamant justice pour le fondateur de WikiLeaks.<\/p>\n<p><img loading=\"lazy\" decoding=\"async\" class=\"aligncenter size-large wp-image-1826694\" src=\"https:\/\/www.pressenza.com\/wp-content\/uploads\/2024\/02\/20240220_123927-820x525.jpg\" alt=\"\" width=\"820\" height=\"525\" srcset=\"https:\/\/www.pressenza.com\/wp-content\/uploads\/2024\/02\/20240220_123927-820x525.jpg 820w, https:\/\/www.pressenza.com\/wp-content\/uploads\/2024\/02\/20240220_123927-300x192.jpg 300w, https:\/\/www.pressenza.com\/wp-content\/uploads\/2024\/02\/20240220_123927.jpg 1920w\" sizes=\"auto, (max-width: 820px) 100vw, 820px\" \/><\/p>\n<p>Le rassemblement a co\u00efncid\u00e9 avec le d\u00e9but de l&rsquo;audience de deux jours de M. Assange devant la Haute Cour de justice britannique \u00e0 Londres. Cette audience repr\u00e9sente un moment d\u00e9cisif dans la lutte de M. Assange contre l&rsquo;extradition vers les \u00c9tats-Unis, o\u00f9 il fait face \u00e0 de graves accusations pouvant entra\u00eener une peine de 175 ans de prison.<\/p>\n<p style=\"text-align: center;\"><img loading=\"lazy\" decoding=\"async\" class=\"aligncenter size-large wp-image-1826699\" src=\"https:\/\/www.pressenza.com\/wp-content\/uploads\/2024\/02\/20240220_123125-820x615.jpg\" alt=\"\" width=\"820\" height=\"615\" srcset=\"https:\/\/www.pressenza.com\/wp-content\/uploads\/2024\/02\/20240220_123125-820x615.jpg 820w, https:\/\/www.pressenza.com\/wp-content\/uploads\/2024\/02\/20240220_123125-300x225.jpg 300w, https:\/\/www.pressenza.com\/wp-content\/uploads\/2024\/02\/20240220_123125.jpg 1920w\" sizes=\"auto, (max-width: 820px) 100vw, 820px\" \/>Susan Sarandon<\/p>\n<p style=\"text-align: left;\"><img loading=\"lazy\" decoding=\"async\" class=\"aligncenter size-large wp-image-1826694\" src=\"https:\/\/www.pressenza.com\/wp-content\/uploads\/2024\/02\/20240220_123927-820x525.jpg\" alt=\"\" width=\"820\" height=\"525\" srcset=\"https:\/\/www.pressenza.com\/wp-content\/uploads\/2024\/02\/20240220_123927-820x525.jpg 820w, https:\/\/www.pressenza.com\/wp-content\/uploads\/2024\/02\/20240220_123927-300x192.jpg 300w, https:\/\/www.pressenza.com\/wp-content\/uploads\/2024\/02\/20240220_123927.jpg 1920w\" sizes=\"auto, (max-width: 820px) 100vw, 820px\" \/><\/p>\n<p>Alors que la foule se rassemblait, les orateurs ont soulign\u00e9 l&rsquo;importance cruciale de ce moment, en insistant sur les contributions de M. Assange au journalisme et sur les implications plus importantes de son cas pour la libert\u00e9 de la presse et la responsabilit\u00e9 des gouvernements dans le monde entier.<img loading=\"lazy\" decoding=\"async\" class=\"aligncenter wp-image-1826695 size-large\" src=\"https:\/\/www.pressenza.com\/wp-content\/uploads\/2024\/02\/20240220_124053-698x1024.jpg\" alt=\"\" width=\"698\" height=\"1024\" srcset=\"https:\/\/www.pressenza.com\/wp-content\/uploads\/2024\/02\/20240220_124053-698x1024.jpg 698w, https:\/\/www.pressenza.com\/wp-content\/uploads\/2024\/02\/20240220_124053-204x300.jpg 204w, https:\/\/www.pressenza.com\/wp-content\/uploads\/2024\/02\/20240220_124053.jpg 1308w\" sizes=\"auto, (max-width: 698px) 100vw, 698px\" \/>Randy Credico<\/p>\n<blockquote><p>\u00ab\u00a0L&rsquo;issue de cette audience d\u00e9terminera si Julian Assange sera r\u00e9duit au silence et pers\u00e9cut\u00e9 pour avoir d\u00e9nonc\u00e9 des crimes de guerre et des fautes commises par le gouvernement\u00a0\u00bb, a fait remarquer l&rsquo;un des organisateurs.<\/p><\/blockquote>\n<p><img loading=\"lazy\" decoding=\"async\" class=\"aligncenter size-large wp-image-1826698\" src=\"https:\/\/www.pressenza.com\/wp-content\/uploads\/2024\/02\/20240220_122928-820x252.jpg\" alt=\"\" width=\"820\" height=\"252\" srcset=\"https:\/\/www.pressenza.com\/wp-content\/uploads\/2024\/02\/20240220_122928-820x252.jpg 820w, https:\/\/www.pressenza.com\/wp-content\/uploads\/2024\/02\/20240220_122928-300x92.jpg 300w, https:\/\/www.pressenza.com\/wp-content\/uploads\/2024\/02\/20240220_122928.jpg 1920w\" sizes=\"auto, (max-width: 820px) 100vw, 820px\" \/><\/p>\n<p>Avec des pancartes portant des messages de soutien et des appels \u00e0 la justice, le rassemblement a rappel\u00e9 que le mouvement mondial se ralliait \u00e0 Julian Assange. De New York \u00e0 Londres et au-del\u00e0, des voix s&rsquo;unissent pour s&rsquo;opposer \u00e0 ce que beaucoup per\u00e7oivent comme une attaque contre les libert\u00e9s fondamentales et le droit du public \u00e0 savoir.<\/p>\n<p><strong>Cr\u00e9dits Video, FREEDOMNEWS TV<\/strong><\/p>\n<p><iframe loading=\"lazy\" title=\"&quot;Free Free Julian Assange&quot; Rally Ahead of UK Court Decision on Extradition to US - NYC\" width=\"500\" height=\"281\" src=\"https:\/\/www.youtube.com\/embed\/7kC7DmR1DJE?feature=oembed\" frameborder=\"0\" allow=\"accelerometer; autoplay; clipboard-write; encrypted-media; gyroscope; picture-in-picture; web-share\" referrerpolicy=\"strict-origin-when-cross-origin\" allowfullscreen><\/iframe><\/p>\n<p><strong>Cr\u00e9dits Video, New York Street<\/strong><\/p>\n<p><iframe loading=\"lazy\" title=\"Actress Susan Sarandon Joins Pro Julian Assange Protest Outside UK Consulate NYC 20\/02\/2024\" width=\"500\" height=\"281\" src=\"https:\/\/www.youtube.com\/embed\/puMoS6cA1T4?feature=oembed\" frameborder=\"0\" allow=\"accelerometer; autoplay; clipboard-write; encrypted-media; gyroscope; picture-in-picture; web-share\" referrerpolicy=\"strict-origin-when-cross-origin\" allowfullscreen><\/iframe><\/p>\n<p>&nbsp;<\/p>\n<p><em>Traduit de l&rsquo;anglais par Evelyn Tischer<\/em><\/p>\n","protected":false},"excerpt":{"rendered":"<p>Ce mardi 20 f\u00e9vrier, par des temp\u00e9ratures glaciales, des partisans passionn\u00e9s du journaliste Julian Assange se sont rassembl\u00e9s devant le consulat du Royaume-Uni \u00e0 New York. Organis\u00e9 par divers groupes, dont NYC Free Assange, Assange Defense et CODEPINK, le rassemblement&hellip;<\/p>\n","protected":false},"author":1126,"featured_media":1827253,"comment_status":"closed","ping_status":"closed","sticky":false,"template":"","format":"standard","meta":{"footnotes":""},"categories":[87,11386,98,95,5700],"tags":[62786,71496,3524,6934],"class_list":["post-1827246","post","type-post","status-publish","format-standard","has-post-thumbnail","hentry","category-amerique-du-nord","category-contenu-original","category-droits-de-lhomme","category-affaires-etrangeres","category-reportages-photo","tag-freeassange-fr","tag-freejulianassange","tag-julian-assange-fr","tag-new-york-fr"],"yoast_head":"<!-- This site is optimized with the Yoast SEO plugin v27.1.1 - https:\/\/yoast.com\/product\/yoast-seo-wordpress\/ -->\n<title>Des sympathisants se rassemblent devant le consulat du Royaume-Uni \u00e0 New York pendant le d\u00e9but de l&#039;audience de Julian Assange<\/title>\n<meta name=\"description\" content=\"Ce mardi 20 f\u00e9vrier, par des temp\u00e9ratures glaciales, des partisans passionn\u00e9s du journaliste Julian Assange se sont rassembl\u00e9s devant le consulat du\" \/>\n<meta name=\"robots\" content=\"index, follow, max-snippet:-1, max-image-preview:large, max-video-preview:-1\" \/>\n<link rel=\"canonical\" href=\"https:\/\/www.pressenza.com\/fr\/2024\/02\/des-sympathisants-se-rassemblent-devant-le-consulat-du-royaume-uni-a-new-york-pendant-le-debut-de-laudience-de-julian-assange\/\" \/>\n<meta property=\"og:locale\" content=\"fr_FR\" \/>\n<meta property=\"og:type\" content=\"article\" \/>\n<meta property=\"og:title\" content=\"Des sympathisants se rassemblent devant le consulat du Royaume-Uni \u00e0 New York pendant le d\u00e9but de l&#039;audience de Julian Assange\" \/>\n<meta property=\"og:description\" content=\"Ce mardi 20 f\u00e9vrier, par des temp\u00e9ratures glaciales, des partisans passionn\u00e9s du journaliste Julian Assange se sont rassembl\u00e9s devant le consulat du\" \/>\n<meta property=\"og:url\" content=\"https:\/\/www.pressenza.com\/fr\/2024\/02\/des-sympathisants-se-rassemblent-devant-le-consulat-du-royaume-uni-a-new-york-pendant-le-debut-de-laudience-de-julian-assange\/\" \/>\n<meta property=\"og:site_name\" content=\"Pressenza\" \/>\n<meta property=\"article:publisher\" content=\"https:\/\/www.facebook.com\/PressenzaItalia\" \/>\n<meta property=\"article:author\" content=\"https:\/\/www.facebook.com\/PressenzaEnglish\/\" \/>\n<meta property=\"article:published_time\" content=\"2024-02-23T02:09:56+00:00\" \/>\n<meta property=\"og:image\" content=\"https:\/\/www.pressenza.com\/wp-content\/uploads\/2024\/02\/20240220_124217.jpg\" \/>\n\t<meta property=\"og:image:width\" content=\"1920\" \/>\n\t<meta property=\"og:image:height\" content=\"1017\" \/>\n\t<meta property=\"og:image:type\" content=\"image\/jpeg\" \/>\n<meta name=\"author\" content=\"Pressenza New York\" \/>\n<meta name=\"twitter:card\" content=\"summary_large_image\" \/>\n<meta name=\"twitter:creator\" content=\"@PressenzaIPA\" \/>\n<meta name=\"twitter:site\" content=\"@PressenzaIPA\" \/>\n<meta name=\"twitter:label1\" content=\"\u00c9crit par\" \/>\n\t<meta name=\"twitter:data1\" content=\"Pressenza New York\" \/>\n\t<meta name=\"twitter:label2\" content=\"Dur\u00e9e de lecture estim\u00e9e\" \/>\n\t<meta name=\"twitter:data2\" content=\"3 minutes\" \/>\n<script type=\"application\/ld+json\" class=\"yoast-schema-graph\">{\"@context\":\"https:\/\/schema.org\",\"@graph\":[{\"@type\":\"Article\",\"@id\":\"https:\/\/www.pressenza.com\/fr\/2024\/02\/des-sympathisants-se-rassemblent-devant-le-consulat-du-royaume-uni-a-new-york-pendant-le-debut-de-laudience-de-julian-assange\/#article\",\"isPartOf\":{\"@id\":\"https:\/\/www.pressenza.com\/fr\/2024\/02\/des-sympathisants-se-rassemblent-devant-le-consulat-du-royaume-uni-a-new-york-pendant-le-debut-de-laudience-de-julian-assange\/\"},\"author\":{\"name\":\"Pressenza New York\",\"@id\":\"https:\/\/www.pressenza.com\/fr\/#\/schema\/person\/75ff8ec4b4b03f1d2da977bba83672b3\"},\"headline\":\"Des sympathisants se rassemblent devant le consulat du Royaume-Uni \u00e0 New York pendant le d\u00e9but de l&rsquo;audience de Julian Assange\",\"datePublished\":\"2024-02-23T02:09:56+00:00\",\"mainEntityOfPage\":{\"@id\":\"https:\/\/www.pressenza.com\/fr\/2024\/02\/des-sympathisants-se-rassemblent-devant-le-consulat-du-royaume-uni-a-new-york-pendant-le-debut-de-laudience-de-julian-assange\/\"},\"wordCount\":415,\"publisher\":{\"@id\":\"https:\/\/www.pressenza.com\/fr\/#organization\"},\"image\":{\"@id\":\"https:\/\/www.pressenza.com\/fr\/2024\/02\/des-sympathisants-se-rassemblent-devant-le-consulat-du-royaume-uni-a-new-york-pendant-le-debut-de-laudience-de-julian-assange\/#primaryimage\"},\"thumbnailUrl\":\"https:\/\/www.pressenza.com\/wp-content\/uploads\/2024\/02\/20240220_124217.jpg\",\"keywords\":[\"#FreeAssange\",\"FreeJulianAssange\",\"Julian Assange\",\"New York\"],\"articleSection\":[\"Am\u00e9rique du Nord\",\"Contenu Original\",\"Droits humains\",\"Relations internationales\",\"Reportages photo\"],\"inLanguage\":\"fr-FR\"},{\"@type\":\"WebPage\",\"@id\":\"https:\/\/www.pressenza.com\/fr\/2024\/02\/des-sympathisants-se-rassemblent-devant-le-consulat-du-royaume-uni-a-new-york-pendant-le-debut-de-laudience-de-julian-assange\/\",\"url\":\"https:\/\/www.pressenza.com\/fr\/2024\/02\/des-sympathisants-se-rassemblent-devant-le-consulat-du-royaume-uni-a-new-york-pendant-le-debut-de-laudience-de-julian-assange\/\",\"name\":\"Des sympathisants se rassemblent devant le consulat du Royaume-Uni \u00e0 New York pendant le d\u00e9but de l'audience de Julian Assange\",\"isPartOf\":{\"@id\":\"https:\/\/www.pressenza.com\/fr\/#website\"},\"primaryImageOfPage\":{\"@id\":\"https:\/\/www.pressenza.com\/fr\/2024\/02\/des-sympathisants-se-rassemblent-devant-le-consulat-du-royaume-uni-a-new-york-pendant-le-debut-de-laudience-de-julian-assange\/#primaryimage\"},\"image\":{\"@id\":\"https:\/\/www.pressenza.com\/fr\/2024\/02\/des-sympathisants-se-rassemblent-devant-le-consulat-du-royaume-uni-a-new-york-pendant-le-debut-de-laudience-de-julian-assange\/#primaryimage\"},\"thumbnailUrl\":\"https:\/\/www.pressenza.com\/wp-content\/uploads\/2024\/02\/20240220_124217.jpg\",\"datePublished\":\"2024-02-23T02:09:56+00:00\",\"description\":\"Ce mardi 20 f\u00e9vrier, par des temp\u00e9ratures glaciales, des partisans passionn\u00e9s du journaliste Julian Assange se sont rassembl\u00e9s devant le consulat du\",\"breadcrumb\":{\"@id\":\"https:\/\/www.pressenza.com\/fr\/2024\/02\/des-sympathisants-se-rassemblent-devant-le-consulat-du-royaume-uni-a-new-york-pendant-le-debut-de-laudience-de-julian-assange\/#breadcrumb\"},\"inLanguage\":\"fr-FR\",\"potentialAction\":[{\"@type\":\"ReadAction\",\"target\":[\"https:\/\/www.pressenza.com\/fr\/2024\/02\/des-sympathisants-se-rassemblent-devant-le-consulat-du-royaume-uni-a-new-york-pendant-le-debut-de-laudience-de-julian-assange\/\"]}]},{\"@type\":\"ImageObject\",\"inLanguage\":\"fr-FR\",\"@id\":\"https:\/\/www.pressenza.com\/fr\/2024\/02\/des-sympathisants-se-rassemblent-devant-le-consulat-du-royaume-uni-a-new-york-pendant-le-debut-de-laudience-de-julian-assange\/#primaryimage\",\"url\":\"https:\/\/www.pressenza.com\/wp-content\/uploads\/2024\/02\/20240220_124217.jpg\",\"contentUrl\":\"https:\/\/www.pressenza.com\/wp-content\/uploads\/2024\/02\/20240220_124217.jpg\",\"width\":1920,\"height\":1017},{\"@type\":\"BreadcrumbList\",\"@id\":\"https:\/\/www.pressenza.com\/fr\/2024\/02\/des-sympathisants-se-rassemblent-devant-le-consulat-du-royaume-uni-a-new-york-pendant-le-debut-de-laudience-de-julian-assange\/#breadcrumb\",\"itemListElement\":[{\"@type\":\"ListItem\",\"position\":1,\"name\":\"Accueil\",\"item\":\"https:\/\/www.pressenza.com\/fr\/\"},{\"@type\":\"ListItem\",\"position\":2,\"name\":\"Des sympathisants se rassemblent devant le consulat du Royaume-Uni \u00e0 New York pendant le d\u00e9but de l&rsquo;audience de Julian Assange\"}]},{\"@type\":\"WebSite\",\"@id\":\"https:\/\/www.pressenza.com\/fr\/#website\",\"url\":\"https:\/\/www.pressenza.com\/fr\/\",\"name\":\"Pressenza\",\"description\":\"International Press Agency\",\"publisher\":{\"@id\":\"https:\/\/www.pressenza.com\/fr\/#organization\"},\"potentialAction\":[{\"@type\":\"SearchAction\",\"target\":{\"@type\":\"EntryPoint\",\"urlTemplate\":\"https:\/\/www.pressenza.com\/fr\/?s={search_term_string}\"},\"query-input\":{\"@type\":\"PropertyValueSpecification\",\"valueRequired\":true,\"valueName\":\"search_term_string\"}}],\"inLanguage\":\"fr-FR\"},{\"@type\":\"Organization\",\"@id\":\"https:\/\/www.pressenza.com\/fr\/#organization\",\"name\":\"Pressenza\",\"url\":\"https:\/\/www.pressenza.com\/fr\/\",\"logo\":{\"@type\":\"ImageObject\",\"inLanguage\":\"fr-FR\",\"@id\":\"https:\/\/www.pressenza.com\/fr\/#\/schema\/logo\/image\/\",\"url\":\"https:\/\/www.pressenza.com\/wp-content\/uploads\/2022\/10\/pressenza_logo_200x200.jpg\",\"contentUrl\":\"https:\/\/www.pressenza.com\/wp-content\/uploads\/2022\/10\/pressenza_logo_200x200.jpg\",\"width\":200,\"height\":200,\"caption\":\"Pressenza\"},\"image\":{\"@id\":\"https:\/\/www.pressenza.com\/fr\/#\/schema\/logo\/image\/\"},\"sameAs\":[\"https:\/\/www.facebook.com\/PressenzaItalia\",\"https:\/\/x.com\/PressenzaIPA\"]},{\"@type\":\"Person\",\"@id\":\"https:\/\/www.pressenza.com\/fr\/#\/schema\/person\/75ff8ec4b4b03f1d2da977bba83672b3\",\"name\":\"Pressenza New York\",\"description\":\"News from the Pressenza Bureau in New York, United States\",\"sameAs\":[\"https:\/\/www.facebook.com\/PressenzaEnglish\/\",\"https:\/\/x.com\/PressenzaIPA\"],\"url\":\"https:\/\/www.pressenza.com\/fr\/author\/pressenza-new-york\/\"}]}<\/script>\n<!-- \/ Yoast SEO plugin. -->","yoast_head_json":{"title":"Des sympathisants se rassemblent devant le consulat du Royaume-Uni \u00e0 New York pendant le d\u00e9but de l'audience de Julian Assange","description":"Ce mardi 20 f\u00e9vrier, par des temp\u00e9ratures glaciales, des partisans passionn\u00e9s du journaliste Julian Assange se sont rassembl\u00e9s devant le consulat du","robots":{"index":"index","follow":"follow","max-snippet":"max-snippet:-1","max-image-preview":"max-image-preview:large","max-video-preview":"max-video-preview:-1"},"canonical":"https:\/\/www.pressenza.com\/fr\/2024\/02\/des-sympathisants-se-rassemblent-devant-le-consulat-du-royaume-uni-a-new-york-pendant-le-debut-de-laudience-de-julian-assange\/","og_locale":"fr_FR","og_type":"article","og_title":"Des sympathisants se rassemblent devant le consulat du Royaume-Uni \u00e0 New York pendant le d\u00e9but de l'audience de Julian Assange","og_description":"Ce mardi 20 f\u00e9vrier, par des temp\u00e9ratures glaciales, des partisans passionn\u00e9s du journaliste Julian Assange se sont rassembl\u00e9s devant le consulat du","og_url":"https:\/\/www.pressenza.com\/fr\/2024\/02\/des-sympathisants-se-rassemblent-devant-le-consulat-du-royaume-uni-a-new-york-pendant-le-debut-de-laudience-de-julian-assange\/","og_site_name":"Pressenza","article_publisher":"https:\/\/www.facebook.com\/PressenzaItalia","article_author":"https:\/\/www.facebook.com\/PressenzaEnglish\/","article_published_time":"2024-02-23T02:09:56+00:00","og_image":[{"width":1920,"height":1017,"url":"https:\/\/www.pressenza.com\/wp-content\/uploads\/2024\/02\/20240220_124217.jpg","type":"image\/jpeg"}],"author":"Pressenza New York","twitter_card":"summary_large_image","twitter_creator":"@PressenzaIPA","twitter_site":"@PressenzaIPA","twitter_misc":{"\u00c9crit par":"Pressenza New York","Dur\u00e9e de lecture estim\u00e9e":"3 minutes"},"schema":{"@context":"https:\/\/schema.org","@graph":[{"@type":"Article","@id":"https:\/\/www.pressenza.com\/fr\/2024\/02\/des-sympathisants-se-rassemblent-devant-le-consulat-du-royaume-uni-a-new-york-pendant-le-debut-de-laudience-de-julian-assange\/#article","isPartOf":{"@id":"https:\/\/www.pressenza.com\/fr\/2024\/02\/des-sympathisants-se-rassemblent-devant-le-consulat-du-royaume-uni-a-new-york-pendant-le-debut-de-laudience-de-julian-assange\/"},"author":{"name":"Pressenza New York","@id":"https:\/\/www.pressenza.com\/fr\/#\/schema\/person\/75ff8ec4b4b03f1d2da977bba83672b3"},"headline":"Des sympathisants se rassemblent devant le consulat du Royaume-Uni \u00e0 New York pendant le d\u00e9but de l&rsquo;audience de Julian Assange","datePublished":"2024-02-23T02:09:56+00:00","mainEntityOfPage":{"@id":"https:\/\/www.pressenza.com\/fr\/2024\/02\/des-sympathisants-se-rassemblent-devant-le-consulat-du-royaume-uni-a-new-york-pendant-le-debut-de-laudience-de-julian-assange\/"},"wordCount":415,"publisher":{"@id":"https:\/\/www.pressenza.com\/fr\/#organization"},"image":{"@id":"https:\/\/www.pressenza.com\/fr\/2024\/02\/des-sympathisants-se-rassemblent-devant-le-consulat-du-royaume-uni-a-new-york-pendant-le-debut-de-laudience-de-julian-assange\/#primaryimage"},"thumbnailUrl":"https:\/\/www.pressenza.com\/wp-content\/uploads\/2024\/02\/20240220_124217.jpg","keywords":["#FreeAssange","FreeJulianAssange","Julian Assange","New York"],"articleSection":["Am\u00e9rique du Nord","Contenu Original","Droits humains","Relations internationales","Reportages photo"],"inLanguage":"fr-FR"},{"@type":"WebPage","@id":"https:\/\/www.pressenza.com\/fr\/2024\/02\/des-sympathisants-se-rassemblent-devant-le-consulat-du-royaume-uni-a-new-york-pendant-le-debut-de-laudience-de-julian-assange\/","url":"https:\/\/www.pressenza.com\/fr\/2024\/02\/des-sympathisants-se-rassemblent-devant-le-consulat-du-royaume-uni-a-new-york-pendant-le-debut-de-laudience-de-julian-assange\/","name":"Des sympathisants se rassemblent devant le consulat du Royaume-Uni \u00e0 New York pendant le d\u00e9but de l'audience de Julian Assange","isPartOf":{"@id":"https:\/\/www.pressenza.com\/fr\/#website"},"primaryImageOfPage":{"@id":"https:\/\/www.pressenza.com\/fr\/2024\/02\/des-sympathisants-se-rassemblent-devant-le-consulat-du-royaume-uni-a-new-york-pendant-le-debut-de-laudience-de-julian-assange\/#primaryimage"},"image":{"@id":"https:\/\/www.pressenza.com\/fr\/2024\/02\/des-sympathisants-se-rassemblent-devant-le-consulat-du-royaume-uni-a-new-york-pendant-le-debut-de-laudience-de-julian-assange\/#primaryimage"},"thumbnailUrl":"https:\/\/www.pressenza.com\/wp-content\/uploads\/2024\/02\/20240220_124217.jpg","datePublished":"2024-02-23T02:09:56+00:00","description":"Ce mardi 20 f\u00e9vrier, par des temp\u00e9ratures glaciales, des partisans passionn\u00e9s du journaliste Julian Assange se sont rassembl\u00e9s devant le consulat du","breadcrumb":{"@id":"https:\/\/www.pressenza.com\/fr\/2024\/02\/des-sympathisants-se-rassemblent-devant-le-consulat-du-royaume-uni-a-new-york-pendant-le-debut-de-laudience-de-julian-assange\/#breadcrumb"},"inLanguage":"fr-FR","potentialAction":[{"@type":"ReadAction","target":["https:\/\/www.pressenza.com\/fr\/2024\/02\/des-sympathisants-se-rassemblent-devant-le-consulat-du-royaume-uni-a-new-york-pendant-le-debut-de-laudience-de-julian-assange\/"]}]},{"@type":"ImageObject","inLanguage":"fr-FR","@id":"https:\/\/www.pressenza.com\/fr\/2024\/02\/des-sympathisants-se-rassemblent-devant-le-consulat-du-royaume-uni-a-new-york-pendant-le-debut-de-laudience-de-julian-assange\/#primaryimage","url":"https:\/\/www.pressenza.com\/wp-content\/uploads\/2024\/02\/20240220_124217.jpg","contentUrl":"https:\/\/www.pressenza.com\/wp-content\/uploads\/2024\/02\/20240220_124217.jpg","width":1920,"height":1017},{"@type":"BreadcrumbList","@id":"https:\/\/www.pressenza.com\/fr\/2024\/02\/des-sympathisants-se-rassemblent-devant-le-consulat-du-royaume-uni-a-new-york-pendant-le-debut-de-laudience-de-julian-assange\/#breadcrumb","itemListElement":[{"@type":"ListItem","position":1,"name":"Accueil","item":"https:\/\/www.pressenza.com\/fr\/"},{"@type":"ListItem","position":2,"name":"Des sympathisants se rassemblent devant le consulat du Royaume-Uni \u00e0 New York pendant le d\u00e9but de l&rsquo;audience de Julian Assange"}]},{"@type":"WebSite","@id":"https:\/\/www.pressenza.com\/fr\/#website","url":"https:\/\/www.pressenza.com\/fr\/","name":"Pressenza","description":"International Press Agency","publisher":{"@id":"https:\/\/www.pressenza.com\/fr\/#organization"},"potentialAction":[{"@type":"SearchAction","target":{"@type":"EntryPoint","urlTemplate":"https:\/\/www.pressenza.com\/fr\/?s={search_term_string}"},"query-input":{"@type":"PropertyValueSpecification","valueRequired":true,"valueName":"search_term_string"}}],"inLanguage":"fr-FR"},{"@type":"Organization","@id":"https:\/\/www.pressenza.com\/fr\/#organization","name":"Pressenza","url":"https:\/\/www.pressenza.com\/fr\/","logo":{"@type":"ImageObject","inLanguage":"fr-FR","@id":"https:\/\/www.pressenza.com\/fr\/#\/schema\/logo\/image\/","url":"https:\/\/www.pressenza.com\/wp-content\/uploads\/2022\/10\/pressenza_logo_200x200.jpg","contentUrl":"https:\/\/www.pressenza.com\/wp-content\/uploads\/2022\/10\/pressenza_logo_200x200.jpg","width":200,"height":200,"caption":"Pressenza"},"image":{"@id":"https:\/\/www.pressenza.com\/fr\/#\/schema\/logo\/image\/"},"sameAs":["https:\/\/www.facebook.com\/PressenzaItalia","https:\/\/x.com\/PressenzaIPA"]},{"@type":"Person","@id":"https:\/\/www.pressenza.com\/fr\/#\/schema\/person\/75ff8ec4b4b03f1d2da977bba83672b3","name":"Pressenza New York","description":"News from the Pressenza Bureau in New York, United States","sameAs":["https:\/\/www.facebook.com\/PressenzaEnglish\/","https:\/\/x.com\/PressenzaIPA"],"url":"https:\/\/www.pressenza.com\/fr\/author\/pressenza-new-york\/"}]}},"place":"New York, Etats-Unis","original_article_url":"","_links":{"self":[{"href":"https:\/\/www.pressenza.com\/fr\/wp-json\/wp\/v2\/posts\/1827246","targetHints":{"allow":["GET"]}}],"collection":[{"href":"https:\/\/www.pressenza.com\/fr\/wp-json\/wp\/v2\/posts"}],"about":[{"href":"https:\/\/www.pressenza.com\/fr\/wp-json\/wp\/v2\/types\/post"}],"author":[{"embeddable":true,"href":"https:\/\/www.pressenza.com\/fr\/wp-json\/wp\/v2\/users\/1126"}],"replies":[{"embeddable":true,"href":"https:\/\/www.pressenza.com\/fr\/wp-json\/wp\/v2\/comments?post=1827246"}],"version-history":[{"count":0,"href":"https:\/\/www.pressenza.com\/fr\/wp-json\/wp\/v2\/posts\/1827246\/revisions"}],"wp:featuredmedia":[{"embeddable":true,"href":"https:\/\/www.pressenza.com\/fr\/wp-json\/wp\/v2\/media\/1827253"}],"wp:attachment":[{"href":"https:\/\/www.pressenza.com\/fr\/wp-json\/wp\/v2\/media?parent=1827246"}],"wp:term":[{"taxonomy":"category","embeddable":true,"href":"https:\/\/www.pressenza.com\/fr\/wp-json\/wp\/v2\/categories?post=1827246"},{"taxonomy":"post_tag","embeddable":true,"href":"https:\/\/www.pressenza.com\/fr\/wp-json\/wp\/v2\/tags?post=1827246"}],"curies":[{"name":"wp","href":"https:\/\/api.w.org\/{rel}","templated":true}]}}