{"id":1826854,"date":"2024-02-21T14:56:29","date_gmt":"2024-02-21T14:56:29","guid":{"rendered":"https:\/\/www.pressenza.com\/?p=1826854"},"modified":"2024-02-21T14:56:29","modified_gmt":"2024-02-21T14:56:29","slug":"lagriculture-samene-en-ville-avec-lexposition-sculpteurs-de-territoire-a-montreal","status":"publish","type":"post","link":"https:\/\/www.pressenza.com\/fr\/2024\/02\/lagriculture-samene-en-ville-avec-lexposition-sculpteurs-de-territoire-a-montreal\/","title":{"rendered":"L\u2019agriculture s\u2019am\u00e8ne en ville avec l\u2019exposition sculpteurs de territoire \u00e0 Montr\u00e9al!"},"content":{"rendered":"<p><span style=\"font-weight: 400;\">L\u2019\u00e9v\u00e9nement \u201csculpteurs de territoire\u201d est une exposition photo de trente portraits de producteurs-trices agricoles de divers profils et productions du Centre-du-Qu\u00e9bec r\u00e9alis\u00e9e par Isabelle de Blois.<\/span><\/p>\n<p><span style=\"font-weight: 400;\">Comme artiste photographe qui a \u0153uvr\u00e9 dans le cin\u00e9ma documentaire pendant de nombreuses ann\u00e9es, l\u2019art d\u2019Isabelle de Blois continue d\u2019\u00eatre un outil de sensibilisation social o\u00f9, le plus souvent, elle met en lumi\u00e8re des gens \u00ab invisibles\u00bb et leurs d\u00e9fis, souvent d\u2019un angle oubli\u00e9 des centres d\u2019int\u00e9r\u00eat m\u00e9diatiques. Elle tente d\u2019humaniser des enjeux par l\u2019entremise du portrait photographique, en posant son regard tant\u00f4t sur de nouveaux arrivants, ici sur des agriculteurs-trices affair\u00e9-es sur leurs terres. Elle utilise sonmedium pour cr\u00e9er des ponts entre ses sujets et la communaut\u00e9.<\/span><\/p>\n<p><span style=\"font-weight: 400;\">L\u2019exposition de trente portraits de producteurs agricoles de divers profils et productions est pr\u00e9sent\u00e9e \u00e0 Montr\u00e9al \u00e0 la Maison du D\u00e9veloppement Durable jusqu\u2019au 29 f\u00e9vrier. L\u2019artiste a explor\u00e9 le milieu agricole pour mettre en lumi\u00e8re la fiert\u00e9, la passion, l\u2019audace et l\u2019engagement de ces gens qui nous nourrissent et sculptent le paysage depuis des g\u00e9n\u00e9rations.<\/span><\/p>\n<div class=\"post-gallery\">\n\t\t\t<figure class=\"post-gallery-item\">\n\t\t\t\t<img decoding=\"async\" src=\"https:\/\/www.pressenza.com\/wp-content\/uploads\/2024\/02\/expo1.png\" loading=\"lazy\">\n\t\t\t\t<figcaption>\n\t\t\t\t\t\n\t\t\t\t<\/figcaption>\n\t\t\t<\/figure>\n\t\t\t<figure class=\"post-gallery-item\">\n\t\t\t\t<img decoding=\"async\" src=\"https:\/\/www.pressenza.com\/wp-content\/uploads\/2024\/02\/expo2.png\" loading=\"lazy\">\n\t\t\t\t<figcaption>\n\t\t\t\t\t\n\t\t\t\t<\/figcaption>\n\t\t\t<\/figure>\n\t\t\t<figure class=\"post-gallery-item\">\n\t\t\t\t<img decoding=\"async\" src=\"https:\/\/www.pressenza.com\/wp-content\/uploads\/2024\/02\/expo3.png\" loading=\"lazy\">\n\t\t\t\t<figcaption>\n\t\t\t\t\t\n\t\t\t\t<\/figcaption>\n\t\t\t<\/figure>\n\t\t\t<figure class=\"post-gallery-item\">\n\t\t\t\t<img decoding=\"async\" src=\"https:\/\/www.pressenza.com\/wp-content\/uploads\/2024\/02\/expo4.png\" loading=\"lazy\">\n\t\t\t\t<figcaption>\n\t\t\t\t\t\n\t\t\t\t<\/figcaption>\n\t\t\t<\/figure>\n\t\t\t<figure class=\"post-gallery-item\">\n\t\t\t\t<img decoding=\"async\" src=\"https:\/\/www.pressenza.com\/wp-content\/uploads\/2024\/02\/expo5.png\" loading=\"lazy\">\n\t\t\t\t<figcaption>\n\t\t\t\t\t\n\t\t\t\t<\/figcaption>\n\t\t\t<\/figure>\n\t\t\t<figure class=\"post-gallery-item\">\n\t\t\t\t<img decoding=\"async\" src=\"https:\/\/www.pressenza.com\/wp-content\/uploads\/2024\/02\/expo7.png\" loading=\"lazy\">\n\t\t\t\t<figcaption>\n\t\t\t\t\t\n\t\t\t\t<\/figcaption>\n\t\t\t<\/figure><\/div>\n<p><span style=\"font-weight: 400;\">Dans une approche artistique et une d\u00e9marche de m\u00e9diation culturelle, la mise en sc\u00e8ne a \u00e9t\u00e9 \u00e9labor\u00e9e en collaboration afin de conceptualiser chaque portrait et contexte. Des hommes, des femmes, des familles se sont pr\u00eat\u00e9s au jeu pour nous pr\u00e9senter leurs fermes, leurs animaux, leur environnement. Le traitement esth\u00e9tique novateur des photographies pr\u00e9sente un regard original et vivifiant sur le monde de l\u2019agriculture.\u00a0<\/span><\/p>\n<p><span style=\"font-weight: 400;\">Depuis plus de dix ans, Isabelle de Blois habite la Municipalit\u00e9 R\u00e9gionale de Comt\u00e9 de l\u2019\u00c9rable o\u00f9 l\u2019agriculture est au c\u0153ur de l\u2019activit\u00e9. 96 % du territoire est occup\u00e9 et cultiv\u00e9 par des agriculteurs. Dans le paysage, on y lit leurs empreintes fa\u00e7onn\u00e9es depuis des si\u00e8cles. On appr\u00e9cie la beaut\u00e9 des panoramas et la qualit\u00e9 des produits qu\u2019ils offrent, et ce, face \u00e0 une concurrence internationale impitoyable.\u00a0<\/span><\/p>\n<p><span style=\"font-weight: 400;\">Depuis la pand\u00e9mie, l\u2019autosuffisance alimentaire et le commerce de proximit\u00e9 sont au c\u0153ur des pr\u00e9occupations, alors la photographe s\u2019est demand\u00e9e qui sont les producteurs agricoles de sa communaut\u00e9?\u00a0<\/span><\/p>\n<blockquote><p><span style=\"font-weight: 400;\">\u00ab Je connais mes proches voisins, mais qui sont tous ces autres gens qui s\u2019occupent de leurs champs et de leur production ? Au quotidien, ils nous nourrissent sans que nous ne les connaissionsou que nousreconnaissions la valeur de leur apport \u00e0 la communaut\u00e9\u00bb, souligne Isabelle de Blois.<\/span><\/p><\/blockquote>\n<p><span style=\"font-weight: 400;\">Comme artiste photographe qui c\u00f4toie ces gens, elle souhaite humaniser l\u2019agriculture et faire conna\u00eetre leurs visages, leurs gestes et leurs passions afin de susciter de l\u2019int\u00e9r\u00eat et de la curiosit\u00e9 pour son voisin, afin de partager un sens d\u2019appartenance collectif du territoire.\u00a0<\/span><\/p>\n<p><span style=\"font-weight: 400;\">Avec ce projet photographique, Sculpteurs de territoire, elle souhaite stimuler une r\u00e9flexion sur la r\u00e9alit\u00e9 de ces personnes qui nous nourrissent, leur travail, leur diversit\u00e9, leur audace et leurs d\u00e9fis\u2026 attach\u00e9es \u00e0 leur terre, \u00e0 leurs animaux et conscients de leur h\u00e9ritage re\u00e7u et celui \u00e0 transmettre aux g\u00e9n\u00e9rations futures. Une exploration de l\u2019art de la photo o\u00f9 se chevauchent le portrait \u00ab fine art \u00bb et environnemental.<\/span><\/p>\n<p><em>Source:<\/em> Maison du d\u00e9veloppement durable<\/p>\n","protected":false},"excerpt":{"rendered":"<p>L\u2019\u00e9v\u00e9nement \u201csculpteurs de territoire\u201d est une exposition photo de trente portraits de producteurs-trices agricoles de divers profils et productions du Centre-du-Qu\u00e9bec r\u00e9alis\u00e9e par Isabelle de Blois. Comme artiste photographe qui a \u0153uvr\u00e9 dans le cin\u00e9ma documentaire pendant de nombreuses ann\u00e9es,&hellip;<\/p>\n","protected":false},"author":670,"featured_media":1826856,"comment_status":"closed","ping_status":"closed","sticky":false,"template":"","format":"standard","meta":{"footnotes":""},"categories":[97,100],"tags":[3698,4473,4221,279,3521],"class_list":["post-1826854","post","type-post","status-publish","format-standard","has-post-thumbnail","hentry","category-environnement-et-ecologie","category-economie","tag-agriculture","tag-art","tag-developpement-durable","tag-environnement","tag-quebec"],"yoast_head":"<!-- This site is optimized with the Yoast SEO plugin v27.1.1 - https:\/\/yoast.com\/product\/yoast-seo-wordpress\/ -->\n<title>L\u2019agriculture s\u2019am\u00e8ne en ville avec l\u2019exposition sculpteurs de territoire \u00e0 Montr\u00e9al!<\/title>\n<meta name=\"description\" content=\"L\u2019\u00e9v\u00e9nement \u201csculpteurs de territoire\u201d est une exposition photo de trente portraits de producteurs-trices agricoles de divers profils et productions du\" \/>\n<meta name=\"robots\" content=\"index, follow, max-snippet:-1, max-image-preview:large, max-video-preview:-1\" \/>\n<link rel=\"canonical\" href=\"https:\/\/www.pressenza.com\/fr\/2024\/02\/lagriculture-samene-en-ville-avec-lexposition-sculpteurs-de-territoire-a-montreal\/\" \/>\n<meta property=\"og:locale\" content=\"fr_FR\" \/>\n<meta property=\"og:type\" content=\"article\" \/>\n<meta property=\"og:title\" content=\"L\u2019agriculture s\u2019am\u00e8ne en ville avec l\u2019exposition sculpteurs de territoire \u00e0 Montr\u00e9al!\" \/>\n<meta property=\"og:description\" content=\"L\u2019\u00e9v\u00e9nement \u201csculpteurs de territoire\u201d est une exposition photo de trente portraits de producteurs-trices agricoles de divers profils et productions du\" \/>\n<meta property=\"og:url\" content=\"https:\/\/www.pressenza.com\/fr\/2024\/02\/lagriculture-samene-en-ville-avec-lexposition-sculpteurs-de-territoire-a-montreal\/\" \/>\n<meta property=\"og:site_name\" content=\"Pressenza\" \/>\n<meta property=\"article:publisher\" content=\"https:\/\/www.facebook.com\/PressenzaItalia\" \/>\n<meta property=\"article:published_time\" content=\"2024-02-21T14:56:29+00:00\" \/>\n<meta property=\"og:image\" content=\"https:\/\/www.pressenza.com\/wp-content\/uploads\/2024\/02\/expo-prin.png\" \/>\n\t<meta property=\"og:image:width\" content=\"721\" \/>\n\t<meta property=\"og:image:height\" content=\"528\" \/>\n\t<meta property=\"og:image:type\" content=\"image\/png\" \/>\n<meta name=\"author\" content=\"R\u00e9daction Montr\u00e9al\" \/>\n<meta name=\"twitter:card\" content=\"summary_large_image\" \/>\n<meta name=\"twitter:creator\" content=\"@PressenzaIPA\" \/>\n<meta name=\"twitter:site\" content=\"@PressenzaIPA\" \/>\n<meta name=\"twitter:label1\" content=\"\u00c9crit par\" \/>\n\t<meta name=\"twitter:data1\" content=\"R\u00e9daction Montr\u00e9al\" \/>\n\t<meta name=\"twitter:label2\" content=\"Dur\u00e9e de lecture estim\u00e9e\" \/>\n\t<meta name=\"twitter:data2\" content=\"3 minutes\" \/>\n<script type=\"application\/ld+json\" class=\"yoast-schema-graph\">{\"@context\":\"https:\/\/schema.org\",\"@graph\":[{\"@type\":\"Article\",\"@id\":\"https:\/\/www.pressenza.com\/fr\/2024\/02\/lagriculture-samene-en-ville-avec-lexposition-sculpteurs-de-territoire-a-montreal\/#article\",\"isPartOf\":{\"@id\":\"https:\/\/www.pressenza.com\/fr\/2024\/02\/lagriculture-samene-en-ville-avec-lexposition-sculpteurs-de-territoire-a-montreal\/\"},\"author\":{\"name\":\"R\u00e9daction Montr\u00e9al\",\"@id\":\"https:\/\/www.pressenza.com\/fr\/#\/schema\/person\/e74f468c5f420ee105d078343b0b4bf7\"},\"headline\":\"L\u2019agriculture s\u2019am\u00e8ne en ville avec l\u2019exposition sculpteurs de territoire \u00e0 Montr\u00e9al!\",\"datePublished\":\"2024-02-21T14:56:29+00:00\",\"mainEntityOfPage\":{\"@id\":\"https:\/\/www.pressenza.com\/fr\/2024\/02\/lagriculture-samene-en-ville-avec-lexposition-sculpteurs-de-territoire-a-montreal\/\"},\"wordCount\":571,\"publisher\":{\"@id\":\"https:\/\/www.pressenza.com\/fr\/#organization\"},\"image\":{\"@id\":\"https:\/\/www.pressenza.com\/fr\/2024\/02\/lagriculture-samene-en-ville-avec-lexposition-sculpteurs-de-territoire-a-montreal\/#primaryimage\"},\"thumbnailUrl\":\"https:\/\/www.pressenza.com\/wp-content\/uploads\/2024\/02\/expo-prin.png\",\"keywords\":[\"Agriculture\",\"art\",\"d\u00e9veloppement durable\",\"environnement\",\"Qu\u00e9bec\"],\"articleSection\":[\"Ecologie et Environnement\",\"Economie\"],\"inLanguage\":\"fr-FR\"},{\"@type\":\"WebPage\",\"@id\":\"https:\/\/www.pressenza.com\/fr\/2024\/02\/lagriculture-samene-en-ville-avec-lexposition-sculpteurs-de-territoire-a-montreal\/\",\"url\":\"https:\/\/www.pressenza.com\/fr\/2024\/02\/lagriculture-samene-en-ville-avec-lexposition-sculpteurs-de-territoire-a-montreal\/\",\"name\":\"L\u2019agriculture s\u2019am\u00e8ne en ville avec l\u2019exposition sculpteurs de territoire \u00e0 Montr\u00e9al!\",\"isPartOf\":{\"@id\":\"https:\/\/www.pressenza.com\/fr\/#website\"},\"primaryImageOfPage\":{\"@id\":\"https:\/\/www.pressenza.com\/fr\/2024\/02\/lagriculture-samene-en-ville-avec-lexposition-sculpteurs-de-territoire-a-montreal\/#primaryimage\"},\"image\":{\"@id\":\"https:\/\/www.pressenza.com\/fr\/2024\/02\/lagriculture-samene-en-ville-avec-lexposition-sculpteurs-de-territoire-a-montreal\/#primaryimage\"},\"thumbnailUrl\":\"https:\/\/www.pressenza.com\/wp-content\/uploads\/2024\/02\/expo-prin.png\",\"datePublished\":\"2024-02-21T14:56:29+00:00\",\"description\":\"L\u2019\u00e9v\u00e9nement \u201csculpteurs de territoire\u201d est une exposition photo de trente portraits de producteurs-trices agricoles de divers profils et productions du\",\"breadcrumb\":{\"@id\":\"https:\/\/www.pressenza.com\/fr\/2024\/02\/lagriculture-samene-en-ville-avec-lexposition-sculpteurs-de-territoire-a-montreal\/#breadcrumb\"},\"inLanguage\":\"fr-FR\",\"potentialAction\":[{\"@type\":\"ReadAction\",\"target\":[\"https:\/\/www.pressenza.com\/fr\/2024\/02\/lagriculture-samene-en-ville-avec-lexposition-sculpteurs-de-territoire-a-montreal\/\"]}]},{\"@type\":\"ImageObject\",\"inLanguage\":\"fr-FR\",\"@id\":\"https:\/\/www.pressenza.com\/fr\/2024\/02\/lagriculture-samene-en-ville-avec-lexposition-sculpteurs-de-territoire-a-montreal\/#primaryimage\",\"url\":\"https:\/\/www.pressenza.com\/wp-content\/uploads\/2024\/02\/expo-prin.png\",\"contentUrl\":\"https:\/\/www.pressenza.com\/wp-content\/uploads\/2024\/02\/expo-prin.png\",\"width\":721,\"height\":528},{\"@type\":\"BreadcrumbList\",\"@id\":\"https:\/\/www.pressenza.com\/fr\/2024\/02\/lagriculture-samene-en-ville-avec-lexposition-sculpteurs-de-territoire-a-montreal\/#breadcrumb\",\"itemListElement\":[{\"@type\":\"ListItem\",\"position\":1,\"name\":\"Accueil\",\"item\":\"https:\/\/www.pressenza.com\/fr\/\"},{\"@type\":\"ListItem\",\"position\":2,\"name\":\"L\u2019agriculture s\u2019am\u00e8ne en ville avec l\u2019exposition sculpteurs de territoire \u00e0 Montr\u00e9al!\"}]},{\"@type\":\"WebSite\",\"@id\":\"https:\/\/www.pressenza.com\/fr\/#website\",\"url\":\"https:\/\/www.pressenza.com\/fr\/\",\"name\":\"Pressenza\",\"description\":\"International Press Agency\",\"publisher\":{\"@id\":\"https:\/\/www.pressenza.com\/fr\/#organization\"},\"potentialAction\":[{\"@type\":\"SearchAction\",\"target\":{\"@type\":\"EntryPoint\",\"urlTemplate\":\"https:\/\/www.pressenza.com\/fr\/?s={search_term_string}\"},\"query-input\":{\"@type\":\"PropertyValueSpecification\",\"valueRequired\":true,\"valueName\":\"search_term_string\"}}],\"inLanguage\":\"fr-FR\"},{\"@type\":\"Organization\",\"@id\":\"https:\/\/www.pressenza.com\/fr\/#organization\",\"name\":\"Pressenza\",\"url\":\"https:\/\/www.pressenza.com\/fr\/\",\"logo\":{\"@type\":\"ImageObject\",\"inLanguage\":\"fr-FR\",\"@id\":\"https:\/\/www.pressenza.com\/fr\/#\/schema\/logo\/image\/\",\"url\":\"https:\/\/www.pressenza.com\/wp-content\/uploads\/2022\/10\/pressenza_logo_200x200.jpg\",\"contentUrl\":\"https:\/\/www.pressenza.com\/wp-content\/uploads\/2022\/10\/pressenza_logo_200x200.jpg\",\"width\":200,\"height\":200,\"caption\":\"Pressenza\"},\"image\":{\"@id\":\"https:\/\/www.pressenza.com\/fr\/#\/schema\/logo\/image\/\"},\"sameAs\":[\"https:\/\/www.facebook.com\/PressenzaItalia\",\"https:\/\/x.com\/PressenzaIPA\"]},{\"@type\":\"Person\",\"@id\":\"https:\/\/www.pressenza.com\/fr\/#\/schema\/person\/e74f468c5f420ee105d078343b0b4bf7\",\"name\":\"R\u00e9daction Montr\u00e9al\",\"description\":\"News published by the Pressenza bureau in Montreal, Canada\",\"url\":\"https:\/\/www.pressenza.com\/fr\/author\/redaction-montreal\/\"}]}<\/script>\n<!-- \/ Yoast SEO plugin. -->","yoast_head_json":{"title":"L\u2019agriculture s\u2019am\u00e8ne en ville avec l\u2019exposition sculpteurs de territoire \u00e0 Montr\u00e9al!","description":"L\u2019\u00e9v\u00e9nement \u201csculpteurs de territoire\u201d est une exposition photo de trente portraits de producteurs-trices agricoles de divers profils et productions du","robots":{"index":"index","follow":"follow","max-snippet":"max-snippet:-1","max-image-preview":"max-image-preview:large","max-video-preview":"max-video-preview:-1"},"canonical":"https:\/\/www.pressenza.com\/fr\/2024\/02\/lagriculture-samene-en-ville-avec-lexposition-sculpteurs-de-territoire-a-montreal\/","og_locale":"fr_FR","og_type":"article","og_title":"L\u2019agriculture s\u2019am\u00e8ne en ville avec l\u2019exposition sculpteurs de territoire \u00e0 Montr\u00e9al!","og_description":"L\u2019\u00e9v\u00e9nement \u201csculpteurs de territoire\u201d est une exposition photo de trente portraits de producteurs-trices agricoles de divers profils et productions du","og_url":"https:\/\/www.pressenza.com\/fr\/2024\/02\/lagriculture-samene-en-ville-avec-lexposition-sculpteurs-de-territoire-a-montreal\/","og_site_name":"Pressenza","article_publisher":"https:\/\/www.facebook.com\/PressenzaItalia","article_published_time":"2024-02-21T14:56:29+00:00","og_image":[{"width":721,"height":528,"url":"https:\/\/www.pressenza.com\/wp-content\/uploads\/2024\/02\/expo-prin.png","type":"image\/png"}],"author":"R\u00e9daction Montr\u00e9al","twitter_card":"summary_large_image","twitter_creator":"@PressenzaIPA","twitter_site":"@PressenzaIPA","twitter_misc":{"\u00c9crit par":"R\u00e9daction Montr\u00e9al","Dur\u00e9e de lecture estim\u00e9e":"3 minutes"},"schema":{"@context":"https:\/\/schema.org","@graph":[{"@type":"Article","@id":"https:\/\/www.pressenza.com\/fr\/2024\/02\/lagriculture-samene-en-ville-avec-lexposition-sculpteurs-de-territoire-a-montreal\/#article","isPartOf":{"@id":"https:\/\/www.pressenza.com\/fr\/2024\/02\/lagriculture-samene-en-ville-avec-lexposition-sculpteurs-de-territoire-a-montreal\/"},"author":{"name":"R\u00e9daction Montr\u00e9al","@id":"https:\/\/www.pressenza.com\/fr\/#\/schema\/person\/e74f468c5f420ee105d078343b0b4bf7"},"headline":"L\u2019agriculture s\u2019am\u00e8ne en ville avec l\u2019exposition sculpteurs de territoire \u00e0 Montr\u00e9al!","datePublished":"2024-02-21T14:56:29+00:00","mainEntityOfPage":{"@id":"https:\/\/www.pressenza.com\/fr\/2024\/02\/lagriculture-samene-en-ville-avec-lexposition-sculpteurs-de-territoire-a-montreal\/"},"wordCount":571,"publisher":{"@id":"https:\/\/www.pressenza.com\/fr\/#organization"},"image":{"@id":"https:\/\/www.pressenza.com\/fr\/2024\/02\/lagriculture-samene-en-ville-avec-lexposition-sculpteurs-de-territoire-a-montreal\/#primaryimage"},"thumbnailUrl":"https:\/\/www.pressenza.com\/wp-content\/uploads\/2024\/02\/expo-prin.png","keywords":["Agriculture","art","d\u00e9veloppement durable","environnement","Qu\u00e9bec"],"articleSection":["Ecologie et Environnement","Economie"],"inLanguage":"fr-FR"},{"@type":"WebPage","@id":"https:\/\/www.pressenza.com\/fr\/2024\/02\/lagriculture-samene-en-ville-avec-lexposition-sculpteurs-de-territoire-a-montreal\/","url":"https:\/\/www.pressenza.com\/fr\/2024\/02\/lagriculture-samene-en-ville-avec-lexposition-sculpteurs-de-territoire-a-montreal\/","name":"L\u2019agriculture s\u2019am\u00e8ne en ville avec l\u2019exposition sculpteurs de territoire \u00e0 Montr\u00e9al!","isPartOf":{"@id":"https:\/\/www.pressenza.com\/fr\/#website"},"primaryImageOfPage":{"@id":"https:\/\/www.pressenza.com\/fr\/2024\/02\/lagriculture-samene-en-ville-avec-lexposition-sculpteurs-de-territoire-a-montreal\/#primaryimage"},"image":{"@id":"https:\/\/www.pressenza.com\/fr\/2024\/02\/lagriculture-samene-en-ville-avec-lexposition-sculpteurs-de-territoire-a-montreal\/#primaryimage"},"thumbnailUrl":"https:\/\/www.pressenza.com\/wp-content\/uploads\/2024\/02\/expo-prin.png","datePublished":"2024-02-21T14:56:29+00:00","description":"L\u2019\u00e9v\u00e9nement \u201csculpteurs de territoire\u201d est une exposition photo de trente portraits de producteurs-trices agricoles de divers profils et productions du","breadcrumb":{"@id":"https:\/\/www.pressenza.com\/fr\/2024\/02\/lagriculture-samene-en-ville-avec-lexposition-sculpteurs-de-territoire-a-montreal\/#breadcrumb"},"inLanguage":"fr-FR","potentialAction":[{"@type":"ReadAction","target":["https:\/\/www.pressenza.com\/fr\/2024\/02\/lagriculture-samene-en-ville-avec-lexposition-sculpteurs-de-territoire-a-montreal\/"]}]},{"@type":"ImageObject","inLanguage":"fr-FR","@id":"https:\/\/www.pressenza.com\/fr\/2024\/02\/lagriculture-samene-en-ville-avec-lexposition-sculpteurs-de-territoire-a-montreal\/#primaryimage","url":"https:\/\/www.pressenza.com\/wp-content\/uploads\/2024\/02\/expo-prin.png","contentUrl":"https:\/\/www.pressenza.com\/wp-content\/uploads\/2024\/02\/expo-prin.png","width":721,"height":528},{"@type":"BreadcrumbList","@id":"https:\/\/www.pressenza.com\/fr\/2024\/02\/lagriculture-samene-en-ville-avec-lexposition-sculpteurs-de-territoire-a-montreal\/#breadcrumb","itemListElement":[{"@type":"ListItem","position":1,"name":"Accueil","item":"https:\/\/www.pressenza.com\/fr\/"},{"@type":"ListItem","position":2,"name":"L\u2019agriculture s\u2019am\u00e8ne en ville avec l\u2019exposition sculpteurs de territoire \u00e0 Montr\u00e9al!"}]},{"@type":"WebSite","@id":"https:\/\/www.pressenza.com\/fr\/#website","url":"https:\/\/www.pressenza.com\/fr\/","name":"Pressenza","description":"International Press Agency","publisher":{"@id":"https:\/\/www.pressenza.com\/fr\/#organization"},"potentialAction":[{"@type":"SearchAction","target":{"@type":"EntryPoint","urlTemplate":"https:\/\/www.pressenza.com\/fr\/?s={search_term_string}"},"query-input":{"@type":"PropertyValueSpecification","valueRequired":true,"valueName":"search_term_string"}}],"inLanguage":"fr-FR"},{"@type":"Organization","@id":"https:\/\/www.pressenza.com\/fr\/#organization","name":"Pressenza","url":"https:\/\/www.pressenza.com\/fr\/","logo":{"@type":"ImageObject","inLanguage":"fr-FR","@id":"https:\/\/www.pressenza.com\/fr\/#\/schema\/logo\/image\/","url":"https:\/\/www.pressenza.com\/wp-content\/uploads\/2022\/10\/pressenza_logo_200x200.jpg","contentUrl":"https:\/\/www.pressenza.com\/wp-content\/uploads\/2022\/10\/pressenza_logo_200x200.jpg","width":200,"height":200,"caption":"Pressenza"},"image":{"@id":"https:\/\/www.pressenza.com\/fr\/#\/schema\/logo\/image\/"},"sameAs":["https:\/\/www.facebook.com\/PressenzaItalia","https:\/\/x.com\/PressenzaIPA"]},{"@type":"Person","@id":"https:\/\/www.pressenza.com\/fr\/#\/schema\/person\/e74f468c5f420ee105d078343b0b4bf7","name":"R\u00e9daction Montr\u00e9al","description":"News published by the Pressenza bureau in Montreal, Canada","url":"https:\/\/www.pressenza.com\/fr\/author\/redaction-montreal\/"}]}},"place":"","original_article_url":"","_links":{"self":[{"href":"https:\/\/www.pressenza.com\/fr\/wp-json\/wp\/v2\/posts\/1826854","targetHints":{"allow":["GET"]}}],"collection":[{"href":"https:\/\/www.pressenza.com\/fr\/wp-json\/wp\/v2\/posts"}],"about":[{"href":"https:\/\/www.pressenza.com\/fr\/wp-json\/wp\/v2\/types\/post"}],"author":[{"embeddable":true,"href":"https:\/\/www.pressenza.com\/fr\/wp-json\/wp\/v2\/users\/670"}],"replies":[{"embeddable":true,"href":"https:\/\/www.pressenza.com\/fr\/wp-json\/wp\/v2\/comments?post=1826854"}],"version-history":[{"count":0,"href":"https:\/\/www.pressenza.com\/fr\/wp-json\/wp\/v2\/posts\/1826854\/revisions"}],"wp:featuredmedia":[{"embeddable":true,"href":"https:\/\/www.pressenza.com\/fr\/wp-json\/wp\/v2\/media\/1826856"}],"wp:attachment":[{"href":"https:\/\/www.pressenza.com\/fr\/wp-json\/wp\/v2\/media?parent=1826854"}],"wp:term":[{"taxonomy":"category","embeddable":true,"href":"https:\/\/www.pressenza.com\/fr\/wp-json\/wp\/v2\/categories?post=1826854"},{"taxonomy":"post_tag","embeddable":true,"href":"https:\/\/www.pressenza.com\/fr\/wp-json\/wp\/v2\/tags?post=1826854"}],"curies":[{"name":"wp","href":"https:\/\/api.w.org\/{rel}","templated":true}]}}