{"id":1826645,"date":"2024-02-21T01:56:27","date_gmt":"2024-02-21T01:56:27","guid":{"rendered":"https:\/\/www.pressenza.com\/?p=1826645"},"modified":"2024-02-21T01:56:27","modified_gmt":"2024-02-21T01:56:27","slug":"le-monde-entier-demande-la-liberation-dassange","status":"publish","type":"post","link":"https:\/\/www.pressenza.com\/fr\/2024\/02\/le-monde-entier-demande-la-liberation-dassange\/","title":{"rendered":"Le monde entier demande la lib\u00e9ration d&rsquo;Assange"},"content":{"rendered":"<p>Ce mardi 20 f\u00e9vrier 2024, le Jour X, un seul cri a retenti sur les places du monde entier : Libert\u00e9 pour Assange!<\/p>\n<p class=\"xdj266r x11i5rnm xat24cr x1mh8g0r x1vvkbs\">Ces 20 et 21 f\u00e9vrier a lieu \u00e0 Londres une audience importante dans la longue proc\u00e9dure d&rsquo;extradition de Julian Assange vers les Etats-Unis. Des manifestations sont organis\u00e9es partout dans le monde.<\/p>\n<p class=\"xdj266r x11i5rnm xat24cr x1mh8g0r x1vvkbs\">Cette audience constitue une \u00e9tape tr\u00e8s importante dans cette proc\u00e9dure parce qu&rsquo;elle pourrait \u00eatre la derni\u00e8re au Royaume-Uni. Il s&rsquo;agira en effet pour deux juges de d\u00e9cider si le dernier appel introduit par Julian Assange et son \u00e9quipe de d\u00e9fense peut \u00eatre entendu ou pas par la justice britannique.<\/p>\n<p class=\"x11i5rnm xat24cr x1mh8g0r x1vvkbs xtlvy1s\">Si l&rsquo;appel est autoris\u00e9, la proc\u00e9dure continuera encore au Royaume-Uni.<br \/>\nMais si l&rsquo;examen de l&rsquo;appel est rejet\u00e9, l&rsquo;extradition d&rsquo;Assange vers les Etats-Unis sera confirm\u00e9e et ne pourra \u00eatre bloqu\u00e9e que par une intervention de la Cour Europ\u00e9enne des Droits de l&rsquo;Homme gr\u00e2ce \u00e0 un article (le 39) de son r\u00e8glement.<br \/>\nL&rsquo;extradition serait alors bloqu\u00e9e durant le temps de l&rsquo;examen de l&rsquo;affaire par la CEDH.<\/p>\n<p>Cela fait plus de 13 ans que les Etats-Unis poursuivent Assange, veulent le faire taire et r\u00e9duire au silence WikiLeaks la plateforme qu&rsquo;il a cr\u00e9\u00e9e afin de mieux nous informer. Les troupes des Etats-Unis ont commis des crimes de guerre, WikiLeaks les a r\u00e9v\u00e9l\u00e9s. Les Etats-Unis veulent que WikiLeaks soit puni.<\/p>\n<p>La v\u00e9rit\u00e9 ne serait elle pas bonne \u00e0 dire, les peuples devraient-ils rester dans l&rsquo;ignorance ?<br \/>\nDroit d&rsquo;\u00eatre inform\u00e9, droit et mission d&rsquo;informer sont au c\u0153ur de cette bataille pour emp\u00eacher l&rsquo;extradition d&rsquo;Assange vers les Etats-Unis et pour obtenir sa lib\u00e9ration.<\/p>\n<h3><strong>Voici une s\u00e9lection de photos publi\u00e9es par Pressenza que les militants du monde entier ont fait circuler. Une extraordinaire collection de photos et de vid\u00e9os est disponible sur le canal Telegram <a href=\"https:\/\/t.me\/dayxliveaction\">https:\/\/t.me\/dayxliveaction<\/a>, qui est continuellement mis \u00e0 jour.<\/strong><\/h3>\n<p>&nbsp;<\/p>\n<p><strong>Allemagne<\/strong><\/p>\n<div class=\"post-gallery\">\n\t\t\t<figure class=\"post-gallery-item\">\n\t\t\t\t<img decoding=\"async\" src=\"https:\/\/www.pressenza.com\/wp-content\/uploads\/2024\/02\/free-assange-Frankfurt-820x461.jpg\" loading=\"lazy\">\n\t\t\t\t<figcaption>\n\t\t\t\t\t\n\t\t\t\t<\/figcaption>\n\t\t\t<\/figure>\n\t\t\t<figure class=\"post-gallery-item\">\n\t\t\t\t<img decoding=\"async\" src=\"https:\/\/www.pressenza.com\/wp-content\/uploads\/2024\/02\/free-assange-Berlin-04-820x615.jpg\" loading=\"lazy\">\n\t\t\t\t<figcaption>\n\t\t\t\t\t\n\t\t\t\t<\/figcaption>\n\t\t\t<\/figure>\n\t\t\t<figure class=\"post-gallery-item\">\n\t\t\t\t<img decoding=\"async\" src=\"https:\/\/www.pressenza.com\/wp-content\/uploads\/2024\/02\/free-assange-kohln-820x461.jpg\" loading=\"lazy\">\n\t\t\t\t<figcaption>\n\t\t\t\t\t\n\t\t\t\t<\/figcaption>\n\t\t\t<\/figure>\n\t\t\t<figure class=\"post-gallery-item\">\n\t\t\t\t<img decoding=\"async\" src=\"https:\/\/www.pressenza.com\/wp-content\/uploads\/2024\/02\/free-assange-Berlin.jpg\" loading=\"lazy\">\n\t\t\t\t<figcaption>\n\t\t\t\t\t\n\t\t\t\t<\/figcaption>\n\t\t\t<\/figure>\n\t\t\t<figure class=\"post-gallery-item\">\n\t\t\t\t<img decoding=\"async\" src=\"https:\/\/www.pressenza.com\/wp-content\/uploads\/2024\/02\/free-assange-Cologne-820x461.jpg\" loading=\"lazy\">\n\t\t\t\t<figcaption>\n\t\t\t\t\t\n\t\t\t\t<\/figcaption>\n\t\t\t<\/figure>\n\t\t\t<figure class=\"post-gallery-item\">\n\t\t\t\t<img decoding=\"async\" src=\"https:\/\/www.pressenza.com\/wp-content\/uploads\/2024\/02\/free-assange-Berlin-02-820x777.jpg\" loading=\"lazy\">\n\t\t\t\t<figcaption>\n\t\t\t\t\t\n\t\t\t\t<\/figcaption>\n\t\t\t<\/figure>\n\t\t\t<figure class=\"post-gallery-item\">\n\t\t\t\t<img decoding=\"async\" src=\"https:\/\/www.pressenza.com\/wp-content\/uploads\/2024\/02\/free-assange-Munich-820x485.jpg\" loading=\"lazy\">\n\t\t\t\t<figcaption>\n\t\t\t\t\t\n\t\t\t\t<\/figcaption>\n\t\t\t<\/figure>\n\t\t\t<figure class=\"post-gallery-item\">\n\t\t\t\t<img decoding=\"async\" src=\"https:\/\/www.pressenza.com\/wp-content\/uploads\/2024\/02\/free-assange-Munich-02-820x532.jpg\" loading=\"lazy\">\n\t\t\t\t<figcaption>\n\t\t\t\t\t\n\t\t\t\t<\/figcaption>\n\t\t\t<\/figure>\n\t\t\t<figure class=\"post-gallery-item\">\n\t\t\t\t<img decoding=\"async\" src=\"https:\/\/www.pressenza.com\/wp-content\/uploads\/2024\/02\/free-assange-Munich-02-1-820x532.jpg\" loading=\"lazy\">\n\t\t\t\t<figcaption>\n\t\t\t\t\t\n\t\t\t\t<\/figcaption>\n\t\t\t<\/figure>\n\t\t\t<figure class=\"post-gallery-item\">\n\t\t\t\t<img decoding=\"async\" src=\"https:\/\/www.pressenza.com\/wp-content\/uploads\/2024\/02\/free-assange-Berlin-03-820x615.jpg\" loading=\"lazy\">\n\t\t\t\t<figcaption>\n\t\t\t\t\t\n\t\t\t\t<\/figcaption>\n\t\t\t<\/figure><\/div>\n<p><strong>Australie<\/strong><\/p>\n<div class=\"post-gallery\">\n\t\t\t<figure class=\"post-gallery-item\">\n\t\t\t\t<img decoding=\"async\" src=\"https:\/\/www.pressenza.com\/wp-content\/uploads\/2024\/02\/free-assange-Adelaide-820x618.jpg\" loading=\"lazy\">\n\t\t\t\t<figcaption>\n\t\t\t\t\t\n\t\t\t\t<\/figcaption>\n\t\t\t<\/figure>\n\t\t\t<figure class=\"post-gallery-item\">\n\t\t\t\t<img decoding=\"async\" src=\"https:\/\/www.pressenza.com\/wp-content\/uploads\/2024\/02\/free-assange-Canberra-820x615.jpg\" loading=\"lazy\">\n\t\t\t\t<figcaption>\n\t\t\t\t\t\n\t\t\t\t<\/figcaption>\n\t\t\t<\/figure>\n\t\t\t<figure class=\"post-gallery-item\">\n\t\t\t\t<img decoding=\"async\" src=\"https:\/\/www.pressenza.com\/wp-content\/uploads\/2024\/02\/free-assange-Sidney.jpg\" loading=\"lazy\">\n\t\t\t\t<figcaption>\n\t\t\t\t\t\n\t\t\t\t<\/figcaption>\n\t\t\t<\/figure>\n\t\t\t<figure class=\"post-gallery-item\">\n\t\t\t\t<img decoding=\"async\" src=\"https:\/\/www.pressenza.com\/wp-content\/uploads\/2024\/02\/free-assange-Melbourne.jpg\" loading=\"lazy\">\n\t\t\t\t<figcaption>\n\t\t\t\t\t\n\t\t\t\t<\/figcaption>\n\t\t\t<\/figure><\/div>\n<p><strong>Autriche<\/strong><\/p>\n<div class=\"post-gallery\">\n\t\t\t<figure class=\"post-gallery-item\">\n\t\t\t\t<img decoding=\"async\" src=\"https:\/\/www.pressenza.com\/wp-content\/uploads\/2024\/02\/free-assange-wien-02-820x615.jpg\" loading=\"lazy\">\n\t\t\t\t<figcaption>\n\t\t\t\t\t\n\t\t\t\t<\/figcaption>\n\t\t\t<\/figure>\n\t\t\t<figure class=\"post-gallery-item\">\n\t\t\t\t<img decoding=\"async\" src=\"https:\/\/www.pressenza.com\/wp-content\/uploads\/2024\/02\/free-assange-wien-820x615.jpg\" loading=\"lazy\">\n\t\t\t\t<figcaption>\n\t\t\t\t\t\n\t\t\t\t<\/figcaption>\n\t\t\t<\/figure><\/div>\n<p><strong>Bulgarie<\/strong><\/p>\n<p><img loading=\"lazy\" decoding=\"async\" class=\"alignnone wp-image-1826632 size-full\" src=\"https:\/\/www.pressenza.com\/wp-content\/uploads\/2024\/02\/free-assange-sofia.jpg\" alt=\"\" width=\"1280\" height=\"878\" srcset=\"https:\/\/www.pressenza.com\/wp-content\/uploads\/2024\/02\/free-assange-sofia.jpg 1280w, https:\/\/www.pressenza.com\/wp-content\/uploads\/2024\/02\/free-assange-sofia-300x206.jpg 300w, https:\/\/www.pressenza.com\/wp-content\/uploads\/2024\/02\/free-assange-sofia-820x562.jpg 820w\" sizes=\"auto, (max-width: 1280px) 100vw, 1280px\" \/><\/p>\n<p><strong>Croatie<\/strong><\/p>\n<div class=\"post-gallery\">\n\t\t\t<figure class=\"post-gallery-item\">\n\t\t\t\t<img decoding=\"async\" src=\"https:\/\/www.pressenza.com\/wp-content\/uploads\/2024\/02\/free-assange-Zagreb-03-820x567.jpg\" loading=\"lazy\">\n\t\t\t\t<figcaption>\n\t\t\t\t\t\n\t\t\t\t<\/figcaption>\n\t\t\t<\/figure>\n\t\t\t<figure class=\"post-gallery-item\">\n\t\t\t\t<img decoding=\"async\" src=\"https:\/\/www.pressenza.com\/wp-content\/uploads\/2024\/02\/free-assange-Zagreb-02-820x615.jpg\" loading=\"lazy\">\n\t\t\t\t<figcaption>\n\t\t\t\t\t\n\t\t\t\t<\/figcaption>\n\t\t\t<\/figure><\/div>\n<p><strong>Dinamarque<\/strong><\/p>\n<p><img loading=\"lazy\" decoding=\"async\" class=\"alignnone wp-image-1826628 size-full\" src=\"https:\/\/www.pressenza.com\/wp-content\/uploads\/2024\/02\/free-assange-copenhagen.jpg\" alt=\"\" width=\"1280\" height=\"960\" srcset=\"https:\/\/www.pressenza.com\/wp-content\/uploads\/2024\/02\/free-assange-copenhagen.jpg 1280w, https:\/\/www.pressenza.com\/wp-content\/uploads\/2024\/02\/free-assange-copenhagen-300x225.jpg 300w, https:\/\/www.pressenza.com\/wp-content\/uploads\/2024\/02\/free-assange-copenhagen-820x615.jpg 820w\" sizes=\"auto, (max-width: 1280px) 100vw, 1280px\" \/><\/p>\n<p><strong>Espagne<\/strong><\/p>\n<div class=\"post-gallery\">\n\t\t\t<figure class=\"post-gallery-item\">\n\t\t\t\t<img decoding=\"async\" src=\"https:\/\/www.pressenza.com\/wp-content\/uploads\/2024\/02\/free-assange-Barcelona-820x461.jpg\" loading=\"lazy\">\n\t\t\t\t<figcaption>\n\t\t\t\t\t\n\t\t\t\t<\/figcaption>\n\t\t\t<\/figure>\n\t\t\t<figure class=\"post-gallery-item\">\n\t\t\t\t<img decoding=\"async\" src=\"https:\/\/www.pressenza.com\/wp-content\/uploads\/2024\/02\/free-assange-Barcelona-03-820x615.jpg\" loading=\"lazy\">\n\t\t\t\t<figcaption>\n\t\t\t\t\t\n\t\t\t\t<\/figcaption>\n\t\t\t<\/figure>\n\t\t\t<figure class=\"post-gallery-item\">\n\t\t\t\t<img decoding=\"async\" src=\"https:\/\/www.pressenza.com\/wp-content\/uploads\/2024\/02\/free-assange-Barcelona-02-820x615.jpg\" loading=\"lazy\">\n\t\t\t\t<figcaption>\n\t\t\t\t\t\n\t\t\t\t<\/figcaption>\n\t\t\t<\/figure>\n\t\t\t<figure class=\"post-gallery-item\">\n\t\t\t\t<img decoding=\"async\" src=\"https:\/\/www.pressenza.com\/wp-content\/uploads\/2024\/02\/free-assange-Tarragona-820x461.jpg\" loading=\"lazy\">\n\t\t\t\t<figcaption>\n\t\t\t\t\t\n\t\t\t\t<\/figcaption>\n\t\t\t<\/figure><\/div>\n<p><strong>France<\/strong><\/p>\n<div class=\"post-gallery\">\n\t\t\t<figure class=\"post-gallery-item\">\n\t\t\t\t<img decoding=\"async\" src=\"https:\/\/www.pressenza.com\/wp-content\/uploads\/2024\/02\/free-assange-Paris-820x571.jpg\" loading=\"lazy\">\n\t\t\t\t<figcaption>\n\t\t\t\t\t\n\t\t\t\t<\/figcaption>\n\t\t\t<\/figure>\n\t\t\t<figure class=\"post-gallery-item\">\n\t\t\t\t<img decoding=\"async\" src=\"https:\/\/www.pressenza.com\/wp-content\/uploads\/2024\/02\/free-assange-Paris-02-820x491.jpg\" loading=\"lazy\">\n\t\t\t\t<figcaption>\n\t\t\t\t\t\n\t\t\t\t<\/figcaption>\n\t\t\t<\/figure>\n\t\t\t<figure class=\"post-gallery-item\">\n\t\t\t\t<img decoding=\"async\" src=\"https:\/\/www.pressenza.com\/wp-content\/uploads\/2024\/02\/free-assange-Paris-03-820x615.jpg\" loading=\"lazy\">\n\t\t\t\t<figcaption>\n\t\t\t\t\t\n\t\t\t\t<\/figcaption>\n\t\t\t<\/figure>\n\t\t\t<figure class=\"post-gallery-item\">\n\t\t\t\t<img decoding=\"async\" src=\"https:\/\/www.pressenza.com\/wp-content\/uploads\/2024\/02\/free-assange-mulhouse-820x615.jpg\" loading=\"lazy\">\n\t\t\t\t<figcaption>\n\t\t\t\t\t\n\t\t\t\t<\/figcaption>\n\t\t\t<\/figure><\/div>\n<p><strong>Hollande<\/strong><\/p>\n<div class=\"post-gallery\">\n\t\t\t<figure class=\"post-gallery-item\">\n\t\t\t\t<img decoding=\"async\" src=\"https:\/\/www.pressenza.com\/wp-content\/uploads\/2024\/02\/free-assange-amsterdam-02-820x615.jpg\" loading=\"lazy\">\n\t\t\t\t<figcaption>\n\t\t\t\t\t\n\t\t\t\t<\/figcaption>\n\t\t\t<\/figure>\n\t\t\t<figure class=\"post-gallery-item\">\n\t\t\t\t<img decoding=\"async\" src=\"https:\/\/www.pressenza.com\/wp-content\/uploads\/2024\/02\/free-assange-amsterdam-820x615.jpg\" loading=\"lazy\">\n\t\t\t\t<figcaption>\n\t\t\t\t\t\n\t\t\t\t<\/figcaption>\n\t\t\t<\/figure><\/div>\n<p><strong>Italie<\/strong><\/p>\n<p><a href=\"https:\/\/www.pressenza.com\/it\/2024\/02\/free-julian-assange-le-manifestazioni-in-italia\/\">Free Julian Assange! Manifestations en Italie<\/a><\/p>\n<p><strong>Grande Bretagne<\/strong><\/p>\n<div class=\"post-gallery\">\n\t\t\t<figure class=\"post-gallery-item\">\n\t\t\t\t<img decoding=\"async\" src=\"https:\/\/www.pressenza.com\/wp-content\/uploads\/2024\/02\/free-assange-London-03-820x395.jpg\" loading=\"lazy\">\n\t\t\t\t<figcaption>\n\t\t\t\t\t(Foto de https:\/\/t.me\/dayxliveaction)\n\t\t\t\t<\/figcaption>\n\t\t\t<\/figure>\n\t\t\t<figure class=\"post-gallery-item\">\n\t\t\t\t<img decoding=\"async\" src=\"https:\/\/www.pressenza.com\/wp-content\/uploads\/2024\/02\/free-assange-London-02-768x1024.jpg\" loading=\"lazy\">\n\t\t\t\t<figcaption>\n\t\t\t\t\t\n\t\t\t\t<\/figcaption>\n\t\t\t<\/figure>\n\t\t\t<figure class=\"post-gallery-item\">\n\t\t\t\t<img decoding=\"async\" src=\"https:\/\/www.pressenza.com\/wp-content\/uploads\/2024\/02\/free-assange-London-01-768x1024.jpg\" loading=\"lazy\">\n\t\t\t\t<figcaption>\n\t\t\t\t\t\n\t\t\t\t<\/figcaption>\n\t\t\t<\/figure><\/div>\n<p><strong>Mexique<\/strong><\/p>\n<p><img loading=\"lazy\" decoding=\"async\" class=\"alignnone size-medium wp-image-1826618\" src=\"https:\/\/www.pressenza.com\/wp-content\/uploads\/2024\/02\/free-assange-ciudad-de-mexico-300x225.jpg\" alt=\"\" width=\"300\" height=\"225\" srcset=\"https:\/\/www.pressenza.com\/wp-content\/uploads\/2024\/02\/free-assange-ciudad-de-mexico-300x225.jpg 300w, https:\/\/www.pressenza.com\/wp-content\/uploads\/2024\/02\/free-assange-ciudad-de-mexico-820x615.jpg 820w, https:\/\/www.pressenza.com\/wp-content\/uploads\/2024\/02\/free-assange-ciudad-de-mexico.jpg 1080w\" sizes=\"auto, (max-width: 300px) 100vw, 300px\" \/><\/p>\n","protected":false},"excerpt":{"rendered":"<p>Ce mardi 20 f\u00e9vrier 2024, le Jour X, un seul cri a retenti sur les places du monde entier : Libert\u00e9 pour Assange! Ces 20 et 21 f\u00e9vrier a lieu \u00e0 Londres une audience importante dans la longue proc\u00e9dure d&rsquo;extradition&hellip;<\/p>\n","protected":false},"author":19,"featured_media":1826657,"comment_status":"closed","ping_status":"closed","sticky":false,"template":"","format":"standard","meta":{"footnotes":""},"categories":[11386,98,40,5700],"tags":[57707,62786,3524],"class_list":["post-1826645","post","type-post","status-publish","format-standard","has-post-thumbnail","hentry","category-contenu-original","category-droits-de-lhomme","category-international-fr","category-reportages-photo","tag-assange-fr","tag-freeassange-fr","tag-julian-assange-fr"],"yoast_head":"<!-- This site is optimized with the Yoast SEO plugin v27.1.1 - https:\/\/yoast.com\/product\/yoast-seo-wordpress\/ -->\n<title>Le monde entier demande la lib\u00e9ration d&#039;Assange<\/title>\n<meta name=\"description\" content=\"Ce mardi 20 f\u00e9vrier 2024, le Jour X, un seul cri a retenti sur les places du monde entier : Libert\u00e9 pour Assange! Ces 20 et 21 f\u00e9vrier a lieu \u00e0 Londres\" \/>\n<meta name=\"robots\" content=\"index, follow, max-snippet:-1, max-image-preview:large, max-video-preview:-1\" \/>\n<link rel=\"canonical\" href=\"https:\/\/www.pressenza.com\/fr\/2024\/02\/le-monde-entier-demande-la-liberation-dassange\/\" \/>\n<meta property=\"og:locale\" content=\"fr_FR\" \/>\n<meta property=\"og:type\" content=\"article\" \/>\n<meta property=\"og:title\" content=\"Le monde entier demande la lib\u00e9ration d&#039;Assange\" \/>\n<meta property=\"og:description\" content=\"Ce mardi 20 f\u00e9vrier 2024, le Jour X, un seul cri a retenti sur les places du monde entier : Libert\u00e9 pour Assange! Ces 20 et 21 f\u00e9vrier a lieu \u00e0 Londres\" \/>\n<meta property=\"og:url\" content=\"https:\/\/www.pressenza.com\/fr\/2024\/02\/le-monde-entier-demande-la-liberation-dassange\/\" \/>\n<meta property=\"og:site_name\" content=\"Pressenza\" \/>\n<meta property=\"article:publisher\" content=\"https:\/\/www.facebook.com\/PressenzaItalia\" \/>\n<meta property=\"article:author\" content=\"https:\/\/www.facebook.com\/pressenza\" \/>\n<meta property=\"article:published_time\" content=\"2024-02-21T01:56:27+00:00\" \/>\n<meta property=\"og:image\" content=\"https:\/\/www.pressenza.com\/wp-content\/uploads\/2024\/02\/free-assange-London-03.jpg\" \/>\n\t<meta property=\"og:image:width\" content=\"1280\" \/>\n\t<meta property=\"og:image:height\" content=\"616\" \/>\n\t<meta property=\"og:image:type\" content=\"image\/jpeg\" \/>\n<meta name=\"author\" content=\"Pressenza IPA\" \/>\n<meta name=\"twitter:card\" content=\"summary_large_image\" \/>\n<meta name=\"twitter:creator\" content=\"@PressenzaIPA\" \/>\n<meta name=\"twitter:site\" content=\"@PressenzaIPA\" \/>\n<meta name=\"twitter:label1\" content=\"\u00c9crit par\" \/>\n\t<meta name=\"twitter:data1\" content=\"Pressenza IPA\" \/>\n\t<meta name=\"twitter:label2\" content=\"Dur\u00e9e de lecture estim\u00e9e\" \/>\n\t<meta name=\"twitter:data2\" content=\"3 minutes\" \/>\n<script type=\"application\/ld+json\" class=\"yoast-schema-graph\">{\"@context\":\"https:\/\/schema.org\",\"@graph\":[{\"@type\":\"Article\",\"@id\":\"https:\/\/www.pressenza.com\/fr\/2024\/02\/le-monde-entier-demande-la-liberation-dassange\/#article\",\"isPartOf\":{\"@id\":\"https:\/\/www.pressenza.com\/fr\/2024\/02\/le-monde-entier-demande-la-liberation-dassange\/\"},\"author\":{\"name\":\"Pressenza IPA\",\"@id\":\"https:\/\/www.pressenza.com\/fr\/#\/schema\/person\/010e5d02bcf40965427a1289a4cc8d75\"},\"headline\":\"Le monde entier demande la lib\u00e9ration d&rsquo;Assange\",\"datePublished\":\"2024-02-21T01:56:27+00:00\",\"mainEntityOfPage\":{\"@id\":\"https:\/\/www.pressenza.com\/fr\/2024\/02\/le-monde-entier-demande-la-liberation-dassange\/\"},\"wordCount\":379,\"publisher\":{\"@id\":\"https:\/\/www.pressenza.com\/fr\/#organization\"},\"image\":{\"@id\":\"https:\/\/www.pressenza.com\/fr\/2024\/02\/le-monde-entier-demande-la-liberation-dassange\/#primaryimage\"},\"thumbnailUrl\":\"https:\/\/www.pressenza.com\/wp-content\/uploads\/2024\/02\/free-assange-London-03.jpg\",\"keywords\":[\"#Assange\",\"#FreeAssange\",\"Julian Assange\"],\"articleSection\":[\"Contenu Original\",\"Droits humains\",\"International\",\"Reportages photo\"],\"inLanguage\":\"fr-FR\"},{\"@type\":\"WebPage\",\"@id\":\"https:\/\/www.pressenza.com\/fr\/2024\/02\/le-monde-entier-demande-la-liberation-dassange\/\",\"url\":\"https:\/\/www.pressenza.com\/fr\/2024\/02\/le-monde-entier-demande-la-liberation-dassange\/\",\"name\":\"Le monde entier demande la lib\u00e9ration d'Assange\",\"isPartOf\":{\"@id\":\"https:\/\/www.pressenza.com\/fr\/#website\"},\"primaryImageOfPage\":{\"@id\":\"https:\/\/www.pressenza.com\/fr\/2024\/02\/le-monde-entier-demande-la-liberation-dassange\/#primaryimage\"},\"image\":{\"@id\":\"https:\/\/www.pressenza.com\/fr\/2024\/02\/le-monde-entier-demande-la-liberation-dassange\/#primaryimage\"},\"thumbnailUrl\":\"https:\/\/www.pressenza.com\/wp-content\/uploads\/2024\/02\/free-assange-London-03.jpg\",\"datePublished\":\"2024-02-21T01:56:27+00:00\",\"description\":\"Ce mardi 20 f\u00e9vrier 2024, le Jour X, un seul cri a retenti sur les places du monde entier : Libert\u00e9 pour Assange! Ces 20 et 21 f\u00e9vrier a lieu \u00e0 Londres\",\"breadcrumb\":{\"@id\":\"https:\/\/www.pressenza.com\/fr\/2024\/02\/le-monde-entier-demande-la-liberation-dassange\/#breadcrumb\"},\"inLanguage\":\"fr-FR\",\"potentialAction\":[{\"@type\":\"ReadAction\",\"target\":[\"https:\/\/www.pressenza.com\/fr\/2024\/02\/le-monde-entier-demande-la-liberation-dassange\/\"]}]},{\"@type\":\"ImageObject\",\"inLanguage\":\"fr-FR\",\"@id\":\"https:\/\/www.pressenza.com\/fr\/2024\/02\/le-monde-entier-demande-la-liberation-dassange\/#primaryimage\",\"url\":\"https:\/\/www.pressenza.com\/wp-content\/uploads\/2024\/02\/free-assange-London-03.jpg\",\"contentUrl\":\"https:\/\/www.pressenza.com\/wp-content\/uploads\/2024\/02\/free-assange-London-03.jpg\",\"width\":1280,\"height\":616,\"caption\":\"(Foto de https:\/\/t.me\/dayxliveaction)\"},{\"@type\":\"BreadcrumbList\",\"@id\":\"https:\/\/www.pressenza.com\/fr\/2024\/02\/le-monde-entier-demande-la-liberation-dassange\/#breadcrumb\",\"itemListElement\":[{\"@type\":\"ListItem\",\"position\":1,\"name\":\"Accueil\",\"item\":\"https:\/\/www.pressenza.com\/fr\/\"},{\"@type\":\"ListItem\",\"position\":2,\"name\":\"Le monde entier demande la lib\u00e9ration d&rsquo;Assange\"}]},{\"@type\":\"WebSite\",\"@id\":\"https:\/\/www.pressenza.com\/fr\/#website\",\"url\":\"https:\/\/www.pressenza.com\/fr\/\",\"name\":\"Pressenza\",\"description\":\"International Press Agency\",\"publisher\":{\"@id\":\"https:\/\/www.pressenza.com\/fr\/#organization\"},\"potentialAction\":[{\"@type\":\"SearchAction\",\"target\":{\"@type\":\"EntryPoint\",\"urlTemplate\":\"https:\/\/www.pressenza.com\/fr\/?s={search_term_string}\"},\"query-input\":{\"@type\":\"PropertyValueSpecification\",\"valueRequired\":true,\"valueName\":\"search_term_string\"}}],\"inLanguage\":\"fr-FR\"},{\"@type\":\"Organization\",\"@id\":\"https:\/\/www.pressenza.com\/fr\/#organization\",\"name\":\"Pressenza\",\"url\":\"https:\/\/www.pressenza.com\/fr\/\",\"logo\":{\"@type\":\"ImageObject\",\"inLanguage\":\"fr-FR\",\"@id\":\"https:\/\/www.pressenza.com\/fr\/#\/schema\/logo\/image\/\",\"url\":\"https:\/\/www.pressenza.com\/wp-content\/uploads\/2022\/10\/pressenza_logo_200x200.jpg\",\"contentUrl\":\"https:\/\/www.pressenza.com\/wp-content\/uploads\/2022\/10\/pressenza_logo_200x200.jpg\",\"width\":200,\"height\":200,\"caption\":\"Pressenza\"},\"image\":{\"@id\":\"https:\/\/www.pressenza.com\/fr\/#\/schema\/logo\/image\/\"},\"sameAs\":[\"https:\/\/www.facebook.com\/PressenzaItalia\",\"https:\/\/x.com\/PressenzaIPA\"]},{\"@type\":\"Person\",\"@id\":\"https:\/\/www.pressenza.com\/fr\/#\/schema\/person\/010e5d02bcf40965427a1289a4cc8d75\",\"name\":\"Pressenza IPA\",\"description\":\"News from Pressenza IPA correspondents\",\"sameAs\":[\"https:\/\/www.facebook.com\/pressenza\",\"https:\/\/x.com\/PressenzaIPA\"],\"url\":\"https:\/\/www.pressenza.com\/fr\/author\/pressenza-ipa\/\"}]}<\/script>\n<!-- \/ Yoast SEO plugin. -->","yoast_head_json":{"title":"Le monde entier demande la lib\u00e9ration d'Assange","description":"Ce mardi 20 f\u00e9vrier 2024, le Jour X, un seul cri a retenti sur les places du monde entier : Libert\u00e9 pour Assange! Ces 20 et 21 f\u00e9vrier a lieu \u00e0 Londres","robots":{"index":"index","follow":"follow","max-snippet":"max-snippet:-1","max-image-preview":"max-image-preview:large","max-video-preview":"max-video-preview:-1"},"canonical":"https:\/\/www.pressenza.com\/fr\/2024\/02\/le-monde-entier-demande-la-liberation-dassange\/","og_locale":"fr_FR","og_type":"article","og_title":"Le monde entier demande la lib\u00e9ration d'Assange","og_description":"Ce mardi 20 f\u00e9vrier 2024, le Jour X, un seul cri a retenti sur les places du monde entier : Libert\u00e9 pour Assange! Ces 20 et 21 f\u00e9vrier a lieu \u00e0 Londres","og_url":"https:\/\/www.pressenza.com\/fr\/2024\/02\/le-monde-entier-demande-la-liberation-dassange\/","og_site_name":"Pressenza","article_publisher":"https:\/\/www.facebook.com\/PressenzaItalia","article_author":"https:\/\/www.facebook.com\/pressenza","article_published_time":"2024-02-21T01:56:27+00:00","og_image":[{"width":1280,"height":616,"url":"https:\/\/www.pressenza.com\/wp-content\/uploads\/2024\/02\/free-assange-London-03.jpg","type":"image\/jpeg"}],"author":"Pressenza IPA","twitter_card":"summary_large_image","twitter_creator":"@PressenzaIPA","twitter_site":"@PressenzaIPA","twitter_misc":{"\u00c9crit par":"Pressenza IPA","Dur\u00e9e de lecture estim\u00e9e":"3 minutes"},"schema":{"@context":"https:\/\/schema.org","@graph":[{"@type":"Article","@id":"https:\/\/www.pressenza.com\/fr\/2024\/02\/le-monde-entier-demande-la-liberation-dassange\/#article","isPartOf":{"@id":"https:\/\/www.pressenza.com\/fr\/2024\/02\/le-monde-entier-demande-la-liberation-dassange\/"},"author":{"name":"Pressenza IPA","@id":"https:\/\/www.pressenza.com\/fr\/#\/schema\/person\/010e5d02bcf40965427a1289a4cc8d75"},"headline":"Le monde entier demande la lib\u00e9ration d&rsquo;Assange","datePublished":"2024-02-21T01:56:27+00:00","mainEntityOfPage":{"@id":"https:\/\/www.pressenza.com\/fr\/2024\/02\/le-monde-entier-demande-la-liberation-dassange\/"},"wordCount":379,"publisher":{"@id":"https:\/\/www.pressenza.com\/fr\/#organization"},"image":{"@id":"https:\/\/www.pressenza.com\/fr\/2024\/02\/le-monde-entier-demande-la-liberation-dassange\/#primaryimage"},"thumbnailUrl":"https:\/\/www.pressenza.com\/wp-content\/uploads\/2024\/02\/free-assange-London-03.jpg","keywords":["#Assange","#FreeAssange","Julian Assange"],"articleSection":["Contenu Original","Droits humains","International","Reportages photo"],"inLanguage":"fr-FR"},{"@type":"WebPage","@id":"https:\/\/www.pressenza.com\/fr\/2024\/02\/le-monde-entier-demande-la-liberation-dassange\/","url":"https:\/\/www.pressenza.com\/fr\/2024\/02\/le-monde-entier-demande-la-liberation-dassange\/","name":"Le monde entier demande la lib\u00e9ration d'Assange","isPartOf":{"@id":"https:\/\/www.pressenza.com\/fr\/#website"},"primaryImageOfPage":{"@id":"https:\/\/www.pressenza.com\/fr\/2024\/02\/le-monde-entier-demande-la-liberation-dassange\/#primaryimage"},"image":{"@id":"https:\/\/www.pressenza.com\/fr\/2024\/02\/le-monde-entier-demande-la-liberation-dassange\/#primaryimage"},"thumbnailUrl":"https:\/\/www.pressenza.com\/wp-content\/uploads\/2024\/02\/free-assange-London-03.jpg","datePublished":"2024-02-21T01:56:27+00:00","description":"Ce mardi 20 f\u00e9vrier 2024, le Jour X, un seul cri a retenti sur les places du monde entier : Libert\u00e9 pour Assange! Ces 20 et 21 f\u00e9vrier a lieu \u00e0 Londres","breadcrumb":{"@id":"https:\/\/www.pressenza.com\/fr\/2024\/02\/le-monde-entier-demande-la-liberation-dassange\/#breadcrumb"},"inLanguage":"fr-FR","potentialAction":[{"@type":"ReadAction","target":["https:\/\/www.pressenza.com\/fr\/2024\/02\/le-monde-entier-demande-la-liberation-dassange\/"]}]},{"@type":"ImageObject","inLanguage":"fr-FR","@id":"https:\/\/www.pressenza.com\/fr\/2024\/02\/le-monde-entier-demande-la-liberation-dassange\/#primaryimage","url":"https:\/\/www.pressenza.com\/wp-content\/uploads\/2024\/02\/free-assange-London-03.jpg","contentUrl":"https:\/\/www.pressenza.com\/wp-content\/uploads\/2024\/02\/free-assange-London-03.jpg","width":1280,"height":616,"caption":"(Foto de https:\/\/t.me\/dayxliveaction)"},{"@type":"BreadcrumbList","@id":"https:\/\/www.pressenza.com\/fr\/2024\/02\/le-monde-entier-demande-la-liberation-dassange\/#breadcrumb","itemListElement":[{"@type":"ListItem","position":1,"name":"Accueil","item":"https:\/\/www.pressenza.com\/fr\/"},{"@type":"ListItem","position":2,"name":"Le monde entier demande la lib\u00e9ration d&rsquo;Assange"}]},{"@type":"WebSite","@id":"https:\/\/www.pressenza.com\/fr\/#website","url":"https:\/\/www.pressenza.com\/fr\/","name":"Pressenza","description":"International Press Agency","publisher":{"@id":"https:\/\/www.pressenza.com\/fr\/#organization"},"potentialAction":[{"@type":"SearchAction","target":{"@type":"EntryPoint","urlTemplate":"https:\/\/www.pressenza.com\/fr\/?s={search_term_string}"},"query-input":{"@type":"PropertyValueSpecification","valueRequired":true,"valueName":"search_term_string"}}],"inLanguage":"fr-FR"},{"@type":"Organization","@id":"https:\/\/www.pressenza.com\/fr\/#organization","name":"Pressenza","url":"https:\/\/www.pressenza.com\/fr\/","logo":{"@type":"ImageObject","inLanguage":"fr-FR","@id":"https:\/\/www.pressenza.com\/fr\/#\/schema\/logo\/image\/","url":"https:\/\/www.pressenza.com\/wp-content\/uploads\/2022\/10\/pressenza_logo_200x200.jpg","contentUrl":"https:\/\/www.pressenza.com\/wp-content\/uploads\/2022\/10\/pressenza_logo_200x200.jpg","width":200,"height":200,"caption":"Pressenza"},"image":{"@id":"https:\/\/www.pressenza.com\/fr\/#\/schema\/logo\/image\/"},"sameAs":["https:\/\/www.facebook.com\/PressenzaItalia","https:\/\/x.com\/PressenzaIPA"]},{"@type":"Person","@id":"https:\/\/www.pressenza.com\/fr\/#\/schema\/person\/010e5d02bcf40965427a1289a4cc8d75","name":"Pressenza IPA","description":"News from Pressenza IPA correspondents","sameAs":["https:\/\/www.facebook.com\/pressenza","https:\/\/x.com\/PressenzaIPA"],"url":"https:\/\/www.pressenza.com\/fr\/author\/pressenza-ipa\/"}]}},"place":"","original_article_url":"","_links":{"self":[{"href":"https:\/\/www.pressenza.com\/fr\/wp-json\/wp\/v2\/posts\/1826645","targetHints":{"allow":["GET"]}}],"collection":[{"href":"https:\/\/www.pressenza.com\/fr\/wp-json\/wp\/v2\/posts"}],"about":[{"href":"https:\/\/www.pressenza.com\/fr\/wp-json\/wp\/v2\/types\/post"}],"author":[{"embeddable":true,"href":"https:\/\/www.pressenza.com\/fr\/wp-json\/wp\/v2\/users\/19"}],"replies":[{"embeddable":true,"href":"https:\/\/www.pressenza.com\/fr\/wp-json\/wp\/v2\/comments?post=1826645"}],"version-history":[{"count":0,"href":"https:\/\/www.pressenza.com\/fr\/wp-json\/wp\/v2\/posts\/1826645\/revisions"}],"wp:featuredmedia":[{"embeddable":true,"href":"https:\/\/www.pressenza.com\/fr\/wp-json\/wp\/v2\/media\/1826657"}],"wp:attachment":[{"href":"https:\/\/www.pressenza.com\/fr\/wp-json\/wp\/v2\/media?parent=1826645"}],"wp:term":[{"taxonomy":"category","embeddable":true,"href":"https:\/\/www.pressenza.com\/fr\/wp-json\/wp\/v2\/categories?post=1826645"},{"taxonomy":"post_tag","embeddable":true,"href":"https:\/\/www.pressenza.com\/fr\/wp-json\/wp\/v2\/tags?post=1826645"}],"curies":[{"name":"wp","href":"https:\/\/api.w.org\/{rel}","templated":true}]}}