{"id":18256,"date":"2012-09-30T19:37:30","date_gmt":"2012-09-30T19:37:30","guid":{"rendered":"http:\/\/www.pressenza.com\/?p=18256"},"modified":"2012-10-01T20:29:35","modified_gmt":"2012-10-01T20:29:35","slug":"les-medias-peuvent-ils-changer-le-monde","status":"publish","type":"post","link":"https:\/\/www.pressenza.com\/fr\/2012\/09\/les-medias-peuvent-ils-changer-le-monde\/","title":{"rendered":"Les m\u00e9dias peuvent-ils changer le monde ?"},"content":{"rendered":"<p>Une soir\u00e9e interactive autour du r\u00f4le des m\u00e9dias et de son impact sur la soci\u00e9t\u00e9 civile.<\/p>\n<p>19 septembre 2012, de 19h30 \u00e0 23 h, lors du Forum Mondial Convergences 2015 \u00e0 Paris.<\/p>\n<p>Les m\u00e9dias peuvent changer le monde, ceci fut le message transmis par Rahul Kansal, Directeur marketing de Times hind\u00fa\u00a0; Didier Pourquery, R\u00e9dacteur en chef du journal Le Monde et Monique Villa, Directrice de la Fondation Thomson Reuters et ancienne Directrice de l&rsquo;Agence de presse Reuters.<\/p>\n<p>C&rsquo;est elle qui a commenc\u00e9 avec les pr\u00e9sentations et les arguments concernant l&rsquo;impact social du journalisme et la fa\u00e7on dont l&rsquo;opportunisme peut changer la situation de beaucoup de gens, \u00ab\u00a0faire les choses au bon moment\u00a0\u00bb. Le travail de la fondation a permis de lancer des radios dans des endroits sinistr\u00e9s avec pour mission d&rsquo;informer les victimes des catastrophes, en rassemblant toutes les informations leur pouvant \u00eatre utiles et non en produisant des contenus pour l&rsquo;ext\u00e9rieur.<\/p>\n<p>Le R\u00e9dacteur en chef du journal Le Monde a montr\u00e9 une facette de lui tr\u00e8s optimiste, en affirmant que les journalistes sont des gens avides de partage et doivent s\u2019adapter \u00e0 l&rsquo;\u00e9volution du temps en faisant que cette information circule en parit\u00e9 entre les lecteurs et \u00ab\u00a0pas en sermonnant\u00a0\u00bb.<\/p>\n<p>Christian de Boisredon, fondateur de Spark News, qui a organis\u00e9 l&rsquo;\u00e9v\u00e9nement, a diagnostiqu\u00e9 la n\u00e9gativit\u00e9 et la tristesse que transmettent les m\u00e9dias et a expliqu\u00e9 que la mission de Spark News est d\u2019\u00eatre une source pour le journalisme des activit\u00e9s des associations sociales, ainsi que des progr\u00e8s qui se produisent dans tous les domaines de la vie. \u00ab\u00a0Un article peut inspirer quelqu\u2019un d\u2019entreprenant et son action peut sauver 20.000 vies. Et bien s\u00fbr, ce journaliste aura aussi sauv\u00e9 20.000 vies, mais il n\u2019est tout simplement pas au courant\u00a0\u00bb, a-t-il soulign\u00e9.<\/p>\n<p><strong>Le mot commen\u00e7ant par E<\/strong><\/p>\n<p>Tr\u00e8s rapidement le mot \u00e9thique fut prononc\u00e9 par la bouche des orateurs, lequel fut li\u00e9 \u00e0 la fa\u00e7on de travailler des journalistes, comme base de l&rsquo;information. Didier Pourquery, ancien R\u00e9dacteur en chef du journal Lib\u00e9ration, a insist\u00e9 sur la n\u00e9cessit\u00e9 de valider les nouvelles positives par leur efficacit\u00e9 et non par simple compassion de la cause.<\/p>\n<p>Madame Villa travaille avec sa fondation et r\u00e9alise le suivi des aides \u00e9conomiques, des dons, voir o\u00f9, comment et quel montant de cet argent va aux personnes qui doivent le recevoir. C&rsquo;est sa fa\u00e7on de lutter contre la corruption, c\u2019est d\u2019ailleurs une des pierres angulaires du travail de la fondation.<\/p>\n<p>Mais nous avons d\u00fb attendre plus d&rsquo;une heure et voir passer plusieurs exposants pour qu\u2019enfin quelqu&rsquo;un ose remettre en cause l&rsquo;\u00e9thique des m\u00e9dias. De grandes entreprises, qui ont des int\u00e9r\u00eats multiples et qui sont tr\u00e8s affectueuses avec leurs annonceurs. Ce fut le repr\u00e9sentant de Youphil, un journal en ligne, qui a mis la puce \u00e0 l&rsquo;oreille des cadres des grands m\u00e9dias.<\/p>\n<p><strong>Exposants<\/strong><\/p>\n<p>Youphil, L&rsquo;Express et We demain furent quelques-uns des m\u00e9dias qui \u00e9taient dispos\u00e9s \u00e0 transmettre d&rsquo;autres types de valeurs et de nouvelles. Aussi Let\u2019s Do It, Detroit Je t\u2019aime, Shamengo ou le Projetlmagine montrent d&rsquo;autres type d\u2019acteurs sociaux. Ils nous montrent ces personnalit\u00e9s qui n&rsquo;ont pas leur place dans les grands m\u00e9dias ou qui, dans la plupart des cas, n&rsquo;ont pas le temps n\u00e9cessaire pour expliquer leurs actions et ainsi devenir \u00ab\u00a0la grande nouvelle du journal\u00a0\u00bb.<\/p>\n<p>MakeSense fut pr\u00e9sent\u00e9 par F\u00e9lix Beaulieu, qui l&rsquo;a d\u00e9crit comme un r\u00e9seau professionnel commun. Un groupe qui exploite l&rsquo;intelligence de tout le monde pour trouver des solutions \u00e0 des probl\u00e8mes sp\u00e9cifiques d\u00e9coulant des membres eux-m\u00eames.<\/p>\n<p>Radio Mucodec travaille au Congo et est un projet qui permet de d\u00e9velopper un m\u00e9dia de proximit\u00e9 qui parle la langue du peuple et qui se bat pour d\u00e9fendre et promouvoir la musique traditionnelle, indig\u00e8ne, en voie de disparition au c\u0153ur de l&rsquo;Afrique.<\/p>\n<p><strong>Le monde changera les m\u00e9dias<\/strong><\/p>\n<p>Apr\u00e8s avoir parl\u00e9 avec quelques-uns des exposants et une partie du public de la grande salle du Palais Brongniart \u00e0 Paris, j\u2019ai entendu des descriptions des m\u00e9dias plut\u00f4t grossi\u00e8res. \u00ab\u00a0Tout ce qui passe \u00e0 la TV c&rsquo;est des foutaises\u00a0\u00bb, \u00ab\u00a0il n&rsquo;y a pas de place pour l&rsquo;espoir, tout est d\u00e9solation\u00bb ou encore \u00ab\u00a0les m\u00e9dias veulent nous d\u00e9primer\u00a0\u00bb.<\/p>\n<p>Ainsi, face \u00e0 ce manque de perspectives sur le r\u00f4le des m\u00e9dias, la question de savoir s&rsquo;ils \u00e9taient capables de changer le monde avait maintenant plusieurs r\u00e9ponses possibles. \u00ab\u00a0Les m\u00e9dias pr\u00e9tendent vouloir changer le monde, ce qui n&rsquo;est pas clair, c\u2019est dans quelle direction\u00a0\u00bb ou \u00ab\u00a0les gens sont fatigu\u00e9s des m\u00e9dias conventionnels, et ne les croient plus, il faut juste esp\u00e9rer que le monde change les m\u00e9dias\u00a0\u00bb.<\/p>\n<p>Outre les m\u00e9dias ici repr\u00e9sent\u00e9s, le bruit de fond de ce d\u00e9bat d\u00e9voile un grand besoin de changer le regard des m\u00e9dias, de changer leur sensibilit\u00e9, leurs int\u00e9r\u00eats, leurs valeurs. Et dans ce forum pas mal d\u2019entre nous dialoguons pour que cela se produise.<\/p>\n<p><em>Traduction de l\u2019espagnol\u00a0: Gabriela Guevara\u00a0<\/em><\/p>\n","protected":false},"excerpt":{"rendered":"<p>Une soir\u00e9e interactive autour du r\u00f4le des m\u00e9dias et de son impact sur la soci\u00e9t\u00e9 civile. 19 septembre 2012, de 19h30 \u00e0 23 h, lors du Forum Mondial Convergences 2015 \u00e0 Paris. Les m\u00e9dias peuvent changer le monde, ceci fut&hellip;<\/p>\n","protected":false},"author":96,"featured_media":17281,"comment_status":"closed","ping_status":"open","sticky":false,"template":"","format":"standard","meta":{"footnotes":""},"categories":[94,40],"tags":[762,763,240,764],"class_list":["post-18256","post","type-post","status-publish","format-standard","has-post-thumbnail","hentry","category-culture-fr","category-international-fr","tag-convergences-2015-fr","tag-forums","tag-medias","tag-presse"],"yoast_head":"<!-- This site is optimized with the Yoast SEO plugin v27.1.1 - https:\/\/yoast.com\/product\/yoast-seo-wordpress\/ -->\n<title>Les m\u00e9dias peuvent-ils changer le monde ?<\/title>\n<meta name=\"description\" content=\"Une soir\u00e9e interactive autour du r\u00f4le des m\u00e9dias et de son impact sur la soci\u00e9t\u00e9 civile. 19 septembre 2012, de 19h30 \u00e0 23 h, lors du Forum Mondial\" \/>\n<meta name=\"robots\" content=\"index, follow, max-snippet:-1, max-image-preview:large, max-video-preview:-1\" \/>\n<link rel=\"canonical\" href=\"https:\/\/www.pressenza.com\/fr\/2012\/09\/les-medias-peuvent-ils-changer-le-monde\/\" \/>\n<meta property=\"og:locale\" content=\"fr_FR\" \/>\n<meta property=\"og:type\" content=\"article\" \/>\n<meta property=\"og:title\" content=\"Les m\u00e9dias peuvent-ils changer le monde ?\" \/>\n<meta property=\"og:description\" content=\"Une soir\u00e9e interactive autour du r\u00f4le des m\u00e9dias et de son impact sur la soci\u00e9t\u00e9 civile. 19 septembre 2012, de 19h30 \u00e0 23 h, lors du Forum Mondial\" \/>\n<meta property=\"og:url\" content=\"https:\/\/www.pressenza.com\/fr\/2012\/09\/les-medias-peuvent-ils-changer-le-monde\/\" \/>\n<meta property=\"og:site_name\" content=\"Pressenza\" \/>\n<meta property=\"article:publisher\" content=\"https:\/\/www.facebook.com\/PressenzaItalia\" \/>\n<meta property=\"article:author\" content=\"https:\/\/www.facebook.com\/mariano.quiroga.779\" \/>\n<meta property=\"article:published_time\" content=\"2012-09-30T19:37:30+00:00\" \/>\n<meta property=\"article:modified_time\" content=\"2012-10-01T20:29:35+00:00\" \/>\n<meta property=\"og:image\" content=\"https:\/\/www.pressenza.com\/wp-content\/uploads\/2012\/09\/medios-de-comunicaci\u00f3n.jpg\" \/>\n\t<meta property=\"og:image:width\" content=\"541\" \/>\n\t<meta property=\"og:image:height\" content=\"358\" \/>\n\t<meta property=\"og:image:type\" content=\"image\/jpeg\" \/>\n<meta name=\"author\" content=\"Mariano Quiroga\" \/>\n<meta name=\"twitter:card\" content=\"summary_large_image\" \/>\n<meta name=\"twitter:creator\" content=\"@MaruchoQuiroga\" \/>\n<meta name=\"twitter:site\" content=\"@PressenzaIPA\" \/>\n<meta name=\"twitter:label1\" content=\"\u00c9crit par\" \/>\n\t<meta name=\"twitter:data1\" content=\"Mariano Quiroga\" \/>\n\t<meta name=\"twitter:label2\" content=\"Dur\u00e9e de lecture estim\u00e9e\" \/>\n\t<meta name=\"twitter:data2\" content=\"4 minutes\" \/>\n<script type=\"application\/ld+json\" class=\"yoast-schema-graph\">{\"@context\":\"https:\/\/schema.org\",\"@graph\":[{\"@type\":\"Article\",\"@id\":\"https:\/\/www.pressenza.com\/fr\/2012\/09\/les-medias-peuvent-ils-changer-le-monde\/#article\",\"isPartOf\":{\"@id\":\"https:\/\/www.pressenza.com\/fr\/2012\/09\/les-medias-peuvent-ils-changer-le-monde\/\"},\"author\":{\"name\":\"Mariano Quiroga\",\"@id\":\"https:\/\/www.pressenza.com\/fr\/#\/schema\/person\/a0856fe41d8234b92503e6b28dc2585e\"},\"headline\":\"Les m\u00e9dias peuvent-ils changer le monde ?\",\"datePublished\":\"2012-09-30T19:37:30+00:00\",\"dateModified\":\"2012-10-01T20:29:35+00:00\",\"mainEntityOfPage\":{\"@id\":\"https:\/\/www.pressenza.com\/fr\/2012\/09\/les-medias-peuvent-ils-changer-le-monde\/\"},\"wordCount\":903,\"publisher\":{\"@id\":\"https:\/\/www.pressenza.com\/fr\/#organization\"},\"image\":{\"@id\":\"https:\/\/www.pressenza.com\/fr\/2012\/09\/les-medias-peuvent-ils-changer-le-monde\/#primaryimage\"},\"thumbnailUrl\":\"https:\/\/www.pressenza.com\/wp-content\/uploads\/2012\/09\/medios-de-comunicaci\u00f3n.jpg\",\"keywords\":[\"Convergences 2015\",\"Forums\",\"m\u00e9dias\",\"Presse\"],\"articleSection\":[\"Culture et M\u00e9dias\",\"International\"],\"inLanguage\":\"fr-FR\"},{\"@type\":\"WebPage\",\"@id\":\"https:\/\/www.pressenza.com\/fr\/2012\/09\/les-medias-peuvent-ils-changer-le-monde\/\",\"url\":\"https:\/\/www.pressenza.com\/fr\/2012\/09\/les-medias-peuvent-ils-changer-le-monde\/\",\"name\":\"Les m\u00e9dias peuvent-ils changer le monde ?\",\"isPartOf\":{\"@id\":\"https:\/\/www.pressenza.com\/fr\/#website\"},\"primaryImageOfPage\":{\"@id\":\"https:\/\/www.pressenza.com\/fr\/2012\/09\/les-medias-peuvent-ils-changer-le-monde\/#primaryimage\"},\"image\":{\"@id\":\"https:\/\/www.pressenza.com\/fr\/2012\/09\/les-medias-peuvent-ils-changer-le-monde\/#primaryimage\"},\"thumbnailUrl\":\"https:\/\/www.pressenza.com\/wp-content\/uploads\/2012\/09\/medios-de-comunicaci\u00f3n.jpg\",\"datePublished\":\"2012-09-30T19:37:30+00:00\",\"dateModified\":\"2012-10-01T20:29:35+00:00\",\"description\":\"Une soir\u00e9e interactive autour du r\u00f4le des m\u00e9dias et de son impact sur la soci\u00e9t\u00e9 civile. 19 septembre 2012, de 19h30 \u00e0 23 h, lors du Forum Mondial\",\"breadcrumb\":{\"@id\":\"https:\/\/www.pressenza.com\/fr\/2012\/09\/les-medias-peuvent-ils-changer-le-monde\/#breadcrumb\"},\"inLanguage\":\"fr-FR\",\"potentialAction\":[{\"@type\":\"ReadAction\",\"target\":[\"https:\/\/www.pressenza.com\/fr\/2012\/09\/les-medias-peuvent-ils-changer-le-monde\/\"]}]},{\"@type\":\"ImageObject\",\"inLanguage\":\"fr-FR\",\"@id\":\"https:\/\/www.pressenza.com\/fr\/2012\/09\/les-medias-peuvent-ils-changer-le-monde\/#primaryimage\",\"url\":\"https:\/\/www.pressenza.com\/wp-content\/uploads\/2012\/09\/medios-de-comunicaci\u00f3n.jpg\",\"contentUrl\":\"https:\/\/www.pressenza.com\/wp-content\/uploads\/2012\/09\/medios-de-comunicaci\u00f3n.jpg\",\"width\":\"541\",\"height\":\"358\"},{\"@type\":\"BreadcrumbList\",\"@id\":\"https:\/\/www.pressenza.com\/fr\/2012\/09\/les-medias-peuvent-ils-changer-le-monde\/#breadcrumb\",\"itemListElement\":[{\"@type\":\"ListItem\",\"position\":1,\"name\":\"Accueil\",\"item\":\"https:\/\/www.pressenza.com\/fr\/\"},{\"@type\":\"ListItem\",\"position\":2,\"name\":\"Les m\u00e9dias peuvent-ils changer le monde ?\"}]},{\"@type\":\"WebSite\",\"@id\":\"https:\/\/www.pressenza.com\/fr\/#website\",\"url\":\"https:\/\/www.pressenza.com\/fr\/\",\"name\":\"Pressenza\",\"description\":\"International Press Agency\",\"publisher\":{\"@id\":\"https:\/\/www.pressenza.com\/fr\/#organization\"},\"potentialAction\":[{\"@type\":\"SearchAction\",\"target\":{\"@type\":\"EntryPoint\",\"urlTemplate\":\"https:\/\/www.pressenza.com\/fr\/?s={search_term_string}\"},\"query-input\":{\"@type\":\"PropertyValueSpecification\",\"valueRequired\":true,\"valueName\":\"search_term_string\"}}],\"inLanguage\":\"fr-FR\"},{\"@type\":\"Organization\",\"@id\":\"https:\/\/www.pressenza.com\/fr\/#organization\",\"name\":\"Pressenza\",\"url\":\"https:\/\/www.pressenza.com\/fr\/\",\"logo\":{\"@type\":\"ImageObject\",\"inLanguage\":\"fr-FR\",\"@id\":\"https:\/\/www.pressenza.com\/fr\/#\/schema\/logo\/image\/\",\"url\":\"https:\/\/www.pressenza.com\/wp-content\/uploads\/2022\/10\/pressenza_logo_200x200.jpg\",\"contentUrl\":\"https:\/\/www.pressenza.com\/wp-content\/uploads\/2022\/10\/pressenza_logo_200x200.jpg\",\"width\":200,\"height\":200,\"caption\":\"Pressenza\"},\"image\":{\"@id\":\"https:\/\/www.pressenza.com\/fr\/#\/schema\/logo\/image\/\"},\"sameAs\":[\"https:\/\/www.facebook.com\/PressenzaItalia\",\"https:\/\/x.com\/PressenzaIPA\"]},{\"@type\":\"Person\",\"@id\":\"https:\/\/www.pressenza.com\/fr\/#\/schema\/person\/a0856fe41d8234b92503e6b28dc2585e\",\"name\":\"Mariano Quiroga\",\"description\":\"Born in Buenos Aires, Argentina, in 1976, Mariano is a journalist, poet and international editor for Pressenza. His career includes publications in different countries and languages. Currently he is presenter on radio programmes in Ecuador and Argentina. A humanist communicator specialising in international politics, his vocation has led him to seek to build bridges that allow relationships to be made between data, events, people and contexts in order to create an inclusive look that synthesises the noblest searches for social justice and humanisation of the planet.\",\"sameAs\":[\"https:\/\/www.facebook.com\/mariano.quiroga.779\",\"https:\/\/x.com\/MaruchoQuiroga\"],\"url\":\"https:\/\/www.pressenza.com\/fr\/author\/mariano-quiroga\/\"}]}<\/script>\n<!-- \/ Yoast SEO plugin. -->","yoast_head_json":{"title":"Les m\u00e9dias peuvent-ils changer le monde ?","description":"Une soir\u00e9e interactive autour du r\u00f4le des m\u00e9dias et de son impact sur la soci\u00e9t\u00e9 civile. 19 septembre 2012, de 19h30 \u00e0 23 h, lors du Forum Mondial","robots":{"index":"index","follow":"follow","max-snippet":"max-snippet:-1","max-image-preview":"max-image-preview:large","max-video-preview":"max-video-preview:-1"},"canonical":"https:\/\/www.pressenza.com\/fr\/2012\/09\/les-medias-peuvent-ils-changer-le-monde\/","og_locale":"fr_FR","og_type":"article","og_title":"Les m\u00e9dias peuvent-ils changer le monde ?","og_description":"Une soir\u00e9e interactive autour du r\u00f4le des m\u00e9dias et de son impact sur la soci\u00e9t\u00e9 civile. 19 septembre 2012, de 19h30 \u00e0 23 h, lors du Forum Mondial","og_url":"https:\/\/www.pressenza.com\/fr\/2012\/09\/les-medias-peuvent-ils-changer-le-monde\/","og_site_name":"Pressenza","article_publisher":"https:\/\/www.facebook.com\/PressenzaItalia","article_author":"https:\/\/www.facebook.com\/mariano.quiroga.779","article_published_time":"2012-09-30T19:37:30+00:00","article_modified_time":"2012-10-01T20:29:35+00:00","og_image":[{"width":541,"height":358,"url":"https:\/\/www.pressenza.com\/wp-content\/uploads\/2012\/09\/medios-de-comunicaci\u00f3n.jpg","type":"image\/jpeg"}],"author":"Mariano Quiroga","twitter_card":"summary_large_image","twitter_creator":"@MaruchoQuiroga","twitter_site":"@PressenzaIPA","twitter_misc":{"\u00c9crit par":"Mariano Quiroga","Dur\u00e9e de lecture estim\u00e9e":"4 minutes"},"schema":{"@context":"https:\/\/schema.org","@graph":[{"@type":"Article","@id":"https:\/\/www.pressenza.com\/fr\/2012\/09\/les-medias-peuvent-ils-changer-le-monde\/#article","isPartOf":{"@id":"https:\/\/www.pressenza.com\/fr\/2012\/09\/les-medias-peuvent-ils-changer-le-monde\/"},"author":{"name":"Mariano Quiroga","@id":"https:\/\/www.pressenza.com\/fr\/#\/schema\/person\/a0856fe41d8234b92503e6b28dc2585e"},"headline":"Les m\u00e9dias peuvent-ils changer le monde ?","datePublished":"2012-09-30T19:37:30+00:00","dateModified":"2012-10-01T20:29:35+00:00","mainEntityOfPage":{"@id":"https:\/\/www.pressenza.com\/fr\/2012\/09\/les-medias-peuvent-ils-changer-le-monde\/"},"wordCount":903,"publisher":{"@id":"https:\/\/www.pressenza.com\/fr\/#organization"},"image":{"@id":"https:\/\/www.pressenza.com\/fr\/2012\/09\/les-medias-peuvent-ils-changer-le-monde\/#primaryimage"},"thumbnailUrl":"https:\/\/www.pressenza.com\/wp-content\/uploads\/2012\/09\/medios-de-comunicaci\u00f3n.jpg","keywords":["Convergences 2015","Forums","m\u00e9dias","Presse"],"articleSection":["Culture et M\u00e9dias","International"],"inLanguage":"fr-FR"},{"@type":"WebPage","@id":"https:\/\/www.pressenza.com\/fr\/2012\/09\/les-medias-peuvent-ils-changer-le-monde\/","url":"https:\/\/www.pressenza.com\/fr\/2012\/09\/les-medias-peuvent-ils-changer-le-monde\/","name":"Les m\u00e9dias peuvent-ils changer le monde ?","isPartOf":{"@id":"https:\/\/www.pressenza.com\/fr\/#website"},"primaryImageOfPage":{"@id":"https:\/\/www.pressenza.com\/fr\/2012\/09\/les-medias-peuvent-ils-changer-le-monde\/#primaryimage"},"image":{"@id":"https:\/\/www.pressenza.com\/fr\/2012\/09\/les-medias-peuvent-ils-changer-le-monde\/#primaryimage"},"thumbnailUrl":"https:\/\/www.pressenza.com\/wp-content\/uploads\/2012\/09\/medios-de-comunicaci\u00f3n.jpg","datePublished":"2012-09-30T19:37:30+00:00","dateModified":"2012-10-01T20:29:35+00:00","description":"Une soir\u00e9e interactive autour du r\u00f4le des m\u00e9dias et de son impact sur la soci\u00e9t\u00e9 civile. 19 septembre 2012, de 19h30 \u00e0 23 h, lors du Forum Mondial","breadcrumb":{"@id":"https:\/\/www.pressenza.com\/fr\/2012\/09\/les-medias-peuvent-ils-changer-le-monde\/#breadcrumb"},"inLanguage":"fr-FR","potentialAction":[{"@type":"ReadAction","target":["https:\/\/www.pressenza.com\/fr\/2012\/09\/les-medias-peuvent-ils-changer-le-monde\/"]}]},{"@type":"ImageObject","inLanguage":"fr-FR","@id":"https:\/\/www.pressenza.com\/fr\/2012\/09\/les-medias-peuvent-ils-changer-le-monde\/#primaryimage","url":"https:\/\/www.pressenza.com\/wp-content\/uploads\/2012\/09\/medios-de-comunicaci\u00f3n.jpg","contentUrl":"https:\/\/www.pressenza.com\/wp-content\/uploads\/2012\/09\/medios-de-comunicaci\u00f3n.jpg","width":"541","height":"358"},{"@type":"BreadcrumbList","@id":"https:\/\/www.pressenza.com\/fr\/2012\/09\/les-medias-peuvent-ils-changer-le-monde\/#breadcrumb","itemListElement":[{"@type":"ListItem","position":1,"name":"Accueil","item":"https:\/\/www.pressenza.com\/fr\/"},{"@type":"ListItem","position":2,"name":"Les m\u00e9dias peuvent-ils changer le monde ?"}]},{"@type":"WebSite","@id":"https:\/\/www.pressenza.com\/fr\/#website","url":"https:\/\/www.pressenza.com\/fr\/","name":"Pressenza","description":"International Press Agency","publisher":{"@id":"https:\/\/www.pressenza.com\/fr\/#organization"},"potentialAction":[{"@type":"SearchAction","target":{"@type":"EntryPoint","urlTemplate":"https:\/\/www.pressenza.com\/fr\/?s={search_term_string}"},"query-input":{"@type":"PropertyValueSpecification","valueRequired":true,"valueName":"search_term_string"}}],"inLanguage":"fr-FR"},{"@type":"Organization","@id":"https:\/\/www.pressenza.com\/fr\/#organization","name":"Pressenza","url":"https:\/\/www.pressenza.com\/fr\/","logo":{"@type":"ImageObject","inLanguage":"fr-FR","@id":"https:\/\/www.pressenza.com\/fr\/#\/schema\/logo\/image\/","url":"https:\/\/www.pressenza.com\/wp-content\/uploads\/2022\/10\/pressenza_logo_200x200.jpg","contentUrl":"https:\/\/www.pressenza.com\/wp-content\/uploads\/2022\/10\/pressenza_logo_200x200.jpg","width":200,"height":200,"caption":"Pressenza"},"image":{"@id":"https:\/\/www.pressenza.com\/fr\/#\/schema\/logo\/image\/"},"sameAs":["https:\/\/www.facebook.com\/PressenzaItalia","https:\/\/x.com\/PressenzaIPA"]},{"@type":"Person","@id":"https:\/\/www.pressenza.com\/fr\/#\/schema\/person\/a0856fe41d8234b92503e6b28dc2585e","name":"Mariano Quiroga","description":"Born in Buenos Aires, Argentina, in 1976, Mariano is a journalist, poet and international editor for Pressenza. His career includes publications in different countries and languages. Currently he is presenter on radio programmes in Ecuador and Argentina. A humanist communicator specialising in international politics, his vocation has led him to seek to build bridges that allow relationships to be made between data, events, people and contexts in order to create an inclusive look that synthesises the noblest searches for social justice and humanisation of the planet.","sameAs":["https:\/\/www.facebook.com\/mariano.quiroga.779","https:\/\/x.com\/MaruchoQuiroga"],"url":"https:\/\/www.pressenza.com\/fr\/author\/mariano-quiroga\/"}]}},"place":"","original_article_url":"","_links":{"self":[{"href":"https:\/\/www.pressenza.com\/fr\/wp-json\/wp\/v2\/posts\/18256","targetHints":{"allow":["GET"]}}],"collection":[{"href":"https:\/\/www.pressenza.com\/fr\/wp-json\/wp\/v2\/posts"}],"about":[{"href":"https:\/\/www.pressenza.com\/fr\/wp-json\/wp\/v2\/types\/post"}],"author":[{"embeddable":true,"href":"https:\/\/www.pressenza.com\/fr\/wp-json\/wp\/v2\/users\/96"}],"replies":[{"embeddable":true,"href":"https:\/\/www.pressenza.com\/fr\/wp-json\/wp\/v2\/comments?post=18256"}],"version-history":[{"count":0,"href":"https:\/\/www.pressenza.com\/fr\/wp-json\/wp\/v2\/posts\/18256\/revisions"}],"wp:featuredmedia":[{"embeddable":true,"href":"https:\/\/www.pressenza.com\/fr\/wp-json\/wp\/v2\/media\/17281"}],"wp:attachment":[{"href":"https:\/\/www.pressenza.com\/fr\/wp-json\/wp\/v2\/media?parent=18256"}],"wp:term":[{"taxonomy":"category","embeddable":true,"href":"https:\/\/www.pressenza.com\/fr\/wp-json\/wp\/v2\/categories?post=18256"},{"taxonomy":"post_tag","embeddable":true,"href":"https:\/\/www.pressenza.com\/fr\/wp-json\/wp\/v2\/tags?post=18256"}],"curies":[{"name":"wp","href":"https:\/\/api.w.org\/{rel}","templated":true}]}}