{"id":1799112,"date":"2024-02-15T04:43:01","date_gmt":"2024-02-15T04:43:01","guid":{"rendered":"https:\/\/www.pressenza.com\/?p=1799112"},"modified":"2024-02-15T04:43:01","modified_gmt":"2024-02-15T04:43:01","slug":"convivialisme-et-forum-social-mondial","status":"publish","type":"post","link":"https:\/\/www.pressenza.com\/fr\/2024\/02\/convivialisme-et-forum-social-mondial\/","title":{"rendered":"Convivialisme et Forum social mondial"},"content":{"rendered":"<p>L\u2019internationale convivialiste, signataire du second Manifeste convivialiste a commenc\u00e9 de se constituer formellement dans une association bas\u00e9e \u00e0 Hambourg voir son site internet :\u00a0<a href=\"https:\/\/convivialism.org\/our-blog\/\">https:\/\/convivialism.org\/our-blog\/<\/a><\/p>\n<p>Partenaire des autres organisations convivialistes, le convivialisme fran\u00e7ais, le convivialisme allemand et le mouvement international du sud Global, Global Tapestry Alternative (<a href=\"https:\/\/www.globaltapestryofalternatives.org\/\">https:\/\/www.globaltapestryofalternatives.org\/<\/a>)<\/p>\n<p>A l\u2019occasion du Forum Social Mondial qui se d\u00e9roule cette ann\u00e9e au N\u00e9pal, elle organise un panel qui se d\u00e9roulera le 17 f\u00e9vrier de 11h \u00e0 12h 30 heure de Paris.<\/p>\n<p>Il s\u2019agit de faire conna\u00eetre largement ce qu\u2019est fondamentalement le convivialisme, une approche philosophique r\u00e9solument relationnelle du monde ; une approche qui s\u2019oppose \u00e0 la vision dominante, celle qui continue \u00e0 cibler une croissance infinie en entra\u00eenant la subordination des personnes, des peuples et de la nature, \u00e0 une logique capitaliste d\u2019exploitation. Et l\u2019effort de dynamiser un mouvement convivialiste, comme mouvement intellectuel et social international qui lutte pour une coexistence juste, pacifique et durable des humains entre eux, avec les autres esp\u00e8ces et la nature.<\/p>\n<blockquote><p><strong>Programme (Remarque, le panel se d\u00e9roule en anglais)<\/strong><\/p>\n<ul>\n<li>Coordination : Marc Humbert (France) et Fr\u00e9d\u00e9ric Vandenberghe (Br\u00e9sil)<\/li>\n<li>Frank Adloff (Allemagne) : L&rsquo;Internationale convivialiste. De la France \u00e0 l&rsquo;Europe et au-del\u00e0<\/li>\n<li>Alain Caill\u00e9 (France) : Le Troisi\u00e8me Manifeste Convivialiste : Un processus plan\u00e9taire<\/li>\n<li>Catarina Neves (Portugal) : Une proposition concr\u00e8te : La g\u00e9n\u00e9ralisation du revenu de base universel<\/li>\n<\/ul>\n<p><strong>Commentaires :<\/strong><\/p>\n<ul>\n<li>Thais Aguiar (Br\u00e9sil)<\/li>\n<li>Madhulika Banerjee (Inde)<\/li>\n<li>Raewyn Connell (Australie)<\/li>\n<li>Pr\u00e9sentation du Panel sur le site du Forum<\/li>\n<\/ul>\n<\/blockquote>\n<hr \/>\n<h3 style=\"text-align: center;\">Convivialisme et Forum social mondial<br \/>\nManifeste Convivialiste &amp; Manifestation<\/h3>\n<p style=\"text-align: center;\">Forum social mondial, N\u00e9pal, 17 f\u00e9vrier 2024, 11h \u2013 12h 30 heure de Paris<\/p>\n<p style=\"text-align: center;\">En direct sur <strong>You Tube<\/strong> :\u00a0<span style=\"text-decoration: underline;\"><a href=\"https:\/\/youtube.com\/live\/aJ0exXzILs4?feature=share\" target=\"_blank\" rel=\"noopener noreferrer\" data-saferedirecturl=\"https:\/\/www.google.com\/url?q=https:\/\/youtube.com\/live\/aJ0exXzILs4?feature%3Dshare&amp;source=gmail&amp;ust=1708003096979000&amp;usg=AOvVaw3aQuT9u02hRueqSNo_aU-T\">https:\/\/youtube.com\/live\/aJ0ex<wbr \/>XzILs4?feature=share<\/a><\/span><br \/>\n<strong>Zoom :<\/strong>\u00a0<span style=\"text-decoration: underline;\"><a href=\"https:\/\/uni-hamburg.zoom.us\/j\/63175773633?pwd=UEhieGpaWnVHNmVyQ3U4U2tXVHRZUT09\" target=\"_blank\" rel=\"noopener noreferrer\" data-saferedirecturl=\"https:\/\/www.google.com\/url?q=https:\/\/uni-hamburg.zoom.us\/j\/63175773633?pwd%3DUEhieGpaWnVHNmVyQ3U4U2tXVHRZUT09&amp;source=gmail&amp;ust=1708003096979000&amp;usg=AOvVaw0NkFnD1sA8PLnbJkujbQcU\">https:\/\/uni-hamburg.zoom.us\/j\/<wbr \/>63175773633?pwd=UEhieGpaWnVHNm<wbr \/>VyQ3U4U2tXVHRZUT09<\/a><\/span><\/p>\n<hr \/>\n<p>L&rsquo;Internationale convivialiste est un collectif d&rsquo;intellectuels avec une question ouverte : Comment vivre ensemble avec nos diff\u00e9rences sans se massacrer ? Nous nous int\u00e9ressons aux probl\u00e8mes \u00e9cologiques, \u00e9conomiques et politiques et, sur la base de l&rsquo;expertise et de l&rsquo;engagement des membres de notre collectif, nous \u00e9non\u00e7ons des principes g\u00e9n\u00e9raux (Humanit\u00e9 commune, Naturalit\u00e9 commune, Ma\u00eetrise de l&rsquo;Hubris) et proposons des mesures politiques concr\u00e8tes (revenue maximum, \u00e9radication des paradis fiscaux, parlement plan\u00e9taire des citoyens, etc.) Nous avons publi\u00e9 le Premier Manifeste Convivialiste. Une d\u00e9claration d&rsquo;interd\u00e9pendance en 2013. Il a \u00e9t\u00e9 r\u00e9dig\u00e9 et sign\u00e9 par 64 intellectuels francophones. En 2019, nous avons publi\u00e9 le Deuxi\u00e8me Manifeste Convivialiste. Vers un monde post-n\u00e9olib\u00e9ral. Il a \u00e9t\u00e9 sign\u00e9 par pr\u00e8s de 300 intellectuels du monde entier. Le temps est maintenant venu de r\u00e9diger un troisi\u00e8me manifeste pour s&rsquo;attaquer aux probl\u00e8mes les plus urgents d&rsquo;aujourd&rsquo;hui et \u00e9laborer un plan de changement syst\u00e9mique \u00e0 tous les niveaux de la soci\u00e9t\u00e9. Au cours de cette session, nous explorerons les moyens de d\u00e9provincialiser et d&rsquo;universaliser le manifeste en l&rsquo;ouvrant aux intellectuels et aux activistes du Sud et de l&rsquo;Est.<\/p>\n","protected":false},"excerpt":{"rendered":"<p>L\u2019internationale convivialiste, signataire du second Manifeste convivialiste a commenc\u00e9 de se constituer formellement dans une association bas\u00e9e \u00e0 Hambourg voir son site internet :\u00a0https:\/\/convivialism.org\/our-blog\/ Partenaire des autres organisations convivialistes, le convivialisme fran\u00e7ais, le convivialisme allemand et le mouvement international du&hellip;<\/p>\n","protected":false},"author":2020,"featured_media":1799113,"comment_status":"closed","ping_status":"closed","sticky":false,"template":"","format":"standard","meta":{"footnotes":""},"categories":[151,94,1247,98],"tags":[120051,1636],"class_list":["post-1799112","post","type-post","status-publish","format-standard","has-post-thumbnail","hentry","category-communique-de-presse","category-culture-fr","category-diversite","category-droits-de-lhomme","tag-convivialisme","tag-forum-social-mondial"],"yoast_head":"<!-- This site is optimized with the Yoast SEO plugin v27.1.1 - https:\/\/yoast.com\/product\/yoast-seo-wordpress\/ -->\n<title>Convivialisme et Forum social mondial<\/title>\n<meta name=\"description\" content=\"L\u2019internationale convivialiste, signataire du second Manifeste convivialiste a commenc\u00e9 de se constituer formellement dans une association bas\u00e9e \u00e0\" \/>\n<meta name=\"robots\" content=\"index, follow, max-snippet:-1, max-image-preview:large, max-video-preview:-1\" \/>\n<link rel=\"canonical\" href=\"https:\/\/www.pressenza.com\/fr\/2024\/02\/convivialisme-et-forum-social-mondial\/\" \/>\n<meta property=\"og:locale\" content=\"fr_FR\" \/>\n<meta property=\"og:type\" content=\"article\" \/>\n<meta property=\"og:title\" content=\"Convivialisme et Forum social mondial\" \/>\n<meta property=\"og:description\" content=\"L\u2019internationale convivialiste, signataire du second Manifeste convivialiste a commenc\u00e9 de se constituer formellement dans une association bas\u00e9e \u00e0\" \/>\n<meta property=\"og:url\" content=\"https:\/\/www.pressenza.com\/fr\/2024\/02\/convivialisme-et-forum-social-mondial\/\" \/>\n<meta property=\"og:site_name\" content=\"Pressenza\" \/>\n<meta property=\"article:publisher\" content=\"https:\/\/www.facebook.com\/PressenzaItalia\" \/>\n<meta property=\"article:published_time\" content=\"2024-02-15T04:43:01+00:00\" \/>\n<meta property=\"og:image\" content=\"https:\/\/www.pressenza.com\/wp-content\/uploads\/2024\/02\/ai-Gerd-Altmann-en-Pixabay.jpg\" \/>\n\t<meta property=\"og:image:width\" content=\"1280\" \/>\n\t<meta property=\"og:image:height\" content=\"724\" \/>\n\t<meta property=\"og:image:type\" content=\"image\/jpeg\" \/>\n<meta name=\"author\" content=\"MRG - Multiconverg\u00eancia de Redes Globais\" \/>\n<meta name=\"twitter:card\" content=\"summary_large_image\" \/>\n<meta name=\"twitter:creator\" content=\"@PressenzaIPA\" \/>\n<meta name=\"twitter:site\" content=\"@PressenzaIPA\" \/>\n<meta name=\"twitter:label1\" content=\"\u00c9crit par\" \/>\n\t<meta name=\"twitter:data1\" content=\"MRG - Multiconverg\u00eancia de Redes Globais\" \/>\n\t<meta name=\"twitter:label2\" content=\"Dur\u00e9e de lecture estim\u00e9e\" \/>\n\t<meta name=\"twitter:data2\" content=\"3 minutes\" \/>\n<script type=\"application\/ld+json\" class=\"yoast-schema-graph\">{\"@context\":\"https:\/\/schema.org\",\"@graph\":[{\"@type\":\"Article\",\"@id\":\"https:\/\/www.pressenza.com\/fr\/2024\/02\/convivialisme-et-forum-social-mondial\/#article\",\"isPartOf\":{\"@id\":\"https:\/\/www.pressenza.com\/fr\/2024\/02\/convivialisme-et-forum-social-mondial\/\"},\"author\":{\"name\":\"MRG - Multiconverg\u00eancia de Redes Globais\",\"@id\":\"https:\/\/www.pressenza.com\/fr\/#\/schema\/person\/48e9089d5bdfa2491347725728ae56b3\"},\"headline\":\"Convivialisme et Forum social mondial\",\"datePublished\":\"2024-02-15T04:43:01+00:00\",\"mainEntityOfPage\":{\"@id\":\"https:\/\/www.pressenza.com\/fr\/2024\/02\/convivialisme-et-forum-social-mondial\/\"},\"wordCount\":515,\"publisher\":{\"@id\":\"https:\/\/www.pressenza.com\/fr\/#organization\"},\"image\":{\"@id\":\"https:\/\/www.pressenza.com\/fr\/2024\/02\/convivialisme-et-forum-social-mondial\/#primaryimage\"},\"thumbnailUrl\":\"https:\/\/www.pressenza.com\/wp-content\/uploads\/2024\/02\/ai-Gerd-Altmann-en-Pixabay.jpg\",\"keywords\":[\"Convivialisme\",\"Forum Social Mondial\"],\"articleSection\":[\"Communiqu\u00e9s de Presse\",\"Culture et M\u00e9dias\",\"Diversit\u00e9\",\"Droits humains\"],\"inLanguage\":\"fr-FR\"},{\"@type\":\"WebPage\",\"@id\":\"https:\/\/www.pressenza.com\/fr\/2024\/02\/convivialisme-et-forum-social-mondial\/\",\"url\":\"https:\/\/www.pressenza.com\/fr\/2024\/02\/convivialisme-et-forum-social-mondial\/\",\"name\":\"Convivialisme et Forum social mondial\",\"isPartOf\":{\"@id\":\"https:\/\/www.pressenza.com\/fr\/#website\"},\"primaryImageOfPage\":{\"@id\":\"https:\/\/www.pressenza.com\/fr\/2024\/02\/convivialisme-et-forum-social-mondial\/#primaryimage\"},\"image\":{\"@id\":\"https:\/\/www.pressenza.com\/fr\/2024\/02\/convivialisme-et-forum-social-mondial\/#primaryimage\"},\"thumbnailUrl\":\"https:\/\/www.pressenza.com\/wp-content\/uploads\/2024\/02\/ai-Gerd-Altmann-en-Pixabay.jpg\",\"datePublished\":\"2024-02-15T04:43:01+00:00\",\"description\":\"L\u2019internationale convivialiste, signataire du second Manifeste convivialiste a commenc\u00e9 de se constituer formellement dans une association bas\u00e9e \u00e0\",\"breadcrumb\":{\"@id\":\"https:\/\/www.pressenza.com\/fr\/2024\/02\/convivialisme-et-forum-social-mondial\/#breadcrumb\"},\"inLanguage\":\"fr-FR\",\"potentialAction\":[{\"@type\":\"ReadAction\",\"target\":[\"https:\/\/www.pressenza.com\/fr\/2024\/02\/convivialisme-et-forum-social-mondial\/\"]}]},{\"@type\":\"ImageObject\",\"inLanguage\":\"fr-FR\",\"@id\":\"https:\/\/www.pressenza.com\/fr\/2024\/02\/convivialisme-et-forum-social-mondial\/#primaryimage\",\"url\":\"https:\/\/www.pressenza.com\/wp-content\/uploads\/2024\/02\/ai-Gerd-Altmann-en-Pixabay.jpg\",\"contentUrl\":\"https:\/\/www.pressenza.com\/wp-content\/uploads\/2024\/02\/ai-Gerd-Altmann-en-Pixabay.jpg\",\"width\":1280,\"height\":724},{\"@type\":\"BreadcrumbList\",\"@id\":\"https:\/\/www.pressenza.com\/fr\/2024\/02\/convivialisme-et-forum-social-mondial\/#breadcrumb\",\"itemListElement\":[{\"@type\":\"ListItem\",\"position\":1,\"name\":\"Accueil\",\"item\":\"https:\/\/www.pressenza.com\/fr\/\"},{\"@type\":\"ListItem\",\"position\":2,\"name\":\"Convivialisme et Forum social mondial\"}]},{\"@type\":\"WebSite\",\"@id\":\"https:\/\/www.pressenza.com\/fr\/#website\",\"url\":\"https:\/\/www.pressenza.com\/fr\/\",\"name\":\"Pressenza\",\"description\":\"International Press Agency\",\"publisher\":{\"@id\":\"https:\/\/www.pressenza.com\/fr\/#organization\"},\"potentialAction\":[{\"@type\":\"SearchAction\",\"target\":{\"@type\":\"EntryPoint\",\"urlTemplate\":\"https:\/\/www.pressenza.com\/fr\/?s={search_term_string}\"},\"query-input\":{\"@type\":\"PropertyValueSpecification\",\"valueRequired\":true,\"valueName\":\"search_term_string\"}}],\"inLanguage\":\"fr-FR\"},{\"@type\":\"Organization\",\"@id\":\"https:\/\/www.pressenza.com\/fr\/#organization\",\"name\":\"Pressenza\",\"url\":\"https:\/\/www.pressenza.com\/fr\/\",\"logo\":{\"@type\":\"ImageObject\",\"inLanguage\":\"fr-FR\",\"@id\":\"https:\/\/www.pressenza.com\/fr\/#\/schema\/logo\/image\/\",\"url\":\"https:\/\/www.pressenza.com\/wp-content\/uploads\/2022\/10\/pressenza_logo_200x200.jpg\",\"contentUrl\":\"https:\/\/www.pressenza.com\/wp-content\/uploads\/2022\/10\/pressenza_logo_200x200.jpg\",\"width\":200,\"height\":200,\"caption\":\"Pressenza\"},\"image\":{\"@id\":\"https:\/\/www.pressenza.com\/fr\/#\/schema\/logo\/image\/\"},\"sameAs\":[\"https:\/\/www.facebook.com\/PressenzaItalia\",\"https:\/\/x.com\/PressenzaIPA\"]},{\"@type\":\"Person\",\"@id\":\"https:\/\/www.pressenza.com\/fr\/#\/schema\/person\/48e9089d5bdfa2491347725728ae56b3\",\"name\":\"MRG - Multiconverg\u00eancia de Redes Globais\",\"description\":\"Articulation of transnational citizens' networks\",\"url\":\"https:\/\/www.pressenza.com\/fr\/author\/mrg-multiconvergencia-de-redes-globais\/\"}]}<\/script>\n<!-- \/ Yoast SEO plugin. -->","yoast_head_json":{"title":"Convivialisme et Forum social mondial","description":"L\u2019internationale convivialiste, signataire du second Manifeste convivialiste a commenc\u00e9 de se constituer formellement dans une association bas\u00e9e \u00e0","robots":{"index":"index","follow":"follow","max-snippet":"max-snippet:-1","max-image-preview":"max-image-preview:large","max-video-preview":"max-video-preview:-1"},"canonical":"https:\/\/www.pressenza.com\/fr\/2024\/02\/convivialisme-et-forum-social-mondial\/","og_locale":"fr_FR","og_type":"article","og_title":"Convivialisme et Forum social mondial","og_description":"L\u2019internationale convivialiste, signataire du second Manifeste convivialiste a commenc\u00e9 de se constituer formellement dans une association bas\u00e9e \u00e0","og_url":"https:\/\/www.pressenza.com\/fr\/2024\/02\/convivialisme-et-forum-social-mondial\/","og_site_name":"Pressenza","article_publisher":"https:\/\/www.facebook.com\/PressenzaItalia","article_published_time":"2024-02-15T04:43:01+00:00","og_image":[{"width":1280,"height":724,"url":"https:\/\/www.pressenza.com\/wp-content\/uploads\/2024\/02\/ai-Gerd-Altmann-en-Pixabay.jpg","type":"image\/jpeg"}],"author":"MRG - Multiconverg\u00eancia de Redes Globais","twitter_card":"summary_large_image","twitter_creator":"@PressenzaIPA","twitter_site":"@PressenzaIPA","twitter_misc":{"\u00c9crit par":"MRG - Multiconverg\u00eancia de Redes Globais","Dur\u00e9e de lecture estim\u00e9e":"3 minutes"},"schema":{"@context":"https:\/\/schema.org","@graph":[{"@type":"Article","@id":"https:\/\/www.pressenza.com\/fr\/2024\/02\/convivialisme-et-forum-social-mondial\/#article","isPartOf":{"@id":"https:\/\/www.pressenza.com\/fr\/2024\/02\/convivialisme-et-forum-social-mondial\/"},"author":{"name":"MRG - Multiconverg\u00eancia de Redes Globais","@id":"https:\/\/www.pressenza.com\/fr\/#\/schema\/person\/48e9089d5bdfa2491347725728ae56b3"},"headline":"Convivialisme et Forum social mondial","datePublished":"2024-02-15T04:43:01+00:00","mainEntityOfPage":{"@id":"https:\/\/www.pressenza.com\/fr\/2024\/02\/convivialisme-et-forum-social-mondial\/"},"wordCount":515,"publisher":{"@id":"https:\/\/www.pressenza.com\/fr\/#organization"},"image":{"@id":"https:\/\/www.pressenza.com\/fr\/2024\/02\/convivialisme-et-forum-social-mondial\/#primaryimage"},"thumbnailUrl":"https:\/\/www.pressenza.com\/wp-content\/uploads\/2024\/02\/ai-Gerd-Altmann-en-Pixabay.jpg","keywords":["Convivialisme","Forum Social Mondial"],"articleSection":["Communiqu\u00e9s de Presse","Culture et M\u00e9dias","Diversit\u00e9","Droits humains"],"inLanguage":"fr-FR"},{"@type":"WebPage","@id":"https:\/\/www.pressenza.com\/fr\/2024\/02\/convivialisme-et-forum-social-mondial\/","url":"https:\/\/www.pressenza.com\/fr\/2024\/02\/convivialisme-et-forum-social-mondial\/","name":"Convivialisme et Forum social mondial","isPartOf":{"@id":"https:\/\/www.pressenza.com\/fr\/#website"},"primaryImageOfPage":{"@id":"https:\/\/www.pressenza.com\/fr\/2024\/02\/convivialisme-et-forum-social-mondial\/#primaryimage"},"image":{"@id":"https:\/\/www.pressenza.com\/fr\/2024\/02\/convivialisme-et-forum-social-mondial\/#primaryimage"},"thumbnailUrl":"https:\/\/www.pressenza.com\/wp-content\/uploads\/2024\/02\/ai-Gerd-Altmann-en-Pixabay.jpg","datePublished":"2024-02-15T04:43:01+00:00","description":"L\u2019internationale convivialiste, signataire du second Manifeste convivialiste a commenc\u00e9 de se constituer formellement dans une association bas\u00e9e \u00e0","breadcrumb":{"@id":"https:\/\/www.pressenza.com\/fr\/2024\/02\/convivialisme-et-forum-social-mondial\/#breadcrumb"},"inLanguage":"fr-FR","potentialAction":[{"@type":"ReadAction","target":["https:\/\/www.pressenza.com\/fr\/2024\/02\/convivialisme-et-forum-social-mondial\/"]}]},{"@type":"ImageObject","inLanguage":"fr-FR","@id":"https:\/\/www.pressenza.com\/fr\/2024\/02\/convivialisme-et-forum-social-mondial\/#primaryimage","url":"https:\/\/www.pressenza.com\/wp-content\/uploads\/2024\/02\/ai-Gerd-Altmann-en-Pixabay.jpg","contentUrl":"https:\/\/www.pressenza.com\/wp-content\/uploads\/2024\/02\/ai-Gerd-Altmann-en-Pixabay.jpg","width":1280,"height":724},{"@type":"BreadcrumbList","@id":"https:\/\/www.pressenza.com\/fr\/2024\/02\/convivialisme-et-forum-social-mondial\/#breadcrumb","itemListElement":[{"@type":"ListItem","position":1,"name":"Accueil","item":"https:\/\/www.pressenza.com\/fr\/"},{"@type":"ListItem","position":2,"name":"Convivialisme et Forum social mondial"}]},{"@type":"WebSite","@id":"https:\/\/www.pressenza.com\/fr\/#website","url":"https:\/\/www.pressenza.com\/fr\/","name":"Pressenza","description":"International Press Agency","publisher":{"@id":"https:\/\/www.pressenza.com\/fr\/#organization"},"potentialAction":[{"@type":"SearchAction","target":{"@type":"EntryPoint","urlTemplate":"https:\/\/www.pressenza.com\/fr\/?s={search_term_string}"},"query-input":{"@type":"PropertyValueSpecification","valueRequired":true,"valueName":"search_term_string"}}],"inLanguage":"fr-FR"},{"@type":"Organization","@id":"https:\/\/www.pressenza.com\/fr\/#organization","name":"Pressenza","url":"https:\/\/www.pressenza.com\/fr\/","logo":{"@type":"ImageObject","inLanguage":"fr-FR","@id":"https:\/\/www.pressenza.com\/fr\/#\/schema\/logo\/image\/","url":"https:\/\/www.pressenza.com\/wp-content\/uploads\/2022\/10\/pressenza_logo_200x200.jpg","contentUrl":"https:\/\/www.pressenza.com\/wp-content\/uploads\/2022\/10\/pressenza_logo_200x200.jpg","width":200,"height":200,"caption":"Pressenza"},"image":{"@id":"https:\/\/www.pressenza.com\/fr\/#\/schema\/logo\/image\/"},"sameAs":["https:\/\/www.facebook.com\/PressenzaItalia","https:\/\/x.com\/PressenzaIPA"]},{"@type":"Person","@id":"https:\/\/www.pressenza.com\/fr\/#\/schema\/person\/48e9089d5bdfa2491347725728ae56b3","name":"MRG - Multiconverg\u00eancia de Redes Globais","description":"Articulation of transnational citizens' networks","url":"https:\/\/www.pressenza.com\/fr\/author\/mrg-multiconvergencia-de-redes-globais\/"}]}},"place":"","original_article_url":"","_links":{"self":[{"href":"https:\/\/www.pressenza.com\/fr\/wp-json\/wp\/v2\/posts\/1799112","targetHints":{"allow":["GET"]}}],"collection":[{"href":"https:\/\/www.pressenza.com\/fr\/wp-json\/wp\/v2\/posts"}],"about":[{"href":"https:\/\/www.pressenza.com\/fr\/wp-json\/wp\/v2\/types\/post"}],"author":[{"embeddable":true,"href":"https:\/\/www.pressenza.com\/fr\/wp-json\/wp\/v2\/users\/2020"}],"replies":[{"embeddable":true,"href":"https:\/\/www.pressenza.com\/fr\/wp-json\/wp\/v2\/comments?post=1799112"}],"version-history":[{"count":0,"href":"https:\/\/www.pressenza.com\/fr\/wp-json\/wp\/v2\/posts\/1799112\/revisions"}],"wp:featuredmedia":[{"embeddable":true,"href":"https:\/\/www.pressenza.com\/fr\/wp-json\/wp\/v2\/media\/1799113"}],"wp:attachment":[{"href":"https:\/\/www.pressenza.com\/fr\/wp-json\/wp\/v2\/media?parent=1799112"}],"wp:term":[{"taxonomy":"category","embeddable":true,"href":"https:\/\/www.pressenza.com\/fr\/wp-json\/wp\/v2\/categories?post=1799112"},{"taxonomy":"post_tag","embeddable":true,"href":"https:\/\/www.pressenza.com\/fr\/wp-json\/wp\/v2\/tags?post=1799112"}],"curies":[{"name":"wp","href":"https:\/\/api.w.org\/{rel}","templated":true}]}}