{"id":1798703,"date":"2024-02-13T03:38:34","date_gmt":"2024-02-13T03:38:34","guid":{"rendered":"https:\/\/www.pressenza.com\/?p=1798703"},"modified":"2024-02-13T03:38:34","modified_gmt":"2024-02-13T03:38:34","slug":"julian-assange-demasquer-la-verite-au-milieu-des-tensions-mondiales-et-des-batailles-juridiques","status":"publish","type":"post","link":"https:\/\/www.pressenza.com\/fr\/2024\/02\/julian-assange-demasquer-la-verite-au-milieu-des-tensions-mondiales-et-des-batailles-juridiques\/","title":{"rendered":"Julian Assange : D\u00e9masquer la v\u00e9rit\u00e9 au milieu des tensions mondiales et des batailles juridiques"},"content":{"rendered":"<blockquote><p>Dans notre monde complexe, il est essentiel de comprendre les \u00e9v\u00e9nements mondiaux. Nous avons soif de v\u00e9rit\u00e9 sur les for\u00eats amazoniennes, le Tibet et la Chine, le Niger en Afrique, l&rsquo;Antarctique, la Guyane et les tensions actuelles entre la Russie et l&rsquo;Europe en Ukraine, ainsi que sur le conflit entre le Hamas et Isra\u00ebl soutenu par les \u00c9tats-Unis. Pour prendre des d\u00e9cisions \u00e9clair\u00e9es, nous devons analyser soigneusement les faits.<\/p><\/blockquote>\n<p>Par Dimitris Eleas et David Andersson<\/p>\n<p>L&rsquo;histoire nous enseigne que la v\u00e9rit\u00e9 peut \u00eatre supprim\u00e9e sous des r\u00e9gimes tels que la Russie stalinienne, l&rsquo;Allemagne hitl\u00e9rienne ou la guerre d&rsquo;Irak men\u00e9e sur la base de faux renseignements. Les r\u00e9cits manipul\u00e9s, les mensonges \u00e9l\u00e9gants et la d\u00e9sinformation ont eu des cons\u00e9quences d\u00e9vastatrices, des goulags aux camps de concentration en passant par les guerres. Pourtant, des individus courageux &#8211; Socrate, Abraham Lincoln, Gandhi, George Orwell et Martin Luther King Jr &#8211; ont d\u00e9fendu la v\u00e9rit\u00e9, quelles que soient les circonstances.<\/p>\n<p>Aujourd&rsquo;hui, Julian Assange se tient aux c\u00f4t\u00e9s de ces noms. Son travail remet en question les structures du pouvoir, r\u00e9v\u00e9lant des v\u00e9rit\u00e9s g\u00eanantes cach\u00e9es par le gouvernement des \u00c9tats-Unis.<\/p>\n<p><strong>La lutte de Julian Assange contre l&rsquo;extradition aux \u00c9tats-Unis arrive \u00e0 un stade critique, les audiences d&rsquo;appel ayant lieu \u00e0 la Haute Cour du Royaume-Uni les 20 et 21 f\u00e9vrier 2024.<\/strong><\/p>\n<p>La nouvelle rapporteuse sp\u00e9ciale des Nations unies sur la torture, Alice Jill Edwards, <a href=\"https:\/\/www.pressenza.com\/fr\/2024\/02\/une-experte-des-nations-unies-demande-au-gouvernement-britannique-dempecher-lextradition-de-julian-assange\/\">a demand\u00e9 mardi au Royaume-Uni<\/a> de mettre un terme \u00e0 l&rsquo;extradition, affirmant que si elle avait lieu, Julian Assange risquerait d&rsquo;\u00eatre soumis \u00e0 un traitement assimilable \u00e0 la torture ou \u00e0 d&rsquo;autres formes de mauvais traitements ou de peines.<\/p>\n<p>Dans une p\u00e9tition qu&rsquo;elle organise, Amnesty International d\u00e9clare que \u00ab\u00a0<a href=\"https:\/\/www.amnesty.org\/en\/petition\/julian-assange-usa-justice\/\">les \u00c9tats-Unis doivent abandonner les poursuites<\/a> contre Julian Assange. Il m\u00e9rite pleinement d&rsquo;\u00eatre lib\u00e9r\u00e9 ; il a d\u00e9j\u00e0 pay\u00e9 un lourd tribut pour ce qu&rsquo;il a fait\u00a0\u00bb.<\/p>\n<p>Afin d&rsquo;exercer la plus grande pression possible sur le tribunal, nous vous invitons tous \u00e0 soutenir les \u00e9v\u00e9nements suivants avant les audiences :<\/p>\n<p>\u2013\u00a0<a href=\"https:\/\/pressclub.ch\/julian-assange-final-bid-to-appeal-against-extradition\/\" data-saferedirecturl=\"https:\/\/www.google.com\/url?q=https:\/\/pressclub.ch\/julian-assange-final-bid-to-appeal-against-extradition\/&amp;source=gmail&amp;ust=1707568123338000&amp;usg=AOvVaw3ICWZLC4YE6ae6KluRyFih\">14 F\u00e9vrier :<\/a> Le Club de la presse de Gen\u00e8ve, en collaboration avec RSF [reporters sans fronti\u00e8res] Suisse, organise un entretien en ligne et en personne avec Stella Assange. Stella sera disponible pour des interviews apr\u00e8s l&rsquo;\u00e9v\u00e9nement.<\/p>\n<p>\u2013\u00a0<a href=\"https:\/\/us06web.zoom.us\/webinar\/register\/WN_gjHguVGbSv2tMdp1MKdkmw#\/registration\" data-saferedirecturl=\"https:\/\/www.google.com\/url?q=https:\/\/us06web.zoom.us\/webinar\/register\/WN_gjHguVGbSv2tMdp1MKdkmw%23\/registration&amp;source=gmail&amp;ust=1707568123338000&amp;usg=AOvVaw3_uZQufEatN3b3z6tOHikQ\">15 F\u00e9vrier :<\/a>\u00a0La Fondation pour la libert\u00e9 de la presse organise un \u00e9v\u00e9nement en ligne sur Assange. Parmi les intervenants figurent Cindy Cohn, directrice ex\u00e9cutive de l&rsquo;Electronic Frontier Foundation ; Carrie DeCell, avocate principale du Knight First Amendment Institute [Institut Knight du premier amendement]; Trevor Timm, directeur ex\u00e9cutif de la Freedom of the Press Foundation [fondation pour la libert\u00e9 de presse] ; et Ben Wizner, directeur du Speech, Privacy, and Technology Project de l&rsquo;ACLU [projet de parole, confidentialit\u00e9, et technologie de l\u2019Union des libert\u00e9s civiles am\u00e9ricaines].<\/p>\n<p>Et voici ce <a href=\"https:\/\/twitter.com\/Stella_Assange\/status\/1754304260299223379\" data-saferedirecturl=\"https:\/\/www.google.com\/url?q=https:\/\/twitter.com\/Stella_Assange\/status\/1754304260299223379&amp;source=gmail&amp;ust=1707568123338000&amp;usg=AOvVaw1G5_ZESSphqOMHCkQXCwlT\">fil de discussion de Stella<\/a>\u00a0qui pr\u00e9sente les arguments juridiques dans cette affaire.<\/p>\n<p>D\u00e9fendons une information honn\u00eate, car elle est notre bouclier contre la propagande et notre voie vers un monde plus juste.<\/p>\n<hr \/>\n<p>Dimitris Eleas est un \u00e9crivain bas\u00e9 \u00e0 New York, un chercheur ind\u00e9pendant et un activiste politique.<\/p>\n<p>David Andersson est journaliste citoyen, \u00e9crivain, activiste et auteur de THE WHITE-WEST : A LOOK IN THE MIRROR [L\u2019occident blanc: un regard dans le miroir].<\/p>\n<p>&nbsp;<\/p>\n<p><em>Traduction de l&rsquo;anglais, Evelyn Tisher<\/em><\/p>\n<p>&nbsp;<\/p>\n","protected":false},"excerpt":{"rendered":"<p>Dans notre monde complexe, il est essentiel de comprendre les \u00e9v\u00e9nements mondiaux. Nous avons soif de v\u00e9rit\u00e9 sur les for\u00eats amazoniennes, le Tibet et la Chine, le Niger en Afrique, l&rsquo;Antarctique, la Guyane et les tensions actuelles entre la Russie&hellip;<\/p>\n","protected":false},"author":1126,"featured_media":1798711,"comment_status":"closed","ping_status":"closed","sticky":false,"template":"","format":"standard","meta":{"footnotes":""},"categories":[87,11386,94,98,163,95],"tags":[119986,3524],"class_list":["post-1798703","post","type-post","status-publish","format-standard","has-post-thumbnail","hentry","category-amerique-du-nord","category-contenu-original","category-culture-fr","category-droits-de-lhomme","category-opinion-fr","category-affaires-etrangeres","tag-haute-cour-du-royaume-uni","tag-julian-assange-fr"],"yoast_head":"<!-- This site is optimized with the Yoast SEO plugin v27.1.1 - https:\/\/yoast.com\/product\/yoast-seo-wordpress\/ -->\n<title>Julian Assange : D\u00e9masquer la v\u00e9rit\u00e9 au milieu des tensions mondiales et des batailles juridiques<\/title>\n<meta name=\"description\" content=\"Dans notre monde complexe, il est essentiel de comprendre les \u00e9v\u00e9nements mondiaux. Nous avons soif de v\u00e9rit\u00e9 sur les for\u00eats amazoniennes, le Tibet et la\" \/>\n<meta name=\"robots\" content=\"index, follow, max-snippet:-1, max-image-preview:large, max-video-preview:-1\" \/>\n<link rel=\"canonical\" href=\"https:\/\/www.pressenza.com\/fr\/2024\/02\/julian-assange-demasquer-la-verite-au-milieu-des-tensions-mondiales-et-des-batailles-juridiques\/\" \/>\n<meta property=\"og:locale\" content=\"fr_FR\" \/>\n<meta property=\"og:type\" content=\"article\" \/>\n<meta property=\"og:title\" content=\"Julian Assange : D\u00e9masquer la v\u00e9rit\u00e9 au milieu des tensions mondiales et des batailles juridiques\" \/>\n<meta property=\"og:description\" content=\"Dans notre monde complexe, il est essentiel de comprendre les \u00e9v\u00e9nements mondiaux. Nous avons soif de v\u00e9rit\u00e9 sur les for\u00eats amazoniennes, le Tibet et la\" \/>\n<meta property=\"og:url\" content=\"https:\/\/www.pressenza.com\/fr\/2024\/02\/julian-assange-demasquer-la-verite-au-milieu-des-tensions-mondiales-et-des-batailles-juridiques\/\" \/>\n<meta property=\"og:site_name\" content=\"Pressenza\" \/>\n<meta property=\"article:publisher\" content=\"https:\/\/www.facebook.com\/PressenzaItalia\" \/>\n<meta property=\"article:author\" content=\"https:\/\/www.facebook.com\/PressenzaEnglish\/\" \/>\n<meta property=\"article:published_time\" content=\"2024-02-13T03:38:34+00:00\" \/>\n<meta property=\"og:image\" content=\"https:\/\/www.pressenza.com\/wp-content\/uploads\/2024\/01\/assange-X-day.jpg\" \/>\n\t<meta property=\"og:image:width\" content=\"1080\" \/>\n\t<meta property=\"og:image:height\" content=\"1080\" \/>\n\t<meta property=\"og:image:type\" content=\"image\/jpeg\" \/>\n<meta name=\"author\" content=\"Pressenza New York\" \/>\n<meta name=\"twitter:card\" content=\"summary_large_image\" \/>\n<meta name=\"twitter:creator\" content=\"@PressenzaIPA\" \/>\n<meta name=\"twitter:site\" content=\"@PressenzaIPA\" \/>\n<meta name=\"twitter:label1\" content=\"\u00c9crit par\" \/>\n\t<meta name=\"twitter:data1\" content=\"Pressenza New York\" \/>\n\t<meta name=\"twitter:label2\" content=\"Dur\u00e9e de lecture estim\u00e9e\" \/>\n\t<meta name=\"twitter:data2\" content=\"3 minutes\" \/>\n<script type=\"application\/ld+json\" class=\"yoast-schema-graph\">{\"@context\":\"https:\/\/schema.org\",\"@graph\":[{\"@type\":\"Article\",\"@id\":\"https:\/\/www.pressenza.com\/fr\/2024\/02\/julian-assange-demasquer-la-verite-au-milieu-des-tensions-mondiales-et-des-batailles-juridiques\/#article\",\"isPartOf\":{\"@id\":\"https:\/\/www.pressenza.com\/fr\/2024\/02\/julian-assange-demasquer-la-verite-au-milieu-des-tensions-mondiales-et-des-batailles-juridiques\/\"},\"author\":{\"name\":\"Pressenza New York\",\"@id\":\"https:\/\/www.pressenza.com\/fr\/#\/schema\/person\/75ff8ec4b4b03f1d2da977bba83672b3\"},\"headline\":\"Julian Assange : D\u00e9masquer la v\u00e9rit\u00e9 au milieu des tensions mondiales et des batailles juridiques\",\"datePublished\":\"2024-02-13T03:38:34+00:00\",\"mainEntityOfPage\":{\"@id\":\"https:\/\/www.pressenza.com\/fr\/2024\/02\/julian-assange-demasquer-la-verite-au-milieu-des-tensions-mondiales-et-des-batailles-juridiques\/\"},\"wordCount\":602,\"publisher\":{\"@id\":\"https:\/\/www.pressenza.com\/fr\/#organization\"},\"image\":{\"@id\":\"https:\/\/www.pressenza.com\/fr\/2024\/02\/julian-assange-demasquer-la-verite-au-milieu-des-tensions-mondiales-et-des-batailles-juridiques\/#primaryimage\"},\"thumbnailUrl\":\"https:\/\/www.pressenza.com\/wp-content\/uploads\/2024\/01\/assange-X-day.jpg\",\"keywords\":[\"Haute Cour du Royaume-Uni\",\"Julian Assange\"],\"articleSection\":[\"Am\u00e9rique du Nord\",\"Contenu Original\",\"Culture et M\u00e9dias\",\"Droits humains\",\"Opinion\",\"Relations internationales\"],\"inLanguage\":\"fr-FR\"},{\"@type\":\"WebPage\",\"@id\":\"https:\/\/www.pressenza.com\/fr\/2024\/02\/julian-assange-demasquer-la-verite-au-milieu-des-tensions-mondiales-et-des-batailles-juridiques\/\",\"url\":\"https:\/\/www.pressenza.com\/fr\/2024\/02\/julian-assange-demasquer-la-verite-au-milieu-des-tensions-mondiales-et-des-batailles-juridiques\/\",\"name\":\"Julian Assange : D\u00e9masquer la v\u00e9rit\u00e9 au milieu des tensions mondiales et des batailles juridiques\",\"isPartOf\":{\"@id\":\"https:\/\/www.pressenza.com\/fr\/#website\"},\"primaryImageOfPage\":{\"@id\":\"https:\/\/www.pressenza.com\/fr\/2024\/02\/julian-assange-demasquer-la-verite-au-milieu-des-tensions-mondiales-et-des-batailles-juridiques\/#primaryimage\"},\"image\":{\"@id\":\"https:\/\/www.pressenza.com\/fr\/2024\/02\/julian-assange-demasquer-la-verite-au-milieu-des-tensions-mondiales-et-des-batailles-juridiques\/#primaryimage\"},\"thumbnailUrl\":\"https:\/\/www.pressenza.com\/wp-content\/uploads\/2024\/01\/assange-X-day.jpg\",\"datePublished\":\"2024-02-13T03:38:34+00:00\",\"description\":\"Dans notre monde complexe, il est essentiel de comprendre les \u00e9v\u00e9nements mondiaux. Nous avons soif de v\u00e9rit\u00e9 sur les for\u00eats amazoniennes, le Tibet et la\",\"breadcrumb\":{\"@id\":\"https:\/\/www.pressenza.com\/fr\/2024\/02\/julian-assange-demasquer-la-verite-au-milieu-des-tensions-mondiales-et-des-batailles-juridiques\/#breadcrumb\"},\"inLanguage\":\"fr-FR\",\"potentialAction\":[{\"@type\":\"ReadAction\",\"target\":[\"https:\/\/www.pressenza.com\/fr\/2024\/02\/julian-assange-demasquer-la-verite-au-milieu-des-tensions-mondiales-et-des-batailles-juridiques\/\"]}]},{\"@type\":\"ImageObject\",\"inLanguage\":\"fr-FR\",\"@id\":\"https:\/\/www.pressenza.com\/fr\/2024\/02\/julian-assange-demasquer-la-verite-au-milieu-des-tensions-mondiales-et-des-batailles-juridiques\/#primaryimage\",\"url\":\"https:\/\/www.pressenza.com\/wp-content\/uploads\/2024\/01\/assange-X-day.jpg\",\"contentUrl\":\"https:\/\/www.pressenza.com\/wp-content\/uploads\/2024\/01\/assange-X-day.jpg\",\"width\":1080,\"height\":1080},{\"@type\":\"BreadcrumbList\",\"@id\":\"https:\/\/www.pressenza.com\/fr\/2024\/02\/julian-assange-demasquer-la-verite-au-milieu-des-tensions-mondiales-et-des-batailles-juridiques\/#breadcrumb\",\"itemListElement\":[{\"@type\":\"ListItem\",\"position\":1,\"name\":\"Accueil\",\"item\":\"https:\/\/www.pressenza.com\/fr\/\"},{\"@type\":\"ListItem\",\"position\":2,\"name\":\"Julian Assange : D\u00e9masquer la v\u00e9rit\u00e9 au milieu des tensions mondiales et des batailles juridiques\"}]},{\"@type\":\"WebSite\",\"@id\":\"https:\/\/www.pressenza.com\/fr\/#website\",\"url\":\"https:\/\/www.pressenza.com\/fr\/\",\"name\":\"Pressenza\",\"description\":\"International Press Agency\",\"publisher\":{\"@id\":\"https:\/\/www.pressenza.com\/fr\/#organization\"},\"potentialAction\":[{\"@type\":\"SearchAction\",\"target\":{\"@type\":\"EntryPoint\",\"urlTemplate\":\"https:\/\/www.pressenza.com\/fr\/?s={search_term_string}\"},\"query-input\":{\"@type\":\"PropertyValueSpecification\",\"valueRequired\":true,\"valueName\":\"search_term_string\"}}],\"inLanguage\":\"fr-FR\"},{\"@type\":\"Organization\",\"@id\":\"https:\/\/www.pressenza.com\/fr\/#organization\",\"name\":\"Pressenza\",\"url\":\"https:\/\/www.pressenza.com\/fr\/\",\"logo\":{\"@type\":\"ImageObject\",\"inLanguage\":\"fr-FR\",\"@id\":\"https:\/\/www.pressenza.com\/fr\/#\/schema\/logo\/image\/\",\"url\":\"https:\/\/www.pressenza.com\/wp-content\/uploads\/2022\/10\/pressenza_logo_200x200.jpg\",\"contentUrl\":\"https:\/\/www.pressenza.com\/wp-content\/uploads\/2022\/10\/pressenza_logo_200x200.jpg\",\"width\":200,\"height\":200,\"caption\":\"Pressenza\"},\"image\":{\"@id\":\"https:\/\/www.pressenza.com\/fr\/#\/schema\/logo\/image\/\"},\"sameAs\":[\"https:\/\/www.facebook.com\/PressenzaItalia\",\"https:\/\/x.com\/PressenzaIPA\"]},{\"@type\":\"Person\",\"@id\":\"https:\/\/www.pressenza.com\/fr\/#\/schema\/person\/75ff8ec4b4b03f1d2da977bba83672b3\",\"name\":\"Pressenza New York\",\"description\":\"News from the Pressenza Bureau in New York, United States\",\"sameAs\":[\"https:\/\/www.facebook.com\/PressenzaEnglish\/\",\"https:\/\/x.com\/PressenzaIPA\"],\"url\":\"https:\/\/www.pressenza.com\/fr\/author\/pressenza-new-york\/\"}]}<\/script>\n<!-- \/ Yoast SEO plugin. -->","yoast_head_json":{"title":"Julian Assange : D\u00e9masquer la v\u00e9rit\u00e9 au milieu des tensions mondiales et des batailles juridiques","description":"Dans notre monde complexe, il est essentiel de comprendre les \u00e9v\u00e9nements mondiaux. Nous avons soif de v\u00e9rit\u00e9 sur les for\u00eats amazoniennes, le Tibet et la","robots":{"index":"index","follow":"follow","max-snippet":"max-snippet:-1","max-image-preview":"max-image-preview:large","max-video-preview":"max-video-preview:-1"},"canonical":"https:\/\/www.pressenza.com\/fr\/2024\/02\/julian-assange-demasquer-la-verite-au-milieu-des-tensions-mondiales-et-des-batailles-juridiques\/","og_locale":"fr_FR","og_type":"article","og_title":"Julian Assange : D\u00e9masquer la v\u00e9rit\u00e9 au milieu des tensions mondiales et des batailles juridiques","og_description":"Dans notre monde complexe, il est essentiel de comprendre les \u00e9v\u00e9nements mondiaux. Nous avons soif de v\u00e9rit\u00e9 sur les for\u00eats amazoniennes, le Tibet et la","og_url":"https:\/\/www.pressenza.com\/fr\/2024\/02\/julian-assange-demasquer-la-verite-au-milieu-des-tensions-mondiales-et-des-batailles-juridiques\/","og_site_name":"Pressenza","article_publisher":"https:\/\/www.facebook.com\/PressenzaItalia","article_author":"https:\/\/www.facebook.com\/PressenzaEnglish\/","article_published_time":"2024-02-13T03:38:34+00:00","og_image":[{"width":1080,"height":1080,"url":"https:\/\/www.pressenza.com\/wp-content\/uploads\/2024\/01\/assange-X-day.jpg","type":"image\/jpeg"}],"author":"Pressenza New York","twitter_card":"summary_large_image","twitter_creator":"@PressenzaIPA","twitter_site":"@PressenzaIPA","twitter_misc":{"\u00c9crit par":"Pressenza New York","Dur\u00e9e de lecture estim\u00e9e":"3 minutes"},"schema":{"@context":"https:\/\/schema.org","@graph":[{"@type":"Article","@id":"https:\/\/www.pressenza.com\/fr\/2024\/02\/julian-assange-demasquer-la-verite-au-milieu-des-tensions-mondiales-et-des-batailles-juridiques\/#article","isPartOf":{"@id":"https:\/\/www.pressenza.com\/fr\/2024\/02\/julian-assange-demasquer-la-verite-au-milieu-des-tensions-mondiales-et-des-batailles-juridiques\/"},"author":{"name":"Pressenza New York","@id":"https:\/\/www.pressenza.com\/fr\/#\/schema\/person\/75ff8ec4b4b03f1d2da977bba83672b3"},"headline":"Julian Assange : D\u00e9masquer la v\u00e9rit\u00e9 au milieu des tensions mondiales et des batailles juridiques","datePublished":"2024-02-13T03:38:34+00:00","mainEntityOfPage":{"@id":"https:\/\/www.pressenza.com\/fr\/2024\/02\/julian-assange-demasquer-la-verite-au-milieu-des-tensions-mondiales-et-des-batailles-juridiques\/"},"wordCount":602,"publisher":{"@id":"https:\/\/www.pressenza.com\/fr\/#organization"},"image":{"@id":"https:\/\/www.pressenza.com\/fr\/2024\/02\/julian-assange-demasquer-la-verite-au-milieu-des-tensions-mondiales-et-des-batailles-juridiques\/#primaryimage"},"thumbnailUrl":"https:\/\/www.pressenza.com\/wp-content\/uploads\/2024\/01\/assange-X-day.jpg","keywords":["Haute Cour du Royaume-Uni","Julian Assange"],"articleSection":["Am\u00e9rique du Nord","Contenu Original","Culture et M\u00e9dias","Droits humains","Opinion","Relations internationales"],"inLanguage":"fr-FR"},{"@type":"WebPage","@id":"https:\/\/www.pressenza.com\/fr\/2024\/02\/julian-assange-demasquer-la-verite-au-milieu-des-tensions-mondiales-et-des-batailles-juridiques\/","url":"https:\/\/www.pressenza.com\/fr\/2024\/02\/julian-assange-demasquer-la-verite-au-milieu-des-tensions-mondiales-et-des-batailles-juridiques\/","name":"Julian Assange : D\u00e9masquer la v\u00e9rit\u00e9 au milieu des tensions mondiales et des batailles juridiques","isPartOf":{"@id":"https:\/\/www.pressenza.com\/fr\/#website"},"primaryImageOfPage":{"@id":"https:\/\/www.pressenza.com\/fr\/2024\/02\/julian-assange-demasquer-la-verite-au-milieu-des-tensions-mondiales-et-des-batailles-juridiques\/#primaryimage"},"image":{"@id":"https:\/\/www.pressenza.com\/fr\/2024\/02\/julian-assange-demasquer-la-verite-au-milieu-des-tensions-mondiales-et-des-batailles-juridiques\/#primaryimage"},"thumbnailUrl":"https:\/\/www.pressenza.com\/wp-content\/uploads\/2024\/01\/assange-X-day.jpg","datePublished":"2024-02-13T03:38:34+00:00","description":"Dans notre monde complexe, il est essentiel de comprendre les \u00e9v\u00e9nements mondiaux. Nous avons soif de v\u00e9rit\u00e9 sur les for\u00eats amazoniennes, le Tibet et la","breadcrumb":{"@id":"https:\/\/www.pressenza.com\/fr\/2024\/02\/julian-assange-demasquer-la-verite-au-milieu-des-tensions-mondiales-et-des-batailles-juridiques\/#breadcrumb"},"inLanguage":"fr-FR","potentialAction":[{"@type":"ReadAction","target":["https:\/\/www.pressenza.com\/fr\/2024\/02\/julian-assange-demasquer-la-verite-au-milieu-des-tensions-mondiales-et-des-batailles-juridiques\/"]}]},{"@type":"ImageObject","inLanguage":"fr-FR","@id":"https:\/\/www.pressenza.com\/fr\/2024\/02\/julian-assange-demasquer-la-verite-au-milieu-des-tensions-mondiales-et-des-batailles-juridiques\/#primaryimage","url":"https:\/\/www.pressenza.com\/wp-content\/uploads\/2024\/01\/assange-X-day.jpg","contentUrl":"https:\/\/www.pressenza.com\/wp-content\/uploads\/2024\/01\/assange-X-day.jpg","width":1080,"height":1080},{"@type":"BreadcrumbList","@id":"https:\/\/www.pressenza.com\/fr\/2024\/02\/julian-assange-demasquer-la-verite-au-milieu-des-tensions-mondiales-et-des-batailles-juridiques\/#breadcrumb","itemListElement":[{"@type":"ListItem","position":1,"name":"Accueil","item":"https:\/\/www.pressenza.com\/fr\/"},{"@type":"ListItem","position":2,"name":"Julian Assange : D\u00e9masquer la v\u00e9rit\u00e9 au milieu des tensions mondiales et des batailles juridiques"}]},{"@type":"WebSite","@id":"https:\/\/www.pressenza.com\/fr\/#website","url":"https:\/\/www.pressenza.com\/fr\/","name":"Pressenza","description":"International Press Agency","publisher":{"@id":"https:\/\/www.pressenza.com\/fr\/#organization"},"potentialAction":[{"@type":"SearchAction","target":{"@type":"EntryPoint","urlTemplate":"https:\/\/www.pressenza.com\/fr\/?s={search_term_string}"},"query-input":{"@type":"PropertyValueSpecification","valueRequired":true,"valueName":"search_term_string"}}],"inLanguage":"fr-FR"},{"@type":"Organization","@id":"https:\/\/www.pressenza.com\/fr\/#organization","name":"Pressenza","url":"https:\/\/www.pressenza.com\/fr\/","logo":{"@type":"ImageObject","inLanguage":"fr-FR","@id":"https:\/\/www.pressenza.com\/fr\/#\/schema\/logo\/image\/","url":"https:\/\/www.pressenza.com\/wp-content\/uploads\/2022\/10\/pressenza_logo_200x200.jpg","contentUrl":"https:\/\/www.pressenza.com\/wp-content\/uploads\/2022\/10\/pressenza_logo_200x200.jpg","width":200,"height":200,"caption":"Pressenza"},"image":{"@id":"https:\/\/www.pressenza.com\/fr\/#\/schema\/logo\/image\/"},"sameAs":["https:\/\/www.facebook.com\/PressenzaItalia","https:\/\/x.com\/PressenzaIPA"]},{"@type":"Person","@id":"https:\/\/www.pressenza.com\/fr\/#\/schema\/person\/75ff8ec4b4b03f1d2da977bba83672b3","name":"Pressenza New York","description":"News from the Pressenza Bureau in New York, United States","sameAs":["https:\/\/www.facebook.com\/PressenzaEnglish\/","https:\/\/x.com\/PressenzaIPA"],"url":"https:\/\/www.pressenza.com\/fr\/author\/pressenza-new-york\/"}]}},"place":"New York, Etats-Unis","original_article_url":"","_links":{"self":[{"href":"https:\/\/www.pressenza.com\/fr\/wp-json\/wp\/v2\/posts\/1798703","targetHints":{"allow":["GET"]}}],"collection":[{"href":"https:\/\/www.pressenza.com\/fr\/wp-json\/wp\/v2\/posts"}],"about":[{"href":"https:\/\/www.pressenza.com\/fr\/wp-json\/wp\/v2\/types\/post"}],"author":[{"embeddable":true,"href":"https:\/\/www.pressenza.com\/fr\/wp-json\/wp\/v2\/users\/1126"}],"replies":[{"embeddable":true,"href":"https:\/\/www.pressenza.com\/fr\/wp-json\/wp\/v2\/comments?post=1798703"}],"version-history":[{"count":0,"href":"https:\/\/www.pressenza.com\/fr\/wp-json\/wp\/v2\/posts\/1798703\/revisions"}],"wp:featuredmedia":[{"embeddable":true,"href":"https:\/\/www.pressenza.com\/fr\/wp-json\/wp\/v2\/media\/1798711"}],"wp:attachment":[{"href":"https:\/\/www.pressenza.com\/fr\/wp-json\/wp\/v2\/media?parent=1798703"}],"wp:term":[{"taxonomy":"category","embeddable":true,"href":"https:\/\/www.pressenza.com\/fr\/wp-json\/wp\/v2\/categories?post=1798703"},{"taxonomy":"post_tag","embeddable":true,"href":"https:\/\/www.pressenza.com\/fr\/wp-json\/wp\/v2\/tags?post=1798703"}],"curies":[{"name":"wp","href":"https:\/\/api.w.org\/{rel}","templated":true}]}}