{"id":1797471,"date":"2024-02-06T00:07:06","date_gmt":"2024-02-06T00:07:06","guid":{"rendered":"https:\/\/www.pressenza.com\/?p=1797471"},"modified":"2024-02-06T00:07:06","modified_gmt":"2024-02-06T00:07:06","slug":"en-souvenir-de-lenorme-heritage-dune-grande-ame","status":"publish","type":"post","link":"https:\/\/www.pressenza.com\/fr\/2024\/02\/en-souvenir-de-lenorme-heritage-dune-grande-ame\/","title":{"rendered":"En souvenir de l&rsquo;\u00e9norme h\u00e9ritage d&rsquo;une \u00ab\u00a0grande \u00e2me\u00a0\u00bb"},"content":{"rendered":"<p>Le 30 janvier 1948, le Mahatma Gandhi, l&rsquo;un des principaux acteurs de la lib\u00e9ration de l&rsquo;Inde de la domination britannique et un exemple vivant de non-violence active, a \u00e9t\u00e9 assassin\u00e9 \u00e0 l&rsquo;\u00e2ge de 78 ans par un fanatique hindou.<\/p>\n<p>Avocat et militant, il s&rsquo;est inspir\u00e9 de la culture hindoue, des id\u00e9es de l&rsquo;anarchiste chr\u00e9tien russe Tolsto\u00ef et de l&rsquo;action de d\u00e9sob\u00e9issance civile pr\u00f4n\u00e9e par l&rsquo;\u00e9crivain am\u00e9ricain Henry David Thoreau pour mener ses premiers combats en faveur de ses compatriotes, victimes de discriminations et de mauvais traitements en Afrique du Sud.<\/p>\n<p>\u00c0 son retour en Inde en 1915, il a lanc\u00e9 le mouvement que le monde allait conna\u00eetre sous le nom de Satyagraha, un n\u00e9ologisme qu&rsquo;il a invent\u00e9 et qui signifie \u00ab\u00a0force ou insistance de la v\u00e9rit\u00e9\u00a0\u00bb.<\/p>\n<p>L&rsquo;un des points culminants de l&rsquo;Ahimsa (NdT: terme sanskrit qui veut dire non-violence et respect de la vie) sera la Marche du sel en 1930, une action de masse par laquelle Gandhi encourage ses compatriotes \u00e0 contester ouvertement le monopole impos\u00e9 par le gouvernement britannique sur la production et la distribution du sel.<\/p>\n<p>Finalement, apr\u00e8s bien des luttes, des r\u00e9pressions, des gr\u00e8ves de la faim et des emprisonnements, apr\u00e8s des meurtres douloureux entre fr\u00e8res, l&rsquo;ind\u00e9pendance est venue, qui fait partie de son grand h\u00e9ritage. Gandhi n&rsquo;a cependant pas pu emp\u00eacher la partition de l\u2019Inde en deux pays, qui deviendront par la suite trois, l&rsquo;Inde, le Pakistan et le Bangladesh.<\/p>\n<p>Mais il est impossible d&rsquo;exposer en quelques lignes la signification profonde de la vie et de la lutte de \u00ab\u00a0Bapu\u00a0\u00bb pour l&rsquo;Inde et le monde. Nous nous tournerons donc vers certaines de ses phrases qui r\u00e9sonnent, inspirent et restent aussi pertinentes aujourd&rsquo;hui qu&rsquo;hier, \u00e0 un moment de l&rsquo;humanit\u00e9 o\u00f9 la division et le d\u00e9couragement semblent r\u00e9gner en ma\u00eetres.<\/p>\n<p>\u00ab\u00a0En r\u00e9alit\u00e9, il y a autant de religions que d&rsquo;individus. &#8230; Les religions sont des chemins diff\u00e9rents qui convergent vers le m\u00eame point. Qu&rsquo;importe que nous prenions des chemins diff\u00e9rents pourvu que nous arrivions au m\u00eame but. Quelles sont les causes des querelles ?\u00a0\u00bb<\/p>\n<p>\u00ab\u00a0J&rsquo;ai appris par une exp\u00e9rience am\u00e8re la le\u00e7on supr\u00eame de conserver ma col\u00e8re, et comme la chaleur conserv\u00e9e est transmut\u00e9e en \u00e9nergie, de m\u00eame notre col\u00e8re contr\u00f4l\u00e9e peut \u00eatre transmut\u00e9e en un pouvoir capable de faire bouger le monde.\u00a0\u00bb<\/p>\n<p>\u00ab\u00a0La non-violence est mon premier article de foi. C&rsquo;est aussi le dernier article de mon credo\u00a0\u00bb.<\/p>\n<p>Et enfin :<\/p>\n<p>\u00ab\u00a0Un petit groupe d&rsquo;esprits d\u00e9termin\u00e9s, anim\u00e9s d&rsquo;une foi in\u00e9branlable en leur mission, peut changer le cours de l&rsquo;histoire\u00a0\u00bb.<\/p>\n<p>Merci pour tout, Grande \u00c2me!<\/p>\n<p>&nbsp;<\/p>\n<p><em>Traduit de l&rsquo;anglais par Evelyn Tischer<\/em><\/p>\n","protected":false},"excerpt":{"rendered":"<p>Le 30 janvier 1948, le Mahatma Gandhi, l&rsquo;un des principaux acteurs de la lib\u00e9ration de l&rsquo;Inde de la domination britannique et un exemple vivant de non-violence active, a \u00e9t\u00e9 assassin\u00e9 \u00e0 l&rsquo;\u00e2ge de 78 ans par un fanatique hindou. Avocat&hellip;<\/p>\n","protected":false},"author":19,"featured_media":1797473,"comment_status":"closed","ping_status":"closed","sticky":false,"template":"","format":"standard","meta":{"footnotes":""},"categories":[84,11386,1248],"tags":[1077,56572,813,4042,11732,28871,28903],"class_list":["post-1797471","post","type-post","status-publish","format-standard","has-post-thumbnail","hentry","category-asia-fr","category-contenu-original","category-nonviolence-sujet","tag-colonialisme","tag-gandhi-fr","tag-inde","tag-independance","tag-mahatma-gandhi-fr","tag-no-violencia-fr","tag-non-violence"],"yoast_head":"<!-- This site is optimized with the Yoast SEO plugin v27.1.1 - https:\/\/yoast.com\/product\/yoast-seo-wordpress\/ -->\n<title>En souvenir de l&#039;\u00e9norme h\u00e9ritage d&#039;une &quot;grande \u00e2me&quot;<\/title>\n<meta name=\"description\" content=\"Le 30 janvier 1948, le Mahatma Gandhi, l&#039;un des principaux acteurs de la lib\u00e9ration de l&#039;Inde de la domination britannique et un exemple vivant de\" \/>\n<meta name=\"robots\" content=\"index, follow, max-snippet:-1, max-image-preview:large, max-video-preview:-1\" \/>\n<link rel=\"canonical\" href=\"https:\/\/www.pressenza.com\/fr\/2024\/02\/en-souvenir-de-lenorme-heritage-dune-grande-ame\/\" \/>\n<meta property=\"og:locale\" content=\"fr_FR\" \/>\n<meta property=\"og:type\" content=\"article\" \/>\n<meta property=\"og:title\" content=\"En souvenir de l&#039;\u00e9norme h\u00e9ritage d&#039;une &quot;grande \u00e2me&quot;\" \/>\n<meta property=\"og:description\" content=\"Le 30 janvier 1948, le Mahatma Gandhi, l&#039;un des principaux acteurs de la lib\u00e9ration de l&#039;Inde de la domination britannique et un exemple vivant de\" \/>\n<meta property=\"og:url\" content=\"https:\/\/www.pressenza.com\/fr\/2024\/02\/en-souvenir-de-lenorme-heritage-dune-grande-ame\/\" \/>\n<meta property=\"og:site_name\" content=\"Pressenza\" \/>\n<meta property=\"article:publisher\" content=\"https:\/\/www.facebook.com\/PressenzaItalia\" \/>\n<meta property=\"article:author\" content=\"https:\/\/www.facebook.com\/pressenza\" \/>\n<meta property=\"article:published_time\" content=\"2024-02-06T00:07:06+00:00\" \/>\n<meta property=\"og:image\" content=\"https:\/\/www.pressenza.com\/wp-content\/uploads\/2024\/01\/1024px-Marcha_sal.jpg\" \/>\n\t<meta property=\"og:image:width\" content=\"1024\" \/>\n\t<meta property=\"og:image:height\" content=\"688\" \/>\n\t<meta property=\"og:image:type\" content=\"image\/jpeg\" \/>\n<meta name=\"author\" content=\"Pressenza IPA\" \/>\n<meta name=\"twitter:card\" content=\"summary_large_image\" \/>\n<meta name=\"twitter:creator\" content=\"@PressenzaIPA\" \/>\n<meta name=\"twitter:site\" content=\"@PressenzaIPA\" \/>\n<meta name=\"twitter:label1\" content=\"\u00c9crit par\" \/>\n\t<meta name=\"twitter:data1\" content=\"Pressenza IPA\" \/>\n\t<meta name=\"twitter:label2\" content=\"Dur\u00e9e de lecture estim\u00e9e\" \/>\n\t<meta name=\"twitter:data2\" content=\"3 minutes\" \/>\n<script type=\"application\/ld+json\" class=\"yoast-schema-graph\">{\"@context\":\"https:\/\/schema.org\",\"@graph\":[{\"@type\":\"Article\",\"@id\":\"https:\/\/www.pressenza.com\/fr\/2024\/02\/en-souvenir-de-lenorme-heritage-dune-grande-ame\/#article\",\"isPartOf\":{\"@id\":\"https:\/\/www.pressenza.com\/fr\/2024\/02\/en-souvenir-de-lenorme-heritage-dune-grande-ame\/\"},\"author\":{\"name\":\"Pressenza IPA\",\"@id\":\"https:\/\/www.pressenza.com\/fr\/#\/schema\/person\/010e5d02bcf40965427a1289a4cc8d75\"},\"headline\":\"En souvenir de l&rsquo;\u00e9norme h\u00e9ritage d&rsquo;une \u00ab\u00a0grande \u00e2me\u00a0\u00bb\",\"datePublished\":\"2024-02-06T00:07:06+00:00\",\"mainEntityOfPage\":{\"@id\":\"https:\/\/www.pressenza.com\/fr\/2024\/02\/en-souvenir-de-lenorme-heritage-dune-grande-ame\/\"},\"wordCount\":495,\"publisher\":{\"@id\":\"https:\/\/www.pressenza.com\/fr\/#organization\"},\"image\":{\"@id\":\"https:\/\/www.pressenza.com\/fr\/2024\/02\/en-souvenir-de-lenorme-heritage-dune-grande-ame\/#primaryimage\"},\"thumbnailUrl\":\"https:\/\/www.pressenza.com\/wp-content\/uploads\/2024\/01\/1024px-Marcha_sal.jpg\",\"keywords\":[\"colonialisme\",\"Gandhi\",\"Inde\",\"ind\u00e9pendance\",\"Mahatma Gandhi\",\"No violencia\",\"non-violence\"],\"articleSection\":[\"Asie\",\"Contenu Original\",\"Non-violence\"],\"inLanguage\":\"fr-FR\"},{\"@type\":\"WebPage\",\"@id\":\"https:\/\/www.pressenza.com\/fr\/2024\/02\/en-souvenir-de-lenorme-heritage-dune-grande-ame\/\",\"url\":\"https:\/\/www.pressenza.com\/fr\/2024\/02\/en-souvenir-de-lenorme-heritage-dune-grande-ame\/\",\"name\":\"En souvenir de l'\u00e9norme h\u00e9ritage d'une \\\"grande \u00e2me\\\"\",\"isPartOf\":{\"@id\":\"https:\/\/www.pressenza.com\/fr\/#website\"},\"primaryImageOfPage\":{\"@id\":\"https:\/\/www.pressenza.com\/fr\/2024\/02\/en-souvenir-de-lenorme-heritage-dune-grande-ame\/#primaryimage\"},\"image\":{\"@id\":\"https:\/\/www.pressenza.com\/fr\/2024\/02\/en-souvenir-de-lenorme-heritage-dune-grande-ame\/#primaryimage\"},\"thumbnailUrl\":\"https:\/\/www.pressenza.com\/wp-content\/uploads\/2024\/01\/1024px-Marcha_sal.jpg\",\"datePublished\":\"2024-02-06T00:07:06+00:00\",\"description\":\"Le 30 janvier 1948, le Mahatma Gandhi, l'un des principaux acteurs de la lib\u00e9ration de l'Inde de la domination britannique et un exemple vivant de\",\"breadcrumb\":{\"@id\":\"https:\/\/www.pressenza.com\/fr\/2024\/02\/en-souvenir-de-lenorme-heritage-dune-grande-ame\/#breadcrumb\"},\"inLanguage\":\"fr-FR\",\"potentialAction\":[{\"@type\":\"ReadAction\",\"target\":[\"https:\/\/www.pressenza.com\/fr\/2024\/02\/en-souvenir-de-lenorme-heritage-dune-grande-ame\/\"]}]},{\"@type\":\"ImageObject\",\"inLanguage\":\"fr-FR\",\"@id\":\"https:\/\/www.pressenza.com\/fr\/2024\/02\/en-souvenir-de-lenorme-heritage-dune-grande-ame\/#primaryimage\",\"url\":\"https:\/\/www.pressenza.com\/wp-content\/uploads\/2024\/01\/1024px-Marcha_sal.jpg\",\"contentUrl\":\"https:\/\/www.pressenza.com\/wp-content\/uploads\/2024\/01\/1024px-Marcha_sal.jpg\",\"width\":1024,\"height\":688},{\"@type\":\"BreadcrumbList\",\"@id\":\"https:\/\/www.pressenza.com\/fr\/2024\/02\/en-souvenir-de-lenorme-heritage-dune-grande-ame\/#breadcrumb\",\"itemListElement\":[{\"@type\":\"ListItem\",\"position\":1,\"name\":\"Accueil\",\"item\":\"https:\/\/www.pressenza.com\/fr\/\"},{\"@type\":\"ListItem\",\"position\":2,\"name\":\"En souvenir de l&rsquo;\u00e9norme h\u00e9ritage d&rsquo;une \u00ab\u00a0grande \u00e2me\u00a0\u00bb\"}]},{\"@type\":\"WebSite\",\"@id\":\"https:\/\/www.pressenza.com\/fr\/#website\",\"url\":\"https:\/\/www.pressenza.com\/fr\/\",\"name\":\"Pressenza\",\"description\":\"International Press Agency\",\"publisher\":{\"@id\":\"https:\/\/www.pressenza.com\/fr\/#organization\"},\"potentialAction\":[{\"@type\":\"SearchAction\",\"target\":{\"@type\":\"EntryPoint\",\"urlTemplate\":\"https:\/\/www.pressenza.com\/fr\/?s={search_term_string}\"},\"query-input\":{\"@type\":\"PropertyValueSpecification\",\"valueRequired\":true,\"valueName\":\"search_term_string\"}}],\"inLanguage\":\"fr-FR\"},{\"@type\":\"Organization\",\"@id\":\"https:\/\/www.pressenza.com\/fr\/#organization\",\"name\":\"Pressenza\",\"url\":\"https:\/\/www.pressenza.com\/fr\/\",\"logo\":{\"@type\":\"ImageObject\",\"inLanguage\":\"fr-FR\",\"@id\":\"https:\/\/www.pressenza.com\/fr\/#\/schema\/logo\/image\/\",\"url\":\"https:\/\/www.pressenza.com\/wp-content\/uploads\/2022\/10\/pressenza_logo_200x200.jpg\",\"contentUrl\":\"https:\/\/www.pressenza.com\/wp-content\/uploads\/2022\/10\/pressenza_logo_200x200.jpg\",\"width\":200,\"height\":200,\"caption\":\"Pressenza\"},\"image\":{\"@id\":\"https:\/\/www.pressenza.com\/fr\/#\/schema\/logo\/image\/\"},\"sameAs\":[\"https:\/\/www.facebook.com\/PressenzaItalia\",\"https:\/\/x.com\/PressenzaIPA\"]},{\"@type\":\"Person\",\"@id\":\"https:\/\/www.pressenza.com\/fr\/#\/schema\/person\/010e5d02bcf40965427a1289a4cc8d75\",\"name\":\"Pressenza IPA\",\"description\":\"News from Pressenza IPA correspondents\",\"sameAs\":[\"https:\/\/www.facebook.com\/pressenza\",\"https:\/\/x.com\/PressenzaIPA\"],\"url\":\"https:\/\/www.pressenza.com\/fr\/author\/pressenza-ipa\/\"}]}<\/script>\n<!-- \/ Yoast SEO plugin. -->","yoast_head_json":{"title":"En souvenir de l'\u00e9norme h\u00e9ritage d'une \"grande \u00e2me\"","description":"Le 30 janvier 1948, le Mahatma Gandhi, l'un des principaux acteurs de la lib\u00e9ration de l'Inde de la domination britannique et un exemple vivant de","robots":{"index":"index","follow":"follow","max-snippet":"max-snippet:-1","max-image-preview":"max-image-preview:large","max-video-preview":"max-video-preview:-1"},"canonical":"https:\/\/www.pressenza.com\/fr\/2024\/02\/en-souvenir-de-lenorme-heritage-dune-grande-ame\/","og_locale":"fr_FR","og_type":"article","og_title":"En souvenir de l'\u00e9norme h\u00e9ritage d'une \"grande \u00e2me\"","og_description":"Le 30 janvier 1948, le Mahatma Gandhi, l'un des principaux acteurs de la lib\u00e9ration de l'Inde de la domination britannique et un exemple vivant de","og_url":"https:\/\/www.pressenza.com\/fr\/2024\/02\/en-souvenir-de-lenorme-heritage-dune-grande-ame\/","og_site_name":"Pressenza","article_publisher":"https:\/\/www.facebook.com\/PressenzaItalia","article_author":"https:\/\/www.facebook.com\/pressenza","article_published_time":"2024-02-06T00:07:06+00:00","og_image":[{"width":1024,"height":688,"url":"https:\/\/www.pressenza.com\/wp-content\/uploads\/2024\/01\/1024px-Marcha_sal.jpg","type":"image\/jpeg"}],"author":"Pressenza IPA","twitter_card":"summary_large_image","twitter_creator":"@PressenzaIPA","twitter_site":"@PressenzaIPA","twitter_misc":{"\u00c9crit par":"Pressenza IPA","Dur\u00e9e de lecture estim\u00e9e":"3 minutes"},"schema":{"@context":"https:\/\/schema.org","@graph":[{"@type":"Article","@id":"https:\/\/www.pressenza.com\/fr\/2024\/02\/en-souvenir-de-lenorme-heritage-dune-grande-ame\/#article","isPartOf":{"@id":"https:\/\/www.pressenza.com\/fr\/2024\/02\/en-souvenir-de-lenorme-heritage-dune-grande-ame\/"},"author":{"name":"Pressenza IPA","@id":"https:\/\/www.pressenza.com\/fr\/#\/schema\/person\/010e5d02bcf40965427a1289a4cc8d75"},"headline":"En souvenir de l&rsquo;\u00e9norme h\u00e9ritage d&rsquo;une \u00ab\u00a0grande \u00e2me\u00a0\u00bb","datePublished":"2024-02-06T00:07:06+00:00","mainEntityOfPage":{"@id":"https:\/\/www.pressenza.com\/fr\/2024\/02\/en-souvenir-de-lenorme-heritage-dune-grande-ame\/"},"wordCount":495,"publisher":{"@id":"https:\/\/www.pressenza.com\/fr\/#organization"},"image":{"@id":"https:\/\/www.pressenza.com\/fr\/2024\/02\/en-souvenir-de-lenorme-heritage-dune-grande-ame\/#primaryimage"},"thumbnailUrl":"https:\/\/www.pressenza.com\/wp-content\/uploads\/2024\/01\/1024px-Marcha_sal.jpg","keywords":["colonialisme","Gandhi","Inde","ind\u00e9pendance","Mahatma Gandhi","No violencia","non-violence"],"articleSection":["Asie","Contenu Original","Non-violence"],"inLanguage":"fr-FR"},{"@type":"WebPage","@id":"https:\/\/www.pressenza.com\/fr\/2024\/02\/en-souvenir-de-lenorme-heritage-dune-grande-ame\/","url":"https:\/\/www.pressenza.com\/fr\/2024\/02\/en-souvenir-de-lenorme-heritage-dune-grande-ame\/","name":"En souvenir de l'\u00e9norme h\u00e9ritage d'une \"grande \u00e2me\"","isPartOf":{"@id":"https:\/\/www.pressenza.com\/fr\/#website"},"primaryImageOfPage":{"@id":"https:\/\/www.pressenza.com\/fr\/2024\/02\/en-souvenir-de-lenorme-heritage-dune-grande-ame\/#primaryimage"},"image":{"@id":"https:\/\/www.pressenza.com\/fr\/2024\/02\/en-souvenir-de-lenorme-heritage-dune-grande-ame\/#primaryimage"},"thumbnailUrl":"https:\/\/www.pressenza.com\/wp-content\/uploads\/2024\/01\/1024px-Marcha_sal.jpg","datePublished":"2024-02-06T00:07:06+00:00","description":"Le 30 janvier 1948, le Mahatma Gandhi, l'un des principaux acteurs de la lib\u00e9ration de l'Inde de la domination britannique et un exemple vivant de","breadcrumb":{"@id":"https:\/\/www.pressenza.com\/fr\/2024\/02\/en-souvenir-de-lenorme-heritage-dune-grande-ame\/#breadcrumb"},"inLanguage":"fr-FR","potentialAction":[{"@type":"ReadAction","target":["https:\/\/www.pressenza.com\/fr\/2024\/02\/en-souvenir-de-lenorme-heritage-dune-grande-ame\/"]}]},{"@type":"ImageObject","inLanguage":"fr-FR","@id":"https:\/\/www.pressenza.com\/fr\/2024\/02\/en-souvenir-de-lenorme-heritage-dune-grande-ame\/#primaryimage","url":"https:\/\/www.pressenza.com\/wp-content\/uploads\/2024\/01\/1024px-Marcha_sal.jpg","contentUrl":"https:\/\/www.pressenza.com\/wp-content\/uploads\/2024\/01\/1024px-Marcha_sal.jpg","width":1024,"height":688},{"@type":"BreadcrumbList","@id":"https:\/\/www.pressenza.com\/fr\/2024\/02\/en-souvenir-de-lenorme-heritage-dune-grande-ame\/#breadcrumb","itemListElement":[{"@type":"ListItem","position":1,"name":"Accueil","item":"https:\/\/www.pressenza.com\/fr\/"},{"@type":"ListItem","position":2,"name":"En souvenir de l&rsquo;\u00e9norme h\u00e9ritage d&rsquo;une \u00ab\u00a0grande \u00e2me\u00a0\u00bb"}]},{"@type":"WebSite","@id":"https:\/\/www.pressenza.com\/fr\/#website","url":"https:\/\/www.pressenza.com\/fr\/","name":"Pressenza","description":"International Press Agency","publisher":{"@id":"https:\/\/www.pressenza.com\/fr\/#organization"},"potentialAction":[{"@type":"SearchAction","target":{"@type":"EntryPoint","urlTemplate":"https:\/\/www.pressenza.com\/fr\/?s={search_term_string}"},"query-input":{"@type":"PropertyValueSpecification","valueRequired":true,"valueName":"search_term_string"}}],"inLanguage":"fr-FR"},{"@type":"Organization","@id":"https:\/\/www.pressenza.com\/fr\/#organization","name":"Pressenza","url":"https:\/\/www.pressenza.com\/fr\/","logo":{"@type":"ImageObject","inLanguage":"fr-FR","@id":"https:\/\/www.pressenza.com\/fr\/#\/schema\/logo\/image\/","url":"https:\/\/www.pressenza.com\/wp-content\/uploads\/2022\/10\/pressenza_logo_200x200.jpg","contentUrl":"https:\/\/www.pressenza.com\/wp-content\/uploads\/2022\/10\/pressenza_logo_200x200.jpg","width":200,"height":200,"caption":"Pressenza"},"image":{"@id":"https:\/\/www.pressenza.com\/fr\/#\/schema\/logo\/image\/"},"sameAs":["https:\/\/www.facebook.com\/PressenzaItalia","https:\/\/x.com\/PressenzaIPA"]},{"@type":"Person","@id":"https:\/\/www.pressenza.com\/fr\/#\/schema\/person\/010e5d02bcf40965427a1289a4cc8d75","name":"Pressenza IPA","description":"News from Pressenza IPA correspondents","sameAs":["https:\/\/www.facebook.com\/pressenza","https:\/\/x.com\/PressenzaIPA"],"url":"https:\/\/www.pressenza.com\/fr\/author\/pressenza-ipa\/"}]}},"place":"","original_article_url":"","_links":{"self":[{"href":"https:\/\/www.pressenza.com\/fr\/wp-json\/wp\/v2\/posts\/1797471","targetHints":{"allow":["GET"]}}],"collection":[{"href":"https:\/\/www.pressenza.com\/fr\/wp-json\/wp\/v2\/posts"}],"about":[{"href":"https:\/\/www.pressenza.com\/fr\/wp-json\/wp\/v2\/types\/post"}],"author":[{"embeddable":true,"href":"https:\/\/www.pressenza.com\/fr\/wp-json\/wp\/v2\/users\/19"}],"replies":[{"embeddable":true,"href":"https:\/\/www.pressenza.com\/fr\/wp-json\/wp\/v2\/comments?post=1797471"}],"version-history":[{"count":0,"href":"https:\/\/www.pressenza.com\/fr\/wp-json\/wp\/v2\/posts\/1797471\/revisions"}],"wp:featuredmedia":[{"embeddable":true,"href":"https:\/\/www.pressenza.com\/fr\/wp-json\/wp\/v2\/media\/1797473"}],"wp:attachment":[{"href":"https:\/\/www.pressenza.com\/fr\/wp-json\/wp\/v2\/media?parent=1797471"}],"wp:term":[{"taxonomy":"category","embeddable":true,"href":"https:\/\/www.pressenza.com\/fr\/wp-json\/wp\/v2\/categories?post=1797471"},{"taxonomy":"post_tag","embeddable":true,"href":"https:\/\/www.pressenza.com\/fr\/wp-json\/wp\/v2\/tags?post=1797471"}],"curies":[{"name":"wp","href":"https:\/\/api.w.org\/{rel}","templated":true}]}}