{"id":1794961,"date":"2024-01-23T22:22:05","date_gmt":"2024-01-23T22:22:05","guid":{"rendered":"https:\/\/www.pressenza.com\/?p=1794961"},"modified":"2024-01-23T22:22:05","modified_gmt":"2024-01-23T22:22:05","slug":"reclamer-leducation-publique-pour-toutes-et-tous","status":"publish","type":"post","link":"https:\/\/www.pressenza.com\/fr\/2024\/01\/reclamer-leducation-publique-pour-toutes-et-tous\/","title":{"rendered":"R\u00e9clamer l&rsquo;\u00e9ducation publique pour toutes et tous"},"content":{"rendered":"<p>Dans un monde en proie \u00e0 la fragmentation sociale, aux in\u00e9galit\u00e9s dommageables et \u00e0 la d\u00e9t\u00e9rioration de l&rsquo;environnement, nous avons besoin plus que jamais d&rsquo;une \u00e9ducation publique de qualit\u00e9, transformatrice et inclusive. Alors que nos syst\u00e8mes politiques s&rsquo;efforcent de r\u00e9sister \u00e0 l&rsquo;autocratie tout en promouvant la d\u00e9mocratie, l&rsquo;\u00e9ducation publique gratuite <a href=\"https:\/\/penguinrandomhousehighereducation.com\/book\/?isbn=9780679750314\">peut contribuer \u00e0 former des populations bien inform\u00e9es<\/a>, capables de relever ces d\u00e9fis mondiaux.<\/p>\n<p>Le public <a href=\"https:\/\/unesdoc.unesco.org\/ark:\/48223\/pf0000380062\">soutient l&rsquo;\u00e9ducation publique<\/a>, et <a href=\"https:\/\/www.educationbeforeprofit.org\/case-studies\/\">l&rsquo;\u00e9ducation publique fonctionne<\/a>.<\/p>\n<p>Un enseignement <a href=\"https:\/\/www.elgaronline.com\/edcollchap-oa\/edcoll\/9781839106026\/9781839106026.00012.xml\">public, inclusif, gratuit, et de qualit\u00e9 est un droit humain<\/a>. Au cours des derni\u00e8res d\u00e9cennies, la communaut\u00e9 internationale a entrepris l\u2019effort sans pr\u00e9c\u00e9dent de fournir une \u00e9ducation publique aux deux milliards d&rsquo;apprenant\u00b7e\u00b7s de la plan\u00e8te et de cr\u00e9er des syst\u00e8mes d&rsquo;apprentissage adaptatif \u00e0 grande \u00e9chelle. <a href=\"https:\/\/www.abidjanprinciples.org\/\">L&rsquo;\u00c9tat est responsable de l\u2019\u00e9ducation publique<\/a> et a l&rsquo;obligation de r\u00e9aliser le droit \u00e0 l&rsquo;\u00e9ducation pour toutes et tous les apprenant\u00b7e\u00b7s. Cela exige des \u00c9tats qu\u2019ils remplissent et d\u00e9veloppent le r\u00f4le central qui leur appartient.<\/p>\n<p>Seuls les \u00c9tats ont la capacit\u00e9 de rem\u00e9dier aux \u00e9normes in\u00e9galit\u00e9s actuelles en mati\u00e8re d&rsquo;\u00e9ducation, qu&rsquo;elles soient li\u00e9es au genre, \u00e0 la race, l&rsquo;ethnie, l&rsquo;origine, \u00e0 la classe sociale, au handicap ou \u00e0 de nombreuses autres formes d&rsquo;exclusion. En outre, le concept de \u00ab\u00a0qualit\u00e9\u00a0\u00bb dans l&rsquo;\u00e9ducation doit aller au-del\u00e0 de la cr\u00e9ation de main-d&rsquo;\u0153uvre et de l\u2019atteinte de mesures d&rsquo;apprentissage \u00e9troites. Les technologies de l&rsquo;\u00e9ducation ne doivent pas remplacer les enseignant\u00b7e\u00b7s et d\u00e9personnaliser l&rsquo;apprentissage, ni supplanter l&rsquo;enseignement public, gratuit et de qualit\u00e9, dispens\u00e9 dans les \u00e9tablissements scolaires. Au contraire, une \u00e9ducation de qualit\u00e9 doit r\u00e9pondre \u00e0 des objectifs de droits humains plus larges, notamment le plein \u00e9panouissement de la personnalit\u00e9 humaine, et favoriser l&rsquo;acquisition de comp\u00e9tences permettant aux apprenant\u00b7e\u00b7s de relever les d\u00e9fis mondiaux d&rsquo;aujourd&rsquo;hui en tant que citoyen\u00b7ne\u00b7s inform\u00e9\u00b7e\u00b7s et actifs et actives.<\/p>\n<p>Le projet d\u2019une \u00e9ducation universelle et \u00e9gale est menac\u00e9 par le r\u00f4le croissant des acteurs priv\u00e9s dans l&rsquo;\u00e9ducation. <a href=\"https:\/\/www.elgaronline.com\/edcollchap-oa\/edcoll\/9781839106026\/9781839106026.00017.xml\">De nombreuses preuves<\/a> dans tous les pays montrent que la privatisation de et dans l&rsquo;\u00e9ducation n&rsquo;am\u00e9liore pas la qualit\u00e9 et l&rsquo;acc\u00e8s, mais entrave l&rsquo;\u00e9quit\u00e9 en ce qui concerne l&rsquo;\u00e9ducation, en contradiction avec le droit relatif aux droits humains, l&rsquo;objectif de d\u00e9veloppement durable 4 des Nations Unies, et, souvent, la l\u00e9gislation nationale. La logique de la privatisation et de la marchandisation de l&rsquo;\u00e9ducation comprend des \u00e9l\u00e9ments sp\u00e9cifiques (standardisation, rentabilit\u00e9, autonomie et d\u00e9r\u00e9glementation) qui entra\u00eenent l&rsquo;exclusion et la s\u00e9gr\u00e9gation de certain\u00b7e\u00b7s apprenant\u00b7e\u00b7s, y compris les personnes handicap\u00e9es. Nous nous opposons \u00e0 la privatisation de l&rsquo;\u00e9ducation parce qu&rsquo;elle va \u00e0 l&rsquo;encontre de la vision de l&rsquo;\u00e9galit\u00e9, pas seulement pour les communaut\u00e9s \u00e0 faibles revenus et marginalis\u00e9es, mais pour tout le monde, entravant la coh\u00e9sion sociale.<\/p>\n<p>L&rsquo;\u00e9ducation publique souffre d&rsquo;un sous-financement flagrant. L&rsquo;UNESCO a estim\u00e9 le <a href=\"https:\/\/www.unesco.org\/en\/articles\/nearly-us100-billion-finance-gap-countries-reach-their-education-targets?TSPD_101_R0=080713870fab2000cc15ecc74d5382e26443276af810f1e3d02c2dba7a1c95d34dfaadbacad08b160828b30e181430000b7d73058a89f4be315fb5f1463a383bb8e7f89e2c51808da5924907f36181afbaa7cadb5a285f022a02eb01bf04397d\">d\u00e9ficit de financement annuel<\/a> de l&rsquo;\u00e9ducation \u00e0 <a href=\"https:\/\/www.unesco.org\/en\/articles\/nearly-us100-billion-finance-gap-countries-reach-their-education-targets?TSPD_101_R0=080713870fab2000cc15ecc74d5382e26443276af810f1e3d02c2dba7a1c95d34dfaadbacad08b160828b30e181430000b7d73058a89f4be315fb5f1463a383bb8e7f89e2c51808da5924907f36181afbaa7cadb5a285f022a02eb01bf04397d\">pr\u00e8s de 100 milliards de dollars en 2023<\/a>. Les d\u00e9ficits de financement d\u00e9coulent de l&rsquo;injustice fiscale, des conditionnalit\u00e9s de l&rsquo;aide, de l&rsquo;aust\u00e9rit\u00e9 et d&rsquo;autres probl\u00e8mes d\u00e9crits comme \u00ab\u00a050 ans d&rsquo;\u00e9chec\u00a0\u00bb, marquant un demi-si\u00e8cle d\u2019application de politiques \u00e9conomiques n\u00e9olib\u00e9rales dans et par le biais de l&rsquo;aide internationale. Nous demandons aux institutions financi\u00e8res internationales de se d\u00e9tourner de l&rsquo;aust\u00e9rit\u00e9 et de la dette et plut\u00f4t d&rsquo;investir \u00e9quitablement dans l&rsquo;\u00e9ducation. Dans le m\u00eame temps, nous nous opposons au d\u00e9tournement de ressources publiques limit\u00e9es pour soutenir des acteurs priv\u00e9s par le biais de partenariats public-priv\u00e9. <a href=\"https:\/\/www.educationbeforeprofit.org\/statement-endorsement-of-the-ifcs-decision-to-extend-freeze-on-investments-in-fee-charging-private-schools\/\">Les institutions financi\u00e8res internationales<\/a> ne doivent pas financer les \u00e9coles priv\u00e9es de la maternelle au secondaire.<\/p>\n<p>Au cours de la derni\u00e8re d\u00e9cennie, les membres du Consortium sur la privatisation de l&rsquo;\u00e9ducation et les droits de l&rsquo;Homme (<a href=\"https:\/\/www.educationbeforeprofit.org\/\">PEHRC<\/a>) ont travaill\u00e9 ensemble pour faire progresser la compr\u00e9hension et la mise en \u0153uvre du droit \u00e0 une \u00e9ducation publique, gratuite, inclusive et de qualit\u00e9, pour s&rsquo;opposer \u00e0 la privatisation de l&rsquo;\u00e9ducation et pour demander aux gouvernements et aux institutions de rendre compte de leurs obligations en mati\u00e8re de r\u00e9alisation du droit \u00e0 l&rsquo;\u00e9ducation. En tant que groupe d&rsquo;organisations de la soci\u00e9t\u00e9 civile, le Consortium r\u00e9fute la vision de l&rsquo;\u00e9ducation comme un bien individuel au sein de syst\u00e8mes in\u00e9quitables o\u00f9 les apprenant\u00b7e\u00b7s n\u00e9\u00b7e\u00b7s dans des familles riches ont des avantages, aux d\u00e9pens des apprenant\u00b7e\u00b7s n\u00e9\u00b7e\u00b7s dans des familles \u00e0 faible revenu, et o\u00f9 les prestataires de services \u00e9ducatifs engrangent des profits consid\u00e9rables au d\u00e9triment d&rsquo;une \u00e9ducation universelle, de haute qualit\u00e9, pour toutes et tous les apprenant\u00b7e\u00b7s.<\/p>\n<p>Au lieu de cela, nous, les signataires, appelons les \u00c9tats \u00e0 r\u00e9aliser le droit \u00e0 une \u00e9ducation publique gratuite, inclusive et de qualit\u00e9 pour toutes et tous les apprenant\u00b7e\u00b7s, tout au long de la vie. Nous croyons que l&rsquo;avenir de la soci\u00e9t\u00e9 humaine d\u00e9pend de notre engagement collectif en faveur de l&rsquo;\u00e9ducation publique. Nous, les organisations, mouvements et individu\u00b7e\u00b7s signataires, appelons tout le monde, en particulier les \u00c9tats, \u00e0 se prot\u00e9ger contre les acteurs priv\u00e9s qui supplantent l&rsquo;int\u00e9r\u00eat public et \u00e0 r\u00e9aliser le droit \u00e0 une \u00e9ducation publique, gratuite, de qualit\u00e9 et bien financ\u00e9e par les pouvoirs publics.<\/p>\n<p>Plus pr\u00e9cis\u00e9ment, nous appelons \u00e0 l&rsquo;action dans cinq domaines cl\u00e9s :<br \/>\n1) Donner la priorit\u00e9 au public. Nous appelons tous les acteurs du secteur \u00e9ducatif \u00e0 donner la priorit\u00e9 \u00e0 une \u00e9ducation de qualit\u00e9, publique, inclusive et gratuite pour tous. Comme d\u00e9crit dans le <a href=\"https:\/\/futureispublic.org\/global-manifesto\/\">manifeste Notre avenir est public<\/a>, nous appelons les \u00c9tats \u00e0 donner la priorit\u00e9 au secteur public en g\u00e9n\u00e9ral.<br \/>\n2) Financer solidement l&rsquo;\u00e9ducation publique. Les gouvernements devraient atteindre le seuil minimum recommand\u00e9 lors du <a href=\"https:\/\/transformingeducationsummit.sdg4education2030.org\/system\/files\/2022-07\/Thematic%20Action%20Track%205%20on%20Financing%20of%20education%20discussion%20paper%20June%202022%20EN.pdf\">sommet Transformer l&rsquo;\u00e9ducation<\/a> (TES), \u00e0 savoir allouer 6 % du PIB et 20 % des d\u00e9penses publiques \u00e0 l&rsquo;\u00e9ducation pour r\u00e9aliser le droit \u00e0 l&rsquo;\u00e9ducation et les droits du travail et le bien-\u00eatre des enseignants, et prendre des mesures nationales et mondiales en mati\u00e8re d&rsquo;imp\u00f4ts, de dette et d&rsquo;aust\u00e9rit\u00e9, comme le recommande <a href=\"https:\/\/www.un.org\/en\/transforming-education-summit\/financing-education\">l&rsquo;appel \u00e0 l&rsquo;action sur le financement lanc\u00e9 au TES.<\/a><br \/>\n3) Cesser de financer la privatisation de l&rsquo;\u00e9ducation. Les \u00c9tats, les institutions de financement du d\u00e9veloppement, les investisseurs, les bailleurs de fonds et les interm\u00e9diaires doivent s&rsquo;assurer que leurs financements ne soutiennent pas l&rsquo;\u00e9ducation priv\u00e9e, en particulier l&rsquo;\u00e9ducation commerciale\/\u00e0 but lucratif. Ces programmes exacerbent souvent la s\u00e9gr\u00e9gation et la discrimination, \u00e9rodent la gratuit\u00e9 de l&rsquo;enseignement, diluent les programmes, ne respectent pas les normes de qualit\u00e9 minimales et r\u00e9duisent le contr\u00f4le d\u00e9mocratique. Les fonds publics doivent financer exclusivement l&rsquo;enseignement public.<br \/>\n4) R\u00e9glementer les acteurs priv\u00e9s et faire appliquer les textes juridiques \u00e0 leur \u00e9gard. Les \u00c9tats doivent r\u00e9glementer les acteurs priv\u00e9s, en particulier pour \u00e9viter les conflits d&rsquo;int\u00e9r\u00eats par lesquels les acteurs priv\u00e9s fa\u00e7onnent les processus r\u00e9glementaires qui r\u00e9gissent leurs activit\u00e9s.<br \/>\nLes \u00c9tats doivent investir dans l&rsquo;application des lois existantes et \u00e9laborer de nouvelles r\u00e9glementations strictes pour prot\u00e9ger le droit \u00e0 l&rsquo;\u00e9ducation.<br \/>\n5) Un changement de discours. Malgr\u00e9 les campagnes de relations publiques bien financ\u00e9es qui pr\u00e9tendent que la privatisation de l&rsquo;\u00e9ducation r\u00e9sout les probl\u00e8mes que l&rsquo;\u00c9tat ne peut pas r\u00e9soudre, les faits d\u00e9montrent le contraire. Nous appelons \u00e0 un changement de discours qui mette en avant les succ\u00e8s de l&rsquo;enseignement public. <a href=\"https:\/\/www.educationbeforeprofit.org\/case-studies\/\">L&rsquo;enseignement public fonctionne<\/a> lorsqu&rsquo;il b\u00e9n\u00e9ficie d&rsquo;un soutien ad\u00e9quat de la part des \u00c9tats. Le public <a href=\"https:\/\/unesdoc.unesco.org\/ark:\/48223\/pf0000380062\">soutient l&rsquo;enseignement public<\/a> dans le monde entier.<\/p>\n<p>Veuillez signer la d\u00e9claration et nous rejoindre dans le processus de plaidoyer pour que les \u00c9tats r\u00e9alisent le plein potentiel de l&rsquo;\u00e9ducation publique. Notre avenir en d\u00e9pend!<\/p>\n","protected":false},"excerpt":{"rendered":"<p>Dans un monde en proie \u00e0 la fragmentation sociale, aux in\u00e9galit\u00e9s dommageables et \u00e0 la d\u00e9t\u00e9rioration de l&rsquo;environnement, nous avons besoin plus que jamais d&rsquo;une \u00e9ducation publique de qualit\u00e9, transformatrice et inclusive. Alors que nos syst\u00e8mes politiques s&rsquo;efforcent de r\u00e9sister&hellip;<\/p>\n","protected":false},"author":834,"featured_media":1794962,"comment_status":"closed","ping_status":"closed","sticky":false,"template":"","format":"standard","meta":{"footnotes":""},"categories":[88,86,151,11386,1249],"tags":[65708],"class_list":["post-1794961","post","type-post","status-publish","format-standard","has-post-thumbnail","hentry","category-amerique-centrale","category-amerique-du-sud","category-communique-de-presse","category-contenu-original","category-education-sujet","tag-enseignement-public"],"yoast_head":"<!-- This site is optimized with the Yoast SEO plugin v27.1.1 - https:\/\/yoast.com\/product\/yoast-seo-wordpress\/ -->\n<title>R\u00e9clamer l&#039;\u00e9ducation publique pour toutes et tous<\/title>\n<meta name=\"description\" content=\"Dans un monde en proie \u00e0 la fragmentation sociale, aux in\u00e9galit\u00e9s dommageables et \u00e0 la d\u00e9t\u00e9rioration de l&#039;environnement, nous avons besoin plus que jamais\" \/>\n<meta name=\"robots\" content=\"index, follow, max-snippet:-1, max-image-preview:large, max-video-preview:-1\" \/>\n<link rel=\"canonical\" href=\"https:\/\/www.pressenza.com\/fr\/2024\/01\/reclamer-leducation-publique-pour-toutes-et-tous\/\" \/>\n<meta property=\"og:locale\" content=\"fr_FR\" \/>\n<meta property=\"og:type\" content=\"article\" \/>\n<meta property=\"og:title\" content=\"R\u00e9clamer l&#039;\u00e9ducation publique pour toutes et tous\" \/>\n<meta property=\"og:description\" content=\"Dans un monde en proie \u00e0 la fragmentation sociale, aux in\u00e9galit\u00e9s dommageables et \u00e0 la d\u00e9t\u00e9rioration de l&#039;environnement, nous avons besoin plus que jamais\" \/>\n<meta property=\"og:url\" content=\"https:\/\/www.pressenza.com\/fr\/2024\/01\/reclamer-leducation-publique-pour-toutes-et-tous\/\" \/>\n<meta property=\"og:site_name\" content=\"Pressenza\" \/>\n<meta property=\"article:publisher\" content=\"https:\/\/www.facebook.com\/PressenzaItalia\" \/>\n<meta property=\"article:published_time\" content=\"2024-01-23T22:22:05+00:00\" \/>\n<meta property=\"og:image\" content=\"https:\/\/www.pressenza.com\/wp-content\/uploads\/2024\/01\/Reclaiming-Public-Education-for-All-6.jpg\" \/>\n\t<meta property=\"og:image:width\" content=\"1080\" \/>\n\t<meta property=\"og:image:height\" content=\"1080\" \/>\n\t<meta property=\"og:image:type\" content=\"image\/jpeg\" \/>\n<meta name=\"author\" content=\"CLADE -\" \/>\n<meta name=\"twitter:card\" content=\"summary_large_image\" \/>\n<meta name=\"twitter:creator\" content=\"@PressenzaIPA\" \/>\n<meta name=\"twitter:site\" content=\"@PressenzaIPA\" \/>\n<meta name=\"twitter:label1\" content=\"\u00c9crit par\" \/>\n\t<meta name=\"twitter:data1\" content=\"CLADE -\" \/>\n\t<meta name=\"twitter:label2\" content=\"Dur\u00e9e de lecture estim\u00e9e\" \/>\n\t<meta name=\"twitter:data2\" content=\"6 minutes\" \/>\n<script type=\"application\/ld+json\" class=\"yoast-schema-graph\">{\"@context\":\"https:\/\/schema.org\",\"@graph\":[{\"@type\":\"Article\",\"@id\":\"https:\/\/www.pressenza.com\/fr\/2024\/01\/reclamer-leducation-publique-pour-toutes-et-tous\/#article\",\"isPartOf\":{\"@id\":\"https:\/\/www.pressenza.com\/fr\/2024\/01\/reclamer-leducation-publique-pour-toutes-et-tous\/\"},\"author\":{\"name\":\"CLADE -\",\"@id\":\"https:\/\/www.pressenza.com\/fr\/#\/schema\/person\/7107400ce8108a47939f2cbb6810e32f\"},\"headline\":\"R\u00e9clamer l&rsquo;\u00e9ducation publique pour toutes et tous\",\"datePublished\":\"2024-01-23T22:22:05+00:00\",\"mainEntityOfPage\":{\"@id\":\"https:\/\/www.pressenza.com\/fr\/2024\/01\/reclamer-leducation-publique-pour-toutes-et-tous\/\"},\"wordCount\":1395,\"publisher\":{\"@id\":\"https:\/\/www.pressenza.com\/fr\/#organization\"},\"image\":{\"@id\":\"https:\/\/www.pressenza.com\/fr\/2024\/01\/reclamer-leducation-publique-pour-toutes-et-tous\/#primaryimage\"},\"thumbnailUrl\":\"https:\/\/www.pressenza.com\/wp-content\/uploads\/2024\/01\/Reclaiming-Public-Education-for-All-6.jpg\",\"keywords\":[\"enseignement public\"],\"articleSection\":[\"Am\u00e9rique centrale\",\"Am\u00e9rique du Sud\",\"Communiqu\u00e9s de Presse\",\"Contenu Original\",\"Education\"],\"inLanguage\":\"fr-FR\"},{\"@type\":\"WebPage\",\"@id\":\"https:\/\/www.pressenza.com\/fr\/2024\/01\/reclamer-leducation-publique-pour-toutes-et-tous\/\",\"url\":\"https:\/\/www.pressenza.com\/fr\/2024\/01\/reclamer-leducation-publique-pour-toutes-et-tous\/\",\"name\":\"R\u00e9clamer l'\u00e9ducation publique pour toutes et tous\",\"isPartOf\":{\"@id\":\"https:\/\/www.pressenza.com\/fr\/#website\"},\"primaryImageOfPage\":{\"@id\":\"https:\/\/www.pressenza.com\/fr\/2024\/01\/reclamer-leducation-publique-pour-toutes-et-tous\/#primaryimage\"},\"image\":{\"@id\":\"https:\/\/www.pressenza.com\/fr\/2024\/01\/reclamer-leducation-publique-pour-toutes-et-tous\/#primaryimage\"},\"thumbnailUrl\":\"https:\/\/www.pressenza.com\/wp-content\/uploads\/2024\/01\/Reclaiming-Public-Education-for-All-6.jpg\",\"datePublished\":\"2024-01-23T22:22:05+00:00\",\"description\":\"Dans un monde en proie \u00e0 la fragmentation sociale, aux in\u00e9galit\u00e9s dommageables et \u00e0 la d\u00e9t\u00e9rioration de l'environnement, nous avons besoin plus que jamais\",\"breadcrumb\":{\"@id\":\"https:\/\/www.pressenza.com\/fr\/2024\/01\/reclamer-leducation-publique-pour-toutes-et-tous\/#breadcrumb\"},\"inLanguage\":\"fr-FR\",\"potentialAction\":[{\"@type\":\"ReadAction\",\"target\":[\"https:\/\/www.pressenza.com\/fr\/2024\/01\/reclamer-leducation-publique-pour-toutes-et-tous\/\"]}]},{\"@type\":\"ImageObject\",\"inLanguage\":\"fr-FR\",\"@id\":\"https:\/\/www.pressenza.com\/fr\/2024\/01\/reclamer-leducation-publique-pour-toutes-et-tous\/#primaryimage\",\"url\":\"https:\/\/www.pressenza.com\/wp-content\/uploads\/2024\/01\/Reclaiming-Public-Education-for-All-6.jpg\",\"contentUrl\":\"https:\/\/www.pressenza.com\/wp-content\/uploads\/2024\/01\/Reclaiming-Public-Education-for-All-6.jpg\",\"width\":1080,\"height\":1080},{\"@type\":\"BreadcrumbList\",\"@id\":\"https:\/\/www.pressenza.com\/fr\/2024\/01\/reclamer-leducation-publique-pour-toutes-et-tous\/#breadcrumb\",\"itemListElement\":[{\"@type\":\"ListItem\",\"position\":1,\"name\":\"Accueil\",\"item\":\"https:\/\/www.pressenza.com\/fr\/\"},{\"@type\":\"ListItem\",\"position\":2,\"name\":\"R\u00e9clamer l&rsquo;\u00e9ducation publique pour toutes et tous\"}]},{\"@type\":\"WebSite\",\"@id\":\"https:\/\/www.pressenza.com\/fr\/#website\",\"url\":\"https:\/\/www.pressenza.com\/fr\/\",\"name\":\"Pressenza\",\"description\":\"International Press Agency\",\"publisher\":{\"@id\":\"https:\/\/www.pressenza.com\/fr\/#organization\"},\"potentialAction\":[{\"@type\":\"SearchAction\",\"target\":{\"@type\":\"EntryPoint\",\"urlTemplate\":\"https:\/\/www.pressenza.com\/fr\/?s={search_term_string}\"},\"query-input\":{\"@type\":\"PropertyValueSpecification\",\"valueRequired\":true,\"valueName\":\"search_term_string\"}}],\"inLanguage\":\"fr-FR\"},{\"@type\":\"Organization\",\"@id\":\"https:\/\/www.pressenza.com\/fr\/#organization\",\"name\":\"Pressenza\",\"url\":\"https:\/\/www.pressenza.com\/fr\/\",\"logo\":{\"@type\":\"ImageObject\",\"inLanguage\":\"fr-FR\",\"@id\":\"https:\/\/www.pressenza.com\/fr\/#\/schema\/logo\/image\/\",\"url\":\"https:\/\/www.pressenza.com\/wp-content\/uploads\/2022\/10\/pressenza_logo_200x200.jpg\",\"contentUrl\":\"https:\/\/www.pressenza.com\/wp-content\/uploads\/2022\/10\/pressenza_logo_200x200.jpg\",\"width\":200,\"height\":200,\"caption\":\"Pressenza\"},\"image\":{\"@id\":\"https:\/\/www.pressenza.com\/fr\/#\/schema\/logo\/image\/\"},\"sameAs\":[\"https:\/\/www.facebook.com\/PressenzaItalia\",\"https:\/\/x.com\/PressenzaIPA\"]},{\"@type\":\"Person\",\"@id\":\"https:\/\/www.pressenza.com\/fr\/#\/schema\/person\/7107400ce8108a47939f2cbb6810e32f\",\"name\":\"CLADE -\",\"description\":\"Latin-American Campaign for the Right to Education www.campanaderechoeducacion.org\",\"url\":\"https:\/\/www.pressenza.com\/fr\/author\/clade\/\"}]}<\/script>\n<!-- \/ Yoast SEO plugin. -->","yoast_head_json":{"title":"R\u00e9clamer l'\u00e9ducation publique pour toutes et tous","description":"Dans un monde en proie \u00e0 la fragmentation sociale, aux in\u00e9galit\u00e9s dommageables et \u00e0 la d\u00e9t\u00e9rioration de l'environnement, nous avons besoin plus que jamais","robots":{"index":"index","follow":"follow","max-snippet":"max-snippet:-1","max-image-preview":"max-image-preview:large","max-video-preview":"max-video-preview:-1"},"canonical":"https:\/\/www.pressenza.com\/fr\/2024\/01\/reclamer-leducation-publique-pour-toutes-et-tous\/","og_locale":"fr_FR","og_type":"article","og_title":"R\u00e9clamer l'\u00e9ducation publique pour toutes et tous","og_description":"Dans un monde en proie \u00e0 la fragmentation sociale, aux in\u00e9galit\u00e9s dommageables et \u00e0 la d\u00e9t\u00e9rioration de l'environnement, nous avons besoin plus que jamais","og_url":"https:\/\/www.pressenza.com\/fr\/2024\/01\/reclamer-leducation-publique-pour-toutes-et-tous\/","og_site_name":"Pressenza","article_publisher":"https:\/\/www.facebook.com\/PressenzaItalia","article_published_time":"2024-01-23T22:22:05+00:00","og_image":[{"width":1080,"height":1080,"url":"https:\/\/www.pressenza.com\/wp-content\/uploads\/2024\/01\/Reclaiming-Public-Education-for-All-6.jpg","type":"image\/jpeg"}],"author":"CLADE -","twitter_card":"summary_large_image","twitter_creator":"@PressenzaIPA","twitter_site":"@PressenzaIPA","twitter_misc":{"\u00c9crit par":"CLADE -","Dur\u00e9e de lecture estim\u00e9e":"6 minutes"},"schema":{"@context":"https:\/\/schema.org","@graph":[{"@type":"Article","@id":"https:\/\/www.pressenza.com\/fr\/2024\/01\/reclamer-leducation-publique-pour-toutes-et-tous\/#article","isPartOf":{"@id":"https:\/\/www.pressenza.com\/fr\/2024\/01\/reclamer-leducation-publique-pour-toutes-et-tous\/"},"author":{"name":"CLADE -","@id":"https:\/\/www.pressenza.com\/fr\/#\/schema\/person\/7107400ce8108a47939f2cbb6810e32f"},"headline":"R\u00e9clamer l&rsquo;\u00e9ducation publique pour toutes et tous","datePublished":"2024-01-23T22:22:05+00:00","mainEntityOfPage":{"@id":"https:\/\/www.pressenza.com\/fr\/2024\/01\/reclamer-leducation-publique-pour-toutes-et-tous\/"},"wordCount":1395,"publisher":{"@id":"https:\/\/www.pressenza.com\/fr\/#organization"},"image":{"@id":"https:\/\/www.pressenza.com\/fr\/2024\/01\/reclamer-leducation-publique-pour-toutes-et-tous\/#primaryimage"},"thumbnailUrl":"https:\/\/www.pressenza.com\/wp-content\/uploads\/2024\/01\/Reclaiming-Public-Education-for-All-6.jpg","keywords":["enseignement public"],"articleSection":["Am\u00e9rique centrale","Am\u00e9rique du Sud","Communiqu\u00e9s de Presse","Contenu Original","Education"],"inLanguage":"fr-FR"},{"@type":"WebPage","@id":"https:\/\/www.pressenza.com\/fr\/2024\/01\/reclamer-leducation-publique-pour-toutes-et-tous\/","url":"https:\/\/www.pressenza.com\/fr\/2024\/01\/reclamer-leducation-publique-pour-toutes-et-tous\/","name":"R\u00e9clamer l'\u00e9ducation publique pour toutes et tous","isPartOf":{"@id":"https:\/\/www.pressenza.com\/fr\/#website"},"primaryImageOfPage":{"@id":"https:\/\/www.pressenza.com\/fr\/2024\/01\/reclamer-leducation-publique-pour-toutes-et-tous\/#primaryimage"},"image":{"@id":"https:\/\/www.pressenza.com\/fr\/2024\/01\/reclamer-leducation-publique-pour-toutes-et-tous\/#primaryimage"},"thumbnailUrl":"https:\/\/www.pressenza.com\/wp-content\/uploads\/2024\/01\/Reclaiming-Public-Education-for-All-6.jpg","datePublished":"2024-01-23T22:22:05+00:00","description":"Dans un monde en proie \u00e0 la fragmentation sociale, aux in\u00e9galit\u00e9s dommageables et \u00e0 la d\u00e9t\u00e9rioration de l'environnement, nous avons besoin plus que jamais","breadcrumb":{"@id":"https:\/\/www.pressenza.com\/fr\/2024\/01\/reclamer-leducation-publique-pour-toutes-et-tous\/#breadcrumb"},"inLanguage":"fr-FR","potentialAction":[{"@type":"ReadAction","target":["https:\/\/www.pressenza.com\/fr\/2024\/01\/reclamer-leducation-publique-pour-toutes-et-tous\/"]}]},{"@type":"ImageObject","inLanguage":"fr-FR","@id":"https:\/\/www.pressenza.com\/fr\/2024\/01\/reclamer-leducation-publique-pour-toutes-et-tous\/#primaryimage","url":"https:\/\/www.pressenza.com\/wp-content\/uploads\/2024\/01\/Reclaiming-Public-Education-for-All-6.jpg","contentUrl":"https:\/\/www.pressenza.com\/wp-content\/uploads\/2024\/01\/Reclaiming-Public-Education-for-All-6.jpg","width":1080,"height":1080},{"@type":"BreadcrumbList","@id":"https:\/\/www.pressenza.com\/fr\/2024\/01\/reclamer-leducation-publique-pour-toutes-et-tous\/#breadcrumb","itemListElement":[{"@type":"ListItem","position":1,"name":"Accueil","item":"https:\/\/www.pressenza.com\/fr\/"},{"@type":"ListItem","position":2,"name":"R\u00e9clamer l&rsquo;\u00e9ducation publique pour toutes et tous"}]},{"@type":"WebSite","@id":"https:\/\/www.pressenza.com\/fr\/#website","url":"https:\/\/www.pressenza.com\/fr\/","name":"Pressenza","description":"International Press Agency","publisher":{"@id":"https:\/\/www.pressenza.com\/fr\/#organization"},"potentialAction":[{"@type":"SearchAction","target":{"@type":"EntryPoint","urlTemplate":"https:\/\/www.pressenza.com\/fr\/?s={search_term_string}"},"query-input":{"@type":"PropertyValueSpecification","valueRequired":true,"valueName":"search_term_string"}}],"inLanguage":"fr-FR"},{"@type":"Organization","@id":"https:\/\/www.pressenza.com\/fr\/#organization","name":"Pressenza","url":"https:\/\/www.pressenza.com\/fr\/","logo":{"@type":"ImageObject","inLanguage":"fr-FR","@id":"https:\/\/www.pressenza.com\/fr\/#\/schema\/logo\/image\/","url":"https:\/\/www.pressenza.com\/wp-content\/uploads\/2022\/10\/pressenza_logo_200x200.jpg","contentUrl":"https:\/\/www.pressenza.com\/wp-content\/uploads\/2022\/10\/pressenza_logo_200x200.jpg","width":200,"height":200,"caption":"Pressenza"},"image":{"@id":"https:\/\/www.pressenza.com\/fr\/#\/schema\/logo\/image\/"},"sameAs":["https:\/\/www.facebook.com\/PressenzaItalia","https:\/\/x.com\/PressenzaIPA"]},{"@type":"Person","@id":"https:\/\/www.pressenza.com\/fr\/#\/schema\/person\/7107400ce8108a47939f2cbb6810e32f","name":"CLADE -","description":"Latin-American Campaign for the Right to Education www.campanaderechoeducacion.org","url":"https:\/\/www.pressenza.com\/fr\/author\/clade\/"}]}},"place":"Sao Paulo, Brasil","original_article_url":"","_links":{"self":[{"href":"https:\/\/www.pressenza.com\/fr\/wp-json\/wp\/v2\/posts\/1794961","targetHints":{"allow":["GET"]}}],"collection":[{"href":"https:\/\/www.pressenza.com\/fr\/wp-json\/wp\/v2\/posts"}],"about":[{"href":"https:\/\/www.pressenza.com\/fr\/wp-json\/wp\/v2\/types\/post"}],"author":[{"embeddable":true,"href":"https:\/\/www.pressenza.com\/fr\/wp-json\/wp\/v2\/users\/834"}],"replies":[{"embeddable":true,"href":"https:\/\/www.pressenza.com\/fr\/wp-json\/wp\/v2\/comments?post=1794961"}],"version-history":[{"count":0,"href":"https:\/\/www.pressenza.com\/fr\/wp-json\/wp\/v2\/posts\/1794961\/revisions"}],"wp:featuredmedia":[{"embeddable":true,"href":"https:\/\/www.pressenza.com\/fr\/wp-json\/wp\/v2\/media\/1794962"}],"wp:attachment":[{"href":"https:\/\/www.pressenza.com\/fr\/wp-json\/wp\/v2\/media?parent=1794961"}],"wp:term":[{"taxonomy":"category","embeddable":true,"href":"https:\/\/www.pressenza.com\/fr\/wp-json\/wp\/v2\/categories?post=1794961"},{"taxonomy":"post_tag","embeddable":true,"href":"https:\/\/www.pressenza.com\/fr\/wp-json\/wp\/v2\/tags?post=1794961"}],"curies":[{"name":"wp","href":"https:\/\/api.w.org\/{rel}","templated":true}]}}