{"id":1792673,"date":"2024-01-11T05:14:13","date_gmt":"2024-01-11T05:14:13","guid":{"rendered":"https:\/\/www.pressenza.com\/?p=1792673"},"modified":"2024-01-11T05:17:53","modified_gmt":"2024-01-11T05:17:53","slug":"lafrique-une-histoire-a-redecouvrir-37-le-gwoka-la-musique-des-esclaves-de-la-guadeloupe","status":"publish","type":"post","link":"https:\/\/www.pressenza.com\/fr\/2024\/01\/lafrique-une-histoire-a-redecouvrir-37-le-gwoka-la-musique-des-esclaves-de-la-guadeloupe\/","title":{"rendered":"L&rsquo;Afrique, une histoire \u00e0 red\u00e9couvrir. 37- Le gwoka, la musique des esclaves de la Guadeloupe"},"content":{"rendered":"<p>Dans les ann\u00e9es 1980, un groupe originaire de la Guadeloupe, dans les Antilles fran\u00e7aises, a connu un grand succ\u00e8s avec ses rythmes africains carib\u00e9ens : il s&rsquo;appelait Kassav et son nom faisait r\u00e9f\u00e9rence \u00e0 la cassave, une galette de manioc fabriqu\u00e9e par les esclaves africains. Je suis tomb\u00e9 amoureux de leur musique, le gwoka, de ses percussions, de ses danses et de ses ch\u0153urs, et j&rsquo;ai voulu en savoir plus sur son apport th\u00e9rapeutique dans la vie de tant de gens.<\/p>\n<p>J&rsquo;ai ainsi d\u00e9couvert que ce genre trouve ses racines dans la musique apport\u00e9e par les esclaves dans les plantations des Cara\u00efbes. Gwoka serait la d\u00e9formation cr\u00e9ole de gros-quart, la contenance des tonneaux dont on faisait les instruments. Pour les esclaves, la musique \u00e9tait un moyen d&rsquo;\u00e9vasion et de communication et un moyen de transformer la douleur en joie et en r\u00e9silience.<\/p>\n<p>Le gwoka comporte sept rythmes principaux, auxquels s&rsquo;ajoutent de multiples variations :<\/p>\n<p>1.TOUMBLAK, rythme exprimant l&rsquo;amour et la fertilit\u00e9<\/p>\n<p>2.KALADJA, un rythme et une danse m\u00e9lancoliques<\/p>\n<p>3.WOULE&rsquo;, rythme sensuel dans\u00e9 par les femmes avec un foulard autour de la t\u00eate<\/p>\n<p>4.GRAJ, danse de la pr\u00e9paration du manioc<\/p>\n<p>5.PADJANBEL, danse de plantation<\/p>\n<p>6.MENDE\u2019, danse de carnaval<\/p>\n<p>7.LEWOZ, rythme de formation<\/p>\n<p>Le 26 novembre 2014, le gwoka a \u00e9t\u00e9 inscrit au patrimoine culturel immat\u00e9riel de l&rsquo;Unesco. Des touristes viennent du monde entier \u00e0 la Guadeloupe pour l&rsquo;\u00e9couter, l&rsquo;\u00e9tudier et le danser. Des \u00e9coles de gwoka se sont form\u00e9es et utilisent ses vertus th\u00e9rapeutiques pour se d\u00e9tendre et soigner diverses formes de stress, perp\u00e9tuant ainsi une tradition n\u00e9e dans les terribles conditions de vie des esclaves africains.<\/p>\n<p>&nbsp;<\/p>\n<p><em>Traduit de l&rsquo;italien par Evelyn Tischer<\/em><\/p>\n","protected":false},"excerpt":{"rendered":"<p>Dans les ann\u00e9es 1980, un groupe originaire de la Guadeloupe, dans les Antilles fran\u00e7aises, a connu un grand succ\u00e8s avec ses rythmes africains carib\u00e9ens : il s&rsquo;appelait Kassav et son nom faisait r\u00e9f\u00e9rence \u00e0 la cassave, une galette de manioc&hellip;<\/p>\n","protected":false},"author":1519,"featured_media":1792677,"comment_status":"closed","ping_status":"closed","sticky":false,"template":"","format":"standard","meta":{"footnotes":""},"categories":[83,88,11386,94],"tags":[119230,111360,24233,119232,107672,2991,119231,77795],"class_list":["post-1792673","post","type-post","status-publish","format-standard","has-post-thumbnail","hentry","category-africa-fr","category-amerique-centrale","category-contenu-original","category-culture-fr","tag-danses","tag-esclaves","tag-guadeloupe","tag-gwoka-fr","tag-histoires-africaines","tag-musique","tag-percussions","tag-valentin-mufila-fr"],"yoast_head":"<!-- This site is optimized with the Yoast SEO plugin v27.1.1 - https:\/\/yoast.com\/product\/yoast-seo-wordpress\/ -->\n<title>L&#039;Afrique, une histoire \u00e0 red\u00e9couvrir. 37- Le gwoka, la musique des esclaves de la Guadeloupe<\/title>\n<meta name=\"description\" content=\"Dans les ann\u00e9es 1980, un groupe originaire de la Guadeloupe, dans les Antilles fran\u00e7aises, a connu un grand succ\u00e8s avec ses rythmes africains carib\u00e9ens :\" \/>\n<meta name=\"robots\" content=\"index, follow, max-snippet:-1, max-image-preview:large, max-video-preview:-1\" \/>\n<link rel=\"canonical\" href=\"https:\/\/www.pressenza.com\/fr\/2024\/01\/lafrique-une-histoire-a-redecouvrir-37-le-gwoka-la-musique-des-esclaves-de-la-guadeloupe\/\" \/>\n<meta property=\"og:locale\" content=\"fr_FR\" \/>\n<meta property=\"og:type\" content=\"article\" \/>\n<meta property=\"og:title\" content=\"L&#039;Afrique, une histoire \u00e0 red\u00e9couvrir. 37- Le gwoka, la musique des esclaves de la Guadeloupe\" \/>\n<meta property=\"og:description\" content=\"Dans les ann\u00e9es 1980, un groupe originaire de la Guadeloupe, dans les Antilles fran\u00e7aises, a connu un grand succ\u00e8s avec ses rythmes africains carib\u00e9ens :\" \/>\n<meta property=\"og:url\" content=\"https:\/\/www.pressenza.com\/fr\/2024\/01\/lafrique-une-histoire-a-redecouvrir-37-le-gwoka-la-musique-des-esclaves-de-la-guadeloupe\/\" \/>\n<meta property=\"og:site_name\" content=\"Pressenza\" \/>\n<meta property=\"article:publisher\" content=\"https:\/\/www.facebook.com\/PressenzaItalia\" \/>\n<meta property=\"article:published_time\" content=\"2024-01-11T05:14:13+00:00\" \/>\n<meta property=\"article:modified_time\" content=\"2024-01-11T05:17:53+00:00\" \/>\n<meta property=\"og:image\" content=\"https:\/\/www.pressenza.com\/wp-content\/uploads\/2024\/01\/gwoka-rit.jpg\" \/>\n\t<meta property=\"og:image:width\" content=\"1920\" \/>\n\t<meta property=\"og:image:height\" content=\"1112\" \/>\n\t<meta property=\"og:image:type\" content=\"image\/jpeg\" \/>\n<meta name=\"author\" content=\"Valentin Mufila\" \/>\n<meta name=\"twitter:card\" content=\"summary_large_image\" \/>\n<meta name=\"twitter:creator\" content=\"@PressenzaIPA\" \/>\n<meta name=\"twitter:site\" content=\"@PressenzaIPA\" \/>\n<meta name=\"twitter:label1\" content=\"\u00c9crit par\" \/>\n\t<meta name=\"twitter:data1\" content=\"Valentin Mufila\" \/>\n\t<meta name=\"twitter:label2\" content=\"Dur\u00e9e de lecture estim\u00e9e\" \/>\n\t<meta name=\"twitter:data2\" content=\"2 minutes\" \/>\n<script type=\"application\/ld+json\" class=\"yoast-schema-graph\">{\"@context\":\"https:\/\/schema.org\",\"@graph\":[{\"@type\":\"Article\",\"@id\":\"https:\/\/www.pressenza.com\/fr\/2024\/01\/lafrique-une-histoire-a-redecouvrir-37-le-gwoka-la-musique-des-esclaves-de-la-guadeloupe\/#article\",\"isPartOf\":{\"@id\":\"https:\/\/www.pressenza.com\/fr\/2024\/01\/lafrique-une-histoire-a-redecouvrir-37-le-gwoka-la-musique-des-esclaves-de-la-guadeloupe\/\"},\"author\":{\"name\":\"Valentin Mufila\",\"@id\":\"https:\/\/www.pressenza.com\/fr\/#\/schema\/person\/6717f34d660e55abd622032732fe9482\"},\"headline\":\"L&rsquo;Afrique, une histoire \u00e0 red\u00e9couvrir. 37- Le gwoka, la musique des esclaves de la Guadeloupe\",\"datePublished\":\"2024-01-11T05:14:13+00:00\",\"dateModified\":\"2024-01-11T05:17:53+00:00\",\"mainEntityOfPage\":{\"@id\":\"https:\/\/www.pressenza.com\/fr\/2024\/01\/lafrique-une-histoire-a-redecouvrir-37-le-gwoka-la-musique-des-esclaves-de-la-guadeloupe\/\"},\"wordCount\":316,\"publisher\":{\"@id\":\"https:\/\/www.pressenza.com\/fr\/#organization\"},\"image\":{\"@id\":\"https:\/\/www.pressenza.com\/fr\/2024\/01\/lafrique-une-histoire-a-redecouvrir-37-le-gwoka-la-musique-des-esclaves-de-la-guadeloupe\/#primaryimage\"},\"thumbnailUrl\":\"https:\/\/www.pressenza.com\/wp-content\/uploads\/2024\/01\/gwoka-rit.jpg\",\"keywords\":[\"danses\",\"esclaves\",\"Guadeloupe\",\"gwoka\",\"histoires africaines\",\"musique\",\"percussions\",\"Valentin Mufila\"],\"articleSection\":[\"Afrique\",\"Am\u00e9rique centrale\",\"Contenu Original\",\"Culture et M\u00e9dias\"],\"inLanguage\":\"fr-FR\"},{\"@type\":\"WebPage\",\"@id\":\"https:\/\/www.pressenza.com\/fr\/2024\/01\/lafrique-une-histoire-a-redecouvrir-37-le-gwoka-la-musique-des-esclaves-de-la-guadeloupe\/\",\"url\":\"https:\/\/www.pressenza.com\/fr\/2024\/01\/lafrique-une-histoire-a-redecouvrir-37-le-gwoka-la-musique-des-esclaves-de-la-guadeloupe\/\",\"name\":\"L'Afrique, une histoire \u00e0 red\u00e9couvrir. 37- Le gwoka, la musique des esclaves de la Guadeloupe\",\"isPartOf\":{\"@id\":\"https:\/\/www.pressenza.com\/fr\/#website\"},\"primaryImageOfPage\":{\"@id\":\"https:\/\/www.pressenza.com\/fr\/2024\/01\/lafrique-une-histoire-a-redecouvrir-37-le-gwoka-la-musique-des-esclaves-de-la-guadeloupe\/#primaryimage\"},\"image\":{\"@id\":\"https:\/\/www.pressenza.com\/fr\/2024\/01\/lafrique-une-histoire-a-redecouvrir-37-le-gwoka-la-musique-des-esclaves-de-la-guadeloupe\/#primaryimage\"},\"thumbnailUrl\":\"https:\/\/www.pressenza.com\/wp-content\/uploads\/2024\/01\/gwoka-rit.jpg\",\"datePublished\":\"2024-01-11T05:14:13+00:00\",\"dateModified\":\"2024-01-11T05:17:53+00:00\",\"description\":\"Dans les ann\u00e9es 1980, un groupe originaire de la Guadeloupe, dans les Antilles fran\u00e7aises, a connu un grand succ\u00e8s avec ses rythmes africains carib\u00e9ens :\",\"breadcrumb\":{\"@id\":\"https:\/\/www.pressenza.com\/fr\/2024\/01\/lafrique-une-histoire-a-redecouvrir-37-le-gwoka-la-musique-des-esclaves-de-la-guadeloupe\/#breadcrumb\"},\"inLanguage\":\"fr-FR\",\"potentialAction\":[{\"@type\":\"ReadAction\",\"target\":[\"https:\/\/www.pressenza.com\/fr\/2024\/01\/lafrique-une-histoire-a-redecouvrir-37-le-gwoka-la-musique-des-esclaves-de-la-guadeloupe\/\"]}]},{\"@type\":\"ImageObject\",\"inLanguage\":\"fr-FR\",\"@id\":\"https:\/\/www.pressenza.com\/fr\/2024\/01\/lafrique-une-histoire-a-redecouvrir-37-le-gwoka-la-musique-des-esclaves-de-la-guadeloupe\/#primaryimage\",\"url\":\"https:\/\/www.pressenza.com\/wp-content\/uploads\/2024\/01\/gwoka-rit.jpg\",\"contentUrl\":\"https:\/\/www.pressenza.com\/wp-content\/uploads\/2024\/01\/gwoka-rit.jpg\",\"width\":1920,\"height\":1112},{\"@type\":\"BreadcrumbList\",\"@id\":\"https:\/\/www.pressenza.com\/fr\/2024\/01\/lafrique-une-histoire-a-redecouvrir-37-le-gwoka-la-musique-des-esclaves-de-la-guadeloupe\/#breadcrumb\",\"itemListElement\":[{\"@type\":\"ListItem\",\"position\":1,\"name\":\"Accueil\",\"item\":\"https:\/\/www.pressenza.com\/fr\/\"},{\"@type\":\"ListItem\",\"position\":2,\"name\":\"L&rsquo;Afrique, une histoire \u00e0 red\u00e9couvrir. 37- Le gwoka, la musique des esclaves de la Guadeloupe\"}]},{\"@type\":\"WebSite\",\"@id\":\"https:\/\/www.pressenza.com\/fr\/#website\",\"url\":\"https:\/\/www.pressenza.com\/fr\/\",\"name\":\"Pressenza\",\"description\":\"International Press Agency\",\"publisher\":{\"@id\":\"https:\/\/www.pressenza.com\/fr\/#organization\"},\"potentialAction\":[{\"@type\":\"SearchAction\",\"target\":{\"@type\":\"EntryPoint\",\"urlTemplate\":\"https:\/\/www.pressenza.com\/fr\/?s={search_term_string}\"},\"query-input\":{\"@type\":\"PropertyValueSpecification\",\"valueRequired\":true,\"valueName\":\"search_term_string\"}}],\"inLanguage\":\"fr-FR\"},{\"@type\":\"Organization\",\"@id\":\"https:\/\/www.pressenza.com\/fr\/#organization\",\"name\":\"Pressenza\",\"url\":\"https:\/\/www.pressenza.com\/fr\/\",\"logo\":{\"@type\":\"ImageObject\",\"inLanguage\":\"fr-FR\",\"@id\":\"https:\/\/www.pressenza.com\/fr\/#\/schema\/logo\/image\/\",\"url\":\"https:\/\/www.pressenza.com\/wp-content\/uploads\/2022\/10\/pressenza_logo_200x200.jpg\",\"contentUrl\":\"https:\/\/www.pressenza.com\/wp-content\/uploads\/2022\/10\/pressenza_logo_200x200.jpg\",\"width\":200,\"height\":200,\"caption\":\"Pressenza\"},\"image\":{\"@id\":\"https:\/\/www.pressenza.com\/fr\/#\/schema\/logo\/image\/\"},\"sameAs\":[\"https:\/\/www.facebook.com\/PressenzaItalia\",\"https:\/\/x.com\/PressenzaIPA\"]},{\"@type\":\"Person\",\"@id\":\"https:\/\/www.pressenza.com\/fr\/#\/schema\/person\/6717f34d660e55abd622032732fe9482\",\"name\":\"Valentin Mufila\",\"description\":\"Originario del Congo, musicista, cantante e direttore artistico. Ha iniziato la sua carriera musicale nel 2004 e nel 2015 \u00e8 uscito il suo primo album,\u201dTelema\\\" (in piedi), dedicato ai bambini sfruttati nelle miniere di coltan e realizzato con la sua band Mapendo Africa Sound. Nel 2014 ha tenuto corsi di balli e fiabe africane nelle scuole italiane. Ha creato insieme a ragazzi rifugiati il musical \\\"Siamo tutti sulla stessa barca\\\". Nel 2018 \u00e8 stato tra i finalisti della prima edizione del Festival Doremifasud di Milano e il 2 giugno si \u00e8 esibito insieme a molti artisti internazionali alla Porta di Brandeburgo a Berlino, durante una marcia per la pace. Nel 2023 \u00e8 stato corista nel World Wide tour di Zucchero e ha realizzato l'album Il Faut Vivre nel progetto SanzaMamu. Appassionato conoscitore della storia africana cancellata dal colonialismo, si dedica a ricostruirla per comprendere meglio il passato e il futuro del suo continente. Facebook: https:\/\/www.facebook.com\/valentin.mufila YouTube: https:\/\/www.youtube.com\/@ValentinMufila_Official81 Email: valmuf@gmail.com\",\"sameAs\":[\"https:\/\/www.youtube.com\/@ValentinMufila_Official81\"],\"url\":\"https:\/\/www.pressenza.com\/fr\/author\/valentin-mufila\/\"}]}<\/script>\n<!-- \/ Yoast SEO plugin. -->","yoast_head_json":{"title":"L'Afrique, une histoire \u00e0 red\u00e9couvrir. 37- Le gwoka, la musique des esclaves de la Guadeloupe","description":"Dans les ann\u00e9es 1980, un groupe originaire de la Guadeloupe, dans les Antilles fran\u00e7aises, a connu un grand succ\u00e8s avec ses rythmes africains carib\u00e9ens :","robots":{"index":"index","follow":"follow","max-snippet":"max-snippet:-1","max-image-preview":"max-image-preview:large","max-video-preview":"max-video-preview:-1"},"canonical":"https:\/\/www.pressenza.com\/fr\/2024\/01\/lafrique-une-histoire-a-redecouvrir-37-le-gwoka-la-musique-des-esclaves-de-la-guadeloupe\/","og_locale":"fr_FR","og_type":"article","og_title":"L'Afrique, une histoire \u00e0 red\u00e9couvrir. 37- Le gwoka, la musique des esclaves de la Guadeloupe","og_description":"Dans les ann\u00e9es 1980, un groupe originaire de la Guadeloupe, dans les Antilles fran\u00e7aises, a connu un grand succ\u00e8s avec ses rythmes africains carib\u00e9ens :","og_url":"https:\/\/www.pressenza.com\/fr\/2024\/01\/lafrique-une-histoire-a-redecouvrir-37-le-gwoka-la-musique-des-esclaves-de-la-guadeloupe\/","og_site_name":"Pressenza","article_publisher":"https:\/\/www.facebook.com\/PressenzaItalia","article_published_time":"2024-01-11T05:14:13+00:00","article_modified_time":"2024-01-11T05:17:53+00:00","og_image":[{"width":1920,"height":1112,"url":"https:\/\/www.pressenza.com\/wp-content\/uploads\/2024\/01\/gwoka-rit.jpg","type":"image\/jpeg"}],"author":"Valentin Mufila","twitter_card":"summary_large_image","twitter_creator":"@PressenzaIPA","twitter_site":"@PressenzaIPA","twitter_misc":{"\u00c9crit par":"Valentin Mufila","Dur\u00e9e de lecture estim\u00e9e":"2 minutes"},"schema":{"@context":"https:\/\/schema.org","@graph":[{"@type":"Article","@id":"https:\/\/www.pressenza.com\/fr\/2024\/01\/lafrique-une-histoire-a-redecouvrir-37-le-gwoka-la-musique-des-esclaves-de-la-guadeloupe\/#article","isPartOf":{"@id":"https:\/\/www.pressenza.com\/fr\/2024\/01\/lafrique-une-histoire-a-redecouvrir-37-le-gwoka-la-musique-des-esclaves-de-la-guadeloupe\/"},"author":{"name":"Valentin Mufila","@id":"https:\/\/www.pressenza.com\/fr\/#\/schema\/person\/6717f34d660e55abd622032732fe9482"},"headline":"L&rsquo;Afrique, une histoire \u00e0 red\u00e9couvrir. 37- Le gwoka, la musique des esclaves de la Guadeloupe","datePublished":"2024-01-11T05:14:13+00:00","dateModified":"2024-01-11T05:17:53+00:00","mainEntityOfPage":{"@id":"https:\/\/www.pressenza.com\/fr\/2024\/01\/lafrique-une-histoire-a-redecouvrir-37-le-gwoka-la-musique-des-esclaves-de-la-guadeloupe\/"},"wordCount":316,"publisher":{"@id":"https:\/\/www.pressenza.com\/fr\/#organization"},"image":{"@id":"https:\/\/www.pressenza.com\/fr\/2024\/01\/lafrique-une-histoire-a-redecouvrir-37-le-gwoka-la-musique-des-esclaves-de-la-guadeloupe\/#primaryimage"},"thumbnailUrl":"https:\/\/www.pressenza.com\/wp-content\/uploads\/2024\/01\/gwoka-rit.jpg","keywords":["danses","esclaves","Guadeloupe","gwoka","histoires africaines","musique","percussions","Valentin Mufila"],"articleSection":["Afrique","Am\u00e9rique centrale","Contenu Original","Culture et M\u00e9dias"],"inLanguage":"fr-FR"},{"@type":"WebPage","@id":"https:\/\/www.pressenza.com\/fr\/2024\/01\/lafrique-une-histoire-a-redecouvrir-37-le-gwoka-la-musique-des-esclaves-de-la-guadeloupe\/","url":"https:\/\/www.pressenza.com\/fr\/2024\/01\/lafrique-une-histoire-a-redecouvrir-37-le-gwoka-la-musique-des-esclaves-de-la-guadeloupe\/","name":"L'Afrique, une histoire \u00e0 red\u00e9couvrir. 37- Le gwoka, la musique des esclaves de la Guadeloupe","isPartOf":{"@id":"https:\/\/www.pressenza.com\/fr\/#website"},"primaryImageOfPage":{"@id":"https:\/\/www.pressenza.com\/fr\/2024\/01\/lafrique-une-histoire-a-redecouvrir-37-le-gwoka-la-musique-des-esclaves-de-la-guadeloupe\/#primaryimage"},"image":{"@id":"https:\/\/www.pressenza.com\/fr\/2024\/01\/lafrique-une-histoire-a-redecouvrir-37-le-gwoka-la-musique-des-esclaves-de-la-guadeloupe\/#primaryimage"},"thumbnailUrl":"https:\/\/www.pressenza.com\/wp-content\/uploads\/2024\/01\/gwoka-rit.jpg","datePublished":"2024-01-11T05:14:13+00:00","dateModified":"2024-01-11T05:17:53+00:00","description":"Dans les ann\u00e9es 1980, un groupe originaire de la Guadeloupe, dans les Antilles fran\u00e7aises, a connu un grand succ\u00e8s avec ses rythmes africains carib\u00e9ens :","breadcrumb":{"@id":"https:\/\/www.pressenza.com\/fr\/2024\/01\/lafrique-une-histoire-a-redecouvrir-37-le-gwoka-la-musique-des-esclaves-de-la-guadeloupe\/#breadcrumb"},"inLanguage":"fr-FR","potentialAction":[{"@type":"ReadAction","target":["https:\/\/www.pressenza.com\/fr\/2024\/01\/lafrique-une-histoire-a-redecouvrir-37-le-gwoka-la-musique-des-esclaves-de-la-guadeloupe\/"]}]},{"@type":"ImageObject","inLanguage":"fr-FR","@id":"https:\/\/www.pressenza.com\/fr\/2024\/01\/lafrique-une-histoire-a-redecouvrir-37-le-gwoka-la-musique-des-esclaves-de-la-guadeloupe\/#primaryimage","url":"https:\/\/www.pressenza.com\/wp-content\/uploads\/2024\/01\/gwoka-rit.jpg","contentUrl":"https:\/\/www.pressenza.com\/wp-content\/uploads\/2024\/01\/gwoka-rit.jpg","width":1920,"height":1112},{"@type":"BreadcrumbList","@id":"https:\/\/www.pressenza.com\/fr\/2024\/01\/lafrique-une-histoire-a-redecouvrir-37-le-gwoka-la-musique-des-esclaves-de-la-guadeloupe\/#breadcrumb","itemListElement":[{"@type":"ListItem","position":1,"name":"Accueil","item":"https:\/\/www.pressenza.com\/fr\/"},{"@type":"ListItem","position":2,"name":"L&rsquo;Afrique, une histoire \u00e0 red\u00e9couvrir. 37- Le gwoka, la musique des esclaves de la Guadeloupe"}]},{"@type":"WebSite","@id":"https:\/\/www.pressenza.com\/fr\/#website","url":"https:\/\/www.pressenza.com\/fr\/","name":"Pressenza","description":"International Press Agency","publisher":{"@id":"https:\/\/www.pressenza.com\/fr\/#organization"},"potentialAction":[{"@type":"SearchAction","target":{"@type":"EntryPoint","urlTemplate":"https:\/\/www.pressenza.com\/fr\/?s={search_term_string}"},"query-input":{"@type":"PropertyValueSpecification","valueRequired":true,"valueName":"search_term_string"}}],"inLanguage":"fr-FR"},{"@type":"Organization","@id":"https:\/\/www.pressenza.com\/fr\/#organization","name":"Pressenza","url":"https:\/\/www.pressenza.com\/fr\/","logo":{"@type":"ImageObject","inLanguage":"fr-FR","@id":"https:\/\/www.pressenza.com\/fr\/#\/schema\/logo\/image\/","url":"https:\/\/www.pressenza.com\/wp-content\/uploads\/2022\/10\/pressenza_logo_200x200.jpg","contentUrl":"https:\/\/www.pressenza.com\/wp-content\/uploads\/2022\/10\/pressenza_logo_200x200.jpg","width":200,"height":200,"caption":"Pressenza"},"image":{"@id":"https:\/\/www.pressenza.com\/fr\/#\/schema\/logo\/image\/"},"sameAs":["https:\/\/www.facebook.com\/PressenzaItalia","https:\/\/x.com\/PressenzaIPA"]},{"@type":"Person","@id":"https:\/\/www.pressenza.com\/fr\/#\/schema\/person\/6717f34d660e55abd622032732fe9482","name":"Valentin Mufila","description":"Originario del Congo, musicista, cantante e direttore artistico. Ha iniziato la sua carriera musicale nel 2004 e nel 2015 \u00e8 uscito il suo primo album,\u201dTelema\" (in piedi), dedicato ai bambini sfruttati nelle miniere di coltan e realizzato con la sua band Mapendo Africa Sound. Nel 2014 ha tenuto corsi di balli e fiabe africane nelle scuole italiane. Ha creato insieme a ragazzi rifugiati il musical \"Siamo tutti sulla stessa barca\". Nel 2018 \u00e8 stato tra i finalisti della prima edizione del Festival Doremifasud di Milano e il 2 giugno si \u00e8 esibito insieme a molti artisti internazionali alla Porta di Brandeburgo a Berlino, durante una marcia per la pace. Nel 2023 \u00e8 stato corista nel World Wide tour di Zucchero e ha realizzato l'album Il Faut Vivre nel progetto SanzaMamu. Appassionato conoscitore della storia africana cancellata dal colonialismo, si dedica a ricostruirla per comprendere meglio il passato e il futuro del suo continente. Facebook: https:\/\/www.facebook.com\/valentin.mufila YouTube: https:\/\/www.youtube.com\/@ValentinMufila_Official81 Email: valmuf@gmail.com","sameAs":["https:\/\/www.youtube.com\/@ValentinMufila_Official81"],"url":"https:\/\/www.pressenza.com\/fr\/author\/valentin-mufila\/"}]}},"place":"","original_article_url":"","_links":{"self":[{"href":"https:\/\/www.pressenza.com\/fr\/wp-json\/wp\/v2\/posts\/1792673","targetHints":{"allow":["GET"]}}],"collection":[{"href":"https:\/\/www.pressenza.com\/fr\/wp-json\/wp\/v2\/posts"}],"about":[{"href":"https:\/\/www.pressenza.com\/fr\/wp-json\/wp\/v2\/types\/post"}],"author":[{"embeddable":true,"href":"https:\/\/www.pressenza.com\/fr\/wp-json\/wp\/v2\/users\/1519"}],"replies":[{"embeddable":true,"href":"https:\/\/www.pressenza.com\/fr\/wp-json\/wp\/v2\/comments?post=1792673"}],"version-history":[{"count":0,"href":"https:\/\/www.pressenza.com\/fr\/wp-json\/wp\/v2\/posts\/1792673\/revisions"}],"wp:featuredmedia":[{"embeddable":true,"href":"https:\/\/www.pressenza.com\/fr\/wp-json\/wp\/v2\/media\/1792677"}],"wp:attachment":[{"href":"https:\/\/www.pressenza.com\/fr\/wp-json\/wp\/v2\/media?parent=1792673"}],"wp:term":[{"taxonomy":"category","embeddable":true,"href":"https:\/\/www.pressenza.com\/fr\/wp-json\/wp\/v2\/categories?post=1792673"},{"taxonomy":"post_tag","embeddable":true,"href":"https:\/\/www.pressenza.com\/fr\/wp-json\/wp\/v2\/tags?post=1792673"}],"curies":[{"name":"wp","href":"https:\/\/api.w.org\/{rel}","templated":true}]}}