{"id":1792131,"date":"2024-01-08T10:17:11","date_gmt":"2024-01-08T10:17:11","guid":{"rendered":"https:\/\/www.pressenza.com\/?p=1792131"},"modified":"2024-01-08T10:17:11","modified_gmt":"2024-01-08T10:17:11","slug":"maroc-dans-la-province-de-tinghir-donner-le-prenom-amazigh-a-son-bebe-est-interdit","status":"publish","type":"post","link":"https:\/\/www.pressenza.com\/fr\/2024\/01\/maroc-dans-la-province-de-tinghir-donner-le-prenom-amazigh-a-son-bebe-est-interdit\/","title":{"rendered":"Maroc: dans la province de Tinghir, donner le pr\u00e9nom \u00ab\u00a0Amazigh\u00a0\u00bb \u00e0 son b\u00e9b\u00e9 est interdit"},"content":{"rendered":"<p>Le 5 d\u00e9cembre 2023 \u00e0 Ait-Sedrat-Adrar-Ufella, Province de Tinghir au Maroc, la famille Tair demande l\u2019enregistrement de son nouveau-n\u00e9 pr\u00e9nomm\u00e9 \u00abAmazigh\u00bb. Environ trois semaines plus tard, l\u2019autorit\u00e9 administrative de Tinghir refuse de valider l\u2019enregistrement du pr\u00e9nom Amazigh. A ce jour, soit plus d\u2019un mois apr\u00e8s sa naissance, le b\u00e9b\u00e9 Amazigh Tair est priv\u00e9 de son droit \u00e9l\u00e9mentaire de porter le pr\u00e9nom choisi par ses parents. Ces derniers se voient oblig\u00e9s de recourir \u00e9ventuellement aux tribunaux et de subir les contraignantes et co\u00fbteuses d\u00e9marches administratives et judiciaires pour faire valoir les droits l\u00e9gitimes de leur enfant.<\/p>\n<p>Rappelons que, en refusant d\u2019inscrire le pr\u00e9nom Amazigh, l\u2019administration marocaine viole<\/p>\n<ul>\n<li>la Constitution du pays qui reconna\u00eet que l\u2019amazighit\u00e9 est une composante de l\u2019identit\u00e9 marocaine et qui a \u00e9rig\u00e9 la langue amazighe au rang de langue officielle.<\/li>\n<li>\u00a0la loi organique n\u00b0 26-16 de 2019 relative \u00e0 la mise en \u0153uvre du caract\u00e8re officiel de la langue amazighe.<\/li>\n<li>\u00a0la Convention internationale sur les droits de l\u2019enfant et notamment son article 7 qui pr\u00e9voit que \u00abl\u2019enfant est enregistr\u00e9 aussit\u00f4t sa naissance et a d\u00e8s celle-ci le droit \u00e0 un nom\u00bb,<\/li>\n<li>l\u2019article 8 qui stipule que les Etats doivent \u00abrespecter le droit de l\u2019enfant de pr\u00e9server son identit\u00e9\u00bb<\/li>\n<li>l\u2019article 30 qui \u00e9nonce qu\u2019\u00abun enfant autochtone ne peut \u00eatre priv\u00e9 du droit d\u2019avoir sa propre vie culturelle\u00bb.<\/li>\n<li>l\u2019injonction faite en novembre 2023 par le Comit\u00e9 onusien pour l\u2019\u00e9limination de la discrimination raciale au gouvernement marocain \u00abde veiller \u00e0 ce que les officiers d\u2019\u00e9tat civil respectent pleinement les dispositions normatives relatives au droit de tout citoyen de choisir le pr\u00e9nom de son enfant et de l\u2019enregistrer, y compris les pr\u00e9noms amazighs\u00bb (CERD\/C\/MAR\/CO\/19-21 du 23\/12\/2023).<\/li>\n<\/ul>\n<p>D\u00e8s lors qu\u2019il s\u2019agit de la question amazighe, les autorit\u00e9s marocaines semblent n&rsquo;avoir aucune retenue en mati\u00e8re de violations des lois nationales et internationales. Le Congr\u00e8s Mondial Amazigh (CMA), organisation non gouvernementale internationale de protection et de promotion des droits des Amazighs, exprime sa pleine solidarit\u00e9 avec la famille Tair,\u00a0 d\u00e9nonce et condamne fermement la persistance des atteintes aux droits des Amazighs et le racisme institutionnel anti-amazigh au Maroc. Le CMA consid\u00e8re que l\u2019interdiction du pr\u00e9nom Amazigh Tair n\u2019est pas une erreur ou une faute individuelle commise par un simple agent de l\u2019\u00c9tat. Elle est le fait de responsables de haut niveau dans la hi\u00e9rarchie de l\u2019administration. Cela t\u00e9moigne du fait que l\u2019administration marocaine reste gangr\u00e9n\u00e9e par le racisme anti-amazigh.<\/p>\n<p>Le CMA demande instamment \u00e0 la plus haute autorit\u00e9 du pays de:<\/p>\n<p>&#8211; diligenter une enqu\u00eate ind\u00e9pendante afin de d\u00e9terminer les noms des responsables de la d\u00e9cision du refus d\u2019enregistrer le pr\u00e9nom Amazigh Tair,<\/p>\n<p>&#8211; relever de leurs fonctions tous les responsables de cette d\u00e9cision ill\u00e9gale et raciste et les poursuivre devant la justice p\u00e9nale,<\/p>\n<p>&#8211; pr\u00e9senter des excuses du gouvernement marocain \u00e0 la famille Tair et lui accorder la r\u00e9paration du pr\u00e9judice moral subi,<\/p>\n<p>&#8211; prendre des mesures fermes pour mettre fin au racisme institutionnel anti-amazigh,<\/p>\n<p>&#8211; acc\u00e9l\u00e9rer la mise en \u0153uvre effective du caract\u00e8re officiel de la langue amazighe,<\/p>\n<p>&#8211; respecter scrupuleusement les obligations internationales de l\u2019\u00c9tat marocain en mati\u00e8re des droits de l\u2019homme et des peuples. Paris, 26\/12\/2973 \u2013 7\/01\/2024 Le Bureau du CMA.<\/p>\n<p>Informations et actions :\u00a0 Congre\u0300s Mondial Amazigh\/Amazigh World Congress &#8211; 9, rue Parrot &#8211; CS 72809 &#8211; 75590 Paris Cedex 12, France Web: www.congres-mondial-amazigh.org \u2013 Email: congres.mondial.amazigh@wanadoo.fr<\/p>\n<p>&nbsp;<\/p>\n","protected":false},"excerpt":{"rendered":"<p>Le 5 d\u00e9cembre 2023 \u00e0 Ait-Sedrat-Adrar-Ufella, Province de Tinghir au Maroc, la famille Tair demande l\u2019enregistrement de son nouveau-n\u00e9 pr\u00e9nomm\u00e9 \u00abAmazigh\u00bb. Environ trois semaines plus tard, l\u2019autorit\u00e9 administrative de Tinghir refuse de valider l\u2019enregistrement du pr\u00e9nom Amazigh. A ce jour,&hellip;<\/p>\n","protected":false},"author":807,"featured_media":1792132,"comment_status":"closed","ping_status":"closed","sticky":false,"template":"","format":"standard","meta":{"footnotes":""},"categories":[83,11386,98,99],"tags":[112650,75073,4136],"class_list":["post-1792131","post","type-post","status-publish","format-standard","has-post-thumbnail","hentry","category-africa-fr","category-contenu-original","category-droits-de-lhomme","category-peuples-autochtones","tag-amazigh-fr","tag-berbere","tag-maroc"],"yoast_head":"<!-- This site is optimized with the Yoast SEO plugin v27.1.1 - https:\/\/yoast.com\/product\/yoast-seo-wordpress\/ -->\n<title>Maroc: dans la province de Tinghir, donner le pr\u00e9nom &quot;Amazigh&quot; \u00e0 son b\u00e9b\u00e9 est interdit<\/title>\n<meta name=\"description\" content=\"Le 5 d\u00e9cembre 2023 \u00e0 Ait-Sedrat-Adrar-Ufella, Province de Tinghir au Maroc, la famille Tair demande l\u2019enregistrement de son nouveau-n\u00e9 pr\u00e9nomm\u00e9 \u00abAmazigh\u00bb.\" \/>\n<meta name=\"robots\" content=\"index, follow, max-snippet:-1, max-image-preview:large, max-video-preview:-1\" \/>\n<link rel=\"canonical\" href=\"https:\/\/www.pressenza.com\/fr\/2024\/01\/maroc-dans-la-province-de-tinghir-donner-le-prenom-amazigh-a-son-bebe-est-interdit\/\" \/>\n<meta property=\"og:locale\" content=\"fr_FR\" \/>\n<meta property=\"og:type\" content=\"article\" \/>\n<meta property=\"og:title\" content=\"Maroc: dans la province de Tinghir, donner le pr\u00e9nom &quot;Amazigh&quot; \u00e0 son b\u00e9b\u00e9 est interdit\" \/>\n<meta property=\"og:description\" content=\"Le 5 d\u00e9cembre 2023 \u00e0 Ait-Sedrat-Adrar-Ufella, Province de Tinghir au Maroc, la famille Tair demande l\u2019enregistrement de son nouveau-n\u00e9 pr\u00e9nomm\u00e9 \u00abAmazigh\u00bb.\" \/>\n<meta property=\"og:url\" content=\"https:\/\/www.pressenza.com\/fr\/2024\/01\/maroc-dans-la-province-de-tinghir-donner-le-prenom-amazigh-a-son-bebe-est-interdit\/\" \/>\n<meta property=\"og:site_name\" content=\"Pressenza\" \/>\n<meta property=\"article:publisher\" content=\"https:\/\/www.facebook.com\/PressenzaItalia\" \/>\n<meta property=\"article:published_time\" content=\"2024-01-08T10:17:11+00:00\" \/>\n<meta property=\"og:image\" content=\"https:\/\/www.pressenza.com\/wp-content\/uploads\/2024\/01\/Tamazight.jpg\" \/>\n\t<meta property=\"og:image:width\" content=\"1178\" \/>\n\t<meta property=\"og:image:height\" content=\"686\" \/>\n\t<meta property=\"og:image:type\" content=\"image\/jpeg\" \/>\n<meta name=\"author\" content=\"R\u00e9daction Belgique\" \/>\n<meta name=\"twitter:card\" content=\"summary_large_image\" \/>\n<meta name=\"twitter:creator\" content=\"@PressenzaIPA\" \/>\n<meta name=\"twitter:site\" content=\"@PressenzaIPA\" \/>\n<meta name=\"twitter:label1\" content=\"\u00c9crit par\" \/>\n\t<meta name=\"twitter:data1\" content=\"R\u00e9daction Belgique\" \/>\n\t<meta name=\"twitter:label2\" content=\"Dur\u00e9e de lecture estim\u00e9e\" \/>\n\t<meta name=\"twitter:data2\" content=\"3 minutes\" \/>\n<script type=\"application\/ld+json\" class=\"yoast-schema-graph\">{\"@context\":\"https:\/\/schema.org\",\"@graph\":[{\"@type\":\"Article\",\"@id\":\"https:\/\/www.pressenza.com\/fr\/2024\/01\/maroc-dans-la-province-de-tinghir-donner-le-prenom-amazigh-a-son-bebe-est-interdit\/#article\",\"isPartOf\":{\"@id\":\"https:\/\/www.pressenza.com\/fr\/2024\/01\/maroc-dans-la-province-de-tinghir-donner-le-prenom-amazigh-a-son-bebe-est-interdit\/\"},\"author\":{\"name\":\"R\u00e9daction Belgique\",\"@id\":\"https:\/\/www.pressenza.com\/fr\/#\/schema\/person\/86412bf1f68934d02d03035e031f781f\"},\"headline\":\"Maroc: dans la province de Tinghir, donner le pr\u00e9nom \u00ab\u00a0Amazigh\u00a0\u00bb \u00e0 son b\u00e9b\u00e9 est interdit\",\"datePublished\":\"2024-01-08T10:17:11+00:00\",\"mainEntityOfPage\":{\"@id\":\"https:\/\/www.pressenza.com\/fr\/2024\/01\/maroc-dans-la-province-de-tinghir-donner-le-prenom-amazigh-a-son-bebe-est-interdit\/\"},\"wordCount\":630,\"publisher\":{\"@id\":\"https:\/\/www.pressenza.com\/fr\/#organization\"},\"image\":{\"@id\":\"https:\/\/www.pressenza.com\/fr\/2024\/01\/maroc-dans-la-province-de-tinghir-donner-le-prenom-amazigh-a-son-bebe-est-interdit\/#primaryimage\"},\"thumbnailUrl\":\"https:\/\/www.pressenza.com\/wp-content\/uploads\/2024\/01\/Tamazight.jpg\",\"keywords\":[\"amazigh\",\"berb\u00e8re\",\"Maroc\"],\"articleSection\":[\"Afrique\",\"Contenu Original\",\"Droits humains\",\"Peuples originaires\"],\"inLanguage\":\"fr-FR\"},{\"@type\":\"WebPage\",\"@id\":\"https:\/\/www.pressenza.com\/fr\/2024\/01\/maroc-dans-la-province-de-tinghir-donner-le-prenom-amazigh-a-son-bebe-est-interdit\/\",\"url\":\"https:\/\/www.pressenza.com\/fr\/2024\/01\/maroc-dans-la-province-de-tinghir-donner-le-prenom-amazigh-a-son-bebe-est-interdit\/\",\"name\":\"Maroc: dans la province de Tinghir, donner le pr\u00e9nom \\\"Amazigh\\\" \u00e0 son b\u00e9b\u00e9 est interdit\",\"isPartOf\":{\"@id\":\"https:\/\/www.pressenza.com\/fr\/#website\"},\"primaryImageOfPage\":{\"@id\":\"https:\/\/www.pressenza.com\/fr\/2024\/01\/maroc-dans-la-province-de-tinghir-donner-le-prenom-amazigh-a-son-bebe-est-interdit\/#primaryimage\"},\"image\":{\"@id\":\"https:\/\/www.pressenza.com\/fr\/2024\/01\/maroc-dans-la-province-de-tinghir-donner-le-prenom-amazigh-a-son-bebe-est-interdit\/#primaryimage\"},\"thumbnailUrl\":\"https:\/\/www.pressenza.com\/wp-content\/uploads\/2024\/01\/Tamazight.jpg\",\"datePublished\":\"2024-01-08T10:17:11+00:00\",\"description\":\"Le 5 d\u00e9cembre 2023 \u00e0 Ait-Sedrat-Adrar-Ufella, Province de Tinghir au Maroc, la famille Tair demande l\u2019enregistrement de son nouveau-n\u00e9 pr\u00e9nomm\u00e9 \u00abAmazigh\u00bb.\",\"breadcrumb\":{\"@id\":\"https:\/\/www.pressenza.com\/fr\/2024\/01\/maroc-dans-la-province-de-tinghir-donner-le-prenom-amazigh-a-son-bebe-est-interdit\/#breadcrumb\"},\"inLanguage\":\"fr-FR\",\"potentialAction\":[{\"@type\":\"ReadAction\",\"target\":[\"https:\/\/www.pressenza.com\/fr\/2024\/01\/maroc-dans-la-province-de-tinghir-donner-le-prenom-amazigh-a-son-bebe-est-interdit\/\"]}]},{\"@type\":\"ImageObject\",\"inLanguage\":\"fr-FR\",\"@id\":\"https:\/\/www.pressenza.com\/fr\/2024\/01\/maroc-dans-la-province-de-tinghir-donner-le-prenom-amazigh-a-son-bebe-est-interdit\/#primaryimage\",\"url\":\"https:\/\/www.pressenza.com\/wp-content\/uploads\/2024\/01\/Tamazight.jpg\",\"contentUrl\":\"https:\/\/www.pressenza.com\/wp-content\/uploads\/2024\/01\/Tamazight.jpg\",\"width\":1178,\"height\":686},{\"@type\":\"BreadcrumbList\",\"@id\":\"https:\/\/www.pressenza.com\/fr\/2024\/01\/maroc-dans-la-province-de-tinghir-donner-le-prenom-amazigh-a-son-bebe-est-interdit\/#breadcrumb\",\"itemListElement\":[{\"@type\":\"ListItem\",\"position\":1,\"name\":\"Accueil\",\"item\":\"https:\/\/www.pressenza.com\/fr\/\"},{\"@type\":\"ListItem\",\"position\":2,\"name\":\"Maroc: dans la province de Tinghir, donner le pr\u00e9nom \u00ab\u00a0Amazigh\u00a0\u00bb \u00e0 son b\u00e9b\u00e9 est interdit\"}]},{\"@type\":\"WebSite\",\"@id\":\"https:\/\/www.pressenza.com\/fr\/#website\",\"url\":\"https:\/\/www.pressenza.com\/fr\/\",\"name\":\"Pressenza\",\"description\":\"International Press Agency\",\"publisher\":{\"@id\":\"https:\/\/www.pressenza.com\/fr\/#organization\"},\"potentialAction\":[{\"@type\":\"SearchAction\",\"target\":{\"@type\":\"EntryPoint\",\"urlTemplate\":\"https:\/\/www.pressenza.com\/fr\/?s={search_term_string}\"},\"query-input\":{\"@type\":\"PropertyValueSpecification\",\"valueRequired\":true,\"valueName\":\"search_term_string\"}}],\"inLanguage\":\"fr-FR\"},{\"@type\":\"Organization\",\"@id\":\"https:\/\/www.pressenza.com\/fr\/#organization\",\"name\":\"Pressenza\",\"url\":\"https:\/\/www.pressenza.com\/fr\/\",\"logo\":{\"@type\":\"ImageObject\",\"inLanguage\":\"fr-FR\",\"@id\":\"https:\/\/www.pressenza.com\/fr\/#\/schema\/logo\/image\/\",\"url\":\"https:\/\/www.pressenza.com\/wp-content\/uploads\/2022\/10\/pressenza_logo_200x200.jpg\",\"contentUrl\":\"https:\/\/www.pressenza.com\/wp-content\/uploads\/2022\/10\/pressenza_logo_200x200.jpg\",\"width\":200,\"height\":200,\"caption\":\"Pressenza\"},\"image\":{\"@id\":\"https:\/\/www.pressenza.com\/fr\/#\/schema\/logo\/image\/\"},\"sameAs\":[\"https:\/\/www.facebook.com\/PressenzaItalia\",\"https:\/\/x.com\/PressenzaIPA\"]},{\"@type\":\"Person\",\"@id\":\"https:\/\/www.pressenza.com\/fr\/#\/schema\/person\/86412bf1f68934d02d03035e031f781f\",\"name\":\"R\u00e9daction Belgique\",\"description\":\"News published by the Pressenza bureau in Belgium\",\"url\":\"https:\/\/www.pressenza.com\/fr\/author\/redaction-belgique\/\"}]}<\/script>\n<!-- \/ Yoast SEO plugin. -->","yoast_head_json":{"title":"Maroc: dans la province de Tinghir, donner le pr\u00e9nom \"Amazigh\" \u00e0 son b\u00e9b\u00e9 est interdit","description":"Le 5 d\u00e9cembre 2023 \u00e0 Ait-Sedrat-Adrar-Ufella, Province de Tinghir au Maroc, la famille Tair demande l\u2019enregistrement de son nouveau-n\u00e9 pr\u00e9nomm\u00e9 \u00abAmazigh\u00bb.","robots":{"index":"index","follow":"follow","max-snippet":"max-snippet:-1","max-image-preview":"max-image-preview:large","max-video-preview":"max-video-preview:-1"},"canonical":"https:\/\/www.pressenza.com\/fr\/2024\/01\/maroc-dans-la-province-de-tinghir-donner-le-prenom-amazigh-a-son-bebe-est-interdit\/","og_locale":"fr_FR","og_type":"article","og_title":"Maroc: dans la province de Tinghir, donner le pr\u00e9nom \"Amazigh\" \u00e0 son b\u00e9b\u00e9 est interdit","og_description":"Le 5 d\u00e9cembre 2023 \u00e0 Ait-Sedrat-Adrar-Ufella, Province de Tinghir au Maroc, la famille Tair demande l\u2019enregistrement de son nouveau-n\u00e9 pr\u00e9nomm\u00e9 \u00abAmazigh\u00bb.","og_url":"https:\/\/www.pressenza.com\/fr\/2024\/01\/maroc-dans-la-province-de-tinghir-donner-le-prenom-amazigh-a-son-bebe-est-interdit\/","og_site_name":"Pressenza","article_publisher":"https:\/\/www.facebook.com\/PressenzaItalia","article_published_time":"2024-01-08T10:17:11+00:00","og_image":[{"width":1178,"height":686,"url":"https:\/\/www.pressenza.com\/wp-content\/uploads\/2024\/01\/Tamazight.jpg","type":"image\/jpeg"}],"author":"R\u00e9daction Belgique","twitter_card":"summary_large_image","twitter_creator":"@PressenzaIPA","twitter_site":"@PressenzaIPA","twitter_misc":{"\u00c9crit par":"R\u00e9daction Belgique","Dur\u00e9e de lecture estim\u00e9e":"3 minutes"},"schema":{"@context":"https:\/\/schema.org","@graph":[{"@type":"Article","@id":"https:\/\/www.pressenza.com\/fr\/2024\/01\/maroc-dans-la-province-de-tinghir-donner-le-prenom-amazigh-a-son-bebe-est-interdit\/#article","isPartOf":{"@id":"https:\/\/www.pressenza.com\/fr\/2024\/01\/maroc-dans-la-province-de-tinghir-donner-le-prenom-amazigh-a-son-bebe-est-interdit\/"},"author":{"name":"R\u00e9daction Belgique","@id":"https:\/\/www.pressenza.com\/fr\/#\/schema\/person\/86412bf1f68934d02d03035e031f781f"},"headline":"Maroc: dans la province de Tinghir, donner le pr\u00e9nom \u00ab\u00a0Amazigh\u00a0\u00bb \u00e0 son b\u00e9b\u00e9 est interdit","datePublished":"2024-01-08T10:17:11+00:00","mainEntityOfPage":{"@id":"https:\/\/www.pressenza.com\/fr\/2024\/01\/maroc-dans-la-province-de-tinghir-donner-le-prenom-amazigh-a-son-bebe-est-interdit\/"},"wordCount":630,"publisher":{"@id":"https:\/\/www.pressenza.com\/fr\/#organization"},"image":{"@id":"https:\/\/www.pressenza.com\/fr\/2024\/01\/maroc-dans-la-province-de-tinghir-donner-le-prenom-amazigh-a-son-bebe-est-interdit\/#primaryimage"},"thumbnailUrl":"https:\/\/www.pressenza.com\/wp-content\/uploads\/2024\/01\/Tamazight.jpg","keywords":["amazigh","berb\u00e8re","Maroc"],"articleSection":["Afrique","Contenu Original","Droits humains","Peuples originaires"],"inLanguage":"fr-FR"},{"@type":"WebPage","@id":"https:\/\/www.pressenza.com\/fr\/2024\/01\/maroc-dans-la-province-de-tinghir-donner-le-prenom-amazigh-a-son-bebe-est-interdit\/","url":"https:\/\/www.pressenza.com\/fr\/2024\/01\/maroc-dans-la-province-de-tinghir-donner-le-prenom-amazigh-a-son-bebe-est-interdit\/","name":"Maroc: dans la province de Tinghir, donner le pr\u00e9nom \"Amazigh\" \u00e0 son b\u00e9b\u00e9 est interdit","isPartOf":{"@id":"https:\/\/www.pressenza.com\/fr\/#website"},"primaryImageOfPage":{"@id":"https:\/\/www.pressenza.com\/fr\/2024\/01\/maroc-dans-la-province-de-tinghir-donner-le-prenom-amazigh-a-son-bebe-est-interdit\/#primaryimage"},"image":{"@id":"https:\/\/www.pressenza.com\/fr\/2024\/01\/maroc-dans-la-province-de-tinghir-donner-le-prenom-amazigh-a-son-bebe-est-interdit\/#primaryimage"},"thumbnailUrl":"https:\/\/www.pressenza.com\/wp-content\/uploads\/2024\/01\/Tamazight.jpg","datePublished":"2024-01-08T10:17:11+00:00","description":"Le 5 d\u00e9cembre 2023 \u00e0 Ait-Sedrat-Adrar-Ufella, Province de Tinghir au Maroc, la famille Tair demande l\u2019enregistrement de son nouveau-n\u00e9 pr\u00e9nomm\u00e9 \u00abAmazigh\u00bb.","breadcrumb":{"@id":"https:\/\/www.pressenza.com\/fr\/2024\/01\/maroc-dans-la-province-de-tinghir-donner-le-prenom-amazigh-a-son-bebe-est-interdit\/#breadcrumb"},"inLanguage":"fr-FR","potentialAction":[{"@type":"ReadAction","target":["https:\/\/www.pressenza.com\/fr\/2024\/01\/maroc-dans-la-province-de-tinghir-donner-le-prenom-amazigh-a-son-bebe-est-interdit\/"]}]},{"@type":"ImageObject","inLanguage":"fr-FR","@id":"https:\/\/www.pressenza.com\/fr\/2024\/01\/maroc-dans-la-province-de-tinghir-donner-le-prenom-amazigh-a-son-bebe-est-interdit\/#primaryimage","url":"https:\/\/www.pressenza.com\/wp-content\/uploads\/2024\/01\/Tamazight.jpg","contentUrl":"https:\/\/www.pressenza.com\/wp-content\/uploads\/2024\/01\/Tamazight.jpg","width":1178,"height":686},{"@type":"BreadcrumbList","@id":"https:\/\/www.pressenza.com\/fr\/2024\/01\/maroc-dans-la-province-de-tinghir-donner-le-prenom-amazigh-a-son-bebe-est-interdit\/#breadcrumb","itemListElement":[{"@type":"ListItem","position":1,"name":"Accueil","item":"https:\/\/www.pressenza.com\/fr\/"},{"@type":"ListItem","position":2,"name":"Maroc: dans la province de Tinghir, donner le pr\u00e9nom \u00ab\u00a0Amazigh\u00a0\u00bb \u00e0 son b\u00e9b\u00e9 est interdit"}]},{"@type":"WebSite","@id":"https:\/\/www.pressenza.com\/fr\/#website","url":"https:\/\/www.pressenza.com\/fr\/","name":"Pressenza","description":"International Press Agency","publisher":{"@id":"https:\/\/www.pressenza.com\/fr\/#organization"},"potentialAction":[{"@type":"SearchAction","target":{"@type":"EntryPoint","urlTemplate":"https:\/\/www.pressenza.com\/fr\/?s={search_term_string}"},"query-input":{"@type":"PropertyValueSpecification","valueRequired":true,"valueName":"search_term_string"}}],"inLanguage":"fr-FR"},{"@type":"Organization","@id":"https:\/\/www.pressenza.com\/fr\/#organization","name":"Pressenza","url":"https:\/\/www.pressenza.com\/fr\/","logo":{"@type":"ImageObject","inLanguage":"fr-FR","@id":"https:\/\/www.pressenza.com\/fr\/#\/schema\/logo\/image\/","url":"https:\/\/www.pressenza.com\/wp-content\/uploads\/2022\/10\/pressenza_logo_200x200.jpg","contentUrl":"https:\/\/www.pressenza.com\/wp-content\/uploads\/2022\/10\/pressenza_logo_200x200.jpg","width":200,"height":200,"caption":"Pressenza"},"image":{"@id":"https:\/\/www.pressenza.com\/fr\/#\/schema\/logo\/image\/"},"sameAs":["https:\/\/www.facebook.com\/PressenzaItalia","https:\/\/x.com\/PressenzaIPA"]},{"@type":"Person","@id":"https:\/\/www.pressenza.com\/fr\/#\/schema\/person\/86412bf1f68934d02d03035e031f781f","name":"R\u00e9daction Belgique","description":"News published by the Pressenza bureau in Belgium","url":"https:\/\/www.pressenza.com\/fr\/author\/redaction-belgique\/"}]}},"place":"Maroc","original_article_url":"","_links":{"self":[{"href":"https:\/\/www.pressenza.com\/fr\/wp-json\/wp\/v2\/posts\/1792131","targetHints":{"allow":["GET"]}}],"collection":[{"href":"https:\/\/www.pressenza.com\/fr\/wp-json\/wp\/v2\/posts"}],"about":[{"href":"https:\/\/www.pressenza.com\/fr\/wp-json\/wp\/v2\/types\/post"}],"author":[{"embeddable":true,"href":"https:\/\/www.pressenza.com\/fr\/wp-json\/wp\/v2\/users\/807"}],"replies":[{"embeddable":true,"href":"https:\/\/www.pressenza.com\/fr\/wp-json\/wp\/v2\/comments?post=1792131"}],"version-history":[{"count":0,"href":"https:\/\/www.pressenza.com\/fr\/wp-json\/wp\/v2\/posts\/1792131\/revisions"}],"wp:featuredmedia":[{"embeddable":true,"href":"https:\/\/www.pressenza.com\/fr\/wp-json\/wp\/v2\/media\/1792132"}],"wp:attachment":[{"href":"https:\/\/www.pressenza.com\/fr\/wp-json\/wp\/v2\/media?parent=1792131"}],"wp:term":[{"taxonomy":"category","embeddable":true,"href":"https:\/\/www.pressenza.com\/fr\/wp-json\/wp\/v2\/categories?post=1792131"},{"taxonomy":"post_tag","embeddable":true,"href":"https:\/\/www.pressenza.com\/fr\/wp-json\/wp\/v2\/tags?post=1792131"}],"curies":[{"name":"wp","href":"https:\/\/api.w.org\/{rel}","templated":true}]}}