{"id":1785055,"date":"2023-12-01T20:47:08","date_gmt":"2023-12-01T20:47:08","guid":{"rendered":"https:\/\/www.pressenza.com\/?p=1785055"},"modified":"2023-12-02T13:50:07","modified_gmt":"2023-12-02T13:50:07","slug":"anniversaire-de-la-lettre-ouverte-du-new-york-times-du-guardian-du-monde-du-spiegel-et-de-el-pais-le-journalisme-nest-pas-un-crime","status":"publish","type":"post","link":"https:\/\/www.pressenza.com\/fr\/2023\/12\/anniversaire-de-la-lettre-ouverte-du-new-york-times-du-guardian-du-monde-du-spiegel-et-de-el-pais-le-journalisme-nest-pas-un-crime\/","title":{"rendered":"Julian Assange &#8211; Anniversaire de la lettre ouverte du New  York Times, du Guardian, du Monde, du  Spiegel et de El Pa\u00eds : \u00ab Le journalisme  n\u2019est pas un crime \u00bb"},"content":{"rendered":"<p><strong>Les cinq grands journaux qui ont publi\u00e9 le 28 novembre 2010 les 251 000 \u00ab Cablegate \u00bb mis au jour par WikiLeaks du minist\u00e8re am\u00e9ricain des affaires \u00e9trang\u00e8res, apr\u00e8s avoir suscit\u00e9 une grande \u00e9motion \u2014 et encaiss\u00e9 un vrai pactole \u2014 se sont associ\u00e9s dans une d\u00e9claration de presse commune il y a juste un an, le 28 novembre 2022. \u00c0 cette occasion, ils ont rappel\u00e9 que Julian Assange, le journaliste australien de WikiLeaks est d\u00e9tenu depuis le 11 avril 2019 dans le plus dur des quartiers de haute s\u00e9curit\u00e9 de Grande-Bretagne, la prison de Belmarsh, connue comme le Guantanamo britannique. Les USA exigent son extradition ; l\u00e0-bas, il encourt 175 ans de prison pour recel et publication d\u2019informations.<\/strong><\/p>\n<p>Les cinq grands m\u00e9dias ont fait part de leur forte pr\u00e9occupation \u00e0 propos de la libert\u00e9 de la presse.<\/p>\n<blockquote><p><strong>\u00ab Ces accusations port\u00e9es contre Assange constituent un dangereux pr\u00e9c\u00e9dent et une attaque contre la libert\u00e9 de la presse. \u00bb<\/strong><\/p><\/blockquote>\n<p>Voici la requ\u00eate qu\u2019ils adressent aux responsables de Washington :<\/p>\n<blockquote><p><strong><em>\u00ab (de cesser) de lancer des poursuites contre Julian Assange pour avoir publi\u00e9 les documents secrets.<br \/>\nCar le journalisme n\u2019est pas un crime. \u00bb <\/em><\/strong><\/p><\/blockquote>\n<p>Malheureusement, depuis cet appel des cinq grands journaux, il s\u2019est pass\u00e9 une ann\u00e9e de plus au cours de laquelle Julian Assange a \u00e9t\u00e9 injustement d\u00e9tenu \u00e0 l\u2019isolement dans la prison londonienne de Belmarsh.<\/p>\n<p>La presse allemande continue \u00e0 se murer dans un silence assourdissant alors qu\u2019il y aurait beaucoup \u00e0 en dire, par exemple :<\/p>\n<ul>\n<li>\u00a0le fait que, une fois de plus, Assange a \u00e9t\u00e9 oubli\u00e9 lors de l\u2019attribution du prix Nobel de la paix, pour lequel il est pressenti chaque ann\u00e9e depuis 2011 ;<\/li>\n<li>l\u2019attribution du titre de citoyen d\u2019honneur par les villes de Naples et Rome ;<\/li>\n<li>l\u2019attribution de nombreux prix, comme r\u00e9cemment encore le Prix Konrad-Wolf de l\u2019Acad\u00e9mie berlinoise des arts, ou encore le prix Ossietzky de l\u2019association d\u2019\u00e9crivains PEN Norv\u00e8ge;<\/li>\n<li>de plus en plus de d\u00e9clarations de solidarit\u00e9 de la part de personnalit\u00e9s de renom et le soutien du Pape Fran\u00e7ois ;<\/li>\n<li>la question que vient de poser la formation \u00ab Die Linke \u00bb au gouvernement f\u00e9d\u00e9ral \u00e0 propos de son inaction dans le dossier Assange ;<\/li>\n<li>une action commune de 16 d\u00e9put\u00e9s du Congr\u00e8s des \u00c9tats-Unis d\u00e9but novembre 2023 \u2014 et on pourrait encore allonger cette liste \u2026<\/li>\n<\/ul>\n<p>Nous, repr\u00e9sentant.e.s du mouvement pour la lib\u00e9ration de Julian Assange venant de tous les L\u00e4nder f\u00e9d\u00e9raux, attendons de notre presse qu\u2019elle satifasse enfin \u00e0 son devoir d\u2019information, et que, sur le cas Assange, elle \u00e9crive des articles pertinents aussi longtemps que cela sera n\u00e9cessaire !<\/p>\n<p><strong>Tant que Julian Assange ne sera pas lib\u00e9r\u00e9 et d\u00e9dommag\u00e9 pour l\u2019injustice qui lui a \u00e9t\u00e9 faite, la menace persistera sur la libert\u00e9 de la presse ! <\/strong><br \/>\n<strong>Prenez votre part \u2014 dans votre propre int\u00e9r\u00eat !<\/strong><\/p>\n<p>Plus d\u2019informations sur :<a href=\"https:\/\/www.freeassange.eu\"> www.freeassange.eu<\/a><br \/>\nPour toute question, nous nous tenons \u00e0 votre disposition avec plaisir.<\/p>\n<p>&nbsp;<\/p>\n<p><em>Almut Stackmann et Thilo Haase<\/em><br \/>\nComit\u00e9 f\u00e9d\u00e9ral de soutien \u00e0 Assange<\/p>\n<p>&nbsp;<\/p>\n<p><em>Traduit de l&rsquo;allemand par Didier Aviat<\/em><\/p>\n","protected":false},"excerpt":{"rendered":"<p>Les cinq grands journaux qui ont publi\u00e9 le 28 novembre 2010 les 251 000 \u00ab Cablegate \u00bb mis au jour par WikiLeaks du minist\u00e8re am\u00e9ricain des affaires \u00e9trang\u00e8res, apr\u00e8s avoir suscit\u00e9 une grande \u00e9motion \u2014 et encaiss\u00e9 un vrai pactole&hellip;<\/p>\n","protected":false},"author":1095,"featured_media":1785063,"comment_status":"closed","ping_status":"closed","sticky":false,"template":"","format":"standard","meta":{"footnotes":""},"categories":[151,94,98,85],"tags":[57707,62786,85954,65755,312,71496,3524,30742,3725,3937,117731,3228,3525],"class_list":["post-1785055","post","type-post","status-publish","format-standard","has-post-thumbnail","hentry","category-communique-de-presse","category-culture-fr","category-droits-de-lhomme","category-europe-fr","tag-assange-fr","tag-freeassange-fr","tag-belmarsh-fr","tag-dontextraditeassange","tag-etats-unis","tag-freejulianassange","tag-julian-assange-fr","tag-lanceur-dalerte","tag-le-monde","tag-liberte-de-la-presse","tag-new-york-times-fr","tag-solidarite","tag-wikileaks-fr"],"yoast_head":"<!-- This site is optimized with the Yoast SEO plugin v27.1.1 - https:\/\/yoast.com\/product\/yoast-seo-wordpress\/ -->\n<title>Julian Assange - Anniversaire de la lettre ouverte du New York Times, du Guardian, du Monde, du Spiegel et de El Pa\u00eds : \u00ab Le journalisme n\u2019est pas un crime \u00bb<\/title>\n<meta name=\"description\" content=\"Les cinq grands journaux qui ont publi\u00e9 le 28 novembre 2010 les 251 000 \u00ab Cablegate \u00bb mis au jour par WikiLeaks du minist\u00e8re am\u00e9ricain des affaires\" \/>\n<meta name=\"robots\" content=\"index, follow, max-snippet:-1, max-image-preview:large, max-video-preview:-1\" \/>\n<link rel=\"canonical\" href=\"https:\/\/www.pressenza.com\/fr\/2023\/12\/anniversaire-de-la-lettre-ouverte-du-new-york-times-du-guardian-du-monde-du-spiegel-et-de-el-pais-le-journalisme-nest-pas-un-crime\/\" \/>\n<meta property=\"og:locale\" content=\"fr_FR\" \/>\n<meta property=\"og:type\" content=\"article\" \/>\n<meta property=\"og:title\" content=\"Julian Assange - Anniversaire de la lettre ouverte du New York Times, du Guardian, du Monde, du Spiegel et de El Pa\u00eds : \u00ab Le journalisme n\u2019est pas un crime \u00bb\" \/>\n<meta property=\"og:description\" content=\"Les cinq grands journaux qui ont publi\u00e9 le 28 novembre 2010 les 251 000 \u00ab Cablegate \u00bb mis au jour par WikiLeaks du minist\u00e8re am\u00e9ricain des affaires\" \/>\n<meta property=\"og:url\" content=\"https:\/\/www.pressenza.com\/fr\/2023\/12\/anniversaire-de-la-lettre-ouverte-du-new-york-times-du-guardian-du-monde-du-spiegel-et-de-el-pais-le-journalisme-nest-pas-un-crime\/\" \/>\n<meta property=\"og:site_name\" content=\"Pressenza\" \/>\n<meta property=\"article:publisher\" content=\"https:\/\/www.facebook.com\/PressenzaItalia\" \/>\n<meta property=\"article:author\" content=\"https:\/\/www.facebook.com\/Pressenza-Deutschland-sterreich-Schweiz-281675388658060\/timeline\/\" \/>\n<meta property=\"article:published_time\" content=\"2023-12-01T20:47:08+00:00\" \/>\n<meta property=\"article:modified_time\" content=\"2023-12-02T13:50:07+00:00\" \/>\n<meta property=\"og:image\" content=\"https:\/\/www.pressenza.com\/wp-content\/uploads\/2023\/11\/FreeAssange.eu_.jpg\" \/>\n\t<meta property=\"og:image:width\" content=\"820\" \/>\n\t<meta property=\"og:image:height\" content=\"547\" \/>\n\t<meta property=\"og:image:type\" content=\"image\/jpeg\" \/>\n<meta name=\"author\" content=\"Pressenza Berlin\" \/>\n<meta name=\"twitter:card\" content=\"summary_large_image\" \/>\n<meta name=\"twitter:creator\" content=\"@pressenza_ger\" \/>\n<meta name=\"twitter:site\" content=\"@PressenzaIPA\" \/>\n<meta name=\"twitter:label1\" content=\"\u00c9crit par\" \/>\n\t<meta name=\"twitter:data1\" content=\"Pressenza Berlin\" \/>\n\t<meta name=\"twitter:label2\" content=\"Dur\u00e9e de lecture estim\u00e9e\" \/>\n\t<meta name=\"twitter:data2\" content=\"3 minutes\" \/>\n<script type=\"application\/ld+json\" class=\"yoast-schema-graph\">{\"@context\":\"https:\/\/schema.org\",\"@graph\":[{\"@type\":\"Article\",\"@id\":\"https:\/\/www.pressenza.com\/fr\/2023\/12\/anniversaire-de-la-lettre-ouverte-du-new-york-times-du-guardian-du-monde-du-spiegel-et-de-el-pais-le-journalisme-nest-pas-un-crime\/#article\",\"isPartOf\":{\"@id\":\"https:\/\/www.pressenza.com\/fr\/2023\/12\/anniversaire-de-la-lettre-ouverte-du-new-york-times-du-guardian-du-monde-du-spiegel-et-de-el-pais-le-journalisme-nest-pas-un-crime\/\"},\"author\":{\"name\":\"Pressenza Berlin\",\"@id\":\"https:\/\/www.pressenza.com\/fr\/#\/schema\/person\/57bb5480943a496a7722b0248e4b658a\"},\"headline\":\"Julian Assange &#8211; Anniversaire de la lettre ouverte du New York Times, du Guardian, du Monde, du Spiegel et de El Pa\u00eds : \u00ab Le journalisme n\u2019est pas un crime \u00bb\",\"datePublished\":\"2023-12-01T20:47:08+00:00\",\"dateModified\":\"2023-12-02T13:50:07+00:00\",\"mainEntityOfPage\":{\"@id\":\"https:\/\/www.pressenza.com\/fr\/2023\/12\/anniversaire-de-la-lettre-ouverte-du-new-york-times-du-guardian-du-monde-du-spiegel-et-de-el-pais-le-journalisme-nest-pas-un-crime\/\"},\"wordCount\":550,\"publisher\":{\"@id\":\"https:\/\/www.pressenza.com\/fr\/#organization\"},\"image\":{\"@id\":\"https:\/\/www.pressenza.com\/fr\/2023\/12\/anniversaire-de-la-lettre-ouverte-du-new-york-times-du-guardian-du-monde-du-spiegel-et-de-el-pais-le-journalisme-nest-pas-un-crime\/#primaryimage\"},\"thumbnailUrl\":\"https:\/\/www.pressenza.com\/wp-content\/uploads\/2023\/11\/FreeAssange.eu_.jpg\",\"keywords\":[\"#Assange\",\"#FreeAssange\",\"Belmarsh\",\"DontExtraditeAssange\",\"\u00c9tats-Unis\",\"FreeJulianAssange\",\"Julian Assange\",\"lanceur d'alerte\",\"Le Monde\",\"libert\u00e9 de la presse\",\"New York Times\",\"solidarit\u00e9\",\"Wikileaks\"],\"articleSection\":[\"Communiqu\u00e9s de Presse\",\"Culture et M\u00e9dias\",\"Droits humains\",\"Europe\"],\"inLanguage\":\"fr-FR\"},{\"@type\":\"WebPage\",\"@id\":\"https:\/\/www.pressenza.com\/fr\/2023\/12\/anniversaire-de-la-lettre-ouverte-du-new-york-times-du-guardian-du-monde-du-spiegel-et-de-el-pais-le-journalisme-nest-pas-un-crime\/\",\"url\":\"https:\/\/www.pressenza.com\/fr\/2023\/12\/anniversaire-de-la-lettre-ouverte-du-new-york-times-du-guardian-du-monde-du-spiegel-et-de-el-pais-le-journalisme-nest-pas-un-crime\/\",\"name\":\"Julian Assange - Anniversaire de la lettre ouverte du New York Times, du Guardian, du Monde, du Spiegel et de El Pa\u00eds : \u00ab Le journalisme n\u2019est pas un crime \u00bb\",\"isPartOf\":{\"@id\":\"https:\/\/www.pressenza.com\/fr\/#website\"},\"primaryImageOfPage\":{\"@id\":\"https:\/\/www.pressenza.com\/fr\/2023\/12\/anniversaire-de-la-lettre-ouverte-du-new-york-times-du-guardian-du-monde-du-spiegel-et-de-el-pais-le-journalisme-nest-pas-un-crime\/#primaryimage\"},\"image\":{\"@id\":\"https:\/\/www.pressenza.com\/fr\/2023\/12\/anniversaire-de-la-lettre-ouverte-du-new-york-times-du-guardian-du-monde-du-spiegel-et-de-el-pais-le-journalisme-nest-pas-un-crime\/#primaryimage\"},\"thumbnailUrl\":\"https:\/\/www.pressenza.com\/wp-content\/uploads\/2023\/11\/FreeAssange.eu_.jpg\",\"datePublished\":\"2023-12-01T20:47:08+00:00\",\"dateModified\":\"2023-12-02T13:50:07+00:00\",\"description\":\"Les cinq grands journaux qui ont publi\u00e9 le 28 novembre 2010 les 251 000 \u00ab Cablegate \u00bb mis au jour par WikiLeaks du minist\u00e8re am\u00e9ricain des affaires\",\"breadcrumb\":{\"@id\":\"https:\/\/www.pressenza.com\/fr\/2023\/12\/anniversaire-de-la-lettre-ouverte-du-new-york-times-du-guardian-du-monde-du-spiegel-et-de-el-pais-le-journalisme-nest-pas-un-crime\/#breadcrumb\"},\"inLanguage\":\"fr-FR\",\"potentialAction\":[{\"@type\":\"ReadAction\",\"target\":[\"https:\/\/www.pressenza.com\/fr\/2023\/12\/anniversaire-de-la-lettre-ouverte-du-new-york-times-du-guardian-du-monde-du-spiegel-et-de-el-pais-le-journalisme-nest-pas-un-crime\/\"]}]},{\"@type\":\"ImageObject\",\"inLanguage\":\"fr-FR\",\"@id\":\"https:\/\/www.pressenza.com\/fr\/2023\/12\/anniversaire-de-la-lettre-ouverte-du-new-york-times-du-guardian-du-monde-du-spiegel-et-de-el-pais-le-journalisme-nest-pas-un-crime\/#primaryimage\",\"url\":\"https:\/\/www.pressenza.com\/wp-content\/uploads\/2023\/11\/FreeAssange.eu_.jpg\",\"contentUrl\":\"https:\/\/www.pressenza.com\/wp-content\/uploads\/2023\/11\/FreeAssange.eu_.jpg\",\"width\":820,\"height\":547},{\"@type\":\"BreadcrumbList\",\"@id\":\"https:\/\/www.pressenza.com\/fr\/2023\/12\/anniversaire-de-la-lettre-ouverte-du-new-york-times-du-guardian-du-monde-du-spiegel-et-de-el-pais-le-journalisme-nest-pas-un-crime\/#breadcrumb\",\"itemListElement\":[{\"@type\":\"ListItem\",\"position\":1,\"name\":\"Accueil\",\"item\":\"https:\/\/www.pressenza.com\/fr\/\"},{\"@type\":\"ListItem\",\"position\":2,\"name\":\"Julian Assange &#8211; Anniversaire de la lettre ouverte du New York Times, du Guardian, du Monde, du Spiegel et de El Pa\u00eds : \u00ab Le journalisme n\u2019est pas un crime \u00bb\"}]},{\"@type\":\"WebSite\",\"@id\":\"https:\/\/www.pressenza.com\/fr\/#website\",\"url\":\"https:\/\/www.pressenza.com\/fr\/\",\"name\":\"Pressenza\",\"description\":\"International Press Agency\",\"publisher\":{\"@id\":\"https:\/\/www.pressenza.com\/fr\/#organization\"},\"potentialAction\":[{\"@type\":\"SearchAction\",\"target\":{\"@type\":\"EntryPoint\",\"urlTemplate\":\"https:\/\/www.pressenza.com\/fr\/?s={search_term_string}\"},\"query-input\":{\"@type\":\"PropertyValueSpecification\",\"valueRequired\":true,\"valueName\":\"search_term_string\"}}],\"inLanguage\":\"fr-FR\"},{\"@type\":\"Organization\",\"@id\":\"https:\/\/www.pressenza.com\/fr\/#organization\",\"name\":\"Pressenza\",\"url\":\"https:\/\/www.pressenza.com\/fr\/\",\"logo\":{\"@type\":\"ImageObject\",\"inLanguage\":\"fr-FR\",\"@id\":\"https:\/\/www.pressenza.com\/fr\/#\/schema\/logo\/image\/\",\"url\":\"https:\/\/www.pressenza.com\/wp-content\/uploads\/2022\/10\/pressenza_logo_200x200.jpg\",\"contentUrl\":\"https:\/\/www.pressenza.com\/wp-content\/uploads\/2022\/10\/pressenza_logo_200x200.jpg\",\"width\":200,\"height\":200,\"caption\":\"Pressenza\"},\"image\":{\"@id\":\"https:\/\/www.pressenza.com\/fr\/#\/schema\/logo\/image\/\"},\"sameAs\":[\"https:\/\/www.facebook.com\/PressenzaItalia\",\"https:\/\/x.com\/PressenzaIPA\"]},{\"@type\":\"Person\",\"@id\":\"https:\/\/www.pressenza.com\/fr\/#\/schema\/person\/57bb5480943a496a7722b0248e4b658a\",\"name\":\"Pressenza Berlin\",\"description\":\"News from the Pressenza Bureau in Berlin, Germany\",\"sameAs\":[\"https:\/\/www.facebook.com\/Pressenza-Deutschland-sterreich-Schweiz-281675388658060\/timeline\/\",\"https:\/\/x.com\/pressenza_ger\"],\"url\":\"https:\/\/www.pressenza.com\/fr\/author\/pressenza-berlin\/\"}]}<\/script>\n<!-- \/ Yoast SEO plugin. -->","yoast_head_json":{"title":"Julian Assange - Anniversaire de la lettre ouverte du New York Times, du Guardian, du Monde, du Spiegel et de El Pa\u00eds : \u00ab Le journalisme n\u2019est pas un crime \u00bb","description":"Les cinq grands journaux qui ont publi\u00e9 le 28 novembre 2010 les 251 000 \u00ab Cablegate \u00bb mis au jour par WikiLeaks du minist\u00e8re am\u00e9ricain des affaires","robots":{"index":"index","follow":"follow","max-snippet":"max-snippet:-1","max-image-preview":"max-image-preview:large","max-video-preview":"max-video-preview:-1"},"canonical":"https:\/\/www.pressenza.com\/fr\/2023\/12\/anniversaire-de-la-lettre-ouverte-du-new-york-times-du-guardian-du-monde-du-spiegel-et-de-el-pais-le-journalisme-nest-pas-un-crime\/","og_locale":"fr_FR","og_type":"article","og_title":"Julian Assange - Anniversaire de la lettre ouverte du New York Times, du Guardian, du Monde, du Spiegel et de El Pa\u00eds : \u00ab Le journalisme n\u2019est pas un crime \u00bb","og_description":"Les cinq grands journaux qui ont publi\u00e9 le 28 novembre 2010 les 251 000 \u00ab Cablegate \u00bb mis au jour par WikiLeaks du minist\u00e8re am\u00e9ricain des affaires","og_url":"https:\/\/www.pressenza.com\/fr\/2023\/12\/anniversaire-de-la-lettre-ouverte-du-new-york-times-du-guardian-du-monde-du-spiegel-et-de-el-pais-le-journalisme-nest-pas-un-crime\/","og_site_name":"Pressenza","article_publisher":"https:\/\/www.facebook.com\/PressenzaItalia","article_author":"https:\/\/www.facebook.com\/Pressenza-Deutschland-sterreich-Schweiz-281675388658060\/timeline\/","article_published_time":"2023-12-01T20:47:08+00:00","article_modified_time":"2023-12-02T13:50:07+00:00","og_image":[{"width":820,"height":547,"url":"https:\/\/www.pressenza.com\/wp-content\/uploads\/2023\/11\/FreeAssange.eu_.jpg","type":"image\/jpeg"}],"author":"Pressenza Berlin","twitter_card":"summary_large_image","twitter_creator":"@pressenza_ger","twitter_site":"@PressenzaIPA","twitter_misc":{"\u00c9crit par":"Pressenza Berlin","Dur\u00e9e de lecture estim\u00e9e":"3 minutes"},"schema":{"@context":"https:\/\/schema.org","@graph":[{"@type":"Article","@id":"https:\/\/www.pressenza.com\/fr\/2023\/12\/anniversaire-de-la-lettre-ouverte-du-new-york-times-du-guardian-du-monde-du-spiegel-et-de-el-pais-le-journalisme-nest-pas-un-crime\/#article","isPartOf":{"@id":"https:\/\/www.pressenza.com\/fr\/2023\/12\/anniversaire-de-la-lettre-ouverte-du-new-york-times-du-guardian-du-monde-du-spiegel-et-de-el-pais-le-journalisme-nest-pas-un-crime\/"},"author":{"name":"Pressenza Berlin","@id":"https:\/\/www.pressenza.com\/fr\/#\/schema\/person\/57bb5480943a496a7722b0248e4b658a"},"headline":"Julian Assange &#8211; Anniversaire de la lettre ouverte du New York Times, du Guardian, du Monde, du Spiegel et de El Pa\u00eds : \u00ab Le journalisme n\u2019est pas un crime \u00bb","datePublished":"2023-12-01T20:47:08+00:00","dateModified":"2023-12-02T13:50:07+00:00","mainEntityOfPage":{"@id":"https:\/\/www.pressenza.com\/fr\/2023\/12\/anniversaire-de-la-lettre-ouverte-du-new-york-times-du-guardian-du-monde-du-spiegel-et-de-el-pais-le-journalisme-nest-pas-un-crime\/"},"wordCount":550,"publisher":{"@id":"https:\/\/www.pressenza.com\/fr\/#organization"},"image":{"@id":"https:\/\/www.pressenza.com\/fr\/2023\/12\/anniversaire-de-la-lettre-ouverte-du-new-york-times-du-guardian-du-monde-du-spiegel-et-de-el-pais-le-journalisme-nest-pas-un-crime\/#primaryimage"},"thumbnailUrl":"https:\/\/www.pressenza.com\/wp-content\/uploads\/2023\/11\/FreeAssange.eu_.jpg","keywords":["#Assange","#FreeAssange","Belmarsh","DontExtraditeAssange","\u00c9tats-Unis","FreeJulianAssange","Julian Assange","lanceur d'alerte","Le Monde","libert\u00e9 de la presse","New York Times","solidarit\u00e9","Wikileaks"],"articleSection":["Communiqu\u00e9s de Presse","Culture et M\u00e9dias","Droits humains","Europe"],"inLanguage":"fr-FR"},{"@type":"WebPage","@id":"https:\/\/www.pressenza.com\/fr\/2023\/12\/anniversaire-de-la-lettre-ouverte-du-new-york-times-du-guardian-du-monde-du-spiegel-et-de-el-pais-le-journalisme-nest-pas-un-crime\/","url":"https:\/\/www.pressenza.com\/fr\/2023\/12\/anniversaire-de-la-lettre-ouverte-du-new-york-times-du-guardian-du-monde-du-spiegel-et-de-el-pais-le-journalisme-nest-pas-un-crime\/","name":"Julian Assange - Anniversaire de la lettre ouverte du New York Times, du Guardian, du Monde, du Spiegel et de El Pa\u00eds : \u00ab Le journalisme n\u2019est pas un crime \u00bb","isPartOf":{"@id":"https:\/\/www.pressenza.com\/fr\/#website"},"primaryImageOfPage":{"@id":"https:\/\/www.pressenza.com\/fr\/2023\/12\/anniversaire-de-la-lettre-ouverte-du-new-york-times-du-guardian-du-monde-du-spiegel-et-de-el-pais-le-journalisme-nest-pas-un-crime\/#primaryimage"},"image":{"@id":"https:\/\/www.pressenza.com\/fr\/2023\/12\/anniversaire-de-la-lettre-ouverte-du-new-york-times-du-guardian-du-monde-du-spiegel-et-de-el-pais-le-journalisme-nest-pas-un-crime\/#primaryimage"},"thumbnailUrl":"https:\/\/www.pressenza.com\/wp-content\/uploads\/2023\/11\/FreeAssange.eu_.jpg","datePublished":"2023-12-01T20:47:08+00:00","dateModified":"2023-12-02T13:50:07+00:00","description":"Les cinq grands journaux qui ont publi\u00e9 le 28 novembre 2010 les 251 000 \u00ab Cablegate \u00bb mis au jour par WikiLeaks du minist\u00e8re am\u00e9ricain des affaires","breadcrumb":{"@id":"https:\/\/www.pressenza.com\/fr\/2023\/12\/anniversaire-de-la-lettre-ouverte-du-new-york-times-du-guardian-du-monde-du-spiegel-et-de-el-pais-le-journalisme-nest-pas-un-crime\/#breadcrumb"},"inLanguage":"fr-FR","potentialAction":[{"@type":"ReadAction","target":["https:\/\/www.pressenza.com\/fr\/2023\/12\/anniversaire-de-la-lettre-ouverte-du-new-york-times-du-guardian-du-monde-du-spiegel-et-de-el-pais-le-journalisme-nest-pas-un-crime\/"]}]},{"@type":"ImageObject","inLanguage":"fr-FR","@id":"https:\/\/www.pressenza.com\/fr\/2023\/12\/anniversaire-de-la-lettre-ouverte-du-new-york-times-du-guardian-du-monde-du-spiegel-et-de-el-pais-le-journalisme-nest-pas-un-crime\/#primaryimage","url":"https:\/\/www.pressenza.com\/wp-content\/uploads\/2023\/11\/FreeAssange.eu_.jpg","contentUrl":"https:\/\/www.pressenza.com\/wp-content\/uploads\/2023\/11\/FreeAssange.eu_.jpg","width":820,"height":547},{"@type":"BreadcrumbList","@id":"https:\/\/www.pressenza.com\/fr\/2023\/12\/anniversaire-de-la-lettre-ouverte-du-new-york-times-du-guardian-du-monde-du-spiegel-et-de-el-pais-le-journalisme-nest-pas-un-crime\/#breadcrumb","itemListElement":[{"@type":"ListItem","position":1,"name":"Accueil","item":"https:\/\/www.pressenza.com\/fr\/"},{"@type":"ListItem","position":2,"name":"Julian Assange &#8211; Anniversaire de la lettre ouverte du New York Times, du Guardian, du Monde, du Spiegel et de El Pa\u00eds : \u00ab Le journalisme n\u2019est pas un crime \u00bb"}]},{"@type":"WebSite","@id":"https:\/\/www.pressenza.com\/fr\/#website","url":"https:\/\/www.pressenza.com\/fr\/","name":"Pressenza","description":"International Press Agency","publisher":{"@id":"https:\/\/www.pressenza.com\/fr\/#organization"},"potentialAction":[{"@type":"SearchAction","target":{"@type":"EntryPoint","urlTemplate":"https:\/\/www.pressenza.com\/fr\/?s={search_term_string}"},"query-input":{"@type":"PropertyValueSpecification","valueRequired":true,"valueName":"search_term_string"}}],"inLanguage":"fr-FR"},{"@type":"Organization","@id":"https:\/\/www.pressenza.com\/fr\/#organization","name":"Pressenza","url":"https:\/\/www.pressenza.com\/fr\/","logo":{"@type":"ImageObject","inLanguage":"fr-FR","@id":"https:\/\/www.pressenza.com\/fr\/#\/schema\/logo\/image\/","url":"https:\/\/www.pressenza.com\/wp-content\/uploads\/2022\/10\/pressenza_logo_200x200.jpg","contentUrl":"https:\/\/www.pressenza.com\/wp-content\/uploads\/2022\/10\/pressenza_logo_200x200.jpg","width":200,"height":200,"caption":"Pressenza"},"image":{"@id":"https:\/\/www.pressenza.com\/fr\/#\/schema\/logo\/image\/"},"sameAs":["https:\/\/www.facebook.com\/PressenzaItalia","https:\/\/x.com\/PressenzaIPA"]},{"@type":"Person","@id":"https:\/\/www.pressenza.com\/fr\/#\/schema\/person\/57bb5480943a496a7722b0248e4b658a","name":"Pressenza Berlin","description":"News from the Pressenza Bureau in Berlin, Germany","sameAs":["https:\/\/www.facebook.com\/Pressenza-Deutschland-sterreich-Schweiz-281675388658060\/timeline\/","https:\/\/x.com\/pressenza_ger"],"url":"https:\/\/www.pressenza.com\/fr\/author\/pressenza-berlin\/"}]}},"place":"","original_article_url":"","_links":{"self":[{"href":"https:\/\/www.pressenza.com\/fr\/wp-json\/wp\/v2\/posts\/1785055","targetHints":{"allow":["GET"]}}],"collection":[{"href":"https:\/\/www.pressenza.com\/fr\/wp-json\/wp\/v2\/posts"}],"about":[{"href":"https:\/\/www.pressenza.com\/fr\/wp-json\/wp\/v2\/types\/post"}],"author":[{"embeddable":true,"href":"https:\/\/www.pressenza.com\/fr\/wp-json\/wp\/v2\/users\/1095"}],"replies":[{"embeddable":true,"href":"https:\/\/www.pressenza.com\/fr\/wp-json\/wp\/v2\/comments?post=1785055"}],"version-history":[{"count":0,"href":"https:\/\/www.pressenza.com\/fr\/wp-json\/wp\/v2\/posts\/1785055\/revisions"}],"wp:featuredmedia":[{"embeddable":true,"href":"https:\/\/www.pressenza.com\/fr\/wp-json\/wp\/v2\/media\/1785063"}],"wp:attachment":[{"href":"https:\/\/www.pressenza.com\/fr\/wp-json\/wp\/v2\/media?parent=1785055"}],"wp:term":[{"taxonomy":"category","embeddable":true,"href":"https:\/\/www.pressenza.com\/fr\/wp-json\/wp\/v2\/categories?post=1785055"},{"taxonomy":"post_tag","embeddable":true,"href":"https:\/\/www.pressenza.com\/fr\/wp-json\/wp\/v2\/tags?post=1785055"}],"curies":[{"name":"wp","href":"https:\/\/api.w.org\/{rel}","templated":true}]}}