{"id":1781645,"date":"2023-11-15T22:24:11","date_gmt":"2023-11-15T22:24:11","guid":{"rendered":"https:\/\/www.pressenza.com\/?p=1781645"},"modified":"2023-11-15T22:24:11","modified_gmt":"2023-11-15T22:24:11","slug":"la-perte-et-le-deuil","status":"publish","type":"post","link":"https:\/\/www.pressenza.com\/fr\/2023\/11\/la-perte-et-le-deuil\/","title":{"rendered":"La perte et le deuil"},"content":{"rendered":"<p>Du jour de notre naissance au jour de notre mort, nous traversons continuellement des deuils. Des \u00e9tudes montrent que 50 % des probl\u00e8mes psychologiques d&rsquo;une personne adulte sont dus \u00e0 des deuils non r\u00e9solus.<\/p>\n<p>Par <span style=\"font-weight: 400;\">Noelia Correa<\/span><\/p>\n<p>Qu&rsquo;est-ce que le deuil ? C&rsquo;est le processus naturel qui suit toute forme de perte. D&rsquo;une part, en tant qu&rsquo;\u00eatres rationnels dot\u00e9s d&rsquo;un libre arbitre dans la dualit\u00e9 de ce monde, nous faisons continuellement des choix, de mani\u00e8re consciente ou inconsciente. Et tout choix implique une perte, la perte de ce que nous ne voulons pas, de ce dont nous nous d\u00e9barrassons. Parfois, les choix sont clairs et faciles. Cependant, dans beaucoup d&rsquo;autres cas, m\u00eame si nous choisissons une chose ou une voie, la perte de ce que nous abandonnons nous est un poids. Sans parler des pertes que nous ne choisissons pas, que nous ne contr\u00f4lons pas et sur lesquelles nous n&rsquo;avons eu aucun pouvoir de d\u00e9cision.<\/p>\n<p>Quel que soit le type de perte, qu&rsquo;il s&rsquo;agisse d&rsquo;un \u00eatre cher, d&rsquo;un animal de compagnie, d&rsquo;une relation, d&rsquo;un emploi, de l&rsquo;innocence au moment o\u00f9 nous entrons dans l&rsquo;adolescence&#8230; tout type de perte n\u00e9cessite un processus de deuil. Et tout deuil n\u00e9cessite une compr\u00e9hension des \u00e9motions qui nous submergent, ainsi qu&rsquo;une gestion du stress suppl\u00e9mentaire qui s&rsquo;ajoute au notre, jour apr\u00e8s jour.<\/p>\n<p>Le deuil est un processus naturel qui comporte diff\u00e9rentes phases, et je dois ajouter que leur nombre varie selon les experts et les auteurs. Ce n&rsquo;est pas un processus lin\u00e9aire, il est personnel et sa dur\u00e9e n&rsquo;est pas fixe. Il est vrai qu&rsquo;\u00e0 partir de la deuxi\u00e8me ann\u00e9e, si l&rsquo;endeuill\u00e9 n&rsquo;a pas encore progress\u00e9 sur le chemin, il risque de le voir se transformer en deuil pathologique, avec des cons\u00e9quences sp\u00e9cifiques, ce dont je parlerai dans un autre article.<\/p>\n<p>Les premiers stades du deuil sont plus \u00e9motionnels, et n\u00e9cessitent une compr\u00e9hension de toutes les \u00e9motions que nous traversons et de leur raison d&rsquo;\u00eatre\u00a0:\u00a0 le d\u00e9ni, la tristesse, la col\u00e8re, la culpabilit\u00e9, la honte et m\u00eame l&rsquo;envie. Il n&rsquo;y a pas de bonnes ou de mauvaises \u00e9motions, elles ont simplement chacune leur raison d&rsquo;\u00eatre : elles nous donnent des informations et en les traversant, nous permettent d&rsquo;effectuer un travail n\u00e9cessaire et fondamental pour que nous puissions continuer \u00e0 avancer sur ce chemin qu&rsquo;est la vie. Par exemple, le d\u00e9ni nous permet de mettre de la distance entre l&rsquo;\u00e9v\u00e9nement traumatique ou la perte, pour pouvoir l&rsquo;assimiler. On ne parle pas encore d&rsquo;acceptation, mais de capacit\u00e9 \u00e0 regarder la nouvelle r\u00e9alit\u00e9 en face.<\/p>\n<p>Les phases suivantes sont plus intellectuelles et requi\u00e8rent notre c\u00f4t\u00e9 plus rationnel pour les traverser. Elles comprennent la n\u00e9gociation, l&rsquo;acceptation (et non la r\u00e9signation) et l&rsquo;apprentissage de ce que la perte a signifi\u00e9 afin d&rsquo;aller de l&rsquo;avant avec de nouveaux projets.<\/p>\n<p>Bref, nous subissons des pertes en permanence et, pour notre sant\u00e9 \u00e9motionnelle, physique et psychologique, il serait merveilleux que l&rsquo;on nous apprenne d\u00e8s le plus jeune \u00e2ge que, lorsque nous perdons quelque chose, tout ce que nous ressentons est bien et que nous ne sommes pas malades. Et que la meilleure fa\u00e7on d&rsquo;aller de l\u2019avant, avec une certaine s\u00e9r\u00e9nit\u00e9 et sagesse, c\u2019est d&rsquo;acqu\u00e9rir les outils et les connaissances n\u00e9cessaires pour r\u00e9soudre tous les deuils de la vie.<\/p>\n<p><a href=\"https:\/\/noeliacorrea.es\/\">Web de Noelia Correa<\/a><\/p>\n<p><a href=\"https:\/\/www.instagram.com\/noeliacorrealandaluce\/\">Instagram.com\/noeliacorrealandaluce \/<\/a><\/p>\n<p>Noelia anime r\u00e9guli\u00e8rement des ateliers sur la perte et le deuil, entre autres, \u00e0 Malaga et en ligne.<\/p>\n<p>&nbsp;<\/p>\n<p><em>Traduit de l&rsquo;espagnol par Ginette Baudelet<\/em><\/p>\n","protected":false},"excerpt":{"rendered":"<p>Du jour de notre naissance au jour de notre mort, nous traversons continuellement des deuils. Des \u00e9tudes montrent que 50 % des probl\u00e8mes psychologiques d&rsquo;une personne adulte sont dus \u00e0 des deuils non r\u00e9solus. Par Noelia Correa Qu&rsquo;est-ce que le&hellip;<\/p>\n","protected":false},"author":1680,"featured_media":1781649,"comment_status":"closed","ping_status":"closed","sticky":false,"template":"","format":"standard","meta":{"footnotes":""},"categories":[11386,1246,1245],"tags":[53302,114722,117846,117847,95491],"class_list":["post-1781645","post","type-post","status-publish","format-standard","has-post-thumbnail","hentry","category-contenu-original","category-humanisme-spiritualite","category-sante-sujet","tag-deces","tag-deuil","tag-pertes","tag-processus-de-deuil","tag-rehuno-sante"],"yoast_head":"<!-- This site is optimized with the Yoast SEO plugin v27.1.1 - https:\/\/yoast.com\/product\/yoast-seo-wordpress\/ -->\n<title>La perte et le deuil<\/title>\n<meta name=\"description\" content=\"Du jour de notre naissance au jour de notre mort, nous traversons continuellement des deuils. Des \u00e9tudes montrent que 50 % des probl\u00e8mes psychologiques\" \/>\n<meta name=\"robots\" content=\"index, follow, max-snippet:-1, max-image-preview:large, max-video-preview:-1\" \/>\n<link rel=\"canonical\" href=\"https:\/\/www.pressenza.com\/fr\/2023\/11\/la-perte-et-le-deuil\/\" \/>\n<meta property=\"og:locale\" content=\"fr_FR\" \/>\n<meta property=\"og:type\" content=\"article\" \/>\n<meta property=\"og:title\" content=\"La perte et le deuil\" \/>\n<meta property=\"og:description\" content=\"Du jour de notre naissance au jour de notre mort, nous traversons continuellement des deuils. Des \u00e9tudes montrent que 50 % des probl\u00e8mes psychologiques\" \/>\n<meta property=\"og:url\" content=\"https:\/\/www.pressenza.com\/fr\/2023\/11\/la-perte-et-le-deuil\/\" \/>\n<meta property=\"og:site_name\" content=\"Pressenza\" \/>\n<meta property=\"article:publisher\" content=\"https:\/\/www.facebook.com\/PressenzaItalia\" \/>\n<meta property=\"article:author\" content=\"https:\/\/www.facebook.com\/rehunosalud\/\" \/>\n<meta property=\"article:published_time\" content=\"2023-11-15T22:24:11+00:00\" \/>\n<meta property=\"og:image\" content=\"https:\/\/www.pressenza.com\/wp-content\/uploads\/2023\/10\/lone-tree-1934897_1280.jpg\" \/>\n\t<meta property=\"og:image:width\" content=\"1280\" \/>\n\t<meta property=\"og:image:height\" content=\"867\" \/>\n\t<meta property=\"og:image:type\" content=\"image\/jpeg\" \/>\n<meta name=\"author\" content=\"REHUNO - Red Humanista de Noticias en Salud\" \/>\n<meta name=\"twitter:card\" content=\"summary_large_image\" \/>\n<meta name=\"twitter:creator\" content=\"@PressenzaIPA\" \/>\n<meta name=\"twitter:site\" content=\"@PressenzaIPA\" \/>\n<meta name=\"twitter:label1\" content=\"\u00c9crit par\" \/>\n\t<meta name=\"twitter:data1\" content=\"REHUNO - Red Humanista de Noticias en Salud\" \/>\n\t<meta name=\"twitter:label2\" content=\"Dur\u00e9e de lecture estim\u00e9e\" \/>\n\t<meta name=\"twitter:data2\" content=\"3 minutes\" \/>\n<script type=\"application\/ld+json\" class=\"yoast-schema-graph\">{\"@context\":\"https:\/\/schema.org\",\"@graph\":[{\"@type\":\"Article\",\"@id\":\"https:\/\/www.pressenza.com\/fr\/2023\/11\/la-perte-et-le-deuil\/#article\",\"isPartOf\":{\"@id\":\"https:\/\/www.pressenza.com\/fr\/2023\/11\/la-perte-et-le-deuil\/\"},\"author\":{\"name\":\"REHUNO - Red Humanista de Noticias en Salud\",\"@id\":\"https:\/\/www.pressenza.com\/fr\/#\/schema\/person\/5162be2bf75419d7e91acfc2c50c3870\"},\"headline\":\"La perte et le deuil\",\"datePublished\":\"2023-11-15T22:24:11+00:00\",\"mainEntityOfPage\":{\"@id\":\"https:\/\/www.pressenza.com\/fr\/2023\/11\/la-perte-et-le-deuil\/\"},\"wordCount\":647,\"publisher\":{\"@id\":\"https:\/\/www.pressenza.com\/fr\/#organization\"},\"image\":{\"@id\":\"https:\/\/www.pressenza.com\/fr\/2023\/11\/la-perte-et-le-deuil\/#primaryimage\"},\"thumbnailUrl\":\"https:\/\/www.pressenza.com\/wp-content\/uploads\/2023\/10\/lone-tree-1934897_1280.jpg\",\"keywords\":[\"d\u00e9c\u00e8s\",\"deuil\",\"pertes\",\"processus de deuil\",\"Rehuno Sant\u00e9\"],\"articleSection\":[\"Contenu Original\",\"Humanisme et Spiritualit\u00e9\",\"Sant\u00e9\"],\"inLanguage\":\"fr-FR\"},{\"@type\":\"WebPage\",\"@id\":\"https:\/\/www.pressenza.com\/fr\/2023\/11\/la-perte-et-le-deuil\/\",\"url\":\"https:\/\/www.pressenza.com\/fr\/2023\/11\/la-perte-et-le-deuil\/\",\"name\":\"La perte et le deuil\",\"isPartOf\":{\"@id\":\"https:\/\/www.pressenza.com\/fr\/#website\"},\"primaryImageOfPage\":{\"@id\":\"https:\/\/www.pressenza.com\/fr\/2023\/11\/la-perte-et-le-deuil\/#primaryimage\"},\"image\":{\"@id\":\"https:\/\/www.pressenza.com\/fr\/2023\/11\/la-perte-et-le-deuil\/#primaryimage\"},\"thumbnailUrl\":\"https:\/\/www.pressenza.com\/wp-content\/uploads\/2023\/10\/lone-tree-1934897_1280.jpg\",\"datePublished\":\"2023-11-15T22:24:11+00:00\",\"description\":\"Du jour de notre naissance au jour de notre mort, nous traversons continuellement des deuils. Des \u00e9tudes montrent que 50 % des probl\u00e8mes psychologiques\",\"breadcrumb\":{\"@id\":\"https:\/\/www.pressenza.com\/fr\/2023\/11\/la-perte-et-le-deuil\/#breadcrumb\"},\"inLanguage\":\"fr-FR\",\"potentialAction\":[{\"@type\":\"ReadAction\",\"target\":[\"https:\/\/www.pressenza.com\/fr\/2023\/11\/la-perte-et-le-deuil\/\"]}]},{\"@type\":\"ImageObject\",\"inLanguage\":\"fr-FR\",\"@id\":\"https:\/\/www.pressenza.com\/fr\/2023\/11\/la-perte-et-le-deuil\/#primaryimage\",\"url\":\"https:\/\/www.pressenza.com\/wp-content\/uploads\/2023\/10\/lone-tree-1934897_1280.jpg\",\"contentUrl\":\"https:\/\/www.pressenza.com\/wp-content\/uploads\/2023\/10\/lone-tree-1934897_1280.jpg\",\"width\":1280,\"height\":867},{\"@type\":\"BreadcrumbList\",\"@id\":\"https:\/\/www.pressenza.com\/fr\/2023\/11\/la-perte-et-le-deuil\/#breadcrumb\",\"itemListElement\":[{\"@type\":\"ListItem\",\"position\":1,\"name\":\"Accueil\",\"item\":\"https:\/\/www.pressenza.com\/fr\/\"},{\"@type\":\"ListItem\",\"position\":2,\"name\":\"La perte et le deuil\"}]},{\"@type\":\"WebSite\",\"@id\":\"https:\/\/www.pressenza.com\/fr\/#website\",\"url\":\"https:\/\/www.pressenza.com\/fr\/\",\"name\":\"Pressenza\",\"description\":\"International Press Agency\",\"publisher\":{\"@id\":\"https:\/\/www.pressenza.com\/fr\/#organization\"},\"potentialAction\":[{\"@type\":\"SearchAction\",\"target\":{\"@type\":\"EntryPoint\",\"urlTemplate\":\"https:\/\/www.pressenza.com\/fr\/?s={search_term_string}\"},\"query-input\":{\"@type\":\"PropertyValueSpecification\",\"valueRequired\":true,\"valueName\":\"search_term_string\"}}],\"inLanguage\":\"fr-FR\"},{\"@type\":\"Organization\",\"@id\":\"https:\/\/www.pressenza.com\/fr\/#organization\",\"name\":\"Pressenza\",\"url\":\"https:\/\/www.pressenza.com\/fr\/\",\"logo\":{\"@type\":\"ImageObject\",\"inLanguage\":\"fr-FR\",\"@id\":\"https:\/\/www.pressenza.com\/fr\/#\/schema\/logo\/image\/\",\"url\":\"https:\/\/www.pressenza.com\/wp-content\/uploads\/2022\/10\/pressenza_logo_200x200.jpg\",\"contentUrl\":\"https:\/\/www.pressenza.com\/wp-content\/uploads\/2022\/10\/pressenza_logo_200x200.jpg\",\"width\":200,\"height\":200,\"caption\":\"Pressenza\"},\"image\":{\"@id\":\"https:\/\/www.pressenza.com\/fr\/#\/schema\/logo\/image\/\"},\"sameAs\":[\"https:\/\/www.facebook.com\/PressenzaItalia\",\"https:\/\/x.com\/PressenzaIPA\"]},{\"@type\":\"Person\",\"@id\":\"https:\/\/www.pressenza.com\/fr\/#\/schema\/person\/5162be2bf75419d7e91acfc2c50c3870\",\"name\":\"REHUNO - Red Humanista de Noticias en Salud\",\"description\":\"REHUNO is a group of volunteers from different countries, health professionals and\/or users of health services, who want to give voice to a \\\"humanizing view\\\" of health systems from a broad and comprehensive perspective. REHUNO wants to put into words and images the positive news that needs to be highlighted and the negative news that needs to be denounced and happening on a daily basis.http:\/\/rehunosalud.org\/\",\"sameAs\":[\"http:\/\/rehunosalud.org\/\",\"https:\/\/www.facebook.com\/rehunosalud\/\"],\"url\":\"https:\/\/www.pressenza.com\/fr\/author\/rehuno\/\"}]}<\/script>\n<!-- \/ Yoast SEO plugin. -->","yoast_head_json":{"title":"La perte et le deuil","description":"Du jour de notre naissance au jour de notre mort, nous traversons continuellement des deuils. Des \u00e9tudes montrent que 50 % des probl\u00e8mes psychologiques","robots":{"index":"index","follow":"follow","max-snippet":"max-snippet:-1","max-image-preview":"max-image-preview:large","max-video-preview":"max-video-preview:-1"},"canonical":"https:\/\/www.pressenza.com\/fr\/2023\/11\/la-perte-et-le-deuil\/","og_locale":"fr_FR","og_type":"article","og_title":"La perte et le deuil","og_description":"Du jour de notre naissance au jour de notre mort, nous traversons continuellement des deuils. Des \u00e9tudes montrent que 50 % des probl\u00e8mes psychologiques","og_url":"https:\/\/www.pressenza.com\/fr\/2023\/11\/la-perte-et-le-deuil\/","og_site_name":"Pressenza","article_publisher":"https:\/\/www.facebook.com\/PressenzaItalia","article_author":"https:\/\/www.facebook.com\/rehunosalud\/","article_published_time":"2023-11-15T22:24:11+00:00","og_image":[{"width":1280,"height":867,"url":"https:\/\/www.pressenza.com\/wp-content\/uploads\/2023\/10\/lone-tree-1934897_1280.jpg","type":"image\/jpeg"}],"author":"REHUNO - Red Humanista de Noticias en Salud","twitter_card":"summary_large_image","twitter_creator":"@PressenzaIPA","twitter_site":"@PressenzaIPA","twitter_misc":{"\u00c9crit par":"REHUNO - Red Humanista de Noticias en Salud","Dur\u00e9e de lecture estim\u00e9e":"3 minutes"},"schema":{"@context":"https:\/\/schema.org","@graph":[{"@type":"Article","@id":"https:\/\/www.pressenza.com\/fr\/2023\/11\/la-perte-et-le-deuil\/#article","isPartOf":{"@id":"https:\/\/www.pressenza.com\/fr\/2023\/11\/la-perte-et-le-deuil\/"},"author":{"name":"REHUNO - Red Humanista de Noticias en Salud","@id":"https:\/\/www.pressenza.com\/fr\/#\/schema\/person\/5162be2bf75419d7e91acfc2c50c3870"},"headline":"La perte et le deuil","datePublished":"2023-11-15T22:24:11+00:00","mainEntityOfPage":{"@id":"https:\/\/www.pressenza.com\/fr\/2023\/11\/la-perte-et-le-deuil\/"},"wordCount":647,"publisher":{"@id":"https:\/\/www.pressenza.com\/fr\/#organization"},"image":{"@id":"https:\/\/www.pressenza.com\/fr\/2023\/11\/la-perte-et-le-deuil\/#primaryimage"},"thumbnailUrl":"https:\/\/www.pressenza.com\/wp-content\/uploads\/2023\/10\/lone-tree-1934897_1280.jpg","keywords":["d\u00e9c\u00e8s","deuil","pertes","processus de deuil","Rehuno Sant\u00e9"],"articleSection":["Contenu Original","Humanisme et Spiritualit\u00e9","Sant\u00e9"],"inLanguage":"fr-FR"},{"@type":"WebPage","@id":"https:\/\/www.pressenza.com\/fr\/2023\/11\/la-perte-et-le-deuil\/","url":"https:\/\/www.pressenza.com\/fr\/2023\/11\/la-perte-et-le-deuil\/","name":"La perte et le deuil","isPartOf":{"@id":"https:\/\/www.pressenza.com\/fr\/#website"},"primaryImageOfPage":{"@id":"https:\/\/www.pressenza.com\/fr\/2023\/11\/la-perte-et-le-deuil\/#primaryimage"},"image":{"@id":"https:\/\/www.pressenza.com\/fr\/2023\/11\/la-perte-et-le-deuil\/#primaryimage"},"thumbnailUrl":"https:\/\/www.pressenza.com\/wp-content\/uploads\/2023\/10\/lone-tree-1934897_1280.jpg","datePublished":"2023-11-15T22:24:11+00:00","description":"Du jour de notre naissance au jour de notre mort, nous traversons continuellement des deuils. Des \u00e9tudes montrent que 50 % des probl\u00e8mes psychologiques","breadcrumb":{"@id":"https:\/\/www.pressenza.com\/fr\/2023\/11\/la-perte-et-le-deuil\/#breadcrumb"},"inLanguage":"fr-FR","potentialAction":[{"@type":"ReadAction","target":["https:\/\/www.pressenza.com\/fr\/2023\/11\/la-perte-et-le-deuil\/"]}]},{"@type":"ImageObject","inLanguage":"fr-FR","@id":"https:\/\/www.pressenza.com\/fr\/2023\/11\/la-perte-et-le-deuil\/#primaryimage","url":"https:\/\/www.pressenza.com\/wp-content\/uploads\/2023\/10\/lone-tree-1934897_1280.jpg","contentUrl":"https:\/\/www.pressenza.com\/wp-content\/uploads\/2023\/10\/lone-tree-1934897_1280.jpg","width":1280,"height":867},{"@type":"BreadcrumbList","@id":"https:\/\/www.pressenza.com\/fr\/2023\/11\/la-perte-et-le-deuil\/#breadcrumb","itemListElement":[{"@type":"ListItem","position":1,"name":"Accueil","item":"https:\/\/www.pressenza.com\/fr\/"},{"@type":"ListItem","position":2,"name":"La perte et le deuil"}]},{"@type":"WebSite","@id":"https:\/\/www.pressenza.com\/fr\/#website","url":"https:\/\/www.pressenza.com\/fr\/","name":"Pressenza","description":"International Press Agency","publisher":{"@id":"https:\/\/www.pressenza.com\/fr\/#organization"},"potentialAction":[{"@type":"SearchAction","target":{"@type":"EntryPoint","urlTemplate":"https:\/\/www.pressenza.com\/fr\/?s={search_term_string}"},"query-input":{"@type":"PropertyValueSpecification","valueRequired":true,"valueName":"search_term_string"}}],"inLanguage":"fr-FR"},{"@type":"Organization","@id":"https:\/\/www.pressenza.com\/fr\/#organization","name":"Pressenza","url":"https:\/\/www.pressenza.com\/fr\/","logo":{"@type":"ImageObject","inLanguage":"fr-FR","@id":"https:\/\/www.pressenza.com\/fr\/#\/schema\/logo\/image\/","url":"https:\/\/www.pressenza.com\/wp-content\/uploads\/2022\/10\/pressenza_logo_200x200.jpg","contentUrl":"https:\/\/www.pressenza.com\/wp-content\/uploads\/2022\/10\/pressenza_logo_200x200.jpg","width":200,"height":200,"caption":"Pressenza"},"image":{"@id":"https:\/\/www.pressenza.com\/fr\/#\/schema\/logo\/image\/"},"sameAs":["https:\/\/www.facebook.com\/PressenzaItalia","https:\/\/x.com\/PressenzaIPA"]},{"@type":"Person","@id":"https:\/\/www.pressenza.com\/fr\/#\/schema\/person\/5162be2bf75419d7e91acfc2c50c3870","name":"REHUNO - Red Humanista de Noticias en Salud","description":"REHUNO is a group of volunteers from different countries, health professionals and\/or users of health services, who want to give voice to a \"humanizing view\" of health systems from a broad and comprehensive perspective. REHUNO wants to put into words and images the positive news that needs to be highlighted and the negative news that needs to be denounced and happening on a daily basis.http:\/\/rehunosalud.org\/","sameAs":["http:\/\/rehunosalud.org\/","https:\/\/www.facebook.com\/rehunosalud\/"],"url":"https:\/\/www.pressenza.com\/fr\/author\/rehuno\/"}]}},"place":"Malaga, Espagne","original_article_url":"","_links":{"self":[{"href":"https:\/\/www.pressenza.com\/fr\/wp-json\/wp\/v2\/posts\/1781645","targetHints":{"allow":["GET"]}}],"collection":[{"href":"https:\/\/www.pressenza.com\/fr\/wp-json\/wp\/v2\/posts"}],"about":[{"href":"https:\/\/www.pressenza.com\/fr\/wp-json\/wp\/v2\/types\/post"}],"author":[{"embeddable":true,"href":"https:\/\/www.pressenza.com\/fr\/wp-json\/wp\/v2\/users\/1680"}],"replies":[{"embeddable":true,"href":"https:\/\/www.pressenza.com\/fr\/wp-json\/wp\/v2\/comments?post=1781645"}],"version-history":[{"count":0,"href":"https:\/\/www.pressenza.com\/fr\/wp-json\/wp\/v2\/posts\/1781645\/revisions"}],"wp:featuredmedia":[{"embeddable":true,"href":"https:\/\/www.pressenza.com\/fr\/wp-json\/wp\/v2\/media\/1781649"}],"wp:attachment":[{"href":"https:\/\/www.pressenza.com\/fr\/wp-json\/wp\/v2\/media?parent=1781645"}],"wp:term":[{"taxonomy":"category","embeddable":true,"href":"https:\/\/www.pressenza.com\/fr\/wp-json\/wp\/v2\/categories?post=1781645"},{"taxonomy":"post_tag","embeddable":true,"href":"https:\/\/www.pressenza.com\/fr\/wp-json\/wp\/v2\/tags?post=1781645"}],"curies":[{"name":"wp","href":"https:\/\/api.w.org\/{rel}","templated":true}]}}