{"id":1776659,"date":"2023-10-24T22:17:53","date_gmt":"2023-10-24T21:17:53","guid":{"rendered":"https:\/\/www.pressenza.com\/?p=1776659"},"modified":"2023-10-24T22:17:53","modified_gmt":"2023-10-24T21:17:53","slug":"la-metropole-de-lyon-soutien-le-traite-sur-linterdiction-des-armes-nucleaires-tian","status":"publish","type":"post","link":"https:\/\/www.pressenza.com\/fr\/2023\/10\/la-metropole-de-lyon-soutien-le-traite-sur-linterdiction-des-armes-nucleaires-tian\/","title":{"rendered":"La M\u00e9tropole de Lyon Soutien le Trait\u00e9 sur l\u2019Interdiction des Armes Nucl\u00e9aires TIAN"},"content":{"rendered":"<h5><strong>\u00c0 la veille de la Journ\u00e9e internationale pour l\u2019\u00e9limination totale des armes nucl\u00e9aires, 26 septembre, le Conseil de la M\u00e9tropole de Lyon a adopt\u00e9 le V\u0153u \u201cAppel des Villes et Collectivit\u00e9s territoriales pour soutenir le Trait\u00e9 sur l\u2019interdiction des armes nucl\u00e9aires\u201d \u00e0 une tr\u00e8s large majorit\u00e9.<\/strong><\/h5>\n<p>Ce v\u0153u adopt\u00e9 par 76 voix pour (34 contre) et soutenu par un tr\u00e8s grand nombre des groupes politiques \u00a0\u2013 Les \u00c9cologistes, Socialistes la gauche sociale et \u00e9cologique et apparent\u00e9s, Communiste et r\u00e9publicain, M\u00e9tropole insoumise r\u00e9siliente et solidaire, M\u00e9tropole en commun, La M\u00e9tropole pour tous \u2013 exprime un soutien fort au Trait\u00e9 sur l\u2019interdiction des armes nucl\u00e9aires (TIAN), et souscrit ainsi aux propos de notre Campagne\u00a0 ICAN France :<\/p>\n<ul>\n<li>\u00ab <em>La M\u00e9tropole de Lyon est profond\u00e9ment pr\u00e9occup\u00e9e par la lourde menace que les armes nucl\u00e9aires posent aux communaut\u00e9s \u00e0 travers le monde. Nous sommes fermement convaincus que nos habitants ont le droit de vivre dans un monde libre de cette menace. Toute utilisation, d\u00e9lib\u00e9r\u00e9e ou accidentelle, d\u2019arme nucl\u00e9aire aurait des cons\u00e9quences catastrophiques durables et \u00e0 grande \u00e9chelle pour la population et pour l\u2019environnement. Par cons\u00e9quent, nous appelons \u00e0 l\u2019\u00e9limination totale des armes nucl\u00e9aires, revendication port\u00e9 par le Trait\u00e9 sur l\u2019interdiction des armes nucl\u00e9aires, et appelons notre gouvernement \u00e0 adh\u00e9rer \u00e0 ce Trait\u00e9<\/em> \u00bb.<\/li>\n<\/ul>\n<p>Ce v\u0153u arrive \u00e0 la suite (23 septembre) de <a href=\"http:\/\/icanfrance.org\/23-septembre-marchons-pour-un-monde-sans-armes-nucleaires\/\">la Marche Lyon \u2013 Mont Verdun<\/a> \u00ab\u00a0Pour un monde sans arme nucl\u00e9aires\u00a0\u00bb qui a r\u00e9uni 150 participants. Sonia Zdorovtzoff, adjointe au maire de charg\u00e9e des relations, coop\u00e9ration et solidarit\u00e9 internationales \u00e9tait venue rappeler que la ville de Lyon avait sign\u00e9 (<a href=\"http:\/\/icanfrance.org\/lyon-sort-griffes-contre-armes-nucleaires\/\">26 septembre 2020<\/a>) l\u2019appel des villes qui exhorte le gouvernement fran\u00e7ais \u00e0 rejoindre le TIAN.<\/p>\n<p><strong>Pour Jean-Marie Collin, directeur de ICAN France<\/strong> \u00ab\u00a0le vote d\u2019un v\u0153u de soutien au Trait\u00e9 sur l\u2019interdiction des armes nucl\u00e9aires par une M\u00e9tropole est une premi\u00e8re en France. Cela confirme une large prise de conscience des \u00e9lu.e.s face aux cons\u00e9quences humanitaires en cas d\u2019emploi d\u2019armes nucl\u00e9aires. Le gouvernement ne doit plus rester muet devant les v\u0153ux de toutes ces villes et communes qui ne sont rien d\u2018autres que des appels \u00e0 agir \u00bb.<\/p>\n<p>\u00c0 ce jour <a href=\"http:\/\/icanfrance.org\/appel-aux-maires\/villes-france-signataires\/\">il faut noter que 75 villes et communes fran\u00e7aises<\/a> ont sign\u00e9 \u201cL\u2019Appel des villes et Collectivit\u00e9s\u201d dont Paris, Bordeaux ou encore Montpellier et dans la M\u00e9tropole de Lyon, les villes de Lyon, de Villeurbanne, de V\u00e9nissieux et de Saint-Germain-au-Mont-D\u2019or\u00a0; ainsi que la r\u00e9gion Bourgogne Franche-Comt\u00e9.<\/p>\n<p>Le TIAN, qui interdit le financement des armes et syst\u00e8mes d\u2019armes nucl\u00e9aires, a \u00e9t\u00e9 sign\u00e9 par 93 \u00c9tats et ratifi\u00e9 par 69 \u00c9tats.<\/p>\n<p>Pour aller plus loin voir <a href=\"http:\/\/icanfrance.org\/appel-aux-maires\/villes-france-signataires\/\">les villes et collectivit\u00e9s territoriales <strong>signataires<\/strong><\/a>.<\/p>\n","protected":false},"excerpt":{"rendered":"<p>\u00c0 la veille de la Journ\u00e9e internationale pour l\u2019\u00e9limination totale des armes nucl\u00e9aires, 26 septembre, le Conseil de la M\u00e9tropole de Lyon a adopt\u00e9 le V\u0153u \u201cAppel des Villes et Collectivit\u00e9s territoriales pour soutenir le Trait\u00e9 sur l\u2019interdiction des armes&hellip;<\/p>\n","protected":false},"author":1445,"featured_media":1776663,"comment_status":"closed","ping_status":"closed","sticky":false,"template":"","format":"standard","meta":{"footnotes":""},"categories":[85,1250,95],"tags":[13566,40136,46791],"class_list":["post-1776659","post","type-post","status-publish","format-standard","has-post-thumbnail","hentry","category-europe-fr","category-paix-desarmement","category-affaires-etrangeres","tag-lyon","tag-tian","tag-traite-sur-linterdiction-des-armes-nucleaires"],"yoast_head":"<!-- This site is optimized with the Yoast SEO plugin v27.1.1 - https:\/\/yoast.com\/product\/yoast-seo-wordpress\/ -->\n<title>La M\u00e9tropole de Lyon Soutien le Trait\u00e9 sur l\u2019Interdiction des Armes Nucl\u00e9aires TIAN<\/title>\n<meta name=\"description\" content=\"\u00c0 la veille de la Journ\u00e9e internationale pour l\u2019\u00e9limination totale des armes nucl\u00e9aires, 26 septembre, le Conseil de la M\u00e9tropole de Lyon a adopt\u00e9 le V\u0153u\" \/>\n<meta name=\"robots\" content=\"index, follow, max-snippet:-1, max-image-preview:large, max-video-preview:-1\" \/>\n<link rel=\"canonical\" href=\"https:\/\/www.pressenza.com\/fr\/2023\/10\/la-metropole-de-lyon-soutien-le-traite-sur-linterdiction-des-armes-nucleaires-tian\/\" \/>\n<meta property=\"og:locale\" content=\"fr_FR\" \/>\n<meta property=\"og:type\" content=\"article\" \/>\n<meta property=\"og:title\" content=\"La M\u00e9tropole de Lyon Soutien le Trait\u00e9 sur l\u2019Interdiction des Armes Nucl\u00e9aires TIAN\" \/>\n<meta property=\"og:description\" content=\"\u00c0 la veille de la Journ\u00e9e internationale pour l\u2019\u00e9limination totale des armes nucl\u00e9aires, 26 septembre, le Conseil de la M\u00e9tropole de Lyon a adopt\u00e9 le V\u0153u\" \/>\n<meta property=\"og:url\" content=\"https:\/\/www.pressenza.com\/fr\/2023\/10\/la-metropole-de-lyon-soutien-le-traite-sur-linterdiction-des-armes-nucleaires-tian\/\" \/>\n<meta property=\"og:site_name\" content=\"Pressenza\" \/>\n<meta property=\"article:publisher\" content=\"https:\/\/www.facebook.com\/PressenzaItalia\" \/>\n<meta property=\"article:author\" content=\"https:\/\/www.facebook.com\/ICANFrance\" \/>\n<meta property=\"article:published_time\" content=\"2023-10-24T21:17:53+00:00\" \/>\n<meta property=\"og:image\" content=\"https:\/\/www.pressenza.com\/wp-content\/uploads\/2023\/10\/Capture-decran-2023-09-27-a-22.30.09.jpeg\" \/>\n\t<meta property=\"og:image:width\" content=\"820\" \/>\n\t<meta property=\"og:image:height\" content=\"546\" \/>\n\t<meta property=\"og:image:type\" content=\"image\/jpeg\" \/>\n<meta name=\"author\" content=\"ICAN France\" \/>\n<meta name=\"twitter:card\" content=\"summary_large_image\" \/>\n<meta name=\"twitter:creator\" content=\"@ICAN_France\" \/>\n<meta name=\"twitter:site\" content=\"@PressenzaIPA\" \/>\n<meta name=\"twitter:label1\" content=\"\u00c9crit par\" \/>\n\t<meta name=\"twitter:data1\" content=\"ICAN France\" \/>\n\t<meta name=\"twitter:label2\" content=\"Dur\u00e9e de lecture estim\u00e9e\" \/>\n\t<meta name=\"twitter:data2\" content=\"3 minutes\" \/>\n<script type=\"application\/ld+json\" class=\"yoast-schema-graph\">{\"@context\":\"https:\/\/schema.org\",\"@graph\":[{\"@type\":\"Article\",\"@id\":\"https:\/\/www.pressenza.com\/fr\/2023\/10\/la-metropole-de-lyon-soutien-le-traite-sur-linterdiction-des-armes-nucleaires-tian\/#article\",\"isPartOf\":{\"@id\":\"https:\/\/www.pressenza.com\/fr\/2023\/10\/la-metropole-de-lyon-soutien-le-traite-sur-linterdiction-des-armes-nucleaires-tian\/\"},\"author\":{\"name\":\"ICAN France\",\"@id\":\"https:\/\/www.pressenza.com\/fr\/#\/schema\/person\/96b9a285d3cafc6df7efc2bebe3c9203\"},\"headline\":\"La M\u00e9tropole de Lyon Soutien le Trait\u00e9 sur l\u2019Interdiction des Armes Nucl\u00e9aires TIAN\",\"datePublished\":\"2023-10-24T21:17:53+00:00\",\"mainEntityOfPage\":{\"@id\":\"https:\/\/www.pressenza.com\/fr\/2023\/10\/la-metropole-de-lyon-soutien-le-traite-sur-linterdiction-des-armes-nucleaires-tian\/\"},\"wordCount\":486,\"publisher\":{\"@id\":\"https:\/\/www.pressenza.com\/fr\/#organization\"},\"image\":{\"@id\":\"https:\/\/www.pressenza.com\/fr\/2023\/10\/la-metropole-de-lyon-soutien-le-traite-sur-linterdiction-des-armes-nucleaires-tian\/#primaryimage\"},\"thumbnailUrl\":\"https:\/\/www.pressenza.com\/wp-content\/uploads\/2023\/10\/Capture-decran-2023-09-27-a-22.30.09.jpeg\",\"keywords\":[\"Lyon\",\"TIAN\",\"trait\u00e9 sur l'interdiction des armes nucl\u00e9aires\"],\"articleSection\":[\"Europe\",\"Paix et D\u00e9sarmement\",\"Relations internationales\"],\"inLanguage\":\"fr-FR\"},{\"@type\":\"WebPage\",\"@id\":\"https:\/\/www.pressenza.com\/fr\/2023\/10\/la-metropole-de-lyon-soutien-le-traite-sur-linterdiction-des-armes-nucleaires-tian\/\",\"url\":\"https:\/\/www.pressenza.com\/fr\/2023\/10\/la-metropole-de-lyon-soutien-le-traite-sur-linterdiction-des-armes-nucleaires-tian\/\",\"name\":\"La M\u00e9tropole de Lyon Soutien le Trait\u00e9 sur l\u2019Interdiction des Armes Nucl\u00e9aires TIAN\",\"isPartOf\":{\"@id\":\"https:\/\/www.pressenza.com\/fr\/#website\"},\"primaryImageOfPage\":{\"@id\":\"https:\/\/www.pressenza.com\/fr\/2023\/10\/la-metropole-de-lyon-soutien-le-traite-sur-linterdiction-des-armes-nucleaires-tian\/#primaryimage\"},\"image\":{\"@id\":\"https:\/\/www.pressenza.com\/fr\/2023\/10\/la-metropole-de-lyon-soutien-le-traite-sur-linterdiction-des-armes-nucleaires-tian\/#primaryimage\"},\"thumbnailUrl\":\"https:\/\/www.pressenza.com\/wp-content\/uploads\/2023\/10\/Capture-decran-2023-09-27-a-22.30.09.jpeg\",\"datePublished\":\"2023-10-24T21:17:53+00:00\",\"description\":\"\u00c0 la veille de la Journ\u00e9e internationale pour l\u2019\u00e9limination totale des armes nucl\u00e9aires, 26 septembre, le Conseil de la M\u00e9tropole de Lyon a adopt\u00e9 le V\u0153u\",\"breadcrumb\":{\"@id\":\"https:\/\/www.pressenza.com\/fr\/2023\/10\/la-metropole-de-lyon-soutien-le-traite-sur-linterdiction-des-armes-nucleaires-tian\/#breadcrumb\"},\"inLanguage\":\"fr-FR\",\"potentialAction\":[{\"@type\":\"ReadAction\",\"target\":[\"https:\/\/www.pressenza.com\/fr\/2023\/10\/la-metropole-de-lyon-soutien-le-traite-sur-linterdiction-des-armes-nucleaires-tian\/\"]}]},{\"@type\":\"ImageObject\",\"inLanguage\":\"fr-FR\",\"@id\":\"https:\/\/www.pressenza.com\/fr\/2023\/10\/la-metropole-de-lyon-soutien-le-traite-sur-linterdiction-des-armes-nucleaires-tian\/#primaryimage\",\"url\":\"https:\/\/www.pressenza.com\/wp-content\/uploads\/2023\/10\/Capture-decran-2023-09-27-a-22.30.09.jpeg\",\"contentUrl\":\"https:\/\/www.pressenza.com\/wp-content\/uploads\/2023\/10\/Capture-decran-2023-09-27-a-22.30.09.jpeg\",\"width\":820,\"height\":546},{\"@type\":\"BreadcrumbList\",\"@id\":\"https:\/\/www.pressenza.com\/fr\/2023\/10\/la-metropole-de-lyon-soutien-le-traite-sur-linterdiction-des-armes-nucleaires-tian\/#breadcrumb\",\"itemListElement\":[{\"@type\":\"ListItem\",\"position\":1,\"name\":\"Accueil\",\"item\":\"https:\/\/www.pressenza.com\/fr\/\"},{\"@type\":\"ListItem\",\"position\":2,\"name\":\"La M\u00e9tropole de Lyon Soutien le Trait\u00e9 sur l\u2019Interdiction des Armes Nucl\u00e9aires TIAN\"}]},{\"@type\":\"WebSite\",\"@id\":\"https:\/\/www.pressenza.com\/fr\/#website\",\"url\":\"https:\/\/www.pressenza.com\/fr\/\",\"name\":\"Pressenza\",\"description\":\"International Press Agency\",\"publisher\":{\"@id\":\"https:\/\/www.pressenza.com\/fr\/#organization\"},\"potentialAction\":[{\"@type\":\"SearchAction\",\"target\":{\"@type\":\"EntryPoint\",\"urlTemplate\":\"https:\/\/www.pressenza.com\/fr\/?s={search_term_string}\"},\"query-input\":{\"@type\":\"PropertyValueSpecification\",\"valueRequired\":true,\"valueName\":\"search_term_string\"}}],\"inLanguage\":\"fr-FR\"},{\"@type\":\"Organization\",\"@id\":\"https:\/\/www.pressenza.com\/fr\/#organization\",\"name\":\"Pressenza\",\"url\":\"https:\/\/www.pressenza.com\/fr\/\",\"logo\":{\"@type\":\"ImageObject\",\"inLanguage\":\"fr-FR\",\"@id\":\"https:\/\/www.pressenza.com\/fr\/#\/schema\/logo\/image\/\",\"url\":\"https:\/\/www.pressenza.com\/wp-content\/uploads\/2022\/10\/pressenza_logo_200x200.jpg\",\"contentUrl\":\"https:\/\/www.pressenza.com\/wp-content\/uploads\/2022\/10\/pressenza_logo_200x200.jpg\",\"width\":200,\"height\":200,\"caption\":\"Pressenza\"},\"image\":{\"@id\":\"https:\/\/www.pressenza.com\/fr\/#\/schema\/logo\/image\/\"},\"sameAs\":[\"https:\/\/www.facebook.com\/PressenzaItalia\",\"https:\/\/x.com\/PressenzaIPA\"]},{\"@type\":\"Person\",\"@id\":\"https:\/\/www.pressenza.com\/fr\/#\/schema\/person\/96b9a285d3cafc6df7efc2bebe3c9203\",\"name\":\"ICAN France\",\"description\":\"ICAN France est le relais national de la Campagne internationale pour abolir les armes nucl\u00e9aires (ICAN), prix Nobel de la paix 2017. Cette campagne, lanc\u00e9e en 2007 regroupe plus de 600 ONG partenaires dans 103 pays. Elle vise \u00e0 mobiliser les citoyens et les gouvernements pour l\u2019universalisation et la mise en application du Trait\u00e9 sur l\u2019interdiction des armes nucl\u00e9aires (TIAN).\",\"sameAs\":[\"http:\/\/icanfrance.org\/\",\"https:\/\/www.facebook.com\/ICANFrance\",\"https:\/\/x.com\/ICAN_France\"],\"url\":\"https:\/\/www.pressenza.com\/fr\/author\/ican-france\/\"}]}<\/script>\n<!-- \/ Yoast SEO plugin. -->","yoast_head_json":{"title":"La M\u00e9tropole de Lyon Soutien le Trait\u00e9 sur l\u2019Interdiction des Armes Nucl\u00e9aires TIAN","description":"\u00c0 la veille de la Journ\u00e9e internationale pour l\u2019\u00e9limination totale des armes nucl\u00e9aires, 26 septembre, le Conseil de la M\u00e9tropole de Lyon a adopt\u00e9 le V\u0153u","robots":{"index":"index","follow":"follow","max-snippet":"max-snippet:-1","max-image-preview":"max-image-preview:large","max-video-preview":"max-video-preview:-1"},"canonical":"https:\/\/www.pressenza.com\/fr\/2023\/10\/la-metropole-de-lyon-soutien-le-traite-sur-linterdiction-des-armes-nucleaires-tian\/","og_locale":"fr_FR","og_type":"article","og_title":"La M\u00e9tropole de Lyon Soutien le Trait\u00e9 sur l\u2019Interdiction des Armes Nucl\u00e9aires TIAN","og_description":"\u00c0 la veille de la Journ\u00e9e internationale pour l\u2019\u00e9limination totale des armes nucl\u00e9aires, 26 septembre, le Conseil de la M\u00e9tropole de Lyon a adopt\u00e9 le V\u0153u","og_url":"https:\/\/www.pressenza.com\/fr\/2023\/10\/la-metropole-de-lyon-soutien-le-traite-sur-linterdiction-des-armes-nucleaires-tian\/","og_site_name":"Pressenza","article_publisher":"https:\/\/www.facebook.com\/PressenzaItalia","article_author":"https:\/\/www.facebook.com\/ICANFrance","article_published_time":"2023-10-24T21:17:53+00:00","og_image":[{"width":820,"height":546,"url":"https:\/\/www.pressenza.com\/wp-content\/uploads\/2023\/10\/Capture-decran-2023-09-27-a-22.30.09.jpeg","type":"image\/jpeg"}],"author":"ICAN France","twitter_card":"summary_large_image","twitter_creator":"@ICAN_France","twitter_site":"@PressenzaIPA","twitter_misc":{"\u00c9crit par":"ICAN France","Dur\u00e9e de lecture estim\u00e9e":"3 minutes"},"schema":{"@context":"https:\/\/schema.org","@graph":[{"@type":"Article","@id":"https:\/\/www.pressenza.com\/fr\/2023\/10\/la-metropole-de-lyon-soutien-le-traite-sur-linterdiction-des-armes-nucleaires-tian\/#article","isPartOf":{"@id":"https:\/\/www.pressenza.com\/fr\/2023\/10\/la-metropole-de-lyon-soutien-le-traite-sur-linterdiction-des-armes-nucleaires-tian\/"},"author":{"name":"ICAN France","@id":"https:\/\/www.pressenza.com\/fr\/#\/schema\/person\/96b9a285d3cafc6df7efc2bebe3c9203"},"headline":"La M\u00e9tropole de Lyon Soutien le Trait\u00e9 sur l\u2019Interdiction des Armes Nucl\u00e9aires TIAN","datePublished":"2023-10-24T21:17:53+00:00","mainEntityOfPage":{"@id":"https:\/\/www.pressenza.com\/fr\/2023\/10\/la-metropole-de-lyon-soutien-le-traite-sur-linterdiction-des-armes-nucleaires-tian\/"},"wordCount":486,"publisher":{"@id":"https:\/\/www.pressenza.com\/fr\/#organization"},"image":{"@id":"https:\/\/www.pressenza.com\/fr\/2023\/10\/la-metropole-de-lyon-soutien-le-traite-sur-linterdiction-des-armes-nucleaires-tian\/#primaryimage"},"thumbnailUrl":"https:\/\/www.pressenza.com\/wp-content\/uploads\/2023\/10\/Capture-decran-2023-09-27-a-22.30.09.jpeg","keywords":["Lyon","TIAN","trait\u00e9 sur l'interdiction des armes nucl\u00e9aires"],"articleSection":["Europe","Paix et D\u00e9sarmement","Relations internationales"],"inLanguage":"fr-FR"},{"@type":"WebPage","@id":"https:\/\/www.pressenza.com\/fr\/2023\/10\/la-metropole-de-lyon-soutien-le-traite-sur-linterdiction-des-armes-nucleaires-tian\/","url":"https:\/\/www.pressenza.com\/fr\/2023\/10\/la-metropole-de-lyon-soutien-le-traite-sur-linterdiction-des-armes-nucleaires-tian\/","name":"La M\u00e9tropole de Lyon Soutien le Trait\u00e9 sur l\u2019Interdiction des Armes Nucl\u00e9aires TIAN","isPartOf":{"@id":"https:\/\/www.pressenza.com\/fr\/#website"},"primaryImageOfPage":{"@id":"https:\/\/www.pressenza.com\/fr\/2023\/10\/la-metropole-de-lyon-soutien-le-traite-sur-linterdiction-des-armes-nucleaires-tian\/#primaryimage"},"image":{"@id":"https:\/\/www.pressenza.com\/fr\/2023\/10\/la-metropole-de-lyon-soutien-le-traite-sur-linterdiction-des-armes-nucleaires-tian\/#primaryimage"},"thumbnailUrl":"https:\/\/www.pressenza.com\/wp-content\/uploads\/2023\/10\/Capture-decran-2023-09-27-a-22.30.09.jpeg","datePublished":"2023-10-24T21:17:53+00:00","description":"\u00c0 la veille de la Journ\u00e9e internationale pour l\u2019\u00e9limination totale des armes nucl\u00e9aires, 26 septembre, le Conseil de la M\u00e9tropole de Lyon a adopt\u00e9 le V\u0153u","breadcrumb":{"@id":"https:\/\/www.pressenza.com\/fr\/2023\/10\/la-metropole-de-lyon-soutien-le-traite-sur-linterdiction-des-armes-nucleaires-tian\/#breadcrumb"},"inLanguage":"fr-FR","potentialAction":[{"@type":"ReadAction","target":["https:\/\/www.pressenza.com\/fr\/2023\/10\/la-metropole-de-lyon-soutien-le-traite-sur-linterdiction-des-armes-nucleaires-tian\/"]}]},{"@type":"ImageObject","inLanguage":"fr-FR","@id":"https:\/\/www.pressenza.com\/fr\/2023\/10\/la-metropole-de-lyon-soutien-le-traite-sur-linterdiction-des-armes-nucleaires-tian\/#primaryimage","url":"https:\/\/www.pressenza.com\/wp-content\/uploads\/2023\/10\/Capture-decran-2023-09-27-a-22.30.09.jpeg","contentUrl":"https:\/\/www.pressenza.com\/wp-content\/uploads\/2023\/10\/Capture-decran-2023-09-27-a-22.30.09.jpeg","width":820,"height":546},{"@type":"BreadcrumbList","@id":"https:\/\/www.pressenza.com\/fr\/2023\/10\/la-metropole-de-lyon-soutien-le-traite-sur-linterdiction-des-armes-nucleaires-tian\/#breadcrumb","itemListElement":[{"@type":"ListItem","position":1,"name":"Accueil","item":"https:\/\/www.pressenza.com\/fr\/"},{"@type":"ListItem","position":2,"name":"La M\u00e9tropole de Lyon Soutien le Trait\u00e9 sur l\u2019Interdiction des Armes Nucl\u00e9aires TIAN"}]},{"@type":"WebSite","@id":"https:\/\/www.pressenza.com\/fr\/#website","url":"https:\/\/www.pressenza.com\/fr\/","name":"Pressenza","description":"International Press Agency","publisher":{"@id":"https:\/\/www.pressenza.com\/fr\/#organization"},"potentialAction":[{"@type":"SearchAction","target":{"@type":"EntryPoint","urlTemplate":"https:\/\/www.pressenza.com\/fr\/?s={search_term_string}"},"query-input":{"@type":"PropertyValueSpecification","valueRequired":true,"valueName":"search_term_string"}}],"inLanguage":"fr-FR"},{"@type":"Organization","@id":"https:\/\/www.pressenza.com\/fr\/#organization","name":"Pressenza","url":"https:\/\/www.pressenza.com\/fr\/","logo":{"@type":"ImageObject","inLanguage":"fr-FR","@id":"https:\/\/www.pressenza.com\/fr\/#\/schema\/logo\/image\/","url":"https:\/\/www.pressenza.com\/wp-content\/uploads\/2022\/10\/pressenza_logo_200x200.jpg","contentUrl":"https:\/\/www.pressenza.com\/wp-content\/uploads\/2022\/10\/pressenza_logo_200x200.jpg","width":200,"height":200,"caption":"Pressenza"},"image":{"@id":"https:\/\/www.pressenza.com\/fr\/#\/schema\/logo\/image\/"},"sameAs":["https:\/\/www.facebook.com\/PressenzaItalia","https:\/\/x.com\/PressenzaIPA"]},{"@type":"Person","@id":"https:\/\/www.pressenza.com\/fr\/#\/schema\/person\/96b9a285d3cafc6df7efc2bebe3c9203","name":"ICAN France","description":"ICAN France est le relais national de la Campagne internationale pour abolir les armes nucl\u00e9aires (ICAN), prix Nobel de la paix 2017. Cette campagne, lanc\u00e9e en 2007 regroupe plus de 600 ONG partenaires dans 103 pays. Elle vise \u00e0 mobiliser les citoyens et les gouvernements pour l\u2019universalisation et la mise en application du Trait\u00e9 sur l\u2019interdiction des armes nucl\u00e9aires (TIAN).","sameAs":["http:\/\/icanfrance.org\/","https:\/\/www.facebook.com\/ICANFrance","https:\/\/x.com\/ICAN_France"],"url":"https:\/\/www.pressenza.com\/fr\/author\/ican-france\/"}]}},"place":"Lyon","original_article_url":"http:\/\/icanfrance.org\/metropole-lyon-soutien-traite-sur-interdiction-armes-nucleaires\/","_links":{"self":[{"href":"https:\/\/www.pressenza.com\/fr\/wp-json\/wp\/v2\/posts\/1776659","targetHints":{"allow":["GET"]}}],"collection":[{"href":"https:\/\/www.pressenza.com\/fr\/wp-json\/wp\/v2\/posts"}],"about":[{"href":"https:\/\/www.pressenza.com\/fr\/wp-json\/wp\/v2\/types\/post"}],"author":[{"embeddable":true,"href":"https:\/\/www.pressenza.com\/fr\/wp-json\/wp\/v2\/users\/1445"}],"replies":[{"embeddable":true,"href":"https:\/\/www.pressenza.com\/fr\/wp-json\/wp\/v2\/comments?post=1776659"}],"version-history":[{"count":0,"href":"https:\/\/www.pressenza.com\/fr\/wp-json\/wp\/v2\/posts\/1776659\/revisions"}],"wp:featuredmedia":[{"embeddable":true,"href":"https:\/\/www.pressenza.com\/fr\/wp-json\/wp\/v2\/media\/1776663"}],"wp:attachment":[{"href":"https:\/\/www.pressenza.com\/fr\/wp-json\/wp\/v2\/media?parent=1776659"}],"wp:term":[{"taxonomy":"category","embeddable":true,"href":"https:\/\/www.pressenza.com\/fr\/wp-json\/wp\/v2\/categories?post=1776659"},{"taxonomy":"post_tag","embeddable":true,"href":"https:\/\/www.pressenza.com\/fr\/wp-json\/wp\/v2\/tags?post=1776659"}],"curies":[{"name":"wp","href":"https:\/\/api.w.org\/{rel}","templated":true}]}}