{"id":1776207,"date":"2023-10-23T04:55:47","date_gmt":"2023-10-23T03:55:47","guid":{"rendered":"https:\/\/www.pressenza.com\/?p=1776207"},"modified":"2023-10-23T04:55:47","modified_gmt":"2023-10-23T03:55:47","slug":"entretien-avec-john-shipton-pere-de-julian-assange","status":"publish","type":"post","link":"https:\/\/www.pressenza.com\/fr\/2023\/10\/entretien-avec-john-shipton-pere-de-julian-assange\/","title":{"rendered":"Entretien avec John Shipton, p\u00e8re de Julian Assange"},"content":{"rendered":"<blockquote><p>Alors que le verdict imminent de son extradition vers le pays de la banni\u00e8re \u00e9toil\u00e9e tient en haleine les militants du monde entier, un homme calme et pos\u00e9 se montre confiant quant \u00e0 l&rsquo;avenir de Julian Assange. Il s&rsquo;appelle John Shipton, et parmi les merveilles que la vie a pu lui offrir, la plus extraordinaire a peut-\u00eatre \u00e9t\u00e9 le cadeau &#8211; et le cadeau qu&rsquo;il nous a fait &#8211; du journaliste australien. Avec une d\u00e9termination et un d\u00e9vouement in\u00e9branlables, le p\u00e8re de Julian Assange a toujours \u00e9t\u00e9 en premi\u00e8re ligne pour d\u00e9fendre la cause de son fils. Cependant, il reste encore trop de questions sans r\u00e9ponse que la justice n&rsquo;a pas pu r\u00e9soudre. Nous avons donc pris contact par t\u00e9l\u00e9phone avec John Shipton qui, depuis l&rsquo;Australie, nous a donn\u00e9 un point de vue de l&rsquo;int\u00e9rieur sur la situation actuelle de Julian, sur l&rsquo;avancement de la bataille juridique et sur le soutien mondial dont b\u00e9n\u00e9ficie l&rsquo;affaire. \u00c0 l&rsquo;heure o\u00f9 la transparence est de plus en plus mise en cause, sa voix nous rappelle que la recherche de la v\u00e9rit\u00e9 est notre responsabilit\u00e9 \u00e0 tous.<\/p><\/blockquote>\n<p>Par Riccardo Ongaro pour lindipendente.online<\/p>\n<p><strong>Comment va Julian ?<\/strong><\/p>\n<p>Julian entre maintenant dans sa quinzi\u00e8me ann\u00e9e d&rsquo;incarc\u00e9ration sous une forme ou une autre. Ce n&rsquo;est donc pas tr\u00e8s bon. Et il semble qu&rsquo;il soit sur le point d&rsquo;\u00eatre extrad\u00e9 vers les \u00c9tats-Unis, ce qui ne fait qu&#8217;empirer les choses.<\/p>\n<p><strong>Quand l\u2019avez-vous vu pour la derni\u00e8re fois ?<\/strong><\/p>\n<p>En octobre dernier. J&rsquo;irai donc \u00e0 nouveau en octobre pour lui dire bonjour. Cependant, je pense qu&rsquo;il est pr\u00e9f\u00e9rable que Stella y aille et rende visite aux enfants.<\/p>\n<p><strong>Pour pr\u00e9parer cet entretien, nous avons \u00e9chang\u00e9 quelques courriels en utilisant un service qui les crypte. Est-ce quelque chose que Julian vous a recommand\u00e9 d&rsquo;utiliser ?<\/strong><\/p>\n<p>Oui. Julian l&rsquo;a fait. Julian crypte toutes ses communications. Il est pr\u00e9f\u00e9rable de proc\u00e9der ainsi car, pour une raison ou une autre, il y a 10 ou 15 ans, la transparence nous permettait de voir ce que faisaient les gouvernements et les entreprises. Aujourd&rsquo;hui, la transparence a \u00e9t\u00e9 renvers\u00e9e et maintenant les gouvernements veulent voir tout ce que nous faisons. Ce n&rsquo;est pas bien, vous savez ?<\/p>\n<p><strong>Comment voyez-vous Julian en tant que fils ? Qui est la personne derri\u00e8re lui ?<\/strong><\/p>\n<p>Vous savez, ce ne sont pas des questions auxquelles je peux r\u00e9pondre, parce que tout d&rsquo;abord, c&rsquo;est priv\u00e9, et ensuite, il vaut mieux ne pas rendre publiques des choses priv\u00e9es. Et comme je viens de le dire, de nos jours, la vie priv\u00e9e s&rsquo;est d\u00e9grad\u00e9e. Les gouvernements aiment donc la vie priv\u00e9e et le secret, et nous sommes cens\u00e9s ne pas en avoir. Mais le peu qu&rsquo;il nous reste, nos sentiments les uns envers les autres, sont bas\u00e9s sur le fait que nous les gardons priv\u00e9s.<\/p>\n<p><strong>Je vous vois dans les interviews et dans votre documentaire Ithaka, toujours souriant et avec une attitude positive. Mais comment pouvez-vous toujours faire face \u00e0 la situation avec une \u00e9nergie positive ?<\/strong><\/p>\n<p>Je crois que dans chaque c\u0153ur humain, il y a une faim de justice et un d\u00e9go\u00fbt de l&rsquo;injustice. C&rsquo;est tr\u00e8s encourageant et cela s&rsquo;est av\u00e9r\u00e9 vrai, car le soutien \u00e0 mon fils s&rsquo;est d\u00e9velopp\u00e9 dans le monde entier d&rsquo;une mani\u00e8re extraordinaire. Aujourd&rsquo;hui, un tiers du parlement grec et 45 % du parlement australien soutiennent Julian en tant que pr\u00e9sident. Tous les pr\u00e9sidents des principaux pays d&rsquo;Am\u00e9rique latine et tous les parlements europ\u00e9ens, l&rsquo;Italie en particulier, ont un \u00ab\u00a0groupe Assange\u00a0\u00bb. Des millions de personnes dans le monde. J&rsquo;ai donc bien l&rsquo;impression que les gens ont soif de justice. Oui, et cela remonte le moral et le maintient \u00e0 un niveau \u00e9lev\u00e9.<\/p>\n<p><strong>Que vouliez-vous dire lorsque vous avez d\u00e9clar\u00e9 dans le documentaire que \u00ab\u00a0l&rsquo;Italie a une grande vari\u00e9t\u00e9 de points de vue et se pr\u00e9occupe vraiment de l&rsquo;affaire\u00a0\u00bb, est-ce \u00e0 dire que nous avons de nombreux groupes actifs ?<\/strong><\/p>\n<p>En Italie, il existe de nombreux groupes actifs, de la fronti\u00e8re suisse \u00e0 Palerme. On pourrait dire que les s\u00e9nateurs italiens ont \u00e9t\u00e9 les premiers \u00e0 porter la situation de la pers\u00e9cution de Julian Assange devant le Conseil de l&rsquo;Europe. Et suite aux activit\u00e9s des s\u00e9nateurs italiens, le Conseil de l&rsquo;Europe a \u00e9mis une d\u00e9claration (enfin, deux d\u00e9clarations) en faveur de mon fils. C&rsquo;est r\u00e9ellement important. Cela a commenc\u00e9 il y a trois ans et ils ont r\u00e9it\u00e9r\u00e9 cette d\u00e9claration de soutien il y a deux ans.<\/p>\n<p><strong>Qu&rsquo;en est-il du Parlement australien et de la communaut\u00e9 australienne ? Je viens de voir que Kennedy a parl\u00e9 de la situation de Julian dans le Sydney Morning Herald. Quel est l&rsquo;\u00e9tat d&rsquo;esprit en Australie ?<\/strong><\/p>\n<p>Ici, 88 % de la population r\u00e9clame le retour de Julian \u00e0 la maison. Au Parlement, cinquante d\u00e9put\u00e9s font partie du \u00ab\u00a0groupe Assange\u00a0\u00bb et cent membres du Parlement ont demand\u00e9 la lib\u00e9ration de Julian. Une d\u00e9l\u00e9gation de parlementaires et de s\u00e9nateurs se rendra aux \u00c9tats-Unis le 20 septembre pour demander aux autorit\u00e9s am\u00e9ricaines de permettre \u00e0 Julian de rentrer en Australie. Tant le Premier ministre que le chef de l&rsquo;opposition font des d\u00e9clarations en faveur de Julian. On peut dire que l&rsquo;ensemble de la politique australienne &#8211; la population, les parlementaires et les institutions &#8211; souhaite le retour de Julian en Australie et la fin de la pers\u00e9cution.<\/p>\n<p><strong>Que va-t-il se passer prochainement ? C&rsquo;est la derni\u00e8re chance pour Julian aupr\u00e8s de la Cour britannique&#8230; Quel est le plan, vont-ils demander l&rsquo;aide de la CEDH (Cour europ\u00e9enne des droits humains) ?<\/strong><\/p>\n<p>Aux derni\u00e8res nouvelles, Julian a d\u00e9pos\u00e9 une demande aupr\u00e8s de la Haute Cour du Royaume-Uni en vue d&rsquo;une audience, d&rsquo;un r\u00e9examen de sa situation. Cette d\u00e9cision n&rsquo;a pas encore \u00e9t\u00e9 prise. La Haute Cour n&rsquo;a donc pas annonc\u00e9 sa d\u00e9cision. Quant \u00e0 la requ\u00eate aupr\u00e8s de la Cour europ\u00e9enne des droits de l&rsquo;homme, elle ne peut \u00eatre engag\u00e9e tant que toutes les autres voies n&rsquo;ont pas \u00e9t\u00e9 r\u00e9solues. Par cons\u00e9quent, si la Haute Cour rejette l&rsquo;audience, Julian peut d\u00e9poser une requ\u00eate aupr\u00e8s de la Cour europ\u00e9enne des droits de l&rsquo;homme, et je suis s\u00fbr qu&rsquo;il le fera. J&rsquo;ai lu l&rsquo;autre jour dans un journal que le Royaume-Uni envisageait, ou que quelqu&rsquo;un dans les institutions envisageait, de dire que Julian ne devrait pas \u00eatre autoris\u00e9 \u00e0 se rendre \u00e0 Bruxelles pour faire appel. Je ne sais pas si c&rsquo;est vrai ou non. Je viens de le lire dans le journal. Ce serait un \u00e9norme scandale si le Royaume-Uni emp\u00eachait ou tentait d&#8217;emp\u00eacher Julian de faire appel \u00e0 la Cour europ\u00e9enne des droits humains. Ce serait donc un autre scandale.<\/p>\n<p><strong>Que diriez-vous \u00e0 Mme Clinton qui, il y a quelques ann\u00e9es, dans l&rsquo;affaire Assange, a d\u00e9clar\u00e9 \u00e0 un journaliste que quiconque ferait quelque chose devrait en payer les cons\u00e9quences ?<\/strong><\/p>\n<p>Hillary Clinton a organis\u00e9 la destruction de la Libye, a particip\u00e9 \u00e0 la destruction de l&rsquo;Irak et \u00e0 la destruction du Pakistan. En d&rsquo;autres termes, personne ne pr\u00eate attention \u00e0 une femme sanguinaire et meurtri\u00e8re comme elle : elle n&rsquo;est plus un personnage important dans le monde et le peuple des \u00c9tats-Unis, lorsqu&rsquo;elle s&rsquo;est pr\u00e9sent\u00e9e \u00e0 la pr\u00e9sidence, l&rsquo;a rejet\u00e9e.<\/p>\n<p><strong>Comment Julian fait-il face \u00e0 toutes ces choses ? Comment r\u00e9agit-il aux nouvelles et \u00e0 tout ce qui se dit \u00e0 son propos ?<\/strong><\/p>\n<p>La diffamation et le harc\u00e8lement moral dont Julian a \u00e9t\u00e9 victime, la malveillance et les scandales sans scrupules, les mensonges, sont tr\u00e8s d\u00e9bilitants. Le rapporteur des Nations unies sur la torture et les peines inhabituelles, le professeur Milzer, a d\u00e9crit ces \u00e9v\u00e9nements, le d\u00e9nigrement, le harc\u00e8lement, les mensonges, les scandales sans scrupules, la malveillance, l&rsquo;effondrement de la proc\u00e9dure r\u00e9guli\u00e8re, la d\u00e9gradation des droits humains de Julian et la d\u00e9gradation de ses droits. Il parle de torture, de torture psychologique. Il a \u00e9galement expliqu\u00e9 que toute torture, physique ou mentale, vise \u00e0 vous faire changer de mentalit\u00e9. Son but n&rsquo;est pas de vous faire mal au doigt. L&rsquo;objectif est d&rsquo;agir sur votre esprit. Ils veulent que vous r\u00e9v\u00e9liez quelque chose ou que vous changiez d&rsquo;avis. Quand on sait que le traitement de Julian a \u00e9t\u00e9 qualifi\u00e9 de torture psychologique dans l&rsquo;analyse finale de son rapport de 26 pages, que Melzer a soumis \u00e0 l&rsquo;Assembl\u00e9e g\u00e9n\u00e9rale de l&rsquo;ONU et qui a \u00e9t\u00e9 re\u00e7u. Il le d\u00e9crit comme \u00ab\u00a0un meurtre au ralenti sous nos yeux\u00a0\u00bb. Je ne peux pas dire plus fermement que nous avons \u00e9t\u00e9 t\u00e9moins et sommes t\u00e9moins de la tentative du Royaume-Uni, des \u00c9tats-Unis et, auparavant, de la Su\u00e8de d&rsquo;assassiner quelqu&rsquo;un par le biais d&rsquo;une proc\u00e9dure, de la d\u00e9gradation de ses droits humains, de l&rsquo;abandon d&rsquo;une proc\u00e9dure r\u00e9guli\u00e8re et de poursuite malveillante.<\/p>\n<p><strong>Que dites-vous \u00e0 Gabriel et Max, les fils de Julian, lorsqu&rsquo;ils demandent des nouvelles de leur p\u00e8re ?<\/strong><\/p>\n<p>Je leur raconte une b\u00eatise pour d\u00e9tourner leur attention. \u00ab\u00a0Oh regardez, il y a un chaton tout mignon&#8230; Qui est le premier \u00e0 voir un gros chien noir ? Je ne r\u00e9ponds pas, je d\u00e9tourne simplement l&rsquo;attention de quelque fa\u00e7on que ce soit, vers quelque chose d&rsquo;agr\u00e9able.\u00a0\u00bb<\/p>\n<p><strong>Sont-ils conscients de la situation ?<\/strong><\/p>\n<p>Ils sont petits. C&rsquo;est donc \u00e0 cela qu&rsquo;ils sont habitu\u00e9s. Mais leur p\u00e8re leur manque. C&rsquo;est bon d&rsquo;avoir un p\u00e8re.<\/p>\n<p><strong> M. Shipton, que s&rsquo;est-il pass\u00e9 ce jour-l\u00e0 dans la cuisine lorsque Julian vous a parl\u00e9 de Wikileaks et de ses activit\u00e9s ?<\/strong><\/p>\n<p>J&rsquo;ai juste entendu, vous savez, parce que j&rsquo;ai eu cette id\u00e9e fantastique que cela apporterait la s\u00e9curit\u00e9 aux personnes qui \u00e9taient des sources d&rsquo;information et le publiait de mani\u00e8re \u00e0 ce que tout le monde dans le monde puisse avoir acc\u00e8s \u00e0 ces informations et faire sa propre analyse et, par cons\u00e9quent, cr\u00e9er la connaissance.<\/p>\n<p><strong>Que diriez-vous \u00e0 tous ceux qui, apr\u00e8s avoir lu cette interview, vont retourner \u00e0 leur vie, \u00e0 leurs enfants et aux choses normales ?<\/strong><\/p>\n<p>C&rsquo;est une tr\u00e8s bonne question. La raison pour laquelle ils censurent ce que nous disons et ce que nous pouvons lire est qu&rsquo;ils comprennent que la parole est importante. Tout ce que nous avons \u00e0 faire, c&rsquo;est de parler entre nous des questions sur lesquelles nous n&rsquo;avons pas de d\u00e9bat d&rsquo;id\u00e9es et, par cons\u00e9quent, de construire la v\u00e9rit\u00e9. C&rsquo;est tout ce que nous avons \u00e0 faire. Et de la v\u00e9rit\u00e9 na\u00eetra l&rsquo;action. Ce n&rsquo;est pas difficile.<\/p>\n<p><strong>Je ne veux rien ajouter d&rsquo;autre. Je vous remercie de votre attention.<\/strong><\/p>\n<p>Je voudrais juste vous quitter avec ceci&#8230; La derni\u00e8re ligne de L&rsquo;Enfer de Dante : \u00ab\u00a0Et puis nous \u00e9mergeons une fois de plus pour voir les \u00e9toiles\u00a0\u00bb.<\/p>\n<p>&nbsp;<\/p>\n<p>Source original : https:\/\/www.lindipendente.online\/2023\/09\/22\/exclusive-interview-with-john-shipton-father-of-julian-assange\/<\/p>\n<p>Source espagnol : Sin Permiso \/ Resumen latinoamericano<\/p>\n<p><strong>\u00a0<\/strong><\/p>\n<p><em>Traduit de l\u2019espagnol par Ginette Baudelet<\/em><\/p>\n","protected":false},"excerpt":{"rendered":"<p>Alors que le verdict imminent de son extradition vers le pays de la banni\u00e8re \u00e9toil\u00e9e tient en haleine les militants du monde entier, un homme calme et pos\u00e9 se montre confiant quant \u00e0 l&rsquo;avenir de Julian Assange. Il s&rsquo;appelle John&hellip;<\/p>\n","protected":false},"author":926,"featured_media":1776326,"comment_status":"closed","ping_status":"closed","sticky":false,"template":"","format":"standard","meta":{"footnotes":""},"categories":[94,98,85,156,93],"tags":[96509,65485,3524],"class_list":["post-1776207","post","type-post","status-publish","format-standard","has-post-thumbnail","hentry","category-culture-fr","category-droits-de-lhomme","category-europe-fr","category-interview-fr","category-politique","tag-free-assange-fr","tag-john-shipton-fr","tag-julian-assange-fr"],"yoast_head":"<!-- This site is optimized with the Yoast SEO plugin v27.1.1 - https:\/\/yoast.com\/product\/yoast-seo-wordpress\/ -->\n<title>Entretien avec John Shipton, p\u00e8re de Julian Assange<\/title>\n<meta name=\"description\" content=\"Alors que le verdict imminent de son extradition vers le pays de la banni\u00e8re \u00e9toil\u00e9e tient en haleine les militants du monde entier, un homme calme et\" \/>\n<meta name=\"robots\" content=\"index, follow, max-snippet:-1, max-image-preview:large, max-video-preview:-1\" \/>\n<link rel=\"canonical\" href=\"https:\/\/www.pressenza.com\/fr\/2023\/10\/entretien-avec-john-shipton-pere-de-julian-assange\/\" \/>\n<meta property=\"og:locale\" content=\"fr_FR\" \/>\n<meta property=\"og:type\" content=\"article\" \/>\n<meta property=\"og:title\" content=\"Entretien avec John Shipton, p\u00e8re de Julian Assange\" \/>\n<meta property=\"og:description\" content=\"Alors que le verdict imminent de son extradition vers le pays de la banni\u00e8re \u00e9toil\u00e9e tient en haleine les militants du monde entier, un homme calme et\" \/>\n<meta property=\"og:url\" content=\"https:\/\/www.pressenza.com\/fr\/2023\/10\/entretien-avec-john-shipton-pere-de-julian-assange\/\" \/>\n<meta property=\"og:site_name\" content=\"Pressenza\" \/>\n<meta property=\"article:publisher\" content=\"https:\/\/www.facebook.com\/PressenzaItalia\" \/>\n<meta property=\"article:published_time\" content=\"2023-10-23T03:55:47+00:00\" \/>\n<meta property=\"og:image\" content=\"https:\/\/www.pressenza.com\/wp-content\/uploads\/2023\/10\/John-Shipton-Paulo-Pinto-Agencia-Brasil.jpg\" \/>\n\t<meta property=\"og:image:width\" content=\"819\" \/>\n\t<meta property=\"og:image:height\" content=\"546\" \/>\n\t<meta property=\"og:image:type\" content=\"image\/jpeg\" \/>\n<meta name=\"author\" content=\"R\u00e9daction France\" \/>\n<meta name=\"twitter:card\" content=\"summary_large_image\" \/>\n<meta name=\"twitter:creator\" content=\"@PressenzaIPA\" \/>\n<meta name=\"twitter:site\" content=\"@PressenzaIPA\" \/>\n<meta name=\"twitter:label1\" content=\"\u00c9crit par\" \/>\n\t<meta name=\"twitter:data1\" content=\"R\u00e9daction France\" \/>\n\t<meta name=\"twitter:label2\" content=\"Dur\u00e9e de lecture estim\u00e9e\" \/>\n\t<meta name=\"twitter:data2\" content=\"9 minutes\" \/>\n<script type=\"application\/ld+json\" class=\"yoast-schema-graph\">{\"@context\":\"https:\/\/schema.org\",\"@graph\":[{\"@type\":\"Article\",\"@id\":\"https:\/\/www.pressenza.com\/fr\/2023\/10\/entretien-avec-john-shipton-pere-de-julian-assange\/#article\",\"isPartOf\":{\"@id\":\"https:\/\/www.pressenza.com\/fr\/2023\/10\/entretien-avec-john-shipton-pere-de-julian-assange\/\"},\"author\":{\"name\":\"R\u00e9daction France\",\"@id\":\"https:\/\/www.pressenza.com\/fr\/#\/schema\/person\/3c9fe6670cc2cffbd37562f87b98e869\"},\"headline\":\"Entretien avec John Shipton, p\u00e8re de Julian Assange\",\"datePublished\":\"2023-10-23T03:55:47+00:00\",\"mainEntityOfPage\":{\"@id\":\"https:\/\/www.pressenza.com\/fr\/2023\/10\/entretien-avec-john-shipton-pere-de-julian-assange\/\"},\"wordCount\":1954,\"publisher\":{\"@id\":\"https:\/\/www.pressenza.com\/fr\/#organization\"},\"image\":{\"@id\":\"https:\/\/www.pressenza.com\/fr\/2023\/10\/entretien-avec-john-shipton-pere-de-julian-assange\/#primaryimage\"},\"thumbnailUrl\":\"https:\/\/www.pressenza.com\/wp-content\/uploads\/2023\/10\/John-Shipton-Paulo-Pinto-Agencia-Brasil.jpg\",\"keywords\":[\"Free Assange\",\"John Shipton\",\"Julian Assange\"],\"articleSection\":[\"Culture et M\u00e9dias\",\"Droits humains\",\"Europe\",\"Interviews\",\"Politique\"],\"inLanguage\":\"fr-FR\"},{\"@type\":\"WebPage\",\"@id\":\"https:\/\/www.pressenza.com\/fr\/2023\/10\/entretien-avec-john-shipton-pere-de-julian-assange\/\",\"url\":\"https:\/\/www.pressenza.com\/fr\/2023\/10\/entretien-avec-john-shipton-pere-de-julian-assange\/\",\"name\":\"Entretien avec John Shipton, p\u00e8re de Julian Assange\",\"isPartOf\":{\"@id\":\"https:\/\/www.pressenza.com\/fr\/#website\"},\"primaryImageOfPage\":{\"@id\":\"https:\/\/www.pressenza.com\/fr\/2023\/10\/entretien-avec-john-shipton-pere-de-julian-assange\/#primaryimage\"},\"image\":{\"@id\":\"https:\/\/www.pressenza.com\/fr\/2023\/10\/entretien-avec-john-shipton-pere-de-julian-assange\/#primaryimage\"},\"thumbnailUrl\":\"https:\/\/www.pressenza.com\/wp-content\/uploads\/2023\/10\/John-Shipton-Paulo-Pinto-Agencia-Brasil.jpg\",\"datePublished\":\"2023-10-23T03:55:47+00:00\",\"description\":\"Alors que le verdict imminent de son extradition vers le pays de la banni\u00e8re \u00e9toil\u00e9e tient en haleine les militants du monde entier, un homme calme et\",\"breadcrumb\":{\"@id\":\"https:\/\/www.pressenza.com\/fr\/2023\/10\/entretien-avec-john-shipton-pere-de-julian-assange\/#breadcrumb\"},\"inLanguage\":\"fr-FR\",\"potentialAction\":[{\"@type\":\"ReadAction\",\"target\":[\"https:\/\/www.pressenza.com\/fr\/2023\/10\/entretien-avec-john-shipton-pere-de-julian-assange\/\"]}]},{\"@type\":\"ImageObject\",\"inLanguage\":\"fr-FR\",\"@id\":\"https:\/\/www.pressenza.com\/fr\/2023\/10\/entretien-avec-john-shipton-pere-de-julian-assange\/#primaryimage\",\"url\":\"https:\/\/www.pressenza.com\/wp-content\/uploads\/2023\/10\/John-Shipton-Paulo-Pinto-Agencia-Brasil.jpg\",\"contentUrl\":\"https:\/\/www.pressenza.com\/wp-content\/uploads\/2023\/10\/John-Shipton-Paulo-Pinto-Agencia-Brasil.jpg\",\"width\":819,\"height\":546},{\"@type\":\"BreadcrumbList\",\"@id\":\"https:\/\/www.pressenza.com\/fr\/2023\/10\/entretien-avec-john-shipton-pere-de-julian-assange\/#breadcrumb\",\"itemListElement\":[{\"@type\":\"ListItem\",\"position\":1,\"name\":\"Accueil\",\"item\":\"https:\/\/www.pressenza.com\/fr\/\"},{\"@type\":\"ListItem\",\"position\":2,\"name\":\"Entretien avec John Shipton, p\u00e8re de Julian Assange\"}]},{\"@type\":\"WebSite\",\"@id\":\"https:\/\/www.pressenza.com\/fr\/#website\",\"url\":\"https:\/\/www.pressenza.com\/fr\/\",\"name\":\"Pressenza\",\"description\":\"International Press Agency\",\"publisher\":{\"@id\":\"https:\/\/www.pressenza.com\/fr\/#organization\"},\"potentialAction\":[{\"@type\":\"SearchAction\",\"target\":{\"@type\":\"EntryPoint\",\"urlTemplate\":\"https:\/\/www.pressenza.com\/fr\/?s={search_term_string}\"},\"query-input\":{\"@type\":\"PropertyValueSpecification\",\"valueRequired\":true,\"valueName\":\"search_term_string\"}}],\"inLanguage\":\"fr-FR\"},{\"@type\":\"Organization\",\"@id\":\"https:\/\/www.pressenza.com\/fr\/#organization\",\"name\":\"Pressenza\",\"url\":\"https:\/\/www.pressenza.com\/fr\/\",\"logo\":{\"@type\":\"ImageObject\",\"inLanguage\":\"fr-FR\",\"@id\":\"https:\/\/www.pressenza.com\/fr\/#\/schema\/logo\/image\/\",\"url\":\"https:\/\/www.pressenza.com\/wp-content\/uploads\/2022\/10\/pressenza_logo_200x200.jpg\",\"contentUrl\":\"https:\/\/www.pressenza.com\/wp-content\/uploads\/2022\/10\/pressenza_logo_200x200.jpg\",\"width\":200,\"height\":200,\"caption\":\"Pressenza\"},\"image\":{\"@id\":\"https:\/\/www.pressenza.com\/fr\/#\/schema\/logo\/image\/\"},\"sameAs\":[\"https:\/\/www.facebook.com\/PressenzaItalia\",\"https:\/\/x.com\/PressenzaIPA\"]},{\"@type\":\"Person\",\"@id\":\"https:\/\/www.pressenza.com\/fr\/#\/schema\/person\/3c9fe6670cc2cffbd37562f87b98e869\",\"name\":\"R\u00e9daction France\",\"description\":\"News published by the Pressenza bureau in France\",\"sameAs\":[\"http:\/\/www.pressenza.com\/fr\"],\"url\":\"https:\/\/www.pressenza.com\/fr\/author\/redactionfrance\/\"}]}<\/script>\n<!-- \/ Yoast SEO plugin. -->","yoast_head_json":{"title":"Entretien avec John Shipton, p\u00e8re de Julian Assange","description":"Alors que le verdict imminent de son extradition vers le pays de la banni\u00e8re \u00e9toil\u00e9e tient en haleine les militants du monde entier, un homme calme et","robots":{"index":"index","follow":"follow","max-snippet":"max-snippet:-1","max-image-preview":"max-image-preview:large","max-video-preview":"max-video-preview:-1"},"canonical":"https:\/\/www.pressenza.com\/fr\/2023\/10\/entretien-avec-john-shipton-pere-de-julian-assange\/","og_locale":"fr_FR","og_type":"article","og_title":"Entretien avec John Shipton, p\u00e8re de Julian Assange","og_description":"Alors que le verdict imminent de son extradition vers le pays de la banni\u00e8re \u00e9toil\u00e9e tient en haleine les militants du monde entier, un homme calme et","og_url":"https:\/\/www.pressenza.com\/fr\/2023\/10\/entretien-avec-john-shipton-pere-de-julian-assange\/","og_site_name":"Pressenza","article_publisher":"https:\/\/www.facebook.com\/PressenzaItalia","article_published_time":"2023-10-23T03:55:47+00:00","og_image":[{"width":819,"height":546,"url":"https:\/\/www.pressenza.com\/wp-content\/uploads\/2023\/10\/John-Shipton-Paulo-Pinto-Agencia-Brasil.jpg","type":"image\/jpeg"}],"author":"R\u00e9daction France","twitter_card":"summary_large_image","twitter_creator":"@PressenzaIPA","twitter_site":"@PressenzaIPA","twitter_misc":{"\u00c9crit par":"R\u00e9daction France","Dur\u00e9e de lecture estim\u00e9e":"9 minutes"},"schema":{"@context":"https:\/\/schema.org","@graph":[{"@type":"Article","@id":"https:\/\/www.pressenza.com\/fr\/2023\/10\/entretien-avec-john-shipton-pere-de-julian-assange\/#article","isPartOf":{"@id":"https:\/\/www.pressenza.com\/fr\/2023\/10\/entretien-avec-john-shipton-pere-de-julian-assange\/"},"author":{"name":"R\u00e9daction France","@id":"https:\/\/www.pressenza.com\/fr\/#\/schema\/person\/3c9fe6670cc2cffbd37562f87b98e869"},"headline":"Entretien avec John Shipton, p\u00e8re de Julian Assange","datePublished":"2023-10-23T03:55:47+00:00","mainEntityOfPage":{"@id":"https:\/\/www.pressenza.com\/fr\/2023\/10\/entretien-avec-john-shipton-pere-de-julian-assange\/"},"wordCount":1954,"publisher":{"@id":"https:\/\/www.pressenza.com\/fr\/#organization"},"image":{"@id":"https:\/\/www.pressenza.com\/fr\/2023\/10\/entretien-avec-john-shipton-pere-de-julian-assange\/#primaryimage"},"thumbnailUrl":"https:\/\/www.pressenza.com\/wp-content\/uploads\/2023\/10\/John-Shipton-Paulo-Pinto-Agencia-Brasil.jpg","keywords":["Free Assange","John Shipton","Julian Assange"],"articleSection":["Culture et M\u00e9dias","Droits humains","Europe","Interviews","Politique"],"inLanguage":"fr-FR"},{"@type":"WebPage","@id":"https:\/\/www.pressenza.com\/fr\/2023\/10\/entretien-avec-john-shipton-pere-de-julian-assange\/","url":"https:\/\/www.pressenza.com\/fr\/2023\/10\/entretien-avec-john-shipton-pere-de-julian-assange\/","name":"Entretien avec John Shipton, p\u00e8re de Julian Assange","isPartOf":{"@id":"https:\/\/www.pressenza.com\/fr\/#website"},"primaryImageOfPage":{"@id":"https:\/\/www.pressenza.com\/fr\/2023\/10\/entretien-avec-john-shipton-pere-de-julian-assange\/#primaryimage"},"image":{"@id":"https:\/\/www.pressenza.com\/fr\/2023\/10\/entretien-avec-john-shipton-pere-de-julian-assange\/#primaryimage"},"thumbnailUrl":"https:\/\/www.pressenza.com\/wp-content\/uploads\/2023\/10\/John-Shipton-Paulo-Pinto-Agencia-Brasil.jpg","datePublished":"2023-10-23T03:55:47+00:00","description":"Alors que le verdict imminent de son extradition vers le pays de la banni\u00e8re \u00e9toil\u00e9e tient en haleine les militants du monde entier, un homme calme et","breadcrumb":{"@id":"https:\/\/www.pressenza.com\/fr\/2023\/10\/entretien-avec-john-shipton-pere-de-julian-assange\/#breadcrumb"},"inLanguage":"fr-FR","potentialAction":[{"@type":"ReadAction","target":["https:\/\/www.pressenza.com\/fr\/2023\/10\/entretien-avec-john-shipton-pere-de-julian-assange\/"]}]},{"@type":"ImageObject","inLanguage":"fr-FR","@id":"https:\/\/www.pressenza.com\/fr\/2023\/10\/entretien-avec-john-shipton-pere-de-julian-assange\/#primaryimage","url":"https:\/\/www.pressenza.com\/wp-content\/uploads\/2023\/10\/John-Shipton-Paulo-Pinto-Agencia-Brasil.jpg","contentUrl":"https:\/\/www.pressenza.com\/wp-content\/uploads\/2023\/10\/John-Shipton-Paulo-Pinto-Agencia-Brasil.jpg","width":819,"height":546},{"@type":"BreadcrumbList","@id":"https:\/\/www.pressenza.com\/fr\/2023\/10\/entretien-avec-john-shipton-pere-de-julian-assange\/#breadcrumb","itemListElement":[{"@type":"ListItem","position":1,"name":"Accueil","item":"https:\/\/www.pressenza.com\/fr\/"},{"@type":"ListItem","position":2,"name":"Entretien avec John Shipton, p\u00e8re de Julian Assange"}]},{"@type":"WebSite","@id":"https:\/\/www.pressenza.com\/fr\/#website","url":"https:\/\/www.pressenza.com\/fr\/","name":"Pressenza","description":"International Press Agency","publisher":{"@id":"https:\/\/www.pressenza.com\/fr\/#organization"},"potentialAction":[{"@type":"SearchAction","target":{"@type":"EntryPoint","urlTemplate":"https:\/\/www.pressenza.com\/fr\/?s={search_term_string}"},"query-input":{"@type":"PropertyValueSpecification","valueRequired":true,"valueName":"search_term_string"}}],"inLanguage":"fr-FR"},{"@type":"Organization","@id":"https:\/\/www.pressenza.com\/fr\/#organization","name":"Pressenza","url":"https:\/\/www.pressenza.com\/fr\/","logo":{"@type":"ImageObject","inLanguage":"fr-FR","@id":"https:\/\/www.pressenza.com\/fr\/#\/schema\/logo\/image\/","url":"https:\/\/www.pressenza.com\/wp-content\/uploads\/2022\/10\/pressenza_logo_200x200.jpg","contentUrl":"https:\/\/www.pressenza.com\/wp-content\/uploads\/2022\/10\/pressenza_logo_200x200.jpg","width":200,"height":200,"caption":"Pressenza"},"image":{"@id":"https:\/\/www.pressenza.com\/fr\/#\/schema\/logo\/image\/"},"sameAs":["https:\/\/www.facebook.com\/PressenzaItalia","https:\/\/x.com\/PressenzaIPA"]},{"@type":"Person","@id":"https:\/\/www.pressenza.com\/fr\/#\/schema\/person\/3c9fe6670cc2cffbd37562f87b98e869","name":"R\u00e9daction France","description":"News published by the Pressenza bureau in France","sameAs":["http:\/\/www.pressenza.com\/fr"],"url":"https:\/\/www.pressenza.com\/fr\/author\/redactionfrance\/"}]}},"place":"","original_article_url":"https:\/\/www.resumenlatinoamericano.org\/2023\/10\/16\/comunicacion-entrevista-exclusiva-con-john-shipton-padre-de-julian-assange\/","_links":{"self":[{"href":"https:\/\/www.pressenza.com\/fr\/wp-json\/wp\/v2\/posts\/1776207","targetHints":{"allow":["GET"]}}],"collection":[{"href":"https:\/\/www.pressenza.com\/fr\/wp-json\/wp\/v2\/posts"}],"about":[{"href":"https:\/\/www.pressenza.com\/fr\/wp-json\/wp\/v2\/types\/post"}],"author":[{"embeddable":true,"href":"https:\/\/www.pressenza.com\/fr\/wp-json\/wp\/v2\/users\/926"}],"replies":[{"embeddable":true,"href":"https:\/\/www.pressenza.com\/fr\/wp-json\/wp\/v2\/comments?post=1776207"}],"version-history":[{"count":0,"href":"https:\/\/www.pressenza.com\/fr\/wp-json\/wp\/v2\/posts\/1776207\/revisions"}],"wp:featuredmedia":[{"embeddable":true,"href":"https:\/\/www.pressenza.com\/fr\/wp-json\/wp\/v2\/media\/1776326"}],"wp:attachment":[{"href":"https:\/\/www.pressenza.com\/fr\/wp-json\/wp\/v2\/media?parent=1776207"}],"wp:term":[{"taxonomy":"category","embeddable":true,"href":"https:\/\/www.pressenza.com\/fr\/wp-json\/wp\/v2\/categories?post=1776207"},{"taxonomy":"post_tag","embeddable":true,"href":"https:\/\/www.pressenza.com\/fr\/wp-json\/wp\/v2\/tags?post=1776207"}],"curies":[{"name":"wp","href":"https:\/\/api.w.org\/{rel}","templated":true}]}}