{"id":1776112,"date":"2023-10-21T22:42:33","date_gmt":"2023-10-21T21:42:33","guid":{"rendered":"https:\/\/www.pressenza.com\/?p=1776112"},"modified":"2023-10-21T22:42:33","modified_gmt":"2023-10-21T21:42:33","slug":"vers-quelle-paix-nous-dirigeons-nous","status":"publish","type":"post","link":"https:\/\/www.pressenza.com\/fr\/2023\/10\/vers-quelle-paix-nous-dirigeons-nous\/","title":{"rendered":"Vers quelle paix nous dirigeons-nous ?"},"content":{"rendered":"<p>Les initiatives de paix se multiplient, et c&rsquo;est une bonne nouvelle. Il est clair que la n\u00e9cessit\u00e9 de changer la direction prise par les \u00e9v\u00e9nements se fait de plus en plus sentir, mais toute initiative nouvelle et importante devra commencer par une r\u00e9flexion profonde qui d\u00e9finisse clairement les objectifs auxquels on aspire et les moyens de les atteindre.<\/p>\n<p>L&rsquo;extrait du <a href=\"https:\/\/www.dailymotion.com\/video\/xba35e\">discours prononc\u00e9 par Silo \u00e0 Berlin en 2009 (vid\u00e9o)<\/a>, lors du sommet des laur\u00e9ats du prix Nobel de la paix, offre des voies de r\u00e9flexion importantes et d\u00e9cisives.<\/p>\n<p><em>\u00ab\u00a0Nous savons que la situation actuelle est critique sous toutes les latitudes et qu&rsquo;elle se caract\u00e9rise par la pauvret\u00e9 de vastes r\u00e9gions, le choc des cultures, la violence et la discrimination qui contaminent la vie quotidienne de larges couches de la population. Aujourd&rsquo;hui, des conflits arm\u00e9s \u00e9clatent en de nombreux endroits et, dans le m\u00eame temps, le syst\u00e8me financier international traverse une crise profonde. \u00c0 tout cela s&rsquo;ajoute la menace nucl\u00e9aire croissante, qui est, apr\u00e8s tout, la plus grande urgence du moment. Il s&rsquo;agit d&rsquo;une situation extraordinairement complexe. Aux int\u00e9r\u00eats irresponsables des puissances nucl\u00e9aires et \u00e0 la folie des groupes violents, qui pourraient avoir acc\u00e8s \u00e0 une petite quantit\u00e9 de mat\u00e9riel nucl\u00e9aire, s&rsquo;ajoute le risque d&rsquo;un accident qui pourrait d\u00e9clencher un conflit d\u00e9vastateur.<\/em><\/p>\n<p><em>Tout cela n\u2019est pas la somme de diverses crises, mais plut\u00f4t l&rsquo;image qui montre l&rsquo;\u00e9chec global d&rsquo;un syst\u00e8me dont la m\u00e9thodologie d&rsquo;action est la violence et dont la valeur centrale est l&rsquo;argent.<\/em><\/p>\n<p><em>Pour \u00e9viter la catastrophe atomique qui semble menacer le monde dans un avenir plus ou moins proche, nous devons travailler aujourd&rsquo;hui m\u00eame \u00e0 vaincre la violence sociale et personnelle, tout en exigeant\u00a0:<\/em><\/p>\n<p><strong>1 &#8211; le d\u00e9sarmement nucl\u00e9aire mondial,<\/strong><\/p>\n<p><strong>2 &#8211; le retrait imm\u00e9diat des troupes d&rsquo;invasion des territoires occup\u00e9s,<\/strong><\/p>\n<p><strong>3 &#8211; la r\u00e9duction progressive et proportionnelle des armes de destruction massive,<\/strong><\/p>\n<p><strong>4 &#8211; la signature de trait\u00e9s de non-agression entre les pays,<\/strong><\/p>\n<p><strong>5 &#8211; le renoncement des gouvernements \u00e0 utiliser la guerre comme moyen de r\u00e9solution des conflits.<\/strong><\/p>\n<p><em>Il est urgent de cr\u00e9er une conscience pour la Paix et le d\u00e9sarmement, mais il est \u00e9galement n\u00e9cessaire d&rsquo;\u00e9veiller une conscience de Non-violence active qui nous permette de rejeter non seulement la violence physique, mais aussi toutes les formes de violence \u00e9conomique, raciale, psychologique, religieuse et bas\u00e9e sur le genre. Bien entendu, nous aspirons \u00e0 ce que cette nouvelle sensibilit\u00e9 puisse prendre racine et \u00e9branler les structures sociales, ouvrant ainsi la voie \u00e0 la future Nation Humaine Universelle.<\/em><\/p>\n<p>Tout changement r\u00e9el et possible commence par la compr\u00e9hension du fait que la guerre n&rsquo;est pas un simple accident mais l&rsquo;expression d&rsquo;un \u00ab\u00a0syst\u00e8me dont la m\u00e9thodologie d&rsquo;action est la violence et dont la valeur centrale est l&rsquo;argent\u00a0\u00bb. La paix n&rsquo;est donc pas possible sans une remise en question du n\u00e9olib\u00e9ralisme, fond\u00e9 sur le contr\u00f4le du bien commun par un petit nombre et la mentalit\u00e9 de domination sur les autres.<\/p>\n<p>Un v\u00e9ritable changement, et pas seulement un changement \u00ab\u00a0cosm\u00e9tique\u00a0\u00bb, ne sera possible qu&rsquo;en pla\u00e7ant la vie humaine comme valeur centrale, plut\u00f4t que l&rsquo;argent, un dieu, la terre, l&rsquo;\u00c9tat ou toute autre entit\u00e9. Il est crucial pour tout nouveau mouvement aspirant \u00e0 la paix de choisir la non-violence active comme m\u00e9thodologie d&rsquo;action et d&rsquo;identifier clairement la fronti\u00e8re entre la r\u00e9gion de l&rsquo;humanisme et celle de l&rsquo;anti-humanisme.<\/p>\n<p>&nbsp;<\/p>\n<p>RIEN AU-DESSUS D&rsquo;UN \u00caTRE HUMAIN ET AUCUN \u00caTRE HUMAIN AU-DESSOUS D&rsquo;UN AUTRE !<\/p>\n<p>&nbsp;<\/p>\n<p><em>Traduit de l\u2019italien par Evelyn Tischer<\/em><\/p>\n","protected":false},"excerpt":{"rendered":"<p>Les initiatives de paix se multiplient, et c&rsquo;est une bonne nouvelle. Il est clair que la n\u00e9cessit\u00e9 de changer la direction prise par les \u00e9v\u00e9nements se fait de plus en plus sentir, mais toute initiative nouvelle et importante devra commencer&hellip;<\/p>\n","protected":false},"author":2102,"featured_media":717674,"comment_status":"closed","ping_status":"closed","sticky":false,"template":"","format":"standard","meta":{"footnotes":""},"categories":[11386,1248,163,1250],"tags":[28903,5281,298,4886],"class_list":["post-1776112","post","type-post","status-publish","format-standard","has-post-thumbnail","hentry","category-contenu-original","category-nonviolence-sujet","category-opinion-fr","category-paix-desarmement","tag-non-violence","tag-non-violence-active","tag-paix","tag-silo-fr"],"yoast_head":"<!-- This site is optimized with the Yoast SEO plugin v27.1.1 - https:\/\/yoast.com\/product\/yoast-seo-wordpress\/ -->\n<title>Vers quelle paix nous dirigeons-nous ?<\/title>\n<meta name=\"description\" content=\"Les initiatives de paix se multiplient, et c&#039;est une bonne nouvelle. Il est clair que la n\u00e9cessit\u00e9 de changer la direction prise par les \u00e9v\u00e9nements se\" \/>\n<meta name=\"robots\" content=\"index, follow, max-snippet:-1, max-image-preview:large, max-video-preview:-1\" \/>\n<link rel=\"canonical\" href=\"https:\/\/www.pressenza.com\/fr\/2023\/10\/vers-quelle-paix-nous-dirigeons-nous\/\" \/>\n<meta property=\"og:locale\" content=\"fr_FR\" \/>\n<meta property=\"og:type\" content=\"article\" \/>\n<meta property=\"og:title\" content=\"Vers quelle paix nous dirigeons-nous ?\" \/>\n<meta property=\"og:description\" content=\"Les initiatives de paix se multiplient, et c&#039;est une bonne nouvelle. Il est clair que la n\u00e9cessit\u00e9 de changer la direction prise par les \u00e9v\u00e9nements se\" \/>\n<meta property=\"og:url\" content=\"https:\/\/www.pressenza.com\/fr\/2023\/10\/vers-quelle-paix-nous-dirigeons-nous\/\" \/>\n<meta property=\"og:site_name\" content=\"Pressenza\" \/>\n<meta property=\"article:publisher\" content=\"https:\/\/www.facebook.com\/PressenzaItalia\" \/>\n<meta property=\"article:published_time\" content=\"2023-10-21T21:42:33+00:00\" \/>\n<meta property=\"og:image\" content=\"https:\/\/www.pressenza.com\/wp-content\/uploads\/2018\/09\/Silo-Berlin-2009.jpg\" \/>\n\t<meta property=\"og:image:width\" content=\"750\" \/>\n\t<meta property=\"og:image:height\" content=\"415\" \/>\n\t<meta property=\"og:image:type\" content=\"image\/jpeg\" \/>\n<meta name=\"author\" content=\"Europe for Peace\" \/>\n<meta name=\"twitter:card\" content=\"summary_large_image\" \/>\n<meta name=\"twitter:creator\" content=\"@PressenzaIPA\" \/>\n<meta name=\"twitter:site\" content=\"@PressenzaIPA\" \/>\n<meta name=\"twitter:label1\" content=\"\u00c9crit par\" \/>\n\t<meta name=\"twitter:data1\" content=\"Europe for Peace\" \/>\n\t<meta name=\"twitter:label2\" content=\"Dur\u00e9e de lecture estim\u00e9e\" \/>\n\t<meta name=\"twitter:data2\" content=\"3 minutes\" \/>\n<script type=\"application\/ld+json\" class=\"yoast-schema-graph\">{\"@context\":\"https:\/\/schema.org\",\"@graph\":[{\"@type\":\"Article\",\"@id\":\"https:\/\/www.pressenza.com\/fr\/2023\/10\/vers-quelle-paix-nous-dirigeons-nous\/#article\",\"isPartOf\":{\"@id\":\"https:\/\/www.pressenza.com\/fr\/2023\/10\/vers-quelle-paix-nous-dirigeons-nous\/\"},\"author\":{\"name\":\"Europe for Peace\",\"@id\":\"https:\/\/www.pressenza.com\/fr\/#\/schema\/person\/69b9bf000cb278ca2d4ea401137ed0ce\"},\"headline\":\"Vers quelle paix nous dirigeons-nous ?\",\"datePublished\":\"2023-10-21T21:42:33+00:00\",\"mainEntityOfPage\":{\"@id\":\"https:\/\/www.pressenza.com\/fr\/2023\/10\/vers-quelle-paix-nous-dirigeons-nous\/\"},\"wordCount\":639,\"publisher\":{\"@id\":\"https:\/\/www.pressenza.com\/fr\/#organization\"},\"image\":{\"@id\":\"https:\/\/www.pressenza.com\/fr\/2023\/10\/vers-quelle-paix-nous-dirigeons-nous\/#primaryimage\"},\"thumbnailUrl\":\"https:\/\/www.pressenza.com\/wp-content\/uploads\/2018\/09\/Silo-Berlin-2009.jpg\",\"keywords\":[\"non-violence\",\"non-violence active\",\"Paix\",\"Silo\"],\"articleSection\":[\"Contenu Original\",\"Non-violence\",\"Opinion\",\"Paix et D\u00e9sarmement\"],\"inLanguage\":\"fr-FR\"},{\"@type\":\"WebPage\",\"@id\":\"https:\/\/www.pressenza.com\/fr\/2023\/10\/vers-quelle-paix-nous-dirigeons-nous\/\",\"url\":\"https:\/\/www.pressenza.com\/fr\/2023\/10\/vers-quelle-paix-nous-dirigeons-nous\/\",\"name\":\"Vers quelle paix nous dirigeons-nous ?\",\"isPartOf\":{\"@id\":\"https:\/\/www.pressenza.com\/fr\/#website\"},\"primaryImageOfPage\":{\"@id\":\"https:\/\/www.pressenza.com\/fr\/2023\/10\/vers-quelle-paix-nous-dirigeons-nous\/#primaryimage\"},\"image\":{\"@id\":\"https:\/\/www.pressenza.com\/fr\/2023\/10\/vers-quelle-paix-nous-dirigeons-nous\/#primaryimage\"},\"thumbnailUrl\":\"https:\/\/www.pressenza.com\/wp-content\/uploads\/2018\/09\/Silo-Berlin-2009.jpg\",\"datePublished\":\"2023-10-21T21:42:33+00:00\",\"description\":\"Les initiatives de paix se multiplient, et c'est une bonne nouvelle. Il est clair que la n\u00e9cessit\u00e9 de changer la direction prise par les \u00e9v\u00e9nements se\",\"breadcrumb\":{\"@id\":\"https:\/\/www.pressenza.com\/fr\/2023\/10\/vers-quelle-paix-nous-dirigeons-nous\/#breadcrumb\"},\"inLanguage\":\"fr-FR\",\"potentialAction\":[{\"@type\":\"ReadAction\",\"target\":[\"https:\/\/www.pressenza.com\/fr\/2023\/10\/vers-quelle-paix-nous-dirigeons-nous\/\"]}]},{\"@type\":\"ImageObject\",\"inLanguage\":\"fr-FR\",\"@id\":\"https:\/\/www.pressenza.com\/fr\/2023\/10\/vers-quelle-paix-nous-dirigeons-nous\/#primaryimage\",\"url\":\"https:\/\/www.pressenza.com\/wp-content\/uploads\/2018\/09\/Silo-Berlin-2009.jpg\",\"contentUrl\":\"https:\/\/www.pressenza.com\/wp-content\/uploads\/2018\/09\/Silo-Berlin-2009.jpg\",\"width\":750,\"height\":415,\"caption\":\"Hommage \u00e0 Silo : \u00ab L\u2019avenir est ouvert, un avenir de tous pour tous \u00bb\"},{\"@type\":\"BreadcrumbList\",\"@id\":\"https:\/\/www.pressenza.com\/fr\/2023\/10\/vers-quelle-paix-nous-dirigeons-nous\/#breadcrumb\",\"itemListElement\":[{\"@type\":\"ListItem\",\"position\":1,\"name\":\"Accueil\",\"item\":\"https:\/\/www.pressenza.com\/fr\/\"},{\"@type\":\"ListItem\",\"position\":2,\"name\":\"Vers quelle paix nous dirigeons-nous ?\"}]},{\"@type\":\"WebSite\",\"@id\":\"https:\/\/www.pressenza.com\/fr\/#website\",\"url\":\"https:\/\/www.pressenza.com\/fr\/\",\"name\":\"Pressenza\",\"description\":\"International Press Agency\",\"publisher\":{\"@id\":\"https:\/\/www.pressenza.com\/fr\/#organization\"},\"potentialAction\":[{\"@type\":\"SearchAction\",\"target\":{\"@type\":\"EntryPoint\",\"urlTemplate\":\"https:\/\/www.pressenza.com\/fr\/?s={search_term_string}\"},\"query-input\":{\"@type\":\"PropertyValueSpecification\",\"valueRequired\":true,\"valueName\":\"search_term_string\"}}],\"inLanguage\":\"fr-FR\"},{\"@type\":\"Organization\",\"@id\":\"https:\/\/www.pressenza.com\/fr\/#organization\",\"name\":\"Pressenza\",\"url\":\"https:\/\/www.pressenza.com\/fr\/\",\"logo\":{\"@type\":\"ImageObject\",\"inLanguage\":\"fr-FR\",\"@id\":\"https:\/\/www.pressenza.com\/fr\/#\/schema\/logo\/image\/\",\"url\":\"https:\/\/www.pressenza.com\/wp-content\/uploads\/2022\/10\/pressenza_logo_200x200.jpg\",\"contentUrl\":\"https:\/\/www.pressenza.com\/wp-content\/uploads\/2022\/10\/pressenza_logo_200x200.jpg\",\"width\":200,\"height\":200,\"caption\":\"Pressenza\"},\"image\":{\"@id\":\"https:\/\/www.pressenza.com\/fr\/#\/schema\/logo\/image\/\"},\"sameAs\":[\"https:\/\/www.facebook.com\/PressenzaItalia\",\"https:\/\/x.com\/PressenzaIPA\"]},{\"@type\":\"Person\",\"@id\":\"https:\/\/www.pressenza.com\/fr\/#\/schema\/person\/69b9bf000cb278ca2d4ea401137ed0ce\",\"name\":\"Europe for Peace\",\"description\":\"The idea of carrying out this campaign arose in Lisbon, in the European Humanist Forum of November 2006 in the working group of Peace and Nonviolence. Different organizations participated and different opinions converged very clearly on one issue: violence in the world, the return of the nuclear arms race, the danger of a nuclear catastrophe and the need to urgently change the course of events. The words of Gandhi, M. L. King and Silo resounded in our minds on the importance of having faith in life and on the great force that nonviolence is. We were inspired by these examples. The declaration was officially presented in Prague on February 22, 2007 during a conference organized by Humanist movement. The declaration is the fruit of the labor of several people and organizations and tries to synthesize common opinions and concentrate on the issue of nuclear weapons. This campaign is open to all, and everyone can give their contribution to develop it. www.europeforpeace.eu\",\"url\":\"https:\/\/www.pressenza.com\/fr\/author\/europa-per-la-pace\/\"}]}<\/script>\n<!-- \/ Yoast SEO plugin. -->","yoast_head_json":{"title":"Vers quelle paix nous dirigeons-nous ?","description":"Les initiatives de paix se multiplient, et c'est une bonne nouvelle. Il est clair que la n\u00e9cessit\u00e9 de changer la direction prise par les \u00e9v\u00e9nements se","robots":{"index":"index","follow":"follow","max-snippet":"max-snippet:-1","max-image-preview":"max-image-preview:large","max-video-preview":"max-video-preview:-1"},"canonical":"https:\/\/www.pressenza.com\/fr\/2023\/10\/vers-quelle-paix-nous-dirigeons-nous\/","og_locale":"fr_FR","og_type":"article","og_title":"Vers quelle paix nous dirigeons-nous ?","og_description":"Les initiatives de paix se multiplient, et c'est une bonne nouvelle. Il est clair que la n\u00e9cessit\u00e9 de changer la direction prise par les \u00e9v\u00e9nements se","og_url":"https:\/\/www.pressenza.com\/fr\/2023\/10\/vers-quelle-paix-nous-dirigeons-nous\/","og_site_name":"Pressenza","article_publisher":"https:\/\/www.facebook.com\/PressenzaItalia","article_published_time":"2023-10-21T21:42:33+00:00","og_image":[{"width":750,"height":415,"url":"https:\/\/www.pressenza.com\/wp-content\/uploads\/2018\/09\/Silo-Berlin-2009.jpg","type":"image\/jpeg"}],"author":"Europe for Peace","twitter_card":"summary_large_image","twitter_creator":"@PressenzaIPA","twitter_site":"@PressenzaIPA","twitter_misc":{"\u00c9crit par":"Europe for Peace","Dur\u00e9e de lecture estim\u00e9e":"3 minutes"},"schema":{"@context":"https:\/\/schema.org","@graph":[{"@type":"Article","@id":"https:\/\/www.pressenza.com\/fr\/2023\/10\/vers-quelle-paix-nous-dirigeons-nous\/#article","isPartOf":{"@id":"https:\/\/www.pressenza.com\/fr\/2023\/10\/vers-quelle-paix-nous-dirigeons-nous\/"},"author":{"name":"Europe for Peace","@id":"https:\/\/www.pressenza.com\/fr\/#\/schema\/person\/69b9bf000cb278ca2d4ea401137ed0ce"},"headline":"Vers quelle paix nous dirigeons-nous ?","datePublished":"2023-10-21T21:42:33+00:00","mainEntityOfPage":{"@id":"https:\/\/www.pressenza.com\/fr\/2023\/10\/vers-quelle-paix-nous-dirigeons-nous\/"},"wordCount":639,"publisher":{"@id":"https:\/\/www.pressenza.com\/fr\/#organization"},"image":{"@id":"https:\/\/www.pressenza.com\/fr\/2023\/10\/vers-quelle-paix-nous-dirigeons-nous\/#primaryimage"},"thumbnailUrl":"https:\/\/www.pressenza.com\/wp-content\/uploads\/2018\/09\/Silo-Berlin-2009.jpg","keywords":["non-violence","non-violence active","Paix","Silo"],"articleSection":["Contenu Original","Non-violence","Opinion","Paix et D\u00e9sarmement"],"inLanguage":"fr-FR"},{"@type":"WebPage","@id":"https:\/\/www.pressenza.com\/fr\/2023\/10\/vers-quelle-paix-nous-dirigeons-nous\/","url":"https:\/\/www.pressenza.com\/fr\/2023\/10\/vers-quelle-paix-nous-dirigeons-nous\/","name":"Vers quelle paix nous dirigeons-nous ?","isPartOf":{"@id":"https:\/\/www.pressenza.com\/fr\/#website"},"primaryImageOfPage":{"@id":"https:\/\/www.pressenza.com\/fr\/2023\/10\/vers-quelle-paix-nous-dirigeons-nous\/#primaryimage"},"image":{"@id":"https:\/\/www.pressenza.com\/fr\/2023\/10\/vers-quelle-paix-nous-dirigeons-nous\/#primaryimage"},"thumbnailUrl":"https:\/\/www.pressenza.com\/wp-content\/uploads\/2018\/09\/Silo-Berlin-2009.jpg","datePublished":"2023-10-21T21:42:33+00:00","description":"Les initiatives de paix se multiplient, et c'est une bonne nouvelle. Il est clair que la n\u00e9cessit\u00e9 de changer la direction prise par les \u00e9v\u00e9nements se","breadcrumb":{"@id":"https:\/\/www.pressenza.com\/fr\/2023\/10\/vers-quelle-paix-nous-dirigeons-nous\/#breadcrumb"},"inLanguage":"fr-FR","potentialAction":[{"@type":"ReadAction","target":["https:\/\/www.pressenza.com\/fr\/2023\/10\/vers-quelle-paix-nous-dirigeons-nous\/"]}]},{"@type":"ImageObject","inLanguage":"fr-FR","@id":"https:\/\/www.pressenza.com\/fr\/2023\/10\/vers-quelle-paix-nous-dirigeons-nous\/#primaryimage","url":"https:\/\/www.pressenza.com\/wp-content\/uploads\/2018\/09\/Silo-Berlin-2009.jpg","contentUrl":"https:\/\/www.pressenza.com\/wp-content\/uploads\/2018\/09\/Silo-Berlin-2009.jpg","width":750,"height":415,"caption":"Hommage \u00e0 Silo : \u00ab L\u2019avenir est ouvert, un avenir de tous pour tous \u00bb"},{"@type":"BreadcrumbList","@id":"https:\/\/www.pressenza.com\/fr\/2023\/10\/vers-quelle-paix-nous-dirigeons-nous\/#breadcrumb","itemListElement":[{"@type":"ListItem","position":1,"name":"Accueil","item":"https:\/\/www.pressenza.com\/fr\/"},{"@type":"ListItem","position":2,"name":"Vers quelle paix nous dirigeons-nous ?"}]},{"@type":"WebSite","@id":"https:\/\/www.pressenza.com\/fr\/#website","url":"https:\/\/www.pressenza.com\/fr\/","name":"Pressenza","description":"International Press Agency","publisher":{"@id":"https:\/\/www.pressenza.com\/fr\/#organization"},"potentialAction":[{"@type":"SearchAction","target":{"@type":"EntryPoint","urlTemplate":"https:\/\/www.pressenza.com\/fr\/?s={search_term_string}"},"query-input":{"@type":"PropertyValueSpecification","valueRequired":true,"valueName":"search_term_string"}}],"inLanguage":"fr-FR"},{"@type":"Organization","@id":"https:\/\/www.pressenza.com\/fr\/#organization","name":"Pressenza","url":"https:\/\/www.pressenza.com\/fr\/","logo":{"@type":"ImageObject","inLanguage":"fr-FR","@id":"https:\/\/www.pressenza.com\/fr\/#\/schema\/logo\/image\/","url":"https:\/\/www.pressenza.com\/wp-content\/uploads\/2022\/10\/pressenza_logo_200x200.jpg","contentUrl":"https:\/\/www.pressenza.com\/wp-content\/uploads\/2022\/10\/pressenza_logo_200x200.jpg","width":200,"height":200,"caption":"Pressenza"},"image":{"@id":"https:\/\/www.pressenza.com\/fr\/#\/schema\/logo\/image\/"},"sameAs":["https:\/\/www.facebook.com\/PressenzaItalia","https:\/\/x.com\/PressenzaIPA"]},{"@type":"Person","@id":"https:\/\/www.pressenza.com\/fr\/#\/schema\/person\/69b9bf000cb278ca2d4ea401137ed0ce","name":"Europe for Peace","description":"The idea of carrying out this campaign arose in Lisbon, in the European Humanist Forum of November 2006 in the working group of Peace and Nonviolence. Different organizations participated and different opinions converged very clearly on one issue: violence in the world, the return of the nuclear arms race, the danger of a nuclear catastrophe and the need to urgently change the course of events. The words of Gandhi, M. L. King and Silo resounded in our minds on the importance of having faith in life and on the great force that nonviolence is. We were inspired by these examples. The declaration was officially presented in Prague on February 22, 2007 during a conference organized by Humanist movement. The declaration is the fruit of the labor of several people and organizations and tries to synthesize common opinions and concentrate on the issue of nuclear weapons. This campaign is open to all, and everyone can give their contribution to develop it. www.europeforpeace.eu","url":"https:\/\/www.pressenza.com\/fr\/author\/europa-per-la-pace\/"}]}},"place":"","original_article_url":"","_links":{"self":[{"href":"https:\/\/www.pressenza.com\/fr\/wp-json\/wp\/v2\/posts\/1776112","targetHints":{"allow":["GET"]}}],"collection":[{"href":"https:\/\/www.pressenza.com\/fr\/wp-json\/wp\/v2\/posts"}],"about":[{"href":"https:\/\/www.pressenza.com\/fr\/wp-json\/wp\/v2\/types\/post"}],"author":[{"embeddable":true,"href":"https:\/\/www.pressenza.com\/fr\/wp-json\/wp\/v2\/users\/2102"}],"replies":[{"embeddable":true,"href":"https:\/\/www.pressenza.com\/fr\/wp-json\/wp\/v2\/comments?post=1776112"}],"version-history":[{"count":0,"href":"https:\/\/www.pressenza.com\/fr\/wp-json\/wp\/v2\/posts\/1776112\/revisions"}],"wp:featuredmedia":[{"embeddable":true,"href":"https:\/\/www.pressenza.com\/fr\/wp-json\/wp\/v2\/media\/717674"}],"wp:attachment":[{"href":"https:\/\/www.pressenza.com\/fr\/wp-json\/wp\/v2\/media?parent=1776112"}],"wp:term":[{"taxonomy":"category","embeddable":true,"href":"https:\/\/www.pressenza.com\/fr\/wp-json\/wp\/v2\/categories?post=1776112"},{"taxonomy":"post_tag","embeddable":true,"href":"https:\/\/www.pressenza.com\/fr\/wp-json\/wp\/v2\/tags?post=1776112"}],"curies":[{"name":"wp","href":"https:\/\/api.w.org\/{rel}","templated":true}]}}