{"id":1776041,"date":"2023-10-21T13:08:40","date_gmt":"2023-10-21T12:08:40","guid":{"rendered":"https:\/\/www.pressenza.com\/?p=1776041"},"modified":"2023-10-21T13:08:40","modified_gmt":"2023-10-21T12:08:40","slug":"judith-butler-la-non-violence-au-dela-de-la-condamnation","status":"publish","type":"post","link":"https:\/\/www.pressenza.com\/fr\/2023\/10\/judith-butler-la-non-violence-au-dela-de-la-condamnation\/","title":{"rendered":"Judith Butler : la non-violence au-del\u00e0 de la condamnation"},"content":{"rendered":"<p>En ces temps de confusion et de violence d\u00e9mesur\u00e9e, nous cherchons des r\u00e9ponses qui puissent nous lib\u00e9rer des prisons mentales dans lesquelles nous enferment de telles atrocit\u00e9s humaines. Comment affronter l\u2019horreur d\u00e9mesur\u00e9e de l\u2019attaque du Hamas contre Isra\u00ebl\u00a0? Comment et dans quels contextes comprendre les actes de violence de chacune des parties\u00a0? L\u2019article <a href=\"https:\/\/www.lrb.co.uk\/the-paper\/v45\/n20\/judith-butler\/the-compass-of-mourning\">\u00ab\u00a0<em>The Compass of Mourning<\/em>\u00a0\u00bb<\/a> (\u00ab\u00a0La boussole du deuil\u00a0\u00bb) de la philosophe et universitaire Judith\u00a0Butler, \u00e9voque les r\u00e9centes attaques du Hamas en Isra\u00ebl et propose une issue, une lib\u00e9ration qui ouvre la voie, dans une posture non-violente, \u00e0 modifier tout acte portant atteinte \u00e0 l\u2019humanit\u00e9, les diff\u00e9rentes positions et les repr\u00e9sentations relativistes que les structures de pouvoir actuelles repr\u00e9sentent.<\/p>\n<p>J\u2019aimerais aborder bri\u00e8vement cinq des points sur lesquels la penseuse se concentre dans son texte\u00a0:<\/p>\n<ul>\n<li>La non-violence comme solution \u00e0 tous les conflits<\/li>\n<li>Choisir son camp<\/li>\n<li>Contester l\u2019approche relativis\u00e9e des m\u00e9dias<\/li>\n<li>Le colonialisme comme vision de la domination entre les peuples<\/li>\n<li>Refuser de perp\u00e9tuer les structures de pouvoir actuelles<\/li>\n<\/ul>\n<p><strong>La non-violence comme solution \u00e0 tous les conflits<\/strong><\/p>\n<p>L\u2019autrice consid\u00e8re la non-violence comme une solution \u00e0 tous les conflits humains, un choix politique pour un monde habitable. \u00ab\u00a0Le Hamas a donn\u00e9 une r\u00e9ponse \u00e9pouvantable et terrifiante\u00a0[\u2026], mais de nombreuses autres r\u00e9ponses existent\u00a0\u00bb.<\/p>\n<p>\u00ab\u00a0Si le Hamas \u00e9tait dissout ou remplac\u00e9 par des groupes non-violents qui aspirent \u00e0 la cohabitation, nous pourrions participer \u00e0 une lutte pour une Palestine libre\u00a0\u00bb.<\/p>\n<p>\u00ab\u00a0Je soutiens que les luttes de lib\u00e9ration qui pratiquent la non-violence aident \u00e0 cr\u00e9er le monde non-violent dans lequel nous souhaitons tous et toutes vivre\u00a0\u00bb.<\/p>\n<p><strong>Choisir son camp<\/strong><\/p>\n<p>En toute coh\u00e9rence avec son aspiration d\u2019une politique non-violente et d\u2019un regard allant au-del\u00e0 des situations relativistes, Butler propose \u00e0 plusieurs reprises de ne pas se positionner en faveur d\u2019un camp ou d\u2019un autre. La situation ponctuelle, l\u2019\u00e9volution historique, l\u2019approche sensationnaliste des m\u00e9dias et le soutien des pays et id\u00e9ologies aux uns ou aux autres commettent l\u2019erreur de se positionner en faveur des uns au d\u00e9triment des autres. L\u2019empathie pour tout \u00eatre humain devrait primer.<\/p>\n<p>\u00ab\u00a0Que ferions-nous si notre sens moral et politique ne s\u2019arr\u00eatait pas \u00e0 un simple acte de condamnation\u00a0? Et si nous continuions malgr\u00e9 tout \u00e0 nous demander quelle forme de vie pourrait lib\u00e9rer la r\u00e9gion d\u2019une telle violence\u00a0? Et si, en plus de condamner ces crimes gratuits, nous voulions cr\u00e9er un futur dans lequel des violences de ce type cessaient de se produire\u00a0? Il s\u2019agit d\u2019une aspiration normative, qui va bien au-del\u00e0 d\u2019une condamnation momentan\u00e9e.\u00a0\u00bb<\/p>\n<p>\u00ab\u00a0Peut-\u00eatre que la port\u00e9e plus large du deuil sert un id\u00e9al d\u2019\u00e9galit\u00e9 plus substantiel, qui reconna\u00eet que toutes les vies perdues produisent le m\u00eame chagrin et qui suscite l\u2019indignation pour ces vies qui n\u2019auraient pas d\u00fb \u00eatre perdues, qui auraient m\u00e9rit\u00e9 de durer davantage et d\u2019\u00eatre \u00e9galement reconnues en tant que vies.\u00a0\u00bb<\/p>\n<p><strong>Contester l\u2019approche relativis\u00e9e des m\u00e9dias<\/strong><\/p>\n<p>Le cadrage m\u00e9diatique actuel ne permet pas d\u2019entamer un d\u00e9bat pr\u00e9sentant la situation historique du conflit\u00a0; il montre des repr\u00e9sentations relatives et des fragments d\u2019\u00e9v\u00e9nements avec des images sensationnalistes qui finissent par former une opinion publique \u00e0 l\u2019image de ces m\u00e9dias.<\/p>\n<p>\u00ab\u00a0Une des raisons du d\u00e9sespoir [des personnes qui observent le carnage via les m\u00e9dias] est pr\u00e9cis\u00e9ment le fait qu\u2019elles regardent les m\u00e9dias, vivant dans le monde sensationnel et fugace de l\u2019indignation morale sans espoir.\u00a0\u00bb<\/p>\n<p>\u00ab\u00a0La plupart des m\u00e9dias contemporains n\u2019entrent pas dans le d\u00e9tail des horreurs que les Palestinien\u00b7nes vivent depuis des d\u00e9cennies\u00a0: les bombardements, l\u2019arbitraire des attaques, des arrestations et des assassinats\u00a0\u00bb.<\/p>\n<p><strong>Le colonialisme comme vision de la domination entre les peuples<\/strong><\/p>\n<p>La situation met une fois de plus en \u00e9vidence l\u2019histoire de la violence coloniale et le cadrage raciste entre les soi-disant \u00ab\u00a0civilis\u00e9s\u00a0\u00bb et les soi-disant \u00ab\u00a0animaux\u00a0\u00bb, entre colonisateurs et colonis\u00e9s. Le d\u00e9sir de libration et d\u2019autod\u00e9termination du peuple palestinien face \u00e0 la domination coloniale et \u00e0 la violence militaire d\u2019Isra\u00ebl semble r\u00e9duit.<\/p>\n<p>\u00ab\u00a0Nous ne pouvons m\u00eame pas envisager un d\u00e9bat pour comprendre si l\u2019oppression militaire isra\u00e9lienne dans la r\u00e9gion est un apartheid racial ou rel\u00e8ve du colonialisme\u00a0\u00bb.<\/p>\n<p><strong>Refuser de perp\u00e9tuer les structures de pouvoir actuelles<\/strong><\/p>\n<p>Le d\u00e9sir de vivre libre et sans violence est une possibilit\u00e9 qui s\u2019oppose \u00e0 la normalisation de la domination coloniale et, par cons\u00e9quent, des structures actuelles, avec le souci d\u2019imaginer qu\u2019elles ne peuvent pas se perp\u00e9tuer ind\u00e9finiment.<\/p>\n<p>\u00ab\u00a0Certain\u00b7es d\u2019entre nous doivent s\u2019accrocher sauvagement \u00e0 cet espoir, refusant de croire que les structures actuelles existeront pour toujours. Pour ce faire, nous avons besoin nos po\u00e8tes, de celles et ceux qui r\u00eavent, celles et ceux \u00e0 la folie indomptable, le genre de personne qui sait comment se mobiliser\u00a0\u00bb.<\/p>\n<p>&nbsp;<\/p>\n<p><em>Traduit de l\u2019espagnol par <\/em><u><a href=\"mailto:deydier-traduction@pm.me\"><em>H\u00e9lo\u00efse Deydier<\/em><\/a><\/u><\/p>\n","protected":false},"excerpt":{"rendered":"<p>En ces temps de confusion et de violence d\u00e9mesur\u00e9e, nous cherchons des r\u00e9ponses qui puissent nous lib\u00e9rer des prisons mentales dans lesquelles nous enferment de telles atrocit\u00e9s humaines. Comment affronter l\u2019horreur d\u00e9mesur\u00e9e de l\u2019attaque du Hamas contre Isra\u00ebl\u00a0? Comment et&hellip;<\/p>\n","protected":false},"author":647,"featured_media":1083528,"comment_status":"closed","ping_status":"closed","sticky":false,"template":"","format":"standard","meta":{"footnotes":""},"categories":[11386,1250],"tags":[116827,470,71432,1113],"class_list":["post-1776041","post","type-post","status-publish","format-standard","has-post-thumbnail","hentry","category-contenu-original","category-paix-desarmement","tag-hamas-fr","tag-israel-fr","tag-judith-butler-fr","tag-palestine-fr"],"yoast_head":"<!-- This site is optimized with the Yoast SEO plugin v27.1.1 - https:\/\/yoast.com\/product\/yoast-seo-wordpress\/ -->\n<title>Judith Butler : la non-violence au-del\u00e0 de la condamnation<\/title>\n<meta name=\"description\" content=\"En ces temps de confusion et de violence d\u00e9mesur\u00e9e, nous cherchons des r\u00e9ponses qui puissent nous lib\u00e9rer des prisons mentales dans lesquelles nous\" \/>\n<meta name=\"robots\" content=\"index, follow, max-snippet:-1, max-image-preview:large, max-video-preview:-1\" \/>\n<link rel=\"canonical\" href=\"https:\/\/www.pressenza.com\/fr\/2023\/10\/judith-butler-la-non-violence-au-dela-de-la-condamnation\/\" \/>\n<meta property=\"og:locale\" content=\"fr_FR\" \/>\n<meta property=\"og:type\" content=\"article\" \/>\n<meta property=\"og:title\" content=\"Judith Butler : la non-violence au-del\u00e0 de la condamnation\" \/>\n<meta property=\"og:description\" content=\"En ces temps de confusion et de violence d\u00e9mesur\u00e9e, nous cherchons des r\u00e9ponses qui puissent nous lib\u00e9rer des prisons mentales dans lesquelles nous\" \/>\n<meta property=\"og:url\" content=\"https:\/\/www.pressenza.com\/fr\/2023\/10\/judith-butler-la-non-violence-au-dela-de-la-condamnation\/\" \/>\n<meta property=\"og:site_name\" content=\"Pressenza\" \/>\n<meta property=\"article:publisher\" content=\"https:\/\/www.facebook.com\/PressenzaItalia\" \/>\n<meta property=\"article:published_time\" content=\"2023-10-21T12:08:40+00:00\" \/>\n<meta property=\"og:image\" content=\"https:\/\/www.pressenza.com\/wp-content\/uploads\/2020\/04\/Via-Lattea.jpg\" \/>\n\t<meta property=\"og:image:width\" content=\"750\" \/>\n\t<meta property=\"og:image:height\" content=\"499\" \/>\n\t<meta property=\"og:image:type\" content=\"image\/jpeg\" \/>\n<meta name=\"author\" content=\"Raquel Paricio\" \/>\n<meta name=\"twitter:card\" content=\"summary_large_image\" \/>\n<meta name=\"twitter:creator\" content=\"@PressenzaIPA\" \/>\n<meta name=\"twitter:site\" content=\"@PressenzaIPA\" \/>\n<meta name=\"twitter:label1\" content=\"\u00c9crit par\" \/>\n\t<meta name=\"twitter:data1\" content=\"Raquel Paricio\" \/>\n\t<meta name=\"twitter:label2\" content=\"Dur\u00e9e de lecture estim\u00e9e\" \/>\n\t<meta name=\"twitter:data2\" content=\"4 minutes\" \/>\n<script type=\"application\/ld+json\" class=\"yoast-schema-graph\">{\"@context\":\"https:\/\/schema.org\",\"@graph\":[{\"@type\":\"Article\",\"@id\":\"https:\/\/www.pressenza.com\/fr\/2023\/10\/judith-butler-la-non-violence-au-dela-de-la-condamnation\/#article\",\"isPartOf\":{\"@id\":\"https:\/\/www.pressenza.com\/fr\/2023\/10\/judith-butler-la-non-violence-au-dela-de-la-condamnation\/\"},\"author\":{\"name\":\"Raquel Paricio\",\"@id\":\"https:\/\/www.pressenza.com\/fr\/#\/schema\/person\/7104466338f7b188aedd367b5e15c977\"},\"headline\":\"Judith Butler : la non-violence au-del\u00e0 de la condamnation\",\"datePublished\":\"2023-10-21T12:08:40+00:00\",\"mainEntityOfPage\":{\"@id\":\"https:\/\/www.pressenza.com\/fr\/2023\/10\/judith-butler-la-non-violence-au-dela-de-la-condamnation\/\"},\"wordCount\":864,\"publisher\":{\"@id\":\"https:\/\/www.pressenza.com\/fr\/#organization\"},\"image\":{\"@id\":\"https:\/\/www.pressenza.com\/fr\/2023\/10\/judith-butler-la-non-violence-au-dela-de-la-condamnation\/#primaryimage\"},\"thumbnailUrl\":\"https:\/\/www.pressenza.com\/wp-content\/uploads\/2020\/04\/Via-Lattea.jpg\",\"keywords\":[\"Hamas\",\"Isra\u00ebl\",\"Judith Butler\",\"Palestine\"],\"articleSection\":[\"Contenu Original\",\"Paix et D\u00e9sarmement\"],\"inLanguage\":\"fr-FR\"},{\"@type\":\"WebPage\",\"@id\":\"https:\/\/www.pressenza.com\/fr\/2023\/10\/judith-butler-la-non-violence-au-dela-de-la-condamnation\/\",\"url\":\"https:\/\/www.pressenza.com\/fr\/2023\/10\/judith-butler-la-non-violence-au-dela-de-la-condamnation\/\",\"name\":\"Judith Butler : la non-violence au-del\u00e0 de la condamnation\",\"isPartOf\":{\"@id\":\"https:\/\/www.pressenza.com\/fr\/#website\"},\"primaryImageOfPage\":{\"@id\":\"https:\/\/www.pressenza.com\/fr\/2023\/10\/judith-butler-la-non-violence-au-dela-de-la-condamnation\/#primaryimage\"},\"image\":{\"@id\":\"https:\/\/www.pressenza.com\/fr\/2023\/10\/judith-butler-la-non-violence-au-dela-de-la-condamnation\/#primaryimage\"},\"thumbnailUrl\":\"https:\/\/www.pressenza.com\/wp-content\/uploads\/2020\/04\/Via-Lattea.jpg\",\"datePublished\":\"2023-10-21T12:08:40+00:00\",\"description\":\"En ces temps de confusion et de violence d\u00e9mesur\u00e9e, nous cherchons des r\u00e9ponses qui puissent nous lib\u00e9rer des prisons mentales dans lesquelles nous\",\"breadcrumb\":{\"@id\":\"https:\/\/www.pressenza.com\/fr\/2023\/10\/judith-butler-la-non-violence-au-dela-de-la-condamnation\/#breadcrumb\"},\"inLanguage\":\"fr-FR\",\"potentialAction\":[{\"@type\":\"ReadAction\",\"target\":[\"https:\/\/www.pressenza.com\/fr\/2023\/10\/judith-butler-la-non-violence-au-dela-de-la-condamnation\/\"]}]},{\"@type\":\"ImageObject\",\"inLanguage\":\"fr-FR\",\"@id\":\"https:\/\/www.pressenza.com\/fr\/2023\/10\/judith-butler-la-non-violence-au-dela-de-la-condamnation\/#primaryimage\",\"url\":\"https:\/\/www.pressenza.com\/wp-content\/uploads\/2020\/04\/Via-Lattea.jpg\",\"contentUrl\":\"https:\/\/www.pressenza.com\/wp-content\/uploads\/2020\/04\/Via-Lattea.jpg\",\"width\":750,\"height\":499,\"caption\":\"La non-violence comme spiritualit\u00e9\"},{\"@type\":\"BreadcrumbList\",\"@id\":\"https:\/\/www.pressenza.com\/fr\/2023\/10\/judith-butler-la-non-violence-au-dela-de-la-condamnation\/#breadcrumb\",\"itemListElement\":[{\"@type\":\"ListItem\",\"position\":1,\"name\":\"Accueil\",\"item\":\"https:\/\/www.pressenza.com\/fr\/\"},{\"@type\":\"ListItem\",\"position\":2,\"name\":\"Judith Butler : la non-violence au-del\u00e0 de la condamnation\"}]},{\"@type\":\"WebSite\",\"@id\":\"https:\/\/www.pressenza.com\/fr\/#website\",\"url\":\"https:\/\/www.pressenza.com\/fr\/\",\"name\":\"Pressenza\",\"description\":\"International Press Agency\",\"publisher\":{\"@id\":\"https:\/\/www.pressenza.com\/fr\/#organization\"},\"potentialAction\":[{\"@type\":\"SearchAction\",\"target\":{\"@type\":\"EntryPoint\",\"urlTemplate\":\"https:\/\/www.pressenza.com\/fr\/?s={search_term_string}\"},\"query-input\":{\"@type\":\"PropertyValueSpecification\",\"valueRequired\":true,\"valueName\":\"search_term_string\"}}],\"inLanguage\":\"fr-FR\"},{\"@type\":\"Organization\",\"@id\":\"https:\/\/www.pressenza.com\/fr\/#organization\",\"name\":\"Pressenza\",\"url\":\"https:\/\/www.pressenza.com\/fr\/\",\"logo\":{\"@type\":\"ImageObject\",\"inLanguage\":\"fr-FR\",\"@id\":\"https:\/\/www.pressenza.com\/fr\/#\/schema\/logo\/image\/\",\"url\":\"https:\/\/www.pressenza.com\/wp-content\/uploads\/2022\/10\/pressenza_logo_200x200.jpg\",\"contentUrl\":\"https:\/\/www.pressenza.com\/wp-content\/uploads\/2022\/10\/pressenza_logo_200x200.jpg\",\"width\":200,\"height\":200,\"caption\":\"Pressenza\"},\"image\":{\"@id\":\"https:\/\/www.pressenza.com\/fr\/#\/schema\/logo\/image\/\"},\"sameAs\":[\"https:\/\/www.facebook.com\/PressenzaItalia\",\"https:\/\/x.com\/PressenzaIPA\"]},{\"@type\":\"Person\",\"@id\":\"https:\/\/www.pressenza.com\/fr\/#\/schema\/person\/7104466338f7b188aedd367b5e15c977\",\"name\":\"Raquel Paricio\",\"description\":\"Docente. Artista. Humanista. Doctora en Arte y Tecnolog\u00eda. Investiga en las diferentes escuelas de meditaci\u00f3n de diferentes culturas.\",\"url\":\"https:\/\/www.pressenza.com\/fr\/author\/raquel-paricio\/\"}]}<\/script>\n<!-- \/ Yoast SEO plugin. -->","yoast_head_json":{"title":"Judith Butler : la non-violence au-del\u00e0 de la condamnation","description":"En ces temps de confusion et de violence d\u00e9mesur\u00e9e, nous cherchons des r\u00e9ponses qui puissent nous lib\u00e9rer des prisons mentales dans lesquelles nous","robots":{"index":"index","follow":"follow","max-snippet":"max-snippet:-1","max-image-preview":"max-image-preview:large","max-video-preview":"max-video-preview:-1"},"canonical":"https:\/\/www.pressenza.com\/fr\/2023\/10\/judith-butler-la-non-violence-au-dela-de-la-condamnation\/","og_locale":"fr_FR","og_type":"article","og_title":"Judith Butler : la non-violence au-del\u00e0 de la condamnation","og_description":"En ces temps de confusion et de violence d\u00e9mesur\u00e9e, nous cherchons des r\u00e9ponses qui puissent nous lib\u00e9rer des prisons mentales dans lesquelles nous","og_url":"https:\/\/www.pressenza.com\/fr\/2023\/10\/judith-butler-la-non-violence-au-dela-de-la-condamnation\/","og_site_name":"Pressenza","article_publisher":"https:\/\/www.facebook.com\/PressenzaItalia","article_published_time":"2023-10-21T12:08:40+00:00","og_image":[{"width":750,"height":499,"url":"https:\/\/www.pressenza.com\/wp-content\/uploads\/2020\/04\/Via-Lattea.jpg","type":"image\/jpeg"}],"author":"Raquel Paricio","twitter_card":"summary_large_image","twitter_creator":"@PressenzaIPA","twitter_site":"@PressenzaIPA","twitter_misc":{"\u00c9crit par":"Raquel Paricio","Dur\u00e9e de lecture estim\u00e9e":"4 minutes"},"schema":{"@context":"https:\/\/schema.org","@graph":[{"@type":"Article","@id":"https:\/\/www.pressenza.com\/fr\/2023\/10\/judith-butler-la-non-violence-au-dela-de-la-condamnation\/#article","isPartOf":{"@id":"https:\/\/www.pressenza.com\/fr\/2023\/10\/judith-butler-la-non-violence-au-dela-de-la-condamnation\/"},"author":{"name":"Raquel Paricio","@id":"https:\/\/www.pressenza.com\/fr\/#\/schema\/person\/7104466338f7b188aedd367b5e15c977"},"headline":"Judith Butler : la non-violence au-del\u00e0 de la condamnation","datePublished":"2023-10-21T12:08:40+00:00","mainEntityOfPage":{"@id":"https:\/\/www.pressenza.com\/fr\/2023\/10\/judith-butler-la-non-violence-au-dela-de-la-condamnation\/"},"wordCount":864,"publisher":{"@id":"https:\/\/www.pressenza.com\/fr\/#organization"},"image":{"@id":"https:\/\/www.pressenza.com\/fr\/2023\/10\/judith-butler-la-non-violence-au-dela-de-la-condamnation\/#primaryimage"},"thumbnailUrl":"https:\/\/www.pressenza.com\/wp-content\/uploads\/2020\/04\/Via-Lattea.jpg","keywords":["Hamas","Isra\u00ebl","Judith Butler","Palestine"],"articleSection":["Contenu Original","Paix et D\u00e9sarmement"],"inLanguage":"fr-FR"},{"@type":"WebPage","@id":"https:\/\/www.pressenza.com\/fr\/2023\/10\/judith-butler-la-non-violence-au-dela-de-la-condamnation\/","url":"https:\/\/www.pressenza.com\/fr\/2023\/10\/judith-butler-la-non-violence-au-dela-de-la-condamnation\/","name":"Judith Butler : la non-violence au-del\u00e0 de la condamnation","isPartOf":{"@id":"https:\/\/www.pressenza.com\/fr\/#website"},"primaryImageOfPage":{"@id":"https:\/\/www.pressenza.com\/fr\/2023\/10\/judith-butler-la-non-violence-au-dela-de-la-condamnation\/#primaryimage"},"image":{"@id":"https:\/\/www.pressenza.com\/fr\/2023\/10\/judith-butler-la-non-violence-au-dela-de-la-condamnation\/#primaryimage"},"thumbnailUrl":"https:\/\/www.pressenza.com\/wp-content\/uploads\/2020\/04\/Via-Lattea.jpg","datePublished":"2023-10-21T12:08:40+00:00","description":"En ces temps de confusion et de violence d\u00e9mesur\u00e9e, nous cherchons des r\u00e9ponses qui puissent nous lib\u00e9rer des prisons mentales dans lesquelles nous","breadcrumb":{"@id":"https:\/\/www.pressenza.com\/fr\/2023\/10\/judith-butler-la-non-violence-au-dela-de-la-condamnation\/#breadcrumb"},"inLanguage":"fr-FR","potentialAction":[{"@type":"ReadAction","target":["https:\/\/www.pressenza.com\/fr\/2023\/10\/judith-butler-la-non-violence-au-dela-de-la-condamnation\/"]}]},{"@type":"ImageObject","inLanguage":"fr-FR","@id":"https:\/\/www.pressenza.com\/fr\/2023\/10\/judith-butler-la-non-violence-au-dela-de-la-condamnation\/#primaryimage","url":"https:\/\/www.pressenza.com\/wp-content\/uploads\/2020\/04\/Via-Lattea.jpg","contentUrl":"https:\/\/www.pressenza.com\/wp-content\/uploads\/2020\/04\/Via-Lattea.jpg","width":750,"height":499,"caption":"La non-violence comme spiritualit\u00e9"},{"@type":"BreadcrumbList","@id":"https:\/\/www.pressenza.com\/fr\/2023\/10\/judith-butler-la-non-violence-au-dela-de-la-condamnation\/#breadcrumb","itemListElement":[{"@type":"ListItem","position":1,"name":"Accueil","item":"https:\/\/www.pressenza.com\/fr\/"},{"@type":"ListItem","position":2,"name":"Judith Butler : la non-violence au-del\u00e0 de la condamnation"}]},{"@type":"WebSite","@id":"https:\/\/www.pressenza.com\/fr\/#website","url":"https:\/\/www.pressenza.com\/fr\/","name":"Pressenza","description":"International Press Agency","publisher":{"@id":"https:\/\/www.pressenza.com\/fr\/#organization"},"potentialAction":[{"@type":"SearchAction","target":{"@type":"EntryPoint","urlTemplate":"https:\/\/www.pressenza.com\/fr\/?s={search_term_string}"},"query-input":{"@type":"PropertyValueSpecification","valueRequired":true,"valueName":"search_term_string"}}],"inLanguage":"fr-FR"},{"@type":"Organization","@id":"https:\/\/www.pressenza.com\/fr\/#organization","name":"Pressenza","url":"https:\/\/www.pressenza.com\/fr\/","logo":{"@type":"ImageObject","inLanguage":"fr-FR","@id":"https:\/\/www.pressenza.com\/fr\/#\/schema\/logo\/image\/","url":"https:\/\/www.pressenza.com\/wp-content\/uploads\/2022\/10\/pressenza_logo_200x200.jpg","contentUrl":"https:\/\/www.pressenza.com\/wp-content\/uploads\/2022\/10\/pressenza_logo_200x200.jpg","width":200,"height":200,"caption":"Pressenza"},"image":{"@id":"https:\/\/www.pressenza.com\/fr\/#\/schema\/logo\/image\/"},"sameAs":["https:\/\/www.facebook.com\/PressenzaItalia","https:\/\/x.com\/PressenzaIPA"]},{"@type":"Person","@id":"https:\/\/www.pressenza.com\/fr\/#\/schema\/person\/7104466338f7b188aedd367b5e15c977","name":"Raquel Paricio","description":"Docente. Artista. Humanista. Doctora en Arte y Tecnolog\u00eda. Investiga en las diferentes escuelas de meditaci\u00f3n de diferentes culturas.","url":"https:\/\/www.pressenza.com\/fr\/author\/raquel-paricio\/"}]}},"place":"Barcelone, Espagne","original_article_url":"","_links":{"self":[{"href":"https:\/\/www.pressenza.com\/fr\/wp-json\/wp\/v2\/posts\/1776041","targetHints":{"allow":["GET"]}}],"collection":[{"href":"https:\/\/www.pressenza.com\/fr\/wp-json\/wp\/v2\/posts"}],"about":[{"href":"https:\/\/www.pressenza.com\/fr\/wp-json\/wp\/v2\/types\/post"}],"author":[{"embeddable":true,"href":"https:\/\/www.pressenza.com\/fr\/wp-json\/wp\/v2\/users\/647"}],"replies":[{"embeddable":true,"href":"https:\/\/www.pressenza.com\/fr\/wp-json\/wp\/v2\/comments?post=1776041"}],"version-history":[{"count":0,"href":"https:\/\/www.pressenza.com\/fr\/wp-json\/wp\/v2\/posts\/1776041\/revisions"}],"wp:featuredmedia":[{"embeddable":true,"href":"https:\/\/www.pressenza.com\/fr\/wp-json\/wp\/v2\/media\/1083528"}],"wp:attachment":[{"href":"https:\/\/www.pressenza.com\/fr\/wp-json\/wp\/v2\/media?parent=1776041"}],"wp:term":[{"taxonomy":"category","embeddable":true,"href":"https:\/\/www.pressenza.com\/fr\/wp-json\/wp\/v2\/categories?post=1776041"},{"taxonomy":"post_tag","embeddable":true,"href":"https:\/\/www.pressenza.com\/fr\/wp-json\/wp\/v2\/tags?post=1776041"}],"curies":[{"name":"wp","href":"https:\/\/api.w.org\/{rel}","templated":true}]}}