{"id":1775564,"date":"2023-10-20T06:00:31","date_gmt":"2023-10-20T05:00:31","guid":{"rendered":"https:\/\/www.pressenza.com\/?p=1775564"},"modified":"2023-11-12T12:36:31","modified_gmt":"2023-11-12T12:36:31","slug":"vie-locale-construction-citoyennes-2-eme-universite-dete-de-lhumanisme-universaliste","status":"publish","type":"post","link":"https:\/\/www.pressenza.com\/fr\/2023\/10\/vie-locale-construction-citoyennes-2-eme-universite-dete-de-lhumanisme-universaliste\/","title":{"rendered":"Vie locale, construction citoyennes- 2e universit\u00e9 d&rsquo;\u00e9t\u00e9 de l&rsquo;humanisme universaliste"},"content":{"rendered":"<p>Les 25-26-27 ao\u00fbt 2023, les <strong>universit\u00e9s d&rsquo;\u00e9t\u00e9 de l&rsquo;Humanisme Universaliste<\/strong> rassemblaient pour leur deuxi\u00e8me \u00e9dition en France des personnes pr\u00e9occup\u00e9es et engag\u00e9es dans la <strong>transformation sociale et la transformation personnelle,<\/strong> n\u00e9cessaire pour l&rsquo;accompagner, sur la base des valeurs et attitudes du <strong>Nouvel Humanisme<\/strong> : penser, sentir, agir dans la m\u00eame direction, et traiter les autres comme nous voulons \u00eatre trait\u00e9s.<\/p>\n<p>Trois jours de rencontres, d&rsquo;ateliers, de dialogues et d&rsquo;\u00e9changes dans le cadre inspirateur des <strong>Parcs d\u2019\u00c9tude et de R\u00e9flexion La Belle Id\u00e9e<\/strong>, \u00e0 Bassevelle en Seine-et-Marne*, pour alimenter les engagements divers des participants, comme par exemple des actions locales culturelles, des cr\u00e9ations de r\u00e9seaux \u00e9conomiques alternatifs et non-violents, la Marche mondiale pour la <strong>paix et la non- violence<\/strong>, l&rsquo;action l\u00e9gislative face aux structures capitalistes n\u00e9olib\u00e9rales, le sens de la m\u00e9ditation pour servir l&rsquo;action sociale, les liens entre l&rsquo;unit\u00e9 int\u00e9rieure et la recherche de consensus dans l&rsquo;action d&rsquo;ensemble, l&rsquo;engagement politique et la mystique sociale.<\/p>\n<p>Nous pr\u00e9sentons aujourd&rsquo;hui l&rsquo;un des ateliers : <strong>Vie locale, constructions citoyennes<\/strong><\/p>\n<p>Cet atelier, \u00e0 travers un partage d\u2019exp\u00e9rience d\u2019actions locales, pose les questions suivantes : quelles sont les valeurs, les images, les id\u00e9aux qui guident nos constructions citoyennes ? En quoi et comment cela contribue-t-il \u00e0 construire un\u00a0 monde nouveau ? Quels sont les indicateurs qui nous renforcent dans ces actions ?<\/p>\n<p><strong>Ricardo Arias et Marie-H\u00e9l\u00e8ne Muller<\/strong> de <strong>Tera<\/strong> \u00a0ainsi que <strong>Camille Moreau<\/strong> de \u00a0<strong>\u00ab\u00a0Ecolieu du Parc de l&rsquo;Etang\u00a0\u00bb<\/strong> , acteurs de projets de d\u00e9veloppement local t\u00e9moignent.<\/p>\n<p><iframe loading=\"lazy\" title=\"Tera et \u00c9colieu du Parc de l&#039;Etang- Universit\u00e9 d&#039;\u00e9t\u00e9 de l&#039;humanisme universaliste-2023\" width=\"500\" height=\"281\" src=\"https:\/\/www.youtube.com\/embed\/RLdXh1S_mSM?feature=oembed\" frameborder=\"0\" allow=\"accelerometer; autoplay; clipboard-write; encrypted-media; gyroscope; picture-in-picture; web-share\" referrerpolicy=\"strict-origin-when-cross-origin\" allowfullscreen><\/iframe><\/p>\n<p><strong>Tera<\/strong> est un projet de d\u00e9veloppement territorial dans une zone rurale du Lot-et-Garonne, qui vise \u00e0 cr\u00e9er un \u00e9cosyst\u00e8me coop\u00e9ratif pour relocaliser \u00e0 85 % la production vitale de ses habitants, abaisser son empreinte \u00e9cologique \u00e0 moins d&rsquo;une plan\u00e8te, valoriser cette production en monnaie citoyenne locale, \u00e9mise via un revenu d&rsquo;autonomie d&rsquo;un euro sup\u00e9rieur au seuil de pauvret\u00e9 pour chacun et chacune de ses habitants. <a href=\"https:\/\/www.tera.coop\/\">https:\/\/www.tera.coop\/<\/a><\/p>\n<p><strong>L\u2019Ecolieu du Parc de l\u2019\u00c9tang<\/strong> est situ\u00e9 en p\u00e9riph\u00e9rie du village de Verdelot, en Seine-et-Marne.<\/p>\n<p>Il s\u2019est construit \u00e0 partir d\u2019une initiative citoyenne \u00e0 partir de mars 2023, dans l\u2019id\u00e9e de cr\u00e9er un collectif. Il est en partie financ\u00e9 par un projet commercial.<\/p>\n<p>Le collectif d\u2019une dizaine de personne \u00e0 l\u2019origine s\u2019est structur\u00e9 avec la cr\u00e9ation d\u2019une association\u00a0: l\u2019Ecolieu du Parc de l\u2019Etang \u2013 EPE. Il s\u2019agit d\u2019une association dite coll\u00e9giale, les d\u00e9cisions sont prises au consensus et les t\u00e2ches sont r\u00e9parties entre les membres. \u00c0 l\u2019Ecolieu du Parc de l\u2019\u00c9tang, nous croyons en des valeurs fortes qui guident notre quotidien\u00a0: le partage, la bienveillance, le fait que chacun.e participe \u00e0 sa mani\u00e8re, la positivit\u00e9 et le respect.<\/p>\n<p>Le groupe a plusieurs objectifs\u00a0:<\/p>\n<ul>\n<li>Cr\u00e9er un lieu interg\u00e9n\u00e9rationnel convivial.<\/li>\n<li>Atteindre l&rsquo;autosuffisance alimentaire en produisant collectivement sur une zone agricole, privil\u00e9gier des m\u00e9thodes respectueuses de l&rsquo;environnement et sans produits chimiques synth\u00e9tiques, pour une alimentation de qualit\u00e9 et saisonni\u00e8re.<\/li>\n<li>Adopter une approche \u00e9cologique et minimiser notre d\u00e9pendance aux fournisseurs d&rsquo;\u00e9nergie en utilisant de mani\u00e8re responsable les ressources naturelles et l&rsquo;\u00e9nergie<\/li>\n<li>Encourager la r\u00e9cup\u00e9ration, le troc et l&rsquo;\u00e9change de comp\u00e9tences.<\/li>\n<li>Organiser des activit\u00e9s, \u00e9v\u00e9nements et formations en lien avec nos objectifs.<\/li>\n<li>Favoriser les partenariats avec les acteurs locaux.<\/li>\n<\/ul>\n<p>L\u2019\u00e9colieu organise des visites\u00a0: le collectif n\u2019est pas au complet\u00a0!<\/p>\n<p>N\u2019h\u00e9sitez pas \u00e0 contacter <strong>Camille Moreau<\/strong> (0646194285) et\/ou <strong>Hugo Villard<\/strong> (0611324145) pour plus d\u2019informations.<\/p>\n<p>&nbsp;<\/p>\n<p>Pour plus d&rsquo;informations concernant l&rsquo;\u00e9dition 2024 des rencontres de l&rsquo;humanisme universaliste, merci d&rsquo;\u00e9crire \u00e0 <a href=\"mailto:uni.humanisme.universaliste@gmail.com\">uni.humanisme.universaliste@gmail.com<\/a>.<\/p>\n<p>*Parcs d\u2019\u00c9tude et de R\u00e9flexion La Belle Id\u00e9e<\/p>\n<p>847 Route de Montmirail &#8211; 77750 Bassevelle &#8211; <a href=\"http:\/\/www.parclabelleidee.fr\">www.parclabelleidee.fr<\/a><\/p>\n","protected":false},"excerpt":{"rendered":"<p>Les 25-26-27 ao\u00fbt 2023, les universit\u00e9s d&rsquo;\u00e9t\u00e9 de l&rsquo;Humanisme Universaliste rassemblaient pour leur deuxi\u00e8me \u00e9dition en France des personnes pr\u00e9occup\u00e9es et engag\u00e9es dans la transformation sociale et la transformation personnelle, n\u00e9cessaire pour l&rsquo;accompagner, sur la base des valeurs et attitudes&hellip;<\/p>\n","protected":false},"author":752,"featured_media":1775563,"comment_status":"closed","ping_status":"closed","sticky":false,"template":"","format":"standard","meta":{"footnotes":""},"categories":[11386,1246,27989],"tags":[117169,18801,117167,117170,31286,116718,117168],"class_list":["post-1775564","post","type-post","status-publish","format-standard","has-post-thumbnail","hentry","category-contenu-original","category-humanisme-spiritualite","category-video-fr","tag-constructions-citoyennes","tag-developpement-territorial","tag-eco-village-de-letang","tag-ecosysteme-cooperatif","tag-tera","tag-universites-dete-de-lhumanisme-universaliste","tag-vie-locale"],"yoast_head":"<!-- This site is optimized with the Yoast SEO plugin v27.1.1 - https:\/\/yoast.com\/product\/yoast-seo-wordpress\/ -->\n<title>Vie locale, construction citoyennes- 2e universit\u00e9 d&#039;\u00e9t\u00e9 de l&#039;humanisme universaliste<\/title>\n<meta name=\"description\" content=\"Les 25-26-27 ao\u00fbt 2023, les universit\u00e9s d&#039;\u00e9t\u00e9 de l&#039;Humanisme Universaliste rassemblaient pour leur deuxi\u00e8me \u00e9dition en France des personnes pr\u00e9occup\u00e9es et\" \/>\n<meta name=\"robots\" content=\"index, follow, max-snippet:-1, max-image-preview:large, max-video-preview:-1\" \/>\n<link rel=\"canonical\" href=\"https:\/\/www.pressenza.com\/fr\/2023\/10\/vie-locale-construction-citoyennes-2-eme-universite-dete-de-lhumanisme-universaliste\/\" \/>\n<meta property=\"og:locale\" content=\"fr_FR\" \/>\n<meta property=\"og:type\" content=\"article\" \/>\n<meta property=\"og:title\" content=\"Vie locale, construction citoyennes- 2e universit\u00e9 d&#039;\u00e9t\u00e9 de l&#039;humanisme universaliste\" \/>\n<meta property=\"og:description\" content=\"Les 25-26-27 ao\u00fbt 2023, les universit\u00e9s d&#039;\u00e9t\u00e9 de l&#039;Humanisme Universaliste rassemblaient pour leur deuxi\u00e8me \u00e9dition en France des personnes pr\u00e9occup\u00e9es et\" \/>\n<meta property=\"og:url\" content=\"https:\/\/www.pressenza.com\/fr\/2023\/10\/vie-locale-construction-citoyennes-2-eme-universite-dete-de-lhumanisme-universaliste\/\" \/>\n<meta property=\"og:site_name\" content=\"Pressenza\" \/>\n<meta property=\"article:publisher\" content=\"https:\/\/www.facebook.com\/PressenzaItalia\" \/>\n<meta property=\"article:published_time\" content=\"2023-10-20T05:00:31+00:00\" \/>\n<meta property=\"article:modified_time\" content=\"2023-11-12T12:36:31+00:00\" \/>\n<meta property=\"og:image\" content=\"https:\/\/www.pressenza.com\/wp-content\/uploads\/2023\/10\/ecovillages.png\" \/>\n\t<meta property=\"og:image:width\" content=\"1280\" \/>\n\t<meta property=\"og:image:height\" content=\"720\" \/>\n\t<meta property=\"og:image:type\" content=\"image\/png\" \/>\n<meta name=\"author\" content=\"R\u00e9daction Paris\" \/>\n<meta name=\"twitter:card\" content=\"summary_large_image\" \/>\n<meta name=\"twitter:creator\" content=\"@PressenzaIPA\" \/>\n<meta name=\"twitter:site\" content=\"@PressenzaIPA\" \/>\n<meta name=\"twitter:label1\" content=\"\u00c9crit par\" \/>\n\t<meta name=\"twitter:data1\" content=\"R\u00e9daction Paris\" \/>\n\t<meta name=\"twitter:label2\" content=\"Dur\u00e9e de lecture estim\u00e9e\" \/>\n\t<meta name=\"twitter:data2\" content=\"3 minutes\" \/>\n<script type=\"application\/ld+json\" class=\"yoast-schema-graph\">{\"@context\":\"https:\/\/schema.org\",\"@graph\":[{\"@type\":\"Article\",\"@id\":\"https:\/\/www.pressenza.com\/fr\/2023\/10\/vie-locale-construction-citoyennes-2-eme-universite-dete-de-lhumanisme-universaliste\/#article\",\"isPartOf\":{\"@id\":\"https:\/\/www.pressenza.com\/fr\/2023\/10\/vie-locale-construction-citoyennes-2-eme-universite-dete-de-lhumanisme-universaliste\/\"},\"author\":{\"name\":\"R\u00e9daction Paris\",\"@id\":\"https:\/\/www.pressenza.com\/fr\/#\/schema\/person\/5698ef8d4c2a370cbdd59d5b17455af6\"},\"headline\":\"Vie locale, construction citoyennes- 2e universit\u00e9 d&rsquo;\u00e9t\u00e9 de l&rsquo;humanisme universaliste\",\"datePublished\":\"2023-10-20T05:00:31+00:00\",\"dateModified\":\"2023-11-12T12:36:31+00:00\",\"mainEntityOfPage\":{\"@id\":\"https:\/\/www.pressenza.com\/fr\/2023\/10\/vie-locale-construction-citoyennes-2-eme-universite-dete-de-lhumanisme-universaliste\/\"},\"wordCount\":676,\"publisher\":{\"@id\":\"https:\/\/www.pressenza.com\/fr\/#organization\"},\"image\":{\"@id\":\"https:\/\/www.pressenza.com\/fr\/2023\/10\/vie-locale-construction-citoyennes-2-eme-universite-dete-de-lhumanisme-universaliste\/#primaryimage\"},\"thumbnailUrl\":\"https:\/\/www.pressenza.com\/wp-content\/uploads\/2023\/10\/ecovillages.png\",\"keywords\":[\"constructions citoyennes\",\"d\u00e9veloppement territorial\",\"Eco-village de l\u2019\u00e9tang\",\"\u00e9cosyst\u00e8me coop\u00e9ratif\",\"Tera\",\"universit\u00e9s d'\u00e9t\u00e9 de l'Humanisme Universaliste\",\"vie locale\"],\"articleSection\":[\"Contenu Original\",\"Humanisme et Spiritualit\u00e9\",\"Video\"],\"inLanguage\":\"fr-FR\"},{\"@type\":\"WebPage\",\"@id\":\"https:\/\/www.pressenza.com\/fr\/2023\/10\/vie-locale-construction-citoyennes-2-eme-universite-dete-de-lhumanisme-universaliste\/\",\"url\":\"https:\/\/www.pressenza.com\/fr\/2023\/10\/vie-locale-construction-citoyennes-2-eme-universite-dete-de-lhumanisme-universaliste\/\",\"name\":\"Vie locale, construction citoyennes- 2e universit\u00e9 d'\u00e9t\u00e9 de l'humanisme universaliste\",\"isPartOf\":{\"@id\":\"https:\/\/www.pressenza.com\/fr\/#website\"},\"primaryImageOfPage\":{\"@id\":\"https:\/\/www.pressenza.com\/fr\/2023\/10\/vie-locale-construction-citoyennes-2-eme-universite-dete-de-lhumanisme-universaliste\/#primaryimage\"},\"image\":{\"@id\":\"https:\/\/www.pressenza.com\/fr\/2023\/10\/vie-locale-construction-citoyennes-2-eme-universite-dete-de-lhumanisme-universaliste\/#primaryimage\"},\"thumbnailUrl\":\"https:\/\/www.pressenza.com\/wp-content\/uploads\/2023\/10\/ecovillages.png\",\"datePublished\":\"2023-10-20T05:00:31+00:00\",\"dateModified\":\"2023-11-12T12:36:31+00:00\",\"description\":\"Les 25-26-27 ao\u00fbt 2023, les universit\u00e9s d'\u00e9t\u00e9 de l'Humanisme Universaliste rassemblaient pour leur deuxi\u00e8me \u00e9dition en France des personnes pr\u00e9occup\u00e9es et\",\"breadcrumb\":{\"@id\":\"https:\/\/www.pressenza.com\/fr\/2023\/10\/vie-locale-construction-citoyennes-2-eme-universite-dete-de-lhumanisme-universaliste\/#breadcrumb\"},\"inLanguage\":\"fr-FR\",\"potentialAction\":[{\"@type\":\"ReadAction\",\"target\":[\"https:\/\/www.pressenza.com\/fr\/2023\/10\/vie-locale-construction-citoyennes-2-eme-universite-dete-de-lhumanisme-universaliste\/\"]}]},{\"@type\":\"ImageObject\",\"inLanguage\":\"fr-FR\",\"@id\":\"https:\/\/www.pressenza.com\/fr\/2023\/10\/vie-locale-construction-citoyennes-2-eme-universite-dete-de-lhumanisme-universaliste\/#primaryimage\",\"url\":\"https:\/\/www.pressenza.com\/wp-content\/uploads\/2023\/10\/ecovillages.png\",\"contentUrl\":\"https:\/\/www.pressenza.com\/wp-content\/uploads\/2023\/10\/ecovillages.png\",\"width\":1280,\"height\":720,\"caption\":\"Universit\u00e9 d'\u00e9t\u00e9 de l'humanisme universaliste-J\u00e9rome Dun\"},{\"@type\":\"BreadcrumbList\",\"@id\":\"https:\/\/www.pressenza.com\/fr\/2023\/10\/vie-locale-construction-citoyennes-2-eme-universite-dete-de-lhumanisme-universaliste\/#breadcrumb\",\"itemListElement\":[{\"@type\":\"ListItem\",\"position\":1,\"name\":\"Accueil\",\"item\":\"https:\/\/www.pressenza.com\/fr\/\"},{\"@type\":\"ListItem\",\"position\":2,\"name\":\"Vie locale, construction citoyennes- 2e universit\u00e9 d&rsquo;\u00e9t\u00e9 de l&rsquo;humanisme universaliste\"}]},{\"@type\":\"WebSite\",\"@id\":\"https:\/\/www.pressenza.com\/fr\/#website\",\"url\":\"https:\/\/www.pressenza.com\/fr\/\",\"name\":\"Pressenza\",\"description\":\"International Press Agency\",\"publisher\":{\"@id\":\"https:\/\/www.pressenza.com\/fr\/#organization\"},\"potentialAction\":[{\"@type\":\"SearchAction\",\"target\":{\"@type\":\"EntryPoint\",\"urlTemplate\":\"https:\/\/www.pressenza.com\/fr\/?s={search_term_string}\"},\"query-input\":{\"@type\":\"PropertyValueSpecification\",\"valueRequired\":true,\"valueName\":\"search_term_string\"}}],\"inLanguage\":\"fr-FR\"},{\"@type\":\"Organization\",\"@id\":\"https:\/\/www.pressenza.com\/fr\/#organization\",\"name\":\"Pressenza\",\"url\":\"https:\/\/www.pressenza.com\/fr\/\",\"logo\":{\"@type\":\"ImageObject\",\"inLanguage\":\"fr-FR\",\"@id\":\"https:\/\/www.pressenza.com\/fr\/#\/schema\/logo\/image\/\",\"url\":\"https:\/\/www.pressenza.com\/wp-content\/uploads\/2022\/10\/pressenza_logo_200x200.jpg\",\"contentUrl\":\"https:\/\/www.pressenza.com\/wp-content\/uploads\/2022\/10\/pressenza_logo_200x200.jpg\",\"width\":200,\"height\":200,\"caption\":\"Pressenza\"},\"image\":{\"@id\":\"https:\/\/www.pressenza.com\/fr\/#\/schema\/logo\/image\/\"},\"sameAs\":[\"https:\/\/www.facebook.com\/PressenzaItalia\",\"https:\/\/x.com\/PressenzaIPA\"]},{\"@type\":\"Person\",\"@id\":\"https:\/\/www.pressenza.com\/fr\/#\/schema\/person\/5698ef8d4c2a370cbdd59d5b17455af6\",\"name\":\"R\u00e9daction Paris\",\"description\":\"News published by the Pressenza bureau in Paris, France\",\"url\":\"https:\/\/www.pressenza.com\/fr\/author\/redaction-paris\/\"}]}<\/script>\n<!-- \/ Yoast SEO plugin. -->","yoast_head_json":{"title":"Vie locale, construction citoyennes- 2e universit\u00e9 d'\u00e9t\u00e9 de l'humanisme universaliste","description":"Les 25-26-27 ao\u00fbt 2023, les universit\u00e9s d'\u00e9t\u00e9 de l'Humanisme Universaliste rassemblaient pour leur deuxi\u00e8me \u00e9dition en France des personnes pr\u00e9occup\u00e9es et","robots":{"index":"index","follow":"follow","max-snippet":"max-snippet:-1","max-image-preview":"max-image-preview:large","max-video-preview":"max-video-preview:-1"},"canonical":"https:\/\/www.pressenza.com\/fr\/2023\/10\/vie-locale-construction-citoyennes-2-eme-universite-dete-de-lhumanisme-universaliste\/","og_locale":"fr_FR","og_type":"article","og_title":"Vie locale, construction citoyennes- 2e universit\u00e9 d'\u00e9t\u00e9 de l'humanisme universaliste","og_description":"Les 25-26-27 ao\u00fbt 2023, les universit\u00e9s d'\u00e9t\u00e9 de l'Humanisme Universaliste rassemblaient pour leur deuxi\u00e8me \u00e9dition en France des personnes pr\u00e9occup\u00e9es et","og_url":"https:\/\/www.pressenza.com\/fr\/2023\/10\/vie-locale-construction-citoyennes-2-eme-universite-dete-de-lhumanisme-universaliste\/","og_site_name":"Pressenza","article_publisher":"https:\/\/www.facebook.com\/PressenzaItalia","article_published_time":"2023-10-20T05:00:31+00:00","article_modified_time":"2023-11-12T12:36:31+00:00","og_image":[{"width":1280,"height":720,"url":"https:\/\/www.pressenza.com\/wp-content\/uploads\/2023\/10\/ecovillages.png","type":"image\/png"}],"author":"R\u00e9daction Paris","twitter_card":"summary_large_image","twitter_creator":"@PressenzaIPA","twitter_site":"@PressenzaIPA","twitter_misc":{"\u00c9crit par":"R\u00e9daction Paris","Dur\u00e9e de lecture estim\u00e9e":"3 minutes"},"schema":{"@context":"https:\/\/schema.org","@graph":[{"@type":"Article","@id":"https:\/\/www.pressenza.com\/fr\/2023\/10\/vie-locale-construction-citoyennes-2-eme-universite-dete-de-lhumanisme-universaliste\/#article","isPartOf":{"@id":"https:\/\/www.pressenza.com\/fr\/2023\/10\/vie-locale-construction-citoyennes-2-eme-universite-dete-de-lhumanisme-universaliste\/"},"author":{"name":"R\u00e9daction Paris","@id":"https:\/\/www.pressenza.com\/fr\/#\/schema\/person\/5698ef8d4c2a370cbdd59d5b17455af6"},"headline":"Vie locale, construction citoyennes- 2e universit\u00e9 d&rsquo;\u00e9t\u00e9 de l&rsquo;humanisme universaliste","datePublished":"2023-10-20T05:00:31+00:00","dateModified":"2023-11-12T12:36:31+00:00","mainEntityOfPage":{"@id":"https:\/\/www.pressenza.com\/fr\/2023\/10\/vie-locale-construction-citoyennes-2-eme-universite-dete-de-lhumanisme-universaliste\/"},"wordCount":676,"publisher":{"@id":"https:\/\/www.pressenza.com\/fr\/#organization"},"image":{"@id":"https:\/\/www.pressenza.com\/fr\/2023\/10\/vie-locale-construction-citoyennes-2-eme-universite-dete-de-lhumanisme-universaliste\/#primaryimage"},"thumbnailUrl":"https:\/\/www.pressenza.com\/wp-content\/uploads\/2023\/10\/ecovillages.png","keywords":["constructions citoyennes","d\u00e9veloppement territorial","Eco-village de l\u2019\u00e9tang","\u00e9cosyst\u00e8me coop\u00e9ratif","Tera","universit\u00e9s d'\u00e9t\u00e9 de l'Humanisme Universaliste","vie locale"],"articleSection":["Contenu Original","Humanisme et Spiritualit\u00e9","Video"],"inLanguage":"fr-FR"},{"@type":"WebPage","@id":"https:\/\/www.pressenza.com\/fr\/2023\/10\/vie-locale-construction-citoyennes-2-eme-universite-dete-de-lhumanisme-universaliste\/","url":"https:\/\/www.pressenza.com\/fr\/2023\/10\/vie-locale-construction-citoyennes-2-eme-universite-dete-de-lhumanisme-universaliste\/","name":"Vie locale, construction citoyennes- 2e universit\u00e9 d'\u00e9t\u00e9 de l'humanisme universaliste","isPartOf":{"@id":"https:\/\/www.pressenza.com\/fr\/#website"},"primaryImageOfPage":{"@id":"https:\/\/www.pressenza.com\/fr\/2023\/10\/vie-locale-construction-citoyennes-2-eme-universite-dete-de-lhumanisme-universaliste\/#primaryimage"},"image":{"@id":"https:\/\/www.pressenza.com\/fr\/2023\/10\/vie-locale-construction-citoyennes-2-eme-universite-dete-de-lhumanisme-universaliste\/#primaryimage"},"thumbnailUrl":"https:\/\/www.pressenza.com\/wp-content\/uploads\/2023\/10\/ecovillages.png","datePublished":"2023-10-20T05:00:31+00:00","dateModified":"2023-11-12T12:36:31+00:00","description":"Les 25-26-27 ao\u00fbt 2023, les universit\u00e9s d'\u00e9t\u00e9 de l'Humanisme Universaliste rassemblaient pour leur deuxi\u00e8me \u00e9dition en France des personnes pr\u00e9occup\u00e9es et","breadcrumb":{"@id":"https:\/\/www.pressenza.com\/fr\/2023\/10\/vie-locale-construction-citoyennes-2-eme-universite-dete-de-lhumanisme-universaliste\/#breadcrumb"},"inLanguage":"fr-FR","potentialAction":[{"@type":"ReadAction","target":["https:\/\/www.pressenza.com\/fr\/2023\/10\/vie-locale-construction-citoyennes-2-eme-universite-dete-de-lhumanisme-universaliste\/"]}]},{"@type":"ImageObject","inLanguage":"fr-FR","@id":"https:\/\/www.pressenza.com\/fr\/2023\/10\/vie-locale-construction-citoyennes-2-eme-universite-dete-de-lhumanisme-universaliste\/#primaryimage","url":"https:\/\/www.pressenza.com\/wp-content\/uploads\/2023\/10\/ecovillages.png","contentUrl":"https:\/\/www.pressenza.com\/wp-content\/uploads\/2023\/10\/ecovillages.png","width":1280,"height":720,"caption":"Universit\u00e9 d'\u00e9t\u00e9 de l'humanisme universaliste-J\u00e9rome Dun"},{"@type":"BreadcrumbList","@id":"https:\/\/www.pressenza.com\/fr\/2023\/10\/vie-locale-construction-citoyennes-2-eme-universite-dete-de-lhumanisme-universaliste\/#breadcrumb","itemListElement":[{"@type":"ListItem","position":1,"name":"Accueil","item":"https:\/\/www.pressenza.com\/fr\/"},{"@type":"ListItem","position":2,"name":"Vie locale, construction citoyennes- 2e universit\u00e9 d&rsquo;\u00e9t\u00e9 de l&rsquo;humanisme universaliste"}]},{"@type":"WebSite","@id":"https:\/\/www.pressenza.com\/fr\/#website","url":"https:\/\/www.pressenza.com\/fr\/","name":"Pressenza","description":"International Press Agency","publisher":{"@id":"https:\/\/www.pressenza.com\/fr\/#organization"},"potentialAction":[{"@type":"SearchAction","target":{"@type":"EntryPoint","urlTemplate":"https:\/\/www.pressenza.com\/fr\/?s={search_term_string}"},"query-input":{"@type":"PropertyValueSpecification","valueRequired":true,"valueName":"search_term_string"}}],"inLanguage":"fr-FR"},{"@type":"Organization","@id":"https:\/\/www.pressenza.com\/fr\/#organization","name":"Pressenza","url":"https:\/\/www.pressenza.com\/fr\/","logo":{"@type":"ImageObject","inLanguage":"fr-FR","@id":"https:\/\/www.pressenza.com\/fr\/#\/schema\/logo\/image\/","url":"https:\/\/www.pressenza.com\/wp-content\/uploads\/2022\/10\/pressenza_logo_200x200.jpg","contentUrl":"https:\/\/www.pressenza.com\/wp-content\/uploads\/2022\/10\/pressenza_logo_200x200.jpg","width":200,"height":200,"caption":"Pressenza"},"image":{"@id":"https:\/\/www.pressenza.com\/fr\/#\/schema\/logo\/image\/"},"sameAs":["https:\/\/www.facebook.com\/PressenzaItalia","https:\/\/x.com\/PressenzaIPA"]},{"@type":"Person","@id":"https:\/\/www.pressenza.com\/fr\/#\/schema\/person\/5698ef8d4c2a370cbdd59d5b17455af6","name":"R\u00e9daction Paris","description":"News published by the Pressenza bureau in Paris, France","url":"https:\/\/www.pressenza.com\/fr\/author\/redaction-paris\/"}]}},"place":"","original_article_url":"","_links":{"self":[{"href":"https:\/\/www.pressenza.com\/fr\/wp-json\/wp\/v2\/posts\/1775564","targetHints":{"allow":["GET"]}}],"collection":[{"href":"https:\/\/www.pressenza.com\/fr\/wp-json\/wp\/v2\/posts"}],"about":[{"href":"https:\/\/www.pressenza.com\/fr\/wp-json\/wp\/v2\/types\/post"}],"author":[{"embeddable":true,"href":"https:\/\/www.pressenza.com\/fr\/wp-json\/wp\/v2\/users\/752"}],"replies":[{"embeddable":true,"href":"https:\/\/www.pressenza.com\/fr\/wp-json\/wp\/v2\/comments?post=1775564"}],"version-history":[{"count":0,"href":"https:\/\/www.pressenza.com\/fr\/wp-json\/wp\/v2\/posts\/1775564\/revisions"}],"wp:featuredmedia":[{"embeddable":true,"href":"https:\/\/www.pressenza.com\/fr\/wp-json\/wp\/v2\/media\/1775563"}],"wp:attachment":[{"href":"https:\/\/www.pressenza.com\/fr\/wp-json\/wp\/v2\/media?parent=1775564"}],"wp:term":[{"taxonomy":"category","embeddable":true,"href":"https:\/\/www.pressenza.com\/fr\/wp-json\/wp\/v2\/categories?post=1775564"},{"taxonomy":"post_tag","embeddable":true,"href":"https:\/\/www.pressenza.com\/fr\/wp-json\/wp\/v2\/tags?post=1775564"}],"curies":[{"name":"wp","href":"https:\/\/api.w.org\/{rel}","templated":true}]}}