{"id":177475,"date":"2015-04-14T21:46:16","date_gmt":"2015-04-14T20:46:16","guid":{"rendered":"http:\/\/www.pressenza.com\/?p=177475"},"modified":"2015-04-14T21:52:05","modified_gmt":"2015-04-14T20:52:05","slug":"une-vie-pleine-de-sens","status":"publish","type":"post","link":"https:\/\/www.pressenza.com\/fr\/2015\/04\/une-vie-pleine-de-sens\/","title":{"rendered":"Une vie pleine de sens"},"content":{"rendered":"<div class=\"bulle10\">\n<p class=\"abcdzE\"><strong>Par\u00a0<a href=\"http:\/\/www.inrees.com\/soutien\/Marie-de-HENNEZEL\/\">Marie de Hennezel<\/a><\/strong><\/p>\n<p class=\"abcdzE\">L\u2019\u00e9crivain et psychologue Marie de Hennezel, auteur de \u00ab\u00a0La chaleur du coeur emp\u00eache nos corps de rouiller\u00a0\u00bb et de \u00ab\u00a0La mort intime\u00a0\u00bb, a maintes fois accompagn\u00e9 des personnes en fin de vie. Les le\u00e7ons apprises \u00e0 leur chevet ne se sont jamais d\u00e9menties.<\/p>\n<\/div>\n<blockquote>\n<div class=\"bulle20\" align=\"justify\">\n<div class=\"bulle20\"><\/div>\n<p>\u00ab\u00a0Tout ce qui compte au moment ultime, c\u2019est d\u2019avoir aim\u00e9 et re\u00e7u de l\u2019amour. Je le vois chez des personnes tr\u00e8s lucides lorsqu\u2019elles vivent leurs derniers moments.<\/p>\n<\/div>\n<\/blockquote>\n<div class=\"bulle20\" align=\"justify\">Pour elles, la question de la foi religieuse ou de ce qu\u2019il y a apr\u00e8s la mort n\u2019est pas la plus importante. J\u2019ai eu de longues conversations avec une amie qui est en fin de vie. Elle est si faible qu\u2019elle ne peut plus se lever, et peut \u00e0 peine taper sur les touches du t\u00e9l\u00e9phone. Ce matin elle m\u2019a appel\u00e9e pour me souhaiter mon anniversaire. Je vois que donner des signes d\u2019amour \u00e0 tous les gens autour d\u2019elle est la seule chose qui lui importe. Je cite souvent cette phrase de Saint Paul :<\/div>\n<blockquote>\n<div class=\"bulle20\" align=\"justify\"><em>\u00ab Tandis que notre homme int\u00e9rieur s\u2019en va en ruine, notre homme ext\u00e9rieur se renouvelle de jour en jour. \u00bb<\/em><\/div>\n<\/blockquote>\n<div class=\"bulle20\" align=\"justify\">Effectivement, quand on approche de la mort, l\u2019homme ext\u00e9rieur va en ruine. Tr\u00e8s t\u00f4t, les signes du vieillissement arrivent. Ils sont angoissants dans une soci\u00e9t\u00e9 qui valorise uniquement le corps jeune, en pleine forme. Des personnes sont tellement obs\u00e9d\u00e9es par la ruine du corps que cette derni\u00e8re entra\u00eene celle de l\u2019esprit et du coeur. Ils se replient sur eux-m\u00eames, se plaignent sans arr\u00eat. Mais vous en avez d\u2019autres qui ont compris que quelque chose en eux ne se d\u00e9t\u00e9riorerait pas. Le corps b\u00e9n\u00e9ficie de la mutation. C\u2019est aussi ce que j\u2019essaie de dire aux gens qui ont peur de vieillir. Il y aura l\u2019usure de la vieillesse, mais leur esprit et leur coeur ne vieillira pas s\u2019ils le nourrissent et donnent \u00e0 la spiritualit\u00e9 et \u00e0 l\u2019affectivit\u00e9 toute leur place. Nous avons une responsabilit\u00e9 qui est d\u2019entretenir ces \u00e9motions positives pour faire face au vieillissement du corps. Les gens de ma g\u00e9n\u00e9ration sont conscients que leurs enfants s\u2019inqui\u00e8tent beaucoup de la mani\u00e8re dont nous allons vieillir. Si nous pouvons leur faire passer ce message que nous pouvons bien vieillir parce que nous allons nous occuper de notre int\u00e9riorit\u00e9 et d\u00e9velopper ces \u00e9motions positives, nous leur faisons un vrai cadeau.\u00a0\u00bb<\/div>\n<div class=\"bulle20\" align=\"justify\">\n<div class=\"mini gray\">\n<div class=\"padtitle\">.<\/div>\n<div class=\"padtitle\">Source :\u00a0<a href=\"http:\/\/www.inrees.com\/articles\/Vie-pleine-de-sens-de-Hennezel\/\">http:\/\/www.inrees.com\/articles\/Vie-pleine-de-sens-de-Hennezel\/<\/a><\/div>\n<\/div>\n<\/div>\n","protected":false},"excerpt":{"rendered":"<p>Par\u00a0Marie de Hennezel L\u2019\u00e9crivain et psychologue Marie de Hennezel, auteur de \u00ab\u00a0La chaleur du coeur emp\u00eache nos corps de rouiller\u00a0\u00bb et de \u00ab\u00a0La mort intime\u00a0\u00bb, a maintes fois accompagn\u00e9 des personnes en fin de vie. Les le\u00e7ons apprises \u00e0 leur&hellip;<\/p>\n","protected":false},"author":1142,"featured_media":177476,"comment_status":"closed","ping_status":"open","sticky":false,"template":"","format":"standard","meta":{"footnotes":""},"categories":[1246,163],"tags":[16965,3238],"class_list":["post-177475","post","type-post","status-publish","format-standard","has-post-thumbnail","hentry","category-humanisme-spiritualite","category-opinion-fr","tag-accompagnement-de-personnes-en-fin-de-vie","tag-mort"],"yoast_head":"<!-- This site is optimized with the Yoast SEO plugin v27.1.1 - https:\/\/yoast.com\/product\/yoast-seo-wordpress\/ -->\n<title>Une vie pleine de sens<\/title>\n<meta name=\"description\" content=\"Par\u00a0Marie de Hennezel L\u2019\u00e9crivain et psychologue Marie de Hennezel, auteur de &quot;La chaleur du coeur emp\u00eache nos corps de rouiller&quot; et de &quot;La mort intime&quot;, a\" \/>\n<meta name=\"robots\" content=\"index, follow, max-snippet:-1, max-image-preview:large, max-video-preview:-1\" \/>\n<link rel=\"canonical\" href=\"https:\/\/www.pressenza.com\/fr\/2015\/04\/une-vie-pleine-de-sens\/\" \/>\n<meta property=\"og:locale\" content=\"fr_FR\" \/>\n<meta property=\"og:type\" content=\"article\" \/>\n<meta property=\"og:title\" content=\"Une vie pleine de sens\" \/>\n<meta property=\"og:description\" content=\"Par\u00a0Marie de Hennezel L\u2019\u00e9crivain et psychologue Marie de Hennezel, auteur de &quot;La chaleur du coeur emp\u00eache nos corps de rouiller&quot; et de &quot;La mort intime&quot;, a\" \/>\n<meta property=\"og:url\" content=\"https:\/\/www.pressenza.com\/fr\/2015\/04\/une-vie-pleine-de-sens\/\" \/>\n<meta property=\"og:site_name\" content=\"Pressenza\" \/>\n<meta property=\"article:publisher\" content=\"https:\/\/www.facebook.com\/PressenzaItalia\" \/>\n<meta property=\"article:author\" content=\"https:\/\/www.facebook.com\/INREES-135097866516826\/\" \/>\n<meta property=\"article:published_time\" content=\"2015-04-14T20:46:16+00:00\" \/>\n<meta property=\"article:modified_time\" content=\"2015-04-14T20:52:05+00:00\" \/>\n<meta property=\"og:image\" content=\"https:\/\/www.pressenza.com\/wp-content\/uploads\/2015\/04\/Une-vie-pleine-de-sens-life-335446_640.jpg\" \/>\n\t<meta property=\"og:image:width\" content=\"640\" \/>\n\t<meta property=\"og:image:height\" content=\"375\" \/>\n\t<meta property=\"og:image:type\" content=\"image\/jpeg\" \/>\n<meta name=\"author\" content=\"INREES - Institut de Recherche sur les Exp\u00e9riences Extraordinaires\" \/>\n<meta name=\"twitter:card\" content=\"summary_large_image\" \/>\n<meta name=\"twitter:creator\" content=\"@INREES\" \/>\n<meta name=\"twitter:site\" content=\"@PressenzaIPA\" \/>\n<meta name=\"twitter:label1\" content=\"\u00c9crit par\" \/>\n\t<meta name=\"twitter:data1\" content=\"INREES - Institut de Recherche sur les Exp\u00e9riences Extraordinaires\" \/>\n\t<meta name=\"twitter:label2\" content=\"Dur\u00e9e de lecture estim\u00e9e\" \/>\n\t<meta name=\"twitter:data2\" content=\"2 minutes\" \/>\n<script type=\"application\/ld+json\" class=\"yoast-schema-graph\">{\"@context\":\"https:\/\/schema.org\",\"@graph\":[{\"@type\":\"Article\",\"@id\":\"https:\/\/www.pressenza.com\/fr\/2015\/04\/une-vie-pleine-de-sens\/#article\",\"isPartOf\":{\"@id\":\"https:\/\/www.pressenza.com\/fr\/2015\/04\/une-vie-pleine-de-sens\/\"},\"author\":{\"name\":\"INREES - Institut de Recherche sur les Exp\u00e9riences Extraordinaires\",\"@id\":\"https:\/\/www.pressenza.com\/fr\/#\/schema\/person\/ed412555e0d02523a5d1502d2a3d47d6\"},\"headline\":\"Une vie pleine de sens\",\"datePublished\":\"2015-04-14T20:46:16+00:00\",\"dateModified\":\"2015-04-14T20:52:05+00:00\",\"mainEntityOfPage\":{\"@id\":\"https:\/\/www.pressenza.com\/fr\/2015\/04\/une-vie-pleine-de-sens\/\"},\"wordCount\":446,\"publisher\":{\"@id\":\"https:\/\/www.pressenza.com\/fr\/#organization\"},\"image\":{\"@id\":\"https:\/\/www.pressenza.com\/fr\/2015\/04\/une-vie-pleine-de-sens\/#primaryimage\"},\"thumbnailUrl\":\"https:\/\/www.pressenza.com\/wp-content\/uploads\/2015\/04\/Une-vie-pleine-de-sens-life-335446_640.jpg\",\"keywords\":[\"accompagnement de personnes en fin de vie\",\"mort\"],\"articleSection\":[\"Humanisme et Spiritualit\u00e9\",\"Opinion\"],\"inLanguage\":\"fr-FR\"},{\"@type\":\"WebPage\",\"@id\":\"https:\/\/www.pressenza.com\/fr\/2015\/04\/une-vie-pleine-de-sens\/\",\"url\":\"https:\/\/www.pressenza.com\/fr\/2015\/04\/une-vie-pleine-de-sens\/\",\"name\":\"Une vie pleine de sens\",\"isPartOf\":{\"@id\":\"https:\/\/www.pressenza.com\/fr\/#website\"},\"primaryImageOfPage\":{\"@id\":\"https:\/\/www.pressenza.com\/fr\/2015\/04\/une-vie-pleine-de-sens\/#primaryimage\"},\"image\":{\"@id\":\"https:\/\/www.pressenza.com\/fr\/2015\/04\/une-vie-pleine-de-sens\/#primaryimage\"},\"thumbnailUrl\":\"https:\/\/www.pressenza.com\/wp-content\/uploads\/2015\/04\/Une-vie-pleine-de-sens-life-335446_640.jpg\",\"datePublished\":\"2015-04-14T20:46:16+00:00\",\"dateModified\":\"2015-04-14T20:52:05+00:00\",\"description\":\"Par\u00a0Marie de Hennezel L\u2019\u00e9crivain et psychologue Marie de Hennezel, auteur de \\\"La chaleur du coeur emp\u00eache nos corps de rouiller\\\" et de \\\"La mort intime\\\", a\",\"breadcrumb\":{\"@id\":\"https:\/\/www.pressenza.com\/fr\/2015\/04\/une-vie-pleine-de-sens\/#breadcrumb\"},\"inLanguage\":\"fr-FR\",\"potentialAction\":[{\"@type\":\"ReadAction\",\"target\":[\"https:\/\/www.pressenza.com\/fr\/2015\/04\/une-vie-pleine-de-sens\/\"]}]},{\"@type\":\"ImageObject\",\"inLanguage\":\"fr-FR\",\"@id\":\"https:\/\/www.pressenza.com\/fr\/2015\/04\/une-vie-pleine-de-sens\/#primaryimage\",\"url\":\"https:\/\/www.pressenza.com\/wp-content\/uploads\/2015\/04\/Une-vie-pleine-de-sens-life-335446_640.jpg\",\"contentUrl\":\"https:\/\/www.pressenza.com\/wp-content\/uploads\/2015\/04\/Une-vie-pleine-de-sens-life-335446_640.jpg\",\"width\":640,\"height\":375},{\"@type\":\"BreadcrumbList\",\"@id\":\"https:\/\/www.pressenza.com\/fr\/2015\/04\/une-vie-pleine-de-sens\/#breadcrumb\",\"itemListElement\":[{\"@type\":\"ListItem\",\"position\":1,\"name\":\"Accueil\",\"item\":\"https:\/\/www.pressenza.com\/fr\/\"},{\"@type\":\"ListItem\",\"position\":2,\"name\":\"Une vie pleine de sens\"}]},{\"@type\":\"WebSite\",\"@id\":\"https:\/\/www.pressenza.com\/fr\/#website\",\"url\":\"https:\/\/www.pressenza.com\/fr\/\",\"name\":\"Pressenza\",\"description\":\"International Press Agency\",\"publisher\":{\"@id\":\"https:\/\/www.pressenza.com\/fr\/#organization\"},\"potentialAction\":[{\"@type\":\"SearchAction\",\"target\":{\"@type\":\"EntryPoint\",\"urlTemplate\":\"https:\/\/www.pressenza.com\/fr\/?s={search_term_string}\"},\"query-input\":{\"@type\":\"PropertyValueSpecification\",\"valueRequired\":true,\"valueName\":\"search_term_string\"}}],\"inLanguage\":\"fr-FR\"},{\"@type\":\"Organization\",\"@id\":\"https:\/\/www.pressenza.com\/fr\/#organization\",\"name\":\"Pressenza\",\"url\":\"https:\/\/www.pressenza.com\/fr\/\",\"logo\":{\"@type\":\"ImageObject\",\"inLanguage\":\"fr-FR\",\"@id\":\"https:\/\/www.pressenza.com\/fr\/#\/schema\/logo\/image\/\",\"url\":\"https:\/\/www.pressenza.com\/wp-content\/uploads\/2022\/10\/pressenza_logo_200x200.jpg\",\"contentUrl\":\"https:\/\/www.pressenza.com\/wp-content\/uploads\/2022\/10\/pressenza_logo_200x200.jpg\",\"width\":200,\"height\":200,\"caption\":\"Pressenza\"},\"image\":{\"@id\":\"https:\/\/www.pressenza.com\/fr\/#\/schema\/logo\/image\/\"},\"sameAs\":[\"https:\/\/www.facebook.com\/PressenzaItalia\",\"https:\/\/x.com\/PressenzaIPA\"]},{\"@type\":\"Person\",\"@id\":\"https:\/\/www.pressenza.com\/fr\/#\/schema\/person\/ed412555e0d02523a5d1502d2a3d47d6\",\"name\":\"INREES - Institut de Recherche sur les Exp\u00e9riences Extraordinaires\",\"description\":\"L\u2019INREES - Institut de Recherche sur les Exp\u00e9riences Extraordinaires - est n\u00e9 du constat suivant : il est possible de s\u2019int\u00e9resser \u00e0 ces exp\u00e9riences que nous n\u2019arrivons pas \u00e0 expliquer et que nous qualifions d\u2019extraordinaires, voir de \u00ab surnaturelles \u00bb, tout en conservant les deux pieds sur terre. Pour cela l\u2019INREES s\u2019appuie sur un questionnement scientifique rigoureux tout en gardant \u00e0 l\u2019esprit, comme le soulignent d\u2019ailleurs les scientifiques eux-m\u00eames, que les connaissances que nous poss\u00e9dons sur la nature de la r\u00e9alit\u00e9 sont limit\u00e9es. www.inrees.com\",\"sameAs\":[\"https:\/\/www.inrees.com\/\",\"https:\/\/www.facebook.com\/INREES-135097866516826\/\",\"https:\/\/x.com\/INREES\"],\"url\":\"https:\/\/www.pressenza.com\/fr\/author\/inrees\/\"}]}<\/script>\n<!-- \/ Yoast SEO plugin. -->","yoast_head_json":{"title":"Une vie pleine de sens","description":"Par\u00a0Marie de Hennezel L\u2019\u00e9crivain et psychologue Marie de Hennezel, auteur de \"La chaleur du coeur emp\u00eache nos corps de rouiller\" et de \"La mort intime\", a","robots":{"index":"index","follow":"follow","max-snippet":"max-snippet:-1","max-image-preview":"max-image-preview:large","max-video-preview":"max-video-preview:-1"},"canonical":"https:\/\/www.pressenza.com\/fr\/2015\/04\/une-vie-pleine-de-sens\/","og_locale":"fr_FR","og_type":"article","og_title":"Une vie pleine de sens","og_description":"Par\u00a0Marie de Hennezel L\u2019\u00e9crivain et psychologue Marie de Hennezel, auteur de \"La chaleur du coeur emp\u00eache nos corps de rouiller\" et de \"La mort intime\", a","og_url":"https:\/\/www.pressenza.com\/fr\/2015\/04\/une-vie-pleine-de-sens\/","og_site_name":"Pressenza","article_publisher":"https:\/\/www.facebook.com\/PressenzaItalia","article_author":"https:\/\/www.facebook.com\/INREES-135097866516826\/","article_published_time":"2015-04-14T20:46:16+00:00","article_modified_time":"2015-04-14T20:52:05+00:00","og_image":[{"width":640,"height":375,"url":"https:\/\/www.pressenza.com\/wp-content\/uploads\/2015\/04\/Une-vie-pleine-de-sens-life-335446_640.jpg","type":"image\/jpeg"}],"author":"INREES - Institut de Recherche sur les Exp\u00e9riences Extraordinaires","twitter_card":"summary_large_image","twitter_creator":"@INREES","twitter_site":"@PressenzaIPA","twitter_misc":{"\u00c9crit par":"INREES - Institut de Recherche sur les Exp\u00e9riences Extraordinaires","Dur\u00e9e de lecture estim\u00e9e":"2 minutes"},"schema":{"@context":"https:\/\/schema.org","@graph":[{"@type":"Article","@id":"https:\/\/www.pressenza.com\/fr\/2015\/04\/une-vie-pleine-de-sens\/#article","isPartOf":{"@id":"https:\/\/www.pressenza.com\/fr\/2015\/04\/une-vie-pleine-de-sens\/"},"author":{"name":"INREES - Institut de Recherche sur les Exp\u00e9riences Extraordinaires","@id":"https:\/\/www.pressenza.com\/fr\/#\/schema\/person\/ed412555e0d02523a5d1502d2a3d47d6"},"headline":"Une vie pleine de sens","datePublished":"2015-04-14T20:46:16+00:00","dateModified":"2015-04-14T20:52:05+00:00","mainEntityOfPage":{"@id":"https:\/\/www.pressenza.com\/fr\/2015\/04\/une-vie-pleine-de-sens\/"},"wordCount":446,"publisher":{"@id":"https:\/\/www.pressenza.com\/fr\/#organization"},"image":{"@id":"https:\/\/www.pressenza.com\/fr\/2015\/04\/une-vie-pleine-de-sens\/#primaryimage"},"thumbnailUrl":"https:\/\/www.pressenza.com\/wp-content\/uploads\/2015\/04\/Une-vie-pleine-de-sens-life-335446_640.jpg","keywords":["accompagnement de personnes en fin de vie","mort"],"articleSection":["Humanisme et Spiritualit\u00e9","Opinion"],"inLanguage":"fr-FR"},{"@type":"WebPage","@id":"https:\/\/www.pressenza.com\/fr\/2015\/04\/une-vie-pleine-de-sens\/","url":"https:\/\/www.pressenza.com\/fr\/2015\/04\/une-vie-pleine-de-sens\/","name":"Une vie pleine de sens","isPartOf":{"@id":"https:\/\/www.pressenza.com\/fr\/#website"},"primaryImageOfPage":{"@id":"https:\/\/www.pressenza.com\/fr\/2015\/04\/une-vie-pleine-de-sens\/#primaryimage"},"image":{"@id":"https:\/\/www.pressenza.com\/fr\/2015\/04\/une-vie-pleine-de-sens\/#primaryimage"},"thumbnailUrl":"https:\/\/www.pressenza.com\/wp-content\/uploads\/2015\/04\/Une-vie-pleine-de-sens-life-335446_640.jpg","datePublished":"2015-04-14T20:46:16+00:00","dateModified":"2015-04-14T20:52:05+00:00","description":"Par\u00a0Marie de Hennezel L\u2019\u00e9crivain et psychologue Marie de Hennezel, auteur de \"La chaleur du coeur emp\u00eache nos corps de rouiller\" et de \"La mort intime\", a","breadcrumb":{"@id":"https:\/\/www.pressenza.com\/fr\/2015\/04\/une-vie-pleine-de-sens\/#breadcrumb"},"inLanguage":"fr-FR","potentialAction":[{"@type":"ReadAction","target":["https:\/\/www.pressenza.com\/fr\/2015\/04\/une-vie-pleine-de-sens\/"]}]},{"@type":"ImageObject","inLanguage":"fr-FR","@id":"https:\/\/www.pressenza.com\/fr\/2015\/04\/une-vie-pleine-de-sens\/#primaryimage","url":"https:\/\/www.pressenza.com\/wp-content\/uploads\/2015\/04\/Une-vie-pleine-de-sens-life-335446_640.jpg","contentUrl":"https:\/\/www.pressenza.com\/wp-content\/uploads\/2015\/04\/Une-vie-pleine-de-sens-life-335446_640.jpg","width":640,"height":375},{"@type":"BreadcrumbList","@id":"https:\/\/www.pressenza.com\/fr\/2015\/04\/une-vie-pleine-de-sens\/#breadcrumb","itemListElement":[{"@type":"ListItem","position":1,"name":"Accueil","item":"https:\/\/www.pressenza.com\/fr\/"},{"@type":"ListItem","position":2,"name":"Une vie pleine de sens"}]},{"@type":"WebSite","@id":"https:\/\/www.pressenza.com\/fr\/#website","url":"https:\/\/www.pressenza.com\/fr\/","name":"Pressenza","description":"International Press Agency","publisher":{"@id":"https:\/\/www.pressenza.com\/fr\/#organization"},"potentialAction":[{"@type":"SearchAction","target":{"@type":"EntryPoint","urlTemplate":"https:\/\/www.pressenza.com\/fr\/?s={search_term_string}"},"query-input":{"@type":"PropertyValueSpecification","valueRequired":true,"valueName":"search_term_string"}}],"inLanguage":"fr-FR"},{"@type":"Organization","@id":"https:\/\/www.pressenza.com\/fr\/#organization","name":"Pressenza","url":"https:\/\/www.pressenza.com\/fr\/","logo":{"@type":"ImageObject","inLanguage":"fr-FR","@id":"https:\/\/www.pressenza.com\/fr\/#\/schema\/logo\/image\/","url":"https:\/\/www.pressenza.com\/wp-content\/uploads\/2022\/10\/pressenza_logo_200x200.jpg","contentUrl":"https:\/\/www.pressenza.com\/wp-content\/uploads\/2022\/10\/pressenza_logo_200x200.jpg","width":200,"height":200,"caption":"Pressenza"},"image":{"@id":"https:\/\/www.pressenza.com\/fr\/#\/schema\/logo\/image\/"},"sameAs":["https:\/\/www.facebook.com\/PressenzaItalia","https:\/\/x.com\/PressenzaIPA"]},{"@type":"Person","@id":"https:\/\/www.pressenza.com\/fr\/#\/schema\/person\/ed412555e0d02523a5d1502d2a3d47d6","name":"INREES - Institut de Recherche sur les Exp\u00e9riences Extraordinaires","description":"L\u2019INREES - Institut de Recherche sur les Exp\u00e9riences Extraordinaires - est n\u00e9 du constat suivant : il est possible de s\u2019int\u00e9resser \u00e0 ces exp\u00e9riences que nous n\u2019arrivons pas \u00e0 expliquer et que nous qualifions d\u2019extraordinaires, voir de \u00ab surnaturelles \u00bb, tout en conservant les deux pieds sur terre. Pour cela l\u2019INREES s\u2019appuie sur un questionnement scientifique rigoureux tout en gardant \u00e0 l\u2019esprit, comme le soulignent d\u2019ailleurs les scientifiques eux-m\u00eames, que les connaissances que nous poss\u00e9dons sur la nature de la r\u00e9alit\u00e9 sont limit\u00e9es. www.inrees.com","sameAs":["https:\/\/www.inrees.com\/","https:\/\/www.facebook.com\/INREES-135097866516826\/","https:\/\/x.com\/INREES"],"url":"https:\/\/www.pressenza.com\/fr\/author\/inrees\/"}]}},"place":"","original_article_url":"http:\/\/www.inrees.com\/articles\/Vie-pleine-de-sens-de-Hennezel\/","_links":{"self":[{"href":"https:\/\/www.pressenza.com\/fr\/wp-json\/wp\/v2\/posts\/177475","targetHints":{"allow":["GET"]}}],"collection":[{"href":"https:\/\/www.pressenza.com\/fr\/wp-json\/wp\/v2\/posts"}],"about":[{"href":"https:\/\/www.pressenza.com\/fr\/wp-json\/wp\/v2\/types\/post"}],"author":[{"embeddable":true,"href":"https:\/\/www.pressenza.com\/fr\/wp-json\/wp\/v2\/users\/1142"}],"replies":[{"embeddable":true,"href":"https:\/\/www.pressenza.com\/fr\/wp-json\/wp\/v2\/comments?post=177475"}],"version-history":[{"count":0,"href":"https:\/\/www.pressenza.com\/fr\/wp-json\/wp\/v2\/posts\/177475\/revisions"}],"wp:featuredmedia":[{"embeddable":true,"href":"https:\/\/www.pressenza.com\/fr\/wp-json\/wp\/v2\/media\/177476"}],"wp:attachment":[{"href":"https:\/\/www.pressenza.com\/fr\/wp-json\/wp\/v2\/media?parent=177475"}],"wp:term":[{"taxonomy":"category","embeddable":true,"href":"https:\/\/www.pressenza.com\/fr\/wp-json\/wp\/v2\/categories?post=177475"},{"taxonomy":"post_tag","embeddable":true,"href":"https:\/\/www.pressenza.com\/fr\/wp-json\/wp\/v2\/tags?post=177475"}],"curies":[{"name":"wp","href":"https:\/\/api.w.org\/{rel}","templated":true}]}}