{"id":1773700,"date":"2023-10-12T08:32:02","date_gmt":"2023-10-12T07:32:02","guid":{"rendered":"https:\/\/www.pressenza.com\/?p=1773700"},"modified":"2023-10-16T08:07:22","modified_gmt":"2023-10-16T07:07:22","slug":"le-probleme-du-nazisme-en-ukraine","status":"publish","type":"post","link":"https:\/\/www.pressenza.com\/fr\/2023\/10\/le-probleme-du-nazisme-en-ukraine\/","title":{"rendered":"Le probl\u00e8me du nazisme en Ukraine"},"content":{"rendered":"<p><em>Cet article correspond \u00e0 la version compl\u00e8te du texte qui a \u00e9t\u00e9 pr\u00e9sent\u00e9e en 3 parties pr\u00e9ced\u00e8ment, liens <\/em><a href=\"https:\/\/www.pressenza.com\/fr\/tag\/nazisme-en-ukraine\/\"><em>ici<\/em><\/a><\/p>\n<p>La chambre des Communes du Canada a ovationn\u00e9\u00a0Yaroslav Hunka qui faisait partie de la 14<sup>e<\/sup>\u00a0division de grenadiers de la Waffen-SS (1<sup>re<\/sup>\u00a0division de Galicie), form\u00e9e sous l\u2019\u00e9gide de nul autre que Heinrich Himmler.\u00a0Cette division des SS \u00e9tait directement responsable d&rsquo;atrocit\u00e9s nazies, incluant le massacre de Huta Pieniacka du 28 f\u00e9vrier 1944, un village de Pologne qui servait d\u2019abri aux juifs. Au moins 1 000 personnes y furent assassin\u00e9es.<\/p>\n<p>S\u2019il convient de s\u2019offusquer du fait que la chambre des Communes du Canada a applaudi \u00e0 tout rompre Yaroslav Hunka, c\u2019est aussi parce que cette situation est embl\u00e9matique d\u2019une r\u00e9alit\u00e9 plus profonde encore. Le paysage politique du Canada est tellement impr\u00e9gn\u00e9 de russophobie, qu\u2019il a suffi aux autorit\u00e9s d\u2019apprendre que Hunka a combattu la Russie pour lui d\u00e9rouler le tapis rouge. Tout cela est donc bien plus que le r\u00e9sultat d\u2019une simple b\u00e9vue, aussi monumentale soit-elle. Il ne s\u2019agit pas d\u2019une erreur commise par le pr\u00e9sident de la chambre. Hunka a rencontr\u00e9 priv\u00e9ment Trudeau et Zelensky. Le sc\u00e9nario orchestr\u00e9 impliquait donc tout le personnel politique, y compris Trudeau. Cela r\u00e9v\u00e8le toute l\u2019ampleur de la russophobie qui s\u2019est empar\u00e9e de l\u2019administration lib\u00e9rale. La c\u00e9l\u00e9bration de ce nazi en plein Parlement canadien a fait le tour du monde et attir\u00e9 l\u2019attention sur la question du nazisme en Ukraine.<\/p>\n<p>Contre l\u2019URSS durant la guerre froide et contre la Russie depuis la fin de la guerre froide, l\u2019Occident a fait preuve de complaisance \u00e0 l\u2019\u00e9gard des nazis et n\u00e9o-nazis ukrainiens et leur a tendu la main. Le Canada a accueilli plusieurs Ukrainiens apr\u00e8s la guerre, dont le grand-p\u00e8re maternel de la vice-premi\u00e8re ministre actuelle Chrystia Freeland. L\u2019<em>Ottawa Citizen<\/em> du 8 mars 2017 rapportait le fait que ce grand-p\u00e8re, Michael Chomiak, \u00e9tait un collaborateur nazi. On le savait depuis longtemps et ce, m\u00eame si la principale int\u00e9ress\u00e9e pr\u00e9tend encore que c&rsquo;est de la d\u00e9sinformation russe. Or, ce collabo \u00e9crivait dans un journal devenu pro-nazi, <em>Krakivski Visti<\/em> pendant l&rsquo;occupation de la Pologne par l\u2019Allemagne. Les propri\u00e9taires juifs que Chomiak avait expropri\u00e9s sont all\u00e9s mourir dans les camps. Qu&rsquo;\u00e9crivait-on dans ce journal? Selon le <em>Ottawa Citizen<\/em>, \u201c<em>Krakivski Visti<\/em> a salu\u00e9 la formation, approuv\u00e9e par les Allemands, de la 14e division Waffen SS Halychyna, compos\u00e9e de volontaires ukrainiens.\u201d<a href=\"#_ftn1\" name=\"_ftnref1\">[1]<\/a><\/p>\n<p>Or, c&rsquo;est justement \u00e0 cette formation qu&rsquo;appartenait Yaroslav Hunka, celui qu\u2019on a accueilli en grande pompe et ovationn\u00e9 \u00e0 la chambre des Communes ! La ministre ne pouvait ignorer ces faits.\u00a0 Elle a pourtant applaudi elle aussi aux c\u00f4t\u00e9s de Trudeau et de la ministre des Affaires \u00e9trang\u00e8res M\u00e9lanie Joly.<\/p>\n<p>N\u2019oublions pas non plus les monuments \u00e9rig\u00e9s \u00e0 la m\u00e9moire de collaborateurs des nazis allemands \u00e0 Edmonton et \u00e0 Oakville. Iaroslav Stetsko, adjoint de Stepan Bandera et collaborateur d\u00e9clar\u00e9 de l\u2019occupant nazi durant la Seconde Guerre mondiale, est fait citoyen d\u2019honneur de Winnipeg en 1966.<\/p>\n<p>Il n\u2019y a pas que l\u2019accueil de N\u00e9o-nazis en Am\u00e9rique du Nord, il y a aussi et surtout l&rsquo;engagement de l\u2019Occident envers les n\u00e9o-nazis en Ukraine. M\u00eame si la population ukrainienne dans son ensemble n\u2019adh\u00e8re pas au nazisme, les N\u00e9o-nazis sont partout pr\u00e9sents dans l\u2019histoire r\u00e9cente de l\u2019Ukraine. Bien qu\u2019ils soient en nombre restreint, ils jouent un r\u00f4le majeur depuis au moins 2013.<\/p>\n<p>Il importe de souligner que le pass\u00e9 nazi de l\u2019Ukraine est celui d\u2019une minorit\u00e9. La majorit\u00e9 des Ukrainiens ont combattu aux c\u00f4t\u00e9s de l\u2019URSS, leur pays, pendant la Deuxi\u00e8me Guerre mondiale. Seule une minorit\u00e9 \u00e0 l\u2019Ouest s\u2019est rang\u00e9e du c\u00f4t\u00e9 des Allemands. Cette remarque est essentielle et vaut aussi pour l\u2019\u00e9poque contemporaine. La toute premi\u00e8re victime de ce qui arrive est le peuple ukrainien. Il n\u2019a pas souhait\u00e9 le destin tragique qui l\u2019afflige.<\/p>\n<p>Il faut pr\u00e9ciser d\u00e8s le d\u00e9part le sens des mots. Pour appartenir \u00e0 la mouvance n\u00e9o-nazie, il ne faut pas n\u00e9cessairement faire comme le r\u00e9giment Azov et s\u2019en r\u00e9clamer ouvertement par des insignes. Certains Ukrainiens ont pendant la 2<sup>e<\/sup> guerre mondiale eu un engagement nazi non seulement au sens d\u2019une adh\u00e9sion \u00e0 l\u2019id\u00e9ologie nazie ou au sens d\u2019une collaboration qui aurait \u00e9t\u00e9 forc\u00e9e, mais au sens d\u2019une participation volontaire et active criminellement responsable de milliers de morts. Dans le contexte d\u2019une telle histoire, un groupe d\u2019extr\u00eame droite qui prend le pouvoir par la force, qui cherche \u00e0 mettre en place une politique discriminatoire, voire raciste, \u00e0 l\u2019\u00e9gard d\u2019une minorit\u00e9 et qui s\u2019engage dans une action violente contre celle-ci, aboutissant \u00e0 une guerre civile, est n\u00e9o-nazi s\u2019il se r\u00e9clame de certains \u00ab h\u00e9ros \u00bb nazis qui ont commis des actes g\u00e9nocidaires. Cette d\u00e9finition de l\u2019expression \u00ab n\u00e9o-nazi\u00a0\u00bb s\u2019applique \u00e0 tous les \u00ab Band\u00e9ristes \u00bb, \u00e0 savoir tous ceux qui agissent en s\u2019inscrivant dans le prolongement du nazi Stepan Bandera. En plus du <em>bataillon Azov<\/em>, le <em>bataillon A\u00efdar<\/em>, le <em>r\u00e9giment Kraken<\/em>, les groupes <em>Secteur droit<\/em> et <em>C-14<\/em>, ainsi que des partis politiques tels <em>Svoboda<\/em> (Libert\u00e9) et <em>Corps national<\/em> appartiennent \u00e0 ce courant.<\/p>\n<p><strong>Les n\u00e9o-nazis et le coup d\u2019\u00c9tat de Ma\u00efdan<\/strong><\/p>\n<p>Tout d\u2019abord, les n\u00e9o-nazis ont \u00e9t\u00e9 directement impliqu\u00e9s dans le coup d&rsquo;\u00c9tat de Ma\u00efdan en 2014. Le groupe <em>Secteur droit<\/em> \u00e9tait aux avant-postes et le coup d\u2019\u00c9tat n\u2019aurait jamais eu lieu sans sa participation active et violente aux \u00e9meutes. Les militants n\u2019\u00e9taient qu\u2019une infime minorit\u00e9 par rapport aux milliers de manifestants. N\u2019emp\u00eache, les radicaux extr\u00e9mistes ont jou\u00e9 un r\u00f4le d\u00e9cisif <a href=\"#_ftn2\" name=\"_ftnref2\">[2]<\/a> dans la tournure des \u00e9v\u00e8nements.<\/p>\n<p>Or, ce groupe \u00e9tait soutenu par le parti politique n\u00e9o-nazi <em>Svoboda<\/em>, dirig\u00e9 par le leader antis\u00e9mite Oleg Tyagnibok. Pour attiser les tensions et provoquer une r\u00e9volte au sein de la population, tout indique que des tireurs d\u2019\u00e9lite visaient les insurg\u00e9s pour ensuite faire passer ces agressions criminelles comme des actes commis par la police. Dans un reportage de la BBC, le journaliste Gabriel Gatehouse constate que des coups de feu \u00e9manent de ce qui s\u2019av\u00e8re \u00eatre l\u2019h\u00f4tel Ukraina<a href=\"#_ftn3\" name=\"_ftnref3\">[3]<\/a>. Or le tireur \u00e9tait \u00e0 l\u2019\u00e9tage o\u00f9 se trouvaient les locaux du parti <em>Svoboda<\/em>.<\/p>\n<p>Ivan Bubenchik, un militant pro Ma\u00efdan, admettra avoir tu\u00e9 des policiers le 20 f\u00e9vrier<a href=\"#_ftn4\" name=\"_ftnref4\">[4]<\/a>. Selon la revue <em>Jacobin<\/em>, des caisses de balles vides de Kalachnikov ont \u00e9t\u00e9 trouv\u00e9es dans la chambre d&rsquo;h\u00f4tel Ukraina occup\u00e9e par ce manifestant<a href=\"#_ftn5\" name=\"_ftnref5\">[5]<\/a>.<\/p>\n<p>Le hall d\u2019entr\u00e9e de l\u2019h\u00f4tel Ukraina recueillait exclusivement les bless\u00e9s faisant partie des manifestants. Les autorit\u00e9s m\u00e9dicales affirm\u00e8rent que les balles trouv\u00e9es dans les corps des policiers et des manifestants \u00e9taient de m\u00eame origine. C\u2019est, selon le journal <em>Christian Science Monitor<\/em>, la conclusion \u00e0 laquelle sont en effet arriv\u00e9es les autorit\u00e9s m\u00e9dicales.<a href=\"#_ftn6\" name=\"_ftnref6\">[6]<\/a><\/p>\n<p>Ivan Katchanovski, politologue d\u2019origine ukrainienne enseignant \u00e0 l\u2019Universit\u00e9 d\u2019Ottawa au Canada, estime que sur les 72 protestataires morts recens\u00e9s pendant toute la p\u00e9riode des confrontations, 48 (les deux tiers donc) ont \u00e9t\u00e9 le fait de tireurs provenant des rangs des insurg\u00e9s<a href=\"#_ftn7\" name=\"_ftnref7\">[7]<\/a>. Katchanovski a constitu\u00e9 un dossier qui laisse planer peu de doutes sur l\u2019origine des tirs et sur la motivation des auteurs. Son site web contient notamment une dizaine de vid\u00e9os relatant les \u00e9v\u00e9nements du 20 f\u00e9vrier 2014. On y entend des t\u00e9moignages d\u2019une centaine de personnes<a href=\"#_ftn8\" name=\"_ftnref8\">[8]<\/a>. On trouve aussi sur YouTube un document vid\u00e9o particuli\u00e8rement troublant<a href=\"#_ftn9\" name=\"_ftnref9\">[9]<\/a>.<\/p>\n<p>Une conversation entre Catherine Ashton, Haute repr\u00e9sentante de l\u2019Union europ\u00e9enne pour les affaires \u00e9trang\u00e8res en 2014 et Urman Paet, ministre des Affaires \u00e9trang\u00e8res estonien en 2014, fut enregistr\u00e9e qui confirme la th\u00e8se des snipers tirant sur les insurg\u00e9s<a href=\"#_ftn10\" name=\"_ftnref10\">[10]<\/a>. Des t\u00e9moins confirment aussi cette interpr\u00e9tation<a href=\"#_ftn11\" name=\"_ftnref11\">[11]<\/a>.<\/p>\n<p>Sans parler des confrontations directes violentes avec la police amorc\u00e9es d\u00e8s le 30 novembre 2013, le stratag\u00e8me avec lequel on fait passer des meurtres comme des crimes commis par la police a d\u00e9but\u00e9 bien avant le 20 f\u00e9vrier 2014. Le 22 janvier, Sergei Nigoyan, un protestataire arm\u00e9nien, fut l\u2019un des premiers \u00e0 se pr\u00e9senter sur les lieux de Ma\u00efdan pour lire un po\u00e8me patriotique. Il est tu\u00e9 tr\u00e8s t\u00f4t le matin du 22 janvier et pr\u00e9sent\u00e9 par les radicaux extr\u00e9mistes comme victime de la police. L\u2019ann\u00e9e suivante, le 18 novembre 2015, le directeur de l\u2019unit\u00e9 sp\u00e9ciale d\u2019enqu\u00eate men\u00e9e par le d\u00e9partement du procureur Sergei Gorbatyuk reconnaitra que Serhiy Nigoyan a \u00e9t\u00e9 tu\u00e9 par des balles tir\u00e9es \u00e0 moins de trois m\u00e8tres de distance, alors que la police \u00e9tait \u00e0 une distance de trente m\u00e8tres<a href=\"#_ftn12\" name=\"_ftnref12\">[12]<\/a>.<\/p>\n<p>Pourquoi fallait-il tirer sur ses propres manifestants? Dans un film produit par Oliver Stone<a href=\"#_ftn13\" name=\"_ftnref13\">[13]<\/a>, il est pr\u00e9cis\u00e9 que les repr\u00e9sentants am\u00e9ricains (dont Victoria Nuland) auraient indiqu\u00e9 aux manifestants que, pour que la r\u00e9volte puisse se transformer en coup d\u2019\u00c9tat, il fallait qu\u2019il y ait une centaine de morts parmi les manifestants. Faire couler le sang g\u00e9n\u00e8re de l\u2019indignation, suivie d\u2019accusations \u00e0 l\u2019encontre des autorit\u00e9s. Quoi qu\u2019il en soit, il est clair que les n\u00e9o-nazis ont jou\u00e9 un r\u00f4le d\u00e9cisif dans le coup d\u2019\u00c9tat de Ma\u00efdan.<\/p>\n<p>Andriy Parubiy \u00e9tait \u00e0 la t\u00eate du mouvement de r\u00e9volte \u00e0 Ma\u00efdan<a href=\"#_ftn14\" name=\"_ftnref14\">[14]<\/a>. On le surnomma \u00ab le commandant de Ma\u00efdan \u00bb<a href=\"#_ftn15\" name=\"_ftnref15\">[15]<\/a>. Or, il avait fond\u00e9 en 1991 un mouvement d&rsquo;extr\u00eame droite, le Parti social-national d\u2019Ukraine, avec notamment\u00a0Oleh Tyahnybok.\u00a0 Lors de l&rsquo;enqu\u00eate sur le massacre de Ma\u00efdan, certains membres de la compagnie d&rsquo;autod\u00e9fense de Ma\u00efdan signaleront que Parubiy avait ordonn\u00e9 de d\u00e9clencher \u00ab un bain de sang \u00bb lors de la marche vers le parlement du 18 f\u00e9vrier 2014. Une h\u00e9ro\u00efne d\u00e9cor\u00e9e de la r\u00e9sistance anti-russe, Nadiya Savchenko d\u00e9clarera plus tard avoir vu un d\u00e9put\u00e9 de l&rsquo;opposition, qu\u2019elle a tout d\u2019abord identifi\u00e9 comme \u00e9tant Andriy Parubiy, orienter des tireurs d&rsquo;\u00e9lite. Elle modifiera sa version quelques heures plus tard en disant s\u2019\u00eatre tromp\u00e9e au sujet de Parubiy et qu\u2019il s\u2019agissait plut\u00f4t de Serhiy Pashinskiy<a href=\"#_ftn16\" name=\"_ftnref16\">[16]<\/a>.<\/p>\n<p>Parubiy sera par la suite \u00e9lu pr\u00e9sident de la Rada (Parlement) d\u2019Ukraine. Or, il aurait d\u00e9clar\u00e9 \u00e0 une \u00e9mission sur la cha\u00eene ukrainienne ICTV qu&rsquo;il avait \u00ab\u00a0\u00e9tudi\u00e9 scientifiquement\u00a0\u00bb la d\u00e9mocratie et a averti son public \u00ab\u00a0de ne pas oublier les contributions du F\u00fchrer [Hitler] au d\u00e9veloppement de la d\u00e9mocratie\u00a0\u00bb<a href=\"#_ftn17\" name=\"_ftnref17\">[17]<\/a>. Ces propos ont connu un retentissement jusqu\u2019\u00e0 la Rada. Le reportage de la cha\u00eene TRC Rudana d\u00e9crit les choses de la fa\u00e7on suivante\u00a0: \u00ab La d\u00e9claration scandaleuse du pr\u00e9sident de la Verkhovna Rada fait l&rsquo;objet de discussions sur les r\u00e9seaux sociaux depuis plusieurs jours. Sur l&rsquo;une des cha\u00eenes de t\u00e9l\u00e9vision nationales, Andriy Parubiy a exhort\u00e9 l&rsquo;auditoire \u00e0 ne pas oublier la contribution du F\u00fchrer au d\u00e9veloppement de la d\u00e9mocratie. Certains consid\u00e8rent une telle attaque comme une sorte de <em>trolling<\/em> des id\u00e9es du th\u00e9oricien du nazisme. \u00bb<a href=\"#_ftn18\" name=\"_ftnref18\">[18]<\/a><\/p>\n<p><strong>Les n\u00e9o-nazis au pouvoir<\/strong><\/p>\n<p>L\u2019influence des n\u00e9o-nazis s\u2019est aussi fait sentir d\u00e8s l\u2019arriv\u00e9e des nouvelles autorit\u00e9s en place. Un nouveau premier ministre, Arseni Yatsenyuk, choisi par les \u00c9tats-Unis (Nuland, qui \u00e9tait sur place \u00e0 Ma\u00efdan, l\u2019a d\u00e9sign\u00e9 nomm\u00e9ment) et, apr\u00e8s une pr\u00e9sidence de transition, un nouveau pr\u00e9sident, Petro Poroshenko, entreront vite en fonction.<\/p>\n<p>Pour prendre la juste mesure des forces en pr\u00e9sence sur le plan politique, il faut remonter un peu dans le temps. En 1991, Oleh Tyahnybok fonde le parti Libert\u00e9 (<em>Svoboda<\/em>). Cet individu s\u2019est class\u00e9 en 5<sup>e<\/sup> position dans le palmar\u00e8s des 10 plus grands antis\u00e9mites en 2012 selon la fondation Simon Wiesenthal<a href=\"#_ftn19\" name=\"_ftnref19\">[19]<\/a>. En tant que membre du parlement, il proposa des motions dans lesquelles il s&rsquo;opposait \u00e0 l&rsquo;introduction de la langue russe en tant que deuxi\u00e8me langue officielle de l&rsquo;\u00c9tat ou demandait l&rsquo;interdiction de l&rsquo;id\u00e9ologie communiste.<\/p>\n<p>En 2004, il est exclu du groupe parlementaire <em>Notre Ukraine<\/em>\u00a0pour avoir affirm\u00e9 \u00e0 la t\u00e9l\u00e9vision que l&rsquo;Ukraine \u00e9tait sous la coupe d&rsquo;une\u00a0\u00ab\u00a0mafia jud\u00e9o-moscovite\u00a0\u00bb. Accus\u00e9 d&rsquo;antis\u00e9mitisme, il d\u00e9clare pendant la campagne\u00a0:\u00a0\u00ab\u00a0Personnellement, je n\u2019ai rien contre les Juifs lambda. J\u2019ai m\u00eame des amis juifs. C\u2019est \u00e0 un groupe d\u2019oligarques juifs qui contr\u00f4lent l\u2019Ukraine et aux Juifs-bolch\u00e9viques que j\u2019en veux.\u00a0\u00bb<a href=\"#_ftn20\" name=\"_ftnref20\">[20]<\/a><\/p>\n<p>Quelques mois avant le coup d\u2019\u00c9tat, en 2013, Arseniy Yatsenyuk est leader du parti <em>Fatherland<\/em> et le boxeur Vitali Klitschko est leader du parti <em>UDAR<\/em>. Ils forment une tro\u00efka d\u2019opposition avec Oleh Tyahnybok qui est toujours \u00e0 cette \u00e9poque le leader du parti Libert\u00e9 (<em>Svoboda<\/em>). D\u00e8s le lendemain de sa nomination survenue le 22 f\u00e9vrier 2014, le gouvernement Yatsenyuk est \u00e0 l\u2019origine d\u2019une intervention l\u00e9gislative mettant un terme aux droits collectifs de la minorit\u00e9 russophone du pays. Le parlement ukrainien vote l\u2019abolition de la loi du 3 juillet 2012 qui reconnaissait la langue russe dans les r\u00e9gions o\u00f9 domine la population ethniquement russe<a href=\"#_ftn21\" name=\"_ftnref21\">[21]<\/a>. \u00a0Suite aux r\u00e9actions s\u00e9cessionnistes des oblasts de Donetsk et Lugansk, le pr\u00e9sident Poroshenko abroge la nouvelle loi, mais la loi 3 de 2012 sera d\u00e9clar\u00e9e anti-constitutionnelle le 28 f\u00e9vrier 2018. Une nouvelle loi tr\u00e8s contraignante pour l\u2019usage de la langue russe, sera adopt\u00e9e le 25 avril 2019, sign\u00e9e par le pr\u00e9sident Poroshenko le 15 mai de la m\u00eame ann\u00e9e, puis d\u00e9clar\u00e9e constitutionnelle le 14 juillet 2021.<\/p>\n<p>Si Yatsenyuk acc\u00e8de au poste de premier ministre, Vitali Klitschko devient maire de Kiev et le parti <em>Svoboda<\/em> obtient plusieurs postes au sein du gouvernement\u00a0: vice-premier ministre (Oleksandr Sych), procureur g\u00e9n\u00e9ral (Oleh Makhnitsky), ministre de l\u2019\u00c9ducation (Serhiy Kvit), ministre de l\u2019Agriculture (Ihor Shvaiko), ministre de l\u2019\u00c9cologie (Andriy Makhnyk)<a href=\"#_ftn22\" name=\"_ftnref22\">[22]<\/a>. En tant que membre r\u00e9cent du parti <em>Fatherland<\/em>, Andriy Parubiy, le commandant de Ma\u00efdan, entre lui aussi au gouvernement. On a d\u00e9j\u00e0 mentionn\u00e9 qu\u2019il fut le fondateur en 1991 d\u2019un mouvement d&rsquo;extr\u00eame droite, le Parti social-national d\u2019Ukraine avec notamment\u00a0Oleh Tyahnybok.\u00a0 Il est nomm\u00e9 le\u00a027 f\u00e9vrier 2014\u00a0secr\u00e9taire du Conseil de d\u00e9fense et de s\u00e9curit\u00e9 nationale d\u2019Ukraine. Le politologue britannique de l\u2019Universit\u00e9 Kent, Richard Sakwa, consid\u00e8re que la nomination de Parubiy dans de telles fonctions est \u00e9tonnante (\u201castonishing.\u201d) <a href=\"#_ftn23\" name=\"_ftnref23\">[23]<\/a> Son adjoint est le chef de l&rsquo;organisation\u00a0<em>Secteur droit<\/em>,\u00a0Dmytro Yarosh. Ce dernier a fond\u00e9 l\u2019organisation <em>Trident<\/em> en 1994, inspir\u00e9e de l\u2019id\u00e9ologie de Stepan Bandera. En avril 2013, Yarosh devient l\u2019assistant d\u2019un membre du parti de l\u2019opposition UDAR. Plus tard en 2013, il deviendra le leader de Secteur droit. ll sera \u00e9lu d\u00e9put\u00e9 entre 2014 et 2019. Il dirigera une arm\u00e9e de guerriers ultra nationalistes dans le Donbass. Yatsenyuk, Yarosh, Parubiy et les autres d\u00e9put\u00e9s du parti <em>Svoboda<\/em> forment une mouvance d\u2019extr\u00eame droite. Ce sont des band\u00e9ristes purs et durs. Pour Victoria Nuland, \u00ab Yats est l\u2019homme qu\u2019il faut \u00bb au poste de premier ministre, mais il faut \u00e9loigner Tyahnybok sans doute pour que le caract\u00e8re raciste du r\u00e9gime n\u2019apparaisse pas trop ouvertement.<\/p>\n<p>Le reportage de la BBC fait \u00e9galement \u00e9tat du groupe <em>C-14<\/em> qui rassemblerait environ 200 membres, mais serait en lien \u00e9troit avec le parti politique <em>Svoboda<\/em>. Deux des membres de ce parti ont \u00e9t\u00e9 photographi\u00e9s montrant une num\u00e9rologie d\u2019extr\u00eame droite\u00a0: 8 8, renvoyant \u00e0 deux mots commen\u00e7ant par la 8<sup>e<\/sup> lettre de l\u2019alphabet\u00a0: Heil Hitler<a href=\"#_ftn24\" name=\"_ftnref24\">[24]<\/a>.<\/p>\n<p>Le nouveau ministre de l\u2019int\u00e9rieur, Arsen Avakov, est un autre band\u00e9riste. Il a form\u00e9 et arm\u00e9 le <em>bataillon Azov<\/em>. Or, le groupe Azov v\u00e9hicule des symboles n\u00e9o-nazis. Un autre reportage de 2014 de la BBC faisant \u00e9tat de ce bataillon souligne qu\u2019Andriy Biletsky, d\u00e9put\u00e9 \u00e0 la Rada et leader du groupe d\u2019extr\u00eame droite <em>Corps national<\/em>, est en m\u00eame temps le leader du <em>bataillon Azov<\/em>. Le personnage est un band\u00e9riste qui aurait par le pass\u00e9 exprim\u00e9 des points de vue racistes et antis\u00e9mites. Il aurait affirm\u00e9 que \u00ab la destin\u00e9e de la nation ukrainienne est d\u2019\u00eatre \u00e0 l\u2019avant-garde dans la guerre sainte de la race blanche contre le monde sous-humain dirig\u00e9 par des s\u00e9mites \u00bb.<a href=\"#_ftn25\" name=\"_ftnref25\">[25]<\/a> Son assistant est Ihor Mosiychuk, \u00e9galement d\u00e9put\u00e9 de la Rada. Les objectifs de l\u2019organisation <em>Corps national<\/em> apparaissent dans sa publication en ligne\u00a0:<\/p>\n<ul>\n<li>\u00ab\u00a0pr\u00e9parer l&rsquo;Ukraine \u00e0 une nouvelle expansion et lutter pour la lib\u00e9ration de toute la race blanche de la domination du capital sp\u00e9culatif internationaliste\u00a0\u00bb<\/li>\n<li>\u00ab\u00a0de punir s\u00e9v\u00e8rement les perversions sexuelles et tout contact interracial qui conduisent \u00e0 l&rsquo;extinction de l&rsquo;homme blanc.\u00a0\u00bb<\/li>\n<\/ul>\n<p>Aux \u00e9lections de l\u2019automne 2014, le parti <em>Svoboda<\/em> ne recueillera pas 5% des voix. Les quatre ministres d\u00e9missionneront pour cette raison<a href=\"#_ftn26\" name=\"_ftnref26\">[26]<\/a>. Le <em>Secteur droit<\/em> n\u2019a recueilli que 2% des voix lors des \u00e9lections de 2014, mais en 2015 il gagne en popularit\u00e9<a href=\"#_ftn27\" name=\"_ftnref27\">[27]<\/a>. N\u2019emp\u00eache, on voit bien que ceux qui dirigent l\u2019Ukraine \u00e0 cette \u00e9poque ne sont pas en phase avec la population.<\/p>\n<p>\u00c0 partir de d\u00e9cembre 2014, 160\u00a0000 personnes vivant dans l\u2019Est du pays perdent l\u2019acc\u00e8s \u00e0 leurs revenus de pension. En 2016, vient s\u2019ajouter une autre tranche de 400\u00a0000 personnes priv\u00e9es de ces revenus. En 2018, la situation ne s\u2019am\u00e9liore pas. La milice nationale, compos\u00e9e de membres de l\u2019extr\u00eame droite appartenant \u00e0 <em>Azov<\/em>, a la permission de patrouiller la ville de Kiev. Vadim Troyan, qui est un haut grad\u00e9 au sein du <em>bataillon Azov<\/em>, s\u2019est vu accorder par le ministre Arsen Avakov la responsabilit\u00e9 de chef de police de la r\u00e9gion de Kiev<a href=\"#_ftn28\" name=\"_ftnref28\">[28]<\/a>.<\/p>\n<p>Dans un article du <em>Time<\/em>, on peut lire\u00a0aussi que \u00ab le principal centre de recrutement d&rsquo;Azov, connu sous le nom de Cossack House, se trouve au centre de Kyiv, un b\u00e2timent en brique de quatre \u00e9tages pr\u00eat\u00e9s par le minist\u00e8re ukrainien de la D\u00e9fense. (\u2026) Au rez-de-chauss\u00e9e se trouve une boutique appel\u00e9e Militant Zone, qui vend des v\u00eatements et des porte-cl\u00e9s avec des croix gamm\u00e9es stylis\u00e9es et d&rsquo;autres marchandises n\u00e9o-nazies. \u00bb<a href=\"#_ftn29\" name=\"_ftnref29\">[29]<\/a><\/p>\n<p>Que dire de la pr\u00e9sidence? En 2004, les \u00e9lections opposent Viktor Yanukovich et le candidat Viktor Yushchenko. Sous l\u2019impulsion de la \u00ab r\u00e9volution orange \u00bb, tr\u00e8s visiblement soutenue par l\u2019Occident, le r\u00e9sultat \u00e9lectoral favorisa Yushchenko. Ses r\u00e9formes ne connurent pas de succ\u00e8s, mais avant de quitter le pouvoir, il nommera Stepan Bandera comme h\u00e9ros de l\u2019Ukraine<a href=\"#_ftn30\" name=\"_ftnref30\">[30]<\/a>.<\/p>\n<p>Ensuite, dans un reportage du mois de d\u00e9cembre 2014, on signale le fait que le pr\u00e9sident Poro Poroshenko a offert un passeport ukrainien \u00e0 un n\u00e9o-nazi de Bi\u00e9lorussie, nomm\u00e9 Korotkykh.<a href=\"#_ftn31\" name=\"_ftnref31\">[31]<\/a> Ce ressortissant, \u00e0 qui le pr\u00e9sident Poroshenko a accord\u00e9 la citoyennet\u00e9, est devenu membre du <em>groupe Azov<\/em>.<a href=\"#_ftn32\" name=\"_ftnref32\">[32]<\/a><\/p>\n<p><strong>Les n\u00e9o-nazis dans la guerre civile<\/strong><\/p>\n<p>Une partie des membres de <em>Secteur droit<\/em> se r\u00e9clame de \u00ab certains \u00e9l\u00e9ments \u00bb du national-socialisme allemand, dont l\u2019id\u00e9e d\u2019une \u00ab nation unique \u00bb purifi\u00e9e (\u00ab clean nation \u00bb) qui laisserait aux russophones le soin de quitter l\u2019Ukraine pour que les seuls citoyens du pays soient ukrainiens<a href=\"#_ftn33\" name=\"_ftnref33\">[33]<\/a>. Le groupe <em>Secteur droit<\/em> semble avoir eu une influence r\u00e9elle sur le cours des \u00e9v\u00e8nements. Le documentaire r\u00e9alis\u00e9 par Igor Lopatonok et produit par Oliver Stone (<em>Ukraine on Fire<\/em>) est fort instructif et accablant<a href=\"#_ftn34\" name=\"_ftnref34\">[34]<\/a>.<\/p>\n<p>Une r\u00e9volte anti Ma\u00efdan survient dans la ville d\u2019Odessa. La Maison des syndicats est alors le lieu le 2 mai 2014 d\u2019une trag\u00e9die. \u00c0 l\u2019occasion des \u00e9liminatoires de soccer, une foule rassemblant des personnes appuyant la \u00ab r\u00e9volution \u00bb de Ma\u00efdan et qui \u00e9taient membres de groupes radicaux d\u00e9barque dans la ville d\u2019Odessa. Ils se rendent aux tentes dress\u00e9es juste \u00e0 c\u00f4t\u00e9 de la Maison des syndicats o\u00f9 se trouvaient des russophones oppos\u00e9s au coup d\u2019\u00c9tat. L\u2019arriv\u00e9e de personnes radicales arm\u00e9es force les gens dans les tentes \u00e0 se r\u00e9fugier dans la Maison. On y met le feu. Une cinquantaine d\u2019hommes, femmes et enfants qui protestaient contre les \u00e9v\u00e9nements de Ma\u00efdan sont brul\u00e9s vifs. Quelques jours avant la trag\u00e9die, Andriy Parubiy avait \u00e9t\u00e9 vu \u00e0 Odessa en compagnie d\u2019une personne qui \u00e9tait sur les lieux de la trag\u00e9die le 2 mai. Sur la page web de Secteur droit, on d\u00e9crit l\u2019\u00e9v\u00e8nement comme une source de fiert\u00e9 pour l\u2019Ukraine<a href=\"#_ftn35\" name=\"_ftnref35\">[35]<\/a>.<\/p>\n<p>Des milices d\u2019extr\u00eame droite se mettent en branle et joignent l\u2019arm\u00e9e r\u00e9guli\u00e8re ukrainienne pour mater les populations russes de l\u2019Est qui r\u00e9agissent fort mal aux politiques russophobes du gouvernement. D\u00e8s l\u2019\u00e9t\u00e9 2014, la guerre civile est amorc\u00e9e et le <em>groupe Azov<\/em> est rapidement int\u00e9gr\u00e9 \u00e0 l\u2019arm\u00e9e r\u00e9guli\u00e8re<a href=\"#_ftn36\" name=\"_ftnref36\">[36]<\/a>.<\/p>\n<p>En novembre 2014, selon Michael Colborne, le <em>bataillon Azov<\/em> ne comptait que 800 membres<a href=\"#_ftn37\" name=\"_ftnref37\">[37]<\/a>. Le r\u00e9seau d\u2019information <em>Al Jazeera<\/em> fait pour sa part \u00e9tat de 900 membres actifs <a href=\"#_ftn38\" name=\"_ftnref38\">[38]<\/a>. Mais il s\u2019agit d\u2019un sous-groupe issu de deux autres groupes n\u00e9o-nazis\u00a0: les <em>Patriotes de l\u2019Ukraine<\/em> et l\u2019<em>Assembl\u00e9e national-sociale<\/em>. <em>Al Jazeera<\/em> fait \u00e9galement \u00e9tat de la formation de civils assur\u00e9e par le <em>groupe Azov<\/em>. Ce dernier groupe est financ\u00e9 par l\u2019oligarque Igor Kolomoysky. Le journal conclut en rapportant un article de <em>The N<\/em><em>ation<\/em> <a href=\"#_ftn39\" name=\"_ftnref39\">[39]<\/a> dans lequel on souligne que l\u2019Ukraine est le seul endroit au monde dans lequel l\u2019arm\u00e9e compte des militants n\u00e9o-nazis.<a href=\"#_ftn40\" name=\"_ftnref40\">[40]<\/a> En plus des articles de <em>Newsweek<\/em> et <em>The Nation<\/em>, le journal <em>USA Today<\/em> en fait aussi mention<a href=\"#_ftn41\" name=\"_ftnref41\">[41]<\/a>.<\/p>\n<p>En fait, le <em>bataillon Azov<\/em> n\u2019est qu\u2019une partie du <em>groupe Azov<\/em>. Il comprend aussi les militants non combattants, une pr\u00e9sence dans l\u2019ar\u00e8ne politique, une maison d\u2019\u00e9dition, des camps d\u2019\u00e9t\u00e9 pour les enfants, une aile jeunesse et une milice nationale qui patrouille les rues en plus de la police. Le <em>groupe Azov<\/em> poss\u00e8de un arsenal d\u2019armes, de drones, de v\u00e9hicules arm\u00e9s et de pi\u00e8ces d\u2019artillerie<a href=\"#_ftn42\" name=\"_ftnref42\">[42]<\/a>. Selon <em>The Hill<\/em>, le <em>bataillon Azov<\/em> avait 3000 membres\u00a0en 2017. <a href=\"#_ftn43\" name=\"_ftnref43\">[43]<\/a> Et le <em>groupe Azov<\/em> ne serait qu\u2019un parmi une trentaine d\u2019autres<a href=\"#_ftn44\" name=\"_ftnref44\">[44]<\/a>.\u00a0Par exemple, le <em>groupe Secteur droit<\/em> dit \u00eatre compos\u00e9 de deux \u00e0 trois milles hommes<a href=\"#_ftn45\" name=\"_ftnref45\">[45]<\/a>.<\/p>\n<p>Plusieurs \u00e9tudes ont \u00e9tay\u00e9 en d\u00e9tail le r\u00f4le de plusieurs pays occidentaux, dont le\u00a0Canada et les \u00c9tats-Unis, dans la formation de groupes d\u2019extr\u00eame-droite<a href=\"#_ftn46\" name=\"_ftnref46\">[46]<\/a>. Cette formation \u00e9tait toujours en vigueur en 2021. L\u2019<em>Ottawa Citizen<\/em> a fait valoir que le Canada formait des militaires ukrainiens d&rsquo;orientation nazie. Le journaliste David Pugliese a \u00e9crit que \u00ab les responsables canadiens qui ont rencontr\u00e9 une unit\u00e9 ukrainienne li\u00e9e \u00e0 des n\u00e9onazis craignaient d&rsquo;\u00eatre expos\u00e9s par les m\u00e9dias. \u00bb <a href=\"#_ftn47\" name=\"_ftnref47\">[47]<\/a> Pleinement inform\u00e9s en 2017 de son id\u00e9ologie nazie, les responsables canadiens ne se souciaient que du fait que la r\u00e9union reste secr\u00e8te. Elle a \u00e9t\u00e9 expos\u00e9e lorsque Azov s&rsquo;en est vant\u00e9 sur les m\u00e9dias sociaux<a href=\"#_ftn48\" name=\"_ftnref48\">[48]<\/a>.<\/p>\n<p>Une \u00e9tude du professeur Oleksiy Kuzmenko m\u00e9rite aussi le d\u00e9tour. Depuis 2018, la <em>National Army Academy<\/em> de l\u2019Ukraine accueille dans ses rangs le groupe Centuria. Les membres du groupe se vantent d\u2019avoir re\u00e7u en 2021 des formations de la France, du Royaume-Uni, du Canada, de l\u2019Allemagne, de la Pologne et des \u00c9tats-Unis<a href=\"#_ftn49\" name=\"_ftnref49\">[49]<\/a>. Or, le groupe est en lien \u00e9troit avec le <em>groupe Azov<\/em>.<\/p>\n<p>Les \u00c9tats-Unis ont m\u00eame \u00e9t\u00e9 oblig\u00e9s d\u2019adopter des r\u00e9solutions en 2018 pour que l&rsquo;aide militaire \u00e0 l&rsquo;Ukraine ne tombe pas dans les mains du groupe n\u00e9o-nazi Azov<a href=\"#_ftn50\" name=\"_ftnref50\">[50]<\/a>. \u00c0 la Chambre des Repr\u00e9sentants, on refusa cependant toujours de d\u00e9signer le bataillon Azov comme une organisation terroriste. Max Rose en octobre 2019, puis Elissa Slotkin en avril 2021, \u00e9chou\u00e8rent dans leur tentative de faire ent\u00e9riner cette d\u00e9signation<a href=\"#_ftn51\" name=\"_ftnref51\">[51]<\/a>. Slotkin fit valoir en vain ce point de vue aupr\u00e8s du secr\u00e9taire d\u2019\u00c9tat Anthony Blinken. Elle \u00e9crit\u00a0: \u00ab Le <em>bataillon Azov<\/em>, une milice bien connue en Ukraine, utilise Internet pour recruter de nouveaux membres, puis les radicalise pour qu&rsquo;ils recourent \u00e0 la violence afin de poursuivre son programme politique d&rsquo;identit\u00e9 blanche. \u00bb <a href=\"#_ftn52\" name=\"_ftnref52\">[52]<\/a><\/p>\n<p>Dans un document qui examine les m\u00e9thodes de recrutement du <em>bataillon Azov<\/em>, on lit que 40 membres du Congr\u00e8s ont sign\u00e9 une lettre demandant &#8211; en vain &#8211; au D\u00e9partement d&rsquo;\u00c9tat am\u00e9ricain de d\u00e9signer Azov comme une organisation terroriste \u00e9trang\u00e8re. \u00ab Azov recrute, radicalise et forme des citoyens am\u00e9ricains depuis des ann\u00e9es \u00bb, indique la lettre. Christopher Wray, directeur du FBI, a par la suite confirm\u00e9, lors d&rsquo;un t\u00e9moignage devant le S\u00e9nat am\u00e9ricain, que des supr\u00e9macistes blancs am\u00e9ricains \u00ab se rendent effectivement \u00e0 l&rsquo;\u00e9tranger pour s&rsquo;entra\u00eener \u00bb.<a href=\"#_ftn53\" name=\"_ftnref53\">[53]<\/a><\/p>\n<p>Avant 2022, les m\u00e9dias occidentaux, parmi lesquels le <em>New York Times<\/em>, le <em>Guardian<\/em>, la <em>BBC<\/em>, le <em>Telegraph<\/em> et <em>Reuters<\/em>, ont soulign\u00e9 le caract\u00e8re n\u00e9o-nazi du <em>bataillon Azov<\/em><a href=\"#_ftn54\" name=\"_ftnref54\">[54]<\/a>. Radio Free Europe (RFE) avait rapport\u00e9 que 20\u00a0000 personnes ont march\u00e9 en l\u2019honneur de l\u2019arm\u00e9e des insurg\u00e9s ukrainiens qui avaient pendant la Seconde Guerre mondiale proc\u00e9d\u00e9 \u00e0 un nettoyage ethnique tuant des dizaines de milliers de Polonais. On y lit que la r\u00e9habilitation des mouvements n\u00e9o-nazis a \u00e9t\u00e9 d\u00e9nonc\u00e9e par de nombreux organismes juifs\u00a0tels que le <em>United States Holocaust Memorial Museum<\/em>, le Centre Simon Wiesenthal, la <em>National Coalition Supporting Eurasian Jewry<\/em>, <em>Yad Vashem<\/em> et le <em>World Jewish Congress<\/em>.<a href=\"#_ftn55\" name=\"_ftnref55\">[55]<\/a><\/p>\n<p>Depuis que la guerre est amorc\u00e9e, les n\u00e9o-nazis semblent s&rsquo;\u00eatre tous \u00e9vapor\u00e9s. On n&rsquo;en fait plus mention. Ils sont minoritaires, bien s\u00fbr, car la vaste majorit\u00e9 du peuple ukrainien voulait la paix et a vot\u00e9 pour Zelensky dans l&rsquo;espoir qu&rsquo;il serait fid\u00e8le \u00e0 son programme de la r\u00e9aliser.<\/p>\n<p><strong>L\u2019entr\u00e9e en sc\u00e8ne de Zelensky<\/strong><\/p>\n<p>En 2019, on a pu constater \u00e0 quel point le r\u00e9gime \u00e9tait encore sous l\u2019emprise de la minorit\u00e9 band\u00e9riste<a href=\"#_ftn56\" name=\"_ftnref56\">[56]<\/a>. Zelensky n\u2019a pas donn\u00e9 suite aux accords de Minsk qui auraient r\u00e9tabli la l\u00e9galit\u00e9 de l\u2019usage de la langue russe dans la sph\u00e8re publique et auraient permis de r\u00e9tablir les pensions de vieillesse pour les personnes du Donbass. Il s&rsquo;est fait \u00e9lire pour r\u00e9aliser la paix, mais il s&rsquo;est vite associ\u00e9 au groupe n\u00e9o-nazi Azov. Igor Kolomoysky qui a financ\u00e9 et appuy\u00e9 sa campagne finan\u00e7ait aussi le <em>groupe Azov<\/em>. Zelensky est d&rsquo;ailleurs apparu devant l&rsquo;assembl\u00e9e nationale grecque avec un membre du <em>groupe Azov<\/em>. Des d\u00e9put\u00e9s du parti politique Syrisa se sont lev\u00e9s et ont quitt\u00e9 la salle en guise de protestation<a href=\"#_ftn57\" name=\"_ftnref57\">[57]<\/a>. Zelensky a \u00e9galement consacr\u00e9 le commandant de <em>Secteur droit<\/em> Dmytro Kotsyubaylo h\u00e9ros de l\u2019Ukraine.<\/p>\n<p>Au pays, Stepan Bandera est \u00e9rig\u00e9 en h\u00e9ros et on organise des marches en son honneur \u00e0 chaque 1er janvier, le jour de son anniversaire. C\u2019\u00e9tait encore le cas en 2022<a href=\"#_ftn58\" name=\"_ftnref58\">[58]<\/a>. Selon Zelensky, \u00ab cela est normal et c\u2019est <i>cool<\/i> \u00bb<span style=\"color: #0000ff;\">[23].<\/span> Ainsi, \u00e0 l\u2019occasion de la manifestation en faveur de Bandera le 1<sup>er<\/sup> janvier 2022, Andriy Tarasenko, chef du parti nationaliste <em>Secteur droit<\/em>, d\u00e9clare\u00a0: \u00ab\u00a0Aujourd\u2019hui, alors qu\u2019il y a une guerre avec l\u2019occupant sur le front et que la lutte contre la \u2018cinqui\u00e8me colonne\u2019 se poursuit \u00e0 l\u2019arri\u00e8re, nous nous souvenons et honorons la m\u00e9moire de Stepan Bandera\u00a0\u00bb<a href=\"#_ftn59\" name=\"_ftnref59\">[59]<\/a>. L&rsquo;ambassadeur de l&rsquo;Ukraine en Allemagne a refus\u00e9 de d\u00e9noncer Bandera \u00e0 la t\u00e9l\u00e9vision allemande, ce qui montre l\u2019attitude officielle \u00e0 son endroit<a href=\"#_ftn60\" name=\"_ftnref60\">[60]<\/a>.<\/p>\n<p>Zelensky a \u00e9t\u00e9 amen\u00e9 \u00e0 bannir les partis politiques qu\u2019il juge \u00ab pro-russes \u00bb et \u00e0 interdire les cha\u00eenes de t\u00e9l\u00e9vision qui s\u2019opposent \u00e0 lui. Il a m\u00eame consid\u00e9r\u00e9 la possibilit\u00e9 de ne pas tenir l\u2019\u00e9lection pr\u00e9sidentielle pr\u00e9vue pour 2024. Pour leur part, les \u00c9tats-Unis veulent cette \u00e9lection, \u00e0 la fois pour conforter l\u2019id\u00e9e que l\u2019Ukraine est \u00ab une d\u00e9mocratie \u00bb et pour se donner la possibilit\u00e9 d\u2019\u00e9carter par la voie \u00e9lectorale un Zelensky devenu symbole de l\u2019\u00e9chec de toute leur politique ukrainienne.<\/p>\n<p>Force est de constater qu\u2019une infime minorit\u00e9 de n\u00e9o-nazis, fortement soutenue par l\u2019Occident, a entra\u00een\u00e9 un pays entier dans un conflit avec la Russie. Ce conflit s\u2019explique par une russophobie qui remonte loin dans le temps, \u00e0 laquelle s\u2019ajoute un alignement sur l\u2019OTAN, alliance militaire hostile \u00e0 la Russie. Zelensky lui-m\u00eame a \u00e9t\u00e9 emport\u00e9 par la vague malgr\u00e9 ses apparentes bonnes intentions initiales officiellement annonc\u00e9es pour se faire \u00e9lire en 2019. Le nationalisme ukrainien est l\u00e9gitime mais les band\u00e9ristes l\u2019ont d\u00e9tourn\u00e9 pour rendre impossible le bon voisinage avec la Russie et la reconnaissance d\u2019une minorit\u00e9 russophone pr\u00e9sente sur le territoire, d&rsquo;o\u00f9 la guerre civile provoqu\u00e9e depuis 2014 et le refus d&rsquo;appliquer les accords de Minsk. Les \u00c9tats-Unis ont profit\u00e9 de l&rsquo;existence de ces n\u00e9o-nazis pour attiser le conflit afin d&rsquo;affaiblir la Russie. Le probl\u00e8me s\u2019est amplifi\u00e9 au point o\u00f9 la Russie a d\u00e9clench\u00e9 une op\u00e9ration militaire sp\u00e9ciale pour emp\u00eacher l\u2019installation de l\u2019OTAN \u00e0 sa fronti\u00e8re sud, imposer la neutralit\u00e9 du pays, mettre fin aux exactions contre les russophones, de m\u00eame que pour d\u00e9militariser et d\u00e9nazifier l\u2019Ukraine <a href=\"#_ftn61\" name=\"_ftnref61\">[61]<\/a>.<\/p>\n<p>Nous disposons de donn\u00e9es qui confirment de plus en plus le projet de cette instrumentalisation. D\u00e8s 2015, le Repr\u00e9sentant d\u00e9mocrate Adam Schiff faisait allusion \u00e0 l\u2019utilit\u00e9 de se battre contre la Russie en Ukraine au lieu d\u2019avoir \u00e0 mener le combat aux \u00c9tats-Unis (\u00ab <em>United States aids Ukraine and her people so that we can<\/em> <em>fight Russia over there as a way not to fight Russia over here<\/em> \u00bb)<a href=\"#_ftn62\" name=\"_ftnref62\">[62]<\/a>. Le secr\u00e9taire d\u2019\u00c9tat \u00e0 la d\u00e9fense des \u00c9tats-Unis, Lloyd Austin, a pour sa part admis que les Am\u00e9ricains cherchaient \u00e0 affaiblir la Russie<a href=\"#_ftn63\" name=\"_ftnref63\">[63]<\/a> (\u00ab <em>weakening Russia\u2026 inflicting to Russia a bloody nose<\/em> \u00bb). L\u2019aide am\u00e9ricaine \u00e0 l\u2019Ukraine, selon le s\u00e9nateur Lindsay Graham, est un combat devant \u00eatre men\u00e9 \u00ab jusqu\u2019au dernier ukrainien \u00bb (\u00ab <em>to the last Ukrainian<\/em> \u00bb)<a href=\"#_ftn64\" name=\"_ftnref64\">[64]<\/a>. L\u2019ancien secr\u00e9taire \u00e0 la d\u00e9fense Leon Panetta, quant \u00e0 lui, le reconnut d\u2019embl\u00e9e\u00a0: les \u00c9tats-Unis m\u00e8nent en Ukraine une \u00ab guerre par procuration \u00bb<a href=\"#_ftn65\" name=\"_ftnref65\">[65]<\/a>. On peut m\u00eame trouver sur Youtube un clip dans lequel Hilary Clinton \u00e9tablit une comparaison entre la strat\u00e9gie am\u00e9ricaine en Afghanistan ayant servi \u00e0 affaiblir les Russes et celle qui \u00e9tait pr\u00e9sentement en cours en Ukraine<a href=\"#_ftn66\" name=\"_ftnref66\">[66]<\/a>. Selon elle, les Am\u00e9ricains se sont servis des Moudjahidines pour combattre la Russie en Afghanistan et maintenant ils se servent des Ukrainiens pour combattre les Russes. Cette analogie Afghanistan-Ukraine sous-tend la strat\u00e9gie am\u00e9ricaine dans le conflit en Ukraine.<\/p>\n<p>L\u2019instrumentalisation du peuple ukrainien \u00e0 l\u2019instigation des n\u00e9ocons ne se r\u00e9sume pas seulement \u00e0 l\u2019id\u00e9e d\u2019une guerre par procuration. Elle se double d\u2019une insensibilit\u00e9 absolue \u00e0 l\u2019\u00e9gard du peuple ukrainien. Oliver North a d\u00e9crit la situation comme impliquant \u00ab leur sang et nos balles \u00bb (\u00ab <em>their blood our bullets<\/em> \u00bb)<a href=\"#_ftn67\" name=\"_ftnref67\">[67]<\/a>. Le G\u00e9n\u00e9ral \u00e0 la retraite Keith Kellog, conseiller du vice-pr\u00e9sident Mike Pence, a affirm\u00e9 que la guerre men\u00e9e par les \u00c9tats-Unis \u00e0 la Russie relevait du plus haut professionnalisme (\u00ab acme of professionalism \u00bb). Utiliser l\u2019Ukraine pour combattre la Russie permettait d\u2019\u00e9liminer un adversaire strat\u00e9gique (\u00ab takes a strategic adversary off the table \u00bb) sans faire usage de troupes am\u00e9ricaines. Cela permettait de se concentrer ensuite sur le plus important adversaire, la Chine<a href=\"#_ftn68\" name=\"_ftnref68\">[68]<\/a>. Lindsay Graham consid\u00e8re que les cent milliards de dollars consentis \u00e0 l\u2019Ukraine pour tuer des Russes sont le meilleur investissement en d\u00e9pense militaire jamais fait par les \u00c9tats-Unis<a href=\"#_ftn69\" name=\"_ftnref69\">[69]<\/a>. Le S\u00e9nateur r\u00e9publicain Mitt Romney a r\u00e9p\u00e9t\u00e9 en toute candeur la m\u00eame chose<a href=\"#_ftn70\" name=\"_ftnref70\">[70]<\/a>. On affaiblit les Russes sans perte de vie am\u00e9ricaine. Cette franchise est aussi celle de Bill Kristol, n\u00e9ocon notoire<a href=\"#_ftn71\" name=\"_ftnref71\">[71]<\/a>.<\/p>\n<p>Les Am\u00e9ricains sont engag\u00e9s dans une guerre par procuration qui a conduit l&rsquo;Ukraine au bord du pr\u00e9cipice. Pour les n\u00e9ocons, d\u00e9penser plus de 110 milliards de dollars constitue un investissement rentable parce qu\u2019il permet d\u2019esp\u00e9rer affaiblir la Russie sans aucune mort de soldats am\u00e9ricains. Peu importe si cela entra\u00eene dans la mort plus de 500 000 personnes. Ce d\u00e9sastre infini est le pur produit d&rsquo;une convergence d&rsquo;int\u00e9r\u00eats entre une minorit\u00e9 n\u00e9o-nazie et l&rsquo;establishment des \u00c9tats-Unis. D\u2019ailleurs, les \u00c9tats-Unis et l\u2019Ukraine vot\u00e8rent contre la r\u00e9solution de l\u2019ONU du 16 d\u00e9cembre 2021 visant \u00e0 condamner le nazisme. En effet, par un vote enregistr\u00e9 de 130 voix pour, 2 contre (Ukraine, \u00c9tats-Unis) et 49 abstentions, l&rsquo;Assembl\u00e9e a ensuite adopt\u00e9 le projet de r\u00e9solution I, \u00ab\u00a0Combattre la glorification du nazisme, du n\u00e9onazisme et d&rsquo;autres pratiques qui contribuent \u00e0 alimenter les formes contemporaines de racisme, de discrimination raciale, de x\u00e9nophobie et de l&rsquo;intol\u00e9rance qui y est associ\u00e9e.\u201d <a href=\"#_ftn72\" name=\"_ftnref72\">[72]<\/a> Les deux vot\u00e8rent \u00e0 nouveau de la m\u00eame fa\u00e7on le 16 mars 2022. <a href=\"#_ftn73\" name=\"_ftnref73\">[73]<\/a>\u00a0Les \u00c9tats-Unis se sont oppos\u00e9s aux r\u00e9solutions condamnant le nazisme depuis qu\u2019elles ont \u00e9t\u00e9 soumises en 2005.<\/p>\n<p><strong>\u00a0<\/strong><\/p>\n<p><strong>Conclusion<\/strong><\/p>\n<p>L\u2019influence des n\u00e9onazis en Ukraine d\u00e9passe largement leur importance en nombre. M\u00eame s\u2019ils sont relativement peu nombreux, ils ont jou\u00e9 un r\u00f4le cl\u00e9 dans le renversement du r\u00e9gime (<em>Secteur droit<\/em>) en 2014, dans les politiques qui ont imm\u00e9diatement suivi l\u2019\u00ab \u00e9lection \u00bb de \u00ab Yats \u00bb et dans la guerre civile au Donbass. Sous leur influence, il a \u00e9t\u00e9 impossible d\u2019appliquer les accords de Minsk et, pour Zelensky, de remplir sa promesse de restaurer la paix.<\/p>\n<p>L&rsquo;incontournable r\u00e9alit\u00e9 est que le r\u00e9gime dont Zelensky est la t\u00eate d\u2019affiche de cette mouvance n\u00e9o-nazie.<a href=\"#_ftn74\" name=\"_ftnref74\">[74]<\/a> C&rsquo;est une infime minorit\u00e9 de la soci\u00e9t\u00e9 ukrainienne, mais elle a le contr\u00f4le politique et militaire, et elle donne le ton \u00e0 la politique du pays. En d\u00e9clenchant une guerre civile en 2014 et en mettant l\u2019Ukraine \u00e0 la disposition de l\u2019OTAN, alliance militaire ouvertement hostile \u00e0 son voisin russe, elle a inflig\u00e9 au peuple ukrainien un conflit d\u00e9vastateur, attis\u00e9 et aliment\u00e9 par les \u00c9tats-Unis et l\u2019OTAN. Le peuple ukrainien avait vot\u00e9 pour la paix et la r\u00e9conciliation, mais les autorit\u00e9s de Kiev et de Washington en ont d\u00e9cid\u00e9 autrement.<\/p>\n<p>&nbsp;<\/p>\n<p><strong>Notes<\/strong><\/p>\n<p><a href=\"#_ftnref1\" name=\"_ftn1\">[1]<\/a> David Pugliese, \u00ab Chrystia Freeland\u2019s Granddad was indeed a Nazi Collaborator. So much for Russian Disinformation \u00bb, <em>Ottawa Citizen<\/em>, 8 mars, 2017.\u00a0 <a href=\"https:\/\/ottawacitizen.com\/news\/national\/defence-watch\/chrystia-freelands-granddad-was-indeed-a-nazi-collaborator-so-much-for-russian-disinformation\">https:\/\/ottawacitizen.com\/news\/national\/defence-watch\/chrystia-freelands-granddad-was-indeed-a-nazi-collaborator-so-much-for-russian-disinformation<\/a>; voir aussi <a href=\"https:\/\/web.archive.org\/web\/20230117135823\/https:\/www.theglobeandmail.com\/news\/politics\/freeland-knew-her-grandfather-was-editor-of-nazi-newspaper\/article34236881\/\">https:\/\/web.archive.org\/web\/20230117135823\/https:\/www.theglobeandmail.com\/news\/politics\/freeland-knew-her-grandfather-was-editor-of-nazi-newspaper\/article34236881\/<\/a> et <a href=\"https:\/\/www.theglobeandmail.com\/world\/article-kgb-archives-show-how-chrystia-freeland-drew-the-ire-and-respect-of\/\">https:\/\/www.theglobeandmail.com\/world\/article-kgb-archives-show-how-chrystia-freeland-drew-the-ire-and-respect-of\/<\/a><\/p>\n<p><a href=\"#_ftnref2\" name=\"_ftn2\">[2]<\/a> Serhiv Kudelia, \u00ab When Numbers Are Not Enough: The Strategic Use of Violence in Ukraine&rsquo;s 2014 Revolution \u00bb, Comparative Politics, Vol. 50, No. 4 (July 2018), pp. 501-521<\/p>\n<p>https:\/\/www.jstor.org\/stable\/26532701<\/p>\n<p><a href=\"#_ftnref3\" name=\"_ftn3\">[3]<\/a> <a href=\"https:\/\/www.youtube.com\/watch?v=Qg3R_BSz0Cc&amp;ab_channel=BBCNewsnight\">https:\/\/www.youtube.com\/watch?v=Qg3R_BSz0Cc&amp;ab_channel=BBCNewsnight<\/a><\/p>\n<p><a href=\"#_ftnref4\" name=\"_ftn4\">[4]<\/a> <a href=\"https:\/\/foreignpolicy.com\/2016\/02\/26\/he-killed-for-the-maidan\/\">https:\/\/foreignpolicy.com\/2016\/02\/26\/he-killed-for-the-maidan\/<\/a><\/p>\n<p><a href=\"#_ftnref5\" name=\"_ftn5\">[5]<\/a> <a href=\"https:\/\/jacobin.com\/2022\/02\/maidan-protests-neo-nazis-russia-nato-crimea\">https:\/\/jacobin.com\/2022\/02\/maidan-protests-neo-nazis-russia-nato-crimea<\/a><\/p>\n<p><a href=\"#_ftnref6\" name=\"_ftn6\">[6]<\/a> <a href=\"https:\/\/www.csmonitor.com\/World\/Security-Watch\/2014\/0308\/Kiev-snipers-Who-was-behind-them\">https:\/\/www.csmonitor.com\/World\/Security-Watch\/2014\/0308\/Kiev-snipers-Who-was-behind-them<\/a><\/p>\n<p><a href=\"#_ftnref7\" name=\"_ftn7\">[7]<\/a> <a href=\"https:\/\/canadiandimension.com\/articles\/view\/the-hidden-origin-of-the-escalating-ukraine-russia-conflict\">https:\/\/canadiandimension.com\/articles\/view\/the-hidden-origin-of-the-escalating-ukraine-russia-conflict<\/a><\/p>\n<p><a href=\"#_ftnref8\" name=\"_ftn8\">[8]<\/a> <a href=\"https:\/\/uottawa.academia.edu\/IvanKatchanovski\/Videos\">https:\/\/uottawa.academia.edu\/IvanKatchanovski\/Videos<\/a><\/p>\n<p><a href=\"#_ftnref9\" name=\"_ftn9\">[9]<\/a> <a href=\"https:\/\/www.youtube.com\/watch?v=FIN3X4VrZBk&amp;ab_channel=InfoQuiderange\">https:\/\/www.youtube.com\/watch?v=FIN3X4VrZBk&amp;ab_channel=InfoQuiderange<\/a><\/p>\n<p><a href=\"#_ftnref10\" name=\"_ftn10\">[10]<\/a> Compte YouTube de Michael Bergman \u00ab Breaking: Estonian Foreign Minister Urman Paet and Catherine Ashton discuss Ukraine over the phone \u00bb, \u00e0 partir de 8 minute 24 secondes. <a href=\"https:\/\/www.youtube.com\/watch?v=ZEgJ0oo3OA8&amp;ab_channel=MichaelBergman\">https:\/\/www.youtube.com\/watch?v=ZEgJ0oo3OA8&amp;ab_channel=MichaelBergman<\/a><\/p>\n<p><a href=\"#_ftnref11\" name=\"_ftn11\">[11]<\/a> <a href=\"https:\/\/www.dailymotion.com\/video\/x1qnu74\">https:\/\/www.dailymotion.com\/video\/x1qnu74<\/a><\/p>\n<p><a href=\"#_ftnref12\" name=\"_ftn12\">[12]<\/a> https:\/\/en.wikipedia.org\/wiki\/Maidan_casualties<\/p>\n<p><a href=\"#_ftnref13\" name=\"_ftn13\">[13]<\/a> <em>Revealing Ukraine<\/em>, 2019 https:\/\/www.youtube.com\/watch?v=jhu3lfgHhCI&amp;t=616s&amp;ab_channel=GlobalTreePictures<\/p>\n<p><a href=\"#_ftnref14\" name=\"_ftn14\">[14]<\/a> <a href=\"https:\/\/wikispooks.com\/wiki\/Document:Who_was_the_Maidan_sniper_mastermind%3F\">https:\/\/wikispooks.com\/wiki\/Document:Who_was_the_Maidan_sniper_mastermind%3F<\/a><\/p>\n<p><a href=\"#_ftnref15\" name=\"_ftn15\">[15]<\/a> <a href=\"https:\/\/www.usatoday.com\/story\/news\/world\/2014\/02\/27\/ukraine-opposition-parubiy\/5844437\/\">https:\/\/www.usatoday.com\/story\/news\/world\/2014\/02\/27\/ukraine-opposition-parubiy\/5844437\/<\/a><\/p>\n<p><a href=\"#_ftnref16\" name=\"_ftn16\">[16]<\/a> <a href=\"https:\/\/apnews.com\/article\/fb5fc2541be942a68f8031033e7ca3ff\">https:\/\/apnews.com\/article\/fb5fc2541be942a68f8031033e7ca3ff<\/a><\/p>\n<p><a href=\"#_ftnref17\" name=\"_ftn17\">[17]<\/a> Ben Chacko, \u00ab Ukrainian speaker Andriy Parubiy slammed for praising Hitler as history&rsquo;s \u2018greatest democrat\u2019 \u00bb, <em>Morning Star<\/em>, 5 septembre 2018.<\/p>\n<p><a href=\"https:\/\/morningstaronline.co.uk\/article\/ukrainian-speaker-andriy-parubiy-slammed-praising-hitler-historys-greatest-democrat?utm_source=substack&amp;utm_medium=email\">https:\/\/morningstaronline.co.uk\/article\/ukrainian-speaker-andriy-parubiy-slammed-praising-hitler-historys-greatest-democrat?utm_source=substack&amp;utm_medium=email<\/a><\/p>\n<p><a href=\"#_ftnref18\" name=\"_ftn18\">[18]<\/a> https:\/\/www.youtube.com\/watch?v=VhZSQuE-K2E&amp;ab_channel=%D0%A2%D0%A0%D0%9A%D0%A0%D1%83%D0%B4%D0%B0%D0%BD%D0%B0<\/p>\n<p><a href=\"#_ftnref19\" name=\"_ftn19\">[19]<\/a> <em>Jerusalem Post<\/em>\u00a0 <a href=\"https:\/\/www.jpost.com\/jewish-world\/jewish-features\/wiesenthal-ranks-top-10-anti-semites-israel-haters\">https:\/\/www.jpost.com\/jewish-world\/jewish-features\/wiesenthal-ranks-top-10-anti-semites-israel-haters<\/a><\/p>\n<p><a href=\"#_ftnref20\" name=\"_ftn20\">[20]<\/a> <a href=\"https:\/\/fr.wikipedia.org\/wiki\/Oleh_Tyahnybok\">https:\/\/fr.wikipedia.org\/wiki\/Oleh_Tyahnybok<\/a><\/p>\n<p><a href=\"#_ftnref21\" name=\"_ftn21\">[21]<\/a> <a href=\"https:\/\/interfax.com\/newsroom\/top-stories\/43862\/\">https:\/\/interfax.com\/newsroom\/top-stories\/43862\/<\/a><\/p>\n<p><a href=\"#_ftnref22\" name=\"_ftn22\">[22]<\/a> <a href=\"https:\/\/www.counterpunch.org\/2014\/03\/13\/the-scary-side-of-the-ukraine-troika\/\">https:\/\/www.counterpunch.org\/2014\/03\/13\/the-scary-side-of-the-ukraine-troika\/<\/a><\/p>\n<p><a href=\"#_ftnref23\" name=\"_ftn23\">[23]<\/a> \u00a0<a href=\"https:\/\/thegrayzone.com\/2022\/03\/31\/partnering-neo-nazis-ukraine-history\/\">https:\/\/thegrayzone.com\/2022\/03\/31\/partnering-neo-nazis-ukraine-history\/<\/a><\/p>\n<p><a href=\"#_ftnref24\" name=\"_ftn24\">[24]<\/a> BBC &#8211; Neo-Nazi threat in new Ukraine: NEWSNIGHT (2014): <a href=\"https:\/\/www.youtube.com\/watch?v=5SBo0akeDMY&amp;t=0s\">https:\/\/youtu.be\/5SBo0akeDMY<\/a><\/p>\n<p><a href=\"#_ftnref25\" name=\"_ftn25\">[25]<\/a> BBC &#8211; Ukraine: On patrol with the far-right National Militia &#8211; BBC Newsnight (2018): <a href=\"https:\/\/www.youtube.com\/watch?v=hE6b4ao8gAQ&amp;t=0s\">https:\/\/youtu.be\/hE6b4ao8gAQ<\/a> ; <a href=\"https:\/\/www.wsws.org\/en\/authors\/Jason-Melanovski\">Jason Melanovski<\/a>\u00a0 \u00ab UN report documents massive attacks on democratic rights in Ukraine \u00bb, <em>World\u00a0Socialist Web Site<\/em>, 19 December 2021:<\/p>\n<p><a href=\"https:\/\/www.wsws.org\/en\/articles\/2021\/12\/20\/ukra-d20.html\">https:\/\/www.wsws.org\/en\/articles\/2021\/12\/20\/ukra-d20.html<\/a><\/p>\n<p><a href=\"#_ftnref26\" name=\"_ftn26\">[26]<\/a> <a href=\"https:\/\/en.interfax.com.ua\/news\/general\/234059.html\">https:\/\/en.interfax.com.ua\/news\/general\/234059.html<\/a><\/p>\n<p><a href=\"#_ftnref27\" name=\"_ftn27\">[27]<\/a> BBC &#8211; The far-right group threatening to overthrow Ukraine&rsquo;s government &#8211; Newsnight (2015): <a href=\"https:\/\/www.youtube.com\/watch?v=sEKQsnRGv7s&amp;t=0s\">https:\/\/youtu.be\/sEKQsnRGv7s<\/a><\/p>\n<p><a href=\"#_ftnref28\" name=\"_ftn28\">[28]<\/a> BBC &#8211; Ukraine underplays role of far right in conflict (2014): <a href=\"https:\/\/www.youtube.com\/redirect?event=video_description&amp;redir_token=QUFFLUhqbmItS010WjRtcWxEMzBCNk80Q0h0VW1DUDA4QXxBQ3Jtc0ttQlpNZkdoMXhFN21wMEU1RmVEN1ZzZmp5eVBSQ1plR3pMV29rR3VZOWRGUW5RLXc1RzVEcUtCejlDTzRaUG1oZWd3NkJEVjVDNGd0Q0h4bk5BQkl5MDljNHZaQVhUb0h3ZGtobHhfeTRId2VjNUJxdw&amp;q=https%3A%2F%2Fwww.bbc.com%2Fnews%2Fworld-europe-30414955&amp;v=GTEE__gcjk8\">https:\/\/www.bbc.com\/news\/world-europe&#8230;<\/a><\/p>\n<p><a href=\"#_ftnref29\" name=\"_ftn29\">[29]<\/a>\u00a0 <a href=\"https:\/\/time.com\/5926750\/azov-far-right-movement-facebook\/\">https:\/\/time.com\/5926750\/azov-far-right-movement-facebook\/<\/a><\/p>\n<p><a href=\"#_ftnref30\" name=\"_ftn30\">[30]<\/a> Ukraine under Fire <a href=\"https:\/\/www.youtube.com\/watch?v=pKcmNGvaDUs&amp;ab_channel=GlobalTreePictures\">https:\/\/www.youtube.com\/watch?v=pKcmNGvaDUs&amp;ab_channel=GlobalTreePictures<\/a><\/p>\n<p><a href=\"#_ftnref31\" name=\"_ftn31\">[31]<\/a> BBC &#8211; Ukraine underplays role of far right in conflict (2014): <a href=\"https:\/\/www.youtube.com\/redirect?event=video_description&amp;redir_token=QUFFLUhqbmItS010WjRtcWxEMzBCNk80Q0h0VW1DUDA4QXxBQ3Jtc0ttQlpNZkdoMXhFN21wMEU1RmVEN1ZzZmp5eVBSQ1plR3pMV29rR3VZOWRGUW5RLXc1RzVEcUtCejlDTzRaUG1oZWd3NkJEVjVDNGd0Q0h4bk5BQkl5MDljNHZaQVhUb0h3ZGtobHhfeTRId2VjNUJxdw&amp;q=https%3A%2F%2Fwww.bbc.com%2Fnews%2Fworld-europe-30414955&amp;v=GTEE__gcjk8\">https:\/\/www.bbc.com\/news\/world-europe&#8230;<\/a><\/p>\n<p><a href=\"#_ftnref32\" name=\"_ftn32\">[32]<\/a> BBC &#8211; Ukraine underplays role of far right in conflict (2014):<\/p>\n<p><a href=\"https:\/\/www.youtube.com\/redirect?event=video_description&amp;redir_token=QUFFLUhqbmItS010WjRtcWxEMzBCNk80Q0h0VW1DUDA4QXxBQ3Jtc0ttQlpNZkdoMXhFN21wMEU1RmVEN1ZzZmp5eVBSQ1plR3pMV29rR3VZOWRGUW5RLXc1RzVEcUtCejlDTzRaUG1oZWd3NkJEVjVDNGd0Q0h4bk5BQkl5MDljNHZaQVhUb0h3ZGtobHhfeTRId2VjNUJxdw&amp;q=https%3A%2F%2Fwww.bbc.com%2Fnews%2Fworld-europe-30414955&amp;v=GTEE__gcjk8\">https:\/\/www.bbc.com\/news\/world-europe&#8230;<\/a><\/p>\n<p><a href=\"#_ftnref33\" name=\"_ftn33\">[33]<\/a> BBC &#8211; Neo-Nazi threat in new Ukraine: NEWSNIGHT (2014): <a href=\"https:\/\/www.youtube.com\/watch?v=5SBo0akeDMY&amp;t=0s\">https:\/\/youtu.be\/5SBo0akeDMY<\/a><\/p>\n<p><a href=\"#_ftnref34\" name=\"_ftn34\">[34]<\/a> <a href=\"https:\/\/www.youtube.com\/watch?v=pKcmNGvaDUs&amp;ab_channel=GlobalTreePictures\">https:\/\/www.youtube.com\/watch?v=pKcmNGvaDUs&amp;ab_channel=GlobalTreePictures<\/a><\/p>\n<p><a href=\"#_ftnref35\" name=\"_ftn35\">[35]<\/a> <em>Ukraine under Fire<\/em><\/p>\n<p><iframe loading=\"lazy\" title=\"Ukraine on Fire\" width=\"500\" height=\"281\" src=\"https:\/\/www.youtube.com\/embed\/pKcmNGvaDUs?feature=oembed\" frameborder=\"0\" allow=\"accelerometer; autoplay; clipboard-write; encrypted-media; gyroscope; picture-in-picture; web-share\" referrerpolicy=\"strict-origin-when-cross-origin\" allowfullscreen><\/iframe><\/p>\n<p><a href=\"#_ftnref36\" name=\"_ftn36\">[36]<\/a> <a href=\"https:\/\/thegrayzone.com\/2022\/03\/31\/partnering-neo-nazis-ukraine-history\/\">https:\/\/thegrayzone.com\/2022\/03\/31\/partnering-neo-nazis-ukraine-history\/<\/a><\/p>\n<p><a href=\"#_ftnref37\" name=\"_ftn37\">[37]<\/a> Michael Colborne, <em>From the Fires of War: Ukraine&rsquo;s Azov Movement and the Global Far Right<\/em>, Analyzing Political Violence, Book 2, Ibidem, p. 33.<\/p>\n<p><a href=\"#_ftnref38\" name=\"_ftn38\">[38]<\/a> <a href=\"https:\/\/www.aljazeera.com\/news\/2022\/3\/1\/who-are-the-azov-regiment\">https:\/\/www.aljazeera.com\/news\/2022\/3\/1\/who-are-the-azov-regiment<\/a><\/p>\n<p><a href=\"#_ftnref39\" name=\"_ftn39\">[39]<\/a> https:\/\/www.thenation.com\/article\/politics\/neo-nazis-far-right-ukraine\/<\/p>\n<p><a href=\"#_ftnref40\" name=\"_ftn40\">[40]<\/a> <em>Al Jazeera<\/em>, <em>op. cit.<\/em><\/p>\n<p><a href=\"#_ftnref41\" name=\"_ftn41\">[41]<\/a> https:\/\/www.usatoday.com\/story\/news\/world\/2015\/03\/10\/ukraine-azov-brigade-nazis-abuses-separatists\/24664937\/<\/p>\n<p><a href=\"#_ftnref42\" name=\"_ftn42\">[42]<\/a> <a href=\"https:\/\/time.com\/5926750\/azov-far-right-movement-facebook\/\">https:\/\/time.com\/5926750\/azov-far-right-movement-facebook\/<\/a><\/p>\n<p><a href=\"#_ftnref43\" name=\"_ftn43\">[43]<\/a> The Hill &#8211; The reality of neo-Nazis in Ukraine is far from Kremlin propaganda (2017): https:\/\/thehill.com\/opinion\/international\/359609-the-reality-of-neo-nazis-in-the-ukraine-is-far-from-kremlin-propaganda\/<\/p>\n<p><a href=\"#_ftnref44\" name=\"_ftn44\">[44]<\/a>Damien Sharkov, \u00ab Patriot of Ukraine, Right Sector and White Hammer. Ukrainian Nationalist Volunteers Committing &lsquo;ISIS-Style&rsquo; War Crimes \u00bb<\/p>\n<p><a href=\"https:\/\/www.newsweek.com\/evidence-war-crimes-committed-ukrainian-nationalist-volunteers-grows-269604\">https:\/\/www.newsweek.com\/evidence-war-crimes-committed-ukrainian-nationalist-volunteers-grows-269604<\/a><\/p>\n<p><a href=\"#_ftnref45\" name=\"_ftn45\">[45]<\/a> BBC &#8211; The far-right group threatening to overthrow Ukraine&rsquo;s government &#8211; Newsnight (2015): <a href=\"https:\/\/www.youtube.com\/watch?v=sEKQsnRGv7s&amp;t=0s\">https:\/\/youtu.be\/sEKQsnRGv7s<\/a><\/p>\n<p><a href=\"#_ftnref46\" name=\"_ftn46\">[46]<\/a> Jim Naureckas, \u00ab Denying the Far-Right Role in the Ukrainian Revolution \u00bb, FAIR, 07\/03\/2014 <a href=\"https:\/\/fair.org\/home\/denying-the-far-right-role-in-the-ukrainian-revolution\/\">https:\/\/fair.org\/home\/denying-the-far-right-role-in-the-ukrainian-revolution\/<\/a> . Voir aussi Will Cathcart et Joseph Epstein, <em>Is America Training Neonazis in Ukraine?\u00a0Officially no, but no one in the U.S. government seems to know for sure<\/em>, Updated\u00a0Dec. 08, 2019<\/p>\n<p><a href=\"https:\/\/www.thedailybeast.com\/is-america-training-neonazis-in-ukraine\">https:\/\/www.thedailybeast.com\/is-america-training-neonazis-in-ukraine<\/a><\/p>\n<p><a href=\"#_ftnref47\" name=\"_ftn47\">[47]<\/a> <a href=\"https:\/\/ottawacitizen.com\/author\/davidpugliese2\/\">David Pugliese<\/a>, A year before the meeting, Canada\u2019s Joint Task Force Ukraine produced a briefing on the Azov Battalion, acknowledging its links to Nazi ideology,<em> Ottawa Citizen, <\/em>08\/11\/2021:<\/p>\n<p><a href=\"https:\/\/ottawacitizen.com\/news\/national\/defence-watch\/canadian-officials-who-met-with-ukrainian-unit-linked-to-neo-nazis-feared-exposure-by-news-media-documents\">https:\/\/ottawacitizen.com\/news\/national\/defence-watch\/canadian-officials-who-met-with-ukrainian-unit-linked-to-neo-nazis-feared-exposure-by-news-media-documents<\/a><\/p>\n<p><a href=\"#_ftnref48\" name=\"_ftn48\">[48]<\/a> <a href=\"https:\/\/www.wsws.org\/en\/authors\/James-Clayton\">James Clayton<\/a>, \u00ab Canadian Armed Forces providing military training to Ukrainian neo-Nazis \u00bb,<\/p>\n<p><em>World\u00a0Socialist Web Site<\/em>,\u00a02 December 2021: <a href=\"https:\/\/www.wsws.org\/en\/articles\/2021\/12\/03\/uknz-d03.html\">https:\/\/www.wsws.org\/en\/articles\/2021\/12\/03\/uknz-d03.html<\/a><\/p>\n<p><a href=\"#_ftnref49\" name=\"_ftn49\">[49]<\/a> Oleksiy Kuzmenko, \u00ab Far-Right Group Made Its Home in Ukraine\u2019s Major Western Military Training Hub \u00bb, IERES Occasional Papers, no. 11, September 2021 Transnational History of the Far Right Series<\/p>\n<p>https:\/\/www.illiberalism.org\/wp-content\/uploads\/2021\/09\/IERES-Papers-no-11-September-2021-FINAL.pdf<\/p>\n<p><a href=\"#_ftnref50\" name=\"_ftn50\">[50]<\/a> Le budget de 2021 indiquait\u00a0\u00e0 l\u2019article 9015\u00a0: Aucun des fonds disponibles par cette loi ne peut \u00eatre utilis\u00e9 pour fournir des armes, de la formation ou toute autre assistance au bataillon Azov. <a href=\"https:\/\/www.congress.gov\/bill\/116th-congress\/house-bill\/133\/text\">https:\/\/www.congress.gov\/bill\/116th-congress\/house-bill\/133\/text<\/a><\/p>\n<p><a href=\"#_ftnref51\" name=\"_ftn51\">[51]<\/a> <a href=\"https:\/\/www.aljazeera.com\/news\/2022\/3\/1\/who-are-the-azov-regiment\">https:\/\/www.aljazeera.com\/news\/2022\/3\/1\/who-are-the-azov-regiment<\/a><\/p>\n<p><a href=\"#_ftnref52\" name=\"_ftn52\">[52]<\/a> <a href=\"https:\/\/s3.documentcloud.org\/documents\/20615179\/rep-slotkin-letter-on-foreign-terrorist-orgs.pdf\">https:\/\/s3.documentcloud.org\/documents\/20615179\/rep-slotkin-letter-on-foreign-terrorist-orgs.pdf<\/a><\/p>\n<p><a href=\"#_ftnref53\" name=\"_ftn53\">[53]<\/a> Simon Shuster and Billy Perrigo, \u00ab Like, Share, Recruit: How a White-Supremacist Militia Uses Facebook to Radicalize and Train New Members \u00bb, <em>TIME MAGAZINE<\/em>, Jan. 7, 2021,<\/p>\n<p><a href=\"https:\/\/time.com\/5926750\/azov-far-right-movement-facebook\/\">https:\/\/time.com\/5926750\/azov-far-right-movement-facebook\/<\/a><\/p>\n<p><a href=\"#_ftnref54\" name=\"_ftn54\">[54]<\/a> Lev Golinkin, \u00ab The reality of neo-Nazis in Ukraine is far from Kremlin propaganda \u00bb, <em>The Hill<\/em>, 2017: \u00a0<a href=\"https:\/\/thehill.com\/opinion\/international\/359609-the-reality-of-neo-nazis-in-the-ukraine-is-far-from-kremlin-propaganda\/\">https:\/\/thehill.com\/opinion\/international\/359609-the-reality-of-neo-nazis-in-the-ukraine-is-far-from-kremlin-propaganda\/<\/a><\/p>\n<p><a href=\"#_ftnref55\" name=\"_ftn55\">[55]<\/a> <a href=\"https:\/\/www.youtube.com\/redirect?event=video_description&amp;redir_token=QUFFLUhqbWtkbjVCdkxwZ3oyVE1SMDlPaENFOHg4YTdPUXxBQ3Jtc0trLTVxbGVLUGVMN3FVcEMtVS1fb2pYYXd6bWVYeTVETG9CcWJhTjh2ak5iWEhVMmd1YXNPdkZEYVFKajM5WUhSZVZyRFMweC1aWTVCRjVDUTFESnF0WldaOEQxM09IMVdpY3JuVGswUmZEaVZUbGZwTQ&amp;q=https%3A%2F%2Fthehill.com%2Fopinion%2Finternational%2F359609-the-reality-of-neo-nazis-in-the-ukraine-is-far-from-kremlin-propaganda%2F&amp;v=GTEE__gcjk8\"><em>ibidem<\/em><\/a><\/p>\n<p><a href=\"#_ftnref56\" name=\"_ftn56\">[56]<\/a> Lev Golinkin, \u00ab Neo-Nazis and the Far Right Are On the March in Ukraine. Five years after the Maidan uprising, anti-Semitism and fascist-inflected ultranationalism are rampant \u00bb, <em>The Nation<\/em>, 22\/02\/2019:<\/p>\n<p><a href=\"https:\/\/www.thenation.com\/article\/politics\/neo-nazis-far-right-ukraine\/\">https:\/\/www.thenation.com\/article\/politics\/neo-nazis-far-right-ukraine\/<\/a><\/p>\n<p><a href=\"#_ftnref57\" name=\"_ftn57\">[57]<\/a> <a href=\"https:\/\/www.youtube.com\/watch?v=F0tAWaNEhU8\">https:\/\/www.youtube.com\/watch?v=F0tAWaNEhU8<\/a><\/p>\n<p><a href=\"https:\/\/www.euractiv.fr\/section\/politique\/news\/le-discours-de-volodymyr-zelensky-au-parlement-grec-eclipse-par-la-video-du-bataillon-azov\/\">https:\/\/www.euractiv.fr\/section\/politique\/news\/le-discours-de-volodymyr-zelensky-au-parlement-grec-eclipse-par-la-video-du-bataillon-azov\/<\/a><\/p>\n<p><a href=\"https:\/\/towardfreedom.org\/story\/archives\/europe\/how-ukraines-jewish-president-volodymyr-zelensky-made-peace-with-neo-nazi-paramilitaries-on-front-lines-of-war-with-russia\">https:\/\/towardfreedom.org\/story\/archives\/europe\/how-ukraines-jewish-president-volodymyr-zelensky-made-peace-with-neo-nazi-paramilitaries-on-front-lines-of-war-with-russia<\/a><\/p>\n<p><a href=\"#_ftnref58\" name=\"_ftn58\">[58]<\/a> <a href=\"https:\/\/www.youtube.com\/watch?v=db0VQSPE9t0&amp;ab_channel=APArchive\">https:\/\/www.youtube.com\/watch?v=db0VQSPE9t0&amp;ab_channel=APArchive<\/a><\/p>\n<p><a href=\"#_ftnref59\" name=\"_ftn59\">[59]<\/a> https:\/\/www.timesofisrael.com\/hundreds-of-ukrainian-nationalists-march-in-in-honor-of-nazi-collaborator\/<\/p>\n<p><a href=\"#_ftnref60\" name=\"_ftn60\">[60]<\/a> <a href=\"https:\/\/www.youtube.com\/watch?v=MaGmeKvxY9c&amp;ab_channel=DjukiSan\">https:\/\/www.youtube.com\/watch?v=MaGmeKvxY9c&amp;ab_channel=DjukiSan<\/a><\/p>\n<p><a href=\"#_ftnref61\" name=\"_ftn61\">[61]<\/a> \u00ab Profile: Who are Ukraine\u2019s far-right Azov regiment? The far-right neo-Nazi group has expanded to become part of Ukraine\u2019s armed forces, a street militia and a political party \u00bb, <em>Aljazeera<\/em>, Published On 1 Mar 2022<\/p>\n<p><a href=\"https:\/\/www.aljazeera.com\/news\/2022\/3\/1\/who-are-the-azov-regiment\">https:\/\/www.aljazeera.com\/news\/2022\/3\/1\/who-are-the-azov-regiment<\/a><\/p>\n<p><a href=\"#_ftnref62\" name=\"_ftn62\">[62]<\/a> https:\/\/www.youtube.com\/watch?v=4d4rcoPulY4&amp;ab_channel=UsefulIdiots<\/p>\n<p><a href=\"#_ftnref63\" name=\"_ftn63\">[63]<\/a> https:\/\/www.washingtonpost.com\/world\/2022\/04\/25\/russia-weakened-lloyd-austin-ukraine-visit\/?fbclid=IwAR1-OUjDwlU6GYURvq75kCumRsvBUZmR2psrnS-CcDSNoPKX6erYyQ3WE90<\/p>\n<p><a href=\"#_ftnref64\" name=\"_ftn64\">[64]<\/a> https:\/\/www.youtube.com\/watch?v=yJvXqtYdJqk&amp;ab_channel=UsefulIdiots<\/p>\n<p><a href=\"#_ftnref65\" name=\"_ftn65\">[65]<\/a> https:\/\/www.youtube.com\/watch?v=ZPWu7cPPVv0&amp;ab_channel=BloombergPolitics<\/p>\n<p><a href=\"#_ftnref66\" name=\"_ftn66\">[66]<\/a> https:\/\/www.youtube.com\/watch?v=cUu4vVYa9aE&amp;ab_channel=numuves<\/p>\n<p><a href=\"#_ftnref67\" name=\"_ftn67\">[67]<\/a> https:\/\/www.youtube.com\/watch?v=8tsg0MTZv2A&amp;ab_channel=AMontanaCitizen<\/p>\n<p><a href=\"#_ftnref68\" name=\"_ftn68\">[68]<\/a> https:\/\/www.youtube.com\/watch?v=N51j1XN0y64&amp;ab_channel=WorldPolitics<\/p>\n<p><a href=\"#_ftnref69\" name=\"_ftn69\">[69]<\/a> https:\/\/morganton.com\/news\/lindsey-graham-russians-are-dying-best-money-weve-spent\/video_be53de64-9d16-5656-ba0f-2e7f56f46426.html<\/p>\n<p><a href=\"#_ftnref70\" name=\"_ftn70\">[70]<\/a> https:\/\/www.youtube.com\/watch?v=nXJJw9MV-ak&amp;t=6s&amp;ab_channel=SenatorMittRomney<\/p>\n<p><a href=\"#_ftnref71\" name=\"_ftn71\">[71]<\/a> https:\/\/www.youtube.com\/watch?v=Y2Ne6QL3M3M&amp;ab_channel=CaitlinJohnstone<\/p>\n<p><a href=\"#_ftnref72\" name=\"_ftn72\">[72]<\/a> <a href=\"https:\/\/digitallibrary.un.org\/record\/3954148?ln=fr#record-files-collapse-header\">https:\/\/digitallibrary.un.org\/record\/3954148?ln=fr#record-files-collapse-header<\/a> .Voir aussi la r\u00e9action de l\u2019ancien ambassadeur britannique en Ouzb\u00e9kistan, Craig Murray\u00a0: \u00ab The Ukrainian vote against the U.N. resolution against Nazism was motivated by sympathy for the ideology of historic, genocidal active Nazis. It is as simple as that \u00bb, <em>Consortium News<\/em>, 23\/12\/2021:<\/p>\n<p><a href=\"https:\/\/consortiumnews.com\/2021\/12\/23\/us-ukraine-refuse-to-condemn-nazism-at-un\/?fbclid=IwAR0oulg-M7eAktG-NcU-KibcLgGvflpbTEt5sZHO-JosWjIBCpsSnE9golQ\">https:\/\/consortiumnews.com\/2021\/12\/23\/us-ukraine-refuse-to-condemn-nazism-at-un\/?fbclid=IwAR0oulg-M7eAktG-NcU-KibcLgGvflpbTEt5sZHO-JosWjIBCpsSnE9golQ<\/a><\/p>\n<p><a href=\"#_ftnref73\" name=\"_ftn73\">[73]<\/a> \u00a0<a href=\"https:\/\/www.lemonde.fr\/les-decodeurs\/article\/2022\/03\/17\/pourquoi-ukraine-et-etats-unis-n-ont-pas-vote-la-resolution-de-l-onu-condamnant-le-nazisme_6117956_4355770.html\">https:\/\/www.lemonde.fr\/les-decodeurs\/article\/2022\/03\/17\/pourquoi-ukraine-et-etats-unis-n-ont-pas-vote-la-resolution-de-l-onu-condamnant-le-nazisme_6117956_4355770.html<\/a><\/p>\n<p><a href=\"#_ftnref74\" name=\"_ftn74\">[74]<\/a> <a href=\"https:\/\/thegrayzone.com\/2022\/03\/04\/nazis-ukrainian-war-russia\/\">https:\/\/thegrayzone.com\/2022\/03\/04\/nazis-ukrainian-war-russia\/<\/a><\/p>\n<p>&nbsp;<\/p>\n<p>&nbsp;<\/p>\n<p>Le pr\u00e9sent article correspond \u00e0 la version compl\u00e8te du texte qui a \u00e9t\u00e9 pr\u00e9sent\u00e9e en 3 parties pr\u00e9ced\u00e8ment :<\/p>\n<p><a href=\"https:\/\/www.pressenza.com\/fr\/2023\/10\/le-probleme-du-nazisme-en-ukraine-1-3\/\">Le probl\u00e8me du nazisme en Ukraine (1\/3)<\/a><\/p>\n<p><a href=\"https:\/\/www.pressenza.com\/fr\/2023\/10\/le-probleme-du-nazisme-en-ukraine-2-3\/\">Le probl\u00e8me du nazisme en Ukraine (2\/3)<\/a><\/p>\n<p><a href=\"https:\/\/www.pressenza.com\/fr\/2023\/10\/le-probleme-du-nazisme-en-ukraine-3-3\/\">Le probl\u00e8me du nazisme en Ukraine (3\/3)<\/a><\/p>\n","protected":false},"excerpt":{"rendered":"<p>Cet article correspond \u00e0 la version compl\u00e8te du texte qui a \u00e9t\u00e9 pr\u00e9sent\u00e9e en 3 parties pr\u00e9ced\u00e8ment, liens ici La chambre des Communes du Canada a ovationn\u00e9\u00a0Yaroslav Hunka qui faisait partie de la 14e\u00a0division de grenadiers de la Waffen-SS (1re\u00a0division&hellip;<\/p>\n","protected":false},"author":2275,"featured_media":1773722,"comment_status":"closed","ping_status":"closed","sticky":false,"template":"","format":"standard","meta":{"footnotes":""},"categories":[11386,85,163,93,95],"tags":[15546,116939,1708,8005],"class_list":["post-1773700","post","type-post","status-publish","format-standard","has-post-thumbnail","hentry","category-contenu-original","category-europe-fr","category-opinion-fr","category-politique","category-affaires-etrangeres","tag-nazisme","tag-nazisme-en-ukraine","tag-neo-nazis","tag-ukraine-fr"],"yoast_head":"<!-- This site is optimized with the Yoast SEO plugin v27.1.1 - https:\/\/yoast.com\/product\/yoast-seo-wordpress\/ -->\n<title>Le probl\u00e8me du nazisme en Ukraine<\/title>\n<meta name=\"description\" content=\"Cet article correspond \u00e0 la version compl\u00e8te du texte qui a \u00e9t\u00e9 pr\u00e9sent\u00e9e en 3 parties pr\u00e9ced\u00e8ment, liens ici La chambre des Communes du Canada a\" \/>\n<meta name=\"robots\" content=\"index, follow, max-snippet:-1, max-image-preview:large, max-video-preview:-1\" \/>\n<link rel=\"canonical\" href=\"https:\/\/www.pressenza.com\/fr\/2023\/10\/le-probleme-du-nazisme-en-ukraine\/\" \/>\n<meta property=\"og:locale\" content=\"fr_FR\" \/>\n<meta property=\"og:type\" content=\"article\" \/>\n<meta property=\"og:title\" content=\"Le probl\u00e8me du nazisme en Ukraine\" \/>\n<meta property=\"og:description\" content=\"Cet article correspond \u00e0 la version compl\u00e8te du texte qui a \u00e9t\u00e9 pr\u00e9sent\u00e9e en 3 parties pr\u00e9ced\u00e8ment, liens ici La chambre des Communes du Canada a\" \/>\n<meta property=\"og:url\" content=\"https:\/\/www.pressenza.com\/fr\/2023\/10\/le-probleme-du-nazisme-en-ukraine\/\" \/>\n<meta property=\"og:site_name\" content=\"Pressenza\" \/>\n<meta property=\"article:publisher\" content=\"https:\/\/www.facebook.com\/PressenzaItalia\" \/>\n<meta property=\"article:published_time\" content=\"2023-10-12T07:32:02+00:00\" \/>\n<meta property=\"article:modified_time\" content=\"2023-10-16T07:07:22+00:00\" \/>\n<meta property=\"og:image\" content=\"https:\/\/www.pressenza.com\/wp-content\/uploads\/2023\/10\/probleme-du-nazisme-en-Ukraine.jpg\" \/>\n\t<meta property=\"og:image:width\" content=\"820\" \/>\n\t<meta property=\"og:image:height\" content=\"546\" \/>\n\t<meta property=\"og:image:type\" content=\"image\/jpeg\" \/>\n<meta name=\"author\" content=\"Samir Saul - Michel Seymour\" \/>\n<meta name=\"twitter:card\" content=\"summary_large_image\" \/>\n<meta name=\"twitter:creator\" content=\"@PressenzaIPA\" \/>\n<meta name=\"twitter:site\" content=\"@PressenzaIPA\" \/>\n<meta name=\"twitter:label1\" content=\"\u00c9crit par\" \/>\n\t<meta name=\"twitter:data1\" content=\"Samir Saul - Michel Seymour\" \/>\n\t<meta name=\"twitter:label2\" content=\"Dur\u00e9e de lecture estim\u00e9e\" \/>\n\t<meta name=\"twitter:data2\" content=\"31 minutes\" \/>\n<script type=\"application\/ld+json\" class=\"yoast-schema-graph\">{\"@context\":\"https:\/\/schema.org\",\"@graph\":[{\"@type\":\"Article\",\"@id\":\"https:\/\/www.pressenza.com\/fr\/2023\/10\/le-probleme-du-nazisme-en-ukraine\/#article\",\"isPartOf\":{\"@id\":\"https:\/\/www.pressenza.com\/fr\/2023\/10\/le-probleme-du-nazisme-en-ukraine\/\"},\"author\":{\"name\":\"Samir Saul - Michel Seymour\",\"@id\":\"https:\/\/www.pressenza.com\/fr\/#\/schema\/person\/d4977f879c6055a07b3def3ad817bbe3\"},\"headline\":\"Le probl\u00e8me du nazisme en Ukraine\",\"datePublished\":\"2023-10-12T07:32:02+00:00\",\"dateModified\":\"2023-10-16T07:07:22+00:00\",\"mainEntityOfPage\":{\"@id\":\"https:\/\/www.pressenza.com\/fr\/2023\/10\/le-probleme-du-nazisme-en-ukraine\/\"},\"wordCount\":7099,\"publisher\":{\"@id\":\"https:\/\/www.pressenza.com\/fr\/#organization\"},\"image\":{\"@id\":\"https:\/\/www.pressenza.com\/fr\/2023\/10\/le-probleme-du-nazisme-en-ukraine\/#primaryimage\"},\"thumbnailUrl\":\"https:\/\/www.pressenza.com\/wp-content\/uploads\/2023\/10\/probleme-du-nazisme-en-Ukraine.jpg\",\"keywords\":[\"Nazisme\",\"nazisme en Ukraine\",\"n\u00e9o-nazis\",\"Ukraine\"],\"articleSection\":[\"Contenu Original\",\"Europe\",\"Opinion\",\"Politique\",\"Relations internationales\"],\"inLanguage\":\"fr-FR\"},{\"@type\":\"WebPage\",\"@id\":\"https:\/\/www.pressenza.com\/fr\/2023\/10\/le-probleme-du-nazisme-en-ukraine\/\",\"url\":\"https:\/\/www.pressenza.com\/fr\/2023\/10\/le-probleme-du-nazisme-en-ukraine\/\",\"name\":\"Le probl\u00e8me du nazisme en Ukraine\",\"isPartOf\":{\"@id\":\"https:\/\/www.pressenza.com\/fr\/#website\"},\"primaryImageOfPage\":{\"@id\":\"https:\/\/www.pressenza.com\/fr\/2023\/10\/le-probleme-du-nazisme-en-ukraine\/#primaryimage\"},\"image\":{\"@id\":\"https:\/\/www.pressenza.com\/fr\/2023\/10\/le-probleme-du-nazisme-en-ukraine\/#primaryimage\"},\"thumbnailUrl\":\"https:\/\/www.pressenza.com\/wp-content\/uploads\/2023\/10\/probleme-du-nazisme-en-Ukraine.jpg\",\"datePublished\":\"2023-10-12T07:32:02+00:00\",\"dateModified\":\"2023-10-16T07:07:22+00:00\",\"description\":\"Cet article correspond \u00e0 la version compl\u00e8te du texte qui a \u00e9t\u00e9 pr\u00e9sent\u00e9e en 3 parties pr\u00e9ced\u00e8ment, liens ici La chambre des Communes du Canada a\",\"breadcrumb\":{\"@id\":\"https:\/\/www.pressenza.com\/fr\/2023\/10\/le-probleme-du-nazisme-en-ukraine\/#breadcrumb\"},\"inLanguage\":\"fr-FR\",\"potentialAction\":[{\"@type\":\"ReadAction\",\"target\":[\"https:\/\/www.pressenza.com\/fr\/2023\/10\/le-probleme-du-nazisme-en-ukraine\/\"]}]},{\"@type\":\"ImageObject\",\"inLanguage\":\"fr-FR\",\"@id\":\"https:\/\/www.pressenza.com\/fr\/2023\/10\/le-probleme-du-nazisme-en-ukraine\/#primaryimage\",\"url\":\"https:\/\/www.pressenza.com\/wp-content\/uploads\/2023\/10\/probleme-du-nazisme-en-Ukraine.jpg\",\"contentUrl\":\"https:\/\/www.pressenza.com\/wp-content\/uploads\/2023\/10\/probleme-du-nazisme-en-Ukraine.jpg\",\"width\":820,\"height\":546,\"caption\":\"Top: Parade in Stanislav (Ivano-Frankivsk) during the visit of Reichsleiter Hans Frank, Governor of Poland, 1943. Left: Azov Regiment, Mariupol parade, 2021. Right: Zelensky at the US Congress, Dec. 2022.\"},{\"@type\":\"BreadcrumbList\",\"@id\":\"https:\/\/www.pressenza.com\/fr\/2023\/10\/le-probleme-du-nazisme-en-ukraine\/#breadcrumb\",\"itemListElement\":[{\"@type\":\"ListItem\",\"position\":1,\"name\":\"Accueil\",\"item\":\"https:\/\/www.pressenza.com\/fr\/\"},{\"@type\":\"ListItem\",\"position\":2,\"name\":\"Le probl\u00e8me du nazisme en Ukraine\"}]},{\"@type\":\"WebSite\",\"@id\":\"https:\/\/www.pressenza.com\/fr\/#website\",\"url\":\"https:\/\/www.pressenza.com\/fr\/\",\"name\":\"Pressenza\",\"description\":\"International Press Agency\",\"publisher\":{\"@id\":\"https:\/\/www.pressenza.com\/fr\/#organization\"},\"potentialAction\":[{\"@type\":\"SearchAction\",\"target\":{\"@type\":\"EntryPoint\",\"urlTemplate\":\"https:\/\/www.pressenza.com\/fr\/?s={search_term_string}\"},\"query-input\":{\"@type\":\"PropertyValueSpecification\",\"valueRequired\":true,\"valueName\":\"search_term_string\"}}],\"inLanguage\":\"fr-FR\"},{\"@type\":\"Organization\",\"@id\":\"https:\/\/www.pressenza.com\/fr\/#organization\",\"name\":\"Pressenza\",\"url\":\"https:\/\/www.pressenza.com\/fr\/\",\"logo\":{\"@type\":\"ImageObject\",\"inLanguage\":\"fr-FR\",\"@id\":\"https:\/\/www.pressenza.com\/fr\/#\/schema\/logo\/image\/\",\"url\":\"https:\/\/www.pressenza.com\/wp-content\/uploads\/2022\/10\/pressenza_logo_200x200.jpg\",\"contentUrl\":\"https:\/\/www.pressenza.com\/wp-content\/uploads\/2022\/10\/pressenza_logo_200x200.jpg\",\"width\":200,\"height\":200,\"caption\":\"Pressenza\"},\"image\":{\"@id\":\"https:\/\/www.pressenza.com\/fr\/#\/schema\/logo\/image\/\"},\"sameAs\":[\"https:\/\/www.facebook.com\/PressenzaItalia\",\"https:\/\/x.com\/PressenzaIPA\"]},{\"@type\":\"Person\",\"@id\":\"https:\/\/www.pressenza.com\/fr\/#\/schema\/person\/d4977f879c6055a07b3def3ad817bbe3\",\"name\":\"Samir Saul - Michel Seymour\",\"description\":\"Samir Saul holds a doctorat d\u2019\u00c9tat in history (Paris) and is a professor of international history at the Universit\u00e9 de Montr\u00e9al. His latest book is entitled Imperialism, As Rampant Today as in the Past (2025). He is also the author of L'Imp\u00e9rialisme, pass\u00e9 et pr\u00e9sent. Un essai (2023); Int\u00e9r\u00eats \u00e9conomiques fran\u00e7ais et d\u00e9colonisation de l'Afrique du Nord (1945-1962) (2016); La France et l'\u00c9gypte de 1882 \u00e0 1914. Int\u00e9r\u00eats \u00e9conomiques et implications politiques (1997). He is also co-editor of M\u00e9diterran\u00e9e, Moyen-Orient : deux si\u00e8cles de relations internationales (2003). He recently published with Michel Seymour Le conflit mondial au XXIe si\u00e8cle (2025). Email: samir.saul@umontreal.ca _______________________________________________________________________________________________________________ Michel Seymour is honorary professor in the Department of Philosophy at the Universit\u00e9 de Montr\u00e9al, where he taught from 1990 to 2019. He is the author of a dozen monographs, including A Liberal Theory of Collective Rights, 2017; La nation pluraliste, co-authored with J\u00e9r\u00f4me Gosselin-Tapp, for which the authors won the Canadian Philosophical Association Prize; De la tol\u00e9rance \u00e0 la reconnaissance, 2008, for which he won the Jean-Charles Falardeau Prize of the Canadian Federation for the Humanities and Social Sciences. He also won the Richard Ar\u00e8s prize from Action nationale magazine for Le pari de la d\u00e9mesure, published in 2001. He recently published with Samir Saul Le conflit mondial au XXIe si\u00e8cle (2025). Email : seymour@videotron.ca web site: michelseymour.org\",\"sameAs\":[\"http:\/\/michelseymour.org\"],\"url\":\"https:\/\/www.pressenza.com\/fr\/author\/samir-saul-michel-seymour\/\"}]}<\/script>\n<!-- \/ Yoast SEO plugin. -->","yoast_head_json":{"title":"Le probl\u00e8me du nazisme en Ukraine","description":"Cet article correspond \u00e0 la version compl\u00e8te du texte qui a \u00e9t\u00e9 pr\u00e9sent\u00e9e en 3 parties pr\u00e9ced\u00e8ment, liens ici La chambre des Communes du Canada a","robots":{"index":"index","follow":"follow","max-snippet":"max-snippet:-1","max-image-preview":"max-image-preview:large","max-video-preview":"max-video-preview:-1"},"canonical":"https:\/\/www.pressenza.com\/fr\/2023\/10\/le-probleme-du-nazisme-en-ukraine\/","og_locale":"fr_FR","og_type":"article","og_title":"Le probl\u00e8me du nazisme en Ukraine","og_description":"Cet article correspond \u00e0 la version compl\u00e8te du texte qui a \u00e9t\u00e9 pr\u00e9sent\u00e9e en 3 parties pr\u00e9ced\u00e8ment, liens ici La chambre des Communes du Canada a","og_url":"https:\/\/www.pressenza.com\/fr\/2023\/10\/le-probleme-du-nazisme-en-ukraine\/","og_site_name":"Pressenza","article_publisher":"https:\/\/www.facebook.com\/PressenzaItalia","article_published_time":"2023-10-12T07:32:02+00:00","article_modified_time":"2023-10-16T07:07:22+00:00","og_image":[{"width":820,"height":546,"url":"https:\/\/www.pressenza.com\/wp-content\/uploads\/2023\/10\/probleme-du-nazisme-en-Ukraine.jpg","type":"image\/jpeg"}],"author":"Samir Saul - Michel Seymour","twitter_card":"summary_large_image","twitter_creator":"@PressenzaIPA","twitter_site":"@PressenzaIPA","twitter_misc":{"\u00c9crit par":"Samir Saul - Michel Seymour","Dur\u00e9e de lecture estim\u00e9e":"31 minutes"},"schema":{"@context":"https:\/\/schema.org","@graph":[{"@type":"Article","@id":"https:\/\/www.pressenza.com\/fr\/2023\/10\/le-probleme-du-nazisme-en-ukraine\/#article","isPartOf":{"@id":"https:\/\/www.pressenza.com\/fr\/2023\/10\/le-probleme-du-nazisme-en-ukraine\/"},"author":{"name":"Samir Saul - Michel Seymour","@id":"https:\/\/www.pressenza.com\/fr\/#\/schema\/person\/d4977f879c6055a07b3def3ad817bbe3"},"headline":"Le probl\u00e8me du nazisme en Ukraine","datePublished":"2023-10-12T07:32:02+00:00","dateModified":"2023-10-16T07:07:22+00:00","mainEntityOfPage":{"@id":"https:\/\/www.pressenza.com\/fr\/2023\/10\/le-probleme-du-nazisme-en-ukraine\/"},"wordCount":7099,"publisher":{"@id":"https:\/\/www.pressenza.com\/fr\/#organization"},"image":{"@id":"https:\/\/www.pressenza.com\/fr\/2023\/10\/le-probleme-du-nazisme-en-ukraine\/#primaryimage"},"thumbnailUrl":"https:\/\/www.pressenza.com\/wp-content\/uploads\/2023\/10\/probleme-du-nazisme-en-Ukraine.jpg","keywords":["Nazisme","nazisme en Ukraine","n\u00e9o-nazis","Ukraine"],"articleSection":["Contenu Original","Europe","Opinion","Politique","Relations internationales"],"inLanguage":"fr-FR"},{"@type":"WebPage","@id":"https:\/\/www.pressenza.com\/fr\/2023\/10\/le-probleme-du-nazisme-en-ukraine\/","url":"https:\/\/www.pressenza.com\/fr\/2023\/10\/le-probleme-du-nazisme-en-ukraine\/","name":"Le probl\u00e8me du nazisme en Ukraine","isPartOf":{"@id":"https:\/\/www.pressenza.com\/fr\/#website"},"primaryImageOfPage":{"@id":"https:\/\/www.pressenza.com\/fr\/2023\/10\/le-probleme-du-nazisme-en-ukraine\/#primaryimage"},"image":{"@id":"https:\/\/www.pressenza.com\/fr\/2023\/10\/le-probleme-du-nazisme-en-ukraine\/#primaryimage"},"thumbnailUrl":"https:\/\/www.pressenza.com\/wp-content\/uploads\/2023\/10\/probleme-du-nazisme-en-Ukraine.jpg","datePublished":"2023-10-12T07:32:02+00:00","dateModified":"2023-10-16T07:07:22+00:00","description":"Cet article correspond \u00e0 la version compl\u00e8te du texte qui a \u00e9t\u00e9 pr\u00e9sent\u00e9e en 3 parties pr\u00e9ced\u00e8ment, liens ici La chambre des Communes du Canada a","breadcrumb":{"@id":"https:\/\/www.pressenza.com\/fr\/2023\/10\/le-probleme-du-nazisme-en-ukraine\/#breadcrumb"},"inLanguage":"fr-FR","potentialAction":[{"@type":"ReadAction","target":["https:\/\/www.pressenza.com\/fr\/2023\/10\/le-probleme-du-nazisme-en-ukraine\/"]}]},{"@type":"ImageObject","inLanguage":"fr-FR","@id":"https:\/\/www.pressenza.com\/fr\/2023\/10\/le-probleme-du-nazisme-en-ukraine\/#primaryimage","url":"https:\/\/www.pressenza.com\/wp-content\/uploads\/2023\/10\/probleme-du-nazisme-en-Ukraine.jpg","contentUrl":"https:\/\/www.pressenza.com\/wp-content\/uploads\/2023\/10\/probleme-du-nazisme-en-Ukraine.jpg","width":820,"height":546,"caption":"Top: Parade in Stanislav (Ivano-Frankivsk) during the visit of Reichsleiter Hans Frank, Governor of Poland, 1943. Left: Azov Regiment, Mariupol parade, 2021. Right: Zelensky at the US Congress, Dec. 2022."},{"@type":"BreadcrumbList","@id":"https:\/\/www.pressenza.com\/fr\/2023\/10\/le-probleme-du-nazisme-en-ukraine\/#breadcrumb","itemListElement":[{"@type":"ListItem","position":1,"name":"Accueil","item":"https:\/\/www.pressenza.com\/fr\/"},{"@type":"ListItem","position":2,"name":"Le probl\u00e8me du nazisme en Ukraine"}]},{"@type":"WebSite","@id":"https:\/\/www.pressenza.com\/fr\/#website","url":"https:\/\/www.pressenza.com\/fr\/","name":"Pressenza","description":"International Press Agency","publisher":{"@id":"https:\/\/www.pressenza.com\/fr\/#organization"},"potentialAction":[{"@type":"SearchAction","target":{"@type":"EntryPoint","urlTemplate":"https:\/\/www.pressenza.com\/fr\/?s={search_term_string}"},"query-input":{"@type":"PropertyValueSpecification","valueRequired":true,"valueName":"search_term_string"}}],"inLanguage":"fr-FR"},{"@type":"Organization","@id":"https:\/\/www.pressenza.com\/fr\/#organization","name":"Pressenza","url":"https:\/\/www.pressenza.com\/fr\/","logo":{"@type":"ImageObject","inLanguage":"fr-FR","@id":"https:\/\/www.pressenza.com\/fr\/#\/schema\/logo\/image\/","url":"https:\/\/www.pressenza.com\/wp-content\/uploads\/2022\/10\/pressenza_logo_200x200.jpg","contentUrl":"https:\/\/www.pressenza.com\/wp-content\/uploads\/2022\/10\/pressenza_logo_200x200.jpg","width":200,"height":200,"caption":"Pressenza"},"image":{"@id":"https:\/\/www.pressenza.com\/fr\/#\/schema\/logo\/image\/"},"sameAs":["https:\/\/www.facebook.com\/PressenzaItalia","https:\/\/x.com\/PressenzaIPA"]},{"@type":"Person","@id":"https:\/\/www.pressenza.com\/fr\/#\/schema\/person\/d4977f879c6055a07b3def3ad817bbe3","name":"Samir Saul - Michel Seymour","description":"Samir Saul holds a doctorat d\u2019\u00c9tat in history (Paris) and is a professor of international history at the Universit\u00e9 de Montr\u00e9al. His latest book is entitled Imperialism, As Rampant Today as in the Past (2025). He is also the author of L'Imp\u00e9rialisme, pass\u00e9 et pr\u00e9sent. Un essai (2023); Int\u00e9r\u00eats \u00e9conomiques fran\u00e7ais et d\u00e9colonisation de l'Afrique du Nord (1945-1962) (2016); La France et l'\u00c9gypte de 1882 \u00e0 1914. Int\u00e9r\u00eats \u00e9conomiques et implications politiques (1997). He is also co-editor of M\u00e9diterran\u00e9e, Moyen-Orient : deux si\u00e8cles de relations internationales (2003). He recently published with Michel Seymour Le conflit mondial au XXIe si\u00e8cle (2025). Email: samir.saul@umontreal.ca _______________________________________________________________________________________________________________ Michel Seymour is honorary professor in the Department of Philosophy at the Universit\u00e9 de Montr\u00e9al, where he taught from 1990 to 2019. He is the author of a dozen monographs, including A Liberal Theory of Collective Rights, 2017; La nation pluraliste, co-authored with J\u00e9r\u00f4me Gosselin-Tapp, for which the authors won the Canadian Philosophical Association Prize; De la tol\u00e9rance \u00e0 la reconnaissance, 2008, for which he won the Jean-Charles Falardeau Prize of the Canadian Federation for the Humanities and Social Sciences. He also won the Richard Ar\u00e8s prize from Action nationale magazine for Le pari de la d\u00e9mesure, published in 2001. He recently published with Samir Saul Le conflit mondial au XXIe si\u00e8cle (2025). Email : seymour@videotron.ca web site: michelseymour.org","sameAs":["http:\/\/michelseymour.org"],"url":"https:\/\/www.pressenza.com\/fr\/author\/samir-saul-michel-seymour\/"}]}},"place":"","original_article_url":"","_links":{"self":[{"href":"https:\/\/www.pressenza.com\/fr\/wp-json\/wp\/v2\/posts\/1773700","targetHints":{"allow":["GET"]}}],"collection":[{"href":"https:\/\/www.pressenza.com\/fr\/wp-json\/wp\/v2\/posts"}],"about":[{"href":"https:\/\/www.pressenza.com\/fr\/wp-json\/wp\/v2\/types\/post"}],"author":[{"embeddable":true,"href":"https:\/\/www.pressenza.com\/fr\/wp-json\/wp\/v2\/users\/2275"}],"replies":[{"embeddable":true,"href":"https:\/\/www.pressenza.com\/fr\/wp-json\/wp\/v2\/comments?post=1773700"}],"version-history":[{"count":0,"href":"https:\/\/www.pressenza.com\/fr\/wp-json\/wp\/v2\/posts\/1773700\/revisions"}],"wp:featuredmedia":[{"embeddable":true,"href":"https:\/\/www.pressenza.com\/fr\/wp-json\/wp\/v2\/media\/1773722"}],"wp:attachment":[{"href":"https:\/\/www.pressenza.com\/fr\/wp-json\/wp\/v2\/media?parent=1773700"}],"wp:term":[{"taxonomy":"category","embeddable":true,"href":"https:\/\/www.pressenza.com\/fr\/wp-json\/wp\/v2\/categories?post=1773700"},{"taxonomy":"post_tag","embeddable":true,"href":"https:\/\/www.pressenza.com\/fr\/wp-json\/wp\/v2\/tags?post=1773700"}],"curies":[{"name":"wp","href":"https:\/\/api.w.org\/{rel}","templated":true}]}}