{"id":1768047,"date":"2023-09-29T20:08:58","date_gmt":"2023-09-29T19:08:58","guid":{"rendered":"https:\/\/www.pressenza.com\/?p=1768047"},"modified":"2023-09-29T20:09:40","modified_gmt":"2023-09-29T19:09:40","slug":"les-cafes-mortels-sont-des-espaces-de-respect-dauthenticite-et-decoute-active","status":"publish","type":"post","link":"https:\/\/www.pressenza.com\/fr\/2023\/09\/les-cafes-mortels-sont-des-espaces-de-respect-dauthenticite-et-decoute-active\/","title":{"rendered":"Les Caf\u00e9s mortels sont des espaces de respect, d&rsquo;authenticit\u00e9 et d&rsquo;\u00e9coute active"},"content":{"rendered":"<blockquote><p>Qu&rsquo;est-ce qu&rsquo;un Caf\u00e9 mortel ?\u00a0 C&rsquo;est la question que je me suis pos\u00e9e en mars 2020, au beau milieu de mon isolement. Et c&rsquo;est une personne tr\u00e8s sp\u00e9ciale, que j&rsquo;ai maintenant l&rsquo;honneur d&rsquo;appeler une amie, Glynis German, qui m&rsquo;a donn\u00e9 la r\u00e9ponse. Apr\u00e8s une heure et demie de conversation t\u00e9l\u00e9phonique, une nouvelle porte s&rsquo;est ouverte dans ma vie, dans l&rsquo;univers de l&rsquo;apprentissage et du d\u00e9veloppement personnel constant.<\/p><\/blockquote>\n<p><strong>Par Noelia Correa<\/strong><\/p>\n<p>J&rsquo;ai d\u00e9couvert le mouvement mondial appel\u00e9 <a href=\"https:\/\/deathcafe.com\/\">Death Cafe<\/a>, et j&rsquo;ai rejoint le comit\u00e9 d&rsquo;organisation du <a href=\"https:\/\/dandovidaalamuerte.org\/\"><em>Festival Dando Vida a la Muerte<\/em><\/a> (Festival Donnant vie \u00e0 la mort), qui f\u00eatera cette ann\u00e9e sa quatri\u00e8me \u00e9dition, du 1er au 5 novembre.<\/p>\n<p>Mais qu&rsquo;est-ce qu&rsquo;un Caf\u00e9 mortel ? Certains d&rsquo;entre vous seront sceptiques en entendant ce nom, d&rsquo;autres seront curieux, mais personne n&rsquo;est jamais indiff\u00e9rent. On m&rsquo;a m\u00eame conseill\u00e9 de changer le nom (compliqu\u00e9, il est prot\u00e9g\u00e9 par le droit d&rsquo;auteur !) parce qu&rsquo;on pr\u00e9tend que la mort n&rsquo;est pas attrayante et qu&rsquo;elle ne se vend pas. Et c&rsquo;est bien l\u00e0 le probl\u00e8me, la mort ne s&rsquo;ach\u00e8te ni ne se vend, elle existe tout simplement.<\/p>\n<p>Et malgr\u00e9 cette r\u00e9alit\u00e9 \u00e9crasante, dans notre soci\u00e9t\u00e9, la mort est encore consid\u00e9r\u00e9e comme un grand tabou, nous essayons vainement de l&rsquo;\u00e9viter, et nous agissons comme si elle n&rsquo;existait pas, comme si nous pouvions l&rsquo;\u00e9viter ind\u00e9finiment.<\/p>\n<p>Pourtant, la mort vient. Pour chacun d&rsquo;entre nous. S&rsquo;il est une chose ind\u00e9niable dans cette vie, c&rsquo;est que nous naissons avec la certitude de mourir un jour. Nous venons au monde avec une date d&rsquo;expiration, c&rsquo;est indiscutable. La question de savoir s&rsquo;il vaut mieux le savoir est un autre d\u00e9bat en soi.<\/p>\n<p>Alors pourquoi tant de tabous, tant de souffrances, tant d&rsquo;ignorance face \u00e0 ce fait naturel et \u00e9vident ? Ne serait-il pas plus sage d&rsquo;accepter le plus t\u00f4t possible que la mort est in\u00e9vitable, pour nous comme pour ceux qui nous entourent ? Peut-\u00eatre que si nous l&rsquo;acceptions, nous vivrions beaucoup plus sereins et \u00e9panouis.<\/p>\n<p>Les Caf\u00e9s mortels sont des espaces magiques de respect, d&rsquo;authenticit\u00e9 et d&rsquo;\u00e9coute active, o\u00f9 l&rsquo;on partage rires et larmes, et o\u00f9 l&rsquo;on accompagne les participants \u00e0 partir du c\u0153ur, quel que soit le sujet qu&rsquo;ils am\u00e8nent avec eux :<\/p>\n<p>Perte d&rsquo;un \u00eatre cher, d&rsquo;un emploi, r\u00eaves d\u00e9\u00e7us, exp\u00e9riences de mort imminente, maladie terminale, soins palliatifs, testament de vie, gratitude sinc\u00e8re pour la vie, maladies rares, s\u00e9dation palliative, pouvoir du pardon, enfance, deuil non r\u00e9solu, coh\u00e9rence personnelle et cardiaque, l&rsquo;accompagnement sans jugement et avec une profonde empathie, les croyances limitantes ou lib\u00e9ratrices, le d\u00e9tachement, la recherche d&rsquo;intimit\u00e9, l&rsquo;humanit\u00e9, les deuils r\u00e9solus, les adolescents, la joie et le sens de l&rsquo;humour, les f\u00eates ou les fun\u00e9railles, les personnes \u00e2g\u00e9es, les enterrements ou les cr\u00e9mations, la mort et la vie, la vie et la mort&#8230;<\/p>\n<p>Des moments si vitaux, si humains, si n\u00e9cessaires&#8230; des moments qui comptent vraiment.<\/p>\n<p><strong>Les origines de ce mouvement<\/strong><\/p>\n<p>Avant d&rsquo;aller plus loin, j&rsquo;aimerais pr\u00e9senter les origines de ce mouvement qui s&rsquo;est r\u00e9pandu dans plus de 80 pays en une d\u00e9cennie : inspir\u00e9s par les<em> Caf\u00e9s mortels<\/em> du sociologue suisse Bernard Crettaz en 2004, Jon Underwood et sa m\u00e8re Sue Barsky ont lanc\u00e9 les <em>Death Cafes<\/em> dans le garage de leur maison de l&rsquo;est londonien en 2010.<\/p>\n<p>Jon a \u00e9tabli trois r\u00e8gles claires et simples&#8230; \u00e0 partir de l\u00e0, chaque animateur est libre d&rsquo;apporter sa touche personnelle :<\/p>\n<ol>\n<li>L&rsquo;animateur ou l\u2019animatrice ne peuvent pas faire payer l&rsquo;animation d&rsquo;un <em>Death Cafe<\/em>, mais les dons pour l&rsquo;espace d&rsquo;accueil sont accept\u00e9s.<\/li>\n<li>Il n&rsquo;y a pas de programme ou de th\u00e8me fixe. Cette r\u00e8gle peut surprendre, mais un peu plus tard, vous en comprendrez la raison, qui rend chaque <em>Death Cafe <\/em>unique et sp\u00e9cial.<\/li>\n<li>Personne n&rsquo;est un expert, tous les participants, y compris l&rsquo;animateur\/animatrice, sont sur un pied d&rsquo;\u00e9galit\u00e9. Il n&rsquo;y a rien de plus d\u00e9mocratique que la mort.<\/li>\n<\/ol>\n<p>Bien entendu, il s&rsquo;agit d&rsquo;espaces totalement confidentiels et respectueux de toutes les croyances, religions et id\u00e9es. Il est int\u00e9ressant de noter qu&rsquo;il ne s&rsquo;agit pas d&rsquo;un cercle de th\u00e9rapie ou de deuil, car les animateurs ne sont pas n\u00e9cessairement des th\u00e9rapeutes ou des psychologues. Cependant, je dois ajouter que les caf\u00e9s de la mort sont souvent tr\u00e8s curatifs et th\u00e9rapeutiques.<\/p>\n<p><img loading=\"lazy\" decoding=\"async\" class=\"alignnone wp-image-1765324\" src=\"https:\/\/www.pressenza.com\/wp-content\/uploads\/2023\/09\/coffee-2306471_1280-300x200.jpg\" alt=\"\" width=\"1149\" height=\"766\" srcset=\"https:\/\/www.pressenza.com\/wp-content\/uploads\/2023\/09\/coffee-2306471_1280-300x200.jpg 300w, https:\/\/www.pressenza.com\/wp-content\/uploads\/2023\/09\/coffee-2306471_1280-820x547.jpg 820w, https:\/\/www.pressenza.com\/wp-content\/uploads\/2023\/09\/coffee-2306471_1280.jpg 1280w\" sizes=\"auto, (max-width: 1149px) 100vw, 1149px\" \/><\/p>\n<h5>(Cr\u00e9dit image : Engin_Akyurt)<\/h5>\n<p><strong>Nous poursuivons avec la structure d&rsquo;un Caf\u00e9 mortel<\/strong><\/p>\n<p>En tant qu&rsquo;animatrice, je souhaite la bienvenue \u00e0 tous les participants et je pr\u00e9sente le projet sur l&rsquo;histoire et la cr\u00e9ation du mouvement, ainsi que les r\u00e8gles mentionn\u00e9es pr\u00e9c\u00e9demment.<\/p>\n<p>Personnellement, j&rsquo;ai l&rsquo;habitude de faire un petit exercice de relaxation d&rsquo;environ une minute pour me concentrer sur le moment pr\u00e9sent.<\/p>\n<p>Je demande ensuite \u00e0 chaque participant\/e de se pr\u00e9senter par son nom et de dire pourquoi il\/elle a d\u00e9cid\u00e9 de participer \u00e0 ce Caf\u00e9 mortel aujourd&rsquo;hui. J&rsquo;insiste sur le mot \u00ab\u00a0aujourd&rsquo;hui\u00a0\u00bb parce que les personnes qui viennent pour la premi\u00e8re fois sont g\u00e9n\u00e9ralement curieuses (une chose tr\u00e8s saine que nous perdons avec l&rsquo;\u00e2ge). Les participants\/es r\u00e9guliers\/li\u00e8res (de plus en plus nombreux) viennent pour des raisons diff\u00e9rentes.<\/p>\n<p>\u00c0 partir des pr\u00e9sentations et de ce qui est partag\u00e9 \u00e0 ce moment initial, les participants\/es commencent g\u00e9n\u00e9ralement \u00e0 parler. Si ce n&rsquo;est pas le cas, toujours en respectant le silence initial, je pose une question ou je fais une r\u00e9flexion pour briser la glace et entamer le dialogue (bien que je doive rarement intervenir).<\/p>\n<p>En tant qu&rsquo;animatrice, ma t\u00e2che consiste \u00e0 parler peu et \u00e0 m&rsquo;assurer que tous ceux\/celles qui veulent participer ont l&rsquo;occasion de le faire. Il n&rsquo;est pas obligatoire de parler, m\u00eame si j&rsquo;ai observ\u00e9 que d\u00e8s que les participants\/es ressentent l&rsquo;atmosph\u00e8re respectueuse qui est cr\u00e9\u00e9e, ils\/elles ont tendance \u00e0 partager leurs r\u00e9flexions et leurs exp\u00e9riences.<\/p>\n<p>Je tiens \u00e9galement \u00e0 pr\u00e9ciser que les caf\u00e9s mortels sont fr\u00e9quent\u00e9s par des croyants\/es, des ath\u00e9es, des agnostiques, des personnes ayant perdu un \u00eatre cher ou un emploi, des personnes ayant une perspective enrichie par la vie, et d&rsquo;autres ayant une \u00e9nergie plus jeune, innocente et totalement n\u00e9cessaire. Toutes ces personnes sont les bienvenues dans mes caf\u00e9s mortels.<\/p>\n<p>\u00c0 la fin des deux heures, nous cl\u00f4turons le Caf\u00e9 mortel par un tour de table d&rsquo;adieu, au cours duquel j&rsquo;invite chaque participant\/e \u00e0 partager ce qu&rsquo;il\/elle a retenu de la r\u00e9union.<\/p>\n<p><strong>R\u00e9flexions apr\u00e8s l&rsquo;exp\u00e9rience<\/strong><\/p>\n<p>Pour conclure cet article, j&rsquo;aimerais partager mes r\u00e9flexions apr\u00e8s presque trois ans d&rsquo;animation de caf\u00e9s mortels, en personne et en ligne :<\/p>\n<p>Tous les \u00eatres humains ont besoin de parler de la mort, mais la soci\u00e9t\u00e9 ne facilite pas ces conversations. Et lorsque la mort affecte notre vie ou celle de nos proches (certitude absolue), nous \u00e9prouvons une grande souffrance.<\/p>\n<p>Parler de la mort, c&rsquo;est parler de la vie, et plus je suis conscient\/e de ma mortalit\u00e9, plus je vis intens\u00e9ment et pleinement chaque instant.<\/p>\n<p>Dans les caf\u00e9s mortels, nous parlons de la mort, en la d\u00e9barrassant de son poids de tabous, et ce faisant, nous nous rapprochons d&rsquo;elle, nous devenons plus conscients de notre finitude physique.<\/p>\n<p>Nous parlons aussi de questions plus \u00ab\u00a0terrestres\u00a0\u00bb mais tout aussi cruciales :<\/p>\n<p>Savez-vous qu\u2019elles sont ces questions, ou avez-vous r\u00e9dig\u00e9 un testament ? Avez-vous fait part \u00e0 vos proches de vos pr\u00e9f\u00e9rences en mati\u00e8re d&rsquo;inhumation, de cr\u00e9mation ou d&rsquo;autres alternatives ? Et avez-vous parl\u00e9 des leurs ? Combien d&rsquo;entre nous peuvent parler ouvertement de ce sujet avec leurs proches ? Savez-vous qu&rsquo;il existe des alternatives aux rituels religieux et aux cimeti\u00e8res traditionnels ? Un th\u00e8me r\u00e9current est la mani\u00e8re d&rsquo;aborder le sujet de la mort avec les enfants, et la question de savoir s&rsquo;il faut les emmener aux fun\u00e9railles ou les laisser \u00e0 la maison.<\/p>\n<p>Ce qui est int\u00e9ressant, c&rsquo;est qu&rsquo;il n&rsquo;y a pas de bonnes ou de mauvaises r\u00e9ponses ; il n&rsquo;y a pas de v\u00e9rit\u00e9 unique, mais une v\u00e9rit\u00e9 pour chacun d&rsquo;entre nous ; ce n&rsquo;est pas tout noir ou tout blanc, mais une infinit\u00e9 de nuances de gris. Et surtout, vous quittez le Caf\u00e9 mortel en sachant que vous n&rsquo;\u00eates pas seul ou fou dans cette soci\u00e9t\u00e9 qui \u00e9volue \u00e0 toute allure. Vous trouvez des alternatives et des fa\u00e7ons de penser qui enrichissent votre perspective et vous apportent r\u00e9confort et compagnie.<\/p>\n<p>Et le plus surprenant ? Le sens de l&rsquo;humour avec lequel nous abordons les questions qui se posent. Les rires que nous partageons \u00e0 de nombreuses occasions, qui surprennent et ravissent souvent les participants\/tes.<\/p>\n<p>On dit que l&rsquo;exp\u00e9rience est la m\u00e8re de la science. Je vous invite donc \u00e0 chercher un animateur de Caf\u00e9 mortel dans votre communaut\u00e9. Appr\u00e9ciez la richesse de ces espaces et peut-\u00eatre y trouverez-vous un cercle o\u00f9 vous pourrez partager vos r\u00e9flexions sur la mort et la vie avec d&rsquo;autres compagnons de ce voyage qu&rsquo;on appelle la vie.<\/p>\n<p><a href=\"http:\/\/www.noeliacorrea.es\"><span style=\"font-weight: 400;\">www.noeliacorrea.es<\/span><\/a><\/p>\n<p><a href=\"mailto:amaniduelo@noeliacorrea.es\"><span style=\"font-weight: 400;\">amaniduelo@noeliacorrea.es<\/span><\/a><\/p>\n<p>&nbsp;<\/p>\n<p><em>Traduction de l&rsquo;espagnol, Evelyn Tischer<\/em><\/p>\n","protected":false},"excerpt":{"rendered":"<p>Qu&rsquo;est-ce qu&rsquo;un Caf\u00e9 mortel ?\u00a0 C&rsquo;est la question que je me suis pos\u00e9e en mars 2020, au beau milieu de mon isolement. Et c&rsquo;est une personne tr\u00e8s sp\u00e9ciale, que j&rsquo;ai maintenant l&rsquo;honneur d&rsquo;appeler une amie, Glynis German, qui m&rsquo;a donn\u00e9&hellip;<\/p>\n","protected":false},"author":1680,"featured_media":1768056,"comment_status":"closed","ping_status":"closed","sticky":false,"template":"","format":"standard","meta":{"footnotes":""},"categories":[11386,85,1246,1245],"tags":[116545,116546,3238,92076,116544],"class_list":["post-1768047","post","type-post","status-publish","format-standard","has-post-thumbnail","hentry","category-contenu-original","category-europe-fr","category-humanisme-spiritualite","category-sante-sujet","tag-cafe-mortel","tag-death-cafe-fr","tag-mort","tag-rehuno-salud-fr","tag-tabou-de-la-mort"],"yoast_head":"<!-- This site is optimized with the Yoast SEO plugin v27.1.1 - https:\/\/yoast.com\/product\/yoast-seo-wordpress\/ -->\n<title>Les Caf\u00e9s mortels sont des espaces de respect, d&#039;authenticit\u00e9 et d&#039;\u00e9coute active<\/title>\n<meta name=\"description\" content=\"Qu&#039;est-ce qu&#039;un Caf\u00e9 mortel ?\u00a0 C&#039;est la question que je me suis pos\u00e9e en mars 2020, au beau milieu de mon isolement. Et c&#039;est une personne tr\u00e8s sp\u00e9ciale,\" \/>\n<meta name=\"robots\" content=\"index, follow, max-snippet:-1, max-image-preview:large, max-video-preview:-1\" \/>\n<link rel=\"canonical\" href=\"https:\/\/www.pressenza.com\/fr\/2023\/09\/les-cafes-mortels-sont-des-espaces-de-respect-dauthenticite-et-decoute-active\/\" \/>\n<meta property=\"og:locale\" content=\"fr_FR\" \/>\n<meta property=\"og:type\" content=\"article\" \/>\n<meta property=\"og:title\" content=\"Les Caf\u00e9s mortels sont des espaces de respect, d&#039;authenticit\u00e9 et d&#039;\u00e9coute active\" \/>\n<meta property=\"og:description\" content=\"Qu&#039;est-ce qu&#039;un Caf\u00e9 mortel ?\u00a0 C&#039;est la question que je me suis pos\u00e9e en mars 2020, au beau milieu de mon isolement. Et c&#039;est une personne tr\u00e8s sp\u00e9ciale,\" \/>\n<meta property=\"og:url\" content=\"https:\/\/www.pressenza.com\/fr\/2023\/09\/les-cafes-mortels-sont-des-espaces-de-respect-dauthenticite-et-decoute-active\/\" \/>\n<meta property=\"og:site_name\" content=\"Pressenza\" \/>\n<meta property=\"article:publisher\" content=\"https:\/\/www.facebook.com\/PressenzaItalia\" \/>\n<meta property=\"article:author\" content=\"https:\/\/www.facebook.com\/rehunosalud\/\" \/>\n<meta property=\"article:published_time\" content=\"2023-09-29T19:08:58+00:00\" \/>\n<meta property=\"article:modified_time\" content=\"2023-09-29T19:09:40+00:00\" \/>\n<meta property=\"og:image\" content=\"https:\/\/www.pressenza.com\/wp-content\/uploads\/2023\/09\/20211101_154210.jpg\" \/>\n\t<meta property=\"og:image:width\" content=\"1920\" \/>\n\t<meta property=\"og:image:height\" content=\"1440\" \/>\n\t<meta property=\"og:image:type\" content=\"image\/jpeg\" \/>\n<meta name=\"author\" content=\"REHUNO - Red Humanista de Noticias en Salud\" \/>\n<meta name=\"twitter:card\" content=\"summary_large_image\" \/>\n<meta name=\"twitter:creator\" content=\"@PressenzaIPA\" \/>\n<meta name=\"twitter:site\" content=\"@PressenzaIPA\" \/>\n<meta name=\"twitter:label1\" content=\"\u00c9crit par\" \/>\n\t<meta name=\"twitter:data1\" content=\"REHUNO - Red Humanista de Noticias en Salud\" \/>\n\t<meta name=\"twitter:label2\" content=\"Dur\u00e9e de lecture estim\u00e9e\" \/>\n\t<meta name=\"twitter:data2\" content=\"8 minutes\" \/>\n<script type=\"application\/ld+json\" class=\"yoast-schema-graph\">{\"@context\":\"https:\/\/schema.org\",\"@graph\":[{\"@type\":\"Article\",\"@id\":\"https:\/\/www.pressenza.com\/fr\/2023\/09\/les-cafes-mortels-sont-des-espaces-de-respect-dauthenticite-et-decoute-active\/#article\",\"isPartOf\":{\"@id\":\"https:\/\/www.pressenza.com\/fr\/2023\/09\/les-cafes-mortels-sont-des-espaces-de-respect-dauthenticite-et-decoute-active\/\"},\"author\":{\"name\":\"REHUNO - Red Humanista de Noticias en Salud\",\"@id\":\"https:\/\/www.pressenza.com\/fr\/#\/schema\/person\/5162be2bf75419d7e91acfc2c50c3870\"},\"headline\":\"Les Caf\u00e9s mortels sont des espaces de respect, d&rsquo;authenticit\u00e9 et d&rsquo;\u00e9coute active\",\"datePublished\":\"2023-09-29T19:08:58+00:00\",\"dateModified\":\"2023-09-29T19:09:40+00:00\",\"mainEntityOfPage\":{\"@id\":\"https:\/\/www.pressenza.com\/fr\/2023\/09\/les-cafes-mortels-sont-des-espaces-de-respect-dauthenticite-et-decoute-active\/\"},\"wordCount\":1669,\"publisher\":{\"@id\":\"https:\/\/www.pressenza.com\/fr\/#organization\"},\"image\":{\"@id\":\"https:\/\/www.pressenza.com\/fr\/2023\/09\/les-cafes-mortels-sont-des-espaces-de-respect-dauthenticite-et-decoute-active\/#primaryimage\"},\"thumbnailUrl\":\"https:\/\/www.pressenza.com\/wp-content\/uploads\/2023\/09\/20211101_154210.jpg\",\"keywords\":[\"caf\u00e9 mortel\",\"Death Caf\u00e9\",\"mort\",\"Rehuno Salud\",\"tabou de la mort\"],\"articleSection\":[\"Contenu Original\",\"Europe\",\"Humanisme et Spiritualit\u00e9\",\"Sant\u00e9\"],\"inLanguage\":\"fr-FR\"},{\"@type\":\"WebPage\",\"@id\":\"https:\/\/www.pressenza.com\/fr\/2023\/09\/les-cafes-mortels-sont-des-espaces-de-respect-dauthenticite-et-decoute-active\/\",\"url\":\"https:\/\/www.pressenza.com\/fr\/2023\/09\/les-cafes-mortels-sont-des-espaces-de-respect-dauthenticite-et-decoute-active\/\",\"name\":\"Les Caf\u00e9s mortels sont des espaces de respect, d'authenticit\u00e9 et d'\u00e9coute active\",\"isPartOf\":{\"@id\":\"https:\/\/www.pressenza.com\/fr\/#website\"},\"primaryImageOfPage\":{\"@id\":\"https:\/\/www.pressenza.com\/fr\/2023\/09\/les-cafes-mortels-sont-des-espaces-de-respect-dauthenticite-et-decoute-active\/#primaryimage\"},\"image\":{\"@id\":\"https:\/\/www.pressenza.com\/fr\/2023\/09\/les-cafes-mortels-sont-des-espaces-de-respect-dauthenticite-et-decoute-active\/#primaryimage\"},\"thumbnailUrl\":\"https:\/\/www.pressenza.com\/wp-content\/uploads\/2023\/09\/20211101_154210.jpg\",\"datePublished\":\"2023-09-29T19:08:58+00:00\",\"dateModified\":\"2023-09-29T19:09:40+00:00\",\"description\":\"Qu'est-ce qu'un Caf\u00e9 mortel ?\u00a0 C'est la question que je me suis pos\u00e9e en mars 2020, au beau milieu de mon isolement. Et c'est une personne tr\u00e8s sp\u00e9ciale,\",\"breadcrumb\":{\"@id\":\"https:\/\/www.pressenza.com\/fr\/2023\/09\/les-cafes-mortels-sont-des-espaces-de-respect-dauthenticite-et-decoute-active\/#breadcrumb\"},\"inLanguage\":\"fr-FR\",\"potentialAction\":[{\"@type\":\"ReadAction\",\"target\":[\"https:\/\/www.pressenza.com\/fr\/2023\/09\/les-cafes-mortels-sont-des-espaces-de-respect-dauthenticite-et-decoute-active\/\"]}]},{\"@type\":\"ImageObject\",\"inLanguage\":\"fr-FR\",\"@id\":\"https:\/\/www.pressenza.com\/fr\/2023\/09\/les-cafes-mortels-sont-des-espaces-de-respect-dauthenticite-et-decoute-active\/#primaryimage\",\"url\":\"https:\/\/www.pressenza.com\/wp-content\/uploads\/2023\/09\/20211101_154210.jpg\",\"contentUrl\":\"https:\/\/www.pressenza.com\/wp-content\/uploads\/2023\/09\/20211101_154210.jpg\",\"width\":1920,\"height\":1440},{\"@type\":\"BreadcrumbList\",\"@id\":\"https:\/\/www.pressenza.com\/fr\/2023\/09\/les-cafes-mortels-sont-des-espaces-de-respect-dauthenticite-et-decoute-active\/#breadcrumb\",\"itemListElement\":[{\"@type\":\"ListItem\",\"position\":1,\"name\":\"Accueil\",\"item\":\"https:\/\/www.pressenza.com\/fr\/\"},{\"@type\":\"ListItem\",\"position\":2,\"name\":\"Les Caf\u00e9s mortels sont des espaces de respect, d&rsquo;authenticit\u00e9 et d&rsquo;\u00e9coute active\"}]},{\"@type\":\"WebSite\",\"@id\":\"https:\/\/www.pressenza.com\/fr\/#website\",\"url\":\"https:\/\/www.pressenza.com\/fr\/\",\"name\":\"Pressenza\",\"description\":\"International Press Agency\",\"publisher\":{\"@id\":\"https:\/\/www.pressenza.com\/fr\/#organization\"},\"potentialAction\":[{\"@type\":\"SearchAction\",\"target\":{\"@type\":\"EntryPoint\",\"urlTemplate\":\"https:\/\/www.pressenza.com\/fr\/?s={search_term_string}\"},\"query-input\":{\"@type\":\"PropertyValueSpecification\",\"valueRequired\":true,\"valueName\":\"search_term_string\"}}],\"inLanguage\":\"fr-FR\"},{\"@type\":\"Organization\",\"@id\":\"https:\/\/www.pressenza.com\/fr\/#organization\",\"name\":\"Pressenza\",\"url\":\"https:\/\/www.pressenza.com\/fr\/\",\"logo\":{\"@type\":\"ImageObject\",\"inLanguage\":\"fr-FR\",\"@id\":\"https:\/\/www.pressenza.com\/fr\/#\/schema\/logo\/image\/\",\"url\":\"https:\/\/www.pressenza.com\/wp-content\/uploads\/2022\/10\/pressenza_logo_200x200.jpg\",\"contentUrl\":\"https:\/\/www.pressenza.com\/wp-content\/uploads\/2022\/10\/pressenza_logo_200x200.jpg\",\"width\":200,\"height\":200,\"caption\":\"Pressenza\"},\"image\":{\"@id\":\"https:\/\/www.pressenza.com\/fr\/#\/schema\/logo\/image\/\"},\"sameAs\":[\"https:\/\/www.facebook.com\/PressenzaItalia\",\"https:\/\/x.com\/PressenzaIPA\"]},{\"@type\":\"Person\",\"@id\":\"https:\/\/www.pressenza.com\/fr\/#\/schema\/person\/5162be2bf75419d7e91acfc2c50c3870\",\"name\":\"REHUNO - Red Humanista de Noticias en Salud\",\"description\":\"REHUNO is a group of volunteers from different countries, health professionals and\/or users of health services, who want to give voice to a \\\"humanizing view\\\" of health systems from a broad and comprehensive perspective. REHUNO wants to put into words and images the positive news that needs to be highlighted and the negative news that needs to be denounced and happening on a daily basis.http:\/\/rehunosalud.org\/\",\"sameAs\":[\"http:\/\/rehunosalud.org\/\",\"https:\/\/www.facebook.com\/rehunosalud\/\"],\"url\":\"https:\/\/www.pressenza.com\/fr\/author\/rehuno\/\"}]}<\/script>\n<!-- \/ Yoast SEO plugin. -->","yoast_head_json":{"title":"Les Caf\u00e9s mortels sont des espaces de respect, d'authenticit\u00e9 et d'\u00e9coute active","description":"Qu'est-ce qu'un Caf\u00e9 mortel ?\u00a0 C'est la question que je me suis pos\u00e9e en mars 2020, au beau milieu de mon isolement. Et c'est une personne tr\u00e8s sp\u00e9ciale,","robots":{"index":"index","follow":"follow","max-snippet":"max-snippet:-1","max-image-preview":"max-image-preview:large","max-video-preview":"max-video-preview:-1"},"canonical":"https:\/\/www.pressenza.com\/fr\/2023\/09\/les-cafes-mortels-sont-des-espaces-de-respect-dauthenticite-et-decoute-active\/","og_locale":"fr_FR","og_type":"article","og_title":"Les Caf\u00e9s mortels sont des espaces de respect, d'authenticit\u00e9 et d'\u00e9coute active","og_description":"Qu'est-ce qu'un Caf\u00e9 mortel ?\u00a0 C'est la question que je me suis pos\u00e9e en mars 2020, au beau milieu de mon isolement. Et c'est une personne tr\u00e8s sp\u00e9ciale,","og_url":"https:\/\/www.pressenza.com\/fr\/2023\/09\/les-cafes-mortels-sont-des-espaces-de-respect-dauthenticite-et-decoute-active\/","og_site_name":"Pressenza","article_publisher":"https:\/\/www.facebook.com\/PressenzaItalia","article_author":"https:\/\/www.facebook.com\/rehunosalud\/","article_published_time":"2023-09-29T19:08:58+00:00","article_modified_time":"2023-09-29T19:09:40+00:00","og_image":[{"width":1920,"height":1440,"url":"https:\/\/www.pressenza.com\/wp-content\/uploads\/2023\/09\/20211101_154210.jpg","type":"image\/jpeg"}],"author":"REHUNO - Red Humanista de Noticias en Salud","twitter_card":"summary_large_image","twitter_creator":"@PressenzaIPA","twitter_site":"@PressenzaIPA","twitter_misc":{"\u00c9crit par":"REHUNO - Red Humanista de Noticias en Salud","Dur\u00e9e de lecture estim\u00e9e":"8 minutes"},"schema":{"@context":"https:\/\/schema.org","@graph":[{"@type":"Article","@id":"https:\/\/www.pressenza.com\/fr\/2023\/09\/les-cafes-mortels-sont-des-espaces-de-respect-dauthenticite-et-decoute-active\/#article","isPartOf":{"@id":"https:\/\/www.pressenza.com\/fr\/2023\/09\/les-cafes-mortels-sont-des-espaces-de-respect-dauthenticite-et-decoute-active\/"},"author":{"name":"REHUNO - Red Humanista de Noticias en Salud","@id":"https:\/\/www.pressenza.com\/fr\/#\/schema\/person\/5162be2bf75419d7e91acfc2c50c3870"},"headline":"Les Caf\u00e9s mortels sont des espaces de respect, d&rsquo;authenticit\u00e9 et d&rsquo;\u00e9coute active","datePublished":"2023-09-29T19:08:58+00:00","dateModified":"2023-09-29T19:09:40+00:00","mainEntityOfPage":{"@id":"https:\/\/www.pressenza.com\/fr\/2023\/09\/les-cafes-mortels-sont-des-espaces-de-respect-dauthenticite-et-decoute-active\/"},"wordCount":1669,"publisher":{"@id":"https:\/\/www.pressenza.com\/fr\/#organization"},"image":{"@id":"https:\/\/www.pressenza.com\/fr\/2023\/09\/les-cafes-mortels-sont-des-espaces-de-respect-dauthenticite-et-decoute-active\/#primaryimage"},"thumbnailUrl":"https:\/\/www.pressenza.com\/wp-content\/uploads\/2023\/09\/20211101_154210.jpg","keywords":["caf\u00e9 mortel","Death Caf\u00e9","mort","Rehuno Salud","tabou de la mort"],"articleSection":["Contenu Original","Europe","Humanisme et Spiritualit\u00e9","Sant\u00e9"],"inLanguage":"fr-FR"},{"@type":"WebPage","@id":"https:\/\/www.pressenza.com\/fr\/2023\/09\/les-cafes-mortels-sont-des-espaces-de-respect-dauthenticite-et-decoute-active\/","url":"https:\/\/www.pressenza.com\/fr\/2023\/09\/les-cafes-mortels-sont-des-espaces-de-respect-dauthenticite-et-decoute-active\/","name":"Les Caf\u00e9s mortels sont des espaces de respect, d'authenticit\u00e9 et d'\u00e9coute active","isPartOf":{"@id":"https:\/\/www.pressenza.com\/fr\/#website"},"primaryImageOfPage":{"@id":"https:\/\/www.pressenza.com\/fr\/2023\/09\/les-cafes-mortels-sont-des-espaces-de-respect-dauthenticite-et-decoute-active\/#primaryimage"},"image":{"@id":"https:\/\/www.pressenza.com\/fr\/2023\/09\/les-cafes-mortels-sont-des-espaces-de-respect-dauthenticite-et-decoute-active\/#primaryimage"},"thumbnailUrl":"https:\/\/www.pressenza.com\/wp-content\/uploads\/2023\/09\/20211101_154210.jpg","datePublished":"2023-09-29T19:08:58+00:00","dateModified":"2023-09-29T19:09:40+00:00","description":"Qu'est-ce qu'un Caf\u00e9 mortel ?\u00a0 C'est la question que je me suis pos\u00e9e en mars 2020, au beau milieu de mon isolement. Et c'est une personne tr\u00e8s sp\u00e9ciale,","breadcrumb":{"@id":"https:\/\/www.pressenza.com\/fr\/2023\/09\/les-cafes-mortels-sont-des-espaces-de-respect-dauthenticite-et-decoute-active\/#breadcrumb"},"inLanguage":"fr-FR","potentialAction":[{"@type":"ReadAction","target":["https:\/\/www.pressenza.com\/fr\/2023\/09\/les-cafes-mortels-sont-des-espaces-de-respect-dauthenticite-et-decoute-active\/"]}]},{"@type":"ImageObject","inLanguage":"fr-FR","@id":"https:\/\/www.pressenza.com\/fr\/2023\/09\/les-cafes-mortels-sont-des-espaces-de-respect-dauthenticite-et-decoute-active\/#primaryimage","url":"https:\/\/www.pressenza.com\/wp-content\/uploads\/2023\/09\/20211101_154210.jpg","contentUrl":"https:\/\/www.pressenza.com\/wp-content\/uploads\/2023\/09\/20211101_154210.jpg","width":1920,"height":1440},{"@type":"BreadcrumbList","@id":"https:\/\/www.pressenza.com\/fr\/2023\/09\/les-cafes-mortels-sont-des-espaces-de-respect-dauthenticite-et-decoute-active\/#breadcrumb","itemListElement":[{"@type":"ListItem","position":1,"name":"Accueil","item":"https:\/\/www.pressenza.com\/fr\/"},{"@type":"ListItem","position":2,"name":"Les Caf\u00e9s mortels sont des espaces de respect, d&rsquo;authenticit\u00e9 et d&rsquo;\u00e9coute active"}]},{"@type":"WebSite","@id":"https:\/\/www.pressenza.com\/fr\/#website","url":"https:\/\/www.pressenza.com\/fr\/","name":"Pressenza","description":"International Press Agency","publisher":{"@id":"https:\/\/www.pressenza.com\/fr\/#organization"},"potentialAction":[{"@type":"SearchAction","target":{"@type":"EntryPoint","urlTemplate":"https:\/\/www.pressenza.com\/fr\/?s={search_term_string}"},"query-input":{"@type":"PropertyValueSpecification","valueRequired":true,"valueName":"search_term_string"}}],"inLanguage":"fr-FR"},{"@type":"Organization","@id":"https:\/\/www.pressenza.com\/fr\/#organization","name":"Pressenza","url":"https:\/\/www.pressenza.com\/fr\/","logo":{"@type":"ImageObject","inLanguage":"fr-FR","@id":"https:\/\/www.pressenza.com\/fr\/#\/schema\/logo\/image\/","url":"https:\/\/www.pressenza.com\/wp-content\/uploads\/2022\/10\/pressenza_logo_200x200.jpg","contentUrl":"https:\/\/www.pressenza.com\/wp-content\/uploads\/2022\/10\/pressenza_logo_200x200.jpg","width":200,"height":200,"caption":"Pressenza"},"image":{"@id":"https:\/\/www.pressenza.com\/fr\/#\/schema\/logo\/image\/"},"sameAs":["https:\/\/www.facebook.com\/PressenzaItalia","https:\/\/x.com\/PressenzaIPA"]},{"@type":"Person","@id":"https:\/\/www.pressenza.com\/fr\/#\/schema\/person\/5162be2bf75419d7e91acfc2c50c3870","name":"REHUNO - Red Humanista de Noticias en Salud","description":"REHUNO is a group of volunteers from different countries, health professionals and\/or users of health services, who want to give voice to a \"humanizing view\" of health systems from a broad and comprehensive perspective. REHUNO wants to put into words and images the positive news that needs to be highlighted and the negative news that needs to be denounced and happening on a daily basis.http:\/\/rehunosalud.org\/","sameAs":["http:\/\/rehunosalud.org\/","https:\/\/www.facebook.com\/rehunosalud\/"],"url":"https:\/\/www.pressenza.com\/fr\/author\/rehuno\/"}]}},"place":"","original_article_url":"","_links":{"self":[{"href":"https:\/\/www.pressenza.com\/fr\/wp-json\/wp\/v2\/posts\/1768047","targetHints":{"allow":["GET"]}}],"collection":[{"href":"https:\/\/www.pressenza.com\/fr\/wp-json\/wp\/v2\/posts"}],"about":[{"href":"https:\/\/www.pressenza.com\/fr\/wp-json\/wp\/v2\/types\/post"}],"author":[{"embeddable":true,"href":"https:\/\/www.pressenza.com\/fr\/wp-json\/wp\/v2\/users\/1680"}],"replies":[{"embeddable":true,"href":"https:\/\/www.pressenza.com\/fr\/wp-json\/wp\/v2\/comments?post=1768047"}],"version-history":[{"count":0,"href":"https:\/\/www.pressenza.com\/fr\/wp-json\/wp\/v2\/posts\/1768047\/revisions"}],"wp:featuredmedia":[{"embeddable":true,"href":"https:\/\/www.pressenza.com\/fr\/wp-json\/wp\/v2\/media\/1768056"}],"wp:attachment":[{"href":"https:\/\/www.pressenza.com\/fr\/wp-json\/wp\/v2\/media?parent=1768047"}],"wp:term":[{"taxonomy":"category","embeddable":true,"href":"https:\/\/www.pressenza.com\/fr\/wp-json\/wp\/v2\/categories?post=1768047"},{"taxonomy":"post_tag","embeddable":true,"href":"https:\/\/www.pressenza.com\/fr\/wp-json\/wp\/v2\/tags?post=1768047"}],"curies":[{"name":"wp","href":"https:\/\/api.w.org\/{rel}","templated":true}]}}