{"id":1767492,"date":"2023-09-25T23:53:56","date_gmt":"2023-09-25T22:53:56","guid":{"rendered":"https:\/\/www.pressenza.com\/?p=1767492"},"modified":"2023-09-25T23:53:56","modified_gmt":"2023-09-25T22:53:56","slug":"grande-manifestation-du-front-commun-des-syndicats-de-la-fonction-publique-du-quebec","status":"publish","type":"post","link":"https:\/\/www.pressenza.com\/fr\/2023\/09\/grande-manifestation-du-front-commun-des-syndicats-de-la-fonction-publique-du-quebec\/","title":{"rendered":"Grande manifestation du  front commun des syndicats de la fonction publique du Qu\u00e9bec"},"content":{"rendered":"<p><span style=\"font-weight: 400;\">Samedi apr\u00e8s-midi, des dizaines de milliers de personnes se sont r\u00e9unies aux abords du Mont-Royal \u00e0 Montr\u00e9al pour soutenir le front commun intersyndical du secteur public, dans le cadre des n\u00e9gociations concernant leur convention collective. Les syndiqu\u00e9es et syndiqu\u00e9s demandent des augmentations salariales qui tiennent compte de l\u2019augmentation du co\u00fbt de la vie et du niveau d\u2019inflation qui ne cessent d\u2019augmenter au Canada depuis 2021.<\/span><\/p>\n<p><span style=\"font-weight: 400;\">Le grand front commun s&rsquo;est organis\u00e9 au parc Jeanne-Mance. Quatre syndicats, qui repr\u00e9sentent des travailleurs de l&rsquo;\u00e9ducation, de la sant\u00e9, des services sociaux, et d&rsquo;autres secteurs, tous touch\u00e9s par la p\u00e9nurie de main-d&rsquo;\u0153uvre, font partie de cette organisation.\u00a0<\/span><\/p>\n<p><span style=\"font-weight: 400;\">En tout et partout, ils repr\u00e9sentaient plus de 400 000 travailleurs dans le secteur public au Qu\u00e9bec. Ce sont des enseignants, des enseignantes, des infirmiers et des infirmi\u00e8res, des pr\u00e9pos\u00e9s aux b\u00e9n\u00e9ficiaires, des professionnels de la fonction publique et bien d\u2019autres personnes qui occupent diff\u00e9rentes fonctions.\u00a0<\/span><\/p>\n<div class=\"post-gallery\">\n\t\t\t<figure class=\"post-gallery-item\">\n\t\t\t\t<img decoding=\"async\" src=\"https:\/\/www.pressenza.com\/wp-content\/uploads\/2023\/09\/manif3-768x1024.jpg\" loading=\"lazy\">\n\t\t\t\t<figcaption>\n\t\t\t\t\t\n\t\t\t\t<\/figcaption>\n\t\t\t<\/figure>\n\t\t\t<figure class=\"post-gallery-item\">\n\t\t\t\t<img decoding=\"async\" src=\"https:\/\/www.pressenza.com\/wp-content\/uploads\/2023\/09\/manif2.jpg\" loading=\"lazy\">\n\t\t\t\t<figcaption>\n\t\t\t\t\t\n\t\t\t\t<\/figcaption>\n\t\t\t<\/figure>\n\t\t\t<figure class=\"post-gallery-item\">\n\t\t\t\t<img decoding=\"async\" src=\"https:\/\/www.pressenza.com\/wp-content\/uploads\/2023\/09\/manif-1-820x565.jpg\" loading=\"lazy\">\n\t\t\t\t<figcaption>\n\t\t\t\t\tPhoto cr\u00e9dit : Anne Farrrell\n\t\t\t\t<\/figcaption>\n\t\t\t<\/figure><\/div>\n<p>&nbsp;<\/p>\n<p><span style=\"font-weight: 400;\">\u00ab\u00c7a nous prend des offres s\u00e9rieuses tant au point de vue de la charge de travail et aussi au point de vue salarial. Les d\u00e9put\u00e9s ce sont vot\u00e9s 30% d\u2019augmentation de salaire et nous \u00e7a prend des ann\u00e9es avant de r\u00e9ussir \u00e0 avoir un salaire digne de ce nom dans nos r\u00e9seaux. On va se battre pour cela,\u00bb a expliqu\u00e9 Robert Comeau, pr\u00e9sident de l\u2019APTS et porte-parole du Front commun.\u00a0<\/span><\/p>\n<p><span style=\"font-weight: 400;\">La marche s&rsquo;est d\u00e9roul\u00e9e pacifiquement. Selon les syndicats, pr\u00e8s de 100 000 personnes de partout \u00e0 travers le Qu\u00e9bec y ont pris part.<\/span><\/p>\n<p>&nbsp;<\/p>\n","protected":false},"excerpt":{"rendered":"<p>Samedi apr\u00e8s-midi, des dizaines de milliers de personnes se sont r\u00e9unies aux abords du Mont-Royal \u00e0 Montr\u00e9al pour soutenir le front commun intersyndical du secteur public, dans le cadre des n\u00e9gociations concernant leur convention collective. Les syndiqu\u00e9es et syndiqu\u00e9s demandent&hellip;<\/p>\n","protected":false},"author":63,"featured_media":1767497,"comment_status":"closed","ping_status":"closed","sticky":false,"template":"","format":"standard","meta":{"footnotes":""},"categories":[11386,93],"tags":[116439,307,3521,24681],"class_list":["post-1767492","post","type-post","status-publish","format-standard","has-post-thumbnail","hentry","category-contenu-original","category-politique","tag-front-commun","tag-manifestation","tag-quebec","tag-syndicat"],"yoast_head":"<!-- This site is optimized with the Yoast SEO plugin v27.1.1 - https:\/\/yoast.com\/product\/yoast-seo-wordpress\/ -->\n<title>Grande manifestation du front commun des syndicats de la fonction publique du Qu\u00e9bec<\/title>\n<meta name=\"description\" content=\"Samedi apr\u00e8s-midi, des dizaines de milliers de personnes se sont r\u00e9unies aux abords du Mont-Royal \u00e0 Montr\u00e9al pour soutenir le front commun intersyndical\" \/>\n<meta name=\"robots\" content=\"index, follow, max-snippet:-1, max-image-preview:large, max-video-preview:-1\" \/>\n<link rel=\"canonical\" href=\"https:\/\/www.pressenza.com\/fr\/2023\/09\/grande-manifestation-du-front-commun-des-syndicats-de-la-fonction-publique-du-quebec\/\" \/>\n<meta property=\"og:locale\" content=\"fr_FR\" \/>\n<meta property=\"og:type\" content=\"article\" \/>\n<meta property=\"og:title\" content=\"Grande manifestation du front commun des syndicats de la fonction publique du Qu\u00e9bec\" \/>\n<meta property=\"og:description\" content=\"Samedi apr\u00e8s-midi, des dizaines de milliers de personnes se sont r\u00e9unies aux abords du Mont-Royal \u00e0 Montr\u00e9al pour soutenir le front commun intersyndical\" \/>\n<meta property=\"og:url\" content=\"https:\/\/www.pressenza.com\/fr\/2023\/09\/grande-manifestation-du-front-commun-des-syndicats-de-la-fonction-publique-du-quebec\/\" \/>\n<meta property=\"og:site_name\" content=\"Pressenza\" \/>\n<meta property=\"article:publisher\" content=\"https:\/\/www.facebook.com\/PressenzaItalia\" \/>\n<meta property=\"article:published_time\" content=\"2023-09-25T22:53:56+00:00\" \/>\n<meta property=\"og:image\" content=\"https:\/\/www.pressenza.com\/wp-content\/uploads\/2023\/09\/manif-couverture.jpg\" \/>\n\t<meta property=\"og:image:width\" content=\"891\" \/>\n\t<meta property=\"og:image:height\" content=\"669\" \/>\n\t<meta property=\"og:image:type\" content=\"image\/jpeg\" \/>\n<meta name=\"author\" content=\"Anne Farrell\" \/>\n<meta name=\"twitter:card\" content=\"summary_large_image\" \/>\n<meta name=\"twitter:creator\" content=\"@PressenzaIPA\" \/>\n<meta name=\"twitter:site\" content=\"@PressenzaIPA\" \/>\n<meta name=\"twitter:label1\" content=\"\u00c9crit par\" \/>\n\t<meta name=\"twitter:data1\" content=\"Anne Farrell\" \/>\n\t<meta name=\"twitter:label2\" content=\"Dur\u00e9e de lecture estim\u00e9e\" \/>\n\t<meta name=\"twitter:data2\" content=\"2 minutes\" \/>\n<script type=\"application\/ld+json\" class=\"yoast-schema-graph\">{\"@context\":\"https:\/\/schema.org\",\"@graph\":[{\"@type\":\"Article\",\"@id\":\"https:\/\/www.pressenza.com\/fr\/2023\/09\/grande-manifestation-du-front-commun-des-syndicats-de-la-fonction-publique-du-quebec\/#article\",\"isPartOf\":{\"@id\":\"https:\/\/www.pressenza.com\/fr\/2023\/09\/grande-manifestation-du-front-commun-des-syndicats-de-la-fonction-publique-du-quebec\/\"},\"author\":{\"name\":\"Anne Farrell\",\"@id\":\"https:\/\/www.pressenza.com\/fr\/#\/schema\/person\/06fe29d0640b1b3c6e87b05e162391e0\"},\"headline\":\"Grande manifestation du front commun des syndicats de la fonction publique du Qu\u00e9bec\",\"datePublished\":\"2023-09-25T22:53:56+00:00\",\"mainEntityOfPage\":{\"@id\":\"https:\/\/www.pressenza.com\/fr\/2023\/09\/grande-manifestation-du-front-commun-des-syndicats-de-la-fonction-publique-du-quebec\/\"},\"wordCount\":292,\"publisher\":{\"@id\":\"https:\/\/www.pressenza.com\/fr\/#organization\"},\"image\":{\"@id\":\"https:\/\/www.pressenza.com\/fr\/2023\/09\/grande-manifestation-du-front-commun-des-syndicats-de-la-fonction-publique-du-quebec\/#primaryimage\"},\"thumbnailUrl\":\"https:\/\/www.pressenza.com\/wp-content\/uploads\/2023\/09\/manif-couverture.jpg\",\"keywords\":[\"Front Commun\",\"manifestation\",\"Qu\u00e9bec\",\"syndicat\"],\"articleSection\":[\"Contenu Original\",\"Politique\"],\"inLanguage\":\"fr-FR\"},{\"@type\":\"WebPage\",\"@id\":\"https:\/\/www.pressenza.com\/fr\/2023\/09\/grande-manifestation-du-front-commun-des-syndicats-de-la-fonction-publique-du-quebec\/\",\"url\":\"https:\/\/www.pressenza.com\/fr\/2023\/09\/grande-manifestation-du-front-commun-des-syndicats-de-la-fonction-publique-du-quebec\/\",\"name\":\"Grande manifestation du front commun des syndicats de la fonction publique du Qu\u00e9bec\",\"isPartOf\":{\"@id\":\"https:\/\/www.pressenza.com\/fr\/#website\"},\"primaryImageOfPage\":{\"@id\":\"https:\/\/www.pressenza.com\/fr\/2023\/09\/grande-manifestation-du-front-commun-des-syndicats-de-la-fonction-publique-du-quebec\/#primaryimage\"},\"image\":{\"@id\":\"https:\/\/www.pressenza.com\/fr\/2023\/09\/grande-manifestation-du-front-commun-des-syndicats-de-la-fonction-publique-du-quebec\/#primaryimage\"},\"thumbnailUrl\":\"https:\/\/www.pressenza.com\/wp-content\/uploads\/2023\/09\/manif-couverture.jpg\",\"datePublished\":\"2023-09-25T22:53:56+00:00\",\"description\":\"Samedi apr\u00e8s-midi, des dizaines de milliers de personnes se sont r\u00e9unies aux abords du Mont-Royal \u00e0 Montr\u00e9al pour soutenir le front commun intersyndical\",\"breadcrumb\":{\"@id\":\"https:\/\/www.pressenza.com\/fr\/2023\/09\/grande-manifestation-du-front-commun-des-syndicats-de-la-fonction-publique-du-quebec\/#breadcrumb\"},\"inLanguage\":\"fr-FR\",\"potentialAction\":[{\"@type\":\"ReadAction\",\"target\":[\"https:\/\/www.pressenza.com\/fr\/2023\/09\/grande-manifestation-du-front-commun-des-syndicats-de-la-fonction-publique-du-quebec\/\"]}]},{\"@type\":\"ImageObject\",\"inLanguage\":\"fr-FR\",\"@id\":\"https:\/\/www.pressenza.com\/fr\/2023\/09\/grande-manifestation-du-front-commun-des-syndicats-de-la-fonction-publique-du-quebec\/#primaryimage\",\"url\":\"https:\/\/www.pressenza.com\/wp-content\/uploads\/2023\/09\/manif-couverture.jpg\",\"contentUrl\":\"https:\/\/www.pressenza.com\/wp-content\/uploads\/2023\/09\/manif-couverture.jpg\",\"width\":891,\"height\":669,\"caption\":\"Photo cr\u00e9dit: Anne Farrell\"},{\"@type\":\"BreadcrumbList\",\"@id\":\"https:\/\/www.pressenza.com\/fr\/2023\/09\/grande-manifestation-du-front-commun-des-syndicats-de-la-fonction-publique-du-quebec\/#breadcrumb\",\"itemListElement\":[{\"@type\":\"ListItem\",\"position\":1,\"name\":\"Accueil\",\"item\":\"https:\/\/www.pressenza.com\/fr\/\"},{\"@type\":\"ListItem\",\"position\":2,\"name\":\"Grande manifestation du front commun des syndicats de la fonction publique du Qu\u00e9bec\"}]},{\"@type\":\"WebSite\",\"@id\":\"https:\/\/www.pressenza.com\/fr\/#website\",\"url\":\"https:\/\/www.pressenza.com\/fr\/\",\"name\":\"Pressenza\",\"description\":\"International Press Agency\",\"publisher\":{\"@id\":\"https:\/\/www.pressenza.com\/fr\/#organization\"},\"potentialAction\":[{\"@type\":\"SearchAction\",\"target\":{\"@type\":\"EntryPoint\",\"urlTemplate\":\"https:\/\/www.pressenza.com\/fr\/?s={search_term_string}\"},\"query-input\":{\"@type\":\"PropertyValueSpecification\",\"valueRequired\":true,\"valueName\":\"search_term_string\"}}],\"inLanguage\":\"fr-FR\"},{\"@type\":\"Organization\",\"@id\":\"https:\/\/www.pressenza.com\/fr\/#organization\",\"name\":\"Pressenza\",\"url\":\"https:\/\/www.pressenza.com\/fr\/\",\"logo\":{\"@type\":\"ImageObject\",\"inLanguage\":\"fr-FR\",\"@id\":\"https:\/\/www.pressenza.com\/fr\/#\/schema\/logo\/image\/\",\"url\":\"https:\/\/www.pressenza.com\/wp-content\/uploads\/2022\/10\/pressenza_logo_200x200.jpg\",\"contentUrl\":\"https:\/\/www.pressenza.com\/wp-content\/uploads\/2022\/10\/pressenza_logo_200x200.jpg\",\"width\":200,\"height\":200,\"caption\":\"Pressenza\"},\"image\":{\"@id\":\"https:\/\/www.pressenza.com\/fr\/#\/schema\/logo\/image\/\"},\"sameAs\":[\"https:\/\/www.facebook.com\/PressenzaItalia\",\"https:\/\/x.com\/PressenzaIPA\"]},{\"@type\":\"Person\",\"@id\":\"https:\/\/www.pressenza.com\/fr\/#\/schema\/person\/06fe29d0640b1b3c6e87b05e162391e0\",\"name\":\"Anne Farrell\",\"description\":\"Anne Farrell is the author of the books: A meaning of Life that defied the unbearable fate in mass extinction, A tribute to reconciliation and its missing image in the Western World\",\"url\":\"https:\/\/www.pressenza.com\/fr\/author\/anne-farrell\/\"}]}<\/script>\n<!-- \/ Yoast SEO plugin. -->","yoast_head_json":{"title":"Grande manifestation du front commun des syndicats de la fonction publique du Qu\u00e9bec","description":"Samedi apr\u00e8s-midi, des dizaines de milliers de personnes se sont r\u00e9unies aux abords du Mont-Royal \u00e0 Montr\u00e9al pour soutenir le front commun intersyndical","robots":{"index":"index","follow":"follow","max-snippet":"max-snippet:-1","max-image-preview":"max-image-preview:large","max-video-preview":"max-video-preview:-1"},"canonical":"https:\/\/www.pressenza.com\/fr\/2023\/09\/grande-manifestation-du-front-commun-des-syndicats-de-la-fonction-publique-du-quebec\/","og_locale":"fr_FR","og_type":"article","og_title":"Grande manifestation du front commun des syndicats de la fonction publique du Qu\u00e9bec","og_description":"Samedi apr\u00e8s-midi, des dizaines de milliers de personnes se sont r\u00e9unies aux abords du Mont-Royal \u00e0 Montr\u00e9al pour soutenir le front commun intersyndical","og_url":"https:\/\/www.pressenza.com\/fr\/2023\/09\/grande-manifestation-du-front-commun-des-syndicats-de-la-fonction-publique-du-quebec\/","og_site_name":"Pressenza","article_publisher":"https:\/\/www.facebook.com\/PressenzaItalia","article_published_time":"2023-09-25T22:53:56+00:00","og_image":[{"width":891,"height":669,"url":"https:\/\/www.pressenza.com\/wp-content\/uploads\/2023\/09\/manif-couverture.jpg","type":"image\/jpeg"}],"author":"Anne Farrell","twitter_card":"summary_large_image","twitter_creator":"@PressenzaIPA","twitter_site":"@PressenzaIPA","twitter_misc":{"\u00c9crit par":"Anne Farrell","Dur\u00e9e de lecture estim\u00e9e":"2 minutes"},"schema":{"@context":"https:\/\/schema.org","@graph":[{"@type":"Article","@id":"https:\/\/www.pressenza.com\/fr\/2023\/09\/grande-manifestation-du-front-commun-des-syndicats-de-la-fonction-publique-du-quebec\/#article","isPartOf":{"@id":"https:\/\/www.pressenza.com\/fr\/2023\/09\/grande-manifestation-du-front-commun-des-syndicats-de-la-fonction-publique-du-quebec\/"},"author":{"name":"Anne Farrell","@id":"https:\/\/www.pressenza.com\/fr\/#\/schema\/person\/06fe29d0640b1b3c6e87b05e162391e0"},"headline":"Grande manifestation du front commun des syndicats de la fonction publique du Qu\u00e9bec","datePublished":"2023-09-25T22:53:56+00:00","mainEntityOfPage":{"@id":"https:\/\/www.pressenza.com\/fr\/2023\/09\/grande-manifestation-du-front-commun-des-syndicats-de-la-fonction-publique-du-quebec\/"},"wordCount":292,"publisher":{"@id":"https:\/\/www.pressenza.com\/fr\/#organization"},"image":{"@id":"https:\/\/www.pressenza.com\/fr\/2023\/09\/grande-manifestation-du-front-commun-des-syndicats-de-la-fonction-publique-du-quebec\/#primaryimage"},"thumbnailUrl":"https:\/\/www.pressenza.com\/wp-content\/uploads\/2023\/09\/manif-couverture.jpg","keywords":["Front Commun","manifestation","Qu\u00e9bec","syndicat"],"articleSection":["Contenu Original","Politique"],"inLanguage":"fr-FR"},{"@type":"WebPage","@id":"https:\/\/www.pressenza.com\/fr\/2023\/09\/grande-manifestation-du-front-commun-des-syndicats-de-la-fonction-publique-du-quebec\/","url":"https:\/\/www.pressenza.com\/fr\/2023\/09\/grande-manifestation-du-front-commun-des-syndicats-de-la-fonction-publique-du-quebec\/","name":"Grande manifestation du front commun des syndicats de la fonction publique du Qu\u00e9bec","isPartOf":{"@id":"https:\/\/www.pressenza.com\/fr\/#website"},"primaryImageOfPage":{"@id":"https:\/\/www.pressenza.com\/fr\/2023\/09\/grande-manifestation-du-front-commun-des-syndicats-de-la-fonction-publique-du-quebec\/#primaryimage"},"image":{"@id":"https:\/\/www.pressenza.com\/fr\/2023\/09\/grande-manifestation-du-front-commun-des-syndicats-de-la-fonction-publique-du-quebec\/#primaryimage"},"thumbnailUrl":"https:\/\/www.pressenza.com\/wp-content\/uploads\/2023\/09\/manif-couverture.jpg","datePublished":"2023-09-25T22:53:56+00:00","description":"Samedi apr\u00e8s-midi, des dizaines de milliers de personnes se sont r\u00e9unies aux abords du Mont-Royal \u00e0 Montr\u00e9al pour soutenir le front commun intersyndical","breadcrumb":{"@id":"https:\/\/www.pressenza.com\/fr\/2023\/09\/grande-manifestation-du-front-commun-des-syndicats-de-la-fonction-publique-du-quebec\/#breadcrumb"},"inLanguage":"fr-FR","potentialAction":[{"@type":"ReadAction","target":["https:\/\/www.pressenza.com\/fr\/2023\/09\/grande-manifestation-du-front-commun-des-syndicats-de-la-fonction-publique-du-quebec\/"]}]},{"@type":"ImageObject","inLanguage":"fr-FR","@id":"https:\/\/www.pressenza.com\/fr\/2023\/09\/grande-manifestation-du-front-commun-des-syndicats-de-la-fonction-publique-du-quebec\/#primaryimage","url":"https:\/\/www.pressenza.com\/wp-content\/uploads\/2023\/09\/manif-couverture.jpg","contentUrl":"https:\/\/www.pressenza.com\/wp-content\/uploads\/2023\/09\/manif-couverture.jpg","width":891,"height":669,"caption":"Photo cr\u00e9dit: Anne Farrell"},{"@type":"BreadcrumbList","@id":"https:\/\/www.pressenza.com\/fr\/2023\/09\/grande-manifestation-du-front-commun-des-syndicats-de-la-fonction-publique-du-quebec\/#breadcrumb","itemListElement":[{"@type":"ListItem","position":1,"name":"Accueil","item":"https:\/\/www.pressenza.com\/fr\/"},{"@type":"ListItem","position":2,"name":"Grande manifestation du front commun des syndicats de la fonction publique du Qu\u00e9bec"}]},{"@type":"WebSite","@id":"https:\/\/www.pressenza.com\/fr\/#website","url":"https:\/\/www.pressenza.com\/fr\/","name":"Pressenza","description":"International Press Agency","publisher":{"@id":"https:\/\/www.pressenza.com\/fr\/#organization"},"potentialAction":[{"@type":"SearchAction","target":{"@type":"EntryPoint","urlTemplate":"https:\/\/www.pressenza.com\/fr\/?s={search_term_string}"},"query-input":{"@type":"PropertyValueSpecification","valueRequired":true,"valueName":"search_term_string"}}],"inLanguage":"fr-FR"},{"@type":"Organization","@id":"https:\/\/www.pressenza.com\/fr\/#organization","name":"Pressenza","url":"https:\/\/www.pressenza.com\/fr\/","logo":{"@type":"ImageObject","inLanguage":"fr-FR","@id":"https:\/\/www.pressenza.com\/fr\/#\/schema\/logo\/image\/","url":"https:\/\/www.pressenza.com\/wp-content\/uploads\/2022\/10\/pressenza_logo_200x200.jpg","contentUrl":"https:\/\/www.pressenza.com\/wp-content\/uploads\/2022\/10\/pressenza_logo_200x200.jpg","width":200,"height":200,"caption":"Pressenza"},"image":{"@id":"https:\/\/www.pressenza.com\/fr\/#\/schema\/logo\/image\/"},"sameAs":["https:\/\/www.facebook.com\/PressenzaItalia","https:\/\/x.com\/PressenzaIPA"]},{"@type":"Person","@id":"https:\/\/www.pressenza.com\/fr\/#\/schema\/person\/06fe29d0640b1b3c6e87b05e162391e0","name":"Anne Farrell","description":"Anne Farrell is the author of the books: A meaning of Life that defied the unbearable fate in mass extinction, A tribute to reconciliation and its missing image in the Western World","url":"https:\/\/www.pressenza.com\/fr\/author\/anne-farrell\/"}]}},"place":"","original_article_url":"","_links":{"self":[{"href":"https:\/\/www.pressenza.com\/fr\/wp-json\/wp\/v2\/posts\/1767492","targetHints":{"allow":["GET"]}}],"collection":[{"href":"https:\/\/www.pressenza.com\/fr\/wp-json\/wp\/v2\/posts"}],"about":[{"href":"https:\/\/www.pressenza.com\/fr\/wp-json\/wp\/v2\/types\/post"}],"author":[{"embeddable":true,"href":"https:\/\/www.pressenza.com\/fr\/wp-json\/wp\/v2\/users\/63"}],"replies":[{"embeddable":true,"href":"https:\/\/www.pressenza.com\/fr\/wp-json\/wp\/v2\/comments?post=1767492"}],"version-history":[{"count":0,"href":"https:\/\/www.pressenza.com\/fr\/wp-json\/wp\/v2\/posts\/1767492\/revisions"}],"wp:featuredmedia":[{"embeddable":true,"href":"https:\/\/www.pressenza.com\/fr\/wp-json\/wp\/v2\/media\/1767497"}],"wp:attachment":[{"href":"https:\/\/www.pressenza.com\/fr\/wp-json\/wp\/v2\/media?parent=1767492"}],"wp:term":[{"taxonomy":"category","embeddable":true,"href":"https:\/\/www.pressenza.com\/fr\/wp-json\/wp\/v2\/categories?post=1767492"},{"taxonomy":"post_tag","embeddable":true,"href":"https:\/\/www.pressenza.com\/fr\/wp-json\/wp\/v2\/tags?post=1767492"}],"curies":[{"name":"wp","href":"https:\/\/api.w.org\/{rel}","templated":true}]}}