{"id":1763457,"date":"2023-09-05T22:12:09","date_gmt":"2023-09-05T21:12:09","guid":{"rendered":"https:\/\/www.pressenza.com\/?p=1763457"},"modified":"2023-09-05T22:12:09","modified_gmt":"2023-09-05T21:12:09","slug":"le-projet-japonais-de-deversement-deau-radioactive-dans-locean-est-rejete-au-niveau-national-et-international","status":"publish","type":"post","link":"https:\/\/www.pressenza.com\/fr\/2023\/09\/le-projet-japonais-de-deversement-deau-radioactive-dans-locean-est-rejete-au-niveau-national-et-international\/","title":{"rendered":"Le projet japonais de d\u00e9versement d&rsquo;eau radioactive dans l&rsquo;oc\u00e9an est rejet\u00e9 au niveau national et international"},"content":{"rendered":"<p><em>Selon le plan du gouvernement japonais, le jeudi 24 ao\u00fbt 2023, le d\u00e9versement de l&rsquo;eau contamin\u00e9e par l&rsquo;accident nucl\u00e9aire de Fukushima en 2011 a commenc\u00e9. Le Japon assure que l&rsquo;eau a \u00e9t\u00e9 trait\u00e9e, mais les protestations se font sentir sur plusieurs fronts.<\/em><\/p>\n<p>Au niveau national, les organisations et mouvements environnementaux continuent de protester, tandis que les repr\u00e9sentants de l&rsquo;industrie de la p\u00eache s&rsquo;opposent ouvertement \u00e0 ce d\u00e9versement, inquiets de l&rsquo;impact que cette action aura sur la commercialisation de leurs produits et, par cons\u00e9quent, sur l&rsquo;\u00e9conomie du pays. Les autorit\u00e9s insistent sur le fait que le plan a \u00e9t\u00e9 v\u00e9rifi\u00e9 et approuv\u00e9 par l&rsquo;Agence internationale de l&rsquo;\u00e9nergie atomique et assurent cat\u00e9goriquement qu&rsquo;il n&rsquo;y aura aucun dommage pour l&rsquo;environnement, les esp\u00e8ces et la sant\u00e9 humaine. Les experts charg\u00e9s du traitement de l&rsquo;eau assurent que tous les \u00e9l\u00e9ments radioactifs ont \u00e9t\u00e9 \u00e9limin\u00e9s, \u00e0 l&rsquo;exception du tritium, car il n&rsquo;existe pas de technologie pour \u00e9liminer le tritium. Ils assurent toutefois que la concentration de cette substance ne pr\u00e9sente aucun risque.<\/p>\n<p>Les critiques internationales les plus vives sont venues de la Chine et de la Cor\u00e9e du Sud, des pays voisins qui ont \u00e9galement protest\u00e9 et dont les gouvernements ont ouvertement d\u00e9clar\u00e9 qu&rsquo;il s&rsquo;agissait d&rsquo;une d\u00e9cision \u00ab\u00a0arbitraire et erron\u00e9e\u00a0\u00bb et ont appel\u00e9 le Japon \u00e0 la \u00ab\u00a0corriger\u00a0\u00bb. P\u00e9kin a d\u00e9clar\u00e9 que \u00ab\u00a0l&rsquo;oc\u00e9an est la propri\u00e9t\u00e9 commune de toute l&rsquo;humanit\u00e9\u00a0\u00bb et a promis de prendre \u00ab\u00a0toutes les mesures n\u00e9cessaires pour sauvegarder l&rsquo;environnement marin, la s\u00e9curit\u00e9 alimentaire et la sant\u00e9 publique\u00a0\u00bb. En fait, la Chine a d\u00e9j\u00e0 fait un premier pas \u00e9conomique en suspendant les importations de produits alimentaires en provenance de dix villes japonaises.<\/p>\n<p>Le plan japonais pr\u00e9voit le d\u00e9versement progressif de plus de 1,3 million de tonnes d&rsquo;eau jusqu&rsquo;en 2050.<\/p>\n<p>&nbsp;<\/p>\n<p><em>Traduit de l&rsquo;espagnol par Evelyn Tischer<\/em><\/p>\n","protected":false},"excerpt":{"rendered":"<p>Selon le plan du gouvernement japonais, le jeudi 24 ao\u00fbt 2023, le d\u00e9versement de l&rsquo;eau contamin\u00e9e par l&rsquo;accident nucl\u00e9aire de Fukushima en 2011 a commenc\u00e9. Le Japon assure que l&rsquo;eau a \u00e9t\u00e9 trait\u00e9e, mais les protestations se font sentir sur&hellip;<\/p>\n","protected":false},"author":19,"featured_media":1763464,"comment_status":"closed","ping_status":"closed","sticky":false,"template":"","format":"standard","meta":{"footnotes":""},"categories":[84,11386,97,100],"tags":[115860,3153,110671,115861],"class_list":["post-1763457","post","type-post","status-publish","format-standard","has-post-thumbnail","hentry","category-asia-fr","category-contenu-original","category-environnement-et-ecologie","category-economie","tag-contamination-radioactive","tag-japon","tag-oceans-fr","tag-pollution-radioactive"],"yoast_head":"<!-- This site is optimized with the Yoast SEO plugin v27.1.1 - https:\/\/yoast.com\/product\/yoast-seo-wordpress\/ -->\n<title>Le projet japonais de d\u00e9versement d&#039;eau radioactive dans l&#039;oc\u00e9an est rejet\u00e9 au niveau national et international<\/title>\n<meta name=\"description\" content=\"Selon le plan du gouvernement japonais, le jeudi 24 ao\u00fbt 2023, le d\u00e9versement de l&#039;eau contamin\u00e9e par l&#039;accident nucl\u00e9aire de Fukushima en 2011 a\" \/>\n<meta name=\"robots\" content=\"index, follow, max-snippet:-1, max-image-preview:large, max-video-preview:-1\" \/>\n<link rel=\"canonical\" href=\"https:\/\/www.pressenza.com\/fr\/2023\/09\/le-projet-japonais-de-deversement-deau-radioactive-dans-locean-est-rejete-au-niveau-national-et-international\/\" \/>\n<meta property=\"og:locale\" content=\"fr_FR\" \/>\n<meta property=\"og:type\" content=\"article\" \/>\n<meta property=\"og:title\" content=\"Le projet japonais de d\u00e9versement d&#039;eau radioactive dans l&#039;oc\u00e9an est rejet\u00e9 au niveau national et international\" \/>\n<meta property=\"og:description\" content=\"Selon le plan du gouvernement japonais, le jeudi 24 ao\u00fbt 2023, le d\u00e9versement de l&#039;eau contamin\u00e9e par l&#039;accident nucl\u00e9aire de Fukushima en 2011 a\" \/>\n<meta property=\"og:url\" content=\"https:\/\/www.pressenza.com\/fr\/2023\/09\/le-projet-japonais-de-deversement-deau-radioactive-dans-locean-est-rejete-au-niveau-national-et-international\/\" \/>\n<meta property=\"og:site_name\" content=\"Pressenza\" \/>\n<meta property=\"article:publisher\" content=\"https:\/\/www.facebook.com\/PressenzaItalia\" \/>\n<meta property=\"article:author\" content=\"https:\/\/www.facebook.com\/pressenza\" \/>\n<meta property=\"article:published_time\" content=\"2023-09-05T21:12:09+00:00\" \/>\n<meta property=\"og:image\" content=\"https:\/\/www.pressenza.com\/wp-content\/uploads\/2023\/08\/maxresdefault.jpg\" \/>\n\t<meta property=\"og:image:width\" content=\"1280\" \/>\n\t<meta property=\"og:image:height\" content=\"720\" \/>\n\t<meta property=\"og:image:type\" content=\"image\/jpeg\" \/>\n<meta name=\"author\" content=\"Pressenza IPA\" \/>\n<meta name=\"twitter:card\" content=\"summary_large_image\" \/>\n<meta name=\"twitter:creator\" content=\"@PressenzaIPA\" \/>\n<meta name=\"twitter:site\" content=\"@PressenzaIPA\" \/>\n<meta name=\"twitter:label1\" content=\"\u00c9crit par\" \/>\n\t<meta name=\"twitter:data1\" content=\"Pressenza IPA\" \/>\n\t<meta name=\"twitter:label2\" content=\"Dur\u00e9e de lecture estim\u00e9e\" \/>\n\t<meta name=\"twitter:data2\" content=\"2 minutes\" \/>\n<script type=\"application\/ld+json\" class=\"yoast-schema-graph\">{\"@context\":\"https:\/\/schema.org\",\"@graph\":[{\"@type\":\"Article\",\"@id\":\"https:\/\/www.pressenza.com\/fr\/2023\/09\/le-projet-japonais-de-deversement-deau-radioactive-dans-locean-est-rejete-au-niveau-national-et-international\/#article\",\"isPartOf\":{\"@id\":\"https:\/\/www.pressenza.com\/fr\/2023\/09\/le-projet-japonais-de-deversement-deau-radioactive-dans-locean-est-rejete-au-niveau-national-et-international\/\"},\"author\":{\"name\":\"Pressenza IPA\",\"@id\":\"https:\/\/www.pressenza.com\/fr\/#\/schema\/person\/010e5d02bcf40965427a1289a4cc8d75\"},\"headline\":\"Le projet japonais de d\u00e9versement d&rsquo;eau radioactive dans l&rsquo;oc\u00e9an est rejet\u00e9 au niveau national et international\",\"datePublished\":\"2023-09-05T21:12:09+00:00\",\"mainEntityOfPage\":{\"@id\":\"https:\/\/www.pressenza.com\/fr\/2023\/09\/le-projet-japonais-de-deversement-deau-radioactive-dans-locean-est-rejete-au-niveau-national-et-international\/\"},\"wordCount\":358,\"publisher\":{\"@id\":\"https:\/\/www.pressenza.com\/fr\/#organization\"},\"image\":{\"@id\":\"https:\/\/www.pressenza.com\/fr\/2023\/09\/le-projet-japonais-de-deversement-deau-radioactive-dans-locean-est-rejete-au-niveau-national-et-international\/#primaryimage\"},\"thumbnailUrl\":\"https:\/\/www.pressenza.com\/wp-content\/uploads\/2023\/08\/maxresdefault.jpg\",\"keywords\":[\"contamination radioactive\",\"Japon\",\"Oceans\",\"pollution radioactive\"],\"articleSection\":[\"Asie\",\"Contenu Original\",\"Ecologie et Environnement\",\"Economie\"],\"inLanguage\":\"fr-FR\"},{\"@type\":\"WebPage\",\"@id\":\"https:\/\/www.pressenza.com\/fr\/2023\/09\/le-projet-japonais-de-deversement-deau-radioactive-dans-locean-est-rejete-au-niveau-national-et-international\/\",\"url\":\"https:\/\/www.pressenza.com\/fr\/2023\/09\/le-projet-japonais-de-deversement-deau-radioactive-dans-locean-est-rejete-au-niveau-national-et-international\/\",\"name\":\"Le projet japonais de d\u00e9versement d'eau radioactive dans l'oc\u00e9an est rejet\u00e9 au niveau national et international\",\"isPartOf\":{\"@id\":\"https:\/\/www.pressenza.com\/fr\/#website\"},\"primaryImageOfPage\":{\"@id\":\"https:\/\/www.pressenza.com\/fr\/2023\/09\/le-projet-japonais-de-deversement-deau-radioactive-dans-locean-est-rejete-au-niveau-national-et-international\/#primaryimage\"},\"image\":{\"@id\":\"https:\/\/www.pressenza.com\/fr\/2023\/09\/le-projet-japonais-de-deversement-deau-radioactive-dans-locean-est-rejete-au-niveau-national-et-international\/#primaryimage\"},\"thumbnailUrl\":\"https:\/\/www.pressenza.com\/wp-content\/uploads\/2023\/08\/maxresdefault.jpg\",\"datePublished\":\"2023-09-05T21:12:09+00:00\",\"description\":\"Selon le plan du gouvernement japonais, le jeudi 24 ao\u00fbt 2023, le d\u00e9versement de l'eau contamin\u00e9e par l'accident nucl\u00e9aire de Fukushima en 2011 a\",\"breadcrumb\":{\"@id\":\"https:\/\/www.pressenza.com\/fr\/2023\/09\/le-projet-japonais-de-deversement-deau-radioactive-dans-locean-est-rejete-au-niveau-national-et-international\/#breadcrumb\"},\"inLanguage\":\"fr-FR\",\"potentialAction\":[{\"@type\":\"ReadAction\",\"target\":[\"https:\/\/www.pressenza.com\/fr\/2023\/09\/le-projet-japonais-de-deversement-deau-radioactive-dans-locean-est-rejete-au-niveau-national-et-international\/\"]}]},{\"@type\":\"ImageObject\",\"inLanguage\":\"fr-FR\",\"@id\":\"https:\/\/www.pressenza.com\/fr\/2023\/09\/le-projet-japonais-de-deversement-deau-radioactive-dans-locean-est-rejete-au-niveau-national-et-international\/#primaryimage\",\"url\":\"https:\/\/www.pressenza.com\/wp-content\/uploads\/2023\/08\/maxresdefault.jpg\",\"contentUrl\":\"https:\/\/www.pressenza.com\/wp-content\/uploads\/2023\/08\/maxresdefault.jpg\",\"width\":1280,\"height\":720},{\"@type\":\"BreadcrumbList\",\"@id\":\"https:\/\/www.pressenza.com\/fr\/2023\/09\/le-projet-japonais-de-deversement-deau-radioactive-dans-locean-est-rejete-au-niveau-national-et-international\/#breadcrumb\",\"itemListElement\":[{\"@type\":\"ListItem\",\"position\":1,\"name\":\"Accueil\",\"item\":\"https:\/\/www.pressenza.com\/fr\/\"},{\"@type\":\"ListItem\",\"position\":2,\"name\":\"Le projet japonais de d\u00e9versement d&rsquo;eau radioactive dans l&rsquo;oc\u00e9an est rejet\u00e9 au niveau national et international\"}]},{\"@type\":\"WebSite\",\"@id\":\"https:\/\/www.pressenza.com\/fr\/#website\",\"url\":\"https:\/\/www.pressenza.com\/fr\/\",\"name\":\"Pressenza\",\"description\":\"International Press Agency\",\"publisher\":{\"@id\":\"https:\/\/www.pressenza.com\/fr\/#organization\"},\"potentialAction\":[{\"@type\":\"SearchAction\",\"target\":{\"@type\":\"EntryPoint\",\"urlTemplate\":\"https:\/\/www.pressenza.com\/fr\/?s={search_term_string}\"},\"query-input\":{\"@type\":\"PropertyValueSpecification\",\"valueRequired\":true,\"valueName\":\"search_term_string\"}}],\"inLanguage\":\"fr-FR\"},{\"@type\":\"Organization\",\"@id\":\"https:\/\/www.pressenza.com\/fr\/#organization\",\"name\":\"Pressenza\",\"url\":\"https:\/\/www.pressenza.com\/fr\/\",\"logo\":{\"@type\":\"ImageObject\",\"inLanguage\":\"fr-FR\",\"@id\":\"https:\/\/www.pressenza.com\/fr\/#\/schema\/logo\/image\/\",\"url\":\"https:\/\/www.pressenza.com\/wp-content\/uploads\/2022\/10\/pressenza_logo_200x200.jpg\",\"contentUrl\":\"https:\/\/www.pressenza.com\/wp-content\/uploads\/2022\/10\/pressenza_logo_200x200.jpg\",\"width\":200,\"height\":200,\"caption\":\"Pressenza\"},\"image\":{\"@id\":\"https:\/\/www.pressenza.com\/fr\/#\/schema\/logo\/image\/\"},\"sameAs\":[\"https:\/\/www.facebook.com\/PressenzaItalia\",\"https:\/\/x.com\/PressenzaIPA\"]},{\"@type\":\"Person\",\"@id\":\"https:\/\/www.pressenza.com\/fr\/#\/schema\/person\/010e5d02bcf40965427a1289a4cc8d75\",\"name\":\"Pressenza IPA\",\"description\":\"News from Pressenza IPA correspondents\",\"sameAs\":[\"https:\/\/www.facebook.com\/pressenza\",\"https:\/\/x.com\/PressenzaIPA\"],\"url\":\"https:\/\/www.pressenza.com\/fr\/author\/pressenza-ipa\/\"}]}<\/script>\n<!-- \/ Yoast SEO plugin. -->","yoast_head_json":{"title":"Le projet japonais de d\u00e9versement d'eau radioactive dans l'oc\u00e9an est rejet\u00e9 au niveau national et international","description":"Selon le plan du gouvernement japonais, le jeudi 24 ao\u00fbt 2023, le d\u00e9versement de l'eau contamin\u00e9e par l'accident nucl\u00e9aire de Fukushima en 2011 a","robots":{"index":"index","follow":"follow","max-snippet":"max-snippet:-1","max-image-preview":"max-image-preview:large","max-video-preview":"max-video-preview:-1"},"canonical":"https:\/\/www.pressenza.com\/fr\/2023\/09\/le-projet-japonais-de-deversement-deau-radioactive-dans-locean-est-rejete-au-niveau-national-et-international\/","og_locale":"fr_FR","og_type":"article","og_title":"Le projet japonais de d\u00e9versement d'eau radioactive dans l'oc\u00e9an est rejet\u00e9 au niveau national et international","og_description":"Selon le plan du gouvernement japonais, le jeudi 24 ao\u00fbt 2023, le d\u00e9versement de l'eau contamin\u00e9e par l'accident nucl\u00e9aire de Fukushima en 2011 a","og_url":"https:\/\/www.pressenza.com\/fr\/2023\/09\/le-projet-japonais-de-deversement-deau-radioactive-dans-locean-est-rejete-au-niveau-national-et-international\/","og_site_name":"Pressenza","article_publisher":"https:\/\/www.facebook.com\/PressenzaItalia","article_author":"https:\/\/www.facebook.com\/pressenza","article_published_time":"2023-09-05T21:12:09+00:00","og_image":[{"width":1280,"height":720,"url":"https:\/\/www.pressenza.com\/wp-content\/uploads\/2023\/08\/maxresdefault.jpg","type":"image\/jpeg"}],"author":"Pressenza IPA","twitter_card":"summary_large_image","twitter_creator":"@PressenzaIPA","twitter_site":"@PressenzaIPA","twitter_misc":{"\u00c9crit par":"Pressenza IPA","Dur\u00e9e de lecture estim\u00e9e":"2 minutes"},"schema":{"@context":"https:\/\/schema.org","@graph":[{"@type":"Article","@id":"https:\/\/www.pressenza.com\/fr\/2023\/09\/le-projet-japonais-de-deversement-deau-radioactive-dans-locean-est-rejete-au-niveau-national-et-international\/#article","isPartOf":{"@id":"https:\/\/www.pressenza.com\/fr\/2023\/09\/le-projet-japonais-de-deversement-deau-radioactive-dans-locean-est-rejete-au-niveau-national-et-international\/"},"author":{"name":"Pressenza IPA","@id":"https:\/\/www.pressenza.com\/fr\/#\/schema\/person\/010e5d02bcf40965427a1289a4cc8d75"},"headline":"Le projet japonais de d\u00e9versement d&rsquo;eau radioactive dans l&rsquo;oc\u00e9an est rejet\u00e9 au niveau national et international","datePublished":"2023-09-05T21:12:09+00:00","mainEntityOfPage":{"@id":"https:\/\/www.pressenza.com\/fr\/2023\/09\/le-projet-japonais-de-deversement-deau-radioactive-dans-locean-est-rejete-au-niveau-national-et-international\/"},"wordCount":358,"publisher":{"@id":"https:\/\/www.pressenza.com\/fr\/#organization"},"image":{"@id":"https:\/\/www.pressenza.com\/fr\/2023\/09\/le-projet-japonais-de-deversement-deau-radioactive-dans-locean-est-rejete-au-niveau-national-et-international\/#primaryimage"},"thumbnailUrl":"https:\/\/www.pressenza.com\/wp-content\/uploads\/2023\/08\/maxresdefault.jpg","keywords":["contamination radioactive","Japon","Oceans","pollution radioactive"],"articleSection":["Asie","Contenu Original","Ecologie et Environnement","Economie"],"inLanguage":"fr-FR"},{"@type":"WebPage","@id":"https:\/\/www.pressenza.com\/fr\/2023\/09\/le-projet-japonais-de-deversement-deau-radioactive-dans-locean-est-rejete-au-niveau-national-et-international\/","url":"https:\/\/www.pressenza.com\/fr\/2023\/09\/le-projet-japonais-de-deversement-deau-radioactive-dans-locean-est-rejete-au-niveau-national-et-international\/","name":"Le projet japonais de d\u00e9versement d'eau radioactive dans l'oc\u00e9an est rejet\u00e9 au niveau national et international","isPartOf":{"@id":"https:\/\/www.pressenza.com\/fr\/#website"},"primaryImageOfPage":{"@id":"https:\/\/www.pressenza.com\/fr\/2023\/09\/le-projet-japonais-de-deversement-deau-radioactive-dans-locean-est-rejete-au-niveau-national-et-international\/#primaryimage"},"image":{"@id":"https:\/\/www.pressenza.com\/fr\/2023\/09\/le-projet-japonais-de-deversement-deau-radioactive-dans-locean-est-rejete-au-niveau-national-et-international\/#primaryimage"},"thumbnailUrl":"https:\/\/www.pressenza.com\/wp-content\/uploads\/2023\/08\/maxresdefault.jpg","datePublished":"2023-09-05T21:12:09+00:00","description":"Selon le plan du gouvernement japonais, le jeudi 24 ao\u00fbt 2023, le d\u00e9versement de l'eau contamin\u00e9e par l'accident nucl\u00e9aire de Fukushima en 2011 a","breadcrumb":{"@id":"https:\/\/www.pressenza.com\/fr\/2023\/09\/le-projet-japonais-de-deversement-deau-radioactive-dans-locean-est-rejete-au-niveau-national-et-international\/#breadcrumb"},"inLanguage":"fr-FR","potentialAction":[{"@type":"ReadAction","target":["https:\/\/www.pressenza.com\/fr\/2023\/09\/le-projet-japonais-de-deversement-deau-radioactive-dans-locean-est-rejete-au-niveau-national-et-international\/"]}]},{"@type":"ImageObject","inLanguage":"fr-FR","@id":"https:\/\/www.pressenza.com\/fr\/2023\/09\/le-projet-japonais-de-deversement-deau-radioactive-dans-locean-est-rejete-au-niveau-national-et-international\/#primaryimage","url":"https:\/\/www.pressenza.com\/wp-content\/uploads\/2023\/08\/maxresdefault.jpg","contentUrl":"https:\/\/www.pressenza.com\/wp-content\/uploads\/2023\/08\/maxresdefault.jpg","width":1280,"height":720},{"@type":"BreadcrumbList","@id":"https:\/\/www.pressenza.com\/fr\/2023\/09\/le-projet-japonais-de-deversement-deau-radioactive-dans-locean-est-rejete-au-niveau-national-et-international\/#breadcrumb","itemListElement":[{"@type":"ListItem","position":1,"name":"Accueil","item":"https:\/\/www.pressenza.com\/fr\/"},{"@type":"ListItem","position":2,"name":"Le projet japonais de d\u00e9versement d&rsquo;eau radioactive dans l&rsquo;oc\u00e9an est rejet\u00e9 au niveau national et international"}]},{"@type":"WebSite","@id":"https:\/\/www.pressenza.com\/fr\/#website","url":"https:\/\/www.pressenza.com\/fr\/","name":"Pressenza","description":"International Press Agency","publisher":{"@id":"https:\/\/www.pressenza.com\/fr\/#organization"},"potentialAction":[{"@type":"SearchAction","target":{"@type":"EntryPoint","urlTemplate":"https:\/\/www.pressenza.com\/fr\/?s={search_term_string}"},"query-input":{"@type":"PropertyValueSpecification","valueRequired":true,"valueName":"search_term_string"}}],"inLanguage":"fr-FR"},{"@type":"Organization","@id":"https:\/\/www.pressenza.com\/fr\/#organization","name":"Pressenza","url":"https:\/\/www.pressenza.com\/fr\/","logo":{"@type":"ImageObject","inLanguage":"fr-FR","@id":"https:\/\/www.pressenza.com\/fr\/#\/schema\/logo\/image\/","url":"https:\/\/www.pressenza.com\/wp-content\/uploads\/2022\/10\/pressenza_logo_200x200.jpg","contentUrl":"https:\/\/www.pressenza.com\/wp-content\/uploads\/2022\/10\/pressenza_logo_200x200.jpg","width":200,"height":200,"caption":"Pressenza"},"image":{"@id":"https:\/\/www.pressenza.com\/fr\/#\/schema\/logo\/image\/"},"sameAs":["https:\/\/www.facebook.com\/PressenzaItalia","https:\/\/x.com\/PressenzaIPA"]},{"@type":"Person","@id":"https:\/\/www.pressenza.com\/fr\/#\/schema\/person\/010e5d02bcf40965427a1289a4cc8d75","name":"Pressenza IPA","description":"News from Pressenza IPA correspondents","sameAs":["https:\/\/www.facebook.com\/pressenza","https:\/\/x.com\/PressenzaIPA"],"url":"https:\/\/www.pressenza.com\/fr\/author\/pressenza-ipa\/"}]}},"place":"Tokyo, P\u00e9kin, S\u00e9oul","original_article_url":"","_links":{"self":[{"href":"https:\/\/www.pressenza.com\/fr\/wp-json\/wp\/v2\/posts\/1763457","targetHints":{"allow":["GET"]}}],"collection":[{"href":"https:\/\/www.pressenza.com\/fr\/wp-json\/wp\/v2\/posts"}],"about":[{"href":"https:\/\/www.pressenza.com\/fr\/wp-json\/wp\/v2\/types\/post"}],"author":[{"embeddable":true,"href":"https:\/\/www.pressenza.com\/fr\/wp-json\/wp\/v2\/users\/19"}],"replies":[{"embeddable":true,"href":"https:\/\/www.pressenza.com\/fr\/wp-json\/wp\/v2\/comments?post=1763457"}],"version-history":[{"count":0,"href":"https:\/\/www.pressenza.com\/fr\/wp-json\/wp\/v2\/posts\/1763457\/revisions"}],"wp:featuredmedia":[{"embeddable":true,"href":"https:\/\/www.pressenza.com\/fr\/wp-json\/wp\/v2\/media\/1763464"}],"wp:attachment":[{"href":"https:\/\/www.pressenza.com\/fr\/wp-json\/wp\/v2\/media?parent=1763457"}],"wp:term":[{"taxonomy":"category","embeddable":true,"href":"https:\/\/www.pressenza.com\/fr\/wp-json\/wp\/v2\/categories?post=1763457"},{"taxonomy":"post_tag","embeddable":true,"href":"https:\/\/www.pressenza.com\/fr\/wp-json\/wp\/v2\/tags?post=1763457"}],"curies":[{"name":"wp","href":"https:\/\/api.w.org\/{rel}","templated":true}]}}