{"id":1759753,"date":"2023-08-15T23:34:01","date_gmt":"2023-08-15T22:34:01","guid":{"rendered":"https:\/\/www.pressenza.com\/?p=1759753"},"modified":"2023-08-15T23:34:01","modified_gmt":"2023-08-15T22:34:01","slug":"croissance-economique-ou-decroissance-moins-signifierait-beaucoup-plus","status":"publish","type":"post","link":"https:\/\/www.pressenza.com\/fr\/2023\/08\/croissance-economique-ou-decroissance-moins-signifierait-beaucoup-plus\/","title":{"rendered":"Croissance \u00e9conomique ou d\u00e9croissance ? Moins signifierait beaucoup plus"},"content":{"rendered":"<blockquote><p><strong>Le 19 juillet, la Banque asiatique de d\u00e9veloppement a publi\u00e9 de fa\u00e7on euphorique les estimations de la croissance \u00e9conomique des pays asiatiques pour 2023 et 2024\u00a0 : apr\u00e8s la pause impos\u00e9e par le Covid, les \u00e9conomies asiatiques conna\u00eetront une croissance moyenne de 4,8 %. Selon les donn\u00e9es publi\u00e9es par Inter Press Service et reprises par l&rsquo;<a href=\"https:\/\/www.pressenza.com\/es\/2023\/07\/economia-de-asia-seguira-creciendo-en-2023-y-2024\/\">\u00e9dition espagnole de Pressenza<\/a>, la Chine, l&rsquo;Inde, la Malaisie, les Philippines et le Vietnam ont connu une croissance de plus de 7 % l&rsquo;ann\u00e9e derni\u00e8re. Une bonne nouvelle ? En v\u00e9rit\u00e9, pas vraiment.<\/strong><\/p><\/blockquote>\n<p>Ces derniers jours, la nouvelle s&rsquo;est r\u00e9pandue que le jour du d\u00e9passement de la Terre* tombait cette ann\u00e9e le 2 ao\u00fbt. Cela signifie qu&rsquo;entre le 1er janvier et cette date, l&rsquo;humanit\u00e9 a d\u00e9j\u00e0 \u00e9puis\u00e9 les ressources disponibles sur notre plan\u00e8te pour l&rsquo;ann\u00e9e. Au cours des cinq mois restants, c&rsquo;est-\u00e0-dire d&rsquo;ici au 31 d\u00e9cembre, nous allons surexploiter la Terre, exploiter les ressources au-del\u00e0 de leurs limites, amener la plan\u00e8te au bord de l&rsquo;effondrement, mais aussi consommer ce qui appartiendrait aux g\u00e9n\u00e9rations futures.<\/p>\n<p>Autre fait : la moiti\u00e9 la plus pauvre de l&rsquo;humanit\u00e9 (2,5 milliards d&rsquo;adultes) vit avec moins de 560 euros par mois, selon la base de donn\u00e9es sur les in\u00e9galit\u00e9s dans le monde. 700 millions de personnes sont extr\u00eamement pauvres et vivent avec moins de 1,90 dollar par jour. Selon l&rsquo;Observatoire fran\u00e7ais des in\u00e9galit\u00e9s, \u00ab\u00a0les pays \u00e9mergents qui ont connu une croissance plus forte ont souvent vu leurs in\u00e9galit\u00e9s internes s&rsquo;accro\u00eetre, ce qui contredit la th\u00e8se selon laquelle le d\u00e9veloppement \u00e9conomique suffirait \u00e0 r\u00e9duire les in\u00e9galit\u00e9s\u00a0\u00bb. Pendant ce temps, les 1 % les plus riches du monde, en grande partie am\u00e9ricains, n&rsquo;ont rien c\u00e9d\u00e9. Leur part du g\u00e2teau reste la m\u00eame qu&rsquo;au d\u00e9but des ann\u00e9es 2000, apr\u00e8s 20 ans de hausse des revenus \u00bb<\/p>\n<p><strong>Ces trois facteurs &#8211; croissance \u00e9conomique, impact excessif sur la plan\u00e8te et accroissement des in\u00e9galit\u00e9s &#8211; montrent que nous ne sommes pas du tout sur la voie d&rsquo;un monde de plus grande prosp\u00e9rit\u00e9 pour tous.<\/strong><\/p>\n<p>On sait depuis longtemps que la croissance \u00e9conomique (et donc la croissance du PIB) n&rsquo;est pas synonyme de bien-\u00eatre pour les citoyens. La mesure du PIB ne prend pas en compte les probl\u00e8mes sociaux tels que l&rsquo;inflation latente, la pollution, l&rsquo;\u00e9ducation et la sant\u00e9 des personnes, ni m\u00eame la r\u00e9partition \u00e9quitable des opportunit\u00e9s. \u00ab Il ne mesure ni notre intelligence, ni notre courage, ni notre sagesse, ni nos connaissances, ni notre compassion. Il mesure tout sauf ce qui fait que la vie vaut la peine d&rsquo;\u00eatre v\u00e9cue \u00bb, a d\u00e9clar\u00e9 Robert Kennedy dans un c\u00e9l\u00e8bre discours en 1968.<\/p>\n<p>Par exemple, le PIB augmente avec les conflits arm\u00e9s gr\u00e2ce aux ventes d&rsquo;armes et, apr\u00e8s la destruction, gr\u00e2ce \u00e0 la reconstruction d&rsquo;apr\u00e8s-guerre. Les accidents de la route produisent du PIB, et donc de la croissance \u00e9conomique, gr\u00e2ce aux soins m\u00e9dicaux prodigu\u00e9s aux bless\u00e9s, aux r\u00e9parations et \u00e0 l&rsquo;achat de nouvelles voitures. Cultiver des l\u00e9gumes dans son propre jardin ne g\u00e9n\u00e8re pas de PIB, mais les acheter au supermarch\u00e9 oui. S&rsquo;occuper d&rsquo;une personne \u00e2g\u00e9e \u00e0 domicile ne g\u00e9n\u00e8re pas de PIB, l&rsquo;envoyer dans une maison de retraite, si la famille en a les moyens, en g\u00e9n\u00e8re.<\/p>\n<p>En Chine, le passage de la bicyclette \u00e0 la voiture a entra\u00een\u00e9 une augmentation consid\u00e9rable du PIB, mais aussi une \u00e9norme d\u00e9t\u00e9rioration des conditions de vie dans les grandes villes, dans un contexte de smog, de bruit et d&#8217;embouteillages.<\/p>\n<p>Selon Greenpeace, \u00ab\u00a0la production actuelle de plastique doublera les volumes de 2015 d&rsquo;ici 2030-35 et triplera d&rsquo;ici 2050\u00a0\u00bb. Probablement surtout dans les pays dits \u00ab\u00a0en d\u00e9veloppement\u00a0\u00bb, ce qui contribuera \u00e0 gonfler les chiffres de la croissance \u00e9conomique. Une grande partie de ce plastique finira dans les mers.<\/p>\n<p>Depuis les ann\u00e9es 1960, des tentatives ont \u00e9t\u00e9 faites pour cr\u00e9er des indicateurs alternatifs de bien-\u00eatre ou de bonheur qui prennent en compte les nombreux aspects \u00ab\u00a0oubli\u00e9s\u00a0\u00bb dans le calcul du PIB : les co\u00fbts de la d\u00e9gradation de l&rsquo;environnement, le travail non r\u00e9mun\u00e9r\u00e9, les niveaux de sant\u00e9 et d&rsquo;\u00e9ducation de la population, etc. De nombreuses mesures plus innovantes ont \u00e9t\u00e9 propos\u00e9es au fil des d\u00e9cennies, telles que l&rsquo;indice de d\u00e9veloppement humain ou l&rsquo;indicateur de progr\u00e8s v\u00e9ritable (IPG). Certains indicateurs tentent \u00e9galement d&rsquo;inclure la perception du bonheur par les gens, comme l&rsquo;indice de la plan\u00e8te heureuse ou l&rsquo;indice du bonheur int\u00e9rieur brut (BIB). Il s&rsquo;agit de s&rsquo;\u00e9loigner de la logique de l&rsquo;argent comme seule mesure du bien-\u00eatre, logique aliment\u00e9e par le PIB \u00e0 laquelle la grande majorit\u00e9 des \u00e9conomistes, des gouvernements et des hommes d&rsquo;affaires ont encore recours aujourd&rsquo;hui.<\/p>\n<p>Sous l&rsquo;impulsion de penseurs tels que Serge Latouche en France ou Mauro Bonaiuti et Maurizio Pallante en Italie, diff\u00e9rents mouvements ont vu le jour depuis la fin du si\u00e8cle dernier qui contestent ouvertement l&rsquo;id\u00e9ologie de la croissance infinie, tels que l&rsquo;Association pour la D\u00e9croissance et le Mouvement pour la D\u00e9croissance Heureuse. Ces mouvements, qui s&rsquo;organisent aujourd&rsquo;hui dans le monde entier avec des conf\u00e9rences et des rencontres internationales affirment que la d\u00e9croissance n&rsquo;est pas un programme politique, mais un simple slogan. Ils ne veulent pas imposer de force la d\u00e9croissance \u00e9conomique \u00e0 qui que ce soit, et surtout pas aux pauvres de la plan\u00e8te. En fait, il serait plus juste de parler d&rsquo;a-croissance (en utilisant la m\u00eame racine que a-th\u00e9isme) : sortir de la logique de la croissance infinie sur une plan\u00e8te aux ressources limit\u00e9es.<\/p>\n<blockquote><p>\u00ab\u00a0La d\u00e9croissance a souvent \u00e9t\u00e9 accus\u00e9e d&rsquo;\u00eatre un luxe pour les gens riches, ob\u00e8ses par exc\u00e8s de consommation\u00a0\u00bb, \u00e9crit Serge Latouche dans son livre Le pari de la d\u00e9croissance. \u00ab Le maintien, ou pire, l&rsquo;introduction de la logique de croissance dans le Sud [du monde], sous pr\u00e9texte que cela nous permettra de sortir de la mis\u00e8re que la croissance elle-m\u00eame a cr\u00e9\u00e9e, ne peut qu&rsquo;occidentaliser davantage ces parties de la plan\u00e8te \u00bb. \u00abEn Afrique, jusque dans les ann\u00e9es 1960, avant la grande offensive de d\u00e9veloppement\u00a0\u00bb, poursuit M. Latouche, \u00ab\u00a0il y avait encore de l&rsquo;autosuffisance alimentaire. Mais n&rsquo;est-ce pas l&rsquo;imp\u00e9rialisme de la colonisation, du d\u00e9veloppement et de la mondialisation qui ont d\u00e9truit cette autosuffisance ? \u00bb<\/p><\/blockquote>\n<p>La d\u00e9croissance propose un v\u00e9ritable changement de perspective qui peut \u00eatre r\u00e9alis\u00e9 gr\u00e2ce aux huit R : revaloriser, red\u00e9finir, restructurer, relocaliser, redistribuer, r\u00e9duire, r\u00e9utiliser, recycler. Quelqu&rsquo;un l&rsquo;a dit plus bri\u00e8vement : Moins serait beaucoup plus.<\/p>\n<p>&nbsp;<\/p>\n<p><em>Traduction Ginette Baudelet<\/em><\/p>\n<p>*Jour du surd\u00e9passement de la Terre : moment de l&rsquo;ann\u00e9e o\u00f9 l&rsquo;humanit\u00e9 a consomm\u00e9 l&rsquo;int\u00e9gralit\u00e9 des ressources \u00e9cologiques et des services fournis par la Terre.(NDT)<\/p>\n<p>&nbsp;<\/p>\n","protected":false},"excerpt":{"rendered":"<p>Le 19 juillet, la Banque asiatique de d\u00e9veloppement a publi\u00e9 de fa\u00e7on euphorique les estimations de la croissance \u00e9conomique des pays asiatiques pour 2023 et 2024\u00a0 : apr\u00e8s la pause impos\u00e9e par le Covid, les \u00e9conomies asiatiques conna\u00eetront une croissance&hellip;<\/p>\n","protected":false},"author":1717,"featured_media":1759754,"comment_status":"closed","ping_status":"closed","sticky":false,"template":"","format":"standard","meta":{"footnotes":""},"categories":[11386,97,100,40],"tags":[115341,6657,854,11209,2931,4083,267,115342],"class_list":["post-1759753","post","type-post","status-publish","format-standard","has-post-thumbnail","hentry","category-contenu-original","category-environnement-et-ecologie","category-economie","category-international-fr","tag-bib","tag-bonheur","tag-consommation","tag-croissance","tag-decroissance","tag-inegalites","tag-pauvrete","tag-pib-fr"],"yoast_head":"<!-- This site is optimized with the Yoast SEO plugin v27.1.1 - https:\/\/yoast.com\/product\/yoast-seo-wordpress\/ -->\n<title>Croissance \u00e9conomique ou d\u00e9croissance ? Moins signifierait beaucoup plus<\/title>\n<meta name=\"description\" content=\"Le 19 juillet, la Banque asiatique de d\u00e9veloppement a publi\u00e9 de fa\u00e7on euphorique les estimations de la croissance \u00e9conomique des pays asiatiques pour 2023\" \/>\n<meta name=\"robots\" content=\"index, follow, max-snippet:-1, max-image-preview:large, max-video-preview:-1\" \/>\n<link rel=\"canonical\" href=\"https:\/\/www.pressenza.com\/fr\/2023\/08\/croissance-economique-ou-decroissance-moins-signifierait-beaucoup-plus\/\" \/>\n<meta property=\"og:locale\" content=\"fr_FR\" \/>\n<meta property=\"og:type\" content=\"article\" \/>\n<meta property=\"og:title\" content=\"Croissance \u00e9conomique ou d\u00e9croissance ? Moins signifierait beaucoup plus\" \/>\n<meta property=\"og:description\" content=\"Le 19 juillet, la Banque asiatique de d\u00e9veloppement a publi\u00e9 de fa\u00e7on euphorique les estimations de la croissance \u00e9conomique des pays asiatiques pour 2023\" \/>\n<meta property=\"og:url\" content=\"https:\/\/www.pressenza.com\/fr\/2023\/08\/croissance-economique-ou-decroissance-moins-signifierait-beaucoup-plus\/\" \/>\n<meta property=\"og:site_name\" content=\"Pressenza\" \/>\n<meta property=\"article:publisher\" content=\"https:\/\/www.facebook.com\/PressenzaItalia\" \/>\n<meta property=\"article:published_time\" content=\"2023-08-15T22:34:01+00:00\" \/>\n<meta property=\"og:image\" content=\"https:\/\/www.pressenza.com\/wp-content\/uploads\/2023\/08\/Modern_Beijing_Traffic.jpg\" \/>\n\t<meta property=\"og:image:width\" content=\"1200\" \/>\n\t<meta property=\"og:image:height\" content=\"800\" \/>\n\t<meta property=\"og:image:type\" content=\"image\/jpeg\" \/>\n<meta name=\"author\" content=\"Thomas Schmid\" \/>\n<meta name=\"twitter:card\" content=\"summary_large_image\" \/>\n<meta name=\"twitter:creator\" content=\"@PressenzaIPA\" \/>\n<meta name=\"twitter:site\" content=\"@PressenzaIPA\" \/>\n<meta name=\"twitter:label1\" content=\"\u00c9crit par\" \/>\n\t<meta name=\"twitter:data1\" content=\"Thomas Schmid\" \/>\n\t<meta name=\"twitter:label2\" content=\"Dur\u00e9e de lecture estim\u00e9e\" \/>\n\t<meta name=\"twitter:data2\" content=\"6 minutes\" \/>\n<script type=\"application\/ld+json\" class=\"yoast-schema-graph\">{\"@context\":\"https:\/\/schema.org\",\"@graph\":[{\"@type\":\"Article\",\"@id\":\"https:\/\/www.pressenza.com\/fr\/2023\/08\/croissance-economique-ou-decroissance-moins-signifierait-beaucoup-plus\/#article\",\"isPartOf\":{\"@id\":\"https:\/\/www.pressenza.com\/fr\/2023\/08\/croissance-economique-ou-decroissance-moins-signifierait-beaucoup-plus\/\"},\"author\":{\"name\":\"Thomas Schmid\",\"@id\":\"https:\/\/www.pressenza.com\/fr\/#\/schema\/person\/dfc27ec10333cb977efdace52115730a\"},\"headline\":\"Croissance \u00e9conomique ou d\u00e9croissance ? Moins signifierait beaucoup plus\",\"datePublished\":\"2023-08-15T22:34:01+00:00\",\"mainEntityOfPage\":{\"@id\":\"https:\/\/www.pressenza.com\/fr\/2023\/08\/croissance-economique-ou-decroissance-moins-signifierait-beaucoup-plus\/\"},\"wordCount\":1220,\"publisher\":{\"@id\":\"https:\/\/www.pressenza.com\/fr\/#organization\"},\"image\":{\"@id\":\"https:\/\/www.pressenza.com\/fr\/2023\/08\/croissance-economique-ou-decroissance-moins-signifierait-beaucoup-plus\/#primaryimage\"},\"thumbnailUrl\":\"https:\/\/www.pressenza.com\/wp-content\/uploads\/2023\/08\/Modern_Beijing_Traffic.jpg\",\"keywords\":[\"BIB\",\"bonheur\",\"consommation\",\"croissance\",\"D\u00e9croissance\",\"In\u00e9galit\u00e9s\",\"pauvret\u00e9\",\"PIB\"],\"articleSection\":[\"Contenu Original\",\"Ecologie et Environnement\",\"Economie\",\"International\"],\"inLanguage\":\"fr-FR\"},{\"@type\":\"WebPage\",\"@id\":\"https:\/\/www.pressenza.com\/fr\/2023\/08\/croissance-economique-ou-decroissance-moins-signifierait-beaucoup-plus\/\",\"url\":\"https:\/\/www.pressenza.com\/fr\/2023\/08\/croissance-economique-ou-decroissance-moins-signifierait-beaucoup-plus\/\",\"name\":\"Croissance \u00e9conomique ou d\u00e9croissance ? Moins signifierait beaucoup plus\",\"isPartOf\":{\"@id\":\"https:\/\/www.pressenza.com\/fr\/#website\"},\"primaryImageOfPage\":{\"@id\":\"https:\/\/www.pressenza.com\/fr\/2023\/08\/croissance-economique-ou-decroissance-moins-signifierait-beaucoup-plus\/#primaryimage\"},\"image\":{\"@id\":\"https:\/\/www.pressenza.com\/fr\/2023\/08\/croissance-economique-ou-decroissance-moins-signifierait-beaucoup-plus\/#primaryimage\"},\"thumbnailUrl\":\"https:\/\/www.pressenza.com\/wp-content\/uploads\/2023\/08\/Modern_Beijing_Traffic.jpg\",\"datePublished\":\"2023-08-15T22:34:01+00:00\",\"description\":\"Le 19 juillet, la Banque asiatique de d\u00e9veloppement a publi\u00e9 de fa\u00e7on euphorique les estimations de la croissance \u00e9conomique des pays asiatiques pour 2023\",\"breadcrumb\":{\"@id\":\"https:\/\/www.pressenza.com\/fr\/2023\/08\/croissance-economique-ou-decroissance-moins-signifierait-beaucoup-plus\/#breadcrumb\"},\"inLanguage\":\"fr-FR\",\"potentialAction\":[{\"@type\":\"ReadAction\",\"target\":[\"https:\/\/www.pressenza.com\/fr\/2023\/08\/croissance-economique-ou-decroissance-moins-signifierait-beaucoup-plus\/\"]}]},{\"@type\":\"ImageObject\",\"inLanguage\":\"fr-FR\",\"@id\":\"https:\/\/www.pressenza.com\/fr\/2023\/08\/croissance-economique-ou-decroissance-moins-signifierait-beaucoup-plus\/#primaryimage\",\"url\":\"https:\/\/www.pressenza.com\/wp-content\/uploads\/2023\/08\/Modern_Beijing_Traffic.jpg\",\"contentUrl\":\"https:\/\/www.pressenza.com\/wp-content\/uploads\/2023\/08\/Modern_Beijing_Traffic.jpg\",\"width\":1200,\"height\":800},{\"@type\":\"BreadcrumbList\",\"@id\":\"https:\/\/www.pressenza.com\/fr\/2023\/08\/croissance-economique-ou-decroissance-moins-signifierait-beaucoup-plus\/#breadcrumb\",\"itemListElement\":[{\"@type\":\"ListItem\",\"position\":1,\"name\":\"Accueil\",\"item\":\"https:\/\/www.pressenza.com\/fr\/\"},{\"@type\":\"ListItem\",\"position\":2,\"name\":\"Croissance \u00e9conomique ou d\u00e9croissance ? Moins signifierait beaucoup plus\"}]},{\"@type\":\"WebSite\",\"@id\":\"https:\/\/www.pressenza.com\/fr\/#website\",\"url\":\"https:\/\/www.pressenza.com\/fr\/\",\"name\":\"Pressenza\",\"description\":\"International Press Agency\",\"publisher\":{\"@id\":\"https:\/\/www.pressenza.com\/fr\/#organization\"},\"potentialAction\":[{\"@type\":\"SearchAction\",\"target\":{\"@type\":\"EntryPoint\",\"urlTemplate\":\"https:\/\/www.pressenza.com\/fr\/?s={search_term_string}\"},\"query-input\":{\"@type\":\"PropertyValueSpecification\",\"valueRequired\":true,\"valueName\":\"search_term_string\"}}],\"inLanguage\":\"fr-FR\"},{\"@type\":\"Organization\",\"@id\":\"https:\/\/www.pressenza.com\/fr\/#organization\",\"name\":\"Pressenza\",\"url\":\"https:\/\/www.pressenza.com\/fr\/\",\"logo\":{\"@type\":\"ImageObject\",\"inLanguage\":\"fr-FR\",\"@id\":\"https:\/\/www.pressenza.com\/fr\/#\/schema\/logo\/image\/\",\"url\":\"https:\/\/www.pressenza.com\/wp-content\/uploads\/2022\/10\/pressenza_logo_200x200.jpg\",\"contentUrl\":\"https:\/\/www.pressenza.com\/wp-content\/uploads\/2022\/10\/pressenza_logo_200x200.jpg\",\"width\":200,\"height\":200,\"caption\":\"Pressenza\"},\"image\":{\"@id\":\"https:\/\/www.pressenza.com\/fr\/#\/schema\/logo\/image\/\"},\"sameAs\":[\"https:\/\/www.facebook.com\/PressenzaItalia\",\"https:\/\/x.com\/PressenzaIPA\"]},{\"@type\":\"Person\",\"@id\":\"https:\/\/www.pressenza.com\/fr\/#\/schema\/person\/dfc27ec10333cb977efdace52115730a\",\"name\":\"Thomas Schmid\",\"description\":\"Born in 1960 in England and raised in German-speaking Switzerland, he studied languages and worked in England, France and Italy. He now lives in Montegrino in Northern Italy. He is a member of the Humanist Movement, Fridays for Future and Mountain Wilderness. He is passionate about mountains, specialized in environmental issues and dedicated to the self-production of fruit and vegetables in his spare time. He studies and practices spirituality through nature.\",\"url\":\"https:\/\/www.pressenza.com\/fr\/author\/thomas-schmid\/\"}]}<\/script>\n<!-- \/ Yoast SEO plugin. -->","yoast_head_json":{"title":"Croissance \u00e9conomique ou d\u00e9croissance ? Moins signifierait beaucoup plus","description":"Le 19 juillet, la Banque asiatique de d\u00e9veloppement a publi\u00e9 de fa\u00e7on euphorique les estimations de la croissance \u00e9conomique des pays asiatiques pour 2023","robots":{"index":"index","follow":"follow","max-snippet":"max-snippet:-1","max-image-preview":"max-image-preview:large","max-video-preview":"max-video-preview:-1"},"canonical":"https:\/\/www.pressenza.com\/fr\/2023\/08\/croissance-economique-ou-decroissance-moins-signifierait-beaucoup-plus\/","og_locale":"fr_FR","og_type":"article","og_title":"Croissance \u00e9conomique ou d\u00e9croissance ? Moins signifierait beaucoup plus","og_description":"Le 19 juillet, la Banque asiatique de d\u00e9veloppement a publi\u00e9 de fa\u00e7on euphorique les estimations de la croissance \u00e9conomique des pays asiatiques pour 2023","og_url":"https:\/\/www.pressenza.com\/fr\/2023\/08\/croissance-economique-ou-decroissance-moins-signifierait-beaucoup-plus\/","og_site_name":"Pressenza","article_publisher":"https:\/\/www.facebook.com\/PressenzaItalia","article_published_time":"2023-08-15T22:34:01+00:00","og_image":[{"width":1200,"height":800,"url":"https:\/\/www.pressenza.com\/wp-content\/uploads\/2023\/08\/Modern_Beijing_Traffic.jpg","type":"image\/jpeg"}],"author":"Thomas Schmid","twitter_card":"summary_large_image","twitter_creator":"@PressenzaIPA","twitter_site":"@PressenzaIPA","twitter_misc":{"\u00c9crit par":"Thomas Schmid","Dur\u00e9e de lecture estim\u00e9e":"6 minutes"},"schema":{"@context":"https:\/\/schema.org","@graph":[{"@type":"Article","@id":"https:\/\/www.pressenza.com\/fr\/2023\/08\/croissance-economique-ou-decroissance-moins-signifierait-beaucoup-plus\/#article","isPartOf":{"@id":"https:\/\/www.pressenza.com\/fr\/2023\/08\/croissance-economique-ou-decroissance-moins-signifierait-beaucoup-plus\/"},"author":{"name":"Thomas Schmid","@id":"https:\/\/www.pressenza.com\/fr\/#\/schema\/person\/dfc27ec10333cb977efdace52115730a"},"headline":"Croissance \u00e9conomique ou d\u00e9croissance ? Moins signifierait beaucoup plus","datePublished":"2023-08-15T22:34:01+00:00","mainEntityOfPage":{"@id":"https:\/\/www.pressenza.com\/fr\/2023\/08\/croissance-economique-ou-decroissance-moins-signifierait-beaucoup-plus\/"},"wordCount":1220,"publisher":{"@id":"https:\/\/www.pressenza.com\/fr\/#organization"},"image":{"@id":"https:\/\/www.pressenza.com\/fr\/2023\/08\/croissance-economique-ou-decroissance-moins-signifierait-beaucoup-plus\/#primaryimage"},"thumbnailUrl":"https:\/\/www.pressenza.com\/wp-content\/uploads\/2023\/08\/Modern_Beijing_Traffic.jpg","keywords":["BIB","bonheur","consommation","croissance","D\u00e9croissance","In\u00e9galit\u00e9s","pauvret\u00e9","PIB"],"articleSection":["Contenu Original","Ecologie et Environnement","Economie","International"],"inLanguage":"fr-FR"},{"@type":"WebPage","@id":"https:\/\/www.pressenza.com\/fr\/2023\/08\/croissance-economique-ou-decroissance-moins-signifierait-beaucoup-plus\/","url":"https:\/\/www.pressenza.com\/fr\/2023\/08\/croissance-economique-ou-decroissance-moins-signifierait-beaucoup-plus\/","name":"Croissance \u00e9conomique ou d\u00e9croissance ? Moins signifierait beaucoup plus","isPartOf":{"@id":"https:\/\/www.pressenza.com\/fr\/#website"},"primaryImageOfPage":{"@id":"https:\/\/www.pressenza.com\/fr\/2023\/08\/croissance-economique-ou-decroissance-moins-signifierait-beaucoup-plus\/#primaryimage"},"image":{"@id":"https:\/\/www.pressenza.com\/fr\/2023\/08\/croissance-economique-ou-decroissance-moins-signifierait-beaucoup-plus\/#primaryimage"},"thumbnailUrl":"https:\/\/www.pressenza.com\/wp-content\/uploads\/2023\/08\/Modern_Beijing_Traffic.jpg","datePublished":"2023-08-15T22:34:01+00:00","description":"Le 19 juillet, la Banque asiatique de d\u00e9veloppement a publi\u00e9 de fa\u00e7on euphorique les estimations de la croissance \u00e9conomique des pays asiatiques pour 2023","breadcrumb":{"@id":"https:\/\/www.pressenza.com\/fr\/2023\/08\/croissance-economique-ou-decroissance-moins-signifierait-beaucoup-plus\/#breadcrumb"},"inLanguage":"fr-FR","potentialAction":[{"@type":"ReadAction","target":["https:\/\/www.pressenza.com\/fr\/2023\/08\/croissance-economique-ou-decroissance-moins-signifierait-beaucoup-plus\/"]}]},{"@type":"ImageObject","inLanguage":"fr-FR","@id":"https:\/\/www.pressenza.com\/fr\/2023\/08\/croissance-economique-ou-decroissance-moins-signifierait-beaucoup-plus\/#primaryimage","url":"https:\/\/www.pressenza.com\/wp-content\/uploads\/2023\/08\/Modern_Beijing_Traffic.jpg","contentUrl":"https:\/\/www.pressenza.com\/wp-content\/uploads\/2023\/08\/Modern_Beijing_Traffic.jpg","width":1200,"height":800},{"@type":"BreadcrumbList","@id":"https:\/\/www.pressenza.com\/fr\/2023\/08\/croissance-economique-ou-decroissance-moins-signifierait-beaucoup-plus\/#breadcrumb","itemListElement":[{"@type":"ListItem","position":1,"name":"Accueil","item":"https:\/\/www.pressenza.com\/fr\/"},{"@type":"ListItem","position":2,"name":"Croissance \u00e9conomique ou d\u00e9croissance ? Moins signifierait beaucoup plus"}]},{"@type":"WebSite","@id":"https:\/\/www.pressenza.com\/fr\/#website","url":"https:\/\/www.pressenza.com\/fr\/","name":"Pressenza","description":"International Press Agency","publisher":{"@id":"https:\/\/www.pressenza.com\/fr\/#organization"},"potentialAction":[{"@type":"SearchAction","target":{"@type":"EntryPoint","urlTemplate":"https:\/\/www.pressenza.com\/fr\/?s={search_term_string}"},"query-input":{"@type":"PropertyValueSpecification","valueRequired":true,"valueName":"search_term_string"}}],"inLanguage":"fr-FR"},{"@type":"Organization","@id":"https:\/\/www.pressenza.com\/fr\/#organization","name":"Pressenza","url":"https:\/\/www.pressenza.com\/fr\/","logo":{"@type":"ImageObject","inLanguage":"fr-FR","@id":"https:\/\/www.pressenza.com\/fr\/#\/schema\/logo\/image\/","url":"https:\/\/www.pressenza.com\/wp-content\/uploads\/2022\/10\/pressenza_logo_200x200.jpg","contentUrl":"https:\/\/www.pressenza.com\/wp-content\/uploads\/2022\/10\/pressenza_logo_200x200.jpg","width":200,"height":200,"caption":"Pressenza"},"image":{"@id":"https:\/\/www.pressenza.com\/fr\/#\/schema\/logo\/image\/"},"sameAs":["https:\/\/www.facebook.com\/PressenzaItalia","https:\/\/x.com\/PressenzaIPA"]},{"@type":"Person","@id":"https:\/\/www.pressenza.com\/fr\/#\/schema\/person\/dfc27ec10333cb977efdace52115730a","name":"Thomas Schmid","description":"Born in 1960 in England and raised in German-speaking Switzerland, he studied languages and worked in England, France and Italy. He now lives in Montegrino in Northern Italy. He is a member of the Humanist Movement, Fridays for Future and Mountain Wilderness. He is passionate about mountains, specialized in environmental issues and dedicated to the self-production of fruit and vegetables in his spare time. He studies and practices spirituality through nature.","url":"https:\/\/www.pressenza.com\/fr\/author\/thomas-schmid\/"}]}},"place":"Milan, Italie","original_article_url":"","_links":{"self":[{"href":"https:\/\/www.pressenza.com\/fr\/wp-json\/wp\/v2\/posts\/1759753","targetHints":{"allow":["GET"]}}],"collection":[{"href":"https:\/\/www.pressenza.com\/fr\/wp-json\/wp\/v2\/posts"}],"about":[{"href":"https:\/\/www.pressenza.com\/fr\/wp-json\/wp\/v2\/types\/post"}],"author":[{"embeddable":true,"href":"https:\/\/www.pressenza.com\/fr\/wp-json\/wp\/v2\/users\/1717"}],"replies":[{"embeddable":true,"href":"https:\/\/www.pressenza.com\/fr\/wp-json\/wp\/v2\/comments?post=1759753"}],"version-history":[{"count":0,"href":"https:\/\/www.pressenza.com\/fr\/wp-json\/wp\/v2\/posts\/1759753\/revisions"}],"wp:featuredmedia":[{"embeddable":true,"href":"https:\/\/www.pressenza.com\/fr\/wp-json\/wp\/v2\/media\/1759754"}],"wp:attachment":[{"href":"https:\/\/www.pressenza.com\/fr\/wp-json\/wp\/v2\/media?parent=1759753"}],"wp:term":[{"taxonomy":"category","embeddable":true,"href":"https:\/\/www.pressenza.com\/fr\/wp-json\/wp\/v2\/categories?post=1759753"},{"taxonomy":"post_tag","embeddable":true,"href":"https:\/\/www.pressenza.com\/fr\/wp-json\/wp\/v2\/tags?post=1759753"}],"curies":[{"name":"wp","href":"https:\/\/api.w.org\/{rel}","templated":true}]}}