{"id":175866,"date":"2015-04-09T20:52:41","date_gmt":"2015-04-09T19:52:41","guid":{"rendered":"http:\/\/www.pressenza.com\/?p=175866"},"modified":"2015-04-09T20:52:41","modified_gmt":"2015-04-09T19:52:41","slug":"la-vie-apres-la-vie-les-decouvertes-de-raymond-moody","status":"publish","type":"post","link":"https:\/\/www.pressenza.com\/fr\/2015\/04\/la-vie-apres-la-vie-les-decouvertes-de-raymond-moody\/","title":{"rendered":"La vie apr\u00e8s la vie : les d\u00e9couvertes de Raymond Moody"},"content":{"rendered":"<div class=\"bulle30 padMagdesc\"><em>M\u00e9decin et docteur en philosophie, le Dr Raymond Moody est l\u2019un des premiers \u00e0 avoir recueilli des t\u00e9moignages de personnes ayant v\u00e9cu une exp\u00e9rience de mort imminente (EMI). Pr\u00e9curseur dans ce domaine, il publie en 1975 un premier livre \u00ab La vie apr\u00e8s la vie \u00bb dans lequel, il fait part, avec une certaine prudence, de ses premi\u00e8res analyses. Depuis, cet ouvrage est devenu une r\u00e9f\u00e9rence sur l\u2019apr\u00e8s-vie. Extraits.<\/em><\/div>\n<div class=\"bulle30 padMagdesc\">.<\/div>\n<div class=\"bulle30 padMagdesc\">Les r\u00e9percussions de leur exp\u00e9rience sur la conduite de leur vie ont g\u00e9n\u00e9ralement des formes plus calmes, plus subtiles. Beaucoup m\u2019ont assur\u00e9 qu\u2019\u00e0 la suite de ces \u00e9v\u00e8nements leur vie avait gagn\u00e9 en profondeur et en largeur de vues ; ils se sont mis depuis lors \u00e0 r\u00e9fl\u00e9chir et \u00e0 s\u2019interroger davantage sur des probl\u00e8mes philosophiques fondamentaux.<\/div>\n<div class=\"bulle20\" align=\"justify\">\n<em>\u00ab En ce temps, je n\u2019avais pas encore entam\u00e9 mes \u00e9tudes sup\u00e9rieures, j\u2019avais grandi dans une toute petite ville parmi des gens assez \u00e9troits d\u2019esprit, d\u2019ailleurs, je n\u2019\u00e9tais pas tr\u00e8s diff\u00e9rente d\u2019eux. J\u2019\u00e9tais le type de la chipie en plein \u00e2ge ingrat, un rien snob par-dessus le march\u00e9. Mais apr\u00e8s ce qui m\u2019est arriv\u00e9, j\u2019ai commenc\u00e9 \u00e0 avoir envie d\u2019en savoir plus long. Pourtant, \u00e0 cette \u00e9poque, je n\u2019imaginais pas qu\u2019il puisse y avoir des gens ayant des connaissances l\u00e0-dessus ; je n\u2019\u00e9tais jamais sortie de mon petit monde clos. Je n\u2019avais aucune notion de psychologie ni de quoi que ce soit de ce genre. Tout ce que je savais, c\u2019est que, \u00e0 la suite de cette affaire, j\u2019avais brusquement m\u00fbri ; un monde tout nouveau pour moi venait de s\u2019ouvrir, dont je ne savais m\u00eame pas qu\u2019il put exister. Je me r\u00e9p\u00e9tais sans arr\u00eat : \u00ab Il y a donc tant de choses \u00e0 d\u00e9couvrir encore ! \u00bb En d\u2019autres termes, la vie ne se borne pas au cin\u00e9ma du vendredi soir et aux matches de football ; il y a, dans ma propre vie, beaucoup plus que ce que j\u2019en connais moi-m\u00eame. Et j\u2019ai commenc\u00e9 \u00e0 me poser des questions sur les limites de l\u2019humain et de la conscience. Tout un univers inconnu s\u2019offrait \u00e0 mes recherches. \u00bb<\/em><\/p>\n<p>Autre d\u00e9claration : <em>\u00ab Depuis lors, je n\u2019ai plus cess\u00e9 de m\u2019interroger sur ce que j\u2019ai fait de ma vie, sur ce que je vais faire de ma vie. Ma vie pass\u00e9e, je n\u2019ai pas \u00e0 m\u2019en plaindre ; je ne crois pas que le monde me doive grand-chose puisque j\u2019ai vraiment pu faire ce que je voulais, et comme je le voulais, et que je suis toujours en vie, et que je peux encore faire davantage. Mais depuis ma \u00ab mort \u00bb, \u00e0 la suite de mon exp\u00e9rience, j\u2019ai brusquement commenc\u00e9 \u00e0 me demander si ce que j\u2019ai fait, je l\u2019ai fait parce que c\u2019\u00e9tait bien, ou seulement parce que c\u2019\u00e9tait bon pour moi. Auparavant, j\u2019agissais sous le coup d\u2019impulsions ; maintenant je r\u00e9fl\u00e9chis d\u2019abord aux choses, calmement, lentement. Il faut que tout passe d\u2019abord par ma conscience et soit bien dig\u00e9r\u00e9 d\u2019abord. Je m\u2019efforce de faire en sorte que mes actes prennent un sens, et mon \u00e2me et ma conscience ne s\u2019en portent que mieux. J\u2019essaye d\u2019\u00e9viter les pr\u00e9jug\u00e9s, de ne jamais porter de jugements sur les autres. Je cherche \u00e0 faire ce qui est bien, parce que c\u2019est bien et non parce que c\u2019est bon pour moi. Et il me semble que ma compr\u00e9hension des choses s\u2019est infiniment am\u00e9lior\u00e9e. Je ressens tout cela \u00e0 cause de ce qui m\u2019est arriv\u00e9, \u00e0 cause des lieux que j\u2019ai visit\u00e9s et de tout ce que j\u2019y ai vu. \u00bb<\/em><br \/>\nD\u2019autres font \u00e9tat d\u2019un changement d\u2019attitude envers la vie physique qui leur a \u00e9t\u00e9 rendue. Une femme, par exemple, dit tr\u00e8s simplement : <em>\u00ab La vie m\u2019est devenue bien plus pr\u00e9cieuse depuis lors. \u00bb<\/em><\/p>\n<p>Un autre sujet pr\u00e9cise : <em>\u00ab Ce fut une autre b\u00e9n\u00e9diction. Car avant ma crise cardiaque, j\u2019\u00e9tais perp\u00e9tuellement centr\u00e9 sur les projets d\u2019avenir de mes enfants, et obnubil\u00e9 par le pass\u00e9 ; si bien que je me g\u00e2chais toutes les joies du pr\u00e9sent. Maintenant, j\u2019ai compl\u00e8tement chang\u00e9 d\u2019attitude. \u00bb<\/em><br \/>\nCertains attestent que leur exp\u00e9rience a profond\u00e9ment modifi\u00e9 leur mani\u00e8re de concevoir l\u2019importance relative du corps physique par rapport \u00e0 l\u2019esprit. C\u2019est ce qui ressort de fa\u00e7on particuli\u00e8rement significative des expressions utilis\u00e9es par cette femme, qui s\u2019\u00e9tait vue s\u00e9par\u00e9e de son corps tandis qu\u2019elle allait \u00ab mourir \u00bb :<br \/>\n<em>\u00ab A partir de ce moment, j\u2019ai \u00e9t\u00e9 plus consciente de poss\u00e9der un esprit que je ne l\u2019avais \u00e9t\u00e9 d\u2019avoir un corps physique. C\u2019est l\u2019esprit qui est devenu pour moi la partie la plus essentielle de moi-m\u00eame, au lieu de la forme de mon corps. Auparavant toute ma vie, cela avait \u00e9t\u00e9 le contraire : je portais toute mon attention sur mon corps ; quant \u00e0 ce qui se passait dans ma pens\u00e9e, eh bien, cela allait de soi, sans plus. Maintenant, c\u2019est mon esprit qui se situe au centre de mes pr\u00e9occupations, tandis que mon corps a pris la seconde place, celle d\u2019un v\u00e9hicule pour la pens\u00e9e. Je ne me suis plus souci\u00e9e d\u2019avoir ou de ne pas avoir de corps : cela n\u2019a plus pr\u00e9sent\u00e9 d\u2019int\u00e9r\u00eat d\u00e8s lors que, \u00e0 l\u2019\u00e9gard de toutes choses, c\u2019\u00e9tait mon esprit qui importait le plus. \u00bb<\/em><br \/>\nDans un tr\u00e8s petit nombre de cas, certains m\u2019ont affirm\u00e9 qu\u2019\u00e0 la suite de l\u2019exp\u00e9rience il leur semblait avoir acquis, ou simplement remarqu\u00e9 eux-m\u00eames, des facult\u00e9s d\u2019intuition voisines de la m\u00e9diumnit\u00e9.<\/p>\n<p>1. <em>\u00ab A la suite de ces \u00e9v\u00e8nements, j\u2019ai presque eu l\u2019impression d\u2019\u00eatre remplie d\u2019un esprit nouveau. Depuis lors, on m\u2019a souvent fait remarquer que je produisais un effet calmant sur les gens, agissant de fa\u00e7on imm\u00e9diate lorsqu\u2019ils se sentent soucieux. Et je me sens mieux accord\u00e9e avec l\u2019entourage, il me semble que j\u2019arrive \u00e0 deviner les gens beaucoup plus vite qu\u2019avant. \u00bb<\/em><\/p>\n<p>2. <em>\u00ab Un don que je crois avoir re\u00e7u \u00e0 la suite de ma \u00ab mort \u00bb est que j\u2019arrive pleinement \u00e0 deviner les besoins des autres ; souvent, par exemple, quand je me trouve avec d\u2019autres personnes dans l\u2019ascenseur de l\u2019immeuble o\u00f9 je travaille, j\u2019ai presque le sentiment de pouvoir lire leurs pens\u00e9es sur leur visage, je sens qu\u2019ils ont besoin d\u2019aide, et quelle sorte d\u2019aide. Il m\u2019est souvent arriv\u00e9 de parler \u00e0 des gens dans ces conditions, et de les emmener avec moi dans mon bureau avec moi afin de leur proposer mes conseils. \u00bb<\/em><\/p>\n<p>3. <em>\u00ab Depuis mon accident, j\u2019ai souvent l\u2019impression de d\u00e9chiffrer les pens\u00e9es et les vibrations qui \u00e9manent des gens ; je per\u00e7ois aussi leurs ressentiments. J\u2019ai souvent \u00e9t\u00e9 capable de savoir d\u2019avance ce que les gens vont dire avant qu\u2019ils n\u2019ouvrent la bouche. On aura du mal \u00e0 me croire, mais il m\u2019est arriv\u00e9 des choses bizarres, tr\u00e8s bizarres, depuis lors. Un soir, chez des amis, je devinais les pens\u00e9es des invit\u00e9s, et quelques personnes qui \u00e9taient l\u00e0 et qui ne me connaissaient se sont lev\u00e9es pour partir ; elles m\u2019avaient pris pour un sorcier, je leur avais fait peur. Je ne sais pas du tout si c\u2019est quelque chose qui m\u2019a \u00e9t\u00e9 donn\u00e9 pendant que j\u2019\u00e9tais mort, ou si je poss\u00e9dais d\u00e9j\u00e0 ce don sans le savoir et ne m\u2019en \u00e9tais jamais servi jusqu\u2019\u00e0 ces \u00e9v\u00e8nements. \u00bb<\/em><\/p>\n<p>Une unanimit\u00e9 remarquable se manifeste quant aux \u00ab le\u00e7ons \u00bb, si je puis dire, rapport\u00e9es de ces voyages aux abords de la mort. Presque tous les t\u00e9moignages mettent l\u2019accent sur l\u2019importance, en cette vie, de l\u2019amour du prochain, un amour d\u2019une qualit\u00e9 unique et profonde. Un homme, \u00e0 sa rencontre avec l\u2019\u00eatre de lumi\u00e8re, s\u2019est senti totalement aim\u00e9 et accept\u00e9, alors m\u00eame que toute sa vie se d\u00e9roulait en un panorama destin\u00e9 \u00e0 \u00eatre vu de l\u2019entit\u00e9. Il lui semblait que la \u00ab question \u00bb pos\u00e9e par celle-ci \u00e9quivalait \u00e0 lui demander s\u2019il se sentait capable d\u2019aimer les autres avec la m\u00eame intensit\u00e9. Il pense maintenant que sa mission sur terre consiste \u00e0 s\u2019efforcer d\u2019apprendre \u00e0 aimer ainsi.<\/p>\n<p>En outre, bien d\u2019autres insistent sur l\u2019importance de la recherche de la connaissance. Pendant leur exp\u00e9rience, il leur a \u00e9t\u00e9 sugg\u00e9r\u00e9 que l\u2019acquisition de la connaissance se poursuit m\u00eame dans l\u2019apr\u00e8s-vie. Une femme, entre autres, \u00e0 la suite de sa \u00ab mort \u00bb, n\u2019a plus laiss\u00e9 \u00e9chapper la moindre occasion de s\u2019instruire. Un homme transmet ce conseil : <em>\u00ab Quel que soit votre \u00e2ge, continuez \u00e0 apprendre, car c\u2019est, je crois bien, une activit\u00e9 qui ne cesse jamais, m\u00eame dans l\u2019\u00e9ternit\u00e9. \u00bb<\/em><\/div>\n<p><a href=\"http:\/\/www.inrees.com\/livres\/La-vie-apres-la-vie\/\"><img decoding=\"async\" class=\"photoL3\" src=\"http:\/\/medias.inrees.com\/img\/livres\/couv_382.jpg\" alt=\"\" align=\"left\" \/><\/a><em><strong>\u00a0<a href=\"http:\/\/www.inrees.com\/livres\/La-vie-apres-la-vie\/\">La vie apr\u00e8s la vie<\/a><\/strong>, Dr Raymond Moody<br \/>\n\u00c9ditions J&rsquo;ai Lu (Novembre 2003 ; 189 pages) <\/em><\/p>\n<div class=\"clear bulle20\"><\/div>\n<div class=\"clear bulle20\"><\/div>\n<div class=\"clear bulle20\">Source :\u00a0<a href=\"http:\/\/www.inrees.com\/articles\/La-vie-apres-la-vie-les-premieres-analyses-de-Raymond-Moody\/\">http:\/\/www.inrees.com\/articles\/La-vie-apres-la-vie-les-premieres-analyses-de-Raymond-Moody\/<\/a><\/div>\n<div class=\"bonusdivlarge mini gray bulle20\"><\/div>\n","protected":false},"excerpt":{"rendered":"<p>M\u00e9decin et docteur en philosophie, le Dr Raymond Moody est l\u2019un des premiers \u00e0 avoir recueilli des t\u00e9moignages de personnes ayant v\u00e9cu une exp\u00e9rience de mort imminente (EMI). Pr\u00e9curseur dans ce domaine, il publie en 1975 un premier livre \u00ab&hellip;<\/p>\n","protected":false},"author":1142,"featured_media":176111,"comment_status":"closed","ping_status":"open","sticky":false,"template":"","format":"standard","meta":{"footnotes":""},"categories":[1246,163],"tags":[3238,16901,2905],"class_list":["post-175866","post","type-post","status-publish","format-standard","has-post-thumbnail","hentry","category-humanisme-spiritualite","category-opinion-fr","tag-mort","tag-raymond-moody","tag-vie"],"yoast_head":"<!-- This site is optimized with the Yoast SEO plugin v27.1.1 - https:\/\/yoast.com\/product\/yoast-seo-wordpress\/ -->\n<title>La vie apr\u00e8s la vie : les d\u00e9couvertes de Raymond Moody<\/title>\n<meta name=\"description\" content=\"M\u00e9decin et docteur en philosophie, le Dr Raymond Moody est l\u2019un des premiers \u00e0 avoir recueilli des t\u00e9moignages de personnes ayant v\u00e9cu une exp\u00e9rience de\" \/>\n<meta name=\"robots\" content=\"index, follow, max-snippet:-1, max-image-preview:large, max-video-preview:-1\" \/>\n<link rel=\"canonical\" href=\"https:\/\/www.pressenza.com\/fr\/2015\/04\/la-vie-apres-la-vie-les-decouvertes-de-raymond-moody\/\" \/>\n<meta property=\"og:locale\" content=\"fr_FR\" \/>\n<meta property=\"og:type\" content=\"article\" \/>\n<meta property=\"og:title\" content=\"La vie apr\u00e8s la vie : les d\u00e9couvertes de Raymond Moody\" \/>\n<meta property=\"og:description\" content=\"M\u00e9decin et docteur en philosophie, le Dr Raymond Moody est l\u2019un des premiers \u00e0 avoir recueilli des t\u00e9moignages de personnes ayant v\u00e9cu une exp\u00e9rience de\" \/>\n<meta property=\"og:url\" content=\"https:\/\/www.pressenza.com\/fr\/2015\/04\/la-vie-apres-la-vie-les-decouvertes-de-raymond-moody\/\" \/>\n<meta property=\"og:site_name\" content=\"Pressenza\" \/>\n<meta property=\"article:publisher\" content=\"https:\/\/www.facebook.com\/PressenzaItalia\" \/>\n<meta property=\"article:author\" content=\"https:\/\/www.facebook.com\/INREES-135097866516826\/\" \/>\n<meta property=\"article:published_time\" content=\"2015-04-09T19:52:41+00:00\" \/>\n<meta property=\"og:image\" content=\"https:\/\/www.pressenza.com\/wp-content\/uploads\/2015\/04\/La-vie-apr--s-la-vie-les-d--couvertes-de-Raymond-Moody-640px-GuideToTheAfterlife-CustodianForGoddessAmun-AltesMuseum-Berlin.png\" \/>\n\t<meta property=\"og:image:width\" content=\"640\" \/>\n\t<meta property=\"og:image:height\" content=\"134\" \/>\n\t<meta property=\"og:image:type\" content=\"image\/png\" \/>\n<meta name=\"author\" content=\"INREES - Institut de Recherche sur les Exp\u00e9riences Extraordinaires\" \/>\n<meta name=\"twitter:card\" content=\"summary_large_image\" \/>\n<meta name=\"twitter:creator\" content=\"@INREES\" \/>\n<meta name=\"twitter:site\" content=\"@PressenzaIPA\" \/>\n<meta name=\"twitter:label1\" content=\"\u00c9crit par\" \/>\n\t<meta name=\"twitter:data1\" content=\"INREES - Institut de Recherche sur les Exp\u00e9riences Extraordinaires\" \/>\n\t<meta name=\"twitter:label2\" content=\"Dur\u00e9e de lecture estim\u00e9e\" \/>\n\t<meta name=\"twitter:data2\" content=\"8 minutes\" \/>\n<script type=\"application\/ld+json\" class=\"yoast-schema-graph\">{\"@context\":\"https:\/\/schema.org\",\"@graph\":[{\"@type\":\"Article\",\"@id\":\"https:\/\/www.pressenza.com\/fr\/2015\/04\/la-vie-apres-la-vie-les-decouvertes-de-raymond-moody\/#article\",\"isPartOf\":{\"@id\":\"https:\/\/www.pressenza.com\/fr\/2015\/04\/la-vie-apres-la-vie-les-decouvertes-de-raymond-moody\/\"},\"author\":{\"name\":\"INREES - Institut de Recherche sur les Exp\u00e9riences Extraordinaires\",\"@id\":\"https:\/\/www.pressenza.com\/fr\/#\/schema\/person\/ed412555e0d02523a5d1502d2a3d47d6\"},\"headline\":\"La vie apr\u00e8s la vie : les d\u00e9couvertes de Raymond Moody\",\"datePublished\":\"2015-04-09T19:52:41+00:00\",\"mainEntityOfPage\":{\"@id\":\"https:\/\/www.pressenza.com\/fr\/2015\/04\/la-vie-apres-la-vie-les-decouvertes-de-raymond-moody\/\"},\"wordCount\":1571,\"publisher\":{\"@id\":\"https:\/\/www.pressenza.com\/fr\/#organization\"},\"image\":{\"@id\":\"https:\/\/www.pressenza.com\/fr\/2015\/04\/la-vie-apres-la-vie-les-decouvertes-de-raymond-moody\/#primaryimage\"},\"thumbnailUrl\":\"https:\/\/www.pressenza.com\/wp-content\/uploads\/2015\/04\/La-vie-apr--s-la-vie-les-d--couvertes-de-Raymond-Moody-640px-GuideToTheAfterlife-CustodianForGoddessAmun-AltesMuseum-Berlin.png\",\"keywords\":[\"mort\",\"Raymond Moody\",\"vie\"],\"articleSection\":[\"Humanisme et Spiritualit\u00e9\",\"Opinion\"],\"inLanguage\":\"fr-FR\"},{\"@type\":\"WebPage\",\"@id\":\"https:\/\/www.pressenza.com\/fr\/2015\/04\/la-vie-apres-la-vie-les-decouvertes-de-raymond-moody\/\",\"url\":\"https:\/\/www.pressenza.com\/fr\/2015\/04\/la-vie-apres-la-vie-les-decouvertes-de-raymond-moody\/\",\"name\":\"La vie apr\u00e8s la vie : les d\u00e9couvertes de Raymond Moody\",\"isPartOf\":{\"@id\":\"https:\/\/www.pressenza.com\/fr\/#website\"},\"primaryImageOfPage\":{\"@id\":\"https:\/\/www.pressenza.com\/fr\/2015\/04\/la-vie-apres-la-vie-les-decouvertes-de-raymond-moody\/#primaryimage\"},\"image\":{\"@id\":\"https:\/\/www.pressenza.com\/fr\/2015\/04\/la-vie-apres-la-vie-les-decouvertes-de-raymond-moody\/#primaryimage\"},\"thumbnailUrl\":\"https:\/\/www.pressenza.com\/wp-content\/uploads\/2015\/04\/La-vie-apr--s-la-vie-les-d--couvertes-de-Raymond-Moody-640px-GuideToTheAfterlife-CustodianForGoddessAmun-AltesMuseum-Berlin.png\",\"datePublished\":\"2015-04-09T19:52:41+00:00\",\"description\":\"M\u00e9decin et docteur en philosophie, le Dr Raymond Moody est l\u2019un des premiers \u00e0 avoir recueilli des t\u00e9moignages de personnes ayant v\u00e9cu une exp\u00e9rience de\",\"breadcrumb\":{\"@id\":\"https:\/\/www.pressenza.com\/fr\/2015\/04\/la-vie-apres-la-vie-les-decouvertes-de-raymond-moody\/#breadcrumb\"},\"inLanguage\":\"fr-FR\",\"potentialAction\":[{\"@type\":\"ReadAction\",\"target\":[\"https:\/\/www.pressenza.com\/fr\/2015\/04\/la-vie-apres-la-vie-les-decouvertes-de-raymond-moody\/\"]}]},{\"@type\":\"ImageObject\",\"inLanguage\":\"fr-FR\",\"@id\":\"https:\/\/www.pressenza.com\/fr\/2015\/04\/la-vie-apres-la-vie-les-decouvertes-de-raymond-moody\/#primaryimage\",\"url\":\"https:\/\/www.pressenza.com\/wp-content\/uploads\/2015\/04\/La-vie-apr--s-la-vie-les-d--couvertes-de-Raymond-Moody-640px-GuideToTheAfterlife-CustodianForGoddessAmun-AltesMuseum-Berlin.png\",\"contentUrl\":\"https:\/\/www.pressenza.com\/wp-content\/uploads\/2015\/04\/La-vie-apr--s-la-vie-les-d--couvertes-de-Raymond-Moody-640px-GuideToTheAfterlife-CustodianForGoddessAmun-AltesMuseum-Berlin.png\",\"width\":640,\"height\":134},{\"@type\":\"BreadcrumbList\",\"@id\":\"https:\/\/www.pressenza.com\/fr\/2015\/04\/la-vie-apres-la-vie-les-decouvertes-de-raymond-moody\/#breadcrumb\",\"itemListElement\":[{\"@type\":\"ListItem\",\"position\":1,\"name\":\"Accueil\",\"item\":\"https:\/\/www.pressenza.com\/fr\/\"},{\"@type\":\"ListItem\",\"position\":2,\"name\":\"La vie apr\u00e8s la vie : les d\u00e9couvertes de Raymond Moody\"}]},{\"@type\":\"WebSite\",\"@id\":\"https:\/\/www.pressenza.com\/fr\/#website\",\"url\":\"https:\/\/www.pressenza.com\/fr\/\",\"name\":\"Pressenza\",\"description\":\"International Press Agency\",\"publisher\":{\"@id\":\"https:\/\/www.pressenza.com\/fr\/#organization\"},\"potentialAction\":[{\"@type\":\"SearchAction\",\"target\":{\"@type\":\"EntryPoint\",\"urlTemplate\":\"https:\/\/www.pressenza.com\/fr\/?s={search_term_string}\"},\"query-input\":{\"@type\":\"PropertyValueSpecification\",\"valueRequired\":true,\"valueName\":\"search_term_string\"}}],\"inLanguage\":\"fr-FR\"},{\"@type\":\"Organization\",\"@id\":\"https:\/\/www.pressenza.com\/fr\/#organization\",\"name\":\"Pressenza\",\"url\":\"https:\/\/www.pressenza.com\/fr\/\",\"logo\":{\"@type\":\"ImageObject\",\"inLanguage\":\"fr-FR\",\"@id\":\"https:\/\/www.pressenza.com\/fr\/#\/schema\/logo\/image\/\",\"url\":\"https:\/\/www.pressenza.com\/wp-content\/uploads\/2022\/10\/pressenza_logo_200x200.jpg\",\"contentUrl\":\"https:\/\/www.pressenza.com\/wp-content\/uploads\/2022\/10\/pressenza_logo_200x200.jpg\",\"width\":200,\"height\":200,\"caption\":\"Pressenza\"},\"image\":{\"@id\":\"https:\/\/www.pressenza.com\/fr\/#\/schema\/logo\/image\/\"},\"sameAs\":[\"https:\/\/www.facebook.com\/PressenzaItalia\",\"https:\/\/x.com\/PressenzaIPA\"]},{\"@type\":\"Person\",\"@id\":\"https:\/\/www.pressenza.com\/fr\/#\/schema\/person\/ed412555e0d02523a5d1502d2a3d47d6\",\"name\":\"INREES - Institut de Recherche sur les Exp\u00e9riences Extraordinaires\",\"description\":\"L\u2019INREES - Institut de Recherche sur les Exp\u00e9riences Extraordinaires - est n\u00e9 du constat suivant : il est possible de s\u2019int\u00e9resser \u00e0 ces exp\u00e9riences que nous n\u2019arrivons pas \u00e0 expliquer et que nous qualifions d\u2019extraordinaires, voir de \u00ab surnaturelles \u00bb, tout en conservant les deux pieds sur terre. Pour cela l\u2019INREES s\u2019appuie sur un questionnement scientifique rigoureux tout en gardant \u00e0 l\u2019esprit, comme le soulignent d\u2019ailleurs les scientifiques eux-m\u00eames, que les connaissances que nous poss\u00e9dons sur la nature de la r\u00e9alit\u00e9 sont limit\u00e9es. www.inrees.com\",\"sameAs\":[\"https:\/\/www.inrees.com\/\",\"https:\/\/www.facebook.com\/INREES-135097866516826\/\",\"https:\/\/x.com\/INREES\"],\"url\":\"https:\/\/www.pressenza.com\/fr\/author\/inrees\/\"}]}<\/script>\n<!-- \/ Yoast SEO plugin. -->","yoast_head_json":{"title":"La vie apr\u00e8s la vie : les d\u00e9couvertes de Raymond Moody","description":"M\u00e9decin et docteur en philosophie, le Dr Raymond Moody est l\u2019un des premiers \u00e0 avoir recueilli des t\u00e9moignages de personnes ayant v\u00e9cu une exp\u00e9rience de","robots":{"index":"index","follow":"follow","max-snippet":"max-snippet:-1","max-image-preview":"max-image-preview:large","max-video-preview":"max-video-preview:-1"},"canonical":"https:\/\/www.pressenza.com\/fr\/2015\/04\/la-vie-apres-la-vie-les-decouvertes-de-raymond-moody\/","og_locale":"fr_FR","og_type":"article","og_title":"La vie apr\u00e8s la vie : les d\u00e9couvertes de Raymond Moody","og_description":"M\u00e9decin et docteur en philosophie, le Dr Raymond Moody est l\u2019un des premiers \u00e0 avoir recueilli des t\u00e9moignages de personnes ayant v\u00e9cu une exp\u00e9rience de","og_url":"https:\/\/www.pressenza.com\/fr\/2015\/04\/la-vie-apres-la-vie-les-decouvertes-de-raymond-moody\/","og_site_name":"Pressenza","article_publisher":"https:\/\/www.facebook.com\/PressenzaItalia","article_author":"https:\/\/www.facebook.com\/INREES-135097866516826\/","article_published_time":"2015-04-09T19:52:41+00:00","og_image":[{"width":640,"height":134,"url":"https:\/\/www.pressenza.com\/wp-content\/uploads\/2015\/04\/La-vie-apr--s-la-vie-les-d--couvertes-de-Raymond-Moody-640px-GuideToTheAfterlife-CustodianForGoddessAmun-AltesMuseum-Berlin.png","type":"image\/png"}],"author":"INREES - Institut de Recherche sur les Exp\u00e9riences Extraordinaires","twitter_card":"summary_large_image","twitter_creator":"@INREES","twitter_site":"@PressenzaIPA","twitter_misc":{"\u00c9crit par":"INREES - Institut de Recherche sur les Exp\u00e9riences Extraordinaires","Dur\u00e9e de lecture estim\u00e9e":"8 minutes"},"schema":{"@context":"https:\/\/schema.org","@graph":[{"@type":"Article","@id":"https:\/\/www.pressenza.com\/fr\/2015\/04\/la-vie-apres-la-vie-les-decouvertes-de-raymond-moody\/#article","isPartOf":{"@id":"https:\/\/www.pressenza.com\/fr\/2015\/04\/la-vie-apres-la-vie-les-decouvertes-de-raymond-moody\/"},"author":{"name":"INREES - Institut de Recherche sur les Exp\u00e9riences Extraordinaires","@id":"https:\/\/www.pressenza.com\/fr\/#\/schema\/person\/ed412555e0d02523a5d1502d2a3d47d6"},"headline":"La vie apr\u00e8s la vie : les d\u00e9couvertes de Raymond Moody","datePublished":"2015-04-09T19:52:41+00:00","mainEntityOfPage":{"@id":"https:\/\/www.pressenza.com\/fr\/2015\/04\/la-vie-apres-la-vie-les-decouvertes-de-raymond-moody\/"},"wordCount":1571,"publisher":{"@id":"https:\/\/www.pressenza.com\/fr\/#organization"},"image":{"@id":"https:\/\/www.pressenza.com\/fr\/2015\/04\/la-vie-apres-la-vie-les-decouvertes-de-raymond-moody\/#primaryimage"},"thumbnailUrl":"https:\/\/www.pressenza.com\/wp-content\/uploads\/2015\/04\/La-vie-apr--s-la-vie-les-d--couvertes-de-Raymond-Moody-640px-GuideToTheAfterlife-CustodianForGoddessAmun-AltesMuseum-Berlin.png","keywords":["mort","Raymond Moody","vie"],"articleSection":["Humanisme et Spiritualit\u00e9","Opinion"],"inLanguage":"fr-FR"},{"@type":"WebPage","@id":"https:\/\/www.pressenza.com\/fr\/2015\/04\/la-vie-apres-la-vie-les-decouvertes-de-raymond-moody\/","url":"https:\/\/www.pressenza.com\/fr\/2015\/04\/la-vie-apres-la-vie-les-decouvertes-de-raymond-moody\/","name":"La vie apr\u00e8s la vie : les d\u00e9couvertes de Raymond Moody","isPartOf":{"@id":"https:\/\/www.pressenza.com\/fr\/#website"},"primaryImageOfPage":{"@id":"https:\/\/www.pressenza.com\/fr\/2015\/04\/la-vie-apres-la-vie-les-decouvertes-de-raymond-moody\/#primaryimage"},"image":{"@id":"https:\/\/www.pressenza.com\/fr\/2015\/04\/la-vie-apres-la-vie-les-decouvertes-de-raymond-moody\/#primaryimage"},"thumbnailUrl":"https:\/\/www.pressenza.com\/wp-content\/uploads\/2015\/04\/La-vie-apr--s-la-vie-les-d--couvertes-de-Raymond-Moody-640px-GuideToTheAfterlife-CustodianForGoddessAmun-AltesMuseum-Berlin.png","datePublished":"2015-04-09T19:52:41+00:00","description":"M\u00e9decin et docteur en philosophie, le Dr Raymond Moody est l\u2019un des premiers \u00e0 avoir recueilli des t\u00e9moignages de personnes ayant v\u00e9cu une exp\u00e9rience de","breadcrumb":{"@id":"https:\/\/www.pressenza.com\/fr\/2015\/04\/la-vie-apres-la-vie-les-decouvertes-de-raymond-moody\/#breadcrumb"},"inLanguage":"fr-FR","potentialAction":[{"@type":"ReadAction","target":["https:\/\/www.pressenza.com\/fr\/2015\/04\/la-vie-apres-la-vie-les-decouvertes-de-raymond-moody\/"]}]},{"@type":"ImageObject","inLanguage":"fr-FR","@id":"https:\/\/www.pressenza.com\/fr\/2015\/04\/la-vie-apres-la-vie-les-decouvertes-de-raymond-moody\/#primaryimage","url":"https:\/\/www.pressenza.com\/wp-content\/uploads\/2015\/04\/La-vie-apr--s-la-vie-les-d--couvertes-de-Raymond-Moody-640px-GuideToTheAfterlife-CustodianForGoddessAmun-AltesMuseum-Berlin.png","contentUrl":"https:\/\/www.pressenza.com\/wp-content\/uploads\/2015\/04\/La-vie-apr--s-la-vie-les-d--couvertes-de-Raymond-Moody-640px-GuideToTheAfterlife-CustodianForGoddessAmun-AltesMuseum-Berlin.png","width":640,"height":134},{"@type":"BreadcrumbList","@id":"https:\/\/www.pressenza.com\/fr\/2015\/04\/la-vie-apres-la-vie-les-decouvertes-de-raymond-moody\/#breadcrumb","itemListElement":[{"@type":"ListItem","position":1,"name":"Accueil","item":"https:\/\/www.pressenza.com\/fr\/"},{"@type":"ListItem","position":2,"name":"La vie apr\u00e8s la vie : les d\u00e9couvertes de Raymond Moody"}]},{"@type":"WebSite","@id":"https:\/\/www.pressenza.com\/fr\/#website","url":"https:\/\/www.pressenza.com\/fr\/","name":"Pressenza","description":"International Press Agency","publisher":{"@id":"https:\/\/www.pressenza.com\/fr\/#organization"},"potentialAction":[{"@type":"SearchAction","target":{"@type":"EntryPoint","urlTemplate":"https:\/\/www.pressenza.com\/fr\/?s={search_term_string}"},"query-input":{"@type":"PropertyValueSpecification","valueRequired":true,"valueName":"search_term_string"}}],"inLanguage":"fr-FR"},{"@type":"Organization","@id":"https:\/\/www.pressenza.com\/fr\/#organization","name":"Pressenza","url":"https:\/\/www.pressenza.com\/fr\/","logo":{"@type":"ImageObject","inLanguage":"fr-FR","@id":"https:\/\/www.pressenza.com\/fr\/#\/schema\/logo\/image\/","url":"https:\/\/www.pressenza.com\/wp-content\/uploads\/2022\/10\/pressenza_logo_200x200.jpg","contentUrl":"https:\/\/www.pressenza.com\/wp-content\/uploads\/2022\/10\/pressenza_logo_200x200.jpg","width":200,"height":200,"caption":"Pressenza"},"image":{"@id":"https:\/\/www.pressenza.com\/fr\/#\/schema\/logo\/image\/"},"sameAs":["https:\/\/www.facebook.com\/PressenzaItalia","https:\/\/x.com\/PressenzaIPA"]},{"@type":"Person","@id":"https:\/\/www.pressenza.com\/fr\/#\/schema\/person\/ed412555e0d02523a5d1502d2a3d47d6","name":"INREES - Institut de Recherche sur les Exp\u00e9riences Extraordinaires","description":"L\u2019INREES - Institut de Recherche sur les Exp\u00e9riences Extraordinaires - est n\u00e9 du constat suivant : il est possible de s\u2019int\u00e9resser \u00e0 ces exp\u00e9riences que nous n\u2019arrivons pas \u00e0 expliquer et que nous qualifions d\u2019extraordinaires, voir de \u00ab surnaturelles \u00bb, tout en conservant les deux pieds sur terre. Pour cela l\u2019INREES s\u2019appuie sur un questionnement scientifique rigoureux tout en gardant \u00e0 l\u2019esprit, comme le soulignent d\u2019ailleurs les scientifiques eux-m\u00eames, que les connaissances que nous poss\u00e9dons sur la nature de la r\u00e9alit\u00e9 sont limit\u00e9es. www.inrees.com","sameAs":["https:\/\/www.inrees.com\/","https:\/\/www.facebook.com\/INREES-135097866516826\/","https:\/\/x.com\/INREES"],"url":"https:\/\/www.pressenza.com\/fr\/author\/inrees\/"}]}},"place":"","original_article_url":"http:\/\/www.inrees.com\/articles\/La-vie-apres-la-vie-les-premieres-analyses-de-Raymond-Moody\/","_links":{"self":[{"href":"https:\/\/www.pressenza.com\/fr\/wp-json\/wp\/v2\/posts\/175866","targetHints":{"allow":["GET"]}}],"collection":[{"href":"https:\/\/www.pressenza.com\/fr\/wp-json\/wp\/v2\/posts"}],"about":[{"href":"https:\/\/www.pressenza.com\/fr\/wp-json\/wp\/v2\/types\/post"}],"author":[{"embeddable":true,"href":"https:\/\/www.pressenza.com\/fr\/wp-json\/wp\/v2\/users\/1142"}],"replies":[{"embeddable":true,"href":"https:\/\/www.pressenza.com\/fr\/wp-json\/wp\/v2\/comments?post=175866"}],"version-history":[{"count":0,"href":"https:\/\/www.pressenza.com\/fr\/wp-json\/wp\/v2\/posts\/175866\/revisions"}],"wp:featuredmedia":[{"embeddable":true,"href":"https:\/\/www.pressenza.com\/fr\/wp-json\/wp\/v2\/media\/176111"}],"wp:attachment":[{"href":"https:\/\/www.pressenza.com\/fr\/wp-json\/wp\/v2\/media?parent=175866"}],"wp:term":[{"taxonomy":"category","embeddable":true,"href":"https:\/\/www.pressenza.com\/fr\/wp-json\/wp\/v2\/categories?post=175866"},{"taxonomy":"post_tag","embeddable":true,"href":"https:\/\/www.pressenza.com\/fr\/wp-json\/wp\/v2\/tags?post=175866"}],"curies":[{"name":"wp","href":"https:\/\/api.w.org\/{rel}","templated":true}]}}