{"id":175721,"date":"2015-04-08T07:08:25","date_gmt":"2015-04-08T06:08:25","guid":{"rendered":"http:\/\/www.pressenza.com\/?p=175721"},"modified":"2015-04-08T07:16:14","modified_gmt":"2015-04-08T06:16:14","slug":"les-humanistes-tcheques-si-on-ne-prend-pas-garde-on-se-retrouvera-au-milieu-dune-zone-de-guerre","status":"publish","type":"post","link":"https:\/\/www.pressenza.com\/fr\/2015\/04\/les-humanistes-tcheques-si-on-ne-prend-pas-garde-on-se-retrouvera-au-milieu-dune-zone-de-guerre\/","title":{"rendered":"Les humanistes tch\u00e8ques\u00a0: Si on ne prend pas garde, on se retrouvera au milieu d\u2019une zone de guerre."},"content":{"rendered":"<p><em>\u00ab\u00a0Des tanks\u00a0? Non merci\u00a0\u00bb<\/em><\/p>\n<p><em>D\u00e9claration du Mouvement Humaniste sur la travers\u00e9e programm\u00e9e du territoire de la R\u00e9publique tch\u00e8que par l\u2019arm\u00e9e am\u00e9ricaine.<\/em><\/p>\n<p>Il y a quelques jours un important convoi de l\u2019arm\u00e9e am\u00e9ricaine a travers\u00e9 la R\u00e9publique tch\u00e8que. Plus d\u2019une centaine de v\u00e9hicules blind\u00e9s et quelques centaines de soldats am\u00e9ricains ont travers\u00e9 notre pays de Bohumin, Nachod et Harrachov pour\u00a0 traverser Prague en direction de Rozvadov. Une telle d\u00e9monstration de force est sans \u00e9quivalent en R\u00e9publique tch\u00e8que.<\/p>\n<p>Cet \u00e9v\u00e8nement survient au moment o\u00f9 le conflit en Ukraine s\u2019intensifie et o\u00f9 la tension entre l\u2019Europe et la Russie ne faiblit justement pas mais s\u2019aggrave. Organiser des op\u00e9rations militaires dans une situation si tendue ne favorise pas l\u2019apaisement de la situation. Cela revient au contraire \u00e0 jeter de l\u2019huile sur le feu.\u00a0 Il est \u00e9vident que si la situation entre les Etats-Unis et la Russie s\u2019intensifie davantage et d\u00e9g\u00e9n\u00e8re en\u00a0 conflit ouvert, nous nous retrouverons au milieu d\u2019une zone de guerre. Quand bien m\u00eame une telle situation serait catastrophique pour nous, elle n\u2019en serait pas moins synonyme de gros profits pour les fabricants d\u2019armes am\u00e9ricains qui se languissent de conflits et de guerres.<\/p>\n<p>Il semble malheureusement que nos repr\u00e9sentants politiques (issus des partis majeurs CSSD et ANO)\u00a0 ne consid\u00e8rent pas une telle menace de mani\u00e8re suffisamment r\u00e9aliste et \u00e9prouvent le besoin de se rapprocher de l\u2019un des camps en opposition. Ils ne se rendent apparemment pas compte que par une telle action ils contribuent \u00e0 attiser le feu, ce qui pourrait nuire au pays et au continent entier dans un futur proche et m\u00eame d\u00e9g\u00e9n\u00e9rer en un autre terrible conflit mondial.<\/p>\n<p>Si nous permettons \u00e0 une arm\u00e9e \u00e9trang\u00e8re de traverser notre territoire, nous perdrons une grande partie de notre ind\u00e9pendance, de notre libert\u00e9 et de notre pouvoir. Nous deviendrons un membre secondaire de la Communaut\u00e9 europ\u00e9enne, en nous impliquant dans les jeux d\u2019armes dangereux des puissances mondiales.<\/p>\n<p>Ce projet aurait d\u00fb \u00eatre stopp\u00e9 avant qu\u2019il ne prenne des proportions encore plus dangereuses. Si nous ne nous exprimons pas maintenant, alors quand le ferons-nous\u00a0?<\/p>\n<p>Ce futur ne sera ni b\u00e9n\u00e9fique pour nous, citoyens tch\u00e8ques, ni pour la nation europ\u00e9enne. Il y a de nombreux moyens de trouver des solutions pacifiques et pas seulement pour le conflit ukrainien. La R\u00e9publique tch\u00e8que a la possibilit\u00e9 de montrer l\u2019exemple et de jouer un r\u00f4le actif dans les efforts faits pour calmer les tensions internationales\u00a0en renon\u00e7ant \u00e0 alimenter celles qui r\u00e9sulteraient de l\u2019implication dans des op\u00e9rations militaires provocantes.<\/p>\n<p>Nous faisons appel \u00e0 vous pour que vous exprimiez votre d\u00e9saccord concernant la pr\u00e9sence de forces \u00e9trang\u00e8res sur notre territoire. Cette fois, ils sont rest\u00e9 pour trois jours, la prochaine fois ce sera peut-\u00eatre pour trois semaines et bient\u00f4t cela pourrait \u00eatre pour toujours\u00a0!<\/p>\n<p>Nous pensons sinc\u00e8rement que toutes les formes de protestations non-violentes font sens, comme cela a \u00e9t\u00e9 d\u00e9montr\u00e9 plusieurs fois dans l\u2019histoire de notre pays (et de bien d\u2019autres).<\/p>\n<p>\u00ab\u00a0 Des tanks\u00a0? Non merci\u00a0\u00bb.<\/p>\n<p>Le Mouvement Humaniste<\/p>\n<p><em>Traduction de l&rsquo;anglais : Alexandra Fran\u00e7ois.<\/em><\/p>\n","protected":false},"excerpt":{"rendered":"<p>\u00ab\u00a0Des tanks\u00a0? Non merci\u00a0\u00bb D\u00e9claration du Mouvement Humaniste sur la travers\u00e9e programm\u00e9e du territoire de la R\u00e9publique tch\u00e8que par l\u2019arm\u00e9e am\u00e9ricaine. Il y a quelques jours un important convoi de l\u2019arm\u00e9e am\u00e9ricaine a travers\u00e9 la R\u00e9publique tch\u00e8que. Plus d\u2019une centaine&hellip;<\/p>\n","protected":false},"author":1014,"featured_media":173526,"comment_status":"closed","ping_status":"open","sticky":false,"template":"","format":"standard","meta":{"footnotes":""},"categories":[151,11386,85,1246,1250],"tags":[4887,1791],"class_list":["post-175721","post","type-post","status-publish","format-standard","has-post-thumbnail","hentry","category-communique-de-presse","category-contenu-original","category-europe-fr","category-humanisme-spiritualite","category-paix-desarmement","tag-mouvement-humaniste","tag-republique-tcheque"],"yoast_head":"<!-- This site is optimized with the Yoast SEO plugin v27.1.1 - https:\/\/yoast.com\/product\/yoast-seo-wordpress\/ -->\n<title>Les humanistes tch\u00e8ques\u00a0: Si on ne prend pas garde, on se retrouvera au milieu d\u2019une zone de guerre.<\/title>\n<meta name=\"description\" content=\"\u00ab\u00a0Des tanks\u00a0? Non merci\u00a0\u00bb D\u00e9claration du Mouvement Humaniste sur la travers\u00e9e programm\u00e9e du territoire de la R\u00e9publique tch\u00e8que par l\u2019arm\u00e9e am\u00e9ricaine. Il\" \/>\n<meta name=\"robots\" content=\"index, follow, max-snippet:-1, max-image-preview:large, max-video-preview:-1\" \/>\n<link rel=\"canonical\" href=\"https:\/\/www.pressenza.com\/fr\/2015\/04\/les-humanistes-tcheques-si-on-ne-prend-pas-garde-on-se-retrouvera-au-milieu-dune-zone-de-guerre\/\" \/>\n<meta property=\"og:locale\" content=\"fr_FR\" \/>\n<meta property=\"og:type\" content=\"article\" \/>\n<meta property=\"og:title\" content=\"Les humanistes tch\u00e8ques\u00a0: Si on ne prend pas garde, on se retrouvera au milieu d\u2019une zone de guerre.\" \/>\n<meta property=\"og:description\" content=\"\u00ab\u00a0Des tanks\u00a0? Non merci\u00a0\u00bb D\u00e9claration du Mouvement Humaniste sur la travers\u00e9e programm\u00e9e du territoire de la R\u00e9publique tch\u00e8que par l\u2019arm\u00e9e am\u00e9ricaine. Il\" \/>\n<meta property=\"og:url\" content=\"https:\/\/www.pressenza.com\/fr\/2015\/04\/les-humanistes-tcheques-si-on-ne-prend-pas-garde-on-se-retrouvera-au-milieu-dune-zone-de-guerre\/\" \/>\n<meta property=\"og:site_name\" content=\"Pressenza\" \/>\n<meta property=\"article:publisher\" content=\"https:\/\/www.facebook.com\/PressenzaItalia\" \/>\n<meta property=\"article:author\" content=\"https:\/\/www.facebook.com\/PressenzaEnglish\/\" \/>\n<meta property=\"article:published_time\" content=\"2015-04-08T06:08:25+00:00\" \/>\n<meta property=\"article:modified_time\" content=\"2015-04-08T06:16:14+00:00\" \/>\n<meta property=\"og:image\" content=\"https:\/\/www.pressenza.com\/wp-content\/uploads\/2015\/03\/tanksnothanks.jpg\" \/>\n\t<meta property=\"og:image:width\" content=\"1800\" \/>\n\t<meta property=\"og:image:height\" content=\"940\" \/>\n\t<meta property=\"og:image:type\" content=\"image\/jpeg\" \/>\n<meta name=\"author\" content=\"Pressenza Budapest\" \/>\n<meta name=\"twitter:card\" content=\"summary_large_image\" \/>\n<meta name=\"twitter:creator\" content=\"@PressenzaIPA\" \/>\n<meta name=\"twitter:site\" content=\"@PressenzaIPA\" \/>\n<meta name=\"twitter:label1\" content=\"\u00c9crit par\" \/>\n\t<meta name=\"twitter:data1\" content=\"Pressenza Budapest\" \/>\n\t<meta name=\"twitter:label2\" content=\"Dur\u00e9e de lecture estim\u00e9e\" \/>\n\t<meta name=\"twitter:data2\" content=\"3 minutes\" \/>\n<script type=\"application\/ld+json\" class=\"yoast-schema-graph\">{\"@context\":\"https:\/\/schema.org\",\"@graph\":[{\"@type\":\"Article\",\"@id\":\"https:\/\/www.pressenza.com\/fr\/2015\/04\/les-humanistes-tcheques-si-on-ne-prend-pas-garde-on-se-retrouvera-au-milieu-dune-zone-de-guerre\/#article\",\"isPartOf\":{\"@id\":\"https:\/\/www.pressenza.com\/fr\/2015\/04\/les-humanistes-tcheques-si-on-ne-prend-pas-garde-on-se-retrouvera-au-milieu-dune-zone-de-guerre\/\"},\"author\":{\"name\":\"Pressenza Budapest\",\"@id\":\"https:\/\/www.pressenza.com\/fr\/#\/schema\/person\/bce749c92532068a7a2de4f8a4a182e0\"},\"headline\":\"Les humanistes tch\u00e8ques\u00a0: Si on ne prend pas garde, on se retrouvera au milieu d\u2019une zone de guerre.\",\"datePublished\":\"2015-04-08T06:08:25+00:00\",\"dateModified\":\"2015-04-08T06:16:14+00:00\",\"mainEntityOfPage\":{\"@id\":\"https:\/\/www.pressenza.com\/fr\/2015\/04\/les-humanistes-tcheques-si-on-ne-prend-pas-garde-on-se-retrouvera-au-milieu-dune-zone-de-guerre\/\"},\"wordCount\":584,\"publisher\":{\"@id\":\"https:\/\/www.pressenza.com\/fr\/#organization\"},\"image\":{\"@id\":\"https:\/\/www.pressenza.com\/fr\/2015\/04\/les-humanistes-tcheques-si-on-ne-prend-pas-garde-on-se-retrouvera-au-milieu-dune-zone-de-guerre\/#primaryimage\"},\"thumbnailUrl\":\"https:\/\/www.pressenza.com\/wp-content\/uploads\/2015\/03\/tanksnothanks.jpg\",\"keywords\":[\"Mouvement humaniste\",\"R\u00e9publique Tcheque\"],\"articleSection\":[\"Communiqu\u00e9s de Presse\",\"Contenu Original\",\"Europe\",\"Humanisme et Spiritualit\u00e9\",\"Paix et D\u00e9sarmement\"],\"inLanguage\":\"fr-FR\"},{\"@type\":\"WebPage\",\"@id\":\"https:\/\/www.pressenza.com\/fr\/2015\/04\/les-humanistes-tcheques-si-on-ne-prend-pas-garde-on-se-retrouvera-au-milieu-dune-zone-de-guerre\/\",\"url\":\"https:\/\/www.pressenza.com\/fr\/2015\/04\/les-humanistes-tcheques-si-on-ne-prend-pas-garde-on-se-retrouvera-au-milieu-dune-zone-de-guerre\/\",\"name\":\"Les humanistes tch\u00e8ques\u00a0: Si on ne prend pas garde, on se retrouvera au milieu d\u2019une zone de guerre.\",\"isPartOf\":{\"@id\":\"https:\/\/www.pressenza.com\/fr\/#website\"},\"primaryImageOfPage\":{\"@id\":\"https:\/\/www.pressenza.com\/fr\/2015\/04\/les-humanistes-tcheques-si-on-ne-prend-pas-garde-on-se-retrouvera-au-milieu-dune-zone-de-guerre\/#primaryimage\"},\"image\":{\"@id\":\"https:\/\/www.pressenza.com\/fr\/2015\/04\/les-humanistes-tcheques-si-on-ne-prend-pas-garde-on-se-retrouvera-au-milieu-dune-zone-de-guerre\/#primaryimage\"},\"thumbnailUrl\":\"https:\/\/www.pressenza.com\/wp-content\/uploads\/2015\/03\/tanksnothanks.jpg\",\"datePublished\":\"2015-04-08T06:08:25+00:00\",\"dateModified\":\"2015-04-08T06:16:14+00:00\",\"description\":\"\u00ab\u00a0Des tanks\u00a0? Non merci\u00a0\u00bb D\u00e9claration du Mouvement Humaniste sur la travers\u00e9e programm\u00e9e du territoire de la R\u00e9publique tch\u00e8que par l\u2019arm\u00e9e am\u00e9ricaine. Il\",\"breadcrumb\":{\"@id\":\"https:\/\/www.pressenza.com\/fr\/2015\/04\/les-humanistes-tcheques-si-on-ne-prend-pas-garde-on-se-retrouvera-au-milieu-dune-zone-de-guerre\/#breadcrumb\"},\"inLanguage\":\"fr-FR\",\"potentialAction\":[{\"@type\":\"ReadAction\",\"target\":[\"https:\/\/www.pressenza.com\/fr\/2015\/04\/les-humanistes-tcheques-si-on-ne-prend-pas-garde-on-se-retrouvera-au-milieu-dune-zone-de-guerre\/\"]}]},{\"@type\":\"ImageObject\",\"inLanguage\":\"fr-FR\",\"@id\":\"https:\/\/www.pressenza.com\/fr\/2015\/04\/les-humanistes-tcheques-si-on-ne-prend-pas-garde-on-se-retrouvera-au-milieu-dune-zone-de-guerre\/#primaryimage\",\"url\":\"https:\/\/www.pressenza.com\/wp-content\/uploads\/2015\/03\/tanksnothanks.jpg\",\"contentUrl\":\"https:\/\/www.pressenza.com\/wp-content\/uploads\/2015\/03\/tanksnothanks.jpg\",\"width\":1800,\"height\":940},{\"@type\":\"BreadcrumbList\",\"@id\":\"https:\/\/www.pressenza.com\/fr\/2015\/04\/les-humanistes-tcheques-si-on-ne-prend-pas-garde-on-se-retrouvera-au-milieu-dune-zone-de-guerre\/#breadcrumb\",\"itemListElement\":[{\"@type\":\"ListItem\",\"position\":1,\"name\":\"Accueil\",\"item\":\"https:\/\/www.pressenza.com\/fr\/\"},{\"@type\":\"ListItem\",\"position\":2,\"name\":\"Les humanistes tch\u00e8ques\u00a0: Si on ne prend pas garde, on se retrouvera au milieu d\u2019une zone de guerre.\"}]},{\"@type\":\"WebSite\",\"@id\":\"https:\/\/www.pressenza.com\/fr\/#website\",\"url\":\"https:\/\/www.pressenza.com\/fr\/\",\"name\":\"Pressenza\",\"description\":\"International Press Agency\",\"publisher\":{\"@id\":\"https:\/\/www.pressenza.com\/fr\/#organization\"},\"potentialAction\":[{\"@type\":\"SearchAction\",\"target\":{\"@type\":\"EntryPoint\",\"urlTemplate\":\"https:\/\/www.pressenza.com\/fr\/?s={search_term_string}\"},\"query-input\":{\"@type\":\"PropertyValueSpecification\",\"valueRequired\":true,\"valueName\":\"search_term_string\"}}],\"inLanguage\":\"fr-FR\"},{\"@type\":\"Organization\",\"@id\":\"https:\/\/www.pressenza.com\/fr\/#organization\",\"name\":\"Pressenza\",\"url\":\"https:\/\/www.pressenza.com\/fr\/\",\"logo\":{\"@type\":\"ImageObject\",\"inLanguage\":\"fr-FR\",\"@id\":\"https:\/\/www.pressenza.com\/fr\/#\/schema\/logo\/image\/\",\"url\":\"https:\/\/www.pressenza.com\/wp-content\/uploads\/2022\/10\/pressenza_logo_200x200.jpg\",\"contentUrl\":\"https:\/\/www.pressenza.com\/wp-content\/uploads\/2022\/10\/pressenza_logo_200x200.jpg\",\"width\":200,\"height\":200,\"caption\":\"Pressenza\"},\"image\":{\"@id\":\"https:\/\/www.pressenza.com\/fr\/#\/schema\/logo\/image\/\"},\"sameAs\":[\"https:\/\/www.facebook.com\/PressenzaItalia\",\"https:\/\/x.com\/PressenzaIPA\"]},{\"@type\":\"Person\",\"@id\":\"https:\/\/www.pressenza.com\/fr\/#\/schema\/person\/bce749c92532068a7a2de4f8a4a182e0\",\"name\":\"Pressenza Budapest\",\"description\":\"News published by the Pressenza Bureau in Budapest, Hungary\",\"sameAs\":[\"https:\/\/www.facebook.com\/PressenzaEnglish\/\",\"https:\/\/x.com\/PressenzaIPA\"],\"url\":\"https:\/\/www.pressenza.com\/fr\/author\/pressenza-budapest\/\"}]}<\/script>\n<!-- \/ Yoast SEO plugin. -->","yoast_head_json":{"title":"Les humanistes tch\u00e8ques\u00a0: Si on ne prend pas garde, on se retrouvera au milieu d\u2019une zone de guerre.","description":"\u00ab\u00a0Des tanks\u00a0? Non merci\u00a0\u00bb D\u00e9claration du Mouvement Humaniste sur la travers\u00e9e programm\u00e9e du territoire de la R\u00e9publique tch\u00e8que par l\u2019arm\u00e9e am\u00e9ricaine. Il","robots":{"index":"index","follow":"follow","max-snippet":"max-snippet:-1","max-image-preview":"max-image-preview:large","max-video-preview":"max-video-preview:-1"},"canonical":"https:\/\/www.pressenza.com\/fr\/2015\/04\/les-humanistes-tcheques-si-on-ne-prend-pas-garde-on-se-retrouvera-au-milieu-dune-zone-de-guerre\/","og_locale":"fr_FR","og_type":"article","og_title":"Les humanistes tch\u00e8ques\u00a0: Si on ne prend pas garde, on se retrouvera au milieu d\u2019une zone de guerre.","og_description":"\u00ab\u00a0Des tanks\u00a0? Non merci\u00a0\u00bb D\u00e9claration du Mouvement Humaniste sur la travers\u00e9e programm\u00e9e du territoire de la R\u00e9publique tch\u00e8que par l\u2019arm\u00e9e am\u00e9ricaine. Il","og_url":"https:\/\/www.pressenza.com\/fr\/2015\/04\/les-humanistes-tcheques-si-on-ne-prend-pas-garde-on-se-retrouvera-au-milieu-dune-zone-de-guerre\/","og_site_name":"Pressenza","article_publisher":"https:\/\/www.facebook.com\/PressenzaItalia","article_author":"https:\/\/www.facebook.com\/PressenzaEnglish\/","article_published_time":"2015-04-08T06:08:25+00:00","article_modified_time":"2015-04-08T06:16:14+00:00","og_image":[{"width":1800,"height":940,"url":"https:\/\/www.pressenza.com\/wp-content\/uploads\/2015\/03\/tanksnothanks.jpg","type":"image\/jpeg"}],"author":"Pressenza Budapest","twitter_card":"summary_large_image","twitter_creator":"@PressenzaIPA","twitter_site":"@PressenzaIPA","twitter_misc":{"\u00c9crit par":"Pressenza Budapest","Dur\u00e9e de lecture estim\u00e9e":"3 minutes"},"schema":{"@context":"https:\/\/schema.org","@graph":[{"@type":"Article","@id":"https:\/\/www.pressenza.com\/fr\/2015\/04\/les-humanistes-tcheques-si-on-ne-prend-pas-garde-on-se-retrouvera-au-milieu-dune-zone-de-guerre\/#article","isPartOf":{"@id":"https:\/\/www.pressenza.com\/fr\/2015\/04\/les-humanistes-tcheques-si-on-ne-prend-pas-garde-on-se-retrouvera-au-milieu-dune-zone-de-guerre\/"},"author":{"name":"Pressenza Budapest","@id":"https:\/\/www.pressenza.com\/fr\/#\/schema\/person\/bce749c92532068a7a2de4f8a4a182e0"},"headline":"Les humanistes tch\u00e8ques\u00a0: Si on ne prend pas garde, on se retrouvera au milieu d\u2019une zone de guerre.","datePublished":"2015-04-08T06:08:25+00:00","dateModified":"2015-04-08T06:16:14+00:00","mainEntityOfPage":{"@id":"https:\/\/www.pressenza.com\/fr\/2015\/04\/les-humanistes-tcheques-si-on-ne-prend-pas-garde-on-se-retrouvera-au-milieu-dune-zone-de-guerre\/"},"wordCount":584,"publisher":{"@id":"https:\/\/www.pressenza.com\/fr\/#organization"},"image":{"@id":"https:\/\/www.pressenza.com\/fr\/2015\/04\/les-humanistes-tcheques-si-on-ne-prend-pas-garde-on-se-retrouvera-au-milieu-dune-zone-de-guerre\/#primaryimage"},"thumbnailUrl":"https:\/\/www.pressenza.com\/wp-content\/uploads\/2015\/03\/tanksnothanks.jpg","keywords":["Mouvement humaniste","R\u00e9publique Tcheque"],"articleSection":["Communiqu\u00e9s de Presse","Contenu Original","Europe","Humanisme et Spiritualit\u00e9","Paix et D\u00e9sarmement"],"inLanguage":"fr-FR"},{"@type":"WebPage","@id":"https:\/\/www.pressenza.com\/fr\/2015\/04\/les-humanistes-tcheques-si-on-ne-prend-pas-garde-on-se-retrouvera-au-milieu-dune-zone-de-guerre\/","url":"https:\/\/www.pressenza.com\/fr\/2015\/04\/les-humanistes-tcheques-si-on-ne-prend-pas-garde-on-se-retrouvera-au-milieu-dune-zone-de-guerre\/","name":"Les humanistes tch\u00e8ques\u00a0: Si on ne prend pas garde, on se retrouvera au milieu d\u2019une zone de guerre.","isPartOf":{"@id":"https:\/\/www.pressenza.com\/fr\/#website"},"primaryImageOfPage":{"@id":"https:\/\/www.pressenza.com\/fr\/2015\/04\/les-humanistes-tcheques-si-on-ne-prend-pas-garde-on-se-retrouvera-au-milieu-dune-zone-de-guerre\/#primaryimage"},"image":{"@id":"https:\/\/www.pressenza.com\/fr\/2015\/04\/les-humanistes-tcheques-si-on-ne-prend-pas-garde-on-se-retrouvera-au-milieu-dune-zone-de-guerre\/#primaryimage"},"thumbnailUrl":"https:\/\/www.pressenza.com\/wp-content\/uploads\/2015\/03\/tanksnothanks.jpg","datePublished":"2015-04-08T06:08:25+00:00","dateModified":"2015-04-08T06:16:14+00:00","description":"\u00ab\u00a0Des tanks\u00a0? Non merci\u00a0\u00bb D\u00e9claration du Mouvement Humaniste sur la travers\u00e9e programm\u00e9e du territoire de la R\u00e9publique tch\u00e8que par l\u2019arm\u00e9e am\u00e9ricaine. Il","breadcrumb":{"@id":"https:\/\/www.pressenza.com\/fr\/2015\/04\/les-humanistes-tcheques-si-on-ne-prend-pas-garde-on-se-retrouvera-au-milieu-dune-zone-de-guerre\/#breadcrumb"},"inLanguage":"fr-FR","potentialAction":[{"@type":"ReadAction","target":["https:\/\/www.pressenza.com\/fr\/2015\/04\/les-humanistes-tcheques-si-on-ne-prend-pas-garde-on-se-retrouvera-au-milieu-dune-zone-de-guerre\/"]}]},{"@type":"ImageObject","inLanguage":"fr-FR","@id":"https:\/\/www.pressenza.com\/fr\/2015\/04\/les-humanistes-tcheques-si-on-ne-prend-pas-garde-on-se-retrouvera-au-milieu-dune-zone-de-guerre\/#primaryimage","url":"https:\/\/www.pressenza.com\/wp-content\/uploads\/2015\/03\/tanksnothanks.jpg","contentUrl":"https:\/\/www.pressenza.com\/wp-content\/uploads\/2015\/03\/tanksnothanks.jpg","width":1800,"height":940},{"@type":"BreadcrumbList","@id":"https:\/\/www.pressenza.com\/fr\/2015\/04\/les-humanistes-tcheques-si-on-ne-prend-pas-garde-on-se-retrouvera-au-milieu-dune-zone-de-guerre\/#breadcrumb","itemListElement":[{"@type":"ListItem","position":1,"name":"Accueil","item":"https:\/\/www.pressenza.com\/fr\/"},{"@type":"ListItem","position":2,"name":"Les humanistes tch\u00e8ques\u00a0: Si on ne prend pas garde, on se retrouvera au milieu d\u2019une zone de guerre."}]},{"@type":"WebSite","@id":"https:\/\/www.pressenza.com\/fr\/#website","url":"https:\/\/www.pressenza.com\/fr\/","name":"Pressenza","description":"International Press Agency","publisher":{"@id":"https:\/\/www.pressenza.com\/fr\/#organization"},"potentialAction":[{"@type":"SearchAction","target":{"@type":"EntryPoint","urlTemplate":"https:\/\/www.pressenza.com\/fr\/?s={search_term_string}"},"query-input":{"@type":"PropertyValueSpecification","valueRequired":true,"valueName":"search_term_string"}}],"inLanguage":"fr-FR"},{"@type":"Organization","@id":"https:\/\/www.pressenza.com\/fr\/#organization","name":"Pressenza","url":"https:\/\/www.pressenza.com\/fr\/","logo":{"@type":"ImageObject","inLanguage":"fr-FR","@id":"https:\/\/www.pressenza.com\/fr\/#\/schema\/logo\/image\/","url":"https:\/\/www.pressenza.com\/wp-content\/uploads\/2022\/10\/pressenza_logo_200x200.jpg","contentUrl":"https:\/\/www.pressenza.com\/wp-content\/uploads\/2022\/10\/pressenza_logo_200x200.jpg","width":200,"height":200,"caption":"Pressenza"},"image":{"@id":"https:\/\/www.pressenza.com\/fr\/#\/schema\/logo\/image\/"},"sameAs":["https:\/\/www.facebook.com\/PressenzaItalia","https:\/\/x.com\/PressenzaIPA"]},{"@type":"Person","@id":"https:\/\/www.pressenza.com\/fr\/#\/schema\/person\/bce749c92532068a7a2de4f8a4a182e0","name":"Pressenza Budapest","description":"News published by the Pressenza Bureau in Budapest, Hungary","sameAs":["https:\/\/www.facebook.com\/PressenzaEnglish\/","https:\/\/x.com\/PressenzaIPA"],"url":"https:\/\/www.pressenza.com\/fr\/author\/pressenza-budapest\/"}]}},"place":"","original_article_url":"","_links":{"self":[{"href":"https:\/\/www.pressenza.com\/fr\/wp-json\/wp\/v2\/posts\/175721","targetHints":{"allow":["GET"]}}],"collection":[{"href":"https:\/\/www.pressenza.com\/fr\/wp-json\/wp\/v2\/posts"}],"about":[{"href":"https:\/\/www.pressenza.com\/fr\/wp-json\/wp\/v2\/types\/post"}],"author":[{"embeddable":true,"href":"https:\/\/www.pressenza.com\/fr\/wp-json\/wp\/v2\/users\/1014"}],"replies":[{"embeddable":true,"href":"https:\/\/www.pressenza.com\/fr\/wp-json\/wp\/v2\/comments?post=175721"}],"version-history":[{"count":0,"href":"https:\/\/www.pressenza.com\/fr\/wp-json\/wp\/v2\/posts\/175721\/revisions"}],"wp:featuredmedia":[{"embeddable":true,"href":"https:\/\/www.pressenza.com\/fr\/wp-json\/wp\/v2\/media\/173526"}],"wp:attachment":[{"href":"https:\/\/www.pressenza.com\/fr\/wp-json\/wp\/v2\/media?parent=175721"}],"wp:term":[{"taxonomy":"category","embeddable":true,"href":"https:\/\/www.pressenza.com\/fr\/wp-json\/wp\/v2\/categories?post=175721"},{"taxonomy":"post_tag","embeddable":true,"href":"https:\/\/www.pressenza.com\/fr\/wp-json\/wp\/v2\/tags?post=175721"}],"curies":[{"name":"wp","href":"https:\/\/api.w.org\/{rel}","templated":true}]}}