{"id":175666,"date":"2015-04-07T23:59:41","date_gmt":"2015-04-07T22:59:41","guid":{"rendered":"http:\/\/www.pressenza.com\/?p=175666"},"modified":"2015-07-19T08:05:20","modified_gmt":"2015-07-19T07:05:20","slug":"grece-un-pays-en-resistance","status":"publish","type":"post","link":"https:\/\/www.pressenza.com\/fr\/2015\/04\/grece-un-pays-en-resistance\/","title":{"rendered":"Gr\u00e8ce&#8230; un pays en R\u00e9sistance\u00a0!"},"content":{"rendered":"<p><img loading=\"lazy\" decoding=\"async\" class=\"alignnone\" src=\"http:\/\/www.pressenza.com\/wp-content\/uploads\/2015\/03\/Discours-d----A.-Tsipras-au-Comit---Central-de-SYRIZA-Drapeau_grec_-_Greek_Flag.jpg\" alt=\"\" width=\"1024\" height=\"680\" \/><\/p>\n<p>Cr\u00e9dits image : Abdallahh de Montr\u00e9al, Canada | Creative Commons.<\/p>\n<p>Un pays qui inqui\u00e8te l&rsquo;h\u00e9g\u00e9monie des puissants de l&rsquo;UE (Union Europ\u00e9enne) et le FMI (Fonds Mon\u00e9taire International) ! La Gr\u00e8ce r\u00e9siste et de ce fait ouvre une porte que les pouvoirs \u00e9conomiques et politiques ne souhaitent pas rendre visible.<\/p>\n<p>Serait-il possible que des politiques \u0153uvrent r\u00e9ellement pour le bien de tous&#8230; ce pour quoi ils ont \u00e9t\u00e9 \u00e9lus ? Serait-il possible que les valeurs humanistes deviennent plus fortes, plus importantes, au centre des d\u00e9cisions face au profit ? Serait-il possible qu&rsquo;il y ait une autre alternative ? Rien que l&rsquo;id\u00e9e fait trembler les politiques et\/donc les financiers du monde entier. Comment cela peut-il \u00eatre possible&#8230; une population qui choisit en conscience ses \u00e9lus et des \u00e9lus qui agissent en cons\u00e9quence\u00a0!<\/p>\n<p>Le monde ferait-il une rotation pour se remettre la t\u00eate en haut et les pieds sur terre\u00a0?<\/p>\n<p>L&rsquo;UE (Union Europ\u00e9enne) des banques, du profit, de l&rsquo;argent comme valeur centrale arrive \u00e0 son terme. Nous sommes \u00e0 la fin d&rsquo;un processus commenc\u00e9 apr\u00e8s la 2\u00e8me guerre mondiale. Comment ne plus revivre la guerre, assurer la paix&#8230; quelle fut la r\u00e9ponse des politiques\u00a0? En 1950, le ministre fran\u00e7ais des Affaires \u00e9trang\u00e8res propose la mise en commun des productions d&rsquo;acier et de charbon de la France et l&rsquo;Allemagne. Un an apr\u00e8s la Communaut\u00e9 europ\u00e9enne du charbon et de l\u2019acier (CECA) est cr\u00e9\u00e9e pour une dur\u00e9e de 50 ans et ratifi\u00e9e par six pays\u00a0: Belgique, France, l\u2019Italie, Luxembourg, Pays-Bas et la R\u00e9publique f\u00e9d\u00e9rale d\u2019Allemagne (RFA). La boucle est boucl\u00e9e, l&rsquo;Union Europ\u00e9enne des int\u00e9r\u00eats financiers est n\u00e9e et n&rsquo;a cess\u00e9 de grandir dans ce sens. Soixante quatre ans apr\u00e8s, o\u00f9 est l&rsquo;UE\u2026 pour qui a\u2011t-elle \u00e9t\u00e9 construite et par qui\u00a0? La r\u00e9ponse semble \u00e9vidente. La guerre a \u00e9t\u00e9 utilis\u00e9e comme justification d&rsquo;un syst\u00e8me mercantile enracinant la supr\u00e9matie de l&rsquo;argent au profit de quelques uns en appauvrissant tous les autres. La France est aujourd&rsquo;hui un des cinq pays au monde qui vend le plus d&rsquo;armes. Est-ce pour maintenir la Paix\u00a0?<\/p>\n<p>La Gr\u00e8ce r\u00e9siste. Ce matin les d\u00e9put\u00e9s grecs ont vot\u00e9 la cr\u00e9ation d&rsquo;une commission d&rsquo;enqu\u00eate sur les origines des plans d&rsquo;aust\u00e9rit\u00e9. Les conditions de l&rsquo;octroi du pr\u00eat auraient-elles \u00e9t\u00e9 abuses et\/ou en d\u00e9saccord avec les droits fondamentaux de la Gr\u00e8ce\u00a0? Cette commission examinera toutes les modalit\u00e9s qui ont amen\u00e9e la Gr\u00e8ce a accept\u00e9 deux plans d&rsquo;aide internationaux d&rsquo;un montant total de 240 milliards d&rsquo;euros. Hier soir, M.Tsipras, Premier ministre grec, a d\u00e9fendu la cr\u00e9ation de cette commission (proposition de son programme \u00e9lectoral) devant le parlement grec. Apr\u00e8s des ann\u00e9es d\u2019opacit\u00e9 politique, le peuple grec a besoin de transparence et de comprendre. Rembourser \u00ab\u00a0oui\u00a0\u00bb mais pas n&rsquo;importe quelle dette.<\/p>\n<p>La Gr\u00e8ce, elle-m\u00eame victime de non remboursement ! Comme l\u2019a annonc\u00e9 le vice-ministre grec des Finances, Dimitris Mardas, la cour des comptes grecque a chiffr\u00e9 la dette allemande \u00e0 278,7 milliards d\u2019euros correspondant aux r\u00e9parations de guerre \u00e0 la suite de l&rsquo;occupation du pays par l&rsquo;arm\u00e9e allemande. En 1946, l\u2019Allemagne a \u00e9t\u00e9 condamn\u00e9e \u00e0 lui verser 7,1 milliards de dollars. \u00c0 part un montant de 115 millions de marks (soit 60 millions d&rsquo;euros) pay\u00e9s en 1961, aucune autre somme n&rsquo;a \u00e9t\u00e9 r\u00e9gl\u00e9e. Pour l&rsquo;Allemagne le dossier du remboursement de sa dette \u00e0 la Gr\u00e8ce est clos, le ministre allemand de l&rsquo;Economie Sigmar Gabriel aurait qualifi\u00e9 ce mardi cette estimation de \u00ab\u00a0stupide\u00a0\u00bb.<\/p>\n<p>Un peu d&rsquo;histoire s&rsquo;impose\u2026 suite aux deux guerres mondiales, l&rsquo;Allemagne \u00e9tait tr\u00e8s endett\u00e9e. En 1953 sous l&rsquo;impulsion des \u00c9tats-Unis, du Royaume Uni et de la France, 62,6\u00a0% de sa dette apr\u00e8s guerre a \u00e9t\u00e9 effac\u00e9e et des mesures incomparables lui ont \u00e9t\u00e9 accord\u00e9es. Beaucoup d&rsquo;argent a \u00e9t\u00e9 <strong>donn\u00e9, oui donn\u00e9<\/strong> \u00e0 l\u2019Allemagne par les \u00c9tats-Unis en 1948, 1952, entre 1954 et 1961. L&rsquo;objectif \u00e9tant d&rsquo;\u00e9viter en autre que l&rsquo;Allemagne se \u00ab\u00a0rapproche\u00a0\u00bb trop du bloc de l&rsquo;Est. Si l&rsquo;Allemagne a pu sortir \u00ab\u00a0la t\u00eate de l&rsquo;eau\u00a0\u00bb et ne pas sombrer, elle le doit \u00e0 une action d&rsquo;ensemble m\u00eame si celle-ci fut uniquement motiv\u00e9e par les int\u00e9r\u00eats politiques et \u00e9conomiques de l&rsquo;\u00e9poque.<\/p>\n<p>L&rsquo;effacement de la dette d&rsquo;un pays en extr\u00eame difficult\u00e9 est possible, comme de prendre des mesures pour r\u00e9ellement le soutenir. Alors pourquoi la Gr\u00e8ce ne b\u00e9n\u00e9ficie pas d&rsquo;une telle aide, d&rsquo;une aide \u00ab\u00a0similaire\u00a0\u00bb obtenue par l&rsquo;Allemagne \u00e0 la sortie de la guerre ? Plus qu&rsquo;une dette&#8230; l&rsquo;enjeu est \u00e9galement politique. Il semblerait que la BCE, le FMI cherche \u00e0 soumettre la souverainet\u00e9 de la Gr\u00e8ce. Un \u00c9tat, un peuple, une population, un pays ne peut d\u00e9stabiliser ni s&rsquo;opposer \u00e0 la puissance de \u00ab\u00a0l&rsquo;argent\u00a0\u00bb\u00a0!<\/p>\n<p>Il est clair que le danger ne vient pas de la Gr\u00e8ce mais plus certainement d&rsquo;un syst\u00e8me qui pr\u00e9f\u00e8re \u00ab\u00a0\u00e9trangler\u00a0\u00bb le futur d&rsquo;un pays, appauvrir un peuple pour des d\u00e9cennies&#8230; un syst\u00e8me qui choisit \u00ab\u00a0l&rsquo;argent\u00a0\u00bb au d\u00e9triment de l&rsquo;Humain\u00a0!<\/p>\n<p>Voir aussi\u00a0: <a href=\"http:\/\/cadtm.org\/Allemagne-Grece-deux-poids-deux\">http:\/\/cadtm.org\/Allemagne-Grece-deux-poids-deux<\/a><\/p>\n","protected":false},"excerpt":{"rendered":"<p>Cr\u00e9dits image : Abdallahh de Montr\u00e9al, Canada | Creative Commons. Un pays qui inqui\u00e8te l&rsquo;h\u00e9g\u00e9monie des puissants de l&rsquo;UE (Union Europ\u00e9enne) et le FMI (Fonds Mon\u00e9taire International) ! La Gr\u00e8ce r\u00e9siste et de ce fait ouvre une porte que les&hellip;<\/p>\n","protected":false},"author":1208,"featured_media":0,"comment_status":"closed","ping_status":"open","sticky":false,"template":"","format":"standard","meta":{"footnotes":""},"categories":[11386,98,100,85,163],"tags":[2853,16809,842,434],"class_list":["post-175666","post","type-post","status-publish","format-standard","hentry","category-contenu-original","category-droits-de-lhomme","category-economie","category-europe-fr","category-opinion-fr","tag-audit","tag-audit-dette-grece","tag-dette","tag-grece"],"yoast_head":"<!-- This site is optimized with the Yoast SEO plugin v27.1.1 - https:\/\/yoast.com\/product\/yoast-seo-wordpress\/ -->\n<title>Gr\u00e8ce... un pays en R\u00e9sistance\u00a0!<\/title>\n<meta name=\"description\" content=\"Cr\u00e9dits image : Abdallahh de Montr\u00e9al, Canada | Creative Commons. Un pays qui inqui\u00e8te l&#039;h\u00e9g\u00e9monie des puissants de l&#039;UE (Union Europ\u00e9enne) et le FMI\" \/>\n<meta name=\"robots\" content=\"index, follow, max-snippet:-1, max-image-preview:large, max-video-preview:-1\" \/>\n<link rel=\"canonical\" href=\"https:\/\/www.pressenza.com\/fr\/2015\/04\/grece-un-pays-en-resistance\/\" \/>\n<meta property=\"og:locale\" content=\"fr_FR\" \/>\n<meta property=\"og:type\" content=\"article\" \/>\n<meta property=\"og:title\" content=\"Gr\u00e8ce... un pays en R\u00e9sistance\u00a0!\" \/>\n<meta property=\"og:description\" content=\"Cr\u00e9dits image : Abdallahh de Montr\u00e9al, Canada | Creative Commons. Un pays qui inqui\u00e8te l&#039;h\u00e9g\u00e9monie des puissants de l&#039;UE (Union Europ\u00e9enne) et le FMI\" \/>\n<meta property=\"og:url\" content=\"https:\/\/www.pressenza.com\/fr\/2015\/04\/grece-un-pays-en-resistance\/\" \/>\n<meta property=\"og:site_name\" content=\"Pressenza\" \/>\n<meta property=\"article:publisher\" content=\"https:\/\/www.facebook.com\/PressenzaItalia\" \/>\n<meta property=\"article:published_time\" content=\"2015-04-07T22:59:41+00:00\" \/>\n<meta property=\"article:modified_time\" content=\"2015-07-19T07:05:20+00:00\" \/>\n<meta property=\"og:image\" content=\"http:\/\/www.pressenza.com\/wp-content\/uploads\/2015\/03\/Discours-d----A.-Tsipras-au-Comit---Central-de-SYRIZA-Drapeau_grec_-_Greek_Flag.jpg\" \/>\n<meta name=\"author\" content=\"Gabrielle Negrel\" \/>\n<meta name=\"twitter:card\" content=\"summary_large_image\" \/>\n<meta name=\"twitter:creator\" content=\"@PressenzaIPA\" \/>\n<meta name=\"twitter:site\" content=\"@PressenzaIPA\" \/>\n<meta name=\"twitter:label1\" content=\"\u00c9crit par\" \/>\n\t<meta name=\"twitter:data1\" content=\"Gabrielle Negrel\" \/>\n\t<meta name=\"twitter:label2\" content=\"Dur\u00e9e de lecture estim\u00e9e\" \/>\n\t<meta name=\"twitter:data2\" content=\"4 minutes\" \/>\n<script type=\"application\/ld+json\" class=\"yoast-schema-graph\">{\"@context\":\"https:\/\/schema.org\",\"@graph\":[{\"@type\":\"Article\",\"@id\":\"https:\/\/www.pressenza.com\/fr\/2015\/04\/grece-un-pays-en-resistance\/#article\",\"isPartOf\":{\"@id\":\"https:\/\/www.pressenza.com\/fr\/2015\/04\/grece-un-pays-en-resistance\/\"},\"author\":{\"name\":\"Gabrielle Negrel\",\"@id\":\"https:\/\/www.pressenza.com\/fr\/#\/schema\/person\/42a4129444c0e03559f6c139cf72f8cf\"},\"headline\":\"Gr\u00e8ce&#8230; un pays en R\u00e9sistance\u00a0!\",\"datePublished\":\"2015-04-07T22:59:41+00:00\",\"dateModified\":\"2015-07-19T07:05:20+00:00\",\"mainEntityOfPage\":{\"@id\":\"https:\/\/www.pressenza.com\/fr\/2015\/04\/grece-un-pays-en-resistance\/\"},\"wordCount\":918,\"publisher\":{\"@id\":\"https:\/\/www.pressenza.com\/fr\/#organization\"},\"image\":{\"@id\":\"https:\/\/www.pressenza.com\/fr\/2015\/04\/grece-un-pays-en-resistance\/#primaryimage\"},\"thumbnailUrl\":\"http:\/\/www.pressenza.com\/wp-content\/uploads\/2015\/03\/Discours-d----A.-Tsipras-au-Comit---Central-de-SYRIZA-Drapeau_grec_-_Greek_Flag.jpg\",\"keywords\":[\"audit\",\"audit dette Gr\u00e8ce\",\"dette\",\"Gr\u00e8ce\"],\"articleSection\":[\"Contenu Original\",\"Droits humains\",\"Economie\",\"Europe\",\"Opinion\"],\"inLanguage\":\"fr-FR\"},{\"@type\":\"WebPage\",\"@id\":\"https:\/\/www.pressenza.com\/fr\/2015\/04\/grece-un-pays-en-resistance\/\",\"url\":\"https:\/\/www.pressenza.com\/fr\/2015\/04\/grece-un-pays-en-resistance\/\",\"name\":\"Gr\u00e8ce... un pays en R\u00e9sistance\u00a0!\",\"isPartOf\":{\"@id\":\"https:\/\/www.pressenza.com\/fr\/#website\"},\"primaryImageOfPage\":{\"@id\":\"https:\/\/www.pressenza.com\/fr\/2015\/04\/grece-un-pays-en-resistance\/#primaryimage\"},\"image\":{\"@id\":\"https:\/\/www.pressenza.com\/fr\/2015\/04\/grece-un-pays-en-resistance\/#primaryimage\"},\"thumbnailUrl\":\"http:\/\/www.pressenza.com\/wp-content\/uploads\/2015\/03\/Discours-d----A.-Tsipras-au-Comit---Central-de-SYRIZA-Drapeau_grec_-_Greek_Flag.jpg\",\"datePublished\":\"2015-04-07T22:59:41+00:00\",\"dateModified\":\"2015-07-19T07:05:20+00:00\",\"description\":\"Cr\u00e9dits image : Abdallahh de Montr\u00e9al, Canada | Creative Commons. Un pays qui inqui\u00e8te l'h\u00e9g\u00e9monie des puissants de l'UE (Union Europ\u00e9enne) et le FMI\",\"breadcrumb\":{\"@id\":\"https:\/\/www.pressenza.com\/fr\/2015\/04\/grece-un-pays-en-resistance\/#breadcrumb\"},\"inLanguage\":\"fr-FR\",\"potentialAction\":[{\"@type\":\"ReadAction\",\"target\":[\"https:\/\/www.pressenza.com\/fr\/2015\/04\/grece-un-pays-en-resistance\/\"]}]},{\"@type\":\"ImageObject\",\"inLanguage\":\"fr-FR\",\"@id\":\"https:\/\/www.pressenza.com\/fr\/2015\/04\/grece-un-pays-en-resistance\/#primaryimage\",\"url\":\"http:\/\/www.pressenza.com\/wp-content\/uploads\/2015\/03\/Discours-d----A.-Tsipras-au-Comit---Central-de-SYRIZA-Drapeau_grec_-_Greek_Flag.jpg\",\"contentUrl\":\"http:\/\/www.pressenza.com\/wp-content\/uploads\/2015\/03\/Discours-d----A.-Tsipras-au-Comit---Central-de-SYRIZA-Drapeau_grec_-_Greek_Flag.jpg\"},{\"@type\":\"BreadcrumbList\",\"@id\":\"https:\/\/www.pressenza.com\/fr\/2015\/04\/grece-un-pays-en-resistance\/#breadcrumb\",\"itemListElement\":[{\"@type\":\"ListItem\",\"position\":1,\"name\":\"Accueil\",\"item\":\"https:\/\/www.pressenza.com\/fr\/\"},{\"@type\":\"ListItem\",\"position\":2,\"name\":\"Gr\u00e8ce&#8230; un pays en R\u00e9sistance\u00a0!\"}]},{\"@type\":\"WebSite\",\"@id\":\"https:\/\/www.pressenza.com\/fr\/#website\",\"url\":\"https:\/\/www.pressenza.com\/fr\/\",\"name\":\"Pressenza\",\"description\":\"International Press Agency\",\"publisher\":{\"@id\":\"https:\/\/www.pressenza.com\/fr\/#organization\"},\"potentialAction\":[{\"@type\":\"SearchAction\",\"target\":{\"@type\":\"EntryPoint\",\"urlTemplate\":\"https:\/\/www.pressenza.com\/fr\/?s={search_term_string}\"},\"query-input\":{\"@type\":\"PropertyValueSpecification\",\"valueRequired\":true,\"valueName\":\"search_term_string\"}}],\"inLanguage\":\"fr-FR\"},{\"@type\":\"Organization\",\"@id\":\"https:\/\/www.pressenza.com\/fr\/#organization\",\"name\":\"Pressenza\",\"url\":\"https:\/\/www.pressenza.com\/fr\/\",\"logo\":{\"@type\":\"ImageObject\",\"inLanguage\":\"fr-FR\",\"@id\":\"https:\/\/www.pressenza.com\/fr\/#\/schema\/logo\/image\/\",\"url\":\"https:\/\/www.pressenza.com\/wp-content\/uploads\/2022\/10\/pressenza_logo_200x200.jpg\",\"contentUrl\":\"https:\/\/www.pressenza.com\/wp-content\/uploads\/2022\/10\/pressenza_logo_200x200.jpg\",\"width\":200,\"height\":200,\"caption\":\"Pressenza\"},\"image\":{\"@id\":\"https:\/\/www.pressenza.com\/fr\/#\/schema\/logo\/image\/\"},\"sameAs\":[\"https:\/\/www.facebook.com\/PressenzaItalia\",\"https:\/\/x.com\/PressenzaIPA\"]},{\"@type\":\"Person\",\"@id\":\"https:\/\/www.pressenza.com\/fr\/#\/schema\/person\/42a4129444c0e03559f6c139cf72f8cf\",\"name\":\"Gabrielle Negrel\",\"description\":\"Activist for nonviolence and human rights, Gabrielle Negrel is a trained assistant nurse and was trade union activist before writing for Pressenza.\",\"url\":\"https:\/\/www.pressenza.com\/fr\/author\/gabrielle-negrel\/\"}]}<\/script>\n<!-- \/ Yoast SEO plugin. -->","yoast_head_json":{"title":"Gr\u00e8ce... un pays en R\u00e9sistance\u00a0!","description":"Cr\u00e9dits image : Abdallahh de Montr\u00e9al, Canada | Creative Commons. Un pays qui inqui\u00e8te l'h\u00e9g\u00e9monie des puissants de l'UE (Union Europ\u00e9enne) et le FMI","robots":{"index":"index","follow":"follow","max-snippet":"max-snippet:-1","max-image-preview":"max-image-preview:large","max-video-preview":"max-video-preview:-1"},"canonical":"https:\/\/www.pressenza.com\/fr\/2015\/04\/grece-un-pays-en-resistance\/","og_locale":"fr_FR","og_type":"article","og_title":"Gr\u00e8ce... un pays en R\u00e9sistance\u00a0!","og_description":"Cr\u00e9dits image : Abdallahh de Montr\u00e9al, Canada | Creative Commons. Un pays qui inqui\u00e8te l'h\u00e9g\u00e9monie des puissants de l'UE (Union Europ\u00e9enne) et le FMI","og_url":"https:\/\/www.pressenza.com\/fr\/2015\/04\/grece-un-pays-en-resistance\/","og_site_name":"Pressenza","article_publisher":"https:\/\/www.facebook.com\/PressenzaItalia","article_published_time":"2015-04-07T22:59:41+00:00","article_modified_time":"2015-07-19T07:05:20+00:00","og_image":[{"url":"http:\/\/www.pressenza.com\/wp-content\/uploads\/2015\/03\/Discours-d----A.-Tsipras-au-Comit---Central-de-SYRIZA-Drapeau_grec_-_Greek_Flag.jpg","type":"","width":"","height":""}],"author":"Gabrielle Negrel","twitter_card":"summary_large_image","twitter_creator":"@PressenzaIPA","twitter_site":"@PressenzaIPA","twitter_misc":{"\u00c9crit par":"Gabrielle Negrel","Dur\u00e9e de lecture estim\u00e9e":"4 minutes"},"schema":{"@context":"https:\/\/schema.org","@graph":[{"@type":"Article","@id":"https:\/\/www.pressenza.com\/fr\/2015\/04\/grece-un-pays-en-resistance\/#article","isPartOf":{"@id":"https:\/\/www.pressenza.com\/fr\/2015\/04\/grece-un-pays-en-resistance\/"},"author":{"name":"Gabrielle Negrel","@id":"https:\/\/www.pressenza.com\/fr\/#\/schema\/person\/42a4129444c0e03559f6c139cf72f8cf"},"headline":"Gr\u00e8ce&#8230; un pays en R\u00e9sistance\u00a0!","datePublished":"2015-04-07T22:59:41+00:00","dateModified":"2015-07-19T07:05:20+00:00","mainEntityOfPage":{"@id":"https:\/\/www.pressenza.com\/fr\/2015\/04\/grece-un-pays-en-resistance\/"},"wordCount":918,"publisher":{"@id":"https:\/\/www.pressenza.com\/fr\/#organization"},"image":{"@id":"https:\/\/www.pressenza.com\/fr\/2015\/04\/grece-un-pays-en-resistance\/#primaryimage"},"thumbnailUrl":"http:\/\/www.pressenza.com\/wp-content\/uploads\/2015\/03\/Discours-d----A.-Tsipras-au-Comit---Central-de-SYRIZA-Drapeau_grec_-_Greek_Flag.jpg","keywords":["audit","audit dette Gr\u00e8ce","dette","Gr\u00e8ce"],"articleSection":["Contenu Original","Droits humains","Economie","Europe","Opinion"],"inLanguage":"fr-FR"},{"@type":"WebPage","@id":"https:\/\/www.pressenza.com\/fr\/2015\/04\/grece-un-pays-en-resistance\/","url":"https:\/\/www.pressenza.com\/fr\/2015\/04\/grece-un-pays-en-resistance\/","name":"Gr\u00e8ce... un pays en R\u00e9sistance\u00a0!","isPartOf":{"@id":"https:\/\/www.pressenza.com\/fr\/#website"},"primaryImageOfPage":{"@id":"https:\/\/www.pressenza.com\/fr\/2015\/04\/grece-un-pays-en-resistance\/#primaryimage"},"image":{"@id":"https:\/\/www.pressenza.com\/fr\/2015\/04\/grece-un-pays-en-resistance\/#primaryimage"},"thumbnailUrl":"http:\/\/www.pressenza.com\/wp-content\/uploads\/2015\/03\/Discours-d----A.-Tsipras-au-Comit---Central-de-SYRIZA-Drapeau_grec_-_Greek_Flag.jpg","datePublished":"2015-04-07T22:59:41+00:00","dateModified":"2015-07-19T07:05:20+00:00","description":"Cr\u00e9dits image : Abdallahh de Montr\u00e9al, Canada | Creative Commons. Un pays qui inqui\u00e8te l'h\u00e9g\u00e9monie des puissants de l'UE (Union Europ\u00e9enne) et le FMI","breadcrumb":{"@id":"https:\/\/www.pressenza.com\/fr\/2015\/04\/grece-un-pays-en-resistance\/#breadcrumb"},"inLanguage":"fr-FR","potentialAction":[{"@type":"ReadAction","target":["https:\/\/www.pressenza.com\/fr\/2015\/04\/grece-un-pays-en-resistance\/"]}]},{"@type":"ImageObject","inLanguage":"fr-FR","@id":"https:\/\/www.pressenza.com\/fr\/2015\/04\/grece-un-pays-en-resistance\/#primaryimage","url":"http:\/\/www.pressenza.com\/wp-content\/uploads\/2015\/03\/Discours-d----A.-Tsipras-au-Comit---Central-de-SYRIZA-Drapeau_grec_-_Greek_Flag.jpg","contentUrl":"http:\/\/www.pressenza.com\/wp-content\/uploads\/2015\/03\/Discours-d----A.-Tsipras-au-Comit---Central-de-SYRIZA-Drapeau_grec_-_Greek_Flag.jpg"},{"@type":"BreadcrumbList","@id":"https:\/\/www.pressenza.com\/fr\/2015\/04\/grece-un-pays-en-resistance\/#breadcrumb","itemListElement":[{"@type":"ListItem","position":1,"name":"Accueil","item":"https:\/\/www.pressenza.com\/fr\/"},{"@type":"ListItem","position":2,"name":"Gr\u00e8ce&#8230; un pays en R\u00e9sistance\u00a0!"}]},{"@type":"WebSite","@id":"https:\/\/www.pressenza.com\/fr\/#website","url":"https:\/\/www.pressenza.com\/fr\/","name":"Pressenza","description":"International Press Agency","publisher":{"@id":"https:\/\/www.pressenza.com\/fr\/#organization"},"potentialAction":[{"@type":"SearchAction","target":{"@type":"EntryPoint","urlTemplate":"https:\/\/www.pressenza.com\/fr\/?s={search_term_string}"},"query-input":{"@type":"PropertyValueSpecification","valueRequired":true,"valueName":"search_term_string"}}],"inLanguage":"fr-FR"},{"@type":"Organization","@id":"https:\/\/www.pressenza.com\/fr\/#organization","name":"Pressenza","url":"https:\/\/www.pressenza.com\/fr\/","logo":{"@type":"ImageObject","inLanguage":"fr-FR","@id":"https:\/\/www.pressenza.com\/fr\/#\/schema\/logo\/image\/","url":"https:\/\/www.pressenza.com\/wp-content\/uploads\/2022\/10\/pressenza_logo_200x200.jpg","contentUrl":"https:\/\/www.pressenza.com\/wp-content\/uploads\/2022\/10\/pressenza_logo_200x200.jpg","width":200,"height":200,"caption":"Pressenza"},"image":{"@id":"https:\/\/www.pressenza.com\/fr\/#\/schema\/logo\/image\/"},"sameAs":["https:\/\/www.facebook.com\/PressenzaItalia","https:\/\/x.com\/PressenzaIPA"]},{"@type":"Person","@id":"https:\/\/www.pressenza.com\/fr\/#\/schema\/person\/42a4129444c0e03559f6c139cf72f8cf","name":"Gabrielle Negrel","description":"Activist for nonviolence and human rights, Gabrielle Negrel is a trained assistant nurse and was trade union activist before writing for Pressenza.","url":"https:\/\/www.pressenza.com\/fr\/author\/gabrielle-negrel\/"}]}},"place":"","original_article_url":"","_links":{"self":[{"href":"https:\/\/www.pressenza.com\/fr\/wp-json\/wp\/v2\/posts\/175666","targetHints":{"allow":["GET"]}}],"collection":[{"href":"https:\/\/www.pressenza.com\/fr\/wp-json\/wp\/v2\/posts"}],"about":[{"href":"https:\/\/www.pressenza.com\/fr\/wp-json\/wp\/v2\/types\/post"}],"author":[{"embeddable":true,"href":"https:\/\/www.pressenza.com\/fr\/wp-json\/wp\/v2\/users\/1208"}],"replies":[{"embeddable":true,"href":"https:\/\/www.pressenza.com\/fr\/wp-json\/wp\/v2\/comments?post=175666"}],"version-history":[{"count":0,"href":"https:\/\/www.pressenza.com\/fr\/wp-json\/wp\/v2\/posts\/175666\/revisions"}],"wp:attachment":[{"href":"https:\/\/www.pressenza.com\/fr\/wp-json\/wp\/v2\/media?parent=175666"}],"wp:term":[{"taxonomy":"category","embeddable":true,"href":"https:\/\/www.pressenza.com\/fr\/wp-json\/wp\/v2\/categories?post=175666"},{"taxonomy":"post_tag","embeddable":true,"href":"https:\/\/www.pressenza.com\/fr\/wp-json\/wp\/v2\/tags?post=175666"}],"curies":[{"name":"wp","href":"https:\/\/api.w.org\/{rel}","templated":true}]}}