{"id":1755932,"date":"2023-08-07T01:33:30","date_gmt":"2023-08-07T00:33:30","guid":{"rendered":"https:\/\/www.pressenza.com\/?p=1755932"},"modified":"2023-08-07T17:54:58","modified_gmt":"2023-08-07T16:54:58","slug":"guterres-lombre-nucleaire-de-la-guerre-froide-est-reapparue","status":"publish","type":"post","link":"https:\/\/www.pressenza.com\/fr\/2023\/08\/guterres-lombre-nucleaire-de-la-guerre-froide-est-reapparue\/","title":{"rendered":"Guterres : l&rsquo;ombre nucl\u00e9aire de la guerre froide est r\u00e9apparue"},"content":{"rendered":"<p>Lors de la comm\u00e9moration du 78e anniversaire du bombardement d&rsquo;Hiroshima, la Secr\u00e9taire g\u00e9n\u00e9rale adjointe Nakamitsu a lu le discours d&rsquo;Ant\u00f3nio Guterres, Secr\u00e9taire g\u00e9n\u00e9ral des Nations unies : \u00ab\u00a0Lors de mes visites \u00e0 Hiroshima, mes rencontres avec les courageux hibakusha &#8211; le visage humain du cataclysme nucl\u00e9aire &#8211; n&rsquo;ont jamais manqu\u00e9 de m&rsquo;\u00e9mouvoir et de m&rsquo;inspirer. Ils sont un puissant symbole de pardon, d&rsquo;espoir et de r\u00e9silience\u00a0\u00bb.<\/p>\n<p>Elle a ensuite rappel\u00e9 : \u00ab\u00a0L&rsquo;ombre nucl\u00e9aire qui planait sur la guerre froide est r\u00e9apparue. Et certains pays agitent \u00e0 nouveau le sabre nucl\u00e9aire de mani\u00e8re imprudente, mena\u00e7ant d&rsquo;utiliser ces instruments d&rsquo;an\u00e9antissement. Face \u00e0 ces menaces, la communaut\u00e9 mondiale doit parler d&rsquo;une seule voix. Tout recours aux armes nucl\u00e9aires est inacceptable et nous ne resterons pas les bras crois\u00e9s alors que les \u00c9tats dot\u00e9s d&rsquo;armes nucl\u00e9aires s&#8217;empressent de cr\u00e9er des armes encore plus dangereuses\u00a0\u00bb.<\/p>\n<p>Les Nations Unies ont lanc\u00e9 un nouvel agenda pour la paix dont le c\u0153ur est le d\u00e9sarmement nucl\u00e9aire : \u00ab\u00a0La seule fa\u00e7on d&rsquo;\u00e9liminer le risque nucl\u00e9aire est d&rsquo;\u00e9liminer les armes nucl\u00e9aires. Les Nations unies continueront \u00e0 travailler avec les dirigeants mondiaux pour renforcer le r\u00e9gime mondial de d\u00e9sarmement et de non-prolif\u00e9ration, notamment par le biais du trait\u00e9 sur la non-prolif\u00e9ration des armes nucl\u00e9aires et du trait\u00e9 sur l&rsquo;interdiction des armes nucl\u00e9aires TIAN. L&rsquo;\u00e9limination des armes nucl\u00e9aires reste la premi\u00e8re priorit\u00e9 des Nations unies en mati\u00e8re de d\u00e9sarmement\u00a0\u00bb, a-t-elle conclu.<\/p>\n","protected":false},"excerpt":{"rendered":"<p>Lors de la comm\u00e9moration du 78e anniversaire du bombardement d&rsquo;Hiroshima, la Secr\u00e9taire g\u00e9n\u00e9rale adjointe Nakamitsu a lu le discours d&rsquo;Ant\u00f3nio Guterres, Secr\u00e9taire g\u00e9n\u00e9ral des Nations unies : \u00ab\u00a0Lors de mes visites \u00e0 Hiroshima, mes rencontres avec les courageux hibakusha &#8211;&hellip;<\/p>\n","protected":false},"author":19,"featured_media":1755933,"comment_status":"closed","ping_status":"closed","sticky":false,"template":"","format":"standard","meta":{"footnotes":""},"categories":[11386,40,1250],"tags":[309],"class_list":["post-1755932","post","type-post","status-publish","format-standard","has-post-thumbnail","hentry","category-contenu-original","category-international-fr","category-paix-desarmement","tag-desarmement-nucleaire"],"yoast_head":"<!-- This site is optimized with the Yoast SEO plugin v27.1.1 - https:\/\/yoast.com\/product\/yoast-seo-wordpress\/ -->\n<title>Guterres : l&#039;ombre nucl\u00e9aire de la guerre froide est r\u00e9apparue<\/title>\n<meta name=\"description\" content=\"Lors de la comm\u00e9moration du 78e anniversaire du bombardement d&#039;Hiroshima, la Secr\u00e9taire g\u00e9n\u00e9rale adjointe Nakamitsu a lu le discours d&#039;Ant\u00f3nio Guterres,\" \/>\n<meta name=\"robots\" content=\"index, follow, max-snippet:-1, max-image-preview:large, max-video-preview:-1\" \/>\n<link rel=\"canonical\" href=\"https:\/\/www.pressenza.com\/fr\/2023\/08\/guterres-lombre-nucleaire-de-la-guerre-froide-est-reapparue\/\" \/>\n<meta property=\"og:locale\" content=\"fr_FR\" \/>\n<meta property=\"og:type\" content=\"article\" \/>\n<meta property=\"og:title\" content=\"Guterres : l&#039;ombre nucl\u00e9aire de la guerre froide est r\u00e9apparue\" \/>\n<meta property=\"og:description\" content=\"Lors de la comm\u00e9moration du 78e anniversaire du bombardement d&#039;Hiroshima, la Secr\u00e9taire g\u00e9n\u00e9rale adjointe Nakamitsu a lu le discours d&#039;Ant\u00f3nio Guterres,\" \/>\n<meta property=\"og:url\" content=\"https:\/\/www.pressenza.com\/fr\/2023\/08\/guterres-lombre-nucleaire-de-la-guerre-froide-est-reapparue\/\" \/>\n<meta property=\"og:site_name\" content=\"Pressenza\" \/>\n<meta property=\"article:publisher\" content=\"https:\/\/www.facebook.com\/PressenzaItalia\" \/>\n<meta property=\"article:author\" content=\"https:\/\/www.facebook.com\/pressenza\" \/>\n<meta property=\"article:published_time\" content=\"2023-08-07T00:33:30+00:00\" \/>\n<meta property=\"article:modified_time\" content=\"2023-08-07T16:54:58+00:00\" \/>\n<meta property=\"og:image\" content=\"https:\/\/www.pressenza.com\/wp-content\/uploads\/2023\/08\/guterres-2023-unric.jpg\" \/>\n\t<meta property=\"og:image:width\" content=\"850\" \/>\n\t<meta property=\"og:image:height\" content=\"567\" \/>\n\t<meta property=\"og:image:type\" content=\"image\/jpeg\" \/>\n<meta name=\"author\" content=\"Pressenza IPA\" \/>\n<meta name=\"twitter:card\" content=\"summary_large_image\" \/>\n<meta name=\"twitter:creator\" content=\"@PressenzaIPA\" \/>\n<meta name=\"twitter:site\" content=\"@PressenzaIPA\" \/>\n<meta name=\"twitter:label1\" content=\"\u00c9crit par\" \/>\n\t<meta name=\"twitter:data1\" content=\"Pressenza IPA\" \/>\n\t<meta name=\"twitter:label2\" content=\"Dur\u00e9e de lecture estim\u00e9e\" \/>\n\t<meta name=\"twitter:data2\" content=\"2 minutes\" \/>\n<script type=\"application\/ld+json\" class=\"yoast-schema-graph\">{\"@context\":\"https:\/\/schema.org\",\"@graph\":[{\"@type\":\"Article\",\"@id\":\"https:\/\/www.pressenza.com\/fr\/2023\/08\/guterres-lombre-nucleaire-de-la-guerre-froide-est-reapparue\/#article\",\"isPartOf\":{\"@id\":\"https:\/\/www.pressenza.com\/fr\/2023\/08\/guterres-lombre-nucleaire-de-la-guerre-froide-est-reapparue\/\"},\"author\":{\"name\":\"Pressenza IPA\",\"@id\":\"https:\/\/www.pressenza.com\/fr\/#\/schema\/person\/010e5d02bcf40965427a1289a4cc8d75\"},\"headline\":\"Guterres : l&rsquo;ombre nucl\u00e9aire de la guerre froide est r\u00e9apparue\",\"datePublished\":\"2023-08-07T00:33:30+00:00\",\"dateModified\":\"2023-08-07T16:54:58+00:00\",\"mainEntityOfPage\":{\"@id\":\"https:\/\/www.pressenza.com\/fr\/2023\/08\/guterres-lombre-nucleaire-de-la-guerre-froide-est-reapparue\/\"},\"wordCount\":287,\"publisher\":{\"@id\":\"https:\/\/www.pressenza.com\/fr\/#organization\"},\"image\":{\"@id\":\"https:\/\/www.pressenza.com\/fr\/2023\/08\/guterres-lombre-nucleaire-de-la-guerre-froide-est-reapparue\/#primaryimage\"},\"thumbnailUrl\":\"https:\/\/www.pressenza.com\/wp-content\/uploads\/2023\/08\/guterres-2023-unric.jpg\",\"keywords\":[\"D\u00e9sarmement nucl\u00e9aire\"],\"articleSection\":[\"Contenu Original\",\"International\",\"Paix et D\u00e9sarmement\"],\"inLanguage\":\"fr-FR\"},{\"@type\":\"WebPage\",\"@id\":\"https:\/\/www.pressenza.com\/fr\/2023\/08\/guterres-lombre-nucleaire-de-la-guerre-froide-est-reapparue\/\",\"url\":\"https:\/\/www.pressenza.com\/fr\/2023\/08\/guterres-lombre-nucleaire-de-la-guerre-froide-est-reapparue\/\",\"name\":\"Guterres : l'ombre nucl\u00e9aire de la guerre froide est r\u00e9apparue\",\"isPartOf\":{\"@id\":\"https:\/\/www.pressenza.com\/fr\/#website\"},\"primaryImageOfPage\":{\"@id\":\"https:\/\/www.pressenza.com\/fr\/2023\/08\/guterres-lombre-nucleaire-de-la-guerre-froide-est-reapparue\/#primaryimage\"},\"image\":{\"@id\":\"https:\/\/www.pressenza.com\/fr\/2023\/08\/guterres-lombre-nucleaire-de-la-guerre-froide-est-reapparue\/#primaryimage\"},\"thumbnailUrl\":\"https:\/\/www.pressenza.com\/wp-content\/uploads\/2023\/08\/guterres-2023-unric.jpg\",\"datePublished\":\"2023-08-07T00:33:30+00:00\",\"dateModified\":\"2023-08-07T16:54:58+00:00\",\"description\":\"Lors de la comm\u00e9moration du 78e anniversaire du bombardement d'Hiroshima, la Secr\u00e9taire g\u00e9n\u00e9rale adjointe Nakamitsu a lu le discours d'Ant\u00f3nio Guterres,\",\"breadcrumb\":{\"@id\":\"https:\/\/www.pressenza.com\/fr\/2023\/08\/guterres-lombre-nucleaire-de-la-guerre-froide-est-reapparue\/#breadcrumb\"},\"inLanguage\":\"fr-FR\",\"potentialAction\":[{\"@type\":\"ReadAction\",\"target\":[\"https:\/\/www.pressenza.com\/fr\/2023\/08\/guterres-lombre-nucleaire-de-la-guerre-froide-est-reapparue\/\"]}]},{\"@type\":\"ImageObject\",\"inLanguage\":\"fr-FR\",\"@id\":\"https:\/\/www.pressenza.com\/fr\/2023\/08\/guterres-lombre-nucleaire-de-la-guerre-froide-est-reapparue\/#primaryimage\",\"url\":\"https:\/\/www.pressenza.com\/wp-content\/uploads\/2023\/08\/guterres-2023-unric.jpg\",\"contentUrl\":\"https:\/\/www.pressenza.com\/wp-content\/uploads\/2023\/08\/guterres-2023-unric.jpg\",\"width\":850,\"height\":567},{\"@type\":\"BreadcrumbList\",\"@id\":\"https:\/\/www.pressenza.com\/fr\/2023\/08\/guterres-lombre-nucleaire-de-la-guerre-froide-est-reapparue\/#breadcrumb\",\"itemListElement\":[{\"@type\":\"ListItem\",\"position\":1,\"name\":\"Accueil\",\"item\":\"https:\/\/www.pressenza.com\/fr\/\"},{\"@type\":\"ListItem\",\"position\":2,\"name\":\"Guterres : l&rsquo;ombre nucl\u00e9aire de la guerre froide est r\u00e9apparue\"}]},{\"@type\":\"WebSite\",\"@id\":\"https:\/\/www.pressenza.com\/fr\/#website\",\"url\":\"https:\/\/www.pressenza.com\/fr\/\",\"name\":\"Pressenza\",\"description\":\"International Press Agency\",\"publisher\":{\"@id\":\"https:\/\/www.pressenza.com\/fr\/#organization\"},\"potentialAction\":[{\"@type\":\"SearchAction\",\"target\":{\"@type\":\"EntryPoint\",\"urlTemplate\":\"https:\/\/www.pressenza.com\/fr\/?s={search_term_string}\"},\"query-input\":{\"@type\":\"PropertyValueSpecification\",\"valueRequired\":true,\"valueName\":\"search_term_string\"}}],\"inLanguage\":\"fr-FR\"},{\"@type\":\"Organization\",\"@id\":\"https:\/\/www.pressenza.com\/fr\/#organization\",\"name\":\"Pressenza\",\"url\":\"https:\/\/www.pressenza.com\/fr\/\",\"logo\":{\"@type\":\"ImageObject\",\"inLanguage\":\"fr-FR\",\"@id\":\"https:\/\/www.pressenza.com\/fr\/#\/schema\/logo\/image\/\",\"url\":\"https:\/\/www.pressenza.com\/wp-content\/uploads\/2022\/10\/pressenza_logo_200x200.jpg\",\"contentUrl\":\"https:\/\/www.pressenza.com\/wp-content\/uploads\/2022\/10\/pressenza_logo_200x200.jpg\",\"width\":200,\"height\":200,\"caption\":\"Pressenza\"},\"image\":{\"@id\":\"https:\/\/www.pressenza.com\/fr\/#\/schema\/logo\/image\/\"},\"sameAs\":[\"https:\/\/www.facebook.com\/PressenzaItalia\",\"https:\/\/x.com\/PressenzaIPA\"]},{\"@type\":\"Person\",\"@id\":\"https:\/\/www.pressenza.com\/fr\/#\/schema\/person\/010e5d02bcf40965427a1289a4cc8d75\",\"name\":\"Pressenza IPA\",\"description\":\"News from Pressenza IPA correspondents\",\"sameAs\":[\"https:\/\/www.facebook.com\/pressenza\",\"https:\/\/x.com\/PressenzaIPA\"],\"url\":\"https:\/\/www.pressenza.com\/fr\/author\/pressenza-ipa\/\"}]}<\/script>\n<!-- \/ Yoast SEO plugin. -->","yoast_head_json":{"title":"Guterres : l'ombre nucl\u00e9aire de la guerre froide est r\u00e9apparue","description":"Lors de la comm\u00e9moration du 78e anniversaire du bombardement d'Hiroshima, la Secr\u00e9taire g\u00e9n\u00e9rale adjointe Nakamitsu a lu le discours d'Ant\u00f3nio Guterres,","robots":{"index":"index","follow":"follow","max-snippet":"max-snippet:-1","max-image-preview":"max-image-preview:large","max-video-preview":"max-video-preview:-1"},"canonical":"https:\/\/www.pressenza.com\/fr\/2023\/08\/guterres-lombre-nucleaire-de-la-guerre-froide-est-reapparue\/","og_locale":"fr_FR","og_type":"article","og_title":"Guterres : l'ombre nucl\u00e9aire de la guerre froide est r\u00e9apparue","og_description":"Lors de la comm\u00e9moration du 78e anniversaire du bombardement d'Hiroshima, la Secr\u00e9taire g\u00e9n\u00e9rale adjointe Nakamitsu a lu le discours d'Ant\u00f3nio Guterres,","og_url":"https:\/\/www.pressenza.com\/fr\/2023\/08\/guterres-lombre-nucleaire-de-la-guerre-froide-est-reapparue\/","og_site_name":"Pressenza","article_publisher":"https:\/\/www.facebook.com\/PressenzaItalia","article_author":"https:\/\/www.facebook.com\/pressenza","article_published_time":"2023-08-07T00:33:30+00:00","article_modified_time":"2023-08-07T16:54:58+00:00","og_image":[{"width":850,"height":567,"url":"https:\/\/www.pressenza.com\/wp-content\/uploads\/2023\/08\/guterres-2023-unric.jpg","type":"image\/jpeg"}],"author":"Pressenza IPA","twitter_card":"summary_large_image","twitter_creator":"@PressenzaIPA","twitter_site":"@PressenzaIPA","twitter_misc":{"\u00c9crit par":"Pressenza IPA","Dur\u00e9e de lecture estim\u00e9e":"2 minutes"},"schema":{"@context":"https:\/\/schema.org","@graph":[{"@type":"Article","@id":"https:\/\/www.pressenza.com\/fr\/2023\/08\/guterres-lombre-nucleaire-de-la-guerre-froide-est-reapparue\/#article","isPartOf":{"@id":"https:\/\/www.pressenza.com\/fr\/2023\/08\/guterres-lombre-nucleaire-de-la-guerre-froide-est-reapparue\/"},"author":{"name":"Pressenza IPA","@id":"https:\/\/www.pressenza.com\/fr\/#\/schema\/person\/010e5d02bcf40965427a1289a4cc8d75"},"headline":"Guterres : l&rsquo;ombre nucl\u00e9aire de la guerre froide est r\u00e9apparue","datePublished":"2023-08-07T00:33:30+00:00","dateModified":"2023-08-07T16:54:58+00:00","mainEntityOfPage":{"@id":"https:\/\/www.pressenza.com\/fr\/2023\/08\/guterres-lombre-nucleaire-de-la-guerre-froide-est-reapparue\/"},"wordCount":287,"publisher":{"@id":"https:\/\/www.pressenza.com\/fr\/#organization"},"image":{"@id":"https:\/\/www.pressenza.com\/fr\/2023\/08\/guterres-lombre-nucleaire-de-la-guerre-froide-est-reapparue\/#primaryimage"},"thumbnailUrl":"https:\/\/www.pressenza.com\/wp-content\/uploads\/2023\/08\/guterres-2023-unric.jpg","keywords":["D\u00e9sarmement nucl\u00e9aire"],"articleSection":["Contenu Original","International","Paix et D\u00e9sarmement"],"inLanguage":"fr-FR"},{"@type":"WebPage","@id":"https:\/\/www.pressenza.com\/fr\/2023\/08\/guterres-lombre-nucleaire-de-la-guerre-froide-est-reapparue\/","url":"https:\/\/www.pressenza.com\/fr\/2023\/08\/guterres-lombre-nucleaire-de-la-guerre-froide-est-reapparue\/","name":"Guterres : l'ombre nucl\u00e9aire de la guerre froide est r\u00e9apparue","isPartOf":{"@id":"https:\/\/www.pressenza.com\/fr\/#website"},"primaryImageOfPage":{"@id":"https:\/\/www.pressenza.com\/fr\/2023\/08\/guterres-lombre-nucleaire-de-la-guerre-froide-est-reapparue\/#primaryimage"},"image":{"@id":"https:\/\/www.pressenza.com\/fr\/2023\/08\/guterres-lombre-nucleaire-de-la-guerre-froide-est-reapparue\/#primaryimage"},"thumbnailUrl":"https:\/\/www.pressenza.com\/wp-content\/uploads\/2023\/08\/guterres-2023-unric.jpg","datePublished":"2023-08-07T00:33:30+00:00","dateModified":"2023-08-07T16:54:58+00:00","description":"Lors de la comm\u00e9moration du 78e anniversaire du bombardement d'Hiroshima, la Secr\u00e9taire g\u00e9n\u00e9rale adjointe Nakamitsu a lu le discours d'Ant\u00f3nio Guterres,","breadcrumb":{"@id":"https:\/\/www.pressenza.com\/fr\/2023\/08\/guterres-lombre-nucleaire-de-la-guerre-froide-est-reapparue\/#breadcrumb"},"inLanguage":"fr-FR","potentialAction":[{"@type":"ReadAction","target":["https:\/\/www.pressenza.com\/fr\/2023\/08\/guterres-lombre-nucleaire-de-la-guerre-froide-est-reapparue\/"]}]},{"@type":"ImageObject","inLanguage":"fr-FR","@id":"https:\/\/www.pressenza.com\/fr\/2023\/08\/guterres-lombre-nucleaire-de-la-guerre-froide-est-reapparue\/#primaryimage","url":"https:\/\/www.pressenza.com\/wp-content\/uploads\/2023\/08\/guterres-2023-unric.jpg","contentUrl":"https:\/\/www.pressenza.com\/wp-content\/uploads\/2023\/08\/guterres-2023-unric.jpg","width":850,"height":567},{"@type":"BreadcrumbList","@id":"https:\/\/www.pressenza.com\/fr\/2023\/08\/guterres-lombre-nucleaire-de-la-guerre-froide-est-reapparue\/#breadcrumb","itemListElement":[{"@type":"ListItem","position":1,"name":"Accueil","item":"https:\/\/www.pressenza.com\/fr\/"},{"@type":"ListItem","position":2,"name":"Guterres : l&rsquo;ombre nucl\u00e9aire de la guerre froide est r\u00e9apparue"}]},{"@type":"WebSite","@id":"https:\/\/www.pressenza.com\/fr\/#website","url":"https:\/\/www.pressenza.com\/fr\/","name":"Pressenza","description":"International Press Agency","publisher":{"@id":"https:\/\/www.pressenza.com\/fr\/#organization"},"potentialAction":[{"@type":"SearchAction","target":{"@type":"EntryPoint","urlTemplate":"https:\/\/www.pressenza.com\/fr\/?s={search_term_string}"},"query-input":{"@type":"PropertyValueSpecification","valueRequired":true,"valueName":"search_term_string"}}],"inLanguage":"fr-FR"},{"@type":"Organization","@id":"https:\/\/www.pressenza.com\/fr\/#organization","name":"Pressenza","url":"https:\/\/www.pressenza.com\/fr\/","logo":{"@type":"ImageObject","inLanguage":"fr-FR","@id":"https:\/\/www.pressenza.com\/fr\/#\/schema\/logo\/image\/","url":"https:\/\/www.pressenza.com\/wp-content\/uploads\/2022\/10\/pressenza_logo_200x200.jpg","contentUrl":"https:\/\/www.pressenza.com\/wp-content\/uploads\/2022\/10\/pressenza_logo_200x200.jpg","width":200,"height":200,"caption":"Pressenza"},"image":{"@id":"https:\/\/www.pressenza.com\/fr\/#\/schema\/logo\/image\/"},"sameAs":["https:\/\/www.facebook.com\/PressenzaItalia","https:\/\/x.com\/PressenzaIPA"]},{"@type":"Person","@id":"https:\/\/www.pressenza.com\/fr\/#\/schema\/person\/010e5d02bcf40965427a1289a4cc8d75","name":"Pressenza IPA","description":"News from Pressenza IPA correspondents","sameAs":["https:\/\/www.facebook.com\/pressenza","https:\/\/x.com\/PressenzaIPA"],"url":"https:\/\/www.pressenza.com\/fr\/author\/pressenza-ipa\/"}]}},"place":"Hiroshima","original_article_url":"","_links":{"self":[{"href":"https:\/\/www.pressenza.com\/fr\/wp-json\/wp\/v2\/posts\/1755932","targetHints":{"allow":["GET"]}}],"collection":[{"href":"https:\/\/www.pressenza.com\/fr\/wp-json\/wp\/v2\/posts"}],"about":[{"href":"https:\/\/www.pressenza.com\/fr\/wp-json\/wp\/v2\/types\/post"}],"author":[{"embeddable":true,"href":"https:\/\/www.pressenza.com\/fr\/wp-json\/wp\/v2\/users\/19"}],"replies":[{"embeddable":true,"href":"https:\/\/www.pressenza.com\/fr\/wp-json\/wp\/v2\/comments?post=1755932"}],"version-history":[{"count":0,"href":"https:\/\/www.pressenza.com\/fr\/wp-json\/wp\/v2\/posts\/1755932\/revisions"}],"wp:featuredmedia":[{"embeddable":true,"href":"https:\/\/www.pressenza.com\/fr\/wp-json\/wp\/v2\/media\/1755933"}],"wp:attachment":[{"href":"https:\/\/www.pressenza.com\/fr\/wp-json\/wp\/v2\/media?parent=1755932"}],"wp:term":[{"taxonomy":"category","embeddable":true,"href":"https:\/\/www.pressenza.com\/fr\/wp-json\/wp\/v2\/categories?post=1755932"},{"taxonomy":"post_tag","embeddable":true,"href":"https:\/\/www.pressenza.com\/fr\/wp-json\/wp\/v2\/tags?post=1755932"}],"curies":[{"name":"wp","href":"https:\/\/api.w.org\/{rel}","templated":true}]}}