{"id":1754724,"date":"2023-07-30T22:16:28","date_gmt":"2023-07-30T21:16:28","guid":{"rendered":"https:\/\/www.pressenza.com\/?p=1754724"},"modified":"2023-07-31T07:58:19","modified_gmt":"2023-07-31T06:58:19","slug":"face-a-la-crise-climatique-la-sagesse-indigene","status":"publish","type":"post","link":"https:\/\/www.pressenza.com\/fr\/2023\/07\/face-a-la-crise-climatique-la-sagesse-indigene\/","title":{"rendered":"Face \u00e0 la crise climatique : la sagesse indig\u00e8ne"},"content":{"rendered":"<p>Toutes les mesures et tous les accords conclus par les gouvernements du monde, tous les \u00e9v\u00e9nements internationaux visant \u00e0 att\u00e9nuer la crise climatique, les promesses et les signatures en faveur de la d\u00e9fense de notre biodiversit\u00e9 et des \u00e9cosyst\u00e8mes plan\u00e9taires, les fameuses COP (conf\u00e9rences des parties) des pays signataires de la Convention-cadre des Nations unies sur les changements climatiques (CCNUCC), au cours desquelles des millions d&rsquo;euros d&rsquo;argent public sont d\u00e9pens\u00e9s pour des sommets inefficaces qui ne sont que des r\u00e9unions festives, les lois et les promesses que chaque gouvernement affirme combattre pour att\u00e9nuer le changement climatique&#8230; SONT INUTILES. Les politiciens nous trompent avec leurs discours pr\u00e9par\u00e9s par des conseillers. Les mensonges et les manipulations de leurs actions dirig\u00e9es par les multinationales font de leurs paroles un simple effet d&rsquo;annonce sur du papier mouill\u00e9 (NdT: expression signifiant document sans valeur).<\/p>\n<p>Et le pire, c&rsquo;est qu&rsquo;ils l&rsquo;ont d\u00e9montr\u00e9 en permanence. Il est vrai que, comme toujours, quelqu&rsquo;un sera sauv\u00e9 de cette complicit\u00e9 et qu&rsquo;il y aura des personnes dans le monde politique qui essaieront de changer ces circonstances. Mais le pouvoir politique des int\u00e9r\u00eats est si profond\u00e9ment enracin\u00e9 que celui qui sort de ce sch\u00e9ma est sans doute oubli\u00e9 dans ce monde globalis\u00e9 auquel nous sommes soumis, sans pouvoir avancer dignement vers les valeurs humaines qui pourraient \u00e9ventuellement \u00eatre la banni\u00e8re de notre chemin vers un monde meilleur et plus \u00e9galitaire.<\/p>\n<div id=\"attachment_1753039\" class=\"wp-caption alignnone\"><img loading=\"lazy\" decoding=\"async\" aria-describedby=\"caption-attachment-1753039\" class=\"wp-image-1753039 size-medium\" src=\"https:\/\/www.pressenza.com\/wp-content\/uploads\/2023\/07\/portada-libro-204x300.jpg\" alt=\"\" width=\"204\" height=\"300\" srcset=\"https:\/\/www.pressenza.com\/wp-content\/uploads\/2023\/07\/portada-libro-204x300.jpg 204w, https:\/\/www.pressenza.com\/wp-content\/uploads\/2023\/07\/portada-libro.jpg 340w\" sizes=\"auto, (max-width: 204px) 100vw, 204px\" \/><p id=\"caption-attachment-1753039\" class=\"wp-caption-text\">Couverture du livre <em>Planeta silencioso<\/em> (Plan\u00e8te silencieuse)<\/p><\/div>\n<p>Le livre \u00ab Plan\u00e8te silencieuse : les cons\u00e9quences d\u2019un monde sans insectes \u00bb de Dave Goulson est pour moi la suite du livre <em>Silent Spring<\/em> (Printemps silencieux), courageusement \u00e9crit par la biologiste marine et zoologiste Rachel Louise Carson (1907-1964) en 1962. Le livre de Rachel Carson a marqu\u00e9 une \u00e9tape fondamentale dans la naissance de la conscience environnementale et a chang\u00e9 la perception du monde face \u00e0 la d\u00e9pr\u00e9dation de la nature par l&#8217;empoisonnement des campagnes avec des pesticides et des insecticides nocifs, non seulement pour la sant\u00e9 des \u00eatres humains, mais aussi pour toutes les autres esp\u00e8ces.<\/p>\n<p>Dave, \u00e0 la fin de son chapitre 11 \u00ab\u00a0The Coming Storm\u00a0\u00bb (la temp\u00eate qui approche), nous avertit : \u00ab\u00a0Il est tr\u00e8s facile pour un gouvernement de faire des promesses \u00e0 long terme, sachant que d&rsquo;autres politiciens seront aux commandes lorsque l&rsquo;\u00e9chec devra \u00eatre justifi\u00e9. Il suffit de regarder ce qui s&rsquo;est pass\u00e9 en 1992 avec la Conf\u00e9rence sur l&rsquo;environnement et le d\u00e9veloppement \u00e0 Rio de Janeiro. La d\u00e9claration a \u00e9t\u00e9 sign\u00e9e par presque exactement les m\u00eames pays (196) que ceux qui ont sign\u00e9 l&rsquo;accord de Paris. Lors de la conf\u00e9rence de Rio, nos gouvernements ont promis d&rsquo;enrayer la perte de biodiversit\u00e9 mondiale d&rsquo;ici \u00e0 2020. La v\u00e9rit\u00e9 est qu&rsquo;entre 1992 et 2020, la perte de biodiversit\u00e9 mondiale a \u00e9t\u00e9 la plus importante depuis au moins 65 millions d&rsquo;ann\u00e9es. Si nous voulons sauver la plan\u00e8te, nous ne pouvons pas nous fier aux promesses creuses de nos gouvernements\u00a0\u00bb. C&rsquo;est tellement vrai. Que pouvons-nous donc faire ? Franchement, le syst\u00e8me actuellement en place ne nous facilite pas la t\u00e2che. Il y a de nombreux int\u00e9r\u00eats en jeu, de nombreuses promesses non tenues et un objectif clair et unique : le pouvoir, bas\u00e9 sur l&rsquo;argent et le contr\u00f4le social de l&rsquo;humanit\u00e9, quelles que soient les cons\u00e9quences sur la pauvret\u00e9 ou sur la destruction de notre plan\u00e8te.<\/p>\n<p>Eduardo Costas, professeur \u00e0 l&rsquo;universit\u00e9 Complutense de Madrid et pharmacologue, nous avertit que les temp\u00e9ratures extr\u00eames sont l&rsquo;une des causes de mortalit\u00e9 qui augmentent le plus rapidement. Dans son article, il indique clairement que nous risquons d\u00e9sormais de subir des temp\u00e9ratures extr\u00eames, avec des journ\u00e9es extr\u00eamement froides ou des vagues de chaleur, qui contredisent les donn\u00e9es dont nous disposons jusqu&rsquo;\u00e0 pr\u00e9sent en mati\u00e8re de temp\u00e9rature. Il nous montre qu&rsquo;il a \u00e9tudi\u00e9 en d\u00e9tail le mois de janvier, du 1er janvier 2000 au 31 d\u00e9cembre 2019, avec un total de 750 param\u00e8tres diff\u00e9rents dans 43 pays du monde, en recueillant des enregistrements de temp\u00e9rature et en prenant des notes sur les causes de d\u00e9c\u00e8s. Il a comptabilis\u00e9 ainsi un total de plus de 130 millions de d\u00e9c\u00e8s en 20 ans. En moyenne, le taux d&rsquo;exc\u00e8s de mort d\u00fb \u00e0 la chaleur et au froid extr\u00eames \u00e9tait de 74 d\u00e9c\u00e8s pour 100 000 habitants, ce qui \u00e9quivaut \u00e0 plus de 5 millions de d\u00e9c\u00e8s par an.<\/p>\n<p>Remarquez qu\u2019avec le Covid, le monde s&rsquo;est arr\u00eat\u00e9, mais avec la crise climatique qui tue 5 millions de personnes par an rien qu&rsquo;\u00e0 cause des vagues de chaleur et de froids extr\u00eames, rien n&rsquo;est fait. Les faits sont ce qu&rsquo;ils sont et ne peuvent \u00eatre ignor\u00e9s. Et ces nombres ne concernent que les vagues de chaleur, sans compter les personnes qui meurent dans les inondations massives, les typhons, les glissements de terrain et un long et-cetera qui commence \u00e0 \u00eatre alarmant.<\/p>\n<p>Selon un communiqu\u00e9 de l&rsquo;Organisation m\u00e9t\u00e9orologique mondiale (OMM), des alertes \u00e0 la chaleur extr\u00eame ont \u00e9t\u00e9 d\u00e9clench\u00e9es dans de nombreuses r\u00e9gions de l&rsquo;h\u00e9misph\u00e8re nord de la plan\u00e8te, avec des temp\u00e9ratures diurnes record et des chaleurs nocturnes tropicales dangereuses pour la sant\u00e9. La moiti\u00e9 de l&rsquo;Europe, certaines parties de l&rsquo;Asie et de l&rsquo;Afrique, et les \u00c9tats-Unis sont touch\u00e9s. John Nairn, expert de l&rsquo;OMM, a d\u00e9clar\u00e9 que \u00ab\u00a0les temp\u00e9ratures nocturnes sont particuli\u00e8rement dangereuses pour la sant\u00e9 humaine car le corps est incapable de se remettre de la chaleur permanente, ce qui entra\u00eene une augmentation des crises cardiaques et des d\u00e9c\u00e8s\u00a0\u00bb.<\/p>\n<p>Mais les politiciens croient que tout cela vient du ciel et qu&rsquo;ils ne sont pas responsables de toutes ces graves cons\u00e9quences. Ils ignorent ou veulent ignorer leur responsabilit\u00e9 en se lavant les mains dans des mensonges et en n&rsquo;agissant pas imm\u00e9diatement et en coop\u00e9ration avec d&rsquo;autres administrations pour att\u00e9nuer ce d\u00e9sastre dans lequel ils nous ont plong\u00e9s par leur incomp\u00e9tence et leur inutilit\u00e9.<\/p>\n<p>Cependant, il existe un organe politique qui, malheureusement, n&rsquo;est pas contraignant et auquel aucun pays ne pr\u00eate attention, ce sont les Nations unies, qui continuent \u00e0 lancer des communiqu\u00e9s de presse pour avertir les gouvernements de la situation climatique, leur demander de prendre des mesures urgentes, etc.<\/p>\n<div id=\"attachment_1753040\" class=\"wp-caption alignnone\"><img loading=\"lazy\" decoding=\"async\" aria-describedby=\"caption-attachment-1753040\" class=\"wp-image-1753040 size-medium\" src=\"https:\/\/www.pressenza.com\/wp-content\/uploads\/2023\/07\/Foto-Alamy-300x180.webp\" alt=\"\" width=\"300\" height=\"180\" srcset=\"https:\/\/www.pressenza.com\/wp-content\/uploads\/2023\/07\/Foto-Alamy-300x180.webp 300w, https:\/\/www.pressenza.com\/wp-content\/uploads\/2023\/07\/Foto-Alamy.webp 620w\" sizes=\"auto, (max-width: 300px) 100vw, 300px\" \/><p id=\"caption-attachment-1753040\" class=\"wp-caption-text\">Cr\u00e9dit image: Alamy. F\u00e9lix Diaz, repr\u00e9sentant des peuples indig\u00e8nes de la province de Formosa.<\/p><\/div>\n<p>R\u00e9cemment, le Haut Commissaire des Nations unies aux droits humains, Volker T\u00fcrk, a appel\u00e9 toutes les nations du monde \u00e0 garantir la participation des peuples autochtones \u00e0 la prise de d\u00e9cision. Il a exhort\u00e9 les institutions nationales et mondiales \u00e0 prot\u00e9ger les d\u00e9fenseurs des peuples autochtones et de l&rsquo;environnement, rappelant que ce sont eux qui sont en premi\u00e8re ligne dans la lutte contre le changement climatique.<\/p>\n<p>Bien que l&rsquo;on estime \u00e0 476 millions le nombre de personnes autochtones dans toutes les r\u00e9gions du monde et qu&rsquo;elles repr\u00e9sentent 6,2 % de la population mondiale, elles constituent 18,2 % des pauvres de la plan\u00e8te. Volker a d\u00e9clar\u00e9: \u00ab\u00a0Pourtant, elles survivent et prosp\u00e8rent avec une dignit\u00e9 et une r\u00e9silience \u00e9normes, gr\u00e2ce \u00e0 la sagesse et aux connaissances acquises de g\u00e9n\u00e9ration en g\u00e9n\u00e9ration\u00a0\u00bb. Il a ajout\u00e9 que les femmes autochtones sont les ma\u00eetresses de la sagesse et sont responsables de la transmission des connaissances entre les g\u00e9n\u00e9rations pass\u00e9es et les communaut\u00e9s d&rsquo;aujourd&rsquo;hui. Selon lui, c&rsquo;est pr\u00e9cis\u00e9ment gr\u00e2ce \u00e0 leurs connaissances et \u00e0 leur relation avec l&rsquo;environnement que les peuples autochtones peuvent contribuer \u00e0 trouver des solutions pour rem\u00e9dier aux dommages caus\u00e9s par la crise mondiale.<\/p>\n<p>Il est n\u00e9cessaire, a d\u00e9clar\u00e9 M. Volker, de cr\u00e9er des espaces permettant aux repr\u00e9sentants \u00e9lus des peuples autochtones d&rsquo;entrer dans les conseils gouvernementaux et de cr\u00e9er des institutions publiques o\u00f9 ils sont repr\u00e9sent\u00e9s, et il a conclu en disant : \u00ab\u00a0Tous les droits humains concernent les peuples autochtones. Le moment est venu de veiller \u00e0 ce qu&rsquo;ils puissent participer pleinement, librement et en toute s\u00e9curit\u00e9. Il est temps de passer du d\u00e9bat \u00e0 l&rsquo;action directe et sp\u00e9cifique pour prot\u00e9ger leurs droits\u00a0\u00bb.<\/p>\n<p>En 2022, les dirigeantes autochtones, les d\u00e9fenseuses de l&rsquo;environnement et leurs militants ont \u00e9t\u00e9 beaucoup plus fr\u00e9quemment victimes de violences, de meurtres et de menaces.<\/p>\n<p>Le sommet UE-CELAC (Communaut\u00e9 des \u00c9tats d&rsquo;Am\u00e9rique latine et des Cara\u00efbes), pr\u00e9sid\u00e9 par le Premier ministre espagnol les 17 et 18 juillet 2023, s&rsquo;est d\u00e9roul\u00e9 en l&rsquo;absence des dirigeants indig\u00e8nes qui ont beaucoup \u00e0 dire et \u00e0 contribuer au dialogue, \u00e0 la coop\u00e9ration, au respect et \u00e0 la protection de leurs peuples. Cela montre donc une indiff\u00e9rence et un m\u00e9pris inou\u00efs. On voit ici des chefs de gouvernement qui sont directement responsables de ce qui arrive aux peuples indig\u00e8nes de leurs pays, qui montrent un m\u00e9pris total de ces peuples et de leur vie, qui les traitent comme des moins que rien et ignorent leurs droits malgr\u00e9 les lois qu&rsquo;ils sont oblig\u00e9s de respecter.<\/p>\n<div id=\"attachment_1753042\" class=\"wp-caption alignnone\"><img loading=\"lazy\" decoding=\"async\" aria-describedby=\"caption-attachment-1753042\" class=\"wp-image-1753042 size-medium\" src=\"https:\/\/www.pressenza.com\/wp-content\/uploads\/2023\/07\/IMG-20230503-WA0015-300x225.jpg\" alt=\"\" width=\"300\" height=\"225\" srcset=\"https:\/\/www.pressenza.com\/wp-content\/uploads\/2023\/07\/IMG-20230503-WA0015-300x225.jpg 300w, https:\/\/www.pressenza.com\/wp-content\/uploads\/2023\/07\/IMG-20230503-WA0015-820x615.jpg 820w, https:\/\/www.pressenza.com\/wp-content\/uploads\/2023\/07\/IMG-20230503-WA0015.jpg 1600w\" sizes=\"auto, (max-width: 300px) 100vw, 300px\" \/><p id=\"caption-attachment-1753042\" class=\"wp-caption-text\">F\u00e9lix D\u00edaz. Devant la Casa Rosada o\u00f9 r\u00e9side le pr\u00e9sident de l&rsquo;Argentine \u00e0 Buenos Aires, des personnes campent depuis deux ans et cinq mois pour demander \u00e0 \u00eatre re\u00e7ues par le pr\u00e9sident.<\/p><\/div>\n<p>Un exemple est le traitement re\u00e7u par le dirigeant des peuples indig\u00e8nes de la province de Formosa (nord de l&rsquo;Argentine), F\u00e9lix D\u00edaz, qui a camp\u00e9 pendant deux ans et cinq mois avec quelques membres de sa communaut\u00e9 devant la Casa Rosada du gouvernement argentin pour \u00eatre re\u00e7u par le pr\u00e9sident de l&rsquo;Argentine.<\/p>\n<p>Ceci est une honte qui va \u00e0 l&rsquo;encontre de la constitution argentine, un manque de respect et un crime contre l&rsquo;humanit\u00e9, un g\u00e9nocide contre les peuples indig\u00e8nes qui se propage dans de nombreux pays. Ensuite, ils ont l\u2019audace d&rsquo;organiser des r\u00e9unions avec trois gouvernements pour parler de coop\u00e9ration, alors qu&rsquo;ils ignorent leurs propres citoyens.<\/p>\n<div id=\"attachment_1753041\" class=\"wp-caption alignnone\"><img loading=\"lazy\" decoding=\"async\" aria-describedby=\"caption-attachment-1753041\" class=\"wp-image-1753041 size-medium\" src=\"https:\/\/www.pressenza.com\/wp-content\/uploads\/2023\/07\/Screenshot_20230511-014612_Photos-300x294.jpg\" alt=\"\" width=\"300\" height=\"294\" srcset=\"https:\/\/www.pressenza.com\/wp-content\/uploads\/2023\/07\/Screenshot_20230511-014612_Photos-300x294.jpg 300w, https:\/\/www.pressenza.com\/wp-content\/uploads\/2023\/07\/Screenshot_20230511-014612_Photos-820x804.jpg 820w, https:\/\/www.pressenza.com\/wp-content\/uploads\/2023\/07\/Screenshot_20230511-014612_Photos.jpg 1080w\" sizes=\"auto, (max-width: 300px) 100vw, 300px\" \/><p id=\"caption-attachment-1753041\" class=\"wp-caption-text\">Peuple Wichi. Une autre de leurs \u00e9coles, pratiquement \u00e0 ciel ouvert.<\/p><\/div>\n<p>Le gouvernement de Formosa autorise les \u00e9coles de la communaut\u00e9 indig\u00e8ne Wichi (NdT: les Wichi sont des indig\u00e8nes d\u2019Am\u00e9rique du Sud. La province de Formosa est en Argentine) \u00e0 se limiter \u00e0 deux planches en guise de toit, sans rien sur les c\u00f4t\u00e9s, permettant aux enfants d\u2019\u00eatre transi de froid et d\u2019humidit\u00e9 en hiver et les jours de pluie. Il essaie de tuer la culture indig\u00e8ne et leur langue, de sorte que les enfants oublient d&rsquo;o\u00f9 ils viennent, comme s&rsquo;ils n&rsquo;\u00e9taient qu&rsquo;une racaille sans droits. Et l&rsquo;opposition gouvernementale se moque de ces petites \u00e9coles, si on peut les appeler ainsi, en se vantant qu&rsquo;elles disposent d&rsquo;une bonne climatisation. Path\u00e9tique, humiliant et choquant, dans un XXIe si\u00e8cle qui semble n&rsquo;avoir fait aucun progr\u00e8s et qui, dans de nombreux endroits, continue \u00e0 gouverner comme au XVIIIe si\u00e8cle, par le biais du caciquisme, de l&rsquo;esclavage et du colonialisme, en violant les droits humains les plus fondamentaux.<\/p>\n<p>&nbsp;<\/p>\n<p><em>Traduit de l&rsquo;espagnol par Evelyn Tischer<\/em><\/p>\n","protected":false},"excerpt":{"rendered":"<p>Toutes les mesures et tous les accords conclus par les gouvernements du monde, tous les \u00e9v\u00e9nements internationaux visant \u00e0 att\u00e9nuer la crise climatique, les promesses et les signatures en faveur de la d\u00e9fense de notre biodiversit\u00e9 et des \u00e9cosyst\u00e8mes plan\u00e9taires,&hellip;<\/p>\n","protected":false},"author":2023,"featured_media":1754728,"comment_status":"closed","ping_status":"closed","sticky":false,"template":"","format":"standard","meta":{"footnotes":""},"categories":[86,97,40,99,95],"tags":[6939,114933,6815,114931,114932],"class_list":["post-1754724","post","type-post","status-publish","format-standard","has-post-thumbnail","hentry","category-amerique-du-sud","category-environnement-et-ecologie","category-international-fr","category-peuples-autochtones","category-affaires-etrangeres","tag-changement-climatique","tag-felix-diaz-fr","tag-peuples-autochtones-2","tag-sagesse-autochtone","tag-sommets-sur-le-climat"],"yoast_head":"<!-- This site is optimized with the Yoast SEO plugin v27.1.1 - https:\/\/yoast.com\/product\/yoast-seo-wordpress\/ -->\n<title>Face \u00e0 la crise climatique : la sagesse indig\u00e8ne<\/title>\n<meta name=\"description\" content=\"Toutes les mesures et tous les accords conclus par les gouvernements du monde, tous les \u00e9v\u00e9nements internationaux visant \u00e0 att\u00e9nuer la crise climatique,\" \/>\n<meta name=\"robots\" content=\"index, follow, max-snippet:-1, max-image-preview:large, max-video-preview:-1\" \/>\n<link rel=\"canonical\" href=\"https:\/\/www.pressenza.com\/fr\/2023\/07\/face-a-la-crise-climatique-la-sagesse-indigene\/\" \/>\n<meta property=\"og:locale\" content=\"fr_FR\" \/>\n<meta property=\"og:type\" content=\"article\" \/>\n<meta property=\"og:title\" content=\"Face \u00e0 la crise climatique : la sagesse indig\u00e8ne\" \/>\n<meta property=\"og:description\" content=\"Toutes les mesures et tous les accords conclus par les gouvernements du monde, tous les \u00e9v\u00e9nements internationaux visant \u00e0 att\u00e9nuer la crise climatique,\" \/>\n<meta property=\"og:url\" content=\"https:\/\/www.pressenza.com\/fr\/2023\/07\/face-a-la-crise-climatique-la-sagesse-indigene\/\" \/>\n<meta property=\"og:site_name\" content=\"Pressenza\" \/>\n<meta property=\"article:publisher\" content=\"https:\/\/www.facebook.com\/PressenzaItalia\" \/>\n<meta property=\"article:published_time\" content=\"2023-07-30T21:16:28+00:00\" \/>\n<meta property=\"article:modified_time\" content=\"2023-07-31T06:58:19+00:00\" \/>\n<meta property=\"og:image\" content=\"https:\/\/www.pressenza.com\/wp-content\/uploads\/2023\/07\/Ninos-saliendo-escuela-Comunidad-indigena-Wichi.jpg\" \/>\n\t<meta property=\"og:image:width\" content=\"1280\" \/>\n\t<meta property=\"og:image:height\" content=\"720\" \/>\n\t<meta property=\"og:image:type\" content=\"image\/jpeg\" \/>\n<meta name=\"author\" content=\"Pedro Pozas Terrados\" \/>\n<meta name=\"twitter:card\" content=\"summary_large_image\" \/>\n<meta name=\"twitter:creator\" content=\"@PressenzaIPA\" \/>\n<meta name=\"twitter:site\" content=\"@PressenzaIPA\" \/>\n<meta name=\"twitter:label1\" content=\"\u00c9crit par\" \/>\n\t<meta name=\"twitter:data1\" content=\"Pedro Pozas Terrados\" \/>\n\t<meta name=\"twitter:label2\" content=\"Dur\u00e9e de lecture estim\u00e9e\" \/>\n\t<meta name=\"twitter:data2\" content=\"10 minutes\" \/>\n<script type=\"application\/ld+json\" class=\"yoast-schema-graph\">{\"@context\":\"https:\/\/schema.org\",\"@graph\":[{\"@type\":\"Article\",\"@id\":\"https:\/\/www.pressenza.com\/fr\/2023\/07\/face-a-la-crise-climatique-la-sagesse-indigene\/#article\",\"isPartOf\":{\"@id\":\"https:\/\/www.pressenza.com\/fr\/2023\/07\/face-a-la-crise-climatique-la-sagesse-indigene\/\"},\"author\":{\"name\":\"Pedro Pozas Terrados\",\"@id\":\"https:\/\/www.pressenza.com\/fr\/#\/schema\/person\/3e3dc7faa4424387772733d19e115974\"},\"headline\":\"Face \u00e0 la crise climatique : la sagesse indig\u00e8ne\",\"datePublished\":\"2023-07-30T21:16:28+00:00\",\"dateModified\":\"2023-07-31T06:58:19+00:00\",\"mainEntityOfPage\":{\"@id\":\"https:\/\/www.pressenza.com\/fr\/2023\/07\/face-a-la-crise-climatique-la-sagesse-indigene\/\"},\"wordCount\":1956,\"publisher\":{\"@id\":\"https:\/\/www.pressenza.com\/fr\/#organization\"},\"image\":{\"@id\":\"https:\/\/www.pressenza.com\/fr\/2023\/07\/face-a-la-crise-climatique-la-sagesse-indigene\/#primaryimage\"},\"thumbnailUrl\":\"https:\/\/www.pressenza.com\/wp-content\/uploads\/2023\/07\/Ninos-saliendo-escuela-Comunidad-indigena-Wichi.jpg\",\"keywords\":[\"changement climatique\",\"F\u00e9lix D\u00edaz\",\"peuples autochtones\",\"sagesse autochtone\",\"sommets sur le climat\"],\"articleSection\":[\"Am\u00e9rique du Sud\",\"Ecologie et Environnement\",\"International\",\"Peuples originaires\",\"Relations internationales\"],\"inLanguage\":\"fr-FR\"},{\"@type\":\"WebPage\",\"@id\":\"https:\/\/www.pressenza.com\/fr\/2023\/07\/face-a-la-crise-climatique-la-sagesse-indigene\/\",\"url\":\"https:\/\/www.pressenza.com\/fr\/2023\/07\/face-a-la-crise-climatique-la-sagesse-indigene\/\",\"name\":\"Face \u00e0 la crise climatique : la sagesse indig\u00e8ne\",\"isPartOf\":{\"@id\":\"https:\/\/www.pressenza.com\/fr\/#website\"},\"primaryImageOfPage\":{\"@id\":\"https:\/\/www.pressenza.com\/fr\/2023\/07\/face-a-la-crise-climatique-la-sagesse-indigene\/#primaryimage\"},\"image\":{\"@id\":\"https:\/\/www.pressenza.com\/fr\/2023\/07\/face-a-la-crise-climatique-la-sagesse-indigene\/#primaryimage\"},\"thumbnailUrl\":\"https:\/\/www.pressenza.com\/wp-content\/uploads\/2023\/07\/Ninos-saliendo-escuela-Comunidad-indigena-Wichi.jpg\",\"datePublished\":\"2023-07-30T21:16:28+00:00\",\"dateModified\":\"2023-07-31T06:58:19+00:00\",\"description\":\"Toutes les mesures et tous les accords conclus par les gouvernements du monde, tous les \u00e9v\u00e9nements internationaux visant \u00e0 att\u00e9nuer la crise climatique,\",\"breadcrumb\":{\"@id\":\"https:\/\/www.pressenza.com\/fr\/2023\/07\/face-a-la-crise-climatique-la-sagesse-indigene\/#breadcrumb\"},\"inLanguage\":\"fr-FR\",\"potentialAction\":[{\"@type\":\"ReadAction\",\"target\":[\"https:\/\/www.pressenza.com\/fr\/2023\/07\/face-a-la-crise-climatique-la-sagesse-indigene\/\"]}]},{\"@type\":\"ImageObject\",\"inLanguage\":\"fr-FR\",\"@id\":\"https:\/\/www.pressenza.com\/fr\/2023\/07\/face-a-la-crise-climatique-la-sagesse-indigene\/#primaryimage\",\"url\":\"https:\/\/www.pressenza.com\/wp-content\/uploads\/2023\/07\/Ninos-saliendo-escuela-Comunidad-indigena-Wichi.jpg\",\"contentUrl\":\"https:\/\/www.pressenza.com\/wp-content\/uploads\/2023\/07\/Ninos-saliendo-escuela-Comunidad-indigena-Wichi.jpg\",\"width\":1280,\"height\":720},{\"@type\":\"BreadcrumbList\",\"@id\":\"https:\/\/www.pressenza.com\/fr\/2023\/07\/face-a-la-crise-climatique-la-sagesse-indigene\/#breadcrumb\",\"itemListElement\":[{\"@type\":\"ListItem\",\"position\":1,\"name\":\"Accueil\",\"item\":\"https:\/\/www.pressenza.com\/fr\/\"},{\"@type\":\"ListItem\",\"position\":2,\"name\":\"Face \u00e0 la crise climatique : la sagesse indig\u00e8ne\"}]},{\"@type\":\"WebSite\",\"@id\":\"https:\/\/www.pressenza.com\/fr\/#website\",\"url\":\"https:\/\/www.pressenza.com\/fr\/\",\"name\":\"Pressenza\",\"description\":\"International Press Agency\",\"publisher\":{\"@id\":\"https:\/\/www.pressenza.com\/fr\/#organization\"},\"potentialAction\":[{\"@type\":\"SearchAction\",\"target\":{\"@type\":\"EntryPoint\",\"urlTemplate\":\"https:\/\/www.pressenza.com\/fr\/?s={search_term_string}\"},\"query-input\":{\"@type\":\"PropertyValueSpecification\",\"valueRequired\":true,\"valueName\":\"search_term_string\"}}],\"inLanguage\":\"fr-FR\"},{\"@type\":\"Organization\",\"@id\":\"https:\/\/www.pressenza.com\/fr\/#organization\",\"name\":\"Pressenza\",\"url\":\"https:\/\/www.pressenza.com\/fr\/\",\"logo\":{\"@type\":\"ImageObject\",\"inLanguage\":\"fr-FR\",\"@id\":\"https:\/\/www.pressenza.com\/fr\/#\/schema\/logo\/image\/\",\"url\":\"https:\/\/www.pressenza.com\/wp-content\/uploads\/2022\/10\/pressenza_logo_200x200.jpg\",\"contentUrl\":\"https:\/\/www.pressenza.com\/wp-content\/uploads\/2022\/10\/pressenza_logo_200x200.jpg\",\"width\":200,\"height\":200,\"caption\":\"Pressenza\"},\"image\":{\"@id\":\"https:\/\/www.pressenza.com\/fr\/#\/schema\/logo\/image\/\"},\"sameAs\":[\"https:\/\/www.facebook.com\/PressenzaItalia\",\"https:\/\/x.com\/PressenzaIPA\"]},{\"@type\":\"Person\",\"@id\":\"https:\/\/www.pressenza.com\/fr\/#\/schema\/person\/3e3dc7faa4424387772733d19e115974\",\"name\":\"Pedro Pozas Terrados\",\"description\":\"Escritor, naturalista, poeta, amante de la vida y defensor de la madre Tierra, investigador, cr\u00edtico y aventurero Profesionalmente ha trabajado 37 a\u00f1os en la defensa del medio ambiente como funcionario del Ministerio del Interior. De forma altruista es el Director Ejecutivo del Proyecto Gran Simio, una Organizaci\u00f3n que desde hace m\u00e1s de dos d\u00e9cadas lucha por los derechos b\u00e1sicos de los grandes simios, la conservaci\u00f3n de su h\u00e1bitat y la protecci\u00f3n de los pueblos ind\u00edgenas, verdaderos guardianes de nuestro planeta. Dibujante a l\u00e1piz y acuarela, con m\u00e1s de 300 l\u00e1minas de temas naturalistas y 12 cuadernos de campo. Es autor de 13 libros y coautor de ocho m\u00e1s. Descubridor de varias cuevas, una de ellas catalogada por la Comunidad de Castilla La Mancha de inter\u00e9s hist\u00f3rico y etnogr\u00e1fico con hallazgo en la misma de inscripciones de cronolog\u00eda antigua medieval.\",\"url\":\"https:\/\/www.pressenza.com\/fr\/author\/pedro-pozas-terrado\/\"}]}<\/script>\n<!-- \/ Yoast SEO plugin. -->","yoast_head_json":{"title":"Face \u00e0 la crise climatique : la sagesse indig\u00e8ne","description":"Toutes les mesures et tous les accords conclus par les gouvernements du monde, tous les \u00e9v\u00e9nements internationaux visant \u00e0 att\u00e9nuer la crise climatique,","robots":{"index":"index","follow":"follow","max-snippet":"max-snippet:-1","max-image-preview":"max-image-preview:large","max-video-preview":"max-video-preview:-1"},"canonical":"https:\/\/www.pressenza.com\/fr\/2023\/07\/face-a-la-crise-climatique-la-sagesse-indigene\/","og_locale":"fr_FR","og_type":"article","og_title":"Face \u00e0 la crise climatique : la sagesse indig\u00e8ne","og_description":"Toutes les mesures et tous les accords conclus par les gouvernements du monde, tous les \u00e9v\u00e9nements internationaux visant \u00e0 att\u00e9nuer la crise climatique,","og_url":"https:\/\/www.pressenza.com\/fr\/2023\/07\/face-a-la-crise-climatique-la-sagesse-indigene\/","og_site_name":"Pressenza","article_publisher":"https:\/\/www.facebook.com\/PressenzaItalia","article_published_time":"2023-07-30T21:16:28+00:00","article_modified_time":"2023-07-31T06:58:19+00:00","og_image":[{"width":1280,"height":720,"url":"https:\/\/www.pressenza.com\/wp-content\/uploads\/2023\/07\/Ninos-saliendo-escuela-Comunidad-indigena-Wichi.jpg","type":"image\/jpeg"}],"author":"Pedro Pozas Terrados","twitter_card":"summary_large_image","twitter_creator":"@PressenzaIPA","twitter_site":"@PressenzaIPA","twitter_misc":{"\u00c9crit par":"Pedro Pozas Terrados","Dur\u00e9e de lecture estim\u00e9e":"10 minutes"},"schema":{"@context":"https:\/\/schema.org","@graph":[{"@type":"Article","@id":"https:\/\/www.pressenza.com\/fr\/2023\/07\/face-a-la-crise-climatique-la-sagesse-indigene\/#article","isPartOf":{"@id":"https:\/\/www.pressenza.com\/fr\/2023\/07\/face-a-la-crise-climatique-la-sagesse-indigene\/"},"author":{"name":"Pedro Pozas Terrados","@id":"https:\/\/www.pressenza.com\/fr\/#\/schema\/person\/3e3dc7faa4424387772733d19e115974"},"headline":"Face \u00e0 la crise climatique : la sagesse indig\u00e8ne","datePublished":"2023-07-30T21:16:28+00:00","dateModified":"2023-07-31T06:58:19+00:00","mainEntityOfPage":{"@id":"https:\/\/www.pressenza.com\/fr\/2023\/07\/face-a-la-crise-climatique-la-sagesse-indigene\/"},"wordCount":1956,"publisher":{"@id":"https:\/\/www.pressenza.com\/fr\/#organization"},"image":{"@id":"https:\/\/www.pressenza.com\/fr\/2023\/07\/face-a-la-crise-climatique-la-sagesse-indigene\/#primaryimage"},"thumbnailUrl":"https:\/\/www.pressenza.com\/wp-content\/uploads\/2023\/07\/Ninos-saliendo-escuela-Comunidad-indigena-Wichi.jpg","keywords":["changement climatique","F\u00e9lix D\u00edaz","peuples autochtones","sagesse autochtone","sommets sur le climat"],"articleSection":["Am\u00e9rique du Sud","Ecologie et Environnement","International","Peuples originaires","Relations internationales"],"inLanguage":"fr-FR"},{"@type":"WebPage","@id":"https:\/\/www.pressenza.com\/fr\/2023\/07\/face-a-la-crise-climatique-la-sagesse-indigene\/","url":"https:\/\/www.pressenza.com\/fr\/2023\/07\/face-a-la-crise-climatique-la-sagesse-indigene\/","name":"Face \u00e0 la crise climatique : la sagesse indig\u00e8ne","isPartOf":{"@id":"https:\/\/www.pressenza.com\/fr\/#website"},"primaryImageOfPage":{"@id":"https:\/\/www.pressenza.com\/fr\/2023\/07\/face-a-la-crise-climatique-la-sagesse-indigene\/#primaryimage"},"image":{"@id":"https:\/\/www.pressenza.com\/fr\/2023\/07\/face-a-la-crise-climatique-la-sagesse-indigene\/#primaryimage"},"thumbnailUrl":"https:\/\/www.pressenza.com\/wp-content\/uploads\/2023\/07\/Ninos-saliendo-escuela-Comunidad-indigena-Wichi.jpg","datePublished":"2023-07-30T21:16:28+00:00","dateModified":"2023-07-31T06:58:19+00:00","description":"Toutes les mesures et tous les accords conclus par les gouvernements du monde, tous les \u00e9v\u00e9nements internationaux visant \u00e0 att\u00e9nuer la crise climatique,","breadcrumb":{"@id":"https:\/\/www.pressenza.com\/fr\/2023\/07\/face-a-la-crise-climatique-la-sagesse-indigene\/#breadcrumb"},"inLanguage":"fr-FR","potentialAction":[{"@type":"ReadAction","target":["https:\/\/www.pressenza.com\/fr\/2023\/07\/face-a-la-crise-climatique-la-sagesse-indigene\/"]}]},{"@type":"ImageObject","inLanguage":"fr-FR","@id":"https:\/\/www.pressenza.com\/fr\/2023\/07\/face-a-la-crise-climatique-la-sagesse-indigene\/#primaryimage","url":"https:\/\/www.pressenza.com\/wp-content\/uploads\/2023\/07\/Ninos-saliendo-escuela-Comunidad-indigena-Wichi.jpg","contentUrl":"https:\/\/www.pressenza.com\/wp-content\/uploads\/2023\/07\/Ninos-saliendo-escuela-Comunidad-indigena-Wichi.jpg","width":1280,"height":720},{"@type":"BreadcrumbList","@id":"https:\/\/www.pressenza.com\/fr\/2023\/07\/face-a-la-crise-climatique-la-sagesse-indigene\/#breadcrumb","itemListElement":[{"@type":"ListItem","position":1,"name":"Accueil","item":"https:\/\/www.pressenza.com\/fr\/"},{"@type":"ListItem","position":2,"name":"Face \u00e0 la crise climatique : la sagesse indig\u00e8ne"}]},{"@type":"WebSite","@id":"https:\/\/www.pressenza.com\/fr\/#website","url":"https:\/\/www.pressenza.com\/fr\/","name":"Pressenza","description":"International Press Agency","publisher":{"@id":"https:\/\/www.pressenza.com\/fr\/#organization"},"potentialAction":[{"@type":"SearchAction","target":{"@type":"EntryPoint","urlTemplate":"https:\/\/www.pressenza.com\/fr\/?s={search_term_string}"},"query-input":{"@type":"PropertyValueSpecification","valueRequired":true,"valueName":"search_term_string"}}],"inLanguage":"fr-FR"},{"@type":"Organization","@id":"https:\/\/www.pressenza.com\/fr\/#organization","name":"Pressenza","url":"https:\/\/www.pressenza.com\/fr\/","logo":{"@type":"ImageObject","inLanguage":"fr-FR","@id":"https:\/\/www.pressenza.com\/fr\/#\/schema\/logo\/image\/","url":"https:\/\/www.pressenza.com\/wp-content\/uploads\/2022\/10\/pressenza_logo_200x200.jpg","contentUrl":"https:\/\/www.pressenza.com\/wp-content\/uploads\/2022\/10\/pressenza_logo_200x200.jpg","width":200,"height":200,"caption":"Pressenza"},"image":{"@id":"https:\/\/www.pressenza.com\/fr\/#\/schema\/logo\/image\/"},"sameAs":["https:\/\/www.facebook.com\/PressenzaItalia","https:\/\/x.com\/PressenzaIPA"]},{"@type":"Person","@id":"https:\/\/www.pressenza.com\/fr\/#\/schema\/person\/3e3dc7faa4424387772733d19e115974","name":"Pedro Pozas Terrados","description":"Escritor, naturalista, poeta, amante de la vida y defensor de la madre Tierra, investigador, cr\u00edtico y aventurero Profesionalmente ha trabajado 37 a\u00f1os en la defensa del medio ambiente como funcionario del Ministerio del Interior. De forma altruista es el Director Ejecutivo del Proyecto Gran Simio, una Organizaci\u00f3n que desde hace m\u00e1s de dos d\u00e9cadas lucha por los derechos b\u00e1sicos de los grandes simios, la conservaci\u00f3n de su h\u00e1bitat y la protecci\u00f3n de los pueblos ind\u00edgenas, verdaderos guardianes de nuestro planeta. Dibujante a l\u00e1piz y acuarela, con m\u00e1s de 300 l\u00e1minas de temas naturalistas y 12 cuadernos de campo. Es autor de 13 libros y coautor de ocho m\u00e1s. Descubridor de varias cuevas, una de ellas catalogada por la Comunidad de Castilla La Mancha de inter\u00e9s hist\u00f3rico y etnogr\u00e1fico con hallazgo en la misma de inscripciones de cronolog\u00eda antigua medieval.","url":"https:\/\/www.pressenza.com\/fr\/author\/pedro-pozas-terrado\/"}]}},"place":"","original_article_url":"","_links":{"self":[{"href":"https:\/\/www.pressenza.com\/fr\/wp-json\/wp\/v2\/posts\/1754724","targetHints":{"allow":["GET"]}}],"collection":[{"href":"https:\/\/www.pressenza.com\/fr\/wp-json\/wp\/v2\/posts"}],"about":[{"href":"https:\/\/www.pressenza.com\/fr\/wp-json\/wp\/v2\/types\/post"}],"author":[{"embeddable":true,"href":"https:\/\/www.pressenza.com\/fr\/wp-json\/wp\/v2\/users\/2023"}],"replies":[{"embeddable":true,"href":"https:\/\/www.pressenza.com\/fr\/wp-json\/wp\/v2\/comments?post=1754724"}],"version-history":[{"count":0,"href":"https:\/\/www.pressenza.com\/fr\/wp-json\/wp\/v2\/posts\/1754724\/revisions"}],"wp:featuredmedia":[{"embeddable":true,"href":"https:\/\/www.pressenza.com\/fr\/wp-json\/wp\/v2\/media\/1754728"}],"wp:attachment":[{"href":"https:\/\/www.pressenza.com\/fr\/wp-json\/wp\/v2\/media?parent=1754724"}],"wp:term":[{"taxonomy":"category","embeddable":true,"href":"https:\/\/www.pressenza.com\/fr\/wp-json\/wp\/v2\/categories?post=1754724"},{"taxonomy":"post_tag","embeddable":true,"href":"https:\/\/www.pressenza.com\/fr\/wp-json\/wp\/v2\/tags?post=1754724"}],"curies":[{"name":"wp","href":"https:\/\/api.w.org\/{rel}","templated":true}]}}