{"id":1749403,"date":"2023-07-02T22:05:14","date_gmt":"2023-07-02T21:05:14","guid":{"rendered":"https:\/\/www.pressenza.com\/?p=1749403"},"modified":"2023-07-02T22:05:14","modified_gmt":"2023-07-02T21:05:14","slug":"femmes-du-monde-pour-la-paix-unies-contre-lotan-declaration-pour-la-paix","status":"publish","type":"post","link":"https:\/\/www.pressenza.com\/fr\/2023\/07\/femmes-du-monde-pour-la-paix-unies-contre-lotan-declaration-pour-la-paix\/","title":{"rendered":"Femmes du monde pour la paix, unies contre l&rsquo;OTAN : D\u00e9claration pour la paix"},"content":{"rendered":"<p align=\"justify\">Nous sommes des femmes du monde entier qui aimons profond\u00e9ment notre plan\u00e8te. Nous ch\u00e9rissons les principes universels d&rsquo;\u00e9galit\u00e9, de justice et de paix affirm\u00e9s par la Charte des Nations Unies et la D\u00e9claration universelle des droits humains ; nous luttons pour l&rsquo;affirmation des droits des femmes et des peuples, contre toutes les formes de violence, d&rsquo;exploitation et de discrimination.<\/p>\n<p align=\"justify\">Depuis des d\u00e9cennies, nous sommes engag\u00e9es dans la recherche d&rsquo;une paix globale, d&rsquo;un nouvel ordre mondial qui abolirait la guerre. Nous reconnaissons le r\u00f4le du capitalisme dans la cr\u00e9ation du militarisme et de la guerre, et nous voulons une nouvelle s\u00e9curit\u00e9, non militaris\u00e9e, qui garantirait la vie et la sant\u00e9 des g\u00e9n\u00e9rations pr\u00e9sentes et futures de tous les habitants de cette plan\u00e8te &#8211; et de la plan\u00e8te elle-m\u00eame.<\/p>\n<p class=\"western\" align=\"justify\"><span lang=\"it-IT\">Notre aspiration pour la paix est aujourd&rsquo;hui menac\u00e9e par l&rsquo;escalade de la course aux armements et le risque de guerre nucl\u00e9aire, le renforcement des alliances militaires et la militarisation des relations internationales. Tout cela risque de conduire l&rsquo;humanit\u00e9 \u00e0 la catastrophe. Les d\u00e9cisions prises par l&rsquo;OTAN depuis 1991 sont en grande partie responsables du d\u00e9veloppement de cette confrontation mondiale. La derni\u00e8re \u00e9tape de ce processus politique est le \u00ab\u00a0nouveau concept strat\u00e9gique\u00a0\u00bb adopt\u00e9 lors du dernier sommet des chefs d&rsquo;\u00c9tat de l&rsquo;OTAN \u00e0 Madrid en 2022.<\/span><\/p>\n<p align=\"justify\">Le Nouveau concept strat\u00e9gique continue d&rsquo;\u00e9tablir des r\u00f4les et des t\u00e2ches qui vont bien au-del\u00e0 des objectifs \u00ab\u00a0d\u00e9fensifs\u00a0\u00bb initiaux de l&rsquo;OTAN et qui remplacent des fonctions et des t\u00e2ches relevant de la seule responsabilit\u00e9 des Nations unies. L&rsquo;OTAN, de plus en plus globale et agissant dans l&rsquo;int\u00e9r\u00eat des nations riches de l&rsquo;Occident, a \u00e9tendu ses activit\u00e9s jusqu&rsquo;au Pacifique. Elle cherche \u00e0 imposer un \u00ab\u00a0mod\u00e8le de civilisation\u00a0\u00bb bien au-del\u00e0 de la zone euro-atlantique du trait\u00e9 initial.<\/p>\n<p align=\"justify\">Le nouveau concept strat\u00e9gique est en totale contradiction avec \u00ab\u00a0l&rsquo;esprit d&rsquo;Helsinki\u00a0\u00bb qui pr\u00f4ne la coop\u00e9ration pacifique entre les \u00c9tats et le rejet de la menace ou de l&rsquo;usage de la force.<\/p>\n<p align=\"justify\">Cette reconfiguration offensive de l&rsquo;OTAN est en contradiction flagrante avec les principes constitutionnels de nombreux \u00c9tats membres. Souvent approuv\u00e9e sans le consentement des parlements nationaux, elle est \u00e9galement en contradiction avec le d\u00e9sir manifeste de paix d&rsquo;un grand nombre de peuples des \u00c9tats membres de l&rsquo;OTAN.<\/p>\n<p align=\"justify\">Alors que beaucoup sont confront\u00e9s \u00e0 une grave crise du co\u00fbt de la vie, les gouvernements sont tenus par l&rsquo;OTAN d&rsquo;augmenter les d\u00e9penses militaires au-del\u00e0 de 2 % du PIB, afin de r\u00e9pondre au r\u00e9armement fr\u00e9n\u00e9tique en cours. Cette situation s&rsquo;accompagne souvent d&rsquo;une mont\u00e9e de l&rsquo;autoritarisme et de la r\u00e9apparition d&rsquo;id\u00e9ologies n\u00e9ofascistes, nationalistes, x\u00e9nophobes et sexistes, encourag\u00e9es par une culture de plus en plus militaris\u00e9e.<\/p>\n<p align=\"justify\">Le prochain sommet des chefs d&rsquo;\u00c9tat de l&rsquo;OTAN se tiendra \u00e0 Vilnius, en Lituanie, les 11 et 12 juillet. Le Nouveau concept strat\u00e9gique sera \u00e9labor\u00e9 plus en d\u00e9tail, ce qui augmentera le danger mondial, et il y aura des demandes pour de nouvelles augmentations des d\u00e9penses militaires. Un fonds d&rsquo;investissement sp\u00e9cial d&rsquo;un milliard d&rsquo;euros sera mis en place, financ\u00e9 par des fonds publics pour les start-ups et le renouveau technologique ; il encouragera ouvertement le m\u00e9lange de l&rsquo;\u00e9ducation scientifique et de la formation des jeunes avec la recherche militaire.<\/p>\n<p align=\"justify\">Le sommet de Vilnius proposera \u00e9galement une nouvelle \u00ab\u00a0approche de genre\u00a0\u00bb, encourageant la promotion de femmes \u00e0 des postes de haut niveau au sein de l&rsquo;OTAN.<\/p>\n<p align=\"justify\">En tant que femmes de paix, nous rejetons l&rsquo;OTAN et sa vision du monde. Elle alimente l&rsquo;instabilit\u00e9 et exacerbe les conflits internationaux. Elle est inconciliable avec notre principe de prendre soin du monde &#8211; un principe que nous nous effor\u00e7ons d&rsquo;affirmer au niveau mondial.<\/p>\n<p align=\"justify\">Le temps du colonialisme et de l&rsquo;imp\u00e9rialisme est r\u00e9volu. Le temps de la pr\u00e9tention de l&rsquo;Occident \u00e0 la domination unipolaire et \u00e0 la \u00ab\u00a0supr\u00e9matie morale\u00a0\u00bb est r\u00e9volu. Aujourd&rsquo;hui, nous accueillons un nouvel ordre mondial multipolaire fond\u00e9 sur des d\u00e9cisions partag\u00e9es, sur la justice sociale et environnementale, sur le partage des ressources et des technologies, sur la transition vers des arsenaux militaires nuls. C&rsquo;est ce que nous, les femmes, avons dit lors du sommet de la paix de Madrid l&rsquo;ann\u00e9e derni\u00e8re. Nous le r\u00e9affirmerons \u00e0 l&rsquo;occasion du sommet de l&rsquo;OTAN \u00e0 Vilnius en 2023.<\/p>\n<p align=\"justify\"><strong>Que voulons-nous ?<\/strong><\/p>\n<p align=\"justify\">Nous nous r\u00e9unirons \u00e0 Bruxelles, si\u00e8ge de l&rsquo;OTAN, pour dire :<\/p>\n<ul>\n<li>NON \u00e0 l&rsquo;OTAN mondiale, non aux blocs de plus en plus militaris\u00e9s, non \u00e0 la guerre comme mode de r\u00e8glement des diff\u00e9rends internationaux.<\/li>\n<li>Non \u00e0 la militarisation de la recherche scientifique. Les jeunes g\u00e9n\u00e9rations ont droit \u00e0 une \u00e9ducation la\u00efque et d\u00e9mocratique, inspir\u00e9e par les valeurs de la coexistence pacifique entre les peuples et les \u00c9tats.<\/li>\n<li>Non \u00e0 l&rsquo;implication des femmes dans les plans de guerre du patriarcat. Non \u00e0 toute \u00ab\u00a0approche de genre\u00a0\u00bb au sein de l&rsquo;OTAN. Confier aux femmes des r\u00f4les de premier plan au sein d&rsquo;une organisation militaire belliciste ne contribuera en rien \u00e0 promouvoir les principes d&rsquo;\u00e9galit\u00e9, de justice et de paix qui sous-tendent les luttes des femmes pour la libert\u00e9.<\/li>\n<\/ul>\n<p align=\"justify\">En revanche, nous disons oui au respect des intentions authentiques de la r\u00e9solution 1325 de l&rsquo;ONU sur la participation des femmes aux n\u00e9gociations et aux processus de paix.<\/p>\n<p align=\"justify\">Nous pr\u00e9voyons d&rsquo;aborder tous ces points \u00e0 Bruxelles. Nous organiserons une discussion ouverte les 7 et 8 juillet 2023, et nous invitons les femmes du monde entier \u00e0 se joindre \u00e0 nous &#8211; qu&rsquo;elles soient ou non des pays membres de l&rsquo;OTAN. Nous souhaitons la bienvenue \u00e0 tous ceux et celles qui partagent ces objectifs avec nous &#8211; pour parler en faveur de la paix, de la vie et de la lib\u00e9ration des femmes.<\/p>\n<p class=\"western\" align=\"justify\">Vous pouvez signer la D\u00e9claration des femmes pour la paix ici :<\/p>\n<p class=\"western\" align=\"justify\"><span style=\"color: #0000ff;\"><u><a href=\"https:\/\/womenagainstnato.org\/declaration\/\"><span lang=\"it-IT\">https:\/\/womenagainstnato.org\/declaration\/<\/span><\/a><\/u><\/span><\/p>\n","protected":false},"excerpt":{"rendered":"<p>Nous sommes des femmes du monde entier qui aimons profond\u00e9ment notre plan\u00e8te. Nous ch\u00e9rissons les principes universels d&rsquo;\u00e9galit\u00e9, de justice et de paix affirm\u00e9s par la Charte des Nations Unies et la D\u00e9claration universelle des droits humains ; nous luttons&hellip;<\/p>\n","protected":false},"author":1483,"featured_media":1749411,"comment_status":"closed","ping_status":"closed","sticky":false,"template":"","format":"standard","meta":{"footnotes":""},"categories":[54509,163,1250],"tags":[114157,1600,111423,111713],"class_list":["post-1749403","post","type-post","status-publish","format-standard","has-post-thumbnail","hentry","category-genre-et-feminismes","category-opinion-fr","category-paix-desarmement","tag-declaration-de-paix","tag-femmes","tag-nato-fr","tag-otan-fr-2"],"yoast_head":"<!-- This site is optimized with the Yoast SEO plugin v27.1.1 - https:\/\/yoast.com\/product\/yoast-seo-wordpress\/ -->\n<title>Femmes du monde pour la paix, unies contre l&#039;OTAN : D\u00e9claration pour la paix<\/title>\n<meta name=\"description\" content=\"Nous sommes des femmes du monde entier qui aimons profond\u00e9ment notre plan\u00e8te. Nous ch\u00e9rissons les principes universels d&#039;\u00e9galit\u00e9, de justice et de paix\" \/>\n<meta name=\"robots\" content=\"index, follow, max-snippet:-1, max-image-preview:large, max-video-preview:-1\" \/>\n<link rel=\"canonical\" href=\"https:\/\/www.pressenza.com\/fr\/2023\/07\/femmes-du-monde-pour-la-paix-unies-contre-lotan-declaration-pour-la-paix\/\" \/>\n<meta property=\"og:locale\" content=\"fr_FR\" \/>\n<meta property=\"og:type\" content=\"article\" \/>\n<meta property=\"og:title\" content=\"Femmes du monde pour la paix, unies contre l&#039;OTAN : D\u00e9claration pour la paix\" \/>\n<meta property=\"og:description\" content=\"Nous sommes des femmes du monde entier qui aimons profond\u00e9ment notre plan\u00e8te. Nous ch\u00e9rissons les principes universels d&#039;\u00e9galit\u00e9, de justice et de paix\" \/>\n<meta property=\"og:url\" content=\"https:\/\/www.pressenza.com\/fr\/2023\/07\/femmes-du-monde-pour-la-paix-unies-contre-lotan-declaration-pour-la-paix\/\" \/>\n<meta property=\"og:site_name\" content=\"Pressenza\" \/>\n<meta property=\"article:publisher\" content=\"https:\/\/www.facebook.com\/PressenzaItalia\" \/>\n<meta property=\"article:published_time\" content=\"2023-07-02T21:05:14+00:00\" \/>\n<meta property=\"og:image\" content=\"https:\/\/www.pressenza.com\/wp-content\/uploads\/2023\/07\/WhatsApp-Image-2023-07-02-at-15.03.02.jpeg\" \/>\n\t<meta property=\"og:image:width\" content=\"1080\" \/>\n\t<meta property=\"og:image:height\" content=\"1080\" \/>\n\t<meta property=\"og:image:type\" content=\"image\/jpeg\" \/>\n<meta name=\"author\" content=\"WILPF (Women&#039;s International League for Peace and Freedom)\" \/>\n<meta name=\"twitter:card\" content=\"summary_large_image\" \/>\n<meta name=\"twitter:creator\" content=\"@PressenzaIPA\" \/>\n<meta name=\"twitter:site\" content=\"@PressenzaIPA\" \/>\n<meta name=\"twitter:label1\" content=\"\u00c9crit par\" \/>\n\t<meta name=\"twitter:data1\" content=\"WILPF (Women&#039;s International League for Peace and Freedom)\" \/>\n\t<meta name=\"twitter:label2\" content=\"Dur\u00e9e de lecture estim\u00e9e\" \/>\n\t<meta name=\"twitter:data2\" content=\"5 minutes\" \/>\n<script type=\"application\/ld+json\" class=\"yoast-schema-graph\">{\"@context\":\"https:\/\/schema.org\",\"@graph\":[{\"@type\":\"Article\",\"@id\":\"https:\/\/www.pressenza.com\/fr\/2023\/07\/femmes-du-monde-pour-la-paix-unies-contre-lotan-declaration-pour-la-paix\/#article\",\"isPartOf\":{\"@id\":\"https:\/\/www.pressenza.com\/fr\/2023\/07\/femmes-du-monde-pour-la-paix-unies-contre-lotan-declaration-pour-la-paix\/\"},\"author\":{\"name\":\"WILPF (Women's International League for Peace and Freedom)\",\"@id\":\"https:\/\/www.pressenza.com\/fr\/#\/schema\/person\/1e335f91597008dacd72b0656edb10e0\"},\"headline\":\"Femmes du monde pour la paix, unies contre l&rsquo;OTAN : D\u00e9claration pour la paix\",\"datePublished\":\"2023-07-02T21:05:14+00:00\",\"mainEntityOfPage\":{\"@id\":\"https:\/\/www.pressenza.com\/fr\/2023\/07\/femmes-du-monde-pour-la-paix-unies-contre-lotan-declaration-pour-la-paix\/\"},\"wordCount\":1044,\"publisher\":{\"@id\":\"https:\/\/www.pressenza.com\/fr\/#organization\"},\"image\":{\"@id\":\"https:\/\/www.pressenza.com\/fr\/2023\/07\/femmes-du-monde-pour-la-paix-unies-contre-lotan-declaration-pour-la-paix\/#primaryimage\"},\"thumbnailUrl\":\"https:\/\/www.pressenza.com\/wp-content\/uploads\/2023\/07\/WhatsApp-Image-2023-07-02-at-15.03.02.jpeg\",\"keywords\":[\"D\u00e9claration de paix\",\"femmes\",\"NATO\",\"OTAN\"],\"articleSection\":[\"Genre et f\u00e9minismes\",\"Opinion\",\"Paix et D\u00e9sarmement\"],\"inLanguage\":\"fr-FR\"},{\"@type\":\"WebPage\",\"@id\":\"https:\/\/www.pressenza.com\/fr\/2023\/07\/femmes-du-monde-pour-la-paix-unies-contre-lotan-declaration-pour-la-paix\/\",\"url\":\"https:\/\/www.pressenza.com\/fr\/2023\/07\/femmes-du-monde-pour-la-paix-unies-contre-lotan-declaration-pour-la-paix\/\",\"name\":\"Femmes du monde pour la paix, unies contre l'OTAN : D\u00e9claration pour la paix\",\"isPartOf\":{\"@id\":\"https:\/\/www.pressenza.com\/fr\/#website\"},\"primaryImageOfPage\":{\"@id\":\"https:\/\/www.pressenza.com\/fr\/2023\/07\/femmes-du-monde-pour-la-paix-unies-contre-lotan-declaration-pour-la-paix\/#primaryimage\"},\"image\":{\"@id\":\"https:\/\/www.pressenza.com\/fr\/2023\/07\/femmes-du-monde-pour-la-paix-unies-contre-lotan-declaration-pour-la-paix\/#primaryimage\"},\"thumbnailUrl\":\"https:\/\/www.pressenza.com\/wp-content\/uploads\/2023\/07\/WhatsApp-Image-2023-07-02-at-15.03.02.jpeg\",\"datePublished\":\"2023-07-02T21:05:14+00:00\",\"description\":\"Nous sommes des femmes du monde entier qui aimons profond\u00e9ment notre plan\u00e8te. Nous ch\u00e9rissons les principes universels d'\u00e9galit\u00e9, de justice et de paix\",\"breadcrumb\":{\"@id\":\"https:\/\/www.pressenza.com\/fr\/2023\/07\/femmes-du-monde-pour-la-paix-unies-contre-lotan-declaration-pour-la-paix\/#breadcrumb\"},\"inLanguage\":\"fr-FR\",\"potentialAction\":[{\"@type\":\"ReadAction\",\"target\":[\"https:\/\/www.pressenza.com\/fr\/2023\/07\/femmes-du-monde-pour-la-paix-unies-contre-lotan-declaration-pour-la-paix\/\"]}]},{\"@type\":\"ImageObject\",\"inLanguage\":\"fr-FR\",\"@id\":\"https:\/\/www.pressenza.com\/fr\/2023\/07\/femmes-du-monde-pour-la-paix-unies-contre-lotan-declaration-pour-la-paix\/#primaryimage\",\"url\":\"https:\/\/www.pressenza.com\/wp-content\/uploads\/2023\/07\/WhatsApp-Image-2023-07-02-at-15.03.02.jpeg\",\"contentUrl\":\"https:\/\/www.pressenza.com\/wp-content\/uploads\/2023\/07\/WhatsApp-Image-2023-07-02-at-15.03.02.jpeg\",\"width\":1080,\"height\":1080},{\"@type\":\"BreadcrumbList\",\"@id\":\"https:\/\/www.pressenza.com\/fr\/2023\/07\/femmes-du-monde-pour-la-paix-unies-contre-lotan-declaration-pour-la-paix\/#breadcrumb\",\"itemListElement\":[{\"@type\":\"ListItem\",\"position\":1,\"name\":\"Accueil\",\"item\":\"https:\/\/www.pressenza.com\/fr\/\"},{\"@type\":\"ListItem\",\"position\":2,\"name\":\"Femmes du monde pour la paix, unies contre l&rsquo;OTAN : D\u00e9claration pour la paix\"}]},{\"@type\":\"WebSite\",\"@id\":\"https:\/\/www.pressenza.com\/fr\/#website\",\"url\":\"https:\/\/www.pressenza.com\/fr\/\",\"name\":\"Pressenza\",\"description\":\"International Press Agency\",\"publisher\":{\"@id\":\"https:\/\/www.pressenza.com\/fr\/#organization\"},\"potentialAction\":[{\"@type\":\"SearchAction\",\"target\":{\"@type\":\"EntryPoint\",\"urlTemplate\":\"https:\/\/www.pressenza.com\/fr\/?s={search_term_string}\"},\"query-input\":{\"@type\":\"PropertyValueSpecification\",\"valueRequired\":true,\"valueName\":\"search_term_string\"}}],\"inLanguage\":\"fr-FR\"},{\"@type\":\"Organization\",\"@id\":\"https:\/\/www.pressenza.com\/fr\/#organization\",\"name\":\"Pressenza\",\"url\":\"https:\/\/www.pressenza.com\/fr\/\",\"logo\":{\"@type\":\"ImageObject\",\"inLanguage\":\"fr-FR\",\"@id\":\"https:\/\/www.pressenza.com\/fr\/#\/schema\/logo\/image\/\",\"url\":\"https:\/\/www.pressenza.com\/wp-content\/uploads\/2022\/10\/pressenza_logo_200x200.jpg\",\"contentUrl\":\"https:\/\/www.pressenza.com\/wp-content\/uploads\/2022\/10\/pressenza_logo_200x200.jpg\",\"width\":200,\"height\":200,\"caption\":\"Pressenza\"},\"image\":{\"@id\":\"https:\/\/www.pressenza.com\/fr\/#\/schema\/logo\/image\/\"},\"sameAs\":[\"https:\/\/www.facebook.com\/PressenzaItalia\",\"https:\/\/x.com\/PressenzaIPA\"]},{\"@type\":\"Person\",\"@id\":\"https:\/\/www.pressenza.com\/fr\/#\/schema\/person\/1e335f91597008dacd72b0656edb10e0\",\"name\":\"WILPF (Women's International League for Peace and Freedom)\",\"description\":\"Il 28 Aprile 1915, per la prima volta nella storia, pi\u00f9 di 1000 donne provenienti da 12 paesi dell\u2019Europa e dell\u2019America si riuniscono in Olanda all\u2019Aja in un Congresso Internazionale, per opporsi alla 1\u00b0 Guerra Mondiale in corso. Tra le delegate all\u2019Aja anche una donna italiana, Rosa Genoni, che sar\u00e0 molto attiva a Milano. Al termine del Congresso viene istituito il Comitato Internazionale delle Donne per la Pace e la Libert\u00e0 che, successivamente, nel 1919 si trasforma nella WOMEN\u2019S INTERNATIONAL LEAGUE FOR PEACE AND FREEDOM (Lega Internazionale di Donne per la Pace e la Libert\u00e0), la prima organizzazione internazionale di donne per la pace che oggi \u00e8 presente in tutti i continenti. La FINALITA\u2019 della WILPF \u00e8 quella di riunire donne di differenti tendenze politiche e filosofiche che vogliono studiare, far conoscere e aiutare ad abolire le cause politiche, sociali, economiche e psicologiche della guerra, e lavorare per la pace. https:\/\/wilpfitalia.wordpress.com\/\",\"sameAs\":[\"https:\/\/wilpfitalia.wordpress.com\/\"],\"url\":\"https:\/\/www.pressenza.com\/fr\/author\/wilpf\/\"}]}<\/script>\n<!-- \/ Yoast SEO plugin. -->","yoast_head_json":{"title":"Femmes du monde pour la paix, unies contre l'OTAN : D\u00e9claration pour la paix","description":"Nous sommes des femmes du monde entier qui aimons profond\u00e9ment notre plan\u00e8te. Nous ch\u00e9rissons les principes universels d'\u00e9galit\u00e9, de justice et de paix","robots":{"index":"index","follow":"follow","max-snippet":"max-snippet:-1","max-image-preview":"max-image-preview:large","max-video-preview":"max-video-preview:-1"},"canonical":"https:\/\/www.pressenza.com\/fr\/2023\/07\/femmes-du-monde-pour-la-paix-unies-contre-lotan-declaration-pour-la-paix\/","og_locale":"fr_FR","og_type":"article","og_title":"Femmes du monde pour la paix, unies contre l'OTAN : D\u00e9claration pour la paix","og_description":"Nous sommes des femmes du monde entier qui aimons profond\u00e9ment notre plan\u00e8te. Nous ch\u00e9rissons les principes universels d'\u00e9galit\u00e9, de justice et de paix","og_url":"https:\/\/www.pressenza.com\/fr\/2023\/07\/femmes-du-monde-pour-la-paix-unies-contre-lotan-declaration-pour-la-paix\/","og_site_name":"Pressenza","article_publisher":"https:\/\/www.facebook.com\/PressenzaItalia","article_published_time":"2023-07-02T21:05:14+00:00","og_image":[{"width":1080,"height":1080,"url":"https:\/\/www.pressenza.com\/wp-content\/uploads\/2023\/07\/WhatsApp-Image-2023-07-02-at-15.03.02.jpeg","type":"image\/jpeg"}],"author":"WILPF (Women's International League for Peace and Freedom)","twitter_card":"summary_large_image","twitter_creator":"@PressenzaIPA","twitter_site":"@PressenzaIPA","twitter_misc":{"\u00c9crit par":"WILPF (Women's International League for Peace and Freedom)","Dur\u00e9e de lecture estim\u00e9e":"5 minutes"},"schema":{"@context":"https:\/\/schema.org","@graph":[{"@type":"Article","@id":"https:\/\/www.pressenza.com\/fr\/2023\/07\/femmes-du-monde-pour-la-paix-unies-contre-lotan-declaration-pour-la-paix\/#article","isPartOf":{"@id":"https:\/\/www.pressenza.com\/fr\/2023\/07\/femmes-du-monde-pour-la-paix-unies-contre-lotan-declaration-pour-la-paix\/"},"author":{"name":"WILPF (Women's International League for Peace and Freedom)","@id":"https:\/\/www.pressenza.com\/fr\/#\/schema\/person\/1e335f91597008dacd72b0656edb10e0"},"headline":"Femmes du monde pour la paix, unies contre l&rsquo;OTAN : D\u00e9claration pour la paix","datePublished":"2023-07-02T21:05:14+00:00","mainEntityOfPage":{"@id":"https:\/\/www.pressenza.com\/fr\/2023\/07\/femmes-du-monde-pour-la-paix-unies-contre-lotan-declaration-pour-la-paix\/"},"wordCount":1044,"publisher":{"@id":"https:\/\/www.pressenza.com\/fr\/#organization"},"image":{"@id":"https:\/\/www.pressenza.com\/fr\/2023\/07\/femmes-du-monde-pour-la-paix-unies-contre-lotan-declaration-pour-la-paix\/#primaryimage"},"thumbnailUrl":"https:\/\/www.pressenza.com\/wp-content\/uploads\/2023\/07\/WhatsApp-Image-2023-07-02-at-15.03.02.jpeg","keywords":["D\u00e9claration de paix","femmes","NATO","OTAN"],"articleSection":["Genre et f\u00e9minismes","Opinion","Paix et D\u00e9sarmement"],"inLanguage":"fr-FR"},{"@type":"WebPage","@id":"https:\/\/www.pressenza.com\/fr\/2023\/07\/femmes-du-monde-pour-la-paix-unies-contre-lotan-declaration-pour-la-paix\/","url":"https:\/\/www.pressenza.com\/fr\/2023\/07\/femmes-du-monde-pour-la-paix-unies-contre-lotan-declaration-pour-la-paix\/","name":"Femmes du monde pour la paix, unies contre l'OTAN : D\u00e9claration pour la paix","isPartOf":{"@id":"https:\/\/www.pressenza.com\/fr\/#website"},"primaryImageOfPage":{"@id":"https:\/\/www.pressenza.com\/fr\/2023\/07\/femmes-du-monde-pour-la-paix-unies-contre-lotan-declaration-pour-la-paix\/#primaryimage"},"image":{"@id":"https:\/\/www.pressenza.com\/fr\/2023\/07\/femmes-du-monde-pour-la-paix-unies-contre-lotan-declaration-pour-la-paix\/#primaryimage"},"thumbnailUrl":"https:\/\/www.pressenza.com\/wp-content\/uploads\/2023\/07\/WhatsApp-Image-2023-07-02-at-15.03.02.jpeg","datePublished":"2023-07-02T21:05:14+00:00","description":"Nous sommes des femmes du monde entier qui aimons profond\u00e9ment notre plan\u00e8te. Nous ch\u00e9rissons les principes universels d'\u00e9galit\u00e9, de justice et de paix","breadcrumb":{"@id":"https:\/\/www.pressenza.com\/fr\/2023\/07\/femmes-du-monde-pour-la-paix-unies-contre-lotan-declaration-pour-la-paix\/#breadcrumb"},"inLanguage":"fr-FR","potentialAction":[{"@type":"ReadAction","target":["https:\/\/www.pressenza.com\/fr\/2023\/07\/femmes-du-monde-pour-la-paix-unies-contre-lotan-declaration-pour-la-paix\/"]}]},{"@type":"ImageObject","inLanguage":"fr-FR","@id":"https:\/\/www.pressenza.com\/fr\/2023\/07\/femmes-du-monde-pour-la-paix-unies-contre-lotan-declaration-pour-la-paix\/#primaryimage","url":"https:\/\/www.pressenza.com\/wp-content\/uploads\/2023\/07\/WhatsApp-Image-2023-07-02-at-15.03.02.jpeg","contentUrl":"https:\/\/www.pressenza.com\/wp-content\/uploads\/2023\/07\/WhatsApp-Image-2023-07-02-at-15.03.02.jpeg","width":1080,"height":1080},{"@type":"BreadcrumbList","@id":"https:\/\/www.pressenza.com\/fr\/2023\/07\/femmes-du-monde-pour-la-paix-unies-contre-lotan-declaration-pour-la-paix\/#breadcrumb","itemListElement":[{"@type":"ListItem","position":1,"name":"Accueil","item":"https:\/\/www.pressenza.com\/fr\/"},{"@type":"ListItem","position":2,"name":"Femmes du monde pour la paix, unies contre l&rsquo;OTAN : D\u00e9claration pour la paix"}]},{"@type":"WebSite","@id":"https:\/\/www.pressenza.com\/fr\/#website","url":"https:\/\/www.pressenza.com\/fr\/","name":"Pressenza","description":"International Press Agency","publisher":{"@id":"https:\/\/www.pressenza.com\/fr\/#organization"},"potentialAction":[{"@type":"SearchAction","target":{"@type":"EntryPoint","urlTemplate":"https:\/\/www.pressenza.com\/fr\/?s={search_term_string}"},"query-input":{"@type":"PropertyValueSpecification","valueRequired":true,"valueName":"search_term_string"}}],"inLanguage":"fr-FR"},{"@type":"Organization","@id":"https:\/\/www.pressenza.com\/fr\/#organization","name":"Pressenza","url":"https:\/\/www.pressenza.com\/fr\/","logo":{"@type":"ImageObject","inLanguage":"fr-FR","@id":"https:\/\/www.pressenza.com\/fr\/#\/schema\/logo\/image\/","url":"https:\/\/www.pressenza.com\/wp-content\/uploads\/2022\/10\/pressenza_logo_200x200.jpg","contentUrl":"https:\/\/www.pressenza.com\/wp-content\/uploads\/2022\/10\/pressenza_logo_200x200.jpg","width":200,"height":200,"caption":"Pressenza"},"image":{"@id":"https:\/\/www.pressenza.com\/fr\/#\/schema\/logo\/image\/"},"sameAs":["https:\/\/www.facebook.com\/PressenzaItalia","https:\/\/x.com\/PressenzaIPA"]},{"@type":"Person","@id":"https:\/\/www.pressenza.com\/fr\/#\/schema\/person\/1e335f91597008dacd72b0656edb10e0","name":"WILPF (Women's International League for Peace and Freedom)","description":"Il 28 Aprile 1915, per la prima volta nella storia, pi\u00f9 di 1000 donne provenienti da 12 paesi dell\u2019Europa e dell\u2019America si riuniscono in Olanda all\u2019Aja in un Congresso Internazionale, per opporsi alla 1\u00b0 Guerra Mondiale in corso. Tra le delegate all\u2019Aja anche una donna italiana, Rosa Genoni, che sar\u00e0 molto attiva a Milano. Al termine del Congresso viene istituito il Comitato Internazionale delle Donne per la Pace e la Libert\u00e0 che, successivamente, nel 1919 si trasforma nella WOMEN\u2019S INTERNATIONAL LEAGUE FOR PEACE AND FREEDOM (Lega Internazionale di Donne per la Pace e la Libert\u00e0), la prima organizzazione internazionale di donne per la pace che oggi \u00e8 presente in tutti i continenti. La FINALITA\u2019 della WILPF \u00e8 quella di riunire donne di differenti tendenze politiche e filosofiche che vogliono studiare, far conoscere e aiutare ad abolire le cause politiche, sociali, economiche e psicologiche della guerra, e lavorare per la pace. https:\/\/wilpfitalia.wordpress.com\/","sameAs":["https:\/\/wilpfitalia.wordpress.com\/"],"url":"https:\/\/www.pressenza.com\/fr\/author\/wilpf\/"}]}},"place":"","original_article_url":"https:\/\/womenagainstnato.org\/declaration\/","_links":{"self":[{"href":"https:\/\/www.pressenza.com\/fr\/wp-json\/wp\/v2\/posts\/1749403","targetHints":{"allow":["GET"]}}],"collection":[{"href":"https:\/\/www.pressenza.com\/fr\/wp-json\/wp\/v2\/posts"}],"about":[{"href":"https:\/\/www.pressenza.com\/fr\/wp-json\/wp\/v2\/types\/post"}],"author":[{"embeddable":true,"href":"https:\/\/www.pressenza.com\/fr\/wp-json\/wp\/v2\/users\/1483"}],"replies":[{"embeddable":true,"href":"https:\/\/www.pressenza.com\/fr\/wp-json\/wp\/v2\/comments?post=1749403"}],"version-history":[{"count":0,"href":"https:\/\/www.pressenza.com\/fr\/wp-json\/wp\/v2\/posts\/1749403\/revisions"}],"wp:featuredmedia":[{"embeddable":true,"href":"https:\/\/www.pressenza.com\/fr\/wp-json\/wp\/v2\/media\/1749411"}],"wp:attachment":[{"href":"https:\/\/www.pressenza.com\/fr\/wp-json\/wp\/v2\/media?parent=1749403"}],"wp:term":[{"taxonomy":"category","embeddable":true,"href":"https:\/\/www.pressenza.com\/fr\/wp-json\/wp\/v2\/categories?post=1749403"},{"taxonomy":"post_tag","embeddable":true,"href":"https:\/\/www.pressenza.com\/fr\/wp-json\/wp\/v2\/tags?post=1749403"}],"curies":[{"name":"wp","href":"https:\/\/api.w.org\/{rel}","templated":true}]}}