{"id":174414,"date":"2015-04-02T23:48:07","date_gmt":"2015-04-02T22:48:07","guid":{"rendered":"http:\/\/www.pressenza.com\/?p=174414"},"modified":"2015-04-02T23:48:07","modified_gmt":"2015-04-02T22:48:07","slug":"reflechir-avec-les-latino-americains-entretien-avec-maurice-lemoine-pour-la-sortie-de-son-livre-les-enfants-caches-du-general-pinochet","status":"publish","type":"post","link":"https:\/\/www.pressenza.com\/fr\/2015\/04\/reflechir-avec-les-latino-americains-entretien-avec-maurice-lemoine-pour-la-sortie-de-son-livre-les-enfants-caches-du-general-pinochet\/","title":{"rendered":"\u201cR\u00e9fl\u00e9chir avec les latino-am\u00e9ricains\u201d : entretien avec Maurice Lemoine pour la sortie de son livre \u201cLes enfants cach\u00e9s du g\u00e9n\u00e9ral Pinochet\u201d"},"content":{"rendered":"<h5>Journaliste et ancien r\u00e9dacteur en chef du Monde diplomatique, Maurice Lemoine (ici au Paraguay) couvre l\u2019Am\u00e9rique Latine depuis plus de quarante ans. Derniers ouvrages parus : \u201c<a href=\"http:\/\/www.amazon.fr\/Chavez-Pr%C3%A9sidente-Maurice-Lemoine\/dp\/2080688251\/ref=asap_bc?ie=UTF8\">Ch\u00e1vez Presidente !<\/a>\u201d, \u00ab<a href=\"http:\/\/www.donquichotte-editions.com\/donquichotte-editions\/Argu.php?ID=23\"> Sur les eaux noires du fleuve <\/a>\u00bb, \u201c<a href=\"http:\/\/www.donquichotte-editions.com\/donquichotte-editions\/Argu.php?ID=35\">Cinq cubains \u00e0 Miami<\/a>\u201d et \u201c<a href=\"http:\/\/www.donquichotte-editions.com\/donquichotte-editions\/Argu.php?ID=98\">Les enfants cach\u00e9s du g\u00e9n\u00e9ral Pinochet<\/a>\u201d<\/h5>\n<h5><em><strong>Depuis l\u2019uniformisation des m\u00e9dias dans les ann\u00e9es 80, l\u2019Am\u00e9rique Latine n\u2019appara\u00eet plus que lorsqu\u2019un pic de d\u00e9sinformation \u00e9pouse un programme de d\u00e9stabilisation ou comme objet victimaire, humanitaire (indig\u00e8nes, \u00e9cologie\u2026). Les 99 % du temps et de l\u2019espace d\u2019un sujet historique restent hors de port\u00e9e de l\u2019occidental.<\/strong><\/em><\/h5>\n<h5>\u00a0\u00a0<strong>Le nouveau livre de Maurice Lemoine que publient les <a href=\"http:\/\/www.donquichotte-editions.com\/donquichotte-editions\/Argu.php?ID=98\">Editions Don Quichotte<\/a>\u00a0jette un pont.\u00a0Les 716 pages des <em>Enfants cach\u00e9s du g\u00e9n\u00e9ral Pinochet<\/em> ont la force du cin\u00e9ma de Francesco Rosi. Le thriller populaire fait avancer l\u2019enqu\u00eate \u00e0 grand renfort de d\u00e9tails \u201cv\u00e9cus\u201d sans renoncer aux surimpressions de cartes et de listes, et finit par nous arracher \u00e0 notre fauteuil comme dans l\u2019<em>Affaire Mattei<\/em>. En plus, ici, les peuples font l\u2019Histoire (ce qui rappelle l\u2019\u00e9pique <em>Salvatore Giuliano<\/em>). Il faut vivre les histoires avant de les raconter, et vivre l\u2019Am\u00e9rique Latine tend \u00e0 rendre meilleur : ce qui nous donne un style aux antipodes de la morgue du journalisme franco-fran\u00e7ais.<\/strong><\/h5>\n<p>__________<\/p>\n<p><strong>Thierry Deronne<\/strong> &#8211; <strong>Cours d\u2019Histoire ou sir\u00e8ne d\u2019alarme ?\u00a0<\/strong><\/p>\n<p><strong>Maurice Lemoine &#8211;<\/strong> En Europe en g\u00e9n\u00e9ral et en France en particulier, bien peu comprennent r\u00e9ellement ce qui se passe en Am\u00e9rique latine depuis la fin des ann\u00e9es 1990. Et bien peu soutiendraient que, depuis cette fin de XXe si\u00e8cle, une s\u00e9rie de coups d\u2019Etat et de tentatives de d\u00e9stabilisation ont secou\u00e9 la r\u00e9gion. Ce constat est \u00e0 l\u2019origine du projet\u00a0: expliquer dans quelles conditions on renverse, aujourd\u2019hui, un Pr\u00e9sident d\u00e9mocratiquement \u00e9lu.<\/p>\n<p>Mais tr\u00e8s vite, un imp\u00e9ratif a surgi : pour expliquer ce qu\u2019est un \u00ab\u00a0coup d\u2019Etat moderne\u00a0\u00bb, encore faut-il en comparer les modalit\u00e9s \u00e0 celles du pass\u00e9. Double objectif\u00a0: rappeler \u00e0 tout le monde (et en particulier aux jeunes\u00a0 g\u00e9n\u00e9rations, pour qui tout cela est bien lointain) que la notion de coup d\u2019Etat ne se r\u00e9sume pas \u00e0 un nom\u00a0: Pinochet. Mettre en \u00e9vidence les diff\u00e9rences entre pass\u00e9 et pr\u00e9sent, mais aussi les points communs (beaucoup plus nombreux qu\u2019on imagine). D\u2019o\u00f9 le r\u00e9sultat inattendu (y compris pour l\u2019auteur\u00a0!)\u00a0: d\u2019un projet modeste \u2013 les <em>\u00ab\u00a0golpes light\u00a0\u00bb <\/em>d\u2019aujourd\u2019hui \u2013 on a d\u00e9bouch\u00e9 sur une histoire plus ambitieuse de l\u2019Am\u00e9rique latine \u00e0 travers les coups d\u2019Etat \u2013 depuis le d\u00e9but de la Guerre froide, car le XIXe si\u00e8cle m\u00e9riterait 700 pages \u00e0 lui tout seul (mais l\u2019\u00e9ditrice aurait craqu\u00e9\u00a0!).<\/p>\n<p><a href=\"https:\/\/venezuelainfos.files.wordpress.com\/2015\/03\/11112114_gr67xm89bo20.jpg\"><img loading=\"lazy\" decoding=\"async\" class=\"size-full wp-image-7071\" src=\"https:\/\/venezuelainfos.files.wordpress.com\/2015\/03\/11112114_gr67xm89bo20.jpg?w=523&amp;h=352\" alt=\"Photo prise par Juan P\u00e9rez Terrero lors de l\u2019invasion de la R\u00e9publique Dominicaine par 42.000 marines en 1965. L'\u00e9tudiant Jacobo Ric\u00f3n r\u00e9siste au soldat \u00e9tats-unien qui lui ordonne de ramasser des ordures.\" width=\"523\" height=\"352\" \/><\/a><\/p>\n<p><strong>T.D. &#8211; Si l\u2019Am\u00e9rique Latine d\u2019aujourd\u2019hui reste menac\u00e9e par les \u201cenfants de Pinochet\u201d, son unit\u00e9 et ses relations multipolaires ne l\u2019\u00e9loignent-elles pas de ce pass\u00e9 ?<\/strong><\/p>\n<p><strong>M.L.<\/strong> \u2013 Quand, le 9 mars 2015, Barack Obama signe un \u00ab\u00a0Executive Order\u00a0\u00bb d\u00e9cr\u00e9tant une \u00ab <a href=\"http:\/\/www.legrandsoir.info\/campagne-internationale-de-solidarite-avec-le-venezuela.html\">urgence nationale \u00bb en r\u00e9ponse \u00e0 \u00ab la menace inhabituelle et extraordinaire \u00bb que repr\u00e9sente le Venezuela\u00a0 \u00ab\u00a0pour la s\u00e9curit\u00e9 nationale et la politique ext\u00e9rieure des Etats-Unis \u00bb<\/a>\u00a0(!!!) et que, d\u00e8s le 14 mars, les Etats membres de l\u2019<em>Unasur <\/em>manifestent leur rejet unanime de ce d\u00e9cret et r\u00e9clament son abrogation, on peut effectivement \u00eatre amen\u00e9 \u00e0 consid\u00e9rer que la nouvelle configuration de l\u2019int\u00e9gration latino-am\u00e9ricaine (Alba, Unasur, Celac), en modifiant profond\u00e9ment les rapports de force et de suj\u00e9tion, rend improbable l\u2019imposition de sa politique au sous-continent par Washington. Mais force est de constater que, malgr\u00e9 cette situation nouvelle, sur les cinq pays cibl\u00e9s depuis 2002 (Venezuela, Ha\u00efti, Bolivie, Equateur, Paraguay), deux ont vu un coup d\u2019Etat r\u00e9ussir\u00a0: le Honduras et le Paraguay. Que l\u2019offensive se poursuit, contre le Venezuela et, \u00e0 un degr\u00e9 moindre, contre l\u2019Argentine. Et que le travail de sape effectu\u00e9 dans la dur\u00e9e par Washington et les oppositions internes, <em>via<\/em> les m\u00e9dias, a globalement r\u00e9ussi \u00e0 neutraliser une analyse rationnelle et une potentielle r\u00e9action de l\u2019\u00ab\u00a0opinion internationale\u00a0\u00bb en cas de coup de force, violent ou insidieux, dans ces pays.<\/p>\n<p><strong>T.D. &#8211; La droite latino-am\u00e9ricaine, minoritaire dans les urnes, est majoritaire m\u00e9diatiquement. En d\u00e9guisant ses campagnes contre le choix des \u00e9lecteurs en \u00abr\u00e9voltes populaires\u00bb contre Maduro, Fernandez, Roussef ou Correa, n\u2019est-ce pas d\u2019abord contre les citoyens europ\u00e9ens que s\u00e9vissent les Paulo Paranagua (\u00ab\u00a0Le Monde\u00a0\u00bb) ? La coupure des occidentaux avec le monde ne risque-t-elle pas de se retourner contre eux ?<\/strong><\/p>\n<p><strong>M.L.<\/strong> \u2013 R\u00e9ponse dans ce titre (parmi la pl\u00e9thore relev\u00e9e quotidiennement) du quotidien <em>Le Monde<\/em> du 19 mars 2015\u00a0: \u00ab\u00a0Alexis Tsipras fait l\u2019unanimit\u00e9 contre lui \u00e0 Bruxelles\u00a0\u00bb (sous-entendu\u00a0: et chez les citoyens civilis\u00e9s). La guerre de propagande d\u00e9clench\u00e9e contre les gouvernements progressistes d\u2019Am\u00e9rique latine par l\u2019infernal trio \u00ab\u00a0\u00e9conomico-politico-m\u00e9diatique \u00bb a pour objet, implicite et explicite, la disqualification de quiconque remet en cause le dogme des dirigeants euro-\u00e9tats-uniens\u00a0: \u00ab\u00a0TINA\u00a0\u00bb (\u00ab\u00a0There is no alternative\u00a0\u00bb). Il faut \u00e0 tout prix qu\u2019\u00e9chouent les exp\u00e9riences diverses men\u00e9es outre-Atlantique pour que la contagion ne s\u2019\u00e9tende pas. Et si, du fait de peuples \u00ab\u00a0irresponsables\u00a0\u00bb, ces exp\u00e9riences, vote apr\u00e8s vote, se voient confirm\u00e9es au pouvoir, il convient de les affaiblir, \u00e0 travers un tissu d\u2019omissions, de distorsions et de contre-v\u00e9rit\u00e9s. Avant, si possible, de les \u00e9liminer.<\/p>\n<p>Comment proc\u00e9der (et on entre l\u00e0 dans le ph\u00e9nom\u00e8ne de la \u00ab\u00a0d\u00e9stabilisation moderne\u00a0\u00bb)\u00a0? A la mani\u00e8re dont, dans l\u2019ar\u00e8ne, le <em>picador <\/em>(journaliste ou assimil\u00e9), mont\u00e9 sur un cheval prot\u00e9g\u00e9 par un capara\u00e7on (la \u00ab\u00a0libert\u00e9 d\u2019expression\u00a0\u00bb), enfonce la pique pour couper les muscles du cou du taureau, avant que ce dernier, d\u00e9j\u00e0 tr\u00e8s diminu\u00e9, ne soit lac\u00e9r\u00e9 par les banderilles des <em>peones<\/em>(\u00e9ditorialistes), qui le rendent \u00ab\u00a0tor\u00e9able\u00a0\u00bb, et qu\u2019enfin le <em>matador<\/em> (le tueur), dans son habit de lumi\u00e8re (le n\u00e9olib\u00e9ralisme), ne le mette \u00e0 mort, se faisant passer sans trop de risques pour un h\u00e9ros (de la d\u00e9mocratie).\u00a0Bien entendu, on a vu parfois certains <em>matadores<\/em> se faire encorner \u2013 tels les c\u00e9l\u00e8bres v\u00e9n\u00e9zu\u00e9liens Pedro Carmona, Carlos Ortega, Leopoldo L\u00f3pez ou Antonio Ledezma, pour ne citer qu\u2019eux \u2013 , mais cette issue contre-nature provoque et la vertueuse indignation des organisateurs et b\u00e9n\u00e9ficiaires financiers de la corrida, et les \u00e9ditoriaux vengeurs de leurs soutiens m\u00e9diatiques (alors que, faut-il le rappeler, le taureau, ce superbe animal pr\u00e9sent\u00e9 comme dangereux, est un herbivore et non un carnassier).\u00a0Pour revenir aux fondamentaux, on n\u2019inventera rien ici en rappelant la c\u00e9l\u00e8bre affirmation de Noam Chomsky\u00a0: <em>\u00ab\u00a0Les medias sont \u00e0 la d\u00e9mocratie ce que la propagande est \u00e0 la dictature.\u00a0\u00bb<\/em><\/p>\n<p><strong>T.D.<em> \u2013 <\/em>On cherchera en vain un programme de parti progressiste occidental proposant de d\u00e9mocratiser la propri\u00e9t\u00e9 des m\u00e9dias, de sevrer le service public de l\u2019imitation suicidaire du priv\u00e9, de lib\u00e9rer la formation journalistique de l\u2019 \u00ab actu \u00bb, bref de retrouver ce \u201c<em>peuple qui discute avec le peuple<\/em>\u201d selon Sartre cit\u00e9 dans ton livre\u2026<\/strong><\/p>\n<p><strong><a href=\"https:\/\/venezuelainfos.files.wordpress.com\/2015\/03\/couv-lemoine_21.jpg\"><img loading=\"lazy\" decoding=\"async\" class=\"  wp-image-7073 alignright\" src=\"https:\/\/venezuelainfos.files.wordpress.com\/2015\/03\/couv-lemoine_21.jpg?w=158&amp;h=226\" alt=\"couv-lemoine_2\" width=\"158\" height=\"226\" \/><\/a>M.L.<\/strong> \u2013 Le malaise est profond, tant chez nombre de citoyens, de moins en moins dupes de la mainmise des groupes de pouvoir financiers sur la nature de l\u2019information (voire le discr\u00e9dit de plus en plus grand des m\u00e9dias), qu\u2019au sein de la profession \u2013 o\u00f9, pour les journalistes consciencieux (et il n\u2019en manque pas), la survie passe par la soumission au \u00ab\u00a0ce qu\u2019il faut dire\u00a0\u00bb et au renoncement \u00e0 l\u2019originalit\u00e9.<\/p>\n<p>En ce sens, en Europe, et en particulier en France, tout reste \u00e0 faire. M\u00eame les plus ardents d\u00e9fenseurs du service public s\u2019arrachent les cheveux\u00a0: concernant l\u2019Am\u00e9rique latine (mais aussi la gauche dite \u00ab\u00a0de gauche\u00a0\u00bb autochtone, mise sur le m\u00eame plan que le Front national pour la discr\u00e9diter), et en mati\u00e8re de \u00ab\u00a0d\u00e9sinformation\u00a0\u00bb, <em>ses<\/em> \u00ab\u00a0commissaires politiques\u00a0\u00bb \u00e0 micros et cam\u00e9ras incorpor\u00e9s r\u00e9ussissent la performance de faire aussi \u00ab\u00a0bien\u00a0\u00bb (comprendre aussi mal) que ceux du priv\u00e9. Pour tous, les lieux communs hostiles valent toujours mieux qu\u2019une enqu\u00eate en bonne et due forme. Quant aux partis progressistes (nous ne parlons pas l\u00e0 de l\u2019actuelle gauche de gouvernement), ils n\u2019ont jamais r\u00e9ellement mis la \u00ab\u00a0dictature m\u00e9diatique\u00a0\u00bb en d\u00e9bat \u2013 soumis au chantage permanent de la \u00ab\u00a0libert\u00e9 d\u2019expression\u00a0\u00bb. Confondue avec \u00ab\u00a0la pens\u00e9e dominante\u00a0\u00bb, laquelle refuse au citoyen le droit d\u2019\u00eatre inform\u00e9.<\/p>\n<p><a href=\"https:\/\/venezuelainfos.files.wordpress.com\/2015\/03\/paraguay-viuda-y-huerfanos-de-un-canpesino-asesinado.jpg\"><img loading=\"lazy\" decoding=\"async\" class=\"size-full wp-image-7063\" src=\"https:\/\/venezuelainfos.files.wordpress.com\/2015\/03\/paraguay-viuda-y-huerfanos-de-un-canpesino-asesinado.jpg?w=523&amp;h=392\" alt=\"Veuve et orphelins d'un des paysans en lutte pour la terre et victime du &quot;massacre de Curugaty&quot; (Paraguay, 2012) , photo de Maurice Lemoine http:\/\/bit.ly\/1DnvQgL\" width=\"523\" height=\"392\" \/><\/a><\/p>\n<p><strong>T.D. \u2013 Tu \u00e9voques \u00ab\u00a0<em>les gamines qui vendent du chewing-gum, des brosses \u00e0 dents d\u2019occasion ou n\u2019importe quelle camelote dans les rues\u00a0<\/em>\u00bb et le cycle d\u00e9crit par Josu\u00e9 de Castro dans <em>G\u00e9ographie de la faim<\/em> : \u201c<em>Des crabes naissent dans ces bourbiers. L\u2019homme les p\u00eache et les mange. Puis ses propres d\u00e9chets alimentent les crabes. Et le cycle recommence jusqu\u2019\u00e0 la fin des temps<\/em>\u201d. \u00a0C\u2019est face \u00e0 cette absence d\u2019\u00c9tat que tu fais revivre un Francisco Caama\u00f1o \u201c<em>calme, d\u00e9termin\u00e9, en uniforme kaki, la mitraillette au poing (..) Ce que d\u2019aucuns appelleraient avec ironie le c\u00f4t\u00e9 volontiers romantique des latinos. Ce que d\u2019autres qualifieraient de dignit\u00e9 d\u2019hommes libres d\u00e9fendant leur patrie<\/em>\u201d Ou ce \u201c<em>grand gaillard barbu<\/em>\u201d de Maurice Bishop, le \u201c<em>jacobin noir<\/em>\u201d assassin\u00e9 juste avant l\u2019invasion de sa Grenade par les \u00c9tats-Unis et qui pr\u00e9figure la <a href=\"https:\/\/venezuelainfos.wordpress.com\/2013\/02\/24\/lettre-dhugo-chavez-a-lafrique-21-fevrier-2013-formons-un-seul-peuple-un-seul-continent-nous-ne-pouvons-rien-attendre-sinon-de-nous-memes\/\"><em>Lettre \u00e0 l\u2019Afrique<\/em><\/a> de Hugo Ch\u00e1vez. Il y a aussi Arosemena l\u2019\u00e9quatorien, Jes\u00fas Martinez, alias \u00ab Chuchu \u00bb le panam\u00e9en\u2026 En ces plus de quarante ans de v\u00e9cu d\u2019un continent, quelle rencontre t\u2019a-t-elle le plus marqu\u00e9, ou chang\u00e9 ta vie ?<\/strong><\/p>\n<p><strong><a href=\"https:\/\/venezuelainfos.files.wordpress.com\/2015\/03\/sucre-amer-de-maurice-lemoine.jpg\"><img loading=\"lazy\" decoding=\"async\" class=\"  wp-image-7049 alignright\" src=\"https:\/\/venezuelainfos.files.wordpress.com\/2015\/03\/sucre-amer-de-maurice-lemoine.jpg?w=144&amp;h=220\" alt=\"Sucre Amer de Maurice Lemoine\" width=\"144\" height=\"220\" \/><\/a>M.L.<\/strong> \u2013 La premi\u00e8re, en 1973, de ces <em>gamines<\/em> que, du Honduras britannique (aujourd\u2019hui le Belize) jusqu\u2019au Venezuela et \u00e0 la Colombie, j\u2019ai vu vendre n\u2019importe quelle camelote dans les rues. Puis, en France, celle des exil\u00e9s politiques chiliens. Puis les <em>Veines ouvertes\u00a0<\/em>d\u2019Eduardo Galeano et les <em>Roulements de tambour pour Rancas <\/em>de l\u2019\u00e9crivain p\u00e9ruvien Manuel Scorza.<em>\u00a0<\/em>Puis les \u00ab\u00a0esclaves modernes\u00a0\u00bb ha\u00eftiens, dans l\u2019enfer de la canne \u00e0 sucre, en R\u00e9publique dominicaine, en 1980.\u00a0Puis Luc\u00eda, jeune \u00e9tudiante salvadorienne pass\u00e9e \u00e0 la gu\u00e9rilla en pensant que la victoire \u00ab\u00a0surviendrait en trois semaines\u00a0\u00bb (alors que la guerre et ses souffrances durerait des ann\u00e9es), qui m\u2019a accompagn\u00e9 pendant vingt jours sur les fronts du FMLN, dans les montagnes du Chalatenango. <a href=\"https:\/\/venezuelainfos.files.wordpress.com\/2015\/03\/ach001250332-1389946672-580x580.jpg\"><img loading=\"lazy\" decoding=\"async\" class=\"  wp-image-7105 alignleft\" src=\"https:\/\/venezuelainfos.files.wordpress.com\/2015\/03\/ach001250332-1389946672-580x580.jpg?w=137&amp;h=180\" alt=\"ACH001250332.1389946672.580x580\" width=\"137\" height=\"180\" \/><\/a>Puis les <em>\u00ab\u00a0cachorros\u00a0\u00bb<\/em> paysans du Nicaragua, en lutte contre la <em>contra<\/em>. Puis les Indiens des Communaut\u00e9s de population en r\u00e9sistance, en 1996, au Guatemala. Puis le carnaval de R\u00edo, la <em>cacha\u00e7a<\/em>, la musique, la joie de vivre, la vitalit\u00e9 des Br\u00e9siliens\u00a0! Et, en m\u00eame temps, tous ces <em>compa\u00f1eros, <\/em>travailleurs, paysans, d\u00e9sh\u00e9rit\u00e9s, syndicalistes, lutteurs, m\u00e8res, femmes , \u00e9pouses, cur\u00e9s de gauche, journalistes honn\u00eates et souvent menac\u00e9s, militants, militantes anonymes du quotidien, qui n\u2019ont jamais baiss\u00e9 les bras pendant la longue nuit dictatoriale, puis n\u00e9olib\u00e9rale.<a href=\"https:\/\/venezuelainfos.files.wordpress.com\/2015\/03\/51vb5mzxr0l.jpg\"><img loading=\"lazy\" decoding=\"async\" class=\"alignright  wp-image-7050\" src=\"https:\/\/venezuelainfos.files.wordpress.com\/2015\/03\/51vb5mzxr0l.jpg?w=116&amp;h=178\" alt=\"51VB5MZXR0L\" width=\"116\" height=\"178\" \/><\/a><\/p>\n<p>Enfin, un certain Hugo Rafael Ch\u00e1vez Fr\u00edas qui, \u00e0 lui seul, avec ses qualit\u00e9s et ses d\u00e9fauts, sa gouaille, son rire, la force de ses convictions, sa capacit\u00e9 d\u2019entra\u00eenement, les symbolise tous, et a contribu\u00e9 \u00e0 refaire de l\u2019Am\u00e9rique latine une r\u00e9gion libre, fi\u00e8re et ind\u00e9pendante.<\/p>\n<p><strong>T.D. &#8211; Si les<em> Lumi\u00e8res<\/em> ont inspir\u00e9 Simon Bolivar, ton livre raconte comment ce r\u00eave s\u2019est dissip\u00e9 : de la formation de tortionnaires argentins par des militaires fran\u00e7ais rod\u00e9s en Indochine et en Alg\u00e9rie, \u00e0 un Hollande <a href=\"http:\/\/www.legrandsoir.info\/les-petits-chiens-de-l-oncle-sam.html\">qui interdit sur injonction de la CIA au pr\u00e9sident Evo Morales de survoler l\u2019Hexagone<\/a>. Sans oublier le r\u00f4le, dans un tout autre registre, de quelqu\u2019un qui aime parler de souverainet\u00e9 \u2013 R\u00e9gis Debray \u2013 s\u2019envolant pour Ha\u00efti en plein rapprochement de Paris avec Washington pour \u00ab\u00a0conseiller fortement\u00a0\u00bb au pr\u00e9sident Jean-Bertrand Aristide d\u2019abandonner son mandat \u2013 en toutes ill\u00e9galit\u00e9 et inconstitutionnalit\u00e9. Malgr\u00e9 la lueur de la reconnaissance franco-mexicaine de la gu\u00e9rilla salvadorienne en 1981, tu rappelles ce que disait en 1989 Fran\u00e7ois Mitterrand \u00e0 son homologue v\u00e9n\u00e9zu\u00e9lien Carlos Andr\u00e9s Perez qui avait ordonn\u00e9 quelques mois auparavant le massacre de 3000 r\u00e9volt\u00e9s contre la faim\u00a0: \u00ab <em>Se retrouver dans ce pays, c\u2019est une fa\u00e7on de c\u00e9l\u00e9brer la d\u00e9mocratie en Am\u00e9rique latine car le Venezuela a su maintenir une tradition et des institutions qui ont su traverser les crises et \u00e9chapper aux contagions<\/em> \u00bb. Tu pointes enfin l\u2019insignifiance de la pr\u00e9sence \u00a0fran\u00e7aise aux r\u00e9centes prises de fonction des pr\u00e9sidents latino-am\u00e9ricains\u2026 Pourquoi Paris a-t-il d\u00e9riv\u00e9 si loin de ce qui aurait pu \u00eatre un alli\u00e9 strat\u00e9gique\u00a0?<\/strong><\/p>\n<p><strong>M.L<\/strong>. \u2013 La question est tr\u00e8s vaste, et impossible \u00e0 traiter (\u00e0 moins de repartir pour 700 pages\u00a0!)\u00a0: elle a a trait \u00e0 l\u2019\u00e9volution des gauches fran\u00e7aise, europ\u00e9ennes et m\u00eame latino-am\u00e9ricaines \u2013 certaines des unes et des autres \u00e9tant d\u2019ailleurs \u00e9troitement li\u00e9es dans un fourbi (d\u00e9clinant) appel\u00e9 <em>Internationale Socialiste<\/em>, certaines des autres ayant sombr\u00e9 avec l\u2019explosion en vol du socialisme dit\u00a0 \u00ab\u00a0r\u00e9el\u00a0\u00bb. L\u2019\u00e9chec des deux ayant ouvert un formidable espace aux secteurs conservateurs, qui n\u2019attendaient que cela.<\/p>\n<p>Puisque je viens d\u2019utiliser la m\u00e9taphore \u00ab\u00a0explosion en vol\u00a0\u00bb, rien ne permet mieux de comprendre l\u2019actuelle distance entre Paris et Caracas, La Paz ou Quito (pour ne citer que ces capitales) que la trag\u00e9die \u00e0 laquelle nous venons d\u2019assister. Je rappelle\u00a0: dans un appareil d\u2019une compagnie low-cost, PS Airlines, le co-pilote, un certain Manuel Valls, s\u2019enferme dans la cabine. Tandis que le pilote, Lagauche, tambourine sur la porte blind\u00e9e en hurlant d\u00e9sesp\u00e9r\u00e9ment, avec les passagers, \u00ab\u00a0ouvre cette putain de porte\u00a0!\u00a0\u00bb, Valls entra\u00eene l\u2019appareil, Lagauche et passagers dans son suicide. On d\u00e9couvrira lors de l\u2019enqu\u00eate que Valls avait \u00e9t\u00e9 jug\u00e9 impropre \u00e0 piloter lors de l\u2019examen psychologique des primaires du PS o\u00f9 il \u00e9tait arriv\u00e9 bon dernier avec 6 % des voix des sp\u00e9cialistes l\u2019ayant examin\u00e9.\u00a0D\u00e9sesp\u00e9rant\u00a0? A la fin des ann\u00e9es 1990, l\u2019Am\u00e9rique latine en \u00e9tait l\u00e0. Mais, surgie des catacombes, une autre gauche est n\u00e9e\u00a0!\u00a0 Depuis son arriv\u00e9e au pouvoir, cinquante-six millions de latinos sont sortis de la pauvret\u00e9. De quoi reprendre espoir, non\u00a0?<\/p>\n<h5><strong><em><a href=\"https:\/\/venezuelainfos.files.wordpress.com\/2015\/03\/arton28186-6a5c2-ace14.jpg\"><img decoding=\"async\" class=\"alignleft size-full wp-image-7085\" src=\"https:\/\/venezuelainfos.files.wordpress.com\/2015\/03\/arton28186-6a5c2-ace14.jpg?w=523\" alt=\"arton28186-6a5c2-ace14\" \/><\/a>Les enfants cach\u00e9s du G\u00e9n\u00e9ral Pinochet<\/em> de Maurice\u00a0 Lemoine, \u00c9ditions <a href=\"http:\/\/www.donquichotte-editions.com\/donquichotte-editions\/Argu.php?ID=98\">Don Quichotte<\/a>, 716 pages, prix : 25 euros. En librairie le 2 avril 2015. Pr\u00e9sentation du livre et d\u00e9dicaces par l\u2019auteur le 1er avril \u00e0 18H., \u00e1 l\u2019ambassade du Venezuela, 11 rue Copernic, 75016 Paris et le jeudi 02 avril \u2013 \u00e0 19H au si\u00e8ge du PCF, 2 place du Colonel Fabien, 75019 Paris \/ M\u00e9tro Colonel-Fabien.<a href=\"http:\/\/www.donquichotte-editions.com\/donquichotte-editions\/Argu.php?ID=98\">http:\/\/www.donquichotte-editions.com\/donquichotte-editions\/Argu.php?ID=98<\/a><\/strong><\/h5>\n<p>__________________________________________________________________________<\/p>\n<p><a href=\"https:\/\/venezuelainfos.files.wordpress.com\/2015\/03\/interventions-c3a9tats-uniennes-en-amc3a9rique-latine.jpg\"><img loading=\"lazy\" decoding=\"async\" class=\"aligncenter size-full wp-image-7056\" src=\"https:\/\/venezuelainfos.files.wordpress.com\/2015\/03\/interventions-c3a9tats-uniennes-en-amc3a9rique-latine.jpg?w=523&amp;h=669\" alt=\"interventions \u00e9tats-uniennes en Am\u00e9rique Latine\" width=\"523\" height=\"669\" \/><\/a><a href=\"https:\/\/venezuelainfos.files.wordpress.com\/2015\/03\/unitc3a9-de-lamc3a9rique-latine-en-2015.jpg\"><img loading=\"lazy\" decoding=\"async\" class=\"aligncenter  wp-image-7092\" src=\"https:\/\/venezuelainfos.files.wordpress.com\/2015\/03\/unitc3a9-de-lamc3a9rique-latine-en-2015.jpg?w=540&amp;h=867\" alt=\"Unit\u00e9 de l'Am\u00e9rique Latine en 2015\" width=\"540\" height=\"867\" \/><\/a>Source des infographies :\u00a0<a href=\"http:\/\/www.ciudadccs.info\/\">http:\/\/www.ciudadccs.info\/<\/a><\/p>\n<p><strong>URL de cet aticle :\u00a0<a href=\"http:\/\/wp.me\/p2ahp2-1PD\">http:\/\/wp.me\/p2ahp2-1PD<\/a><\/strong><\/p>\n","protected":false},"excerpt":{"rendered":"<p>Journaliste et ancien r\u00e9dacteur en chef du Monde diplomatique, Maurice Lemoine (ici au Paraguay) couvre l\u2019Am\u00e9rique Latine depuis plus de quarante ans. Derniers ouvrages parus : \u201cCh\u00e1vez Presidente !\u201d, \u00ab Sur les eaux noires du fleuve \u00bb, \u201cCinq cubains \u00e0&hellip;<\/p>\n","protected":false},"author":882,"featured_media":174647,"comment_status":"closed","ping_status":"open","sticky":false,"template":"","format":"standard","meta":{"footnotes":""},"categories":[86,11386,156,163,93,95],"tags":[7776,16837],"class_list":["post-174414","post","type-post","status-publish","format-standard","has-post-thumbnail","hentry","category-amerique-du-sud","category-contenu-original","category-interview-fr","category-opinion-fr","category-politique","category-affaires-etrangeres","tag-latino-americains","tag-maurice-lemoine"],"yoast_head":"<!-- This site is optimized with the Yoast SEO plugin v27.1.1 - https:\/\/yoast.com\/product\/yoast-seo-wordpress\/ -->\n<title>\u201cR\u00e9fl\u00e9chir avec les latino-am\u00e9ricains\u201d : entretien avec Maurice Lemoine pour la sortie de son livre \u201cLes enfants cach\u00e9s du g\u00e9n\u00e9ral Pinochet\u201d<\/title>\n<meta name=\"description\" content=\"Journaliste et ancien r\u00e9dacteur en chef du Monde diplomatique, Maurice Lemoine (ici au Paraguay) couvre l\u2019Am\u00e9rique Latine depuis plus de quarante ans.\" \/>\n<meta name=\"robots\" content=\"index, follow, max-snippet:-1, max-image-preview:large, max-video-preview:-1\" \/>\n<link rel=\"canonical\" href=\"https:\/\/www.pressenza.com\/fr\/2015\/04\/reflechir-avec-les-latino-americains-entretien-avec-maurice-lemoine-pour-la-sortie-de-son-livre-les-enfants-caches-du-general-pinochet\/\" \/>\n<meta property=\"og:locale\" content=\"fr_FR\" \/>\n<meta property=\"og:type\" content=\"article\" \/>\n<meta property=\"og:title\" content=\"\u201cR\u00e9fl\u00e9chir avec les latino-am\u00e9ricains\u201d : entretien avec Maurice Lemoine pour la sortie de son livre \u201cLes enfants cach\u00e9s du g\u00e9n\u00e9ral Pinochet\u201d\" \/>\n<meta property=\"og:description\" content=\"Journaliste et ancien r\u00e9dacteur en chef du Monde diplomatique, Maurice Lemoine (ici au Paraguay) couvre l\u2019Am\u00e9rique Latine depuis plus de quarante ans.\" \/>\n<meta property=\"og:url\" content=\"https:\/\/www.pressenza.com\/fr\/2015\/04\/reflechir-avec-les-latino-americains-entretien-avec-maurice-lemoine-pour-la-sortie-de-son-livre-les-enfants-caches-du-general-pinochet\/\" \/>\n<meta property=\"og:site_name\" content=\"Pressenza\" \/>\n<meta property=\"article:publisher\" content=\"https:\/\/www.facebook.com\/PressenzaItalia\" \/>\n<meta property=\"article:published_time\" content=\"2015-04-02T22:48:07+00:00\" \/>\n<meta property=\"og:image\" content=\"https:\/\/www.pressenza.com\/wp-content\/uploads\/2015\/04\/R--FL--CHIR-AVEC-LES-LATINO-AM--RICAINS-ENTRETIEN-AVEC-MAURICE-LEMOINE-POUR-LA-SORTIE-DE-SON-LIVRE-LES-ENFANTS-CACH--S-DU-G--N--RAL-PINOCHET---.jpg\" \/>\n\t<meta property=\"og:image:width\" content=\"600\" \/>\n\t<meta property=\"og:image:height\" content=\"450\" \/>\n\t<meta property=\"og:image:type\" content=\"image\/jpeg\" \/>\n<meta name=\"author\" content=\"Venezuela Infos\" \/>\n<meta name=\"twitter:card\" content=\"summary_large_image\" \/>\n<meta name=\"twitter:creator\" content=\"@PressenzaIPA\" \/>\n<meta name=\"twitter:site\" content=\"@PressenzaIPA\" \/>\n<meta name=\"twitter:label1\" content=\"\u00c9crit par\" \/>\n\t<meta name=\"twitter:data1\" content=\"Venezuela Infos\" \/>\n\t<meta name=\"twitter:label2\" content=\"Dur\u00e9e de lecture estim\u00e9e\" \/>\n\t<meta name=\"twitter:data2\" content=\"13 minutes\" \/>\n<script type=\"application\/ld+json\" class=\"yoast-schema-graph\">{\"@context\":\"https:\/\/schema.org\",\"@graph\":[{\"@type\":\"Article\",\"@id\":\"https:\/\/www.pressenza.com\/fr\/2015\/04\/reflechir-avec-les-latino-americains-entretien-avec-maurice-lemoine-pour-la-sortie-de-son-livre-les-enfants-caches-du-general-pinochet\/#article\",\"isPartOf\":{\"@id\":\"https:\/\/www.pressenza.com\/fr\/2015\/04\/reflechir-avec-les-latino-americains-entretien-avec-maurice-lemoine-pour-la-sortie-de-son-livre-les-enfants-caches-du-general-pinochet\/\"},\"author\":{\"name\":\"Venezuela Infos\",\"@id\":\"https:\/\/www.pressenza.com\/fr\/#\/schema\/person\/154d7e582930cff90f302a120ca0aab6\"},\"headline\":\"\u201cR\u00e9fl\u00e9chir avec les latino-am\u00e9ricains\u201d : entretien avec Maurice Lemoine pour la sortie de son livre \u201cLes enfants cach\u00e9s du g\u00e9n\u00e9ral Pinochet\u201d\",\"datePublished\":\"2015-04-02T22:48:07+00:00\",\"mainEntityOfPage\":{\"@id\":\"https:\/\/www.pressenza.com\/fr\/2015\/04\/reflechir-avec-les-latino-americains-entretien-avec-maurice-lemoine-pour-la-sortie-de-son-livre-les-enfants-caches-du-general-pinochet\/\"},\"wordCount\":2549,\"publisher\":{\"@id\":\"https:\/\/www.pressenza.com\/fr\/#organization\"},\"image\":{\"@id\":\"https:\/\/www.pressenza.com\/fr\/2015\/04\/reflechir-avec-les-latino-americains-entretien-avec-maurice-lemoine-pour-la-sortie-de-son-livre-les-enfants-caches-du-general-pinochet\/#primaryimage\"},\"thumbnailUrl\":\"https:\/\/www.pressenza.com\/wp-content\/uploads\/2015\/04\/R--FL--CHIR-AVEC-LES-LATINO-AM--RICAINS-ENTRETIEN-AVEC-MAURICE-LEMOINE-POUR-LA-SORTIE-DE-SON-LIVRE-LES-ENFANTS-CACH--S-DU-G--N--RAL-PINOCHET---.jpg\",\"keywords\":[\"latino-am\u00e9ricains\",\"Maurice Lemoine\"],\"articleSection\":[\"Am\u00e9rique du Sud\",\"Contenu Original\",\"Interviews\",\"Opinion\",\"Politique\",\"Relations internationales\"],\"inLanguage\":\"fr-FR\"},{\"@type\":\"WebPage\",\"@id\":\"https:\/\/www.pressenza.com\/fr\/2015\/04\/reflechir-avec-les-latino-americains-entretien-avec-maurice-lemoine-pour-la-sortie-de-son-livre-les-enfants-caches-du-general-pinochet\/\",\"url\":\"https:\/\/www.pressenza.com\/fr\/2015\/04\/reflechir-avec-les-latino-americains-entretien-avec-maurice-lemoine-pour-la-sortie-de-son-livre-les-enfants-caches-du-general-pinochet\/\",\"name\":\"\u201cR\u00e9fl\u00e9chir avec les latino-am\u00e9ricains\u201d : entretien avec Maurice Lemoine pour la sortie de son livre \u201cLes enfants cach\u00e9s du g\u00e9n\u00e9ral Pinochet\u201d\",\"isPartOf\":{\"@id\":\"https:\/\/www.pressenza.com\/fr\/#website\"},\"primaryImageOfPage\":{\"@id\":\"https:\/\/www.pressenza.com\/fr\/2015\/04\/reflechir-avec-les-latino-americains-entretien-avec-maurice-lemoine-pour-la-sortie-de-son-livre-les-enfants-caches-du-general-pinochet\/#primaryimage\"},\"image\":{\"@id\":\"https:\/\/www.pressenza.com\/fr\/2015\/04\/reflechir-avec-les-latino-americains-entretien-avec-maurice-lemoine-pour-la-sortie-de-son-livre-les-enfants-caches-du-general-pinochet\/#primaryimage\"},\"thumbnailUrl\":\"https:\/\/www.pressenza.com\/wp-content\/uploads\/2015\/04\/R--FL--CHIR-AVEC-LES-LATINO-AM--RICAINS-ENTRETIEN-AVEC-MAURICE-LEMOINE-POUR-LA-SORTIE-DE-SON-LIVRE-LES-ENFANTS-CACH--S-DU-G--N--RAL-PINOCHET---.jpg\",\"datePublished\":\"2015-04-02T22:48:07+00:00\",\"description\":\"Journaliste et ancien r\u00e9dacteur en chef du Monde diplomatique, Maurice Lemoine (ici au Paraguay) couvre l\u2019Am\u00e9rique Latine depuis plus de quarante ans.\",\"breadcrumb\":{\"@id\":\"https:\/\/www.pressenza.com\/fr\/2015\/04\/reflechir-avec-les-latino-americains-entretien-avec-maurice-lemoine-pour-la-sortie-de-son-livre-les-enfants-caches-du-general-pinochet\/#breadcrumb\"},\"inLanguage\":\"fr-FR\",\"potentialAction\":[{\"@type\":\"ReadAction\",\"target\":[\"https:\/\/www.pressenza.com\/fr\/2015\/04\/reflechir-avec-les-latino-americains-entretien-avec-maurice-lemoine-pour-la-sortie-de-son-livre-les-enfants-caches-du-general-pinochet\/\"]}]},{\"@type\":\"ImageObject\",\"inLanguage\":\"fr-FR\",\"@id\":\"https:\/\/www.pressenza.com\/fr\/2015\/04\/reflechir-avec-les-latino-americains-entretien-avec-maurice-lemoine-pour-la-sortie-de-son-livre-les-enfants-caches-du-general-pinochet\/#primaryimage\",\"url\":\"https:\/\/www.pressenza.com\/wp-content\/uploads\/2015\/04\/R--FL--CHIR-AVEC-LES-LATINO-AM--RICAINS-ENTRETIEN-AVEC-MAURICE-LEMOINE-POUR-LA-SORTIE-DE-SON-LIVRE-LES-ENFANTS-CACH--S-DU-G--N--RAL-PINOCHET---.jpg\",\"contentUrl\":\"https:\/\/www.pressenza.com\/wp-content\/uploads\/2015\/04\/R--FL--CHIR-AVEC-LES-LATINO-AM--RICAINS-ENTRETIEN-AVEC-MAURICE-LEMOINE-POUR-LA-SORTIE-DE-SON-LIVRE-LES-ENFANTS-CACH--S-DU-G--N--RAL-PINOCHET---.jpg\",\"width\":600,\"height\":450},{\"@type\":\"BreadcrumbList\",\"@id\":\"https:\/\/www.pressenza.com\/fr\/2015\/04\/reflechir-avec-les-latino-americains-entretien-avec-maurice-lemoine-pour-la-sortie-de-son-livre-les-enfants-caches-du-general-pinochet\/#breadcrumb\",\"itemListElement\":[{\"@type\":\"ListItem\",\"position\":1,\"name\":\"Accueil\",\"item\":\"https:\/\/www.pressenza.com\/fr\/\"},{\"@type\":\"ListItem\",\"position\":2,\"name\":\"\u201cR\u00e9fl\u00e9chir avec les latino-am\u00e9ricains\u201d : entretien avec Maurice Lemoine pour la sortie de son livre \u201cLes enfants cach\u00e9s du g\u00e9n\u00e9ral Pinochet\u201d\"}]},{\"@type\":\"WebSite\",\"@id\":\"https:\/\/www.pressenza.com\/fr\/#website\",\"url\":\"https:\/\/www.pressenza.com\/fr\/\",\"name\":\"Pressenza\",\"description\":\"International Press Agency\",\"publisher\":{\"@id\":\"https:\/\/www.pressenza.com\/fr\/#organization\"},\"potentialAction\":[{\"@type\":\"SearchAction\",\"target\":{\"@type\":\"EntryPoint\",\"urlTemplate\":\"https:\/\/www.pressenza.com\/fr\/?s={search_term_string}\"},\"query-input\":{\"@type\":\"PropertyValueSpecification\",\"valueRequired\":true,\"valueName\":\"search_term_string\"}}],\"inLanguage\":\"fr-FR\"},{\"@type\":\"Organization\",\"@id\":\"https:\/\/www.pressenza.com\/fr\/#organization\",\"name\":\"Pressenza\",\"url\":\"https:\/\/www.pressenza.com\/fr\/\",\"logo\":{\"@type\":\"ImageObject\",\"inLanguage\":\"fr-FR\",\"@id\":\"https:\/\/www.pressenza.com\/fr\/#\/schema\/logo\/image\/\",\"url\":\"https:\/\/www.pressenza.com\/wp-content\/uploads\/2022\/10\/pressenza_logo_200x200.jpg\",\"contentUrl\":\"https:\/\/www.pressenza.com\/wp-content\/uploads\/2022\/10\/pressenza_logo_200x200.jpg\",\"width\":200,\"height\":200,\"caption\":\"Pressenza\"},\"image\":{\"@id\":\"https:\/\/www.pressenza.com\/fr\/#\/schema\/logo\/image\/\"},\"sameAs\":[\"https:\/\/www.facebook.com\/PressenzaItalia\",\"https:\/\/x.com\/PressenzaIPA\"]},{\"@type\":\"Person\",\"@id\":\"https:\/\/www.pressenza.com\/fr\/#\/schema\/person\/154d7e582930cff90f302a120ca0aab6\",\"name\":\"Venezuela Infos\",\"description\":\"Venezuelainfos, Le blog de Thierry Deronne Cin\u00e9aste, universitaire, licenci\u00e9 en communications sociales (ihecs.be), je vis depuis 1994 au Venezuela pour travailler \u00e0 l'appropriation populaire des m\u00e9dias. Dans un monde o\u00f9 la politique est largement pass\u00e9e sous commande des m\u00e9dias, faire la r\u00e9volution signifie non seulement d\u00e9mocratiser leur propri\u00e9t\u00e9 mais aussi changer leur mode de production. Par exemple, abandonner la forme \\\"studio\\\" pour cr\u00e9er l'information \u00e0 partir des organisations populaires. Ou refonder des \u00e9coles de communication populaire aux antipodes d'un journalisme format\u00e9 par le libre march\u00e9. Courriel: blogvenezuelainfos@gmail.com\",\"url\":\"https:\/\/www.pressenza.com\/fr\/author\/venezuela-infos\/\"}]}<\/script>\n<!-- \/ Yoast SEO plugin. -->","yoast_head_json":{"title":"\u201cR\u00e9fl\u00e9chir avec les latino-am\u00e9ricains\u201d : entretien avec Maurice Lemoine pour la sortie de son livre \u201cLes enfants cach\u00e9s du g\u00e9n\u00e9ral Pinochet\u201d","description":"Journaliste et ancien r\u00e9dacteur en chef du Monde diplomatique, Maurice Lemoine (ici au Paraguay) couvre l\u2019Am\u00e9rique Latine depuis plus de quarante ans.","robots":{"index":"index","follow":"follow","max-snippet":"max-snippet:-1","max-image-preview":"max-image-preview:large","max-video-preview":"max-video-preview:-1"},"canonical":"https:\/\/www.pressenza.com\/fr\/2015\/04\/reflechir-avec-les-latino-americains-entretien-avec-maurice-lemoine-pour-la-sortie-de-son-livre-les-enfants-caches-du-general-pinochet\/","og_locale":"fr_FR","og_type":"article","og_title":"\u201cR\u00e9fl\u00e9chir avec les latino-am\u00e9ricains\u201d : entretien avec Maurice Lemoine pour la sortie de son livre \u201cLes enfants cach\u00e9s du g\u00e9n\u00e9ral Pinochet\u201d","og_description":"Journaliste et ancien r\u00e9dacteur en chef du Monde diplomatique, Maurice Lemoine (ici au Paraguay) couvre l\u2019Am\u00e9rique Latine depuis plus de quarante ans.","og_url":"https:\/\/www.pressenza.com\/fr\/2015\/04\/reflechir-avec-les-latino-americains-entretien-avec-maurice-lemoine-pour-la-sortie-de-son-livre-les-enfants-caches-du-general-pinochet\/","og_site_name":"Pressenza","article_publisher":"https:\/\/www.facebook.com\/PressenzaItalia","article_published_time":"2015-04-02T22:48:07+00:00","og_image":[{"width":600,"height":450,"url":"https:\/\/www.pressenza.com\/wp-content\/uploads\/2015\/04\/R--FL--CHIR-AVEC-LES-LATINO-AM--RICAINS-ENTRETIEN-AVEC-MAURICE-LEMOINE-POUR-LA-SORTIE-DE-SON-LIVRE-LES-ENFANTS-CACH--S-DU-G--N--RAL-PINOCHET---.jpg","type":"image\/jpeg"}],"author":"Venezuela Infos","twitter_card":"summary_large_image","twitter_creator":"@PressenzaIPA","twitter_site":"@PressenzaIPA","twitter_misc":{"\u00c9crit par":"Venezuela Infos","Dur\u00e9e de lecture estim\u00e9e":"13 minutes"},"schema":{"@context":"https:\/\/schema.org","@graph":[{"@type":"Article","@id":"https:\/\/www.pressenza.com\/fr\/2015\/04\/reflechir-avec-les-latino-americains-entretien-avec-maurice-lemoine-pour-la-sortie-de-son-livre-les-enfants-caches-du-general-pinochet\/#article","isPartOf":{"@id":"https:\/\/www.pressenza.com\/fr\/2015\/04\/reflechir-avec-les-latino-americains-entretien-avec-maurice-lemoine-pour-la-sortie-de-son-livre-les-enfants-caches-du-general-pinochet\/"},"author":{"name":"Venezuela Infos","@id":"https:\/\/www.pressenza.com\/fr\/#\/schema\/person\/154d7e582930cff90f302a120ca0aab6"},"headline":"\u201cR\u00e9fl\u00e9chir avec les latino-am\u00e9ricains\u201d : entretien avec Maurice Lemoine pour la sortie de son livre \u201cLes enfants cach\u00e9s du g\u00e9n\u00e9ral Pinochet\u201d","datePublished":"2015-04-02T22:48:07+00:00","mainEntityOfPage":{"@id":"https:\/\/www.pressenza.com\/fr\/2015\/04\/reflechir-avec-les-latino-americains-entretien-avec-maurice-lemoine-pour-la-sortie-de-son-livre-les-enfants-caches-du-general-pinochet\/"},"wordCount":2549,"publisher":{"@id":"https:\/\/www.pressenza.com\/fr\/#organization"},"image":{"@id":"https:\/\/www.pressenza.com\/fr\/2015\/04\/reflechir-avec-les-latino-americains-entretien-avec-maurice-lemoine-pour-la-sortie-de-son-livre-les-enfants-caches-du-general-pinochet\/#primaryimage"},"thumbnailUrl":"https:\/\/www.pressenza.com\/wp-content\/uploads\/2015\/04\/R--FL--CHIR-AVEC-LES-LATINO-AM--RICAINS-ENTRETIEN-AVEC-MAURICE-LEMOINE-POUR-LA-SORTIE-DE-SON-LIVRE-LES-ENFANTS-CACH--S-DU-G--N--RAL-PINOCHET---.jpg","keywords":["latino-am\u00e9ricains","Maurice Lemoine"],"articleSection":["Am\u00e9rique du Sud","Contenu Original","Interviews","Opinion","Politique","Relations internationales"],"inLanguage":"fr-FR"},{"@type":"WebPage","@id":"https:\/\/www.pressenza.com\/fr\/2015\/04\/reflechir-avec-les-latino-americains-entretien-avec-maurice-lemoine-pour-la-sortie-de-son-livre-les-enfants-caches-du-general-pinochet\/","url":"https:\/\/www.pressenza.com\/fr\/2015\/04\/reflechir-avec-les-latino-americains-entretien-avec-maurice-lemoine-pour-la-sortie-de-son-livre-les-enfants-caches-du-general-pinochet\/","name":"\u201cR\u00e9fl\u00e9chir avec les latino-am\u00e9ricains\u201d : entretien avec Maurice Lemoine pour la sortie de son livre \u201cLes enfants cach\u00e9s du g\u00e9n\u00e9ral Pinochet\u201d","isPartOf":{"@id":"https:\/\/www.pressenza.com\/fr\/#website"},"primaryImageOfPage":{"@id":"https:\/\/www.pressenza.com\/fr\/2015\/04\/reflechir-avec-les-latino-americains-entretien-avec-maurice-lemoine-pour-la-sortie-de-son-livre-les-enfants-caches-du-general-pinochet\/#primaryimage"},"image":{"@id":"https:\/\/www.pressenza.com\/fr\/2015\/04\/reflechir-avec-les-latino-americains-entretien-avec-maurice-lemoine-pour-la-sortie-de-son-livre-les-enfants-caches-du-general-pinochet\/#primaryimage"},"thumbnailUrl":"https:\/\/www.pressenza.com\/wp-content\/uploads\/2015\/04\/R--FL--CHIR-AVEC-LES-LATINO-AM--RICAINS-ENTRETIEN-AVEC-MAURICE-LEMOINE-POUR-LA-SORTIE-DE-SON-LIVRE-LES-ENFANTS-CACH--S-DU-G--N--RAL-PINOCHET---.jpg","datePublished":"2015-04-02T22:48:07+00:00","description":"Journaliste et ancien r\u00e9dacteur en chef du Monde diplomatique, Maurice Lemoine (ici au Paraguay) couvre l\u2019Am\u00e9rique Latine depuis plus de quarante ans.","breadcrumb":{"@id":"https:\/\/www.pressenza.com\/fr\/2015\/04\/reflechir-avec-les-latino-americains-entretien-avec-maurice-lemoine-pour-la-sortie-de-son-livre-les-enfants-caches-du-general-pinochet\/#breadcrumb"},"inLanguage":"fr-FR","potentialAction":[{"@type":"ReadAction","target":["https:\/\/www.pressenza.com\/fr\/2015\/04\/reflechir-avec-les-latino-americains-entretien-avec-maurice-lemoine-pour-la-sortie-de-son-livre-les-enfants-caches-du-general-pinochet\/"]}]},{"@type":"ImageObject","inLanguage":"fr-FR","@id":"https:\/\/www.pressenza.com\/fr\/2015\/04\/reflechir-avec-les-latino-americains-entretien-avec-maurice-lemoine-pour-la-sortie-de-son-livre-les-enfants-caches-du-general-pinochet\/#primaryimage","url":"https:\/\/www.pressenza.com\/wp-content\/uploads\/2015\/04\/R--FL--CHIR-AVEC-LES-LATINO-AM--RICAINS-ENTRETIEN-AVEC-MAURICE-LEMOINE-POUR-LA-SORTIE-DE-SON-LIVRE-LES-ENFANTS-CACH--S-DU-G--N--RAL-PINOCHET---.jpg","contentUrl":"https:\/\/www.pressenza.com\/wp-content\/uploads\/2015\/04\/R--FL--CHIR-AVEC-LES-LATINO-AM--RICAINS-ENTRETIEN-AVEC-MAURICE-LEMOINE-POUR-LA-SORTIE-DE-SON-LIVRE-LES-ENFANTS-CACH--S-DU-G--N--RAL-PINOCHET---.jpg","width":600,"height":450},{"@type":"BreadcrumbList","@id":"https:\/\/www.pressenza.com\/fr\/2015\/04\/reflechir-avec-les-latino-americains-entretien-avec-maurice-lemoine-pour-la-sortie-de-son-livre-les-enfants-caches-du-general-pinochet\/#breadcrumb","itemListElement":[{"@type":"ListItem","position":1,"name":"Accueil","item":"https:\/\/www.pressenza.com\/fr\/"},{"@type":"ListItem","position":2,"name":"\u201cR\u00e9fl\u00e9chir avec les latino-am\u00e9ricains\u201d : entretien avec Maurice Lemoine pour la sortie de son livre \u201cLes enfants cach\u00e9s du g\u00e9n\u00e9ral Pinochet\u201d"}]},{"@type":"WebSite","@id":"https:\/\/www.pressenza.com\/fr\/#website","url":"https:\/\/www.pressenza.com\/fr\/","name":"Pressenza","description":"International Press Agency","publisher":{"@id":"https:\/\/www.pressenza.com\/fr\/#organization"},"potentialAction":[{"@type":"SearchAction","target":{"@type":"EntryPoint","urlTemplate":"https:\/\/www.pressenza.com\/fr\/?s={search_term_string}"},"query-input":{"@type":"PropertyValueSpecification","valueRequired":true,"valueName":"search_term_string"}}],"inLanguage":"fr-FR"},{"@type":"Organization","@id":"https:\/\/www.pressenza.com\/fr\/#organization","name":"Pressenza","url":"https:\/\/www.pressenza.com\/fr\/","logo":{"@type":"ImageObject","inLanguage":"fr-FR","@id":"https:\/\/www.pressenza.com\/fr\/#\/schema\/logo\/image\/","url":"https:\/\/www.pressenza.com\/wp-content\/uploads\/2022\/10\/pressenza_logo_200x200.jpg","contentUrl":"https:\/\/www.pressenza.com\/wp-content\/uploads\/2022\/10\/pressenza_logo_200x200.jpg","width":200,"height":200,"caption":"Pressenza"},"image":{"@id":"https:\/\/www.pressenza.com\/fr\/#\/schema\/logo\/image\/"},"sameAs":["https:\/\/www.facebook.com\/PressenzaItalia","https:\/\/x.com\/PressenzaIPA"]},{"@type":"Person","@id":"https:\/\/www.pressenza.com\/fr\/#\/schema\/person\/154d7e582930cff90f302a120ca0aab6","name":"Venezuela Infos","description":"Venezuelainfos, Le blog de Thierry Deronne Cin\u00e9aste, universitaire, licenci\u00e9 en communications sociales (ihecs.be), je vis depuis 1994 au Venezuela pour travailler \u00e0 l'appropriation populaire des m\u00e9dias. Dans un monde o\u00f9 la politique est largement pass\u00e9e sous commande des m\u00e9dias, faire la r\u00e9volution signifie non seulement d\u00e9mocratiser leur propri\u00e9t\u00e9 mais aussi changer leur mode de production. Par exemple, abandonner la forme \"studio\" pour cr\u00e9er l'information \u00e0 partir des organisations populaires. Ou refonder des \u00e9coles de communication populaire aux antipodes d'un journalisme format\u00e9 par le libre march\u00e9. Courriel: blogvenezuelainfos@gmail.com","url":"https:\/\/www.pressenza.com\/fr\/author\/venezuela-infos\/"}]}},"place":"","original_article_url":"https:\/\/venezuelainfos.wordpress.com\/2015\/03\/31\/reflechir-avec-les-latino-americains-entretien-avec-maurice-lemoine-pour-la-sortie-de-son-livre-les-enfants-caches-du-general-pinochet\/","_links":{"self":[{"href":"https:\/\/www.pressenza.com\/fr\/wp-json\/wp\/v2\/posts\/174414","targetHints":{"allow":["GET"]}}],"collection":[{"href":"https:\/\/www.pressenza.com\/fr\/wp-json\/wp\/v2\/posts"}],"about":[{"href":"https:\/\/www.pressenza.com\/fr\/wp-json\/wp\/v2\/types\/post"}],"author":[{"embeddable":true,"href":"https:\/\/www.pressenza.com\/fr\/wp-json\/wp\/v2\/users\/882"}],"replies":[{"embeddable":true,"href":"https:\/\/www.pressenza.com\/fr\/wp-json\/wp\/v2\/comments?post=174414"}],"version-history":[{"count":0,"href":"https:\/\/www.pressenza.com\/fr\/wp-json\/wp\/v2\/posts\/174414\/revisions"}],"wp:featuredmedia":[{"embeddable":true,"href":"https:\/\/www.pressenza.com\/fr\/wp-json\/wp\/v2\/media\/174647"}],"wp:attachment":[{"href":"https:\/\/www.pressenza.com\/fr\/wp-json\/wp\/v2\/media?parent=174414"}],"wp:term":[{"taxonomy":"category","embeddable":true,"href":"https:\/\/www.pressenza.com\/fr\/wp-json\/wp\/v2\/categories?post=174414"},{"taxonomy":"post_tag","embeddable":true,"href":"https:\/\/www.pressenza.com\/fr\/wp-json\/wp\/v2\/tags?post=174414"}],"curies":[{"name":"wp","href":"https:\/\/api.w.org\/{rel}","templated":true}]}}