{"id":1741557,"date":"2023-05-25T10:21:30","date_gmt":"2023-05-25T09:21:30","guid":{"rendered":"https:\/\/www.pressenza.com\/?p=1741557"},"modified":"2023-05-29T19:06:31","modified_gmt":"2023-05-29T18:06:31","slug":"guinee-journee-sans-presse","status":"publish","type":"post","link":"https:\/\/www.pressenza.com\/fr\/2023\/05\/guinee-journee-sans-presse\/","title":{"rendered":"Guin\u00e9e : Journ\u00e9e Sans Presse"},"content":{"rendered":"<blockquote>\n<div dir=\"ltr\">\n<div>\n<div dir=\"auto\">\n<div><strong>Afin de d\u00e9noncer les mesures du gouvernement contre la libert\u00e9 de la presse en Guin\u00e9e, une Journ\u00e9e Sans Presse a \u00e9t\u00e9 d\u00e9cr\u00e9t\u00e9e, ce mardi 23 mai 2023.<\/strong><\/div>\n<div>Hormis cette journ\u00e9e sans presse,\u00a0les organisations professionnelles\u00a0de la presse ont\u00a0d\u00e9cid\u00e9 plusieurs autres actions :<\/div>\n<p>D\u00e9j\u00e0, suite \u00e0 la r\u00e9union d\u2019hier, le ministre Ousmane Gaoual Diallo, ministre des Postes et T\u00e9l\u00e9communications, porte-parole du Gouvernement, a \u00e9t\u00e9 d\u00e9clar\u00e9 \u00ab ennemi de la presse Guin\u00e9enne \u00bb ;<\/p>\n<p>\u00c9galement, il a \u00e9t\u00e9 d\u00e9cid\u00e9 de boycotter toutes les activit\u00e9s du gouvernement et les autres organes de la Transition jusqu\u2019\u00e0 la lev\u00e9e de toutes les restrictions\u00a0;<\/p>\n<p>de Boycotter la Semaine Nationale des M\u00e9tiers de l\u2019Information et de la Communication (SENAMIC)\u00a0;<\/p>\n<p>d\u2019informer et d\u2019interpeller \u00a0les ambassades, la communaut\u00e9 internationale, \u00a0les organisations de d\u00e9fense des droits de l\u2019Homme et la HAC sur les menaces qui p\u00e8sent sur la presse guin\u00e9enne ;<\/p>\n<p>Une marche de protestation le jeudi 1er juin 2023 sur toute l\u2019\u00e9tendue du territoire national.<\/p>\n<p>Et les organisations professionnelles annoncent des actions plus vigoureuses \u00a0si le Gouvernement ne restitue pas imm\u00e9diatement les \u00e9metteurs d\u2019AfricVision, ne cesse pas \u00a0le brouillage des ondes et ne d\u00e9bloque pas les sites et les r\u00e9seaux sociaux.<\/p>\n<p>Ces actions seront, entre autres\u00a0:<\/p>\n<p>\u2013 D\u2019organiser des synergies des m\u00e9dias sur la situation de la presse<\/p>\n<p>\u2013 De suspendre la participation de la presse au sein du conseil d\u2019administration du FADEM (Fonds d\u2019Appui au D\u00e9veloppement des M\u00e9dias), de la HAC et du CNT.<\/p>\n<p>\u00c0 suivre !<\/p>\n<p>Laafa Sow<\/p>\n<\/div>\n<\/div>\n<\/div>\n<\/blockquote>\n<div class=\"yj6qo\"><\/div>\n<div class=\"adL\" dir=\"auto\"><\/div>\n","protected":false},"excerpt":{"rendered":"<p>Afin de d\u00e9noncer les mesures du gouvernement contre la libert\u00e9 de la presse en Guin\u00e9e, une Journ\u00e9e Sans Presse a \u00e9t\u00e9 d\u00e9cr\u00e9t\u00e9e, ce mardi 23 mai 2023. Hormis cette journ\u00e9e sans presse,\u00a0les organisations professionnelles\u00a0de la presse ont\u00a0d\u00e9cid\u00e9 plusieurs autres actions&hellip;<\/p>\n","protected":false},"author":19,"featured_media":1741558,"comment_status":"closed","ping_status":"closed","sticky":false,"template":"","format":"standard","meta":{"footnotes":""},"categories":[83,151,11386,94],"tags":[6926,3937,764],"class_list":["post-1741557","post","type-post","status-publish","format-standard","has-post-thumbnail","hentry","category-africa-fr","category-communique-de-presse","category-contenu-original","category-culture-fr","tag-guinee","tag-liberte-de-la-presse","tag-presse"],"yoast_head":"<!-- This site is optimized with the Yoast SEO plugin v27.1.1 - https:\/\/yoast.com\/product\/yoast-seo-wordpress\/ -->\n<title>Guin\u00e9e : Journ\u00e9e Sans Presse<\/title>\n<meta name=\"description\" content=\"Afin de d\u00e9noncer les mesures du gouvernement contre la libert\u00e9 de la presse en Guin\u00e9e, une Journ\u00e9e Sans Presse a \u00e9t\u00e9 d\u00e9cr\u00e9t\u00e9e, ce mardi 23 mai 2023.\" \/>\n<meta name=\"robots\" content=\"index, follow, max-snippet:-1, max-image-preview:large, max-video-preview:-1\" \/>\n<link rel=\"canonical\" href=\"https:\/\/www.pressenza.com\/fr\/2023\/05\/guinee-journee-sans-presse\/\" \/>\n<meta property=\"og:locale\" content=\"fr_FR\" \/>\n<meta property=\"og:type\" content=\"article\" \/>\n<meta property=\"og:title\" content=\"Guin\u00e9e : Journ\u00e9e Sans Presse\" \/>\n<meta property=\"og:description\" content=\"Afin de d\u00e9noncer les mesures du gouvernement contre la libert\u00e9 de la presse en Guin\u00e9e, une Journ\u00e9e Sans Presse a \u00e9t\u00e9 d\u00e9cr\u00e9t\u00e9e, ce mardi 23 mai 2023.\" \/>\n<meta property=\"og:url\" content=\"https:\/\/www.pressenza.com\/fr\/2023\/05\/guinee-journee-sans-presse\/\" \/>\n<meta property=\"og:site_name\" content=\"Pressenza\" \/>\n<meta property=\"article:publisher\" content=\"https:\/\/www.facebook.com\/PressenzaItalia\" \/>\n<meta property=\"article:author\" content=\"https:\/\/www.facebook.com\/pressenza\" \/>\n<meta property=\"article:published_time\" content=\"2023-05-25T09:21:30+00:00\" \/>\n<meta property=\"article:modified_time\" content=\"2023-05-29T18:06:31+00:00\" \/>\n<meta property=\"og:image\" content=\"https:\/\/www.pressenza.com\/wp-content\/uploads\/2023\/05\/unnamed-3.jpg\" \/>\n\t<meta property=\"og:image:width\" content=\"1024\" \/>\n\t<meta property=\"og:image:height\" content=\"682\" \/>\n\t<meta property=\"og:image:type\" content=\"image\/jpeg\" \/>\n<meta name=\"author\" content=\"Pressenza IPA\" \/>\n<meta name=\"twitter:card\" content=\"summary_large_image\" \/>\n<meta name=\"twitter:creator\" content=\"@PressenzaIPA\" \/>\n<meta name=\"twitter:site\" content=\"@PressenzaIPA\" \/>\n<meta name=\"twitter:label1\" content=\"\u00c9crit par\" \/>\n\t<meta name=\"twitter:data1\" content=\"Pressenza IPA\" \/>\n\t<meta name=\"twitter:label2\" content=\"Dur\u00e9e de lecture estim\u00e9e\" \/>\n\t<meta name=\"twitter:data2\" content=\"2 minutes\" \/>\n<script type=\"application\/ld+json\" class=\"yoast-schema-graph\">{\"@context\":\"https:\/\/schema.org\",\"@graph\":[{\"@type\":\"Article\",\"@id\":\"https:\/\/www.pressenza.com\/fr\/2023\/05\/guinee-journee-sans-presse\/#article\",\"isPartOf\":{\"@id\":\"https:\/\/www.pressenza.com\/fr\/2023\/05\/guinee-journee-sans-presse\/\"},\"author\":{\"name\":\"Pressenza IPA\",\"@id\":\"https:\/\/www.pressenza.com\/fr\/#\/schema\/person\/010e5d02bcf40965427a1289a4cc8d75\"},\"headline\":\"Guin\u00e9e : Journ\u00e9e Sans Presse\",\"datePublished\":\"2023-05-25T09:21:30+00:00\",\"dateModified\":\"2023-05-29T18:06:31+00:00\",\"mainEntityOfPage\":{\"@id\":\"https:\/\/www.pressenza.com\/fr\/2023\/05\/guinee-journee-sans-presse\/\"},\"wordCount\":273,\"publisher\":{\"@id\":\"https:\/\/www.pressenza.com\/fr\/#organization\"},\"image\":{\"@id\":\"https:\/\/www.pressenza.com\/fr\/2023\/05\/guinee-journee-sans-presse\/#primaryimage\"},\"thumbnailUrl\":\"https:\/\/www.pressenza.com\/wp-content\/uploads\/2023\/05\/unnamed-3.jpg\",\"keywords\":[\"Guin\u00e9e\",\"libert\u00e9 de la presse\",\"Presse\"],\"articleSection\":[\"Afrique\",\"Communiqu\u00e9s de Presse\",\"Contenu Original\",\"Culture et M\u00e9dias\"],\"inLanguage\":\"fr-FR\"},{\"@type\":\"WebPage\",\"@id\":\"https:\/\/www.pressenza.com\/fr\/2023\/05\/guinee-journee-sans-presse\/\",\"url\":\"https:\/\/www.pressenza.com\/fr\/2023\/05\/guinee-journee-sans-presse\/\",\"name\":\"Guin\u00e9e : Journ\u00e9e Sans Presse\",\"isPartOf\":{\"@id\":\"https:\/\/www.pressenza.com\/fr\/#website\"},\"primaryImageOfPage\":{\"@id\":\"https:\/\/www.pressenza.com\/fr\/2023\/05\/guinee-journee-sans-presse\/#primaryimage\"},\"image\":{\"@id\":\"https:\/\/www.pressenza.com\/fr\/2023\/05\/guinee-journee-sans-presse\/#primaryimage\"},\"thumbnailUrl\":\"https:\/\/www.pressenza.com\/wp-content\/uploads\/2023\/05\/unnamed-3.jpg\",\"datePublished\":\"2023-05-25T09:21:30+00:00\",\"dateModified\":\"2023-05-29T18:06:31+00:00\",\"description\":\"Afin de d\u00e9noncer les mesures du gouvernement contre la libert\u00e9 de la presse en Guin\u00e9e, une Journ\u00e9e Sans Presse a \u00e9t\u00e9 d\u00e9cr\u00e9t\u00e9e, ce mardi 23 mai 2023.\",\"breadcrumb\":{\"@id\":\"https:\/\/www.pressenza.com\/fr\/2023\/05\/guinee-journee-sans-presse\/#breadcrumb\"},\"inLanguage\":\"fr-FR\",\"potentialAction\":[{\"@type\":\"ReadAction\",\"target\":[\"https:\/\/www.pressenza.com\/fr\/2023\/05\/guinee-journee-sans-presse\/\"]}]},{\"@type\":\"ImageObject\",\"inLanguage\":\"fr-FR\",\"@id\":\"https:\/\/www.pressenza.com\/fr\/2023\/05\/guinee-journee-sans-presse\/#primaryimage\",\"url\":\"https:\/\/www.pressenza.com\/wp-content\/uploads\/2023\/05\/unnamed-3.jpg\",\"contentUrl\":\"https:\/\/www.pressenza.com\/wp-content\/uploads\/2023\/05\/unnamed-3.jpg\",\"width\":1024,\"height\":682},{\"@type\":\"BreadcrumbList\",\"@id\":\"https:\/\/www.pressenza.com\/fr\/2023\/05\/guinee-journee-sans-presse\/#breadcrumb\",\"itemListElement\":[{\"@type\":\"ListItem\",\"position\":1,\"name\":\"Accueil\",\"item\":\"https:\/\/www.pressenza.com\/fr\/\"},{\"@type\":\"ListItem\",\"position\":2,\"name\":\"Guin\u00e9e : Journ\u00e9e Sans Presse\"}]},{\"@type\":\"WebSite\",\"@id\":\"https:\/\/www.pressenza.com\/fr\/#website\",\"url\":\"https:\/\/www.pressenza.com\/fr\/\",\"name\":\"Pressenza\",\"description\":\"International Press Agency\",\"publisher\":{\"@id\":\"https:\/\/www.pressenza.com\/fr\/#organization\"},\"potentialAction\":[{\"@type\":\"SearchAction\",\"target\":{\"@type\":\"EntryPoint\",\"urlTemplate\":\"https:\/\/www.pressenza.com\/fr\/?s={search_term_string}\"},\"query-input\":{\"@type\":\"PropertyValueSpecification\",\"valueRequired\":true,\"valueName\":\"search_term_string\"}}],\"inLanguage\":\"fr-FR\"},{\"@type\":\"Organization\",\"@id\":\"https:\/\/www.pressenza.com\/fr\/#organization\",\"name\":\"Pressenza\",\"url\":\"https:\/\/www.pressenza.com\/fr\/\",\"logo\":{\"@type\":\"ImageObject\",\"inLanguage\":\"fr-FR\",\"@id\":\"https:\/\/www.pressenza.com\/fr\/#\/schema\/logo\/image\/\",\"url\":\"https:\/\/www.pressenza.com\/wp-content\/uploads\/2022\/10\/pressenza_logo_200x200.jpg\",\"contentUrl\":\"https:\/\/www.pressenza.com\/wp-content\/uploads\/2022\/10\/pressenza_logo_200x200.jpg\",\"width\":200,\"height\":200,\"caption\":\"Pressenza\"},\"image\":{\"@id\":\"https:\/\/www.pressenza.com\/fr\/#\/schema\/logo\/image\/\"},\"sameAs\":[\"https:\/\/www.facebook.com\/PressenzaItalia\",\"https:\/\/x.com\/PressenzaIPA\"]},{\"@type\":\"Person\",\"@id\":\"https:\/\/www.pressenza.com\/fr\/#\/schema\/person\/010e5d02bcf40965427a1289a4cc8d75\",\"name\":\"Pressenza IPA\",\"description\":\"News from Pressenza IPA correspondents\",\"sameAs\":[\"https:\/\/www.facebook.com\/pressenza\",\"https:\/\/x.com\/PressenzaIPA\"],\"url\":\"https:\/\/www.pressenza.com\/fr\/author\/pressenza-ipa\/\"}]}<\/script>\n<!-- \/ Yoast SEO plugin. -->","yoast_head_json":{"title":"Guin\u00e9e : Journ\u00e9e Sans Presse","description":"Afin de d\u00e9noncer les mesures du gouvernement contre la libert\u00e9 de la presse en Guin\u00e9e, une Journ\u00e9e Sans Presse a \u00e9t\u00e9 d\u00e9cr\u00e9t\u00e9e, ce mardi 23 mai 2023.","robots":{"index":"index","follow":"follow","max-snippet":"max-snippet:-1","max-image-preview":"max-image-preview:large","max-video-preview":"max-video-preview:-1"},"canonical":"https:\/\/www.pressenza.com\/fr\/2023\/05\/guinee-journee-sans-presse\/","og_locale":"fr_FR","og_type":"article","og_title":"Guin\u00e9e : Journ\u00e9e Sans Presse","og_description":"Afin de d\u00e9noncer les mesures du gouvernement contre la libert\u00e9 de la presse en Guin\u00e9e, une Journ\u00e9e Sans Presse a \u00e9t\u00e9 d\u00e9cr\u00e9t\u00e9e, ce mardi 23 mai 2023.","og_url":"https:\/\/www.pressenza.com\/fr\/2023\/05\/guinee-journee-sans-presse\/","og_site_name":"Pressenza","article_publisher":"https:\/\/www.facebook.com\/PressenzaItalia","article_author":"https:\/\/www.facebook.com\/pressenza","article_published_time":"2023-05-25T09:21:30+00:00","article_modified_time":"2023-05-29T18:06:31+00:00","og_image":[{"width":1024,"height":682,"url":"https:\/\/www.pressenza.com\/wp-content\/uploads\/2023\/05\/unnamed-3.jpg","type":"image\/jpeg"}],"author":"Pressenza IPA","twitter_card":"summary_large_image","twitter_creator":"@PressenzaIPA","twitter_site":"@PressenzaIPA","twitter_misc":{"\u00c9crit par":"Pressenza IPA","Dur\u00e9e de lecture estim\u00e9e":"2 minutes"},"schema":{"@context":"https:\/\/schema.org","@graph":[{"@type":"Article","@id":"https:\/\/www.pressenza.com\/fr\/2023\/05\/guinee-journee-sans-presse\/#article","isPartOf":{"@id":"https:\/\/www.pressenza.com\/fr\/2023\/05\/guinee-journee-sans-presse\/"},"author":{"name":"Pressenza IPA","@id":"https:\/\/www.pressenza.com\/fr\/#\/schema\/person\/010e5d02bcf40965427a1289a4cc8d75"},"headline":"Guin\u00e9e : Journ\u00e9e Sans Presse","datePublished":"2023-05-25T09:21:30+00:00","dateModified":"2023-05-29T18:06:31+00:00","mainEntityOfPage":{"@id":"https:\/\/www.pressenza.com\/fr\/2023\/05\/guinee-journee-sans-presse\/"},"wordCount":273,"publisher":{"@id":"https:\/\/www.pressenza.com\/fr\/#organization"},"image":{"@id":"https:\/\/www.pressenza.com\/fr\/2023\/05\/guinee-journee-sans-presse\/#primaryimage"},"thumbnailUrl":"https:\/\/www.pressenza.com\/wp-content\/uploads\/2023\/05\/unnamed-3.jpg","keywords":["Guin\u00e9e","libert\u00e9 de la presse","Presse"],"articleSection":["Afrique","Communiqu\u00e9s de Presse","Contenu Original","Culture et M\u00e9dias"],"inLanguage":"fr-FR"},{"@type":"WebPage","@id":"https:\/\/www.pressenza.com\/fr\/2023\/05\/guinee-journee-sans-presse\/","url":"https:\/\/www.pressenza.com\/fr\/2023\/05\/guinee-journee-sans-presse\/","name":"Guin\u00e9e : Journ\u00e9e Sans Presse","isPartOf":{"@id":"https:\/\/www.pressenza.com\/fr\/#website"},"primaryImageOfPage":{"@id":"https:\/\/www.pressenza.com\/fr\/2023\/05\/guinee-journee-sans-presse\/#primaryimage"},"image":{"@id":"https:\/\/www.pressenza.com\/fr\/2023\/05\/guinee-journee-sans-presse\/#primaryimage"},"thumbnailUrl":"https:\/\/www.pressenza.com\/wp-content\/uploads\/2023\/05\/unnamed-3.jpg","datePublished":"2023-05-25T09:21:30+00:00","dateModified":"2023-05-29T18:06:31+00:00","description":"Afin de d\u00e9noncer les mesures du gouvernement contre la libert\u00e9 de la presse en Guin\u00e9e, une Journ\u00e9e Sans Presse a \u00e9t\u00e9 d\u00e9cr\u00e9t\u00e9e, ce mardi 23 mai 2023.","breadcrumb":{"@id":"https:\/\/www.pressenza.com\/fr\/2023\/05\/guinee-journee-sans-presse\/#breadcrumb"},"inLanguage":"fr-FR","potentialAction":[{"@type":"ReadAction","target":["https:\/\/www.pressenza.com\/fr\/2023\/05\/guinee-journee-sans-presse\/"]}]},{"@type":"ImageObject","inLanguage":"fr-FR","@id":"https:\/\/www.pressenza.com\/fr\/2023\/05\/guinee-journee-sans-presse\/#primaryimage","url":"https:\/\/www.pressenza.com\/wp-content\/uploads\/2023\/05\/unnamed-3.jpg","contentUrl":"https:\/\/www.pressenza.com\/wp-content\/uploads\/2023\/05\/unnamed-3.jpg","width":1024,"height":682},{"@type":"BreadcrumbList","@id":"https:\/\/www.pressenza.com\/fr\/2023\/05\/guinee-journee-sans-presse\/#breadcrumb","itemListElement":[{"@type":"ListItem","position":1,"name":"Accueil","item":"https:\/\/www.pressenza.com\/fr\/"},{"@type":"ListItem","position":2,"name":"Guin\u00e9e : Journ\u00e9e Sans Presse"}]},{"@type":"WebSite","@id":"https:\/\/www.pressenza.com\/fr\/#website","url":"https:\/\/www.pressenza.com\/fr\/","name":"Pressenza","description":"International Press Agency","publisher":{"@id":"https:\/\/www.pressenza.com\/fr\/#organization"},"potentialAction":[{"@type":"SearchAction","target":{"@type":"EntryPoint","urlTemplate":"https:\/\/www.pressenza.com\/fr\/?s={search_term_string}"},"query-input":{"@type":"PropertyValueSpecification","valueRequired":true,"valueName":"search_term_string"}}],"inLanguage":"fr-FR"},{"@type":"Organization","@id":"https:\/\/www.pressenza.com\/fr\/#organization","name":"Pressenza","url":"https:\/\/www.pressenza.com\/fr\/","logo":{"@type":"ImageObject","inLanguage":"fr-FR","@id":"https:\/\/www.pressenza.com\/fr\/#\/schema\/logo\/image\/","url":"https:\/\/www.pressenza.com\/wp-content\/uploads\/2022\/10\/pressenza_logo_200x200.jpg","contentUrl":"https:\/\/www.pressenza.com\/wp-content\/uploads\/2022\/10\/pressenza_logo_200x200.jpg","width":200,"height":200,"caption":"Pressenza"},"image":{"@id":"https:\/\/www.pressenza.com\/fr\/#\/schema\/logo\/image\/"},"sameAs":["https:\/\/www.facebook.com\/PressenzaItalia","https:\/\/x.com\/PressenzaIPA"]},{"@type":"Person","@id":"https:\/\/www.pressenza.com\/fr\/#\/schema\/person\/010e5d02bcf40965427a1289a4cc8d75","name":"Pressenza IPA","description":"News from Pressenza IPA correspondents","sameAs":["https:\/\/www.facebook.com\/pressenza","https:\/\/x.com\/PressenzaIPA"],"url":"https:\/\/www.pressenza.com\/fr\/author\/pressenza-ipa\/"}]}},"place":"Guin\u00e9e-Conakry","original_article_url":"","_links":{"self":[{"href":"https:\/\/www.pressenza.com\/fr\/wp-json\/wp\/v2\/posts\/1741557","targetHints":{"allow":["GET"]}}],"collection":[{"href":"https:\/\/www.pressenza.com\/fr\/wp-json\/wp\/v2\/posts"}],"about":[{"href":"https:\/\/www.pressenza.com\/fr\/wp-json\/wp\/v2\/types\/post"}],"author":[{"embeddable":true,"href":"https:\/\/www.pressenza.com\/fr\/wp-json\/wp\/v2\/users\/19"}],"replies":[{"embeddable":true,"href":"https:\/\/www.pressenza.com\/fr\/wp-json\/wp\/v2\/comments?post=1741557"}],"version-history":[{"count":0,"href":"https:\/\/www.pressenza.com\/fr\/wp-json\/wp\/v2\/posts\/1741557\/revisions"}],"wp:featuredmedia":[{"embeddable":true,"href":"https:\/\/www.pressenza.com\/fr\/wp-json\/wp\/v2\/media\/1741558"}],"wp:attachment":[{"href":"https:\/\/www.pressenza.com\/fr\/wp-json\/wp\/v2\/media?parent=1741557"}],"wp:term":[{"taxonomy":"category","embeddable":true,"href":"https:\/\/www.pressenza.com\/fr\/wp-json\/wp\/v2\/categories?post=1741557"},{"taxonomy":"post_tag","embeddable":true,"href":"https:\/\/www.pressenza.com\/fr\/wp-json\/wp\/v2\/tags?post=1741557"}],"curies":[{"name":"wp","href":"https:\/\/api.w.org\/{rel}","templated":true}]}}