{"id":1741180,"date":"2023-05-23T21:59:55","date_gmt":"2023-05-23T20:59:55","guid":{"rendered":"https:\/\/www.pressenza.com\/?p=1741180"},"modified":"2023-05-23T21:59:55","modified_gmt":"2023-05-23T20:59:55","slug":"elections-nationales-en-grece-victoire-des-forces-conservatrices","status":"publish","type":"post","link":"https:\/\/www.pressenza.com\/fr\/2023\/05\/elections-nationales-en-grece-victoire-des-forces-conservatrices\/","title":{"rendered":"Elections nationales en Gr\u00e8ce : victoire des forces conservatrices"},"content":{"rendered":"<blockquote><p>En Gr\u00e8ce, des \u00e9lections nationales ont eu lieu le dimanche 21 mai 2023, selon le syst\u00e8me de repr\u00e9sentation proportionnelle introduit en 2016. 60,92 % des \u00e9lecteurs ont particip\u00e9 aux \u00e9lections, ce qui a donn\u00e9 lieu \u00e0 un taux d&rsquo;abstention d&rsquo;environ 39 %, l\u00e9g\u00e8rement inf\u00e9rieur \u00e0 celui des \u00e9lections pr\u00e9c\u00e9dentes de 2019, o\u00f9 l&rsquo;abstention avait atteint 43 % de l&rsquo;\u00e9lectorat.<\/p><\/blockquote>\n<p><strong>R\u00e9sultats<\/strong><\/p>\n<p>Le parti conservateur Nouvelle D\u00e9mocratie, qui gouvernait d\u00e9j\u00e0 de mani\u00e8re autonome depuis quatre ans, a obtenu 40,79 % des voix et a remport\u00e9 146 si\u00e8ges, ce qui maintient &#8211; et augmente de 200 000 &#8211; le nombre de voix qu&rsquo;il avait obtenu en 2019. SYRIZA est tomb\u00e9 \u00e0 20,07 % par rapport aux 31,53 % qu&rsquo;il avait obtenu lors des \u00e9lections pr\u00e9c\u00e9dentes et d\u00e9tient d\u00e9sormais 71 si\u00e8ges. Le PASOK, le parti socialiste grec, a augment\u00e9 sa part \u00e0 11,46% contre 8,10% lors des \u00e9lections pr\u00e9c\u00e9dentes et a obtenu 41 si\u00e8ges. Il convient de noter qu&rsquo;il s&rsquo;agissait de la premi\u00e8re \u00e9lection avec le nouveau pr\u00e9sident socialiste, Nikos Androulakis. Le Parti communiste de Gr\u00e8ce a \u00e9galement augment\u00e9 son pourcentage \u00e0 7,23 % et a remport\u00e9 26 si\u00e8ges, contre 5,30 % lors des \u00e9lections pr\u00e9c\u00e9dentes. Le parti d&rsquo;extr\u00eame droite, Hellenic Solution (Solution Hell\u00e9nique), a \u00e9galement augment\u00e9 sa part, obtenant 4,45 % des voix et 16 si\u00e8ges, contre 3,70 % en 2019. L&rsquo;Alliance MeRA25 pour la Rupture a obtenu 2,62 % des voix &#8211; contre 3,44 % en 2019 &#8211; et n&rsquo;a pas r\u00e9ussi \u00e0 entrer au parlement.<\/p>\n<p><strong>Formation du gouvernement<\/strong><\/p>\n<p>Dans le cadre du syst\u00e8me de repr\u00e9sentation proportionnelle, le premier parti ou une combinaison de partis doit obtenir une part \u00e9lectorale proche de 50 % et 151 si\u00e8ges pour pouvoir gouverner. Hier, le pr\u00e9sident de Nouvelle D\u00e9mocratie, Kyriakos Mitsotakis, a d\u00e9clar\u00e9 qu&rsquo;il ne chercherait probablement pas d&rsquo;alliances, mais qu&rsquo;il avancerait strat\u00e9giquement vite vers la date des prochaines \u00e9lections (probablement le 25 juin), qui se tiendront avec une repr\u00e9sentation proportionnelle renforc\u00e9e, afin de confirmer la majorit\u00e9 autonome de son parti. Aujourd&rsquo;hui, il a d\u00e9j\u00e0 re\u00e7u un mandat pour former un gouvernement, et les d\u00e9veloppements seront rapides dans les jours \u00e0 venir.<\/p>\n<p><strong>Tendances \u00e9lectorales<\/strong><\/p>\n<p>Au vu des r\u00e9sultats et malgr\u00e9 les \u00e9normes d\u00e9fis auxquels le peuple grec est confront\u00e9, tels que la pand\u00e9mie, les cons\u00e9quences de la guerre, la bourse de l&rsquo;\u00e9nergie, les privatisations, la d\u00e9valuation des biens publics (sant\u00e9, \u00e9ducation, transports publics, information, etc.), le terrorisme policier et la course aux armements, les factions exprimant une politique de maintien et d&rsquo;extr\u00eame-droite ont progress\u00e9 en Gr\u00e8ce. En m\u00eame temps, le parti communiste a enregistr\u00e9 une hausse de son soutien et s&rsquo;est mobilis\u00e9 contre les mesures antipopulaires. Le parti socialiste a mis un terme \u00e0 la chute qu&rsquo;il avait connue lors de plusieurs \u00e9lections, tandis que le partenariat de MeRA25 avec Unit\u00e9 populaire et d&rsquo;autres forces de gauche non align\u00e9es n&rsquo;a pas r\u00e9ussi \u00e0 convaincre en tant que force d&rsquo;opposition principale.<\/p>\n<p>&nbsp;<\/p>\n<p><em>Traduit de l&rsquo;anglais par Evelyn Tischer<\/em><\/p>\n","protected":false},"excerpt":{"rendered":"<p>En Gr\u00e8ce, des \u00e9lections nationales ont eu lieu le dimanche 21 mai 2023, selon le syst\u00e8me de repr\u00e9sentation proportionnelle introduit en 2016. 60,92 % des \u00e9lecteurs ont particip\u00e9 aux \u00e9lections, ce qui a donn\u00e9 lieu \u00e0 un taux d&rsquo;abstention d&rsquo;environ&hellip;<\/p>\n","protected":false},"author":1220,"featured_media":1741187,"comment_status":"closed","ping_status":"closed","sticky":false,"template":"","format":"standard","meta":{"footnotes":""},"categories":[11386,85,93],"tags":[766,434,15635,35619],"class_list":["post-1741180","post","type-post","status-publish","format-standard","has-post-thumbnail","hentry","category-contenu-original","category-europe-fr","category-politique","tag-elections","tag-grece","tag-syriza-fr","tag-yanis-varoufakis-fr"],"yoast_head":"<!-- This site is optimized with the Yoast SEO plugin v27.1.1 - https:\/\/yoast.com\/product\/yoast-seo-wordpress\/ -->\n<title>Elections nationales en Gr\u00e8ce : victoire des forces conservatrices<\/title>\n<meta name=\"description\" content=\"En Gr\u00e8ce, des \u00e9lections nationales ont eu lieu le dimanche 21 mai 2023, selon le syst\u00e8me de repr\u00e9sentation proportionnelle introduit en 2016. 60,92 % des\" \/>\n<meta name=\"robots\" content=\"index, follow, max-snippet:-1, max-image-preview:large, max-video-preview:-1\" \/>\n<link rel=\"canonical\" href=\"https:\/\/www.pressenza.com\/fr\/2023\/05\/elections-nationales-en-grece-victoire-des-forces-conservatrices\/\" \/>\n<meta property=\"og:locale\" content=\"fr_FR\" \/>\n<meta property=\"og:type\" content=\"article\" \/>\n<meta property=\"og:title\" content=\"Elections nationales en Gr\u00e8ce : victoire des forces conservatrices\" \/>\n<meta property=\"og:description\" content=\"En Gr\u00e8ce, des \u00e9lections nationales ont eu lieu le dimanche 21 mai 2023, selon le syst\u00e8me de repr\u00e9sentation proportionnelle introduit en 2016. 60,92 % des\" \/>\n<meta property=\"og:url\" content=\"https:\/\/www.pressenza.com\/fr\/2023\/05\/elections-nationales-en-grece-victoire-des-forces-conservatrices\/\" \/>\n<meta property=\"og:site_name\" content=\"Pressenza\" \/>\n<meta property=\"article:publisher\" content=\"https:\/\/www.facebook.com\/PressenzaItalia\" \/>\n<meta property=\"article:author\" content=\"https:\/\/www.facebook.com\/pressenzagr\/\" \/>\n<meta property=\"article:published_time\" content=\"2023-05-23T20:59:55+00:00\" \/>\n<meta property=\"og:image\" content=\"https:\/\/www.pressenza.com\/wp-content\/uploads\/2023\/05\/greece-national-elections-photo-adobe-rights-Marianella-Kloka.png\" \/>\n\t<meta property=\"og:image:width\" content=\"820\" \/>\n\t<meta property=\"og:image:height\" content=\"546\" \/>\n\t<meta property=\"og:image:type\" content=\"image\/png\" \/>\n<meta name=\"author\" content=\"Pressenza Athens\" \/>\n<meta name=\"twitter:card\" content=\"summary_large_image\" \/>\n<meta name=\"twitter:creator\" content=\"@Pressenza_ath\" \/>\n<meta name=\"twitter:site\" content=\"@PressenzaIPA\" \/>\n<meta name=\"twitter:label1\" content=\"\u00c9crit par\" \/>\n\t<meta name=\"twitter:data1\" content=\"Pressenza Athens\" \/>\n\t<meta name=\"twitter:label2\" content=\"Dur\u00e9e de lecture estim\u00e9e\" \/>\n\t<meta name=\"twitter:data2\" content=\"3 minutes\" \/>\n<script type=\"application\/ld+json\" class=\"yoast-schema-graph\">{\"@context\":\"https:\/\/schema.org\",\"@graph\":[{\"@type\":\"Article\",\"@id\":\"https:\/\/www.pressenza.com\/fr\/2023\/05\/elections-nationales-en-grece-victoire-des-forces-conservatrices\/#article\",\"isPartOf\":{\"@id\":\"https:\/\/www.pressenza.com\/fr\/2023\/05\/elections-nationales-en-grece-victoire-des-forces-conservatrices\/\"},\"author\":{\"name\":\"Pressenza Athens\",\"@id\":\"https:\/\/www.pressenza.com\/fr\/#\/schema\/person\/9eae8d7f0aad5ec6a7f6f21ec94480fb\"},\"headline\":\"Elections nationales en Gr\u00e8ce : victoire des forces conservatrices\",\"datePublished\":\"2023-05-23T20:59:55+00:00\",\"mainEntityOfPage\":{\"@id\":\"https:\/\/www.pressenza.com\/fr\/2023\/05\/elections-nationales-en-grece-victoire-des-forces-conservatrices\/\"},\"wordCount\":514,\"publisher\":{\"@id\":\"https:\/\/www.pressenza.com\/fr\/#organization\"},\"image\":{\"@id\":\"https:\/\/www.pressenza.com\/fr\/2023\/05\/elections-nationales-en-grece-victoire-des-forces-conservatrices\/#primaryimage\"},\"thumbnailUrl\":\"https:\/\/www.pressenza.com\/wp-content\/uploads\/2023\/05\/greece-national-elections-photo-adobe-rights-Marianella-Kloka.png\",\"keywords\":[\"\u00e9lections\",\"Gr\u00e8ce\",\"Syriza\",\"Y\u00e1nis Varouf\u00e1kis\"],\"articleSection\":[\"Contenu Original\",\"Europe\",\"Politique\"],\"inLanguage\":\"fr-FR\"},{\"@type\":\"WebPage\",\"@id\":\"https:\/\/www.pressenza.com\/fr\/2023\/05\/elections-nationales-en-grece-victoire-des-forces-conservatrices\/\",\"url\":\"https:\/\/www.pressenza.com\/fr\/2023\/05\/elections-nationales-en-grece-victoire-des-forces-conservatrices\/\",\"name\":\"Elections nationales en Gr\u00e8ce : victoire des forces conservatrices\",\"isPartOf\":{\"@id\":\"https:\/\/www.pressenza.com\/fr\/#website\"},\"primaryImageOfPage\":{\"@id\":\"https:\/\/www.pressenza.com\/fr\/2023\/05\/elections-nationales-en-grece-victoire-des-forces-conservatrices\/#primaryimage\"},\"image\":{\"@id\":\"https:\/\/www.pressenza.com\/fr\/2023\/05\/elections-nationales-en-grece-victoire-des-forces-conservatrices\/#primaryimage\"},\"thumbnailUrl\":\"https:\/\/www.pressenza.com\/wp-content\/uploads\/2023\/05\/greece-national-elections-photo-adobe-rights-Marianella-Kloka.png\",\"datePublished\":\"2023-05-23T20:59:55+00:00\",\"description\":\"En Gr\u00e8ce, des \u00e9lections nationales ont eu lieu le dimanche 21 mai 2023, selon le syst\u00e8me de repr\u00e9sentation proportionnelle introduit en 2016. 60,92 % des\",\"breadcrumb\":{\"@id\":\"https:\/\/www.pressenza.com\/fr\/2023\/05\/elections-nationales-en-grece-victoire-des-forces-conservatrices\/#breadcrumb\"},\"inLanguage\":\"fr-FR\",\"potentialAction\":[{\"@type\":\"ReadAction\",\"target\":[\"https:\/\/www.pressenza.com\/fr\/2023\/05\/elections-nationales-en-grece-victoire-des-forces-conservatrices\/\"]}]},{\"@type\":\"ImageObject\",\"inLanguage\":\"fr-FR\",\"@id\":\"https:\/\/www.pressenza.com\/fr\/2023\/05\/elections-nationales-en-grece-victoire-des-forces-conservatrices\/#primaryimage\",\"url\":\"https:\/\/www.pressenza.com\/wp-content\/uploads\/2023\/05\/greece-national-elections-photo-adobe-rights-Marianella-Kloka.png\",\"contentUrl\":\"https:\/\/www.pressenza.com\/wp-content\/uploads\/2023\/05\/greece-national-elections-photo-adobe-rights-Marianella-Kloka.png\",\"width\":820,\"height\":546,\"caption\":\"Photo Adobe - rights for non-commercial use, Mariannella Kloka\"},{\"@type\":\"BreadcrumbList\",\"@id\":\"https:\/\/www.pressenza.com\/fr\/2023\/05\/elections-nationales-en-grece-victoire-des-forces-conservatrices\/#breadcrumb\",\"itemListElement\":[{\"@type\":\"ListItem\",\"position\":1,\"name\":\"Accueil\",\"item\":\"https:\/\/www.pressenza.com\/fr\/\"},{\"@type\":\"ListItem\",\"position\":2,\"name\":\"Elections nationales en Gr\u00e8ce : victoire des forces conservatrices\"}]},{\"@type\":\"WebSite\",\"@id\":\"https:\/\/www.pressenza.com\/fr\/#website\",\"url\":\"https:\/\/www.pressenza.com\/fr\/\",\"name\":\"Pressenza\",\"description\":\"International Press Agency\",\"publisher\":{\"@id\":\"https:\/\/www.pressenza.com\/fr\/#organization\"},\"potentialAction\":[{\"@type\":\"SearchAction\",\"target\":{\"@type\":\"EntryPoint\",\"urlTemplate\":\"https:\/\/www.pressenza.com\/fr\/?s={search_term_string}\"},\"query-input\":{\"@type\":\"PropertyValueSpecification\",\"valueRequired\":true,\"valueName\":\"search_term_string\"}}],\"inLanguage\":\"fr-FR\"},{\"@type\":\"Organization\",\"@id\":\"https:\/\/www.pressenza.com\/fr\/#organization\",\"name\":\"Pressenza\",\"url\":\"https:\/\/www.pressenza.com\/fr\/\",\"logo\":{\"@type\":\"ImageObject\",\"inLanguage\":\"fr-FR\",\"@id\":\"https:\/\/www.pressenza.com\/fr\/#\/schema\/logo\/image\/\",\"url\":\"https:\/\/www.pressenza.com\/wp-content\/uploads\/2022\/10\/pressenza_logo_200x200.jpg\",\"contentUrl\":\"https:\/\/www.pressenza.com\/wp-content\/uploads\/2022\/10\/pressenza_logo_200x200.jpg\",\"width\":200,\"height\":200,\"caption\":\"Pressenza\"},\"image\":{\"@id\":\"https:\/\/www.pressenza.com\/fr\/#\/schema\/logo\/image\/\"},\"sameAs\":[\"https:\/\/www.facebook.com\/PressenzaItalia\",\"https:\/\/x.com\/PressenzaIPA\"]},{\"@type\":\"Person\",\"@id\":\"https:\/\/www.pressenza.com\/fr\/#\/schema\/person\/9eae8d7f0aad5ec6a7f6f21ec94480fb\",\"name\":\"Pressenza Athens\",\"description\":\"News from the Pressenza Bureau in Athens, Greece\",\"sameAs\":[\"https:\/\/www.facebook.com\/pressenzagr\/\",\"https:\/\/x.com\/Pressenza_ath\"],\"url\":\"https:\/\/www.pressenza.com\/fr\/author\/pressenza-athens\/\"}]}<\/script>\n<!-- \/ Yoast SEO plugin. -->","yoast_head_json":{"title":"Elections nationales en Gr\u00e8ce : victoire des forces conservatrices","description":"En Gr\u00e8ce, des \u00e9lections nationales ont eu lieu le dimanche 21 mai 2023, selon le syst\u00e8me de repr\u00e9sentation proportionnelle introduit en 2016. 60,92 % des","robots":{"index":"index","follow":"follow","max-snippet":"max-snippet:-1","max-image-preview":"max-image-preview:large","max-video-preview":"max-video-preview:-1"},"canonical":"https:\/\/www.pressenza.com\/fr\/2023\/05\/elections-nationales-en-grece-victoire-des-forces-conservatrices\/","og_locale":"fr_FR","og_type":"article","og_title":"Elections nationales en Gr\u00e8ce : victoire des forces conservatrices","og_description":"En Gr\u00e8ce, des \u00e9lections nationales ont eu lieu le dimanche 21 mai 2023, selon le syst\u00e8me de repr\u00e9sentation proportionnelle introduit en 2016. 60,92 % des","og_url":"https:\/\/www.pressenza.com\/fr\/2023\/05\/elections-nationales-en-grece-victoire-des-forces-conservatrices\/","og_site_name":"Pressenza","article_publisher":"https:\/\/www.facebook.com\/PressenzaItalia","article_author":"https:\/\/www.facebook.com\/pressenzagr\/","article_published_time":"2023-05-23T20:59:55+00:00","og_image":[{"width":820,"height":546,"url":"https:\/\/www.pressenza.com\/wp-content\/uploads\/2023\/05\/greece-national-elections-photo-adobe-rights-Marianella-Kloka.png","type":"image\/png"}],"author":"Pressenza Athens","twitter_card":"summary_large_image","twitter_creator":"@Pressenza_ath","twitter_site":"@PressenzaIPA","twitter_misc":{"\u00c9crit par":"Pressenza Athens","Dur\u00e9e de lecture estim\u00e9e":"3 minutes"},"schema":{"@context":"https:\/\/schema.org","@graph":[{"@type":"Article","@id":"https:\/\/www.pressenza.com\/fr\/2023\/05\/elections-nationales-en-grece-victoire-des-forces-conservatrices\/#article","isPartOf":{"@id":"https:\/\/www.pressenza.com\/fr\/2023\/05\/elections-nationales-en-grece-victoire-des-forces-conservatrices\/"},"author":{"name":"Pressenza Athens","@id":"https:\/\/www.pressenza.com\/fr\/#\/schema\/person\/9eae8d7f0aad5ec6a7f6f21ec94480fb"},"headline":"Elections nationales en Gr\u00e8ce : victoire des forces conservatrices","datePublished":"2023-05-23T20:59:55+00:00","mainEntityOfPage":{"@id":"https:\/\/www.pressenza.com\/fr\/2023\/05\/elections-nationales-en-grece-victoire-des-forces-conservatrices\/"},"wordCount":514,"publisher":{"@id":"https:\/\/www.pressenza.com\/fr\/#organization"},"image":{"@id":"https:\/\/www.pressenza.com\/fr\/2023\/05\/elections-nationales-en-grece-victoire-des-forces-conservatrices\/#primaryimage"},"thumbnailUrl":"https:\/\/www.pressenza.com\/wp-content\/uploads\/2023\/05\/greece-national-elections-photo-adobe-rights-Marianella-Kloka.png","keywords":["\u00e9lections","Gr\u00e8ce","Syriza","Y\u00e1nis Varouf\u00e1kis"],"articleSection":["Contenu Original","Europe","Politique"],"inLanguage":"fr-FR"},{"@type":"WebPage","@id":"https:\/\/www.pressenza.com\/fr\/2023\/05\/elections-nationales-en-grece-victoire-des-forces-conservatrices\/","url":"https:\/\/www.pressenza.com\/fr\/2023\/05\/elections-nationales-en-grece-victoire-des-forces-conservatrices\/","name":"Elections nationales en Gr\u00e8ce : victoire des forces conservatrices","isPartOf":{"@id":"https:\/\/www.pressenza.com\/fr\/#website"},"primaryImageOfPage":{"@id":"https:\/\/www.pressenza.com\/fr\/2023\/05\/elections-nationales-en-grece-victoire-des-forces-conservatrices\/#primaryimage"},"image":{"@id":"https:\/\/www.pressenza.com\/fr\/2023\/05\/elections-nationales-en-grece-victoire-des-forces-conservatrices\/#primaryimage"},"thumbnailUrl":"https:\/\/www.pressenza.com\/wp-content\/uploads\/2023\/05\/greece-national-elections-photo-adobe-rights-Marianella-Kloka.png","datePublished":"2023-05-23T20:59:55+00:00","description":"En Gr\u00e8ce, des \u00e9lections nationales ont eu lieu le dimanche 21 mai 2023, selon le syst\u00e8me de repr\u00e9sentation proportionnelle introduit en 2016. 60,92 % des","breadcrumb":{"@id":"https:\/\/www.pressenza.com\/fr\/2023\/05\/elections-nationales-en-grece-victoire-des-forces-conservatrices\/#breadcrumb"},"inLanguage":"fr-FR","potentialAction":[{"@type":"ReadAction","target":["https:\/\/www.pressenza.com\/fr\/2023\/05\/elections-nationales-en-grece-victoire-des-forces-conservatrices\/"]}]},{"@type":"ImageObject","inLanguage":"fr-FR","@id":"https:\/\/www.pressenza.com\/fr\/2023\/05\/elections-nationales-en-grece-victoire-des-forces-conservatrices\/#primaryimage","url":"https:\/\/www.pressenza.com\/wp-content\/uploads\/2023\/05\/greece-national-elections-photo-adobe-rights-Marianella-Kloka.png","contentUrl":"https:\/\/www.pressenza.com\/wp-content\/uploads\/2023\/05\/greece-national-elections-photo-adobe-rights-Marianella-Kloka.png","width":820,"height":546,"caption":"Photo Adobe - rights for non-commercial use, Mariannella Kloka"},{"@type":"BreadcrumbList","@id":"https:\/\/www.pressenza.com\/fr\/2023\/05\/elections-nationales-en-grece-victoire-des-forces-conservatrices\/#breadcrumb","itemListElement":[{"@type":"ListItem","position":1,"name":"Accueil","item":"https:\/\/www.pressenza.com\/fr\/"},{"@type":"ListItem","position":2,"name":"Elections nationales en Gr\u00e8ce : victoire des forces conservatrices"}]},{"@type":"WebSite","@id":"https:\/\/www.pressenza.com\/fr\/#website","url":"https:\/\/www.pressenza.com\/fr\/","name":"Pressenza","description":"International Press Agency","publisher":{"@id":"https:\/\/www.pressenza.com\/fr\/#organization"},"potentialAction":[{"@type":"SearchAction","target":{"@type":"EntryPoint","urlTemplate":"https:\/\/www.pressenza.com\/fr\/?s={search_term_string}"},"query-input":{"@type":"PropertyValueSpecification","valueRequired":true,"valueName":"search_term_string"}}],"inLanguage":"fr-FR"},{"@type":"Organization","@id":"https:\/\/www.pressenza.com\/fr\/#organization","name":"Pressenza","url":"https:\/\/www.pressenza.com\/fr\/","logo":{"@type":"ImageObject","inLanguage":"fr-FR","@id":"https:\/\/www.pressenza.com\/fr\/#\/schema\/logo\/image\/","url":"https:\/\/www.pressenza.com\/wp-content\/uploads\/2022\/10\/pressenza_logo_200x200.jpg","contentUrl":"https:\/\/www.pressenza.com\/wp-content\/uploads\/2022\/10\/pressenza_logo_200x200.jpg","width":200,"height":200,"caption":"Pressenza"},"image":{"@id":"https:\/\/www.pressenza.com\/fr\/#\/schema\/logo\/image\/"},"sameAs":["https:\/\/www.facebook.com\/PressenzaItalia","https:\/\/x.com\/PressenzaIPA"]},{"@type":"Person","@id":"https:\/\/www.pressenza.com\/fr\/#\/schema\/person\/9eae8d7f0aad5ec6a7f6f21ec94480fb","name":"Pressenza Athens","description":"News from the Pressenza Bureau in Athens, Greece","sameAs":["https:\/\/www.facebook.com\/pressenzagr\/","https:\/\/x.com\/Pressenza_ath"],"url":"https:\/\/www.pressenza.com\/fr\/author\/pressenza-athens\/"}]}},"place":"","original_article_url":"","_links":{"self":[{"href":"https:\/\/www.pressenza.com\/fr\/wp-json\/wp\/v2\/posts\/1741180","targetHints":{"allow":["GET"]}}],"collection":[{"href":"https:\/\/www.pressenza.com\/fr\/wp-json\/wp\/v2\/posts"}],"about":[{"href":"https:\/\/www.pressenza.com\/fr\/wp-json\/wp\/v2\/types\/post"}],"author":[{"embeddable":true,"href":"https:\/\/www.pressenza.com\/fr\/wp-json\/wp\/v2\/users\/1220"}],"replies":[{"embeddable":true,"href":"https:\/\/www.pressenza.com\/fr\/wp-json\/wp\/v2\/comments?post=1741180"}],"version-history":[{"count":0,"href":"https:\/\/www.pressenza.com\/fr\/wp-json\/wp\/v2\/posts\/1741180\/revisions"}],"wp:featuredmedia":[{"embeddable":true,"href":"https:\/\/www.pressenza.com\/fr\/wp-json\/wp\/v2\/media\/1741187"}],"wp:attachment":[{"href":"https:\/\/www.pressenza.com\/fr\/wp-json\/wp\/v2\/media?parent=1741180"}],"wp:term":[{"taxonomy":"category","embeddable":true,"href":"https:\/\/www.pressenza.com\/fr\/wp-json\/wp\/v2\/categories?post=1741180"},{"taxonomy":"post_tag","embeddable":true,"href":"https:\/\/www.pressenza.com\/fr\/wp-json\/wp\/v2\/tags?post=1741180"}],"curies":[{"name":"wp","href":"https:\/\/api.w.org\/{rel}","templated":true}]}}