{"id":1737535,"date":"2023-05-06T22:29:12","date_gmt":"2023-05-06T21:29:12","guid":{"rendered":"https:\/\/www.pressenza.com\/?p=1737535"},"modified":"2023-05-07T10:08:17","modified_gmt":"2023-05-07T09:08:17","slug":"des-responsables-politiques-du-monde-entier-demandent-au-procureur-general-des-etats-unis-dabandonner-les-poursuites-a-lencontre-dassange","status":"publish","type":"post","link":"https:\/\/www.pressenza.com\/fr\/2023\/05\/des-responsables-politiques-du-monde-entier-demandent-au-procureur-general-des-etats-unis-dabandonner-les-poursuites-a-lencontre-dassange\/","title":{"rendered":"Des responsables politiques du monde entier demandent au procureur g\u00e9n\u00e9ral des \u00c9tats-Unis d&rsquo;abandonner les poursuites \u00e0 l&rsquo;encontre d&rsquo;Assange"},"content":{"rendered":"<blockquote><p>\u00c0 l&rsquo;occasion du quatri\u00e8me anniversaire de la d\u00e9tention provisoire de l&rsquo;\u00e9diteur australien Julian Assange \u00e0 Londres, des responsables politiques australiens, am\u00e9ricains, britanniques et br\u00e9siliens ont demand\u00e9 au procureur g\u00e9n\u00e9ral des \u00c9tats-Unis d&rsquo;abandonner les charges d&rsquo;extradition et d&rsquo;espionnage qui p\u00e8sent sur le fondateur de WikiLeaks.<\/p><\/blockquote>\n<p>Une lettre ouverte au procureur g\u00e9n\u00e9ral des \u00c9tats-Unis, Merrick Garland, sign\u00e9e par 48 parlementaires australiens du gouvernement, de l&rsquo;opposition et des ind\u00e9pendants, stipule ce qui suit :<\/p>\n<p><em>\u00ab\u00a0Si la demande d&rsquo;extradition est approuv\u00e9e, les Australiens assisteront \u00e0 l&rsquo;expulsion de l&rsquo;un de nos citoyens d&rsquo;un partenaire d&rsquo;AUKUS vers un autre &#8211; notre alli\u00e9 strat\u00e9gique le plus proche &#8211; avec la perspective qu&rsquo;Assange passe le reste de sa vie en prison. Cela cr\u00e9erait un dangereux pr\u00e9c\u00e9dent pour tous les citoyens du monde, les journalistes, les \u00e9diteurs, les organisations de m\u00e9dias et la libert\u00e9 de la presse. Elle serait \u00e9galement inutilement pr\u00e9judiciable aux \u00c9tats-Unis, leader mondial de la libert\u00e9 d&rsquo;expression et de l&rsquo;\u00c9tat de droit.\u00a0\u00bb<\/em><\/p>\n<p><em>\u00ab\u00a0Une couverture de honte et de d\u00e9shonneur ; dix-huit mois d&rsquo;assignation \u00e0 r\u00e9sidence, sept ans et demi d&rsquo;asile \u00e0 l&rsquo;ambassade d&rsquo;\u00c9quateur, quatre ans de d\u00e9tention provisoire dans la prison de haute s\u00e9curit\u00e9 de Belmarsh. Quatorze ans de d\u00e9tention arbitraire ! Le d\u00e9but de la fin de ce gel sordide de la v\u00e9rit\u00e9 et de la destruction de Julian Assange a commenc\u00e9 avec la visite que le Haut-Commissaire Stephen Smith a rendue \u00e0 Julian dans la prison de Belmarsh. Le peuple australien exige le retour de Julian en Australie\u00a0\u00bb, a d\u00e9clar\u00e9 John Shipton, le p\u00e8re de Julian.<\/em><\/p>\n<p>Des responsables politiques des gouvernements am\u00e9ricain, britannique, mexicain et br\u00e9silien ont \u00e9galement \u00e9crit au procureur g\u00e9n\u00e9ral des \u00c9tats-Unis cette semaine, l&rsquo;exhortant \u00e0 retirer sa demande d&rsquo;extradition d&rsquo;Assange.<\/p>\n<p>Des experts internationaux s&rsquo;opposent \u00e0 la pers\u00e9cution continue d&rsquo;Assange, notamment l&rsquo;ancien rapporteur sp\u00e9cial des Nations unies sur la torture, Nils Melzer, et le commissaire aux droits humains du Conseil de l&rsquo;Europe, Dunja Mijatovi\u0107, ainsi que des organisations de d\u00e9fense des droits humains, divers chefs d&rsquo;\u00c9tat, et des parlementaires du monde entier.<\/p>\n<p>Greg Barns SC, conseiller juridique de la campagne Assange, a d\u00e9clar\u00e9 <em>: \u00ab\u00a0La tentative des \u00c9tats-Unis de poursuivre Julian Assange pour avoir r\u00e9v\u00e9l\u00e9 la v\u00e9rit\u00e9 sur la guerre en Irak et en Afghanistan est dangereuse. Cela signifie que n&rsquo;importe quel journaliste ou r\u00e9dacteur en chef dans le monde pourrait \u00eatre extrad\u00e9 vers les \u00c9tats-Unis pour avoir r\u00e9v\u00e9l\u00e9 des informations que Washington ne souhaite pas voir divulgu\u00e9es. L&rsquo;Australie doit s&rsquo;opposer aux abus extraterritoriaux des \u00c9tats-Unis visant \u00e0 mettre un terme \u00e0 la libert\u00e9 d&rsquo;expression\u00a0\u00bb<\/em>.<\/p>\n<p>La lettre adress\u00e9e par des responsables politiques australiens au procureur g\u00e9n\u00e9ral Garland a \u00e9t\u00e9 r\u00e9dig\u00e9e \u00e0 l&rsquo;initiative du d\u00e9put\u00e9 ind\u00e9pendant Andrew Wilkie, qui co-pr\u00e9side le groupe parlementaire \u00ab\u00a0Friends of Julian Assange\u00a0\u00bb (Amis de Julian Assange).<\/p>\n<p><em>\u00ab\u00a0L&rsquo;inqui\u00e9tude politique g\u00e9n\u00e9ralis\u00e9e au sujet de Julian Assange nous rappelle que cette terrible saga n&rsquo;a que trop dur\u00e9 et qu&rsquo;il faut y mettre un terme<\/em>, a d\u00e9clar\u00e9 M. Wilkie. <em>Les 48 parlementaires f\u00e9d\u00e9raux australiens qui ont sign\u00e9 la lettre officielle, ainsi que les lettres similaires de parlementaires du monde entier, repr\u00e9sentent des millions d&rsquo;\u00e9lecteurs. Ce n&rsquo;est pas une mince affaire et il ne faut pas l&rsquo;ignorer. Il ne faut pas non plus ignorer que la vague d&rsquo;inqui\u00e9tude politique traverse le spectre politique et qu&rsquo;elle est fond\u00e9e sur une vari\u00e9t\u00e9 de raisons. Cela montre que l&rsquo;injustice dont est victime Julian Assange est inadmissible \u00e0 bien des \u00e9gards. Il faut y mettre un terme\u00a0\u00bb.<\/em><\/p>\n<p>Lettre des parlementaires australiens au procureur g\u00e9n\u00e9ral Garland.<\/p>\n<p>&nbsp;<\/p>\n<p>contact@assangecampaign.org.au<\/p>\n<p>&nbsp;<\/p>\n<p>Traduit de l\u2019italien par Evelyn Tischer<\/p>\n","protected":false},"excerpt":{"rendered":"<p>\u00c0 l&rsquo;occasion du quatri\u00e8me anniversaire de la d\u00e9tention provisoire de l&rsquo;\u00e9diteur australien Julian Assange \u00e0 Londres, des responsables politiques australiens, am\u00e9ricains, britanniques et br\u00e9siliens ont demand\u00e9 au procureur g\u00e9n\u00e9ral des \u00c9tats-Unis d&rsquo;abandonner les charges d&rsquo;extradition et d&rsquo;espionnage qui p\u00e8sent sur&hellip;<\/p>\n","protected":false},"author":594,"featured_media":860108,"comment_status":"closed","ping_status":"closed","sticky":false,"template":"","format":"standard","meta":{"footnotes":""},"categories":[151,94,40,93],"tags":[312,3524],"class_list":["post-1737535","post","type-post","status-publish","format-standard","has-post-thumbnail","hentry","category-communique-de-presse","category-culture-fr","category-international-fr","category-politique","tag-etats-unis","tag-julian-assange-fr"],"yoast_head":"<!-- This site is optimized with the Yoast SEO plugin v27.1.1 - https:\/\/yoast.com\/product\/yoast-seo-wordpress\/ -->\n<title>Des responsables politiques du monde entier demandent au procureur g\u00e9n\u00e9ral des \u00c9tats-Unis d&#039;abandonner les poursuites \u00e0 l&#039;encontre d&#039;Assange<\/title>\n<meta name=\"description\" content=\"\u00c0 l&#039;occasion du quatri\u00e8me anniversaire de la d\u00e9tention provisoire de l&#039;\u00e9diteur australien Julian Assange \u00e0 Londres, des responsables politiques\" \/>\n<meta name=\"robots\" content=\"index, follow, max-snippet:-1, max-image-preview:large, max-video-preview:-1\" \/>\n<link rel=\"canonical\" href=\"https:\/\/www.pressenza.com\/fr\/2023\/05\/des-responsables-politiques-du-monde-entier-demandent-au-procureur-general-des-etats-unis-dabandonner-les-poursuites-a-lencontre-dassange\/\" \/>\n<meta property=\"og:locale\" content=\"fr_FR\" \/>\n<meta property=\"og:type\" content=\"article\" \/>\n<meta property=\"og:title\" content=\"Des responsables politiques du monde entier demandent au procureur g\u00e9n\u00e9ral des \u00c9tats-Unis d&#039;abandonner les poursuites \u00e0 l&#039;encontre d&#039;Assange\" \/>\n<meta property=\"og:description\" content=\"\u00c0 l&#039;occasion du quatri\u00e8me anniversaire de la d\u00e9tention provisoire de l&#039;\u00e9diteur australien Julian Assange \u00e0 Londres, des responsables politiques\" \/>\n<meta property=\"og:url\" content=\"https:\/\/www.pressenza.com\/fr\/2023\/05\/des-responsables-politiques-du-monde-entier-demandent-au-procureur-general-des-etats-unis-dabandonner-les-poursuites-a-lencontre-dassange\/\" \/>\n<meta property=\"og:site_name\" content=\"Pressenza\" \/>\n<meta property=\"article:publisher\" content=\"https:\/\/www.facebook.com\/PressenzaItalia\" \/>\n<meta property=\"article:author\" content=\"https:\/\/www.facebook.com\/PressenzaItalia\" \/>\n<meta property=\"article:published_time\" content=\"2023-05-06T21:29:12+00:00\" \/>\n<meta property=\"article:modified_time\" content=\"2023-05-07T09:08:17+00:00\" \/>\n<meta property=\"og:image\" content=\"https:\/\/www.pressenza.com\/wp-content\/uploads\/2019\/05\/US-Anklage_gegen_Julian-Assange_Totalangriff_auf_Pressefreiheit.jpg\" \/>\n\t<meta property=\"og:image:width\" content=\"750\" \/>\n\t<meta property=\"og:image:height\" content=\"529\" \/>\n\t<meta property=\"og:image:type\" content=\"image\/jpeg\" \/>\n<meta name=\"author\" content=\"Redazione Italia\" \/>\n<meta name=\"twitter:card\" content=\"summary_large_image\" \/>\n<meta name=\"twitter:creator\" content=\"@pressenza_it\" \/>\n<meta name=\"twitter:site\" content=\"@PressenzaIPA\" \/>\n<meta name=\"twitter:label1\" content=\"\u00c9crit par\" \/>\n\t<meta name=\"twitter:data1\" content=\"Redazione Italia\" \/>\n\t<meta name=\"twitter:label2\" content=\"Dur\u00e9e de lecture estim\u00e9e\" \/>\n\t<meta name=\"twitter:data2\" content=\"3 minutes\" \/>\n<script type=\"application\/ld+json\" class=\"yoast-schema-graph\">{\"@context\":\"https:\/\/schema.org\",\"@graph\":[{\"@type\":\"Article\",\"@id\":\"https:\/\/www.pressenza.com\/fr\/2023\/05\/des-responsables-politiques-du-monde-entier-demandent-au-procureur-general-des-etats-unis-dabandonner-les-poursuites-a-lencontre-dassange\/#article\",\"isPartOf\":{\"@id\":\"https:\/\/www.pressenza.com\/fr\/2023\/05\/des-responsables-politiques-du-monde-entier-demandent-au-procureur-general-des-etats-unis-dabandonner-les-poursuites-a-lencontre-dassange\/\"},\"author\":{\"name\":\"Redazione Italia\",\"@id\":\"https:\/\/www.pressenza.com\/fr\/#\/schema\/person\/d983e81827ae24f2c7b1a2123d197f8d\"},\"headline\":\"Des responsables politiques du monde entier demandent au procureur g\u00e9n\u00e9ral des \u00c9tats-Unis d&rsquo;abandonner les poursuites \u00e0 l&rsquo;encontre d&rsquo;Assange\",\"datePublished\":\"2023-05-06T21:29:12+00:00\",\"dateModified\":\"2023-05-07T09:08:17+00:00\",\"mainEntityOfPage\":{\"@id\":\"https:\/\/www.pressenza.com\/fr\/2023\/05\/des-responsables-politiques-du-monde-entier-demandent-au-procureur-general-des-etats-unis-dabandonner-les-poursuites-a-lencontre-dassange\/\"},\"wordCount\":688,\"publisher\":{\"@id\":\"https:\/\/www.pressenza.com\/fr\/#organization\"},\"image\":{\"@id\":\"https:\/\/www.pressenza.com\/fr\/2023\/05\/des-responsables-politiques-du-monde-entier-demandent-au-procureur-general-des-etats-unis-dabandonner-les-poursuites-a-lencontre-dassange\/#primaryimage\"},\"thumbnailUrl\":\"https:\/\/www.pressenza.com\/wp-content\/uploads\/2019\/05\/US-Anklage_gegen_Julian-Assange_Totalangriff_auf_Pressefreiheit.jpg\",\"keywords\":[\"\u00c9tats-Unis\",\"Julian Assange\"],\"articleSection\":[\"Communiqu\u00e9s de Presse\",\"Culture et M\u00e9dias\",\"International\",\"Politique\"],\"inLanguage\":\"fr-FR\"},{\"@type\":\"WebPage\",\"@id\":\"https:\/\/www.pressenza.com\/fr\/2023\/05\/des-responsables-politiques-du-monde-entier-demandent-au-procureur-general-des-etats-unis-dabandonner-les-poursuites-a-lencontre-dassange\/\",\"url\":\"https:\/\/www.pressenza.com\/fr\/2023\/05\/des-responsables-politiques-du-monde-entier-demandent-au-procureur-general-des-etats-unis-dabandonner-les-poursuites-a-lencontre-dassange\/\",\"name\":\"Des responsables politiques du monde entier demandent au procureur g\u00e9n\u00e9ral des \u00c9tats-Unis d'abandonner les poursuites \u00e0 l'encontre d'Assange\",\"isPartOf\":{\"@id\":\"https:\/\/www.pressenza.com\/fr\/#website\"},\"primaryImageOfPage\":{\"@id\":\"https:\/\/www.pressenza.com\/fr\/2023\/05\/des-responsables-politiques-du-monde-entier-demandent-au-procureur-general-des-etats-unis-dabandonner-les-poursuites-a-lencontre-dassange\/#primaryimage\"},\"image\":{\"@id\":\"https:\/\/www.pressenza.com\/fr\/2023\/05\/des-responsables-politiques-du-monde-entier-demandent-au-procureur-general-des-etats-unis-dabandonner-les-poursuites-a-lencontre-dassange\/#primaryimage\"},\"thumbnailUrl\":\"https:\/\/www.pressenza.com\/wp-content\/uploads\/2019\/05\/US-Anklage_gegen_Julian-Assange_Totalangriff_auf_Pressefreiheit.jpg\",\"datePublished\":\"2023-05-06T21:29:12+00:00\",\"dateModified\":\"2023-05-07T09:08:17+00:00\",\"description\":\"\u00c0 l'occasion du quatri\u00e8me anniversaire de la d\u00e9tention provisoire de l'\u00e9diteur australien Julian Assange \u00e0 Londres, des responsables politiques\",\"breadcrumb\":{\"@id\":\"https:\/\/www.pressenza.com\/fr\/2023\/05\/des-responsables-politiques-du-monde-entier-demandent-au-procureur-general-des-etats-unis-dabandonner-les-poursuites-a-lencontre-dassange\/#breadcrumb\"},\"inLanguage\":\"fr-FR\",\"potentialAction\":[{\"@type\":\"ReadAction\",\"target\":[\"https:\/\/www.pressenza.com\/fr\/2023\/05\/des-responsables-politiques-du-monde-entier-demandent-au-procureur-general-des-etats-unis-dabandonner-les-poursuites-a-lencontre-dassange\/\"]}]},{\"@type\":\"ImageObject\",\"inLanguage\":\"fr-FR\",\"@id\":\"https:\/\/www.pressenza.com\/fr\/2023\/05\/des-responsables-politiques-du-monde-entier-demandent-au-procureur-general-des-etats-unis-dabandonner-les-poursuites-a-lencontre-dassange\/#primaryimage\",\"url\":\"https:\/\/www.pressenza.com\/wp-content\/uploads\/2019\/05\/US-Anklage_gegen_Julian-Assange_Totalangriff_auf_Pressefreiheit.jpg\",\"contentUrl\":\"https:\/\/www.pressenza.com\/wp-content\/uploads\/2019\/05\/US-Anklage_gegen_Julian-Assange_Totalangriff_auf_Pressefreiheit.jpg\",\"width\":750,\"height\":529,\"caption\":\"US-Anklage gegen Julian Assange ist Totalangriff auf Pressefreiheit\"},{\"@type\":\"BreadcrumbList\",\"@id\":\"https:\/\/www.pressenza.com\/fr\/2023\/05\/des-responsables-politiques-du-monde-entier-demandent-au-procureur-general-des-etats-unis-dabandonner-les-poursuites-a-lencontre-dassange\/#breadcrumb\",\"itemListElement\":[{\"@type\":\"ListItem\",\"position\":1,\"name\":\"Accueil\",\"item\":\"https:\/\/www.pressenza.com\/fr\/\"},{\"@type\":\"ListItem\",\"position\":2,\"name\":\"Des responsables politiques du monde entier demandent au procureur g\u00e9n\u00e9ral des \u00c9tats-Unis d&rsquo;abandonner les poursuites \u00e0 l&rsquo;encontre d&rsquo;Assange\"}]},{\"@type\":\"WebSite\",\"@id\":\"https:\/\/www.pressenza.com\/fr\/#website\",\"url\":\"https:\/\/www.pressenza.com\/fr\/\",\"name\":\"Pressenza\",\"description\":\"International Press Agency\",\"publisher\":{\"@id\":\"https:\/\/www.pressenza.com\/fr\/#organization\"},\"potentialAction\":[{\"@type\":\"SearchAction\",\"target\":{\"@type\":\"EntryPoint\",\"urlTemplate\":\"https:\/\/www.pressenza.com\/fr\/?s={search_term_string}\"},\"query-input\":{\"@type\":\"PropertyValueSpecification\",\"valueRequired\":true,\"valueName\":\"search_term_string\"}}],\"inLanguage\":\"fr-FR\"},{\"@type\":\"Organization\",\"@id\":\"https:\/\/www.pressenza.com\/fr\/#organization\",\"name\":\"Pressenza\",\"url\":\"https:\/\/www.pressenza.com\/fr\/\",\"logo\":{\"@type\":\"ImageObject\",\"inLanguage\":\"fr-FR\",\"@id\":\"https:\/\/www.pressenza.com\/fr\/#\/schema\/logo\/image\/\",\"url\":\"https:\/\/www.pressenza.com\/wp-content\/uploads\/2022\/10\/pressenza_logo_200x200.jpg\",\"contentUrl\":\"https:\/\/www.pressenza.com\/wp-content\/uploads\/2022\/10\/pressenza_logo_200x200.jpg\",\"width\":200,\"height\":200,\"caption\":\"Pressenza\"},\"image\":{\"@id\":\"https:\/\/www.pressenza.com\/fr\/#\/schema\/logo\/image\/\"},\"sameAs\":[\"https:\/\/www.facebook.com\/PressenzaItalia\",\"https:\/\/x.com\/PressenzaIPA\"]},{\"@type\":\"Person\",\"@id\":\"https:\/\/www.pressenza.com\/fr\/#\/schema\/person\/d983e81827ae24f2c7b1a2123d197f8d\",\"name\":\"Redazione Italia\",\"description\":\"News from the Pressenza Bureau in Italy\",\"sameAs\":[\"https:\/\/www.pressenza.com\/it\/author\/redazione-italia\/\",\"https:\/\/www.facebook.com\/PressenzaItalia\",\"https:\/\/www.instagram.com\/pressenza_italia\/\",\"https:\/\/x.com\/pressenza_it\",\"https:\/\/www.youtube.com\/channel\/UCSalEIWjE1RSxkwjfftFuqg\"],\"url\":\"https:\/\/www.pressenza.com\/fr\/author\/redazione-italia\/\"}]}<\/script>\n<!-- \/ Yoast SEO plugin. -->","yoast_head_json":{"title":"Des responsables politiques du monde entier demandent au procureur g\u00e9n\u00e9ral des \u00c9tats-Unis d'abandonner les poursuites \u00e0 l'encontre d'Assange","description":"\u00c0 l'occasion du quatri\u00e8me anniversaire de la d\u00e9tention provisoire de l'\u00e9diteur australien Julian Assange \u00e0 Londres, des responsables politiques","robots":{"index":"index","follow":"follow","max-snippet":"max-snippet:-1","max-image-preview":"max-image-preview:large","max-video-preview":"max-video-preview:-1"},"canonical":"https:\/\/www.pressenza.com\/fr\/2023\/05\/des-responsables-politiques-du-monde-entier-demandent-au-procureur-general-des-etats-unis-dabandonner-les-poursuites-a-lencontre-dassange\/","og_locale":"fr_FR","og_type":"article","og_title":"Des responsables politiques du monde entier demandent au procureur g\u00e9n\u00e9ral des \u00c9tats-Unis d'abandonner les poursuites \u00e0 l'encontre d'Assange","og_description":"\u00c0 l'occasion du quatri\u00e8me anniversaire de la d\u00e9tention provisoire de l'\u00e9diteur australien Julian Assange \u00e0 Londres, des responsables politiques","og_url":"https:\/\/www.pressenza.com\/fr\/2023\/05\/des-responsables-politiques-du-monde-entier-demandent-au-procureur-general-des-etats-unis-dabandonner-les-poursuites-a-lencontre-dassange\/","og_site_name":"Pressenza","article_publisher":"https:\/\/www.facebook.com\/PressenzaItalia","article_author":"https:\/\/www.facebook.com\/PressenzaItalia","article_published_time":"2023-05-06T21:29:12+00:00","article_modified_time":"2023-05-07T09:08:17+00:00","og_image":[{"width":750,"height":529,"url":"https:\/\/www.pressenza.com\/wp-content\/uploads\/2019\/05\/US-Anklage_gegen_Julian-Assange_Totalangriff_auf_Pressefreiheit.jpg","type":"image\/jpeg"}],"author":"Redazione Italia","twitter_card":"summary_large_image","twitter_creator":"@pressenza_it","twitter_site":"@PressenzaIPA","twitter_misc":{"\u00c9crit par":"Redazione Italia","Dur\u00e9e de lecture estim\u00e9e":"3 minutes"},"schema":{"@context":"https:\/\/schema.org","@graph":[{"@type":"Article","@id":"https:\/\/www.pressenza.com\/fr\/2023\/05\/des-responsables-politiques-du-monde-entier-demandent-au-procureur-general-des-etats-unis-dabandonner-les-poursuites-a-lencontre-dassange\/#article","isPartOf":{"@id":"https:\/\/www.pressenza.com\/fr\/2023\/05\/des-responsables-politiques-du-monde-entier-demandent-au-procureur-general-des-etats-unis-dabandonner-les-poursuites-a-lencontre-dassange\/"},"author":{"name":"Redazione Italia","@id":"https:\/\/www.pressenza.com\/fr\/#\/schema\/person\/d983e81827ae24f2c7b1a2123d197f8d"},"headline":"Des responsables politiques du monde entier demandent au procureur g\u00e9n\u00e9ral des \u00c9tats-Unis d&rsquo;abandonner les poursuites \u00e0 l&rsquo;encontre d&rsquo;Assange","datePublished":"2023-05-06T21:29:12+00:00","dateModified":"2023-05-07T09:08:17+00:00","mainEntityOfPage":{"@id":"https:\/\/www.pressenza.com\/fr\/2023\/05\/des-responsables-politiques-du-monde-entier-demandent-au-procureur-general-des-etats-unis-dabandonner-les-poursuites-a-lencontre-dassange\/"},"wordCount":688,"publisher":{"@id":"https:\/\/www.pressenza.com\/fr\/#organization"},"image":{"@id":"https:\/\/www.pressenza.com\/fr\/2023\/05\/des-responsables-politiques-du-monde-entier-demandent-au-procureur-general-des-etats-unis-dabandonner-les-poursuites-a-lencontre-dassange\/#primaryimage"},"thumbnailUrl":"https:\/\/www.pressenza.com\/wp-content\/uploads\/2019\/05\/US-Anklage_gegen_Julian-Assange_Totalangriff_auf_Pressefreiheit.jpg","keywords":["\u00c9tats-Unis","Julian Assange"],"articleSection":["Communiqu\u00e9s de Presse","Culture et M\u00e9dias","International","Politique"],"inLanguage":"fr-FR"},{"@type":"WebPage","@id":"https:\/\/www.pressenza.com\/fr\/2023\/05\/des-responsables-politiques-du-monde-entier-demandent-au-procureur-general-des-etats-unis-dabandonner-les-poursuites-a-lencontre-dassange\/","url":"https:\/\/www.pressenza.com\/fr\/2023\/05\/des-responsables-politiques-du-monde-entier-demandent-au-procureur-general-des-etats-unis-dabandonner-les-poursuites-a-lencontre-dassange\/","name":"Des responsables politiques du monde entier demandent au procureur g\u00e9n\u00e9ral des \u00c9tats-Unis d'abandonner les poursuites \u00e0 l'encontre d'Assange","isPartOf":{"@id":"https:\/\/www.pressenza.com\/fr\/#website"},"primaryImageOfPage":{"@id":"https:\/\/www.pressenza.com\/fr\/2023\/05\/des-responsables-politiques-du-monde-entier-demandent-au-procureur-general-des-etats-unis-dabandonner-les-poursuites-a-lencontre-dassange\/#primaryimage"},"image":{"@id":"https:\/\/www.pressenza.com\/fr\/2023\/05\/des-responsables-politiques-du-monde-entier-demandent-au-procureur-general-des-etats-unis-dabandonner-les-poursuites-a-lencontre-dassange\/#primaryimage"},"thumbnailUrl":"https:\/\/www.pressenza.com\/wp-content\/uploads\/2019\/05\/US-Anklage_gegen_Julian-Assange_Totalangriff_auf_Pressefreiheit.jpg","datePublished":"2023-05-06T21:29:12+00:00","dateModified":"2023-05-07T09:08:17+00:00","description":"\u00c0 l'occasion du quatri\u00e8me anniversaire de la d\u00e9tention provisoire de l'\u00e9diteur australien Julian Assange \u00e0 Londres, des responsables politiques","breadcrumb":{"@id":"https:\/\/www.pressenza.com\/fr\/2023\/05\/des-responsables-politiques-du-monde-entier-demandent-au-procureur-general-des-etats-unis-dabandonner-les-poursuites-a-lencontre-dassange\/#breadcrumb"},"inLanguage":"fr-FR","potentialAction":[{"@type":"ReadAction","target":["https:\/\/www.pressenza.com\/fr\/2023\/05\/des-responsables-politiques-du-monde-entier-demandent-au-procureur-general-des-etats-unis-dabandonner-les-poursuites-a-lencontre-dassange\/"]}]},{"@type":"ImageObject","inLanguage":"fr-FR","@id":"https:\/\/www.pressenza.com\/fr\/2023\/05\/des-responsables-politiques-du-monde-entier-demandent-au-procureur-general-des-etats-unis-dabandonner-les-poursuites-a-lencontre-dassange\/#primaryimage","url":"https:\/\/www.pressenza.com\/wp-content\/uploads\/2019\/05\/US-Anklage_gegen_Julian-Assange_Totalangriff_auf_Pressefreiheit.jpg","contentUrl":"https:\/\/www.pressenza.com\/wp-content\/uploads\/2019\/05\/US-Anklage_gegen_Julian-Assange_Totalangriff_auf_Pressefreiheit.jpg","width":750,"height":529,"caption":"US-Anklage gegen Julian Assange ist Totalangriff auf Pressefreiheit"},{"@type":"BreadcrumbList","@id":"https:\/\/www.pressenza.com\/fr\/2023\/05\/des-responsables-politiques-du-monde-entier-demandent-au-procureur-general-des-etats-unis-dabandonner-les-poursuites-a-lencontre-dassange\/#breadcrumb","itemListElement":[{"@type":"ListItem","position":1,"name":"Accueil","item":"https:\/\/www.pressenza.com\/fr\/"},{"@type":"ListItem","position":2,"name":"Des responsables politiques du monde entier demandent au procureur g\u00e9n\u00e9ral des \u00c9tats-Unis d&rsquo;abandonner les poursuites \u00e0 l&rsquo;encontre d&rsquo;Assange"}]},{"@type":"WebSite","@id":"https:\/\/www.pressenza.com\/fr\/#website","url":"https:\/\/www.pressenza.com\/fr\/","name":"Pressenza","description":"International Press Agency","publisher":{"@id":"https:\/\/www.pressenza.com\/fr\/#organization"},"potentialAction":[{"@type":"SearchAction","target":{"@type":"EntryPoint","urlTemplate":"https:\/\/www.pressenza.com\/fr\/?s={search_term_string}"},"query-input":{"@type":"PropertyValueSpecification","valueRequired":true,"valueName":"search_term_string"}}],"inLanguage":"fr-FR"},{"@type":"Organization","@id":"https:\/\/www.pressenza.com\/fr\/#organization","name":"Pressenza","url":"https:\/\/www.pressenza.com\/fr\/","logo":{"@type":"ImageObject","inLanguage":"fr-FR","@id":"https:\/\/www.pressenza.com\/fr\/#\/schema\/logo\/image\/","url":"https:\/\/www.pressenza.com\/wp-content\/uploads\/2022\/10\/pressenza_logo_200x200.jpg","contentUrl":"https:\/\/www.pressenza.com\/wp-content\/uploads\/2022\/10\/pressenza_logo_200x200.jpg","width":200,"height":200,"caption":"Pressenza"},"image":{"@id":"https:\/\/www.pressenza.com\/fr\/#\/schema\/logo\/image\/"},"sameAs":["https:\/\/www.facebook.com\/PressenzaItalia","https:\/\/x.com\/PressenzaIPA"]},{"@type":"Person","@id":"https:\/\/www.pressenza.com\/fr\/#\/schema\/person\/d983e81827ae24f2c7b1a2123d197f8d","name":"Redazione Italia","description":"News from the Pressenza Bureau in Italy","sameAs":["https:\/\/www.pressenza.com\/it\/author\/redazione-italia\/","https:\/\/www.facebook.com\/PressenzaItalia","https:\/\/www.instagram.com\/pressenza_italia\/","https:\/\/x.com\/pressenza_it","https:\/\/www.youtube.com\/channel\/UCSalEIWjE1RSxkwjfftFuqg"],"url":"https:\/\/www.pressenza.com\/fr\/author\/redazione-italia\/"}]}},"place":"","original_article_url":"","_links":{"self":[{"href":"https:\/\/www.pressenza.com\/fr\/wp-json\/wp\/v2\/posts\/1737535","targetHints":{"allow":["GET"]}}],"collection":[{"href":"https:\/\/www.pressenza.com\/fr\/wp-json\/wp\/v2\/posts"}],"about":[{"href":"https:\/\/www.pressenza.com\/fr\/wp-json\/wp\/v2\/types\/post"}],"author":[{"embeddable":true,"href":"https:\/\/www.pressenza.com\/fr\/wp-json\/wp\/v2\/users\/594"}],"replies":[{"embeddable":true,"href":"https:\/\/www.pressenza.com\/fr\/wp-json\/wp\/v2\/comments?post=1737535"}],"version-history":[{"count":0,"href":"https:\/\/www.pressenza.com\/fr\/wp-json\/wp\/v2\/posts\/1737535\/revisions"}],"wp:featuredmedia":[{"embeddable":true,"href":"https:\/\/www.pressenza.com\/fr\/wp-json\/wp\/v2\/media\/860108"}],"wp:attachment":[{"href":"https:\/\/www.pressenza.com\/fr\/wp-json\/wp\/v2\/media?parent=1737535"}],"wp:term":[{"taxonomy":"category","embeddable":true,"href":"https:\/\/www.pressenza.com\/fr\/wp-json\/wp\/v2\/categories?post=1737535"},{"taxonomy":"post_tag","embeddable":true,"href":"https:\/\/www.pressenza.com\/fr\/wp-json\/wp\/v2\/tags?post=1737535"}],"curies":[{"name":"wp","href":"https:\/\/api.w.org\/{rel}","templated":true}]}}