{"id":173744,"date":"2015-03-30T00:39:43","date_gmt":"2015-03-29T23:39:43","guid":{"rendered":"http:\/\/www.pressenza.com\/?p=173744"},"modified":"2015-03-30T14:00:24","modified_gmt":"2015-03-30T13:00:24","slug":"cameroun-les-avortements-sauvages-font-rage","status":"publish","type":"post","link":"https:\/\/www.pressenza.com\/fr\/2015\/03\/cameroun-les-avortements-sauvages-font-rage\/","title":{"rendered":"Cameroun\u00a0: les avortements sauvages font rage"},"content":{"rendered":"<p><em>Les taux de d\u00e9c\u00e8s et d\u2019infections tr\u00e8s \u00e9lev\u00e9s parmi les jeunes filles et m\u00eame les adolescentes en milieux ruraux et parfois urbains sont en grande partie li\u00e9s aux conditions dans lesquels les rapports sexuels et les avortements sont men\u00e9s.<\/em><\/p>\n<p>Une \u00e9tude r\u00e9alis\u00e9e en 2007 r\u00e9v\u00e9lait jusque-l\u00e0 que les grossesses avant le mariage sont l\u00e9gions au Cameroun. Beaucoup de jeunes filles sont m\u00e8res c\u00e9libataires \u00e0 l\u2019\u00e2ge de 16 ans, d\u2019autres le sont \u00e0 13 . Ces grossesses qui ne sont pas souvent d\u00e9sir\u00e9es les emp\u00eachent de trouver un mari parce que de plus en plus les hommes esquivent les filles qui ont des enfants \u00e0 charge. Pourtant, les m\u00e9thodes contraceptives \u00e0 savoir pilules, ovules, pr\u00e9servatifs et autres existent bel et bien dans les pharmacies et les organisations sanitaires du pays. Sous l\u2019impulsion de certaines ONG de d\u00e9fense des droits de la femme, des campagnes de formation et d\u2019information de la jeune fille sur les risques d\u2019avoir des rapports sexuels non prot\u00e9g\u00e9s sont parfois organis\u00e9es \u00e0 travers le pays.<\/p>\n<p>Mais le poids de la tradition prend souvent le dessus sur la volont\u00e9 de la jeune fille \u00e0 ma\u00eetriser son corps. Dans la conception traditionnelle, le sexe est\u00a0per\u00e7u comme un organe de procr\u00e9ation. Le sperme quant \u00e0 lui est le symbole de la vie et ne saurait \u00eatre \u00ab\u00a0jet\u00e9 par terre\u00a0\u00bb. Si la femme est en p\u00e9riode f\u00e9conde plut\u00f4t que de lui imposer un co\u00eft interrompu on lui demande d\u2019uriner juste apr\u00e8s les rapports sexuels. R\u00e9futant ainsi le pr\u00e9servatif, l\u2019abstinence reste le dernier moyen pour la jeune fille d\u2019\u00e9viter une grossesse. Toutefois, des m\u00e9thodes empiriques de contraception sont tr\u00e8s bien v\u00e9hicul\u00e9es dans ce cas. La jeune fille pense par exemple qu\u2019en avalant deux cuiller\u00e9es de miel pur, une tasse de caf\u00e9 noir ou un demi-verre de whisky apr\u00e8s les rapports sexuels elle emp\u00eache la f\u00e9condation.<\/p>\n<p>Quand la grossesse arrive, la jeune fille a\u00a0\u00e9galement recours aux m\u00e9thodes dangereuses pour se d\u00e9barrasser du f\u0153tus. Malheureusement beaucoup d\u2019entres elles paient un\u00a0lourd tribut qui va parfois d&rsquo;infections diverses \u00e0\u00a0la mort . A l\u2019aide d\u2019une purge par exemple, apr\u00e8s avoir mac\u00e9r\u00e9 les feuilles de tabac, elles introduisent le liquide dans le sexe, d\u2019autres y introduisent du permanganate de potassium, certaines par contre lavent le sexe juste apr\u00e8s les rapports sexuels avec une mac\u00e9ration des feuilles de ndol\u00e8 scientifiquement appel\u00e9 <em>vernonia<\/em>.<\/p>\n<p>En amont, l\u2019Etat a tout fait en prenant des mesures coercitives contre ceux ou celles qui se livrent \u00e0 ces pratiques. La loi p\u00e9nale camerounaise condamne la femme qui se livre \u00e0 l\u2019avortement ainsi que celui qui l\u2019aide \u00e0 accomplir son acte. Cette disposition semble pousser les jeunes filles dans la clandestinit\u00e9. Si l\u2019Etat franchissait le pas en acc\u00e9dant \u00e0 la demande de certaines ONG de d\u00e9fense des droits de la femme en adoptant une loi sur la l\u00e9galisation encadr\u00e9e de l\u2019avortement, cela am\u00e9liorerait consid\u00e9rablement la situation de la jeune fille camerounaise, qui pourrait avoir un meilleur droit \u00e0 la sant\u00e9.<\/p>\n","protected":false},"excerpt":{"rendered":"<p>Les taux de d\u00e9c\u00e8s et d\u2019infections tr\u00e8s \u00e9lev\u00e9s parmi les jeunes filles et m\u00eame les adolescentes en milieux ruraux et parfois urbains sont en grande partie li\u00e9s aux conditions dans lesquels les rapports sexuels et les avortements sont men\u00e9s. Une&hellip;<\/p>\n","protected":false},"author":248,"featured_media":173745,"comment_status":"closed","ping_status":"open","sticky":false,"template":"","format":"standard","meta":{"footnotes":""},"categories":[83,11386,98,1245],"tags":[16787,16786,2612],"class_list":["post-173744","post","type-post","status-publish","format-standard","has-post-thumbnail","hentry","category-africa-fr","category-contenu-original","category-droits-de-lhomme","category-sante-sujet","tag-avortements","tag-avortements-sauvages","tag-cameroun"],"yoast_head":"<!-- This site is optimized with the Yoast SEO plugin v27.1.1 - https:\/\/yoast.com\/product\/yoast-seo-wordpress\/ -->\n<title>Cameroun\u00a0: les avortements sauvages font rage<\/title>\n<meta name=\"description\" content=\"Les taux de d\u00e9c\u00e8s et d\u2019infections tr\u00e8s \u00e9lev\u00e9s parmi les jeunes filles et m\u00eame les adolescentes en milieux ruraux et parfois urbains sont en grande partie\" \/>\n<meta name=\"robots\" content=\"index, follow, max-snippet:-1, max-image-preview:large, max-video-preview:-1\" \/>\n<link rel=\"canonical\" href=\"https:\/\/www.pressenza.com\/fr\/2015\/03\/cameroun-les-avortements-sauvages-font-rage\/\" \/>\n<meta property=\"og:locale\" content=\"fr_FR\" \/>\n<meta property=\"og:type\" content=\"article\" \/>\n<meta property=\"og:title\" content=\"Cameroun\u00a0: les avortements sauvages font rage\" \/>\n<meta property=\"og:description\" content=\"Les taux de d\u00e9c\u00e8s et d\u2019infections tr\u00e8s \u00e9lev\u00e9s parmi les jeunes filles et m\u00eame les adolescentes en milieux ruraux et parfois urbains sont en grande partie\" \/>\n<meta property=\"og:url\" content=\"https:\/\/www.pressenza.com\/fr\/2015\/03\/cameroun-les-avortements-sauvages-font-rage\/\" \/>\n<meta property=\"og:site_name\" content=\"Pressenza\" \/>\n<meta property=\"article:publisher\" content=\"https:\/\/www.facebook.com\/PressenzaItalia\" \/>\n<meta property=\"article:published_time\" content=\"2015-03-29T23:39:43+00:00\" \/>\n<meta property=\"article:modified_time\" content=\"2015-03-30T13:00:24+00:00\" \/>\n<meta property=\"og:image\" content=\"https:\/\/www.pressenza.com\/wp-content\/uploads\/2015\/03\/Cameroun-les-avortements-sauvages-font-rage.jpg\" \/>\n\t<meta property=\"og:image:width\" content=\"700\" \/>\n\t<meta property=\"og:image:height\" content=\"465\" \/>\n\t<meta property=\"og:image:type\" content=\"image\/jpeg\" \/>\n<meta name=\"author\" content=\"Fran\u00e7ois Tekam\" \/>\n<meta name=\"twitter:card\" content=\"summary_large_image\" \/>\n<meta name=\"twitter:creator\" content=\"@PressenzaIPA\" \/>\n<meta name=\"twitter:site\" content=\"@PressenzaIPA\" \/>\n<meta name=\"twitter:label1\" content=\"\u00c9crit par\" \/>\n\t<meta name=\"twitter:data1\" content=\"Fran\u00e7ois Tekam\" \/>\n\t<meta name=\"twitter:label2\" content=\"Dur\u00e9e de lecture estim\u00e9e\" \/>\n\t<meta name=\"twitter:data2\" content=\"3 minutes\" \/>\n<script type=\"application\/ld+json\" class=\"yoast-schema-graph\">{\"@context\":\"https:\/\/schema.org\",\"@graph\":[{\"@type\":\"Article\",\"@id\":\"https:\/\/www.pressenza.com\/fr\/2015\/03\/cameroun-les-avortements-sauvages-font-rage\/#article\",\"isPartOf\":{\"@id\":\"https:\/\/www.pressenza.com\/fr\/2015\/03\/cameroun-les-avortements-sauvages-font-rage\/\"},\"author\":{\"name\":\"Fran\u00e7ois Tekam\",\"@id\":\"https:\/\/www.pressenza.com\/fr\/#\/schema\/person\/9ae9dbeeba564284657be26a9456fbf8\"},\"headline\":\"Cameroun\u00a0: les avortements sauvages font rage\",\"datePublished\":\"2015-03-29T23:39:43+00:00\",\"dateModified\":\"2015-03-30T13:00:24+00:00\",\"mainEntityOfPage\":{\"@id\":\"https:\/\/www.pressenza.com\/fr\/2015\/03\/cameroun-les-avortements-sauvages-font-rage\/\"},\"wordCount\":550,\"publisher\":{\"@id\":\"https:\/\/www.pressenza.com\/fr\/#organization\"},\"image\":{\"@id\":\"https:\/\/www.pressenza.com\/fr\/2015\/03\/cameroun-les-avortements-sauvages-font-rage\/#primaryimage\"},\"thumbnailUrl\":\"https:\/\/www.pressenza.com\/wp-content\/uploads\/2015\/03\/Cameroun-les-avortements-sauvages-font-rage.jpg\",\"keywords\":[\"avortements\",\"avortements sauvages\",\"Cameroun\"],\"articleSection\":[\"Afrique\",\"Contenu Original\",\"Droits humains\",\"Sant\u00e9\"],\"inLanguage\":\"fr-FR\"},{\"@type\":\"WebPage\",\"@id\":\"https:\/\/www.pressenza.com\/fr\/2015\/03\/cameroun-les-avortements-sauvages-font-rage\/\",\"url\":\"https:\/\/www.pressenza.com\/fr\/2015\/03\/cameroun-les-avortements-sauvages-font-rage\/\",\"name\":\"Cameroun\u00a0: les avortements sauvages font rage\",\"isPartOf\":{\"@id\":\"https:\/\/www.pressenza.com\/fr\/#website\"},\"primaryImageOfPage\":{\"@id\":\"https:\/\/www.pressenza.com\/fr\/2015\/03\/cameroun-les-avortements-sauvages-font-rage\/#primaryimage\"},\"image\":{\"@id\":\"https:\/\/www.pressenza.com\/fr\/2015\/03\/cameroun-les-avortements-sauvages-font-rage\/#primaryimage\"},\"thumbnailUrl\":\"https:\/\/www.pressenza.com\/wp-content\/uploads\/2015\/03\/Cameroun-les-avortements-sauvages-font-rage.jpg\",\"datePublished\":\"2015-03-29T23:39:43+00:00\",\"dateModified\":\"2015-03-30T13:00:24+00:00\",\"description\":\"Les taux de d\u00e9c\u00e8s et d\u2019infections tr\u00e8s \u00e9lev\u00e9s parmi les jeunes filles et m\u00eame les adolescentes en milieux ruraux et parfois urbains sont en grande partie\",\"breadcrumb\":{\"@id\":\"https:\/\/www.pressenza.com\/fr\/2015\/03\/cameroun-les-avortements-sauvages-font-rage\/#breadcrumb\"},\"inLanguage\":\"fr-FR\",\"potentialAction\":[{\"@type\":\"ReadAction\",\"target\":[\"https:\/\/www.pressenza.com\/fr\/2015\/03\/cameroun-les-avortements-sauvages-font-rage\/\"]}]},{\"@type\":\"ImageObject\",\"inLanguage\":\"fr-FR\",\"@id\":\"https:\/\/www.pressenza.com\/fr\/2015\/03\/cameroun-les-avortements-sauvages-font-rage\/#primaryimage\",\"url\":\"https:\/\/www.pressenza.com\/wp-content\/uploads\/2015\/03\/Cameroun-les-avortements-sauvages-font-rage.jpg\",\"contentUrl\":\"https:\/\/www.pressenza.com\/wp-content\/uploads\/2015\/03\/Cameroun-les-avortements-sauvages-font-rage.jpg\",\"width\":700,\"height\":465},{\"@type\":\"BreadcrumbList\",\"@id\":\"https:\/\/www.pressenza.com\/fr\/2015\/03\/cameroun-les-avortements-sauvages-font-rage\/#breadcrumb\",\"itemListElement\":[{\"@type\":\"ListItem\",\"position\":1,\"name\":\"Accueil\",\"item\":\"https:\/\/www.pressenza.com\/fr\/\"},{\"@type\":\"ListItem\",\"position\":2,\"name\":\"Cameroun\u00a0: les avortements sauvages font rage\"}]},{\"@type\":\"WebSite\",\"@id\":\"https:\/\/www.pressenza.com\/fr\/#website\",\"url\":\"https:\/\/www.pressenza.com\/fr\/\",\"name\":\"Pressenza\",\"description\":\"International Press Agency\",\"publisher\":{\"@id\":\"https:\/\/www.pressenza.com\/fr\/#organization\"},\"potentialAction\":[{\"@type\":\"SearchAction\",\"target\":{\"@type\":\"EntryPoint\",\"urlTemplate\":\"https:\/\/www.pressenza.com\/fr\/?s={search_term_string}\"},\"query-input\":{\"@type\":\"PropertyValueSpecification\",\"valueRequired\":true,\"valueName\":\"search_term_string\"}}],\"inLanguage\":\"fr-FR\"},{\"@type\":\"Organization\",\"@id\":\"https:\/\/www.pressenza.com\/fr\/#organization\",\"name\":\"Pressenza\",\"url\":\"https:\/\/www.pressenza.com\/fr\/\",\"logo\":{\"@type\":\"ImageObject\",\"inLanguage\":\"fr-FR\",\"@id\":\"https:\/\/www.pressenza.com\/fr\/#\/schema\/logo\/image\/\",\"url\":\"https:\/\/www.pressenza.com\/wp-content\/uploads\/2022\/10\/pressenza_logo_200x200.jpg\",\"contentUrl\":\"https:\/\/www.pressenza.com\/wp-content\/uploads\/2022\/10\/pressenza_logo_200x200.jpg\",\"width\":200,\"height\":200,\"caption\":\"Pressenza\"},\"image\":{\"@id\":\"https:\/\/www.pressenza.com\/fr\/#\/schema\/logo\/image\/\"},\"sameAs\":[\"https:\/\/www.facebook.com\/PressenzaItalia\",\"https:\/\/x.com\/PressenzaIPA\"]},{\"@type\":\"Person\",\"@id\":\"https:\/\/www.pressenza.com\/fr\/#\/schema\/person\/9ae9dbeeba564284657be26a9456fbf8\",\"name\":\"Fran\u00e7ois Tekam\",\"description\":\"Fran\u00e7ois Tekam, n\u00e9 le 18 juin 1971 dans la r\u00e9gion de l\u2019ouest Cameroun, a fait des \u00e9tudes de droit priv\u00e9, droit international de l\u2019environnement. Il a travaill\u00e9 pour plusieurs m\u00e9dias imprim\u00e9s et vit actuellement \u00e0 Yaound\u00e9. Fran\u00e7ois Tekam, born June 18th, 1971, in the west of Cameroon, studied civil law and international environmental law. He has worked for several print media and currently lives in Yaounde.\",\"url\":\"https:\/\/www.pressenza.com\/fr\/author\/francois-tekam\/\"}]}<\/script>\n<!-- \/ Yoast SEO plugin. -->","yoast_head_json":{"title":"Cameroun\u00a0: les avortements sauvages font rage","description":"Les taux de d\u00e9c\u00e8s et d\u2019infections tr\u00e8s \u00e9lev\u00e9s parmi les jeunes filles et m\u00eame les adolescentes en milieux ruraux et parfois urbains sont en grande partie","robots":{"index":"index","follow":"follow","max-snippet":"max-snippet:-1","max-image-preview":"max-image-preview:large","max-video-preview":"max-video-preview:-1"},"canonical":"https:\/\/www.pressenza.com\/fr\/2015\/03\/cameroun-les-avortements-sauvages-font-rage\/","og_locale":"fr_FR","og_type":"article","og_title":"Cameroun\u00a0: les avortements sauvages font rage","og_description":"Les taux de d\u00e9c\u00e8s et d\u2019infections tr\u00e8s \u00e9lev\u00e9s parmi les jeunes filles et m\u00eame les adolescentes en milieux ruraux et parfois urbains sont en grande partie","og_url":"https:\/\/www.pressenza.com\/fr\/2015\/03\/cameroun-les-avortements-sauvages-font-rage\/","og_site_name":"Pressenza","article_publisher":"https:\/\/www.facebook.com\/PressenzaItalia","article_published_time":"2015-03-29T23:39:43+00:00","article_modified_time":"2015-03-30T13:00:24+00:00","og_image":[{"width":700,"height":465,"url":"https:\/\/www.pressenza.com\/wp-content\/uploads\/2015\/03\/Cameroun-les-avortements-sauvages-font-rage.jpg","type":"image\/jpeg"}],"author":"Fran\u00e7ois Tekam","twitter_card":"summary_large_image","twitter_creator":"@PressenzaIPA","twitter_site":"@PressenzaIPA","twitter_misc":{"\u00c9crit par":"Fran\u00e7ois Tekam","Dur\u00e9e de lecture estim\u00e9e":"3 minutes"},"schema":{"@context":"https:\/\/schema.org","@graph":[{"@type":"Article","@id":"https:\/\/www.pressenza.com\/fr\/2015\/03\/cameroun-les-avortements-sauvages-font-rage\/#article","isPartOf":{"@id":"https:\/\/www.pressenza.com\/fr\/2015\/03\/cameroun-les-avortements-sauvages-font-rage\/"},"author":{"name":"Fran\u00e7ois Tekam","@id":"https:\/\/www.pressenza.com\/fr\/#\/schema\/person\/9ae9dbeeba564284657be26a9456fbf8"},"headline":"Cameroun\u00a0: les avortements sauvages font rage","datePublished":"2015-03-29T23:39:43+00:00","dateModified":"2015-03-30T13:00:24+00:00","mainEntityOfPage":{"@id":"https:\/\/www.pressenza.com\/fr\/2015\/03\/cameroun-les-avortements-sauvages-font-rage\/"},"wordCount":550,"publisher":{"@id":"https:\/\/www.pressenza.com\/fr\/#organization"},"image":{"@id":"https:\/\/www.pressenza.com\/fr\/2015\/03\/cameroun-les-avortements-sauvages-font-rage\/#primaryimage"},"thumbnailUrl":"https:\/\/www.pressenza.com\/wp-content\/uploads\/2015\/03\/Cameroun-les-avortements-sauvages-font-rage.jpg","keywords":["avortements","avortements sauvages","Cameroun"],"articleSection":["Afrique","Contenu Original","Droits humains","Sant\u00e9"],"inLanguage":"fr-FR"},{"@type":"WebPage","@id":"https:\/\/www.pressenza.com\/fr\/2015\/03\/cameroun-les-avortements-sauvages-font-rage\/","url":"https:\/\/www.pressenza.com\/fr\/2015\/03\/cameroun-les-avortements-sauvages-font-rage\/","name":"Cameroun\u00a0: les avortements sauvages font rage","isPartOf":{"@id":"https:\/\/www.pressenza.com\/fr\/#website"},"primaryImageOfPage":{"@id":"https:\/\/www.pressenza.com\/fr\/2015\/03\/cameroun-les-avortements-sauvages-font-rage\/#primaryimage"},"image":{"@id":"https:\/\/www.pressenza.com\/fr\/2015\/03\/cameroun-les-avortements-sauvages-font-rage\/#primaryimage"},"thumbnailUrl":"https:\/\/www.pressenza.com\/wp-content\/uploads\/2015\/03\/Cameroun-les-avortements-sauvages-font-rage.jpg","datePublished":"2015-03-29T23:39:43+00:00","dateModified":"2015-03-30T13:00:24+00:00","description":"Les taux de d\u00e9c\u00e8s et d\u2019infections tr\u00e8s \u00e9lev\u00e9s parmi les jeunes filles et m\u00eame les adolescentes en milieux ruraux et parfois urbains sont en grande partie","breadcrumb":{"@id":"https:\/\/www.pressenza.com\/fr\/2015\/03\/cameroun-les-avortements-sauvages-font-rage\/#breadcrumb"},"inLanguage":"fr-FR","potentialAction":[{"@type":"ReadAction","target":["https:\/\/www.pressenza.com\/fr\/2015\/03\/cameroun-les-avortements-sauvages-font-rage\/"]}]},{"@type":"ImageObject","inLanguage":"fr-FR","@id":"https:\/\/www.pressenza.com\/fr\/2015\/03\/cameroun-les-avortements-sauvages-font-rage\/#primaryimage","url":"https:\/\/www.pressenza.com\/wp-content\/uploads\/2015\/03\/Cameroun-les-avortements-sauvages-font-rage.jpg","contentUrl":"https:\/\/www.pressenza.com\/wp-content\/uploads\/2015\/03\/Cameroun-les-avortements-sauvages-font-rage.jpg","width":700,"height":465},{"@type":"BreadcrumbList","@id":"https:\/\/www.pressenza.com\/fr\/2015\/03\/cameroun-les-avortements-sauvages-font-rage\/#breadcrumb","itemListElement":[{"@type":"ListItem","position":1,"name":"Accueil","item":"https:\/\/www.pressenza.com\/fr\/"},{"@type":"ListItem","position":2,"name":"Cameroun\u00a0: les avortements sauvages font rage"}]},{"@type":"WebSite","@id":"https:\/\/www.pressenza.com\/fr\/#website","url":"https:\/\/www.pressenza.com\/fr\/","name":"Pressenza","description":"International Press Agency","publisher":{"@id":"https:\/\/www.pressenza.com\/fr\/#organization"},"potentialAction":[{"@type":"SearchAction","target":{"@type":"EntryPoint","urlTemplate":"https:\/\/www.pressenza.com\/fr\/?s={search_term_string}"},"query-input":{"@type":"PropertyValueSpecification","valueRequired":true,"valueName":"search_term_string"}}],"inLanguage":"fr-FR"},{"@type":"Organization","@id":"https:\/\/www.pressenza.com\/fr\/#organization","name":"Pressenza","url":"https:\/\/www.pressenza.com\/fr\/","logo":{"@type":"ImageObject","inLanguage":"fr-FR","@id":"https:\/\/www.pressenza.com\/fr\/#\/schema\/logo\/image\/","url":"https:\/\/www.pressenza.com\/wp-content\/uploads\/2022\/10\/pressenza_logo_200x200.jpg","contentUrl":"https:\/\/www.pressenza.com\/wp-content\/uploads\/2022\/10\/pressenza_logo_200x200.jpg","width":200,"height":200,"caption":"Pressenza"},"image":{"@id":"https:\/\/www.pressenza.com\/fr\/#\/schema\/logo\/image\/"},"sameAs":["https:\/\/www.facebook.com\/PressenzaItalia","https:\/\/x.com\/PressenzaIPA"]},{"@type":"Person","@id":"https:\/\/www.pressenza.com\/fr\/#\/schema\/person\/9ae9dbeeba564284657be26a9456fbf8","name":"Fran\u00e7ois Tekam","description":"Fran\u00e7ois Tekam, n\u00e9 le 18 juin 1971 dans la r\u00e9gion de l\u2019ouest Cameroun, a fait des \u00e9tudes de droit priv\u00e9, droit international de l\u2019environnement. Il a travaill\u00e9 pour plusieurs m\u00e9dias imprim\u00e9s et vit actuellement \u00e0 Yaound\u00e9. Fran\u00e7ois Tekam, born June 18th, 1971, in the west of Cameroon, studied civil law and international environmental law. He has worked for several print media and currently lives in Yaounde.","url":"https:\/\/www.pressenza.com\/fr\/author\/francois-tekam\/"}]}},"place":"Cameroun","original_article_url":"","_links":{"self":[{"href":"https:\/\/www.pressenza.com\/fr\/wp-json\/wp\/v2\/posts\/173744","targetHints":{"allow":["GET"]}}],"collection":[{"href":"https:\/\/www.pressenza.com\/fr\/wp-json\/wp\/v2\/posts"}],"about":[{"href":"https:\/\/www.pressenza.com\/fr\/wp-json\/wp\/v2\/types\/post"}],"author":[{"embeddable":true,"href":"https:\/\/www.pressenza.com\/fr\/wp-json\/wp\/v2\/users\/248"}],"replies":[{"embeddable":true,"href":"https:\/\/www.pressenza.com\/fr\/wp-json\/wp\/v2\/comments?post=173744"}],"version-history":[{"count":0,"href":"https:\/\/www.pressenza.com\/fr\/wp-json\/wp\/v2\/posts\/173744\/revisions"}],"wp:featuredmedia":[{"embeddable":true,"href":"https:\/\/www.pressenza.com\/fr\/wp-json\/wp\/v2\/media\/173745"}],"wp:attachment":[{"href":"https:\/\/www.pressenza.com\/fr\/wp-json\/wp\/v2\/media?parent=173744"}],"wp:term":[{"taxonomy":"category","embeddable":true,"href":"https:\/\/www.pressenza.com\/fr\/wp-json\/wp\/v2\/categories?post=173744"},{"taxonomy":"post_tag","embeddable":true,"href":"https:\/\/www.pressenza.com\/fr\/wp-json\/wp\/v2\/tags?post=173744"}],"curies":[{"name":"wp","href":"https:\/\/api.w.org\/{rel}","templated":true}]}}