{"id":1736542,"date":"2023-05-02T06:00:43","date_gmt":"2023-05-02T05:00:43","guid":{"rendered":"https:\/\/www.pressenza.com\/?p=1736542"},"modified":"2023-05-09T17:24:23","modified_gmt":"2023-05-09T16:24:23","slug":"1er-mai-mobilisation-historique-pour-une-france-fracturee","status":"publish","type":"post","link":"https:\/\/www.pressenza.com\/fr\/2023\/05\/1er-mai-mobilisation-historique-pour-une-france-fracturee\/","title":{"rendered":"1er mai : mobilisation historique pour une France fractur\u00e9e"},"content":{"rendered":"<p>Cette journ\u00e9e internationale du travail \u00e9tait tr\u00e8s attendue par les opposants \u00e0 la r\u00e9forme des retraites.\u00a0Ils \u00e9taient 112 000 selon la pr\u00e9fecture de police \u00e0 s\u2019\u00eatre mobilis\u00e9s \u00e0 Paris et 782 000 dans toute la France.<\/p>\n<p>Dans la capitale, la\u00a0manifestation a d\u00e9but\u00e9, sous la pluie, vers 14h, place de la R\u00e9publique pour se terminer \u00e0 la place de la Nation.<\/p>\n<p>\u00ab\u00a0Qui c\u2019est les plus forts ? \u00c9videmment, c\u2019est nous ! \u00bb scande sans rel\u00e2che une dame en tapant une cuill\u00e8re sur sa casserole. Deux passionn\u00e9s d&rsquo;animation japonaise sont, eux, venus avec leur figurine Goldorak. \u00ab\u00a0Il repr\u00e9sente la justice\u00a0\u00bb. Un peu plus loin sur un tas de cartons qui s\u2019embrasent, un manifestant masqu\u00e9 et v\u00eatu d\u2019un drap jaune sur la t\u00eate brandit bras tendu au ciel sa pancarte : \u00ab\u00a0Frigo vide, pas 4 ans de plus !\u00a0\u00bb.\u00a0La col\u00e8re n&rsquo;est pas redescendue depuis ces derniers mois.\u00a0\u00ab\u00a0Il n&rsquo;y aura pas de retour \u00e0 la normale tant qu&rsquo;il n&rsquo;y aura pas de retrait de cette r\u00e9forme<b> \u00bb,<\/b> avait d\u00e9clar\u00e9 Sophie Binet, la nouvelle secr\u00e9taire g\u00e9n\u00e9rale de la CGT il y a trois jours au micro de FranceInfo.<\/p>\n<p>Pour la premi\u00e8re fois, des drones ont \u00e9t\u00e9 utilis\u00e9s pour surveiller et s\u00e9curiser les manifestations de plusieurs villes de France. Dans la manifestation parisienne, plusieurs heurts ont \u00e9clat\u00e9 en t\u00eate de cort\u00e8ge, opposant black-blocs et forces de l\u2019ordre, provoquant 305 interpellations. C&rsquo;est l&rsquo;image d&rsquo;un policier en feu, enflamm\u00e9 par l&rsquo;envoi d&rsquo;un cocktail molotov, qui retiendra surtout l&rsquo;attention et qui questionne la violence de certains groupes radicaux pr\u00e9sents dans les cort\u00e8ges.<\/p>\n<div class=\"post-gallery\">\n\t\t\t<figure class=\"post-gallery-item\">\n\t\t\t\t<img decoding=\"async\" src=\"https:\/\/www.pressenza.com\/wp-content\/uploads\/2023\/05\/A7404783-2-820x547.jpg\" loading=\"lazy\">\n\t\t\t\t<figcaption>\n\t\t\t\t\t\n\t\t\t\t<\/figcaption>\n\t\t\t<\/figure>\n\t\t\t<figure class=\"post-gallery-item\">\n\t\t\t\t<img decoding=\"async\" src=\"https:\/\/www.pressenza.com\/wp-content\/uploads\/2023\/05\/A7404739-820x547.jpg\" loading=\"lazy\">\n\t\t\t\t<figcaption>\n\t\t\t\t\t\n\t\t\t\t<\/figcaption>\n\t\t\t<\/figure>\n\t\t\t<figure class=\"post-gallery-item\">\n\t\t\t\t<img decoding=\"async\" src=\"https:\/\/www.pressenza.com\/wp-content\/uploads\/2023\/05\/A7404799-820x547.jpg\" loading=\"lazy\">\n\t\t\t\t<figcaption>\n\t\t\t\t\t\n\t\t\t\t<\/figcaption>\n\t\t\t<\/figure>\n\t\t\t<figure class=\"post-gallery-item\">\n\t\t\t\t<img decoding=\"async\" src=\"https:\/\/www.pressenza.com\/wp-content\/uploads\/2023\/05\/A7404822-1.jpg\" loading=\"lazy\">\n\t\t\t\t<figcaption>\n\t\t\t\t\t\n\t\t\t\t<\/figcaption>\n\t\t\t<\/figure>\n\t\t\t<figure class=\"post-gallery-item\">\n\t\t\t\t<img decoding=\"async\" src=\"https:\/\/www.pressenza.com\/wp-content\/uploads\/2023\/05\/A7404907-820x547.jpg\" loading=\"lazy\">\n\t\t\t\t<figcaption>\n\t\t\t\t\t\n\t\t\t\t<\/figcaption>\n\t\t\t<\/figure>\n\t\t\t<figure class=\"post-gallery-item\">\n\t\t\t\t<img decoding=\"async\" src=\"https:\/\/www.pressenza.com\/wp-content\/uploads\/2023\/05\/A7404914-820x547.jpg\" loading=\"lazy\">\n\t\t\t\t<figcaption>\n\t\t\t\t\t\n\t\t\t\t<\/figcaption>\n\t\t\t<\/figure>\n\t\t\t<figure class=\"post-gallery-item\">\n\t\t\t\t<img decoding=\"async\" src=\"https:\/\/www.pressenza.com\/wp-content\/uploads\/2023\/05\/A7404947-1-820x547.jpg\" loading=\"lazy\">\n\t\t\t\t<figcaption>\n\t\t\t\t\t\n\t\t\t\t<\/figcaption>\n\t\t\t<\/figure>\n\t\t\t<figure class=\"post-gallery-item\">\n\t\t\t\t<img decoding=\"async\" src=\"https:\/\/www.pressenza.com\/wp-content\/uploads\/2023\/05\/A7404939-820x547.jpg\" loading=\"lazy\">\n\t\t\t\t<figcaption>\n\t\t\t\t\t\n\t\t\t\t<\/figcaption>\n\t\t\t<\/figure>\n\t\t\t<figure class=\"post-gallery-item\">\n\t\t\t\t<img decoding=\"async\" src=\"https:\/\/www.pressenza.com\/wp-content\/uploads\/2023\/05\/A7404933-820x547.jpg\" loading=\"lazy\">\n\t\t\t\t<figcaption>\n\t\t\t\t\t\n\t\t\t\t<\/figcaption>\n\t\t\t<\/figure>\n\t\t\t<figure class=\"post-gallery-item\">\n\t\t\t\t<img decoding=\"async\" src=\"https:\/\/www.pressenza.com\/wp-content\/uploads\/2023\/05\/A7404919-2-820x547.jpg\" loading=\"lazy\">\n\t\t\t\t<figcaption>\n\t\t\t\t\t\n\t\t\t\t<\/figcaption>\n\t\t\t<\/figure><\/div>\n","protected":false},"excerpt":{"rendered":"<p>Cette journ\u00e9e internationale du travail \u00e9tait tr\u00e8s attendue par les opposants \u00e0 la r\u00e9forme des retraites.\u00a0Ils \u00e9taient 112 000 selon la pr\u00e9fecture de police \u00e0 s\u2019\u00eatre mobilis\u00e9s \u00e0 Paris et 782 000 dans toute la France. Dans la capitale, la\u00a0manifestation&hellip;<\/p>\n","protected":false},"author":2081,"featured_media":1736541,"comment_status":"closed","ping_status":"closed","sticky":false,"template":"","format":"standard","meta":{"footnotes":""},"categories":[85,40,93,5700],"tags":[74767,1034,307],"class_list":["post-1736542","post","type-post","status-publish","format-standard","has-post-thumbnail","hentry","category-europe-fr","category-international-fr","category-politique","category-reportages-photo","tag-1er-mai","tag-france-fr","tag-manifestation"],"yoast_head":"<!-- This site is optimized with the Yoast SEO plugin v27.1.1 - https:\/\/yoast.com\/product\/yoast-seo-wordpress\/ -->\n<title>1er mai : mobilisation historique pour une France fractur\u00e9e<\/title>\n<meta name=\"description\" content=\"Cette journ\u00e9e internationale du travail \u00e9tait tr\u00e8s attendue par les opposants \u00e0 la r\u00e9forme des retraites.\u00a0Ils \u00e9taient 112 000 selon la pr\u00e9fecture de\" \/>\n<meta name=\"robots\" content=\"index, follow, max-snippet:-1, max-image-preview:large, max-video-preview:-1\" \/>\n<link rel=\"canonical\" href=\"https:\/\/www.pressenza.com\/fr\/2023\/05\/1er-mai-mobilisation-historique-pour-une-france-fracturee\/\" \/>\n<meta property=\"og:locale\" content=\"fr_FR\" \/>\n<meta property=\"og:type\" content=\"article\" \/>\n<meta property=\"og:title\" content=\"1er mai : mobilisation historique pour une France fractur\u00e9e\" \/>\n<meta property=\"og:description\" content=\"Cette journ\u00e9e internationale du travail \u00e9tait tr\u00e8s attendue par les opposants \u00e0 la r\u00e9forme des retraites.\u00a0Ils \u00e9taient 112 000 selon la pr\u00e9fecture de\" \/>\n<meta property=\"og:url\" content=\"https:\/\/www.pressenza.com\/fr\/2023\/05\/1er-mai-mobilisation-historique-pour-une-france-fracturee\/\" \/>\n<meta property=\"og:site_name\" content=\"Pressenza\" \/>\n<meta property=\"article:publisher\" content=\"https:\/\/www.facebook.com\/PressenzaItalia\" \/>\n<meta property=\"article:published_time\" content=\"2023-05-02T05:00:43+00:00\" \/>\n<meta property=\"article:modified_time\" content=\"2023-05-09T16:24:23+00:00\" \/>\n<meta property=\"og:image\" content=\"https:\/\/www.pressenza.com\/wp-content\/uploads\/2023\/05\/Photo_1.jpg\" \/>\n\t<meta property=\"og:image:width\" content=\"960\" \/>\n\t<meta property=\"og:image:height\" content=\"640\" \/>\n\t<meta property=\"og:image:type\" content=\"image\/jpeg\" \/>\n<meta name=\"author\" content=\"Ana\u00efs Dupuis\" \/>\n<meta name=\"twitter:card\" content=\"summary_large_image\" \/>\n<meta name=\"twitter:creator\" content=\"@PressenzaIPA\" \/>\n<meta name=\"twitter:site\" content=\"@PressenzaIPA\" \/>\n<meta name=\"twitter:label1\" content=\"\u00c9crit par\" \/>\n\t<meta name=\"twitter:data1\" content=\"Ana\u00efs Dupuis\" \/>\n\t<meta name=\"twitter:label2\" content=\"Dur\u00e9e de lecture estim\u00e9e\" \/>\n\t<meta name=\"twitter:data2\" content=\"2 minutes\" \/>\n<script type=\"application\/ld+json\" class=\"yoast-schema-graph\">{\"@context\":\"https:\/\/schema.org\",\"@graph\":[{\"@type\":\"Article\",\"@id\":\"https:\/\/www.pressenza.com\/fr\/2023\/05\/1er-mai-mobilisation-historique-pour-une-france-fracturee\/#article\",\"isPartOf\":{\"@id\":\"https:\/\/www.pressenza.com\/fr\/2023\/05\/1er-mai-mobilisation-historique-pour-une-france-fracturee\/\"},\"author\":{\"name\":\"Ana\u00efs Dupuis\",\"@id\":\"https:\/\/www.pressenza.com\/fr\/#\/schema\/person\/12775556baa768f6b7f4141a96cdea7a\"},\"headline\":\"1er mai : mobilisation historique pour une France fractur\u00e9e\",\"datePublished\":\"2023-05-02T05:00:43+00:00\",\"dateModified\":\"2023-05-09T16:24:23+00:00\",\"mainEntityOfPage\":{\"@id\":\"https:\/\/www.pressenza.com\/fr\/2023\/05\/1er-mai-mobilisation-historique-pour-une-france-fracturee\/\"},\"wordCount\":296,\"publisher\":{\"@id\":\"https:\/\/www.pressenza.com\/fr\/#organization\"},\"image\":{\"@id\":\"https:\/\/www.pressenza.com\/fr\/2023\/05\/1er-mai-mobilisation-historique-pour-une-france-fracturee\/#primaryimage\"},\"thumbnailUrl\":\"https:\/\/www.pressenza.com\/wp-content\/uploads\/2023\/05\/Photo_1.jpg\",\"keywords\":[\"1er mai\",\"France\",\"manifestation\"],\"articleSection\":[\"Europe\",\"International\",\"Politique\",\"Reportages photo\"],\"inLanguage\":\"fr-FR\"},{\"@type\":\"WebPage\",\"@id\":\"https:\/\/www.pressenza.com\/fr\/2023\/05\/1er-mai-mobilisation-historique-pour-une-france-fracturee\/\",\"url\":\"https:\/\/www.pressenza.com\/fr\/2023\/05\/1er-mai-mobilisation-historique-pour-une-france-fracturee\/\",\"name\":\"1er mai : mobilisation historique pour une France fractur\u00e9e\",\"isPartOf\":{\"@id\":\"https:\/\/www.pressenza.com\/fr\/#website\"},\"primaryImageOfPage\":{\"@id\":\"https:\/\/www.pressenza.com\/fr\/2023\/05\/1er-mai-mobilisation-historique-pour-une-france-fracturee\/#primaryimage\"},\"image\":{\"@id\":\"https:\/\/www.pressenza.com\/fr\/2023\/05\/1er-mai-mobilisation-historique-pour-une-france-fracturee\/#primaryimage\"},\"thumbnailUrl\":\"https:\/\/www.pressenza.com\/wp-content\/uploads\/2023\/05\/Photo_1.jpg\",\"datePublished\":\"2023-05-02T05:00:43+00:00\",\"dateModified\":\"2023-05-09T16:24:23+00:00\",\"description\":\"Cette journ\u00e9e internationale du travail \u00e9tait tr\u00e8s attendue par les opposants \u00e0 la r\u00e9forme des retraites.\u00a0Ils \u00e9taient 112 000 selon la pr\u00e9fecture de\",\"breadcrumb\":{\"@id\":\"https:\/\/www.pressenza.com\/fr\/2023\/05\/1er-mai-mobilisation-historique-pour-une-france-fracturee\/#breadcrumb\"},\"inLanguage\":\"fr-FR\",\"potentialAction\":[{\"@type\":\"ReadAction\",\"target\":[\"https:\/\/www.pressenza.com\/fr\/2023\/05\/1er-mai-mobilisation-historique-pour-une-france-fracturee\/\"]}]},{\"@type\":\"ImageObject\",\"inLanguage\":\"fr-FR\",\"@id\":\"https:\/\/www.pressenza.com\/fr\/2023\/05\/1er-mai-mobilisation-historique-pour-une-france-fracturee\/#primaryimage\",\"url\":\"https:\/\/www.pressenza.com\/wp-content\/uploads\/2023\/05\/Photo_1.jpg\",\"contentUrl\":\"https:\/\/www.pressenza.com\/wp-content\/uploads\/2023\/05\/Photo_1.jpg\",\"width\":960,\"height\":640},{\"@type\":\"BreadcrumbList\",\"@id\":\"https:\/\/www.pressenza.com\/fr\/2023\/05\/1er-mai-mobilisation-historique-pour-une-france-fracturee\/#breadcrumb\",\"itemListElement\":[{\"@type\":\"ListItem\",\"position\":1,\"name\":\"Accueil\",\"item\":\"https:\/\/www.pressenza.com\/fr\/\"},{\"@type\":\"ListItem\",\"position\":2,\"name\":\"1er mai : mobilisation historique pour une France fractur\u00e9e\"}]},{\"@type\":\"WebSite\",\"@id\":\"https:\/\/www.pressenza.com\/fr\/#website\",\"url\":\"https:\/\/www.pressenza.com\/fr\/\",\"name\":\"Pressenza\",\"description\":\"International Press Agency\",\"publisher\":{\"@id\":\"https:\/\/www.pressenza.com\/fr\/#organization\"},\"potentialAction\":[{\"@type\":\"SearchAction\",\"target\":{\"@type\":\"EntryPoint\",\"urlTemplate\":\"https:\/\/www.pressenza.com\/fr\/?s={search_term_string}\"},\"query-input\":{\"@type\":\"PropertyValueSpecification\",\"valueRequired\":true,\"valueName\":\"search_term_string\"}}],\"inLanguage\":\"fr-FR\"},{\"@type\":\"Organization\",\"@id\":\"https:\/\/www.pressenza.com\/fr\/#organization\",\"name\":\"Pressenza\",\"url\":\"https:\/\/www.pressenza.com\/fr\/\",\"logo\":{\"@type\":\"ImageObject\",\"inLanguage\":\"fr-FR\",\"@id\":\"https:\/\/www.pressenza.com\/fr\/#\/schema\/logo\/image\/\",\"url\":\"https:\/\/www.pressenza.com\/wp-content\/uploads\/2022\/10\/pressenza_logo_200x200.jpg\",\"contentUrl\":\"https:\/\/www.pressenza.com\/wp-content\/uploads\/2022\/10\/pressenza_logo_200x200.jpg\",\"width\":200,\"height\":200,\"caption\":\"Pressenza\"},\"image\":{\"@id\":\"https:\/\/www.pressenza.com\/fr\/#\/schema\/logo\/image\/\"},\"sameAs\":[\"https:\/\/www.facebook.com\/PressenzaItalia\",\"https:\/\/x.com\/PressenzaIPA\"]},{\"@type\":\"Person\",\"@id\":\"https:\/\/www.pressenza.com\/fr\/#\/schema\/person\/12775556baa768f6b7f4141a96cdea7a\",\"name\":\"Ana\u00efs Dupuis\",\"description\":\"Apr\u00e8s 3 ans d'\u00e9tudes dans une \u00e9cole de cin\u00e9ma, Ana\u00efs y obtient un dipl\u00f4me d'assistante-r\u00e9alisateur. Elle fait ensuite une ann\u00e9e en Master dans une \u00e9cole de journalisme o\u00f9 elle peut\u00a0lier sa passion pour l'audiovisuel et sa soif de comprendre et parcourir le monde, le partager. Instagram : ninis_dps Mail : anaisdupuis1808@gmail.com\",\"url\":\"https:\/\/www.pressenza.com\/fr\/author\/anais-dupuis\/\"}]}<\/script>\n<!-- \/ Yoast SEO plugin. -->","yoast_head_json":{"title":"1er mai : mobilisation historique pour une France fractur\u00e9e","description":"Cette journ\u00e9e internationale du travail \u00e9tait tr\u00e8s attendue par les opposants \u00e0 la r\u00e9forme des retraites.\u00a0Ils \u00e9taient 112 000 selon la pr\u00e9fecture de","robots":{"index":"index","follow":"follow","max-snippet":"max-snippet:-1","max-image-preview":"max-image-preview:large","max-video-preview":"max-video-preview:-1"},"canonical":"https:\/\/www.pressenza.com\/fr\/2023\/05\/1er-mai-mobilisation-historique-pour-une-france-fracturee\/","og_locale":"fr_FR","og_type":"article","og_title":"1er mai : mobilisation historique pour une France fractur\u00e9e","og_description":"Cette journ\u00e9e internationale du travail \u00e9tait tr\u00e8s attendue par les opposants \u00e0 la r\u00e9forme des retraites.\u00a0Ils \u00e9taient 112 000 selon la pr\u00e9fecture de","og_url":"https:\/\/www.pressenza.com\/fr\/2023\/05\/1er-mai-mobilisation-historique-pour-une-france-fracturee\/","og_site_name":"Pressenza","article_publisher":"https:\/\/www.facebook.com\/PressenzaItalia","article_published_time":"2023-05-02T05:00:43+00:00","article_modified_time":"2023-05-09T16:24:23+00:00","og_image":[{"width":960,"height":640,"url":"https:\/\/www.pressenza.com\/wp-content\/uploads\/2023\/05\/Photo_1.jpg","type":"image\/jpeg"}],"author":"Ana\u00efs Dupuis","twitter_card":"summary_large_image","twitter_creator":"@PressenzaIPA","twitter_site":"@PressenzaIPA","twitter_misc":{"\u00c9crit par":"Ana\u00efs Dupuis","Dur\u00e9e de lecture estim\u00e9e":"2 minutes"},"schema":{"@context":"https:\/\/schema.org","@graph":[{"@type":"Article","@id":"https:\/\/www.pressenza.com\/fr\/2023\/05\/1er-mai-mobilisation-historique-pour-une-france-fracturee\/#article","isPartOf":{"@id":"https:\/\/www.pressenza.com\/fr\/2023\/05\/1er-mai-mobilisation-historique-pour-une-france-fracturee\/"},"author":{"name":"Ana\u00efs Dupuis","@id":"https:\/\/www.pressenza.com\/fr\/#\/schema\/person\/12775556baa768f6b7f4141a96cdea7a"},"headline":"1er mai : mobilisation historique pour une France fractur\u00e9e","datePublished":"2023-05-02T05:00:43+00:00","dateModified":"2023-05-09T16:24:23+00:00","mainEntityOfPage":{"@id":"https:\/\/www.pressenza.com\/fr\/2023\/05\/1er-mai-mobilisation-historique-pour-une-france-fracturee\/"},"wordCount":296,"publisher":{"@id":"https:\/\/www.pressenza.com\/fr\/#organization"},"image":{"@id":"https:\/\/www.pressenza.com\/fr\/2023\/05\/1er-mai-mobilisation-historique-pour-une-france-fracturee\/#primaryimage"},"thumbnailUrl":"https:\/\/www.pressenza.com\/wp-content\/uploads\/2023\/05\/Photo_1.jpg","keywords":["1er mai","France","manifestation"],"articleSection":["Europe","International","Politique","Reportages photo"],"inLanguage":"fr-FR"},{"@type":"WebPage","@id":"https:\/\/www.pressenza.com\/fr\/2023\/05\/1er-mai-mobilisation-historique-pour-une-france-fracturee\/","url":"https:\/\/www.pressenza.com\/fr\/2023\/05\/1er-mai-mobilisation-historique-pour-une-france-fracturee\/","name":"1er mai : mobilisation historique pour une France fractur\u00e9e","isPartOf":{"@id":"https:\/\/www.pressenza.com\/fr\/#website"},"primaryImageOfPage":{"@id":"https:\/\/www.pressenza.com\/fr\/2023\/05\/1er-mai-mobilisation-historique-pour-une-france-fracturee\/#primaryimage"},"image":{"@id":"https:\/\/www.pressenza.com\/fr\/2023\/05\/1er-mai-mobilisation-historique-pour-une-france-fracturee\/#primaryimage"},"thumbnailUrl":"https:\/\/www.pressenza.com\/wp-content\/uploads\/2023\/05\/Photo_1.jpg","datePublished":"2023-05-02T05:00:43+00:00","dateModified":"2023-05-09T16:24:23+00:00","description":"Cette journ\u00e9e internationale du travail \u00e9tait tr\u00e8s attendue par les opposants \u00e0 la r\u00e9forme des retraites.\u00a0Ils \u00e9taient 112 000 selon la pr\u00e9fecture de","breadcrumb":{"@id":"https:\/\/www.pressenza.com\/fr\/2023\/05\/1er-mai-mobilisation-historique-pour-une-france-fracturee\/#breadcrumb"},"inLanguage":"fr-FR","potentialAction":[{"@type":"ReadAction","target":["https:\/\/www.pressenza.com\/fr\/2023\/05\/1er-mai-mobilisation-historique-pour-une-france-fracturee\/"]}]},{"@type":"ImageObject","inLanguage":"fr-FR","@id":"https:\/\/www.pressenza.com\/fr\/2023\/05\/1er-mai-mobilisation-historique-pour-une-france-fracturee\/#primaryimage","url":"https:\/\/www.pressenza.com\/wp-content\/uploads\/2023\/05\/Photo_1.jpg","contentUrl":"https:\/\/www.pressenza.com\/wp-content\/uploads\/2023\/05\/Photo_1.jpg","width":960,"height":640},{"@type":"BreadcrumbList","@id":"https:\/\/www.pressenza.com\/fr\/2023\/05\/1er-mai-mobilisation-historique-pour-une-france-fracturee\/#breadcrumb","itemListElement":[{"@type":"ListItem","position":1,"name":"Accueil","item":"https:\/\/www.pressenza.com\/fr\/"},{"@type":"ListItem","position":2,"name":"1er mai : mobilisation historique pour une France fractur\u00e9e"}]},{"@type":"WebSite","@id":"https:\/\/www.pressenza.com\/fr\/#website","url":"https:\/\/www.pressenza.com\/fr\/","name":"Pressenza","description":"International Press Agency","publisher":{"@id":"https:\/\/www.pressenza.com\/fr\/#organization"},"potentialAction":[{"@type":"SearchAction","target":{"@type":"EntryPoint","urlTemplate":"https:\/\/www.pressenza.com\/fr\/?s={search_term_string}"},"query-input":{"@type":"PropertyValueSpecification","valueRequired":true,"valueName":"search_term_string"}}],"inLanguage":"fr-FR"},{"@type":"Organization","@id":"https:\/\/www.pressenza.com\/fr\/#organization","name":"Pressenza","url":"https:\/\/www.pressenza.com\/fr\/","logo":{"@type":"ImageObject","inLanguage":"fr-FR","@id":"https:\/\/www.pressenza.com\/fr\/#\/schema\/logo\/image\/","url":"https:\/\/www.pressenza.com\/wp-content\/uploads\/2022\/10\/pressenza_logo_200x200.jpg","contentUrl":"https:\/\/www.pressenza.com\/wp-content\/uploads\/2022\/10\/pressenza_logo_200x200.jpg","width":200,"height":200,"caption":"Pressenza"},"image":{"@id":"https:\/\/www.pressenza.com\/fr\/#\/schema\/logo\/image\/"},"sameAs":["https:\/\/www.facebook.com\/PressenzaItalia","https:\/\/x.com\/PressenzaIPA"]},{"@type":"Person","@id":"https:\/\/www.pressenza.com\/fr\/#\/schema\/person\/12775556baa768f6b7f4141a96cdea7a","name":"Ana\u00efs Dupuis","description":"Apr\u00e8s 3 ans d'\u00e9tudes dans une \u00e9cole de cin\u00e9ma, Ana\u00efs y obtient un dipl\u00f4me d'assistante-r\u00e9alisateur. Elle fait ensuite une ann\u00e9e en Master dans une \u00e9cole de journalisme o\u00f9 elle peut\u00a0lier sa passion pour l'audiovisuel et sa soif de comprendre et parcourir le monde, le partager. Instagram : ninis_dps Mail : anaisdupuis1808@gmail.com","url":"https:\/\/www.pressenza.com\/fr\/author\/anais-dupuis\/"}]}},"place":"","original_article_url":"","_links":{"self":[{"href":"https:\/\/www.pressenza.com\/fr\/wp-json\/wp\/v2\/posts\/1736542","targetHints":{"allow":["GET"]}}],"collection":[{"href":"https:\/\/www.pressenza.com\/fr\/wp-json\/wp\/v2\/posts"}],"about":[{"href":"https:\/\/www.pressenza.com\/fr\/wp-json\/wp\/v2\/types\/post"}],"author":[{"embeddable":true,"href":"https:\/\/www.pressenza.com\/fr\/wp-json\/wp\/v2\/users\/2081"}],"replies":[{"embeddable":true,"href":"https:\/\/www.pressenza.com\/fr\/wp-json\/wp\/v2\/comments?post=1736542"}],"version-history":[{"count":0,"href":"https:\/\/www.pressenza.com\/fr\/wp-json\/wp\/v2\/posts\/1736542\/revisions"}],"wp:featuredmedia":[{"embeddable":true,"href":"https:\/\/www.pressenza.com\/fr\/wp-json\/wp\/v2\/media\/1736541"}],"wp:attachment":[{"href":"https:\/\/www.pressenza.com\/fr\/wp-json\/wp\/v2\/media?parent=1736542"}],"wp:term":[{"taxonomy":"category","embeddable":true,"href":"https:\/\/www.pressenza.com\/fr\/wp-json\/wp\/v2\/categories?post=1736542"},{"taxonomy":"post_tag","embeddable":true,"href":"https:\/\/www.pressenza.com\/fr\/wp-json\/wp\/v2\/tags?post=1736542"}],"curies":[{"name":"wp","href":"https:\/\/api.w.org\/{rel}","templated":true}]}}