{"id":1731985,"date":"2023-04-09T21:05:06","date_gmt":"2023-04-09T20:05:06","guid":{"rendered":"https:\/\/www.pressenza.com\/?p=1731985"},"modified":"2023-04-12T22:24:12","modified_gmt":"2023-04-12T21:24:12","slug":"les-scientifiques-predisent-larrivee-de-vaccins-contre-le-cancer","status":"publish","type":"post","link":"https:\/\/www.pressenza.com\/fr\/2023\/04\/les-scientifiques-predisent-larrivee-de-vaccins-contre-le-cancer\/","title":{"rendered":"Des scientifiques pr\u00e9disent l\u2019arriv\u00e9e de vaccins contre le cancer"},"content":{"rendered":"<blockquote>\n<p class=\"western\" align=\"justify\"><em><span lang=\"fr-FR\">Des scientifiques se montrent optimistes quant \u00e0 l\u2019arriv\u00e9e d\u2019un vaccin contre plusieurs types de cancer gr\u00e2ce \u00e0 la technologie utilis\u00e9e contre le coronavirus.<\/span><\/em><\/p>\n<p>\u00ab Nous pensons qu\u2019il sera bient\u00f4t possible de soigner le cancer ou d\u2019am\u00e9liorer la vie des personnes atteintes d\u2019un cancer \u00bb, a affirm\u00e9 Ozlem Tureci, chercheur pour la firme pharmaceutique allemande BioNTech, lors d\u2019une interview sur la BBC.<\/p><\/blockquote>\n<p class=\"western\" align=\"justify\">Un autre chercheur allemand, Ugur Sahin, esp\u00e8re que le traitement sera disponible \u00ab\u00a0avant 2030\u00a0\u00bb.<\/p>\n<p class=\"western\" align=\"justify\">D\u2019apr\u00e8s les experts interrog\u00e9s, le vaccin utilise l\u2019ARN messager (ARNm) pour stimuler le syst\u00e8me immunitaire des patients et l\u2019inciter \u00e0 attaquer les cellules canc\u00e9reuses. L\u2019ARNm envoie un signal aux cellules, par le biais d\u2019une s\u00e9quence g\u00e9n\u00e9tique, permettant au syst\u00e8me immunitaire de produire un antig\u00e8ne qui reconna\u00eet et d\u00e9truit les cellules anormales, ce qui emp\u00eache alors leur reproduction incontr\u00f4l\u00e9e.<\/p>\n<p class=\"western\" align=\"justify\">Bien que les essais cliniques utilisant l\u2019ARNm contre le cancer aient d\u00e9but\u00e9 avant l\u2019\u00e9mergence de la COVID-19, la pand\u00e9mie a permis aux scientifiques de tester cette technologie afin de pr\u00e9parer des vaccins contre la maladie virale. \u00ab\u00a0Les innovations mises au point ces derni\u00e8res d\u00e9cennies en mati\u00e8re de vaccin contre le cancer ont servi de tremplin pour le d\u00e9veloppement d\u2019un vaccin contre la COVID-19. Ce vaccin et l\u2019exp\u00e9rience acquise pour son d\u00e9veloppement nous permettent aujourd\u2019hui de faire avancer nos travaux sur le cancer\u00a0\u00bb, explique Tureci.<\/p>\n<p><img decoding=\"async\" src=\"https:\/\/cdn.hispantv.com\/hispanmedia\/files\/images\/thumbnail\/20220404\/09341765_xl.jpg\" \/><\/p>\n<p class=\"western\" align=\"justify\">Le directeur du centre a fait part de sa r\u00e9ticence \u00e0 annoncer l\u2019arriv\u00e9e d\u2019un \u00ab\u00a0traitement contre le cancer\u00a0\u00bb, mais a n\u00e9anmoins affirm\u00e9 que les chercheurs avaient d\u00e9couvert \u00ab\u00a0plusieurs pistes pour faire progresser la recherche\u00a0\u00bb et qu\u2019ils continueraient \u00e0 \u00ab\u00a0les suivre\u00a0\u00bb.<\/p>\n<p class=\"western\" align=\"justify\">D\u2019apr\u00e8s l\u2019Organisation mondiale de la sant\u00e9 (OMS), le cancer est la cause principale de mortalit\u00e9 dans le monde\u00a0: en 2020, la maladie a entra\u00een\u00e9 le d\u00e9c\u00e8s de pr\u00e8s de 10\u00a0millions de personnes. L\u2019organisation rappelle que les cancers du sein, du poumon, du colon, du rectum et de la prostate sont les types de cancer les plus fr\u00e9quents.<\/p>\n<p>&nbsp;<\/p>\n","protected":false},"excerpt":{"rendered":"<p>Des scientifiques se montrent optimistes quant \u00e0 l\u2019arriv\u00e9e d\u2019un vaccin contre plusieurs types de cancer gr\u00e2ce \u00e0 la technologie utilis\u00e9e contre le coronavirus. \u00ab Nous pensons qu\u2019il sera bient\u00f4t possible de soigner le cancer ou d\u2019am\u00e9liorer la vie des personnes&hellip;<\/p>\n","protected":false},"author":954,"featured_media":1657356,"comment_status":"closed","ping_status":"closed","sticky":false,"template":"","format":"standard","meta":{"footnotes":""},"categories":[85,1245,495],"tags":[5398,7178],"class_list":["post-1731985","post","type-post","status-publish","format-standard","has-post-thumbnail","hentry","category-europe-fr","category-sante-sujet","category-sciences-technologie","tag-cancer-fr","tag-vaccin"],"yoast_head":"<!-- This site is optimized with the Yoast SEO plugin v27.1.1 - https:\/\/yoast.com\/product\/yoast-seo-wordpress\/ -->\n<title>Des scientifiques pr\u00e9disent l\u2019arriv\u00e9e de vaccins contre le cancer<\/title>\n<meta name=\"description\" content=\"Des scientifiques se montrent optimistes quant \u00e0 l\u2019arriv\u00e9e d\u2019un vaccin contre plusieurs types de cancer gr\u00e2ce \u00e0 la technologie utilis\u00e9e contre le\" \/>\n<meta name=\"robots\" content=\"index, follow, max-snippet:-1, max-image-preview:large, max-video-preview:-1\" \/>\n<link rel=\"canonical\" href=\"https:\/\/www.pressenza.com\/fr\/2023\/04\/les-scientifiques-predisent-larrivee-de-vaccins-contre-le-cancer\/\" \/>\n<meta property=\"og:locale\" content=\"fr_FR\" \/>\n<meta property=\"og:type\" content=\"article\" \/>\n<meta property=\"og:title\" content=\"Des scientifiques pr\u00e9disent l\u2019arriv\u00e9e de vaccins contre le cancer\" \/>\n<meta property=\"og:description\" content=\"Des scientifiques se montrent optimistes quant \u00e0 l\u2019arriv\u00e9e d\u2019un vaccin contre plusieurs types de cancer gr\u00e2ce \u00e0 la technologie utilis\u00e9e contre le\" \/>\n<meta property=\"og:url\" content=\"https:\/\/www.pressenza.com\/fr\/2023\/04\/les-scientifiques-predisent-larrivee-de-vaccins-contre-le-cancer\/\" \/>\n<meta property=\"og:site_name\" content=\"Pressenza\" \/>\n<meta property=\"article:publisher\" content=\"https:\/\/www.facebook.com\/PressenzaItalia\" \/>\n<meta property=\"article:author\" content=\"https:\/\/www.facebook.com\/Hispantv\" \/>\n<meta property=\"article:published_time\" content=\"2023-04-09T20:05:06+00:00\" \/>\n<meta property=\"article:modified_time\" content=\"2023-04-12T21:24:12+00:00\" \/>\n<meta property=\"og:image\" content=\"https:\/\/www.pressenza.com\/wp-content\/uploads\/2022\/09\/cancer.jpeg\" \/>\n\t<meta property=\"og:image:width\" content=\"950\" \/>\n\t<meta property=\"og:image:height\" content=\"534\" \/>\n\t<meta property=\"og:image:type\" content=\"image\/jpeg\" \/>\n<meta name=\"author\" content=\"HispanTV\" \/>\n<meta name=\"twitter:card\" content=\"summary_large_image\" \/>\n<meta name=\"twitter:creator\" content=\"@Hispantv\" \/>\n<meta name=\"twitter:site\" content=\"@PressenzaIPA\" \/>\n<meta name=\"twitter:label1\" content=\"\u00c9crit par\" \/>\n\t<meta name=\"twitter:data1\" content=\"HispanTV\" \/>\n\t<meta name=\"twitter:label2\" content=\"Dur\u00e9e de lecture estim\u00e9e\" \/>\n\t<meta name=\"twitter:data2\" content=\"2 minutes\" \/>\n<script type=\"application\/ld+json\" class=\"yoast-schema-graph\">{\"@context\":\"https:\/\/schema.org\",\"@graph\":[{\"@type\":\"Article\",\"@id\":\"https:\/\/www.pressenza.com\/fr\/2023\/04\/les-scientifiques-predisent-larrivee-de-vaccins-contre-le-cancer\/#article\",\"isPartOf\":{\"@id\":\"https:\/\/www.pressenza.com\/fr\/2023\/04\/les-scientifiques-predisent-larrivee-de-vaccins-contre-le-cancer\/\"},\"author\":{\"name\":\"HispanTV\",\"@id\":\"https:\/\/www.pressenza.com\/fr\/#\/schema\/person\/2e5ffdf0e238fbba512bcf5c97959187\"},\"headline\":\"Des scientifiques pr\u00e9disent l\u2019arriv\u00e9e de vaccins contre le cancer\",\"datePublished\":\"2023-04-09T20:05:06+00:00\",\"dateModified\":\"2023-04-12T21:24:12+00:00\",\"mainEntityOfPage\":{\"@id\":\"https:\/\/www.pressenza.com\/fr\/2023\/04\/les-scientifiques-predisent-larrivee-de-vaccins-contre-le-cancer\/\"},\"wordCount\":379,\"publisher\":{\"@id\":\"https:\/\/www.pressenza.com\/fr\/#organization\"},\"image\":{\"@id\":\"https:\/\/www.pressenza.com\/fr\/2023\/04\/les-scientifiques-predisent-larrivee-de-vaccins-contre-le-cancer\/#primaryimage\"},\"thumbnailUrl\":\"https:\/\/www.pressenza.com\/wp-content\/uploads\/2022\/09\/cancer.jpeg\",\"keywords\":[\"cancer\",\"vaccin\"],\"articleSection\":[\"Europe\",\"Sant\u00e9\",\"Sciences et Technologie\"],\"inLanguage\":\"fr-FR\"},{\"@type\":\"WebPage\",\"@id\":\"https:\/\/www.pressenza.com\/fr\/2023\/04\/les-scientifiques-predisent-larrivee-de-vaccins-contre-le-cancer\/\",\"url\":\"https:\/\/www.pressenza.com\/fr\/2023\/04\/les-scientifiques-predisent-larrivee-de-vaccins-contre-le-cancer\/\",\"name\":\"Des scientifiques pr\u00e9disent l\u2019arriv\u00e9e de vaccins contre le cancer\",\"isPartOf\":{\"@id\":\"https:\/\/www.pressenza.com\/fr\/#website\"},\"primaryImageOfPage\":{\"@id\":\"https:\/\/www.pressenza.com\/fr\/2023\/04\/les-scientifiques-predisent-larrivee-de-vaccins-contre-le-cancer\/#primaryimage\"},\"image\":{\"@id\":\"https:\/\/www.pressenza.com\/fr\/2023\/04\/les-scientifiques-predisent-larrivee-de-vaccins-contre-le-cancer\/#primaryimage\"},\"thumbnailUrl\":\"https:\/\/www.pressenza.com\/wp-content\/uploads\/2022\/09\/cancer.jpeg\",\"datePublished\":\"2023-04-09T20:05:06+00:00\",\"dateModified\":\"2023-04-12T21:24:12+00:00\",\"description\":\"Des scientifiques se montrent optimistes quant \u00e0 l\u2019arriv\u00e9e d\u2019un vaccin contre plusieurs types de cancer gr\u00e2ce \u00e0 la technologie utilis\u00e9e contre le\",\"breadcrumb\":{\"@id\":\"https:\/\/www.pressenza.com\/fr\/2023\/04\/les-scientifiques-predisent-larrivee-de-vaccins-contre-le-cancer\/#breadcrumb\"},\"inLanguage\":\"fr-FR\",\"potentialAction\":[{\"@type\":\"ReadAction\",\"target\":[\"https:\/\/www.pressenza.com\/fr\/2023\/04\/les-scientifiques-predisent-larrivee-de-vaccins-contre-le-cancer\/\"]}]},{\"@type\":\"ImageObject\",\"inLanguage\":\"fr-FR\",\"@id\":\"https:\/\/www.pressenza.com\/fr\/2023\/04\/les-scientifiques-predisent-larrivee-de-vaccins-contre-le-cancer\/#primaryimage\",\"url\":\"https:\/\/www.pressenza.com\/wp-content\/uploads\/2022\/09\/cancer.jpeg\",\"contentUrl\":\"https:\/\/www.pressenza.com\/wp-content\/uploads\/2022\/09\/cancer.jpeg\",\"width\":950,\"height\":534},{\"@type\":\"BreadcrumbList\",\"@id\":\"https:\/\/www.pressenza.com\/fr\/2023\/04\/les-scientifiques-predisent-larrivee-de-vaccins-contre-le-cancer\/#breadcrumb\",\"itemListElement\":[{\"@type\":\"ListItem\",\"position\":1,\"name\":\"Accueil\",\"item\":\"https:\/\/www.pressenza.com\/fr\/\"},{\"@type\":\"ListItem\",\"position\":2,\"name\":\"Des scientifiques pr\u00e9disent l\u2019arriv\u00e9e de vaccins contre le cancer\"}]},{\"@type\":\"WebSite\",\"@id\":\"https:\/\/www.pressenza.com\/fr\/#website\",\"url\":\"https:\/\/www.pressenza.com\/fr\/\",\"name\":\"Pressenza\",\"description\":\"International Press Agency\",\"publisher\":{\"@id\":\"https:\/\/www.pressenza.com\/fr\/#organization\"},\"potentialAction\":[{\"@type\":\"SearchAction\",\"target\":{\"@type\":\"EntryPoint\",\"urlTemplate\":\"https:\/\/www.pressenza.com\/fr\/?s={search_term_string}\"},\"query-input\":{\"@type\":\"PropertyValueSpecification\",\"valueRequired\":true,\"valueName\":\"search_term_string\"}}],\"inLanguage\":\"fr-FR\"},{\"@type\":\"Organization\",\"@id\":\"https:\/\/www.pressenza.com\/fr\/#organization\",\"name\":\"Pressenza\",\"url\":\"https:\/\/www.pressenza.com\/fr\/\",\"logo\":{\"@type\":\"ImageObject\",\"inLanguage\":\"fr-FR\",\"@id\":\"https:\/\/www.pressenza.com\/fr\/#\/schema\/logo\/image\/\",\"url\":\"https:\/\/www.pressenza.com\/wp-content\/uploads\/2022\/10\/pressenza_logo_200x200.jpg\",\"contentUrl\":\"https:\/\/www.pressenza.com\/wp-content\/uploads\/2022\/10\/pressenza_logo_200x200.jpg\",\"width\":200,\"height\":200,\"caption\":\"Pressenza\"},\"image\":{\"@id\":\"https:\/\/www.pressenza.com\/fr\/#\/schema\/logo\/image\/\"},\"sameAs\":[\"https:\/\/www.facebook.com\/PressenzaItalia\",\"https:\/\/x.com\/PressenzaIPA\"]},{\"@type\":\"Person\",\"@id\":\"https:\/\/www.pressenza.com\/fr\/#\/schema\/person\/2e5ffdf0e238fbba512bcf5c97959187\",\"name\":\"HispanTV\",\"description\":\"Trabajar bajo el f\u00e9rreo compromiso como medio de comunicaci\u00f3n para fomentar el acercamiento entre los pueblos de Ir\u00e1n, el Hispanoamericano y los de Medio Oriente, considerando adem\u00e1s la necesidad de crear una mayor cercan\u00eda entre todos los pueblos de Am\u00e9rica Latina. http:\/\/www.hispantv.com\/\",\"sameAs\":[\"http:\/\/www.hispantv.ir\",\"https:\/\/www.facebook.com\/Hispantv\",\"https:\/\/x.com\/Hispantv\"],\"url\":\"https:\/\/www.pressenza.com\/fr\/author\/hispantv\/\"}]}<\/script>\n<!-- \/ Yoast SEO plugin. -->","yoast_head_json":{"title":"Des scientifiques pr\u00e9disent l\u2019arriv\u00e9e de vaccins contre le cancer","description":"Des scientifiques se montrent optimistes quant \u00e0 l\u2019arriv\u00e9e d\u2019un vaccin contre plusieurs types de cancer gr\u00e2ce \u00e0 la technologie utilis\u00e9e contre le","robots":{"index":"index","follow":"follow","max-snippet":"max-snippet:-1","max-image-preview":"max-image-preview:large","max-video-preview":"max-video-preview:-1"},"canonical":"https:\/\/www.pressenza.com\/fr\/2023\/04\/les-scientifiques-predisent-larrivee-de-vaccins-contre-le-cancer\/","og_locale":"fr_FR","og_type":"article","og_title":"Des scientifiques pr\u00e9disent l\u2019arriv\u00e9e de vaccins contre le cancer","og_description":"Des scientifiques se montrent optimistes quant \u00e0 l\u2019arriv\u00e9e d\u2019un vaccin contre plusieurs types de cancer gr\u00e2ce \u00e0 la technologie utilis\u00e9e contre le","og_url":"https:\/\/www.pressenza.com\/fr\/2023\/04\/les-scientifiques-predisent-larrivee-de-vaccins-contre-le-cancer\/","og_site_name":"Pressenza","article_publisher":"https:\/\/www.facebook.com\/PressenzaItalia","article_author":"https:\/\/www.facebook.com\/Hispantv","article_published_time":"2023-04-09T20:05:06+00:00","article_modified_time":"2023-04-12T21:24:12+00:00","og_image":[{"width":950,"height":534,"url":"https:\/\/www.pressenza.com\/wp-content\/uploads\/2022\/09\/cancer.jpeg","type":"image\/jpeg"}],"author":"HispanTV","twitter_card":"summary_large_image","twitter_creator":"@Hispantv","twitter_site":"@PressenzaIPA","twitter_misc":{"\u00c9crit par":"HispanTV","Dur\u00e9e de lecture estim\u00e9e":"2 minutes"},"schema":{"@context":"https:\/\/schema.org","@graph":[{"@type":"Article","@id":"https:\/\/www.pressenza.com\/fr\/2023\/04\/les-scientifiques-predisent-larrivee-de-vaccins-contre-le-cancer\/#article","isPartOf":{"@id":"https:\/\/www.pressenza.com\/fr\/2023\/04\/les-scientifiques-predisent-larrivee-de-vaccins-contre-le-cancer\/"},"author":{"name":"HispanTV","@id":"https:\/\/www.pressenza.com\/fr\/#\/schema\/person\/2e5ffdf0e238fbba512bcf5c97959187"},"headline":"Des scientifiques pr\u00e9disent l\u2019arriv\u00e9e de vaccins contre le cancer","datePublished":"2023-04-09T20:05:06+00:00","dateModified":"2023-04-12T21:24:12+00:00","mainEntityOfPage":{"@id":"https:\/\/www.pressenza.com\/fr\/2023\/04\/les-scientifiques-predisent-larrivee-de-vaccins-contre-le-cancer\/"},"wordCount":379,"publisher":{"@id":"https:\/\/www.pressenza.com\/fr\/#organization"},"image":{"@id":"https:\/\/www.pressenza.com\/fr\/2023\/04\/les-scientifiques-predisent-larrivee-de-vaccins-contre-le-cancer\/#primaryimage"},"thumbnailUrl":"https:\/\/www.pressenza.com\/wp-content\/uploads\/2022\/09\/cancer.jpeg","keywords":["cancer","vaccin"],"articleSection":["Europe","Sant\u00e9","Sciences et Technologie"],"inLanguage":"fr-FR"},{"@type":"WebPage","@id":"https:\/\/www.pressenza.com\/fr\/2023\/04\/les-scientifiques-predisent-larrivee-de-vaccins-contre-le-cancer\/","url":"https:\/\/www.pressenza.com\/fr\/2023\/04\/les-scientifiques-predisent-larrivee-de-vaccins-contre-le-cancer\/","name":"Des scientifiques pr\u00e9disent l\u2019arriv\u00e9e de vaccins contre le cancer","isPartOf":{"@id":"https:\/\/www.pressenza.com\/fr\/#website"},"primaryImageOfPage":{"@id":"https:\/\/www.pressenza.com\/fr\/2023\/04\/les-scientifiques-predisent-larrivee-de-vaccins-contre-le-cancer\/#primaryimage"},"image":{"@id":"https:\/\/www.pressenza.com\/fr\/2023\/04\/les-scientifiques-predisent-larrivee-de-vaccins-contre-le-cancer\/#primaryimage"},"thumbnailUrl":"https:\/\/www.pressenza.com\/wp-content\/uploads\/2022\/09\/cancer.jpeg","datePublished":"2023-04-09T20:05:06+00:00","dateModified":"2023-04-12T21:24:12+00:00","description":"Des scientifiques se montrent optimistes quant \u00e0 l\u2019arriv\u00e9e d\u2019un vaccin contre plusieurs types de cancer gr\u00e2ce \u00e0 la technologie utilis\u00e9e contre le","breadcrumb":{"@id":"https:\/\/www.pressenza.com\/fr\/2023\/04\/les-scientifiques-predisent-larrivee-de-vaccins-contre-le-cancer\/#breadcrumb"},"inLanguage":"fr-FR","potentialAction":[{"@type":"ReadAction","target":["https:\/\/www.pressenza.com\/fr\/2023\/04\/les-scientifiques-predisent-larrivee-de-vaccins-contre-le-cancer\/"]}]},{"@type":"ImageObject","inLanguage":"fr-FR","@id":"https:\/\/www.pressenza.com\/fr\/2023\/04\/les-scientifiques-predisent-larrivee-de-vaccins-contre-le-cancer\/#primaryimage","url":"https:\/\/www.pressenza.com\/wp-content\/uploads\/2022\/09\/cancer.jpeg","contentUrl":"https:\/\/www.pressenza.com\/wp-content\/uploads\/2022\/09\/cancer.jpeg","width":950,"height":534},{"@type":"BreadcrumbList","@id":"https:\/\/www.pressenza.com\/fr\/2023\/04\/les-scientifiques-predisent-larrivee-de-vaccins-contre-le-cancer\/#breadcrumb","itemListElement":[{"@type":"ListItem","position":1,"name":"Accueil","item":"https:\/\/www.pressenza.com\/fr\/"},{"@type":"ListItem","position":2,"name":"Des scientifiques pr\u00e9disent l\u2019arriv\u00e9e de vaccins contre le cancer"}]},{"@type":"WebSite","@id":"https:\/\/www.pressenza.com\/fr\/#website","url":"https:\/\/www.pressenza.com\/fr\/","name":"Pressenza","description":"International Press Agency","publisher":{"@id":"https:\/\/www.pressenza.com\/fr\/#organization"},"potentialAction":[{"@type":"SearchAction","target":{"@type":"EntryPoint","urlTemplate":"https:\/\/www.pressenza.com\/fr\/?s={search_term_string}"},"query-input":{"@type":"PropertyValueSpecification","valueRequired":true,"valueName":"search_term_string"}}],"inLanguage":"fr-FR"},{"@type":"Organization","@id":"https:\/\/www.pressenza.com\/fr\/#organization","name":"Pressenza","url":"https:\/\/www.pressenza.com\/fr\/","logo":{"@type":"ImageObject","inLanguage":"fr-FR","@id":"https:\/\/www.pressenza.com\/fr\/#\/schema\/logo\/image\/","url":"https:\/\/www.pressenza.com\/wp-content\/uploads\/2022\/10\/pressenza_logo_200x200.jpg","contentUrl":"https:\/\/www.pressenza.com\/wp-content\/uploads\/2022\/10\/pressenza_logo_200x200.jpg","width":200,"height":200,"caption":"Pressenza"},"image":{"@id":"https:\/\/www.pressenza.com\/fr\/#\/schema\/logo\/image\/"},"sameAs":["https:\/\/www.facebook.com\/PressenzaItalia","https:\/\/x.com\/PressenzaIPA"]},{"@type":"Person","@id":"https:\/\/www.pressenza.com\/fr\/#\/schema\/person\/2e5ffdf0e238fbba512bcf5c97959187","name":"HispanTV","description":"Trabajar bajo el f\u00e9rreo compromiso como medio de comunicaci\u00f3n para fomentar el acercamiento entre los pueblos de Ir\u00e1n, el Hispanoamericano y los de Medio Oriente, considerando adem\u00e1s la necesidad de crear una mayor cercan\u00eda entre todos los pueblos de Am\u00e9rica Latina. http:\/\/www.hispantv.com\/","sameAs":["http:\/\/www.hispantv.ir","https:\/\/www.facebook.com\/Hispantv","https:\/\/x.com\/Hispantv"],"url":"https:\/\/www.pressenza.com\/fr\/author\/hispantv\/"}]}},"place":"","original_article_url":"https:\/\/www.hispantv.com\/noticias\/salud\/553565\/cancer-vacuna-tratamientos","_links":{"self":[{"href":"https:\/\/www.pressenza.com\/fr\/wp-json\/wp\/v2\/posts\/1731985","targetHints":{"allow":["GET"]}}],"collection":[{"href":"https:\/\/www.pressenza.com\/fr\/wp-json\/wp\/v2\/posts"}],"about":[{"href":"https:\/\/www.pressenza.com\/fr\/wp-json\/wp\/v2\/types\/post"}],"author":[{"embeddable":true,"href":"https:\/\/www.pressenza.com\/fr\/wp-json\/wp\/v2\/users\/954"}],"replies":[{"embeddable":true,"href":"https:\/\/www.pressenza.com\/fr\/wp-json\/wp\/v2\/comments?post=1731985"}],"version-history":[{"count":0,"href":"https:\/\/www.pressenza.com\/fr\/wp-json\/wp\/v2\/posts\/1731985\/revisions"}],"wp:featuredmedia":[{"embeddable":true,"href":"https:\/\/www.pressenza.com\/fr\/wp-json\/wp\/v2\/media\/1657356"}],"wp:attachment":[{"href":"https:\/\/www.pressenza.com\/fr\/wp-json\/wp\/v2\/media?parent=1731985"}],"wp:term":[{"taxonomy":"category","embeddable":true,"href":"https:\/\/www.pressenza.com\/fr\/wp-json\/wp\/v2\/categories?post=1731985"},{"taxonomy":"post_tag","embeddable":true,"href":"https:\/\/www.pressenza.com\/fr\/wp-json\/wp\/v2\/tags?post=1731985"}],"curies":[{"name":"wp","href":"https:\/\/api.w.org\/{rel}","templated":true}]}}