{"id":1731432,"date":"2023-04-06T18:00:35","date_gmt":"2023-04-06T17:00:35","guid":{"rendered":"https:\/\/www.pressenza.com\/?p=1731432"},"modified":"2023-04-14T10:28:35","modified_gmt":"2023-04-14T09:28:35","slug":"la-guerre-cest-la-guerre","status":"publish","type":"post","link":"https:\/\/www.pressenza.com\/fr\/2023\/04\/la-guerre-cest-la-guerre\/","title":{"rendered":"La guerre, c&rsquo;est la guerre !"},"content":{"rendered":"<p><strong>La grande heure du crime organis\u00e9 approche. Et il sera parfaitement \u00e9quip\u00e9 avec des sujets consentants, transform\u00e9s en brutes par la guerre, et qui seront arm\u00e9s jusqu\u2019aux dents.<\/strong><\/p>\n<p>Cette guerre va encaisser des gains comme nous n\u2019en avons jamais vus. Ceux qui vont pouvoir en profiter sont pratiquement d\u00e9j\u00e0 connus. N\u00e9anmoins, ce ne seront pas ceux qui pensent pour l\u2019instant \u00eatre du bon c\u00f4t\u00e9. L\u2019id\u00e9e que les b\u00e9n\u00e9fices ne sont que des valeurs mon\u00e9taires est une id\u00e9e \u00e0 court terme.<\/p>\n<p><strong>Oui, ceux qui poss\u00e8dent des actions, par exemple chez Rheinmetall, pourront compter le r\u00e9sultat. Au fait, la plupart des propri\u00e9taires de ce paquet sont aux \u00c9tats-Unis. Toutefois, les ventes d\u2019armes ne seront pas uniquement comptabilis\u00e9es chez les producteurs, mais aussi chez ceux qui re\u00e7oivent les livraisons, sans pour autant les envoyer \u00e0 leur destination, mais les revendent ailleurs.<\/strong><\/p>\n<p>C\u2019est un commerce exceptionnellement lucratif. Car la marchandises est pay\u00e9e. Elle sera revendue l\u00e0 o\u00f9 elle sera pay\u00e9e une seconde fois. Il s\u2019agit d\u2019acqu\u00e9reurs de n\u2019importe quelle origine, mais pas forc\u00e9ment une partie directement impliqu\u00e9e dans la guerre.<\/p>\n<p><strong>Apr\u00e8s la guerre, le crime organis\u00e9 <\/strong><\/p>\n<p>La plupart du temps, ce sont des organisations, qui s\u2019\u00e9quipent d\u00e9j\u00e0 pour apr\u00e8s. Pour la situation o\u00f9 tout est en ruine, o\u00f9 l\u2019\u00c9tat ne fait plus r\u00e9gner l\u2019ordre et que le droit du plus fort prend le dessus. Alors arrive le r\u00e8gne de l\u2019ombre.<\/p>\n<p>C\u2019est l\u00e0 que sont d\u00e9pos\u00e9es les armes, et le reste d&rsquo;une soldatesque d\u00e9pouill\u00e9e de tous ses insignes s&rsquo;engagera d\u00e9sesp\u00e9r\u00e9ment dans cette nouvelle solde. Alors, tout ce qui est li\u00e9 au droit, au monopole de la violence par l&rsquo;\u00c9tat et au sentiment d&rsquo;appartenance \u00e0 la communaut\u00e9 ne sera plus qu&rsquo;un souvenir romantique. Ce sera la grande heure du crime organis\u00e9. <strong>Et il sera parfaitement \u00e9quip\u00e9 avec des sujets consentants, transform\u00e9s en brutes par la guerre, qui seront arm\u00e9s jusqu\u2019aux dents.<\/strong><\/p>\n<p>Et oui, ceux qui braillent en ce moment pour une politique ext\u00e9rieure f\u00e9ministe, qui ne saurait \u00eatre plus belliciste et plus martiale, ceux-l\u00e0 pourront observer ce qui arrive au processus de civilisation des 70 derni\u00e8res ann\u00e9es. Tout ce qui \u00e9tait acquis au niveau de l\u2019\u00e9mancipation de la femme tiendra du pass\u00e9 dans cette soci\u00e9t\u00e9 d\u2019apr\u00e8s-guerre devenue brutale. Le patriarcat soldatesque va prendre les r\u00eanes.<\/p>\n<p><strong>Devant nous la violence<\/strong><\/p>\n<p>Qu\u2019est-ce que cela voudra dire ? Des hi\u00e9rarchies seront \u00e9tablies qui ne seront pas que domin\u00e9es par des hommes, mais seront \u00e9galement appliqu\u00e9es avec une violence inou\u00efe. L\u2019attention et l\u2019\u00e9galit\u00e9 deviendront des insultes et tout ce qui \u00e9tait estim\u00e9 par de nombreuses personnes comme \u00e9tant une forme de vie raffin\u00e9e sera condamn\u00e9 comme un signe de d\u00e9cadence et de ramollissement.<\/p>\n<p>Celui qui en aura fini avec la guerre et sa tuerie et ses crises existentielles permanentes, il voudra tout r\u00e9cup\u00e9rer d\u2019un coup. Il ne s\u2019agira plus de publicit\u00e9, on prendra ce dont on a envie. Pas uniquement les biens mat\u00e9riels de la d\u00e9bauche, mais aussi chez les femmes. N\u2019importe o\u00f9. Les enfants de la guerre sont les enfants de la guerre.<\/p>\n<p><strong>Ce qui, en ce moment, semble encore si bon, comme le combat juste pour une d\u00e9mocratie lib\u00e9rale, qui n\u2019a jamais r\u00e9gn\u00e9 d\u2019aucun c\u00f4t\u00e9, c\u2019est le combat des oligarques. Ici comme l\u00e0-bas. Tout le reste n\u2019est qu\u2019une pure illusion.<\/strong><\/p>\n<p><strong>On ne peut que recommander de penser \u00e0 partir de la fin. Chaque jour de plus que dure cette guerre, rend ce pronostic plus plausible. Les propagandistes partisans d\u2019une poursuite de la guerre sont une racaille d\u00e9prav\u00e9e qui se promet d\u2019autres b\u00e9n\u00e9fices. Mais la guerre, reste la guerre : \u00ab <em>En r\u00e8gle g\u00e9n\u00e9rale, on peut dire qu\u2019\u00e0 nous, les petites gens, la victoire et la d\u00e9faite nous reviennent cher.<\/em> \u00bb<\/strong> (1)<\/p>\n<p>La M\u00e8re Courage, une dure \u00e0 cuire, \u00e9tait autrement plus sage que l\u2019air du temps.<\/p>\n<p><strong>Sources<br \/>\n<\/strong><\/p>\n<p>(1) Bertolt Brecht (1938\/39):\u00a0<strong><em>Mutter Courage und ihre Kinder. Eine Chronik aus dem Drei\u00dfigj\u00e4hrigen Krieg<\/em><\/strong>. Accessible sur <a href=\"https:\/\/docplayer.org\/205296643-Bertolt-brecht-mutter-courage-und-ihre-kinder.html\">https:\/\/docplayer.org\/205296643-Bertolt-brecht-mutter-courage-und-ihre-kinder.html<\/a>\u00a0(consult\u00e9 le 23.3.2023).<\/p>\n","protected":false},"excerpt":{"rendered":"<p>La grande heure du crime organis\u00e9 approche. Et il sera parfaitement \u00e9quip\u00e9 avec des sujets consentants, transform\u00e9s en brutes par la guerre, et qui seront arm\u00e9s jusqu\u2019aux dents. Cette guerre va encaisser des gains comme nous n\u2019en avons jamais vus.&hellip;<\/p>\n","protected":false},"author":1342,"featured_media":1731433,"comment_status":"closed","ping_status":"closed","sticky":false,"template":"","format":"standard","meta":{"footnotes":""},"categories":[163,1250,93],"tags":[3431,87948,262,252,111825],"class_list":["post-1731432","post","type-post","status-publish","format-standard","has-post-thumbnail","hentry","category-opinion-fr","category-paix-desarmement","category-politique","tag-armes","tag-crime-organise","tag-democratie","tag-guerre","tag-mere-courage"],"yoast_head":"<!-- This site is optimized with the Yoast SEO plugin v27.1.1 - https:\/\/yoast.com\/product\/yoast-seo-wordpress\/ -->\n<title>La guerre, c&#039;est la guerre !<\/title>\n<meta name=\"description\" content=\"La grande heure du crime organis\u00e9 approche. Et il sera parfaitement \u00e9quip\u00e9 avec des sujets consentants, transform\u00e9s en brutes par la guerre, et qui seront\" \/>\n<meta name=\"robots\" content=\"index, follow, max-snippet:-1, max-image-preview:large, max-video-preview:-1\" \/>\n<link rel=\"canonical\" href=\"https:\/\/www.pressenza.com\/fr\/2023\/04\/la-guerre-cest-la-guerre\/\" \/>\n<meta property=\"og:locale\" content=\"fr_FR\" \/>\n<meta property=\"og:type\" content=\"article\" \/>\n<meta property=\"og:title\" content=\"La guerre, c&#039;est la guerre !\" \/>\n<meta property=\"og:description\" content=\"La grande heure du crime organis\u00e9 approche. Et il sera parfaitement \u00e9quip\u00e9 avec des sujets consentants, transform\u00e9s en brutes par la guerre, et qui seront\" \/>\n<meta property=\"og:url\" content=\"https:\/\/www.pressenza.com\/fr\/2023\/04\/la-guerre-cest-la-guerre\/\" \/>\n<meta property=\"og:site_name\" content=\"Pressenza\" \/>\n<meta property=\"article:publisher\" content=\"https:\/\/www.facebook.com\/PressenzaItalia\" \/>\n<meta property=\"article:published_time\" content=\"2023-04-06T17:00:35+00:00\" \/>\n<meta property=\"article:modified_time\" content=\"2023-04-14T09:28:35+00:00\" \/>\n<meta property=\"og:image\" content=\"https:\/\/www.pressenza.com\/wp-content\/uploads\/2023\/04\/debatt.jpg\" \/>\n\t<meta property=\"og:image:width\" content=\"1199\" \/>\n\t<meta property=\"og:image:height\" content=\"785\" \/>\n\t<meta property=\"og:image:type\" content=\"image\/jpeg\" \/>\n<meta name=\"author\" content=\"Neue Debatte\" \/>\n<meta name=\"twitter:card\" content=\"summary_large_image\" \/>\n<meta name=\"twitter:creator\" content=\"@PressenzaIPA\" \/>\n<meta name=\"twitter:site\" content=\"@PressenzaIPA\" \/>\n<meta name=\"twitter:label1\" content=\"\u00c9crit par\" \/>\n\t<meta name=\"twitter:data1\" content=\"Neue Debatte\" \/>\n\t<meta name=\"twitter:label2\" content=\"Dur\u00e9e de lecture estim\u00e9e\" \/>\n\t<meta name=\"twitter:data2\" content=\"4 minutes\" \/>\n<script type=\"application\/ld+json\" class=\"yoast-schema-graph\">{\"@context\":\"https:\/\/schema.org\",\"@graph\":[{\"@type\":\"Article\",\"@id\":\"https:\/\/www.pressenza.com\/fr\/2023\/04\/la-guerre-cest-la-guerre\/#article\",\"isPartOf\":{\"@id\":\"https:\/\/www.pressenza.com\/fr\/2023\/04\/la-guerre-cest-la-guerre\/\"},\"author\":{\"name\":\"Neue Debatte\",\"@id\":\"https:\/\/www.pressenza.com\/fr\/#\/schema\/person\/b816344ee166a2736c48a20c4b9ad2a9\"},\"headline\":\"La guerre, c&rsquo;est la guerre !\",\"datePublished\":\"2023-04-06T17:00:35+00:00\",\"dateModified\":\"2023-04-14T09:28:35+00:00\",\"mainEntityOfPage\":{\"@id\":\"https:\/\/www.pressenza.com\/fr\/2023\/04\/la-guerre-cest-la-guerre\/\"},\"wordCount\":739,\"publisher\":{\"@id\":\"https:\/\/www.pressenza.com\/fr\/#organization\"},\"image\":{\"@id\":\"https:\/\/www.pressenza.com\/fr\/2023\/04\/la-guerre-cest-la-guerre\/#primaryimage\"},\"thumbnailUrl\":\"https:\/\/www.pressenza.com\/wp-content\/uploads\/2023\/04\/debatt.jpg\",\"keywords\":[\"armes\",\"crime organis\u00e9\",\"D\u00e9mocratie\",\"guerre\",\"M\u00e8re Courage\"],\"articleSection\":[\"Opinion\",\"Paix et D\u00e9sarmement\",\"Politique\"],\"inLanguage\":\"fr-FR\"},{\"@type\":\"WebPage\",\"@id\":\"https:\/\/www.pressenza.com\/fr\/2023\/04\/la-guerre-cest-la-guerre\/\",\"url\":\"https:\/\/www.pressenza.com\/fr\/2023\/04\/la-guerre-cest-la-guerre\/\",\"name\":\"La guerre, c'est la guerre !\",\"isPartOf\":{\"@id\":\"https:\/\/www.pressenza.com\/fr\/#website\"},\"primaryImageOfPage\":{\"@id\":\"https:\/\/www.pressenza.com\/fr\/2023\/04\/la-guerre-cest-la-guerre\/#primaryimage\"},\"image\":{\"@id\":\"https:\/\/www.pressenza.com\/fr\/2023\/04\/la-guerre-cest-la-guerre\/#primaryimage\"},\"thumbnailUrl\":\"https:\/\/www.pressenza.com\/wp-content\/uploads\/2023\/04\/debatt.jpg\",\"datePublished\":\"2023-04-06T17:00:35+00:00\",\"dateModified\":\"2023-04-14T09:28:35+00:00\",\"description\":\"La grande heure du crime organis\u00e9 approche. Et il sera parfaitement \u00e9quip\u00e9 avec des sujets consentants, transform\u00e9s en brutes par la guerre, et qui seront\",\"breadcrumb\":{\"@id\":\"https:\/\/www.pressenza.com\/fr\/2023\/04\/la-guerre-cest-la-guerre\/#breadcrumb\"},\"inLanguage\":\"fr-FR\",\"potentialAction\":[{\"@type\":\"ReadAction\",\"target\":[\"https:\/\/www.pressenza.com\/fr\/2023\/04\/la-guerre-cest-la-guerre\/\"]}]},{\"@type\":\"ImageObject\",\"inLanguage\":\"fr-FR\",\"@id\":\"https:\/\/www.pressenza.com\/fr\/2023\/04\/la-guerre-cest-la-guerre\/#primaryimage\",\"url\":\"https:\/\/www.pressenza.com\/wp-content\/uploads\/2023\/04\/debatt.jpg\",\"contentUrl\":\"https:\/\/www.pressenza.com\/wp-content\/uploads\/2023\/04\/debatt.jpg\",\"width\":1199,\"height\":785},{\"@type\":\"BreadcrumbList\",\"@id\":\"https:\/\/www.pressenza.com\/fr\/2023\/04\/la-guerre-cest-la-guerre\/#breadcrumb\",\"itemListElement\":[{\"@type\":\"ListItem\",\"position\":1,\"name\":\"Accueil\",\"item\":\"https:\/\/www.pressenza.com\/fr\/\"},{\"@type\":\"ListItem\",\"position\":2,\"name\":\"La guerre, c&rsquo;est la guerre !\"}]},{\"@type\":\"WebSite\",\"@id\":\"https:\/\/www.pressenza.com\/fr\/#website\",\"url\":\"https:\/\/www.pressenza.com\/fr\/\",\"name\":\"Pressenza\",\"description\":\"International Press Agency\",\"publisher\":{\"@id\":\"https:\/\/www.pressenza.com\/fr\/#organization\"},\"potentialAction\":[{\"@type\":\"SearchAction\",\"target\":{\"@type\":\"EntryPoint\",\"urlTemplate\":\"https:\/\/www.pressenza.com\/fr\/?s={search_term_string}\"},\"query-input\":{\"@type\":\"PropertyValueSpecification\",\"valueRequired\":true,\"valueName\":\"search_term_string\"}}],\"inLanguage\":\"fr-FR\"},{\"@type\":\"Organization\",\"@id\":\"https:\/\/www.pressenza.com\/fr\/#organization\",\"name\":\"Pressenza\",\"url\":\"https:\/\/www.pressenza.com\/fr\/\",\"logo\":{\"@type\":\"ImageObject\",\"inLanguage\":\"fr-FR\",\"@id\":\"https:\/\/www.pressenza.com\/fr\/#\/schema\/logo\/image\/\",\"url\":\"https:\/\/www.pressenza.com\/wp-content\/uploads\/2022\/10\/pressenza_logo_200x200.jpg\",\"contentUrl\":\"https:\/\/www.pressenza.com\/wp-content\/uploads\/2022\/10\/pressenza_logo_200x200.jpg\",\"width\":200,\"height\":200,\"caption\":\"Pressenza\"},\"image\":{\"@id\":\"https:\/\/www.pressenza.com\/fr\/#\/schema\/logo\/image\/\"},\"sameAs\":[\"https:\/\/www.facebook.com\/PressenzaItalia\",\"https:\/\/x.com\/PressenzaIPA\"]},{\"@type\":\"Person\",\"@id\":\"https:\/\/www.pressenza.com\/fr\/#\/schema\/person\/b816344ee166a2736c48a20c4b9ad2a9\",\"name\":\"Neue Debatte\",\"description\":\"Magazin f\u00fcr Menschen, Kultur und Gesellschaft www.neue-debatte.de\",\"url\":\"https:\/\/www.pressenza.com\/fr\/author\/neue-debatte\/\"}]}<\/script>\n<!-- \/ Yoast SEO plugin. -->","yoast_head_json":{"title":"La guerre, c'est la guerre !","description":"La grande heure du crime organis\u00e9 approche. Et il sera parfaitement \u00e9quip\u00e9 avec des sujets consentants, transform\u00e9s en brutes par la guerre, et qui seront","robots":{"index":"index","follow":"follow","max-snippet":"max-snippet:-1","max-image-preview":"max-image-preview:large","max-video-preview":"max-video-preview:-1"},"canonical":"https:\/\/www.pressenza.com\/fr\/2023\/04\/la-guerre-cest-la-guerre\/","og_locale":"fr_FR","og_type":"article","og_title":"La guerre, c'est la guerre !","og_description":"La grande heure du crime organis\u00e9 approche. Et il sera parfaitement \u00e9quip\u00e9 avec des sujets consentants, transform\u00e9s en brutes par la guerre, et qui seront","og_url":"https:\/\/www.pressenza.com\/fr\/2023\/04\/la-guerre-cest-la-guerre\/","og_site_name":"Pressenza","article_publisher":"https:\/\/www.facebook.com\/PressenzaItalia","article_published_time":"2023-04-06T17:00:35+00:00","article_modified_time":"2023-04-14T09:28:35+00:00","og_image":[{"width":1199,"height":785,"url":"https:\/\/www.pressenza.com\/wp-content\/uploads\/2023\/04\/debatt.jpg","type":"image\/jpeg"}],"author":"Neue Debatte","twitter_card":"summary_large_image","twitter_creator":"@PressenzaIPA","twitter_site":"@PressenzaIPA","twitter_misc":{"\u00c9crit par":"Neue Debatte","Dur\u00e9e de lecture estim\u00e9e":"4 minutes"},"schema":{"@context":"https:\/\/schema.org","@graph":[{"@type":"Article","@id":"https:\/\/www.pressenza.com\/fr\/2023\/04\/la-guerre-cest-la-guerre\/#article","isPartOf":{"@id":"https:\/\/www.pressenza.com\/fr\/2023\/04\/la-guerre-cest-la-guerre\/"},"author":{"name":"Neue Debatte","@id":"https:\/\/www.pressenza.com\/fr\/#\/schema\/person\/b816344ee166a2736c48a20c4b9ad2a9"},"headline":"La guerre, c&rsquo;est la guerre !","datePublished":"2023-04-06T17:00:35+00:00","dateModified":"2023-04-14T09:28:35+00:00","mainEntityOfPage":{"@id":"https:\/\/www.pressenza.com\/fr\/2023\/04\/la-guerre-cest-la-guerre\/"},"wordCount":739,"publisher":{"@id":"https:\/\/www.pressenza.com\/fr\/#organization"},"image":{"@id":"https:\/\/www.pressenza.com\/fr\/2023\/04\/la-guerre-cest-la-guerre\/#primaryimage"},"thumbnailUrl":"https:\/\/www.pressenza.com\/wp-content\/uploads\/2023\/04\/debatt.jpg","keywords":["armes","crime organis\u00e9","D\u00e9mocratie","guerre","M\u00e8re Courage"],"articleSection":["Opinion","Paix et D\u00e9sarmement","Politique"],"inLanguage":"fr-FR"},{"@type":"WebPage","@id":"https:\/\/www.pressenza.com\/fr\/2023\/04\/la-guerre-cest-la-guerre\/","url":"https:\/\/www.pressenza.com\/fr\/2023\/04\/la-guerre-cest-la-guerre\/","name":"La guerre, c'est la guerre !","isPartOf":{"@id":"https:\/\/www.pressenza.com\/fr\/#website"},"primaryImageOfPage":{"@id":"https:\/\/www.pressenza.com\/fr\/2023\/04\/la-guerre-cest-la-guerre\/#primaryimage"},"image":{"@id":"https:\/\/www.pressenza.com\/fr\/2023\/04\/la-guerre-cest-la-guerre\/#primaryimage"},"thumbnailUrl":"https:\/\/www.pressenza.com\/wp-content\/uploads\/2023\/04\/debatt.jpg","datePublished":"2023-04-06T17:00:35+00:00","dateModified":"2023-04-14T09:28:35+00:00","description":"La grande heure du crime organis\u00e9 approche. Et il sera parfaitement \u00e9quip\u00e9 avec des sujets consentants, transform\u00e9s en brutes par la guerre, et qui seront","breadcrumb":{"@id":"https:\/\/www.pressenza.com\/fr\/2023\/04\/la-guerre-cest-la-guerre\/#breadcrumb"},"inLanguage":"fr-FR","potentialAction":[{"@type":"ReadAction","target":["https:\/\/www.pressenza.com\/fr\/2023\/04\/la-guerre-cest-la-guerre\/"]}]},{"@type":"ImageObject","inLanguage":"fr-FR","@id":"https:\/\/www.pressenza.com\/fr\/2023\/04\/la-guerre-cest-la-guerre\/#primaryimage","url":"https:\/\/www.pressenza.com\/wp-content\/uploads\/2023\/04\/debatt.jpg","contentUrl":"https:\/\/www.pressenza.com\/wp-content\/uploads\/2023\/04\/debatt.jpg","width":1199,"height":785},{"@type":"BreadcrumbList","@id":"https:\/\/www.pressenza.com\/fr\/2023\/04\/la-guerre-cest-la-guerre\/#breadcrumb","itemListElement":[{"@type":"ListItem","position":1,"name":"Accueil","item":"https:\/\/www.pressenza.com\/fr\/"},{"@type":"ListItem","position":2,"name":"La guerre, c&rsquo;est la guerre !"}]},{"@type":"WebSite","@id":"https:\/\/www.pressenza.com\/fr\/#website","url":"https:\/\/www.pressenza.com\/fr\/","name":"Pressenza","description":"International Press Agency","publisher":{"@id":"https:\/\/www.pressenza.com\/fr\/#organization"},"potentialAction":[{"@type":"SearchAction","target":{"@type":"EntryPoint","urlTemplate":"https:\/\/www.pressenza.com\/fr\/?s={search_term_string}"},"query-input":{"@type":"PropertyValueSpecification","valueRequired":true,"valueName":"search_term_string"}}],"inLanguage":"fr-FR"},{"@type":"Organization","@id":"https:\/\/www.pressenza.com\/fr\/#organization","name":"Pressenza","url":"https:\/\/www.pressenza.com\/fr\/","logo":{"@type":"ImageObject","inLanguage":"fr-FR","@id":"https:\/\/www.pressenza.com\/fr\/#\/schema\/logo\/image\/","url":"https:\/\/www.pressenza.com\/wp-content\/uploads\/2022\/10\/pressenza_logo_200x200.jpg","contentUrl":"https:\/\/www.pressenza.com\/wp-content\/uploads\/2022\/10\/pressenza_logo_200x200.jpg","width":200,"height":200,"caption":"Pressenza"},"image":{"@id":"https:\/\/www.pressenza.com\/fr\/#\/schema\/logo\/image\/"},"sameAs":["https:\/\/www.facebook.com\/PressenzaItalia","https:\/\/x.com\/PressenzaIPA"]},{"@type":"Person","@id":"https:\/\/www.pressenza.com\/fr\/#\/schema\/person\/b816344ee166a2736c48a20c4b9ad2a9","name":"Neue Debatte","description":"Magazin f\u00fcr Menschen, Kultur und Gesellschaft www.neue-debatte.de","url":"https:\/\/www.pressenza.com\/fr\/author\/neue-debatte\/"}]}},"place":"Gerhard Mersmann","original_article_url":"","_links":{"self":[{"href":"https:\/\/www.pressenza.com\/fr\/wp-json\/wp\/v2\/posts\/1731432","targetHints":{"allow":["GET"]}}],"collection":[{"href":"https:\/\/www.pressenza.com\/fr\/wp-json\/wp\/v2\/posts"}],"about":[{"href":"https:\/\/www.pressenza.com\/fr\/wp-json\/wp\/v2\/types\/post"}],"author":[{"embeddable":true,"href":"https:\/\/www.pressenza.com\/fr\/wp-json\/wp\/v2\/users\/1342"}],"replies":[{"embeddable":true,"href":"https:\/\/www.pressenza.com\/fr\/wp-json\/wp\/v2\/comments?post=1731432"}],"version-history":[{"count":0,"href":"https:\/\/www.pressenza.com\/fr\/wp-json\/wp\/v2\/posts\/1731432\/revisions"}],"wp:featuredmedia":[{"embeddable":true,"href":"https:\/\/www.pressenza.com\/fr\/wp-json\/wp\/v2\/media\/1731433"}],"wp:attachment":[{"href":"https:\/\/www.pressenza.com\/fr\/wp-json\/wp\/v2\/media?parent=1731432"}],"wp:term":[{"taxonomy":"category","embeddable":true,"href":"https:\/\/www.pressenza.com\/fr\/wp-json\/wp\/v2\/categories?post=1731432"},{"taxonomy":"post_tag","embeddable":true,"href":"https:\/\/www.pressenza.com\/fr\/wp-json\/wp\/v2\/tags?post=1731432"}],"curies":[{"name":"wp","href":"https:\/\/api.w.org\/{rel}","templated":true}]}}