{"id":1729046,"date":"2023-03-30T15:17:27","date_gmt":"2023-03-30T14:17:27","guid":{"rendered":"https:\/\/www.pressenza.com\/?p=1729046"},"modified":"2023-03-30T15:17:27","modified_gmt":"2023-03-30T14:17:27","slug":"stella-moris-assange-retourner-les-projecteurs-sur-les-etats-unis","status":"publish","type":"post","link":"https:\/\/www.pressenza.com\/fr\/2023\/03\/stella-moris-assange-retourner-les-projecteurs-sur-les-etats-unis\/","title":{"rendered":"Stella Moris Assange : Retourner les projecteurs sur les \u00c9tats-Unis"},"content":{"rendered":"<p>Il y a quelques semaines, Stella Moris Assange, avocate et partenaire de Julian Assange, est venue en Gr\u00e8ce. L&rsquo;occasion \u00e9tait la projection du documentaire \u00ab\u00a0Ithaca &#8211; la bataille pour la lib\u00e9ration de Julian Assange\u00a0\u00bb au Festival international du film de Thessalonique et \u00e0 la projection sp\u00e9ciale organis\u00e9e \u00e0 Ath\u00e8nes par metta Center for Post-Capitalist Culture (Centre pour la culture post-capitaliste). Apr\u00e8s tout, ce documentaire a \u00e9t\u00e9 cr\u00e9\u00e9 pr\u00e9cis\u00e9ment pour cette raison : \u00eatre un \u00ab\u00a0v\u00e9hicule\u00a0\u00bb avec lequel John Shipton, le p\u00e8re de Julian, et Stella parcourront le monde pour transmettre l&rsquo;histoire du journaliste et activiste qui est pers\u00e9cut\u00e9 simplement pour avoir fait conna\u00eetre au monde la v\u00e9rit\u00e9 sur les crimes de guerre commis par les \u00c9tats-Unis.<\/p>\n<p>Pendant les quelques heures que Stella Assange est pass\u00e9e \u00e0 Ath\u00e8nes, elle a accept\u00e9 d&rsquo;\u00eatre interview\u00e9e. Toutes nos \u00e9quipes \u00e9ditoriales ont soutenu Julian depuis le d\u00e9but. L&rsquo;\u00e9quipe italienne a r\u00e9cemment coordonn\u00e9 deux \u00e9v\u00e9nements majeurs de sensibilisation du public. Stella Assange a parl\u00e9 du r\u00f4le des mouvements sociaux aujourd&rsquo;hui, de la n\u00e9cessit\u00e9 de d\u00e9tourner les projecteurs de Julian vers les \u00c9tats-Unis, la CIA et les crimes de guerre r\u00e9v\u00e9l\u00e9s par Wikileaks, et a partag\u00e9 avec nous les rep\u00e8res dont elle se nourrit. L&rsquo;entretien a \u00e9t\u00e9 r\u00e9alis\u00e9 par Mariannella Kloka. Le montage a \u00e9t\u00e9 r\u00e9alis\u00e9 par Christina Anna Dafni.<\/p>\n<p><i>Pour voir la vid\u00e9o ( 8\u2032 10\u2032\u2032 ) avec les sous-titres en fran\u00e7ais sur un ordinateur : <b>1.<\/b>\u00a0Cliquez sur l\u2019ic\u00f4ne\u00a0<b>Sous-titres\u00a0<\/b>(rectangle blanc en bas \u00e0 droite de la fen\u00eatre du lecteur vid\u00e9o).\u00a0 \u00a0<b>2.<\/b>\u00a0Cliquez sur l\u2019ic\u00f4ne\u00a0<b>Param\u00e8tres\u00a0<\/b>(roue dent\u00e9e\u00a0en bas \u00e0 droite), puis cliquez\u00a0successivement sur\u00a0<b>Sous-titres<\/b>, puis sur\u00a0<b>Traduire automatiquement<\/b>.\u00a0\u00a0\u00a0\u00a0<b>3.<\/b>\u00a0Dans la fen\u00eatre qui s\u2019ouvre, faites d\u00e9filer la liste des langues et cliquez sur\u00a0<b>Fran\u00e7ais<\/b>.<\/i><\/p>\n<p><iframe loading=\"lazy\" title=\"Stella Morris Assange: turning the spotlight back on the US\" width=\"500\" height=\"281\" src=\"https:\/\/www.youtube.com\/embed\/wBik-sfMA3Q?feature=oembed\" frameborder=\"0\" allow=\"accelerometer; autoplay; clipboard-write; encrypted-media; gyroscope; picture-in-picture; web-share\" referrerpolicy=\"strict-origin-when-cross-origin\" allowfullscreen><\/iframe><\/p>\n<p><strong>Transcription<\/strong><\/p>\n<p>Je pense que les mouvements sociaux doivent constamment se r\u00e9inventer et se rapprocher de l&rsquo;individu.<\/p>\n<p>\u00c9viter de devenir trop unique, trop concentr\u00e9. Construire la solidarit\u00e9 l\u00e0 o\u00f9 elle a du sens. Vous savez, pas, pas, pas pour le&#8230;mmmmm. Oui, construire la solidarit\u00e9 pour le plaisir de construire la solidarit\u00e9, mais aussi trouver des points d&rsquo;int\u00e9r\u00eat commun l\u00e0 o\u00f9 les mouvements peuvent se chevaucher. Il ne s\u2019agit pas d\u2019un jeu \u00e0 somme nulle selon lequel il y a une force dans le fait que des personnes appartenant \u00e0 des mouvements diff\u00e9rents soient actives dans des domaines diff\u00e9rents. Cette connaissance est extr\u00eamement pr\u00e9cieuse parce qu&rsquo;elle s&rsquo;\u00e9tend au-del\u00e0 d&rsquo;un certain groupe. Je pense que c\u2019est ce qui s\u2019est pass\u00e9 avec le cas de Julian, je pense que cela se passe de plus en plus ; par exemple, les personnes qui se pr\u00e9occupent de l&rsquo;environnement s&rsquo;int\u00e9ressent d\u00e9sormais \u00e0 ce que WikiLeaks a publi\u00e9 sur l&rsquo;environnement, et les int\u00e9r\u00eats qui r\u00e9duisent Julian au silence et le pers\u00e9cutent sont souvent les m\u00eames que ceux qui tentent de r\u00e9duire au silence l&rsquo;activisme qui attire l&rsquo;attention sur l&rsquo;environnement.<\/p>\n<p>Il en va de m\u00eame pour d&rsquo;autres questions ; si les groupes puissants consid\u00e8rent leurs int\u00e9r\u00eats touch\u00e9s par des activistes travaillant sur l\u2019environnement, ou par l\u2019aust\u00e9rit\u00e9, ou par quoi que ce soit. Mais ce sont les m\u00eames personnes puissantes qui essaient de faire taire Julian pour les m\u00eames raisons.<\/p>\n<p>Il est vraiment important de comprendre que parfois le cadre, la structure est tordue en faveur de l&rsquo;autre camp. Par exemple, Julian a d\u00fb se battre dans cette affaire en tant que personne pers\u00e9cut\u00e9e et poursuivie et il a donc d\u00fb se battre en tant qu\u2019accus\u00e9. Et puis on se bat toujours depuis le bas.<\/p>\n<p>Mais une innovation int\u00e9ressante a \u00e9t\u00e9 utilis\u00e9e par le Tribunal Russell et le Tribunal Belmarsh, utilis\u00e9e dans le cas de Julian par ceux qui s&rsquo;opposent \u00e0 ses poursuites et \u00e0 son proc\u00e8s. Il s&rsquo;agit d&rsquo;utiliser le m\u00eame format contre ceux qui poursuivent Julian. Mais le Tribunal Russell et le Tribunal Belmarsh ont introduit une innovation int\u00e9ressante qui a \u00e9t\u00e9 utilis\u00e9e, dans le cas de Julian, par ceux qui s&rsquo;opposent \u00e0 sa pers\u00e9cution et ceux qui le soutiennent. C&rsquo;est-\u00e0-dire qu&rsquo;ils utilisent le m\u00eame format : ils font passer en jugement ceux qui veulent faire passer Julian en jugement.<\/p>\n<p>C\u2019est un format tr\u00e8s puissant parce qu\u2019il les met EUX sur la sellette. Et&#8230; et c\u2019est crucial pour l\u2019opinion publique. Je pense que c&rsquo;est le type, le genre d&rsquo;approche cr\u00e9ative qui est vraiment utile pour les activistes. Ils doivent toujours r\u00e9inventer, \u00eatre cr\u00e9atifs et r\u00e9fl\u00e9chir \u00e0 la mani\u00e8re d&rsquo;utiliser \u00e0 l\u2019inverse les outils qui sont parfois utilis\u00e9s contre eux. Lorsque WikiLeaks a publi\u00e9 les journaux de la guerre d&rsquo;Irak et de la guerre d&rsquo;Afghanistan, qu&rsquo;a fait le gouvernement am\u00e9ricain ? Il a cess\u00e9 de parler du contenu des carnets de guerre. Ils ont d\u00e9plac\u00e9 le d\u00e9bat en accusant Julian et WikiLeaks de choses absurdes qui n&rsquo;avaient aucun fondement. Mais ils ont ensuite d\u00e9tourn\u00e9 le d\u00e9bat loin des crimes de guerre, des ex\u00e9cutions extrajudiciaires, les meurtres de 15 000 civils en Irak.<\/p>\n<p>Des choses tr\u00e8s sp\u00e9cifiques qui avaient \u00e9t\u00e9 r\u00e9v\u00e9l\u00e9es par WikiLeaks n&rsquo;ont plus \u00e9t\u00e9 \u00e9voqu\u00e9es parce que les \u00c9tats-Unis ont mis Julian et WikiLeaks sur la sellette.<\/p>\n<p>Ils ont d\u00e9tourn\u00e9 le d\u00e9bat loin d&rsquo;eux-m\u00eames et vers l&rsquo;\u00e9diteur. C&rsquo;est une astuce bien connue, n&rsquo;est-ce pas ? Vous essayez de tuer le messager et vous d\u00e9tournez l&rsquo;attention de ce qui a \u00e9t\u00e9 publi\u00e9. Je pense donc qu\u2019il est important d&rsquo;analyser ces m\u00e9thodes, les m\u00e9thodes utilis\u00e9es par l&rsquo;autre partie, de les comprendre et de comprendre comment elles sont utilis\u00e9es, comment elles sont d\u00e9ploy\u00e9es. Que signifie le fait que la CIA refuse de confirmer ou d\u2019infirmer ?<\/p>\n<p>Qu&rsquo;est-ce que cela signifie lorsqu&rsquo;elle a un&#8230; Quand leur position est de nier, de contre-attaquer.<\/p>\n<p>Ils ont certaines m\u00e9thodes qu&rsquo;il est tr\u00e8s important de comprendre, surtout si vous \u00eates un activiste, pour comprendre ce \u00e0 quoi vous \u00eates confront\u00e9, parce qu&rsquo;il y a un manuel de jeu tel que si vous vous lancez dans l&rsquo;activisme, sans comprendre les r\u00e8gles du jeu de l&rsquo;autre camp, vous \u00eates d\u00e9savantag\u00e9. Ce n&rsquo;est pas comme si c&rsquo;\u00e9tait un grand myst\u00e8re. C&rsquo;est assez bien connu, comme l&rsquo;utilisation de personnes susceptibles d&rsquo;infiltrer le mouvement ou d&rsquo;introduire le chaos dans la manifestation et ce genre de choses.<\/p>\n<p>Ce sont des choses auxquelles les gens doivent faire attention.<\/p>\n<p>Et si vous voulez \u00eatre efficace, vous devez \u00eatre conscient de toutes ces choses.<\/p>\n<p>Pendant toutes ces ann\u00e9es o\u00f9 je me suis battu pour que Julian revienne&#8230;<\/p>\n<p>J&rsquo;ai beaucoup r\u00e9fl\u00e9chi \u00e0 l&rsquo;id\u00e9e de l&rsquo;espoir, et je ne pense pas que l&rsquo;espoir soit une id\u00e9e assez compl\u00e8te pour motiver quelqu&rsquo;un parce que, d&rsquo;une certaine mani\u00e8re, c&rsquo;est un peu passif et il faut plus que de l&rsquo;espoir pour se battre pour ce que l&rsquo;on veut.<\/p>\n<p>Cela implique d&rsquo;essayer de faire tout ce que l&rsquo;on peut pour que l&rsquo;objectif devienne r\u00e9alit\u00e9. C&rsquo;est quelque chose que je pense s&rsquo;applique \u00e0 tout dans la vie, m\u00eame lorsqu&rsquo;il ne s&rsquo;agit pas d&rsquo;une situation si extr\u00eame que l&rsquo;espoir peut devenir une mal\u00e9diction s&rsquo;il d\u00e9mobilise et que l&rsquo;on a besoin de beaucoup plus. Il faut avoir une id\u00e9e claire de ce que l&rsquo;on veut. Dans mon cas, c&rsquo;est facile. Je veux juste que Julian rentre \u00e0 la maison et je veux qu&rsquo;il rentre \u00e0 la maison tout de suite. Mais il y a aussi comment y arriver et quels sont les obstacles sur votre chemin. Et vous pouvez&#8230; Je pense qu&rsquo;il est important de ne pas \u00eatre cynique, mais aussi de ne pas \u00eatre exclusif, de comprendre qu&rsquo;il y a de nombreux amis et alli\u00e9s potentiels, que les personnes qui voient les choses de votre point de vue ne sont pas les seules \u00e0 pouvoir \u00eatre vos alli\u00e9s et vos amis. C&rsquo;est l&rsquo;occasion de construire des ponts et il y a en fait beaucoup de bonne volont\u00e9 et beaucoup de gens bienveillants qui sont pr\u00eats \u00e0 faire ce qu&rsquo;il faut s&rsquo;ils comprennent de quoi il s&rsquo;agit.<\/p>\n<p>&nbsp;<\/p>\n<p><em>Transcription et traduction par Evelyn Tischer<\/em><\/p>\n","protected":false},"excerpt":{"rendered":"<p>Il y a quelques semaines, Stella Moris Assange, avocate et partenaire de Julian Assange, est venue en Gr\u00e8ce. L&rsquo;occasion \u00e9tait la projection du documentaire \u00ab\u00a0Ithaca &#8211; la bataille pour la lib\u00e9ration de Julian Assange\u00a0\u00bb au Festival international du film de&hellip;<\/p>\n","protected":false},"author":1220,"featured_media":1729049,"comment_status":"closed","ping_status":"closed","sticky":false,"template":"","format":"standard","meta":{"footnotes":""},"categories":[11386,94,98,40,156,93],"tags":[312,1203,3524,111615],"class_list":["post-1729046","post","type-post","status-publish","format-standard","has-post-thumbnail","hentry","category-contenu-original","category-culture-fr","category-droits-de-lhomme","category-international-fr","category-interview-fr","category-politique","tag-etats-unis","tag-irak-fr","tag-julian-assange-fr","tag-stella-morris-assange-fr"],"yoast_head":"<!-- This site is optimized with the Yoast SEO plugin v27.1.1 - https:\/\/yoast.com\/product\/yoast-seo-wordpress\/ -->\n<title>Stella Moris Assange : Retourner les projecteurs sur les \u00c9tats-Unis<\/title>\n<meta name=\"description\" content=\"Il y a quelques semaines, Stella Moris Assange, avocate et partenaire de Julian Assange, est venue en Gr\u00e8ce. L&#039;occasion \u00e9tait la projection du\" \/>\n<meta name=\"robots\" content=\"index, follow, max-snippet:-1, max-image-preview:large, max-video-preview:-1\" \/>\n<link rel=\"canonical\" href=\"https:\/\/www.pressenza.com\/fr\/2023\/03\/stella-moris-assange-retourner-les-projecteurs-sur-les-etats-unis\/\" \/>\n<meta property=\"og:locale\" content=\"fr_FR\" \/>\n<meta property=\"og:type\" content=\"article\" \/>\n<meta property=\"og:title\" content=\"Stella Moris Assange : Retourner les projecteurs sur les \u00c9tats-Unis\" \/>\n<meta property=\"og:description\" content=\"Il y a quelques semaines, Stella Moris Assange, avocate et partenaire de Julian Assange, est venue en Gr\u00e8ce. L&#039;occasion \u00e9tait la projection du\" \/>\n<meta property=\"og:url\" content=\"https:\/\/www.pressenza.com\/fr\/2023\/03\/stella-moris-assange-retourner-les-projecteurs-sur-les-etats-unis\/\" \/>\n<meta property=\"og:site_name\" content=\"Pressenza\" \/>\n<meta property=\"article:publisher\" content=\"https:\/\/www.facebook.com\/PressenzaItalia\" \/>\n<meta property=\"article:author\" content=\"https:\/\/www.facebook.com\/pressenzagr\/\" \/>\n<meta property=\"article:published_time\" content=\"2023-03-30T14:17:27+00:00\" \/>\n<meta property=\"og:image\" content=\"https:\/\/www.pressenza.com\/wp-content\/uploads\/2023\/03\/stella-moris-assange.png\" \/>\n\t<meta property=\"og:image:width\" content=\"1920\" \/>\n\t<meta property=\"og:image:height\" content=\"1080\" \/>\n\t<meta property=\"og:image:type\" content=\"image\/png\" \/>\n<meta name=\"author\" content=\"Pressenza Athens\" \/>\n<meta name=\"twitter:card\" content=\"summary_large_image\" \/>\n<meta name=\"twitter:creator\" content=\"@Pressenza_ath\" \/>\n<meta name=\"twitter:site\" content=\"@PressenzaIPA\" \/>\n<meta name=\"twitter:label1\" content=\"\u00c9crit par\" \/>\n\t<meta name=\"twitter:data1\" content=\"Pressenza Athens\" \/>\n\t<meta name=\"twitter:label2\" content=\"Dur\u00e9e de lecture estim\u00e9e\" \/>\n\t<meta name=\"twitter:data2\" content=\"7 minutes\" \/>\n<script type=\"application\/ld+json\" class=\"yoast-schema-graph\">{\"@context\":\"https:\/\/schema.org\",\"@graph\":[{\"@type\":\"Article\",\"@id\":\"https:\/\/www.pressenza.com\/fr\/2023\/03\/stella-moris-assange-retourner-les-projecteurs-sur-les-etats-unis\/#article\",\"isPartOf\":{\"@id\":\"https:\/\/www.pressenza.com\/fr\/2023\/03\/stella-moris-assange-retourner-les-projecteurs-sur-les-etats-unis\/\"},\"author\":{\"name\":\"Pressenza Athens\",\"@id\":\"https:\/\/www.pressenza.com\/fr\/#\/schema\/person\/9eae8d7f0aad5ec6a7f6f21ec94480fb\"},\"headline\":\"Stella Moris Assange : Retourner les projecteurs sur les \u00c9tats-Unis\",\"datePublished\":\"2023-03-30T14:17:27+00:00\",\"mainEntityOfPage\":{\"@id\":\"https:\/\/www.pressenza.com\/fr\/2023\/03\/stella-moris-assange-retourner-les-projecteurs-sur-les-etats-unis\/\"},\"wordCount\":1486,\"publisher\":{\"@id\":\"https:\/\/www.pressenza.com\/fr\/#organization\"},\"image\":{\"@id\":\"https:\/\/www.pressenza.com\/fr\/2023\/03\/stella-moris-assange-retourner-les-projecteurs-sur-les-etats-unis\/#primaryimage\"},\"thumbnailUrl\":\"https:\/\/www.pressenza.com\/wp-content\/uploads\/2023\/03\/stella-moris-assange.png\",\"keywords\":[\"\u00c9tats-Unis\",\"Irak\",\"Julian Assange\",\"Stella Morris Assange\"],\"articleSection\":[\"Contenu Original\",\"Culture et M\u00e9dias\",\"Droits humains\",\"International\",\"Interviews\",\"Politique\"],\"inLanguage\":\"fr-FR\"},{\"@type\":\"WebPage\",\"@id\":\"https:\/\/www.pressenza.com\/fr\/2023\/03\/stella-moris-assange-retourner-les-projecteurs-sur-les-etats-unis\/\",\"url\":\"https:\/\/www.pressenza.com\/fr\/2023\/03\/stella-moris-assange-retourner-les-projecteurs-sur-les-etats-unis\/\",\"name\":\"Stella Moris Assange : Retourner les projecteurs sur les \u00c9tats-Unis\",\"isPartOf\":{\"@id\":\"https:\/\/www.pressenza.com\/fr\/#website\"},\"primaryImageOfPage\":{\"@id\":\"https:\/\/www.pressenza.com\/fr\/2023\/03\/stella-moris-assange-retourner-les-projecteurs-sur-les-etats-unis\/#primaryimage\"},\"image\":{\"@id\":\"https:\/\/www.pressenza.com\/fr\/2023\/03\/stella-moris-assange-retourner-les-projecteurs-sur-les-etats-unis\/#primaryimage\"},\"thumbnailUrl\":\"https:\/\/www.pressenza.com\/wp-content\/uploads\/2023\/03\/stella-moris-assange.png\",\"datePublished\":\"2023-03-30T14:17:27+00:00\",\"description\":\"Il y a quelques semaines, Stella Moris Assange, avocate et partenaire de Julian Assange, est venue en Gr\u00e8ce. L'occasion \u00e9tait la projection du\",\"breadcrumb\":{\"@id\":\"https:\/\/www.pressenza.com\/fr\/2023\/03\/stella-moris-assange-retourner-les-projecteurs-sur-les-etats-unis\/#breadcrumb\"},\"inLanguage\":\"fr-FR\",\"potentialAction\":[{\"@type\":\"ReadAction\",\"target\":[\"https:\/\/www.pressenza.com\/fr\/2023\/03\/stella-moris-assange-retourner-les-projecteurs-sur-les-etats-unis\/\"]}]},{\"@type\":\"ImageObject\",\"inLanguage\":\"fr-FR\",\"@id\":\"https:\/\/www.pressenza.com\/fr\/2023\/03\/stella-moris-assange-retourner-les-projecteurs-sur-les-etats-unis\/#primaryimage\",\"url\":\"https:\/\/www.pressenza.com\/wp-content\/uploads\/2023\/03\/stella-moris-assange.png\",\"contentUrl\":\"https:\/\/www.pressenza.com\/wp-content\/uploads\/2023\/03\/stella-moris-assange.png\",\"width\":1920,\"height\":1080,\"caption\":\"Stella Morris Assange\"},{\"@type\":\"BreadcrumbList\",\"@id\":\"https:\/\/www.pressenza.com\/fr\/2023\/03\/stella-moris-assange-retourner-les-projecteurs-sur-les-etats-unis\/#breadcrumb\",\"itemListElement\":[{\"@type\":\"ListItem\",\"position\":1,\"name\":\"Accueil\",\"item\":\"https:\/\/www.pressenza.com\/fr\/\"},{\"@type\":\"ListItem\",\"position\":2,\"name\":\"Stella Moris Assange : Retourner les projecteurs sur les \u00c9tats-Unis\"}]},{\"@type\":\"WebSite\",\"@id\":\"https:\/\/www.pressenza.com\/fr\/#website\",\"url\":\"https:\/\/www.pressenza.com\/fr\/\",\"name\":\"Pressenza\",\"description\":\"International Press Agency\",\"publisher\":{\"@id\":\"https:\/\/www.pressenza.com\/fr\/#organization\"},\"potentialAction\":[{\"@type\":\"SearchAction\",\"target\":{\"@type\":\"EntryPoint\",\"urlTemplate\":\"https:\/\/www.pressenza.com\/fr\/?s={search_term_string}\"},\"query-input\":{\"@type\":\"PropertyValueSpecification\",\"valueRequired\":true,\"valueName\":\"search_term_string\"}}],\"inLanguage\":\"fr-FR\"},{\"@type\":\"Organization\",\"@id\":\"https:\/\/www.pressenza.com\/fr\/#organization\",\"name\":\"Pressenza\",\"url\":\"https:\/\/www.pressenza.com\/fr\/\",\"logo\":{\"@type\":\"ImageObject\",\"inLanguage\":\"fr-FR\",\"@id\":\"https:\/\/www.pressenza.com\/fr\/#\/schema\/logo\/image\/\",\"url\":\"https:\/\/www.pressenza.com\/wp-content\/uploads\/2022\/10\/pressenza_logo_200x200.jpg\",\"contentUrl\":\"https:\/\/www.pressenza.com\/wp-content\/uploads\/2022\/10\/pressenza_logo_200x200.jpg\",\"width\":200,\"height\":200,\"caption\":\"Pressenza\"},\"image\":{\"@id\":\"https:\/\/www.pressenza.com\/fr\/#\/schema\/logo\/image\/\"},\"sameAs\":[\"https:\/\/www.facebook.com\/PressenzaItalia\",\"https:\/\/x.com\/PressenzaIPA\"]},{\"@type\":\"Person\",\"@id\":\"https:\/\/www.pressenza.com\/fr\/#\/schema\/person\/9eae8d7f0aad5ec6a7f6f21ec94480fb\",\"name\":\"Pressenza Athens\",\"description\":\"News from the Pressenza Bureau in Athens, Greece\",\"sameAs\":[\"https:\/\/www.facebook.com\/pressenzagr\/\",\"https:\/\/x.com\/Pressenza_ath\"],\"url\":\"https:\/\/www.pressenza.com\/fr\/author\/pressenza-athens\/\"}]}<\/script>\n<!-- \/ Yoast SEO plugin. -->","yoast_head_json":{"title":"Stella Moris Assange : Retourner les projecteurs sur les \u00c9tats-Unis","description":"Il y a quelques semaines, Stella Moris Assange, avocate et partenaire de Julian Assange, est venue en Gr\u00e8ce. L'occasion \u00e9tait la projection du","robots":{"index":"index","follow":"follow","max-snippet":"max-snippet:-1","max-image-preview":"max-image-preview:large","max-video-preview":"max-video-preview:-1"},"canonical":"https:\/\/www.pressenza.com\/fr\/2023\/03\/stella-moris-assange-retourner-les-projecteurs-sur-les-etats-unis\/","og_locale":"fr_FR","og_type":"article","og_title":"Stella Moris Assange : Retourner les projecteurs sur les \u00c9tats-Unis","og_description":"Il y a quelques semaines, Stella Moris Assange, avocate et partenaire de Julian Assange, est venue en Gr\u00e8ce. L'occasion \u00e9tait la projection du","og_url":"https:\/\/www.pressenza.com\/fr\/2023\/03\/stella-moris-assange-retourner-les-projecteurs-sur-les-etats-unis\/","og_site_name":"Pressenza","article_publisher":"https:\/\/www.facebook.com\/PressenzaItalia","article_author":"https:\/\/www.facebook.com\/pressenzagr\/","article_published_time":"2023-03-30T14:17:27+00:00","og_image":[{"width":1920,"height":1080,"url":"https:\/\/www.pressenza.com\/wp-content\/uploads\/2023\/03\/stella-moris-assange.png","type":"image\/png"}],"author":"Pressenza Athens","twitter_card":"summary_large_image","twitter_creator":"@Pressenza_ath","twitter_site":"@PressenzaIPA","twitter_misc":{"\u00c9crit par":"Pressenza Athens","Dur\u00e9e de lecture estim\u00e9e":"7 minutes"},"schema":{"@context":"https:\/\/schema.org","@graph":[{"@type":"Article","@id":"https:\/\/www.pressenza.com\/fr\/2023\/03\/stella-moris-assange-retourner-les-projecteurs-sur-les-etats-unis\/#article","isPartOf":{"@id":"https:\/\/www.pressenza.com\/fr\/2023\/03\/stella-moris-assange-retourner-les-projecteurs-sur-les-etats-unis\/"},"author":{"name":"Pressenza Athens","@id":"https:\/\/www.pressenza.com\/fr\/#\/schema\/person\/9eae8d7f0aad5ec6a7f6f21ec94480fb"},"headline":"Stella Moris Assange : Retourner les projecteurs sur les \u00c9tats-Unis","datePublished":"2023-03-30T14:17:27+00:00","mainEntityOfPage":{"@id":"https:\/\/www.pressenza.com\/fr\/2023\/03\/stella-moris-assange-retourner-les-projecteurs-sur-les-etats-unis\/"},"wordCount":1486,"publisher":{"@id":"https:\/\/www.pressenza.com\/fr\/#organization"},"image":{"@id":"https:\/\/www.pressenza.com\/fr\/2023\/03\/stella-moris-assange-retourner-les-projecteurs-sur-les-etats-unis\/#primaryimage"},"thumbnailUrl":"https:\/\/www.pressenza.com\/wp-content\/uploads\/2023\/03\/stella-moris-assange.png","keywords":["\u00c9tats-Unis","Irak","Julian Assange","Stella Morris Assange"],"articleSection":["Contenu Original","Culture et M\u00e9dias","Droits humains","International","Interviews","Politique"],"inLanguage":"fr-FR"},{"@type":"WebPage","@id":"https:\/\/www.pressenza.com\/fr\/2023\/03\/stella-moris-assange-retourner-les-projecteurs-sur-les-etats-unis\/","url":"https:\/\/www.pressenza.com\/fr\/2023\/03\/stella-moris-assange-retourner-les-projecteurs-sur-les-etats-unis\/","name":"Stella Moris Assange : Retourner les projecteurs sur les \u00c9tats-Unis","isPartOf":{"@id":"https:\/\/www.pressenza.com\/fr\/#website"},"primaryImageOfPage":{"@id":"https:\/\/www.pressenza.com\/fr\/2023\/03\/stella-moris-assange-retourner-les-projecteurs-sur-les-etats-unis\/#primaryimage"},"image":{"@id":"https:\/\/www.pressenza.com\/fr\/2023\/03\/stella-moris-assange-retourner-les-projecteurs-sur-les-etats-unis\/#primaryimage"},"thumbnailUrl":"https:\/\/www.pressenza.com\/wp-content\/uploads\/2023\/03\/stella-moris-assange.png","datePublished":"2023-03-30T14:17:27+00:00","description":"Il y a quelques semaines, Stella Moris Assange, avocate et partenaire de Julian Assange, est venue en Gr\u00e8ce. L'occasion \u00e9tait la projection du","breadcrumb":{"@id":"https:\/\/www.pressenza.com\/fr\/2023\/03\/stella-moris-assange-retourner-les-projecteurs-sur-les-etats-unis\/#breadcrumb"},"inLanguage":"fr-FR","potentialAction":[{"@type":"ReadAction","target":["https:\/\/www.pressenza.com\/fr\/2023\/03\/stella-moris-assange-retourner-les-projecteurs-sur-les-etats-unis\/"]}]},{"@type":"ImageObject","inLanguage":"fr-FR","@id":"https:\/\/www.pressenza.com\/fr\/2023\/03\/stella-moris-assange-retourner-les-projecteurs-sur-les-etats-unis\/#primaryimage","url":"https:\/\/www.pressenza.com\/wp-content\/uploads\/2023\/03\/stella-moris-assange.png","contentUrl":"https:\/\/www.pressenza.com\/wp-content\/uploads\/2023\/03\/stella-moris-assange.png","width":1920,"height":1080,"caption":"Stella Morris Assange"},{"@type":"BreadcrumbList","@id":"https:\/\/www.pressenza.com\/fr\/2023\/03\/stella-moris-assange-retourner-les-projecteurs-sur-les-etats-unis\/#breadcrumb","itemListElement":[{"@type":"ListItem","position":1,"name":"Accueil","item":"https:\/\/www.pressenza.com\/fr\/"},{"@type":"ListItem","position":2,"name":"Stella Moris Assange : Retourner les projecteurs sur les \u00c9tats-Unis"}]},{"@type":"WebSite","@id":"https:\/\/www.pressenza.com\/fr\/#website","url":"https:\/\/www.pressenza.com\/fr\/","name":"Pressenza","description":"International Press Agency","publisher":{"@id":"https:\/\/www.pressenza.com\/fr\/#organization"},"potentialAction":[{"@type":"SearchAction","target":{"@type":"EntryPoint","urlTemplate":"https:\/\/www.pressenza.com\/fr\/?s={search_term_string}"},"query-input":{"@type":"PropertyValueSpecification","valueRequired":true,"valueName":"search_term_string"}}],"inLanguage":"fr-FR"},{"@type":"Organization","@id":"https:\/\/www.pressenza.com\/fr\/#organization","name":"Pressenza","url":"https:\/\/www.pressenza.com\/fr\/","logo":{"@type":"ImageObject","inLanguage":"fr-FR","@id":"https:\/\/www.pressenza.com\/fr\/#\/schema\/logo\/image\/","url":"https:\/\/www.pressenza.com\/wp-content\/uploads\/2022\/10\/pressenza_logo_200x200.jpg","contentUrl":"https:\/\/www.pressenza.com\/wp-content\/uploads\/2022\/10\/pressenza_logo_200x200.jpg","width":200,"height":200,"caption":"Pressenza"},"image":{"@id":"https:\/\/www.pressenza.com\/fr\/#\/schema\/logo\/image\/"},"sameAs":["https:\/\/www.facebook.com\/PressenzaItalia","https:\/\/x.com\/PressenzaIPA"]},{"@type":"Person","@id":"https:\/\/www.pressenza.com\/fr\/#\/schema\/person\/9eae8d7f0aad5ec6a7f6f21ec94480fb","name":"Pressenza Athens","description":"News from the Pressenza Bureau in Athens, Greece","sameAs":["https:\/\/www.facebook.com\/pressenzagr\/","https:\/\/x.com\/Pressenza_ath"],"url":"https:\/\/www.pressenza.com\/fr\/author\/pressenza-athens\/"}]}},"place":"Ath\u00e8nes, Gr\u00e8ce","original_article_url":"","_links":{"self":[{"href":"https:\/\/www.pressenza.com\/fr\/wp-json\/wp\/v2\/posts\/1729046","targetHints":{"allow":["GET"]}}],"collection":[{"href":"https:\/\/www.pressenza.com\/fr\/wp-json\/wp\/v2\/posts"}],"about":[{"href":"https:\/\/www.pressenza.com\/fr\/wp-json\/wp\/v2\/types\/post"}],"author":[{"embeddable":true,"href":"https:\/\/www.pressenza.com\/fr\/wp-json\/wp\/v2\/users\/1220"}],"replies":[{"embeddable":true,"href":"https:\/\/www.pressenza.com\/fr\/wp-json\/wp\/v2\/comments?post=1729046"}],"version-history":[{"count":0,"href":"https:\/\/www.pressenza.com\/fr\/wp-json\/wp\/v2\/posts\/1729046\/revisions"}],"wp:featuredmedia":[{"embeddable":true,"href":"https:\/\/www.pressenza.com\/fr\/wp-json\/wp\/v2\/media\/1729049"}],"wp:attachment":[{"href":"https:\/\/www.pressenza.com\/fr\/wp-json\/wp\/v2\/media?parent=1729046"}],"wp:term":[{"taxonomy":"category","embeddable":true,"href":"https:\/\/www.pressenza.com\/fr\/wp-json\/wp\/v2\/categories?post=1729046"},{"taxonomy":"post_tag","embeddable":true,"href":"https:\/\/www.pressenza.com\/fr\/wp-json\/wp\/v2\/tags?post=1729046"}],"curies":[{"name":"wp","href":"https:\/\/api.w.org\/{rel}","templated":true}]}}